{"id":3998,"date":"2010-01-14T16:29:46","date_gmt":"2010-01-14T13:29:46","guid":{"rendered":"http:\/\/localhost\/wordpress\/2010\/01\/14\/ama-sen-iceriye-girdigin-andan-itibaren-ne-kadar-yalniz-oldugumu-anladim-yunan-filozof-hikayeleri\/"},"modified":"2010-01-14T16:29:46","modified_gmt":"2010-01-14T13:29:46","slug":"ama-sen-iceriye-girdigin-andan-itibaren-ne-kadar-yalniz-oldugumu-anladim-yunan-filozof-hikayeleri","status":"publish","type":"post","link":"https:\/\/narteks.net\/index.php\/2010\/01\/14\/ama-sen-iceriye-girdigin-andan-itibaren-ne-kadar-yalniz-oldugumu-anladim-yunan-filozof-hikayeleri\/","title":{"rendered":"Ama sen i\u00e7eriye girdi\u011fin andan itibaren ne kadar yaln\u0131z oldu\u011fumu anlad\u0131m | Yunan Filozof hikayeleri"},"content":{"rendered":"<p style=\"text-align: justify;\"><strong><img loading=\"lazy\" decoding=\"async\" src=\"http:\/\/www.ozgunresimler.com\/data\/media\/893\/philosoph.jpg\" border=\"0\" width=\"155\" height=\"205\" style=\"float: left;\" \/><\/strong>Eski Yunan filozoflar\u0131n\u0131n d\u00fcnya ve topluma ait yorumlar\u0131n\u0131n yan\u0131nda, yine `insan ili\u015fkilerine\u00a0 dair onlarca hikayesi , y\u00fczlerce y\u0131ld\u0131r anlat\u0131la anlat\u0131la g\u00fcn\u00fcm\u00fcze kadar ula\u015fm\u0131\u015ft\u0131r . Bunlar\u0131n en \u00fcnl\u00fcleri B\u00fcy\u00fck \u0130skender`e `G\u00f6lge etme ba\u015fka ihsan istemem` diyen Diogenes`e (Diyojen) aittir. Bu kadar \u00fcnl\u00fc olmasa da hala yaz\u0131lan, aktar\u0131lan bir\u00e7ok k\u0131sa hikayede yine insan\u0131n durumlar\u0131 ayn\u0131d\u0131r.<\/p>\n<p style=\"text-align: justify;\"><strong>*<\/strong>Kral Dionysios, Aristippos`a sorar: `Nedendir acaba, her g\u00fcn filozoflar h\u00fck\u00fcmdarlar\u0131 ziyaret ederler de, hi\u00e7bir h\u00fck\u00fcmdar kalk\u0131p bir filozofu ziyarete gitmez?` Aristippos, `Bunda \u015fa\u015facak bir \u015fey yok h\u00fck\u00fcmdar\u0131m` der, `Hekimler, yata\u011f\u0131ndan kalkamayacak durumdaki hastalara giderler, \u00e7\u00fcnk\u00fc o hastalar\u0131n hekimlere gitmeleri m\u00fcmk\u00fcn de\u011fildir..<\/p>\n<p style=\"text-align: justify;\"><strong>*<\/strong>K\u0131br\u0131s Kral\u0131 Nikokreon`un sofras\u0131nda sokrates hi\u00e7 konu\u015fmadan oturur dururmu\u015f. Neden b\u00f6yle sessizce oturdu\u011funu soracak olmu\u015flar. \u015e\u00f6yle demi\u015f filozof: `Buras\u0131 benim s\u00f6yleyeceklerimin yeri de\u011fil; burada s\u00f6ylenmesi gerekenleri de ben bilmiyorum, o y\u00fczden susuyorum.<br \/><strong><\/strong><\/p>\n<p style=\"text-align: justify;\"><strong>*<\/strong>Aisopos (Esop) evinde \u00e7al\u0131\u015f\u0131rken, bir asil kap\u0131y\u0131 vurmadan i\u00e7eri girer ve kitaplar\u0131na e\u011filmi\u015f filozofa, `B\u00f6yle yapayaln\u0131z nas\u0131l oturabiliyorsun` der. Aisopos ba\u015f\u0131n\u0131 kald\u0131r\u0131r, `Ben yaln\u0131z falan de\u011fildim` der, `ama sen i\u00e7eriye girdi\u011fin andan itibaren ne kadar yaln\u0131z oldu\u011fumu anlad\u0131m.<\/p>\n<p style=\"text-align: justify;\"><strong>*<\/strong>Xenocrates (Zenon) bir \u00f6\u011frencisiyle konu\u015fuyor, o ne derse \u00f6\u011frencisi s\u00fcrekli onayl\u0131yormu\u015f. Filozofun sabr\u0131 t\u00fckenmi\u015f ve ba\u011f\u0131rm\u0131\u015f: `Hi\u00e7 olmazsa bir kere itiraz et, ba\u015fka bir fikir s\u00f6yle de iki ki\u015fi oldu\u011fumuzu anlayay\u0131m..<\/p>\n<p style=\"text-align: justify;\"><strong>*<\/strong>Atina`da \u00f6nemli bir tart\u0131\u015fma yap\u0131l\u0131rken k\u00fcrs\u00fcye Demostenes \u00e7\u0131kar, ancak dinleyiciler s\u00fcrekli kendi aralar\u0131nda konu\u015fmakta, filozofu dinlememektedir. Demostenes, `Bir hikaye anlat\u0131p inece\u011fim` der ve anlatmaya ba\u015flar: `Uzun zaman \u00f6nceydi, bir delikanl\u0131 Atina`dan Megara`ya gitmek i\u00e7in bir e\u015fek kiralam\u0131\u015ft\u0131. E\u015fe\u011fini kiraya veren adam\u0131n da Megara`da i\u015fi vard\u0131, beraber yola d\u00fc\u015ft\u00fcler. Konu\u015fa konu\u015fa giderlerken \u00f6\u011fle s\u0131ca\u011f\u0131 bast\u0131rd\u0131, biraz dinlenmek ve \u00f6\u011fle yeme\u011fi yemek i\u00e7in bir su ba\u015f\u0131na \u00e7\u00f6kt\u00fcler. Ama ortal\u0131kta hi\u00e7 g\u00f6lgelik yoktu ve e\u015fe\u011fin sahibi yeme\u011fini al\u0131p e\u015fe\u011finin g\u00f6lgesine s\u0131\u011f\u0131nd\u0131. E\u015fe\u011fi kiralayan gen\u00e7 buna i\u00e7erledi, `Sen \u00e7ekil g\u00f6lgede ben oturaca\u011f\u0131m` dedi. Beriki itiraz etti: `Ben oturaca\u011f\u0131m, \u00e7\u00fcnk\u00fc e\u015fek benim.` Delikanl\u0131 Ama ben e\u015fe\u011fi kiralad\u0131m` deyince, e\u015fe\u011fin sahibinden `Ben sana e\u015fe\u011fi kiralad\u0131m g\u00f6lgesini de\u011fil` cevab\u0131n\u0131 ald\u0131 ve aralar\u0131nda kavga \u00e7\u0131kt\u0131.` Hikayenin tam buras\u0131nda Demostenes k\u00fcrs\u00fcden iner y\u00fcr\u00fcmeye ba\u015flar. Dinleyiciler, `Sonunda ne oldu, sonunu anlat` diye ba\u011fr\u0131\u015fmaya ba\u015flay\u0131nca Demostenes k\u00fcrs\u00fcye d\u00f6ner: `Sizin i\u00e7in \u00e7ok \u00f6nemli bir konuda bir \u015feyler anlatmaya \u00e7al\u0131\u015ft\u0131m, dinlemediniz. \u015eimdi ise e\u015fe\u011fin g\u00f6lgesini merak ediyorsunuz. Ne fikrimi s\u00f6yleyece\u011fim ne de e\u015fe\u011fin g\u00f6lgesine ne oldu\u011funu&#8230;K\u00fcrs\u00fcden iner, y\u00fcr\u00fcr gider.<\/p>\n<p style=\"text-align: justify;\"><strong>*<\/strong>Atina halk\u0131, y\u00f6neticilerinden fena halde \u015fikayet\u00e7iydi, ama onlar\u0131 nas\u0131l g\u00f6ndereceklerini bir t\u00fcrl\u00fc bilemiyorlard\u0131. Tart\u0131\u015fmalar\u0131n sonunda somut bir fikir \u00e7\u0131km\u0131yordu. Bir g\u00fcn Antisthenes k\u00fcrs\u00fcye \u00e7\u0131kt\u0131: `Atinal\u0131lar size bir teklifim var: Hemen bir kararname \u00e7\u0131kar\u0131p b\u00fct\u00fcn e\u015feklerin at oldu\u011funu ilan edin. Bundan sonra da e\u015feklere e\u015fek demeyin, hep at deyin.` Biri sorar: `Peki bunun bize ne faydas\u0131 var?` Antisthenes cevap verir: `Ne demek ne faydas\u0131 var? Yeni y\u00f6netici konusunda anla\u015famad\u0131\u011f\u0131n\u0131za g\u00f6re, \u00e7\u00f6z\u00fcm bulunana kadar e\u015fekler taraf\u0131ndan y\u00f6netilmek utanc\u0131ndan kurtulmu\u015f oluruz.<\/p>\n","protected":false},"excerpt":{"rendered":"<p>Eski Yunan filozoflar\u0131n\u0131n d\u00fcnya ve topluma ait yorumlar\u0131n\u0131n yan\u0131nda, yine `insan ili\u015fkilerine\u00a0 dair onlarca hikayesi , y\u00fczlerce y\u0131ld\u0131r anlat\u0131la anlat\u0131la g\u00fcn\u00fcm\u00fcze kadar ula\u015fm\u0131\u015ft\u0131r . Bunlar\u0131n en \u00fcnl\u00fcleri B\u00fcy\u00fck \u0130skender`e `G\u00f6lge etme ba\u015fka ihsan istemem` diyen Diogenes`e (Diyojen) aittir. Bu kadar \u00fcnl\u00fc olmasa da hala yaz\u0131lan, aktar\u0131lan bir\u00e7ok k\u0131sa hikayede yine insan\u0131n durumlar\u0131 ayn\u0131d\u0131r. *Kral Dionysios, [&hellip;]<\/p>\n","protected":false},"author":1,"featured_media":0,"comment_status":"open","ping_status":"open","sticky":false,"template":"","format":"standard","meta":{"footnotes":""},"categories":[103],"tags":[],"class_list":{"0":"post-3998","1":"post","2":"type-post","3":"status-publish","4":"format-standard","6":"category-felsefe-genel"},"yoast_head":"<!-- This site is optimized with the Yoast SEO Premium plugin v24.9 (Yoast SEO v24.9) - https:\/\/yoast.com\/wordpress\/plugins\/seo\/ -->\n<title>Ama sen i\u00e7eriye girdi\u011fin andan itibaren ne kadar yaln\u0131z oldu\u011fumu anlad\u0131m | Yunan Filozof hikayeleri - narteks.net<\/title>\n<meta name=\"robots\" content=\"index, follow, max-snippet:-1, max-image-preview:large, max-video-preview:-1\" \/>\n<link rel=\"canonical\" href=\"https:\/\/narteks.net\/index.php\/2010\/01\/14\/ama-sen-iceriye-girdigin-andan-itibaren-ne-kadar-yalniz-oldugumu-anladim-yunan-filozof-hikayeleri\/\" \/>\n<meta property=\"og:locale\" content=\"tr_TR\" \/>\n<meta property=\"og:type\" content=\"article\" \/>\n<meta property=\"og:title\" content=\"Ama sen i\u00e7eriye girdi\u011fin andan itibaren ne kadar yaln\u0131z oldu\u011fumu anlad\u0131m | Yunan Filozof hikayeleri\" \/>\n<meta property=\"og:description\" content=\"Eski Yunan filozoflar\u0131n\u0131n d\u00fcnya ve topluma ait yorumlar\u0131n\u0131n yan\u0131nda, yine `insan ili\u015fkilerine\u00a0 dair onlarca hikayesi , y\u00fczlerce y\u0131ld\u0131r anlat\u0131la anlat\u0131la g\u00fcn\u00fcm\u00fcze kadar ula\u015fm\u0131\u015ft\u0131r . Bunlar\u0131n en \u00fcnl\u00fcleri B\u00fcy\u00fck \u0130skender`e `G\u00f6lge etme ba\u015fka ihsan istemem` diyen Diogenes`e (Diyojen) aittir. Bu kadar \u00fcnl\u00fc olmasa da hala yaz\u0131lan, aktar\u0131lan bir\u00e7ok k\u0131sa hikayede yine insan\u0131n durumlar\u0131 ayn\u0131d\u0131r. *Kral Dionysios, [&hellip;]\" \/>\n<meta property=\"og:url\" content=\"https:\/\/narteks.net\/index.php\/2010\/01\/14\/ama-sen-iceriye-girdigin-andan-itibaren-ne-kadar-yalniz-oldugumu-anladim-yunan-filozof-hikayeleri\/\" \/>\n<meta property=\"og:site_name\" content=\"narteks.net\" \/>\n<meta property=\"article:published_time\" content=\"2010-01-14T13:29:46+00:00\" \/>\n<meta property=\"og:image\" content=\"http:\/\/www.ozgunresimler.com\/data\/media\/893\/philosoph.jpg\" \/>\n<meta name=\"author\" content=\"Tar\u0131k\" \/>\n<meta name=\"twitter:card\" content=\"summary_large_image\" \/>\n<meta name=\"twitter:creator\" content=\"@narteks\" \/>\n<meta name=\"twitter:site\" content=\"@narteks\" \/>\n<meta name=\"twitter:label1\" content=\"Yazan:\" \/>\n\t<meta name=\"twitter:data1\" content=\"Tar\u0131k\" \/>\n\t<meta name=\"twitter:label2\" content=\"Tahmini okuma s\u00fcresi\" \/>\n\t<meta name=\"twitter:data2\" content=\"3 dakika\" \/>\n<script type=\"application\/ld+json\" class=\"yoast-schema-graph\">{\"@context\":\"https:\/\/schema.org\",\"@graph\":[{\"@type\":\"Article\",\"@id\":\"https:\/\/narteks.net\/index.php\/2010\/01\/14\/ama-sen-iceriye-girdigin-andan-itibaren-ne-kadar-yalniz-oldugumu-anladim-yunan-filozof-hikayeleri\/#article\",\"isPartOf\":{\"@id\":\"https:\/\/narteks.net\/index.php\/2010\/01\/14\/ama-sen-iceriye-girdigin-andan-itibaren-ne-kadar-yalniz-oldugumu-anladim-yunan-filozof-hikayeleri\/\"},\"author\":{\"name\":\"Tar\u0131k\",\"@id\":\"https:\/\/narteks.net\/#\/schema\/person\/61f37d9834294b72d31d274e7ed79bca\"},\"headline\":\"Ama sen i\u00e7eriye girdi\u011fin andan itibaren ne kadar yaln\u0131z oldu\u011fumu anlad\u0131m | Yunan Filozof hikayeleri\",\"datePublished\":\"2010-01-14T13:29:46+00:00\",\"mainEntityOfPage\":{\"@id\":\"https:\/\/narteks.net\/index.php\/2010\/01\/14\/ama-sen-iceriye-girdigin-andan-itibaren-ne-kadar-yalniz-oldugumu-anladim-yunan-filozof-hikayeleri\/\"},\"wordCount\":666,\"commentCount\":0,\"publisher\":{\"@id\":\"https:\/\/narteks.net\/#organization\"},\"image\":{\"@id\":\"https:\/\/narteks.net\/index.php\/2010\/01\/14\/ama-sen-iceriye-girdigin-andan-itibaren-ne-kadar-yalniz-oldugumu-anladim-yunan-filozof-hikayeleri\/#primaryimage\"},\"thumbnailUrl\":\"http:\/\/www.ozgunresimler.com\/data\/media\/893\/philosoph.jpg\",\"articleSection\":[\"Felsefe (Genel)\"],\"inLanguage\":\"tr\",\"potentialAction\":[{\"@type\":\"CommentAction\",\"name\":\"Comment\",\"target\":[\"https:\/\/narteks.net\/index.php\/2010\/01\/14\/ama-sen-iceriye-girdigin-andan-itibaren-ne-kadar-yalniz-oldugumu-anladim-yunan-filozof-hikayeleri\/#respond\"]}]},{\"@type\":\"WebPage\",\"@id\":\"https:\/\/narteks.net\/index.php\/2010\/01\/14\/ama-sen-iceriye-girdigin-andan-itibaren-ne-kadar-yalniz-oldugumu-anladim-yunan-filozof-hikayeleri\/\",\"url\":\"https:\/\/narteks.net\/index.php\/2010\/01\/14\/ama-sen-iceriye-girdigin-andan-itibaren-ne-kadar-yalniz-oldugumu-anladim-yunan-filozof-hikayeleri\/\",\"name\":\"Ama sen i\u00e7eriye girdi\u011fin andan itibaren ne kadar yaln\u0131z oldu\u011fumu anlad\u0131m | Yunan Filozof hikayeleri - narteks.net\",\"isPartOf\":{\"@id\":\"https:\/\/narteks.net\/#website\"},\"primaryImageOfPage\":{\"@id\":\"https:\/\/narteks.net\/index.php\/2010\/01\/14\/ama-sen-iceriye-girdigin-andan-itibaren-ne-kadar-yalniz-oldugumu-anladim-yunan-filozof-hikayeleri\/#primaryimage\"},\"image\":{\"@id\":\"https:\/\/narteks.net\/index.php\/2010\/01\/14\/ama-sen-iceriye-girdigin-andan-itibaren-ne-kadar-yalniz-oldugumu-anladim-yunan-filozof-hikayeleri\/#primaryimage\"},\"thumbnailUrl\":\"http:\/\/www.ozgunresimler.com\/data\/media\/893\/philosoph.jpg\",\"datePublished\":\"2010-01-14T13:29:46+00:00\",\"breadcrumb\":{\"@id\":\"https:\/\/narteks.net\/index.php\/2010\/01\/14\/ama-sen-iceriye-girdigin-andan-itibaren-ne-kadar-yalniz-oldugumu-anladim-yunan-filozof-hikayeleri\/#breadcrumb\"},\"inLanguage\":\"tr\",\"potentialAction\":[{\"@type\":\"ReadAction\",\"target\":[\"https:\/\/narteks.net\/index.php\/2010\/01\/14\/ama-sen-iceriye-girdigin-andan-itibaren-ne-kadar-yalniz-oldugumu-anladim-yunan-filozof-hikayeleri\/\"]}]},{\"@type\":\"ImageObject\",\"inLanguage\":\"tr\",\"@id\":\"https:\/\/narteks.net\/index.php\/2010\/01\/14\/ama-sen-iceriye-girdigin-andan-itibaren-ne-kadar-yalniz-oldugumu-anladim-yunan-filozof-hikayeleri\/#primaryimage\",\"url\":\"http:\/\/www.ozgunresimler.com\/data\/media\/893\/philosoph.jpg\",\"contentUrl\":\"http:\/\/www.ozgunresimler.com\/data\/media\/893\/philosoph.jpg\"},{\"@type\":\"BreadcrumbList\",\"@id\":\"https:\/\/narteks.net\/index.php\/2010\/01\/14\/ama-sen-iceriye-girdigin-andan-itibaren-ne-kadar-yalniz-oldugumu-anladim-yunan-filozof-hikayeleri\/#breadcrumb\",\"itemListElement\":[{\"@type\":\"ListItem\",\"position\":1,\"name\":\"Anasayfa\",\"item\":\"https:\/\/narteks.net\/\"},{\"@type\":\"ListItem\",\"position\":2,\"name\":\"Ama sen i\u00e7eriye girdi\u011fin andan itibaren ne kadar yaln\u0131z oldu\u011fumu anlad\u0131m | Yunan Filozof hikayeleri\"}]},{\"@type\":\"WebSite\",\"@id\":\"https:\/\/narteks.net\/#website\",\"url\":\"https:\/\/narteks.net\/\",\"name\":\"narteks.net\",\"description\":\"K\u00fclt\u00fcr Sanat Edebiyat Felsefe\",\"publisher\":{\"@id\":\"https:\/\/narteks.net\/#organization\"},\"alternateName\":\"K\u00fclt\u00fcr Sanat Edebiyat Felsefe\",\"potentialAction\":[{\"@type\":\"SearchAction\",\"target\":{\"@type\":\"EntryPoint\",\"urlTemplate\":\"https:\/\/narteks.net\/?s={search_term_string}\"},\"query-input\":{\"@type\":\"PropertyValueSpecification\",\"valueRequired\":true,\"valueName\":\"search_term_string\"}}],\"inLanguage\":\"tr\"},{\"@type\":\"Organization\",\"@id\":\"https:\/\/narteks.net\/#organization\",\"name\":\"narteks.net\",\"url\":\"https:\/\/narteks.net\/\",\"logo\":{\"@type\":\"ImageObject\",\"inLanguage\":\"tr\",\"@id\":\"https:\/\/narteks.net\/#\/schema\/logo\/image\/\",\"url\":\"https:\/\/narteks.net\/wp-content\/uploads\/narteks.png\",\"contentUrl\":\"https:\/\/narteks.net\/wp-content\/uploads\/narteks.png\",\"width\":300,\"height\":90,\"caption\":\"narteks.net\"},\"image\":{\"@id\":\"https:\/\/narteks.net\/#\/schema\/logo\/image\/\"},\"sameAs\":[\"https:\/\/x.com\/narteks\",\"https:\/\/instagram.com\/narteksnet\"]},{\"@type\":\"Person\",\"@id\":\"https:\/\/narteks.net\/#\/schema\/person\/61f37d9834294b72d31d274e7ed79bca\",\"name\":\"Tar\u0131k\",\"image\":{\"@type\":\"ImageObject\",\"inLanguage\":\"tr\",\"@id\":\"https:\/\/narteks.net\/#\/schema\/person\/image\/\",\"url\":\"https:\/\/secure.gravatar.com\/avatar\/50865afb55632c4ae467e0af0930f6510aa2297d8014be502a55b14f3b7550cf?s=96&d=mm&r=g\",\"contentUrl\":\"https:\/\/secure.gravatar.com\/avatar\/50865afb55632c4ae467e0af0930f6510aa2297d8014be502a55b14f3b7550cf?s=96&d=mm&r=g\",\"caption\":\"Tar\u0131k\"},\"sameAs\":[\"http:\/\/narteks.net\"],\"url\":\"https:\/\/narteks.net\/index.php\/author\/narbak\/\"}]}<\/script>\n<!-- \/ Yoast SEO Premium plugin. -->","yoast_head_json":{"title":"Ama sen i\u00e7eriye girdi\u011fin andan itibaren ne kadar yaln\u0131z oldu\u011fumu anlad\u0131m | Yunan Filozof hikayeleri - narteks.net","robots":{"index":"index","follow":"follow","max-snippet":"max-snippet:-1","max-image-preview":"max-image-preview:large","max-video-preview":"max-video-preview:-1"},"canonical":"https:\/\/narteks.net\/index.php\/2010\/01\/14\/ama-sen-iceriye-girdigin-andan-itibaren-ne-kadar-yalniz-oldugumu-anladim-yunan-filozof-hikayeleri\/","og_locale":"tr_TR","og_type":"article","og_title":"Ama sen i\u00e7eriye girdi\u011fin andan itibaren ne kadar yaln\u0131z oldu\u011fumu anlad\u0131m | Yunan Filozof hikayeleri","og_description":"Eski Yunan filozoflar\u0131n\u0131n d\u00fcnya ve topluma ait yorumlar\u0131n\u0131n yan\u0131nda, yine `insan ili\u015fkilerine\u00a0 dair onlarca hikayesi , y\u00fczlerce y\u0131ld\u0131r anlat\u0131la anlat\u0131la g\u00fcn\u00fcm\u00fcze kadar ula\u015fm\u0131\u015ft\u0131r . Bunlar\u0131n en \u00fcnl\u00fcleri B\u00fcy\u00fck \u0130skender`e `G\u00f6lge etme ba\u015fka ihsan istemem` diyen Diogenes`e (Diyojen) aittir. Bu kadar \u00fcnl\u00fc olmasa da hala yaz\u0131lan, aktar\u0131lan bir\u00e7ok k\u0131sa hikayede yine insan\u0131n durumlar\u0131 ayn\u0131d\u0131r. *Kral Dionysios, [&hellip;]","og_url":"https:\/\/narteks.net\/index.php\/2010\/01\/14\/ama-sen-iceriye-girdigin-andan-itibaren-ne-kadar-yalniz-oldugumu-anladim-yunan-filozof-hikayeleri\/","og_site_name":"narteks.net","article_published_time":"2010-01-14T13:29:46+00:00","og_image":[{"url":"http:\/\/www.ozgunresimler.com\/data\/media\/893\/philosoph.jpg","type":"","width":"","height":""}],"author":"Tar\u0131k","twitter_card":"summary_large_image","twitter_creator":"@narteks","twitter_site":"@narteks","twitter_misc":{"Yazan:":"Tar\u0131k","Tahmini okuma s\u00fcresi":"3 dakika"},"schema":{"@context":"https:\/\/schema.org","@graph":[{"@type":"Article","@id":"https:\/\/narteks.net\/index.php\/2010\/01\/14\/ama-sen-iceriye-girdigin-andan-itibaren-ne-kadar-yalniz-oldugumu-anladim-yunan-filozof-hikayeleri\/#article","isPartOf":{"@id":"https:\/\/narteks.net\/index.php\/2010\/01\/14\/ama-sen-iceriye-girdigin-andan-itibaren-ne-kadar-yalniz-oldugumu-anladim-yunan-filozof-hikayeleri\/"},"author":{"name":"Tar\u0131k","@id":"https:\/\/narteks.net\/#\/schema\/person\/61f37d9834294b72d31d274e7ed79bca"},"headline":"Ama sen i\u00e7eriye girdi\u011fin andan itibaren ne kadar yaln\u0131z oldu\u011fumu anlad\u0131m | Yunan Filozof hikayeleri","datePublished":"2010-01-14T13:29:46+00:00","mainEntityOfPage":{"@id":"https:\/\/narteks.net\/index.php\/2010\/01\/14\/ama-sen-iceriye-girdigin-andan-itibaren-ne-kadar-yalniz-oldugumu-anladim-yunan-filozof-hikayeleri\/"},"wordCount":666,"commentCount":0,"publisher":{"@id":"https:\/\/narteks.net\/#organization"},"image":{"@id":"https:\/\/narteks.net\/index.php\/2010\/01\/14\/ama-sen-iceriye-girdigin-andan-itibaren-ne-kadar-yalniz-oldugumu-anladim-yunan-filozof-hikayeleri\/#primaryimage"},"thumbnailUrl":"http:\/\/www.ozgunresimler.com\/data\/media\/893\/philosoph.jpg","articleSection":["Felsefe (Genel)"],"inLanguage":"tr","potentialAction":[{"@type":"CommentAction","name":"Comment","target":["https:\/\/narteks.net\/index.php\/2010\/01\/14\/ama-sen-iceriye-girdigin-andan-itibaren-ne-kadar-yalniz-oldugumu-anladim-yunan-filozof-hikayeleri\/#respond"]}]},{"@type":"WebPage","@id":"https:\/\/narteks.net\/index.php\/2010\/01\/14\/ama-sen-iceriye-girdigin-andan-itibaren-ne-kadar-yalniz-oldugumu-anladim-yunan-filozof-hikayeleri\/","url":"https:\/\/narteks.net\/index.php\/2010\/01\/14\/ama-sen-iceriye-girdigin-andan-itibaren-ne-kadar-yalniz-oldugumu-anladim-yunan-filozof-hikayeleri\/","name":"Ama sen i\u00e7eriye girdi\u011fin andan itibaren ne kadar yaln\u0131z oldu\u011fumu anlad\u0131m | Yunan Filozof hikayeleri - narteks.net","isPartOf":{"@id":"https:\/\/narteks.net\/#website"},"primaryImageOfPage":{"@id":"https:\/\/narteks.net\/index.php\/2010\/01\/14\/ama-sen-iceriye-girdigin-andan-itibaren-ne-kadar-yalniz-oldugumu-anladim-yunan-filozof-hikayeleri\/#primaryimage"},"image":{"@id":"https:\/\/narteks.net\/index.php\/2010\/01\/14\/ama-sen-iceriye-girdigin-andan-itibaren-ne-kadar-yalniz-oldugumu-anladim-yunan-filozof-hikayeleri\/#primaryimage"},"thumbnailUrl":"http:\/\/www.ozgunresimler.com\/data\/media\/893\/philosoph.jpg","datePublished":"2010-01-14T13:29:46+00:00","breadcrumb":{"@id":"https:\/\/narteks.net\/index.php\/2010\/01\/14\/ama-sen-iceriye-girdigin-andan-itibaren-ne-kadar-yalniz-oldugumu-anladim-yunan-filozof-hikayeleri\/#breadcrumb"},"inLanguage":"tr","potentialAction":[{"@type":"ReadAction","target":["https:\/\/narteks.net\/index.php\/2010\/01\/14\/ama-sen-iceriye-girdigin-andan-itibaren-ne-kadar-yalniz-oldugumu-anladim-yunan-filozof-hikayeleri\/"]}]},{"@type":"ImageObject","inLanguage":"tr","@id":"https:\/\/narteks.net\/index.php\/2010\/01\/14\/ama-sen-iceriye-girdigin-andan-itibaren-ne-kadar-yalniz-oldugumu-anladim-yunan-filozof-hikayeleri\/#primaryimage","url":"http:\/\/www.ozgunresimler.com\/data\/media\/893\/philosoph.jpg","contentUrl":"http:\/\/www.ozgunresimler.com\/data\/media\/893\/philosoph.jpg"},{"@type":"BreadcrumbList","@id":"https:\/\/narteks.net\/index.php\/2010\/01\/14\/ama-sen-iceriye-girdigin-andan-itibaren-ne-kadar-yalniz-oldugumu-anladim-yunan-filozof-hikayeleri\/#breadcrumb","itemListElement":[{"@type":"ListItem","position":1,"name":"Anasayfa","item":"https:\/\/narteks.net\/"},{"@type":"ListItem","position":2,"name":"Ama sen i\u00e7eriye girdi\u011fin andan itibaren ne kadar yaln\u0131z oldu\u011fumu anlad\u0131m | Yunan Filozof hikayeleri"}]},{"@type":"WebSite","@id":"https:\/\/narteks.net\/#website","url":"https:\/\/narteks.net\/","name":"narteks.net","description":"K\u00fclt\u00fcr Sanat Edebiyat Felsefe","publisher":{"@id":"https:\/\/narteks.net\/#organization"},"alternateName":"K\u00fclt\u00fcr Sanat Edebiyat Felsefe","potentialAction":[{"@type":"SearchAction","target":{"@type":"EntryPoint","urlTemplate":"https:\/\/narteks.net\/?s={search_term_string}"},"query-input":{"@type":"PropertyValueSpecification","valueRequired":true,"valueName":"search_term_string"}}],"inLanguage":"tr"},{"@type":"Organization","@id":"https:\/\/narteks.net\/#organization","name":"narteks.net","url":"https:\/\/narteks.net\/","logo":{"@type":"ImageObject","inLanguage":"tr","@id":"https:\/\/narteks.net\/#\/schema\/logo\/image\/","url":"https:\/\/narteks.net\/wp-content\/uploads\/narteks.png","contentUrl":"https:\/\/narteks.net\/wp-content\/uploads\/narteks.png","width":300,"height":90,"caption":"narteks.net"},"image":{"@id":"https:\/\/narteks.net\/#\/schema\/logo\/image\/"},"sameAs":["https:\/\/x.com\/narteks","https:\/\/instagram.com\/narteksnet"]},{"@type":"Person","@id":"https:\/\/narteks.net\/#\/schema\/person\/61f37d9834294b72d31d274e7ed79bca","name":"Tar\u0131k","image":{"@type":"ImageObject","inLanguage":"tr","@id":"https:\/\/narteks.net\/#\/schema\/person\/image\/","url":"https:\/\/secure.gravatar.com\/avatar\/50865afb55632c4ae467e0af0930f6510aa2297d8014be502a55b14f3b7550cf?s=96&d=mm&r=g","contentUrl":"https:\/\/secure.gravatar.com\/avatar\/50865afb55632c4ae467e0af0930f6510aa2297d8014be502a55b14f3b7550cf?s=96&d=mm&r=g","caption":"Tar\u0131k"},"sameAs":["http:\/\/narteks.net"],"url":"https:\/\/narteks.net\/index.php\/author\/narbak\/"}]}},"_links":{"self":[{"href":"https:\/\/narteks.net\/index.php\/wp-json\/wp\/v2\/posts\/3998","targetHints":{"allow":["GET"]}}],"collection":[{"href":"https:\/\/narteks.net\/index.php\/wp-json\/wp\/v2\/posts"}],"about":[{"href":"https:\/\/narteks.net\/index.php\/wp-json\/wp\/v2\/types\/post"}],"author":[{"embeddable":true,"href":"https:\/\/narteks.net\/index.php\/wp-json\/wp\/v2\/users\/1"}],"replies":[{"embeddable":true,"href":"https:\/\/narteks.net\/index.php\/wp-json\/wp\/v2\/comments?post=3998"}],"version-history":[{"count":0,"href":"https:\/\/narteks.net\/index.php\/wp-json\/wp\/v2\/posts\/3998\/revisions"}],"wp:attachment":[{"href":"https:\/\/narteks.net\/index.php\/wp-json\/wp\/v2\/media?parent=3998"}],"wp:term":[{"taxonomy":"category","embeddable":true,"href":"https:\/\/narteks.net\/index.php\/wp-json\/wp\/v2\/categories?post=3998"},{"taxonomy":"post_tag","embeddable":true,"href":"https:\/\/narteks.net\/index.php\/wp-json\/wp\/v2\/tags?post=3998"}],"curies":[{"name":"wp","href":"https:\/\/api.w.org\/{rel}","templated":true}]}}