{"id":40,"date":"2009-02-27T14:14:33","date_gmt":"2009-02-27T11:14:33","guid":{"rendered":"http:\/\/localhost\/wordpress\/2009\/02\/27\/yanliz-degiliz\/"},"modified":"2009-02-27T14:14:33","modified_gmt":"2009-02-27T11:14:33","slug":"yanliz-degiliz","status":"publish","type":"post","link":"https:\/\/narteks.net\/index.php\/2009\/02\/27\/yanliz-degiliz\/","title":{"rendered":"YANLIZ DEGILIZ"},"content":{"rendered":"<p>\u00a0<\/p>\n<p><span>Bir ufka vard\u0131k ki art\u0131k<br \/> Yaln\u0131z de\u011filiz sevgilim.<br \/> Ger\u00e7i gece uzun,<br \/> Gece karanl\u0131k<br \/> Ama b\u00fct\u00fcn korkulardan uzak.<br \/> Bir sevdad\u0131r b\u00f6ylesine ya\u015famak,<br \/> Tek ba\u015f\u0131na<br \/> \u00d6l\u00fcme bir soluk kala,<br \/> Tek ba\u015f\u0131na<br \/> Zindanda yatarken bile,<br \/> Asla yaln\u0131z kalmamak.<\/p>\n<p> \u015eafaklar\u0131 ben bal\u0131\u011fa \u00e7\u0131kar\u0131m<br \/> Akan akmayan sularda<br \/> Benim, b\u00fct\u00fcn tezgahlarda paydosa giden   <br \/> Bir bahar ak\u015fam\u0131 d\u00fcnyada.<br \/> Ben d\u00f6rt duvar aras\u0131nda de\u011filim<br \/> Pirin\u00e7te, pamukta ve t\u00fct\u00fcndeyim,<br \/> Karacada\u011f, \u00c7ukurova ve Cibalide.<\/p>\n<p> Zehirli k\u00f6r y\u0131lanlar\u0131<br \/> Ve s\u0131tmas\u0131yla<br \/> G\u00fcn yirmid\u00f6rt saat insan av\u0131nda<br \/> Karacada\u011fda \u00e7eltikler.<br \/> Bir k\u0131z \u00e7ocu\u011funun g\u00f6zya\u015f\u0131 gibi<br \/> &#8211;  Ayak bileklerinde bir dizi boncuk,<br \/> Sol omzunda nazarl\u0131k,<br \/> Da\u011f ba\u015f\u0131nda unutulmu\u015f \u00fc\u015f\u00fcm\u00fc\u015f,<br \/> Minicik bir a\u015firet k\u0131z\u0131n\u0131n  &#8211;<br \/> Damla-damla, berrak olur pirinci.<br \/> Kamyonlarla, kat\u0131r kervanlar\u0131yla<br \/> Beyler sofras\u0131na gider&#8230;<\/p>\n<p> \u00c7ukurovam,<br \/> Kunda\u011f\u0131m\u0131z, kefen bezimiz<br \/> Kan\u0131 esmer, y\u00fcz\u00fc ak.<br \/> S\u0131ca\u011f\u0131nda sab\u0131r ta\u015flar\u0131 \u00e7atlar,<br \/> \u00c7atlamaz \u0131rgad\u0131n y\u00fcre\u011fi.<br \/> Dilerse buluttan ak,<br \/> K\u00f6p\u00fckten yumu\u015fak verir pamu\u011fu.<br \/> K\u00fclhan, kavgac\u0131d\u0131r delikanl\u0131s\u0131,<br \/> \u00dcnl\u00fc mahpusanelerinde Anadolumun<br \/> En \u00e7ok \u00c7ukuroval\u0131lar mahpustur,<br \/> Dostuna yaras\u0131n\u0131 g\u00f6sterir gibi,<br \/> Bir salk\u0131m s\u00f6\u011f\u00fcde su verir gibi,<br \/> \u00d6yle i\u00e7ten<br \/> \u00d6yle derin,<br \/> T\u00fcrk\u00fc s\u00f6ylemek, k\u00fcfretmek,<br \/> \u00c7ukurova yi\u011fidine mahsustur&#8230;<\/p>\n<p> T\u00fct\u00fcn\u00fc bilir misin?<br \/> &#8220;K\u0131z sa\u00e7\u0131&#8221; demi\u015f zeybekler,<br \/> Su i\u00e7mez her damardan,<br \/> Yerini kolay be\u011fenmez,<br \/> \u00dc\u015f\u00fcr<br \/> Naz eder,<br \/> Dar\u0131l\u0131r<br \/> \u0130ki parmak aras\u0131nda k\u0131y\u0131lm\u0131\u015f,<br \/> Bir par\u00e7as\u0131 var kalbimin<br \/> \u0130ncecik, ak ka\u011f\u0131tlara sar\u0131l\u0131r,<br \/> Dar vakit yanar da verir kendini.<br \/> Dostun susan duda\u011f\u0131na&#8230;<\/p>\n<p> Sokaklardan,<br \/> K\u0131y\u0131lardan,<br \/> G\u00f6k mavisinden,<br \/> Ekme\u011finden,<br \/> Canevinden ayr\u0131 d\u00fc\u015fmeye<br \/> Yani b\u00fct\u00fcn hasretlerin kahr\u0131na<br \/> Ve zehrine \u00e7aresiz kalmalar\u0131n, <br \/> \u0130lk nefesi H\u0131z\u0131r gibi yeti\u015fir<br \/> Cibalide sar\u0131lan c\u0131garan\u0131n&#8230;<\/p>\n<p> T\u00fct\u00fcn i\u015f\u00e7ileri yoksul,<br \/> T\u00fct\u00fcn i\u015f\u00e7ileri yorgun,<br \/> Ama yi\u011fit<br \/> P\u0131r\u0131l &#8211; p\u0131r\u0131l namuslu.<br \/> Nam\u0131 gitmi\u015f deryalar\u0131n ard\u0131na<br \/> Vatan\u0131m\u0131n bir umudu.. <\/span><\/p>\n<p>Ahmed AR\u0130F<\/p>\n","protected":false},"excerpt":{"rendered":"<p>\u00a0 Bir ufka vard\u0131k ki art\u0131k Yaln\u0131z de\u011filiz sevgilim. Ger\u00e7i gece uzun, Gece karanl\u0131k Ama b\u00fct\u00fcn korkulardan uzak. Bir sevdad\u0131r b\u00f6ylesine ya\u015famak, Tek ba\u015f\u0131na \u00d6l\u00fcme bir soluk kala, Tek ba\u015f\u0131na Zindanda yatarken bile, Asla yaln\u0131z kalmamak. \u015eafaklar\u0131 ben bal\u0131\u011fa \u00e7\u0131kar\u0131m Akan akmayan sularda Benim, b\u00fct\u00fcn tezgahlarda paydosa giden Bir bahar ak\u015fam\u0131 d\u00fcnyada. Ben d\u00f6rt duvar [&hellip;]<\/p>\n","protected":false},"author":1,"featured_media":0,"comment_status":"open","ping_status":"open","sticky":false,"template":"","format":"standard","meta":{"footnotes":""},"categories":[179],"tags":[],"class_list":{"0":"post-40","1":"post","2":"type-post","3":"status-publish","4":"format-standard","6":"category-ahmed-arif"},"yoast_head":"<!-- This site is optimized with the Yoast SEO Premium plugin v24.9 (Yoast SEO v24.9) - https:\/\/yoast.com\/wordpress\/plugins\/seo\/ -->\n<title>YANLIZ DEGILIZ - narteks.net<\/title>\n<meta name=\"robots\" content=\"index, follow, max-snippet:-1, max-image-preview:large, max-video-preview:-1\" \/>\n<link rel=\"canonical\" href=\"https:\/\/narteks.net\/index.php\/2009\/02\/27\/yanliz-degiliz\/\" \/>\n<meta property=\"og:locale\" content=\"tr_TR\" \/>\n<meta property=\"og:type\" content=\"article\" \/>\n<meta property=\"og:title\" content=\"YANLIZ DEGILIZ\" \/>\n<meta property=\"og:description\" content=\"\u00a0 Bir ufka vard\u0131k ki art\u0131k Yaln\u0131z de\u011filiz sevgilim. Ger\u00e7i gece uzun, Gece karanl\u0131k Ama b\u00fct\u00fcn korkulardan uzak. Bir sevdad\u0131r b\u00f6ylesine ya\u015famak, Tek ba\u015f\u0131na \u00d6l\u00fcme bir soluk kala, Tek ba\u015f\u0131na Zindanda yatarken bile, Asla yaln\u0131z kalmamak. \u015eafaklar\u0131 ben bal\u0131\u011fa \u00e7\u0131kar\u0131m Akan akmayan sularda Benim, b\u00fct\u00fcn tezgahlarda paydosa giden Bir bahar ak\u015fam\u0131 d\u00fcnyada. Ben d\u00f6rt duvar [&hellip;]\" \/>\n<meta property=\"og:url\" content=\"https:\/\/narteks.net\/index.php\/2009\/02\/27\/yanliz-degiliz\/\" \/>\n<meta property=\"og:site_name\" content=\"narteks.net\" \/>\n<meta property=\"article:published_time\" content=\"2009-02-27T11:14:33+00:00\" \/>\n<meta property=\"og:image\" content=\"https:\/\/narteks.net\/wp-content\/uploads\/narteks.png\" \/>\n\t<meta property=\"og:image:width\" content=\"300\" \/>\n\t<meta property=\"og:image:height\" content=\"90\" \/>\n\t<meta property=\"og:image:type\" content=\"image\/png\" \/>\n<meta name=\"author\" content=\"Tar\u0131k\" \/>\n<meta name=\"twitter:card\" content=\"summary_large_image\" \/>\n<meta name=\"twitter:creator\" content=\"@narteks\" \/>\n<meta name=\"twitter:site\" content=\"@narteks\" \/>\n<meta name=\"twitter:label1\" content=\"Yazan:\" \/>\n\t<meta name=\"twitter:data1\" content=\"Tar\u0131k\" \/>\n\t<meta name=\"twitter:label2\" content=\"Tahmini okuma s\u00fcresi\" \/>\n\t<meta name=\"twitter:data2\" content=\"2 dakika\" \/>\n<script type=\"application\/ld+json\" class=\"yoast-schema-graph\">{\"@context\":\"https:\/\/schema.org\",\"@graph\":[{\"@type\":\"Article\",\"@id\":\"https:\/\/narteks.net\/index.php\/2009\/02\/27\/yanliz-degiliz\/#article\",\"isPartOf\":{\"@id\":\"https:\/\/narteks.net\/index.php\/2009\/02\/27\/yanliz-degiliz\/\"},\"author\":{\"name\":\"Tar\u0131k\",\"@id\":\"https:\/\/narteks.net\/#\/schema\/person\/61f37d9834294b72d31d274e7ed79bca\"},\"headline\":\"YANLIZ DEGILIZ\",\"datePublished\":\"2009-02-27T11:14:33+00:00\",\"mainEntityOfPage\":{\"@id\":\"https:\/\/narteks.net\/index.php\/2009\/02\/27\/yanliz-degiliz\/\"},\"wordCount\":368,\"commentCount\":0,\"publisher\":{\"@id\":\"https:\/\/narteks.net\/#organization\"},\"articleSection\":[\"Ahmed AR\u0130F\"],\"inLanguage\":\"tr\",\"potentialAction\":[{\"@type\":\"CommentAction\",\"name\":\"Comment\",\"target\":[\"https:\/\/narteks.net\/index.php\/2009\/02\/27\/yanliz-degiliz\/#respond\"]}]},{\"@type\":\"WebPage\",\"@id\":\"https:\/\/narteks.net\/index.php\/2009\/02\/27\/yanliz-degiliz\/\",\"url\":\"https:\/\/narteks.net\/index.php\/2009\/02\/27\/yanliz-degiliz\/\",\"name\":\"YANLIZ DEGILIZ - narteks.net\",\"isPartOf\":{\"@id\":\"https:\/\/narteks.net\/#website\"},\"datePublished\":\"2009-02-27T11:14:33+00:00\",\"breadcrumb\":{\"@id\":\"https:\/\/narteks.net\/index.php\/2009\/02\/27\/yanliz-degiliz\/#breadcrumb\"},\"inLanguage\":\"tr\",\"potentialAction\":[{\"@type\":\"ReadAction\",\"target\":[\"https:\/\/narteks.net\/index.php\/2009\/02\/27\/yanliz-degiliz\/\"]}]},{\"@type\":\"BreadcrumbList\",\"@id\":\"https:\/\/narteks.net\/index.php\/2009\/02\/27\/yanliz-degiliz\/#breadcrumb\",\"itemListElement\":[{\"@type\":\"ListItem\",\"position\":1,\"name\":\"Anasayfa\",\"item\":\"https:\/\/narteks.net\/\"},{\"@type\":\"ListItem\",\"position\":2,\"name\":\"YANLIZ DEGILIZ\"}]},{\"@type\":\"WebSite\",\"@id\":\"https:\/\/narteks.net\/#website\",\"url\":\"https:\/\/narteks.net\/\",\"name\":\"narteks.net\",\"description\":\"K\u00fclt\u00fcr Sanat Edebiyat Felsefe\",\"publisher\":{\"@id\":\"https:\/\/narteks.net\/#organization\"},\"alternateName\":\"K\u00fclt\u00fcr Sanat Edebiyat Felsefe\",\"potentialAction\":[{\"@type\":\"SearchAction\",\"target\":{\"@type\":\"EntryPoint\",\"urlTemplate\":\"https:\/\/narteks.net\/?s={search_term_string}\"},\"query-input\":{\"@type\":\"PropertyValueSpecification\",\"valueRequired\":true,\"valueName\":\"search_term_string\"}}],\"inLanguage\":\"tr\"},{\"@type\":\"Organization\",\"@id\":\"https:\/\/narteks.net\/#organization\",\"name\":\"narteks.net\",\"url\":\"https:\/\/narteks.net\/\",\"logo\":{\"@type\":\"ImageObject\",\"inLanguage\":\"tr\",\"@id\":\"https:\/\/narteks.net\/#\/schema\/logo\/image\/\",\"url\":\"https:\/\/narteks.net\/wp-content\/uploads\/narteks.png\",\"contentUrl\":\"https:\/\/narteks.net\/wp-content\/uploads\/narteks.png\",\"width\":300,\"height\":90,\"caption\":\"narteks.net\"},\"image\":{\"@id\":\"https:\/\/narteks.net\/#\/schema\/logo\/image\/\"},\"sameAs\":[\"https:\/\/x.com\/narteks\",\"https:\/\/instagram.com\/narteksnet\"]},{\"@type\":\"Person\",\"@id\":\"https:\/\/narteks.net\/#\/schema\/person\/61f37d9834294b72d31d274e7ed79bca\",\"name\":\"Tar\u0131k\",\"image\":{\"@type\":\"ImageObject\",\"inLanguage\":\"tr\",\"@id\":\"https:\/\/narteks.net\/#\/schema\/person\/image\/\",\"url\":\"https:\/\/secure.gravatar.com\/avatar\/50865afb55632c4ae467e0af0930f6510aa2297d8014be502a55b14f3b7550cf?s=96&d=mm&r=g\",\"contentUrl\":\"https:\/\/secure.gravatar.com\/avatar\/50865afb55632c4ae467e0af0930f6510aa2297d8014be502a55b14f3b7550cf?s=96&d=mm&r=g\",\"caption\":\"Tar\u0131k\"},\"sameAs\":[\"http:\/\/narteks.net\"],\"url\":\"https:\/\/narteks.net\/index.php\/author\/narbak\/\"}]}<\/script>\n<!-- \/ Yoast SEO Premium plugin. -->","yoast_head_json":{"title":"YANLIZ DEGILIZ - narteks.net","robots":{"index":"index","follow":"follow","max-snippet":"max-snippet:-1","max-image-preview":"max-image-preview:large","max-video-preview":"max-video-preview:-1"},"canonical":"https:\/\/narteks.net\/index.php\/2009\/02\/27\/yanliz-degiliz\/","og_locale":"tr_TR","og_type":"article","og_title":"YANLIZ DEGILIZ","og_description":"\u00a0 Bir ufka vard\u0131k ki art\u0131k Yaln\u0131z de\u011filiz sevgilim. Ger\u00e7i gece uzun, Gece karanl\u0131k Ama b\u00fct\u00fcn korkulardan uzak. Bir sevdad\u0131r b\u00f6ylesine ya\u015famak, Tek ba\u015f\u0131na \u00d6l\u00fcme bir soluk kala, Tek ba\u015f\u0131na Zindanda yatarken bile, Asla yaln\u0131z kalmamak. \u015eafaklar\u0131 ben bal\u0131\u011fa \u00e7\u0131kar\u0131m Akan akmayan sularda Benim, b\u00fct\u00fcn tezgahlarda paydosa giden Bir bahar ak\u015fam\u0131 d\u00fcnyada. Ben d\u00f6rt duvar [&hellip;]","og_url":"https:\/\/narteks.net\/index.php\/2009\/02\/27\/yanliz-degiliz\/","og_site_name":"narteks.net","article_published_time":"2009-02-27T11:14:33+00:00","og_image":[{"width":300,"height":90,"url":"https:\/\/narteks.net\/wp-content\/uploads\/narteks.png","type":"image\/png"}],"author":"Tar\u0131k","twitter_card":"summary_large_image","twitter_creator":"@narteks","twitter_site":"@narteks","twitter_misc":{"Yazan:":"Tar\u0131k","Tahmini okuma s\u00fcresi":"2 dakika"},"schema":{"@context":"https:\/\/schema.org","@graph":[{"@type":"Article","@id":"https:\/\/narteks.net\/index.php\/2009\/02\/27\/yanliz-degiliz\/#article","isPartOf":{"@id":"https:\/\/narteks.net\/index.php\/2009\/02\/27\/yanliz-degiliz\/"},"author":{"name":"Tar\u0131k","@id":"https:\/\/narteks.net\/#\/schema\/person\/61f37d9834294b72d31d274e7ed79bca"},"headline":"YANLIZ DEGILIZ","datePublished":"2009-02-27T11:14:33+00:00","mainEntityOfPage":{"@id":"https:\/\/narteks.net\/index.php\/2009\/02\/27\/yanliz-degiliz\/"},"wordCount":368,"commentCount":0,"publisher":{"@id":"https:\/\/narteks.net\/#organization"},"articleSection":["Ahmed AR\u0130F"],"inLanguage":"tr","potentialAction":[{"@type":"CommentAction","name":"Comment","target":["https:\/\/narteks.net\/index.php\/2009\/02\/27\/yanliz-degiliz\/#respond"]}]},{"@type":"WebPage","@id":"https:\/\/narteks.net\/index.php\/2009\/02\/27\/yanliz-degiliz\/","url":"https:\/\/narteks.net\/index.php\/2009\/02\/27\/yanliz-degiliz\/","name":"YANLIZ DEGILIZ - narteks.net","isPartOf":{"@id":"https:\/\/narteks.net\/#website"},"datePublished":"2009-02-27T11:14:33+00:00","breadcrumb":{"@id":"https:\/\/narteks.net\/index.php\/2009\/02\/27\/yanliz-degiliz\/#breadcrumb"},"inLanguage":"tr","potentialAction":[{"@type":"ReadAction","target":["https:\/\/narteks.net\/index.php\/2009\/02\/27\/yanliz-degiliz\/"]}]},{"@type":"BreadcrumbList","@id":"https:\/\/narteks.net\/index.php\/2009\/02\/27\/yanliz-degiliz\/#breadcrumb","itemListElement":[{"@type":"ListItem","position":1,"name":"Anasayfa","item":"https:\/\/narteks.net\/"},{"@type":"ListItem","position":2,"name":"YANLIZ DEGILIZ"}]},{"@type":"WebSite","@id":"https:\/\/narteks.net\/#website","url":"https:\/\/narteks.net\/","name":"narteks.net","description":"K\u00fclt\u00fcr Sanat Edebiyat Felsefe","publisher":{"@id":"https:\/\/narteks.net\/#organization"},"alternateName":"K\u00fclt\u00fcr Sanat Edebiyat Felsefe","potentialAction":[{"@type":"SearchAction","target":{"@type":"EntryPoint","urlTemplate":"https:\/\/narteks.net\/?s={search_term_string}"},"query-input":{"@type":"PropertyValueSpecification","valueRequired":true,"valueName":"search_term_string"}}],"inLanguage":"tr"},{"@type":"Organization","@id":"https:\/\/narteks.net\/#organization","name":"narteks.net","url":"https:\/\/narteks.net\/","logo":{"@type":"ImageObject","inLanguage":"tr","@id":"https:\/\/narteks.net\/#\/schema\/logo\/image\/","url":"https:\/\/narteks.net\/wp-content\/uploads\/narteks.png","contentUrl":"https:\/\/narteks.net\/wp-content\/uploads\/narteks.png","width":300,"height":90,"caption":"narteks.net"},"image":{"@id":"https:\/\/narteks.net\/#\/schema\/logo\/image\/"},"sameAs":["https:\/\/x.com\/narteks","https:\/\/instagram.com\/narteksnet"]},{"@type":"Person","@id":"https:\/\/narteks.net\/#\/schema\/person\/61f37d9834294b72d31d274e7ed79bca","name":"Tar\u0131k","image":{"@type":"ImageObject","inLanguage":"tr","@id":"https:\/\/narteks.net\/#\/schema\/person\/image\/","url":"https:\/\/secure.gravatar.com\/avatar\/50865afb55632c4ae467e0af0930f6510aa2297d8014be502a55b14f3b7550cf?s=96&d=mm&r=g","contentUrl":"https:\/\/secure.gravatar.com\/avatar\/50865afb55632c4ae467e0af0930f6510aa2297d8014be502a55b14f3b7550cf?s=96&d=mm&r=g","caption":"Tar\u0131k"},"sameAs":["http:\/\/narteks.net"],"url":"https:\/\/narteks.net\/index.php\/author\/narbak\/"}]}},"_links":{"self":[{"href":"https:\/\/narteks.net\/index.php\/wp-json\/wp\/v2\/posts\/40","targetHints":{"allow":["GET"]}}],"collection":[{"href":"https:\/\/narteks.net\/index.php\/wp-json\/wp\/v2\/posts"}],"about":[{"href":"https:\/\/narteks.net\/index.php\/wp-json\/wp\/v2\/types\/post"}],"author":[{"embeddable":true,"href":"https:\/\/narteks.net\/index.php\/wp-json\/wp\/v2\/users\/1"}],"replies":[{"embeddable":true,"href":"https:\/\/narteks.net\/index.php\/wp-json\/wp\/v2\/comments?post=40"}],"version-history":[{"count":0,"href":"https:\/\/narteks.net\/index.php\/wp-json\/wp\/v2\/posts\/40\/revisions"}],"wp:attachment":[{"href":"https:\/\/narteks.net\/index.php\/wp-json\/wp\/v2\/media?parent=40"}],"wp:term":[{"taxonomy":"category","embeddable":true,"href":"https:\/\/narteks.net\/index.php\/wp-json\/wp\/v2\/categories?post=40"},{"taxonomy":"post_tag","embeddable":true,"href":"https:\/\/narteks.net\/index.php\/wp-json\/wp\/v2\/tags?post=40"}],"curies":[{"name":"wp","href":"https:\/\/api.w.org\/{rel}","templated":true}]}}