{"id":4005,"date":"2010-01-15T11:40:55","date_gmt":"2010-01-15T08:40:55","guid":{"rendered":"http:\/\/localhost\/wordpress\/2010\/01\/15\/biz-esekler-eskiden-siz-insanlar-gibi-konusurmusuz-ah-biz-esekler-aziz-nesin\/"},"modified":"2010-01-15T11:40:55","modified_gmt":"2010-01-15T08:40:55","slug":"biz-esekler-eskiden-siz-insanlar-gibi-konusurmusuz-ah-biz-esekler-aziz-nesin","status":"publish","type":"post","link":"https:\/\/narteks.net\/index.php\/2010\/01\/15\/biz-esekler-eskiden-siz-insanlar-gibi-konusurmusuz-ah-biz-esekler-aziz-nesin\/","title":{"rendered":"Biz e\u015fek&#8217;ler eskiden, siz insanlar gibi konu\u015furmu\u015fuz | Ah Biz E\u015fekler &#8211; Aziz Nesin"},"content":{"rendered":"<p><img loading=\"lazy\" decoding=\"async\" src=\"images\/stories\/aziz_nesin.jpg\" border=\"0\" width=\"155\" height=\"205\" style=\"float: left;\" \/><strong> <\/strong><\/p>\n<p style=\"text-align: justify;\">Hik\u00e2ye, yurdumuzda bas\u0131n ve s\u00f6z h\u00fcrriyetinin, yaln\u0131z k\u00e2\u011f\u0131t \u00fcst\u00fcnde yaz\u0131l\u0131 bir s\u00fcs olarak b\u0131rak\u0131ld\u0131\u011f\u0131, ayd\u0131nlar\u0131n konu\u015famaz duruma getirildi\u011fi g\u00fcnlerde, halk\u0131 bu duruma d\u00fc\u015f\u00fcren ve ger\u00e7ekleri ancak kendi ba\u015flar\u0131 belaya girince s\u00f6ylemeye \u00e7al\u0131\u015f\u0131p da, art\u0131k s\u00f6yleme olana\u011f\u0131 da bulamayan kara ayd\u0131nlar\u0131 yermek i\u00e7in yaz\u0131lm\u0131\u015f ve yine o g\u00fcnlerde yay\u0131mlanm\u0131\u015ft\u0131r. (1958) Ah, biz! Ah biz e\u015fekler!.. Biz e\u015fek milleti de eskiden, siz insan milleti gibi konu\u015furmu\u015fuz.<\/p>\n<p style=\"text-align: justify;\">Bizim de kendimize g\u00f6re bir dilimiz varm\u0131\u015f. Konu\u015fmam\u0131z, m\u00fczik denli g\u00fczel, uyumlu, kula\u011fa tatl\u0131 gelirmi\u015f. Ne g\u00fczel konu\u015fur, ne t\u00fcrk\u00fcler s\u00f6ylermi\u015fiz. Biz e\u015fek oldu\u011fumuzdan, sizler gibi insanca de\u011fil, e\u015fek\u00e7e konu\u015furmu\u015fuz. Ama e\u015fek\u00e7e, yumu\u015fak, tatl\u0131, uyumlu zengin bir diln\u0131i\u015f. Biz e\u015fek milleti eskiden, \u015fimdi oldu\u011fu gibi an\u0131rmazm\u0131\u015f\u0131z, sonradan an\u0131rmaya ba\u015flam\u0131\u015f\u0131z. \u015eimdi, biliyorsunuz, b\u00fct\u00fcn isteklerimizi, duygular\u0131m\u0131z\u0131, alg\u0131lar\u0131m\u0131z\u0131, ac\u0131lar\u0131m\u0131z\u0131, sevin\u00e7lerimizi, birbirimize ve siz insan efendilerimize an\u0131rarak anlatmaya \u00e7al\u0131\u015f\u0131yoruz. An\u0131rmak nedir? &#8220;Aaaaii, Aaaaii&#8221; diye arka arkaya bir kal\u0131n, bir ince, a\u011f\u0131zdan iki uzun heceli ses \u00e7\u0131karmak. An\u0131rmak i\u015fte bu&#8230; Bizim o zengin dilimiz, \u015fimdi kala kala, bu iki heceli tek s\u00f6zc\u00fc\u011fe kald\u0131.<\/p>\n<p style=\"text-align: justify;\">Bir yarat\u0131k, b\u00fct\u00fcn duygular\u0131n\u0131 tek s\u00f6zc\u00fckle nas\u0131l anlatabilir!.. Nas\u0131l olup da o zengin e\u015fek\u00e7e \u00f6lm\u00fc\u015f, bir \u00f6l\u00fc dil olmu\u015f, sonra biz e\u015fekler an\u0131rmaya ba\u015flam\u0131\u015f\u0131z; bunu merak etmiyor musunuz? Merak ediyorsan\u0131z anlatay\u0131m. K\u0131sacas\u0131, bizim dilimiz tutulmu\u015ftu. Korkun\u00e7 bir olayla akl\u0131m\u0131z ba\u015f\u0131m\u0131zdan gidip de, dilimiz tutulunca e\u015fek\u00e7eyi t\u00fcm unutmu\u015fuz. O g\u00fcnden sonra da yaln\u0131z an\u0131rarak, iki uzun heceyle b\u00fct\u00fcn duygular\u0131m\u0131z\u0131 anlatmaya \u00e7al\u0131\u015fm\u0131\u015f\u0131z. Biz e\u015feklerin dilimizin tutulmas\u0131, epiyce eski bir olayd\u0131r. Eski ku\u015faktan bir ya\u015fl\u0131 e\u015fek varm\u0131\u015f. Big\u00fcn, bu eski ku\u015faktan ya\u015fl\u0131 e\u015fek, k\u0131rlarda tek ba\u015f\u0131na otlamaktaym\u0131\u015f. Hem otlar, hem e\u015fek\u00e7e t\u00fcrk\u00fcler s\u00f6ylermi\u015f. Birara burnuna bir koku gelmi\u015f; ama g\u00fczel bir koku de\u011fil, kurt kokusu&#8230; Eski ku\u015faktan e\u015fek, burnunu yukar\u0131 dikip, havay\u0131 derin derin koklam\u0131\u015f. Hava, keskin keskin kurt kokuyormu\u015f. Ya\u015fl\u0131 e\u015fek, Yok can\u0131m, kurt de\u011fildir&#8230; diye avunup otlamaya ba\u015flam\u0131\u015f. Kurdun kokusu gittik\u00e7e art\u0131yormu\u015f. Belli ki kurt yakla\u015f\u0131yor. Kurt yakla\u015f\u0131yor demek, \u00f6l\u00fcm geliyor demek&#8230; Eski ku\u015faktan e\u015fek, Kurt de\u011fildir, kurt de\u011fildir&#8230; diye kendini avutmu\u015f. Ama kurdun kokusu da gittik\u00e7e a\u011f\u0131rla\u015f\u0131yor. Ya\u015fl\u0131 e\u015fek, hem korkuyor, hem de oral\u0131 de\u011filmi\u015f gibi g\u00f6r\u00fcnerek, kendi kendine, \u0130n\u015fallah kurt de\u011fildir.<\/p>\n<p style=\"text-align: justify;\">Kurt buraya nereden gelecek, nereden beni bulacak?., diyormu\u015f. B\u00f6ylece kendi kendini avutmaktayken kula\u011f\u0131na sesler gelmeye ba\u015flam\u0131\u015f. Ama g\u00fczel ses de\u011fil, kurt sesi&#8230; Ya\u015fl\u0131 e\u015fek kulaklar\u0131n\u0131 dikip sesi dinlemi\u015f; evet kurt sesi&#8230; G\u00f6nl\u00fc bit\u00fcrl\u00fc kurdun gelmesine raz\u0131 olmad\u0131\u011f\u0131ndan, Yok can\u0131m, bu ses kurt sesi de\u011fil, bana \u00f6yle geliyor&#8230; der, otlamaya devam edermi\u015f. Ama ses de gittik\u00e7e yakla\u015f\u0131yor&#8230; Eski ku\u015faktan e\u015fek yine avunurmu\u015f: Kurt de\u011fildir, hay\u0131r kurt sesi olamaz!.. O korkun\u00e7 ses, b\u00fcsb\u00fct\u00fcn yakla\u015fm\u0131\u015f. E\u015fek kendi kendine s\u00f6ylenirmi\u015f: Yok, yok&#8230; Dilerim bu kurt olmas\u0131n&#8230; kurdun ba\u015fka i\u015fi yok da, buraya m\u0131 gelecek!.. Biyandan da y\u00fcre\u011fini korku sard\u0131\u011f\u0131ndan g\u00f6z\u00fc \u00e7evresindeymi\u015f. Bir de bakm\u0131\u015f; kar\u015f\u0131 da\u011f\u0131n tepesinde, sisler, dumanlar i\u00e7inde bir kurt&#8230; Aah, demi\u015f, bu benim g\u00f6rd\u00fc\u011f\u00fcm, kurt de\u011fil, ba\u015fka bi\u015fey&#8230; Ba\u015f\u0131n\u0131 otlara sokmu\u015f. Bana \u00f6yle geldi galiba, hayal g\u00f6rd\u00fcm. Evet, evet, hayal olacak&#8230; Sonra, \u00e7al\u0131lar\u0131n aras\u0131ndan ko\u015fan kurdu g\u00f6r\u00fcnce, korkusu artm\u0131\u015f. Ama kurdun gelmesini hi\u00e7 istemedi\u011finden, yine kendini kand\u0131rmaya \u00e7al\u0131\u015f\u0131yormu\u015f: Kurt de\u011fildir, in\u015fallah de\u011fildir. Ba\u015fka yer kalmad\u0131 da buras\u0131n\u0131 m\u0131 buldu gelecek?.. G\u00f6zlerim iyi se\u00e7miyor da ondan&#8230; \u00c7al\u0131lar\u0131n g\u00f6lgesini kurt sand\u0131m. Kurt yakla\u015fm\u0131\u015f. Aralar\u0131nda e\u015fek ad\u0131m\u0131 ile \u00fc\u00e7 d\u00f6rt y\u00fcz ad\u0131m kalm\u0131\u015f. Eski ku\u015faktan e\u015fek, Aman Tanr\u0131m, yoksa bu gelen ger\u00e7ekten kurt mu?..<\/p>\n<p style=\"text-align: justify;\">Hay\u0131r, olamaz. Olmamal\u0131d\u0131r. Ah&#8230; Yok, yok, kurt de\u011fil&#8230; diye inlemeye ba\u015flam\u0131\u015f. Kurtla aralar\u0131nda elli ad\u0131m kal\u0131nca o yine avunuyor mu\u015f: \u015eu kar\u015f\u0131mda g\u00f6rd\u00fc\u011f\u00fcm yarat\u0131k kurt de\u011fildir in\u015fallah&#8230; Can\u0131m, ne diye kurt olsun&#8230; Belki devedir, belki fildir, belki de ba\u015fka bi\u015fey, belki de hi\u00e7bi\u015feydir. Ben de her\u015feyi kurt g\u00f6rmeye ba\u015flad\u0131m. Kurt s\u0131r\u0131tarak yakla\u015fm\u0131\u015f yakla\u015fm\u0131\u015f. Aralar\u0131nda ancak bika\u00e7 ad\u0131m kal\u0131nca, ya\u015fl\u0131 e\u015fek, Biliyorum, bu gelen kurt de\u011fil, evet kurt de\u011fil, ama ben \u015furadan az\u0131c\u0131k uzakla\u015fsam k\u00f6t\u00fc olmaz&#8230; demi\u015f. Ba\u015flam\u0131\u015f y\u00fcr\u00fcmeye. Ba\u015f\u0131n\u0131 geri \u00e7evirip bakm\u0131\u015f, kurt s\u0131r\u0131tarak, a\u011fz\u0131n\u0131n sular\u0131 akarak arkas\u0131ndan geliyor. Eski ku\u015faktan e\u015fek yakarmaya ba\u015flam\u0131\u015f: Ulu Tanr\u0131m, bu gelen kurt bile olsa, kurt olmas\u0131n, ne olur&#8230; Kurt de\u011fil can\u0131m, ben de bo\u015fu bo\u015funa korkuyorum. B\u00f6yle deyip ad\u0131mlar\u0131n\u0131 a\u00e7m\u0131\u015f. Kurt da onu izliyormu\u015f. Kart e\u015fek ko\u015fmaya ba\u015flam\u0131\u015f. Kurt da onun ard\u0131ndan ko\u015fmu\u015f&#8230; E\u015fek, Ah, ben de ne budalay\u0131m&#8230; diyormu\u015f. Yaban kedisini kurt san\u0131p ka\u00e7\u0131yorum. Hay\u0131r, kurt de\u011fil&#8230; Ayaklar\u0131n\u0131n var g\u00fcc\u00fcyle ka\u00e7\u0131yor, biyandan da i\u00e7inden \u015f\u00f6yle ge\u00e7iriyormu\u015f:<\/p>\n<p style=\"text-align: justify;\">Kurtsa da kurt de\u011fildir&#8230; \u0130n\u015fallah de\u011fildir. Yok can\u0131m, ne diye kurt olsun&#8230; Ba\u015f\u0131n\u0131 \u00e7evirip arkas\u0131na bakm\u0131\u015f, kurdun g\u00f6zleri \u0131\u015f\u0131l \u0131\u015f\u0131l yan\u0131yor. E\u015fek d\u00f6rtnala ka\u00e7ar, hem de, Vallahi de kurt de\u011fil, billahi de kurt de\u011fil&#8230; Allah belam\u0131 versin ki kurt de\u011fil&#8230; diye s\u00f6ylenirmi\u015f. E\u015fek ka\u00e7m\u0131\u015f, kurt kovalam\u0131\u015f. Kuyru\u011funun dibinde, kurdun k\u0131zg\u0131n k\u0131zg\u0131n solumas\u0131n\u0131 duyunca, ya\u015fl\u0131 e\u015fek kendi kendine, Bahse girerim ki bu kurt de\u011fil&#8230; Kuyruk alt\u0131mda solumalar\u0131n\u0131 duydu\u011fum bu yarat\u0131k kurt olamaz&#8230; diye s\u00f6yleniyormu\u015f. Kurdun \u0131slak burnu, e\u015fe\u011fin ap\u0131\u015f aras\u0131na de\u011fince, ya\u015fl\u0131 e\u015fek de s\u0131f\u0131r\u0131 t\u00fcketmi\u015f. Bir de ba\u015f\u0131n\u0131 \u00e7evirip bakm\u0131\u015f; kurt \u00fcst\u00fcne at\u0131ld\u0131 at\u0131lacak&#8230; Art\u0131k ad\u0131m atacak g\u00fcc\u00fc kalmayan kart e\u015fek, kurdun sert bak\u0131\u015flar\u0131 alt\u0131nda k\u0131p\u0131rdayamaz olmu\u015f, orac\u0131kta kalm\u0131\u015f. Kurdu g\u00f6rmemek i\u00e7in g\u00f6zlerini yumup, Kurt de\u011fil can\u0131m bo\u015f ver&#8230; \u0130n\u015fallah de\u011fildir. Sanki ne diye kurt olsun&#8230; diye kekelemi\u015f. Kurt, sa\u011f kabas\u0131na bir pen\u00e7e at\u0131nca, orac\u0131\u011fa y\u0131k\u0131lan e\u015fek, Biliyorum, biliyorum, sen kurt de\u011filsin. Arkamla oynama, g\u0131d\u0131klan\u0131yorum. El \u015fakas\u0131n\u0131 da hi\u00e7 sevmem&#8230; demi\u015f.<\/p>\n<p style=\"text-align: justify;\">Azg\u0131n, a\u00e7 kurt keskin di\u015fleriyle e\u015fe\u011fin sa\u011fr\u0131s\u0131n\u0131 \u0131s\u0131rm\u0131\u015f, budundan b\u00fcy\u00fck bir par\u00e7a koparm\u0131\u015f. Can ac\u0131s\u0131yla yere y\u0131k\u0131lan e\u015fe\u011fin birden dili tutulmu\u015f. Bildi\u011fi e\u015fek\u00e7eyi, korkudan unutmu\u015f. Kurt boynuna, gerdan\u0131na sald\u0131rm\u0131\u015f. E\u015fe\u011fin heryan\u0131ndan kanlar f\u0131\u015fk\u0131rmaya ba\u015flam\u0131\u015f. \u0130\u015fte ancak o zaman e\u015fek, Aaa kurtmu\u015f&#8230; Aaa o imi\u015f&#8230; Aaa, o imi\u015f!&#8230; diye ba\u011f\u0131rmaya ba\u015flam\u0131\u015f. Kurt onu par\u00e7alar, o da dili tutuldu\u011fundan, yaln\u0131z, Aaa, o imi\u015f&#8230; Aaa, ooii&#8230; Aaaiii&#8230; Aaaiii&#8230; diye ba\u011f\u0131r\u0131r, inlermi\u015f. Kurdun di\u015fleriyle par\u00e7alanan eski ku\u015faktan e\u015fe\u011fin da\u011f\u0131, ta\u015f\u0131 inleten son s\u00f6zlerini b\u00fct\u00fcn e\u015fekler duymu\u015flar: Aaaaiii, aaaiii&#8230; \u0130\u015fte o g\u00fcnden sonra, biz e\u015fek milleti, konu\u015fmas\u0131n\u0131, s\u00f6yle\u015fmesini unutmu\u015fuz; her duygumuzu, her d\u00fc\u015f\u00fcncemizi, an\u0131rt\u0131yla anlatmaya ba\u015flam\u0131\u015f\u0131z. O eski ku\u015faktan e\u015fek, tehlike kuyruk alt\u0131na girinceye dek, kendini avutup, kand\u0131rmam\u0131\u015f olsayd\u0131, bizler de konu\u015fmas\u0131n\u0131 bilecektik. Ah biz e\u015fekler, ah biz e\u015fek milleti&#8230; Aaaai, aaai, aaaii&#8230;<\/p>\n","protected":false},"excerpt":{"rendered":"<p>Hik\u00e2ye, yurdumuzda bas\u0131n ve s\u00f6z h\u00fcrriyetinin, yaln\u0131z k\u00e2\u011f\u0131t \u00fcst\u00fcnde yaz\u0131l\u0131 bir s\u00fcs olarak b\u0131rak\u0131ld\u0131\u011f\u0131, ayd\u0131nlar\u0131n konu\u015famaz duruma getirildi\u011fi g\u00fcnlerde, halk\u0131 bu duruma d\u00fc\u015f\u00fcren ve ger\u00e7ekleri ancak kendi ba\u015flar\u0131 belaya girince s\u00f6ylemeye \u00e7al\u0131\u015f\u0131p da, art\u0131k s\u00f6yleme olana\u011f\u0131 da bulamayan kara ayd\u0131nlar\u0131 yermek i\u00e7in yaz\u0131lm\u0131\u015f ve yine o g\u00fcnlerde yay\u0131mlanm\u0131\u015ft\u0131r. (1958) Ah, biz! Ah biz e\u015fekler!.. Biz [&hellip;]<\/p>\n","protected":false},"author":1,"featured_media":0,"comment_status":"open","ping_status":"open","sticky":false,"template":"","format":"standard","meta":{"footnotes":""},"categories":[114],"tags":[],"class_list":{"0":"post-4005","1":"post","2":"type-post","3":"status-publish","4":"format-standard","6":"category-turkiye-den-oykuler"},"yoast_head":"<!-- This site is optimized with the Yoast SEO Premium plugin v24.9 (Yoast SEO v24.9) - https:\/\/yoast.com\/wordpress\/plugins\/seo\/ -->\n<title>Biz e\u015fek&#039;ler eskiden, siz insanlar gibi konu\u015furmu\u015fuz | Ah Biz E\u015fekler - Aziz Nesin - narteks.net<\/title>\n<meta name=\"robots\" content=\"index, follow, max-snippet:-1, max-image-preview:large, max-video-preview:-1\" \/>\n<link rel=\"canonical\" href=\"https:\/\/narteks.net\/index.php\/2010\/01\/15\/biz-esekler-eskiden-siz-insanlar-gibi-konusurmusuz-ah-biz-esekler-aziz-nesin\/\" \/>\n<meta property=\"og:locale\" content=\"tr_TR\" \/>\n<meta property=\"og:type\" content=\"article\" \/>\n<meta property=\"og:title\" content=\"Biz e\u015fek&#039;ler eskiden, siz insanlar gibi konu\u015furmu\u015fuz | Ah Biz E\u015fekler - Aziz Nesin\" \/>\n<meta property=\"og:description\" content=\"Hik\u00e2ye, yurdumuzda bas\u0131n ve s\u00f6z h\u00fcrriyetinin, yaln\u0131z k\u00e2\u011f\u0131t \u00fcst\u00fcnde yaz\u0131l\u0131 bir s\u00fcs olarak b\u0131rak\u0131ld\u0131\u011f\u0131, ayd\u0131nlar\u0131n konu\u015famaz duruma getirildi\u011fi g\u00fcnlerde, halk\u0131 bu duruma d\u00fc\u015f\u00fcren ve ger\u00e7ekleri ancak kendi ba\u015flar\u0131 belaya girince s\u00f6ylemeye \u00e7al\u0131\u015f\u0131p da, art\u0131k s\u00f6yleme olana\u011f\u0131 da bulamayan kara ayd\u0131nlar\u0131 yermek i\u00e7in yaz\u0131lm\u0131\u015f ve yine o g\u00fcnlerde yay\u0131mlanm\u0131\u015ft\u0131r. (1958) Ah, biz! Ah biz e\u015fekler!.. Biz [&hellip;]\" \/>\n<meta property=\"og:url\" content=\"https:\/\/narteks.net\/index.php\/2010\/01\/15\/biz-esekler-eskiden-siz-insanlar-gibi-konusurmusuz-ah-biz-esekler-aziz-nesin\/\" \/>\n<meta property=\"og:site_name\" content=\"narteks.net\" \/>\n<meta property=\"article:published_time\" content=\"2010-01-15T08:40:55+00:00\" \/>\n<meta property=\"og:image\" content=\"https:\/\/narteks.net\/wp-content\/uploads\/narteks.png\" \/>\n\t<meta property=\"og:image:width\" content=\"300\" \/>\n\t<meta property=\"og:image:height\" content=\"90\" \/>\n\t<meta property=\"og:image:type\" content=\"image\/png\" \/>\n<meta name=\"author\" content=\"Tar\u0131k\" \/>\n<meta name=\"twitter:card\" content=\"summary_large_image\" \/>\n<meta name=\"twitter:creator\" content=\"@narteks\" \/>\n<meta name=\"twitter:site\" content=\"@narteks\" \/>\n<meta name=\"twitter:label1\" content=\"Yazan:\" \/>\n\t<meta name=\"twitter:data1\" content=\"Tar\u0131k\" \/>\n\t<meta name=\"twitter:label2\" content=\"Tahmini okuma s\u00fcresi\" \/>\n\t<meta name=\"twitter:data2\" content=\"7 dakika\" \/>\n<script type=\"application\/ld+json\" class=\"yoast-schema-graph\">{\"@context\":\"https:\/\/schema.org\",\"@graph\":[{\"@type\":\"Article\",\"@id\":\"https:\/\/narteks.net\/index.php\/2010\/01\/15\/biz-esekler-eskiden-siz-insanlar-gibi-konusurmusuz-ah-biz-esekler-aziz-nesin\/#article\",\"isPartOf\":{\"@id\":\"https:\/\/narteks.net\/index.php\/2010\/01\/15\/biz-esekler-eskiden-siz-insanlar-gibi-konusurmusuz-ah-biz-esekler-aziz-nesin\/\"},\"author\":{\"name\":\"Tar\u0131k\",\"@id\":\"https:\/\/narteks.net\/#\/schema\/person\/61f37d9834294b72d31d274e7ed79bca\"},\"headline\":\"Biz e\u015fek&#8217;ler eskiden, siz insanlar gibi konu\u015furmu\u015fuz | Ah Biz E\u015fekler &#8211; Aziz Nesin\",\"datePublished\":\"2010-01-15T08:40:55+00:00\",\"mainEntityOfPage\":{\"@id\":\"https:\/\/narteks.net\/index.php\/2010\/01\/15\/biz-esekler-eskiden-siz-insanlar-gibi-konusurmusuz-ah-biz-esekler-aziz-nesin\/\"},\"wordCount\":1425,\"commentCount\":0,\"publisher\":{\"@id\":\"https:\/\/narteks.net\/#organization\"},\"articleSection\":[\"T\u00fcrkiye'den \u00d6yk\u00fcler\"],\"inLanguage\":\"tr\",\"potentialAction\":[{\"@type\":\"CommentAction\",\"name\":\"Comment\",\"target\":[\"https:\/\/narteks.net\/index.php\/2010\/01\/15\/biz-esekler-eskiden-siz-insanlar-gibi-konusurmusuz-ah-biz-esekler-aziz-nesin\/#respond\"]}]},{\"@type\":\"WebPage\",\"@id\":\"https:\/\/narteks.net\/index.php\/2010\/01\/15\/biz-esekler-eskiden-siz-insanlar-gibi-konusurmusuz-ah-biz-esekler-aziz-nesin\/\",\"url\":\"https:\/\/narteks.net\/index.php\/2010\/01\/15\/biz-esekler-eskiden-siz-insanlar-gibi-konusurmusuz-ah-biz-esekler-aziz-nesin\/\",\"name\":\"Biz e\u015fek'ler eskiden, siz insanlar gibi konu\u015furmu\u015fuz | Ah Biz E\u015fekler - Aziz Nesin - narteks.net\",\"isPartOf\":{\"@id\":\"https:\/\/narteks.net\/#website\"},\"datePublished\":\"2010-01-15T08:40:55+00:00\",\"breadcrumb\":{\"@id\":\"https:\/\/narteks.net\/index.php\/2010\/01\/15\/biz-esekler-eskiden-siz-insanlar-gibi-konusurmusuz-ah-biz-esekler-aziz-nesin\/#breadcrumb\"},\"inLanguage\":\"tr\",\"potentialAction\":[{\"@type\":\"ReadAction\",\"target\":[\"https:\/\/narteks.net\/index.php\/2010\/01\/15\/biz-esekler-eskiden-siz-insanlar-gibi-konusurmusuz-ah-biz-esekler-aziz-nesin\/\"]}]},{\"@type\":\"BreadcrumbList\",\"@id\":\"https:\/\/narteks.net\/index.php\/2010\/01\/15\/biz-esekler-eskiden-siz-insanlar-gibi-konusurmusuz-ah-biz-esekler-aziz-nesin\/#breadcrumb\",\"itemListElement\":[{\"@type\":\"ListItem\",\"position\":1,\"name\":\"Anasayfa\",\"item\":\"https:\/\/narteks.net\/\"},{\"@type\":\"ListItem\",\"position\":2,\"name\":\"Biz e\u015fek&#8217;ler eskiden, siz insanlar gibi konu\u015furmu\u015fuz | Ah Biz E\u015fekler &#8211; Aziz Nesin\"}]},{\"@type\":\"WebSite\",\"@id\":\"https:\/\/narteks.net\/#website\",\"url\":\"https:\/\/narteks.net\/\",\"name\":\"narteks.net\",\"description\":\"K\u00fclt\u00fcr Sanat Edebiyat Felsefe\",\"publisher\":{\"@id\":\"https:\/\/narteks.net\/#organization\"},\"alternateName\":\"K\u00fclt\u00fcr Sanat Edebiyat Felsefe\",\"potentialAction\":[{\"@type\":\"SearchAction\",\"target\":{\"@type\":\"EntryPoint\",\"urlTemplate\":\"https:\/\/narteks.net\/?s={search_term_string}\"},\"query-input\":{\"@type\":\"PropertyValueSpecification\",\"valueRequired\":true,\"valueName\":\"search_term_string\"}}],\"inLanguage\":\"tr\"},{\"@type\":\"Organization\",\"@id\":\"https:\/\/narteks.net\/#organization\",\"name\":\"narteks.net\",\"url\":\"https:\/\/narteks.net\/\",\"logo\":{\"@type\":\"ImageObject\",\"inLanguage\":\"tr\",\"@id\":\"https:\/\/narteks.net\/#\/schema\/logo\/image\/\",\"url\":\"https:\/\/narteks.net\/wp-content\/uploads\/narteks.png\",\"contentUrl\":\"https:\/\/narteks.net\/wp-content\/uploads\/narteks.png\",\"width\":300,\"height\":90,\"caption\":\"narteks.net\"},\"image\":{\"@id\":\"https:\/\/narteks.net\/#\/schema\/logo\/image\/\"},\"sameAs\":[\"https:\/\/x.com\/narteks\",\"https:\/\/instagram.com\/narteksnet\"]},{\"@type\":\"Person\",\"@id\":\"https:\/\/narteks.net\/#\/schema\/person\/61f37d9834294b72d31d274e7ed79bca\",\"name\":\"Tar\u0131k\",\"image\":{\"@type\":\"ImageObject\",\"inLanguage\":\"tr\",\"@id\":\"https:\/\/narteks.net\/#\/schema\/person\/image\/\",\"url\":\"https:\/\/secure.gravatar.com\/avatar\/50865afb55632c4ae467e0af0930f6510aa2297d8014be502a55b14f3b7550cf?s=96&d=mm&r=g\",\"contentUrl\":\"https:\/\/secure.gravatar.com\/avatar\/50865afb55632c4ae467e0af0930f6510aa2297d8014be502a55b14f3b7550cf?s=96&d=mm&r=g\",\"caption\":\"Tar\u0131k\"},\"sameAs\":[\"http:\/\/narteks.net\"],\"url\":\"https:\/\/narteks.net\/index.php\/author\/narbak\/\"}]}<\/script>\n<!-- \/ Yoast SEO Premium plugin. -->","yoast_head_json":{"title":"Biz e\u015fek'ler eskiden, siz insanlar gibi konu\u015furmu\u015fuz | Ah Biz E\u015fekler - Aziz Nesin - narteks.net","robots":{"index":"index","follow":"follow","max-snippet":"max-snippet:-1","max-image-preview":"max-image-preview:large","max-video-preview":"max-video-preview:-1"},"canonical":"https:\/\/narteks.net\/index.php\/2010\/01\/15\/biz-esekler-eskiden-siz-insanlar-gibi-konusurmusuz-ah-biz-esekler-aziz-nesin\/","og_locale":"tr_TR","og_type":"article","og_title":"Biz e\u015fek'ler eskiden, siz insanlar gibi konu\u015furmu\u015fuz | Ah Biz E\u015fekler - Aziz Nesin","og_description":"Hik\u00e2ye, yurdumuzda bas\u0131n ve s\u00f6z h\u00fcrriyetinin, yaln\u0131z k\u00e2\u011f\u0131t \u00fcst\u00fcnde yaz\u0131l\u0131 bir s\u00fcs olarak b\u0131rak\u0131ld\u0131\u011f\u0131, ayd\u0131nlar\u0131n konu\u015famaz duruma getirildi\u011fi g\u00fcnlerde, halk\u0131 bu duruma d\u00fc\u015f\u00fcren ve ger\u00e7ekleri ancak kendi ba\u015flar\u0131 belaya girince s\u00f6ylemeye \u00e7al\u0131\u015f\u0131p da, art\u0131k s\u00f6yleme olana\u011f\u0131 da bulamayan kara ayd\u0131nlar\u0131 yermek i\u00e7in yaz\u0131lm\u0131\u015f ve yine o g\u00fcnlerde yay\u0131mlanm\u0131\u015ft\u0131r. (1958) Ah, biz! Ah biz e\u015fekler!.. Biz [&hellip;]","og_url":"https:\/\/narteks.net\/index.php\/2010\/01\/15\/biz-esekler-eskiden-siz-insanlar-gibi-konusurmusuz-ah-biz-esekler-aziz-nesin\/","og_site_name":"narteks.net","article_published_time":"2010-01-15T08:40:55+00:00","og_image":[{"width":300,"height":90,"url":"https:\/\/narteks.net\/wp-content\/uploads\/narteks.png","type":"image\/png"}],"author":"Tar\u0131k","twitter_card":"summary_large_image","twitter_creator":"@narteks","twitter_site":"@narteks","twitter_misc":{"Yazan:":"Tar\u0131k","Tahmini okuma s\u00fcresi":"7 dakika"},"schema":{"@context":"https:\/\/schema.org","@graph":[{"@type":"Article","@id":"https:\/\/narteks.net\/index.php\/2010\/01\/15\/biz-esekler-eskiden-siz-insanlar-gibi-konusurmusuz-ah-biz-esekler-aziz-nesin\/#article","isPartOf":{"@id":"https:\/\/narteks.net\/index.php\/2010\/01\/15\/biz-esekler-eskiden-siz-insanlar-gibi-konusurmusuz-ah-biz-esekler-aziz-nesin\/"},"author":{"name":"Tar\u0131k","@id":"https:\/\/narteks.net\/#\/schema\/person\/61f37d9834294b72d31d274e7ed79bca"},"headline":"Biz e\u015fek&#8217;ler eskiden, siz insanlar gibi konu\u015furmu\u015fuz | Ah Biz E\u015fekler &#8211; Aziz Nesin","datePublished":"2010-01-15T08:40:55+00:00","mainEntityOfPage":{"@id":"https:\/\/narteks.net\/index.php\/2010\/01\/15\/biz-esekler-eskiden-siz-insanlar-gibi-konusurmusuz-ah-biz-esekler-aziz-nesin\/"},"wordCount":1425,"commentCount":0,"publisher":{"@id":"https:\/\/narteks.net\/#organization"},"articleSection":["T\u00fcrkiye'den \u00d6yk\u00fcler"],"inLanguage":"tr","potentialAction":[{"@type":"CommentAction","name":"Comment","target":["https:\/\/narteks.net\/index.php\/2010\/01\/15\/biz-esekler-eskiden-siz-insanlar-gibi-konusurmusuz-ah-biz-esekler-aziz-nesin\/#respond"]}]},{"@type":"WebPage","@id":"https:\/\/narteks.net\/index.php\/2010\/01\/15\/biz-esekler-eskiden-siz-insanlar-gibi-konusurmusuz-ah-biz-esekler-aziz-nesin\/","url":"https:\/\/narteks.net\/index.php\/2010\/01\/15\/biz-esekler-eskiden-siz-insanlar-gibi-konusurmusuz-ah-biz-esekler-aziz-nesin\/","name":"Biz e\u015fek'ler eskiden, siz insanlar gibi konu\u015furmu\u015fuz | Ah Biz E\u015fekler - Aziz Nesin - narteks.net","isPartOf":{"@id":"https:\/\/narteks.net\/#website"},"datePublished":"2010-01-15T08:40:55+00:00","breadcrumb":{"@id":"https:\/\/narteks.net\/index.php\/2010\/01\/15\/biz-esekler-eskiden-siz-insanlar-gibi-konusurmusuz-ah-biz-esekler-aziz-nesin\/#breadcrumb"},"inLanguage":"tr","potentialAction":[{"@type":"ReadAction","target":["https:\/\/narteks.net\/index.php\/2010\/01\/15\/biz-esekler-eskiden-siz-insanlar-gibi-konusurmusuz-ah-biz-esekler-aziz-nesin\/"]}]},{"@type":"BreadcrumbList","@id":"https:\/\/narteks.net\/index.php\/2010\/01\/15\/biz-esekler-eskiden-siz-insanlar-gibi-konusurmusuz-ah-biz-esekler-aziz-nesin\/#breadcrumb","itemListElement":[{"@type":"ListItem","position":1,"name":"Anasayfa","item":"https:\/\/narteks.net\/"},{"@type":"ListItem","position":2,"name":"Biz e\u015fek&#8217;ler eskiden, siz insanlar gibi konu\u015furmu\u015fuz | Ah Biz E\u015fekler &#8211; Aziz Nesin"}]},{"@type":"WebSite","@id":"https:\/\/narteks.net\/#website","url":"https:\/\/narteks.net\/","name":"narteks.net","description":"K\u00fclt\u00fcr Sanat Edebiyat Felsefe","publisher":{"@id":"https:\/\/narteks.net\/#organization"},"alternateName":"K\u00fclt\u00fcr Sanat Edebiyat Felsefe","potentialAction":[{"@type":"SearchAction","target":{"@type":"EntryPoint","urlTemplate":"https:\/\/narteks.net\/?s={search_term_string}"},"query-input":{"@type":"PropertyValueSpecification","valueRequired":true,"valueName":"search_term_string"}}],"inLanguage":"tr"},{"@type":"Organization","@id":"https:\/\/narteks.net\/#organization","name":"narteks.net","url":"https:\/\/narteks.net\/","logo":{"@type":"ImageObject","inLanguage":"tr","@id":"https:\/\/narteks.net\/#\/schema\/logo\/image\/","url":"https:\/\/narteks.net\/wp-content\/uploads\/narteks.png","contentUrl":"https:\/\/narteks.net\/wp-content\/uploads\/narteks.png","width":300,"height":90,"caption":"narteks.net"},"image":{"@id":"https:\/\/narteks.net\/#\/schema\/logo\/image\/"},"sameAs":["https:\/\/x.com\/narteks","https:\/\/instagram.com\/narteksnet"]},{"@type":"Person","@id":"https:\/\/narteks.net\/#\/schema\/person\/61f37d9834294b72d31d274e7ed79bca","name":"Tar\u0131k","image":{"@type":"ImageObject","inLanguage":"tr","@id":"https:\/\/narteks.net\/#\/schema\/person\/image\/","url":"https:\/\/secure.gravatar.com\/avatar\/50865afb55632c4ae467e0af0930f6510aa2297d8014be502a55b14f3b7550cf?s=96&d=mm&r=g","contentUrl":"https:\/\/secure.gravatar.com\/avatar\/50865afb55632c4ae467e0af0930f6510aa2297d8014be502a55b14f3b7550cf?s=96&d=mm&r=g","caption":"Tar\u0131k"},"sameAs":["http:\/\/narteks.net"],"url":"https:\/\/narteks.net\/index.php\/author\/narbak\/"}]}},"_links":{"self":[{"href":"https:\/\/narteks.net\/index.php\/wp-json\/wp\/v2\/posts\/4005","targetHints":{"allow":["GET"]}}],"collection":[{"href":"https:\/\/narteks.net\/index.php\/wp-json\/wp\/v2\/posts"}],"about":[{"href":"https:\/\/narteks.net\/index.php\/wp-json\/wp\/v2\/types\/post"}],"author":[{"embeddable":true,"href":"https:\/\/narteks.net\/index.php\/wp-json\/wp\/v2\/users\/1"}],"replies":[{"embeddable":true,"href":"https:\/\/narteks.net\/index.php\/wp-json\/wp\/v2\/comments?post=4005"}],"version-history":[{"count":0,"href":"https:\/\/narteks.net\/index.php\/wp-json\/wp\/v2\/posts\/4005\/revisions"}],"wp:attachment":[{"href":"https:\/\/narteks.net\/index.php\/wp-json\/wp\/v2\/media?parent=4005"}],"wp:term":[{"taxonomy":"category","embeddable":true,"href":"https:\/\/narteks.net\/index.php\/wp-json\/wp\/v2\/categories?post=4005"},{"taxonomy":"post_tag","embeddable":true,"href":"https:\/\/narteks.net\/index.php\/wp-json\/wp\/v2\/tags?post=4005"}],"curies":[{"name":"wp","href":"https:\/\/api.w.org\/{rel}","templated":true}]}}