{"id":4011,"date":"2010-01-27T01:00:00","date_gmt":"2010-01-26T22:00:00","guid":{"rendered":"http:\/\/localhost\/wordpress\/2010\/01\/27\/bir-daha-yazmamak-icin-yazmayi-surdurmek-gerekir-maurice-blanchot\/"},"modified":"2010-01-27T01:00:00","modified_gmt":"2010-01-26T22:00:00","slug":"bir-daha-yazmamak-icin-yazmayi-surdurmek-gerekir-maurice-blanchot","status":"publish","type":"post","link":"https:\/\/narteks.net\/index.php\/2010\/01\/27\/bir-daha-yazmamak-icin-yazmayi-surdurmek-gerekir-maurice-blanchot\/","title":{"rendered":"Bir daha yazmamak i\u00e7in yazmay\u0131 s\u00fcrd\u00fcrmek gerekir | Maurice Blanchot"},"content":{"rendered":"<p class=\"snap_preview\">\n<p class=\"posttitle\"><strong><img loading=\"lazy\" decoding=\"async\" src=\"images\/stories\/maurice_blanchot.jpg\" border=\"0\" width=\"155\" height=\"205\" style=\"float: left;\" \/><\/strong><\/p>\n<p style=\"text-align: justify;\">Ostinato\u2019dan konu\u015fmak gerekir derim, Ostinato\u2019nun s\u00f6z\u00fc edilmelidir, ama yoklu\u011funu hissederek saplant\u0131ya d\u00f6n\u00fc\u015ft\u00fcrd\u00fc\u011f\u00fcm bir dilde, s\u00f6zlerin yoklu\u011funda.M\u00fczikal bir yaz\u0131md\u0131r Ostinato. \u00c7e\u015fitlemesiz bir tema, geri gelen ve gelmeyen kudurgan bir motif. Alan Berg, Schumann\u2019da i\u015fitir onu, ben de i\u015fitiyorum, kafas\u0131nda i\u015flenemeden \u00e7\u0131nlay\u0131p duran \u015fu biricik nota gibi.Gen\u00e7 Paul Val\u00e9ry\u2019nin, b\u00fcy\u00fcs\u00fcne kap\u0131l\u0131p bir tek kesinli\u011fini sakl\u0131 tutmaya andi\u00e7ti\u011fi Leonardo da Vinci\u2019deki o \u201cinat\u00e7\u0131 kesinlik\u201d ayn\u0131 zamanda.<\/p>\n<p style=\"text-align: justify;\">Ama Louis-Ren\u00e9 des For\u00eats s\u00f6z konusu oldu\u011funda temel bir zorlukla kar\u015f\u0131 kar\u015f\u0131ya kal\u0131yoruz. \u00c7ok b\u00fcy\u00fck, sonsuz, \u00e7aresi bulunmaz bir felaket ya\u015fam\u0131\u015f olmal\u0131. \u00c7\u00f6k\u00fc\u015f, mutlak y\u0131k\u0131m. Neden sonra yoksun kalm\u0131\u015ft\u0131 yaz\u0131n\u0131n ba\u011f\u0131\u015flar\u0131ndan. Bunun bir yemin oldu\u011funu sanm\u0131yorum: \u201cbir daha yazmayaca\u011f\u0131m\u201d. Dile gelme ihtiyac\u0131 duymam\u0131\u015f bir yemin. Yazan ki\u015finin sanki derinliklere g\u00f6m\u00fcld\u00fc\u011f\u00fc bir vurgun. \u201cOrada bak\u0131n, bakir tuvalin en dip k\u00f6\u015fesinde, bir vurgunun kal\u0131nt\u0131lar\u0131.\u201d<\/p>\n<p style=\"text-align: justify;\">B\u00fct\u00fcn bunlar ger\u00e7ek diyebiliyorum (ne yaz\u0131kt\u0131r). Yazar y\u0131llar boyu yazmaz oldu. Ve b\u00f6ylesi bir kesintinin ka\u00e7\u0131n\u0131lmazl\u0131\u011f\u0131n\u0131 daha bir vurgulamak istercesine, t\u00fcm vaktini di\u011fer sanatlara ay\u0131rd\u0131: resim, desen, bilmem\u2026 \u2013belki m\u00fczik.<\/p>\n<p style=\"text-align: justify;\">G\u00fcn\u00fcn birinde, ne \u0131st\u0131rab\u0131n ne o z\u0131mni yeminin ne de daimi bo\u015flu\u011fun altedemedi\u011fi yazma ihtiyac\u0131na nas\u0131l yeniden gelip dayanm\u0131\u015f olabilir? Bir daha yazmamak i\u00e7in, yazmay\u0131 s\u00fcrd\u00fcrmek gerekti\u011finin, sonuna kadar ya da sondan ba\u015flayarak sonsuzca yazmak gerekti\u011finin fark\u0131na varm\u0131\u015ft\u0131r belki de.<\/p>\n<p style=\"text-align: justify;\">Kara varsa vard\u0131r aklar da; s\u00f6z ve g\u00fcr\u00fclt\u00fc kesilmek \u00fczere olu\u015fursa gelir ancak s\u00fck\u00fbnet.<\/p>\n<p style=\"text-align: justify;\">Ostinato metninin par\u00e7al\u0131 d\u00fczeninin, kesintili yap\u0131s\u0131n\u0131n temelinde de bu var (ama tek neden bu de\u011fil). Anlat\u0131n\u0131n belli bir seyri ya da zorunlu bir gerek\u00e7elendirme zincirini izlemedi\u011fi yaz\u0131lar kadar tehlikelisi yoktur, bunun tecr\u00fcbeyle sabit oldu\u011funu s\u00f6yleyebilirim. Bir g\u00fczerg\u00e2h varsa e\u011fer, k\u00f6r bir g\u00fczerg\u00e2ht\u0131r bu. Hi\u00e7bir yere var\u0131lmaz. Uzak da olsa, hedef kolayl\u0131\u011f\u0131 diye bir \u015fey, yoktur. Ne \u00f6zdeyi\u015fler, ne aforizmalar ne de sivri laflar, otomatik yaz\u0131n\u0131n geli\u015fig\u00fczelli\u011findense eser yok.<\/p>\n<p style=\"text-align: justify;\">Bir otobiyografi mi? Geni\u015f zamanda yaz\u0131lm\u0131\u015f (s\u00fcrenin d\u0131\u015f\u0131na \u00e7\u0131km\u0131\u015f) ve uzak, \u015fimdiden yans\u0131zla\u015fm\u0131\u015f, hatta ki\u015fisiz bir \u00fc\u00e7\u00fcnc\u00fc tekille g\u00f6sterilen birini uzak bir \u201cben\u201din \u00e7a\u011fr\u0131\u015f\u0131m\u0131n\u0131 engelleyerek ortaya koyan metni g\u00f6rmezden gelmek olur bu. (Louis-Ren\u00e9 des For\u00eats\u2019nin \u00f6nceki metinleri daha \u00e7ok birinci tekille yaz\u0131lm\u0131\u015ft\u0131, ama Ostinato\u2019nun \u00f6zel bir konumu vard\u0131 zaten, bensiz ben, itiraz\u0131, belirsizli\u011fi, ger\u00e7ek ve kurmaca aras\u0131ndaki gelgiti i\u015faret eden bir kip.)<\/p>\n<p style=\"text-align: justify;\">Ostinato\u2019nun geni\u015f zaman\u0131n\u0131n \u00e7e\u015fitli \u00f6zellikleri var: kimi vakit benzersiz bir bellek \u2013trajik bir bellek\u2013 g\u00fcn \u0131\u015f\u0131\u011f\u0131na \u00e7\u0131kar\u0131yor hat\u0131ralar\u0131, hen\u00fcz ya\u015fanmam\u0131\u015flar gibi yeniden ya\u015fanmalar\u0131n\u0131 zorunlu k\u0131l\u0131yor, bunlar\u0131n g\u00fcncelli\u011fine bir kez daha maruz kalmak gerekiyormu\u015f gibi; kimi vakit de, amans\u0131z bilin\u00e7 sonradan o b\u00fcy\u00fcleyici cazibeyi h\u00fck\u00fcms\u00fcz k\u0131lmak i\u00e7in didinse de, h\u00fck\u00fcmran g\u00fczelli\u011fiyle uhrevi bir mesaj \u2013kimi vakit de\u2026 hay\u0131r, burada b\u0131rak\u0131yorum: her okur kendine \u00f6zg\u00fc bir bi\u00e7imde bu zenginliklerin izini s\u00fcrecek, bunlar\u0131 kendisi aray\u0131p bulacakt\u0131r.<\/p>\n<p style=\"text-align: justify;\">Uzun bir suskunlu\u011fun ard\u0131ndan yazar\u0131 bir h\u00fck\u00fcm, hatta bir l\u00e2net gibi yakalay\u0131veren \u015fu konu\u015fma, yazma zorunlulu\u011funa d\u00f6n\u00fcyorum, \u201cSusmak m\u0131, olanaks\u0131z, sonsuza dek o dipsiz derinliklere g\u00f6m\u00fcp yitirdi\u011fini zannetti\u011fi sesinin orada yeniden y\u00fckseldi\u011fini duydu\u011funda bir nefret ve deh\u015fet dalgas\u0131yla sars\u0131lm\u0131\u015f olsa da, susman\u0131n bir yolu yok art\u0131k. Hay\u0131r, bu sese kar\u015f\u0131 koyacak g\u00fcc\u00fc \u00e7oktan yitirmi\u015f; yok olmu\u015f, bo\u011fulmu\u015f belki, ama orada h\u00e2l\u00e2, \u0131srarl\u0131, dirayetli, onu bir aymazl\u0131k an\u0131nda yakalay\u0131verip yeni bir i\u015fkencenin kollar\u0131na atmak i\u00e7in haz\u0131r bekliyor sanki\u201d.<\/p>\n<p style=\"text-align: justify;\">Bu nedenle kendi ad\u0131ma, yorumun yetersizli\u011fine katlanamad\u0131\u011f\u0131m ve bize ultima verba\u2019y\u0131 i\u015fittirme gayretindeki bir s\u00f6ylemin, kesin k\u0131r\u0131lma saplant\u0131s\u0131n\u0131n \u00f6\u011feleri aras\u0131ndaki ana hatt\u0131 yeniden kuramad\u0131\u011f\u0131m i\u00e7in, susaca\u011f\u0131m.<\/p>\n<p style=\"text-align: justify;\">Ostinato, ac\u0131 g\u00fczellik, ey!<\/p>\n<p style=\"text-align: justify;\">kitap-l\u0131k<\/p>\n<p style=\"text-align: justify;\">Say\u0131: 60 Nisan 2003<\/p><\/p>\n","protected":false},"excerpt":{"rendered":"<p>Ostinato\u2019dan konu\u015fmak gerekir derim, Ostinato\u2019nun s\u00f6z\u00fc edilmelidir, ama yoklu\u011funu hissederek saplant\u0131ya d\u00f6n\u00fc\u015ft\u00fcrd\u00fc\u011f\u00fcm bir dilde, s\u00f6zlerin yoklu\u011funda.M\u00fczikal bir yaz\u0131md\u0131r Ostinato. \u00c7e\u015fitlemesiz bir tema, geri gelen ve gelmeyen kudurgan bir motif. Alan Berg, Schumann\u2019da i\u015fitir onu, ben de i\u015fitiyorum, kafas\u0131nda i\u015flenemeden \u00e7\u0131nlay\u0131p duran \u015fu biricik nota gibi.Gen\u00e7 Paul Val\u00e9ry\u2019nin, b\u00fcy\u00fcs\u00fcne kap\u0131l\u0131p bir tek kesinli\u011fini sakl\u0131 tutmaya andi\u00e7ti\u011fi [&hellip;]<\/p>\n","protected":false},"author":1,"featured_media":0,"comment_status":"open","ping_status":"open","sticky":false,"template":"","format":"standard","meta":{"footnotes":""},"categories":[61],"tags":[],"class_list":{"0":"post-4011","1":"post","2":"type-post","3":"status-publish","4":"format-standard","6":"category-maurice-blanchot"},"yoast_head":"<!-- This site is optimized with the Yoast SEO Premium plugin v24.9 (Yoast SEO v24.9) - https:\/\/yoast.com\/wordpress\/plugins\/seo\/ -->\n<title>Bir daha yazmamak i\u00e7in yazmay\u0131 s\u00fcrd\u00fcrmek gerekir | Maurice Blanchot - narteks.net<\/title>\n<meta name=\"robots\" content=\"index, follow, max-snippet:-1, max-image-preview:large, max-video-preview:-1\" \/>\n<link rel=\"canonical\" href=\"https:\/\/narteks.net\/index.php\/2010\/01\/27\/bir-daha-yazmamak-icin-yazmayi-surdurmek-gerekir-maurice-blanchot\/\" \/>\n<meta property=\"og:locale\" content=\"tr_TR\" \/>\n<meta property=\"og:type\" content=\"article\" \/>\n<meta property=\"og:title\" content=\"Bir daha yazmamak i\u00e7in yazmay\u0131 s\u00fcrd\u00fcrmek gerekir | Maurice Blanchot\" \/>\n<meta property=\"og:description\" content=\"Ostinato\u2019dan konu\u015fmak gerekir derim, Ostinato\u2019nun s\u00f6z\u00fc edilmelidir, ama yoklu\u011funu hissederek saplant\u0131ya d\u00f6n\u00fc\u015ft\u00fcrd\u00fc\u011f\u00fcm bir dilde, s\u00f6zlerin yoklu\u011funda.M\u00fczikal bir yaz\u0131md\u0131r Ostinato. \u00c7e\u015fitlemesiz bir tema, geri gelen ve gelmeyen kudurgan bir motif. Alan Berg, Schumann\u2019da i\u015fitir onu, ben de i\u015fitiyorum, kafas\u0131nda i\u015flenemeden \u00e7\u0131nlay\u0131p duran \u015fu biricik nota gibi.Gen\u00e7 Paul Val\u00e9ry\u2019nin, b\u00fcy\u00fcs\u00fcne kap\u0131l\u0131p bir tek kesinli\u011fini sakl\u0131 tutmaya andi\u00e7ti\u011fi [&hellip;]\" \/>\n<meta property=\"og:url\" content=\"https:\/\/narteks.net\/index.php\/2010\/01\/27\/bir-daha-yazmamak-icin-yazmayi-surdurmek-gerekir-maurice-blanchot\/\" \/>\n<meta property=\"og:site_name\" content=\"narteks.net\" \/>\n<meta property=\"article:published_time\" content=\"2010-01-26T22:00:00+00:00\" \/>\n<meta property=\"og:image\" content=\"https:\/\/narteks.net\/wp-content\/uploads\/narteks.png\" \/>\n\t<meta property=\"og:image:width\" content=\"300\" \/>\n\t<meta property=\"og:image:height\" content=\"90\" \/>\n\t<meta property=\"og:image:type\" content=\"image\/png\" \/>\n<meta name=\"author\" content=\"Tar\u0131k\" \/>\n<meta name=\"twitter:card\" content=\"summary_large_image\" \/>\n<meta name=\"twitter:creator\" content=\"@narteks\" \/>\n<meta name=\"twitter:site\" content=\"@narteks\" \/>\n<meta name=\"twitter:label1\" content=\"Yazan:\" \/>\n\t<meta name=\"twitter:data1\" content=\"Tar\u0131k\" \/>\n\t<meta name=\"twitter:label2\" content=\"Tahmini okuma s\u00fcresi\" \/>\n\t<meta name=\"twitter:data2\" content=\"4 dakika\" \/>\n<script type=\"application\/ld+json\" class=\"yoast-schema-graph\">{\"@context\":\"https:\/\/schema.org\",\"@graph\":[{\"@type\":\"Article\",\"@id\":\"https:\/\/narteks.net\/index.php\/2010\/01\/27\/bir-daha-yazmamak-icin-yazmayi-surdurmek-gerekir-maurice-blanchot\/#article\",\"isPartOf\":{\"@id\":\"https:\/\/narteks.net\/index.php\/2010\/01\/27\/bir-daha-yazmamak-icin-yazmayi-surdurmek-gerekir-maurice-blanchot\/\"},\"author\":{\"name\":\"Tar\u0131k\",\"@id\":\"https:\/\/narteks.net\/#\/schema\/person\/61f37d9834294b72d31d274e7ed79bca\"},\"headline\":\"Bir daha yazmamak i\u00e7in yazmay\u0131 s\u00fcrd\u00fcrmek gerekir | Maurice Blanchot\",\"datePublished\":\"2010-01-26T22:00:00+00:00\",\"mainEntityOfPage\":{\"@id\":\"https:\/\/narteks.net\/index.php\/2010\/01\/27\/bir-daha-yazmamak-icin-yazmayi-surdurmek-gerekir-maurice-blanchot\/\"},\"wordCount\":771,\"commentCount\":0,\"publisher\":{\"@id\":\"https:\/\/narteks.net\/#organization\"},\"articleSection\":[\"Maurice BLANCHOT\"],\"inLanguage\":\"tr\",\"potentialAction\":[{\"@type\":\"CommentAction\",\"name\":\"Comment\",\"target\":[\"https:\/\/narteks.net\/index.php\/2010\/01\/27\/bir-daha-yazmamak-icin-yazmayi-surdurmek-gerekir-maurice-blanchot\/#respond\"]}]},{\"@type\":\"WebPage\",\"@id\":\"https:\/\/narteks.net\/index.php\/2010\/01\/27\/bir-daha-yazmamak-icin-yazmayi-surdurmek-gerekir-maurice-blanchot\/\",\"url\":\"https:\/\/narteks.net\/index.php\/2010\/01\/27\/bir-daha-yazmamak-icin-yazmayi-surdurmek-gerekir-maurice-blanchot\/\",\"name\":\"Bir daha yazmamak i\u00e7in yazmay\u0131 s\u00fcrd\u00fcrmek gerekir | Maurice Blanchot - narteks.net\",\"isPartOf\":{\"@id\":\"https:\/\/narteks.net\/#website\"},\"datePublished\":\"2010-01-26T22:00:00+00:00\",\"breadcrumb\":{\"@id\":\"https:\/\/narteks.net\/index.php\/2010\/01\/27\/bir-daha-yazmamak-icin-yazmayi-surdurmek-gerekir-maurice-blanchot\/#breadcrumb\"},\"inLanguage\":\"tr\",\"potentialAction\":[{\"@type\":\"ReadAction\",\"target\":[\"https:\/\/narteks.net\/index.php\/2010\/01\/27\/bir-daha-yazmamak-icin-yazmayi-surdurmek-gerekir-maurice-blanchot\/\"]}]},{\"@type\":\"BreadcrumbList\",\"@id\":\"https:\/\/narteks.net\/index.php\/2010\/01\/27\/bir-daha-yazmamak-icin-yazmayi-surdurmek-gerekir-maurice-blanchot\/#breadcrumb\",\"itemListElement\":[{\"@type\":\"ListItem\",\"position\":1,\"name\":\"Anasayfa\",\"item\":\"https:\/\/narteks.net\/\"},{\"@type\":\"ListItem\",\"position\":2,\"name\":\"Bir daha yazmamak i\u00e7in yazmay\u0131 s\u00fcrd\u00fcrmek gerekir | Maurice Blanchot\"}]},{\"@type\":\"WebSite\",\"@id\":\"https:\/\/narteks.net\/#website\",\"url\":\"https:\/\/narteks.net\/\",\"name\":\"narteks.net\",\"description\":\"K\u00fclt\u00fcr Sanat Edebiyat Felsefe\",\"publisher\":{\"@id\":\"https:\/\/narteks.net\/#organization\"},\"alternateName\":\"K\u00fclt\u00fcr Sanat Edebiyat Felsefe\",\"potentialAction\":[{\"@type\":\"SearchAction\",\"target\":{\"@type\":\"EntryPoint\",\"urlTemplate\":\"https:\/\/narteks.net\/?s={search_term_string}\"},\"query-input\":{\"@type\":\"PropertyValueSpecification\",\"valueRequired\":true,\"valueName\":\"search_term_string\"}}],\"inLanguage\":\"tr\"},{\"@type\":\"Organization\",\"@id\":\"https:\/\/narteks.net\/#organization\",\"name\":\"narteks.net\",\"url\":\"https:\/\/narteks.net\/\",\"logo\":{\"@type\":\"ImageObject\",\"inLanguage\":\"tr\",\"@id\":\"https:\/\/narteks.net\/#\/schema\/logo\/image\/\",\"url\":\"https:\/\/narteks.net\/wp-content\/uploads\/narteks.png\",\"contentUrl\":\"https:\/\/narteks.net\/wp-content\/uploads\/narteks.png\",\"width\":300,\"height\":90,\"caption\":\"narteks.net\"},\"image\":{\"@id\":\"https:\/\/narteks.net\/#\/schema\/logo\/image\/\"},\"sameAs\":[\"https:\/\/x.com\/narteks\",\"https:\/\/instagram.com\/narteksnet\"]},{\"@type\":\"Person\",\"@id\":\"https:\/\/narteks.net\/#\/schema\/person\/61f37d9834294b72d31d274e7ed79bca\",\"name\":\"Tar\u0131k\",\"image\":{\"@type\":\"ImageObject\",\"inLanguage\":\"tr\",\"@id\":\"https:\/\/narteks.net\/#\/schema\/person\/image\/\",\"url\":\"https:\/\/secure.gravatar.com\/avatar\/50865afb55632c4ae467e0af0930f6510aa2297d8014be502a55b14f3b7550cf?s=96&d=mm&r=g\",\"contentUrl\":\"https:\/\/secure.gravatar.com\/avatar\/50865afb55632c4ae467e0af0930f6510aa2297d8014be502a55b14f3b7550cf?s=96&d=mm&r=g\",\"caption\":\"Tar\u0131k\"},\"sameAs\":[\"http:\/\/narteks.net\"],\"url\":\"https:\/\/narteks.net\/index.php\/author\/narbak\/\"}]}<\/script>\n<!-- \/ Yoast SEO Premium plugin. -->","yoast_head_json":{"title":"Bir daha yazmamak i\u00e7in yazmay\u0131 s\u00fcrd\u00fcrmek gerekir | Maurice Blanchot - narteks.net","robots":{"index":"index","follow":"follow","max-snippet":"max-snippet:-1","max-image-preview":"max-image-preview:large","max-video-preview":"max-video-preview:-1"},"canonical":"https:\/\/narteks.net\/index.php\/2010\/01\/27\/bir-daha-yazmamak-icin-yazmayi-surdurmek-gerekir-maurice-blanchot\/","og_locale":"tr_TR","og_type":"article","og_title":"Bir daha yazmamak i\u00e7in yazmay\u0131 s\u00fcrd\u00fcrmek gerekir | Maurice Blanchot","og_description":"Ostinato\u2019dan konu\u015fmak gerekir derim, Ostinato\u2019nun s\u00f6z\u00fc edilmelidir, ama yoklu\u011funu hissederek saplant\u0131ya d\u00f6n\u00fc\u015ft\u00fcrd\u00fc\u011f\u00fcm bir dilde, s\u00f6zlerin yoklu\u011funda.M\u00fczikal bir yaz\u0131md\u0131r Ostinato. \u00c7e\u015fitlemesiz bir tema, geri gelen ve gelmeyen kudurgan bir motif. Alan Berg, Schumann\u2019da i\u015fitir onu, ben de i\u015fitiyorum, kafas\u0131nda i\u015flenemeden \u00e7\u0131nlay\u0131p duran \u015fu biricik nota gibi.Gen\u00e7 Paul Val\u00e9ry\u2019nin, b\u00fcy\u00fcs\u00fcne kap\u0131l\u0131p bir tek kesinli\u011fini sakl\u0131 tutmaya andi\u00e7ti\u011fi [&hellip;]","og_url":"https:\/\/narteks.net\/index.php\/2010\/01\/27\/bir-daha-yazmamak-icin-yazmayi-surdurmek-gerekir-maurice-blanchot\/","og_site_name":"narteks.net","article_published_time":"2010-01-26T22:00:00+00:00","og_image":[{"width":300,"height":90,"url":"https:\/\/narteks.net\/wp-content\/uploads\/narteks.png","type":"image\/png"}],"author":"Tar\u0131k","twitter_card":"summary_large_image","twitter_creator":"@narteks","twitter_site":"@narteks","twitter_misc":{"Yazan:":"Tar\u0131k","Tahmini okuma s\u00fcresi":"4 dakika"},"schema":{"@context":"https:\/\/schema.org","@graph":[{"@type":"Article","@id":"https:\/\/narteks.net\/index.php\/2010\/01\/27\/bir-daha-yazmamak-icin-yazmayi-surdurmek-gerekir-maurice-blanchot\/#article","isPartOf":{"@id":"https:\/\/narteks.net\/index.php\/2010\/01\/27\/bir-daha-yazmamak-icin-yazmayi-surdurmek-gerekir-maurice-blanchot\/"},"author":{"name":"Tar\u0131k","@id":"https:\/\/narteks.net\/#\/schema\/person\/61f37d9834294b72d31d274e7ed79bca"},"headline":"Bir daha yazmamak i\u00e7in yazmay\u0131 s\u00fcrd\u00fcrmek gerekir | Maurice Blanchot","datePublished":"2010-01-26T22:00:00+00:00","mainEntityOfPage":{"@id":"https:\/\/narteks.net\/index.php\/2010\/01\/27\/bir-daha-yazmamak-icin-yazmayi-surdurmek-gerekir-maurice-blanchot\/"},"wordCount":771,"commentCount":0,"publisher":{"@id":"https:\/\/narteks.net\/#organization"},"articleSection":["Maurice BLANCHOT"],"inLanguage":"tr","potentialAction":[{"@type":"CommentAction","name":"Comment","target":["https:\/\/narteks.net\/index.php\/2010\/01\/27\/bir-daha-yazmamak-icin-yazmayi-surdurmek-gerekir-maurice-blanchot\/#respond"]}]},{"@type":"WebPage","@id":"https:\/\/narteks.net\/index.php\/2010\/01\/27\/bir-daha-yazmamak-icin-yazmayi-surdurmek-gerekir-maurice-blanchot\/","url":"https:\/\/narteks.net\/index.php\/2010\/01\/27\/bir-daha-yazmamak-icin-yazmayi-surdurmek-gerekir-maurice-blanchot\/","name":"Bir daha yazmamak i\u00e7in yazmay\u0131 s\u00fcrd\u00fcrmek gerekir | Maurice Blanchot - narteks.net","isPartOf":{"@id":"https:\/\/narteks.net\/#website"},"datePublished":"2010-01-26T22:00:00+00:00","breadcrumb":{"@id":"https:\/\/narteks.net\/index.php\/2010\/01\/27\/bir-daha-yazmamak-icin-yazmayi-surdurmek-gerekir-maurice-blanchot\/#breadcrumb"},"inLanguage":"tr","potentialAction":[{"@type":"ReadAction","target":["https:\/\/narteks.net\/index.php\/2010\/01\/27\/bir-daha-yazmamak-icin-yazmayi-surdurmek-gerekir-maurice-blanchot\/"]}]},{"@type":"BreadcrumbList","@id":"https:\/\/narteks.net\/index.php\/2010\/01\/27\/bir-daha-yazmamak-icin-yazmayi-surdurmek-gerekir-maurice-blanchot\/#breadcrumb","itemListElement":[{"@type":"ListItem","position":1,"name":"Anasayfa","item":"https:\/\/narteks.net\/"},{"@type":"ListItem","position":2,"name":"Bir daha yazmamak i\u00e7in yazmay\u0131 s\u00fcrd\u00fcrmek gerekir | Maurice Blanchot"}]},{"@type":"WebSite","@id":"https:\/\/narteks.net\/#website","url":"https:\/\/narteks.net\/","name":"narteks.net","description":"K\u00fclt\u00fcr Sanat Edebiyat Felsefe","publisher":{"@id":"https:\/\/narteks.net\/#organization"},"alternateName":"K\u00fclt\u00fcr Sanat Edebiyat Felsefe","potentialAction":[{"@type":"SearchAction","target":{"@type":"EntryPoint","urlTemplate":"https:\/\/narteks.net\/?s={search_term_string}"},"query-input":{"@type":"PropertyValueSpecification","valueRequired":true,"valueName":"search_term_string"}}],"inLanguage":"tr"},{"@type":"Organization","@id":"https:\/\/narteks.net\/#organization","name":"narteks.net","url":"https:\/\/narteks.net\/","logo":{"@type":"ImageObject","inLanguage":"tr","@id":"https:\/\/narteks.net\/#\/schema\/logo\/image\/","url":"https:\/\/narteks.net\/wp-content\/uploads\/narteks.png","contentUrl":"https:\/\/narteks.net\/wp-content\/uploads\/narteks.png","width":300,"height":90,"caption":"narteks.net"},"image":{"@id":"https:\/\/narteks.net\/#\/schema\/logo\/image\/"},"sameAs":["https:\/\/x.com\/narteks","https:\/\/instagram.com\/narteksnet"]},{"@type":"Person","@id":"https:\/\/narteks.net\/#\/schema\/person\/61f37d9834294b72d31d274e7ed79bca","name":"Tar\u0131k","image":{"@type":"ImageObject","inLanguage":"tr","@id":"https:\/\/narteks.net\/#\/schema\/person\/image\/","url":"https:\/\/secure.gravatar.com\/avatar\/50865afb55632c4ae467e0af0930f6510aa2297d8014be502a55b14f3b7550cf?s=96&d=mm&r=g","contentUrl":"https:\/\/secure.gravatar.com\/avatar\/50865afb55632c4ae467e0af0930f6510aa2297d8014be502a55b14f3b7550cf?s=96&d=mm&r=g","caption":"Tar\u0131k"},"sameAs":["http:\/\/narteks.net"],"url":"https:\/\/narteks.net\/index.php\/author\/narbak\/"}]}},"_links":{"self":[{"href":"https:\/\/narteks.net\/index.php\/wp-json\/wp\/v2\/posts\/4011","targetHints":{"allow":["GET"]}}],"collection":[{"href":"https:\/\/narteks.net\/index.php\/wp-json\/wp\/v2\/posts"}],"about":[{"href":"https:\/\/narteks.net\/index.php\/wp-json\/wp\/v2\/types\/post"}],"author":[{"embeddable":true,"href":"https:\/\/narteks.net\/index.php\/wp-json\/wp\/v2\/users\/1"}],"replies":[{"embeddable":true,"href":"https:\/\/narteks.net\/index.php\/wp-json\/wp\/v2\/comments?post=4011"}],"version-history":[{"count":0,"href":"https:\/\/narteks.net\/index.php\/wp-json\/wp\/v2\/posts\/4011\/revisions"}],"wp:attachment":[{"href":"https:\/\/narteks.net\/index.php\/wp-json\/wp\/v2\/media?parent=4011"}],"wp:term":[{"taxonomy":"category","embeddable":true,"href":"https:\/\/narteks.net\/index.php\/wp-json\/wp\/v2\/categories?post=4011"},{"taxonomy":"post_tag","embeddable":true,"href":"https:\/\/narteks.net\/index.php\/wp-json\/wp\/v2\/tags?post=4011"}],"curies":[{"name":"wp","href":"https:\/\/api.w.org\/{rel}","templated":true}]}}