{"id":4026,"date":"2010-01-18T13:57:14","date_gmt":"2010-01-18T10:57:14","guid":{"rendered":"http:\/\/localhost\/wordpress\/2010\/01\/18\/koyde-ona-kor-mustafa-derlerdi-karanfiller-ve-domates-suyu-sait-faik-abasiyanik\/"},"modified":"2010-01-18T13:57:14","modified_gmt":"2010-01-18T10:57:14","slug":"koyde-ona-kor-mustafa-derlerdi-karanfiller-ve-domates-suyu-sait-faik-abasiyanik","status":"publish","type":"post","link":"https:\/\/narteks.net\/index.php\/2010\/01\/18\/koyde-ona-kor-mustafa-derlerdi-karanfiller-ve-domates-suyu-sait-faik-abasiyanik\/","title":{"rendered":"K\u00f6yde ona,  K\u00f6r Mustafa  derlerdi | Karanfiller ve Domates Suyu &#8211; Sait Faik Abas\u0131yan\u0131k"},"content":{"rendered":"<p><strong><img loading=\"lazy\" decoding=\"async\" src=\"images\/stories\/saitfaikabasyanik.jpg\" border=\"0\" width=\"155\" height=\"205\" style=\"float: left;\" \/><\/strong><\/p>\n<p style=\"text-align: justify;\">K\u00fc\u00e7\u00fck bir \u00e7am orman\u0131. Vakit sabah. Ar\u0131, sinek, ku\u015f sesi. Bir siyah g\u00f6zl\u00fckten g\u00f6r\u00fclen yerde ve a\u011fa\u00e7larda g\u00fcne\u015f par\u00e7alar\u0131. Sonra uzak, g\u00f6\u011f\u00fcn, kendi renginden biraz daha koyu k\u0131y\u0131lara giden hudutlu bir deniz&#8230; \u0130\u015fte b\u00f6yle bir yerde k\u00f6y\u00fcn insanlar\u0131n\u0131 d\u00fc\u015f\u00fcn\u00fcyorum. Kitaplar, bir zaman bana, insanlar\u0131 sevmek laz\u0131m geldi\u011fini, insanlar\u0131 sevince tabiat\u0131n, tabiat\u0131 sevince d\u00fcnyan\u0131n sevilece\u011fini, oradan ya\u015fama sevinci duyulaca\u011f\u0131n\u0131 \u00f6\u011fretmi\u015ftiler.<\/p>\n<p style=\"text-align: justify;\">Hay\u0131r, \u015fimdi insanlar\u0131, kitaplar\u0131n \u00f6\u011fretti\u011fi \u015fekilde sevmiyorum. \u015eiirler, romanlar, hikayeler, masallar bana bu ilmi tahsil ettirmi\u015flerdir. Beyinin vapurdan iner inmez \u00e7antas\u0131n\u0131 kapan u\u015faktan i\u011frenmemeyi, sabahleyin alt\u0131 bu\u00e7ukta tabiatla kavga i\u00e7in soka\u011fa f\u0131rlamayan adam\u0131n \u00e7al\u0131\u015fmad\u0131\u011f\u0131n\u0131 kendi kendime \u00f6\u011frendim. Ama \u015fu sabahleyin alt\u0131 bu\u00e7ukta tabiatla kavga i\u00e7in soka\u011fa f\u0131rlamayan adam, isterse ak\u015fama kadar insanlar\u0131 aldatmak i\u00e7in didinsin. Ka\u00e7 para eder! G\u00f6z\u00fcmde, milyonu olsa da, kalp para ile metelik etmez. \u015eimdi art\u0131k kimi sevdi\u011fimi, kime sayg\u0131 duydu\u011fumu biliyorum. G\u00fcnlerden beri kafam\u0131 bir adam kapl\u0131yor (i\u015fgal ediyor dememek i\u00e7in). K\u00f6yde ona,\u00a0 K\u00f6r Mustafa\u00a0 derlerdi. Bir g\u00f6z\u00fc sola do\u011fru biraz kaym\u0131\u015ft\u0131. Sa\u011f taraf\u0131n\u0131n beyaz\u0131 ile g\u00f6zkapa\u011f\u0131 aras\u0131na ci\u011fer k\u0131rm\u0131z\u0131s\u0131 bir et par\u00e7as\u0131 oturmu\u015ftu. B\u00f6yle mi do\u011fmu\u015ftur? Yoksa \u00e7ocukken bir \u015fey mi batm\u0131\u015ft\u0131r?&#8230; <br \/>Bu ar\u0131zal\u0131 g\u00f6z, \u00f6teki g\u00f6zden daha parlakt\u0131r, daha siyah, daha canl\u0131, daha zekidir. Bana, bir kamburu hat\u0131rlat\u0131yor bu g\u00f6z; tuhaf de\u011fil mi: Bir kambur insan \u00e7irkindir ama, b\u00fct\u00fcn kamburlar iyi y\u00fcrekli, sevimli insanlard\u0131r. Arkada\u015f canl\u0131s\u0131d\u0131rlar, \u015fendirler. Ne severim kamburlar\u0131!&#8230;<br \/>\u0130\u015fte, K\u00f6r Mustafa n\u0131n bu g\u00f6z\u00fc de bir kambur insan\u0131n ruh haletini i\u00e7ine sindirmi\u015f, \u015f\u0131k\u0131r \u015f\u0131k\u0131r, p\u0131r\u0131l p\u0131r\u0131l, sevimli, \u00e7apk\u0131n, canl\u0131 bir g\u00f6zd\u00fcr. \u00d6teki do\u011fru d\u00fcr\u00fcst g\u00f6z, onun yan\u0131nda, mah\u00e7up, s\u00f6n\u00fck, tats\u0131z tuzsuz, pek de kibirlidir. K\u00f6r Mustafa, bah\u00e7elerde \u00e7al\u0131\u015f\u0131r, g\u00fcndeli\u011fe gider, sarn\u0131\u00e7 s\u0131var, dam aktar\u0131r, kuyu kazar&#8230; Bizim k\u00f6y\u00fcn lodos taraf\u0131 gayri meskundur. Orada fundalar, yabani me\u015fe palamutlar\u0131, kocayemi\u015fler, \u00e7al\u0131 s\u00fcp\u00fcrgeleri bir t\u00fcrl\u00fc a\u011fa\u00e7 haline gelmeden, ama a\u011fac\u0131 taklit edercesine geli\u015fir, birbirinin i\u00e7ine girmi\u015f ya\u015farlar. B\u00fct\u00fcn bu fundal\u0131klar Fino kilisesinin mal\u0131d\u0131r. Kocaman, kirli sakall\u0131, cin gibi bir papaz fundal\u0131klar\u00a0 bizimdir\u00a0 diye, arada bir dola\u015f\u0131r. \u0130steyen olursa ucuza kiraya verir. Ama kimse kiralamaz. \u00c7\u00fcnk\u00fc, orman memuru buralar\u0131, Orman Kanunu gere\u011fince orman sayar. Aralar\u0131nda \u00fc\u00e7 be\u015f ufac\u0131k \u00e7am a\u011fac\u0131n\u0131n bo\u011fuldu\u011fu yabani, c\u00fcce, oduna bile gelmez \u00e7al\u0131 \u00e7\u0131rp\u0131; orman memurunun, Orman Kanunu sayesinde mes ut ya\u015far. K\u00f6r Mustafa nas\u0131l becerdi bilmem&#8230; <br \/>Denize diklemesine inen bu \u00e7al\u0131l\u0131\u011f\u0131n bir k\u0131sm\u0131n\u0131 ne pahas\u0131na ay\u0131klad\u0131, biliyor musunuz; t\u0131rnaklar\u0131 pahas\u0131na. O \u00e7al\u0131 \u00e7\u0131rp\u0131n\u0131n sere serpe geli\u015fti\u011fi, bu denizlere diklemesine inen toprak \u00f6yle ta\u015fl\u0131k, \u00f6yle ta\u015fl\u0131kt\u0131 ki&#8230; Sonra Mustafa g\u00fcnd\u00fczleri ba\u015fka yerde \u00e7al\u0131\u015fmak zorundayd\u0131. Ak\u015fam olunca \u00e7al\u0131lar\u0131n aras\u0131na saklad\u0131\u011f\u0131 kazmas\u0131n\u0131 al\u0131yor, g\u00fcn a\u011far\u0131ncaya kadar s\u00f6k\u00fcyor, kopar\u0131yor, kaz\u0131yordu. Kazd\u0131k\u00e7a kaya, kazd\u0131k\u00e7a ta\u015f. B\u00fct\u00fcn bir yaz, b\u00fct\u00fcn bir k\u0131\u015f, orman memurunun tazyiki, \u00e7al\u0131, palamut, defne, kocayemi\u015f, diken, ot, k\u00f6k ona kar\u015f\u0131 koydular. Bu korkun\u00e7 m\u00fccadeleye \u00fc\u00e7 evlek toprak i\u00e7in Mustafa dan ba\u015fka bizim k\u00f6yde kimse giri\u015femezdi. Kaya bitip de yumu\u015fak, esmer, pembe bir funda topra\u011f\u0131 bir kar\u0131\u015f meydana \u00e7\u0131k\u0131nca bir me\u015fe palamudunun korkun\u00e7 y\u0131lan gibi k\u00f6k\u00fc \u00f6n\u00fcne \u00e7\u0131kard\u0131. Onu s\u00f6k\u00fcnce, orman memurunu kar\u015f\u0131s\u0131nda bulurdu. O gidince, zehirli bir diken ba\u015fparma\u011f\u0131n\u0131 \u015fi\u015firirdi; kazma k\u00f6rlenir, k\u00fcrek bulamaz, ta\u015f da\u011f gibi y\u0131\u011f\u0131l\u0131rd\u0131. \u0130nsan b\u00fcy\u00fckl\u00fc\u011f\u00fcnde bir kaya, yumu\u015fak topra\u011f\u0131n \u00fcst\u00fcnde, alt\u0131ndaki bir insan b\u00fcy\u00fckl\u00fc\u011f\u00fcnde c\u00fcssesini hi\u00e7 belli etmeden yosunlu y\u00fcz\u00fcyle dikilir. Ormanlar\u0131, t\u0131rnaklar\u0131, ayaklar\u0131, g\u00f6\u011fs\u00fc, s\u0131rt\u0131, b\u00fct\u00fcn kuvvetiyle dayan\u0131r, onu yener, y\u0131kard\u0131. Kazma i\u015f g\u00f6rmedi\u011fi zaman yumru\u011fu, yumru\u011fu yetmedi\u011fi zaman parmaklar\u0131, parmaklar\u0131 kal\u0131n geldi\u011fi zaman t\u0131rnaklar\u0131 ile topra\u011f\u0131 t\u0131rmalard\u0131&#8230; <br \/>Bir sonbahar g\u00fcn\u00fc bakt\u0131 ki, k\u00fc\u00e7\u00fck \u00e7am a\u011fa\u00e7lar\u0131 filizi, k\u00f6rpe diken yapraklar\u0131yla, \u00fc\u00e7 be\u015f kocayemi\u015f \u00e7\u0131ng\u0131l \u00e7\u0131ng\u0131l yemi\u015fleriyle yer yer esmer pembe, k\u00fcl rengi topra\u011fa saye salar. Biz g\u00f6renler: Bakarsan ba\u011f, bakmazsan da\u011f olur, dedik. Bilmedik ki di\u015fle, t\u0131rnakla, kanla, canla tabiat denilen canavar\u0131 yenmek laz\u0131md\u0131r. Bendeniz bu m\u00fccadeleye \u015fahidim. Mustafa n\u0131n k\u00f6r g\u00f6z\u00fc, hiddetten ala buland\u0131\u011f\u0131 g\u00fcnleri hat\u0131rl\u0131yorum.\u00a0 Hay arslan Mustafa , der; uzakta bir \u00e7am g\u00f6lgesinden korkun\u00e7 kavgay\u0131 seyrederdim. Bu kavga, Romal\u0131 esirlerin arslanla d\u00f6\u011f\u00fc\u015fmesinden \u015fu itibarla farkl\u0131 idi ki, Romal\u0131 esir, arslana bir \u00e7eyrek saat i\u00e7inde yeniliyordu. Mustafa, ejderhay\u0131 bir sene i\u00e7inde, bazen \u00fcmitsizlikten, bazen \u00fcmitten yeniyordu. Bir sabah her zamanki \u00e7am\u0131n alt\u0131na vard\u0131m ki, bir k\u00f6yl\u00fc kad\u0131n, \u00fc\u00e7 yar\u0131 \u00e7\u0131plak \u00e7ocuk garip birtak\u0131m ta\u015flar, tahtalar, sa\u00e7larla bir\u015feyler yaparlar. Bu, her taraf\u0131ndan poyraz, lodos, g\u00fcndo\u011fusu, ke\u015fi\u015fleme, y\u0131ld\u0131z, karayel r\u00fczgar\u0131 giren bir evdi. Mustafa arkas\u0131na ye\u015filler giymi\u015f g\u00fc\u00e7l\u00fc kuvvetli bir kad\u0131n takm\u0131\u015f, \u00fc\u00e7 evle\u011fine \u00e7izgiler, ocaklar a\u00e7\u0131yordu.<br \/>Arslan Mustafa, dedim, su buldun mu, su? Deniz k\u0131y\u0131s\u0131nda eski bir kuyu vard\u0131. Tuzlu bir par\u00e7a ama, idare edece\u011fiz. \u015euraya bir sarn\u0131\u00e7 kazabilsem&#8230; Onu g\u00f6rd\u00fcn m\u00fc toparlan\u0131yor; hayret, sevgi ve sayg\u0131 ile bak\u0131yorum. Koca yaylam\u0131z\u0131n \u00fczerinde b\u00f6yle milyonlarca insan bulundu\u011funu d\u00fc\u015f\u00fcn\u00fcyorum. Yine d\u00fcnya yuvarla\u011f\u0131 \u00fczerinde b\u00f6yle milyonlarca insan\u0131n t\u0131rnaklar\u0131, nas\u0131rlar\u0131, \u00e7irkinlikleri, tek g\u00f6zleri, tek kollar\u0131yla, bir ejderha ile kavga etmek i\u00e7in bekle\u015ftiklerini d\u00fc\u015f\u00fcn\u00fcyorum. <br \/>K\u00fc\u00e7\u00fck han\u0131mlar! Bug\u00fcnlerde bir g\u00fcn ni\u015fanl\u0131n\u0131z size koyu al renkli karanfiller g\u00f6nderecektir. Dikkat edin, belki Mustafa n\u0131nkilerdir. K\u00fc\u00e7\u00fck beyler, domatesler g\u00f6receksiniz \u00e7ar\u015f\u0131da. Elmalar, ferik elmalar\u0131 gibi kokulu, \u015fekerli, tatl\u0131d\u0131r. Keserseniz i\u00e7inde \u00e7ekirdekleri alt\u0131n gibi parlar. Belki de lokantada bir g\u00fcn \u015fi\u015felere doldurulmu\u015f bir domates suyu i\u00e7ersiniz ve tad\u0131n\u0131 fevkalade bulursunuz. Yunan tanr\u0131lar\u0131n\u0131n \u00f6lmemek i\u00e7in i\u00e7ti\u011fi nektar lezzetini dama\u011f\u0131n\u0131zda hissedersiniz, emin olun ki Mustafa n\u0131n domateslerinden bir tanesi, i\u00e7ti\u011finiz suya kat\u0131lm\u0131\u015ft\u0131r.<\/p>\n","protected":false},"excerpt":{"rendered":"<p>K\u00fc\u00e7\u00fck bir \u00e7am orman\u0131. Vakit sabah. Ar\u0131, sinek, ku\u015f sesi. Bir siyah g\u00f6zl\u00fckten g\u00f6r\u00fclen yerde ve a\u011fa\u00e7larda g\u00fcne\u015f par\u00e7alar\u0131. Sonra uzak, g\u00f6\u011f\u00fcn, kendi renginden biraz daha koyu k\u0131y\u0131lara giden hudutlu bir deniz&#8230; \u0130\u015fte b\u00f6yle bir yerde k\u00f6y\u00fcn insanlar\u0131n\u0131 d\u00fc\u015f\u00fcn\u00fcyorum. Kitaplar, bir zaman bana, insanlar\u0131 sevmek laz\u0131m geldi\u011fini, insanlar\u0131 sevince tabiat\u0131n, tabiat\u0131 sevince d\u00fcnyan\u0131n sevilece\u011fini, oradan [&hellip;]<\/p>\n","protected":false},"author":1,"featured_media":0,"comment_status":"open","ping_status":"open","sticky":false,"template":"","format":"standard","meta":{"footnotes":""},"categories":[114],"tags":[],"class_list":{"0":"post-4026","1":"post","2":"type-post","3":"status-publish","4":"format-standard","6":"category-turkiye-den-oykuler"},"yoast_head":"<!-- This site is optimized with the Yoast SEO Premium plugin v24.9 (Yoast SEO v24.9) - https:\/\/yoast.com\/wordpress\/plugins\/seo\/ -->\n<title>K\u00f6yde ona, K\u00f6r Mustafa derlerdi | Karanfiller ve Domates Suyu - Sait Faik Abas\u0131yan\u0131k - narteks.net<\/title>\n<meta name=\"robots\" content=\"index, follow, max-snippet:-1, max-image-preview:large, max-video-preview:-1\" \/>\n<link rel=\"canonical\" href=\"https:\/\/narteks.net\/index.php\/2010\/01\/18\/koyde-ona-kor-mustafa-derlerdi-karanfiller-ve-domates-suyu-sait-faik-abasiyanik\/\" \/>\n<meta property=\"og:locale\" content=\"tr_TR\" \/>\n<meta property=\"og:type\" content=\"article\" \/>\n<meta property=\"og:title\" content=\"K\u00f6yde ona, K\u00f6r Mustafa derlerdi | Karanfiller ve Domates Suyu - Sait Faik Abas\u0131yan\u0131k\" \/>\n<meta property=\"og:description\" content=\"K\u00fc\u00e7\u00fck bir \u00e7am orman\u0131. Vakit sabah. Ar\u0131, sinek, ku\u015f sesi. Bir siyah g\u00f6zl\u00fckten g\u00f6r\u00fclen yerde ve a\u011fa\u00e7larda g\u00fcne\u015f par\u00e7alar\u0131. Sonra uzak, g\u00f6\u011f\u00fcn, kendi renginden biraz daha koyu k\u0131y\u0131lara giden hudutlu bir deniz&#8230; \u0130\u015fte b\u00f6yle bir yerde k\u00f6y\u00fcn insanlar\u0131n\u0131 d\u00fc\u015f\u00fcn\u00fcyorum. Kitaplar, bir zaman bana, insanlar\u0131 sevmek laz\u0131m geldi\u011fini, insanlar\u0131 sevince tabiat\u0131n, tabiat\u0131 sevince d\u00fcnyan\u0131n sevilece\u011fini, oradan [&hellip;]\" \/>\n<meta property=\"og:url\" content=\"https:\/\/narteks.net\/index.php\/2010\/01\/18\/koyde-ona-kor-mustafa-derlerdi-karanfiller-ve-domates-suyu-sait-faik-abasiyanik\/\" \/>\n<meta property=\"og:site_name\" content=\"narteks.net\" \/>\n<meta property=\"article:published_time\" content=\"2010-01-18T10:57:14+00:00\" \/>\n<meta property=\"og:image\" content=\"https:\/\/narteks.net\/wp-content\/uploads\/narteks.png\" \/>\n\t<meta property=\"og:image:width\" content=\"300\" \/>\n\t<meta property=\"og:image:height\" content=\"90\" \/>\n\t<meta property=\"og:image:type\" content=\"image\/png\" \/>\n<meta name=\"author\" content=\"Tar\u0131k\" \/>\n<meta name=\"twitter:card\" content=\"summary_large_image\" \/>\n<meta name=\"twitter:creator\" content=\"@narteks\" \/>\n<meta name=\"twitter:site\" content=\"@narteks\" \/>\n<meta name=\"twitter:label1\" content=\"Yazan:\" \/>\n\t<meta name=\"twitter:data1\" content=\"Tar\u0131k\" \/>\n\t<meta name=\"twitter:label2\" content=\"Tahmini okuma s\u00fcresi\" \/>\n\t<meta name=\"twitter:data2\" content=\"6 dakika\" \/>\n<script type=\"application\/ld+json\" class=\"yoast-schema-graph\">{\"@context\":\"https:\/\/schema.org\",\"@graph\":[{\"@type\":\"Article\",\"@id\":\"https:\/\/narteks.net\/index.php\/2010\/01\/18\/koyde-ona-kor-mustafa-derlerdi-karanfiller-ve-domates-suyu-sait-faik-abasiyanik\/#article\",\"isPartOf\":{\"@id\":\"https:\/\/narteks.net\/index.php\/2010\/01\/18\/koyde-ona-kor-mustafa-derlerdi-karanfiller-ve-domates-suyu-sait-faik-abasiyanik\/\"},\"author\":{\"name\":\"Tar\u0131k\",\"@id\":\"https:\/\/narteks.net\/#\/schema\/person\/61f37d9834294b72d31d274e7ed79bca\"},\"headline\":\"K\u00f6yde ona, K\u00f6r Mustafa derlerdi | Karanfiller ve Domates Suyu &#8211; Sait Faik Abas\u0131yan\u0131k\",\"datePublished\":\"2010-01-18T10:57:14+00:00\",\"mainEntityOfPage\":{\"@id\":\"https:\/\/narteks.net\/index.php\/2010\/01\/18\/koyde-ona-kor-mustafa-derlerdi-karanfiller-ve-domates-suyu-sait-faik-abasiyanik\/\"},\"wordCount\":1178,\"commentCount\":0,\"publisher\":{\"@id\":\"https:\/\/narteks.net\/#organization\"},\"articleSection\":[\"T\u00fcrkiye'den \u00d6yk\u00fcler\"],\"inLanguage\":\"tr\",\"potentialAction\":[{\"@type\":\"CommentAction\",\"name\":\"Comment\",\"target\":[\"https:\/\/narteks.net\/index.php\/2010\/01\/18\/koyde-ona-kor-mustafa-derlerdi-karanfiller-ve-domates-suyu-sait-faik-abasiyanik\/#respond\"]}]},{\"@type\":\"WebPage\",\"@id\":\"https:\/\/narteks.net\/index.php\/2010\/01\/18\/koyde-ona-kor-mustafa-derlerdi-karanfiller-ve-domates-suyu-sait-faik-abasiyanik\/\",\"url\":\"https:\/\/narteks.net\/index.php\/2010\/01\/18\/koyde-ona-kor-mustafa-derlerdi-karanfiller-ve-domates-suyu-sait-faik-abasiyanik\/\",\"name\":\"K\u00f6yde ona, K\u00f6r Mustafa derlerdi | Karanfiller ve Domates Suyu - Sait Faik Abas\u0131yan\u0131k - narteks.net\",\"isPartOf\":{\"@id\":\"https:\/\/narteks.net\/#website\"},\"datePublished\":\"2010-01-18T10:57:14+00:00\",\"breadcrumb\":{\"@id\":\"https:\/\/narteks.net\/index.php\/2010\/01\/18\/koyde-ona-kor-mustafa-derlerdi-karanfiller-ve-domates-suyu-sait-faik-abasiyanik\/#breadcrumb\"},\"inLanguage\":\"tr\",\"potentialAction\":[{\"@type\":\"ReadAction\",\"target\":[\"https:\/\/narteks.net\/index.php\/2010\/01\/18\/koyde-ona-kor-mustafa-derlerdi-karanfiller-ve-domates-suyu-sait-faik-abasiyanik\/\"]}]},{\"@type\":\"BreadcrumbList\",\"@id\":\"https:\/\/narteks.net\/index.php\/2010\/01\/18\/koyde-ona-kor-mustafa-derlerdi-karanfiller-ve-domates-suyu-sait-faik-abasiyanik\/#breadcrumb\",\"itemListElement\":[{\"@type\":\"ListItem\",\"position\":1,\"name\":\"Anasayfa\",\"item\":\"https:\/\/narteks.net\/\"},{\"@type\":\"ListItem\",\"position\":2,\"name\":\"K\u00f6yde ona, K\u00f6r Mustafa derlerdi | Karanfiller ve Domates Suyu &#8211; Sait Faik Abas\u0131yan\u0131k\"}]},{\"@type\":\"WebSite\",\"@id\":\"https:\/\/narteks.net\/#website\",\"url\":\"https:\/\/narteks.net\/\",\"name\":\"narteks.net\",\"description\":\"K\u00fclt\u00fcr Sanat Edebiyat Felsefe\",\"publisher\":{\"@id\":\"https:\/\/narteks.net\/#organization\"},\"alternateName\":\"K\u00fclt\u00fcr Sanat Edebiyat Felsefe\",\"potentialAction\":[{\"@type\":\"SearchAction\",\"target\":{\"@type\":\"EntryPoint\",\"urlTemplate\":\"https:\/\/narteks.net\/?s={search_term_string}\"},\"query-input\":{\"@type\":\"PropertyValueSpecification\",\"valueRequired\":true,\"valueName\":\"search_term_string\"}}],\"inLanguage\":\"tr\"},{\"@type\":\"Organization\",\"@id\":\"https:\/\/narteks.net\/#organization\",\"name\":\"narteks.net\",\"url\":\"https:\/\/narteks.net\/\",\"logo\":{\"@type\":\"ImageObject\",\"inLanguage\":\"tr\",\"@id\":\"https:\/\/narteks.net\/#\/schema\/logo\/image\/\",\"url\":\"https:\/\/narteks.net\/wp-content\/uploads\/narteks.png\",\"contentUrl\":\"https:\/\/narteks.net\/wp-content\/uploads\/narteks.png\",\"width\":300,\"height\":90,\"caption\":\"narteks.net\"},\"image\":{\"@id\":\"https:\/\/narteks.net\/#\/schema\/logo\/image\/\"},\"sameAs\":[\"https:\/\/x.com\/narteks\",\"https:\/\/instagram.com\/narteksnet\"]},{\"@type\":\"Person\",\"@id\":\"https:\/\/narteks.net\/#\/schema\/person\/61f37d9834294b72d31d274e7ed79bca\",\"name\":\"Tar\u0131k\",\"image\":{\"@type\":\"ImageObject\",\"inLanguage\":\"tr\",\"@id\":\"https:\/\/narteks.net\/#\/schema\/person\/image\/\",\"url\":\"https:\/\/secure.gravatar.com\/avatar\/50865afb55632c4ae467e0af0930f6510aa2297d8014be502a55b14f3b7550cf?s=96&d=mm&r=g\",\"contentUrl\":\"https:\/\/secure.gravatar.com\/avatar\/50865afb55632c4ae467e0af0930f6510aa2297d8014be502a55b14f3b7550cf?s=96&d=mm&r=g\",\"caption\":\"Tar\u0131k\"},\"sameAs\":[\"http:\/\/narteks.net\"],\"url\":\"https:\/\/narteks.net\/index.php\/author\/narbak\/\"}]}<\/script>\n<!-- \/ Yoast SEO Premium plugin. -->","yoast_head_json":{"title":"K\u00f6yde ona, K\u00f6r Mustafa derlerdi | Karanfiller ve Domates Suyu - Sait Faik Abas\u0131yan\u0131k - narteks.net","robots":{"index":"index","follow":"follow","max-snippet":"max-snippet:-1","max-image-preview":"max-image-preview:large","max-video-preview":"max-video-preview:-1"},"canonical":"https:\/\/narteks.net\/index.php\/2010\/01\/18\/koyde-ona-kor-mustafa-derlerdi-karanfiller-ve-domates-suyu-sait-faik-abasiyanik\/","og_locale":"tr_TR","og_type":"article","og_title":"K\u00f6yde ona, K\u00f6r Mustafa derlerdi | Karanfiller ve Domates Suyu - Sait Faik Abas\u0131yan\u0131k","og_description":"K\u00fc\u00e7\u00fck bir \u00e7am orman\u0131. Vakit sabah. Ar\u0131, sinek, ku\u015f sesi. Bir siyah g\u00f6zl\u00fckten g\u00f6r\u00fclen yerde ve a\u011fa\u00e7larda g\u00fcne\u015f par\u00e7alar\u0131. Sonra uzak, g\u00f6\u011f\u00fcn, kendi renginden biraz daha koyu k\u0131y\u0131lara giden hudutlu bir deniz&#8230; \u0130\u015fte b\u00f6yle bir yerde k\u00f6y\u00fcn insanlar\u0131n\u0131 d\u00fc\u015f\u00fcn\u00fcyorum. Kitaplar, bir zaman bana, insanlar\u0131 sevmek laz\u0131m geldi\u011fini, insanlar\u0131 sevince tabiat\u0131n, tabiat\u0131 sevince d\u00fcnyan\u0131n sevilece\u011fini, oradan [&hellip;]","og_url":"https:\/\/narteks.net\/index.php\/2010\/01\/18\/koyde-ona-kor-mustafa-derlerdi-karanfiller-ve-domates-suyu-sait-faik-abasiyanik\/","og_site_name":"narteks.net","article_published_time":"2010-01-18T10:57:14+00:00","og_image":[{"width":300,"height":90,"url":"https:\/\/narteks.net\/wp-content\/uploads\/narteks.png","type":"image\/png"}],"author":"Tar\u0131k","twitter_card":"summary_large_image","twitter_creator":"@narteks","twitter_site":"@narteks","twitter_misc":{"Yazan:":"Tar\u0131k","Tahmini okuma s\u00fcresi":"6 dakika"},"schema":{"@context":"https:\/\/schema.org","@graph":[{"@type":"Article","@id":"https:\/\/narteks.net\/index.php\/2010\/01\/18\/koyde-ona-kor-mustafa-derlerdi-karanfiller-ve-domates-suyu-sait-faik-abasiyanik\/#article","isPartOf":{"@id":"https:\/\/narteks.net\/index.php\/2010\/01\/18\/koyde-ona-kor-mustafa-derlerdi-karanfiller-ve-domates-suyu-sait-faik-abasiyanik\/"},"author":{"name":"Tar\u0131k","@id":"https:\/\/narteks.net\/#\/schema\/person\/61f37d9834294b72d31d274e7ed79bca"},"headline":"K\u00f6yde ona, K\u00f6r Mustafa derlerdi | Karanfiller ve Domates Suyu &#8211; Sait Faik Abas\u0131yan\u0131k","datePublished":"2010-01-18T10:57:14+00:00","mainEntityOfPage":{"@id":"https:\/\/narteks.net\/index.php\/2010\/01\/18\/koyde-ona-kor-mustafa-derlerdi-karanfiller-ve-domates-suyu-sait-faik-abasiyanik\/"},"wordCount":1178,"commentCount":0,"publisher":{"@id":"https:\/\/narteks.net\/#organization"},"articleSection":["T\u00fcrkiye'den \u00d6yk\u00fcler"],"inLanguage":"tr","potentialAction":[{"@type":"CommentAction","name":"Comment","target":["https:\/\/narteks.net\/index.php\/2010\/01\/18\/koyde-ona-kor-mustafa-derlerdi-karanfiller-ve-domates-suyu-sait-faik-abasiyanik\/#respond"]}]},{"@type":"WebPage","@id":"https:\/\/narteks.net\/index.php\/2010\/01\/18\/koyde-ona-kor-mustafa-derlerdi-karanfiller-ve-domates-suyu-sait-faik-abasiyanik\/","url":"https:\/\/narteks.net\/index.php\/2010\/01\/18\/koyde-ona-kor-mustafa-derlerdi-karanfiller-ve-domates-suyu-sait-faik-abasiyanik\/","name":"K\u00f6yde ona, K\u00f6r Mustafa derlerdi | Karanfiller ve Domates Suyu - Sait Faik Abas\u0131yan\u0131k - narteks.net","isPartOf":{"@id":"https:\/\/narteks.net\/#website"},"datePublished":"2010-01-18T10:57:14+00:00","breadcrumb":{"@id":"https:\/\/narteks.net\/index.php\/2010\/01\/18\/koyde-ona-kor-mustafa-derlerdi-karanfiller-ve-domates-suyu-sait-faik-abasiyanik\/#breadcrumb"},"inLanguage":"tr","potentialAction":[{"@type":"ReadAction","target":["https:\/\/narteks.net\/index.php\/2010\/01\/18\/koyde-ona-kor-mustafa-derlerdi-karanfiller-ve-domates-suyu-sait-faik-abasiyanik\/"]}]},{"@type":"BreadcrumbList","@id":"https:\/\/narteks.net\/index.php\/2010\/01\/18\/koyde-ona-kor-mustafa-derlerdi-karanfiller-ve-domates-suyu-sait-faik-abasiyanik\/#breadcrumb","itemListElement":[{"@type":"ListItem","position":1,"name":"Anasayfa","item":"https:\/\/narteks.net\/"},{"@type":"ListItem","position":2,"name":"K\u00f6yde ona, K\u00f6r Mustafa derlerdi | Karanfiller ve Domates Suyu &#8211; Sait Faik Abas\u0131yan\u0131k"}]},{"@type":"WebSite","@id":"https:\/\/narteks.net\/#website","url":"https:\/\/narteks.net\/","name":"narteks.net","description":"K\u00fclt\u00fcr Sanat Edebiyat Felsefe","publisher":{"@id":"https:\/\/narteks.net\/#organization"},"alternateName":"K\u00fclt\u00fcr Sanat Edebiyat Felsefe","potentialAction":[{"@type":"SearchAction","target":{"@type":"EntryPoint","urlTemplate":"https:\/\/narteks.net\/?s={search_term_string}"},"query-input":{"@type":"PropertyValueSpecification","valueRequired":true,"valueName":"search_term_string"}}],"inLanguage":"tr"},{"@type":"Organization","@id":"https:\/\/narteks.net\/#organization","name":"narteks.net","url":"https:\/\/narteks.net\/","logo":{"@type":"ImageObject","inLanguage":"tr","@id":"https:\/\/narteks.net\/#\/schema\/logo\/image\/","url":"https:\/\/narteks.net\/wp-content\/uploads\/narteks.png","contentUrl":"https:\/\/narteks.net\/wp-content\/uploads\/narteks.png","width":300,"height":90,"caption":"narteks.net"},"image":{"@id":"https:\/\/narteks.net\/#\/schema\/logo\/image\/"},"sameAs":["https:\/\/x.com\/narteks","https:\/\/instagram.com\/narteksnet"]},{"@type":"Person","@id":"https:\/\/narteks.net\/#\/schema\/person\/61f37d9834294b72d31d274e7ed79bca","name":"Tar\u0131k","image":{"@type":"ImageObject","inLanguage":"tr","@id":"https:\/\/narteks.net\/#\/schema\/person\/image\/","url":"https:\/\/secure.gravatar.com\/avatar\/50865afb55632c4ae467e0af0930f6510aa2297d8014be502a55b14f3b7550cf?s=96&d=mm&r=g","contentUrl":"https:\/\/secure.gravatar.com\/avatar\/50865afb55632c4ae467e0af0930f6510aa2297d8014be502a55b14f3b7550cf?s=96&d=mm&r=g","caption":"Tar\u0131k"},"sameAs":["http:\/\/narteks.net"],"url":"https:\/\/narteks.net\/index.php\/author\/narbak\/"}]}},"_links":{"self":[{"href":"https:\/\/narteks.net\/index.php\/wp-json\/wp\/v2\/posts\/4026","targetHints":{"allow":["GET"]}}],"collection":[{"href":"https:\/\/narteks.net\/index.php\/wp-json\/wp\/v2\/posts"}],"about":[{"href":"https:\/\/narteks.net\/index.php\/wp-json\/wp\/v2\/types\/post"}],"author":[{"embeddable":true,"href":"https:\/\/narteks.net\/index.php\/wp-json\/wp\/v2\/users\/1"}],"replies":[{"embeddable":true,"href":"https:\/\/narteks.net\/index.php\/wp-json\/wp\/v2\/comments?post=4026"}],"version-history":[{"count":0,"href":"https:\/\/narteks.net\/index.php\/wp-json\/wp\/v2\/posts\/4026\/revisions"}],"wp:attachment":[{"href":"https:\/\/narteks.net\/index.php\/wp-json\/wp\/v2\/media?parent=4026"}],"wp:term":[{"taxonomy":"category","embeddable":true,"href":"https:\/\/narteks.net\/index.php\/wp-json\/wp\/v2\/categories?post=4026"},{"taxonomy":"post_tag","embeddable":true,"href":"https:\/\/narteks.net\/index.php\/wp-json\/wp\/v2\/tags?post=4026"}],"curies":[{"name":"wp","href":"https:\/\/api.w.org\/{rel}","templated":true}]}}