{"id":4027,"date":"2010-03-15T01:00:00","date_gmt":"2010-03-14T22:00:00","guid":{"rendered":"http:\/\/localhost\/wordpress\/2010\/03\/15\/aydinlanmanin-isigini-bu-topraklara-tasimanin-bedeli-sabahattin-ali\/"},"modified":"2024-04-23T13:47:57","modified_gmt":"2024-04-23T10:47:57","slug":"aydinlanmanin-isigini-bu-topraklara-tasimanin-bedeli-sabahattin-ali","status":"publish","type":"post","link":"https:\/\/narteks.net\/index.php\/2010\/03\/15\/aydinlanmanin-isigini-bu-topraklara-tasimanin-bedeli-sabahattin-ali\/","title":{"rendered":"Ayd\u0131nlanman\u0131n \u0131\u015f\u0131\u011f\u0131n\u0131 bu topraklara ta\u015f\u0131man\u0131n bedeli | Sabahattin Ali"},"content":{"rendered":"<p style=\"text-align: justify;\"><strong><img loading=\"lazy\" decoding=\"async\" src=\"images\/stories\/sabahattin ali.jpg\" border=\"0\" width=\"155\" height=\"205\" \/><\/strong><\/p>\n<p style=\"text-align: justify;\"><em>Korkutmaz beni \u00f6l\u00fcm,<br \/> Bir \u015feytan kadar h\u00fcr\u00fcm.<br \/> S\u00fcremez bende  h\u00fck\u00fcm<br \/> Ne Allah, ne de Nahit&#8230;<\/em><\/p>\n<p style=\"text-align: justify;\">Seveng\u00fcl S\u00f6nmez&#8217;in haz\u0131rlad\u0131\u011f\u0131 &#8216;A&#8217;dan Z&#8217;ye Sabahattin Ali&#8217; adl\u0131 kitab\u0131 okurken, T\u00fcrk edebiyat\u0131n\u0131n en \u00f6nemli isimlerinden Sabahattin Ali&#8217;nin k\u0131rk bir y\u0131ll\u0131k k\u0131sac\u0131k \u00f6mr\u00fcne neler s\u0131\u011fd\u0131rd\u0131\u011f\u0131na bir kez daha \u015fahit oluyoruz.<\/p>\n<p style=\"text-align: justify;\">Bu topra\u011f\u0131n muktedirleri, \u00fclkesini ileri g\u00f6t\u00fcrmek isteyen, Ayd\u0131nlanman\u0131n \u0131\u015f\u0131\u011f\u0131yla, halk\u0131n\u0131n kaderi sand\u0131\u011f\u0131 o karanl\u0131\u011f\u0131 y\u0131rtmak i\u00e7in \u00e7\u0131rp\u0131n\u0131p duran ayd\u0131n\u0131na hi\u00e7 de\u011fer vermedi. De\u011fer vermek \u015f\u00f6yle dursun, s\u00f6ylediklerine, yaz\u0131p \u00e7izdiklerine ve hatta d\u00fc\u015f\u00fcnmesine bile tahamm\u00fcl edemedi. Ayd\u0131nlar bu \u00fclkede ya hapislere at\u0131ld\u0131lar ya s\u00fcr\u00fcld\u00fcler ya da \u00f6ld\u00fcr\u00fcld\u00fcler. Ka\u00e7 bebekten ka\u00e7 katil yarat\u0131p ka\u00e7 ayd\u0131n\u0131 katlettiler; bir g\u00fcn tarih bu utanc\u0131 da y\u00fczlerine \u00e7arpacakt\u0131r&#8230;<\/p>\n<p style=\"text-align: justify;\">Ayd\u0131nlanman\u0131n \u0131\u015f\u0131\u011f\u0131n\u0131 bu topraklara ta\u015f\u0131mak i\u00e7in \u00e7\u0131rp\u0131n\u0131rken \u00f6ld\u00fcrelen ayd\u0131nlardan biri de Sabahattin Ali\u2019ydi.<\/p>\n<p> \u201cHayatta her \u015fey gibi sanat da bir hizmet ve m\u00fccadeledir. B\u00fct\u00fcn insanl\u0131\u011f\u0131 daha do\u011fruya, daha iyiye ve daha g\u00fczele g\u00f6t\u00fcrmek i\u00e7in \u00e7al\u0131\u015facak, hitap etti\u011fi kimselerde bu do\u011fru, iyi ve g\u00fczelin hasretini uyand\u0131rmak ve bunlara gidecek yolu i\u015faret etmek isteyecektir\u201d diyen Sabahattin Ali.<\/p>\n<p> \u201cNamuslu olmak ne zor \u015feymi\u015f me\u011fer! Bir g\u00fcn Almanlar\u0131n pabucunu yalayan, ertesi g\u00fcn \u0130ngilizlere takla atan, daha ertesi g\u00fcn de Amerika\u2019ya kavuk sallayan soysuzlar gibi olmak istemedik. Yaln\u0131z ve yaln\u0131z bir tek milletin \u00f6n\u00fcnde secdeye vard\u0131k. O da kendi cefake\u015f milletimizdir. (&#8230;) \u00c7almadan, \u00e7\u0131rpmadan bize ekme\u011fimizi verenleri a\u00e7, bizi giydirenleri donsuz b\u0131rakmadan ya\u015famak istemek bu kadar g\u00fc\u00e7, bu kadar mihnetli, hatta bu kadar tehlikeli mi olmal\u0131 idi?<\/p>\n<p> Namuslu olmak ne zor \u015feymi\u015f me\u011fer! Bereket, zora katlanmas\u0131n\u0131 bilen bu millet de namuslu\u201d diyen Sabahattin Ali&#8230;<\/p>\n<p> Seveng\u00fcl S\u00f6nmez\u2019in haz\u0131rlad\u0131\u011f\u0131 A\u2019dan Z\u2019ye Sabahattin Ali adl\u0131 kitab\u0131 okurken, T\u00fcrk edebiyat\u0131n\u0131n en \u00f6nemli isimlerinden Sabahattin Ali\u2019nin k\u0131rk bir y\u0131ll\u0131k k\u0131sac\u0131k \u00f6mr\u00fcne neler s\u0131\u011fd\u0131rd\u0131\u011f\u0131na bir kez daha \u015fahit oluyoruz. Bir ayd\u0131n\u0131n dram\u0131nda t\u00fcm ayd\u0131nlar\u0131n dram\u0131 var asl\u0131nda&#8230;<\/p>\n<p> <strong>Noktas\u0131na itiraz edilemez bir kitap<\/strong><br \/> \u201cSabahattin Ali\u2019den geriye kalanlar\u0131 d\u00fczenleyip 2008\u2019de Hep Gen\u00e7 Kalaca\u011f\u0131m ad\u0131yla yay\u0131mlanan mektuplar\u0131 bir araya getirdi\u011fimde, uzun bir k\u00fct\u00fcphane \u00e7al\u0131\u015fmas\u0131n\u0131 da tamamlam\u0131\u015ft\u0131m. A\u2019dan Z\u2019ye Sabahattin Ali bu iki \u00e7al\u0131\u015fman\u0131n \u00fcr\u00fcn\u00fc olarak ortaya \u00e7\u0131kt\u0131\u201d diyor Seveng\u00fcl S\u00f6nmez.<\/p>\n<p> Kitap, Sabahattin Ali ile ilgili hemen her \u015feyi yorumsuz olarak ortaya koyuyor. Sabahattin Ali\u2019nin renkli ki\u015fili\u011fini oldu\u011fu kadar onun edebiyat ve sanat g\u00f6r\u00fc\u015f\u00fcn\u00fc, politik duru\u015funu, ili\u015fkilerini, hakk\u0131nda yaz\u0131lan ve s\u00f6ylenenleri, hayat\u0131n her alan\u0131ndaki m\u00fccadelesini ayr\u0131nt\u0131lar\u0131yla ortaya koyuyor.<\/p>\n<p> Sabahattin Ali\u2019nin hayat\u0131n\u0131 yazmaya ba\u015flad\u0131\u011f\u0131nda neyle kar\u015f\u0131la\u015faca\u011f\u0131n\u0131 az \u00e7ok tahmin etti\u011fini s\u00f6yleyen Seveng\u00fcl S\u00f6nmez, \u201cKitab\u0131 tamamlad\u0131\u011f\u0131mda kar\u015f\u0131ma etten kemikten, duygudan ak\u0131ldan olu\u015fan, idealleri olan Sabahattin Ali ve onun ba\u015f\u0131na gelenler duruyordu\u201d diyor.<\/p>\n<p> Zor ve incelikli bir i\u015fi ba\u015far\u0131yla tamamlam\u0131\u015f Seveng\u00fcl S\u00f6nmez. Tarad\u0131\u011f\u0131 kaynaklardan ve yapt\u0131\u011f\u0131 bire bir g\u00f6r\u00fc\u015fmelerden noktas\u0131na itiraz edilmeyecek bir yap\u0131t \u00e7\u0131karm\u0131\u015f. Bir ayd\u0131n\u0131, d\u00f6nemini, yan\u0131ndaki ve kar\u015f\u0131s\u0131ndakileri ortaya koyarkan insan Sabahattin Ali\u2019yi de \u00e7ok iyi yans\u0131tm\u0131\u015f.<\/p>\n<p> Son s\u00f6z olarak:<br \/> Sabahattin Ali\u2019yi katlederek yok etmeye \u00e7al\u0131\u015fanlar yok olup gittiler. <br \/> Sabahattin Ali ise sonsuza dek ya\u015fayacak.<br \/> <em>A\u2019dan Z\u2019ye Sabahattin Ali, <\/em><br \/> <em>Haz\u0131rlayan: Seveng\u00fcl S\u00f6nmez, <\/em><br \/> <em>Yap\u0131 Kredi Yay\u0131nlar\u0131, 519 sayfa.<\/em><\/p>\n<p style=\"text-align: justify;\"><em>Sabahattin Ali&#8217;nin \u015fiirleri ve biyografisi i\u00e7in <a href=\"http:\/\/localhost\/wordpress\/2009\/02\/27\/ruzgarla-bir\/\">TIKLAYIN<\/a><br \/><\/em><\/p>\n","protected":false},"excerpt":{"rendered":"<p>Korkutmaz beni \u00f6l\u00fcm, Bir \u015feytan kadar h\u00fcr\u00fcm. S\u00fcremez bende h\u00fck\u00fcm Ne Allah, ne de Nahit&#8230; Seveng\u00fcl S\u00f6nmez&#8217;in haz\u0131rlad\u0131\u011f\u0131 &#8216;A&#8217;dan Z&#8217;ye Sabahattin Ali&#8217; adl\u0131 kitab\u0131 okurken, T\u00fcrk edebiyat\u0131n\u0131n en \u00f6nemli isimlerinden Sabahattin Ali&#8217;nin k\u0131rk bir y\u0131ll\u0131k k\u0131sac\u0131k \u00f6mr\u00fcne neler s\u0131\u011fd\u0131rd\u0131\u011f\u0131na bir kez daha \u015fahit oluyoruz. Bu topra\u011f\u0131n muktedirleri, \u00fclkesini ileri g\u00f6t\u00fcrmek isteyen, Ayd\u0131nlanman\u0131n \u0131\u015f\u0131\u011f\u0131yla, halk\u0131n\u0131n kaderi [&hellip;]<\/p>\n","protected":false},"author":1,"featured_media":0,"comment_status":"open","ping_status":"open","sticky":false,"template":"","format":"standard","meta":{"footnotes":""},"categories":[122],"tags":[],"class_list":{"0":"post-4027","1":"post","2":"type-post","3":"status-publish","4":"format-standard","6":"category-sair-e-dair"},"yoast_head":"<!-- This site is optimized with the Yoast SEO Premium plugin v24.9 (Yoast SEO v24.9) - https:\/\/yoast.com\/wordpress\/plugins\/seo\/ -->\n<title>Ayd\u0131nlanman\u0131n \u0131\u015f\u0131\u011f\u0131n\u0131 bu topraklara ta\u015f\u0131man\u0131n bedeli | Sabahattin Ali - narteks.net<\/title>\n<meta name=\"robots\" content=\"index, follow, max-snippet:-1, max-image-preview:large, max-video-preview:-1\" \/>\n<link rel=\"canonical\" href=\"https:\/\/narteks.net\/index.php\/2010\/03\/15\/aydinlanmanin-isigini-bu-topraklara-tasimanin-bedeli-sabahattin-ali\/\" \/>\n<meta property=\"og:locale\" content=\"tr_TR\" \/>\n<meta property=\"og:type\" content=\"article\" \/>\n<meta property=\"og:title\" content=\"Ayd\u0131nlanman\u0131n \u0131\u015f\u0131\u011f\u0131n\u0131 bu topraklara ta\u015f\u0131man\u0131n bedeli | Sabahattin Ali\" \/>\n<meta property=\"og:description\" content=\"Korkutmaz beni \u00f6l\u00fcm, Bir \u015feytan kadar h\u00fcr\u00fcm. S\u00fcremez bende h\u00fck\u00fcm Ne Allah, ne de Nahit&#8230; Seveng\u00fcl S\u00f6nmez&#8217;in haz\u0131rlad\u0131\u011f\u0131 &#8216;A&#8217;dan Z&#8217;ye Sabahattin Ali&#8217; adl\u0131 kitab\u0131 okurken, T\u00fcrk edebiyat\u0131n\u0131n en \u00f6nemli isimlerinden Sabahattin Ali&#8217;nin k\u0131rk bir y\u0131ll\u0131k k\u0131sac\u0131k \u00f6mr\u00fcne neler s\u0131\u011fd\u0131rd\u0131\u011f\u0131na bir kez daha \u015fahit oluyoruz. Bu topra\u011f\u0131n muktedirleri, \u00fclkesini ileri g\u00f6t\u00fcrmek isteyen, Ayd\u0131nlanman\u0131n \u0131\u015f\u0131\u011f\u0131yla, halk\u0131n\u0131n kaderi [&hellip;]\" \/>\n<meta property=\"og:url\" content=\"https:\/\/narteks.net\/index.php\/2010\/03\/15\/aydinlanmanin-isigini-bu-topraklara-tasimanin-bedeli-sabahattin-ali\/\" \/>\n<meta property=\"og:site_name\" content=\"narteks.net\" \/>\n<meta property=\"article:published_time\" content=\"2010-03-14T22:00:00+00:00\" \/>\n<meta property=\"article:modified_time\" content=\"2024-04-23T10:47:57+00:00\" \/>\n<meta property=\"og:image\" content=\"https:\/\/narteks.net\/wp-content\/uploads\/narteks.png\" \/>\n\t<meta property=\"og:image:width\" content=\"300\" \/>\n\t<meta property=\"og:image:height\" content=\"90\" \/>\n\t<meta property=\"og:image:type\" content=\"image\/png\" \/>\n<meta name=\"author\" content=\"Tar\u0131k\" \/>\n<meta name=\"twitter:card\" content=\"summary_large_image\" \/>\n<meta name=\"twitter:creator\" content=\"@narteks\" \/>\n<meta name=\"twitter:site\" content=\"@narteks\" \/>\n<meta name=\"twitter:label1\" content=\"Yazan:\" \/>\n\t<meta name=\"twitter:data1\" content=\"Tar\u0131k\" \/>\n\t<meta name=\"twitter:label2\" content=\"Tahmini okuma s\u00fcresi\" \/>\n\t<meta name=\"twitter:data2\" content=\"3 dakika\" \/>\n<script type=\"application\/ld+json\" class=\"yoast-schema-graph\">{\"@context\":\"https:\/\/schema.org\",\"@graph\":[{\"@type\":\"Article\",\"@id\":\"https:\/\/narteks.net\/index.php\/2010\/03\/15\/aydinlanmanin-isigini-bu-topraklara-tasimanin-bedeli-sabahattin-ali\/#article\",\"isPartOf\":{\"@id\":\"https:\/\/narteks.net\/index.php\/2010\/03\/15\/aydinlanmanin-isigini-bu-topraklara-tasimanin-bedeli-sabahattin-ali\/\"},\"author\":{\"name\":\"Tar\u0131k\",\"@id\":\"https:\/\/narteks.net\/#\/schema\/person\/61f37d9834294b72d31d274e7ed79bca\"},\"headline\":\"Ayd\u0131nlanman\u0131n \u0131\u015f\u0131\u011f\u0131n\u0131 bu topraklara ta\u015f\u0131man\u0131n bedeli | Sabahattin Ali\",\"datePublished\":\"2010-03-14T22:00:00+00:00\",\"dateModified\":\"2024-04-23T10:47:57+00:00\",\"mainEntityOfPage\":{\"@id\":\"https:\/\/narteks.net\/index.php\/2010\/03\/15\/aydinlanmanin-isigini-bu-topraklara-tasimanin-bedeli-sabahattin-ali\/\"},\"wordCount\":673,\"commentCount\":0,\"publisher\":{\"@id\":\"https:\/\/narteks.net\/#organization\"},\"articleSection\":[\"\u015eair'e Dair\"],\"inLanguage\":\"tr\",\"potentialAction\":[{\"@type\":\"CommentAction\",\"name\":\"Comment\",\"target\":[\"https:\/\/narteks.net\/index.php\/2010\/03\/15\/aydinlanmanin-isigini-bu-topraklara-tasimanin-bedeli-sabahattin-ali\/#respond\"]}]},{\"@type\":\"WebPage\",\"@id\":\"https:\/\/narteks.net\/index.php\/2010\/03\/15\/aydinlanmanin-isigini-bu-topraklara-tasimanin-bedeli-sabahattin-ali\/\",\"url\":\"https:\/\/narteks.net\/index.php\/2010\/03\/15\/aydinlanmanin-isigini-bu-topraklara-tasimanin-bedeli-sabahattin-ali\/\",\"name\":\"Ayd\u0131nlanman\u0131n \u0131\u015f\u0131\u011f\u0131n\u0131 bu topraklara ta\u015f\u0131man\u0131n bedeli | Sabahattin Ali - narteks.net\",\"isPartOf\":{\"@id\":\"https:\/\/narteks.net\/#website\"},\"datePublished\":\"2010-03-14T22:00:00+00:00\",\"dateModified\":\"2024-04-23T10:47:57+00:00\",\"breadcrumb\":{\"@id\":\"https:\/\/narteks.net\/index.php\/2010\/03\/15\/aydinlanmanin-isigini-bu-topraklara-tasimanin-bedeli-sabahattin-ali\/#breadcrumb\"},\"inLanguage\":\"tr\",\"potentialAction\":[{\"@type\":\"ReadAction\",\"target\":[\"https:\/\/narteks.net\/index.php\/2010\/03\/15\/aydinlanmanin-isigini-bu-topraklara-tasimanin-bedeli-sabahattin-ali\/\"]}]},{\"@type\":\"BreadcrumbList\",\"@id\":\"https:\/\/narteks.net\/index.php\/2010\/03\/15\/aydinlanmanin-isigini-bu-topraklara-tasimanin-bedeli-sabahattin-ali\/#breadcrumb\",\"itemListElement\":[{\"@type\":\"ListItem\",\"position\":1,\"name\":\"Anasayfa\",\"item\":\"https:\/\/narteks.net\/\"},{\"@type\":\"ListItem\",\"position\":2,\"name\":\"Ayd\u0131nlanman\u0131n \u0131\u015f\u0131\u011f\u0131n\u0131 bu topraklara ta\u015f\u0131man\u0131n bedeli | Sabahattin Ali\"}]},{\"@type\":\"WebSite\",\"@id\":\"https:\/\/narteks.net\/#website\",\"url\":\"https:\/\/narteks.net\/\",\"name\":\"narteks.net\",\"description\":\"K\u00fclt\u00fcr Sanat Edebiyat Felsefe\",\"publisher\":{\"@id\":\"https:\/\/narteks.net\/#organization\"},\"alternateName\":\"K\u00fclt\u00fcr Sanat Edebiyat Felsefe\",\"potentialAction\":[{\"@type\":\"SearchAction\",\"target\":{\"@type\":\"EntryPoint\",\"urlTemplate\":\"https:\/\/narteks.net\/?s={search_term_string}\"},\"query-input\":{\"@type\":\"PropertyValueSpecification\",\"valueRequired\":true,\"valueName\":\"search_term_string\"}}],\"inLanguage\":\"tr\"},{\"@type\":\"Organization\",\"@id\":\"https:\/\/narteks.net\/#organization\",\"name\":\"narteks.net\",\"url\":\"https:\/\/narteks.net\/\",\"logo\":{\"@type\":\"ImageObject\",\"inLanguage\":\"tr\",\"@id\":\"https:\/\/narteks.net\/#\/schema\/logo\/image\/\",\"url\":\"https:\/\/narteks.net\/wp-content\/uploads\/narteks.png\",\"contentUrl\":\"https:\/\/narteks.net\/wp-content\/uploads\/narteks.png\",\"width\":300,\"height\":90,\"caption\":\"narteks.net\"},\"image\":{\"@id\":\"https:\/\/narteks.net\/#\/schema\/logo\/image\/\"},\"sameAs\":[\"https:\/\/x.com\/narteks\",\"https:\/\/instagram.com\/narteksnet\"]},{\"@type\":\"Person\",\"@id\":\"https:\/\/narteks.net\/#\/schema\/person\/61f37d9834294b72d31d274e7ed79bca\",\"name\":\"Tar\u0131k\",\"image\":{\"@type\":\"ImageObject\",\"inLanguage\":\"tr\",\"@id\":\"https:\/\/narteks.net\/#\/schema\/person\/image\/\",\"url\":\"https:\/\/secure.gravatar.com\/avatar\/50865afb55632c4ae467e0af0930f6510aa2297d8014be502a55b14f3b7550cf?s=96&d=mm&r=g\",\"contentUrl\":\"https:\/\/secure.gravatar.com\/avatar\/50865afb55632c4ae467e0af0930f6510aa2297d8014be502a55b14f3b7550cf?s=96&d=mm&r=g\",\"caption\":\"Tar\u0131k\"},\"sameAs\":[\"http:\/\/narteks.net\"],\"url\":\"https:\/\/narteks.net\/index.php\/author\/narbak\/\"}]}<\/script>\n<!-- \/ Yoast SEO Premium plugin. -->","yoast_head_json":{"title":"Ayd\u0131nlanman\u0131n \u0131\u015f\u0131\u011f\u0131n\u0131 bu topraklara ta\u015f\u0131man\u0131n bedeli | Sabahattin Ali - narteks.net","robots":{"index":"index","follow":"follow","max-snippet":"max-snippet:-1","max-image-preview":"max-image-preview:large","max-video-preview":"max-video-preview:-1"},"canonical":"https:\/\/narteks.net\/index.php\/2010\/03\/15\/aydinlanmanin-isigini-bu-topraklara-tasimanin-bedeli-sabahattin-ali\/","og_locale":"tr_TR","og_type":"article","og_title":"Ayd\u0131nlanman\u0131n \u0131\u015f\u0131\u011f\u0131n\u0131 bu topraklara ta\u015f\u0131man\u0131n bedeli | Sabahattin Ali","og_description":"Korkutmaz beni \u00f6l\u00fcm, Bir \u015feytan kadar h\u00fcr\u00fcm. S\u00fcremez bende h\u00fck\u00fcm Ne Allah, ne de Nahit&#8230; Seveng\u00fcl S\u00f6nmez&#8217;in haz\u0131rlad\u0131\u011f\u0131 &#8216;A&#8217;dan Z&#8217;ye Sabahattin Ali&#8217; adl\u0131 kitab\u0131 okurken, T\u00fcrk edebiyat\u0131n\u0131n en \u00f6nemli isimlerinden Sabahattin Ali&#8217;nin k\u0131rk bir y\u0131ll\u0131k k\u0131sac\u0131k \u00f6mr\u00fcne neler s\u0131\u011fd\u0131rd\u0131\u011f\u0131na bir kez daha \u015fahit oluyoruz. Bu topra\u011f\u0131n muktedirleri, \u00fclkesini ileri g\u00f6t\u00fcrmek isteyen, Ayd\u0131nlanman\u0131n \u0131\u015f\u0131\u011f\u0131yla, halk\u0131n\u0131n kaderi [&hellip;]","og_url":"https:\/\/narteks.net\/index.php\/2010\/03\/15\/aydinlanmanin-isigini-bu-topraklara-tasimanin-bedeli-sabahattin-ali\/","og_site_name":"narteks.net","article_published_time":"2010-03-14T22:00:00+00:00","article_modified_time":"2024-04-23T10:47:57+00:00","og_image":[{"width":300,"height":90,"url":"https:\/\/narteks.net\/wp-content\/uploads\/narteks.png","type":"image\/png"}],"author":"Tar\u0131k","twitter_card":"summary_large_image","twitter_creator":"@narteks","twitter_site":"@narteks","twitter_misc":{"Yazan:":"Tar\u0131k","Tahmini okuma s\u00fcresi":"3 dakika"},"schema":{"@context":"https:\/\/schema.org","@graph":[{"@type":"Article","@id":"https:\/\/narteks.net\/index.php\/2010\/03\/15\/aydinlanmanin-isigini-bu-topraklara-tasimanin-bedeli-sabahattin-ali\/#article","isPartOf":{"@id":"https:\/\/narteks.net\/index.php\/2010\/03\/15\/aydinlanmanin-isigini-bu-topraklara-tasimanin-bedeli-sabahattin-ali\/"},"author":{"name":"Tar\u0131k","@id":"https:\/\/narteks.net\/#\/schema\/person\/61f37d9834294b72d31d274e7ed79bca"},"headline":"Ayd\u0131nlanman\u0131n \u0131\u015f\u0131\u011f\u0131n\u0131 bu topraklara ta\u015f\u0131man\u0131n bedeli | Sabahattin Ali","datePublished":"2010-03-14T22:00:00+00:00","dateModified":"2024-04-23T10:47:57+00:00","mainEntityOfPage":{"@id":"https:\/\/narteks.net\/index.php\/2010\/03\/15\/aydinlanmanin-isigini-bu-topraklara-tasimanin-bedeli-sabahattin-ali\/"},"wordCount":673,"commentCount":0,"publisher":{"@id":"https:\/\/narteks.net\/#organization"},"articleSection":["\u015eair'e Dair"],"inLanguage":"tr","potentialAction":[{"@type":"CommentAction","name":"Comment","target":["https:\/\/narteks.net\/index.php\/2010\/03\/15\/aydinlanmanin-isigini-bu-topraklara-tasimanin-bedeli-sabahattin-ali\/#respond"]}]},{"@type":"WebPage","@id":"https:\/\/narteks.net\/index.php\/2010\/03\/15\/aydinlanmanin-isigini-bu-topraklara-tasimanin-bedeli-sabahattin-ali\/","url":"https:\/\/narteks.net\/index.php\/2010\/03\/15\/aydinlanmanin-isigini-bu-topraklara-tasimanin-bedeli-sabahattin-ali\/","name":"Ayd\u0131nlanman\u0131n \u0131\u015f\u0131\u011f\u0131n\u0131 bu topraklara ta\u015f\u0131man\u0131n bedeli | Sabahattin Ali - narteks.net","isPartOf":{"@id":"https:\/\/narteks.net\/#website"},"datePublished":"2010-03-14T22:00:00+00:00","dateModified":"2024-04-23T10:47:57+00:00","breadcrumb":{"@id":"https:\/\/narteks.net\/index.php\/2010\/03\/15\/aydinlanmanin-isigini-bu-topraklara-tasimanin-bedeli-sabahattin-ali\/#breadcrumb"},"inLanguage":"tr","potentialAction":[{"@type":"ReadAction","target":["https:\/\/narteks.net\/index.php\/2010\/03\/15\/aydinlanmanin-isigini-bu-topraklara-tasimanin-bedeli-sabahattin-ali\/"]}]},{"@type":"BreadcrumbList","@id":"https:\/\/narteks.net\/index.php\/2010\/03\/15\/aydinlanmanin-isigini-bu-topraklara-tasimanin-bedeli-sabahattin-ali\/#breadcrumb","itemListElement":[{"@type":"ListItem","position":1,"name":"Anasayfa","item":"https:\/\/narteks.net\/"},{"@type":"ListItem","position":2,"name":"Ayd\u0131nlanman\u0131n \u0131\u015f\u0131\u011f\u0131n\u0131 bu topraklara ta\u015f\u0131man\u0131n bedeli | Sabahattin Ali"}]},{"@type":"WebSite","@id":"https:\/\/narteks.net\/#website","url":"https:\/\/narteks.net\/","name":"narteks.net","description":"K\u00fclt\u00fcr Sanat Edebiyat Felsefe","publisher":{"@id":"https:\/\/narteks.net\/#organization"},"alternateName":"K\u00fclt\u00fcr Sanat Edebiyat Felsefe","potentialAction":[{"@type":"SearchAction","target":{"@type":"EntryPoint","urlTemplate":"https:\/\/narteks.net\/?s={search_term_string}"},"query-input":{"@type":"PropertyValueSpecification","valueRequired":true,"valueName":"search_term_string"}}],"inLanguage":"tr"},{"@type":"Organization","@id":"https:\/\/narteks.net\/#organization","name":"narteks.net","url":"https:\/\/narteks.net\/","logo":{"@type":"ImageObject","inLanguage":"tr","@id":"https:\/\/narteks.net\/#\/schema\/logo\/image\/","url":"https:\/\/narteks.net\/wp-content\/uploads\/narteks.png","contentUrl":"https:\/\/narteks.net\/wp-content\/uploads\/narteks.png","width":300,"height":90,"caption":"narteks.net"},"image":{"@id":"https:\/\/narteks.net\/#\/schema\/logo\/image\/"},"sameAs":["https:\/\/x.com\/narteks","https:\/\/instagram.com\/narteksnet"]},{"@type":"Person","@id":"https:\/\/narteks.net\/#\/schema\/person\/61f37d9834294b72d31d274e7ed79bca","name":"Tar\u0131k","image":{"@type":"ImageObject","inLanguage":"tr","@id":"https:\/\/narteks.net\/#\/schema\/person\/image\/","url":"https:\/\/secure.gravatar.com\/avatar\/50865afb55632c4ae467e0af0930f6510aa2297d8014be502a55b14f3b7550cf?s=96&d=mm&r=g","contentUrl":"https:\/\/secure.gravatar.com\/avatar\/50865afb55632c4ae467e0af0930f6510aa2297d8014be502a55b14f3b7550cf?s=96&d=mm&r=g","caption":"Tar\u0131k"},"sameAs":["http:\/\/narteks.net"],"url":"https:\/\/narteks.net\/index.php\/author\/narbak\/"}]}},"_links":{"self":[{"href":"https:\/\/narteks.net\/index.php\/wp-json\/wp\/v2\/posts\/4027","targetHints":{"allow":["GET"]}}],"collection":[{"href":"https:\/\/narteks.net\/index.php\/wp-json\/wp\/v2\/posts"}],"about":[{"href":"https:\/\/narteks.net\/index.php\/wp-json\/wp\/v2\/types\/post"}],"author":[{"embeddable":true,"href":"https:\/\/narteks.net\/index.php\/wp-json\/wp\/v2\/users\/1"}],"replies":[{"embeddable":true,"href":"https:\/\/narteks.net\/index.php\/wp-json\/wp\/v2\/comments?post=4027"}],"version-history":[{"count":1,"href":"https:\/\/narteks.net\/index.php\/wp-json\/wp\/v2\/posts\/4027\/revisions"}],"predecessor-version":[{"id":7180,"href":"https:\/\/narteks.net\/index.php\/wp-json\/wp\/v2\/posts\/4027\/revisions\/7180"}],"wp:attachment":[{"href":"https:\/\/narteks.net\/index.php\/wp-json\/wp\/v2\/media?parent=4027"}],"wp:term":[{"taxonomy":"category","embeddable":true,"href":"https:\/\/narteks.net\/index.php\/wp-json\/wp\/v2\/categories?post=4027"},{"taxonomy":"post_tag","embeddable":true,"href":"https:\/\/narteks.net\/index.php\/wp-json\/wp\/v2\/tags?post=4027"}],"curies":[{"name":"wp","href":"https:\/\/api.w.org\/{rel}","templated":true}]}}