{"id":4028,"date":"2010-01-18T15:08:20","date_gmt":"2010-01-18T12:08:20","guid":{"rendered":"http:\/\/localhost\/wordpress\/2010\/01\/18\/halki-icin-ates-caldiboyun-egmedi-kendine-tanri-diyenlere-hrant-dink\/"},"modified":"2010-01-18T15:08:20","modified_gmt":"2010-01-18T12:08:20","slug":"halki-icin-ates-caldiboyun-egmedi-kendine-tanri-diyenlere-hrant-dink","status":"publish","type":"post","link":"https:\/\/narteks.net\/index.php\/2010\/01\/18\/halki-icin-ates-caldiboyun-egmedi-kendine-tanri-diyenlere-hrant-dink\/","title":{"rendered":"Halk\u0131 i\u00e7in ate\u015f \u00e7ald\u0131,boyun e\u011fmedi kendine tanr\u0131 diyenlere | Hrant Dink"},"content":{"rendered":"<p><img loading=\"lazy\" decoding=\"async\" src=\"http:\/\/sansursuzsanat.files.wordpress.com\/2007\/01\/hrant2.jpg\" border=\"0\" width=\"155\" height=\"205\" style=\"float: left;\" \/><\/p>\n<p><strong>Halk\u0131 i\u00e7in ate\u015f \u00e7ald\u0131 \/ Boyun e\u011fmedi kendine tanr\u0131 diyenlere \/ ve \u00f6l\u00fcms\u00fczle\u015fti&#8230;\/ Hrant Dink \u0540\u0580\u0561\u0576\u0564 \u054f\u056b\u0576\u0584<\/strong><\/p>\n<p style=\"text-align: justify;\">Hrant (F\u0131rat) Dink,\u0540\u0580\u0561\u0576\u0564 \u054f\u056b\u0576\u0584  1954 y\u0131l\u0131nda <span class=\"mw-redirect\">Malatya<\/span>\u2019da d\u00fcnyaya geldi. Babas\u0131 <span class=\"mw-redirect\">Sivas<\/span>&#8216;\u0131n G\u00fcr\u00fcn il\u00e7esinde, annesi G\u00fclvart ise <span class=\"mw-redirect\">Sivas<\/span>&#8216;\u0131n Kangal il\u00e7esinde do\u011fup b\u00fcy\u00fcm\u00fc\u015ft\u00fc. Anne ve babas\u0131 1961 y\u0131l\u0131nda \u0130stanbul&#8217;a ta\u015f\u0131nmalar\u0131n\u0131n ard\u0131ndan bo\u015fand\u0131. Hrant ve iki karde\u015fi ailenin b\u00f6l\u00fcnmesinin ard\u0131ndan <span class=\"mw-redirect\">Gedikpa\u015fa<\/span>\u2019daki <span class=\"new\">Ermeni Yetimhanesi<\/span>&#8216;ne yerle\u015ftirildi.Dink bu s\u0131rada T\u00fcrkiye&#8217;de geli\u015fmekte olan sol siyasetten etkilendi. <span class=\"mw-redirect\">T\u00fcrkiye Kom\u00fcnist Partisi \/ Marksist-Leninist<\/span> \u00e7izgisinde siyaset yapmaya ba\u015flad\u0131. Yakaland\u0131\u011f\u0131 durumda \u00f6rg\u00fct ile Ermeni cemaati ili\u015fkilendirilmesin diye ismini mahkeme karar\u0131 ile <strong>F\u0131rat<\/strong> olarak de\u011fi\u015ftirdi.<\/p>\n<p style=\"text-align: justify;\">Liseyi bitirdikten sonra \u0130stanbul \u00dcniversitesi Fen Fak\u00fcltesi\u2019nde Zooloji e\u011fitimi ald\u0131. Bir s\u00fcre sonra yetimhanede birlikte b\u00fcy\u00fcd\u00fckleri Rakel ile evlendi.<\/p>\n<p style=\"text-align: justify;\">Karde\u015fleriyle birlikte a\u00e7t\u0131klar\u0131 yay\u0131nevi ve k\u0131rtasiye i\u015flerini s\u00fcrd\u00fcr\u00fcrken, e\u015fi Rakel\u2019le birlikte, kendileri gibi Anadolu\u2019dan gelen kimsesiz ve yoksul \u00e7ocuklar\u0131n yeti\u015fti\u011fi <span class=\"new\">Tuzla Ermeni \u00c7ocuk Kamp\u0131<\/span>\u2019n\u0131 y\u00f6netmeye ba\u015flad\u0131. A\u00e7\u0131l\u0131\u015f\u0131ndan 21 y\u0131l sonra kampa devlet el koydu. Askerli\u011fini Denizli Piyade Alay\u0131&#8217;nda sekiz ay k\u0131sa d\u00f6nem er olarak yapt\u0131.<\/p>\n<p style=\"text-align: justify;\">Baz\u0131 gazetelerde kitap ele\u015ftirileri ile yaz\u0131 hayat\u0131na ba\u015flad\u0131. Bas\u0131nda \u00e7\u0131kan yanl\u0131\u015f haberlere g\u00f6nderdi\u011fi d\u00fczeltmeler ile ad\u0131 duyulmaya ba\u015flad\u0131. Ermeni Patrikhanesi\u2019ne, <em>&#8220;Ermeni toplumu \u00e7ok kapal\u0131 ya\u015f\u0131yor, kendimizi iyi anlat\u0131rsak \u00f6nyarg\u0131lar k\u0131r\u0131l\u0131r&#8221;<\/em> diyerek bu ama\u00e7la T\u00fcrk\u00e7e ve Ermenice bir gazete \u00e7\u0131karmay\u0131 \u00f6nerdi. 5 Nisan 1996 tarihinde ilk say\u0131s\u0131 yay\u0131nlanan <span class=\"mw-redirect\">Agos Gazetesi<\/span>&#8216;nin kuruculu\u011funu, yay\u0131n y\u00f6netmenli\u011fini ve ba\u015fyazarl\u0131\u011f\u0131n\u0131 \u00fcstlendi. <span class=\"mw-redirect\">Agos<\/span> d\u0131\u015f\u0131nda Zaman Gazetesinde ve <span class=\"mw-redirect\">Birg\u00fcn Gazetesinde<\/span> yazd\u0131. Yaz\u0131lar\u0131nda T\u00fcrkiye&#8217;deki her etnik toplulu\u011fun bar\u0131\u015f i\u00e7inde ya\u015famas\u0131 gerekti\u011finin alt\u0131n\u0131 \u00e7izen Dink , ayn\u0131 zamanda Ermeni cemaatinin patrikhane d\u0131\u015f\u0131nda sivil bir merkezi olmas\u0131 gerekti\u011fini de s\u00f6yl\u00fcyordu.<\/p>\n<div style=\"text-align: justify;\">\n<object width=\"480\" height=\"397\"><param name=\"movie\" value=\"http:\/\/www.dailymotion.com\/swf\/x8ikra&amp;related=0\" \/><param name=\"allowFullScreen\" value=\"true\" \/><param name=\"allowScriptAccess\" value=\"always\" \/><embed type=\"application\/x-shockwave-flash\" width=\"480\" height=\"397\" src=\"http:\/\/www.dailymotion.com\/swf\/x8ikra&amp;related=0\" allowfullscreen=\"true\" allowscriptaccess=\"always\"><\/embed><\/object><br \/>\n<br \/><strong><a href=\"http:\/\/www.dailymotion.com\/video\/x8ikra_su-catlayyny-buldu-hrant-dink_news\">Su \u00c7atla\u011f\u0131n\u0131 Buldu \/Hrant Dink<\/a><\/strong><br \/><em><a href=\"http:\/\/www.dailymotion.com\/tr\/channel\/news\"><br \/><\/a><\/em><\/div>\n<p style=\"text-align: justify;\"><strong><span id=\"T.C3.BCrkl.C3.BC.C4.9Fe_Hakaret_Davas.C4.B1\" class=\"mw-headline\">T\u00fcrkl\u00fc\u011fe Hakaret Davas\u0131<\/span><\/strong><span class=\"editsection\" style=\"font-size: xx-small; font-weight: normal; float: none;\"> <\/span><\/p>\n<p style=\"text-align: justify;\"><span class=\"mw-redirect\">Ermeni Diasporas\u0131<\/span>&#8216;na 1915 olaylar\u0131 i\u00e7in soyk\u0131r\u0131m kelimesini i\u00e7ermeyen daha yumu\u015fak muhalefet y\u00fcr\u00fctmeleri \u00e7a\u011fr\u0131s\u0131nda bulundu. Bunlara kar\u015f\u0131l\u0131k 2002 y\u0131l\u0131nda Urfa&#8217;da verdi\u011fi bir konferansta <em>&#8220;Ben T\u00fcrk de\u011fil T\u00fcrkiyeliyim ve Ermeniyim&#8221;<\/em> dedi\u011fi i\u00e7in &#8220;T\u00fcrkl\u00fc\u011f\u00fc a\u015fa\u011f\u0131lamaktan&#8221; \u00fc\u00e7 y\u0131l yarg\u0131lanarak, beraat etti. 13 \u015eubat 2004&#8217;te yay\u0131mlanan bir makalesindeki <em>&#8220;&#8216;T\u00fcrk&#8217;ten bo\u015falacak o zehirli kan\u0131n yerini dolduracak temiz kan, Ermeni&#8217;nin Ermenistan&#8217;la kuraca\u011f\u0131 asil damar\u0131nda mevcuttur.<\/em> s\u00f6zleri nedeniyle 301. maddeden &#8220;T\u00fcrkl\u00fc\u011fe hakaret&#8221; su\u00e7lamas\u0131yla yarg\u0131land\u0131 ve aksi y\u00f6nde verilen bilirki\u015fi raporuna ra\u011fmen 6 ay hapis cezas\u0131 ald\u0131 ancak cezas\u0131 ertelendi. Dink, bu dava i\u00e7in <span class=\"mw-redirect\">A\u0130HM<\/span>&#8216;ye ba\u015fvurmaya haz\u0131rlanmaktayd\u0131.Dink&#8217; in yarg\u0131lanmakta oldu\u011fu iki dava daha vard\u0131.<\/p>\n<p style=\"text-align: justify;\">Reuters&#8217;a &#8220;<em>Evet 1915\u2019te olan bir soyk\u0131r\u0131md\u0131 \u00e7\u00fcnk\u00fc d\u00f6rt bin y\u0131ld\u0131r bu topraklarda ya\u015fayan bir halk ve onun uygarl\u0131\u011f\u0131 art\u0131k yok<\/em>&#8221; bi\u00e7iminde bir deme\u00e7 verdi. Bu, <span class=\"mw-redirect\">1915-1918 Osmanl\u0131&#8217;da Ermeni olaylar\u0131<\/span> konusunda Ermeni diasporas\u0131na yak\u0131n tutum sergiledi\u011fini g\u00f6sterdi; ancak onlardan ayr\u0131\u015ft\u0131\u011f\u0131 nokta \u015fuydu: Bu iddialar\u0131n temelini olu\u015fturan <span class=\"new\">Vakahn N. Dadrian<\/span>&#8216;\u0131n, Ermeni toplumuyla T\u00fcrk toplumunun aras\u0131n\u0131n a\u00e7\u0131lmas\u0131ndan Osmanl\u0131 y\u00f6netimini sorumlu tutmas\u0131na ra\u011fmen; Hrant Dink, bu durumun esas sorumlusunun Avrupa \u00fclkeleri oldu\u011funu iddia ediyordu.<\/p>\n<p style=\"text-align: justify;\"><strong><span id=\"Suikast\" class=\"mw-headline\">Suikast<\/span><\/strong><span class=\"editsection\" style=\"font-size: xx-small; font-weight: normal; float: none;\"> <\/span><\/p>\n<p style=\"text-align: justify;\">Hrant Dink 19 Ocak 2007&#8217;de <span class=\"mw-redirect\">\u015ei\u015fli<\/span>&#8216;de <span class=\"new\">Halask\u00e2rgazi caddesi<\/span> \u00fczerindeki <span class=\"mw-redirect\">Agos Gazetesi<\/span>&#8216;nin \u00e7\u0131k\u0131\u015f\u0131nda, 14:54&#8217;de yak\u0131n mesafeden yap\u0131lan \u00fc\u00e7 el silah at\u0131\u015f\u0131yla \u00f6ld\u00fcr\u00fcld\u00fc. Katil zanl\u0131s\u0131 olarak, 19 ya\u015f\u0131ndaki Og\u00fcn Samast adl\u0131 bir ki\u015fi, g\u00fcvenlik kameralar\u0131ndan elde edilen g\u00f6r\u00fcnt\u00fclerin yay\u0131nlanmas\u0131ndan sonra, zanl\u0131n\u0131n babas\u0131 taraf\u0131ndan polise ihbar edilerek, <span class=\"mw-redirect\">Samsun<\/span> otogar\u0131nda sivil giyimli jandarma ve polis ekipleri taraf\u0131ndan yakaland\u0131. Suikast\u0131n, T\u00fcrkiye&#8217;de askeri <span class=\"mw-redirect\">darbe<\/span> ortam\u0131 yaratmak isteyen <span class=\"mw-redirect\">Ergenekon (\u00f6rg\u00fct)\u00fc<\/span> taraf\u0131ndan organize edildi\u011fi iddia edilmektedir<sup>.<\/sup><\/p>\n<p style=\"text-align: justify;\">Hrant Dink, T\u00fcrkiye&#8217;de 1909 y\u0131l\u0131ndan bu yana, suikast sonucu \u00f6ld\u00fcr\u00fclen 62. gazeteci oldu.<\/p>\n<p style=\"text-align: justify;\"><strong><span id=\"Cenazesi\" class=\"mw-headline\">Cenazesi<\/span><\/strong><\/p>\n<p style=\"text-align: justify;\">Hrant Dink&#8217;in cenazesi, 23 Ocak 2007 Sal\u0131 g\u00fcn\u00fc \u015ei\u015fli&#8217;de <span class=\"mw-redirect\">Agos Gazetesi<\/span> \u00f6n\u00fcnde bir t\u00f6renle ba\u015flad\u0131. Cenazeye kat\u0131lanlar D\u0130SK taraf\u0131ndan haz\u0131rlanan T\u00fcrk\u00e7e, Ermenice ve K\u00fcrt\u00e7e <em>&#8220;Hepimiz Hrant Dink&#8217;iz, hepimiz Ermeniyiz!&#8221;<\/em> yaz\u0131l\u0131 d\u00f6vizler ta\u015f\u0131d\u0131. Ayr\u0131ca toplulu\u011fun ta\u015f\u0131d\u0131\u011f\u0131 d\u00f6vizlerin baz\u0131lar\u0131nda ise T\u00fcrk Ceza Kanunu 301. maddesine atfen <em>&#8220;Katil 301&#8221;<\/em> yazmaktayd\u0131. Topluluk <span class=\"mw-redirect\">Kumkap\u0131<\/span>&#8216;ya kadar y\u00fcr\u00fcd\u00fc. Burada Meryem Ana Kilisesi&#8217;nde yap\u0131lan din\u00ee t\u00f6renin ard\u0131ndan Hrant Dink <span class=\"new\">Bal\u0131kl\u0131 Ermeni Mezarl\u0131\u011f\u0131<\/span>&#8216;nda topra\u011fa verildi. Cenaze t\u00f6renine kimi kaynaklara g\u00f6re 40 bin , kimilerine g\u00f6re ise 100 bin ki\u015fi kat\u0131ld\u0131.<\/p>\n<p style=\"text-align: justify;\"><strong><span id=\"Cenaze_sonras.C4.B1_geli.C5.9Fmeler\" class=\"mw-headline\">Cenaze sonras\u0131 geli\u015fmeler<\/span><\/strong><\/p>\n<p style=\"text-align: justify;\">Cenazenin Ermeni diasporas\u0131n\u0131n bir k\u0131sm\u0131n\u0131n T\u00fcrkiye&#8217;ye bak\u0131\u015f\u0131n\u0131 de\u011fi\u015ftirdi\u011fi, geleneksel d\u00fc\u015fmanca yakla\u015f\u0131m\u0131n yerini \u015fa\u015fk\u0131nl\u0131\u011fa ve teredd\u00fcte b\u0131rakt\u0131\u011f\u0131 d\u00fc\u015f\u00fcn\u00fclmektedir. \u00d6rne\u011fin, <span class=\"mw-redirect\">Ermeni Diasporas\u0131<\/span>&#8216;n\u0131n \u00f6nde gelen isimlerinden Isabelle Kortian &#8220;T\u00fcrklerin Dink&#8217;i kucaklamas\u0131 bizde &#8216;deprem etkisi&#8217; yapt\u0131!&#8221; demi\u015ftir.<\/p>\n<p style=\"text-align: justify;\">Suikaste kurban gitmesinden bir y\u0131l sonra Lyon Belediyesi, Lyon&#8217;da bir soka\u011fa, <span class=\"mw-redirect\">Diyarbak\u0131r<\/span>&#8216;da da Sur Belediyesi <span class=\"mw-redirect\">S\u00fcryani<\/span> ve M\u00fcsl\u00fcmanlar\u0131n bir arada ya\u015fad\u0131\u011f\u0131 bir soka\u011fa Hrant Dink&#8217;in ad\u0131n\u0131n verilmesini kararla\u015ft\u0131rd\u0131.<\/p>\n<p style=\"text-align: justify;\"><strong><span id=\".C3.96d.C3.BCller\" class=\"mw-headline\">\u00d6d\u00fcller<\/span><\/strong><\/p>\n<ul style=\"text-align: justify;\">\n<li>2005 y\u0131l\u0131nda <span class=\"new\">T\u00fcrkiye\u2019de \u0130nsan Haklar\u0131 Derne\u011fi<\/span> &#8220;Ay\u015fe Nur Zarakolu D\u00fc\u015f\u00fcnce ve \u0130fade \u00d6zg\u00fcrl\u00fc\u011f\u00fc \u00d6d\u00fcl\u00fc&#8221;n\u00fc ald\u0131.<\/li>\n<li>2006\u2019da Alman Stern Dergisi &#8220;D\u00fc\u015f\u00fcnce \u00d6zg\u00fcrl\u00fc\u011f\u00fc ve Cesur Gazetecilik \u00d6d\u00fcl\u00fc&#8221;n\u00fc ald\u0131.<\/li>\n<li>18 Kas\u0131m 2006&#8217;da &#8220;Pen Award fikir ve d\u00fc\u015f\u00fcnce \u00f6zg\u00fcrl\u00fc\u011f\u00fc \u00f6d\u00fcl\u00fc&#8221;n\u00fc ald\u0131.<\/li>\n<li>24 Kas\u0131m 2006&#8217;da &#8220;Bjornson \u0130nsan Haklar\u0131 \u00d6d\u00fcl\u00fc&#8221;n\u00fc ald\u0131.<\/li>\n<li>2007&#8217;de \u00f6ld\u00fcr\u00fcld\u00fckten sonra kendisine TGC Bas\u0131n \u00d6zg\u00fcrl\u00fc\u011f\u00fc \u00d6d\u00fcl\u00fc verildi.<\/li>\n<\/ul>\n<p style=\"text-align: justify;\"><strong><span id=\"Davalar\" class=\"mw-headline\">Davalar<\/span><\/strong><\/p>\n<p style=\"text-align: justify;\">Hrant Dink hakk\u0131nda, T\u00fcrk Ceza Kanunun 301. maddesi ihlal etmekten davalar a\u00e7\u0131lm\u0131\u015ft\u0131r:<\/p>\n<ul style=\"text-align: justify;\">\n<li>2002 y\u0131l\u0131nda Urfa\u2019da verdi\u011fi bir konferansta s\u00f6yledi\u011fi &#8220;<em>Ben T\u00fcrk de\u011fil T\u00fcrkiyeliyim ve Ermeniyim<\/em>&#8221; s\u00f6zlerindan dolay\u0131 &#8220;T\u00fcrkl\u00fc\u011f\u00fc a\u015fa\u011f\u0131lamaktan&#8221; \u00fc\u00e7 y\u0131l yarg\u0131lanm\u0131\u015f ve beraat etmi\u015ftir.<\/li>\n<li style=\"text-align: justify;\">Reuters Ajans\u0131\u2019na s\u00f6yledi\u011fi &#8220;<em>Evet 1915\u2019te olan bir soyk\u0131r\u0131md\u0131 \u00e7\u00fcnk\u00fc 4 bin y\u0131ld\u0131r bu topraklarda ya\u015fayan bir halk ve onun uygarl\u0131\u011f\u0131 art\u0131k yok<\/em>&#8221; s\u00f6zlerinden dolay\u0131, &#8220;T\u00fcrkl\u00fc\u011f\u00fc a\u015fa\u011f\u0131lamaktan&#8221; dava a\u00e7\u0131lm\u0131\u015ft\u0131r.<\/li>\n<\/ul>\n","protected":false},"excerpt":{"rendered":"<p>Halk\u0131 i\u00e7in ate\u015f \u00e7ald\u0131 \/ Boyun e\u011fmedi kendine tanr\u0131 diyenlere \/ ve \u00f6l\u00fcms\u00fczle\u015fti&#8230;\/ Hrant Dink \u0540\u0580\u0561\u0576\u0564 \u054f\u056b\u0576\u0584 Hrant (F\u0131rat) Dink,\u0540\u0580\u0561\u0576\u0564 \u054f\u056b\u0576\u0584 1954 y\u0131l\u0131nda Malatya\u2019da d\u00fcnyaya geldi. Babas\u0131 Sivas&#8216;\u0131n G\u00fcr\u00fcn il\u00e7esinde, annesi G\u00fclvart ise Sivas&#8216;\u0131n Kangal il\u00e7esinde do\u011fup b\u00fcy\u00fcm\u00fc\u015ft\u00fc. Anne ve babas\u0131 1961 y\u0131l\u0131nda \u0130stanbul&#8217;a ta\u015f\u0131nmalar\u0131n\u0131n ard\u0131ndan bo\u015fand\u0131. Hrant ve iki karde\u015fi ailenin b\u00f6l\u00fcnmesinin ard\u0131ndan Gedikpa\u015fa\u2019daki [&hellip;]<\/p>\n","protected":false},"author":1,"featured_media":0,"comment_status":"open","ping_status":"open","sticky":false,"template":"","format":"standard","meta":{"footnotes":""},"categories":[98],"tags":[],"class_list":{"0":"post-4028","1":"post","2":"type-post","3":"status-publish","4":"format-standard","6":"category-turkiye"},"yoast_head":"<!-- This site is optimized with the Yoast SEO Premium plugin v24.9 (Yoast SEO v24.9) - https:\/\/yoast.com\/wordpress\/plugins\/seo\/ -->\n<title>Halk\u0131 i\u00e7in ate\u015f \u00e7ald\u0131,boyun e\u011fmedi kendine tanr\u0131 diyenlere | Hrant Dink - narteks.net<\/title>\n<meta name=\"robots\" content=\"index, follow, max-snippet:-1, max-image-preview:large, max-video-preview:-1\" \/>\n<link rel=\"canonical\" href=\"https:\/\/narteks.net\/index.php\/2010\/01\/18\/halki-icin-ates-caldiboyun-egmedi-kendine-tanri-diyenlere-hrant-dink\/\" \/>\n<meta property=\"og:locale\" content=\"tr_TR\" \/>\n<meta property=\"og:type\" content=\"article\" \/>\n<meta property=\"og:title\" content=\"Halk\u0131 i\u00e7in ate\u015f \u00e7ald\u0131,boyun e\u011fmedi kendine tanr\u0131 diyenlere | Hrant Dink\" \/>\n<meta property=\"og:description\" content=\"Halk\u0131 i\u00e7in ate\u015f \u00e7ald\u0131 \/ Boyun e\u011fmedi kendine tanr\u0131 diyenlere \/ ve \u00f6l\u00fcms\u00fczle\u015fti&#8230;\/ Hrant Dink \u0540\u0580\u0561\u0576\u0564 \u054f\u056b\u0576\u0584 Hrant (F\u0131rat) Dink,\u0540\u0580\u0561\u0576\u0564 \u054f\u056b\u0576\u0584 1954 y\u0131l\u0131nda Malatya\u2019da d\u00fcnyaya geldi. Babas\u0131 Sivas&#8216;\u0131n G\u00fcr\u00fcn il\u00e7esinde, annesi G\u00fclvart ise Sivas&#8216;\u0131n Kangal il\u00e7esinde do\u011fup b\u00fcy\u00fcm\u00fc\u015ft\u00fc. Anne ve babas\u0131 1961 y\u0131l\u0131nda \u0130stanbul&#8217;a ta\u015f\u0131nmalar\u0131n\u0131n ard\u0131ndan bo\u015fand\u0131. Hrant ve iki karde\u015fi ailenin b\u00f6l\u00fcnmesinin ard\u0131ndan Gedikpa\u015fa\u2019daki [&hellip;]\" \/>\n<meta property=\"og:url\" content=\"https:\/\/narteks.net\/index.php\/2010\/01\/18\/halki-icin-ates-caldiboyun-egmedi-kendine-tanri-diyenlere-hrant-dink\/\" \/>\n<meta property=\"og:site_name\" content=\"narteks.net\" \/>\n<meta property=\"article:published_time\" content=\"2010-01-18T12:08:20+00:00\" \/>\n<meta property=\"og:image\" content=\"http:\/\/sansursuzsanat.files.wordpress.com\/2007\/01\/hrant2.jpg\" \/>\n<meta name=\"author\" content=\"Tar\u0131k\" \/>\n<meta name=\"twitter:card\" content=\"summary_large_image\" \/>\n<meta name=\"twitter:creator\" content=\"@narteks\" \/>\n<meta name=\"twitter:site\" content=\"@narteks\" \/>\n<meta name=\"twitter:label1\" content=\"Yazan:\" \/>\n\t<meta name=\"twitter:data1\" content=\"Tar\u0131k\" \/>\n\t<meta name=\"twitter:label2\" content=\"Tahmini okuma s\u00fcresi\" \/>\n\t<meta name=\"twitter:data2\" content=\"5 dakika\" \/>\n<script type=\"application\/ld+json\" class=\"yoast-schema-graph\">{\"@context\":\"https:\/\/schema.org\",\"@graph\":[{\"@type\":\"Article\",\"@id\":\"https:\/\/narteks.net\/index.php\/2010\/01\/18\/halki-icin-ates-caldiboyun-egmedi-kendine-tanri-diyenlere-hrant-dink\/#article\",\"isPartOf\":{\"@id\":\"https:\/\/narteks.net\/index.php\/2010\/01\/18\/halki-icin-ates-caldiboyun-egmedi-kendine-tanri-diyenlere-hrant-dink\/\"},\"author\":{\"name\":\"Tar\u0131k\",\"@id\":\"https:\/\/narteks.net\/#\/schema\/person\/61f37d9834294b72d31d274e7ed79bca\"},\"headline\":\"Halk\u0131 i\u00e7in ate\u015f \u00e7ald\u0131,boyun e\u011fmedi kendine tanr\u0131 diyenlere | Hrant Dink\",\"datePublished\":\"2010-01-18T12:08:20+00:00\",\"mainEntityOfPage\":{\"@id\":\"https:\/\/narteks.net\/index.php\/2010\/01\/18\/halki-icin-ates-caldiboyun-egmedi-kendine-tanri-diyenlere-hrant-dink\/\"},\"wordCount\":1110,\"commentCount\":0,\"publisher\":{\"@id\":\"https:\/\/narteks.net\/#organization\"},\"image\":{\"@id\":\"https:\/\/narteks.net\/index.php\/2010\/01\/18\/halki-icin-ates-caldiboyun-egmedi-kendine-tanri-diyenlere-hrant-dink\/#primaryimage\"},\"thumbnailUrl\":\"http:\/\/sansursuzsanat.files.wordpress.com\/2007\/01\/hrant2.jpg\",\"articleSection\":[\"T\u00fcrkiye\"],\"inLanguage\":\"tr\",\"potentialAction\":[{\"@type\":\"CommentAction\",\"name\":\"Comment\",\"target\":[\"https:\/\/narteks.net\/index.php\/2010\/01\/18\/halki-icin-ates-caldiboyun-egmedi-kendine-tanri-diyenlere-hrant-dink\/#respond\"]}]},{\"@type\":\"WebPage\",\"@id\":\"https:\/\/narteks.net\/index.php\/2010\/01\/18\/halki-icin-ates-caldiboyun-egmedi-kendine-tanri-diyenlere-hrant-dink\/\",\"url\":\"https:\/\/narteks.net\/index.php\/2010\/01\/18\/halki-icin-ates-caldiboyun-egmedi-kendine-tanri-diyenlere-hrant-dink\/\",\"name\":\"Halk\u0131 i\u00e7in ate\u015f \u00e7ald\u0131,boyun e\u011fmedi kendine tanr\u0131 diyenlere | Hrant Dink - narteks.net\",\"isPartOf\":{\"@id\":\"https:\/\/narteks.net\/#website\"},\"primaryImageOfPage\":{\"@id\":\"https:\/\/narteks.net\/index.php\/2010\/01\/18\/halki-icin-ates-caldiboyun-egmedi-kendine-tanri-diyenlere-hrant-dink\/#primaryimage\"},\"image\":{\"@id\":\"https:\/\/narteks.net\/index.php\/2010\/01\/18\/halki-icin-ates-caldiboyun-egmedi-kendine-tanri-diyenlere-hrant-dink\/#primaryimage\"},\"thumbnailUrl\":\"http:\/\/sansursuzsanat.files.wordpress.com\/2007\/01\/hrant2.jpg\",\"datePublished\":\"2010-01-18T12:08:20+00:00\",\"breadcrumb\":{\"@id\":\"https:\/\/narteks.net\/index.php\/2010\/01\/18\/halki-icin-ates-caldiboyun-egmedi-kendine-tanri-diyenlere-hrant-dink\/#breadcrumb\"},\"inLanguage\":\"tr\",\"potentialAction\":[{\"@type\":\"ReadAction\",\"target\":[\"https:\/\/narteks.net\/index.php\/2010\/01\/18\/halki-icin-ates-caldiboyun-egmedi-kendine-tanri-diyenlere-hrant-dink\/\"]}]},{\"@type\":\"ImageObject\",\"inLanguage\":\"tr\",\"@id\":\"https:\/\/narteks.net\/index.php\/2010\/01\/18\/halki-icin-ates-caldiboyun-egmedi-kendine-tanri-diyenlere-hrant-dink\/#primaryimage\",\"url\":\"http:\/\/sansursuzsanat.files.wordpress.com\/2007\/01\/hrant2.jpg\",\"contentUrl\":\"http:\/\/sansursuzsanat.files.wordpress.com\/2007\/01\/hrant2.jpg\"},{\"@type\":\"BreadcrumbList\",\"@id\":\"https:\/\/narteks.net\/index.php\/2010\/01\/18\/halki-icin-ates-caldiboyun-egmedi-kendine-tanri-diyenlere-hrant-dink\/#breadcrumb\",\"itemListElement\":[{\"@type\":\"ListItem\",\"position\":1,\"name\":\"Anasayfa\",\"item\":\"https:\/\/narteks.net\/\"},{\"@type\":\"ListItem\",\"position\":2,\"name\":\"Halk\u0131 i\u00e7in ate\u015f \u00e7ald\u0131,boyun e\u011fmedi kendine tanr\u0131 diyenlere | Hrant Dink\"}]},{\"@type\":\"WebSite\",\"@id\":\"https:\/\/narteks.net\/#website\",\"url\":\"https:\/\/narteks.net\/\",\"name\":\"narteks.net\",\"description\":\"K\u00fclt\u00fcr Sanat Edebiyat Felsefe\",\"publisher\":{\"@id\":\"https:\/\/narteks.net\/#organization\"},\"alternateName\":\"K\u00fclt\u00fcr Sanat Edebiyat Felsefe\",\"potentialAction\":[{\"@type\":\"SearchAction\",\"target\":{\"@type\":\"EntryPoint\",\"urlTemplate\":\"https:\/\/narteks.net\/?s={search_term_string}\"},\"query-input\":{\"@type\":\"PropertyValueSpecification\",\"valueRequired\":true,\"valueName\":\"search_term_string\"}}],\"inLanguage\":\"tr\"},{\"@type\":\"Organization\",\"@id\":\"https:\/\/narteks.net\/#organization\",\"name\":\"narteks.net\",\"url\":\"https:\/\/narteks.net\/\",\"logo\":{\"@type\":\"ImageObject\",\"inLanguage\":\"tr\",\"@id\":\"https:\/\/narteks.net\/#\/schema\/logo\/image\/\",\"url\":\"https:\/\/narteks.net\/wp-content\/uploads\/narteks.png\",\"contentUrl\":\"https:\/\/narteks.net\/wp-content\/uploads\/narteks.png\",\"width\":300,\"height\":90,\"caption\":\"narteks.net\"},\"image\":{\"@id\":\"https:\/\/narteks.net\/#\/schema\/logo\/image\/\"},\"sameAs\":[\"https:\/\/x.com\/narteks\",\"https:\/\/instagram.com\/narteksnet\"]},{\"@type\":\"Person\",\"@id\":\"https:\/\/narteks.net\/#\/schema\/person\/61f37d9834294b72d31d274e7ed79bca\",\"name\":\"Tar\u0131k\",\"image\":{\"@type\":\"ImageObject\",\"inLanguage\":\"tr\",\"@id\":\"https:\/\/narteks.net\/#\/schema\/person\/image\/\",\"url\":\"https:\/\/secure.gravatar.com\/avatar\/50865afb55632c4ae467e0af0930f6510aa2297d8014be502a55b14f3b7550cf?s=96&d=mm&r=g\",\"contentUrl\":\"https:\/\/secure.gravatar.com\/avatar\/50865afb55632c4ae467e0af0930f6510aa2297d8014be502a55b14f3b7550cf?s=96&d=mm&r=g\",\"caption\":\"Tar\u0131k\"},\"sameAs\":[\"http:\/\/narteks.net\"],\"url\":\"https:\/\/narteks.net\/index.php\/author\/narbak\/\"}]}<\/script>\n<!-- \/ Yoast SEO Premium plugin. -->","yoast_head_json":{"title":"Halk\u0131 i\u00e7in ate\u015f \u00e7ald\u0131,boyun e\u011fmedi kendine tanr\u0131 diyenlere | Hrant Dink - narteks.net","robots":{"index":"index","follow":"follow","max-snippet":"max-snippet:-1","max-image-preview":"max-image-preview:large","max-video-preview":"max-video-preview:-1"},"canonical":"https:\/\/narteks.net\/index.php\/2010\/01\/18\/halki-icin-ates-caldiboyun-egmedi-kendine-tanri-diyenlere-hrant-dink\/","og_locale":"tr_TR","og_type":"article","og_title":"Halk\u0131 i\u00e7in ate\u015f \u00e7ald\u0131,boyun e\u011fmedi kendine tanr\u0131 diyenlere | Hrant Dink","og_description":"Halk\u0131 i\u00e7in ate\u015f \u00e7ald\u0131 \/ Boyun e\u011fmedi kendine tanr\u0131 diyenlere \/ ve \u00f6l\u00fcms\u00fczle\u015fti&#8230;\/ Hrant Dink \u0540\u0580\u0561\u0576\u0564 \u054f\u056b\u0576\u0584 Hrant (F\u0131rat) Dink,\u0540\u0580\u0561\u0576\u0564 \u054f\u056b\u0576\u0584 1954 y\u0131l\u0131nda Malatya\u2019da d\u00fcnyaya geldi. Babas\u0131 Sivas&#8216;\u0131n G\u00fcr\u00fcn il\u00e7esinde, annesi G\u00fclvart ise Sivas&#8216;\u0131n Kangal il\u00e7esinde do\u011fup b\u00fcy\u00fcm\u00fc\u015ft\u00fc. Anne ve babas\u0131 1961 y\u0131l\u0131nda \u0130stanbul&#8217;a ta\u015f\u0131nmalar\u0131n\u0131n ard\u0131ndan bo\u015fand\u0131. Hrant ve iki karde\u015fi ailenin b\u00f6l\u00fcnmesinin ard\u0131ndan Gedikpa\u015fa\u2019daki [&hellip;]","og_url":"https:\/\/narteks.net\/index.php\/2010\/01\/18\/halki-icin-ates-caldiboyun-egmedi-kendine-tanri-diyenlere-hrant-dink\/","og_site_name":"narteks.net","article_published_time":"2010-01-18T12:08:20+00:00","og_image":[{"url":"http:\/\/sansursuzsanat.files.wordpress.com\/2007\/01\/hrant2.jpg","type":"","width":"","height":""}],"author":"Tar\u0131k","twitter_card":"summary_large_image","twitter_creator":"@narteks","twitter_site":"@narteks","twitter_misc":{"Yazan:":"Tar\u0131k","Tahmini okuma s\u00fcresi":"5 dakika"},"schema":{"@context":"https:\/\/schema.org","@graph":[{"@type":"Article","@id":"https:\/\/narteks.net\/index.php\/2010\/01\/18\/halki-icin-ates-caldiboyun-egmedi-kendine-tanri-diyenlere-hrant-dink\/#article","isPartOf":{"@id":"https:\/\/narteks.net\/index.php\/2010\/01\/18\/halki-icin-ates-caldiboyun-egmedi-kendine-tanri-diyenlere-hrant-dink\/"},"author":{"name":"Tar\u0131k","@id":"https:\/\/narteks.net\/#\/schema\/person\/61f37d9834294b72d31d274e7ed79bca"},"headline":"Halk\u0131 i\u00e7in ate\u015f \u00e7ald\u0131,boyun e\u011fmedi kendine tanr\u0131 diyenlere | Hrant Dink","datePublished":"2010-01-18T12:08:20+00:00","mainEntityOfPage":{"@id":"https:\/\/narteks.net\/index.php\/2010\/01\/18\/halki-icin-ates-caldiboyun-egmedi-kendine-tanri-diyenlere-hrant-dink\/"},"wordCount":1110,"commentCount":0,"publisher":{"@id":"https:\/\/narteks.net\/#organization"},"image":{"@id":"https:\/\/narteks.net\/index.php\/2010\/01\/18\/halki-icin-ates-caldiboyun-egmedi-kendine-tanri-diyenlere-hrant-dink\/#primaryimage"},"thumbnailUrl":"http:\/\/sansursuzsanat.files.wordpress.com\/2007\/01\/hrant2.jpg","articleSection":["T\u00fcrkiye"],"inLanguage":"tr","potentialAction":[{"@type":"CommentAction","name":"Comment","target":["https:\/\/narteks.net\/index.php\/2010\/01\/18\/halki-icin-ates-caldiboyun-egmedi-kendine-tanri-diyenlere-hrant-dink\/#respond"]}]},{"@type":"WebPage","@id":"https:\/\/narteks.net\/index.php\/2010\/01\/18\/halki-icin-ates-caldiboyun-egmedi-kendine-tanri-diyenlere-hrant-dink\/","url":"https:\/\/narteks.net\/index.php\/2010\/01\/18\/halki-icin-ates-caldiboyun-egmedi-kendine-tanri-diyenlere-hrant-dink\/","name":"Halk\u0131 i\u00e7in ate\u015f \u00e7ald\u0131,boyun e\u011fmedi kendine tanr\u0131 diyenlere | Hrant Dink - narteks.net","isPartOf":{"@id":"https:\/\/narteks.net\/#website"},"primaryImageOfPage":{"@id":"https:\/\/narteks.net\/index.php\/2010\/01\/18\/halki-icin-ates-caldiboyun-egmedi-kendine-tanri-diyenlere-hrant-dink\/#primaryimage"},"image":{"@id":"https:\/\/narteks.net\/index.php\/2010\/01\/18\/halki-icin-ates-caldiboyun-egmedi-kendine-tanri-diyenlere-hrant-dink\/#primaryimage"},"thumbnailUrl":"http:\/\/sansursuzsanat.files.wordpress.com\/2007\/01\/hrant2.jpg","datePublished":"2010-01-18T12:08:20+00:00","breadcrumb":{"@id":"https:\/\/narteks.net\/index.php\/2010\/01\/18\/halki-icin-ates-caldiboyun-egmedi-kendine-tanri-diyenlere-hrant-dink\/#breadcrumb"},"inLanguage":"tr","potentialAction":[{"@type":"ReadAction","target":["https:\/\/narteks.net\/index.php\/2010\/01\/18\/halki-icin-ates-caldiboyun-egmedi-kendine-tanri-diyenlere-hrant-dink\/"]}]},{"@type":"ImageObject","inLanguage":"tr","@id":"https:\/\/narteks.net\/index.php\/2010\/01\/18\/halki-icin-ates-caldiboyun-egmedi-kendine-tanri-diyenlere-hrant-dink\/#primaryimage","url":"http:\/\/sansursuzsanat.files.wordpress.com\/2007\/01\/hrant2.jpg","contentUrl":"http:\/\/sansursuzsanat.files.wordpress.com\/2007\/01\/hrant2.jpg"},{"@type":"BreadcrumbList","@id":"https:\/\/narteks.net\/index.php\/2010\/01\/18\/halki-icin-ates-caldiboyun-egmedi-kendine-tanri-diyenlere-hrant-dink\/#breadcrumb","itemListElement":[{"@type":"ListItem","position":1,"name":"Anasayfa","item":"https:\/\/narteks.net\/"},{"@type":"ListItem","position":2,"name":"Halk\u0131 i\u00e7in ate\u015f \u00e7ald\u0131,boyun e\u011fmedi kendine tanr\u0131 diyenlere | Hrant Dink"}]},{"@type":"WebSite","@id":"https:\/\/narteks.net\/#website","url":"https:\/\/narteks.net\/","name":"narteks.net","description":"K\u00fclt\u00fcr Sanat Edebiyat Felsefe","publisher":{"@id":"https:\/\/narteks.net\/#organization"},"alternateName":"K\u00fclt\u00fcr Sanat Edebiyat Felsefe","potentialAction":[{"@type":"SearchAction","target":{"@type":"EntryPoint","urlTemplate":"https:\/\/narteks.net\/?s={search_term_string}"},"query-input":{"@type":"PropertyValueSpecification","valueRequired":true,"valueName":"search_term_string"}}],"inLanguage":"tr"},{"@type":"Organization","@id":"https:\/\/narteks.net\/#organization","name":"narteks.net","url":"https:\/\/narteks.net\/","logo":{"@type":"ImageObject","inLanguage":"tr","@id":"https:\/\/narteks.net\/#\/schema\/logo\/image\/","url":"https:\/\/narteks.net\/wp-content\/uploads\/narteks.png","contentUrl":"https:\/\/narteks.net\/wp-content\/uploads\/narteks.png","width":300,"height":90,"caption":"narteks.net"},"image":{"@id":"https:\/\/narteks.net\/#\/schema\/logo\/image\/"},"sameAs":["https:\/\/x.com\/narteks","https:\/\/instagram.com\/narteksnet"]},{"@type":"Person","@id":"https:\/\/narteks.net\/#\/schema\/person\/61f37d9834294b72d31d274e7ed79bca","name":"Tar\u0131k","image":{"@type":"ImageObject","inLanguage":"tr","@id":"https:\/\/narteks.net\/#\/schema\/person\/image\/","url":"https:\/\/secure.gravatar.com\/avatar\/50865afb55632c4ae467e0af0930f6510aa2297d8014be502a55b14f3b7550cf?s=96&d=mm&r=g","contentUrl":"https:\/\/secure.gravatar.com\/avatar\/50865afb55632c4ae467e0af0930f6510aa2297d8014be502a55b14f3b7550cf?s=96&d=mm&r=g","caption":"Tar\u0131k"},"sameAs":["http:\/\/narteks.net"],"url":"https:\/\/narteks.net\/index.php\/author\/narbak\/"}]}},"_links":{"self":[{"href":"https:\/\/narteks.net\/index.php\/wp-json\/wp\/v2\/posts\/4028","targetHints":{"allow":["GET"]}}],"collection":[{"href":"https:\/\/narteks.net\/index.php\/wp-json\/wp\/v2\/posts"}],"about":[{"href":"https:\/\/narteks.net\/index.php\/wp-json\/wp\/v2\/types\/post"}],"author":[{"embeddable":true,"href":"https:\/\/narteks.net\/index.php\/wp-json\/wp\/v2\/users\/1"}],"replies":[{"embeddable":true,"href":"https:\/\/narteks.net\/index.php\/wp-json\/wp\/v2\/comments?post=4028"}],"version-history":[{"count":0,"href":"https:\/\/narteks.net\/index.php\/wp-json\/wp\/v2\/posts\/4028\/revisions"}],"wp:attachment":[{"href":"https:\/\/narteks.net\/index.php\/wp-json\/wp\/v2\/media?parent=4028"}],"wp:term":[{"taxonomy":"category","embeddable":true,"href":"https:\/\/narteks.net\/index.php\/wp-json\/wp\/v2\/categories?post=4028"},{"taxonomy":"post_tag","embeddable":true,"href":"https:\/\/narteks.net\/index.php\/wp-json\/wp\/v2\/tags?post=4028"}],"curies":[{"name":"wp","href":"https:\/\/api.w.org\/{rel}","templated":true}]}}