{"id":4030,"date":"2010-01-18T19:35:18","date_gmt":"2010-01-18T16:35:18","guid":{"rendered":"http:\/\/localhost\/wordpress\/2010\/01\/18\/gittikce-dijitallesen-bir-dunyaya-isyan-haluk-levent-ve-sarkilari-narteksnette\/"},"modified":"2010-01-18T19:35:18","modified_gmt":"2010-01-18T16:35:18","slug":"gittikce-dijitallesen-bir-dunyaya-isyan-haluk-levent-ve-sarkilari-narteksnette","status":"publish","type":"post","link":"https:\/\/narteks.net\/index.php\/2010\/01\/18\/gittikce-dijitallesen-bir-dunyaya-isyan-haluk-levent-ve-sarkilari-narteksnette\/","title":{"rendered":"Gittik\u00e7e dijitalle\u015fen bir d\u00fcnya&#8217;ya isyan | Haluk Levent ve \u015fark\u0131lar\u0131 narteks.net&#8217;te"},"content":{"rendered":"<p><strong><img loading=\"lazy\" decoding=\"async\" src=\"images\/stories\/haluk_levent.jpg\" border=\"0\" width=\"155\" height=\"205\" style=\"float: left;\" \/><\/strong><\/p>\n<p style=\"text-align: justify;\">Ger\u00e7ek ad\u0131 <strong>Haluk Levent Acil<\/strong> dir.26 Kas\u0131m 1968&#8217;de Adana\u2019n\u0131n Y\u00fcre\u011fir il\u00e7esinde do\u011fdu. \u0130lkokulu Sabanc\u0131 \u0130lk \u00d6\u011fretim Okulu&#8217;nda okudu. Adana Atat\u00fcrk Lisesi&#8217;nden mezun oldu. Sonra s\u0131ras\u0131yla Karadeniz Teknik \u00dcniversitesi Orman M\u00fchendisli\u011fi,Ankara \u00dcniversitesi Kastamonu Meslek Y\u00fcksek Okulu Bilgisayar Programc\u0131l\u0131\u011f\u0131, Orta Do\u011fu Teknik \u00dcniversitesi Fizik B\u00f6l\u00fcm\u00fc ve Ankara \u00dcniversitesi Muhasebe b\u00f6l\u00fcm\u00fcnde k\u0131sa zamanlar \u00f6\u011frencilik yapt\u0131. \u00dcniversite giri\u015f s\u0131navlar\u0131n\u0131 kazan\u0131yordu ama e\u011fitimini istikrarl\u0131 bir \u015fekilde ilerletemiyordu. Bu durumda ailesinin maddi s\u0131k\u0131nt\u0131lar\u0131 da \u00f6nemli bir rol oynuyordu.<\/p>\n<p style=\"text-align: justify;\">S\u0131navlarla ge\u00e7en bu y\u0131llar i\u00e7inde ticaretle u\u011fra\u015fan Haluk Levent, ba\u015far\u0131s\u0131z bir ticaret adam\u0131 olarak Adana&#8217;dan ayr\u0131ld\u0131 ve kendini yollara verdi. \u0130lk alb\u00fcm\u00fcn\u00fcn \u201cYollarda&#8221; ad\u0131n\u0131 almas\u0131 da bug\u00fcnlerdeki deneyimlerin sebebidir. Bir\u00e7ok \u015fehirde dola\u015f\u0131p \u015fark\u0131 s\u00f6yledi. Kimi zaman hasta bir k\u0131z \u00e7ocu\u011fu i\u00e7in sokak sokak dola\u015f\u0131p \u015fark\u0131 s\u00f6yleyerek para toplamaya \u00e7al\u0131\u015ft\u0131. Bu \u00e7abalar\u0131n baz\u0131lar\u0131nda ba\u015far\u0131l\u0131 oldu.<\/p>\n<div>\n<object width=\"480\" height=\"365\" data=\"http:\/\/www.dailymotion.com\/swf\/x7qe9y&amp;related=0\" type=\"application\/x-shockwave-flash\"><param name=\"allowFullScreen\" value=\"true\" \/><param name=\"allowScriptAccess\" value=\"always\" \/><param name=\"src\" value=\"http:\/\/www.dailymotion.com\/swf\/x7qe9y&amp;related=0\" \/><param name=\"allowfullscreen\" value=\"true\" \/><\/object><br \/>\n<br \/><strong><a href=\"http:\/\/www.dailymotion.com\/video\/x7qe9y_haluk-levent-elfida-official-music_music\">Haluk Levent Elfida <\/a><\/strong><br \/><em><a href=\"http:\/\/www.dailymotion.com\/tr\/channel\/music\"><br \/><\/a><\/em><\/div>\n<p style=\"text-align: justify;\">1992 y\u0131l\u0131nda \u0130stanbul&#8217;a geldi. Ortak\u00f6y&#8217;de \u00e7e\u015fitli barlarda \u00e7al\u0131\u015ft\u0131. Y\u0131ld\u0131ray G\u00fcrgen ile tan\u0131\u015ft\u0131.Bununla beraber Serdar \u00d6ztop ve Ak\u0131n Eldes gibi kaliteli m\u00fczisyenlerle \u00e7al\u0131\u015f\u0131p alb\u00fcmlerinin kalitesinin artmas\u0131n\u0131 sa\u011flad\u0131 1990\u2019da ba\u015flad\u0131\u011f\u0131 alb\u00fcm \u00e7al\u0131\u015fmalar\u0131 zahmetli ve y\u0131ld\u0131r\u0131c\u0131 \u00fc\u00e7 y\u0131l\u0131n ard\u0131ndan meyvesini verdi. 1993 Temmuz&#8217;unda &#8220;Yollarda&#8221; alb\u00fcm\u00fcn\u00fc \u00e7\u0131kartt\u0131. Bu alb\u00fcm ayn\u0131 zamanda Anadolu Rock m\u00fczi\u011finin ortaya \u00e7\u0131kt\u0131\u011f\u0131 70\u2019lerden sonra ikinci y\u00fckseli\u015f d\u00f6neminin ilk eserlerindendi. Ayn\u0131 y\u0131l Mo\u011follar da 20 y\u0131l aradan sonraki ilk alb\u00fcm\u00fcn\u00fc \u00e7\u0131kartm\u0131\u015ft\u0131r. \u201cYollarda\u201d hi\u00e7 beklenmedik bir \u015fekilde yakla\u015f\u0131k ikiy\u00fczbinlik sat\u0131\u015f rakam\u0131na ula\u015ft\u0131. Bu, T\u00fcrkiye M\u00fczik piyasas\u0131nda a\u00e7\u0131lan yeni bir kulvar\u0131n ard\u0131ndan milyonlar\u0131 s\u00fcr\u00fckleyece\u011fine dair ilk i\u015faret gibiydi.<\/p>\n<p>\u0130lk alb\u00fcm\u00fcn ard\u0131ndan 1995 Ekim&#8217;inde &#8220;Bir Gece Vakti&#8221; bir milyona yakla\u015fan sat\u0131\u015f rakam\u0131yla m\u00fczik g\u00fcndemine bomba gibi d\u00fc\u015ft\u00fc. Yine 1996&#8217;n\u0131n hemen sonunda \u201cArkada\u015f\u201d alb\u00fcm\u00fc piyasaya \u00e7\u0131kt\u0131. Bu alb\u00fcmle sanat\u00e7\u0131, Anadolu Rock m\u00fczi\u011fin m\u00fczikal anlamda en ba\u015far\u0131l\u0131 \u00f6rneklerinden birine imza atm\u0131\u015ft\u0131r. Sanat\u00e7\u0131 \u201cArkada\u015f\u201d alb\u00fcm\u00fc i\u00e7in &#8220;Bu alb\u00fcmle d\u00fcnya standartlar\u0131n\u0131 yakalad\u0131m&#8221; demektedir.<\/p>\n<div>\n<object width=\"480\" height=\"365\" data=\"http:\/\/www.dailymotion.com\/swf\/x3uscs&amp;related=0\" type=\"application\/x-shockwave-flash\"><param name=\"allowFullScreen\" value=\"true\" \/><param name=\"allowScriptAccess\" value=\"always\" \/><param name=\"src\" value=\"http:\/\/www.dailymotion.com\/swf\/x3uscs&amp;related=0\" \/><param name=\"allowfullscreen\" value=\"true\" \/><\/object><br \/>\n<br \/><strong><a href=\"http:\/\/www.dailymotion.com\/video\/x3uscs_haluk-levent-zor-ask_music\">HALUK LEVENT &#8211; ZOR ASK<\/a><\/strong><\/div>\n<p style=\"text-align: justify;\">1997\u2019nin A\u011fustos ay\u0131nda cezaevine girdi. Yakla\u015f\u0131k on y\u0131ld\u0131r kurtulamad\u0131\u011f\u0131 ticari bir dava y\u00fcz\u00fcnden 9 ay cezaevinde kald\u0131. Cezaevindeyken uzun sa\u00e7lar\u0131n\u0131 kesip Akkuyu\u2019ya, yap\u0131lmas\u0131 d\u00fc\u015f\u00fcn\u00fclen N\u00fckleer santral projesinin protesto g\u00f6sterilerine yollad\u0131. Cezaevine girmeden \u00f6nce olu\u015fturmu\u015f oldu\u011fu kay\u0131tlarla \u201cMektup\u201d alb\u00fcm\u00fcn\u00fc \u00e7\u0131kartt\u0131. \u201cMektup\u201d i\u00e7eriden d\u0131\u015far\u0131ya yaz\u0131lm\u0131\u015ft\u0131 ve d\u0131\u015far\u0131da bu \u201cMektup\u201du y\u00fcz binlerce ki\u015fi okudu. \u0130\u00e7erde bo\u015f durmad\u0131 \u201cKedi K\u00f6pr\u00fcs\u00fc\u201d adl\u0131 ilk kitab\u0131n\u0131 yazd\u0131. G\u00f6zleri k\u00f6r eden \u0131\u015f\u0131klardan kurtulmu\u015f ve her ne kadar y\u00fcz bin mektup alm\u0131\u015f olsa da sonunda kendisine kalm\u0131\u015ft\u0131. Bu \u201ckendinelik\u201d bir kitapla somutla\u015ft\u0131.<\/p>\n<p>Cezaevinden \u00e7\u0131kt\u0131ktan sonra yeni alb\u00fcm\u00fcn\u00fc haz\u0131rlamak i\u00e7in \u00e7ok az bir vakti vard\u0131. \u00c7\u00fcnk\u00fc 18 ayl\u0131k askerlik g\u00f6revi bekliyordu. Bu ko\u015fullar alt\u0131nda 1998 Eyl\u00fcl&#8217;\u00fcnde \u201cYine Ayr\u0131l\u0131k\u201d alb\u00fcm\u00fcn\u00fc \u00e7\u0131kartt\u0131 ve askere gitti. O askerdeyken bedelli askerlik \u00e7\u0131kt\u0131. Anlaml\u0131 bir talihsizlik oldu. Askerdeyken T\u00fcrkiye\u2019nin daha \u00f6nce hi\u00e7 gitmemi\u015f oldu\u011fu yerlerinde konserler verdi. B\u00fct\u00fcn Do\u011fu ve G\u00fcneydo\u011fu Anadolu\u2019da konserler verdi. 1999 depreminin ard\u0131ndan \u0130zmit\u2019te kurulan \u00c7ad\u0131r kentlerde bizzat \u00e7al\u0131\u015f\u0131p \u00e7ad\u0131rlar kurdu. Depremzedeler yarar\u0131na konserler verdi. Askerdeyken izin g\u00fcnlerinin hepsini st\u00fcdyoda ge\u00e7irdi. 2000&#8217;in hemen ba\u015f\u0131nda \u201cwww.leyla.com\u201du \u00e7\u0131kartt\u0131. Gittik\u00e7e dijitalle\u015fen bir d\u00fcnyada duygular\u0131n da dijitalle\u015fti\u011finden dem vuruyor, \u201cKamyoncunun T\u00fcrk\u00fcs\u00fc\u201d \u015fark\u0131s\u0131yla Susurluk\u2019a g\u00f6nderme yap\u0131yordu.<\/p>\n<p>Askerlik g\u00f6revinin ard\u0131ndan s\u0131ras\u0131yla 2001 \u015eubat&#8217;\u0131nda \u201cKral \u00c7\u0131plak\u201d, 2002 Ekim&#8217;inde \u201cBir Erke\u011fin G\u00fcnl\u00fc\u011f\u00fc\u201d , 2004 Eyl\u00fcl&#8217;\u00fcnde \u201cA\u00e7 Pencereni\u201d 2005 Nisan&#8217;\u0131nda \u201cAnnemin T\u00fcrk\u00fcleri\u201d adl\u0131 alb\u00fcmlerini piyasaya s\u00fcrd\u00fc. Ayr\u0131ca ikinci deneme kitab\u0131 olan \u201cMoritos\u2019un D\u00fc\u015fleri\u201d ni yay\u0131mlad\u0131.<\/p>\n<p>Sanat ya\u015fam\u0131n\u0131n on be\u015finci y\u0131l\u0131na (2005) ad\u0131m atan sanat\u00e7\u0131, bu ge\u00e7en on be\u015f y\u0131l boyunca yurti\u00e7inde ve yurtd\u0131\u015f\u0131nda yakla\u015f\u0131k on bin konsere \u00e7\u0131kt\u0131. T\u00fcrkiye\u2019de en \u00e7ok konser veren sanat\u00e7\u0131lar\u0131n ba\u015f\u0131nda gelen Haluk Levent, bu konserlerin \u00e7ok \u00f6nemli bir k\u0131sm\u0131ndan para almam\u0131\u015f, konserin gelirini ihtiyac\u0131 olan hastalara vakfetmi\u015ftir. Yard\u0131msever Rock\u2019\u00e7\u0131 tan\u0131m\u0131n\u0131n yak\u0131\u015ft\u0131r\u0131lmas\u0131 bu sebeptendir.<\/p>\n<p>Ayn\u0131 zamanda \u00c7evre Sorunlar\u0131na kar\u015f\u0131 duyarl\u0131l\u0131\u011f\u0131yla \u00f6n plana \u00e7\u0131kan sanat\u00e7\u0131, hemen hemen her alb\u00fcm\u00fcnde \u00e7evre bilincini a\u015f\u0131lama yolunda \u015fark\u0131lara yer verdi. T\u00fcrkiye\u2019nin de\u011fi\u015fik b\u00f6lgelerinde \u00e7evre katili projeler aleyhine davalar a\u00e7t\u0131 ve a\u00e7\u0131lan davalara m\u00fcdahil oldu. Mersin\u2019in Kazanl\u0131 il\u00e7esindeki Caretta Caretta Kaplumba\u011falar\u0131n\u0131n soyunun t\u00fckenmemesi i\u00e7in protesto g\u00f6sterilerinde bulundu.<\/p>\n<p>K\u0131sa sanat ya\u015fam\u0131na on iki alb\u00fcm, on bin konser, iki kitap y\u00fczlerce \u00f6d\u00fcl, yard\u0131m konserleri, iki tane rekor konser (on iki saatlik), onlarca \u00e7evre davas\u0131 s\u0131\u011fd\u0131ran Haluk Levent, y\u00fcr\u00fcd\u00fc\u011f\u00fc yolda olgun ve emin ad\u0131mlar atmaya devam ediyor.Nesrin Yanarlar ile evli olup Ela ismide bir k\u0131z \u00e7ocu\u011funa sahiptir.<\/p>\n<p>\u00a0<\/p>\n<p>\n<object width=\"400\" height=\"300\" data=\"http:\/\/www.humyo.com\/E\/10422871-281475396250329\/10422871-281475396250707\/10422871-281475396251339\/10422871-281475396251865\/10422871-281475396252315\/10422871-281475396252693\/10422871-281475396253187\/10422871-281475396253783\/10422871-281475396254359\/10422871-281475396254909\/10422871-281475396255599\/10422871-281475396256083\/10422871-281475396256505\/10422871-281475396256887\/10422871-281475396257233\/10422871-281475396257591?a=d_Sh70ePHVs%2CtUvR6_JHfrQ%2CtN91sCCHt7U%2C8RwiaXyaXN4%2CivHhqaNo5jA%2CtbnfNxw4jlA%2C90f2Nf9HviM%2CeyExMTK9Hq8%2CSCtMAsS-sK0%2COp2VIqt9Jds%2CgerbDXiCZ90%2CYE-ez04sPAY%2C3bDOnPbGtAg%2CgnxV5Hq7BNI%2C0cBeBz4UAUE%2CxAeCl1BJMDE\" type=\"application\/x-shockwave-flash\"><param name=\"flashvars\" value=\"autostart=true&amp;usefullscreen=true&amp;\" \/><param name=\"src\" value=\"http:\/\/www.humyo.com\/E\/10422871-281475396250329\/10422871-281475396250707\/10422871-281475396251339\/10422871-281475396251865\/10422871-281475396252315\/10422871-281475396252693\/10422871-281475396253187\/10422871-281475396253783\/10422871-281475396254359\/10422871-281475396254909\/10422871-281475396255599\/10422871-281475396256083\/10422871-281475396256505\/10422871-281475396256887\/10422871-281475396257233\/10422871-281475396257591?a=d_Sh70ePHVs%2CtUvR6_JHfrQ%2CtN91sCCHt7U%2C8RwiaXyaXN4%2CivHhqaNo5jA%2CtbnfNxw4jlA%2C90f2Nf9HviM%2CeyExMTK9Hq8%2CSCtMAsS-sK0%2COp2VIqt9Jds%2CgerbDXiCZ90%2CYE-ez04sPAY%2C3bDOnPbGtAg%2CgnxV5Hq7BNI%2C0cBeBz4UAUE%2CxAeCl1BJMDE\" \/><param name=\"allowfullscreen\" value=\"true\" \/><\/object><\/p>\n","protected":false},"excerpt":{"rendered":"<p>Ger\u00e7ek ad\u0131 Haluk Levent Acil dir.26 Kas\u0131m 1968&#8217;de Adana\u2019n\u0131n Y\u00fcre\u011fir il\u00e7esinde do\u011fdu. \u0130lkokulu Sabanc\u0131 \u0130lk \u00d6\u011fretim Okulu&#8217;nda okudu. Adana Atat\u00fcrk Lisesi&#8217;nden mezun oldu. Sonra s\u0131ras\u0131yla Karadeniz Teknik \u00dcniversitesi Orman M\u00fchendisli\u011fi,Ankara \u00dcniversitesi Kastamonu Meslek Y\u00fcksek Okulu Bilgisayar Programc\u0131l\u0131\u011f\u0131, Orta Do\u011fu Teknik \u00dcniversitesi Fizik B\u00f6l\u00fcm\u00fc ve Ankara \u00dcniversitesi Muhasebe b\u00f6l\u00fcm\u00fcnde k\u0131sa zamanlar \u00f6\u011frencilik yapt\u0131. \u00dcniversite giri\u015f s\u0131navlar\u0131n\u0131 [&hellip;]<\/p>\n","protected":false},"author":1,"featured_media":0,"comment_status":"open","ping_status":"open","sticky":false,"template":"","format":"standard","meta":{"footnotes":""},"categories":[100],"tags":[],"class_list":{"0":"post-4030","1":"post","2":"type-post","3":"status-publish","4":"format-standard","6":"category-muzisyenler"},"yoast_head":"<!-- This site is optimized with the Yoast SEO Premium plugin v24.9 (Yoast SEO v24.9) - https:\/\/yoast.com\/wordpress\/plugins\/seo\/ -->\n<title>Gittik\u00e7e dijitalle\u015fen bir d\u00fcnya&#039;ya isyan | Haluk Levent ve \u015fark\u0131lar\u0131 narteks.net&#039;te - narteks.net<\/title>\n<meta name=\"robots\" content=\"index, follow, max-snippet:-1, max-image-preview:large, max-video-preview:-1\" \/>\n<link rel=\"canonical\" href=\"https:\/\/narteks.net\/index.php\/2010\/01\/18\/gittikce-dijitallesen-bir-dunyaya-isyan-haluk-levent-ve-sarkilari-narteksnette\/\" \/>\n<meta property=\"og:locale\" content=\"tr_TR\" \/>\n<meta property=\"og:type\" content=\"article\" \/>\n<meta property=\"og:title\" content=\"Gittik\u00e7e dijitalle\u015fen bir d\u00fcnya&#039;ya isyan | Haluk Levent ve \u015fark\u0131lar\u0131 narteks.net&#039;te\" \/>\n<meta property=\"og:description\" content=\"Ger\u00e7ek ad\u0131 Haluk Levent Acil dir.26 Kas\u0131m 1968&#8217;de Adana\u2019n\u0131n Y\u00fcre\u011fir il\u00e7esinde do\u011fdu. \u0130lkokulu Sabanc\u0131 \u0130lk \u00d6\u011fretim Okulu&#8217;nda okudu. Adana Atat\u00fcrk Lisesi&#8217;nden mezun oldu. Sonra s\u0131ras\u0131yla Karadeniz Teknik \u00dcniversitesi Orman M\u00fchendisli\u011fi,Ankara \u00dcniversitesi Kastamonu Meslek Y\u00fcksek Okulu Bilgisayar Programc\u0131l\u0131\u011f\u0131, Orta Do\u011fu Teknik \u00dcniversitesi Fizik B\u00f6l\u00fcm\u00fc ve Ankara \u00dcniversitesi Muhasebe b\u00f6l\u00fcm\u00fcnde k\u0131sa zamanlar \u00f6\u011frencilik yapt\u0131. \u00dcniversite giri\u015f s\u0131navlar\u0131n\u0131 [&hellip;]\" \/>\n<meta property=\"og:url\" content=\"https:\/\/narteks.net\/index.php\/2010\/01\/18\/gittikce-dijitallesen-bir-dunyaya-isyan-haluk-levent-ve-sarkilari-narteksnette\/\" \/>\n<meta property=\"og:site_name\" content=\"narteks.net\" \/>\n<meta property=\"article:published_time\" content=\"2010-01-18T16:35:18+00:00\" \/>\n<meta property=\"og:image\" content=\"https:\/\/narteks.net\/wp-content\/uploads\/narteks.png\" \/>\n\t<meta property=\"og:image:width\" content=\"300\" \/>\n\t<meta property=\"og:image:height\" content=\"90\" \/>\n\t<meta property=\"og:image:type\" content=\"image\/png\" \/>\n<meta name=\"author\" content=\"Tar\u0131k\" \/>\n<meta name=\"twitter:card\" content=\"summary_large_image\" \/>\n<meta name=\"twitter:creator\" content=\"@narteks\" \/>\n<meta name=\"twitter:site\" content=\"@narteks\" \/>\n<meta name=\"twitter:label1\" content=\"Yazan:\" \/>\n\t<meta name=\"twitter:data1\" content=\"Tar\u0131k\" \/>\n\t<meta name=\"twitter:label2\" content=\"Tahmini okuma s\u00fcresi\" \/>\n\t<meta name=\"twitter:data2\" content=\"5 dakika\" \/>\n<script type=\"application\/ld+json\" class=\"yoast-schema-graph\">{\"@context\":\"https:\/\/schema.org\",\"@graph\":[{\"@type\":\"Article\",\"@id\":\"https:\/\/narteks.net\/index.php\/2010\/01\/18\/gittikce-dijitallesen-bir-dunyaya-isyan-haluk-levent-ve-sarkilari-narteksnette\/#article\",\"isPartOf\":{\"@id\":\"https:\/\/narteks.net\/index.php\/2010\/01\/18\/gittikce-dijitallesen-bir-dunyaya-isyan-haluk-levent-ve-sarkilari-narteksnette\/\"},\"author\":{\"name\":\"Tar\u0131k\",\"@id\":\"https:\/\/narteks.net\/#\/schema\/person\/61f37d9834294b72d31d274e7ed79bca\"},\"headline\":\"Gittik\u00e7e dijitalle\u015fen bir d\u00fcnya&#8217;ya isyan | Haluk Levent ve \u015fark\u0131lar\u0131 narteks.net&#8217;te\",\"datePublished\":\"2010-01-18T16:35:18+00:00\",\"mainEntityOfPage\":{\"@id\":\"https:\/\/narteks.net\/index.php\/2010\/01\/18\/gittikce-dijitallesen-bir-dunyaya-isyan-haluk-levent-ve-sarkilari-narteksnette\/\"},\"wordCount\":948,\"commentCount\":0,\"publisher\":{\"@id\":\"https:\/\/narteks.net\/#organization\"},\"articleSection\":[\"M\u00fczisyenler\"],\"inLanguage\":\"tr\",\"potentialAction\":[{\"@type\":\"CommentAction\",\"name\":\"Comment\",\"target\":[\"https:\/\/narteks.net\/index.php\/2010\/01\/18\/gittikce-dijitallesen-bir-dunyaya-isyan-haluk-levent-ve-sarkilari-narteksnette\/#respond\"]}]},{\"@type\":\"WebPage\",\"@id\":\"https:\/\/narteks.net\/index.php\/2010\/01\/18\/gittikce-dijitallesen-bir-dunyaya-isyan-haluk-levent-ve-sarkilari-narteksnette\/\",\"url\":\"https:\/\/narteks.net\/index.php\/2010\/01\/18\/gittikce-dijitallesen-bir-dunyaya-isyan-haluk-levent-ve-sarkilari-narteksnette\/\",\"name\":\"Gittik\u00e7e dijitalle\u015fen bir d\u00fcnya'ya isyan | Haluk Levent ve \u015fark\u0131lar\u0131 narteks.net'te - narteks.net\",\"isPartOf\":{\"@id\":\"https:\/\/narteks.net\/#website\"},\"datePublished\":\"2010-01-18T16:35:18+00:00\",\"breadcrumb\":{\"@id\":\"https:\/\/narteks.net\/index.php\/2010\/01\/18\/gittikce-dijitallesen-bir-dunyaya-isyan-haluk-levent-ve-sarkilari-narteksnette\/#breadcrumb\"},\"inLanguage\":\"tr\",\"potentialAction\":[{\"@type\":\"ReadAction\",\"target\":[\"https:\/\/narteks.net\/index.php\/2010\/01\/18\/gittikce-dijitallesen-bir-dunyaya-isyan-haluk-levent-ve-sarkilari-narteksnette\/\"]}]},{\"@type\":\"BreadcrumbList\",\"@id\":\"https:\/\/narteks.net\/index.php\/2010\/01\/18\/gittikce-dijitallesen-bir-dunyaya-isyan-haluk-levent-ve-sarkilari-narteksnette\/#breadcrumb\",\"itemListElement\":[{\"@type\":\"ListItem\",\"position\":1,\"name\":\"Anasayfa\",\"item\":\"https:\/\/narteks.net\/\"},{\"@type\":\"ListItem\",\"position\":2,\"name\":\"Gittik\u00e7e dijitalle\u015fen bir d\u00fcnya&#8217;ya isyan | Haluk Levent ve \u015fark\u0131lar\u0131 narteks.net&#8217;te\"}]},{\"@type\":\"WebSite\",\"@id\":\"https:\/\/narteks.net\/#website\",\"url\":\"https:\/\/narteks.net\/\",\"name\":\"narteks.net\",\"description\":\"K\u00fclt\u00fcr Sanat Edebiyat Felsefe\",\"publisher\":{\"@id\":\"https:\/\/narteks.net\/#organization\"},\"alternateName\":\"K\u00fclt\u00fcr Sanat Edebiyat Felsefe\",\"potentialAction\":[{\"@type\":\"SearchAction\",\"target\":{\"@type\":\"EntryPoint\",\"urlTemplate\":\"https:\/\/narteks.net\/?s={search_term_string}\"},\"query-input\":{\"@type\":\"PropertyValueSpecification\",\"valueRequired\":true,\"valueName\":\"search_term_string\"}}],\"inLanguage\":\"tr\"},{\"@type\":\"Organization\",\"@id\":\"https:\/\/narteks.net\/#organization\",\"name\":\"narteks.net\",\"url\":\"https:\/\/narteks.net\/\",\"logo\":{\"@type\":\"ImageObject\",\"inLanguage\":\"tr\",\"@id\":\"https:\/\/narteks.net\/#\/schema\/logo\/image\/\",\"url\":\"https:\/\/narteks.net\/wp-content\/uploads\/narteks.png\",\"contentUrl\":\"https:\/\/narteks.net\/wp-content\/uploads\/narteks.png\",\"width\":300,\"height\":90,\"caption\":\"narteks.net\"},\"image\":{\"@id\":\"https:\/\/narteks.net\/#\/schema\/logo\/image\/\"},\"sameAs\":[\"https:\/\/x.com\/narteks\",\"https:\/\/instagram.com\/narteksnet\"]},{\"@type\":\"Person\",\"@id\":\"https:\/\/narteks.net\/#\/schema\/person\/61f37d9834294b72d31d274e7ed79bca\",\"name\":\"Tar\u0131k\",\"image\":{\"@type\":\"ImageObject\",\"inLanguage\":\"tr\",\"@id\":\"https:\/\/narteks.net\/#\/schema\/person\/image\/\",\"url\":\"https:\/\/secure.gravatar.com\/avatar\/50865afb55632c4ae467e0af0930f6510aa2297d8014be502a55b14f3b7550cf?s=96&d=mm&r=g\",\"contentUrl\":\"https:\/\/secure.gravatar.com\/avatar\/50865afb55632c4ae467e0af0930f6510aa2297d8014be502a55b14f3b7550cf?s=96&d=mm&r=g\",\"caption\":\"Tar\u0131k\"},\"sameAs\":[\"http:\/\/narteks.net\"],\"url\":\"https:\/\/narteks.net\/index.php\/author\/narbak\/\"}]}<\/script>\n<!-- \/ Yoast SEO Premium plugin. -->","yoast_head_json":{"title":"Gittik\u00e7e dijitalle\u015fen bir d\u00fcnya'ya isyan | Haluk Levent ve \u015fark\u0131lar\u0131 narteks.net'te - narteks.net","robots":{"index":"index","follow":"follow","max-snippet":"max-snippet:-1","max-image-preview":"max-image-preview:large","max-video-preview":"max-video-preview:-1"},"canonical":"https:\/\/narteks.net\/index.php\/2010\/01\/18\/gittikce-dijitallesen-bir-dunyaya-isyan-haluk-levent-ve-sarkilari-narteksnette\/","og_locale":"tr_TR","og_type":"article","og_title":"Gittik\u00e7e dijitalle\u015fen bir d\u00fcnya'ya isyan | Haluk Levent ve \u015fark\u0131lar\u0131 narteks.net'te","og_description":"Ger\u00e7ek ad\u0131 Haluk Levent Acil dir.26 Kas\u0131m 1968&#8217;de Adana\u2019n\u0131n Y\u00fcre\u011fir il\u00e7esinde do\u011fdu. \u0130lkokulu Sabanc\u0131 \u0130lk \u00d6\u011fretim Okulu&#8217;nda okudu. Adana Atat\u00fcrk Lisesi&#8217;nden mezun oldu. Sonra s\u0131ras\u0131yla Karadeniz Teknik \u00dcniversitesi Orman M\u00fchendisli\u011fi,Ankara \u00dcniversitesi Kastamonu Meslek Y\u00fcksek Okulu Bilgisayar Programc\u0131l\u0131\u011f\u0131, Orta Do\u011fu Teknik \u00dcniversitesi Fizik B\u00f6l\u00fcm\u00fc ve Ankara \u00dcniversitesi Muhasebe b\u00f6l\u00fcm\u00fcnde k\u0131sa zamanlar \u00f6\u011frencilik yapt\u0131. \u00dcniversite giri\u015f s\u0131navlar\u0131n\u0131 [&hellip;]","og_url":"https:\/\/narteks.net\/index.php\/2010\/01\/18\/gittikce-dijitallesen-bir-dunyaya-isyan-haluk-levent-ve-sarkilari-narteksnette\/","og_site_name":"narteks.net","article_published_time":"2010-01-18T16:35:18+00:00","og_image":[{"width":300,"height":90,"url":"https:\/\/narteks.net\/wp-content\/uploads\/narteks.png","type":"image\/png"}],"author":"Tar\u0131k","twitter_card":"summary_large_image","twitter_creator":"@narteks","twitter_site":"@narteks","twitter_misc":{"Yazan:":"Tar\u0131k","Tahmini okuma s\u00fcresi":"5 dakika"},"schema":{"@context":"https:\/\/schema.org","@graph":[{"@type":"Article","@id":"https:\/\/narteks.net\/index.php\/2010\/01\/18\/gittikce-dijitallesen-bir-dunyaya-isyan-haluk-levent-ve-sarkilari-narteksnette\/#article","isPartOf":{"@id":"https:\/\/narteks.net\/index.php\/2010\/01\/18\/gittikce-dijitallesen-bir-dunyaya-isyan-haluk-levent-ve-sarkilari-narteksnette\/"},"author":{"name":"Tar\u0131k","@id":"https:\/\/narteks.net\/#\/schema\/person\/61f37d9834294b72d31d274e7ed79bca"},"headline":"Gittik\u00e7e dijitalle\u015fen bir d\u00fcnya&#8217;ya isyan | Haluk Levent ve \u015fark\u0131lar\u0131 narteks.net&#8217;te","datePublished":"2010-01-18T16:35:18+00:00","mainEntityOfPage":{"@id":"https:\/\/narteks.net\/index.php\/2010\/01\/18\/gittikce-dijitallesen-bir-dunyaya-isyan-haluk-levent-ve-sarkilari-narteksnette\/"},"wordCount":948,"commentCount":0,"publisher":{"@id":"https:\/\/narteks.net\/#organization"},"articleSection":["M\u00fczisyenler"],"inLanguage":"tr","potentialAction":[{"@type":"CommentAction","name":"Comment","target":["https:\/\/narteks.net\/index.php\/2010\/01\/18\/gittikce-dijitallesen-bir-dunyaya-isyan-haluk-levent-ve-sarkilari-narteksnette\/#respond"]}]},{"@type":"WebPage","@id":"https:\/\/narteks.net\/index.php\/2010\/01\/18\/gittikce-dijitallesen-bir-dunyaya-isyan-haluk-levent-ve-sarkilari-narteksnette\/","url":"https:\/\/narteks.net\/index.php\/2010\/01\/18\/gittikce-dijitallesen-bir-dunyaya-isyan-haluk-levent-ve-sarkilari-narteksnette\/","name":"Gittik\u00e7e dijitalle\u015fen bir d\u00fcnya'ya isyan | Haluk Levent ve \u015fark\u0131lar\u0131 narteks.net'te - narteks.net","isPartOf":{"@id":"https:\/\/narteks.net\/#website"},"datePublished":"2010-01-18T16:35:18+00:00","breadcrumb":{"@id":"https:\/\/narteks.net\/index.php\/2010\/01\/18\/gittikce-dijitallesen-bir-dunyaya-isyan-haluk-levent-ve-sarkilari-narteksnette\/#breadcrumb"},"inLanguage":"tr","potentialAction":[{"@type":"ReadAction","target":["https:\/\/narteks.net\/index.php\/2010\/01\/18\/gittikce-dijitallesen-bir-dunyaya-isyan-haluk-levent-ve-sarkilari-narteksnette\/"]}]},{"@type":"BreadcrumbList","@id":"https:\/\/narteks.net\/index.php\/2010\/01\/18\/gittikce-dijitallesen-bir-dunyaya-isyan-haluk-levent-ve-sarkilari-narteksnette\/#breadcrumb","itemListElement":[{"@type":"ListItem","position":1,"name":"Anasayfa","item":"https:\/\/narteks.net\/"},{"@type":"ListItem","position":2,"name":"Gittik\u00e7e dijitalle\u015fen bir d\u00fcnya&#8217;ya isyan | Haluk Levent ve \u015fark\u0131lar\u0131 narteks.net&#8217;te"}]},{"@type":"WebSite","@id":"https:\/\/narteks.net\/#website","url":"https:\/\/narteks.net\/","name":"narteks.net","description":"K\u00fclt\u00fcr Sanat Edebiyat Felsefe","publisher":{"@id":"https:\/\/narteks.net\/#organization"},"alternateName":"K\u00fclt\u00fcr Sanat Edebiyat Felsefe","potentialAction":[{"@type":"SearchAction","target":{"@type":"EntryPoint","urlTemplate":"https:\/\/narteks.net\/?s={search_term_string}"},"query-input":{"@type":"PropertyValueSpecification","valueRequired":true,"valueName":"search_term_string"}}],"inLanguage":"tr"},{"@type":"Organization","@id":"https:\/\/narteks.net\/#organization","name":"narteks.net","url":"https:\/\/narteks.net\/","logo":{"@type":"ImageObject","inLanguage":"tr","@id":"https:\/\/narteks.net\/#\/schema\/logo\/image\/","url":"https:\/\/narteks.net\/wp-content\/uploads\/narteks.png","contentUrl":"https:\/\/narteks.net\/wp-content\/uploads\/narteks.png","width":300,"height":90,"caption":"narteks.net"},"image":{"@id":"https:\/\/narteks.net\/#\/schema\/logo\/image\/"},"sameAs":["https:\/\/x.com\/narteks","https:\/\/instagram.com\/narteksnet"]},{"@type":"Person","@id":"https:\/\/narteks.net\/#\/schema\/person\/61f37d9834294b72d31d274e7ed79bca","name":"Tar\u0131k","image":{"@type":"ImageObject","inLanguage":"tr","@id":"https:\/\/narteks.net\/#\/schema\/person\/image\/","url":"https:\/\/secure.gravatar.com\/avatar\/50865afb55632c4ae467e0af0930f6510aa2297d8014be502a55b14f3b7550cf?s=96&d=mm&r=g","contentUrl":"https:\/\/secure.gravatar.com\/avatar\/50865afb55632c4ae467e0af0930f6510aa2297d8014be502a55b14f3b7550cf?s=96&d=mm&r=g","caption":"Tar\u0131k"},"sameAs":["http:\/\/narteks.net"],"url":"https:\/\/narteks.net\/index.php\/author\/narbak\/"}]}},"_links":{"self":[{"href":"https:\/\/narteks.net\/index.php\/wp-json\/wp\/v2\/posts\/4030","targetHints":{"allow":["GET"]}}],"collection":[{"href":"https:\/\/narteks.net\/index.php\/wp-json\/wp\/v2\/posts"}],"about":[{"href":"https:\/\/narteks.net\/index.php\/wp-json\/wp\/v2\/types\/post"}],"author":[{"embeddable":true,"href":"https:\/\/narteks.net\/index.php\/wp-json\/wp\/v2\/users\/1"}],"replies":[{"embeddable":true,"href":"https:\/\/narteks.net\/index.php\/wp-json\/wp\/v2\/comments?post=4030"}],"version-history":[{"count":0,"href":"https:\/\/narteks.net\/index.php\/wp-json\/wp\/v2\/posts\/4030\/revisions"}],"wp:attachment":[{"href":"https:\/\/narteks.net\/index.php\/wp-json\/wp\/v2\/media?parent=4030"}],"wp:term":[{"taxonomy":"category","embeddable":true,"href":"https:\/\/narteks.net\/index.php\/wp-json\/wp\/v2\/categories?post=4030"},{"taxonomy":"post_tag","embeddable":true,"href":"https:\/\/narteks.net\/index.php\/wp-json\/wp\/v2\/tags?post=4030"}],"curies":[{"name":"wp","href":"https:\/\/api.w.org\/{rel}","templated":true}]}}