{"id":4037,"date":"2010-01-20T13:25:02","date_gmt":"2010-01-20T10:25:02","guid":{"rendered":"http:\/\/localhost\/wordpress\/2010\/01\/20\/oglunuz-ulkeyi-boluyor-imza-bir-rektor-umay-aktas-salman\/"},"modified":"2010-01-20T13:25:02","modified_gmt":"2010-01-20T10:25:02","slug":"oglunuz-ulkeyi-boluyor-imza-bir-rektor-umay-aktas-salman","status":"publish","type":"post","link":"https:\/\/narteks.net\/index.php\/2010\/01\/20\/oglunuz-ulkeyi-boluyor-imza-bir-rektor-umay-aktas-salman\/","title":{"rendered":"O\u011flunuz \u00fclkeyi b\u00f6l\u00fcyor. \u0130mza: Bir rekt\u00f6r ! | Umay Akta\u015f Salman"},"content":{"rendered":"<p class=\"bold\"><strong><img loading=\"lazy\" decoding=\"async\" src=\"http:\/\/i.radikal.com.tr\/644x385\/2010\/01\/19\/fft5_mf338220.Jpeg\" border=\"0\" width=\"155\" height=\"205\" style=\"float: left;\" \/><\/strong><\/p>\n<p style=\"text-align: justify;\">\u00dcniversitelerde, bildiri da\u011f\u0131t\u0131p eylemler yapan \u00f6\u011frenciler art\u0131k sadece soru\u015fturulmakla kalm\u0131yor,bir de ailelerine \u015fik\u00e2yet ediliyor. Bunun son \u00f6rne\u011fi Gaziantep \u00dcniversitesi\u2019nde (GA\u00dcN) ya\u015fand\u0131. Rekt\u00f6rl\u00fck ailelere yollad\u0131\u011f\u0131 mektupta \u201cAilenizin \u00e7ocu\u011funuzla yasad\u0131\u015f\u0131 eylemlere kat\u0131lmamas\u0131 bak\u0131m\u0131ndan g\u00f6r\u00fc\u015fmesinin yararl\u0131 oldu\u011fu d\u00fc\u015f\u00fcn\u00fclmektedir\u201d dedi. Uygulamay\u0131 savunan y\u00f6netimin gerek\u00e7esi ilgin\u00e7: \u201cAmac\u0131m\u0131z \u00f6\u011frencileri rehabilite etmek.\u201d<\/p>\n<p style=\"text-align: justify;\">GA\u00dcN Rekt\u00f6r\u00fc Prof. Dr. Yavuz Co\u015fkun, \u00fcniversitede bildiri da\u011f\u0131tan ve bas\u0131n a\u00e7\u0131klamalara kat\u0131lan 25 \u00f6\u011frencinin ailelerine mektup yollayarak, \u00e7ocuklar\u0131n\u0131n yasad\u0131\u015f\u0131 eylemlere kat\u0131ld\u0131\u011f\u0131n\u0131 \u00f6ne s\u00fcrd\u00fc. \u00c7o\u015fkun, ailelere \u015f\u00f6yle seslendi: <br \/> \u201cHuzur ve g\u00fcvenli e\u011fitimin s\u00fcrekli k\u0131l\u0131nmas\u0131 i\u00e7in ho\u015fg\u00f6r\u00fcl\u00fc ve anlay\u0131\u015fl\u0131 yakla\u015f\u0131m\u0131m\u0131za ra\u011fmen, \u00fcniversitemiz &#8230; Fak\u00fcltesi &#8230; B\u00f6l\u00fcm\u00fc \u00f6\u011frencisi &#8230;\u2019n\u0131n kamp\u00fcs i\u00e7erisinde yasad\u0131\u015f\u0131 bildiri da\u011f\u0131tma, y\u00fcr\u00fcy\u00fc\u015f, toplant\u0131 gibi eylemlere kat\u0131ld\u0131\u011f\u0131 tespit edilmi\u015ftir. Ad\u0131 ge\u00e7en \u00f6\u011frencinin olumsuz sonu\u00e7larla kar\u015f\u0131la\u015fmamas\u0131 bak\u0131m\u0131ndan \u00fcniversitemizce gereken tedbirler al\u0131nm\u0131\u015f ise de bu konuda ailenizin de \u00e7ocu\u011funuzla yasad\u0131\u015f\u0131 eylemlere kat\u0131lmamas\u0131 bak\u0131m\u0131ndan g\u00f6r\u00fc\u015fmesinin yararl\u0131 oldu\u011fu d\u00fc\u015f\u00fcn\u00fclmektedir. Rekt\u00f6rl\u00fc\u011f\u00fcm\u00fcz ile i\u015fbirli\u011fi i\u00e7erisinde g\u00fcvenli e\u011fitime yapaca\u011f\u0131n\u0131z katk\u0131lardan dolay\u0131 te\u015fekk\u00fcr eder, sayg\u0131lar sunar\u0131m.\u201d <br \/> Ailesine mektup yollanan T\u00fcrkiye Kom\u00fcnist Partisi (TKP) \u00fcyesi \u00f6\u011frencilerden \u0130brahim \u015eahinler birka\u00e7 hafta i\u00e7inde evine iki mektup gitti\u011fini belirterek \u015f\u00f6yle konu\u015fuyor: \u201c\u00dcniversitede Amerikan Bilgi B\u00fcrosu a\u00e7\u0131ld\u0131. ABD B\u00fcy\u00fckel\u00e7ili\u011fi Ba\u015fm\u00fcste\u015far\u0131 da kat\u0131ld\u0131. Biz de protesto edip slogan att\u0131k. Yasad\u0131\u015f\u0131 faaliyetlerde bulunmakla su\u00e7lan\u0131yoruz\u201d diye konu\u015fuyor. Ahmet Nalbanto\u011flu ise \u201cAnnem \u00e7ok korktu. Yasad\u0131\u015f\u0131 bir \u015fey yapmad\u0131\u011f\u0131m\u0131z\u0131 anlatt\u0131m\u201d diyor. <br \/> \u00dcniversite y\u00f6netimi, bu y\u00f6ntemi \u00fc\u00e7 ayd\u0131r uygulad\u0131\u011f\u0131n\u0131 s\u00f6yl\u00fcyor ve i\u015fe yarayaca\u011f\u0131 g\u00f6r\u00fc\u015f\u00fcnde. \u201cPeki, \u00f6zg\u00fcrl\u00fckler?\u201d sorusuna Rekt\u00f6r Yard\u0131mc\u0131s\u0131 Prof. Dr. Abdurrahman Kaday\u0131f\u00e7\u0131 ilgin\u00e7 bir cevap veriyor: \u201cBirinci hedefimiz bu \u00f6\u011frencileri e\u011fitime kazand\u0131rmak ve rehabilite etmek. Emniyetle i\u015fbirli\u011fi i\u00e7indeyiz elimizde baz\u0131 ipu\u00e7lar\u0131 var. Her ay emniyetten ter\u00f6r uzmanlar\u0131yla, sosyal dairelerden arkada\u015flarla ortakla\u015fa toplant\u0131 yap\u0131p karar veriyoruz.\u201d<\/p>\n<p style=\"text-align: justify;\"><strong>Solcu \u00f6\u011frencinin ailesine mektup ya\u011fd\u0131!<\/strong><\/p>\n<p style=\"text-align: justify;\">Gaziantep \u00dcniversitesi\u2019nin \u00f6\u011frencilerin ailelerine yazd\u0131\u011f\u0131 mektup uygulamas\u0131n\u0131n benzerleri ba\u015fka \u00fcniversitelerde de yap\u0131ld\u0131. Kimi mektuplar bizzat rekt\u00f6r imzas\u0131yla, kimi de iddiaya g\u00f6re emniyet taraf\u0131ndan g\u00f6nderiliyor. \u00d6rne\u011fin Karadeniz Teknik \u00dcniversitesi\u2019nde \u00f6\u011frencilerin foto\u011fraflar\u0131 imzas\u0131z mektupla ailelerine g\u00f6nderildi. Hacettepe \u00dcniversitesi Rekt\u00f6rl\u00fc\u011f\u00fc de ailelere mektupla \u00e7ocuklar\u0131n\u0131n eylemlere kat\u0131ld\u0131\u011f\u0131n\u0131 yazm\u0131\u015ft\u0131. Ankara \u00dcniversitesi daha ileri giderek, mektubuna T\u0131p Fak\u00fcltesi Ruh Sa\u011fl\u0131\u011f\u0131 Anabilim Dal\u0131\u2019na ba\u011fl\u0131 Kriz Merkezi\u2019nin ileti\u015fim numaras\u0131n\u0131 koydu. Dumlup\u0131nar \u00dcniversitesi, E\u011fitim-Sen \u00f6nl\u00fc\u011f\u00fcyle 1 May\u0131s\u2019a kat\u0131lan \u00f6\u011frencisinin foto\u011fraf\u0131n\u0131 ailesine yollay\u0131p hakk\u0131nda i\u015flem yapmakla tehdit etti. Sinop \u00dcniversitesi\u2019ndeki baz\u0131 \u00f6\u011frencilerin ailelerine yollanan imzas\u0131z \u201cBen o\u011flunuz \/ k\u0131z\u0131n\u0131z\u0131n hocas\u0131y\u0131m\u201d diye ba\u015flayan mektupta \u201cSolcu d\u00fc\u015f\u00fcnceler i\u00e7eren s\u00f6ylemlerde bulunuyor\u201d denilerek, \u2018vatan sevgisi ve hay\u0131rl\u0131 insan\u2019 kavramlar\u0131ndan bahsedildi.<\/p>\n<p style=\"text-align: justify;\">Al\u0131nt\u0131: Radikal<\/p>\n","protected":false},"excerpt":{"rendered":"<p>\u00dcniversitelerde, bildiri da\u011f\u0131t\u0131p eylemler yapan \u00f6\u011frenciler art\u0131k sadece soru\u015fturulmakla kalm\u0131yor,bir de ailelerine \u015fik\u00e2yet ediliyor. Bunun son \u00f6rne\u011fi Gaziantep \u00dcniversitesi\u2019nde (GA\u00dcN) ya\u015fand\u0131. Rekt\u00f6rl\u00fck ailelere yollad\u0131\u011f\u0131 mektupta \u201cAilenizin \u00e7ocu\u011funuzla yasad\u0131\u015f\u0131 eylemlere kat\u0131lmamas\u0131 bak\u0131m\u0131ndan g\u00f6r\u00fc\u015fmesinin yararl\u0131 oldu\u011fu d\u00fc\u015f\u00fcn\u00fclmektedir\u201d dedi. Uygulamay\u0131 savunan y\u00f6netimin gerek\u00e7esi ilgin\u00e7: \u201cAmac\u0131m\u0131z \u00f6\u011frencileri rehabilite etmek.\u201d GA\u00dcN Rekt\u00f6r\u00fc Prof. Dr. Yavuz Co\u015fkun, \u00fcniversitede bildiri da\u011f\u0131tan ve [&hellip;]<\/p>\n","protected":false},"author":1,"featured_media":0,"comment_status":"open","ping_status":"open","sticky":false,"template":"","format":"standard","meta":{"footnotes":""},"categories":[98],"tags":[],"class_list":{"0":"post-4037","1":"post","2":"type-post","3":"status-publish","4":"format-standard","6":"category-turkiye"},"yoast_head":"<!-- This site is optimized with the Yoast SEO Premium plugin v24.9 (Yoast SEO v24.9) - https:\/\/yoast.com\/wordpress\/plugins\/seo\/ -->\n<title>O\u011flunuz \u00fclkeyi b\u00f6l\u00fcyor. \u0130mza: Bir rekt\u00f6r ! | Umay Akta\u015f Salman - narteks.net<\/title>\n<meta name=\"robots\" content=\"index, follow, max-snippet:-1, max-image-preview:large, max-video-preview:-1\" \/>\n<link rel=\"canonical\" href=\"https:\/\/narteks.net\/index.php\/2010\/01\/20\/oglunuz-ulkeyi-boluyor-imza-bir-rektor-umay-aktas-salman\/\" \/>\n<meta property=\"og:locale\" content=\"tr_TR\" \/>\n<meta property=\"og:type\" content=\"article\" \/>\n<meta property=\"og:title\" content=\"O\u011flunuz \u00fclkeyi b\u00f6l\u00fcyor. \u0130mza: Bir rekt\u00f6r ! | Umay Akta\u015f Salman\" \/>\n<meta property=\"og:description\" content=\"\u00dcniversitelerde, bildiri da\u011f\u0131t\u0131p eylemler yapan \u00f6\u011frenciler art\u0131k sadece soru\u015fturulmakla kalm\u0131yor,bir de ailelerine \u015fik\u00e2yet ediliyor. Bunun son \u00f6rne\u011fi Gaziantep \u00dcniversitesi\u2019nde (GA\u00dcN) ya\u015fand\u0131. Rekt\u00f6rl\u00fck ailelere yollad\u0131\u011f\u0131 mektupta \u201cAilenizin \u00e7ocu\u011funuzla yasad\u0131\u015f\u0131 eylemlere kat\u0131lmamas\u0131 bak\u0131m\u0131ndan g\u00f6r\u00fc\u015fmesinin yararl\u0131 oldu\u011fu d\u00fc\u015f\u00fcn\u00fclmektedir\u201d dedi. Uygulamay\u0131 savunan y\u00f6netimin gerek\u00e7esi ilgin\u00e7: \u201cAmac\u0131m\u0131z \u00f6\u011frencileri rehabilite etmek.\u201d GA\u00dcN Rekt\u00f6r\u00fc Prof. Dr. Yavuz Co\u015fkun, \u00fcniversitede bildiri da\u011f\u0131tan ve [&hellip;]\" \/>\n<meta property=\"og:url\" content=\"https:\/\/narteks.net\/index.php\/2010\/01\/20\/oglunuz-ulkeyi-boluyor-imza-bir-rektor-umay-aktas-salman\/\" \/>\n<meta property=\"og:site_name\" content=\"narteks.net\" \/>\n<meta property=\"article:published_time\" content=\"2010-01-20T10:25:02+00:00\" \/>\n<meta property=\"og:image\" content=\"http:\/\/i.radikal.com.tr\/644x385\/2010\/01\/19\/fft5_mf338220.Jpeg\" \/>\n<meta name=\"author\" content=\"Tar\u0131k\" \/>\n<meta name=\"twitter:card\" content=\"summary_large_image\" \/>\n<meta name=\"twitter:creator\" content=\"@narteks\" \/>\n<meta name=\"twitter:site\" content=\"@narteks\" \/>\n<meta name=\"twitter:label1\" content=\"Yazan:\" \/>\n\t<meta name=\"twitter:data1\" content=\"Tar\u0131k\" \/>\n\t<meta name=\"twitter:label2\" content=\"Tahmini okuma s\u00fcresi\" \/>\n\t<meta name=\"twitter:data2\" content=\"3 dakika\" \/>\n<script type=\"application\/ld+json\" class=\"yoast-schema-graph\">{\"@context\":\"https:\/\/schema.org\",\"@graph\":[{\"@type\":\"Article\",\"@id\":\"https:\/\/narteks.net\/index.php\/2010\/01\/20\/oglunuz-ulkeyi-boluyor-imza-bir-rektor-umay-aktas-salman\/#article\",\"isPartOf\":{\"@id\":\"https:\/\/narteks.net\/index.php\/2010\/01\/20\/oglunuz-ulkeyi-boluyor-imza-bir-rektor-umay-aktas-salman\/\"},\"author\":{\"name\":\"Tar\u0131k\",\"@id\":\"https:\/\/narteks.net\/#\/schema\/person\/61f37d9834294b72d31d274e7ed79bca\"},\"headline\":\"O\u011flunuz \u00fclkeyi b\u00f6l\u00fcyor. \u0130mza: Bir rekt\u00f6r ! | Umay Akta\u015f Salman\",\"datePublished\":\"2010-01-20T10:25:02+00:00\",\"mainEntityOfPage\":{\"@id\":\"https:\/\/narteks.net\/index.php\/2010\/01\/20\/oglunuz-ulkeyi-boluyor-imza-bir-rektor-umay-aktas-salman\/\"},\"wordCount\":573,\"commentCount\":0,\"publisher\":{\"@id\":\"https:\/\/narteks.net\/#organization\"},\"image\":{\"@id\":\"https:\/\/narteks.net\/index.php\/2010\/01\/20\/oglunuz-ulkeyi-boluyor-imza-bir-rektor-umay-aktas-salman\/#primaryimage\"},\"thumbnailUrl\":\"http:\/\/i.radikal.com.tr\/644x385\/2010\/01\/19\/fft5_mf338220.Jpeg\",\"articleSection\":[\"T\u00fcrkiye\"],\"inLanguage\":\"tr\",\"potentialAction\":[{\"@type\":\"CommentAction\",\"name\":\"Comment\",\"target\":[\"https:\/\/narteks.net\/index.php\/2010\/01\/20\/oglunuz-ulkeyi-boluyor-imza-bir-rektor-umay-aktas-salman\/#respond\"]}]},{\"@type\":\"WebPage\",\"@id\":\"https:\/\/narteks.net\/index.php\/2010\/01\/20\/oglunuz-ulkeyi-boluyor-imza-bir-rektor-umay-aktas-salman\/\",\"url\":\"https:\/\/narteks.net\/index.php\/2010\/01\/20\/oglunuz-ulkeyi-boluyor-imza-bir-rektor-umay-aktas-salman\/\",\"name\":\"O\u011flunuz \u00fclkeyi b\u00f6l\u00fcyor. \u0130mza: Bir rekt\u00f6r ! | Umay Akta\u015f Salman - narteks.net\",\"isPartOf\":{\"@id\":\"https:\/\/narteks.net\/#website\"},\"primaryImageOfPage\":{\"@id\":\"https:\/\/narteks.net\/index.php\/2010\/01\/20\/oglunuz-ulkeyi-boluyor-imza-bir-rektor-umay-aktas-salman\/#primaryimage\"},\"image\":{\"@id\":\"https:\/\/narteks.net\/index.php\/2010\/01\/20\/oglunuz-ulkeyi-boluyor-imza-bir-rektor-umay-aktas-salman\/#primaryimage\"},\"thumbnailUrl\":\"http:\/\/i.radikal.com.tr\/644x385\/2010\/01\/19\/fft5_mf338220.Jpeg\",\"datePublished\":\"2010-01-20T10:25:02+00:00\",\"breadcrumb\":{\"@id\":\"https:\/\/narteks.net\/index.php\/2010\/01\/20\/oglunuz-ulkeyi-boluyor-imza-bir-rektor-umay-aktas-salman\/#breadcrumb\"},\"inLanguage\":\"tr\",\"potentialAction\":[{\"@type\":\"ReadAction\",\"target\":[\"https:\/\/narteks.net\/index.php\/2010\/01\/20\/oglunuz-ulkeyi-boluyor-imza-bir-rektor-umay-aktas-salman\/\"]}]},{\"@type\":\"ImageObject\",\"inLanguage\":\"tr\",\"@id\":\"https:\/\/narteks.net\/index.php\/2010\/01\/20\/oglunuz-ulkeyi-boluyor-imza-bir-rektor-umay-aktas-salman\/#primaryimage\",\"url\":\"http:\/\/i.radikal.com.tr\/644x385\/2010\/01\/19\/fft5_mf338220.Jpeg\",\"contentUrl\":\"http:\/\/i.radikal.com.tr\/644x385\/2010\/01\/19\/fft5_mf338220.Jpeg\"},{\"@type\":\"BreadcrumbList\",\"@id\":\"https:\/\/narteks.net\/index.php\/2010\/01\/20\/oglunuz-ulkeyi-boluyor-imza-bir-rektor-umay-aktas-salman\/#breadcrumb\",\"itemListElement\":[{\"@type\":\"ListItem\",\"position\":1,\"name\":\"Anasayfa\",\"item\":\"https:\/\/narteks.net\/\"},{\"@type\":\"ListItem\",\"position\":2,\"name\":\"O\u011flunuz \u00fclkeyi b\u00f6l\u00fcyor. \u0130mza: Bir rekt\u00f6r ! | Umay Akta\u015f Salman\"}]},{\"@type\":\"WebSite\",\"@id\":\"https:\/\/narteks.net\/#website\",\"url\":\"https:\/\/narteks.net\/\",\"name\":\"narteks.net\",\"description\":\"K\u00fclt\u00fcr Sanat Edebiyat Felsefe\",\"publisher\":{\"@id\":\"https:\/\/narteks.net\/#organization\"},\"alternateName\":\"K\u00fclt\u00fcr Sanat Edebiyat Felsefe\",\"potentialAction\":[{\"@type\":\"SearchAction\",\"target\":{\"@type\":\"EntryPoint\",\"urlTemplate\":\"https:\/\/narteks.net\/?s={search_term_string}\"},\"query-input\":{\"@type\":\"PropertyValueSpecification\",\"valueRequired\":true,\"valueName\":\"search_term_string\"}}],\"inLanguage\":\"tr\"},{\"@type\":\"Organization\",\"@id\":\"https:\/\/narteks.net\/#organization\",\"name\":\"narteks.net\",\"url\":\"https:\/\/narteks.net\/\",\"logo\":{\"@type\":\"ImageObject\",\"inLanguage\":\"tr\",\"@id\":\"https:\/\/narteks.net\/#\/schema\/logo\/image\/\",\"url\":\"https:\/\/narteks.net\/wp-content\/uploads\/narteks.png\",\"contentUrl\":\"https:\/\/narteks.net\/wp-content\/uploads\/narteks.png\",\"width\":300,\"height\":90,\"caption\":\"narteks.net\"},\"image\":{\"@id\":\"https:\/\/narteks.net\/#\/schema\/logo\/image\/\"},\"sameAs\":[\"https:\/\/x.com\/narteks\",\"https:\/\/instagram.com\/narteksnet\"]},{\"@type\":\"Person\",\"@id\":\"https:\/\/narteks.net\/#\/schema\/person\/61f37d9834294b72d31d274e7ed79bca\",\"name\":\"Tar\u0131k\",\"image\":{\"@type\":\"ImageObject\",\"inLanguage\":\"tr\",\"@id\":\"https:\/\/narteks.net\/#\/schema\/person\/image\/\",\"url\":\"https:\/\/secure.gravatar.com\/avatar\/50865afb55632c4ae467e0af0930f6510aa2297d8014be502a55b14f3b7550cf?s=96&d=mm&r=g\",\"contentUrl\":\"https:\/\/secure.gravatar.com\/avatar\/50865afb55632c4ae467e0af0930f6510aa2297d8014be502a55b14f3b7550cf?s=96&d=mm&r=g\",\"caption\":\"Tar\u0131k\"},\"sameAs\":[\"http:\/\/narteks.net\"],\"url\":\"https:\/\/narteks.net\/index.php\/author\/narbak\/\"}]}<\/script>\n<!-- \/ Yoast SEO Premium plugin. -->","yoast_head_json":{"title":"O\u011flunuz \u00fclkeyi b\u00f6l\u00fcyor. \u0130mza: Bir rekt\u00f6r ! | Umay Akta\u015f Salman - narteks.net","robots":{"index":"index","follow":"follow","max-snippet":"max-snippet:-1","max-image-preview":"max-image-preview:large","max-video-preview":"max-video-preview:-1"},"canonical":"https:\/\/narteks.net\/index.php\/2010\/01\/20\/oglunuz-ulkeyi-boluyor-imza-bir-rektor-umay-aktas-salman\/","og_locale":"tr_TR","og_type":"article","og_title":"O\u011flunuz \u00fclkeyi b\u00f6l\u00fcyor. \u0130mza: Bir rekt\u00f6r ! | Umay Akta\u015f Salman","og_description":"\u00dcniversitelerde, bildiri da\u011f\u0131t\u0131p eylemler yapan \u00f6\u011frenciler art\u0131k sadece soru\u015fturulmakla kalm\u0131yor,bir de ailelerine \u015fik\u00e2yet ediliyor. Bunun son \u00f6rne\u011fi Gaziantep \u00dcniversitesi\u2019nde (GA\u00dcN) ya\u015fand\u0131. Rekt\u00f6rl\u00fck ailelere yollad\u0131\u011f\u0131 mektupta \u201cAilenizin \u00e7ocu\u011funuzla yasad\u0131\u015f\u0131 eylemlere kat\u0131lmamas\u0131 bak\u0131m\u0131ndan g\u00f6r\u00fc\u015fmesinin yararl\u0131 oldu\u011fu d\u00fc\u015f\u00fcn\u00fclmektedir\u201d dedi. Uygulamay\u0131 savunan y\u00f6netimin gerek\u00e7esi ilgin\u00e7: \u201cAmac\u0131m\u0131z \u00f6\u011frencileri rehabilite etmek.\u201d GA\u00dcN Rekt\u00f6r\u00fc Prof. Dr. Yavuz Co\u015fkun, \u00fcniversitede bildiri da\u011f\u0131tan ve [&hellip;]","og_url":"https:\/\/narteks.net\/index.php\/2010\/01\/20\/oglunuz-ulkeyi-boluyor-imza-bir-rektor-umay-aktas-salman\/","og_site_name":"narteks.net","article_published_time":"2010-01-20T10:25:02+00:00","og_image":[{"url":"http:\/\/i.radikal.com.tr\/644x385\/2010\/01\/19\/fft5_mf338220.Jpeg","type":"","width":"","height":""}],"author":"Tar\u0131k","twitter_card":"summary_large_image","twitter_creator":"@narteks","twitter_site":"@narteks","twitter_misc":{"Yazan:":"Tar\u0131k","Tahmini okuma s\u00fcresi":"3 dakika"},"schema":{"@context":"https:\/\/schema.org","@graph":[{"@type":"Article","@id":"https:\/\/narteks.net\/index.php\/2010\/01\/20\/oglunuz-ulkeyi-boluyor-imza-bir-rektor-umay-aktas-salman\/#article","isPartOf":{"@id":"https:\/\/narteks.net\/index.php\/2010\/01\/20\/oglunuz-ulkeyi-boluyor-imza-bir-rektor-umay-aktas-salman\/"},"author":{"name":"Tar\u0131k","@id":"https:\/\/narteks.net\/#\/schema\/person\/61f37d9834294b72d31d274e7ed79bca"},"headline":"O\u011flunuz \u00fclkeyi b\u00f6l\u00fcyor. \u0130mza: Bir rekt\u00f6r ! | Umay Akta\u015f Salman","datePublished":"2010-01-20T10:25:02+00:00","mainEntityOfPage":{"@id":"https:\/\/narteks.net\/index.php\/2010\/01\/20\/oglunuz-ulkeyi-boluyor-imza-bir-rektor-umay-aktas-salman\/"},"wordCount":573,"commentCount":0,"publisher":{"@id":"https:\/\/narteks.net\/#organization"},"image":{"@id":"https:\/\/narteks.net\/index.php\/2010\/01\/20\/oglunuz-ulkeyi-boluyor-imza-bir-rektor-umay-aktas-salman\/#primaryimage"},"thumbnailUrl":"http:\/\/i.radikal.com.tr\/644x385\/2010\/01\/19\/fft5_mf338220.Jpeg","articleSection":["T\u00fcrkiye"],"inLanguage":"tr","potentialAction":[{"@type":"CommentAction","name":"Comment","target":["https:\/\/narteks.net\/index.php\/2010\/01\/20\/oglunuz-ulkeyi-boluyor-imza-bir-rektor-umay-aktas-salman\/#respond"]}]},{"@type":"WebPage","@id":"https:\/\/narteks.net\/index.php\/2010\/01\/20\/oglunuz-ulkeyi-boluyor-imza-bir-rektor-umay-aktas-salman\/","url":"https:\/\/narteks.net\/index.php\/2010\/01\/20\/oglunuz-ulkeyi-boluyor-imza-bir-rektor-umay-aktas-salman\/","name":"O\u011flunuz \u00fclkeyi b\u00f6l\u00fcyor. \u0130mza: Bir rekt\u00f6r ! | Umay Akta\u015f Salman - narteks.net","isPartOf":{"@id":"https:\/\/narteks.net\/#website"},"primaryImageOfPage":{"@id":"https:\/\/narteks.net\/index.php\/2010\/01\/20\/oglunuz-ulkeyi-boluyor-imza-bir-rektor-umay-aktas-salman\/#primaryimage"},"image":{"@id":"https:\/\/narteks.net\/index.php\/2010\/01\/20\/oglunuz-ulkeyi-boluyor-imza-bir-rektor-umay-aktas-salman\/#primaryimage"},"thumbnailUrl":"http:\/\/i.radikal.com.tr\/644x385\/2010\/01\/19\/fft5_mf338220.Jpeg","datePublished":"2010-01-20T10:25:02+00:00","breadcrumb":{"@id":"https:\/\/narteks.net\/index.php\/2010\/01\/20\/oglunuz-ulkeyi-boluyor-imza-bir-rektor-umay-aktas-salman\/#breadcrumb"},"inLanguage":"tr","potentialAction":[{"@type":"ReadAction","target":["https:\/\/narteks.net\/index.php\/2010\/01\/20\/oglunuz-ulkeyi-boluyor-imza-bir-rektor-umay-aktas-salman\/"]}]},{"@type":"ImageObject","inLanguage":"tr","@id":"https:\/\/narteks.net\/index.php\/2010\/01\/20\/oglunuz-ulkeyi-boluyor-imza-bir-rektor-umay-aktas-salman\/#primaryimage","url":"http:\/\/i.radikal.com.tr\/644x385\/2010\/01\/19\/fft5_mf338220.Jpeg","contentUrl":"http:\/\/i.radikal.com.tr\/644x385\/2010\/01\/19\/fft5_mf338220.Jpeg"},{"@type":"BreadcrumbList","@id":"https:\/\/narteks.net\/index.php\/2010\/01\/20\/oglunuz-ulkeyi-boluyor-imza-bir-rektor-umay-aktas-salman\/#breadcrumb","itemListElement":[{"@type":"ListItem","position":1,"name":"Anasayfa","item":"https:\/\/narteks.net\/"},{"@type":"ListItem","position":2,"name":"O\u011flunuz \u00fclkeyi b\u00f6l\u00fcyor. \u0130mza: Bir rekt\u00f6r ! | Umay Akta\u015f Salman"}]},{"@type":"WebSite","@id":"https:\/\/narteks.net\/#website","url":"https:\/\/narteks.net\/","name":"narteks.net","description":"K\u00fclt\u00fcr Sanat Edebiyat Felsefe","publisher":{"@id":"https:\/\/narteks.net\/#organization"},"alternateName":"K\u00fclt\u00fcr Sanat Edebiyat Felsefe","potentialAction":[{"@type":"SearchAction","target":{"@type":"EntryPoint","urlTemplate":"https:\/\/narteks.net\/?s={search_term_string}"},"query-input":{"@type":"PropertyValueSpecification","valueRequired":true,"valueName":"search_term_string"}}],"inLanguage":"tr"},{"@type":"Organization","@id":"https:\/\/narteks.net\/#organization","name":"narteks.net","url":"https:\/\/narteks.net\/","logo":{"@type":"ImageObject","inLanguage":"tr","@id":"https:\/\/narteks.net\/#\/schema\/logo\/image\/","url":"https:\/\/narteks.net\/wp-content\/uploads\/narteks.png","contentUrl":"https:\/\/narteks.net\/wp-content\/uploads\/narteks.png","width":300,"height":90,"caption":"narteks.net"},"image":{"@id":"https:\/\/narteks.net\/#\/schema\/logo\/image\/"},"sameAs":["https:\/\/x.com\/narteks","https:\/\/instagram.com\/narteksnet"]},{"@type":"Person","@id":"https:\/\/narteks.net\/#\/schema\/person\/61f37d9834294b72d31d274e7ed79bca","name":"Tar\u0131k","image":{"@type":"ImageObject","inLanguage":"tr","@id":"https:\/\/narteks.net\/#\/schema\/person\/image\/","url":"https:\/\/secure.gravatar.com\/avatar\/50865afb55632c4ae467e0af0930f6510aa2297d8014be502a55b14f3b7550cf?s=96&d=mm&r=g","contentUrl":"https:\/\/secure.gravatar.com\/avatar\/50865afb55632c4ae467e0af0930f6510aa2297d8014be502a55b14f3b7550cf?s=96&d=mm&r=g","caption":"Tar\u0131k"},"sameAs":["http:\/\/narteks.net"],"url":"https:\/\/narteks.net\/index.php\/author\/narbak\/"}]}},"_links":{"self":[{"href":"https:\/\/narteks.net\/index.php\/wp-json\/wp\/v2\/posts\/4037","targetHints":{"allow":["GET"]}}],"collection":[{"href":"https:\/\/narteks.net\/index.php\/wp-json\/wp\/v2\/posts"}],"about":[{"href":"https:\/\/narteks.net\/index.php\/wp-json\/wp\/v2\/types\/post"}],"author":[{"embeddable":true,"href":"https:\/\/narteks.net\/index.php\/wp-json\/wp\/v2\/users\/1"}],"replies":[{"embeddable":true,"href":"https:\/\/narteks.net\/index.php\/wp-json\/wp\/v2\/comments?post=4037"}],"version-history":[{"count":0,"href":"https:\/\/narteks.net\/index.php\/wp-json\/wp\/v2\/posts\/4037\/revisions"}],"wp:attachment":[{"href":"https:\/\/narteks.net\/index.php\/wp-json\/wp\/v2\/media?parent=4037"}],"wp:term":[{"taxonomy":"category","embeddable":true,"href":"https:\/\/narteks.net\/index.php\/wp-json\/wp\/v2\/categories?post=4037"},{"taxonomy":"post_tag","embeddable":true,"href":"https:\/\/narteks.net\/index.php\/wp-json\/wp\/v2\/tags?post=4037"}],"curies":[{"name":"wp","href":"https:\/\/api.w.org\/{rel}","templated":true}]}}