{"id":4038,"date":"2010-01-20T14:40:37","date_gmt":"2010-01-20T11:40:37","guid":{"rendered":"http:\/\/localhost\/wordpress\/2010\/01\/20\/hikaye-mi-ariyorsun-dunyada-al-iste-burnunun-dibinde-aklim-arkada-kalacak-necati-cumali\/"},"modified":"2010-01-20T14:40:37","modified_gmt":"2010-01-20T11:40:37","slug":"hikaye-mi-ariyorsun-dunyada-al-iste-burnunun-dibinde-aklim-arkada-kalacak-necati-cumali","status":"publish","type":"post","link":"https:\/\/narteks.net\/index.php\/2010\/01\/20\/hikaye-mi-ariyorsun-dunyada-al-iste-burnunun-dibinde-aklim-arkada-kalacak-necati-cumali\/","title":{"rendered":"Hik\u00e2ye mi ar\u0131yorsun d\u00fcnyada? Al, i\u015fte! Burnunun dibinde | Akl\u0131m Arkada Kalacak &#8211; Necati Cumal\u0131"},"content":{"rendered":"<p><strong><img loading=\"lazy\" decoding=\"async\" src=\"http:\/\/upload.wikimedia.org\/wikipedia\/tr\/b\/ba\/Necaticumali2-1-.jpg\" border=\"0\" width=\"155\" height=\"205\" style=\"float: left;\" \/><\/strong><\/p>\n<p style=\"text-align: justify;\">Evimiz soka\u011f\u0131n alt ba\u015f\u0131nda. Yat\u0131p kalkt\u0131\u011f\u0131m odan\u0131n penceresinden bak\u0131nca, bir ba\u015ftan bir ba\u015fa b\u00fct\u00fcn soka\u011f\u0131 g\u00f6r\u00fcyorum. Bir saat sonra yola \u00e7\u0131kaca\u011f\u0131m. Odamda \u00f6teberi e\u015fyam\u0131 bavuluma yerle\u015ftirmi\u015f do\u011fruluyordum ki, sokaktan gelen bir \u00e7ocuk a\u011flamas\u0131 beni pencerenin \u00f6n\u00fcne \u00e7ekti. \u00c7ocuklar\u0131n a\u011flamas\u0131na dayanamam. Bir fena olurum duydum mu. \u00c7ocuklar bo\u015f yere a\u011flamaz. \u015eu d\u00fcnyada \u00e7ocuklar\u0131n a\u011flamas\u0131 ne kadar azal\u0131rsa, bilin ki k\u00f6t\u00fcl\u00fckler o kadar azalm\u0131\u015ft\u0131r. A\u011flayan bir \u00e7ocuk sesi duyar da ilgilenirseniz, bilin ki \u015fu bozuk d\u00fczenin sizi \u00fczecek bir olay\u0131yla kar\u015f\u0131la\u015facaks\u0131n\u0131z.<\/p>\n<p style=\"text-align: justify;\">Pencerenin \u00f6n\u00fcnde bakt\u0131m; kar\u015f\u0131 kom\u015fumuz Bo\u015fnak Nuri&#8217;nin b\u00fcy\u00fck o\u011flu, yal\u0131nayak, donsuz, kap\u0131lar\u0131n\u0131n \u00f6n\u00fcne y\u00fcz\u00fckoyun d\u00fc\u015fm\u00fc\u015f a\u011fl\u0131yor. Demedim mi \u00e7ocuklar bo\u015f yere a\u011flamaz diye? \u00c7ocukca\u011f\u0131z \u00fc\u00e7 ya\u015f\u0131nda var yok. Anas\u0131 hoppa m\u0131 hoppa, f\u0131k\u0131r f\u0131k\u0131r bir kad\u0131nd\u0131 benim bildi\u011fim. <br \/>Nuri&#8217;den \u00e7ok gen\u00e7ti. Nuri ren\u00e7ber. G\u00fcn\u00fcn\u00fc k\u0131rda tarlada ge\u00e7irir. Per\u00e7emi ka\u015f\u0131 \u00fcst\u00fcne d\u00fc\u015fen ceketi omuzunda bir Hakk\u0131 vard\u0131. Nuri evden \u00e7\u0131kt\u0131 m\u0131 Hakk\u0131 eve damlard\u0131. Hakk\u0131\u00a0 kad\u0131n\u0131n dostu diye laf \u00e7\u0131karm\u0131\u015flard\u0131 konukom\u015fu. Nuri&#8217;nin k\u00fc\u00e7\u00fck o\u011flu, hani\u00a0 a\u011flayan, Hakk\u0131&#8217;ya benzerdi de kad\u0131n\u0131n bu \u00e7ocu\u011fu Hakk\u0131&#8217;dan do\u011furdu\u011funu s\u00f6ylerlerdi. Nuri de bilirdi derler kar\u0131s\u0131n\u0131n hovardal\u0131\u011f\u0131n\u0131. Bilirdi ama, kad\u0131na dayanan nazd\u0131.<\/p>\n<p style=\"text-align: justify;\">Sonra iki y\u0131l kadar \u00f6nce kad\u0131n, \u00fc\u00e7 \u00e7ocu\u011funu da, Nuri&#8217;yi de, Hakk\u0131&#8217;y\u0131 da\u00a0 al\u0131p ka\u00e7t\u0131. T\u00fcrl\u00fc laflar duyduk arkas\u0131ndan. Kayn\u0131na konuk gelen bir Akhisarl\u0131&#8217;ya ka\u00e7t\u0131, dediler. Ayd\u0131n&#8217;a gitti, dediler. Genelevlere d\u00fc\u015fm\u00fc\u015f, \u0130zmir&#8217;de dediler. Kad\u0131n nereye gittiyse gitti Nuri o s\u0131ralarda en b\u00fcy\u00fc\u011f\u00fc be\u015f ya\u015f\u0131nda k\u0131z\u0131, onun iki ya\u015f k\u00fc\u00e7\u00fc\u011f\u00fc, iki o\u011fluyla kald\u0131. \u015eimdi \u00e7ocuklara, s\u00f6z\u00fcm ona Nuri&#8217;nin b\u00fcy\u00fck k\u0131z\u0131 bakar. Konukom\u015fu \u00e7ocuklara eskilerini verirler, arada birer kap yemek g\u00f6nderirler, \u015f\u00f6yle b\u00f6yle yard\u0131mda bulunurlar ama, anal\u0131k edemezler. Ablas\u0131 ko\u015ftu. O\u011flan\u0131 kollar\u0131n\u0131n alt\u0131ndan tutup kald\u0131rd\u0131. Sonra b\u00fcy\u00fck bir ta\u015fbebe\u011fi kucaklar gibi, karde\u015fini kucaklay\u0131p kap\u0131lar\u0131n\u0131n e\u015fi\u011fine oturttu.<\/p>\n<p style=\"text-align: justify;\">\u00c7ocu\u011fu iki yana sallamaya ba\u015flad\u0131. Nuri&#8217;nin kar\u0131s\u0131n\u0131 etrafl\u0131ca hat\u0131rlayay\u0131m diyorum ama, olmuyor. Pek az \u015fey geliyor kad\u0131ndan hat\u0131r\u0131ma. Eve girip \u00e7\u0131karken, \u015f\u00f6yle g\u00f6zlerinin i\u00e7i \u0131\u015f\u0131l \u0131\u015f\u0131l, kap\u0131lar\u0131n\u0131n aras\u0131ndan g\u00f6r\u00fcn\u00fcrd\u00fc. Y\u00fcz\u00fc g\u00fclerdi hep. \u00c7ocuklar\u0131n\u0131 sabahtan soka\u011fa salard\u0131 gitsin. Bazan da \u015fark\u0131 s\u00f6yledi\u011fini duyard\u0131m. Hepsi bu kadar&#8230; Ne tuhaf! \u0130nsan kap\u0131 kom\u015fusu hakk\u0131nda bile bazan bir \u015fey bilmiyor. Nuri&#8217;yi desen; onu da ancak o kadar tan\u0131yorum. Sabah, omuzunda kazma, arkas\u0131nda ke\u00e7isi evden \u00e7\u0131kar; ak\u015fam omuzunda kazma, koltu\u011funun alt\u0131nda bir demet ot, arkas\u0131nda ke\u00e7isi eve d\u00f6nerdi. Arada bir kar\u015f\u0131la\u015f\u0131rsak &#8220;Ne var, ne yok bey?&#8221; derdi. &#8220;Ne yaz\u0131yor gazete?&#8221; Eline hi\u00e7 gazete almam\u0131\u015f, okuma yazma bilmeyen biri size gazetede ne yaz\u0131yor diye sorarsa ne anlat\u0131rs\u0131n\u0131z \u00f6nce ona? Bulup se\u00e7emezdim s\u00f6yliyece\u011fimi, &#8220;\u015eundan bundan&#8221;; derdim k\u0131saca.<\/p>\n<p style=\"text-align: justify;\">Gayet ciddi ba\u015f\u0131n\u0131 iki yana sallard\u0131. &#8220;Acayip?..&#8221; derdi o Bo\u015fnak \u015fivesiyle. &#8220;Muharebe var m\u0131? Muharebe&#8221; &#8220;Yok&#8221;, derdim. &#8220;Yeni muharebe yok.. Habe\u015fistan&#8217;da vard\u0131. Bitti.&#8221; Hayreti b\u00fcsb\u00fct\u00fcn b\u00fcy\u00fcrd\u00fc. Alt duda\u011f\u0131 uzar, ba\u015f\u0131n\u0131 iki yana sallard\u0131 gene. &#8220;Acayip?&#8221; diye tekrarlard\u0131. &#8220;Vard\u0131r muharebe. D\u00fcnyada olmaz muharebesiz.&#8221; Balkan Harbi&#8217;nin bitimi \u00e7ocukluktan \u00e7\u0131kt\u0131\u011f\u0131 y\u0131llara rastlam\u0131\u015f Nuri&#8217;nin. Osmanl\u0131 ordusu yenik d\u00fc\u015f\u00fcnce, S\u0131rbistan&#8217;da \u00e7o\u011fu M\u00fcsl\u00fcmanlar da\u011fa \u00e7\u0131km\u0131\u015f o zamanlar. Nuri&#8217;nin de o s\u0131rada eline bir mavzer tutu\u015fturan tutu\u015fturmu\u015f. Sonra nas\u0131l oldu\u011funu anlamadan, Suriye cephesinde, Gali\u00e7ya&#8217;da, Kafkaslar&#8217;da on seneye yak\u0131n b\u0131rakmam\u0131\u015f elinden o mavzeri Nuri. Ben harp yok deyince Nuri&#8217;nin nas\u0131l hayret i\u00e7inde kald\u0131\u011f\u0131n\u0131 hat\u0131rl\u0131yorum. Sanki bu kadar sene sava\u015ft\u0131ktan sonra i\u015fin neye ba\u011fland\u0131\u011f\u0131n\u0131 d\u00fc\u015f\u00fcn\u00fcr d\u00fc\u015f\u00fcn\u00fcr bulamazd\u0131. Ba\u015f\u0131n\u0131 iki yana sallard\u0131 gene, &#8220;acayip!&#8221;. <br \/>Nuri&#8217;den de b\u00fct\u00fcn hat\u0131rlad\u0131\u011f\u0131m bu i\u015fte! Sadece, Nuri ile kar\u0131s\u0131 m\u0131, b\u00f6yle yar\u0131m yamalak hat\u0131rlad\u0131\u011f\u0131m? Sahi. Kimler gelip ge\u00e7ti, bizim sokaktan&#8230; Hat\u0131rlar\u0131m, ben be\u015f alt\u0131 ya\u015f\u0131nda \u00e7ocuktum. Soka\u011f\u0131n ba\u015f\u0131ndaki iki katl\u0131 yap\u0131n\u0131n alt kat\u0131 Makinist Halit&#8217;in at\u00f6lyesiydi. \u00dcst kat\u0131 evi. Soka\u011f\u0131n b\u00fct\u00fcn \u00e7ocuklar\u0131 at\u00f6lyesinin kap\u0131s\u0131 \u00f6n\u00fcnde birikir, onun \u00e7al\u0131\u015fmas\u0131n\u0131 seyrederdik, hayran hayran. Bazan elinde anahtarlar, \u00e2letler, at\u00f6lyesinin kap\u0131s\u0131 \u00f6n\u00fcne getirilen bir otomobilin alt\u0131na girer, u\u011fra\u015f\u0131r, u\u011fra\u015f\u0131r, sonra aln\u0131n\u0131n terini elinin tersiyle silerek otomobilin alt\u0131ndan \u00e7\u0131kard\u0131. Az sonra otomobil getiren adama &#8220;nas\u0131l&#8221; dedi\u011fini duyard\u0131k, &#8220;tamam m\u0131?&#8221; Adam: &#8220;Tamam Halit usta&#8221; derdi. &#8220;Sen bilirsin.&#8221; Halit usta ilk zamanlar bek\u00e2rd\u0131. Yaln\u0131zd\u0131. Sonra g\u00fcn\u00fcn birinde evinin penceresinde esmer bir kad\u0131n ba\u015f\u0131 g\u00f6r\u00fcnd\u00fc. Mahallenin kad\u0131nlar\u0131n\u0131n, oturma odas\u0131nda topland\u0131\u011f\u0131 uzun k\u0131\u015f geceleri, hat\u0131rlar\u0131m, kad\u0131nlar, \u00f6nlerinde kuru yemi\u015f tabaklan, fincan oynar, \u00e7\u0131\u011fl\u0131klar, kahkahalar atarlard\u0131.<\/p>\n<p style=\"text-align: justify;\">Annem ne kadar zorlarsa zorlas\u0131n, b\u00f6yle gecelerde yatmak istemezdim, \u00f6teki kad\u0131nlar\u0131n aksine, incecik, narin bir kad\u0131nd\u0131 o. &#8220;Gel,&#8221; derdi \u00e7ok ge\u00e7meden, &#8220;fincan\u0131 beraber saklayal\u0131m.&#8221; M\u00fcthi\u015f sevinirdim. Odan\u0131n bir k\u00f6\u015fesine o, daha onun taraf\u0131ndan iki \u00fc\u00e7 kad\u0131n, ba\u015flan\u0131n, fincan tepsisini, bir \u00f6rt\u00fcyle \u00f6rterler, beni de aralar\u0131na al\u0131rlar, y\u00fcz\u00fc\u011f\u00fc fincanlardan birinin alt\u0131na saklard\u0131k. Sonra b\u00fct\u00fcn gece beni yan\u0131ndan ay\u0131rmazd\u0131. Kasaban\u0131n elektrikleri saat onikide s\u00f6nerdi. Saat onikiye do\u011fru elektrikler \u00fc\u00e7 defa arkas\u0131 arkas\u0131na \u00e7abuk \u00e7abuk yan\u0131p s\u00f6nerdi. B\u00fct\u00fcn kad\u0131nlar atarlard\u0131 kahkahay\u0131. &#8220;Muall\u00e2 Han\u0131m, Halit Bey seni \u00e7a\u011f\u0131r\u0131yor!&#8221; Hafif omuz silkerdi o, &#8220;Beklesin biraz. Ka\u00e7mad\u0131m ya!&#8221; Bilirdik ki, Muall\u00e2 Han\u0131m yar\u0131m saat daha oturursa, saat onikiyi ge\u00e7se de elektrikler s\u00f6nmez. Yaln\u0131z Halit ustan\u0131n i\u015faretleri s\u0131kla\u015f\u0131r, bazan bir dakikadan fazla elektrikler s\u00f6n\u00fck kal\u0131r tekrar yanard\u0131. Nihayet g\u00fcl\u00fc\u015fmeler, \u015fakalar aras\u0131nda misafirler kalkar, da\u011f\u0131l\u0131rlard\u0131.<\/p>\n<p style=\"text-align: justify;\">Sonra bir g\u00fcn sokakta oynarken, bakt\u0131k, soka\u011f\u0131n \u00e7\u0131kt\u0131\u011f\u0131 cadde \u00fczerinde, Halit ustan\u0131n evinin k\u00f6\u015fesinde bir otob\u00fcs durmu\u015f korna \u00e7al\u0131yor. Halit ustan\u0131n evinin \u00fcst kat\u0131na \u00e7\u0131kan kap\u0131 a\u00e7\u0131k. Kap\u0131n\u0131n i\u00e7inde Halit usta ile Muall\u00e2 teyze s\u0131k\u0131 s\u0131k\u0131 sar\u0131lm\u0131\u015flar birbirine, dudaklar\u0131 kenetlenmi\u015f, bir t\u00fcrl\u00fc ayr\u0131lam\u0131yorlar. Otob\u00fcs\u00fcn \u015fof\u00f6r\u00fc az bekleyip bas\u0131yor kornaya tekrar. Onlar ayr\u0131l\u0131r gibi oluyorlar. Muall\u00e2 teyze tekrar geri d\u00f6n\u00fcyor. Birbirlerine at\u0131l\u0131yorlar. Muall\u00e2 teyze tekrar geri d\u00f6n\u00fcyor. Birbirlerine at\u0131l\u0131yorlar. Birbirlerinin y\u00fcz\u00fcn\u00fc g\u00f6z\u00fcn\u00fc \u00f6p\u00fcc\u00fcklerle bo\u011fup tekrar dudak duda\u011fa kal\u0131yorlar. <br \/>Ben, yan\u0131mda doktor y\u00fczba\u015f\u0131n\u0131n k\u0131z\u0131 Feriha, daha etrafta bir y\u0131\u011f\u0131n \u00e7ocuk, kap\u0131n\u0131n \u00f6n\u00fcne y\u0131\u011f\u0131lm\u0131\u015f\u0131z. Fark\u0131nda de\u011filler. Muall\u00e2 teyze tam tekrar kap\u0131dan \u00e7\u0131kmaya davran\u0131rken bizi g\u00f6r\u00fcyor. \u0130kisi de g\u00fcl\u00fcyorlar. Halit usta: &#8220;Mektup yaz&#8221; diyor. &#8220;Gider gitmez yaz.&#8221; Muall\u00e2 teyze &#8220;Bekletme sen de.&#8221; diyor, &#8220;hemen gel!&#8221; Otob\u00fcs\u00fcn muavini &#8220;hadi&#8221;, diyor, \u00e7abuk olun.&#8221; \u015eof\u00f6r, kornaya bas\u0131yor. Muall\u00e2 teyze bizlere el sallay\u0131p otob\u00fcse do\u011fru ilerliyor. Sonralar\u0131 oynarken Feriha ikide birde bana: &#8220;Sen Halit usta ol, ben Muall\u00e2 teyze olay\u0131m.&#8221; diyor. Tabii otob\u00fcs\u00fcn de acele etmesi l\u00e2z\u0131m. Bizden daha k\u00fc\u00e7\u00fck bir \u00e7ocuk, a\u011fz\u0131yla korna \u00e7al\u0131yor. Sar\u0131l\u0131yoruz Feriha ile birbirimize. Sonra ne yapaca\u011f\u0131m\u0131z\u0131 bilemiyoruz. Dudaklar\u0131m\u0131 Feriha&#8217;n\u0131n dudaklar\u0131na iyice yap\u0131\u015ft\u0131r\u0131yorum. ikimiz de az sonra bo\u011fulacak gibi oluyoruz. Feriha arada bir &#8220;Dur, yava\u015f&#8221; diyor. &#8220;Hadi \u015fimdi&#8221;. Ayr\u0131lm\u0131\u015fken kollar\u0131n\u0131 tekrar boynuma uzat\u0131yor. Oyunun her sefer sonunda Feriha&#8217;ya &#8220;mektup yaz&#8221; diyorum. &#8220;Gider gitmez yaz&#8230;&#8221; O da: &#8220;Sen de bekletme!&#8221; diyor, &#8220;\u00e7abuk gel!&#8221; Halit ustay\u0131, Muall\u00e2 teyzeyi, Feriha&#8217;y\u0131 daha uzun hat\u0131rlamaya \u00e7al\u0131\u015f\u0131yorum.<\/p>\n<p style=\"text-align: justify;\">Nafile! Halit ustadan a\u00e7\u0131k mavi bir \u00e7ift g\u00f6z, ya\u011fl\u0131 bir tulum kalm\u0131\u015f hat\u0131r\u0131mda. Muall\u00e2 teyzeden bir demet dalgal\u0131, siyah sa\u00e7. Feriha&#8217;dan pembe beyaz yanaklar, kuru ot kokusuna, yaz ak\u015famlan duyulan kokulara benzer bir koku hat\u0131rl\u0131yorum. Daha a\u015fa\u011f\u0131da, pancurlar\u0131 a\u00e7\u0131k maviye boyal\u0131, o beyaz badanal\u0131 evde, Mel\u00e2hat abla. Tek katl\u0131 evin soka\u011fa bakan odas\u0131 Mel\u00e2hat ablan\u0131nd\u0131. Sokak pencereleri \u00f6n\u00fcnde bir duvardan bir duvara uzanan, \u00fcst\u00fc tek k\u0131r\u0131\u015f\u0131ks\u0131z, sa\u00e7aklar\u0131 dantelli beyaz \u00f6rt\u00fclerle kapl\u0131, kenarlar\u0131nda Mel\u00e2hat ablan\u0131n kendi eliyle i\u015fledi\u011fi yast\u0131klar dizili minder. U\u011fula u\u011fula a\u015f\u0131nmaya y\u00fcz tutmu\u015f p\u0131r\u0131l p\u0131r\u0131l d\u00f6\u015feme tahtalar\u0131. Minderin \u00f6n\u00fcnde k\u00fc\u00e7\u00fck, tertemiz bir kilim. Daima taze badanalanm\u0131\u015f duvarlarda kartpostallar. Mel\u00e2hat ablan\u0131n ilkokul h\u00e2t\u0131ralar\u0131&#8230; <br \/>\u00dczeri beyaz i\u015flemeli \u00f6rt\u00fclerle kapl\u0131 tahta bir masan\u0131n \u00fcst\u00fcnde ucuzundan bir ayna ile krepon k\u00e2\u011f\u0131d\u0131ndan yapma g\u00fcller. Okula yeni ba\u015flad\u0131\u011f\u0131m y\u0131llarda Mel\u00e2hat abla al\u0131rd\u0131 beni kar\u015f\u0131s\u0131na. Eli\u015fleri \u00f6devlerimi yapar, derslerimi anlat\u0131rd\u0131 bana. Papu\u00e7lar\u0131m\u0131 odan\u0131n kap\u0131s\u0131nda \u00e7\u0131kar\u0131rd\u0131m. Minderde, pencerenin \u00f6n\u00fcnde, onun dizleri dibine oturur, onun h\u00fcnerli ellerini seyre dalard\u0131m. Mel\u00e2hat ablalar\u0131n evlerine kar\u015f\u0131 piyade taburunun tavlas\u0131 vard\u0131. Piyade subaylar\u0131n\u0131n binekleri, makineli t\u00fcfek b\u00f6l\u00fc\u011f\u00fcn\u00fcn kat\u0131rlar\u0131 o tavlada dururdu. Bir y\u00fczba\u015f\u0131 Hayri Bey vard\u0131. \u0130kinci \u00fcstleri, ben okuldan \u00e7\u0131k\u0131p Mel\u00e2hat ablalara u\u011frad\u0131ktan sonra, gelir, tavlan\u0131n \u00f6n\u00fcnde seyisi bine\u011fini t\u0131mar ederken, t\u0131mar\u0131n ba\u015f\u0131nda durur, sonra da tavlan\u0131n biti\u015fi\u011findeki arsada, \u00e7\u0131lb\u0131r ba\u015fl\u0131\u011f\u0131yla bine\u011fini en az yar\u0131m saat \u00e7al\u0131\u015ft\u0131r\u0131rd\u0131.<\/p>\n<p style=\"text-align: justify;\">\u00d6devlerimi yaparken Mel\u00e2hat ablan\u0131n bak\u0131\u015flar\u0131n\u0131n s\u0131k s\u0131k pencereden d\u0131\u015far\u0131 kayd\u0131\u011f\u0131n\u0131; farkederdim. Ben de onu bak\u0131\u015flar\u0131 arkas\u0131ndan pencereden bakar, Y\u00fczba\u015f\u0131yla g\u00f6zg\u00f6ze gelince bak\u0131\u015flar\u0131n\u0131, yanaklar\u0131 k\u0131zararak \u00f6n\u00fcne e\u011fdi\u011fini g\u00f6r\u00fcrd\u00fcm. Elleri hafif titreyerek sa\u00e7lar\u0131m\u0131 ok\u015fard\u0131 b\u00f6yle zamanlarda, g\u00f6\u011fs\u00fc kalk\u0131p inerdi. Bir ikindi vakti okuldan d\u00f6nerken, soka\u011fa sap\u0131nca, y\u00fczba\u015f\u0131n\u0131n gene bine\u011fini t\u0131mar etti\u011fini g\u00f6rd\u00fcm. Tavlan\u0131n \u00f6n\u00fcne yakla\u015ft\u0131\u011f\u0131m s\u0131rada Mel\u00e2hat ablalar\u0131n kap\u0131s\u0131 a\u00e7\u0131ld\u0131. Mel\u00e2hat abla, beline kadar inen sa\u00e7lar\u0131n\u0131 \u00e7\u00f6z\u00fcp taram\u0131\u015f, \u00fczerinde beyaz bul\u00fbzu, lacivert etekli\u011fi, elinde bir kitap, kap\u0131dan \u00e7\u0131kt\u0131. Kitab\u0131 mahcup mahcup y\u00fczba\u015f\u0131ya uzatt\u0131: Te\u015fekk\u00fcr ederim. \u00c7ok g\u00fczel! Y\u00fczba\u015f\u0131 g\u00fcl\u00fcmseyerek kitab\u0131 ald\u0131: Korkar\u0131m sizi \u00fczm\u00fc\u015ft\u00fcr. Mel\u00e2hat abla, mahzun, ba\u015f\u0131n\u0131 kald\u0131rd\u0131 hafif\u00e7e: Ah, zarar\u0131 yok! Sonu \u00e7ok ac\u0131 ama, \u00e7ok g\u00fczel! Beni de \u00e7ok \u00fczm\u00fc\u015ft\u00fc okudu\u011fum zaman, dedi y\u00fczba\u015f\u0131. Mel\u00e2hat abla: Beni de, diyebildi. Sonra kap\u0131lar\u0131n\u0131n i\u00e7ine \u00e7ekildi. Y\u00fczba\u015f\u0131 o s\u0131rada beni g\u00f6rd\u00fc: Merhaba delikanl\u0131! Bize sel\u00e2m vermek yok mu? Durdum. Ba\u015f\u0131m\u0131 \u00f6n\u00fcme e\u011fdim. Y\u00fczba\u015f\u0131, Mel\u00e2hat ablaya sordu: Sizin ahbap galiba, de\u011fil mi? Mel\u00e2hat ablan\u0131n cevab\u0131n\u0131 beklemeden, \u00f6n\u00fcmde ayak burunlar\u0131 \u00fczerinde \u00e7\u00f6melerek beni hafif\u00e7e dirseklerimden tuttu; sonra \u00e7enemi, y\u00fcz\u00fcm hizas\u0131na getirecek \u015fekilde hafif yukan kald\u0131rd\u0131. Ad\u0131n ne bakal\u0131m senin? M\u0131r\u0131ldand\u0131m: Saim. Ka\u00e7\u0131nc\u0131 s\u0131n\u0131ftas\u0131n? \u0130kinci s\u0131n\u0131ftay\u0131m. Ooo! Ma\u015fallah neredeyse okulu kolaylam\u0131\u015fs\u0131n! Ne olacaks\u0131n b\u00fcy\u00fcy\u00fcnce? Bine\u011fe \u015f\u00f6yle yan g\u00f6zle bakt\u0131m. \u00d6yle bir at\u0131m olmas\u0131n\u0131 isterdim ki&#8230;<\/p>\n<p style=\"text-align: justify;\">Y\u00fczba\u015f\u0131, ceplerini kar\u0131\u015ft\u0131rd\u0131. Sonunda talim d\u00fcd\u00fc\u011f\u00fcn\u00fc \u00e7\u0131kard\u0131 cebinden, g\u00fcld\u00fc: Saim, bunu sana versem ister misin?. Sevin\u00e7ten kulaklar\u0131ma kadar k\u0131zard\u0131m. Ba\u015f\u0131m\u0131, evet anlam\u0131na e\u011fdim. Al \u00f6yleyse&#8230; D\u00fcd\u00fck benimdi. U\u00e7uyordum. Ko\u015fmaya haz\u0131rd\u0131m. Y\u00fczba\u015f\u0131: Dur bakal\u0131m, dedi, \u00f6nce \u00f6tt\u00fcr bakal\u0131m, \u00f6tt\u00fcrebiliyor musun? Sonra b\u0131rak\u0131r\u0131m seni&#8230; B\u00fct\u00fcn nefesimle d\u00fcd\u00fc\u011f\u00fc \u00fcfledim. Y\u00fczba\u015f\u0131 ne\u015feyle g\u00fcld\u00fc, sa\u00e7\u0131m\u0131 ok\u015fay\u0131p: Haydi, \u015fimdi, dedi. Serbestsin. Mar\u015f mar\u015f!&#8230; Arkamdan, Mel\u00e2hat ablaya, benim i\u00e7in &#8220;cin gibi&#8221;ye benzer l\u00e2flar etti\u011fini duydum. O y\u0131l, \u00e7ok ge\u00e7meden piyade taburu bizim il\u00e7eden ba\u015fka il\u00e7eye kalkt\u0131. Y\u00fczba\u015f\u0131 Hayri Bey de taburla gitti. Mel\u00e2hat abla, \u00e7ok mu \u00fcz\u00fcld\u00fc o gidince, hat\u0131rlayam\u0131yorum. Yaln\u0131z minderde, pencerenin \u00f6n\u00fcnde oturmuyordu eskisi gibi. Tavlan\u0131n kapal\u0131 kepenklerine bakmak benim bile i\u00e7imi s\u0131k\u0131yordu. Ona s\u0131k s\u0131k, &#8220;Mel\u00e2hat abla, subay olaca\u011f\u0131m&#8221; diyordum. Bilmem ne s\u00f6ylemek istedi\u011fimi anl\u0131yor muydu? Subay olup onunla evlenecektim. O, onsekiz ya\u015f\u0131ndayd\u0131 o s\u0131ralarda. Ben sekiz&#8230; Daha bize yak\u0131n, duvarlar\u0131 s\u0131vas\u0131z, kepenkleri boyanmadan b\u0131rak\u0131ld\u0131\u011f\u0131 i\u00e7in \u00e7\u00fcr\u00fcmeye y\u00fcz tutmu\u015f evde Hatice nine otururdu. <br \/>Bahara do\u011fru ak\u015famlan babam be\u015f kuru\u015f verir, &#8220;git,&#8221; derdi, &#8220;Hatice nineden birka\u00e7 ba\u015f taze so\u011fanla iki marul al.&#8221; Tuttururdum be\u015f kuru\u015f az diye. Hatice nineye ac\u0131rd\u0131m ben. O\u011flu askerdi. Bah\u00e7esine kendi bakard\u0131. Sonra be\u015f kuru\u015f daha verirlerdi. Bir ko\u015fu evden f\u0131rlar, Hatice ninenin avlu kap\u0131s\u0131n\u0131n ipine as\u0131l\u0131rd\u0131m. Kap\u0131n\u0131n dibinde nefes nefese seslenirdim: Hatice nine! Hatice nine! Kad\u0131nca\u011f\u0131z iki b\u00fckl\u00fcm evinin etraf\u0131 tahta parmakl\u0131kla \u00e7evrili hayat\u0131na \u00e7\u0131kard\u0131. Annem, sel\u00e2m s\u00f6yledi. Marul almaya geldim. Al, derdi k\u0131s\u0131k sesiyle. Ge\u00e7 bah\u00e7eye. \u00c7\u0131kar. Malta ta\u015f\u0131 d\u00f6\u015feli avlunun sonunda ba\u015flayan bah\u00e7eye ge\u00e7erdim. Ak\u015fam\u0131n alacakaranl\u0131\u011f\u0131nda, yeni sulanm\u0131\u015f bah\u00e7eden, yedi sekiz ba\u015f so\u011fan, iki marul k\u00f6kler, d\u00f6n\u00fc\u015fte Hatice nineye on kuru\u015f uzat\u0131rd\u0131m. <br \/>O her seferinde: Az bu kadar, derdi. \u00dc\u015fendin mi k\u00f6klemeye? Yeter, diyecek olurdum. Elinin tersiyle \u00e7evirirdi beni: Siz kalabal\u0131ks\u0131n\u0131z. Verdi\u011fin para da \u00e7ok. Git bu kadar daha k\u00f6kle. Az sonra ben kap\u0131dan \u00e7\u0131karken: Sel\u00e2m s\u00f6yle annene, diye seslenirdi. Her seferinde para g\u00f6ndermesin. Bu kadar senelik kom\u015fuyuz. Sonra daha yak\u0131n\u0131m\u0131zda, \u0130smet Abla ile annesi. Sa\u00e7lar\u0131, kirpikleri g\u00fcne\u015ften sararm\u0131\u015f, bir haziran g\u00f6r\u00fcn\u00fc\u015f\u00fc gibi hat\u0131r\u0131mda kalan \u0130smet abla ile annesi kom\u015fulardan d\u00f6n\u00fcp de yataklar\u0131na \u00e7ekilince, sakland\u0131\u011f\u0131 yerden \u00e7\u0131k\u0131p k\u0131zca\u011f\u0131za sald\u0131rm\u0131\u015f derlerdi. \u0130smet abla varmak istemiyordu adama. S\u00f6z kesen kendisi de\u011fil, yak\u0131nlar\u0131yd\u0131. \u0130smet ablay\u0131 g\u00f6remedim bir daha. Bana onun hastahaneye kald\u0131r\u0131l\u0131rken kan kayb\u0131ndan yolda \u00f6ld\u00fc\u011f\u00fcn\u00fc y\u0131llarca s\u00f6ylemediler. Y\u0131llarca ta\u015fl\u0131klarda, mutfak k\u00f6\u015felerinde duran k\u00fcplerin arkas\u0131nda, eli b\u0131\u00e7akl\u0131 katiller sakl\u0131d\u0131r sand\u0131m. \u0130smet ablan\u0131n, gecenin i\u00e7inde, b\u00fct\u00fcn soka\u011f\u0131 aya\u011fa kald\u0131ran &#8220;yeti\u015fin, yand\u0131m!&#8221; diye da\u011f\u0131lan sesi y\u0131llarca kulaklar\u0131mdan gitmedi. Bizim tenha soka\u011f\u0131m\u0131z\u0131n \u00f6teki kom\u015fular\u0131ndan da buna benzer k\u0131sa kar\u015f\u0131la\u015fmalar kalm\u0131\u015f hat\u0131r\u0131mda.<\/p>\n<p style=\"text-align: justify;\">Ne fena! A\u015fa\u011f\u0131 yukar\u0131 bizim soka\u011f\u0131n insanlar\u0131ndan benim b\u00fct\u00fcn bildi\u011fim bu kadar. Hik\u00e2ye mi ar\u0131yorsun d\u00fcnyada? Al, i\u015fte! Burnunun dibinde. \u015eu soka\u011f\u0131n i\u00e7inden g\u00f6z\u00fcne ilk ili\u015fen evi se\u00e7. Yeter ki, g\u00f6nl\u00fcnde o evin insanlar\u0131n\u0131 tan\u0131mak isteyecek merak\u0131n olsun! Ne i\u015fin var uzaklarda? Evet, i\u015fte bu sokaktan ba\u015flamal\u0131. Bir zaman benim b\u00fct\u00fcn d\u00fcnyam bu penceresinden bakt\u0131\u011f\u0131m evden ibaretti. Bir ya\u015fa gelince bu evin kap\u0131s\u0131ndan soka\u011fa \u00e7\u0131kt\u0131m. \u00dc\u00e7 d\u00f6rt ev \u00f6tedeki bo\u015f arsada \u00e7ocuklar\u0131n oyunlar\u0131na kat\u0131ld\u0131m. Sonra, sokaktan il\u00e7enin ana caddesine, ba\u015fka sokaklar\u0131na, g\u00fcn\u00fc gelince de il\u00e7eden ile, oradan ba\u015fka illere&#8230; Okullarda, yolculuklarda, kahvelerde, sokaklarda, devlet dairelerinde, k\u0131\u015flalarda, hastanelerde, bir y\u0131\u011f\u0131n insan i\u00e7ine kar\u0131\u015ft\u0131m \u015fimdiye kadar. Bir k\u0131sm\u0131 bizim soka\u011f\u0131n insanlar\u0131 gibi yar\u0131m yamalak hat\u0131r\u0131mda. \u00c7o\u011fu ile kar\u015f\u0131la\u015f\u0131nca, ad\u0131n\u0131 unuttu\u011fumu anlamas\u0131n diye ne yapaca\u011f\u0131m\u0131 \u015fa\u015f\u0131r\u0131yorum. Bir yerde, bir sokakta doya doya kalam\u0131yor ki insan. Daha etraf\u0131mda ne var demeye kalmadan, bak\u0131yorsunuz g\u00fcn\u00fcn\u00fcz dolmu\u015f, ba\u015fka bir eve, ba\u015fka bir soka\u011fa ta\u015f\u0131n\u0131yorsunuz. Yahut baht\u0131n\u0131za, ba\u015fka bir \u015fehrin yolu g\u00f6r\u00fcn\u00fcyor. Yoksa insan, do\u011fru d\u00fcr\u00fcst etraf\u0131n\u0131 tan\u0131maya kalksa, bir eve, bir soka\u011fa eminim ki, \u00f6mr\u00fc ancak yeter. Bir saat sonra yola \u00e7\u0131kaca\u011f\u0131m. Neredeyse a\u015fa\u011f\u0131dan bizimkiler seslenecekler. Bu geli\u015fimde baba evimde bir ay ancak kalabildim. O da nas\u0131l ge\u00e7ti. Yeni makinisti, Mel\u00e2hat ablalar\u0131n evini sat\u0131n alanlar\u0131, Hatice ninenin o\u011flu ile gelinini, \u00f6teki kom\u015fular\u0131m\u0131z\u0131, hi\u00e7 de\u011filse d\u00f6rt be\u015f ay daha kalabilseydim, biraz olsun tan\u0131yabilecektim. Bizim sokak durgun, s\u0131k\u0131c\u0131 gibi g\u00f6r\u00fcn\u00fcr tan\u0131mayana. Eminim, benim can\u0131m hi\u00e7 s\u0131k\u0131lmad\u0131. Hem o vakit b\u00f6yle yola \u00e7\u0131karken, hi\u00e7 olmazsa akl\u0131m arkada kalmazd\u0131!..<\/p>\n","protected":false},"excerpt":{"rendered":"<p>Evimiz soka\u011f\u0131n alt ba\u015f\u0131nda. Yat\u0131p kalkt\u0131\u011f\u0131m odan\u0131n penceresinden bak\u0131nca, bir ba\u015ftan bir ba\u015fa b\u00fct\u00fcn soka\u011f\u0131 g\u00f6r\u00fcyorum. Bir saat sonra yola \u00e7\u0131kaca\u011f\u0131m. Odamda \u00f6teberi e\u015fyam\u0131 bavuluma yerle\u015ftirmi\u015f do\u011fruluyordum ki, sokaktan gelen bir \u00e7ocuk a\u011flamas\u0131 beni pencerenin \u00f6n\u00fcne \u00e7ekti. \u00c7ocuklar\u0131n a\u011flamas\u0131na dayanamam. Bir fena olurum duydum mu. \u00c7ocuklar bo\u015f yere a\u011flamaz. \u015eu d\u00fcnyada \u00e7ocuklar\u0131n a\u011flamas\u0131 ne kadar [&hellip;]<\/p>\n","protected":false},"author":1,"featured_media":0,"comment_status":"open","ping_status":"open","sticky":false,"template":"","format":"standard","meta":{"footnotes":""},"categories":[114],"tags":[],"class_list":{"0":"post-4038","1":"post","2":"type-post","3":"status-publish","4":"format-standard","6":"category-turkiye-den-oykuler"},"yoast_head":"<!-- This site is optimized with the Yoast SEO Premium plugin v24.9 (Yoast SEO v24.9) - https:\/\/yoast.com\/wordpress\/plugins\/seo\/ -->\n<title>Hik\u00e2ye mi ar\u0131yorsun d\u00fcnyada? Al, i\u015fte! Burnunun dibinde | Akl\u0131m Arkada Kalacak - Necati Cumal\u0131 - narteks.net<\/title>\n<meta name=\"robots\" content=\"index, follow, max-snippet:-1, max-image-preview:large, max-video-preview:-1\" \/>\n<link rel=\"canonical\" href=\"https:\/\/narteks.net\/index.php\/2010\/01\/20\/hikaye-mi-ariyorsun-dunyada-al-iste-burnunun-dibinde-aklim-arkada-kalacak-necati-cumali\/\" \/>\n<meta property=\"og:locale\" content=\"tr_TR\" \/>\n<meta property=\"og:type\" content=\"article\" \/>\n<meta property=\"og:title\" content=\"Hik\u00e2ye mi ar\u0131yorsun d\u00fcnyada? Al, i\u015fte! Burnunun dibinde | Akl\u0131m Arkada Kalacak - Necati Cumal\u0131\" \/>\n<meta property=\"og:description\" content=\"Evimiz soka\u011f\u0131n alt ba\u015f\u0131nda. Yat\u0131p kalkt\u0131\u011f\u0131m odan\u0131n penceresinden bak\u0131nca, bir ba\u015ftan bir ba\u015fa b\u00fct\u00fcn soka\u011f\u0131 g\u00f6r\u00fcyorum. Bir saat sonra yola \u00e7\u0131kaca\u011f\u0131m. Odamda \u00f6teberi e\u015fyam\u0131 bavuluma yerle\u015ftirmi\u015f do\u011fruluyordum ki, sokaktan gelen bir \u00e7ocuk a\u011flamas\u0131 beni pencerenin \u00f6n\u00fcne \u00e7ekti. \u00c7ocuklar\u0131n a\u011flamas\u0131na dayanamam. Bir fena olurum duydum mu. \u00c7ocuklar bo\u015f yere a\u011flamaz. \u015eu d\u00fcnyada \u00e7ocuklar\u0131n a\u011flamas\u0131 ne kadar [&hellip;]\" \/>\n<meta property=\"og:url\" content=\"https:\/\/narteks.net\/index.php\/2010\/01\/20\/hikaye-mi-ariyorsun-dunyada-al-iste-burnunun-dibinde-aklim-arkada-kalacak-necati-cumali\/\" \/>\n<meta property=\"og:site_name\" content=\"narteks.net\" \/>\n<meta property=\"article:published_time\" content=\"2010-01-20T11:40:37+00:00\" \/>\n<meta property=\"og:image\" content=\"http:\/\/upload.wikimedia.org\/wikipedia\/tr\/b\/ba\/Necaticumali2-1-.jpg\" \/>\n<meta name=\"author\" content=\"Tar\u0131k\" \/>\n<meta name=\"twitter:card\" content=\"summary_large_image\" \/>\n<meta name=\"twitter:creator\" content=\"@narteks\" \/>\n<meta name=\"twitter:site\" content=\"@narteks\" \/>\n<meta name=\"twitter:label1\" content=\"Yazan:\" \/>\n\t<meta name=\"twitter:data1\" content=\"Tar\u0131k\" \/>\n\t<meta name=\"twitter:label2\" content=\"Tahmini okuma s\u00fcresi\" \/>\n\t<meta name=\"twitter:data2\" content=\"15 dakika\" \/>\n<script type=\"application\/ld+json\" class=\"yoast-schema-graph\">{\"@context\":\"https:\/\/schema.org\",\"@graph\":[{\"@type\":\"Article\",\"@id\":\"https:\/\/narteks.net\/index.php\/2010\/01\/20\/hikaye-mi-ariyorsun-dunyada-al-iste-burnunun-dibinde-aklim-arkada-kalacak-necati-cumali\/#article\",\"isPartOf\":{\"@id\":\"https:\/\/narteks.net\/index.php\/2010\/01\/20\/hikaye-mi-ariyorsun-dunyada-al-iste-burnunun-dibinde-aklim-arkada-kalacak-necati-cumali\/\"},\"author\":{\"name\":\"Tar\u0131k\",\"@id\":\"https:\/\/narteks.net\/#\/schema\/person\/61f37d9834294b72d31d274e7ed79bca\"},\"headline\":\"Hik\u00e2ye mi ar\u0131yorsun d\u00fcnyada? Al, i\u015fte! Burnunun dibinde | Akl\u0131m Arkada Kalacak &#8211; Necati Cumal\u0131\",\"datePublished\":\"2010-01-20T11:40:37+00:00\",\"mainEntityOfPage\":{\"@id\":\"https:\/\/narteks.net\/index.php\/2010\/01\/20\/hikaye-mi-ariyorsun-dunyada-al-iste-burnunun-dibinde-aklim-arkada-kalacak-necati-cumali\/\"},\"wordCount\":2999,\"commentCount\":0,\"publisher\":{\"@id\":\"https:\/\/narteks.net\/#organization\"},\"image\":{\"@id\":\"https:\/\/narteks.net\/index.php\/2010\/01\/20\/hikaye-mi-ariyorsun-dunyada-al-iste-burnunun-dibinde-aklim-arkada-kalacak-necati-cumali\/#primaryimage\"},\"thumbnailUrl\":\"http:\/\/upload.wikimedia.org\/wikipedia\/tr\/b\/ba\/Necaticumali2-1-.jpg\",\"articleSection\":[\"T\u00fcrkiye'den \u00d6yk\u00fcler\"],\"inLanguage\":\"tr\",\"potentialAction\":[{\"@type\":\"CommentAction\",\"name\":\"Comment\",\"target\":[\"https:\/\/narteks.net\/index.php\/2010\/01\/20\/hikaye-mi-ariyorsun-dunyada-al-iste-burnunun-dibinde-aklim-arkada-kalacak-necati-cumali\/#respond\"]}]},{\"@type\":\"WebPage\",\"@id\":\"https:\/\/narteks.net\/index.php\/2010\/01\/20\/hikaye-mi-ariyorsun-dunyada-al-iste-burnunun-dibinde-aklim-arkada-kalacak-necati-cumali\/\",\"url\":\"https:\/\/narteks.net\/index.php\/2010\/01\/20\/hikaye-mi-ariyorsun-dunyada-al-iste-burnunun-dibinde-aklim-arkada-kalacak-necati-cumali\/\",\"name\":\"Hik\u00e2ye mi ar\u0131yorsun d\u00fcnyada? Al, i\u015fte! Burnunun dibinde | Akl\u0131m Arkada Kalacak - Necati Cumal\u0131 - narteks.net\",\"isPartOf\":{\"@id\":\"https:\/\/narteks.net\/#website\"},\"primaryImageOfPage\":{\"@id\":\"https:\/\/narteks.net\/index.php\/2010\/01\/20\/hikaye-mi-ariyorsun-dunyada-al-iste-burnunun-dibinde-aklim-arkada-kalacak-necati-cumali\/#primaryimage\"},\"image\":{\"@id\":\"https:\/\/narteks.net\/index.php\/2010\/01\/20\/hikaye-mi-ariyorsun-dunyada-al-iste-burnunun-dibinde-aklim-arkada-kalacak-necati-cumali\/#primaryimage\"},\"thumbnailUrl\":\"http:\/\/upload.wikimedia.org\/wikipedia\/tr\/b\/ba\/Necaticumali2-1-.jpg\",\"datePublished\":\"2010-01-20T11:40:37+00:00\",\"breadcrumb\":{\"@id\":\"https:\/\/narteks.net\/index.php\/2010\/01\/20\/hikaye-mi-ariyorsun-dunyada-al-iste-burnunun-dibinde-aklim-arkada-kalacak-necati-cumali\/#breadcrumb\"},\"inLanguage\":\"tr\",\"potentialAction\":[{\"@type\":\"ReadAction\",\"target\":[\"https:\/\/narteks.net\/index.php\/2010\/01\/20\/hikaye-mi-ariyorsun-dunyada-al-iste-burnunun-dibinde-aklim-arkada-kalacak-necati-cumali\/\"]}]},{\"@type\":\"ImageObject\",\"inLanguage\":\"tr\",\"@id\":\"https:\/\/narteks.net\/index.php\/2010\/01\/20\/hikaye-mi-ariyorsun-dunyada-al-iste-burnunun-dibinde-aklim-arkada-kalacak-necati-cumali\/#primaryimage\",\"url\":\"http:\/\/upload.wikimedia.org\/wikipedia\/tr\/b\/ba\/Necaticumali2-1-.jpg\",\"contentUrl\":\"http:\/\/upload.wikimedia.org\/wikipedia\/tr\/b\/ba\/Necaticumali2-1-.jpg\"},{\"@type\":\"BreadcrumbList\",\"@id\":\"https:\/\/narteks.net\/index.php\/2010\/01\/20\/hikaye-mi-ariyorsun-dunyada-al-iste-burnunun-dibinde-aklim-arkada-kalacak-necati-cumali\/#breadcrumb\",\"itemListElement\":[{\"@type\":\"ListItem\",\"position\":1,\"name\":\"Anasayfa\",\"item\":\"https:\/\/narteks.net\/\"},{\"@type\":\"ListItem\",\"position\":2,\"name\":\"Hik\u00e2ye mi ar\u0131yorsun d\u00fcnyada? Al, i\u015fte! Burnunun dibinde | Akl\u0131m Arkada Kalacak &#8211; Necati Cumal\u0131\"}]},{\"@type\":\"WebSite\",\"@id\":\"https:\/\/narteks.net\/#website\",\"url\":\"https:\/\/narteks.net\/\",\"name\":\"narteks.net\",\"description\":\"K\u00fclt\u00fcr Sanat Edebiyat Felsefe\",\"publisher\":{\"@id\":\"https:\/\/narteks.net\/#organization\"},\"alternateName\":\"K\u00fclt\u00fcr Sanat Edebiyat Felsefe\",\"potentialAction\":[{\"@type\":\"SearchAction\",\"target\":{\"@type\":\"EntryPoint\",\"urlTemplate\":\"https:\/\/narteks.net\/?s={search_term_string}\"},\"query-input\":{\"@type\":\"PropertyValueSpecification\",\"valueRequired\":true,\"valueName\":\"search_term_string\"}}],\"inLanguage\":\"tr\"},{\"@type\":\"Organization\",\"@id\":\"https:\/\/narteks.net\/#organization\",\"name\":\"narteks.net\",\"url\":\"https:\/\/narteks.net\/\",\"logo\":{\"@type\":\"ImageObject\",\"inLanguage\":\"tr\",\"@id\":\"https:\/\/narteks.net\/#\/schema\/logo\/image\/\",\"url\":\"https:\/\/narteks.net\/wp-content\/uploads\/narteks.png\",\"contentUrl\":\"https:\/\/narteks.net\/wp-content\/uploads\/narteks.png\",\"width\":300,\"height\":90,\"caption\":\"narteks.net\"},\"image\":{\"@id\":\"https:\/\/narteks.net\/#\/schema\/logo\/image\/\"},\"sameAs\":[\"https:\/\/x.com\/narteks\",\"https:\/\/instagram.com\/narteksnet\"]},{\"@type\":\"Person\",\"@id\":\"https:\/\/narteks.net\/#\/schema\/person\/61f37d9834294b72d31d274e7ed79bca\",\"name\":\"Tar\u0131k\",\"image\":{\"@type\":\"ImageObject\",\"inLanguage\":\"tr\",\"@id\":\"https:\/\/narteks.net\/#\/schema\/person\/image\/\",\"url\":\"https:\/\/secure.gravatar.com\/avatar\/50865afb55632c4ae467e0af0930f6510aa2297d8014be502a55b14f3b7550cf?s=96&d=mm&r=g\",\"contentUrl\":\"https:\/\/secure.gravatar.com\/avatar\/50865afb55632c4ae467e0af0930f6510aa2297d8014be502a55b14f3b7550cf?s=96&d=mm&r=g\",\"caption\":\"Tar\u0131k\"},\"sameAs\":[\"http:\/\/narteks.net\"],\"url\":\"https:\/\/narteks.net\/index.php\/author\/narbak\/\"}]}<\/script>\n<!-- \/ Yoast SEO Premium plugin. -->","yoast_head_json":{"title":"Hik\u00e2ye mi ar\u0131yorsun d\u00fcnyada? Al, i\u015fte! Burnunun dibinde | Akl\u0131m Arkada Kalacak - Necati Cumal\u0131 - narteks.net","robots":{"index":"index","follow":"follow","max-snippet":"max-snippet:-1","max-image-preview":"max-image-preview:large","max-video-preview":"max-video-preview:-1"},"canonical":"https:\/\/narteks.net\/index.php\/2010\/01\/20\/hikaye-mi-ariyorsun-dunyada-al-iste-burnunun-dibinde-aklim-arkada-kalacak-necati-cumali\/","og_locale":"tr_TR","og_type":"article","og_title":"Hik\u00e2ye mi ar\u0131yorsun d\u00fcnyada? Al, i\u015fte! Burnunun dibinde | Akl\u0131m Arkada Kalacak - Necati Cumal\u0131","og_description":"Evimiz soka\u011f\u0131n alt ba\u015f\u0131nda. Yat\u0131p kalkt\u0131\u011f\u0131m odan\u0131n penceresinden bak\u0131nca, bir ba\u015ftan bir ba\u015fa b\u00fct\u00fcn soka\u011f\u0131 g\u00f6r\u00fcyorum. Bir saat sonra yola \u00e7\u0131kaca\u011f\u0131m. Odamda \u00f6teberi e\u015fyam\u0131 bavuluma yerle\u015ftirmi\u015f do\u011fruluyordum ki, sokaktan gelen bir \u00e7ocuk a\u011flamas\u0131 beni pencerenin \u00f6n\u00fcne \u00e7ekti. \u00c7ocuklar\u0131n a\u011flamas\u0131na dayanamam. Bir fena olurum duydum mu. \u00c7ocuklar bo\u015f yere a\u011flamaz. \u015eu d\u00fcnyada \u00e7ocuklar\u0131n a\u011flamas\u0131 ne kadar [&hellip;]","og_url":"https:\/\/narteks.net\/index.php\/2010\/01\/20\/hikaye-mi-ariyorsun-dunyada-al-iste-burnunun-dibinde-aklim-arkada-kalacak-necati-cumali\/","og_site_name":"narteks.net","article_published_time":"2010-01-20T11:40:37+00:00","og_image":[{"url":"http:\/\/upload.wikimedia.org\/wikipedia\/tr\/b\/ba\/Necaticumali2-1-.jpg","type":"","width":"","height":""}],"author":"Tar\u0131k","twitter_card":"summary_large_image","twitter_creator":"@narteks","twitter_site":"@narteks","twitter_misc":{"Yazan:":"Tar\u0131k","Tahmini okuma s\u00fcresi":"15 dakika"},"schema":{"@context":"https:\/\/schema.org","@graph":[{"@type":"Article","@id":"https:\/\/narteks.net\/index.php\/2010\/01\/20\/hikaye-mi-ariyorsun-dunyada-al-iste-burnunun-dibinde-aklim-arkada-kalacak-necati-cumali\/#article","isPartOf":{"@id":"https:\/\/narteks.net\/index.php\/2010\/01\/20\/hikaye-mi-ariyorsun-dunyada-al-iste-burnunun-dibinde-aklim-arkada-kalacak-necati-cumali\/"},"author":{"name":"Tar\u0131k","@id":"https:\/\/narteks.net\/#\/schema\/person\/61f37d9834294b72d31d274e7ed79bca"},"headline":"Hik\u00e2ye mi ar\u0131yorsun d\u00fcnyada? Al, i\u015fte! Burnunun dibinde | Akl\u0131m Arkada Kalacak &#8211; Necati Cumal\u0131","datePublished":"2010-01-20T11:40:37+00:00","mainEntityOfPage":{"@id":"https:\/\/narteks.net\/index.php\/2010\/01\/20\/hikaye-mi-ariyorsun-dunyada-al-iste-burnunun-dibinde-aklim-arkada-kalacak-necati-cumali\/"},"wordCount":2999,"commentCount":0,"publisher":{"@id":"https:\/\/narteks.net\/#organization"},"image":{"@id":"https:\/\/narteks.net\/index.php\/2010\/01\/20\/hikaye-mi-ariyorsun-dunyada-al-iste-burnunun-dibinde-aklim-arkada-kalacak-necati-cumali\/#primaryimage"},"thumbnailUrl":"http:\/\/upload.wikimedia.org\/wikipedia\/tr\/b\/ba\/Necaticumali2-1-.jpg","articleSection":["T\u00fcrkiye'den \u00d6yk\u00fcler"],"inLanguage":"tr","potentialAction":[{"@type":"CommentAction","name":"Comment","target":["https:\/\/narteks.net\/index.php\/2010\/01\/20\/hikaye-mi-ariyorsun-dunyada-al-iste-burnunun-dibinde-aklim-arkada-kalacak-necati-cumali\/#respond"]}]},{"@type":"WebPage","@id":"https:\/\/narteks.net\/index.php\/2010\/01\/20\/hikaye-mi-ariyorsun-dunyada-al-iste-burnunun-dibinde-aklim-arkada-kalacak-necati-cumali\/","url":"https:\/\/narteks.net\/index.php\/2010\/01\/20\/hikaye-mi-ariyorsun-dunyada-al-iste-burnunun-dibinde-aklim-arkada-kalacak-necati-cumali\/","name":"Hik\u00e2ye mi ar\u0131yorsun d\u00fcnyada? Al, i\u015fte! Burnunun dibinde | Akl\u0131m Arkada Kalacak - Necati Cumal\u0131 - narteks.net","isPartOf":{"@id":"https:\/\/narteks.net\/#website"},"primaryImageOfPage":{"@id":"https:\/\/narteks.net\/index.php\/2010\/01\/20\/hikaye-mi-ariyorsun-dunyada-al-iste-burnunun-dibinde-aklim-arkada-kalacak-necati-cumali\/#primaryimage"},"image":{"@id":"https:\/\/narteks.net\/index.php\/2010\/01\/20\/hikaye-mi-ariyorsun-dunyada-al-iste-burnunun-dibinde-aklim-arkada-kalacak-necati-cumali\/#primaryimage"},"thumbnailUrl":"http:\/\/upload.wikimedia.org\/wikipedia\/tr\/b\/ba\/Necaticumali2-1-.jpg","datePublished":"2010-01-20T11:40:37+00:00","breadcrumb":{"@id":"https:\/\/narteks.net\/index.php\/2010\/01\/20\/hikaye-mi-ariyorsun-dunyada-al-iste-burnunun-dibinde-aklim-arkada-kalacak-necati-cumali\/#breadcrumb"},"inLanguage":"tr","potentialAction":[{"@type":"ReadAction","target":["https:\/\/narteks.net\/index.php\/2010\/01\/20\/hikaye-mi-ariyorsun-dunyada-al-iste-burnunun-dibinde-aklim-arkada-kalacak-necati-cumali\/"]}]},{"@type":"ImageObject","inLanguage":"tr","@id":"https:\/\/narteks.net\/index.php\/2010\/01\/20\/hikaye-mi-ariyorsun-dunyada-al-iste-burnunun-dibinde-aklim-arkada-kalacak-necati-cumali\/#primaryimage","url":"http:\/\/upload.wikimedia.org\/wikipedia\/tr\/b\/ba\/Necaticumali2-1-.jpg","contentUrl":"http:\/\/upload.wikimedia.org\/wikipedia\/tr\/b\/ba\/Necaticumali2-1-.jpg"},{"@type":"BreadcrumbList","@id":"https:\/\/narteks.net\/index.php\/2010\/01\/20\/hikaye-mi-ariyorsun-dunyada-al-iste-burnunun-dibinde-aklim-arkada-kalacak-necati-cumali\/#breadcrumb","itemListElement":[{"@type":"ListItem","position":1,"name":"Anasayfa","item":"https:\/\/narteks.net\/"},{"@type":"ListItem","position":2,"name":"Hik\u00e2ye mi ar\u0131yorsun d\u00fcnyada? Al, i\u015fte! Burnunun dibinde | Akl\u0131m Arkada Kalacak &#8211; Necati Cumal\u0131"}]},{"@type":"WebSite","@id":"https:\/\/narteks.net\/#website","url":"https:\/\/narteks.net\/","name":"narteks.net","description":"K\u00fclt\u00fcr Sanat Edebiyat Felsefe","publisher":{"@id":"https:\/\/narteks.net\/#organization"},"alternateName":"K\u00fclt\u00fcr Sanat Edebiyat Felsefe","potentialAction":[{"@type":"SearchAction","target":{"@type":"EntryPoint","urlTemplate":"https:\/\/narteks.net\/?s={search_term_string}"},"query-input":{"@type":"PropertyValueSpecification","valueRequired":true,"valueName":"search_term_string"}}],"inLanguage":"tr"},{"@type":"Organization","@id":"https:\/\/narteks.net\/#organization","name":"narteks.net","url":"https:\/\/narteks.net\/","logo":{"@type":"ImageObject","inLanguage":"tr","@id":"https:\/\/narteks.net\/#\/schema\/logo\/image\/","url":"https:\/\/narteks.net\/wp-content\/uploads\/narteks.png","contentUrl":"https:\/\/narteks.net\/wp-content\/uploads\/narteks.png","width":300,"height":90,"caption":"narteks.net"},"image":{"@id":"https:\/\/narteks.net\/#\/schema\/logo\/image\/"},"sameAs":["https:\/\/x.com\/narteks","https:\/\/instagram.com\/narteksnet"]},{"@type":"Person","@id":"https:\/\/narteks.net\/#\/schema\/person\/61f37d9834294b72d31d274e7ed79bca","name":"Tar\u0131k","image":{"@type":"ImageObject","inLanguage":"tr","@id":"https:\/\/narteks.net\/#\/schema\/person\/image\/","url":"https:\/\/secure.gravatar.com\/avatar\/50865afb55632c4ae467e0af0930f6510aa2297d8014be502a55b14f3b7550cf?s=96&d=mm&r=g","contentUrl":"https:\/\/secure.gravatar.com\/avatar\/50865afb55632c4ae467e0af0930f6510aa2297d8014be502a55b14f3b7550cf?s=96&d=mm&r=g","caption":"Tar\u0131k"},"sameAs":["http:\/\/narteks.net"],"url":"https:\/\/narteks.net\/index.php\/author\/narbak\/"}]}},"_links":{"self":[{"href":"https:\/\/narteks.net\/index.php\/wp-json\/wp\/v2\/posts\/4038","targetHints":{"allow":["GET"]}}],"collection":[{"href":"https:\/\/narteks.net\/index.php\/wp-json\/wp\/v2\/posts"}],"about":[{"href":"https:\/\/narteks.net\/index.php\/wp-json\/wp\/v2\/types\/post"}],"author":[{"embeddable":true,"href":"https:\/\/narteks.net\/index.php\/wp-json\/wp\/v2\/users\/1"}],"replies":[{"embeddable":true,"href":"https:\/\/narteks.net\/index.php\/wp-json\/wp\/v2\/comments?post=4038"}],"version-history":[{"count":0,"href":"https:\/\/narteks.net\/index.php\/wp-json\/wp\/v2\/posts\/4038\/revisions"}],"wp:attachment":[{"href":"https:\/\/narteks.net\/index.php\/wp-json\/wp\/v2\/media?parent=4038"}],"wp:term":[{"taxonomy":"category","embeddable":true,"href":"https:\/\/narteks.net\/index.php\/wp-json\/wp\/v2\/categories?post=4038"},{"taxonomy":"post_tag","embeddable":true,"href":"https:\/\/narteks.net\/index.php\/wp-json\/wp\/v2\/tags?post=4038"}],"curies":[{"name":"wp","href":"https:\/\/api.w.org\/{rel}","templated":true}]}}