{"id":404,"date":"2009-03-12T23:42:14","date_gmt":"2009-03-12T20:42:14","guid":{"rendered":"http:\/\/localhost\/wordpress\/2009\/03\/12\/aggul-seni-cemekanda-gormusler\/"},"modified":"2009-03-12T23:42:14","modified_gmt":"2009-03-12T20:42:14","slug":"aggul-seni-cemekanda-gormusler","status":"publish","type":"post","link":"https:\/\/narteks.net\/index.php\/2009\/03\/12\/aggul-seni-cemekanda-gormusler\/","title":{"rendered":"A\u011fg\u00fcl Seni Cemekanda G\u00f6rm\u00fc\u015fler"},"content":{"rendered":"<p><span style=\"font-size: 14pt;\"><strong>A\u011fg\u00fcl Seni Cemekanda G\u00f6rm\u00fc\u015fler<\/strong><\/span><\/p>\n<p>A\u011fg\u00fcl&#8217;e var\u0131p sorsalar; deseler ki, &#8220;S\u00f6yle terk edermisin? Y\u0131llard\u0131r yavuklu bildi\u011fin Mustafa&#8217;n\u0131 terek edermisin ?&#8221; Ne der acep A\u011fg\u00fcl. Terkederim dermi ki hi\u00e7 seven sevdi\u011fini terk edermi? Ama t\u00f6reler gelenekler ana baban\u0131n bask\u0131s\u0131 kopar\u0131p g\u00f6t\u00fcr\u00fcr seveni sevdi\u011finden. Geride kalan derdini t\u00fcrk\u00fclere d\u00f6ker. T\u00fcrk\u00fclere s\u0131\u011f\u0131n\u0131r, i\u00e7ini t\u00fcrk\u00fclere bo\u015falt\u0131r. Giden gitti\u011fini bilir, i\u00e7ine atar dertlenir kaygulan\u0131r o kadar.<\/p>\n<p> Derler ki, A\u011fg\u00fcl k\u00f6y\u00fcn vars\u0131llar\u0131ndan M\u00fcrsel a\u011fan\u0131n k\u0131z\u0131d\u0131r. G\u00fczel mi g\u00fczel simsiyah sa\u00e7lar, kestane rengi g\u00f6zler, sal\u0131na sal\u0131na y\u00fcr\u00fcy\u00fc\u015f\u00fc y\u00fcrekleri yakarm\u0131\u015f. K\u00f6y gen\u00e7lerinin g\u00f6z\u00fc A\u011fg\u00fcl\u2019de ama kimse de yan g\u00f6zle bakamazm\u0131\u015f. Nedeni de Mustafa. Herkes sayar severmi\u015f Mustafa &#8216;y\u0131. Yoksul bir ailenin \u00e7ocu\u011fu olan Mustafa babas\u0131 \u00f6ld\u00fckten sonra evin b\u00fct\u00fcn sorumlulu\u011funu y\u00fcklenmi\u015f, anas\u0131n\u0131 ele muhta\u00e7 b\u0131rakmam\u0131\u015f. Aln\u0131n\u0131n teriyle ge\u00e7imini sa\u011fl\u0131yor. Bazen zorlansa da yak\u0131nm\u0131yor Mustafa. A\u011fg\u00fcl&#8217;\u00fcne de kavu\u015fursa tasas\u0131 kalmayacak. Gel g\u00f6r ki, A\u011fg\u00fcl&#8217;\u00fcn babas\u0131 verimk\u00e2r de\u011fil. &#8220;Mustafa kim oluyor ki bizden k\u0131z isteyecek o ilkin karn\u0131n\u0131 doyursun&#8221; diyormu\u015f. \u0130yi ho\u015f ama A\u011fg\u00fcl \u00f6yle demiyor. &#8220;Bir lokma bir h\u0131rka olsun yeter art\u0131\u011f\u0131n\u0131 istemem&#8221; diyor diyor ya dinleyen kim. Babas\u0131 tam bir \u015fehirli d\u00fc\u015fk\u00fcn\u00fcym\u00fc\u015f &#8220;\u015eehirli k\u00f6yl\u00fcden daha iyidir bizim \u015eefketgil \u015fehire gitti de eli y\u00fcz\u00fc a\u00e7\u0131ld\u0131 temiz yiyor temiz giyiniyorlar, benim k\u0131z\u0131m da \u015fehirliye lay\u0131k&#8221; diyor da ba\u015fka bir\u015fey demiyormu\u015f. Onlar b\u00f6yle diye dursun Mustafa ile A\u011fg\u00fcl s\u0131k s\u0131k bulu\u015fup ak\u015fam karanl\u0131\u011f\u0131 \u00e7\u00f6k\u00fcp el ayak \u00e7ekildi mi solu\u011fu A\u011fg\u00fcl&#8217;lerin bah\u00e7esindeki ceviz a\u011fac\u0131n\u0131n alt\u0131nda al\u0131rlar ve &#8220;Yar\u0131n son olsun ka\u00e7\u0131p gidelim burdan&#8221; diye kaville\u015fip ayr\u0131l\u0131rlarm\u0131\u015f. \u00dc\u00e7 g\u00fcn be\u015f g\u00fcn, \u00fc\u00e7 ay be\u015f ay hep kaville\u015fiyorlar, hep yar\u0131na b\u0131rak\u0131yorlarm\u0131\u015f. S\u00f6z\u00fcn k\u0131sas\u0131 alt\u0131 ay ge\u00e7iyor aradan. <\/p>\n<p>G\u00fcnlerden bir g\u00fcn Mustafa yine gelip cevizin alt\u0131nda beklemi\u015f. Ay tepede, ay tepeyi a\u015f\u0131yor, ay kayboluyor A\u011fg\u00fcl yok ortada. Cevizin alt\u0131nda uyuyup kal\u0131yor. Mustafa, sabah\u0131n ilk \u0131\u015f\u0131klar\u0131yla uyan\u0131yor; g\u00f6rd\u00fc\u011f\u00fc d\u00fc\u015fleri hay\u0131ra yormaya \u00e7al\u0131\u015f\u0131yor. Daha sonra kalk\u0131p k\u00f6y\u00fcn kahvesine gitmi\u015f. Dalg\u0131n dalg\u0131n \u00e7ay\u0131n\u0131 i\u00e7erken \u00e7ocukluk arkada\u015f\u0131 Zamir gelmi\u015f kahveye. Var\u0131p Mustafa&#8217;n\u0131n yan\u0131na yava\u015ftan &#8220;Seninkini ak\u015fam vermi\u015fler lokumu da\u011f\u0131tt\u0131lar elini \u00e7abuk tut ka\u00e7\u0131r yoksa havan\u0131 al\u0131rs\u0131n&#8221; demi\u015f. Mustafa ay\u0131km\u0131\u015f birden &#8220;Demek i\u015fin i\u00e7inde i\u015f varm\u0131\u015f demek onun i\u00e7in gelmemi\u015f A\u011fg\u00fcl&#8221; diye konu\u015fmaya ba\u015flam\u0131\u015f kendi kendine. &#8220;\u015eehirden bir tan\u0131d\u0131klar\u0131n\u0131n o\u011fluna vermi\u015fler. Kele\u015fzadeler&#8217;in o\u011fluymu\u015f. Zengin adamd\u0131rlar konaklar\u0131 dillere destan saray gibi. Elini tez tut yoksa gitti gider A\u011fg\u00fcl&#8221; deyince y\u00fcre\u011fi bir ate\u015f harman\u0131na d\u00f6nm\u00fc\u015f Mustafa&#8217;n\u0131n. Yan babam yan. Ak\u015fam\u0131 zor etmi\u015f Mustafa. Hemen ko\u015fmu\u015f ceviz a\u011fac\u0131n\u0131n alt\u0131na sabah\u0131 etmi\u015f ertesi ak\u015fam\u0131 etimi\u015f yok. &#8220;Daha ka\u00e7g\u00fcn oldu kaville\u015feli ne \u00e7abuk s\u00f6z\u00fcnden d\u00f6nd\u00fc&#8221; diye i\u00e7i i\u00e7ini yemeye ba\u015flam\u0131\u015f. Bir yandan da umudunu yitirmiyor &#8220;A\u011fg\u00fcl bensiz olmaz d\u00f6ner gelir bir g\u00fcn&#8221; deyip ceviz a\u011fac\u0131na gidiyormu\u015f s\u0131k s\u0131k. Derken d\u00fc\u011f\u00fcn g\u00fcn\u00fc gelip \u00e7at\u0131yor Kele\u015fzadeler&#8217;in d\u00fc\u011f\u00fcn\u00fc de \u015fan\u0131na uygun davullar \u00e7ifter \u00e7ifter, kazanlar kayn\u0131yor. D\u00fc\u011f\u00fcn \u00fc\u00e7 g\u00fcn \u00fc\u00e7 gece s\u00fcrm\u00fc\u015f. Mustafa da daha fazla dayanam\u0131y\u0131p k\u00f6yden ka\u00e7\u0131p da\u011flara gitmi\u015f. Ama uzakla\u015fam\u0131yor g\u00f6z\u00fc ceviz a\u011fac\u0131ndad\u0131r hep. D\u00f6n\u00fcp dola\u015f\u0131p d\u00fc\u011f\u00fcn\u00fcn son g\u00fcn\u00fc k\u00f6ye geri gelmi\u015f. A\u011fg\u00fcl\u2019\u00fc arabaya bindirmi\u015fler araba a\u011f\u0131r a\u011f\u0131r yola d\u00fc\u015fm\u00fc\u015f. Mustafa da k\u00f6y\u00fcn en y\u00fcksek tepesi olan K\u0131rlang\u0131\u00e7tepe&#8217;ye t\u0131rmanm\u0131\u015f. \u015eehre inen yol ayaklar alt\u0131nda d\u00fc\u011f\u00fcn alay\u0131n\u0131 g\u00f6zden kaybolana dek seyretmi\u015f. Mustafa art\u0131k kolu kanad\u0131 k\u0131r\u0131k deli gibidir ne yapaca\u011f\u0131n\u0131 bilemez. &#8220;Ben A\u011fg\u00fcl&#8217;s\u00fcz nas\u0131l ya\u015far\u0131m, ama d\u00f6ner bir g\u00fcn mutlaka ka\u00e7ar gelir bana&#8221; deyip umutlan\u0131r. G\u00fcnler g\u00fcnleri eskitir, aylar aylar\u0131. Hi\u00e7bir haber yoktur. Tek haber, arada \u015fehre inenlerden yolu d\u00fc\u015f\u00fcp kona\u011f\u0131n \u00f6n\u00fcnden ge\u00e7enlerden gelirmi\u015f. A\u011fg\u00fcl&#8217;\u00fc y\u00fcz\u00fcn\u00fc cama dayam\u0131\u015f dalg\u0131n dalg\u0131n d\u00fc\u015f\u00fcn\u00fcrken g\u00f6r\u00fcrlermi\u015f. Mustafa&#8217;y\u0131 da en son elinde bir ceviz fidan\u0131yla K\u0131rlang\u0131\u00e7tepe&#8217;ye t\u0131rman\u0131rken g\u00f6rm\u00fc\u015fler. Tepenin en g\u00f6r\u00fcn\u00fcr yerine diker fidan\u0131 sonra da yan\u0131k sesiyle bir t\u00fcrk\u00fc tutturmu\u015f. O g\u00fcnden sonra kimse bilmez Mustafa&#8217;ya ne oldu\u011funu. Kimi \u00c7ukurova&#8217;ya yerle\u015fti der kimi \u2018can\u0131na k\u0131yd\u0131\u2019 der. Ama Mustafa&#8217;n\u0131n son g\u00fcn s\u00f6yledi\u011fi t\u00fcrk\u00fc kimsenin dilinden d\u00fc\u015fmemi\u015f. K\u00f6y\u00fcn de s\u0131n\u0131rlar\u0131n\u0131 a\u015f\u0131p yank\u0131lanm\u0131\u015f.<\/p>\n<p>Kaynak:<\/p>\n<p>Ya\u015far \u00d6z\u00fcrk\u00fct <\/p>\n<p>\u00d6yk\u00fcleriyle\u00a0 T\u00fcrk\u00fcler 1<\/p>\n<p>\u0130stanbul, 1999<\/p>\n","protected":false},"excerpt":{"rendered":"<p>A\u011fg\u00fcl Seni Cemekanda G\u00f6rm\u00fc\u015fler A\u011fg\u00fcl&#8217;e var\u0131p sorsalar; deseler ki, &#8220;S\u00f6yle terk edermisin? Y\u0131llard\u0131r yavuklu bildi\u011fin Mustafa&#8217;n\u0131 terek edermisin ?&#8221; Ne der acep A\u011fg\u00fcl. Terkederim dermi ki hi\u00e7 seven sevdi\u011fini terk edermi? Ama t\u00f6reler gelenekler ana baban\u0131n bask\u0131s\u0131 kopar\u0131p g\u00f6t\u00fcr\u00fcr seveni sevdi\u011finden. Geride kalan derdini t\u00fcrk\u00fclere d\u00f6ker. T\u00fcrk\u00fclere s\u0131\u011f\u0131n\u0131r, i\u00e7ini t\u00fcrk\u00fclere bo\u015falt\u0131r. Giden gitti\u011fini bilir, i\u00e7ine [&hellip;]<\/p>\n","protected":false},"author":1,"featured_media":0,"comment_status":"open","ping_status":"open","sticky":false,"template":"","format":"standard","meta":{"footnotes":""},"categories":[55],"tags":[],"class_list":{"0":"post-404","1":"post","2":"type-post","3":"status-publish","4":"format-standard","6":"category-oykuleriyle-turkuler"},"yoast_head":"<!-- This site is optimized with the Yoast SEO Premium plugin v24.9 (Yoast SEO v24.9) - https:\/\/yoast.com\/wordpress\/plugins\/seo\/ -->\n<title>A\u011fg\u00fcl Seni Cemekanda G\u00f6rm\u00fc\u015fler - narteks.net<\/title>\n<meta name=\"robots\" content=\"index, follow, max-snippet:-1, max-image-preview:large, max-video-preview:-1\" \/>\n<link rel=\"canonical\" href=\"https:\/\/narteks.net\/index.php\/2009\/03\/12\/aggul-seni-cemekanda-gormusler\/\" \/>\n<meta property=\"og:locale\" content=\"tr_TR\" \/>\n<meta property=\"og:type\" content=\"article\" \/>\n<meta property=\"og:title\" content=\"A\u011fg\u00fcl Seni Cemekanda G\u00f6rm\u00fc\u015fler\" \/>\n<meta property=\"og:description\" content=\"A\u011fg\u00fcl Seni Cemekanda G\u00f6rm\u00fc\u015fler A\u011fg\u00fcl&#8217;e var\u0131p sorsalar; deseler ki, &#8220;S\u00f6yle terk edermisin? Y\u0131llard\u0131r yavuklu bildi\u011fin Mustafa&#8217;n\u0131 terek edermisin ?&#8221; Ne der acep A\u011fg\u00fcl. Terkederim dermi ki hi\u00e7 seven sevdi\u011fini terk edermi? Ama t\u00f6reler gelenekler ana baban\u0131n bask\u0131s\u0131 kopar\u0131p g\u00f6t\u00fcr\u00fcr seveni sevdi\u011finden. Geride kalan derdini t\u00fcrk\u00fclere d\u00f6ker. T\u00fcrk\u00fclere s\u0131\u011f\u0131n\u0131r, i\u00e7ini t\u00fcrk\u00fclere bo\u015falt\u0131r. Giden gitti\u011fini bilir, i\u00e7ine [&hellip;]\" \/>\n<meta property=\"og:url\" content=\"https:\/\/narteks.net\/index.php\/2009\/03\/12\/aggul-seni-cemekanda-gormusler\/\" \/>\n<meta property=\"og:site_name\" content=\"narteks.net\" \/>\n<meta property=\"article:published_time\" content=\"2009-03-12T20:42:14+00:00\" \/>\n<meta property=\"og:image\" content=\"https:\/\/narteks.net\/wp-content\/uploads\/narteks.png\" \/>\n\t<meta property=\"og:image:width\" content=\"300\" \/>\n\t<meta property=\"og:image:height\" content=\"90\" \/>\n\t<meta property=\"og:image:type\" content=\"image\/png\" \/>\n<meta name=\"author\" content=\"Tar\u0131k\" \/>\n<meta name=\"twitter:card\" content=\"summary_large_image\" \/>\n<meta name=\"twitter:creator\" content=\"@narteks\" \/>\n<meta name=\"twitter:site\" content=\"@narteks\" \/>\n<meta name=\"twitter:label1\" content=\"Yazan:\" \/>\n\t<meta name=\"twitter:data1\" content=\"Tar\u0131k\" \/>\n\t<meta name=\"twitter:label2\" content=\"Tahmini okuma s\u00fcresi\" \/>\n\t<meta name=\"twitter:data2\" content=\"5 dakika\" \/>\n<script type=\"application\/ld+json\" class=\"yoast-schema-graph\">{\"@context\":\"https:\/\/schema.org\",\"@graph\":[{\"@type\":\"Article\",\"@id\":\"https:\/\/narteks.net\/index.php\/2009\/03\/12\/aggul-seni-cemekanda-gormusler\/#article\",\"isPartOf\":{\"@id\":\"https:\/\/narteks.net\/index.php\/2009\/03\/12\/aggul-seni-cemekanda-gormusler\/\"},\"author\":{\"name\":\"Tar\u0131k\",\"@id\":\"https:\/\/narteks.net\/#\/schema\/person\/61f37d9834294b72d31d274e7ed79bca\"},\"headline\":\"A\u011fg\u00fcl Seni Cemekanda G\u00f6rm\u00fc\u015fler\",\"datePublished\":\"2009-03-12T20:42:14+00:00\",\"mainEntityOfPage\":{\"@id\":\"https:\/\/narteks.net\/index.php\/2009\/03\/12\/aggul-seni-cemekanda-gormusler\/\"},\"wordCount\":930,\"commentCount\":0,\"publisher\":{\"@id\":\"https:\/\/narteks.net\/#organization\"},\"articleSection\":[\"\u00d6yk\u00fcleriyle T\u00fcrk\u00fcler\"],\"inLanguage\":\"tr\",\"potentialAction\":[{\"@type\":\"CommentAction\",\"name\":\"Comment\",\"target\":[\"https:\/\/narteks.net\/index.php\/2009\/03\/12\/aggul-seni-cemekanda-gormusler\/#respond\"]}]},{\"@type\":\"WebPage\",\"@id\":\"https:\/\/narteks.net\/index.php\/2009\/03\/12\/aggul-seni-cemekanda-gormusler\/\",\"url\":\"https:\/\/narteks.net\/index.php\/2009\/03\/12\/aggul-seni-cemekanda-gormusler\/\",\"name\":\"A\u011fg\u00fcl Seni Cemekanda G\u00f6rm\u00fc\u015fler - narteks.net\",\"isPartOf\":{\"@id\":\"https:\/\/narteks.net\/#website\"},\"datePublished\":\"2009-03-12T20:42:14+00:00\",\"breadcrumb\":{\"@id\":\"https:\/\/narteks.net\/index.php\/2009\/03\/12\/aggul-seni-cemekanda-gormusler\/#breadcrumb\"},\"inLanguage\":\"tr\",\"potentialAction\":[{\"@type\":\"ReadAction\",\"target\":[\"https:\/\/narteks.net\/index.php\/2009\/03\/12\/aggul-seni-cemekanda-gormusler\/\"]}]},{\"@type\":\"BreadcrumbList\",\"@id\":\"https:\/\/narteks.net\/index.php\/2009\/03\/12\/aggul-seni-cemekanda-gormusler\/#breadcrumb\",\"itemListElement\":[{\"@type\":\"ListItem\",\"position\":1,\"name\":\"Anasayfa\",\"item\":\"https:\/\/narteks.net\/\"},{\"@type\":\"ListItem\",\"position\":2,\"name\":\"A\u011fg\u00fcl Seni Cemekanda G\u00f6rm\u00fc\u015fler\"}]},{\"@type\":\"WebSite\",\"@id\":\"https:\/\/narteks.net\/#website\",\"url\":\"https:\/\/narteks.net\/\",\"name\":\"narteks.net\",\"description\":\"K\u00fclt\u00fcr Sanat Edebiyat Felsefe\",\"publisher\":{\"@id\":\"https:\/\/narteks.net\/#organization\"},\"alternateName\":\"K\u00fclt\u00fcr Sanat Edebiyat Felsefe\",\"potentialAction\":[{\"@type\":\"SearchAction\",\"target\":{\"@type\":\"EntryPoint\",\"urlTemplate\":\"https:\/\/narteks.net\/?s={search_term_string}\"},\"query-input\":{\"@type\":\"PropertyValueSpecification\",\"valueRequired\":true,\"valueName\":\"search_term_string\"}}],\"inLanguage\":\"tr\"},{\"@type\":\"Organization\",\"@id\":\"https:\/\/narteks.net\/#organization\",\"name\":\"narteks.net\",\"url\":\"https:\/\/narteks.net\/\",\"logo\":{\"@type\":\"ImageObject\",\"inLanguage\":\"tr\",\"@id\":\"https:\/\/narteks.net\/#\/schema\/logo\/image\/\",\"url\":\"https:\/\/narteks.net\/wp-content\/uploads\/narteks.png\",\"contentUrl\":\"https:\/\/narteks.net\/wp-content\/uploads\/narteks.png\",\"width\":300,\"height\":90,\"caption\":\"narteks.net\"},\"image\":{\"@id\":\"https:\/\/narteks.net\/#\/schema\/logo\/image\/\"},\"sameAs\":[\"https:\/\/x.com\/narteks\",\"https:\/\/instagram.com\/narteksnet\"]},{\"@type\":\"Person\",\"@id\":\"https:\/\/narteks.net\/#\/schema\/person\/61f37d9834294b72d31d274e7ed79bca\",\"name\":\"Tar\u0131k\",\"image\":{\"@type\":\"ImageObject\",\"inLanguage\":\"tr\",\"@id\":\"https:\/\/narteks.net\/#\/schema\/person\/image\/\",\"url\":\"https:\/\/secure.gravatar.com\/avatar\/50865afb55632c4ae467e0af0930f6510aa2297d8014be502a55b14f3b7550cf?s=96&d=mm&r=g\",\"contentUrl\":\"https:\/\/secure.gravatar.com\/avatar\/50865afb55632c4ae467e0af0930f6510aa2297d8014be502a55b14f3b7550cf?s=96&d=mm&r=g\",\"caption\":\"Tar\u0131k\"},\"sameAs\":[\"http:\/\/narteks.net\"],\"url\":\"https:\/\/narteks.net\/index.php\/author\/narbak\/\"}]}<\/script>\n<!-- \/ Yoast SEO Premium plugin. -->","yoast_head_json":{"title":"A\u011fg\u00fcl Seni Cemekanda G\u00f6rm\u00fc\u015fler - narteks.net","robots":{"index":"index","follow":"follow","max-snippet":"max-snippet:-1","max-image-preview":"max-image-preview:large","max-video-preview":"max-video-preview:-1"},"canonical":"https:\/\/narteks.net\/index.php\/2009\/03\/12\/aggul-seni-cemekanda-gormusler\/","og_locale":"tr_TR","og_type":"article","og_title":"A\u011fg\u00fcl Seni Cemekanda G\u00f6rm\u00fc\u015fler","og_description":"A\u011fg\u00fcl Seni Cemekanda G\u00f6rm\u00fc\u015fler A\u011fg\u00fcl&#8217;e var\u0131p sorsalar; deseler ki, &#8220;S\u00f6yle terk edermisin? Y\u0131llard\u0131r yavuklu bildi\u011fin Mustafa&#8217;n\u0131 terek edermisin ?&#8221; Ne der acep A\u011fg\u00fcl. Terkederim dermi ki hi\u00e7 seven sevdi\u011fini terk edermi? Ama t\u00f6reler gelenekler ana baban\u0131n bask\u0131s\u0131 kopar\u0131p g\u00f6t\u00fcr\u00fcr seveni sevdi\u011finden. Geride kalan derdini t\u00fcrk\u00fclere d\u00f6ker. T\u00fcrk\u00fclere s\u0131\u011f\u0131n\u0131r, i\u00e7ini t\u00fcrk\u00fclere bo\u015falt\u0131r. Giden gitti\u011fini bilir, i\u00e7ine [&hellip;]","og_url":"https:\/\/narteks.net\/index.php\/2009\/03\/12\/aggul-seni-cemekanda-gormusler\/","og_site_name":"narteks.net","article_published_time":"2009-03-12T20:42:14+00:00","og_image":[{"width":300,"height":90,"url":"https:\/\/narteks.net\/wp-content\/uploads\/narteks.png","type":"image\/png"}],"author":"Tar\u0131k","twitter_card":"summary_large_image","twitter_creator":"@narteks","twitter_site":"@narteks","twitter_misc":{"Yazan:":"Tar\u0131k","Tahmini okuma s\u00fcresi":"5 dakika"},"schema":{"@context":"https:\/\/schema.org","@graph":[{"@type":"Article","@id":"https:\/\/narteks.net\/index.php\/2009\/03\/12\/aggul-seni-cemekanda-gormusler\/#article","isPartOf":{"@id":"https:\/\/narteks.net\/index.php\/2009\/03\/12\/aggul-seni-cemekanda-gormusler\/"},"author":{"name":"Tar\u0131k","@id":"https:\/\/narteks.net\/#\/schema\/person\/61f37d9834294b72d31d274e7ed79bca"},"headline":"A\u011fg\u00fcl Seni Cemekanda G\u00f6rm\u00fc\u015fler","datePublished":"2009-03-12T20:42:14+00:00","mainEntityOfPage":{"@id":"https:\/\/narteks.net\/index.php\/2009\/03\/12\/aggul-seni-cemekanda-gormusler\/"},"wordCount":930,"commentCount":0,"publisher":{"@id":"https:\/\/narteks.net\/#organization"},"articleSection":["\u00d6yk\u00fcleriyle T\u00fcrk\u00fcler"],"inLanguage":"tr","potentialAction":[{"@type":"CommentAction","name":"Comment","target":["https:\/\/narteks.net\/index.php\/2009\/03\/12\/aggul-seni-cemekanda-gormusler\/#respond"]}]},{"@type":"WebPage","@id":"https:\/\/narteks.net\/index.php\/2009\/03\/12\/aggul-seni-cemekanda-gormusler\/","url":"https:\/\/narteks.net\/index.php\/2009\/03\/12\/aggul-seni-cemekanda-gormusler\/","name":"A\u011fg\u00fcl Seni Cemekanda G\u00f6rm\u00fc\u015fler - narteks.net","isPartOf":{"@id":"https:\/\/narteks.net\/#website"},"datePublished":"2009-03-12T20:42:14+00:00","breadcrumb":{"@id":"https:\/\/narteks.net\/index.php\/2009\/03\/12\/aggul-seni-cemekanda-gormusler\/#breadcrumb"},"inLanguage":"tr","potentialAction":[{"@type":"ReadAction","target":["https:\/\/narteks.net\/index.php\/2009\/03\/12\/aggul-seni-cemekanda-gormusler\/"]}]},{"@type":"BreadcrumbList","@id":"https:\/\/narteks.net\/index.php\/2009\/03\/12\/aggul-seni-cemekanda-gormusler\/#breadcrumb","itemListElement":[{"@type":"ListItem","position":1,"name":"Anasayfa","item":"https:\/\/narteks.net\/"},{"@type":"ListItem","position":2,"name":"A\u011fg\u00fcl Seni Cemekanda G\u00f6rm\u00fc\u015fler"}]},{"@type":"WebSite","@id":"https:\/\/narteks.net\/#website","url":"https:\/\/narteks.net\/","name":"narteks.net","description":"K\u00fclt\u00fcr Sanat Edebiyat Felsefe","publisher":{"@id":"https:\/\/narteks.net\/#organization"},"alternateName":"K\u00fclt\u00fcr Sanat Edebiyat Felsefe","potentialAction":[{"@type":"SearchAction","target":{"@type":"EntryPoint","urlTemplate":"https:\/\/narteks.net\/?s={search_term_string}"},"query-input":{"@type":"PropertyValueSpecification","valueRequired":true,"valueName":"search_term_string"}}],"inLanguage":"tr"},{"@type":"Organization","@id":"https:\/\/narteks.net\/#organization","name":"narteks.net","url":"https:\/\/narteks.net\/","logo":{"@type":"ImageObject","inLanguage":"tr","@id":"https:\/\/narteks.net\/#\/schema\/logo\/image\/","url":"https:\/\/narteks.net\/wp-content\/uploads\/narteks.png","contentUrl":"https:\/\/narteks.net\/wp-content\/uploads\/narteks.png","width":300,"height":90,"caption":"narteks.net"},"image":{"@id":"https:\/\/narteks.net\/#\/schema\/logo\/image\/"},"sameAs":["https:\/\/x.com\/narteks","https:\/\/instagram.com\/narteksnet"]},{"@type":"Person","@id":"https:\/\/narteks.net\/#\/schema\/person\/61f37d9834294b72d31d274e7ed79bca","name":"Tar\u0131k","image":{"@type":"ImageObject","inLanguage":"tr","@id":"https:\/\/narteks.net\/#\/schema\/person\/image\/","url":"https:\/\/secure.gravatar.com\/avatar\/50865afb55632c4ae467e0af0930f6510aa2297d8014be502a55b14f3b7550cf?s=96&d=mm&r=g","contentUrl":"https:\/\/secure.gravatar.com\/avatar\/50865afb55632c4ae467e0af0930f6510aa2297d8014be502a55b14f3b7550cf?s=96&d=mm&r=g","caption":"Tar\u0131k"},"sameAs":["http:\/\/narteks.net"],"url":"https:\/\/narteks.net\/index.php\/author\/narbak\/"}]}},"_links":{"self":[{"href":"https:\/\/narteks.net\/index.php\/wp-json\/wp\/v2\/posts\/404","targetHints":{"allow":["GET"]}}],"collection":[{"href":"https:\/\/narteks.net\/index.php\/wp-json\/wp\/v2\/posts"}],"about":[{"href":"https:\/\/narteks.net\/index.php\/wp-json\/wp\/v2\/types\/post"}],"author":[{"embeddable":true,"href":"https:\/\/narteks.net\/index.php\/wp-json\/wp\/v2\/users\/1"}],"replies":[{"embeddable":true,"href":"https:\/\/narteks.net\/index.php\/wp-json\/wp\/v2\/comments?post=404"}],"version-history":[{"count":0,"href":"https:\/\/narteks.net\/index.php\/wp-json\/wp\/v2\/posts\/404\/revisions"}],"wp:attachment":[{"href":"https:\/\/narteks.net\/index.php\/wp-json\/wp\/v2\/media?parent=404"}],"wp:term":[{"taxonomy":"category","embeddable":true,"href":"https:\/\/narteks.net\/index.php\/wp-json\/wp\/v2\/categories?post=404"},{"taxonomy":"post_tag","embeddable":true,"href":"https:\/\/narteks.net\/index.php\/wp-json\/wp\/v2\/tags?post=404"}],"curies":[{"name":"wp","href":"https:\/\/api.w.org\/{rel}","templated":true}]}}