{"id":4040,"date":"2010-01-20T16:28:25","date_gmt":"2010-01-20T13:28:25","guid":{"rendered":"http:\/\/localhost\/wordpress\/2010\/01\/20\/otuzalti-yillik-kisa-bir-omrun-siirlerinin-guclu-yorumlanisi-orhan-veli-ve-musfik-kenter\/"},"modified":"2010-01-20T16:28:25","modified_gmt":"2010-01-20T13:28:25","slug":"otuzalti-yillik-kisa-bir-omrun-siirlerinin-guclu-yorumlanisi-orhan-veli-ve-musfik-kenter","status":"publish","type":"post","link":"https:\/\/narteks.net\/index.php\/2010\/01\/20\/otuzalti-yillik-kisa-bir-omrun-siirlerinin-guclu-yorumlanisi-orhan-veli-ve-musfik-kenter\/","title":{"rendered":"Otuzalt\u0131 y\u0131ll\u0131k k\u0131sa bir \u00f6mr\u00fcn \u015fiirlerinin,g\u00fc\u00e7l\u00fc yorumlan\u0131\u015f\u0131 | Orhan Veli ve M\u00fc\u015ffik Kenter"},"content":{"rendered":"<p><img loading=\"lazy\" decoding=\"async\" style=\"float: left; border: 0;\" src=\"http:\/\/farm4.static.flickr.com\/3211\/2779806287_8a65e36f96_o.jpg\" width=\"100\" height=\"200\" border=\"0\" \/><img loading=\"lazy\" decoding=\"async\" style=\"float: left;\" src=\"http:\/\/www.resimresimler.com\/image\/a04xNG9wNTJVbVVsYk06\" width=\"100\" height=\"200\" border=\"0\" \/><\/p>\n<p>B\u00fcy\u00fck \u015fair Orhan Veli&#8217;nin otuzalt\u0131 y\u0131ll\u0131k k\u0131sa \u00f6mr\u00fcnde yazd\u0131\u011f\u0131 \u015fiirlerini,g\u00fc\u00e7l\u00fc yorumuyla seslendiriyor M\u00fc\u015ffik Kenter.Kenter Orhan Veli i\u00e7in \u015funlar\u0131 s\u00f6ylemi\u015fti ; &#8220;Orhan Veli her\u015feyin \u015fiire konu olabilece\u011fini savunarak \u015fiirlerinde yal\u0131n bir halk dili kulland\u0131.Yergi ve g\u00fclmeceden yararlanarak s\u0131radan ya\u015fant\u0131lar\u0131n \u015fiiriinin de yaz\u0131labilece\u011fini g\u00f6sterdi.&#8221;<\/p>\n<p><!--more--><\/p>\n<p><embed src=\"http:\/\/www.humyo.com\/E\/10422871-281475394420051\/10422871-281475394420283\/10422871-281475394420211\/10422871-281475394421539\/10422871-281475394421677\/10422871-281475394422537\/10422871-281475394422689\/10422871-281475394422937\/10422871-281475394423503\/10422871-281475394423029\/10422871-281475394423353\/10422871-281475394423641\/10422871-281475394425155\/10422871-281475394424597\/10422871-281475394424645\/10422871-281475394424721\/10422871-281475394425009\/10422871-281475394425291\/10422871-281475394425415\/10422871-281475394425491\/10422871-281475394425983\/10422871-281475394426083\/10422871-281475394429023\/10422871-281475394428289\/10422871-281475394428583\/10422871-281475394426335\/10422871-281475394426503\/10422871-281475394426633\/10422871-281475394426993\/10422871-281475394427089\/10422871-281475394428069\/10422871-281475394427193\/10422871-281475394427279\/10422871-281475394427559\/10422871-281475394427697\/10422871-281475394427745\/10422871-281475394427881\/10422871-281475394427961?a=adZeajOr-go%2Ceq2uIW3_1oE%2CbCtYY03Chwk%2CYd8sPLcL9EM%2CVyv5lwbc_hA%2CrDRvOU4e7HI%2CPnDunR_UdKU%2CT2GEtDymEz4%2CjaDfyrn01Ao%2C9Ceu5ZIq_yU%2CJ2y_xjMlQCo%2CbrR1L5np6js%2Cj_1636UjtnA%2CyP0jNi7Jt1c%2CXpmOEGn1npI%2CxCKW2GiZLWU%2C00_EpFM4ibA%2CVReL-zWGczQ%2CdOW7ptIvN-c%2CIcQbgUU_ykg%2CNDlTHKbh984%2C6nkgTOMtDoQ%2CEpuuod5EtKw%2CAStS4NQDOow%2CHzd8lFrR-xQ%2CE2wjE7YqMI0%2CMBygpQiYu10%2CDTlGhghG6ug%2CvNGUp0RkE_c%2CcLWdXxmPTGI%2C5mO05LuasuA%2Cbobz_FzhbyQ%2CQetJosR41Io%2CvldqWqMW95c%2CHM2umpHQkLI%2CR_rl9Dmw4SY%2CUE5iGMqljgw%2CxsAfMeg7mJw\" type=\"application\/x-shockwave-flash\" width=\"400\" height=\"300\"><\/embed><\/p>\n","protected":false},"excerpt":{"rendered":"<p>B\u00fcy\u00fck \u015fair Orhan Veli&#8217;nin otuzalt\u0131 y\u0131ll\u0131k k\u0131sa \u00f6mr\u00fcnde yazd\u0131\u011f\u0131 \u015fiirlerini,g\u00fc\u00e7l\u00fc yorumuyla seslendiriyor M\u00fc\u015ffik Kenter.Kenter Orhan Veli i\u00e7in \u015funlar\u0131 s\u00f6ylemi\u015fti ; &#8220;Orhan Veli her\u015feyin \u015fiire konu olabilece\u011fini savunarak \u015fiirlerinde yal\u0131n bir halk dili kulland\u0131.Yergi ve g\u00fclmeceden yararlanarak s\u0131radan ya\u015fant\u0131lar\u0131n \u015fiiriinin de yaz\u0131labilece\u011fini g\u00f6sterdi.&#8221;<\/p>\n","protected":false},"author":1,"featured_media":0,"comment_status":"open","ping_status":"open","sticky":false,"template":"","format":"standard","meta":{"footnotes":""},"categories":[122],"tags":[],"class_list":{"0":"post-4040","1":"post","2":"type-post","3":"status-publish","4":"format-standard","6":"category-sair-e-dair"},"yoast_head":"<!-- This site is optimized with the Yoast SEO Premium plugin v24.9 (Yoast SEO v24.9) - https:\/\/yoast.com\/wordpress\/plugins\/seo\/ -->\n<title>Otuzalt\u0131 y\u0131ll\u0131k k\u0131sa bir \u00f6mr\u00fcn \u015fiirlerinin,g\u00fc\u00e7l\u00fc yorumlan\u0131\u015f\u0131 | Orhan Veli ve M\u00fc\u015ffik Kenter - narteks.net<\/title>\n<meta name=\"robots\" content=\"index, follow, max-snippet:-1, max-image-preview:large, max-video-preview:-1\" \/>\n<link rel=\"canonical\" href=\"https:\/\/narteks.net\/index.php\/2010\/01\/20\/otuzalti-yillik-kisa-bir-omrun-siirlerinin-guclu-yorumlanisi-orhan-veli-ve-musfik-kenter\/\" \/>\n<meta property=\"og:locale\" content=\"tr_TR\" \/>\n<meta property=\"og:type\" content=\"article\" \/>\n<meta property=\"og:title\" content=\"Otuzalt\u0131 y\u0131ll\u0131k k\u0131sa bir \u00f6mr\u00fcn \u015fiirlerinin,g\u00fc\u00e7l\u00fc yorumlan\u0131\u015f\u0131 | Orhan Veli ve M\u00fc\u015ffik Kenter\" \/>\n<meta property=\"og:description\" content=\"B\u00fcy\u00fck \u015fair Orhan Veli&#8217;nin otuzalt\u0131 y\u0131ll\u0131k k\u0131sa \u00f6mr\u00fcnde yazd\u0131\u011f\u0131 \u015fiirlerini,g\u00fc\u00e7l\u00fc yorumuyla seslendiriyor M\u00fc\u015ffik Kenter.Kenter Orhan Veli i\u00e7in \u015funlar\u0131 s\u00f6ylemi\u015fti ; &#8220;Orhan Veli her\u015feyin \u015fiire konu olabilece\u011fini savunarak \u015fiirlerinde yal\u0131n bir halk dili kulland\u0131.Yergi ve g\u00fclmeceden yararlanarak s\u0131radan ya\u015fant\u0131lar\u0131n \u015fiiriinin de yaz\u0131labilece\u011fini g\u00f6sterdi.&#8221;\" \/>\n<meta property=\"og:url\" content=\"https:\/\/narteks.net\/index.php\/2010\/01\/20\/otuzalti-yillik-kisa-bir-omrun-siirlerinin-guclu-yorumlanisi-orhan-veli-ve-musfik-kenter\/\" \/>\n<meta property=\"og:site_name\" content=\"narteks.net\" \/>\n<meta property=\"article:published_time\" content=\"2010-01-20T13:28:25+00:00\" \/>\n<meta property=\"og:image\" content=\"http:\/\/farm4.static.flickr.com\/3211\/2779806287_8a65e36f96_o.jpg\" \/>\n<meta name=\"author\" content=\"Tar\u0131k\" \/>\n<meta name=\"twitter:card\" content=\"summary_large_image\" \/>\n<meta name=\"twitter:creator\" content=\"@narteks\" \/>\n<meta name=\"twitter:site\" content=\"@narteks\" \/>\n<meta name=\"twitter:label1\" content=\"Yazan:\" \/>\n\t<meta name=\"twitter:data1\" content=\"Tar\u0131k\" \/>\n<script type=\"application\/ld+json\" class=\"yoast-schema-graph\">{\"@context\":\"https:\/\/schema.org\",\"@graph\":[{\"@type\":\"Article\",\"@id\":\"https:\/\/narteks.net\/index.php\/2010\/01\/20\/otuzalti-yillik-kisa-bir-omrun-siirlerinin-guclu-yorumlanisi-orhan-veli-ve-musfik-kenter\/#article\",\"isPartOf\":{\"@id\":\"https:\/\/narteks.net\/index.php\/2010\/01\/20\/otuzalti-yillik-kisa-bir-omrun-siirlerinin-guclu-yorumlanisi-orhan-veli-ve-musfik-kenter\/\"},\"author\":{\"name\":\"Tar\u0131k\",\"@id\":\"https:\/\/narteks.net\/#\/schema\/person\/61f37d9834294b72d31d274e7ed79bca\"},\"headline\":\"Otuzalt\u0131 y\u0131ll\u0131k k\u0131sa bir \u00f6mr\u00fcn \u015fiirlerinin,g\u00fc\u00e7l\u00fc yorumlan\u0131\u015f\u0131 | Orhan Veli ve M\u00fc\u015ffik Kenter\",\"datePublished\":\"2010-01-20T13:28:25+00:00\",\"mainEntityOfPage\":{\"@id\":\"https:\/\/narteks.net\/index.php\/2010\/01\/20\/otuzalti-yillik-kisa-bir-omrun-siirlerinin-guclu-yorumlanisi-orhan-veli-ve-musfik-kenter\/\"},\"wordCount\":85,\"commentCount\":0,\"publisher\":{\"@id\":\"https:\/\/narteks.net\/#organization\"},\"image\":{\"@id\":\"https:\/\/narteks.net\/index.php\/2010\/01\/20\/otuzalti-yillik-kisa-bir-omrun-siirlerinin-guclu-yorumlanisi-orhan-veli-ve-musfik-kenter\/#primaryimage\"},\"thumbnailUrl\":\"http:\/\/farm4.static.flickr.com\/3211\/2779806287_8a65e36f96_o.jpg\",\"articleSection\":[\"\u015eair'e Dair\"],\"inLanguage\":\"tr\",\"potentialAction\":[{\"@type\":\"CommentAction\",\"name\":\"Comment\",\"target\":[\"https:\/\/narteks.net\/index.php\/2010\/01\/20\/otuzalti-yillik-kisa-bir-omrun-siirlerinin-guclu-yorumlanisi-orhan-veli-ve-musfik-kenter\/#respond\"]}]},{\"@type\":\"WebPage\",\"@id\":\"https:\/\/narteks.net\/index.php\/2010\/01\/20\/otuzalti-yillik-kisa-bir-omrun-siirlerinin-guclu-yorumlanisi-orhan-veli-ve-musfik-kenter\/\",\"url\":\"https:\/\/narteks.net\/index.php\/2010\/01\/20\/otuzalti-yillik-kisa-bir-omrun-siirlerinin-guclu-yorumlanisi-orhan-veli-ve-musfik-kenter\/\",\"name\":\"Otuzalt\u0131 y\u0131ll\u0131k k\u0131sa bir \u00f6mr\u00fcn \u015fiirlerinin,g\u00fc\u00e7l\u00fc yorumlan\u0131\u015f\u0131 | Orhan Veli ve M\u00fc\u015ffik Kenter - narteks.net\",\"isPartOf\":{\"@id\":\"https:\/\/narteks.net\/#website\"},\"primaryImageOfPage\":{\"@id\":\"https:\/\/narteks.net\/index.php\/2010\/01\/20\/otuzalti-yillik-kisa-bir-omrun-siirlerinin-guclu-yorumlanisi-orhan-veli-ve-musfik-kenter\/#primaryimage\"},\"image\":{\"@id\":\"https:\/\/narteks.net\/index.php\/2010\/01\/20\/otuzalti-yillik-kisa-bir-omrun-siirlerinin-guclu-yorumlanisi-orhan-veli-ve-musfik-kenter\/#primaryimage\"},\"thumbnailUrl\":\"http:\/\/farm4.static.flickr.com\/3211\/2779806287_8a65e36f96_o.jpg\",\"datePublished\":\"2010-01-20T13:28:25+00:00\",\"breadcrumb\":{\"@id\":\"https:\/\/narteks.net\/index.php\/2010\/01\/20\/otuzalti-yillik-kisa-bir-omrun-siirlerinin-guclu-yorumlanisi-orhan-veli-ve-musfik-kenter\/#breadcrumb\"},\"inLanguage\":\"tr\",\"potentialAction\":[{\"@type\":\"ReadAction\",\"target\":[\"https:\/\/narteks.net\/index.php\/2010\/01\/20\/otuzalti-yillik-kisa-bir-omrun-siirlerinin-guclu-yorumlanisi-orhan-veli-ve-musfik-kenter\/\"]}]},{\"@type\":\"ImageObject\",\"inLanguage\":\"tr\",\"@id\":\"https:\/\/narteks.net\/index.php\/2010\/01\/20\/otuzalti-yillik-kisa-bir-omrun-siirlerinin-guclu-yorumlanisi-orhan-veli-ve-musfik-kenter\/#primaryimage\",\"url\":\"http:\/\/farm4.static.flickr.com\/3211\/2779806287_8a65e36f96_o.jpg\",\"contentUrl\":\"http:\/\/farm4.static.flickr.com\/3211\/2779806287_8a65e36f96_o.jpg\"},{\"@type\":\"BreadcrumbList\",\"@id\":\"https:\/\/narteks.net\/index.php\/2010\/01\/20\/otuzalti-yillik-kisa-bir-omrun-siirlerinin-guclu-yorumlanisi-orhan-veli-ve-musfik-kenter\/#breadcrumb\",\"itemListElement\":[{\"@type\":\"ListItem\",\"position\":1,\"name\":\"Anasayfa\",\"item\":\"https:\/\/narteks.net\/\"},{\"@type\":\"ListItem\",\"position\":2,\"name\":\"Otuzalt\u0131 y\u0131ll\u0131k k\u0131sa bir \u00f6mr\u00fcn \u015fiirlerinin,g\u00fc\u00e7l\u00fc yorumlan\u0131\u015f\u0131 | Orhan Veli ve M\u00fc\u015ffik Kenter\"}]},{\"@type\":\"WebSite\",\"@id\":\"https:\/\/narteks.net\/#website\",\"url\":\"https:\/\/narteks.net\/\",\"name\":\"narteks.net\",\"description\":\"K\u00fclt\u00fcr Sanat Edebiyat Felsefe\",\"publisher\":{\"@id\":\"https:\/\/narteks.net\/#organization\"},\"alternateName\":\"K\u00fclt\u00fcr Sanat Edebiyat Felsefe\",\"potentialAction\":[{\"@type\":\"SearchAction\",\"target\":{\"@type\":\"EntryPoint\",\"urlTemplate\":\"https:\/\/narteks.net\/?s={search_term_string}\"},\"query-input\":{\"@type\":\"PropertyValueSpecification\",\"valueRequired\":true,\"valueName\":\"search_term_string\"}}],\"inLanguage\":\"tr\"},{\"@type\":\"Organization\",\"@id\":\"https:\/\/narteks.net\/#organization\",\"name\":\"narteks.net\",\"url\":\"https:\/\/narteks.net\/\",\"logo\":{\"@type\":\"ImageObject\",\"inLanguage\":\"tr\",\"@id\":\"https:\/\/narteks.net\/#\/schema\/logo\/image\/\",\"url\":\"https:\/\/narteks.net\/wp-content\/uploads\/narteks.png\",\"contentUrl\":\"https:\/\/narteks.net\/wp-content\/uploads\/narteks.png\",\"width\":300,\"height\":90,\"caption\":\"narteks.net\"},\"image\":{\"@id\":\"https:\/\/narteks.net\/#\/schema\/logo\/image\/\"},\"sameAs\":[\"https:\/\/x.com\/narteks\",\"https:\/\/instagram.com\/narteksnet\"]},{\"@type\":\"Person\",\"@id\":\"https:\/\/narteks.net\/#\/schema\/person\/61f37d9834294b72d31d274e7ed79bca\",\"name\":\"Tar\u0131k\",\"image\":{\"@type\":\"ImageObject\",\"inLanguage\":\"tr\",\"@id\":\"https:\/\/narteks.net\/#\/schema\/person\/image\/\",\"url\":\"https:\/\/secure.gravatar.com\/avatar\/50865afb55632c4ae467e0af0930f6510aa2297d8014be502a55b14f3b7550cf?s=96&d=mm&r=g\",\"contentUrl\":\"https:\/\/secure.gravatar.com\/avatar\/50865afb55632c4ae467e0af0930f6510aa2297d8014be502a55b14f3b7550cf?s=96&d=mm&r=g\",\"caption\":\"Tar\u0131k\"},\"sameAs\":[\"http:\/\/narteks.net\"],\"url\":\"https:\/\/narteks.net\/index.php\/author\/narbak\/\"}]}<\/script>\n<!-- \/ Yoast SEO Premium plugin. -->","yoast_head_json":{"title":"Otuzalt\u0131 y\u0131ll\u0131k k\u0131sa bir \u00f6mr\u00fcn \u015fiirlerinin,g\u00fc\u00e7l\u00fc yorumlan\u0131\u015f\u0131 | Orhan Veli ve M\u00fc\u015ffik Kenter - narteks.net","robots":{"index":"index","follow":"follow","max-snippet":"max-snippet:-1","max-image-preview":"max-image-preview:large","max-video-preview":"max-video-preview:-1"},"canonical":"https:\/\/narteks.net\/index.php\/2010\/01\/20\/otuzalti-yillik-kisa-bir-omrun-siirlerinin-guclu-yorumlanisi-orhan-veli-ve-musfik-kenter\/","og_locale":"tr_TR","og_type":"article","og_title":"Otuzalt\u0131 y\u0131ll\u0131k k\u0131sa bir \u00f6mr\u00fcn \u015fiirlerinin,g\u00fc\u00e7l\u00fc yorumlan\u0131\u015f\u0131 | Orhan Veli ve M\u00fc\u015ffik Kenter","og_description":"B\u00fcy\u00fck \u015fair Orhan Veli&#8217;nin otuzalt\u0131 y\u0131ll\u0131k k\u0131sa \u00f6mr\u00fcnde yazd\u0131\u011f\u0131 \u015fiirlerini,g\u00fc\u00e7l\u00fc yorumuyla seslendiriyor M\u00fc\u015ffik Kenter.Kenter Orhan Veli i\u00e7in \u015funlar\u0131 s\u00f6ylemi\u015fti ; &#8220;Orhan Veli her\u015feyin \u015fiire konu olabilece\u011fini savunarak \u015fiirlerinde yal\u0131n bir halk dili kulland\u0131.Yergi ve g\u00fclmeceden yararlanarak s\u0131radan ya\u015fant\u0131lar\u0131n \u015fiiriinin de yaz\u0131labilece\u011fini g\u00f6sterdi.&#8221;","og_url":"https:\/\/narteks.net\/index.php\/2010\/01\/20\/otuzalti-yillik-kisa-bir-omrun-siirlerinin-guclu-yorumlanisi-orhan-veli-ve-musfik-kenter\/","og_site_name":"narteks.net","article_published_time":"2010-01-20T13:28:25+00:00","og_image":[{"url":"http:\/\/farm4.static.flickr.com\/3211\/2779806287_8a65e36f96_o.jpg","type":"","width":"","height":""}],"author":"Tar\u0131k","twitter_card":"summary_large_image","twitter_creator":"@narteks","twitter_site":"@narteks","twitter_misc":{"Yazan:":"Tar\u0131k"},"schema":{"@context":"https:\/\/schema.org","@graph":[{"@type":"Article","@id":"https:\/\/narteks.net\/index.php\/2010\/01\/20\/otuzalti-yillik-kisa-bir-omrun-siirlerinin-guclu-yorumlanisi-orhan-veli-ve-musfik-kenter\/#article","isPartOf":{"@id":"https:\/\/narteks.net\/index.php\/2010\/01\/20\/otuzalti-yillik-kisa-bir-omrun-siirlerinin-guclu-yorumlanisi-orhan-veli-ve-musfik-kenter\/"},"author":{"name":"Tar\u0131k","@id":"https:\/\/narteks.net\/#\/schema\/person\/61f37d9834294b72d31d274e7ed79bca"},"headline":"Otuzalt\u0131 y\u0131ll\u0131k k\u0131sa bir \u00f6mr\u00fcn \u015fiirlerinin,g\u00fc\u00e7l\u00fc yorumlan\u0131\u015f\u0131 | Orhan Veli ve M\u00fc\u015ffik Kenter","datePublished":"2010-01-20T13:28:25+00:00","mainEntityOfPage":{"@id":"https:\/\/narteks.net\/index.php\/2010\/01\/20\/otuzalti-yillik-kisa-bir-omrun-siirlerinin-guclu-yorumlanisi-orhan-veli-ve-musfik-kenter\/"},"wordCount":85,"commentCount":0,"publisher":{"@id":"https:\/\/narteks.net\/#organization"},"image":{"@id":"https:\/\/narteks.net\/index.php\/2010\/01\/20\/otuzalti-yillik-kisa-bir-omrun-siirlerinin-guclu-yorumlanisi-orhan-veli-ve-musfik-kenter\/#primaryimage"},"thumbnailUrl":"http:\/\/farm4.static.flickr.com\/3211\/2779806287_8a65e36f96_o.jpg","articleSection":["\u015eair'e Dair"],"inLanguage":"tr","potentialAction":[{"@type":"CommentAction","name":"Comment","target":["https:\/\/narteks.net\/index.php\/2010\/01\/20\/otuzalti-yillik-kisa-bir-omrun-siirlerinin-guclu-yorumlanisi-orhan-veli-ve-musfik-kenter\/#respond"]}]},{"@type":"WebPage","@id":"https:\/\/narteks.net\/index.php\/2010\/01\/20\/otuzalti-yillik-kisa-bir-omrun-siirlerinin-guclu-yorumlanisi-orhan-veli-ve-musfik-kenter\/","url":"https:\/\/narteks.net\/index.php\/2010\/01\/20\/otuzalti-yillik-kisa-bir-omrun-siirlerinin-guclu-yorumlanisi-orhan-veli-ve-musfik-kenter\/","name":"Otuzalt\u0131 y\u0131ll\u0131k k\u0131sa bir \u00f6mr\u00fcn \u015fiirlerinin,g\u00fc\u00e7l\u00fc yorumlan\u0131\u015f\u0131 | Orhan Veli ve M\u00fc\u015ffik Kenter - narteks.net","isPartOf":{"@id":"https:\/\/narteks.net\/#website"},"primaryImageOfPage":{"@id":"https:\/\/narteks.net\/index.php\/2010\/01\/20\/otuzalti-yillik-kisa-bir-omrun-siirlerinin-guclu-yorumlanisi-orhan-veli-ve-musfik-kenter\/#primaryimage"},"image":{"@id":"https:\/\/narteks.net\/index.php\/2010\/01\/20\/otuzalti-yillik-kisa-bir-omrun-siirlerinin-guclu-yorumlanisi-orhan-veli-ve-musfik-kenter\/#primaryimage"},"thumbnailUrl":"http:\/\/farm4.static.flickr.com\/3211\/2779806287_8a65e36f96_o.jpg","datePublished":"2010-01-20T13:28:25+00:00","breadcrumb":{"@id":"https:\/\/narteks.net\/index.php\/2010\/01\/20\/otuzalti-yillik-kisa-bir-omrun-siirlerinin-guclu-yorumlanisi-orhan-veli-ve-musfik-kenter\/#breadcrumb"},"inLanguage":"tr","potentialAction":[{"@type":"ReadAction","target":["https:\/\/narteks.net\/index.php\/2010\/01\/20\/otuzalti-yillik-kisa-bir-omrun-siirlerinin-guclu-yorumlanisi-orhan-veli-ve-musfik-kenter\/"]}]},{"@type":"ImageObject","inLanguage":"tr","@id":"https:\/\/narteks.net\/index.php\/2010\/01\/20\/otuzalti-yillik-kisa-bir-omrun-siirlerinin-guclu-yorumlanisi-orhan-veli-ve-musfik-kenter\/#primaryimage","url":"http:\/\/farm4.static.flickr.com\/3211\/2779806287_8a65e36f96_o.jpg","contentUrl":"http:\/\/farm4.static.flickr.com\/3211\/2779806287_8a65e36f96_o.jpg"},{"@type":"BreadcrumbList","@id":"https:\/\/narteks.net\/index.php\/2010\/01\/20\/otuzalti-yillik-kisa-bir-omrun-siirlerinin-guclu-yorumlanisi-orhan-veli-ve-musfik-kenter\/#breadcrumb","itemListElement":[{"@type":"ListItem","position":1,"name":"Anasayfa","item":"https:\/\/narteks.net\/"},{"@type":"ListItem","position":2,"name":"Otuzalt\u0131 y\u0131ll\u0131k k\u0131sa bir \u00f6mr\u00fcn \u015fiirlerinin,g\u00fc\u00e7l\u00fc yorumlan\u0131\u015f\u0131 | Orhan Veli ve M\u00fc\u015ffik Kenter"}]},{"@type":"WebSite","@id":"https:\/\/narteks.net\/#website","url":"https:\/\/narteks.net\/","name":"narteks.net","description":"K\u00fclt\u00fcr Sanat Edebiyat Felsefe","publisher":{"@id":"https:\/\/narteks.net\/#organization"},"alternateName":"K\u00fclt\u00fcr Sanat Edebiyat Felsefe","potentialAction":[{"@type":"SearchAction","target":{"@type":"EntryPoint","urlTemplate":"https:\/\/narteks.net\/?s={search_term_string}"},"query-input":{"@type":"PropertyValueSpecification","valueRequired":true,"valueName":"search_term_string"}}],"inLanguage":"tr"},{"@type":"Organization","@id":"https:\/\/narteks.net\/#organization","name":"narteks.net","url":"https:\/\/narteks.net\/","logo":{"@type":"ImageObject","inLanguage":"tr","@id":"https:\/\/narteks.net\/#\/schema\/logo\/image\/","url":"https:\/\/narteks.net\/wp-content\/uploads\/narteks.png","contentUrl":"https:\/\/narteks.net\/wp-content\/uploads\/narteks.png","width":300,"height":90,"caption":"narteks.net"},"image":{"@id":"https:\/\/narteks.net\/#\/schema\/logo\/image\/"},"sameAs":["https:\/\/x.com\/narteks","https:\/\/instagram.com\/narteksnet"]},{"@type":"Person","@id":"https:\/\/narteks.net\/#\/schema\/person\/61f37d9834294b72d31d274e7ed79bca","name":"Tar\u0131k","image":{"@type":"ImageObject","inLanguage":"tr","@id":"https:\/\/narteks.net\/#\/schema\/person\/image\/","url":"https:\/\/secure.gravatar.com\/avatar\/50865afb55632c4ae467e0af0930f6510aa2297d8014be502a55b14f3b7550cf?s=96&d=mm&r=g","contentUrl":"https:\/\/secure.gravatar.com\/avatar\/50865afb55632c4ae467e0af0930f6510aa2297d8014be502a55b14f3b7550cf?s=96&d=mm&r=g","caption":"Tar\u0131k"},"sameAs":["http:\/\/narteks.net"],"url":"https:\/\/narteks.net\/index.php\/author\/narbak\/"}]}},"_links":{"self":[{"href":"https:\/\/narteks.net\/index.php\/wp-json\/wp\/v2\/posts\/4040","targetHints":{"allow":["GET"]}}],"collection":[{"href":"https:\/\/narteks.net\/index.php\/wp-json\/wp\/v2\/posts"}],"about":[{"href":"https:\/\/narteks.net\/index.php\/wp-json\/wp\/v2\/types\/post"}],"author":[{"embeddable":true,"href":"https:\/\/narteks.net\/index.php\/wp-json\/wp\/v2\/users\/1"}],"replies":[{"embeddable":true,"href":"https:\/\/narteks.net\/index.php\/wp-json\/wp\/v2\/comments?post=4040"}],"version-history":[{"count":0,"href":"https:\/\/narteks.net\/index.php\/wp-json\/wp\/v2\/posts\/4040\/revisions"}],"wp:attachment":[{"href":"https:\/\/narteks.net\/index.php\/wp-json\/wp\/v2\/media?parent=4040"}],"wp:term":[{"taxonomy":"category","embeddable":true,"href":"https:\/\/narteks.net\/index.php\/wp-json\/wp\/v2\/categories?post=4040"},{"taxonomy":"post_tag","embeddable":true,"href":"https:\/\/narteks.net\/index.php\/wp-json\/wp\/v2\/tags?post=4040"}],"curies":[{"name":"wp","href":"https:\/\/api.w.org\/{rel}","templated":true}]}}