{"id":4042,"date":"2010-03-03T01:00:00","date_gmt":"2010-03-02T22:00:00","guid":{"rendered":"http:\/\/localhost\/wordpress\/2010\/03\/03\/yerankaradaki-siyasal-bilgiler-fakultesi-yurdu-300-yarali-ve-sonrasi-tek-olum-zarkadas-ozger\/"},"modified":"2010-03-03T01:00:00","modified_gmt":"2010-03-02T22:00:00","slug":"yerankaradaki-siyasal-bilgiler-fakultesi-yurdu-300-yarali-ve-sonrasi-tek-olum-zarkadas-ozger","status":"publish","type":"post","link":"https:\/\/narteks.net\/index.php\/2010\/03\/03\/yerankaradaki-siyasal-bilgiler-fakultesi-yurdu-300-yarali-ve-sonrasi-tek-olum-zarkadas-ozger\/","title":{"rendered":"Yer;Ankara&#8217;daki Siyasal Bilgiler Fak\u00fcltesi yurdu | 300 yaral\u0131 ve sonras\u0131 tek \u00f6l\u00fcm &#8211; Z.Arkada\u015f \u00d6zger"},"content":{"rendered":"<p style=\"text-align: justify;\"><img loading=\"lazy\" decoding=\"async\" src=\"http:\/\/simgesiir.files.wordpress.com\/2009\/12\/arkadas.jpg\" border=\"0\" width=\"155\" height=\"205\" style=\"float: left;\" \/>Bir g\u00fcn eve geliyor Arkada\u015f. Yokum.<br \/>Gitmek \u00fczereyken,<br \/>&#8211; Yavrum ad\u0131n ne?<br \/>&#8211; Arkada\u015f.<br \/>&#8211; Anlad\u0131m arkada\u015f\u0131s\u0131n o\u011flumun. Ama ad\u0131n ne?<br \/>&#8211; Arkada\u015f,<br \/>&#8211; Yavrum tamam&#8230; arkada\u015f\u0131s\u0131n. Ama ad\u0131n\u0131 s\u00f6yle de seni falanca arad\u0131 diyeyim o\u011fluma.<br \/>&#8211; Vallahi de billahi de ad\u0131m Arkada\u015f!*<br \/>\u015eiirimizin gen\u00e7 ya\u015fta yitirdi\u011fi y\u00fczlerce arkada\u015f&#8217;tan biridir Arkada\u015f Z. \u00d6zger.<\/p>\n<p style=\"text-align: justify;\">Kendisi alm\u0131\u015ft\u0131r Arkada\u015f ad\u0131n\u0131. Arkada\u015f\u0131 Sina Akyol&#8217;dan aktard\u0131\u011f\u0131m\u0131z yukar\u0131daki an\u0131, insana \u015fair olmaktan ba\u015fka yol b\u0131rakmayan t\u00fclden bir gizem perdesiyle \u00f6rt\u00fcl\u00fc -bu perde \u00f6zellikle de 25 ya\u015f\u0131ndaki vedas\u0131n\u0131n \u00fczerinde \u00f6rt\u00fcl\u00fc-, devrimden yana \u00e7arpan bir kalbin ya\u015fam\u00f6yk\u00fcs\u00fcn\u00fcn par\u00e7as\u0131d\u0131r.<\/p>\n<p style=\"text-align: justify;\">Kar\u0131nca&#8230;<br \/>\/&#8230;\/<br \/>kar\u0131ncan\u0131n ba\u015f\u0131 hep \u00f6ne e\u011fik mi<br \/>kar\u0131nca hep neden korkar biri mi basar s\u0131rt\u0131na<br \/>kim \u00f6l\u00fcr kar\u0131nca m\u0131 ya \u00fcst\u00fcndeki fil<br \/>o \u00f6l\u00fcr m\u00fc hi\u00e7 be o kocaman hem y\u00fcksekte<br \/>kar\u0131nca var alt\u0131nda ya ben ah ya ben<br \/>\/&#8230;\/<\/p>\n<p>Sadece yukar\u0131da al\u0131nt\u0131lad\u0131\u011f\u0131m\u0131z Kar\u0131nca Fil&#8217;de de\u011fil, \u00f6zellikle ilk \u015fiirlerinde s\u0131k\u00e7a kullan\u0131r, kar\u0131nca&#8217;y\u0131 \u015fair. Kar\u0131ncan\u0131n \u00fczerindeki kocaman bir file ra\u011fmen g\u00f6sterdi\u011fi ayakta durma \u00e7abas\u0131n\u0131 sever. Kendisi de \u00fczerinde kocaman bir fil gibi duran hayat kar\u015f\u0131s\u0131nda tek ba\u015f\u0131na bir kar\u0131nca gibidir. 25 ya\u015f\u0131nda \u00f6lm\u00fc\u015f bir \u015fairin \u00e7\u0131rakl\u0131\u011f\u0131ndan s\u00f6z edilecekse e\u011fer, \u00e7\u0131rakl\u0131k, \u015fiirlerinde kendisi, o yanl\u0131z kar\u0131nca gibidir. Kendisine \u015fiirlerdir yazd\u0131klar\u0131 ba\u015flang\u0131\u00e7ta.<br \/>\u0130lkinin yay\u0131nland\u0131\u011f\u0131 1967&#8217;den itibaren kendi i\u00e7inde devinimler, de\u011fi\u015fmeler ya\u015far \u015fiiri, ama hi\u00e7 kapal\u0131, anla\u015f\u0131lmaz dil oyunlar\u0131na bezenmi\u015f bir hal almaz. \u015eiirin yanl\u0131z kar\u0131nca&#8217;l\u0131\u011f\u0131ndan, kavga i\u00e7in yaz\u0131lm\u0131\u015f destans\u0131 \u015fiirlerine gelene kadar ge\u00e7en 6 y\u0131la s\u0131k\u0131\u015fm\u0131\u015ft\u0131r b\u00fct\u00fcn \u00fcretimi, ancak bu k\u0131sa zamanda kendisine yanl\u0131z bir kar\u0131nca i\u00e7in olduk\u00e7a iyi bir yer a\u00e7may\u0131, \u00f6nemli bir iz b\u0131rakmay\u0131 ba\u015farm\u0131\u015ft\u0131r.<\/p>\n<p style=\"text-align: justify;\">Bir proleterin o\u011flu<br \/>ne kadar \u00fcstelesem yanl\u0131\u015f bir de\u011fi\u015fimi<br \/>bir proleterin o\u011flu oldu\u011fuma inand\u0131ram\u0131yorum<br \/>kimseyi<br \/>inand\u0131ram\u0131yorum babama bir proleter oldu\u011funu<\/p>\n<p>babam \u00e7ok eski bir partizan<br \/>k\u00f6t\u00fc bir halk partisinin kal\u0131nt\u0131s\u0131na yamam\u0131\u015f<br \/>nefretini<br \/>ac\u0131y\u0131 ve bir d\u00f6nemi benden iyi biliyor<br \/>ne zaman i\u00e7ki i\u00e7sek bir cuma gecesi ertesi<br \/>a\u00e7l\u0131\u011f\u0131 ve yoksullu\u011fu benden iyi anlat\u0131yor<\/p>\n<p>benim bir abim iki abim varm\u0131\u015f<br \/>a\u00e7l\u0131k ve yoksulluk k\u00f6t\u00fc bir \u015fefin d\u00f6neminde<br \/>ikisine de alm\u0131\u015f<br \/>\/&#8230;\/<br \/>g\u00f6rd\u00fcm ki bir cuma gecesi ertesi<br \/>babam\u0131n eskimi\u015f b\u00fcrokrat ayakkab\u0131lar\u0131n\u0131n<br \/>tamirat\u0131na<br \/>nefretle vurdu\u011fu \u00f6rs\u00fc ve \u00e7ekici<br \/>\u00f6fkesini k\u00f6seleden ay\u0131rd\u0131\u011f\u0131 b\u0131\u00e7ak<br \/>a\u00e7\u0131lm\u0131\u015f bir g\u00fcl gibi duruyor \u00f6n\u00fcmde<\/p>\n<p>vur g\u00fcl\u00fcm vur g\u00fcl\u00fcm vur g\u00fcl\u00fcm<br \/>vur sen de burjuva ayakkab\u0131lar\u0131n\u0131n alt\u0131na<\/p>\n<p>art\u0131k ne so\u011fuk damarlar\u0131mdaki ne s\u0131cak<br \/>sadece b\u0131\u00e7ak g\u00fcl\u00fcm sadece b\u0131\u00e7ak.<\/p>\n<p>Tamirat&#8217;tan al\u0131nan yukar\u0131daki dizeler, Arkada\u015f \u00d6zger&#8217;in \u015fairli\u011fe, s\u0131n\u0131f\u0131n\u0131 bilerek devam edece\u011finin ilan\u0131d\u0131r. Zaten s\u0131n\u0131f\u0131n\u0131n ayr\u0131lmaz bir par\u00e7as\u0131 olarak ya\u015fam\u0131\u015ft\u0131r, ya\u015famaktad\u0131r. \u0130ki abisini alan ko\u015fullar, ona da dokuz ya\u015f\u0131ndayken \u00f6m\u00fcr boyu sakat kalmas\u0131na neden olacak bir hastal\u0131k vermi\u015ftir: Ostomyolit. Ve o b\u00fct\u00fcn ya\u015fam\u0131 boyunca biriktirdi\u011fi \u00f6fkesini, ilk \u015fiirlerinden Sakals\u0131z Bir O\u011flan\u0131n Tragedyas\u0131&#8217;ndaki \u00e7ocuksulu\u011fu hi\u00e7 yitirmeden, \u00f6fkeli ve kimi zaman i\u011fneleyen bir ironiyle aktar\u0131r.<br \/>O, \u00f6zele\u015ftirisini de \u015fiirine verir, \u015fiiriyle verir. \u015e\u00f6yle seslenir Ayg\u0131n&#8217;da, y\u00fcre\u011fini kurtaracak olana:<\/p>\n<p>\/&#8230;\/<br \/>vur umudunu kalabal\u0131k a\u011fa\u00e7lara<br \/>yorumla beslenen dallara k\u00f6p\u00fcrerek akan sulara<br \/>k\u0131r \u00e7i\u00e7e\u011fi kokusuyla ayg\u0131nla\u015fan da\u011flara<br \/>kurcala ya\u015fam\u0131n\u0131n gizemli torbas\u0131n\u0131<br \/>ekme\u011fin ve terin karde\u015fli\u011fini k\u0131skan<br \/>sana topra\u011f\u0131 ve a\u015fk\u0131 \u00f6\u011fretecek<br \/>hayat denen anneye ko\u015f<\/p>\n<p>Yurdunu yi\u011fit\u00e7e savunan \u015fair<br \/>\u00dcniversite yurdunda iki mendilini d\u00f6rt \u00e7ift \u00e7orab\u0131n\u0131 y\u0131kamaktan b\u0131kacak kadar yoksulluk i\u00e7indeyken ve Gittik\u00e7e zay\u0131fl\u0131yorum. \u0130skeletimin \u015fiirini yazmal\u0131y\u0131m derken arkada\u015f\u0131 Cavit K\u00fcrnek&#8217;e yazd\u0131\u011f\u0131 bir mektupta, gen\u00e7 ya\u015fta \u00f6len nice \u015fairin \u00f6l\u00fcm nedenini de d\u00fc\u015f\u00fcn\u00fcr: \u0130ntihar eden adam\u0131n namaz\u0131 da k\u0131l\u0131nmazm\u0131\u015f.<br \/>Ama \u00f6l\u00fcm\u00fc intihar ederek olmaz. Sokakta \u00f6l\u00fc bulundu\u011funda onu tan\u0131yanlar\u0131n akl\u0131na bu erken ve nedensiz gibi g\u00f6r\u00fcnen \u00f6l\u00fcm hakk\u0131nda bir tek a\u00e7\u0131klama gelir: Arkada\u015f \u00d6zger&#8217;in de kald\u0131\u011f\u0131 \u00f6\u011frenci yurduna fa\u015fistler taraf\u0131ndan d\u00fczenlenen bir bask\u0131nda kafas\u0131na ald\u0131\u011f\u0131 darbeler. As\u0131l ad\u0131 Zekai olan gen\u00e7 \u015fair, beyin kanamas\u0131ndan \u00f6ld\u00fc\u011f\u00fcnde belki de \u00f6l\u00fcm\u00fcne neden olan olay\u0131n \u015fiirini yazan tek \u015fair gibi ac\u0131l\u0131 bir \u00fcnvan b\u0131rak\u0131r ard\u0131nda. \u015eiirin ad\u0131 Adak&#8217;t\u0131r ve Yurtlar\u0131n\u0131 yi\u011fit\u00e7e savunanlara adanm\u0131\u015ft\u0131r:<br \/>\/&#8230;\/<br \/>2.<br \/>biz \u00fc\u00e7y\u00fcz yurtseverdik<br \/>\u00fc\u00e7y\u00fcz antl\u0131 yurt bek\u00e7isi<br \/>umutla beslerdik kan\u0131m\u0131z\u0131<br \/>yedi\u011fimiz al alma<br \/>i\u00e7ti\u011fimiz nar suyu<br \/>her birimiz bir \u00e7i\u00e7ek<br \/>b\u00fcy\u00fct\u00fcrd\u00fck, g\u00f6revimizdi bu<br \/>sevgiyle s\u00f6kerdik ayr\u0131kotlar\u0131n\u0131 topra\u011f\u0131n<br \/>sevgiyle ay\u0131klard\u0131k yaramaz kurtlar\u0131n\u0131<br \/>a\u00e7s\u0131n diye en g\u00fczel \u00e7i\u00e7ek<\/p>\n<p>3.<br \/>biz \u00fc\u00e7y\u00fcz yurtseverdik<br \/>bir g\u00fcn sularken \u00e7i\u00e7eklerimizi<br \/>\u00fc\u00e7bin ki\u015filik d\u00fc\u015fman ordusu<br \/>ve onun paral\u0131 sivil askerleri<br \/>sald\u0131rd\u0131lar yurdumuza<\/p>\n<p>birden bast\u0131r\u0131ld\u0131k<br \/>k\u00f6t\u00fc bast\u0131r\u0131ld\u0131k<br \/>ikindi g\u00fcne\u015fi vururken y\u00fcreklerimize<\/p>\n<p>ve onunla beslerken \u00e7i\u00e7eklerimizi<br \/>ama and\u0131m\u0131z vard\u0131 \u00fc\u00e7y\u00fcz \u00e7i\u00e7e\u011fe<br \/>vermiyecektik onu a\u00e7t\u0131ran topra\u011f\u0131<br \/>bu yurdu, b\u00fcy\u00fct\u00fcp g\u00f6verten g\u00f6vdemizi<\/p>\n<p>silah\u0131m\u0131z \u00e7i\u00e7eklerdi<br \/>cephanemiz y\u00fcre\u011fimiz<br \/>say\u0131m\u0131z azd\u0131 ama<br \/>korkumuz yoktu,<\/p>\n<p>\/&#8230;\/<br \/>daha da vuru\u015furduk<br \/>daha ka\u00e7 y\u00fczy\u0131l saat<br \/>ah aymaz gece, oyna\u015f gece<br \/>i\u011fren\u00e7 karanl\u0131\u011f\u0131yla gelince<br \/>yurdumuzun yar\u0131s\u0131 d\u00fc\u015fman eline ge\u00e7ti<br \/>\u00fc\u00e7y\u00fcz yurtsever yar\u0131s\u0131 d\u00fc\u015fman eline ge\u00e7ti<\/p>\n<p>g\u00f6z\u00fc d\u00f6nm\u00fc\u015f, kan tutmu\u015f<br \/>\u00e7\u0131lg\u0131n g\u00fcruh<br \/>kanl\u0131 d\u00fc\u015fman<br \/>\u00f6fkesini tutsak ettiklerinden al\u0131rken<br \/>direnmek onlar\u0131 feda etmek demekti<\/p>\n<p>ah kalle\u015f gece, kanc\u0131k gece<br \/>sonunda teslim olduk i\u015fbirlik\u00e7i karanl\u0131\u011fa<\/p>\n<p>\/&#8230;\/<br \/>5.<br \/>bu vuru\u015fmada \u00f6l\u00fc vermedik<br \/>ama ant i\u00e7tik \u00fc\u00e7y\u00fcz yaral\u0131<br \/>ba\u015flatmak i\u00e7in b\u00fcy\u00fck sava\u015f\u0131<br \/>\u00e7o\u011falt\u0131caz \u00fc\u00e7y\u00fczleri<\/p>\n<p>a\u00e7\u0131ncaya kadar en g\u00fczel \u00e7i\u00e7ek<\/p>\n<p>\u00dc\u00e7y\u00fcz Arkada\u015f&#8217;\u0131n bask\u0131na u\u011frad\u0131\u011f\u0131 yurt, Ankara&#8217;daki Siyasal Bilgiler Fak\u00fcltesi yurdudur. Ve \u00fc\u00e7y\u00fcz yaral\u0131 tek \u00f6l\u00fcy\u00fc daha sonra verecektir. 1948 Bursa do\u011fumlu \u015fair Arkada\u015f Z. \u00d6zger, 5 May\u0131s 1973 g\u00fcn\u00fc \u00e7ok sevdi\u011fi Ankara&#8217;n\u0131n bir soka\u011f\u0131nda \u00f6lecektir. Ya\u015fayabilse kimbilir daha neler s\u00f6yleyecek \u015fiir arkada\u015f\u0131n\u0131n k\u0131sa ya\u015fam\u0131nda \u00fcretti\u011fi elimizdeki az say\u0131da \u015fiirle teselli bulmaya \u00e7al\u0131\u015fmak zorunday\u0131z \u00f6l\u00fcm\u00fcn\u00fcn 37. y\u0131ld\u00f6n\u00fcm\u00fcnde de&#8230;<\/p>\n<p style=\"text-align: justify;\">Bar\u0131\u015f Av\u015far<\/p>\n<p style=\"text-align: justify;\"><strong>Arkada\u015f Z.\u00d6zger&#8217;in \u015fiirlerini sitemizde bulabilirsiniz&#8230;<\/strong><\/p>\n","protected":false},"excerpt":{"rendered":"<p>Bir g\u00fcn eve geliyor Arkada\u015f. Yokum.Gitmek \u00fczereyken,&#8211; Yavrum ad\u0131n ne?&#8211; Arkada\u015f.&#8211; Anlad\u0131m arkada\u015f\u0131s\u0131n o\u011flumun. Ama ad\u0131n ne?&#8211; Arkada\u015f,&#8211; Yavrum tamam&#8230; arkada\u015f\u0131s\u0131n. Ama ad\u0131n\u0131 s\u00f6yle de seni falanca arad\u0131 diyeyim o\u011fluma.&#8211; Vallahi de billahi de ad\u0131m Arkada\u015f!*\u015eiirimizin gen\u00e7 ya\u015fta yitirdi\u011fi y\u00fczlerce arkada\u015f&#8217;tan biridir Arkada\u015f Z. \u00d6zger. Kendisi alm\u0131\u015ft\u0131r Arkada\u015f ad\u0131n\u0131. Arkada\u015f\u0131 Sina Akyol&#8217;dan aktard\u0131\u011f\u0131m\u0131z yukar\u0131daki an\u0131, [&hellip;]<\/p>\n","protected":false},"author":1,"featured_media":0,"comment_status":"open","ping_status":"open","sticky":false,"template":"","format":"standard","meta":{"footnotes":""},"categories":[122],"tags":[],"class_list":["post-4042","post","type-post","status-publish","format-standard","category-sair-e-dair"],"yoast_head":"<!-- This site is optimized with the Yoast SEO Premium plugin v24.9 (Yoast SEO v24.9) - https:\/\/yoast.com\/wordpress\/plugins\/seo\/ -->\n<title>Yer;Ankara&#039;daki Siyasal Bilgiler Fak\u00fcltesi yurdu | 300 yaral\u0131 ve sonras\u0131 tek \u00f6l\u00fcm - Z.Arkada\u015f \u00d6zger - narteks.net<\/title>\n<meta name=\"robots\" content=\"index, follow, max-snippet:-1, max-image-preview:large, max-video-preview:-1\" \/>\n<link rel=\"canonical\" href=\"https:\/\/narteks.net\/index.php\/2010\/03\/03\/yerankaradaki-siyasal-bilgiler-fakultesi-yurdu-300-yarali-ve-sonrasi-tek-olum-zarkadas-ozger\/\" \/>\n<meta property=\"og:locale\" content=\"tr_TR\" \/>\n<meta property=\"og:type\" content=\"article\" \/>\n<meta property=\"og:title\" content=\"Yer;Ankara&#039;daki Siyasal Bilgiler Fak\u00fcltesi yurdu | 300 yaral\u0131 ve sonras\u0131 tek \u00f6l\u00fcm - Z.Arkada\u015f \u00d6zger\" \/>\n<meta property=\"og:description\" content=\"Bir g\u00fcn eve geliyor Arkada\u015f. Yokum.Gitmek \u00fczereyken,&#8211; Yavrum ad\u0131n ne?&#8211; Arkada\u015f.&#8211; Anlad\u0131m arkada\u015f\u0131s\u0131n o\u011flumun. Ama ad\u0131n ne?&#8211; Arkada\u015f,&#8211; Yavrum tamam&#8230; arkada\u015f\u0131s\u0131n. Ama ad\u0131n\u0131 s\u00f6yle de seni falanca arad\u0131 diyeyim o\u011fluma.&#8211; Vallahi de billahi de ad\u0131m Arkada\u015f!*\u015eiirimizin gen\u00e7 ya\u015fta yitirdi\u011fi y\u00fczlerce arkada\u015f&#8217;tan biridir Arkada\u015f Z. \u00d6zger. Kendisi alm\u0131\u015ft\u0131r Arkada\u015f ad\u0131n\u0131. Arkada\u015f\u0131 Sina Akyol&#8217;dan aktard\u0131\u011f\u0131m\u0131z yukar\u0131daki an\u0131, [&hellip;]\" \/>\n<meta property=\"og:url\" content=\"https:\/\/narteks.net\/index.php\/2010\/03\/03\/yerankaradaki-siyasal-bilgiler-fakultesi-yurdu-300-yarali-ve-sonrasi-tek-olum-zarkadas-ozger\/\" \/>\n<meta property=\"og:site_name\" content=\"narteks.net\" \/>\n<meta property=\"article:published_time\" content=\"2010-03-02T22:00:00+00:00\" \/>\n<meta property=\"og:image\" content=\"http:\/\/simgesiir.files.wordpress.com\/2009\/12\/arkadas.jpg\" \/>\n<meta name=\"author\" content=\"Tar\u0131k\" \/>\n<meta name=\"twitter:card\" content=\"summary_large_image\" \/>\n<meta name=\"twitter:creator\" content=\"@narteks\" \/>\n<meta name=\"twitter:site\" content=\"@narteks\" \/>\n<meta name=\"twitter:label1\" content=\"Yazan:\" \/>\n\t<meta name=\"twitter:data1\" content=\"Tar\u0131k\" \/>\n\t<meta name=\"twitter:label2\" content=\"Tahmini okuma s\u00fcresi\" \/>\n\t<meta name=\"twitter:data2\" content=\"6 dakika\" \/>\n<script type=\"application\/ld+json\" class=\"yoast-schema-graph\">{\"@context\":\"https:\/\/schema.org\",\"@graph\":[{\"@type\":\"Article\",\"@id\":\"https:\/\/narteks.net\/index.php\/2010\/03\/03\/yerankaradaki-siyasal-bilgiler-fakultesi-yurdu-300-yarali-ve-sonrasi-tek-olum-zarkadas-ozger\/#article\",\"isPartOf\":{\"@id\":\"https:\/\/narteks.net\/index.php\/2010\/03\/03\/yerankaradaki-siyasal-bilgiler-fakultesi-yurdu-300-yarali-ve-sonrasi-tek-olum-zarkadas-ozger\/\"},\"author\":{\"name\":\"Tar\u0131k\",\"@id\":\"https:\/\/narteks.net\/#\/schema\/person\/61f37d9834294b72d31d274e7ed79bca\"},\"headline\":\"Yer;Ankara&#8217;daki Siyasal Bilgiler Fak\u00fcltesi yurdu | 300 yaral\u0131 ve sonras\u0131 tek \u00f6l\u00fcm &#8211; Z.Arkada\u015f \u00d6zger\",\"datePublished\":\"2010-03-02T22:00:00+00:00\",\"mainEntityOfPage\":{\"@id\":\"https:\/\/narteks.net\/index.php\/2010\/03\/03\/yerankaradaki-siyasal-bilgiler-fakultesi-yurdu-300-yarali-ve-sonrasi-tek-olum-zarkadas-ozger\/\"},\"wordCount\":1187,\"commentCount\":0,\"publisher\":{\"@id\":\"https:\/\/narteks.net\/#organization\"},\"image\":{\"@id\":\"https:\/\/narteks.net\/index.php\/2010\/03\/03\/yerankaradaki-siyasal-bilgiler-fakultesi-yurdu-300-yarali-ve-sonrasi-tek-olum-zarkadas-ozger\/#primaryimage\"},\"thumbnailUrl\":\"http:\/\/simgesiir.files.wordpress.com\/2009\/12\/arkadas.jpg\",\"articleSection\":[\"\u015eair'e Dair\"],\"inLanguage\":\"tr\",\"potentialAction\":[{\"@type\":\"CommentAction\",\"name\":\"Comment\",\"target\":[\"https:\/\/narteks.net\/index.php\/2010\/03\/03\/yerankaradaki-siyasal-bilgiler-fakultesi-yurdu-300-yarali-ve-sonrasi-tek-olum-zarkadas-ozger\/#respond\"]}]},{\"@type\":\"WebPage\",\"@id\":\"https:\/\/narteks.net\/index.php\/2010\/03\/03\/yerankaradaki-siyasal-bilgiler-fakultesi-yurdu-300-yarali-ve-sonrasi-tek-olum-zarkadas-ozger\/\",\"url\":\"https:\/\/narteks.net\/index.php\/2010\/03\/03\/yerankaradaki-siyasal-bilgiler-fakultesi-yurdu-300-yarali-ve-sonrasi-tek-olum-zarkadas-ozger\/\",\"name\":\"Yer;Ankara'daki Siyasal Bilgiler Fak\u00fcltesi yurdu | 300 yaral\u0131 ve sonras\u0131 tek \u00f6l\u00fcm - Z.Arkada\u015f \u00d6zger - narteks.net\",\"isPartOf\":{\"@id\":\"https:\/\/narteks.net\/#website\"},\"primaryImageOfPage\":{\"@id\":\"https:\/\/narteks.net\/index.php\/2010\/03\/03\/yerankaradaki-siyasal-bilgiler-fakultesi-yurdu-300-yarali-ve-sonrasi-tek-olum-zarkadas-ozger\/#primaryimage\"},\"image\":{\"@id\":\"https:\/\/narteks.net\/index.php\/2010\/03\/03\/yerankaradaki-siyasal-bilgiler-fakultesi-yurdu-300-yarali-ve-sonrasi-tek-olum-zarkadas-ozger\/#primaryimage\"},\"thumbnailUrl\":\"http:\/\/simgesiir.files.wordpress.com\/2009\/12\/arkadas.jpg\",\"datePublished\":\"2010-03-02T22:00:00+00:00\",\"breadcrumb\":{\"@id\":\"https:\/\/narteks.net\/index.php\/2010\/03\/03\/yerankaradaki-siyasal-bilgiler-fakultesi-yurdu-300-yarali-ve-sonrasi-tek-olum-zarkadas-ozger\/#breadcrumb\"},\"inLanguage\":\"tr\",\"potentialAction\":[{\"@type\":\"ReadAction\",\"target\":[\"https:\/\/narteks.net\/index.php\/2010\/03\/03\/yerankaradaki-siyasal-bilgiler-fakultesi-yurdu-300-yarali-ve-sonrasi-tek-olum-zarkadas-ozger\/\"]}]},{\"@type\":\"ImageObject\",\"inLanguage\":\"tr\",\"@id\":\"https:\/\/narteks.net\/index.php\/2010\/03\/03\/yerankaradaki-siyasal-bilgiler-fakultesi-yurdu-300-yarali-ve-sonrasi-tek-olum-zarkadas-ozger\/#primaryimage\",\"url\":\"http:\/\/simgesiir.files.wordpress.com\/2009\/12\/arkadas.jpg\",\"contentUrl\":\"http:\/\/simgesiir.files.wordpress.com\/2009\/12\/arkadas.jpg\"},{\"@type\":\"BreadcrumbList\",\"@id\":\"https:\/\/narteks.net\/index.php\/2010\/03\/03\/yerankaradaki-siyasal-bilgiler-fakultesi-yurdu-300-yarali-ve-sonrasi-tek-olum-zarkadas-ozger\/#breadcrumb\",\"itemListElement\":[{\"@type\":\"ListItem\",\"position\":1,\"name\":\"Anasayfa\",\"item\":\"https:\/\/narteks.net\/\"},{\"@type\":\"ListItem\",\"position\":2,\"name\":\"Yer;Ankara&#8217;daki Siyasal Bilgiler Fak\u00fcltesi yurdu | 300 yaral\u0131 ve sonras\u0131 tek \u00f6l\u00fcm &#8211; Z.Arkada\u015f \u00d6zger\"}]},{\"@type\":\"WebSite\",\"@id\":\"https:\/\/narteks.net\/#website\",\"url\":\"https:\/\/narteks.net\/\",\"name\":\"narteks.net\",\"description\":\"K\u00fclt\u00fcr Sanat Edebiyat Felsefe\",\"publisher\":{\"@id\":\"https:\/\/narteks.net\/#organization\"},\"alternateName\":\"K\u00fclt\u00fcr Sanat Edebiyat Felsefe\",\"potentialAction\":[{\"@type\":\"SearchAction\",\"target\":{\"@type\":\"EntryPoint\",\"urlTemplate\":\"https:\/\/narteks.net\/?s={search_term_string}\"},\"query-input\":{\"@type\":\"PropertyValueSpecification\",\"valueRequired\":true,\"valueName\":\"search_term_string\"}}],\"inLanguage\":\"tr\"},{\"@type\":\"Organization\",\"@id\":\"https:\/\/narteks.net\/#organization\",\"name\":\"narteks.net\",\"url\":\"https:\/\/narteks.net\/\",\"logo\":{\"@type\":\"ImageObject\",\"inLanguage\":\"tr\",\"@id\":\"https:\/\/narteks.net\/#\/schema\/logo\/image\/\",\"url\":\"https:\/\/narteks.net\/wp-content\/uploads\/narteks.png\",\"contentUrl\":\"https:\/\/narteks.net\/wp-content\/uploads\/narteks.png\",\"width\":300,\"height\":90,\"caption\":\"narteks.net\"},\"image\":{\"@id\":\"https:\/\/narteks.net\/#\/schema\/logo\/image\/\"},\"sameAs\":[\"https:\/\/x.com\/narteks\",\"https:\/\/instagram.com\/narteksnet\"]},{\"@type\":\"Person\",\"@id\":\"https:\/\/narteks.net\/#\/schema\/person\/61f37d9834294b72d31d274e7ed79bca\",\"name\":\"Tar\u0131k\",\"image\":{\"@type\":\"ImageObject\",\"inLanguage\":\"tr\",\"@id\":\"https:\/\/narteks.net\/#\/schema\/person\/image\/\",\"url\":\"https:\/\/secure.gravatar.com\/avatar\/50865afb55632c4ae467e0af0930f6510aa2297d8014be502a55b14f3b7550cf?s=96&d=mm&r=g\",\"contentUrl\":\"https:\/\/secure.gravatar.com\/avatar\/50865afb55632c4ae467e0af0930f6510aa2297d8014be502a55b14f3b7550cf?s=96&d=mm&r=g\",\"caption\":\"Tar\u0131k\"},\"sameAs\":[\"http:\/\/narteks.net\"],\"url\":\"https:\/\/narteks.net\/index.php\/author\/narbak\/\"}]}<\/script>\n<!-- \/ Yoast SEO Premium plugin. -->","yoast_head_json":{"title":"Yer;Ankara'daki Siyasal Bilgiler Fak\u00fcltesi yurdu | 300 yaral\u0131 ve sonras\u0131 tek \u00f6l\u00fcm - Z.Arkada\u015f \u00d6zger - narteks.net","robots":{"index":"index","follow":"follow","max-snippet":"max-snippet:-1","max-image-preview":"max-image-preview:large","max-video-preview":"max-video-preview:-1"},"canonical":"https:\/\/narteks.net\/index.php\/2010\/03\/03\/yerankaradaki-siyasal-bilgiler-fakultesi-yurdu-300-yarali-ve-sonrasi-tek-olum-zarkadas-ozger\/","og_locale":"tr_TR","og_type":"article","og_title":"Yer;Ankara'daki Siyasal Bilgiler Fak\u00fcltesi yurdu | 300 yaral\u0131 ve sonras\u0131 tek \u00f6l\u00fcm - Z.Arkada\u015f \u00d6zger","og_description":"Bir g\u00fcn eve geliyor Arkada\u015f. Yokum.Gitmek \u00fczereyken,&#8211; Yavrum ad\u0131n ne?&#8211; Arkada\u015f.&#8211; Anlad\u0131m arkada\u015f\u0131s\u0131n o\u011flumun. Ama ad\u0131n ne?&#8211; Arkada\u015f,&#8211; Yavrum tamam&#8230; arkada\u015f\u0131s\u0131n. Ama ad\u0131n\u0131 s\u00f6yle de seni falanca arad\u0131 diyeyim o\u011fluma.&#8211; Vallahi de billahi de ad\u0131m Arkada\u015f!*\u015eiirimizin gen\u00e7 ya\u015fta yitirdi\u011fi y\u00fczlerce arkada\u015f&#8217;tan biridir Arkada\u015f Z. \u00d6zger. Kendisi alm\u0131\u015ft\u0131r Arkada\u015f ad\u0131n\u0131. Arkada\u015f\u0131 Sina Akyol&#8217;dan aktard\u0131\u011f\u0131m\u0131z yukar\u0131daki an\u0131, [&hellip;]","og_url":"https:\/\/narteks.net\/index.php\/2010\/03\/03\/yerankaradaki-siyasal-bilgiler-fakultesi-yurdu-300-yarali-ve-sonrasi-tek-olum-zarkadas-ozger\/","og_site_name":"narteks.net","article_published_time":"2010-03-02T22:00:00+00:00","og_image":[{"url":"http:\/\/simgesiir.files.wordpress.com\/2009\/12\/arkadas.jpg","type":"","width":"","height":""}],"author":"Tar\u0131k","twitter_card":"summary_large_image","twitter_creator":"@narteks","twitter_site":"@narteks","twitter_misc":{"Yazan:":"Tar\u0131k","Tahmini okuma s\u00fcresi":"6 dakika"},"schema":{"@context":"https:\/\/schema.org","@graph":[{"@type":"Article","@id":"https:\/\/narteks.net\/index.php\/2010\/03\/03\/yerankaradaki-siyasal-bilgiler-fakultesi-yurdu-300-yarali-ve-sonrasi-tek-olum-zarkadas-ozger\/#article","isPartOf":{"@id":"https:\/\/narteks.net\/index.php\/2010\/03\/03\/yerankaradaki-siyasal-bilgiler-fakultesi-yurdu-300-yarali-ve-sonrasi-tek-olum-zarkadas-ozger\/"},"author":{"name":"Tar\u0131k","@id":"https:\/\/narteks.net\/#\/schema\/person\/61f37d9834294b72d31d274e7ed79bca"},"headline":"Yer;Ankara&#8217;daki Siyasal Bilgiler Fak\u00fcltesi yurdu | 300 yaral\u0131 ve sonras\u0131 tek \u00f6l\u00fcm &#8211; Z.Arkada\u015f \u00d6zger","datePublished":"2010-03-02T22:00:00+00:00","mainEntityOfPage":{"@id":"https:\/\/narteks.net\/index.php\/2010\/03\/03\/yerankaradaki-siyasal-bilgiler-fakultesi-yurdu-300-yarali-ve-sonrasi-tek-olum-zarkadas-ozger\/"},"wordCount":1187,"commentCount":0,"publisher":{"@id":"https:\/\/narteks.net\/#organization"},"image":{"@id":"https:\/\/narteks.net\/index.php\/2010\/03\/03\/yerankaradaki-siyasal-bilgiler-fakultesi-yurdu-300-yarali-ve-sonrasi-tek-olum-zarkadas-ozger\/#primaryimage"},"thumbnailUrl":"http:\/\/simgesiir.files.wordpress.com\/2009\/12\/arkadas.jpg","articleSection":["\u015eair'e Dair"],"inLanguage":"tr","potentialAction":[{"@type":"CommentAction","name":"Comment","target":["https:\/\/narteks.net\/index.php\/2010\/03\/03\/yerankaradaki-siyasal-bilgiler-fakultesi-yurdu-300-yarali-ve-sonrasi-tek-olum-zarkadas-ozger\/#respond"]}]},{"@type":"WebPage","@id":"https:\/\/narteks.net\/index.php\/2010\/03\/03\/yerankaradaki-siyasal-bilgiler-fakultesi-yurdu-300-yarali-ve-sonrasi-tek-olum-zarkadas-ozger\/","url":"https:\/\/narteks.net\/index.php\/2010\/03\/03\/yerankaradaki-siyasal-bilgiler-fakultesi-yurdu-300-yarali-ve-sonrasi-tek-olum-zarkadas-ozger\/","name":"Yer;Ankara'daki Siyasal Bilgiler Fak\u00fcltesi yurdu | 300 yaral\u0131 ve sonras\u0131 tek \u00f6l\u00fcm - Z.Arkada\u015f \u00d6zger - narteks.net","isPartOf":{"@id":"https:\/\/narteks.net\/#website"},"primaryImageOfPage":{"@id":"https:\/\/narteks.net\/index.php\/2010\/03\/03\/yerankaradaki-siyasal-bilgiler-fakultesi-yurdu-300-yarali-ve-sonrasi-tek-olum-zarkadas-ozger\/#primaryimage"},"image":{"@id":"https:\/\/narteks.net\/index.php\/2010\/03\/03\/yerankaradaki-siyasal-bilgiler-fakultesi-yurdu-300-yarali-ve-sonrasi-tek-olum-zarkadas-ozger\/#primaryimage"},"thumbnailUrl":"http:\/\/simgesiir.files.wordpress.com\/2009\/12\/arkadas.jpg","datePublished":"2010-03-02T22:00:00+00:00","breadcrumb":{"@id":"https:\/\/narteks.net\/index.php\/2010\/03\/03\/yerankaradaki-siyasal-bilgiler-fakultesi-yurdu-300-yarali-ve-sonrasi-tek-olum-zarkadas-ozger\/#breadcrumb"},"inLanguage":"tr","potentialAction":[{"@type":"ReadAction","target":["https:\/\/narteks.net\/index.php\/2010\/03\/03\/yerankaradaki-siyasal-bilgiler-fakultesi-yurdu-300-yarali-ve-sonrasi-tek-olum-zarkadas-ozger\/"]}]},{"@type":"ImageObject","inLanguage":"tr","@id":"https:\/\/narteks.net\/index.php\/2010\/03\/03\/yerankaradaki-siyasal-bilgiler-fakultesi-yurdu-300-yarali-ve-sonrasi-tek-olum-zarkadas-ozger\/#primaryimage","url":"http:\/\/simgesiir.files.wordpress.com\/2009\/12\/arkadas.jpg","contentUrl":"http:\/\/simgesiir.files.wordpress.com\/2009\/12\/arkadas.jpg"},{"@type":"BreadcrumbList","@id":"https:\/\/narteks.net\/index.php\/2010\/03\/03\/yerankaradaki-siyasal-bilgiler-fakultesi-yurdu-300-yarali-ve-sonrasi-tek-olum-zarkadas-ozger\/#breadcrumb","itemListElement":[{"@type":"ListItem","position":1,"name":"Anasayfa","item":"https:\/\/narteks.net\/"},{"@type":"ListItem","position":2,"name":"Yer;Ankara&#8217;daki Siyasal Bilgiler Fak\u00fcltesi yurdu | 300 yaral\u0131 ve sonras\u0131 tek \u00f6l\u00fcm &#8211; Z.Arkada\u015f \u00d6zger"}]},{"@type":"WebSite","@id":"https:\/\/narteks.net\/#website","url":"https:\/\/narteks.net\/","name":"narteks.net","description":"K\u00fclt\u00fcr Sanat Edebiyat Felsefe","publisher":{"@id":"https:\/\/narteks.net\/#organization"},"alternateName":"K\u00fclt\u00fcr Sanat Edebiyat Felsefe","potentialAction":[{"@type":"SearchAction","target":{"@type":"EntryPoint","urlTemplate":"https:\/\/narteks.net\/?s={search_term_string}"},"query-input":{"@type":"PropertyValueSpecification","valueRequired":true,"valueName":"search_term_string"}}],"inLanguage":"tr"},{"@type":"Organization","@id":"https:\/\/narteks.net\/#organization","name":"narteks.net","url":"https:\/\/narteks.net\/","logo":{"@type":"ImageObject","inLanguage":"tr","@id":"https:\/\/narteks.net\/#\/schema\/logo\/image\/","url":"https:\/\/narteks.net\/wp-content\/uploads\/narteks.png","contentUrl":"https:\/\/narteks.net\/wp-content\/uploads\/narteks.png","width":300,"height":90,"caption":"narteks.net"},"image":{"@id":"https:\/\/narteks.net\/#\/schema\/logo\/image\/"},"sameAs":["https:\/\/x.com\/narteks","https:\/\/instagram.com\/narteksnet"]},{"@type":"Person","@id":"https:\/\/narteks.net\/#\/schema\/person\/61f37d9834294b72d31d274e7ed79bca","name":"Tar\u0131k","image":{"@type":"ImageObject","inLanguage":"tr","@id":"https:\/\/narteks.net\/#\/schema\/person\/image\/","url":"https:\/\/secure.gravatar.com\/avatar\/50865afb55632c4ae467e0af0930f6510aa2297d8014be502a55b14f3b7550cf?s=96&d=mm&r=g","contentUrl":"https:\/\/secure.gravatar.com\/avatar\/50865afb55632c4ae467e0af0930f6510aa2297d8014be502a55b14f3b7550cf?s=96&d=mm&r=g","caption":"Tar\u0131k"},"sameAs":["http:\/\/narteks.net"],"url":"https:\/\/narteks.net\/index.php\/author\/narbak\/"}]}},"_links":{"self":[{"href":"https:\/\/narteks.net\/index.php\/wp-json\/wp\/v2\/posts\/4042","targetHints":{"allow":["GET"]}}],"collection":[{"href":"https:\/\/narteks.net\/index.php\/wp-json\/wp\/v2\/posts"}],"about":[{"href":"https:\/\/narteks.net\/index.php\/wp-json\/wp\/v2\/types\/post"}],"author":[{"embeddable":true,"href":"https:\/\/narteks.net\/index.php\/wp-json\/wp\/v2\/users\/1"}],"replies":[{"embeddable":true,"href":"https:\/\/narteks.net\/index.php\/wp-json\/wp\/v2\/comments?post=4042"}],"version-history":[{"count":0,"href":"https:\/\/narteks.net\/index.php\/wp-json\/wp\/v2\/posts\/4042\/revisions"}],"wp:attachment":[{"href":"https:\/\/narteks.net\/index.php\/wp-json\/wp\/v2\/media?parent=4042"}],"wp:term":[{"taxonomy":"category","embeddable":true,"href":"https:\/\/narteks.net\/index.php\/wp-json\/wp\/v2\/categories?post=4042"},{"taxonomy":"post_tag","embeddable":true,"href":"https:\/\/narteks.net\/index.php\/wp-json\/wp\/v2\/tags?post=4042"}],"curies":[{"name":"wp","href":"https:\/\/api.w.org\/{rel}","templated":true}]}}