{"id":4043,"date":"2010-01-21T14:12:30","date_gmt":"2010-01-21T11:12:30","guid":{"rendered":"http:\/\/localhost\/wordpress\/2010\/01\/21\/haiti-gercegi-fidel-castro\/"},"modified":"2010-01-21T14:12:30","modified_gmt":"2010-01-21T11:12:30","slug":"haiti-gercegi-fidel-castro","status":"publish","type":"post","link":"https:\/\/narteks.net\/index.php\/2010\/01\/21\/haiti-gercegi-fidel-castro\/","title":{"rendered":"Haiti ger\u00e7e\u011fi; Fidel Castro"},"content":{"rendered":"<p style=\"text-align: justify;\"><img loading=\"lazy\" decoding=\"async\" style=\"float: left;\" src=\"http:\/\/centruldiplomatic.files.wordpress.com\/2009\/07\/f-castro1.jpg\" alt=\"\" width=\"155\" height=\"205\" \/>\u0130ki g\u00fcn \u00f6nce, K\u00fcba saatiyle sabaha kar\u015f\u0131 alt\u0131da, televizyon kanallar\u0131 Port-au-Prince&#8217;i ciddi bir \u015fekilde sarsan \u015fiddetli depremi (Richter \u00f6l\u00e7e\u011fiyle 7.3 b\u00fcy\u00fckl\u00fc\u011f\u00fcnde) vermeye ba\u015flad\u0131lar. Bu sismik fenomen, n\u00fcfusun y\u00fczde 80&#8217;inin kerpi\u00e7 ve \u00e7amurdan yap\u0131lm\u0131\u015f evlerde oturdu\u011fu Haiti ba\u015fkentinin 15 kilometre uzakl\u0131\u011f\u0131nda denizdeki bir faydan kaynaklan\u0131yordu.<\/p>\n<p style=\"text-align: justify;\">Haberler saatlerce hi\u00e7 aral\u0131ks\u0131z devam etti. Herhangi bir g\u00f6r\u00fcnt\u00fc olmasa da bir\u00e7ok kamu binas\u0131n\u0131n, hastanelerin, okullar\u0131n ve sa\u011flam bir \u015fekilde in\u015fa edilmi\u015f bir\u00e7ok binan\u0131n y\u0131k\u0131ld\u0131\u011f\u0131 bildirildi. 7.3 \u015fiddetinde bir depremin, 400 bin ton TNT patlad\u0131\u011f\u0131nda yay\u0131lan enerjiye denk oldu\u011funu okudum.<\/p>\n<p>Trajik tarifler dilden dile aktar\u0131l\u0131yordu. Sokakta yaral\u0131 insanlar t\u0131bbi yard\u0131m i\u00e7in a\u011fl\u0131yordu, etraflar\u0131 yak\u0131nlar\u0131n\u0131n g\u00f6m\u00fcl\u00fc oldu\u011fu g\u00f6\u00e7\u00fcklerle sar\u0131l\u0131yd\u0131. Ne var ki birka\u00e7 saat boyunca hi\u00e7 kimse hi\u00e7bir g\u00f6r\u00fcnt\u00fc yay\u0131nlayamad\u0131.<\/p>\n<p>Haberleri hepimiz \u015fa\u015fk\u0131nl\u0131kla kar\u015f\u0131lad\u0131k. \u00c7o\u011fumuz Haiti&#8217;de ger\u00e7ekle\u015fen f\u0131rt\u0131nalar\u0131 ve ciddi sel bask\u0131nlar\u0131n\u0131 zaman zaman duymu\u015ftuk, ancak hi\u00e7birimiz bu kom\u015fu \u00fclkenin b\u00fcy\u00fck bir deprem riskinde oldu\u011fundan haberdar de\u011fildik. Bu olaydan sonra ortaya \u00e7\u0131kt\u0131 ki, bundan 200 y\u0131l \u00f6nce b\u00fcy\u00fck bir deprem o zamanlar birka\u00e7 bin ki\u015finin ya\u015fad\u0131\u011f\u0131 bu \u015fehri benzer bir \u015fekilde etkilemi\u015fti.<\/p>\n<p>Gece yar\u0131s\u0131 oldu\u011funda kurbanlar\u0131n tahmini say\u0131s\u0131 h\u00e2l\u00e2 a\u00e7\u0131klanmam\u0131\u015ft\u0131. Y\u00fcksek r\u00fctbeli Birle\u015fmi\u015f Milletler yetkilileri ve birka\u00e7 h\u00fck\u00fcmet g\u00f6revlisi yard\u0131m i\u00e7in acil durum ekipleri g\u00f6ndereceklerini a\u00e7\u0131klad\u0131lar. MINUSTAH (Haiti Birle\u015fmi\u015f \u0130stikrar G\u00f6revi) ordular\u0131 b\u00f6lgede konu\u015flanm\u0131\u015f oldu\u011fundan, baz\u0131 savunma bakanlar\u0131 personelden olas\u0131 kay\u0131plar\u0131n olabilece\u011fini konu\u015fuyordu.<\/p>\n<p>\u00c7ar\u015famba sabah\u0131ndan itibaren \u00e7ok b\u00fcy\u00fck kay\u0131plar oldu\u011funa dair \u00fcz\u00fcc\u00fc haberler gelmeye ba\u015flad\u0131. BM gibi kurumlar bile \u00fclkedeki baz\u0131 binalar\u0131n\u0131n y\u0131k\u0131ld\u0131\u011f\u0131n\u0131 bildirdi.<\/p>\n<p>Saatler boyunca bu kom\u015fu ulusun durumuyla ilgili git gide daha travmatik haberler gelmeye devam etti. \u00d6len kurbanlar\u0131n say\u0131s\u0131n\u0131n \u00e7e\u015fitli kaynaklara g\u00f6re 30 bin ile 100 bin aras\u0131nda de\u011fi\u015fti\u011fi s\u00f6ylendi. Bu felaketin d\u00fcnya \u00e7ap\u0131nda yayg\u0131n bir \u015fekilde yay\u0131nland\u0131\u011f\u0131na \u015f\u00fcphe yok ve bir\u00e7ok devlet harekete ge\u00e7ti ve yard\u0131m etmek i\u00e7in \u00e7aba sarf ediyor.<\/p>\n<p>Bu trajedi \u00e7ok fazla insan\u0131 harekete ge\u00e7irdi. Ama belki de \u00e7ok az\u0131 durup da Haiti&#8217;nin neden bu kadar fakir bir \u00fclke oldu\u011funu d\u00fc\u015f\u00fcnd\u00fc. Neden n\u00fcfusun y\u00fczde 50&#8217;si yurtd\u0131\u015f\u0131ndan aile fertlerinin g\u00f6nderdi\u011fi para havalelerine ba\u011f\u0131ml\u0131 ya\u015f\u0131yor? Ni\u00e7in Haiti&#8217;yi \u015fimdiki duruma ve bu b\u00fcy\u00fck ac\u0131ya s\u00fcr\u00fckleyen ger\u00e7ekler incelenmiyor?<\/p>\n<p>Bu hikayenin en merak uyand\u0131ran y\u00f6n\u00fc, Haiti&#8217;nin Avrupa taraf\u0131ndan k\u00f6lele\u015ftirilen 400 bin Afrikal\u0131n\u0131n, \u015feker ve kahve ekimindeki 30 bin k\u00f6le sahibine kar\u015f\u0131 ayakland\u0131\u011f\u0131, dolay\u0131s\u0131yla bulundu\u011fumuz yar\u0131mk\u00fcrenin ilk b\u00fcy\u00fck sosyal devrimini ger\u00e7ekle\u015ftiren ilk \u00fclke oldu\u011fundan hi\u00e7 kimsenin bahsetmemesi. Burada yenilemez bir \u015f\u00f6hretin sayfalar\u0131 yaz\u0131ld\u0131. Napolyon&#8217;un en y\u00fcksek r\u00fctbeli generali burada yenilgiye u\u011frat\u0131ld\u0131. Haiti, s\u00f6m\u00fcrgecilik ve emperyalizmin, insan kaynaklar\u0131n\u0131n bir y\u00fczy\u0131ldan fazlad\u0131r en zor i\u015flerde \u00e7al\u0131\u015ft\u0131r\u0131lmas\u0131n\u0131n, askeri darbelerin ve do\u011fal kaynaklar\u0131n\u0131n t\u00fcketilmesinin, somut \u00fcr\u00fcn\u00fc.<\/p>\n<p>Gezegenin sakinlerinin b\u00fcy\u00fck \u00e7o\u011funlu\u011funun s\u00f6m\u00fcr\u00fclmesinin ve talan edilmesinin s\u00fcrd\u00fc\u011f\u00fc bu d\u00fcnyada, Haiti \u00e7a\u011f\u0131m\u0131z\u0131n kepazeli\u011fi olmasayd\u0131 e\u011fer, bu tarihi ger\u00e7ekli\u011fin g\u00f6zden ka\u00e7\u0131r\u0131lmas\u0131 bu kadar ciddi olmayacakt\u0131.<\/p>\n<p>Latin Amerika, Afrika ve Asya&#8217;dan milyonlarca insan, Haiti vakas\u0131ndaki kadar olmasa da benzer yokluklar \u00e7ekiyor.<\/p>\n<p>Buradaki gibi durumlar d\u00fcnyan\u0131n hi\u00e7bir yerinde olmamal\u0131, ancak dayat\u0131lan adaletsiz uluslararas\u0131 ekonomik ve siyasi d\u00fczenden dolay\u0131 d\u00fcnyada on binlerce \u015fehir ve kasabada benzer ve ya daha k\u00f6t\u00fc ko\u015fullar var. D\u00fcnya n\u00fcfusu sadece do\u011fal felaketlerden dolay\u0131 (Haiti&#8217;de oldu\u011fu gibi) tehlike alt\u0131nda de\u011fil. Bu do\u011fal felaketler, iklim de\u011fi\u015fikli\u011fi sonucunda gezegende neler olabilece\u011finin bir g\u00f6stergesi, bu da Kopenhag&#8217;daki aldatmacan\u0131n konusuydu.<\/p>\n<p>Haiti&#8217;deki felaketten dolay\u0131 yurtta\u015flar\u0131n\u0131 ve \u00e7al\u0131\u015fanlar\u0131n\u0131 kaybeden b\u00fct\u00fcn \u00fclkeler ve kurumlara sadece \u015funu s\u00f6ylemek do\u011fru olur: hi\u00e7 \u015f\u00fcphemiz yok ki insanlar\u0131n hayat\u0131n\u0131 kurtarmak ve uzun s\u00fcredir ac\u0131 \u00e7eken bu toplumun ac\u0131s\u0131n\u0131 hafifletmek i\u00e7in en b\u00fcy\u00fck \u00e7aba g\u00f6sterilecektir. Haiti&#8217;de uygulanan politikay\u0131 kabul etmesek de, onlar\u0131 ger\u00e7ekle\u015fen bu do\u011fal felaketten dolay\u0131 su\u00e7layamay\u0131z.<\/p>\n<p>Ama \u015funu ifade etmeliyim ki \u015fimdi bu karde\u015f ulusun sorunlar\u0131na ger\u00e7ek ve kal\u0131c\u0131 \u00e7\u00f6z\u00fcmler \u00fcretmenin tam zaman\u0131d\u0131r.<\/p>\n<p>Sa\u011fl\u0131k hizmetleri ve di\u011fer konularda K\u00fcba, Haiti halk\u0131yla senelerdir i\u015fbirli\u011fi yap\u0131yor. 400&#8217;e yak\u0131n doktor ve sa\u011fl\u0131k g\u00f6revlisi Haitililere \u00fccretsiz hizmet sunuyor. Doktorlar\u0131m\u0131z \u00fclkenin 337&#8217;i toplulu\u011fundan 227&#8217;sine her g\u00fcn hizmet veriyor. Di\u011fer taraftan, en az 400 Haitili gen\u00e7 \u00fclkemizde t\u0131p e\u011fitimi g\u00f6r\u00fcyor ve bu gen\u00e7ler d\u00fcn Haiti&#8217;ye giden takviye ekipleriyle kritik durumdaki yaral\u0131lar\u0131 iyile\u015ftirmek i\u00e7in \u00e7al\u0131\u015facaklar. Yani, \u00f6zel bir \u00e7aba harcanmadan 1000&#8217;den fazla doktor ve sa\u011fl\u0131k uzman\u0131 bir anda seferber edilebiliyor ve hepsi de Haiti halk\u0131na yard\u0131m etmek isteyen di\u011fer devletlerle i\u015fbirli\u011fi yapmaya haz\u0131r.<\/p>\n<p>Bunun d\u0131\u015f\u0131nda da \u00f6nemli say\u0131da Haitili gen\u00e7 \u015fu anda K\u00fcba&#8217;da t\u0131p okuyor.<\/p>\n<p>Biz Haiti halk\u0131yla di\u011fer alanlarda da elimizden geldi\u011fince dayan\u0131\u015f\u0131yoruz. Politika ve fikirler alan\u0131nda birbirine z\u0131t olarak tan\u0131mlanan uluslar\u0131n, -Haiti&#8217;deki gibi- insanlar\u0131n ac\u0131 \u00e7ekti\u011fi trajedileri sonland\u0131rmak i\u00e7in i\u015fbirli\u011fi yapmas\u0131ndan daha de\u011ferli bir dayan\u0131\u015fma bi\u00e7imi yoktur.<\/p>\n<p>Sa\u011fl\u0131k ekibimi \u015fefimiz, d\u00fcn Port-au-Prince&#8217;e vard\u0131ktan birka\u00e7 saat sonra &#8220;durumun \u00e7ok zor oldu\u011funu, ancak \u015fimdiden hayat kurtarmaya ba\u015flad\u0131klar\u0131n\u0131&#8221; rapor etti.<\/p>\n<p>O gece ge\u00e7 saatlerde, K\u00fcbal\u0131 doktorlar\u0131n ve ELAM&#8217;\u0131n Haiti as\u0131ll\u0131 mezunlar\u0131n\u0131n \u00fclkenin her yerine da\u011f\u0131ld\u0131klar\u0131n\u0131 \u00f6\u011frendik. \u015eimdiden Port-au-Prince&#8217;de binin \u00fczerinde hasta bakt\u0131lar, y\u0131k\u0131lmayan hastane binalar\u0131nda ameliyatlar yap\u0131yorlar, gerekli yerlere seyyar hastaneler kullan\u0131yorlar.<\/p>\n<p>K\u00fcbal\u0131 doktorlar\u0131n ve K\u00fcba&#8217;da e\u011fitim g\u00f6rm\u00fc\u015f gen\u00e7 Haitili doktorlar\u0131n Haiti&#8217;deki karde\u015flerimize hizmet sunarak g\u00f6sterilen i\u015fbirli\u011finden gurur duyuyoruz.<\/p>\n<p style=\"text-align: justify;\"><em>* Eski K\u00fcba Devlet Ba\u015fkan\u0131 Fidel Castro&#8217;nun 13 Ocak tarihli yaz\u0131s\u0131n\u0131n \u0130ngilizcesi Znet&#8217;te yay\u0131mlanan metnini, \u00c7i\u00e7ek Tahao\u011flu bianet i\u00e7in T\u00fcrk\u00e7ele\u015ftirdi. <\/em><\/p>\n","protected":false},"excerpt":{"rendered":"<p>\u0130ki g\u00fcn \u00f6nce, K\u00fcba saatiyle sabaha kar\u015f\u0131 alt\u0131da, televizyon kanallar\u0131 Port-au-Prince&#8217;i ciddi bir \u015fekilde sarsan \u015fiddetli depremi (Richter \u00f6l\u00e7e\u011fiyle 7.3 b\u00fcy\u00fckl\u00fc\u011f\u00fcnde) vermeye ba\u015flad\u0131lar. Bu sismik fenomen, n\u00fcfusun y\u00fczde 80&#8217;inin kerpi\u00e7 ve \u00e7amurdan yap\u0131lm\u0131\u015f evlerde oturdu\u011fu Haiti ba\u015fkentinin 15 kilometre uzakl\u0131\u011f\u0131nda denizdeki bir faydan kaynaklan\u0131yordu. Haberler saatlerce hi\u00e7 aral\u0131ks\u0131z devam etti. Herhangi bir g\u00f6r\u00fcnt\u00fc olmasa da [&hellip;]<\/p>\n","protected":false},"author":1,"featured_media":0,"comment_status":"open","ping_status":"open","sticky":false,"template":"","format":"standard","meta":{"footnotes":""},"categories":[99],"tags":[],"class_list":{"0":"post-4043","1":"post","2":"type-post","3":"status-publish","4":"format-standard","6":"category-dunya"},"yoast_head":"<!-- This site is optimized with the Yoast SEO Premium plugin v24.9 (Yoast SEO v24.9) - https:\/\/yoast.com\/wordpress\/plugins\/seo\/ -->\n<title>Haiti ger\u00e7e\u011fi; Fidel Castro - narteks.net<\/title>\n<meta name=\"robots\" content=\"index, follow, max-snippet:-1, max-image-preview:large, max-video-preview:-1\" \/>\n<link rel=\"canonical\" href=\"https:\/\/narteks.net\/index.php\/2010\/01\/21\/haiti-gercegi-fidel-castro\/\" \/>\n<meta property=\"og:locale\" content=\"tr_TR\" \/>\n<meta property=\"og:type\" content=\"article\" \/>\n<meta property=\"og:title\" content=\"Haiti ger\u00e7e\u011fi; Fidel Castro\" \/>\n<meta property=\"og:description\" content=\"\u0130ki g\u00fcn \u00f6nce, K\u00fcba saatiyle sabaha kar\u015f\u0131 alt\u0131da, televizyon kanallar\u0131 Port-au-Prince&#8217;i ciddi bir \u015fekilde sarsan \u015fiddetli depremi (Richter \u00f6l\u00e7e\u011fiyle 7.3 b\u00fcy\u00fckl\u00fc\u011f\u00fcnde) vermeye ba\u015flad\u0131lar. Bu sismik fenomen, n\u00fcfusun y\u00fczde 80&#8217;inin kerpi\u00e7 ve \u00e7amurdan yap\u0131lm\u0131\u015f evlerde oturdu\u011fu Haiti ba\u015fkentinin 15 kilometre uzakl\u0131\u011f\u0131nda denizdeki bir faydan kaynaklan\u0131yordu. Haberler saatlerce hi\u00e7 aral\u0131ks\u0131z devam etti. Herhangi bir g\u00f6r\u00fcnt\u00fc olmasa da [&hellip;]\" \/>\n<meta property=\"og:url\" content=\"https:\/\/narteks.net\/index.php\/2010\/01\/21\/haiti-gercegi-fidel-castro\/\" \/>\n<meta property=\"og:site_name\" content=\"narteks.net\" \/>\n<meta property=\"article:published_time\" content=\"2010-01-21T11:12:30+00:00\" \/>\n<meta property=\"og:image\" content=\"http:\/\/centruldiplomatic.files.wordpress.com\/2009\/07\/f-castro1.jpg\" \/>\n<meta name=\"author\" content=\"Tar\u0131k\" \/>\n<meta name=\"twitter:card\" content=\"summary_large_image\" \/>\n<meta name=\"twitter:creator\" content=\"@narteks\" \/>\n<meta name=\"twitter:site\" content=\"@narteks\" \/>\n<meta name=\"twitter:label1\" content=\"Yazan:\" \/>\n\t<meta name=\"twitter:data1\" content=\"Tar\u0131k\" \/>\n\t<meta name=\"twitter:label2\" content=\"Tahmini okuma s\u00fcresi\" \/>\n\t<meta name=\"twitter:data2\" content=\"6 dakika\" \/>\n<script type=\"application\/ld+json\" class=\"yoast-schema-graph\">{\"@context\":\"https:\/\/schema.org\",\"@graph\":[{\"@type\":\"Article\",\"@id\":\"https:\/\/narteks.net\/index.php\/2010\/01\/21\/haiti-gercegi-fidel-castro\/#article\",\"isPartOf\":{\"@id\":\"https:\/\/narteks.net\/index.php\/2010\/01\/21\/haiti-gercegi-fidel-castro\/\"},\"author\":{\"name\":\"Tar\u0131k\",\"@id\":\"https:\/\/narteks.net\/#\/schema\/person\/61f37d9834294b72d31d274e7ed79bca\"},\"headline\":\"Haiti ger\u00e7e\u011fi; Fidel Castro\",\"datePublished\":\"2010-01-21T11:12:30+00:00\",\"mainEntityOfPage\":{\"@id\":\"https:\/\/narteks.net\/index.php\/2010\/01\/21\/haiti-gercegi-fidel-castro\/\"},\"wordCount\":1141,\"commentCount\":0,\"publisher\":{\"@id\":\"https:\/\/narteks.net\/#organization\"},\"image\":{\"@id\":\"https:\/\/narteks.net\/index.php\/2010\/01\/21\/haiti-gercegi-fidel-castro\/#primaryimage\"},\"thumbnailUrl\":\"http:\/\/centruldiplomatic.files.wordpress.com\/2009\/07\/f-castro1.jpg\",\"articleSection\":[\"D\u00fcnya\"],\"inLanguage\":\"tr\",\"potentialAction\":[{\"@type\":\"CommentAction\",\"name\":\"Comment\",\"target\":[\"https:\/\/narteks.net\/index.php\/2010\/01\/21\/haiti-gercegi-fidel-castro\/#respond\"]}]},{\"@type\":\"WebPage\",\"@id\":\"https:\/\/narteks.net\/index.php\/2010\/01\/21\/haiti-gercegi-fidel-castro\/\",\"url\":\"https:\/\/narteks.net\/index.php\/2010\/01\/21\/haiti-gercegi-fidel-castro\/\",\"name\":\"Haiti ger\u00e7e\u011fi; Fidel Castro - narteks.net\",\"isPartOf\":{\"@id\":\"https:\/\/narteks.net\/#website\"},\"primaryImageOfPage\":{\"@id\":\"https:\/\/narteks.net\/index.php\/2010\/01\/21\/haiti-gercegi-fidel-castro\/#primaryimage\"},\"image\":{\"@id\":\"https:\/\/narteks.net\/index.php\/2010\/01\/21\/haiti-gercegi-fidel-castro\/#primaryimage\"},\"thumbnailUrl\":\"http:\/\/centruldiplomatic.files.wordpress.com\/2009\/07\/f-castro1.jpg\",\"datePublished\":\"2010-01-21T11:12:30+00:00\",\"breadcrumb\":{\"@id\":\"https:\/\/narteks.net\/index.php\/2010\/01\/21\/haiti-gercegi-fidel-castro\/#breadcrumb\"},\"inLanguage\":\"tr\",\"potentialAction\":[{\"@type\":\"ReadAction\",\"target\":[\"https:\/\/narteks.net\/index.php\/2010\/01\/21\/haiti-gercegi-fidel-castro\/\"]}]},{\"@type\":\"ImageObject\",\"inLanguage\":\"tr\",\"@id\":\"https:\/\/narteks.net\/index.php\/2010\/01\/21\/haiti-gercegi-fidel-castro\/#primaryimage\",\"url\":\"http:\/\/centruldiplomatic.files.wordpress.com\/2009\/07\/f-castro1.jpg\",\"contentUrl\":\"http:\/\/centruldiplomatic.files.wordpress.com\/2009\/07\/f-castro1.jpg\"},{\"@type\":\"BreadcrumbList\",\"@id\":\"https:\/\/narteks.net\/index.php\/2010\/01\/21\/haiti-gercegi-fidel-castro\/#breadcrumb\",\"itemListElement\":[{\"@type\":\"ListItem\",\"position\":1,\"name\":\"Anasayfa\",\"item\":\"https:\/\/narteks.net\/\"},{\"@type\":\"ListItem\",\"position\":2,\"name\":\"Haiti ger\u00e7e\u011fi; Fidel Castro\"}]},{\"@type\":\"WebSite\",\"@id\":\"https:\/\/narteks.net\/#website\",\"url\":\"https:\/\/narteks.net\/\",\"name\":\"narteks.net\",\"description\":\"K\u00fclt\u00fcr Sanat Edebiyat Felsefe\",\"publisher\":{\"@id\":\"https:\/\/narteks.net\/#organization\"},\"alternateName\":\"K\u00fclt\u00fcr Sanat Edebiyat Felsefe\",\"potentialAction\":[{\"@type\":\"SearchAction\",\"target\":{\"@type\":\"EntryPoint\",\"urlTemplate\":\"https:\/\/narteks.net\/?s={search_term_string}\"},\"query-input\":{\"@type\":\"PropertyValueSpecification\",\"valueRequired\":true,\"valueName\":\"search_term_string\"}}],\"inLanguage\":\"tr\"},{\"@type\":\"Organization\",\"@id\":\"https:\/\/narteks.net\/#organization\",\"name\":\"narteks.net\",\"url\":\"https:\/\/narteks.net\/\",\"logo\":{\"@type\":\"ImageObject\",\"inLanguage\":\"tr\",\"@id\":\"https:\/\/narteks.net\/#\/schema\/logo\/image\/\",\"url\":\"https:\/\/narteks.net\/wp-content\/uploads\/narteks.png\",\"contentUrl\":\"https:\/\/narteks.net\/wp-content\/uploads\/narteks.png\",\"width\":300,\"height\":90,\"caption\":\"narteks.net\"},\"image\":{\"@id\":\"https:\/\/narteks.net\/#\/schema\/logo\/image\/\"},\"sameAs\":[\"https:\/\/x.com\/narteks\",\"https:\/\/instagram.com\/narteksnet\"]},{\"@type\":\"Person\",\"@id\":\"https:\/\/narteks.net\/#\/schema\/person\/61f37d9834294b72d31d274e7ed79bca\",\"name\":\"Tar\u0131k\",\"image\":{\"@type\":\"ImageObject\",\"inLanguage\":\"tr\",\"@id\":\"https:\/\/narteks.net\/#\/schema\/person\/image\/\",\"url\":\"https:\/\/secure.gravatar.com\/avatar\/50865afb55632c4ae467e0af0930f6510aa2297d8014be502a55b14f3b7550cf?s=96&d=mm&r=g\",\"contentUrl\":\"https:\/\/secure.gravatar.com\/avatar\/50865afb55632c4ae467e0af0930f6510aa2297d8014be502a55b14f3b7550cf?s=96&d=mm&r=g\",\"caption\":\"Tar\u0131k\"},\"sameAs\":[\"http:\/\/narteks.net\"],\"url\":\"https:\/\/narteks.net\/index.php\/author\/narbak\/\"}]}<\/script>\n<!-- \/ Yoast SEO Premium plugin. -->","yoast_head_json":{"title":"Haiti ger\u00e7e\u011fi; Fidel Castro - narteks.net","robots":{"index":"index","follow":"follow","max-snippet":"max-snippet:-1","max-image-preview":"max-image-preview:large","max-video-preview":"max-video-preview:-1"},"canonical":"https:\/\/narteks.net\/index.php\/2010\/01\/21\/haiti-gercegi-fidel-castro\/","og_locale":"tr_TR","og_type":"article","og_title":"Haiti ger\u00e7e\u011fi; Fidel Castro","og_description":"\u0130ki g\u00fcn \u00f6nce, K\u00fcba saatiyle sabaha kar\u015f\u0131 alt\u0131da, televizyon kanallar\u0131 Port-au-Prince&#8217;i ciddi bir \u015fekilde sarsan \u015fiddetli depremi (Richter \u00f6l\u00e7e\u011fiyle 7.3 b\u00fcy\u00fckl\u00fc\u011f\u00fcnde) vermeye ba\u015flad\u0131lar. Bu sismik fenomen, n\u00fcfusun y\u00fczde 80&#8217;inin kerpi\u00e7 ve \u00e7amurdan yap\u0131lm\u0131\u015f evlerde oturdu\u011fu Haiti ba\u015fkentinin 15 kilometre uzakl\u0131\u011f\u0131nda denizdeki bir faydan kaynaklan\u0131yordu. Haberler saatlerce hi\u00e7 aral\u0131ks\u0131z devam etti. Herhangi bir g\u00f6r\u00fcnt\u00fc olmasa da [&hellip;]","og_url":"https:\/\/narteks.net\/index.php\/2010\/01\/21\/haiti-gercegi-fidel-castro\/","og_site_name":"narteks.net","article_published_time":"2010-01-21T11:12:30+00:00","og_image":[{"url":"http:\/\/centruldiplomatic.files.wordpress.com\/2009\/07\/f-castro1.jpg","type":"","width":"","height":""}],"author":"Tar\u0131k","twitter_card":"summary_large_image","twitter_creator":"@narteks","twitter_site":"@narteks","twitter_misc":{"Yazan:":"Tar\u0131k","Tahmini okuma s\u00fcresi":"6 dakika"},"schema":{"@context":"https:\/\/schema.org","@graph":[{"@type":"Article","@id":"https:\/\/narteks.net\/index.php\/2010\/01\/21\/haiti-gercegi-fidel-castro\/#article","isPartOf":{"@id":"https:\/\/narteks.net\/index.php\/2010\/01\/21\/haiti-gercegi-fidel-castro\/"},"author":{"name":"Tar\u0131k","@id":"https:\/\/narteks.net\/#\/schema\/person\/61f37d9834294b72d31d274e7ed79bca"},"headline":"Haiti ger\u00e7e\u011fi; Fidel Castro","datePublished":"2010-01-21T11:12:30+00:00","mainEntityOfPage":{"@id":"https:\/\/narteks.net\/index.php\/2010\/01\/21\/haiti-gercegi-fidel-castro\/"},"wordCount":1141,"commentCount":0,"publisher":{"@id":"https:\/\/narteks.net\/#organization"},"image":{"@id":"https:\/\/narteks.net\/index.php\/2010\/01\/21\/haiti-gercegi-fidel-castro\/#primaryimage"},"thumbnailUrl":"http:\/\/centruldiplomatic.files.wordpress.com\/2009\/07\/f-castro1.jpg","articleSection":["D\u00fcnya"],"inLanguage":"tr","potentialAction":[{"@type":"CommentAction","name":"Comment","target":["https:\/\/narteks.net\/index.php\/2010\/01\/21\/haiti-gercegi-fidel-castro\/#respond"]}]},{"@type":"WebPage","@id":"https:\/\/narteks.net\/index.php\/2010\/01\/21\/haiti-gercegi-fidel-castro\/","url":"https:\/\/narteks.net\/index.php\/2010\/01\/21\/haiti-gercegi-fidel-castro\/","name":"Haiti ger\u00e7e\u011fi; Fidel Castro - narteks.net","isPartOf":{"@id":"https:\/\/narteks.net\/#website"},"primaryImageOfPage":{"@id":"https:\/\/narteks.net\/index.php\/2010\/01\/21\/haiti-gercegi-fidel-castro\/#primaryimage"},"image":{"@id":"https:\/\/narteks.net\/index.php\/2010\/01\/21\/haiti-gercegi-fidel-castro\/#primaryimage"},"thumbnailUrl":"http:\/\/centruldiplomatic.files.wordpress.com\/2009\/07\/f-castro1.jpg","datePublished":"2010-01-21T11:12:30+00:00","breadcrumb":{"@id":"https:\/\/narteks.net\/index.php\/2010\/01\/21\/haiti-gercegi-fidel-castro\/#breadcrumb"},"inLanguage":"tr","potentialAction":[{"@type":"ReadAction","target":["https:\/\/narteks.net\/index.php\/2010\/01\/21\/haiti-gercegi-fidel-castro\/"]}]},{"@type":"ImageObject","inLanguage":"tr","@id":"https:\/\/narteks.net\/index.php\/2010\/01\/21\/haiti-gercegi-fidel-castro\/#primaryimage","url":"http:\/\/centruldiplomatic.files.wordpress.com\/2009\/07\/f-castro1.jpg","contentUrl":"http:\/\/centruldiplomatic.files.wordpress.com\/2009\/07\/f-castro1.jpg"},{"@type":"BreadcrumbList","@id":"https:\/\/narteks.net\/index.php\/2010\/01\/21\/haiti-gercegi-fidel-castro\/#breadcrumb","itemListElement":[{"@type":"ListItem","position":1,"name":"Anasayfa","item":"https:\/\/narteks.net\/"},{"@type":"ListItem","position":2,"name":"Haiti ger\u00e7e\u011fi; Fidel Castro"}]},{"@type":"WebSite","@id":"https:\/\/narteks.net\/#website","url":"https:\/\/narteks.net\/","name":"narteks.net","description":"K\u00fclt\u00fcr Sanat Edebiyat Felsefe","publisher":{"@id":"https:\/\/narteks.net\/#organization"},"alternateName":"K\u00fclt\u00fcr Sanat Edebiyat Felsefe","potentialAction":[{"@type":"SearchAction","target":{"@type":"EntryPoint","urlTemplate":"https:\/\/narteks.net\/?s={search_term_string}"},"query-input":{"@type":"PropertyValueSpecification","valueRequired":true,"valueName":"search_term_string"}}],"inLanguage":"tr"},{"@type":"Organization","@id":"https:\/\/narteks.net\/#organization","name":"narteks.net","url":"https:\/\/narteks.net\/","logo":{"@type":"ImageObject","inLanguage":"tr","@id":"https:\/\/narteks.net\/#\/schema\/logo\/image\/","url":"https:\/\/narteks.net\/wp-content\/uploads\/narteks.png","contentUrl":"https:\/\/narteks.net\/wp-content\/uploads\/narteks.png","width":300,"height":90,"caption":"narteks.net"},"image":{"@id":"https:\/\/narteks.net\/#\/schema\/logo\/image\/"},"sameAs":["https:\/\/x.com\/narteks","https:\/\/instagram.com\/narteksnet"]},{"@type":"Person","@id":"https:\/\/narteks.net\/#\/schema\/person\/61f37d9834294b72d31d274e7ed79bca","name":"Tar\u0131k","image":{"@type":"ImageObject","inLanguage":"tr","@id":"https:\/\/narteks.net\/#\/schema\/person\/image\/","url":"https:\/\/secure.gravatar.com\/avatar\/50865afb55632c4ae467e0af0930f6510aa2297d8014be502a55b14f3b7550cf?s=96&d=mm&r=g","contentUrl":"https:\/\/secure.gravatar.com\/avatar\/50865afb55632c4ae467e0af0930f6510aa2297d8014be502a55b14f3b7550cf?s=96&d=mm&r=g","caption":"Tar\u0131k"},"sameAs":["http:\/\/narteks.net"],"url":"https:\/\/narteks.net\/index.php\/author\/narbak\/"}]}},"_links":{"self":[{"href":"https:\/\/narteks.net\/index.php\/wp-json\/wp\/v2\/posts\/4043","targetHints":{"allow":["GET"]}}],"collection":[{"href":"https:\/\/narteks.net\/index.php\/wp-json\/wp\/v2\/posts"}],"about":[{"href":"https:\/\/narteks.net\/index.php\/wp-json\/wp\/v2\/types\/post"}],"author":[{"embeddable":true,"href":"https:\/\/narteks.net\/index.php\/wp-json\/wp\/v2\/users\/1"}],"replies":[{"embeddable":true,"href":"https:\/\/narteks.net\/index.php\/wp-json\/wp\/v2\/comments?post=4043"}],"version-history":[{"count":0,"href":"https:\/\/narteks.net\/index.php\/wp-json\/wp\/v2\/posts\/4043\/revisions"}],"wp:attachment":[{"href":"https:\/\/narteks.net\/index.php\/wp-json\/wp\/v2\/media?parent=4043"}],"wp:term":[{"taxonomy":"category","embeddable":true,"href":"https:\/\/narteks.net\/index.php\/wp-json\/wp\/v2\/categories?post=4043"},{"taxonomy":"post_tag","embeddable":true,"href":"https:\/\/narteks.net\/index.php\/wp-json\/wp\/v2\/tags?post=4043"}],"curies":[{"name":"wp","href":"https:\/\/api.w.org\/{rel}","templated":true}]}}