{"id":4045,"date":"2010-01-21T20:35:32","date_gmt":"2010-01-21T17:35:32","guid":{"rendered":"http:\/\/localhost\/wordpress\/2010\/01\/21\/ve-tanri-hem-agladi-hem-guldu-yaratilis-halil-cibran\/"},"modified":"2010-01-21T20:35:32","modified_gmt":"2010-01-21T17:35:32","slug":"ve-tanri-hem-agladi-hem-guldu-yaratilis-halil-cibran","status":"publish","type":"post","link":"https:\/\/narteks.net\/index.php\/2010\/01\/21\/ve-tanri-hem-agladi-hem-guldu-yaratilis-halil-cibran\/","title":{"rendered":"ve Tanr\u0131 hem a\u011flad\u0131, hem g\u00fcld\u00fc | Yarat\u0131l\u0131\u015f &#8211; Halil Cibran"},"content":{"rendered":"<p><strong><img loading=\"lazy\" decoding=\"async\" src=\"images\/stories\/halilcibran.jpg\" border=\"0\" width=\"155\" height=\"205\" style=\"float: left;\" \/><\/strong><\/p>\n<p style=\"text-align: justify;\">Tanr\u0131 Kendi&#8217;nden bir ruh kopar\u0131p ald\u0131 ve onu g\u00fczelli\u011fe b\u00fcr\u00fcd\u00fc. Onu tepeden t\u0131rna\u011fa zarafet ve sevecenli\u011fin b\u00fct\u00fcn takdisiyle y\u0131kad\u0131. Ona mutluluk kupas\u0131n\u0131 verdi ve &#8220;Ge\u00e7mi\u015fi ve gelece\u011fi akl\u0131ndan \u00e7\u0131karmad\u0131k\u00e7a bu kupadan i\u00e7me, \u00e7\u00fcnk\u00fc mutluluk anl\u0131kt\u0131r, yoksa hi\u00e7 yoktur,&#8221; dedi. Ona bir de h\u00fcz\u00fcn kupas\u0131 verdi ve &#8220;Bu kupadan da i\u00e7 ki, ya\u015famda anl\u0131k gelip ge\u00e7en mutluluklar\u0131n fark\u0131na var, \u00e7\u00fcnk\u00fc h\u00fcz\u00fcn hep bolca vard\u0131r,&#8221; dedi.<\/p>\n<p style=\"text-align: justify;\">Ve Tanr\u0131 ona, ilk d\u00fcnyevi zevki tatt\u0131\u011f\u0131nda onu y\u00fcz \u00fcst\u00fc b\u0131rak\u0131p gidecek bir a\u015fk ve pohpohland\u0131\u011f\u0131n\u0131 ilk farketti\u011finde yok olup gidecek bir sevimlilik bah\u015fetti. Ve O&#8217;na, t\u00fcm erdemlerin yolunda \u00f6nderlik etsin diye evrenden bilgelik verdi ve y\u00fcre\u011finin ta derinliklerine g\u00f6r\u00fcnmeyeni g\u00f6ren bir g\u00f6z yerle\u015ftirdi ve onun ki\u015fili\u011finde her \u015feyi kucaklayan bir \u015fefkat ve iyilik yaratt\u0131. O&#8217;nu cennetin meleklerinin g\u00f6kku\u015fa\u011f\u0131n\u0131n kiri\u015flerinden \u00f6rd\u00fc\u011f\u00fc elbiselerle giydirip, ku\u015fatt\u0131. ve O&#8217;nun s\u0131rt\u0131na, ya\u015fam ve \u0131\u015f\u0131\u011f\u0131n do\u011fu\u015fu anlam\u0131na gelen \u015fa\u015fk\u0131nl\u0131\u011f\u0131n g\u00f6lgesinden bir pelerin att\u0131. Tanr\u0131 daha sonra, hiddet f\u0131r\u0131n\u0131ndan yak\u0131p k\u00fcl edici ate\u015fi, cehalet \u00e7\u00f6l\u00fcnden kavurucu r\u00fczgar\u0131, bencillik sahillerinden ince ince batan kumlar\u0131 ve \u00e7a\u011flar\u0131n ayaklar\u0131 alt\u0131ndan kaba topra\u011f\u0131 alarak insan\u0131 bi\u00e7imlendirdi. \u0130nsan&#8217;a, onu \u00e7\u0131\u011fr\u0131ndan \u00e7\u0131karan ve onu ancak tutkunun zevki kar\u015f\u0131s\u0131nda yok olup giden bir \u00e7\u0131lg\u0131nl\u0131\u011fa s\u00fcr\u00fckleyen k\u00f6r bir g\u00fc\u00e7 verdi ve onun i\u00e7ine \u00f6l\u00fcm\u00fcn hayali olan ya\u015fam\u0131 soktu. Ve Tanr\u0131 hem a\u011flad\u0131, hem g\u00fcld\u00fc. \u0130nsan&#8217;a kar\u015f\u0131 i\u00e7inde bast\u0131r\u0131lmaz bir sevgi ve ac\u0131ma hissi uyand\u0131 ve onu koruyucu kanatlar\u0131 alt\u0131na ald\u0131.<\/p>\n<p>\u00a0<\/p>\n","protected":false},"excerpt":{"rendered":"<p>Tanr\u0131 Kendi&#8217;nden bir ruh kopar\u0131p ald\u0131 ve onu g\u00fczelli\u011fe b\u00fcr\u00fcd\u00fc. Onu tepeden t\u0131rna\u011fa zarafet ve sevecenli\u011fin b\u00fct\u00fcn takdisiyle y\u0131kad\u0131. Ona mutluluk kupas\u0131n\u0131 verdi ve &#8220;Ge\u00e7mi\u015fi ve gelece\u011fi akl\u0131ndan \u00e7\u0131karmad\u0131k\u00e7a bu kupadan i\u00e7me, \u00e7\u00fcnk\u00fc mutluluk anl\u0131kt\u0131r, yoksa hi\u00e7 yoktur,&#8221; dedi. Ona bir de h\u00fcz\u00fcn kupas\u0131 verdi ve &#8220;Bu kupadan da i\u00e7 ki, ya\u015famda anl\u0131k gelip ge\u00e7en [&hellip;]<\/p>\n","protected":false},"author":1,"featured_media":0,"comment_status":"open","ping_status":"open","sticky":false,"template":"","format":"standard","meta":{"footnotes":""},"categories":[115],"tags":[],"class_list":{"0":"post-4045","1":"post","2":"type-post","3":"status-publish","4":"format-standard","6":"category-ceviri-oykuler"},"yoast_head":"<!-- This site is optimized with the Yoast SEO Premium plugin v24.9 (Yoast SEO v24.9) - https:\/\/yoast.com\/wordpress\/plugins\/seo\/ -->\n<title>ve Tanr\u0131 hem a\u011flad\u0131, hem g\u00fcld\u00fc | Yarat\u0131l\u0131\u015f - Halil Cibran - narteks.net<\/title>\n<meta name=\"robots\" content=\"index, follow, max-snippet:-1, max-image-preview:large, max-video-preview:-1\" \/>\n<link rel=\"canonical\" href=\"https:\/\/narteks.net\/index.php\/2010\/01\/21\/ve-tanri-hem-agladi-hem-guldu-yaratilis-halil-cibran\/\" \/>\n<meta property=\"og:locale\" content=\"tr_TR\" \/>\n<meta property=\"og:type\" content=\"article\" \/>\n<meta property=\"og:title\" content=\"ve Tanr\u0131 hem a\u011flad\u0131, hem g\u00fcld\u00fc | Yarat\u0131l\u0131\u015f - Halil Cibran\" \/>\n<meta property=\"og:description\" content=\"Tanr\u0131 Kendi&#8217;nden bir ruh kopar\u0131p ald\u0131 ve onu g\u00fczelli\u011fe b\u00fcr\u00fcd\u00fc. Onu tepeden t\u0131rna\u011fa zarafet ve sevecenli\u011fin b\u00fct\u00fcn takdisiyle y\u0131kad\u0131. Ona mutluluk kupas\u0131n\u0131 verdi ve &#8220;Ge\u00e7mi\u015fi ve gelece\u011fi akl\u0131ndan \u00e7\u0131karmad\u0131k\u00e7a bu kupadan i\u00e7me, \u00e7\u00fcnk\u00fc mutluluk anl\u0131kt\u0131r, yoksa hi\u00e7 yoktur,&#8221; dedi. Ona bir de h\u00fcz\u00fcn kupas\u0131 verdi ve &#8220;Bu kupadan da i\u00e7 ki, ya\u015famda anl\u0131k gelip ge\u00e7en [&hellip;]\" \/>\n<meta property=\"og:url\" content=\"https:\/\/narteks.net\/index.php\/2010\/01\/21\/ve-tanri-hem-agladi-hem-guldu-yaratilis-halil-cibran\/\" \/>\n<meta property=\"og:site_name\" content=\"narteks.net\" \/>\n<meta property=\"article:published_time\" content=\"2010-01-21T17:35:32+00:00\" \/>\n<meta property=\"og:image\" content=\"https:\/\/narteks.net\/wp-content\/uploads\/narteks.png\" \/>\n\t<meta property=\"og:image:width\" content=\"300\" \/>\n\t<meta property=\"og:image:height\" content=\"90\" \/>\n\t<meta property=\"og:image:type\" content=\"image\/png\" \/>\n<meta name=\"author\" content=\"Tar\u0131k\" \/>\n<meta name=\"twitter:card\" content=\"summary_large_image\" \/>\n<meta name=\"twitter:creator\" content=\"@narteks\" \/>\n<meta name=\"twitter:site\" content=\"@narteks\" \/>\n<meta name=\"twitter:label1\" content=\"Yazan:\" \/>\n\t<meta name=\"twitter:data1\" content=\"Tar\u0131k\" \/>\n\t<meta name=\"twitter:label2\" content=\"Tahmini okuma s\u00fcresi\" \/>\n\t<meta name=\"twitter:data2\" content=\"2 dakika\" \/>\n<script type=\"application\/ld+json\" class=\"yoast-schema-graph\">{\"@context\":\"https:\/\/schema.org\",\"@graph\":[{\"@type\":\"Article\",\"@id\":\"https:\/\/narteks.net\/index.php\/2010\/01\/21\/ve-tanri-hem-agladi-hem-guldu-yaratilis-halil-cibran\/#article\",\"isPartOf\":{\"@id\":\"https:\/\/narteks.net\/index.php\/2010\/01\/21\/ve-tanri-hem-agladi-hem-guldu-yaratilis-halil-cibran\/\"},\"author\":{\"name\":\"Tar\u0131k\",\"@id\":\"https:\/\/narteks.net\/#\/schema\/person\/61f37d9834294b72d31d274e7ed79bca\"},\"headline\":\"ve Tanr\u0131 hem a\u011flad\u0131, hem g\u00fcld\u00fc | Yarat\u0131l\u0131\u015f &#8211; Halil Cibran\",\"datePublished\":\"2010-01-21T17:35:32+00:00\",\"mainEntityOfPage\":{\"@id\":\"https:\/\/narteks.net\/index.php\/2010\/01\/21\/ve-tanri-hem-agladi-hem-guldu-yaratilis-halil-cibran\/\"},\"wordCount\":330,\"commentCount\":0,\"publisher\":{\"@id\":\"https:\/\/narteks.net\/#organization\"},\"articleSection\":[\"\u00c7eviri \u00d6yk\u00fcler\"],\"inLanguage\":\"tr\",\"potentialAction\":[{\"@type\":\"CommentAction\",\"name\":\"Comment\",\"target\":[\"https:\/\/narteks.net\/index.php\/2010\/01\/21\/ve-tanri-hem-agladi-hem-guldu-yaratilis-halil-cibran\/#respond\"]}]},{\"@type\":\"WebPage\",\"@id\":\"https:\/\/narteks.net\/index.php\/2010\/01\/21\/ve-tanri-hem-agladi-hem-guldu-yaratilis-halil-cibran\/\",\"url\":\"https:\/\/narteks.net\/index.php\/2010\/01\/21\/ve-tanri-hem-agladi-hem-guldu-yaratilis-halil-cibran\/\",\"name\":\"ve Tanr\u0131 hem a\u011flad\u0131, hem g\u00fcld\u00fc | Yarat\u0131l\u0131\u015f - Halil Cibran - narteks.net\",\"isPartOf\":{\"@id\":\"https:\/\/narteks.net\/#website\"},\"datePublished\":\"2010-01-21T17:35:32+00:00\",\"breadcrumb\":{\"@id\":\"https:\/\/narteks.net\/index.php\/2010\/01\/21\/ve-tanri-hem-agladi-hem-guldu-yaratilis-halil-cibran\/#breadcrumb\"},\"inLanguage\":\"tr\",\"potentialAction\":[{\"@type\":\"ReadAction\",\"target\":[\"https:\/\/narteks.net\/index.php\/2010\/01\/21\/ve-tanri-hem-agladi-hem-guldu-yaratilis-halil-cibran\/\"]}]},{\"@type\":\"BreadcrumbList\",\"@id\":\"https:\/\/narteks.net\/index.php\/2010\/01\/21\/ve-tanri-hem-agladi-hem-guldu-yaratilis-halil-cibran\/#breadcrumb\",\"itemListElement\":[{\"@type\":\"ListItem\",\"position\":1,\"name\":\"Anasayfa\",\"item\":\"https:\/\/narteks.net\/\"},{\"@type\":\"ListItem\",\"position\":2,\"name\":\"ve Tanr\u0131 hem a\u011flad\u0131, hem g\u00fcld\u00fc | Yarat\u0131l\u0131\u015f &#8211; Halil Cibran\"}]},{\"@type\":\"WebSite\",\"@id\":\"https:\/\/narteks.net\/#website\",\"url\":\"https:\/\/narteks.net\/\",\"name\":\"narteks.net\",\"description\":\"K\u00fclt\u00fcr Sanat Edebiyat Felsefe\",\"publisher\":{\"@id\":\"https:\/\/narteks.net\/#organization\"},\"alternateName\":\"K\u00fclt\u00fcr Sanat Edebiyat Felsefe\",\"potentialAction\":[{\"@type\":\"SearchAction\",\"target\":{\"@type\":\"EntryPoint\",\"urlTemplate\":\"https:\/\/narteks.net\/?s={search_term_string}\"},\"query-input\":{\"@type\":\"PropertyValueSpecification\",\"valueRequired\":true,\"valueName\":\"search_term_string\"}}],\"inLanguage\":\"tr\"},{\"@type\":\"Organization\",\"@id\":\"https:\/\/narteks.net\/#organization\",\"name\":\"narteks.net\",\"url\":\"https:\/\/narteks.net\/\",\"logo\":{\"@type\":\"ImageObject\",\"inLanguage\":\"tr\",\"@id\":\"https:\/\/narteks.net\/#\/schema\/logo\/image\/\",\"url\":\"https:\/\/narteks.net\/wp-content\/uploads\/narteks.png\",\"contentUrl\":\"https:\/\/narteks.net\/wp-content\/uploads\/narteks.png\",\"width\":300,\"height\":90,\"caption\":\"narteks.net\"},\"image\":{\"@id\":\"https:\/\/narteks.net\/#\/schema\/logo\/image\/\"},\"sameAs\":[\"https:\/\/x.com\/narteks\",\"https:\/\/instagram.com\/narteksnet\"]},{\"@type\":\"Person\",\"@id\":\"https:\/\/narteks.net\/#\/schema\/person\/61f37d9834294b72d31d274e7ed79bca\",\"name\":\"Tar\u0131k\",\"image\":{\"@type\":\"ImageObject\",\"inLanguage\":\"tr\",\"@id\":\"https:\/\/narteks.net\/#\/schema\/person\/image\/\",\"url\":\"https:\/\/secure.gravatar.com\/avatar\/50865afb55632c4ae467e0af0930f6510aa2297d8014be502a55b14f3b7550cf?s=96&d=mm&r=g\",\"contentUrl\":\"https:\/\/secure.gravatar.com\/avatar\/50865afb55632c4ae467e0af0930f6510aa2297d8014be502a55b14f3b7550cf?s=96&d=mm&r=g\",\"caption\":\"Tar\u0131k\"},\"sameAs\":[\"http:\/\/narteks.net\"],\"url\":\"https:\/\/narteks.net\/index.php\/author\/narbak\/\"}]}<\/script>\n<!-- \/ Yoast SEO Premium plugin. -->","yoast_head_json":{"title":"ve Tanr\u0131 hem a\u011flad\u0131, hem g\u00fcld\u00fc | Yarat\u0131l\u0131\u015f - Halil Cibran - narteks.net","robots":{"index":"index","follow":"follow","max-snippet":"max-snippet:-1","max-image-preview":"max-image-preview:large","max-video-preview":"max-video-preview:-1"},"canonical":"https:\/\/narteks.net\/index.php\/2010\/01\/21\/ve-tanri-hem-agladi-hem-guldu-yaratilis-halil-cibran\/","og_locale":"tr_TR","og_type":"article","og_title":"ve Tanr\u0131 hem a\u011flad\u0131, hem g\u00fcld\u00fc | Yarat\u0131l\u0131\u015f - Halil Cibran","og_description":"Tanr\u0131 Kendi&#8217;nden bir ruh kopar\u0131p ald\u0131 ve onu g\u00fczelli\u011fe b\u00fcr\u00fcd\u00fc. Onu tepeden t\u0131rna\u011fa zarafet ve sevecenli\u011fin b\u00fct\u00fcn takdisiyle y\u0131kad\u0131. Ona mutluluk kupas\u0131n\u0131 verdi ve &#8220;Ge\u00e7mi\u015fi ve gelece\u011fi akl\u0131ndan \u00e7\u0131karmad\u0131k\u00e7a bu kupadan i\u00e7me, \u00e7\u00fcnk\u00fc mutluluk anl\u0131kt\u0131r, yoksa hi\u00e7 yoktur,&#8221; dedi. Ona bir de h\u00fcz\u00fcn kupas\u0131 verdi ve &#8220;Bu kupadan da i\u00e7 ki, ya\u015famda anl\u0131k gelip ge\u00e7en [&hellip;]","og_url":"https:\/\/narteks.net\/index.php\/2010\/01\/21\/ve-tanri-hem-agladi-hem-guldu-yaratilis-halil-cibran\/","og_site_name":"narteks.net","article_published_time":"2010-01-21T17:35:32+00:00","og_image":[{"width":300,"height":90,"url":"https:\/\/narteks.net\/wp-content\/uploads\/narteks.png","type":"image\/png"}],"author":"Tar\u0131k","twitter_card":"summary_large_image","twitter_creator":"@narteks","twitter_site":"@narteks","twitter_misc":{"Yazan:":"Tar\u0131k","Tahmini okuma s\u00fcresi":"2 dakika"},"schema":{"@context":"https:\/\/schema.org","@graph":[{"@type":"Article","@id":"https:\/\/narteks.net\/index.php\/2010\/01\/21\/ve-tanri-hem-agladi-hem-guldu-yaratilis-halil-cibran\/#article","isPartOf":{"@id":"https:\/\/narteks.net\/index.php\/2010\/01\/21\/ve-tanri-hem-agladi-hem-guldu-yaratilis-halil-cibran\/"},"author":{"name":"Tar\u0131k","@id":"https:\/\/narteks.net\/#\/schema\/person\/61f37d9834294b72d31d274e7ed79bca"},"headline":"ve Tanr\u0131 hem a\u011flad\u0131, hem g\u00fcld\u00fc | Yarat\u0131l\u0131\u015f &#8211; Halil Cibran","datePublished":"2010-01-21T17:35:32+00:00","mainEntityOfPage":{"@id":"https:\/\/narteks.net\/index.php\/2010\/01\/21\/ve-tanri-hem-agladi-hem-guldu-yaratilis-halil-cibran\/"},"wordCount":330,"commentCount":0,"publisher":{"@id":"https:\/\/narteks.net\/#organization"},"articleSection":["\u00c7eviri \u00d6yk\u00fcler"],"inLanguage":"tr","potentialAction":[{"@type":"CommentAction","name":"Comment","target":["https:\/\/narteks.net\/index.php\/2010\/01\/21\/ve-tanri-hem-agladi-hem-guldu-yaratilis-halil-cibran\/#respond"]}]},{"@type":"WebPage","@id":"https:\/\/narteks.net\/index.php\/2010\/01\/21\/ve-tanri-hem-agladi-hem-guldu-yaratilis-halil-cibran\/","url":"https:\/\/narteks.net\/index.php\/2010\/01\/21\/ve-tanri-hem-agladi-hem-guldu-yaratilis-halil-cibran\/","name":"ve Tanr\u0131 hem a\u011flad\u0131, hem g\u00fcld\u00fc | Yarat\u0131l\u0131\u015f - Halil Cibran - narteks.net","isPartOf":{"@id":"https:\/\/narteks.net\/#website"},"datePublished":"2010-01-21T17:35:32+00:00","breadcrumb":{"@id":"https:\/\/narteks.net\/index.php\/2010\/01\/21\/ve-tanri-hem-agladi-hem-guldu-yaratilis-halil-cibran\/#breadcrumb"},"inLanguage":"tr","potentialAction":[{"@type":"ReadAction","target":["https:\/\/narteks.net\/index.php\/2010\/01\/21\/ve-tanri-hem-agladi-hem-guldu-yaratilis-halil-cibran\/"]}]},{"@type":"BreadcrumbList","@id":"https:\/\/narteks.net\/index.php\/2010\/01\/21\/ve-tanri-hem-agladi-hem-guldu-yaratilis-halil-cibran\/#breadcrumb","itemListElement":[{"@type":"ListItem","position":1,"name":"Anasayfa","item":"https:\/\/narteks.net\/"},{"@type":"ListItem","position":2,"name":"ve Tanr\u0131 hem a\u011flad\u0131, hem g\u00fcld\u00fc | Yarat\u0131l\u0131\u015f &#8211; Halil Cibran"}]},{"@type":"WebSite","@id":"https:\/\/narteks.net\/#website","url":"https:\/\/narteks.net\/","name":"narteks.net","description":"K\u00fclt\u00fcr Sanat Edebiyat Felsefe","publisher":{"@id":"https:\/\/narteks.net\/#organization"},"alternateName":"K\u00fclt\u00fcr Sanat Edebiyat Felsefe","potentialAction":[{"@type":"SearchAction","target":{"@type":"EntryPoint","urlTemplate":"https:\/\/narteks.net\/?s={search_term_string}"},"query-input":{"@type":"PropertyValueSpecification","valueRequired":true,"valueName":"search_term_string"}}],"inLanguage":"tr"},{"@type":"Organization","@id":"https:\/\/narteks.net\/#organization","name":"narteks.net","url":"https:\/\/narteks.net\/","logo":{"@type":"ImageObject","inLanguage":"tr","@id":"https:\/\/narteks.net\/#\/schema\/logo\/image\/","url":"https:\/\/narteks.net\/wp-content\/uploads\/narteks.png","contentUrl":"https:\/\/narteks.net\/wp-content\/uploads\/narteks.png","width":300,"height":90,"caption":"narteks.net"},"image":{"@id":"https:\/\/narteks.net\/#\/schema\/logo\/image\/"},"sameAs":["https:\/\/x.com\/narteks","https:\/\/instagram.com\/narteksnet"]},{"@type":"Person","@id":"https:\/\/narteks.net\/#\/schema\/person\/61f37d9834294b72d31d274e7ed79bca","name":"Tar\u0131k","image":{"@type":"ImageObject","inLanguage":"tr","@id":"https:\/\/narteks.net\/#\/schema\/person\/image\/","url":"https:\/\/secure.gravatar.com\/avatar\/50865afb55632c4ae467e0af0930f6510aa2297d8014be502a55b14f3b7550cf?s=96&d=mm&r=g","contentUrl":"https:\/\/secure.gravatar.com\/avatar\/50865afb55632c4ae467e0af0930f6510aa2297d8014be502a55b14f3b7550cf?s=96&d=mm&r=g","caption":"Tar\u0131k"},"sameAs":["http:\/\/narteks.net"],"url":"https:\/\/narteks.net\/index.php\/author\/narbak\/"}]}},"_links":{"self":[{"href":"https:\/\/narteks.net\/index.php\/wp-json\/wp\/v2\/posts\/4045","targetHints":{"allow":["GET"]}}],"collection":[{"href":"https:\/\/narteks.net\/index.php\/wp-json\/wp\/v2\/posts"}],"about":[{"href":"https:\/\/narteks.net\/index.php\/wp-json\/wp\/v2\/types\/post"}],"author":[{"embeddable":true,"href":"https:\/\/narteks.net\/index.php\/wp-json\/wp\/v2\/users\/1"}],"replies":[{"embeddable":true,"href":"https:\/\/narteks.net\/index.php\/wp-json\/wp\/v2\/comments?post=4045"}],"version-history":[{"count":0,"href":"https:\/\/narteks.net\/index.php\/wp-json\/wp\/v2\/posts\/4045\/revisions"}],"wp:attachment":[{"href":"https:\/\/narteks.net\/index.php\/wp-json\/wp\/v2\/media?parent=4045"}],"wp:term":[{"taxonomy":"category","embeddable":true,"href":"https:\/\/narteks.net\/index.php\/wp-json\/wp\/v2\/categories?post=4045"},{"taxonomy":"post_tag","embeddable":true,"href":"https:\/\/narteks.net\/index.php\/wp-json\/wp\/v2\/tags?post=4045"}],"curies":[{"name":"wp","href":"https:\/\/api.w.org\/{rel}","templated":true}]}}