{"id":4046,"date":"2010-01-22T09:40:12","date_gmt":"2010-01-22T06:40:12","guid":{"rendered":"http:\/\/localhost\/wordpress\/2010\/01\/22\/ulkesini-soyan-eskiyalari-anlatiyordu-coban-yasar-atan\/"},"modified":"2010-01-22T09:40:12","modified_gmt":"2010-01-22T06:40:12","slug":"ulkesini-soyan-eskiyalari-anlatiyordu-coban-yasar-atan","status":"publish","type":"post","link":"https:\/\/narteks.net\/index.php\/2010\/01\/22\/ulkesini-soyan-eskiyalari-anlatiyordu-coban-yasar-atan\/","title":{"rendered":"\u00dclkesini soyan e\u015fkiyalar\u0131 anlat\u0131yordu \u00e7oban | Ya\u015far Atan"},"content":{"rendered":"<p><img loading=\"lazy\" decoding=\"async\" src=\"http:\/\/img1.loadtr.com\/b-268449-poseidon.jpg\" border=\"0\" width=\"155\" height=\"205\" style=\"float: left;\" \/><\/p>\n<p style=\"text-align: justify;\">Denizler Tanr\u0131s\u0131 Poseydon; Troya sava\u015f\u0131 sonras\u0131 \u00fclkesine d\u00f6nerken, durmadan tanr\u0131lar\u0131n i\u015fine kar\u0131\u015fan Kral Odisseus\u2019un b\u00fct\u00fcn gemilerini bat\u0131rd\u0131 ve onu, sava\u015f nedir bilmeyen Fayaklar\u0131n adas\u0131na, \u00e7\u0131r\u0131l\u00e7\u0131plak savurdu&#8230; \u201c Ne var ki Tanr\u0131\u00e7a Atena da her zaman oldu\u011fu gibi Odisseus\u2019un yard\u0131m\u0131na ko\u015ftu hemen. Ve onu sava\u015f nedir bilmeyen Fayaklar halk\u0131n\u0131n yard\u0131m\u0131yla, \u00fclkesi \u0130take adas\u0131na ula\u015ft\u0131rd\u0131. Tanr\u0131\u00e7a Atena; Troya\u2019da sava\u015f\u0131rken \u00fclkesini asalak e\u015fk\u0131yalar\u0131n nas\u0131l sard\u0131\u011f\u0131n\u0131 anlatt\u0131 Odisseus\u2019a. Olup bitenleri Atena\u2019n\u0131n a\u011fz\u0131ndan ayr\u0131nt\u0131lar\u0131yla dinledikten sonra Odisseus, yan\u0131nda duran o kocaman kayay\u0131 s\u00f6k\u00fcp g\u00f6ky\u00fcz\u00fcne f\u0131rlatmak ve b\u00f6ylece koparaca\u011f\u0131 g\u00fcr\u00fclt\u00fcyle, bunca s\u00f6m\u00fcr\u00fc i\u00e7inde h\u00e2l\u00e2 uyuyan b\u00fct\u00fcn Akdenizli halklar\u0131 uyand\u0131rmak istedi! Ne var ki Atena;\u201dAcele etme!\u201d dedi.<\/p>\n<p style=\"text-align: justify;\">\u201cSenin neler yapman gerekti\u011fini bir bir s\u00f6yleyece\u011fim&#8230; Kimseler tan\u0131yamas\u0131n diye o d\u00fczg\u00fcn derini buru\u015f buru\u015f yapaca\u011f\u0131m ilkin. Ondan sonra da seni, emektar \u00c7oban\u0131n Eumayos\u2019un kul\u00fcbesine g\u00f6nderece\u011fim. Eumayos; hem senin, hem b\u00fct\u00fcn halk\u0131n oca\u011f\u0131na \u00e7\u00f6reklenmi\u015f o asalak haydutlar\u0131n girdisini \u00e7\u0131kt\u0131s\u0131n\u0131 anlatacak sana&#8230;\u201d Atena\u2019n\u0131n hemen ya\u015fl\u0131 bir adama d\u00f6n\u00fc\u015ft\u00fcrd\u00fc\u011f\u00fc Odisseus, onun \u00f6\u011f\u00fctledi\u011fi gibi ya\u015fl\u0131 \u00c7oban Eumayos\u2019un kul\u00fcbesine ula\u015ft\u0131. Eumayos onu hemen odas\u0131na buyur etti. Hem konu\u015fuyor, hem de konu\u011funun karn\u0131n\u0131 doyurmak i\u00e7in sa\u011fa sola ko\u015fu\u015fuyordu. Bir ara kilden bir testiyi kapt\u0131\u011f\u0131 gibi d\u0131\u015far\u0131 \u00e7\u0131kt\u0131 kul\u00fcbesinden. K\u0131l\u0131k de\u011fi\u015ftirmi\u015f Kral Odisseus biran \u00f6nce Eumayos\u2019un \u00fclkesinde ve kona\u011f\u0131nda olup bitenler hakk\u0131nda bilgi vermesini istiyordu. Ne var ki kendisinin Odisseus oldu\u011funun anla\u015f\u0131lmas\u0131n\u0131 da haliyle istemiyordu&#8230; O zaman \u00fclkesini saran e\u015fk\u0131yalarla giri\u015fece\u011fi sava\u015f\u0131n daha ba\u015f\u0131nda yenilgiye u\u011frard\u0131!&#8230; Bir s\u00fcre sonra Eumayos, elindeki testiyi \u015farapla doldurup gelmi\u015fti&#8230; \u201c\u00c7ok a\u00e7s\u0131n, ihtiyar, biliyorum. Ye\u011fenim bir domuz kesti d\u0131\u015far\u0131da. Yemek haz\u0131rl\u0131yor&#8230; Ama fazla beklemeyiz&#8230; Ya i\u015fte b\u00f6yle, ben de iyice \u00e7\u00f6kt\u00fcm art\u0131k&#8230; Y\u0131llar de\u011fil de efendimin ba\u015f\u0131na gelenler \u00e7\u00f6kertti beni!&#8230; Ah, \u015fimdi buralarda olsayd\u0131&#8230; \u00c7al\u0131\u015ft\u0131\u011f\u0131m\u0131n kar\u015f\u0131l\u0131\u011f\u0131n\u0131 fazlas\u0131yla verirdi bana&#8230; Yaln\u0131z benim de\u011fil s\u00fcr\u00fclerine, tarlalar\u0131na bakan b\u00fct\u00fcn \u00e7al\u0131\u015fanlar\u0131na bol bol verirdi&#8230;<\/p>\n<p style=\"text-align: justify;\">\u201c Sevimli \u00c7oban Eumayos b\u00f6yle kesik kesik konu\u015furken, daldan dala atl\u0131yor; ad\u0131n\u0131 anmadan efendisi Odisseus ve \u00fclkesini soyan e\u015fk\u0131yalar konusunda bir \u015feyler anlat\u0131yordu. \u00c7ok ge\u00e7meden \u00e7oban\u0131n ye\u011feni bir sini dolusu k\u0131zarm\u0131\u015f etlerle girdi i\u00e7eri&#8230; Hemen yeme\u011fe ba\u015flad\u0131lar&#8230; Eumayos konu\u011funun \u00f6n\u00fcndeki \u015farap tas\u0131n\u0131 doldurduktan sonra; \u201cEh, etlerimiz pek ya\u011fl\u0131 de\u011fil ama,\u201d diye s\u00f6ze ba\u015flad\u0131. \u201cArt\u0131k kusuruma bakmazs\u0131n ihtiyar. Hani demin anlat\u0131yordum ya, \u00fclkemiz \u00f6yle masal \u00fclkesi gibiydi. Efendim kimseyi kimseye ezdirtmezdi. Halk\u0131m\u0131z\u0131n da \u00f6yle birbirinin mal\u0131na-\u0131rz\u0131na g\u00f6z dikme gibi bir gelene\u011fi yoktu. Zaten efendim b\u00f6yle \u015feylere hi\u00e7 izin verir miydi? Ama baz\u0131 \u00fclkelerde b\u00f6yle \u015feyler oldu\u011funu kulaktan duyard\u0131k&#8230; Ne var ki b\u00fct\u00fcn bu belalar, sava\u015f denen o afetten sonra gelip bizim \u00fclkemize de \u00e7\u00f6reklendi! Ad\u0131 Agamemnon mu ne , o doymaz kral\u0131n adamlar\u0131n\u0131n yirmi y\u0131l filan \u00f6nce gelip efendimi al\u0131p g\u00f6t\u00fcrmeleriyle ba\u015flad\u0131 her \u015fey&#8230; Ben efendimin han\u0131m\u0131ndan duydumdu: G\u00fczeller g\u00fczeli bir Helena varm\u0131\u015f&#8230; Troyal\u0131 prens onu zorla ka\u00e7\u0131rm\u0131\u015f&#8230; Sonra da o boyu posu devrilesi Agamemnon denen herifin adamlar\u0131, s\u00f6zde Helena\u2019n\u0131n namusunu temizlemek i\u00e7in Efendimi deniz \u00f6telerine al\u0131p g\u00f6t\u00fcrd\u00fcler! Gidi\u015f o gidi\u015f&#8230;<\/p>\n<p style=\"text-align: justify;\">\u201c Burada bir tas \u015farap daha sundu Odisseus\u2019a ya\u015fl\u0131 \u00e7oban&#8230; \u201c Helena\u2019n\u0131n namusu i\u00e7in,\u201d diye yeniden s\u00f6ze ba\u015flad\u0131, \u201cnice yi\u011fitler devrilip devrilip gittiler. Bunun neresi namus sava\u015f\u0131?&#8230;. Bir prens bir krali\u00e7eyi nas\u0131l zorla ka\u00e7\u0131rabilir?!&#8230; Helena\u2019n\u0131n g\u00f6nl\u00fc \u00e7ekmi\u015f, bir delikanl\u0131yla ka\u00e7m\u0131\u015f. Kime ne bundan? O h\u0131nz\u0131r kral bu bahaneyle oradan ganimet toplayacakt\u0131&#8230; Bunda anla\u015f\u0131lmayacak bir taraf yok! Ne var ki benim efendim b\u00f6yle kanl\u0131 ganimetleri istemezdi&#8230; Her neyse, gitti i\u015fte&#8230; Karada m\u0131, denizlerde mi, nerelerde kald\u0131 kemikleri?&#8230; Tabii buralarda da bir avu\u00e7 haz\u0131rc\u0131 e\u015fk\u0131ya, onun \u00f6ld\u00fc\u011f\u00fcn\u00fc duymu\u015f olmal\u0131lar&#8230;. O y\u00fczden halk\u0131m\u0131z\u0131n var\u0131n\u0131 yo\u011funu yiyip i\u00e7meye ba\u015flad\u0131lar. Kalk\u0131p Efendimin kona\u011f\u0131na da yerle\u015ftiler. Ben burada besledi\u011fim ya\u011fl\u0131 domuzlar\u0131n, koyunlar\u0131n en iyilerini hep onlara g\u00f6t\u00fcr\u00fcyorum. Hem de her g\u00fcn iki\u015fer tane! Di\u011fer kom\u015fu \u00e7obanlar da \u00f6yle&#8230; Bu soyguncu haydutlar\u0131n amac\u0131 art\u0131k anla\u015f\u0131ld\u0131. \u00dcrettiklerimizi, k\u0131y\u0131da k\u00f6\u015femizde biriktirdiklerimizi ha bire yiyip i\u00e7ecekler&#8230; \u015eimdi de Odisseus\u2019un s\u00f6zde dul han\u0131m\u0131n\u0131 yataklar\u0131na almak istiyorlar! Geceleri \u015faraplar\u0131 \u00e7ekip \u00e7ekip naralar at\u0131yorlar&#8230; B\u0131y\u0131\u011f\u0131 yeni terleyen o\u011flu Telemahos da bunlara dayanamay\u0131p babas\u0131n\u0131 deniz \u00f6telerinde aramaya gitti&#8230; Neyse ihtiyar konu\u011fum, tas\u0131n bo\u015fald\u0131, tazeleyeyim&#8230; Sen rahat rahat yemene bak&#8230;\u201d Eumayos bir tas daha \u015farap doldurup sundu dilenci k\u0131l\u0131\u011f\u0131ndaki ihtiyar konu\u011funa&#8230; Odisseus bir diki\u015fte bo\u015faltt\u0131 tas\u0131&#8230; Sonra da hemen yerinden f\u0131rlay\u0131p p\u0131r\u0131l p\u0131r\u0131l g\u00f6n\u00fcll\u00fc \u00e7oban\u0131n\u0131 \u015fapur \u015fupur \u00f6pmek ge\u00e7ti i\u00e7inden. Ama bunu yapamazd\u0131. Zar zor kendini tutup uzun uzun y\u00fcz\u00fcne bakt\u0131 \u00fczg\u00fcn Eumayos\u2019un&#8230; Eumayos da susup uzun uzun, ya\u015fl\u0131 g\u00f6zlerle bakt\u0131 ona. Eski g\u00fczel g\u00fcnlere d\u00f6nebilmek i\u00e7in bir \u015feyler yapmak gerekti\u011fini d\u00fc\u015f\u00fcn\u00fcyordu ikisi de. \u00dcstelik hemen!<\/p>\n","protected":false},"excerpt":{"rendered":"<p>Denizler Tanr\u0131s\u0131 Poseydon; Troya sava\u015f\u0131 sonras\u0131 \u00fclkesine d\u00f6nerken, durmadan tanr\u0131lar\u0131n i\u015fine kar\u0131\u015fan Kral Odisseus\u2019un b\u00fct\u00fcn gemilerini bat\u0131rd\u0131 ve onu, sava\u015f nedir bilmeyen Fayaklar\u0131n adas\u0131na, \u00e7\u0131r\u0131l\u00e7\u0131plak savurdu&#8230; \u201c Ne var ki Tanr\u0131\u00e7a Atena da her zaman oldu\u011fu gibi Odisseus\u2019un yard\u0131m\u0131na ko\u015ftu hemen. Ve onu sava\u015f nedir bilmeyen Fayaklar halk\u0131n\u0131n yard\u0131m\u0131yla, \u00fclkesi \u0130take adas\u0131na ula\u015ft\u0131rd\u0131. Tanr\u0131\u00e7a Atena; [&hellip;]<\/p>\n","protected":false},"author":1,"featured_media":0,"comment_status":"open","ping_status":"open","sticky":false,"template":"","format":"standard","meta":{"footnotes":""},"categories":[114],"tags":[],"class_list":{"0":"post-4046","1":"post","2":"type-post","3":"status-publish","4":"format-standard","6":"category-turkiye-den-oykuler"},"yoast_head":"<!-- This site is optimized with the Yoast SEO Premium plugin v24.9 (Yoast SEO v24.9) - https:\/\/yoast.com\/wordpress\/plugins\/seo\/ -->\n<title>\u00dclkesini soyan e\u015fkiyalar\u0131 anlat\u0131yordu \u00e7oban | Ya\u015far Atan - narteks.net<\/title>\n<meta name=\"robots\" content=\"index, follow, max-snippet:-1, max-image-preview:large, max-video-preview:-1\" \/>\n<link rel=\"canonical\" href=\"https:\/\/narteks.net\/index.php\/2010\/01\/22\/ulkesini-soyan-eskiyalari-anlatiyordu-coban-yasar-atan\/\" \/>\n<meta property=\"og:locale\" content=\"tr_TR\" \/>\n<meta property=\"og:type\" content=\"article\" \/>\n<meta property=\"og:title\" content=\"\u00dclkesini soyan e\u015fkiyalar\u0131 anlat\u0131yordu \u00e7oban | Ya\u015far Atan\" \/>\n<meta property=\"og:description\" content=\"Denizler Tanr\u0131s\u0131 Poseydon; Troya sava\u015f\u0131 sonras\u0131 \u00fclkesine d\u00f6nerken, durmadan tanr\u0131lar\u0131n i\u015fine kar\u0131\u015fan Kral Odisseus\u2019un b\u00fct\u00fcn gemilerini bat\u0131rd\u0131 ve onu, sava\u015f nedir bilmeyen Fayaklar\u0131n adas\u0131na, \u00e7\u0131r\u0131l\u00e7\u0131plak savurdu&#8230; \u201c Ne var ki Tanr\u0131\u00e7a Atena da her zaman oldu\u011fu gibi Odisseus\u2019un yard\u0131m\u0131na ko\u015ftu hemen. Ve onu sava\u015f nedir bilmeyen Fayaklar halk\u0131n\u0131n yard\u0131m\u0131yla, \u00fclkesi \u0130take adas\u0131na ula\u015ft\u0131rd\u0131. Tanr\u0131\u00e7a Atena; [&hellip;]\" \/>\n<meta property=\"og:url\" content=\"https:\/\/narteks.net\/index.php\/2010\/01\/22\/ulkesini-soyan-eskiyalari-anlatiyordu-coban-yasar-atan\/\" \/>\n<meta property=\"og:site_name\" content=\"narteks.net\" \/>\n<meta property=\"article:published_time\" content=\"2010-01-22T06:40:12+00:00\" \/>\n<meta property=\"og:image\" content=\"http:\/\/img1.loadtr.com\/b-268449-poseidon.jpg\" \/>\n<meta name=\"author\" content=\"Tar\u0131k\" \/>\n<meta name=\"twitter:card\" content=\"summary_large_image\" \/>\n<meta name=\"twitter:creator\" content=\"@narteks\" \/>\n<meta name=\"twitter:site\" content=\"@narteks\" \/>\n<meta name=\"twitter:label1\" content=\"Yazan:\" \/>\n\t<meta name=\"twitter:data1\" content=\"Tar\u0131k\" \/>\n\t<meta name=\"twitter:label2\" content=\"Tahmini okuma s\u00fcresi\" \/>\n\t<meta name=\"twitter:data2\" content=\"5 dakika\" \/>\n<script type=\"application\/ld+json\" class=\"yoast-schema-graph\">{\"@context\":\"https:\/\/schema.org\",\"@graph\":[{\"@type\":\"Article\",\"@id\":\"https:\/\/narteks.net\/index.php\/2010\/01\/22\/ulkesini-soyan-eskiyalari-anlatiyordu-coban-yasar-atan\/#article\",\"isPartOf\":{\"@id\":\"https:\/\/narteks.net\/index.php\/2010\/01\/22\/ulkesini-soyan-eskiyalari-anlatiyordu-coban-yasar-atan\/\"},\"author\":{\"name\":\"Tar\u0131k\",\"@id\":\"https:\/\/narteks.net\/#\/schema\/person\/61f37d9834294b72d31d274e7ed79bca\"},\"headline\":\"\u00dclkesini soyan e\u015fkiyalar\u0131 anlat\u0131yordu \u00e7oban | Ya\u015far Atan\",\"datePublished\":\"2010-01-22T06:40:12+00:00\",\"mainEntityOfPage\":{\"@id\":\"https:\/\/narteks.net\/index.php\/2010\/01\/22\/ulkesini-soyan-eskiyalari-anlatiyordu-coban-yasar-atan\/\"},\"wordCount\":1004,\"commentCount\":0,\"publisher\":{\"@id\":\"https:\/\/narteks.net\/#organization\"},\"image\":{\"@id\":\"https:\/\/narteks.net\/index.php\/2010\/01\/22\/ulkesini-soyan-eskiyalari-anlatiyordu-coban-yasar-atan\/#primaryimage\"},\"thumbnailUrl\":\"http:\/\/img1.loadtr.com\/b-268449-poseidon.jpg\",\"articleSection\":[\"T\u00fcrkiye'den \u00d6yk\u00fcler\"],\"inLanguage\":\"tr\",\"potentialAction\":[{\"@type\":\"CommentAction\",\"name\":\"Comment\",\"target\":[\"https:\/\/narteks.net\/index.php\/2010\/01\/22\/ulkesini-soyan-eskiyalari-anlatiyordu-coban-yasar-atan\/#respond\"]}]},{\"@type\":\"WebPage\",\"@id\":\"https:\/\/narteks.net\/index.php\/2010\/01\/22\/ulkesini-soyan-eskiyalari-anlatiyordu-coban-yasar-atan\/\",\"url\":\"https:\/\/narteks.net\/index.php\/2010\/01\/22\/ulkesini-soyan-eskiyalari-anlatiyordu-coban-yasar-atan\/\",\"name\":\"\u00dclkesini soyan e\u015fkiyalar\u0131 anlat\u0131yordu \u00e7oban | Ya\u015far Atan - narteks.net\",\"isPartOf\":{\"@id\":\"https:\/\/narteks.net\/#website\"},\"primaryImageOfPage\":{\"@id\":\"https:\/\/narteks.net\/index.php\/2010\/01\/22\/ulkesini-soyan-eskiyalari-anlatiyordu-coban-yasar-atan\/#primaryimage\"},\"image\":{\"@id\":\"https:\/\/narteks.net\/index.php\/2010\/01\/22\/ulkesini-soyan-eskiyalari-anlatiyordu-coban-yasar-atan\/#primaryimage\"},\"thumbnailUrl\":\"http:\/\/img1.loadtr.com\/b-268449-poseidon.jpg\",\"datePublished\":\"2010-01-22T06:40:12+00:00\",\"breadcrumb\":{\"@id\":\"https:\/\/narteks.net\/index.php\/2010\/01\/22\/ulkesini-soyan-eskiyalari-anlatiyordu-coban-yasar-atan\/#breadcrumb\"},\"inLanguage\":\"tr\",\"potentialAction\":[{\"@type\":\"ReadAction\",\"target\":[\"https:\/\/narteks.net\/index.php\/2010\/01\/22\/ulkesini-soyan-eskiyalari-anlatiyordu-coban-yasar-atan\/\"]}]},{\"@type\":\"ImageObject\",\"inLanguage\":\"tr\",\"@id\":\"https:\/\/narteks.net\/index.php\/2010\/01\/22\/ulkesini-soyan-eskiyalari-anlatiyordu-coban-yasar-atan\/#primaryimage\",\"url\":\"http:\/\/img1.loadtr.com\/b-268449-poseidon.jpg\",\"contentUrl\":\"http:\/\/img1.loadtr.com\/b-268449-poseidon.jpg\"},{\"@type\":\"BreadcrumbList\",\"@id\":\"https:\/\/narteks.net\/index.php\/2010\/01\/22\/ulkesini-soyan-eskiyalari-anlatiyordu-coban-yasar-atan\/#breadcrumb\",\"itemListElement\":[{\"@type\":\"ListItem\",\"position\":1,\"name\":\"Anasayfa\",\"item\":\"https:\/\/narteks.net\/\"},{\"@type\":\"ListItem\",\"position\":2,\"name\":\"\u00dclkesini soyan e\u015fkiyalar\u0131 anlat\u0131yordu \u00e7oban | Ya\u015far Atan\"}]},{\"@type\":\"WebSite\",\"@id\":\"https:\/\/narteks.net\/#website\",\"url\":\"https:\/\/narteks.net\/\",\"name\":\"narteks.net\",\"description\":\"K\u00fclt\u00fcr Sanat Edebiyat Felsefe\",\"publisher\":{\"@id\":\"https:\/\/narteks.net\/#organization\"},\"alternateName\":\"K\u00fclt\u00fcr Sanat Edebiyat Felsefe\",\"potentialAction\":[{\"@type\":\"SearchAction\",\"target\":{\"@type\":\"EntryPoint\",\"urlTemplate\":\"https:\/\/narteks.net\/?s={search_term_string}\"},\"query-input\":{\"@type\":\"PropertyValueSpecification\",\"valueRequired\":true,\"valueName\":\"search_term_string\"}}],\"inLanguage\":\"tr\"},{\"@type\":\"Organization\",\"@id\":\"https:\/\/narteks.net\/#organization\",\"name\":\"narteks.net\",\"url\":\"https:\/\/narteks.net\/\",\"logo\":{\"@type\":\"ImageObject\",\"inLanguage\":\"tr\",\"@id\":\"https:\/\/narteks.net\/#\/schema\/logo\/image\/\",\"url\":\"https:\/\/narteks.net\/wp-content\/uploads\/narteks.png\",\"contentUrl\":\"https:\/\/narteks.net\/wp-content\/uploads\/narteks.png\",\"width\":300,\"height\":90,\"caption\":\"narteks.net\"},\"image\":{\"@id\":\"https:\/\/narteks.net\/#\/schema\/logo\/image\/\"},\"sameAs\":[\"https:\/\/x.com\/narteks\",\"https:\/\/instagram.com\/narteksnet\"]},{\"@type\":\"Person\",\"@id\":\"https:\/\/narteks.net\/#\/schema\/person\/61f37d9834294b72d31d274e7ed79bca\",\"name\":\"Tar\u0131k\",\"image\":{\"@type\":\"ImageObject\",\"inLanguage\":\"tr\",\"@id\":\"https:\/\/narteks.net\/#\/schema\/person\/image\/\",\"url\":\"https:\/\/secure.gravatar.com\/avatar\/50865afb55632c4ae467e0af0930f6510aa2297d8014be502a55b14f3b7550cf?s=96&d=mm&r=g\",\"contentUrl\":\"https:\/\/secure.gravatar.com\/avatar\/50865afb55632c4ae467e0af0930f6510aa2297d8014be502a55b14f3b7550cf?s=96&d=mm&r=g\",\"caption\":\"Tar\u0131k\"},\"sameAs\":[\"http:\/\/narteks.net\"],\"url\":\"https:\/\/narteks.net\/index.php\/author\/narbak\/\"}]}<\/script>\n<!-- \/ Yoast SEO Premium plugin. -->","yoast_head_json":{"title":"\u00dclkesini soyan e\u015fkiyalar\u0131 anlat\u0131yordu \u00e7oban | Ya\u015far Atan - narteks.net","robots":{"index":"index","follow":"follow","max-snippet":"max-snippet:-1","max-image-preview":"max-image-preview:large","max-video-preview":"max-video-preview:-1"},"canonical":"https:\/\/narteks.net\/index.php\/2010\/01\/22\/ulkesini-soyan-eskiyalari-anlatiyordu-coban-yasar-atan\/","og_locale":"tr_TR","og_type":"article","og_title":"\u00dclkesini soyan e\u015fkiyalar\u0131 anlat\u0131yordu \u00e7oban | Ya\u015far Atan","og_description":"Denizler Tanr\u0131s\u0131 Poseydon; Troya sava\u015f\u0131 sonras\u0131 \u00fclkesine d\u00f6nerken, durmadan tanr\u0131lar\u0131n i\u015fine kar\u0131\u015fan Kral Odisseus\u2019un b\u00fct\u00fcn gemilerini bat\u0131rd\u0131 ve onu, sava\u015f nedir bilmeyen Fayaklar\u0131n adas\u0131na, \u00e7\u0131r\u0131l\u00e7\u0131plak savurdu&#8230; \u201c Ne var ki Tanr\u0131\u00e7a Atena da her zaman oldu\u011fu gibi Odisseus\u2019un yard\u0131m\u0131na ko\u015ftu hemen. Ve onu sava\u015f nedir bilmeyen Fayaklar halk\u0131n\u0131n yard\u0131m\u0131yla, \u00fclkesi \u0130take adas\u0131na ula\u015ft\u0131rd\u0131. Tanr\u0131\u00e7a Atena; [&hellip;]","og_url":"https:\/\/narteks.net\/index.php\/2010\/01\/22\/ulkesini-soyan-eskiyalari-anlatiyordu-coban-yasar-atan\/","og_site_name":"narteks.net","article_published_time":"2010-01-22T06:40:12+00:00","og_image":[{"url":"http:\/\/img1.loadtr.com\/b-268449-poseidon.jpg","type":"","width":"","height":""}],"author":"Tar\u0131k","twitter_card":"summary_large_image","twitter_creator":"@narteks","twitter_site":"@narteks","twitter_misc":{"Yazan:":"Tar\u0131k","Tahmini okuma s\u00fcresi":"5 dakika"},"schema":{"@context":"https:\/\/schema.org","@graph":[{"@type":"Article","@id":"https:\/\/narteks.net\/index.php\/2010\/01\/22\/ulkesini-soyan-eskiyalari-anlatiyordu-coban-yasar-atan\/#article","isPartOf":{"@id":"https:\/\/narteks.net\/index.php\/2010\/01\/22\/ulkesini-soyan-eskiyalari-anlatiyordu-coban-yasar-atan\/"},"author":{"name":"Tar\u0131k","@id":"https:\/\/narteks.net\/#\/schema\/person\/61f37d9834294b72d31d274e7ed79bca"},"headline":"\u00dclkesini soyan e\u015fkiyalar\u0131 anlat\u0131yordu \u00e7oban | Ya\u015far Atan","datePublished":"2010-01-22T06:40:12+00:00","mainEntityOfPage":{"@id":"https:\/\/narteks.net\/index.php\/2010\/01\/22\/ulkesini-soyan-eskiyalari-anlatiyordu-coban-yasar-atan\/"},"wordCount":1004,"commentCount":0,"publisher":{"@id":"https:\/\/narteks.net\/#organization"},"image":{"@id":"https:\/\/narteks.net\/index.php\/2010\/01\/22\/ulkesini-soyan-eskiyalari-anlatiyordu-coban-yasar-atan\/#primaryimage"},"thumbnailUrl":"http:\/\/img1.loadtr.com\/b-268449-poseidon.jpg","articleSection":["T\u00fcrkiye'den \u00d6yk\u00fcler"],"inLanguage":"tr","potentialAction":[{"@type":"CommentAction","name":"Comment","target":["https:\/\/narteks.net\/index.php\/2010\/01\/22\/ulkesini-soyan-eskiyalari-anlatiyordu-coban-yasar-atan\/#respond"]}]},{"@type":"WebPage","@id":"https:\/\/narteks.net\/index.php\/2010\/01\/22\/ulkesini-soyan-eskiyalari-anlatiyordu-coban-yasar-atan\/","url":"https:\/\/narteks.net\/index.php\/2010\/01\/22\/ulkesini-soyan-eskiyalari-anlatiyordu-coban-yasar-atan\/","name":"\u00dclkesini soyan e\u015fkiyalar\u0131 anlat\u0131yordu \u00e7oban | Ya\u015far Atan - narteks.net","isPartOf":{"@id":"https:\/\/narteks.net\/#website"},"primaryImageOfPage":{"@id":"https:\/\/narteks.net\/index.php\/2010\/01\/22\/ulkesini-soyan-eskiyalari-anlatiyordu-coban-yasar-atan\/#primaryimage"},"image":{"@id":"https:\/\/narteks.net\/index.php\/2010\/01\/22\/ulkesini-soyan-eskiyalari-anlatiyordu-coban-yasar-atan\/#primaryimage"},"thumbnailUrl":"http:\/\/img1.loadtr.com\/b-268449-poseidon.jpg","datePublished":"2010-01-22T06:40:12+00:00","breadcrumb":{"@id":"https:\/\/narteks.net\/index.php\/2010\/01\/22\/ulkesini-soyan-eskiyalari-anlatiyordu-coban-yasar-atan\/#breadcrumb"},"inLanguage":"tr","potentialAction":[{"@type":"ReadAction","target":["https:\/\/narteks.net\/index.php\/2010\/01\/22\/ulkesini-soyan-eskiyalari-anlatiyordu-coban-yasar-atan\/"]}]},{"@type":"ImageObject","inLanguage":"tr","@id":"https:\/\/narteks.net\/index.php\/2010\/01\/22\/ulkesini-soyan-eskiyalari-anlatiyordu-coban-yasar-atan\/#primaryimage","url":"http:\/\/img1.loadtr.com\/b-268449-poseidon.jpg","contentUrl":"http:\/\/img1.loadtr.com\/b-268449-poseidon.jpg"},{"@type":"BreadcrumbList","@id":"https:\/\/narteks.net\/index.php\/2010\/01\/22\/ulkesini-soyan-eskiyalari-anlatiyordu-coban-yasar-atan\/#breadcrumb","itemListElement":[{"@type":"ListItem","position":1,"name":"Anasayfa","item":"https:\/\/narteks.net\/"},{"@type":"ListItem","position":2,"name":"\u00dclkesini soyan e\u015fkiyalar\u0131 anlat\u0131yordu \u00e7oban | Ya\u015far Atan"}]},{"@type":"WebSite","@id":"https:\/\/narteks.net\/#website","url":"https:\/\/narteks.net\/","name":"narteks.net","description":"K\u00fclt\u00fcr Sanat Edebiyat Felsefe","publisher":{"@id":"https:\/\/narteks.net\/#organization"},"alternateName":"K\u00fclt\u00fcr Sanat Edebiyat Felsefe","potentialAction":[{"@type":"SearchAction","target":{"@type":"EntryPoint","urlTemplate":"https:\/\/narteks.net\/?s={search_term_string}"},"query-input":{"@type":"PropertyValueSpecification","valueRequired":true,"valueName":"search_term_string"}}],"inLanguage":"tr"},{"@type":"Organization","@id":"https:\/\/narteks.net\/#organization","name":"narteks.net","url":"https:\/\/narteks.net\/","logo":{"@type":"ImageObject","inLanguage":"tr","@id":"https:\/\/narteks.net\/#\/schema\/logo\/image\/","url":"https:\/\/narteks.net\/wp-content\/uploads\/narteks.png","contentUrl":"https:\/\/narteks.net\/wp-content\/uploads\/narteks.png","width":300,"height":90,"caption":"narteks.net"},"image":{"@id":"https:\/\/narteks.net\/#\/schema\/logo\/image\/"},"sameAs":["https:\/\/x.com\/narteks","https:\/\/instagram.com\/narteksnet"]},{"@type":"Person","@id":"https:\/\/narteks.net\/#\/schema\/person\/61f37d9834294b72d31d274e7ed79bca","name":"Tar\u0131k","image":{"@type":"ImageObject","inLanguage":"tr","@id":"https:\/\/narteks.net\/#\/schema\/person\/image\/","url":"https:\/\/secure.gravatar.com\/avatar\/50865afb55632c4ae467e0af0930f6510aa2297d8014be502a55b14f3b7550cf?s=96&d=mm&r=g","contentUrl":"https:\/\/secure.gravatar.com\/avatar\/50865afb55632c4ae467e0af0930f6510aa2297d8014be502a55b14f3b7550cf?s=96&d=mm&r=g","caption":"Tar\u0131k"},"sameAs":["http:\/\/narteks.net"],"url":"https:\/\/narteks.net\/index.php\/author\/narbak\/"}]}},"_links":{"self":[{"href":"https:\/\/narteks.net\/index.php\/wp-json\/wp\/v2\/posts\/4046","targetHints":{"allow":["GET"]}}],"collection":[{"href":"https:\/\/narteks.net\/index.php\/wp-json\/wp\/v2\/posts"}],"about":[{"href":"https:\/\/narteks.net\/index.php\/wp-json\/wp\/v2\/types\/post"}],"author":[{"embeddable":true,"href":"https:\/\/narteks.net\/index.php\/wp-json\/wp\/v2\/users\/1"}],"replies":[{"embeddable":true,"href":"https:\/\/narteks.net\/index.php\/wp-json\/wp\/v2\/comments?post=4046"}],"version-history":[{"count":0,"href":"https:\/\/narteks.net\/index.php\/wp-json\/wp\/v2\/posts\/4046\/revisions"}],"wp:attachment":[{"href":"https:\/\/narteks.net\/index.php\/wp-json\/wp\/v2\/media?parent=4046"}],"wp:term":[{"taxonomy":"category","embeddable":true,"href":"https:\/\/narteks.net\/index.php\/wp-json\/wp\/v2\/categories?post=4046"},{"taxonomy":"post_tag","embeddable":true,"href":"https:\/\/narteks.net\/index.php\/wp-json\/wp\/v2\/tags?post=4046"}],"curies":[{"name":"wp","href":"https:\/\/api.w.org\/{rel}","templated":true}]}}