{"id":4048,"date":"2010-01-22T10:14:50","date_gmt":"2010-01-22T07:14:50","guid":{"rendered":"http:\/\/localhost\/wordpress\/2010\/01\/22\/insan-soyledikleriyle-degil-soylemedikleriyle-insanlasir-albert-camus-sozleri\/"},"modified":"2010-01-22T10:14:50","modified_gmt":"2010-01-22T07:14:50","slug":"insan-soyledikleriyle-degil-soylemedikleriyle-insanlasir-albert-camus-sozleri","status":"publish","type":"post","link":"https:\/\/narteks.net\/index.php\/2010\/01\/22\/insan-soyledikleriyle-degil-soylemedikleriyle-insanlasir-albert-camus-sozleri\/","title":{"rendered":"\u0130nsan s\u00f6yledikleriyle de\u011fil, s\u00f6ylemedikleriyle insanla\u015f\u0131r | Albert Camus s\u00f6zleri"},"content":{"rendered":"<p><span style=\"font-size: x-small;\"><img decoding=\"async\" src=\"images\/stories\/camus.jpg\" border=\"0\" style=\"float: left;\" \/><\/span><\/p>\n<p>\u2022 Her \u015feye katlanabilirim, yeter ki i\u00e7imde o yo\u011fun ve co\u015fkun yal\u0131m\u0131 duyay\u0131m\u2026\u2022 \u0130nsan ne ise, o olmay\u0131 reddeden tek yarat\u0131kt\u0131r\u2026<br \/>\u2022 Hayatta ne \u00f6\u011frendiysem futboldan \u00f6\u011frendim. \u00c7\u00fcnk\u00fc top hi\u00e7 bir zaman bekledi\u011fim k\u00f6\u015feden gelmedi\u2026<br \/>\u2022 Hayat asl\u0131nda anlams\u0131z bir bulan\u0131kl\u0131kt\u0131r ama ona anlam katabilmek gerekir. Mutlaka bir tercihiniz olmal\u0131 ona dayanmal\u0131 onun i\u00e7in m\u00fccadele etmelisiniz. Tercihliksiz de bir tercih&#8230;.<\/p>\n<p>\u2022 Ate\u015ften ve yiyecekten yoksun bir insan i\u00e7in \u00f6zg\u00fcrl\u00fck, hi\u00e7 de acelesi olmayan bir l\u00fckst\u00fcr\u2026\u2022&#8221;\u00d6n\u00fcmden gitme<br \/>Seni takip edemeyebilirim<br \/>Arkamdan gelme<br \/>Sana yol g\u00f6steremeyebilirim<br \/>Yan\u0131mda y\u00fcr\u00fc<br \/>Ve yaln\u0131zca<br \/>dostum kal\u2026&#8221;<\/p>\n<p>\u2022 \u0130nsan s\u00f6yledikleriyle de\u011fil, s\u00f6ylemedikleriyle insanla\u015f\u0131r\u2026<\/p>\n<p>\u2022 Ate\u015ften ve yiyecekten yoksun bir insan i\u00e7in \u00f6zg\u00fcrl\u00fck, hi\u00e7 de acelesi olmayan bir l\u00fckst\u00fcr\u2026<\/p>\n<p>\u2022 \u00dcst\u00fcnde durdu\u011fumuz s\u0131k\u0131nt\u0131 b\u00fct\u00fcn bir \u00e7a\u011f\u0131n s\u0131k\u0131nt\u0131s\u0131d\u0131r. Biz, kendi tarihimiz i\u00e7inde d\u00fc\u015f\u00fcnmek ve ya\u015famak istiyoruz.biz inan\u0131yoruz ki,bu hayat\u0131n ger\u00e7e\u011fine ancak herkesin kendi dram\u0131n\u0131 sonuna kadar ya\u015famas\u0131yla eri\u015filebilir\u2026<\/p>\n<p>\u2022 Para mutlulu\u011fu sat\u0131n al\u0131r. E\u011fer paran varsa \u00e7al\u0131\u015fmak zorunda kalmazs\u0131n, zaman\u0131 sat\u0131n al\u0131rs\u0131n ve bu zaman\u0131 kendini mutlu edecek \u015feyler yaparak de\u011ferlendirirsin\u2026<\/p>\n<p>\u2022 Hayat\u0131m\u0131n kusurlu yanlar\u0131n\u0131 saklamak zorunda olu\u015fum bana so\u011fuk bir hava veriyordu, bu so\u011fuklu\u011fu da erdemle kar\u0131\u015ft\u0131r\u0131yorlard\u0131\u2026<\/p>\n<p>\u2022 \u0130nsan ne ise, o olmay\u0131 reddeden tek yarat\u0131kt\u0131r\u2026<\/p>\n<p>\u2022 Sava\u015f, \u00e7o\u011funluk i\u00e7in; bu s\u0131k\u0131nt\u0131, bir \u015fey yapmak i\u00e7in yeterli cesarete sahip olmaman\u0131n verdi\u011fi vicdan azab\u0131ndan olu\u015fan bu sa\u00e7ma zorunlulu\u011fu ya da ba\u015fkalar\u0131n\u0131n \u00f6l\u00fcm\u00fcn\u00fc payla\u015fmamaktan duyulan pi\u015fmanl\u0131kla bir \u015fey yapmamakt\u0131r\u2026<\/p>\n<p>\u2022 Bir insan\u0131n tek ba\u015f\u0131na mutlu olmas\u0131 utan\u0131lacak bir \u015feydir\u2026<\/p>\n<p>\u2022 \u00d6nemli olan tek bir felsefe sorunu vard\u0131r, intihar. Ya\u015fam\u0131n ya\u015fanmaya de\u011fip de\u011fmedi\u011finde bir yarg\u0131ya varmak, felsefenin temel sorununa bir yan\u0131t vermektir\u2026<\/p>\n<p>\u2022 \u015eimdi insanl\u0131\u011f\u0131n \u00f6n\u00fcndeki deh\u015fet verici olas\u0131l\u0131klar kar\u015f\u0131s\u0131nda, u\u011frunda m\u00fccadele etmeye de\u011fecek tek \u015feyin bar\u0131\u015f oldu\u011funu daha da a\u00e7\u0131k bir \u015fekilde g\u00f6r\u00fcyoruz. Bu art\u0131k bir dua de\u011fil, t\u00fcm halklar\u0131n kendi h\u00fck\u00fcmetlerine y\u00f6neltecekleri bir taleptir -niha\u00ee olarak cehennemle ak\u0131l aras\u0131nda bir se\u00e7im talebi\u2026<\/p>\n<p>\u2022 Hayat bir \u015fey de\u011fildir, itinayla ya\u015fay\u0131n\u0131z\u2026<\/p>\n<p>\u2022 \u0130dam cezas\u0131n\u0131 kald\u0131rmayacak bir devrim i\u00e7in \u00f6lmeye de\u011fmez\u2026<\/p>\n<p>\u2022 B\u00fct\u00fcn ahlaklar bir eylemin kendini hakl\u0131 ya da ge\u00e7ersiz k\u0131lan sonu\u00e7lar\u0131 bulundu\u011fu g\u00f6r\u00fc\u015f\u00fc \u00fczerine kurulmu\u015ftur. Uyumsuza varm\u0131\u015f bir insan bu sonu\u00e7lar\u0131n esenlikle ele al\u0131nmas\u0131 gerekti\u011fini d\u00fc\u015f\u00fcn\u00fcr yaln\u0131z. \u00d6demeye haz\u0131rd\u0131r. Ba\u015fka bir deyi\u015fle, onun i\u00e7in sorumlular varsa bile -su\u00e7lu- yoktur\u2026<\/p>\n<p>\u2022 Gecenin kokular\u0131, toprak ve tuz kokular\u0131 \u015fakaklar\u0131m\u0131 serinletiyordu. \u0130\u015faretler ve y\u0131ld\u0131zlarla y\u00fckl\u00fc olan bu gecede kendimi ilk kez olarak, d\u00fcnyan\u0131n kay\u0131ts\u0131zl\u0131\u011f\u0131na a\u00e7\u0131yordum. D\u00fcnyay\u0131 kendime bu kadar e\u015f, b\u00f6ylesine karde\u015f bulunca, anlad\u0131m ki, eskiden mutlulu\u011fa ermi\u015fim, hatta hala da mutluyum\u2026<br \/>\u2022 B\u00fcy\u00fck tarihsel bunal\u0131mlar\u0131n ertesinde, insan kendini ipin ucunu ka\u00e7\u0131rd\u0131\u011f\u0131 bir gecenin sabah\u0131nda oldu\u011fu gibi ho\u015fnutsuz ve hasta hissediyor. Ama tarihsel ak\u015famdan kalmalar i\u00e7in aspirin yok\u2026<\/p>\n","protected":false},"excerpt":{"rendered":"<p>\u2022 Her \u015feye katlanabilirim, yeter ki i\u00e7imde o yo\u011fun ve co\u015fkun yal\u0131m\u0131 duyay\u0131m\u2026\u2022 \u0130nsan ne ise, o olmay\u0131 reddeden tek yarat\u0131kt\u0131r\u2026\u2022 Hayatta ne \u00f6\u011frendiysem futboldan \u00f6\u011frendim. \u00c7\u00fcnk\u00fc top hi\u00e7 bir zaman bekledi\u011fim k\u00f6\u015feden gelmedi\u2026\u2022 Hayat asl\u0131nda anlams\u0131z bir bulan\u0131kl\u0131kt\u0131r ama ona anlam katabilmek gerekir. Mutlaka bir tercihiniz olmal\u0131 ona dayanmal\u0131 onun i\u00e7in m\u00fccadele etmelisiniz. Tercihliksiz [&hellip;]<\/p>\n","protected":false},"author":1,"featured_media":0,"comment_status":"open","ping_status":"open","sticky":false,"template":"","format":"standard","meta":{"footnotes":""},"categories":[138],"tags":[],"class_list":{"0":"post-4048","1":"post","2":"type-post","3":"status-publish","4":"format-standard","6":"category-edebiyat-dunya"},"yoast_head":"<!-- This site is optimized with the Yoast SEO Premium plugin v24.9 (Yoast SEO v24.9) - https:\/\/yoast.com\/wordpress\/plugins\/seo\/ -->\n<title>\u0130nsan s\u00f6yledikleriyle de\u011fil, s\u00f6ylemedikleriyle insanla\u015f\u0131r | Albert Camus s\u00f6zleri - narteks.net<\/title>\n<meta name=\"robots\" content=\"index, follow, max-snippet:-1, max-image-preview:large, max-video-preview:-1\" \/>\n<link rel=\"canonical\" href=\"https:\/\/narteks.net\/index.php\/2010\/01\/22\/insan-soyledikleriyle-degil-soylemedikleriyle-insanlasir-albert-camus-sozleri\/\" \/>\n<meta property=\"og:locale\" content=\"tr_TR\" \/>\n<meta property=\"og:type\" content=\"article\" \/>\n<meta property=\"og:title\" content=\"\u0130nsan s\u00f6yledikleriyle de\u011fil, s\u00f6ylemedikleriyle insanla\u015f\u0131r | Albert Camus s\u00f6zleri\" \/>\n<meta property=\"og:description\" content=\"\u2022 Her \u015feye katlanabilirim, yeter ki i\u00e7imde o yo\u011fun ve co\u015fkun yal\u0131m\u0131 duyay\u0131m\u2026\u2022 \u0130nsan ne ise, o olmay\u0131 reddeden tek yarat\u0131kt\u0131r\u2026\u2022 Hayatta ne \u00f6\u011frendiysem futboldan \u00f6\u011frendim. \u00c7\u00fcnk\u00fc top hi\u00e7 bir zaman bekledi\u011fim k\u00f6\u015feden gelmedi\u2026\u2022 Hayat asl\u0131nda anlams\u0131z bir bulan\u0131kl\u0131kt\u0131r ama ona anlam katabilmek gerekir. Mutlaka bir tercihiniz olmal\u0131 ona dayanmal\u0131 onun i\u00e7in m\u00fccadele etmelisiniz. Tercihliksiz [&hellip;]\" \/>\n<meta property=\"og:url\" content=\"https:\/\/narteks.net\/index.php\/2010\/01\/22\/insan-soyledikleriyle-degil-soylemedikleriyle-insanlasir-albert-camus-sozleri\/\" \/>\n<meta property=\"og:site_name\" content=\"narteks.net\" \/>\n<meta property=\"article:published_time\" content=\"2010-01-22T07:14:50+00:00\" \/>\n<meta property=\"og:image\" content=\"https:\/\/narteks.net\/wp-content\/uploads\/narteks.png\" \/>\n\t<meta property=\"og:image:width\" content=\"300\" \/>\n\t<meta property=\"og:image:height\" content=\"90\" \/>\n\t<meta property=\"og:image:type\" content=\"image\/png\" \/>\n<meta name=\"author\" content=\"Tar\u0131k\" \/>\n<meta name=\"twitter:card\" content=\"summary_large_image\" \/>\n<meta name=\"twitter:creator\" content=\"@narteks\" \/>\n<meta name=\"twitter:site\" content=\"@narteks\" \/>\n<meta name=\"twitter:label1\" content=\"Yazan:\" \/>\n\t<meta name=\"twitter:data1\" content=\"Tar\u0131k\" \/>\n\t<meta name=\"twitter:label2\" content=\"Tahmini okuma s\u00fcresi\" \/>\n\t<meta name=\"twitter:data2\" content=\"3 dakika\" \/>\n<script type=\"application\/ld+json\" class=\"yoast-schema-graph\">{\"@context\":\"https:\/\/schema.org\",\"@graph\":[{\"@type\":\"Article\",\"@id\":\"https:\/\/narteks.net\/index.php\/2010\/01\/22\/insan-soyledikleriyle-degil-soylemedikleriyle-insanlasir-albert-camus-sozleri\/#article\",\"isPartOf\":{\"@id\":\"https:\/\/narteks.net\/index.php\/2010\/01\/22\/insan-soyledikleriyle-degil-soylemedikleriyle-insanlasir-albert-camus-sozleri\/\"},\"author\":{\"name\":\"Tar\u0131k\",\"@id\":\"https:\/\/narteks.net\/#\/schema\/person\/61f37d9834294b72d31d274e7ed79bca\"},\"headline\":\"\u0130nsan s\u00f6yledikleriyle de\u011fil, s\u00f6ylemedikleriyle insanla\u015f\u0131r | Albert Camus s\u00f6zleri\",\"datePublished\":\"2010-01-22T07:14:50+00:00\",\"mainEntityOfPage\":{\"@id\":\"https:\/\/narteks.net\/index.php\/2010\/01\/22\/insan-soyledikleriyle-degil-soylemedikleriyle-insanlasir-albert-camus-sozleri\/\"},\"wordCount\":599,\"commentCount\":0,\"publisher\":{\"@id\":\"https:\/\/narteks.net\/#organization\"},\"articleSection\":[\"Edebiyat ( D\u00fcnya )\"],\"inLanguage\":\"tr\",\"potentialAction\":[{\"@type\":\"CommentAction\",\"name\":\"Comment\",\"target\":[\"https:\/\/narteks.net\/index.php\/2010\/01\/22\/insan-soyledikleriyle-degil-soylemedikleriyle-insanlasir-albert-camus-sozleri\/#respond\"]}]},{\"@type\":\"WebPage\",\"@id\":\"https:\/\/narteks.net\/index.php\/2010\/01\/22\/insan-soyledikleriyle-degil-soylemedikleriyle-insanlasir-albert-camus-sozleri\/\",\"url\":\"https:\/\/narteks.net\/index.php\/2010\/01\/22\/insan-soyledikleriyle-degil-soylemedikleriyle-insanlasir-albert-camus-sozleri\/\",\"name\":\"\u0130nsan s\u00f6yledikleriyle de\u011fil, s\u00f6ylemedikleriyle insanla\u015f\u0131r | Albert Camus s\u00f6zleri - narteks.net\",\"isPartOf\":{\"@id\":\"https:\/\/narteks.net\/#website\"},\"datePublished\":\"2010-01-22T07:14:50+00:00\",\"breadcrumb\":{\"@id\":\"https:\/\/narteks.net\/index.php\/2010\/01\/22\/insan-soyledikleriyle-degil-soylemedikleriyle-insanlasir-albert-camus-sozleri\/#breadcrumb\"},\"inLanguage\":\"tr\",\"potentialAction\":[{\"@type\":\"ReadAction\",\"target\":[\"https:\/\/narteks.net\/index.php\/2010\/01\/22\/insan-soyledikleriyle-degil-soylemedikleriyle-insanlasir-albert-camus-sozleri\/\"]}]},{\"@type\":\"BreadcrumbList\",\"@id\":\"https:\/\/narteks.net\/index.php\/2010\/01\/22\/insan-soyledikleriyle-degil-soylemedikleriyle-insanlasir-albert-camus-sozleri\/#breadcrumb\",\"itemListElement\":[{\"@type\":\"ListItem\",\"position\":1,\"name\":\"Anasayfa\",\"item\":\"https:\/\/narteks.net\/\"},{\"@type\":\"ListItem\",\"position\":2,\"name\":\"\u0130nsan s\u00f6yledikleriyle de\u011fil, s\u00f6ylemedikleriyle insanla\u015f\u0131r | Albert Camus s\u00f6zleri\"}]},{\"@type\":\"WebSite\",\"@id\":\"https:\/\/narteks.net\/#website\",\"url\":\"https:\/\/narteks.net\/\",\"name\":\"narteks.net\",\"description\":\"K\u00fclt\u00fcr Sanat Edebiyat Felsefe\",\"publisher\":{\"@id\":\"https:\/\/narteks.net\/#organization\"},\"alternateName\":\"K\u00fclt\u00fcr Sanat Edebiyat Felsefe\",\"potentialAction\":[{\"@type\":\"SearchAction\",\"target\":{\"@type\":\"EntryPoint\",\"urlTemplate\":\"https:\/\/narteks.net\/?s={search_term_string}\"},\"query-input\":{\"@type\":\"PropertyValueSpecification\",\"valueRequired\":true,\"valueName\":\"search_term_string\"}}],\"inLanguage\":\"tr\"},{\"@type\":\"Organization\",\"@id\":\"https:\/\/narteks.net\/#organization\",\"name\":\"narteks.net\",\"url\":\"https:\/\/narteks.net\/\",\"logo\":{\"@type\":\"ImageObject\",\"inLanguage\":\"tr\",\"@id\":\"https:\/\/narteks.net\/#\/schema\/logo\/image\/\",\"url\":\"https:\/\/narteks.net\/wp-content\/uploads\/narteks.png\",\"contentUrl\":\"https:\/\/narteks.net\/wp-content\/uploads\/narteks.png\",\"width\":300,\"height\":90,\"caption\":\"narteks.net\"},\"image\":{\"@id\":\"https:\/\/narteks.net\/#\/schema\/logo\/image\/\"},\"sameAs\":[\"https:\/\/x.com\/narteks\",\"https:\/\/instagram.com\/narteksnet\"]},{\"@type\":\"Person\",\"@id\":\"https:\/\/narteks.net\/#\/schema\/person\/61f37d9834294b72d31d274e7ed79bca\",\"name\":\"Tar\u0131k\",\"image\":{\"@type\":\"ImageObject\",\"inLanguage\":\"tr\",\"@id\":\"https:\/\/narteks.net\/#\/schema\/person\/image\/\",\"url\":\"https:\/\/secure.gravatar.com\/avatar\/50865afb55632c4ae467e0af0930f6510aa2297d8014be502a55b14f3b7550cf?s=96&d=mm&r=g\",\"contentUrl\":\"https:\/\/secure.gravatar.com\/avatar\/50865afb55632c4ae467e0af0930f6510aa2297d8014be502a55b14f3b7550cf?s=96&d=mm&r=g\",\"caption\":\"Tar\u0131k\"},\"sameAs\":[\"http:\/\/narteks.net\"],\"url\":\"https:\/\/narteks.net\/index.php\/author\/narbak\/\"}]}<\/script>\n<!-- \/ Yoast SEO Premium plugin. -->","yoast_head_json":{"title":"\u0130nsan s\u00f6yledikleriyle de\u011fil, s\u00f6ylemedikleriyle insanla\u015f\u0131r | Albert Camus s\u00f6zleri - narteks.net","robots":{"index":"index","follow":"follow","max-snippet":"max-snippet:-1","max-image-preview":"max-image-preview:large","max-video-preview":"max-video-preview:-1"},"canonical":"https:\/\/narteks.net\/index.php\/2010\/01\/22\/insan-soyledikleriyle-degil-soylemedikleriyle-insanlasir-albert-camus-sozleri\/","og_locale":"tr_TR","og_type":"article","og_title":"\u0130nsan s\u00f6yledikleriyle de\u011fil, s\u00f6ylemedikleriyle insanla\u015f\u0131r | Albert Camus s\u00f6zleri","og_description":"\u2022 Her \u015feye katlanabilirim, yeter ki i\u00e7imde o yo\u011fun ve co\u015fkun yal\u0131m\u0131 duyay\u0131m\u2026\u2022 \u0130nsan ne ise, o olmay\u0131 reddeden tek yarat\u0131kt\u0131r\u2026\u2022 Hayatta ne \u00f6\u011frendiysem futboldan \u00f6\u011frendim. \u00c7\u00fcnk\u00fc top hi\u00e7 bir zaman bekledi\u011fim k\u00f6\u015feden gelmedi\u2026\u2022 Hayat asl\u0131nda anlams\u0131z bir bulan\u0131kl\u0131kt\u0131r ama ona anlam katabilmek gerekir. Mutlaka bir tercihiniz olmal\u0131 ona dayanmal\u0131 onun i\u00e7in m\u00fccadele etmelisiniz. Tercihliksiz [&hellip;]","og_url":"https:\/\/narteks.net\/index.php\/2010\/01\/22\/insan-soyledikleriyle-degil-soylemedikleriyle-insanlasir-albert-camus-sozleri\/","og_site_name":"narteks.net","article_published_time":"2010-01-22T07:14:50+00:00","og_image":[{"width":300,"height":90,"url":"https:\/\/narteks.net\/wp-content\/uploads\/narteks.png","type":"image\/png"}],"author":"Tar\u0131k","twitter_card":"summary_large_image","twitter_creator":"@narteks","twitter_site":"@narteks","twitter_misc":{"Yazan:":"Tar\u0131k","Tahmini okuma s\u00fcresi":"3 dakika"},"schema":{"@context":"https:\/\/schema.org","@graph":[{"@type":"Article","@id":"https:\/\/narteks.net\/index.php\/2010\/01\/22\/insan-soyledikleriyle-degil-soylemedikleriyle-insanlasir-albert-camus-sozleri\/#article","isPartOf":{"@id":"https:\/\/narteks.net\/index.php\/2010\/01\/22\/insan-soyledikleriyle-degil-soylemedikleriyle-insanlasir-albert-camus-sozleri\/"},"author":{"name":"Tar\u0131k","@id":"https:\/\/narteks.net\/#\/schema\/person\/61f37d9834294b72d31d274e7ed79bca"},"headline":"\u0130nsan s\u00f6yledikleriyle de\u011fil, s\u00f6ylemedikleriyle insanla\u015f\u0131r | Albert Camus s\u00f6zleri","datePublished":"2010-01-22T07:14:50+00:00","mainEntityOfPage":{"@id":"https:\/\/narteks.net\/index.php\/2010\/01\/22\/insan-soyledikleriyle-degil-soylemedikleriyle-insanlasir-albert-camus-sozleri\/"},"wordCount":599,"commentCount":0,"publisher":{"@id":"https:\/\/narteks.net\/#organization"},"articleSection":["Edebiyat ( D\u00fcnya )"],"inLanguage":"tr","potentialAction":[{"@type":"CommentAction","name":"Comment","target":["https:\/\/narteks.net\/index.php\/2010\/01\/22\/insan-soyledikleriyle-degil-soylemedikleriyle-insanlasir-albert-camus-sozleri\/#respond"]}]},{"@type":"WebPage","@id":"https:\/\/narteks.net\/index.php\/2010\/01\/22\/insan-soyledikleriyle-degil-soylemedikleriyle-insanlasir-albert-camus-sozleri\/","url":"https:\/\/narteks.net\/index.php\/2010\/01\/22\/insan-soyledikleriyle-degil-soylemedikleriyle-insanlasir-albert-camus-sozleri\/","name":"\u0130nsan s\u00f6yledikleriyle de\u011fil, s\u00f6ylemedikleriyle insanla\u015f\u0131r | Albert Camus s\u00f6zleri - narteks.net","isPartOf":{"@id":"https:\/\/narteks.net\/#website"},"datePublished":"2010-01-22T07:14:50+00:00","breadcrumb":{"@id":"https:\/\/narteks.net\/index.php\/2010\/01\/22\/insan-soyledikleriyle-degil-soylemedikleriyle-insanlasir-albert-camus-sozleri\/#breadcrumb"},"inLanguage":"tr","potentialAction":[{"@type":"ReadAction","target":["https:\/\/narteks.net\/index.php\/2010\/01\/22\/insan-soyledikleriyle-degil-soylemedikleriyle-insanlasir-albert-camus-sozleri\/"]}]},{"@type":"BreadcrumbList","@id":"https:\/\/narteks.net\/index.php\/2010\/01\/22\/insan-soyledikleriyle-degil-soylemedikleriyle-insanlasir-albert-camus-sozleri\/#breadcrumb","itemListElement":[{"@type":"ListItem","position":1,"name":"Anasayfa","item":"https:\/\/narteks.net\/"},{"@type":"ListItem","position":2,"name":"\u0130nsan s\u00f6yledikleriyle de\u011fil, s\u00f6ylemedikleriyle insanla\u015f\u0131r | Albert Camus s\u00f6zleri"}]},{"@type":"WebSite","@id":"https:\/\/narteks.net\/#website","url":"https:\/\/narteks.net\/","name":"narteks.net","description":"K\u00fclt\u00fcr Sanat Edebiyat Felsefe","publisher":{"@id":"https:\/\/narteks.net\/#organization"},"alternateName":"K\u00fclt\u00fcr Sanat Edebiyat Felsefe","potentialAction":[{"@type":"SearchAction","target":{"@type":"EntryPoint","urlTemplate":"https:\/\/narteks.net\/?s={search_term_string}"},"query-input":{"@type":"PropertyValueSpecification","valueRequired":true,"valueName":"search_term_string"}}],"inLanguage":"tr"},{"@type":"Organization","@id":"https:\/\/narteks.net\/#organization","name":"narteks.net","url":"https:\/\/narteks.net\/","logo":{"@type":"ImageObject","inLanguage":"tr","@id":"https:\/\/narteks.net\/#\/schema\/logo\/image\/","url":"https:\/\/narteks.net\/wp-content\/uploads\/narteks.png","contentUrl":"https:\/\/narteks.net\/wp-content\/uploads\/narteks.png","width":300,"height":90,"caption":"narteks.net"},"image":{"@id":"https:\/\/narteks.net\/#\/schema\/logo\/image\/"},"sameAs":["https:\/\/x.com\/narteks","https:\/\/instagram.com\/narteksnet"]},{"@type":"Person","@id":"https:\/\/narteks.net\/#\/schema\/person\/61f37d9834294b72d31d274e7ed79bca","name":"Tar\u0131k","image":{"@type":"ImageObject","inLanguage":"tr","@id":"https:\/\/narteks.net\/#\/schema\/person\/image\/","url":"https:\/\/secure.gravatar.com\/avatar\/50865afb55632c4ae467e0af0930f6510aa2297d8014be502a55b14f3b7550cf?s=96&d=mm&r=g","contentUrl":"https:\/\/secure.gravatar.com\/avatar\/50865afb55632c4ae467e0af0930f6510aa2297d8014be502a55b14f3b7550cf?s=96&d=mm&r=g","caption":"Tar\u0131k"},"sameAs":["http:\/\/narteks.net"],"url":"https:\/\/narteks.net\/index.php\/author\/narbak\/"}]}},"_links":{"self":[{"href":"https:\/\/narteks.net\/index.php\/wp-json\/wp\/v2\/posts\/4048","targetHints":{"allow":["GET"]}}],"collection":[{"href":"https:\/\/narteks.net\/index.php\/wp-json\/wp\/v2\/posts"}],"about":[{"href":"https:\/\/narteks.net\/index.php\/wp-json\/wp\/v2\/types\/post"}],"author":[{"embeddable":true,"href":"https:\/\/narteks.net\/index.php\/wp-json\/wp\/v2\/users\/1"}],"replies":[{"embeddable":true,"href":"https:\/\/narteks.net\/index.php\/wp-json\/wp\/v2\/comments?post=4048"}],"version-history":[{"count":0,"href":"https:\/\/narteks.net\/index.php\/wp-json\/wp\/v2\/posts\/4048\/revisions"}],"wp:attachment":[{"href":"https:\/\/narteks.net\/index.php\/wp-json\/wp\/v2\/media?parent=4048"}],"wp:term":[{"taxonomy":"category","embeddable":true,"href":"https:\/\/narteks.net\/index.php\/wp-json\/wp\/v2\/categories?post=4048"},{"taxonomy":"post_tag","embeddable":true,"href":"https:\/\/narteks.net\/index.php\/wp-json\/wp\/v2\/tags?post=4048"}],"curies":[{"name":"wp","href":"https:\/\/api.w.org\/{rel}","templated":true}]}}