{"id":4049,"date":"2010-01-22T10:20:50","date_gmt":"2010-01-22T07:20:50","guid":{"rendered":"http:\/\/localhost\/wordpress\/2010\/01\/22\/albert-camus-biyografisi\/"},"modified":"2010-01-22T10:20:50","modified_gmt":"2010-01-22T07:20:50","slug":"albert-camus-biyografisi","status":"publish","type":"post","link":"https:\/\/narteks.net\/index.php\/2010\/01\/22\/albert-camus-biyografisi\/","title":{"rendered":"Albert Camus Biyografisi"},"content":{"rendered":"<p style=\"text-align: justify;\"><img loading=\"lazy\" decoding=\"async\" src=\"http:\/\/kaderheperkenzamanhepgec.files.wordpress.com\/2011\/02\/albert-camus.jpg?w=500&amp;h=652\" border=\"0\" width=\"155\" height=\"205\" style=\"float: left;\" \/><\/p>\n<p style=\"text-align: justify;\">1913&#8217;te Cezayir&#8217;de do\u011fdu. Babas\u0131 Alsace&#8217;l\u0131 yoksul bir i\u015f\u00e7iydi, annesinin okuma-yazmas\u0131 yoktu. Babas\u0131 1&#8217;inci D\u00fcnya Sava\u015f\u0131&#8217;nda cephede \u015fehit oldu. Yoksulluk ve ac\u0131larla dolu bir hayat s\u00fcrd\u00fc. Denemelerinden olu\u015fan, 1963&#8242; de yay\u0131mlanan &#8220;Tersi ve Y\u00fcz\u00fc&#8221; kitab\u0131nda bu d\u00f6nemde ya\u015fad\u0131klar\u0131n\u0131 anlatt\u0131.<br \/>1918&#8217;de ilk\u00f6\u011frenimine ba\u015flad\u0131. \u00d6\u011fretmeninin yard\u0131m\u0131yla burs kazanarak 1923&#8217;te liseye kabul edildi. Y\u00fczme, boks, futbol gibi sporlarla u\u011fra\u015ft\u0131. 1930&#8217;da vereme yakalan\u0131nca sporu b\u0131rakmak zorunda kald\u0131. Cezayir \u00dcniversitesi&#8217;nde felsefe \u00f6\u011frenimi g\u00f6rd\u00fc\u2026 1934 y\u0131l\u0131nda evlendi ve iki y\u0131l sonra bo\u015fand\u0131. 1936&#8217;da y\u00fcksek \u00f6\u011frenim diplomas\u0131n\u0131 ald\u0131\u011f\u0131nda, \u00fcniversitede kal\u0131p bilimsel kariyer yapmay\u0131 ama\u00e7l\u0131yordu, ama hastal\u0131\u011f\u0131 buna izin vermedi.<\/p>\n<p style=\"text-align: justify;\">1930&#8217;larda Frans\u0131z d\u00fc\u015f\u00fcn\u00fcrlerin kitaplar\u0131n\u0131 okumaya ba\u015flad\u0131. Cezayir&#8217;deki gen\u00e7 solcu ayd\u0131nlar aras\u0131na kat\u0131ld\u0131, 1934-1935 aras\u0131nda Kom\u00fcnist Partisi \u00fcyesiydi. \u0130\u015f\u00e7i Tiyatrosu i\u00e7in oyunlar yazd\u0131 ve y\u00f6netti. 2&#8217;nci D\u00fcnya Sava\u015f\u0131&#8217;ndan \u00f6nce Alger Republicain gazetesinde ba\u015fyazarl\u0131k, yay\u0131n y\u00f6netmen yard\u0131mc\u0131l\u0131\u011f\u0131, politika muhabirli\u011fi yapt\u0131, kitap ele\u015ftirileri yazd\u0131. Kabilya b\u00f6lgesindeki M\u00fcsl\u00fcmanlar\u0131n sorunlar\u0131n\u0131 inceleyen bir yaz\u0131 dizisi haz\u0131rlad\u0131. Ard\u0131ndan 1940&#8217;ta Paris&#8217;e yerle\u015fti. Paris&#8217;te g\u00fcnl\u00fck Combat gazetesinin yay\u0131n y\u00f6netmeni olarak \u00e7al\u0131\u015ft\u0131 ve sonra gazetecilikle ilgisini kesip kitaplar\u0131na d\u00f6nd\u00fc.<\/p>\n<p>\u0130lk roman\u0131 &#8220;Yabanc\u0131&#8221; 1942&#8217;de, ikinci roman\u0131 &#8220;Veba&#8221; 1947&#8217;de bas\u0131ld\u0131. &#8220;Veba&#8221; Camus&#8217;un d\u00fc\u015f\u00fcncelerinin temelini yans\u0131t\u0131r. Romandaki ki\u015filer, veba salg\u0131n\u0131na kar\u015f\u0131 verdikleri sava\u015fta ba\u015far\u0131s\u0131z olacaklar\u0131n\u0131 bile bile y\u0131lmadan \u00e7al\u0131\u015f\u0131rlar. Camus, insan\u0131n de\u011ferini ve insanlar aras\u0131 karde\u015fli\u011fi, amans\u0131z bir hastal\u0131\u011f\u0131n perde \u00f6n\u00fcnde anlat\u0131r. 2&#8217;nci D\u00fcnya Sava\u015f\u0131&#8217;ndan sonra yaln\u0131z Fransa&#8217;da de\u011fil, Avrupa ve t\u00fcm d\u00fcnyada kendi ku\u015fa\u011f\u0131n\u0131n s\u00f6zc\u00fcs\u00fc, sonraki ku\u015faklar\u0131n yol g\u00f6stericisi oldu. \u00d6zellikle insan\u0131n kendisine yabanc\u0131 bir evrendeki yaln\u0131zl\u0131\u011f\u0131, bireyin kendisine yabanc\u0131la\u015fmas\u0131, k\u00f6t\u00fcl\u00fck, her \u015feyin \u00f6l\u00fcmle sona erece\u011fini bilmenin yaratt\u0131\u011f\u0131 bunal\u0131m gibi duygular\u0131 ele ald\u0131. Sava\u015f sonras\u0131nda ayd\u0131nlar\u0131n i\u00e7ine d\u00fc\u015ft\u00fc\u011f\u00fc yabanc\u0131la\u015fma ve d\u00fc\u015f k\u0131r\u0131kl\u0131klar\u0131n\u0131 t\u00fcm ayr\u0131nt\u0131lar\u0131yla yans\u0131tt\u0131. \u00c7a\u011fda\u015flar\u0131n\u0131n nihilizme kap\u0131lmas\u0131n\u0131 anlad\u0131 ve hak verdi ama do\u011fruluk, \u0131l\u0131ml\u0131l\u0131k, adalet gibi de\u011ferleri savunman\u0131n gerekli oldu\u011funu da belirtti. Hem H\u0131ristiyanl\u0131\u011f\u0131n hem Marksizmin kat\u0131 y\u00f6nlerini reddeden liberal bir insanc\u0131l\u0131\u011f\u0131n temellerini \u00e7izdi.<\/p>\n<p>1957&#8217;de Nobel Edebiyat \u00d6d\u00fcl\u00fc&#8217;n\u00fc ald\u0131 ve t\u00f6rende &#8220;\u2026Her nesil, \u015f\u00fcphesiz, kendisini d\u00fcnyay\u0131 de\u011fi\u015ftirmekle y\u00fck\u00fcml\u00fc hisseder. Benim neslim bunu yapamayaca\u011f\u0131n\u0131 biliyor, ama benim neslimin belki de daha b\u00fcy\u00fck bir g\u00f6revi var. Bu g\u00f6rev, d\u00fcnyan\u0131n kendi kendisini yok etmesini \u00f6nlemek\u2026&#8221; c\u00fcmlelerini de i\u00e7eren g\u00fczel bir konu\u015fma yapt\u0131. Albert Camus 1960&#8217;ta yay\u0131nc\u0131s\u0131 Gallimard ile birlikte, daha \u00f6nce &#8216;\u00f6lmenin en abs\u00fcrd yolu&#8217; diye nitelemi\u015f oldu\u011fu \u015fekilde araba kazas\u0131nda \u00f6ld\u00fc\u2026<\/p>\n","protected":false},"excerpt":{"rendered":"<p>1913&#8217;te Cezayir&#8217;de do\u011fdu. Babas\u0131 Alsace&#8217;l\u0131 yoksul bir i\u015f\u00e7iydi, annesinin okuma-yazmas\u0131 yoktu. Babas\u0131 1&#8217;inci D\u00fcnya Sava\u015f\u0131&#8217;nda cephede \u015fehit oldu. Yoksulluk ve ac\u0131larla dolu bir hayat s\u00fcrd\u00fc. Denemelerinden olu\u015fan, 1963&#8242; de yay\u0131mlanan &#8220;Tersi ve Y\u00fcz\u00fc&#8221; kitab\u0131nda bu d\u00f6nemde ya\u015fad\u0131klar\u0131n\u0131 anlatt\u0131.1918&#8217;de ilk\u00f6\u011frenimine ba\u015flad\u0131. \u00d6\u011fretmeninin yard\u0131m\u0131yla burs kazanarak 1923&#8217;te liseye kabul edildi. Y\u00fczme, boks, futbol gibi sporlarla u\u011fra\u015ft\u0131. 1930&#8217;da [&hellip;]<\/p>\n","protected":false},"author":1,"featured_media":0,"comment_status":"open","ping_status":"open","sticky":false,"template":"","format":"standard","meta":{"footnotes":""},"categories":[134],"tags":[],"class_list":{"0":"post-4049","1":"post","2":"type-post","3":"status-publish","4":"format-standard","6":"category-kuram"},"yoast_head":"<!-- This site is optimized with the Yoast SEO Premium plugin v24.9 (Yoast SEO v24.9) - https:\/\/yoast.com\/wordpress\/plugins\/seo\/ -->\n<title>Albert Camus Biyografisi - narteks.net<\/title>\n<meta name=\"robots\" content=\"index, follow, max-snippet:-1, max-image-preview:large, max-video-preview:-1\" \/>\n<link rel=\"canonical\" href=\"https:\/\/narteks.net\/index.php\/2010\/01\/22\/albert-camus-biyografisi\/\" \/>\n<meta property=\"og:locale\" content=\"tr_TR\" \/>\n<meta property=\"og:type\" content=\"article\" \/>\n<meta property=\"og:title\" content=\"Albert Camus Biyografisi\" \/>\n<meta property=\"og:description\" content=\"1913&#8217;te Cezayir&#8217;de do\u011fdu. Babas\u0131 Alsace&#8217;l\u0131 yoksul bir i\u015f\u00e7iydi, annesinin okuma-yazmas\u0131 yoktu. Babas\u0131 1&#8217;inci D\u00fcnya Sava\u015f\u0131&#8217;nda cephede \u015fehit oldu. Yoksulluk ve ac\u0131larla dolu bir hayat s\u00fcrd\u00fc. Denemelerinden olu\u015fan, 1963&#8242; de yay\u0131mlanan &#8220;Tersi ve Y\u00fcz\u00fc&#8221; kitab\u0131nda bu d\u00f6nemde ya\u015fad\u0131klar\u0131n\u0131 anlatt\u0131.1918&#8217;de ilk\u00f6\u011frenimine ba\u015flad\u0131. \u00d6\u011fretmeninin yard\u0131m\u0131yla burs kazanarak 1923&#8217;te liseye kabul edildi. Y\u00fczme, boks, futbol gibi sporlarla u\u011fra\u015ft\u0131. 1930&#8217;da [&hellip;]\" \/>\n<meta property=\"og:url\" content=\"https:\/\/narteks.net\/index.php\/2010\/01\/22\/albert-camus-biyografisi\/\" \/>\n<meta property=\"og:site_name\" content=\"narteks.net\" \/>\n<meta property=\"article:published_time\" content=\"2010-01-22T07:20:50+00:00\" \/>\n<meta property=\"og:image\" content=\"http:\/\/kaderheperkenzamanhepgec.files.wordpress.com\/2011\/02\/albert-camus.jpg?w=500&amp;h=652\" \/>\n<meta name=\"author\" content=\"Tar\u0131k\" \/>\n<meta name=\"twitter:card\" content=\"summary_large_image\" \/>\n<meta name=\"twitter:creator\" content=\"@narteks\" \/>\n<meta name=\"twitter:site\" content=\"@narteks\" \/>\n<meta name=\"twitter:label1\" content=\"Yazan:\" \/>\n\t<meta name=\"twitter:data1\" content=\"Tar\u0131k\" \/>\n\t<meta name=\"twitter:label2\" content=\"Tahmini okuma s\u00fcresi\" \/>\n\t<meta name=\"twitter:data2\" content=\"3 dakika\" \/>\n<script type=\"application\/ld+json\" class=\"yoast-schema-graph\">{\"@context\":\"https:\/\/schema.org\",\"@graph\":[{\"@type\":\"Article\",\"@id\":\"https:\/\/narteks.net\/index.php\/2010\/01\/22\/albert-camus-biyografisi\/#article\",\"isPartOf\":{\"@id\":\"https:\/\/narteks.net\/index.php\/2010\/01\/22\/albert-camus-biyografisi\/\"},\"author\":{\"name\":\"Tar\u0131k\",\"@id\":\"https:\/\/narteks.net\/#\/schema\/person\/61f37d9834294b72d31d274e7ed79bca\"},\"headline\":\"Albert Camus Biyografisi\",\"datePublished\":\"2010-01-22T07:20:50+00:00\",\"mainEntityOfPage\":{\"@id\":\"https:\/\/narteks.net\/index.php\/2010\/01\/22\/albert-camus-biyografisi\/\"},\"wordCount\":527,\"commentCount\":0,\"publisher\":{\"@id\":\"https:\/\/narteks.net\/#organization\"},\"image\":{\"@id\":\"https:\/\/narteks.net\/index.php\/2010\/01\/22\/albert-camus-biyografisi\/#primaryimage\"},\"thumbnailUrl\":\"http:\/\/kaderheperkenzamanhepgec.files.wordpress.com\/2011\/02\/albert-camus.jpg?w=500&amp;h=652\",\"articleSection\":[\"Kuram\"],\"inLanguage\":\"tr\",\"potentialAction\":[{\"@type\":\"CommentAction\",\"name\":\"Comment\",\"target\":[\"https:\/\/narteks.net\/index.php\/2010\/01\/22\/albert-camus-biyografisi\/#respond\"]}]},{\"@type\":\"WebPage\",\"@id\":\"https:\/\/narteks.net\/index.php\/2010\/01\/22\/albert-camus-biyografisi\/\",\"url\":\"https:\/\/narteks.net\/index.php\/2010\/01\/22\/albert-camus-biyografisi\/\",\"name\":\"Albert Camus Biyografisi - narteks.net\",\"isPartOf\":{\"@id\":\"https:\/\/narteks.net\/#website\"},\"primaryImageOfPage\":{\"@id\":\"https:\/\/narteks.net\/index.php\/2010\/01\/22\/albert-camus-biyografisi\/#primaryimage\"},\"image\":{\"@id\":\"https:\/\/narteks.net\/index.php\/2010\/01\/22\/albert-camus-biyografisi\/#primaryimage\"},\"thumbnailUrl\":\"http:\/\/kaderheperkenzamanhepgec.files.wordpress.com\/2011\/02\/albert-camus.jpg?w=500&amp;h=652\",\"datePublished\":\"2010-01-22T07:20:50+00:00\",\"breadcrumb\":{\"@id\":\"https:\/\/narteks.net\/index.php\/2010\/01\/22\/albert-camus-biyografisi\/#breadcrumb\"},\"inLanguage\":\"tr\",\"potentialAction\":[{\"@type\":\"ReadAction\",\"target\":[\"https:\/\/narteks.net\/index.php\/2010\/01\/22\/albert-camus-biyografisi\/\"]}]},{\"@type\":\"ImageObject\",\"inLanguage\":\"tr\",\"@id\":\"https:\/\/narteks.net\/index.php\/2010\/01\/22\/albert-camus-biyografisi\/#primaryimage\",\"url\":\"http:\/\/kaderheperkenzamanhepgec.files.wordpress.com\/2011\/02\/albert-camus.jpg?w=500&amp;h=652\",\"contentUrl\":\"http:\/\/kaderheperkenzamanhepgec.files.wordpress.com\/2011\/02\/albert-camus.jpg?w=500&amp;h=652\"},{\"@type\":\"BreadcrumbList\",\"@id\":\"https:\/\/narteks.net\/index.php\/2010\/01\/22\/albert-camus-biyografisi\/#breadcrumb\",\"itemListElement\":[{\"@type\":\"ListItem\",\"position\":1,\"name\":\"Anasayfa\",\"item\":\"https:\/\/narteks.net\/\"},{\"@type\":\"ListItem\",\"position\":2,\"name\":\"Albert Camus Biyografisi\"}]},{\"@type\":\"WebSite\",\"@id\":\"https:\/\/narteks.net\/#website\",\"url\":\"https:\/\/narteks.net\/\",\"name\":\"narteks.net\",\"description\":\"K\u00fclt\u00fcr Sanat Edebiyat Felsefe\",\"publisher\":{\"@id\":\"https:\/\/narteks.net\/#organization\"},\"alternateName\":\"K\u00fclt\u00fcr Sanat Edebiyat Felsefe\",\"potentialAction\":[{\"@type\":\"SearchAction\",\"target\":{\"@type\":\"EntryPoint\",\"urlTemplate\":\"https:\/\/narteks.net\/?s={search_term_string}\"},\"query-input\":{\"@type\":\"PropertyValueSpecification\",\"valueRequired\":true,\"valueName\":\"search_term_string\"}}],\"inLanguage\":\"tr\"},{\"@type\":\"Organization\",\"@id\":\"https:\/\/narteks.net\/#organization\",\"name\":\"narteks.net\",\"url\":\"https:\/\/narteks.net\/\",\"logo\":{\"@type\":\"ImageObject\",\"inLanguage\":\"tr\",\"@id\":\"https:\/\/narteks.net\/#\/schema\/logo\/image\/\",\"url\":\"https:\/\/narteks.net\/wp-content\/uploads\/narteks.png\",\"contentUrl\":\"https:\/\/narteks.net\/wp-content\/uploads\/narteks.png\",\"width\":300,\"height\":90,\"caption\":\"narteks.net\"},\"image\":{\"@id\":\"https:\/\/narteks.net\/#\/schema\/logo\/image\/\"},\"sameAs\":[\"https:\/\/x.com\/narteks\",\"https:\/\/instagram.com\/narteksnet\"]},{\"@type\":\"Person\",\"@id\":\"https:\/\/narteks.net\/#\/schema\/person\/61f37d9834294b72d31d274e7ed79bca\",\"name\":\"Tar\u0131k\",\"image\":{\"@type\":\"ImageObject\",\"inLanguage\":\"tr\",\"@id\":\"https:\/\/narteks.net\/#\/schema\/person\/image\/\",\"url\":\"https:\/\/secure.gravatar.com\/avatar\/50865afb55632c4ae467e0af0930f6510aa2297d8014be502a55b14f3b7550cf?s=96&d=mm&r=g\",\"contentUrl\":\"https:\/\/secure.gravatar.com\/avatar\/50865afb55632c4ae467e0af0930f6510aa2297d8014be502a55b14f3b7550cf?s=96&d=mm&r=g\",\"caption\":\"Tar\u0131k\"},\"sameAs\":[\"http:\/\/narteks.net\"],\"url\":\"https:\/\/narteks.net\/index.php\/author\/narbak\/\"}]}<\/script>\n<!-- \/ Yoast SEO Premium plugin. -->","yoast_head_json":{"title":"Albert Camus Biyografisi - narteks.net","robots":{"index":"index","follow":"follow","max-snippet":"max-snippet:-1","max-image-preview":"max-image-preview:large","max-video-preview":"max-video-preview:-1"},"canonical":"https:\/\/narteks.net\/index.php\/2010\/01\/22\/albert-camus-biyografisi\/","og_locale":"tr_TR","og_type":"article","og_title":"Albert Camus Biyografisi","og_description":"1913&#8217;te Cezayir&#8217;de do\u011fdu. Babas\u0131 Alsace&#8217;l\u0131 yoksul bir i\u015f\u00e7iydi, annesinin okuma-yazmas\u0131 yoktu. Babas\u0131 1&#8217;inci D\u00fcnya Sava\u015f\u0131&#8217;nda cephede \u015fehit oldu. Yoksulluk ve ac\u0131larla dolu bir hayat s\u00fcrd\u00fc. Denemelerinden olu\u015fan, 1963&#8242; de yay\u0131mlanan &#8220;Tersi ve Y\u00fcz\u00fc&#8221; kitab\u0131nda bu d\u00f6nemde ya\u015fad\u0131klar\u0131n\u0131 anlatt\u0131.1918&#8217;de ilk\u00f6\u011frenimine ba\u015flad\u0131. \u00d6\u011fretmeninin yard\u0131m\u0131yla burs kazanarak 1923&#8217;te liseye kabul edildi. Y\u00fczme, boks, futbol gibi sporlarla u\u011fra\u015ft\u0131. 1930&#8217;da [&hellip;]","og_url":"https:\/\/narteks.net\/index.php\/2010\/01\/22\/albert-camus-biyografisi\/","og_site_name":"narteks.net","article_published_time":"2010-01-22T07:20:50+00:00","og_image":[{"url":"http:\/\/kaderheperkenzamanhepgec.files.wordpress.com\/2011\/02\/albert-camus.jpg?w=500&amp;h=652","type":"","width":"","height":""}],"author":"Tar\u0131k","twitter_card":"summary_large_image","twitter_creator":"@narteks","twitter_site":"@narteks","twitter_misc":{"Yazan:":"Tar\u0131k","Tahmini okuma s\u00fcresi":"3 dakika"},"schema":{"@context":"https:\/\/schema.org","@graph":[{"@type":"Article","@id":"https:\/\/narteks.net\/index.php\/2010\/01\/22\/albert-camus-biyografisi\/#article","isPartOf":{"@id":"https:\/\/narteks.net\/index.php\/2010\/01\/22\/albert-camus-biyografisi\/"},"author":{"name":"Tar\u0131k","@id":"https:\/\/narteks.net\/#\/schema\/person\/61f37d9834294b72d31d274e7ed79bca"},"headline":"Albert Camus Biyografisi","datePublished":"2010-01-22T07:20:50+00:00","mainEntityOfPage":{"@id":"https:\/\/narteks.net\/index.php\/2010\/01\/22\/albert-camus-biyografisi\/"},"wordCount":527,"commentCount":0,"publisher":{"@id":"https:\/\/narteks.net\/#organization"},"image":{"@id":"https:\/\/narteks.net\/index.php\/2010\/01\/22\/albert-camus-biyografisi\/#primaryimage"},"thumbnailUrl":"http:\/\/kaderheperkenzamanhepgec.files.wordpress.com\/2011\/02\/albert-camus.jpg?w=500&amp;h=652","articleSection":["Kuram"],"inLanguage":"tr","potentialAction":[{"@type":"CommentAction","name":"Comment","target":["https:\/\/narteks.net\/index.php\/2010\/01\/22\/albert-camus-biyografisi\/#respond"]}]},{"@type":"WebPage","@id":"https:\/\/narteks.net\/index.php\/2010\/01\/22\/albert-camus-biyografisi\/","url":"https:\/\/narteks.net\/index.php\/2010\/01\/22\/albert-camus-biyografisi\/","name":"Albert Camus Biyografisi - narteks.net","isPartOf":{"@id":"https:\/\/narteks.net\/#website"},"primaryImageOfPage":{"@id":"https:\/\/narteks.net\/index.php\/2010\/01\/22\/albert-camus-biyografisi\/#primaryimage"},"image":{"@id":"https:\/\/narteks.net\/index.php\/2010\/01\/22\/albert-camus-biyografisi\/#primaryimage"},"thumbnailUrl":"http:\/\/kaderheperkenzamanhepgec.files.wordpress.com\/2011\/02\/albert-camus.jpg?w=500&amp;h=652","datePublished":"2010-01-22T07:20:50+00:00","breadcrumb":{"@id":"https:\/\/narteks.net\/index.php\/2010\/01\/22\/albert-camus-biyografisi\/#breadcrumb"},"inLanguage":"tr","potentialAction":[{"@type":"ReadAction","target":["https:\/\/narteks.net\/index.php\/2010\/01\/22\/albert-camus-biyografisi\/"]}]},{"@type":"ImageObject","inLanguage":"tr","@id":"https:\/\/narteks.net\/index.php\/2010\/01\/22\/albert-camus-biyografisi\/#primaryimage","url":"http:\/\/kaderheperkenzamanhepgec.files.wordpress.com\/2011\/02\/albert-camus.jpg?w=500&amp;h=652","contentUrl":"http:\/\/kaderheperkenzamanhepgec.files.wordpress.com\/2011\/02\/albert-camus.jpg?w=500&amp;h=652"},{"@type":"BreadcrumbList","@id":"https:\/\/narteks.net\/index.php\/2010\/01\/22\/albert-camus-biyografisi\/#breadcrumb","itemListElement":[{"@type":"ListItem","position":1,"name":"Anasayfa","item":"https:\/\/narteks.net\/"},{"@type":"ListItem","position":2,"name":"Albert Camus Biyografisi"}]},{"@type":"WebSite","@id":"https:\/\/narteks.net\/#website","url":"https:\/\/narteks.net\/","name":"narteks.net","description":"K\u00fclt\u00fcr Sanat Edebiyat Felsefe","publisher":{"@id":"https:\/\/narteks.net\/#organization"},"alternateName":"K\u00fclt\u00fcr Sanat Edebiyat Felsefe","potentialAction":[{"@type":"SearchAction","target":{"@type":"EntryPoint","urlTemplate":"https:\/\/narteks.net\/?s={search_term_string}"},"query-input":{"@type":"PropertyValueSpecification","valueRequired":true,"valueName":"search_term_string"}}],"inLanguage":"tr"},{"@type":"Organization","@id":"https:\/\/narteks.net\/#organization","name":"narteks.net","url":"https:\/\/narteks.net\/","logo":{"@type":"ImageObject","inLanguage":"tr","@id":"https:\/\/narteks.net\/#\/schema\/logo\/image\/","url":"https:\/\/narteks.net\/wp-content\/uploads\/narteks.png","contentUrl":"https:\/\/narteks.net\/wp-content\/uploads\/narteks.png","width":300,"height":90,"caption":"narteks.net"},"image":{"@id":"https:\/\/narteks.net\/#\/schema\/logo\/image\/"},"sameAs":["https:\/\/x.com\/narteks","https:\/\/instagram.com\/narteksnet"]},{"@type":"Person","@id":"https:\/\/narteks.net\/#\/schema\/person\/61f37d9834294b72d31d274e7ed79bca","name":"Tar\u0131k","image":{"@type":"ImageObject","inLanguage":"tr","@id":"https:\/\/narteks.net\/#\/schema\/person\/image\/","url":"https:\/\/secure.gravatar.com\/avatar\/50865afb55632c4ae467e0af0930f6510aa2297d8014be502a55b14f3b7550cf?s=96&d=mm&r=g","contentUrl":"https:\/\/secure.gravatar.com\/avatar\/50865afb55632c4ae467e0af0930f6510aa2297d8014be502a55b14f3b7550cf?s=96&d=mm&r=g","caption":"Tar\u0131k"},"sameAs":["http:\/\/narteks.net"],"url":"https:\/\/narteks.net\/index.php\/author\/narbak\/"}]}},"_links":{"self":[{"href":"https:\/\/narteks.net\/index.php\/wp-json\/wp\/v2\/posts\/4049","targetHints":{"allow":["GET"]}}],"collection":[{"href":"https:\/\/narteks.net\/index.php\/wp-json\/wp\/v2\/posts"}],"about":[{"href":"https:\/\/narteks.net\/index.php\/wp-json\/wp\/v2\/types\/post"}],"author":[{"embeddable":true,"href":"https:\/\/narteks.net\/index.php\/wp-json\/wp\/v2\/users\/1"}],"replies":[{"embeddable":true,"href":"https:\/\/narteks.net\/index.php\/wp-json\/wp\/v2\/comments?post=4049"}],"version-history":[{"count":0,"href":"https:\/\/narteks.net\/index.php\/wp-json\/wp\/v2\/posts\/4049\/revisions"}],"wp:attachment":[{"href":"https:\/\/narteks.net\/index.php\/wp-json\/wp\/v2\/media?parent=4049"}],"wp:term":[{"taxonomy":"category","embeddable":true,"href":"https:\/\/narteks.net\/index.php\/wp-json\/wp\/v2\/categories?post=4049"},{"taxonomy":"post_tag","embeddable":true,"href":"https:\/\/narteks.net\/index.php\/wp-json\/wp\/v2\/tags?post=4049"}],"curies":[{"name":"wp","href":"https:\/\/api.w.org\/{rel}","templated":true}]}}