{"id":405,"date":"2009-03-12T23:44:46","date_gmt":"2009-03-12T20:44:46","guid":{"rendered":"http:\/\/localhost\/wordpress\/2009\/03\/12\/aksaray-develisi1\/"},"modified":"2009-03-12T23:44:46","modified_gmt":"2009-03-12T20:44:46","slug":"aksaray-develisi1","status":"publish","type":"post","link":"https:\/\/narteks.net\/index.php\/2009\/03\/12\/aksaray-develisi1\/","title":{"rendered":"Aksaray Develisi1"},"content":{"rendered":"<p style=\"text-align: justify;\"><strong><span style=\"font-size: 14pt;\">Aksaray Develisi1<\/span><\/strong><\/p>\n<p>Yakla\u015f\u0131k 1900 y\u0131llan&#8230; Temmuz g\u00fcne\u015finin Anadolu&#8217;yu yak\u0131p kavurdu\u011fu g\u00fcnlerde, Konya &#8216;ya yak\u0131n k\u00f6ylerden birindeyiz. Bir evin temelleri yeni bitmek \u00fczere. \u0130ri yan bir adam koca elleriyle g\u00fcne\u015fe inat, koca koca ta\u015flan yontup, temeli y\u00fckseltmek i\u00e7in ha bire \u00e7al\u0131\u015fmakla me\u015fgul. Bir yandan da \u00e7amur isteyip, amelelere daha s\u0131k\u0131 \u00e7al\u0131\u015fmalar\u0131n\u0131 tembih ediyor. D\u00f6rt be\u015f amele, bir ustaya \u00e7amur ve ta\u015f yeti\u015ftirmekte g\u00fc\u00e7l\u00fck \u00e7ekiyorlar. Etraf an kovan\u0131 gibi. Ta\u015f ve \u00e7ekicin i\u015flemenin ve i\u015flenmenin verdi\u011fi hazla \u00e7\u0131kard\u0131klar\u0131 ses, dalga dalga \u00e7evreye yay\u0131l\u0131yor. \u0130ri yan koca elli adam bir terini siliyor, bir temele ta\u015f koyuyorken, g\u00f6z\u00fc tulumban\u0131n ba\u015f\u0131nda, su i\u00e7me bahanesiyle oyalan ameleye tak\u0131l\u0131r. G\u00fcmb\u00fcr g\u00fcmb\u00fcr bir ses ile amelenin y\u00fcre\u011fini oynat\u0131r. Amele hemen k\u00fcre\u011fini al\u0131p \u00e7amur kar\u0131\u015ft\u0131r\u0131rken, &#8221;Ne sert bir adam&#8221; diye d\u00fc\u015f\u00fcn\u00fcr.<\/p>\n<p>Oysa bilmez ki, kaba saba adam diye tasvir etti\u011fi ki\u015fi ne kadar ince ruhludur!..<\/p>\n<p>Oysa bilmez ki, ta\u015f k\u0131ran kerpi\u00e7 kesen o eller, kanun \u00fczerinde dola\u015f\u0131rken, al yazmal\u0131 k\u00f6rpecik k\u00f6yl\u00fc k\u0131z\u0131n\u0131n k\u0131nal\u0131 narin ellerinden farks\u0131z oldu\u011funu!..<\/p>\n<p>Nerden bilsin ki o koca elli adam\u0131n G\u00f6kmen Hasan H\u00fcseyin A\u011fa oldu\u011funu. Nerden bilsin ki, G\u00f6kmen Hasan H\u00fcseyin A\u011fa&#8217;n\u0131n Konya&#8217;da nam\u0131 oldu\u011f1mu, Konya oturaklar\u0131n\u0131n de\u011fi\u015fmez simas\u0131 oldu\u011funu.<\/p>\n<p>Ve yine bilmez ki, geleli daha birka\u00e7 g\u00fcn olmas\u0131na ra\u011fmen, y\u00fcre\u011finin s\u0131la hasretiyle \u00e7arpt\u0131\u011f\u0131n\u0131. Konya&#8217;y\u0131, tozlu Aksinne&#8217;sini.<\/p>\n<p>K\u00fclah\u00e7\u0131 soka\u011f\u0131n\u0131n kar\u015f\u0131s\u0131ndaki al\u00e7ac\u0131k da k\u00f6hne kerpi\u00e7 evini.<\/p>\n<p>Muhabbetin pervas\u0131zca sunuldu\u011fu, g\u00fcnlerin haftalar\u0131n k\u0131sald\u0131\u011f\u0131 Konya oturaklar\u0131n\u0131, &#8220;\u015eabab o\u011flan&#8221; t\u00fcrk\u00fcs\u00fcn\u00fc, ihvan\u0131n\u0131, yaran\u0131n\u0131 \u00f6zledi\u011fini, kanun tellerin na\u011fme olup gezinmeyi arzu etti\u011fini nerden bilsin ki?!..<\/p>\n<p>O koca elli adam, G\u00f6kmen Hasan H\u00fcseyin A\u011fa, bir yandan terini siliyor, bir yandan yonttu\u011fu ta\u015f\u0131 itina ile yerine yerle\u015ftiriyor.<\/p>\n<p>Ta\u015f yontarken \u00e7ekicin \u00e7\u0131kard\u0131\u011f\u0131 ses sanki ak\u015fam yakaca\u011f\u0131 t\u00fcrk\u00fcn\u00fcn, dillerden d\u00fc\u015fmeyecek t\u00fcrk\u00fcn\u00fcn, \u00e7\u0131\u011f \u00e7\u0131\u011fl\u0131k habercisi idiler.<\/p>\n<p>Derken, g\u00fcne\u015f k\u0131zg\u0131nl\u0131\u011f\u0131n\u0131 yitirip gece \u00fclkesine yolculu\u011funu h\u0131zland\u0131r\u0131nca, i\u015fi b\u0131rak\u0131rlar.<\/p>\n<p>O koca elli, ruhu kanun telinde dola\u015fan adam, G\u00f6kmen Hasan H\u00fcseyin A\u011fa, bulgur a\u015f\u0131n\u0131 yedikten sonra bir &#8221;Kal\u0131p caras\u0131&#8221; yakar.<\/p>\n<p>Ba\u015f\u0131n\u0131 akta\u015fa koyar, uzan\u0131r. Sigara duman\u0131n\u0131n ad\u0131nda Emmiler t\u00fcrk\u00fcs\u00fc yank\u0131lan\u0131rken uyuya kal\u0131r.<\/p>\n<p>R\u00fcyas\u0131nda yaran\u0131, kad\u0131nlar pazar\u0131nda bir ara bek\u00e7ilik yapan &#8221;Gavur \u0130mam&#8217;\u0131&#8221; g\u00f6r\u00fcr. As\u0131l ad\u0131 H\u00fcseyin olan Gavur \u0130mam, o s\u0131ralar bir camide imaml\u0131k yapmaktad\u0131r. Her g\u00fcnk\u00fc gibi yats\u0131 namaz\u0131n\u0131 k\u0131ld\u0131r\u0131p, caminin kap\u0131s\u0131n\u0131 kilitlemi\u015f, ba\u015f\u0131nda sar\u0131\u011f\u0131, s\u0131rt\u0131nda c\u00fcppesi, elinde \u015fak \u015fak tespih ile a\u011f\u0131r a\u011f\u0131r evine giderken birden irkilir!. Kulak kabart\u0131r?! Bir saz d\u00f6v\u00fcnmektedir uzaktan!.. Gavur \u0130mam oldu\u011fu yere m\u0131hlan\u0131r. Bir s\u00fcre evi dinler. Evet! Evet! Art\u0131k \u015f\u00fcphesi kalmam\u0131\u015ft\u0131r, bir oturakt\u0131r bu. Olanca ha\u015fmetiyle d\u0131\u015far\u0131ya ta\u015fan ahenk onu cezbeder, eli gayri ihtiyari kap\u0131n\u0131n tokma\u011f\u0131na gider. O da ne?!.. Kap\u0131 a\u00e7\u0131kt\u0131r, dalar. Bu bir ba\u011f evidir. Daha iyi duyabilmek i\u00e7in, gider, pencerenin alt\u0131na \u00e7\u00f6ker. \u015euh zil sesleri aras\u0131nda, yan\u0131k yan\u0131k t\u00fcrk\u00fc s\u00f6yleyen G\u00f6kmen Hasan H\u00fcseyin A\u011fa&#8217;y\u0131 tan\u0131r;<\/p>\n<p>Eremedim vefas\u0131na d\u00fcnyan\u0131n <br \/>B\u00fclb\u00fcl konmu\u015f saray\u0131na Konya&#8217;n\u0131n<\/p>\n<p>Bunu duyan Gavur \u0130mam, art\u0131k dayanamaz, kap\u0131y\u0131 t\u0131klat\u0131r, kap\u0131 a\u00e7\u0131l\u0131r, i\u00e7eri girer. Bir oturak kad\u0131n\u0131 zarif, k\u0131vrak hareketlerle, ayaklan adeta yere basmamacas\u0131na zil d\u00f6vmektedir. Dem, nargile ve ahenk birbirlerine sinmi\u015f; i\u00e7eriyi tatl\u0131 bir sarho\u015fluk kaplam\u0131\u015ft\u0131. Gavur \u0130mam, hemen kap\u0131n\u0131n yan\u0131na \u00e7\u00f6kt\u00fc ve terbiyeli sesiyle d\u00f6v\u00fcnmeye ba\u015flad\u0131;<\/p>\n<p>Eremedim vefas\u0131na d\u00fcnyan\u0131n<br \/>B\u00fclb\u00fcl konmu\u015f saray\u0131na Konya&#8217;n\u0131n;<\/p>\n<p>derken herkes onu fark etti. Ba\u015f\u0131nda sar\u0131k, s\u0131rt\u0131nda c\u00fcppeyle onu g\u00f6r\u00fcnce \u015fa\u015f\u0131rd\u0131lar, fakat \u015fa\u015fk\u0131nl\u0131ktan k\u0131sa s\u00fcrd\u00fc; tan\u0131m\u0131\u015flard\u0131.<\/p>\n<p>Ho\u015fg\u00f6r\u00fcs\u00fc ve muhabbet ehli olmas\u0131yla tan\u0131nan Gavur \u0130mam&#8217;d\u0131. T\u00fcrk\u00fc bitti, ara verdiler.<\/p>\n<p>Oyuncu kad\u0131n bo\u015falan kadehleri testideki ka\u00e7ak rak\u0131yla tazeledikten soma, bir kadeh de Gavur \u0130mam&#8217;a uzatt\u0131. Gavur \u0130mam i\u00e7medi. O muhabbetten, zaten sarho\u015flam\u0131\u015ft\u0131. Bunun \u00fczerine oyuncu kad\u0131n, eline koca bir d\u00f6\u011fme g\u00fcm\u00fc\u015f tabaka alarak sigara sard\u0131 ve meclistekilere tek tek ikram ederek yakt\u0131.<\/p>\n<p>Saatler \u00e7abucak ge\u00e7mi\u015fti. Ortal\u0131k a\u011farmaya ba\u015flay\u0131nca, Gavur \u0130mam&#8217;\u0131n akl\u0131 ba\u015f\u0131na geldi. Bir s\u00fcre d\u00fc\u015f\u00fcnd\u00fc, soma ani bir kararla s\u0131rt\u0131ndan c\u00fcppesini, ba\u015f\u0131ndan sar\u0131\u011f\u0131n\u0131 ve saltas\u0131n\u0131n cebinden camiinin anahtar\u0131n\u0131 \u00e7\u0131kar\u0131p, kendisine kap\u0131y\u0131 a\u00e7an gencin eline verdi ve kula\u011f\u0131na \u015f\u00f6yle f\u0131s\u0131ldad\u0131;<\/p>\n<p>&#8221;Bunlar\u0131 camiye g\u00f6t\u00fcr, cemaatten birine ver, Gavur \u0130mam art\u0131k gelmeyecek, Eremedim vefas\u0131na d\u00fcnyan\u0131n t\u00fcrk\u00fcs\u00fcn\u00fc \u00e7a\u011f\u0131racak de!&#8221;<\/p>\n<p>G\u00f6kmen Hasan H\u00fcseyin A\u011fa yats\u0131 ezanlar\u0131yla uyand\u0131. Kendini hala oturakta zannediyordu. Fakat y\u00fcz\u00fcne \u00e7arpan serin yel, ona r\u00fcya g\u00f6rd\u00fc\u011f\u00fcn\u00fc hat\u0131rlatt\u0131. O ne bi\u00e7im r\u00fcyayd\u0131 \u00f6yle? Hem \u00f6yle bir t\u00fcrk\u00fcs\u00fc de yoktu. \u0130\u00e7inden yak\u0131lmam\u0131\u015f t\u00fcrk\u00fcy\u00fc okumak geldi, sal\u0131verdi sesini;<\/p>\n<p>Eremedim vefas\u0131na d\u00fcnyan\u0131n <br \/>B\u00fclb\u00fcl konmu\u015f saray\u0131na Konya&#8217;n\u0131n<\/p>\n<p>Aksaray&#8217;dan Bak\u0131rtolu&#8217;na yol gider <br \/>S\u00fcrmelenmi\u015f ela g\u00f6zl\u00fc yol gider<\/p>\n<p>Uzam\u0131\u015fs\u0131n hay sevdi\u011fim dal gibi <br \/>Gelip ge\u00e7en selam vermen el gibi<\/p>\n<p>Beyler besler merrak i\u00e7in taz\u0131y\u0131 <br \/>Kadir mevlam b\u00f6yle yazm\u0131\u015f yaz\u0131y\u0131<\/p>\n<p>Devem y\u00fcksek atamad\u0131m urgan\u0131 <br \/>Susad\u0131k\u00e7a ver a\u011fz\u0131ma gerdan\u0131<\/p>\n<p>Sa\u00e7\u0131m uzun ben sa\u00e7\u0131m\u0131 tarar\u0131m <br \/>Var m\u0131 benim Konyal\u0131ya zarar\u0131m<\/p>\n<p>A\u011fz\u0131ndan d\u00f6k\u00fclen s\u00f6zlere kendisi de \u015fa\u015f\u0131rd\u0131. Tuhaf duygular i\u00e7indeydi. Bir an \u00fcrperdi. Kalkt\u0131, yatmak \u00fczere ah\u0131r sekisine do\u011fru yolland\u0131. D\u00f6\u015fe\u011fini serdi, soyundu, yatt\u0131 ve uyudu.<\/p>\n<p>Bu g\u00fcn Hac\u0131 Fettah Mezarl\u0131\u011f\u0131nda uyuyan G\u00f6kmen Hasan H\u00fcseyin A\u011fa&#8217;n\u0131n bu t\u00fcrk\u00fcs\u00fc, y\u0131llarca dillerden d\u00fc\u015fmemi\u015f, oturak alemlerinin ba\u015f k\u00f6\u015fesine oturtulmu\u015f, sazlar\u0131n iniltisinde na\u011fmeleri dolanm\u0131\u015f, s\u0131la hasreti, yar hasreti \u00e7ekenlerin, d\u00fcnyan\u0131n vefas\u0131na eremeyenlerin g\u00f6nl\u00fcnde g\u00fcn\u00fcm\u00fcze kadar ula\u015fm\u0131\u015ft\u0131r.<\/p>\n<p>1-Kaynak Ki\u015filer: 1.Mazhar Sakman; 2.H\u00fcseyin \u00c7a\u011f\u0131llar<br \/>2-Eskiden haz\u0131r sigaraya verilen \u0130sim<br \/>3-Konya k\u00f6y evlerinde ah\u0131r\u0131n yan\u0131ndaki b\u00fcy\u00fck oda<\/p>\n<p>Kaynak:<br \/>Mehmet Tahir Sakman <br \/>D\u00fcnden Bug\u00fcne Konya Oturaklar\u0131<br \/>\u0130stanbul, 2001<\/p>\n","protected":false},"excerpt":{"rendered":"<p>Aksaray Develisi1 Yakla\u015f\u0131k 1900 y\u0131llan&#8230; Temmuz g\u00fcne\u015finin Anadolu&#8217;yu yak\u0131p kavurdu\u011fu g\u00fcnlerde, Konya &#8216;ya yak\u0131n k\u00f6ylerden birindeyiz. Bir evin temelleri yeni bitmek \u00fczere. \u0130ri yan bir adam koca elleriyle g\u00fcne\u015fe inat, koca koca ta\u015flan yontup, temeli y\u00fckseltmek i\u00e7in ha bire \u00e7al\u0131\u015fmakla me\u015fgul. Bir yandan da \u00e7amur isteyip, amelelere daha s\u0131k\u0131 \u00e7al\u0131\u015fmalar\u0131n\u0131 tembih ediyor. D\u00f6rt be\u015f amele, [&hellip;]<\/p>\n","protected":false},"author":1,"featured_media":0,"comment_status":"open","ping_status":"open","sticky":false,"template":"","format":"standard","meta":{"footnotes":""},"categories":[55],"tags":[],"class_list":{"0":"post-405","1":"post","2":"type-post","3":"status-publish","4":"format-standard","6":"category-oykuleriyle-turkuler"},"yoast_head":"<!-- This site is optimized with the Yoast SEO Premium plugin v24.9 (Yoast SEO v24.9) - https:\/\/yoast.com\/wordpress\/plugins\/seo\/ -->\n<title>Aksaray Develisi1 - narteks.net<\/title>\n<meta name=\"robots\" content=\"index, follow, max-snippet:-1, max-image-preview:large, max-video-preview:-1\" \/>\n<link rel=\"canonical\" href=\"https:\/\/narteks.net\/index.php\/2009\/03\/12\/aksaray-develisi1\/\" \/>\n<meta property=\"og:locale\" content=\"tr_TR\" \/>\n<meta property=\"og:type\" content=\"article\" \/>\n<meta property=\"og:title\" content=\"Aksaray Develisi1\" \/>\n<meta property=\"og:description\" content=\"Aksaray Develisi1 Yakla\u015f\u0131k 1900 y\u0131llan&#8230; Temmuz g\u00fcne\u015finin Anadolu&#8217;yu yak\u0131p kavurdu\u011fu g\u00fcnlerde, Konya &#8216;ya yak\u0131n k\u00f6ylerden birindeyiz. Bir evin temelleri yeni bitmek \u00fczere. \u0130ri yan bir adam koca elleriyle g\u00fcne\u015fe inat, koca koca ta\u015flan yontup, temeli y\u00fckseltmek i\u00e7in ha bire \u00e7al\u0131\u015fmakla me\u015fgul. Bir yandan da \u00e7amur isteyip, amelelere daha s\u0131k\u0131 \u00e7al\u0131\u015fmalar\u0131n\u0131 tembih ediyor. D\u00f6rt be\u015f amele, [&hellip;]\" \/>\n<meta property=\"og:url\" content=\"https:\/\/narteks.net\/index.php\/2009\/03\/12\/aksaray-develisi1\/\" \/>\n<meta property=\"og:site_name\" content=\"narteks.net\" \/>\n<meta property=\"article:published_time\" content=\"2009-03-12T20:44:46+00:00\" \/>\n<meta property=\"og:image\" content=\"https:\/\/narteks.net\/wp-content\/uploads\/narteks.png\" \/>\n\t<meta property=\"og:image:width\" content=\"300\" \/>\n\t<meta property=\"og:image:height\" content=\"90\" \/>\n\t<meta property=\"og:image:type\" content=\"image\/png\" \/>\n<meta name=\"author\" content=\"Tar\u0131k\" \/>\n<meta name=\"twitter:card\" content=\"summary_large_image\" \/>\n<meta name=\"twitter:creator\" content=\"@narteks\" \/>\n<meta name=\"twitter:site\" content=\"@narteks\" \/>\n<meta name=\"twitter:label1\" content=\"Yazan:\" \/>\n\t<meta name=\"twitter:data1\" content=\"Tar\u0131k\" \/>\n\t<meta name=\"twitter:label2\" content=\"Tahmini okuma s\u00fcresi\" \/>\n\t<meta name=\"twitter:data2\" content=\"6 dakika\" \/>\n<script type=\"application\/ld+json\" class=\"yoast-schema-graph\">{\"@context\":\"https:\/\/schema.org\",\"@graph\":[{\"@type\":\"Article\",\"@id\":\"https:\/\/narteks.net\/index.php\/2009\/03\/12\/aksaray-develisi1\/#article\",\"isPartOf\":{\"@id\":\"https:\/\/narteks.net\/index.php\/2009\/03\/12\/aksaray-develisi1\/\"},\"author\":{\"name\":\"Tar\u0131k\",\"@id\":\"https:\/\/narteks.net\/#\/schema\/person\/61f37d9834294b72d31d274e7ed79bca\"},\"headline\":\"Aksaray Develisi1\",\"datePublished\":\"2009-03-12T20:44:46+00:00\",\"mainEntityOfPage\":{\"@id\":\"https:\/\/narteks.net\/index.php\/2009\/03\/12\/aksaray-develisi1\/\"},\"wordCount\":1194,\"commentCount\":0,\"publisher\":{\"@id\":\"https:\/\/narteks.net\/#organization\"},\"articleSection\":[\"\u00d6yk\u00fcleriyle T\u00fcrk\u00fcler\"],\"inLanguage\":\"tr\",\"potentialAction\":[{\"@type\":\"CommentAction\",\"name\":\"Comment\",\"target\":[\"https:\/\/narteks.net\/index.php\/2009\/03\/12\/aksaray-develisi1\/#respond\"]}]},{\"@type\":\"WebPage\",\"@id\":\"https:\/\/narteks.net\/index.php\/2009\/03\/12\/aksaray-develisi1\/\",\"url\":\"https:\/\/narteks.net\/index.php\/2009\/03\/12\/aksaray-develisi1\/\",\"name\":\"Aksaray Develisi1 - narteks.net\",\"isPartOf\":{\"@id\":\"https:\/\/narteks.net\/#website\"},\"datePublished\":\"2009-03-12T20:44:46+00:00\",\"breadcrumb\":{\"@id\":\"https:\/\/narteks.net\/index.php\/2009\/03\/12\/aksaray-develisi1\/#breadcrumb\"},\"inLanguage\":\"tr\",\"potentialAction\":[{\"@type\":\"ReadAction\",\"target\":[\"https:\/\/narteks.net\/index.php\/2009\/03\/12\/aksaray-develisi1\/\"]}]},{\"@type\":\"BreadcrumbList\",\"@id\":\"https:\/\/narteks.net\/index.php\/2009\/03\/12\/aksaray-develisi1\/#breadcrumb\",\"itemListElement\":[{\"@type\":\"ListItem\",\"position\":1,\"name\":\"Anasayfa\",\"item\":\"https:\/\/narteks.net\/\"},{\"@type\":\"ListItem\",\"position\":2,\"name\":\"Aksaray Develisi1\"}]},{\"@type\":\"WebSite\",\"@id\":\"https:\/\/narteks.net\/#website\",\"url\":\"https:\/\/narteks.net\/\",\"name\":\"narteks.net\",\"description\":\"K\u00fclt\u00fcr Sanat Edebiyat Felsefe\",\"publisher\":{\"@id\":\"https:\/\/narteks.net\/#organization\"},\"alternateName\":\"K\u00fclt\u00fcr Sanat Edebiyat Felsefe\",\"potentialAction\":[{\"@type\":\"SearchAction\",\"target\":{\"@type\":\"EntryPoint\",\"urlTemplate\":\"https:\/\/narteks.net\/?s={search_term_string}\"},\"query-input\":{\"@type\":\"PropertyValueSpecification\",\"valueRequired\":true,\"valueName\":\"search_term_string\"}}],\"inLanguage\":\"tr\"},{\"@type\":\"Organization\",\"@id\":\"https:\/\/narteks.net\/#organization\",\"name\":\"narteks.net\",\"url\":\"https:\/\/narteks.net\/\",\"logo\":{\"@type\":\"ImageObject\",\"inLanguage\":\"tr\",\"@id\":\"https:\/\/narteks.net\/#\/schema\/logo\/image\/\",\"url\":\"https:\/\/narteks.net\/wp-content\/uploads\/narteks.png\",\"contentUrl\":\"https:\/\/narteks.net\/wp-content\/uploads\/narteks.png\",\"width\":300,\"height\":90,\"caption\":\"narteks.net\"},\"image\":{\"@id\":\"https:\/\/narteks.net\/#\/schema\/logo\/image\/\"},\"sameAs\":[\"https:\/\/x.com\/narteks\",\"https:\/\/instagram.com\/narteksnet\"]},{\"@type\":\"Person\",\"@id\":\"https:\/\/narteks.net\/#\/schema\/person\/61f37d9834294b72d31d274e7ed79bca\",\"name\":\"Tar\u0131k\",\"image\":{\"@type\":\"ImageObject\",\"inLanguage\":\"tr\",\"@id\":\"https:\/\/narteks.net\/#\/schema\/person\/image\/\",\"url\":\"https:\/\/secure.gravatar.com\/avatar\/50865afb55632c4ae467e0af0930f6510aa2297d8014be502a55b14f3b7550cf?s=96&d=mm&r=g\",\"contentUrl\":\"https:\/\/secure.gravatar.com\/avatar\/50865afb55632c4ae467e0af0930f6510aa2297d8014be502a55b14f3b7550cf?s=96&d=mm&r=g\",\"caption\":\"Tar\u0131k\"},\"sameAs\":[\"http:\/\/narteks.net\"],\"url\":\"https:\/\/narteks.net\/index.php\/author\/narbak\/\"}]}<\/script>\n<!-- \/ Yoast SEO Premium plugin. -->","yoast_head_json":{"title":"Aksaray Develisi1 - narteks.net","robots":{"index":"index","follow":"follow","max-snippet":"max-snippet:-1","max-image-preview":"max-image-preview:large","max-video-preview":"max-video-preview:-1"},"canonical":"https:\/\/narteks.net\/index.php\/2009\/03\/12\/aksaray-develisi1\/","og_locale":"tr_TR","og_type":"article","og_title":"Aksaray Develisi1","og_description":"Aksaray Develisi1 Yakla\u015f\u0131k 1900 y\u0131llan&#8230; Temmuz g\u00fcne\u015finin Anadolu&#8217;yu yak\u0131p kavurdu\u011fu g\u00fcnlerde, Konya &#8216;ya yak\u0131n k\u00f6ylerden birindeyiz. Bir evin temelleri yeni bitmek \u00fczere. \u0130ri yan bir adam koca elleriyle g\u00fcne\u015fe inat, koca koca ta\u015flan yontup, temeli y\u00fckseltmek i\u00e7in ha bire \u00e7al\u0131\u015fmakla me\u015fgul. Bir yandan da \u00e7amur isteyip, amelelere daha s\u0131k\u0131 \u00e7al\u0131\u015fmalar\u0131n\u0131 tembih ediyor. D\u00f6rt be\u015f amele, [&hellip;]","og_url":"https:\/\/narteks.net\/index.php\/2009\/03\/12\/aksaray-develisi1\/","og_site_name":"narteks.net","article_published_time":"2009-03-12T20:44:46+00:00","og_image":[{"width":300,"height":90,"url":"https:\/\/narteks.net\/wp-content\/uploads\/narteks.png","type":"image\/png"}],"author":"Tar\u0131k","twitter_card":"summary_large_image","twitter_creator":"@narteks","twitter_site":"@narteks","twitter_misc":{"Yazan:":"Tar\u0131k","Tahmini okuma s\u00fcresi":"6 dakika"},"schema":{"@context":"https:\/\/schema.org","@graph":[{"@type":"Article","@id":"https:\/\/narteks.net\/index.php\/2009\/03\/12\/aksaray-develisi1\/#article","isPartOf":{"@id":"https:\/\/narteks.net\/index.php\/2009\/03\/12\/aksaray-develisi1\/"},"author":{"name":"Tar\u0131k","@id":"https:\/\/narteks.net\/#\/schema\/person\/61f37d9834294b72d31d274e7ed79bca"},"headline":"Aksaray Develisi1","datePublished":"2009-03-12T20:44:46+00:00","mainEntityOfPage":{"@id":"https:\/\/narteks.net\/index.php\/2009\/03\/12\/aksaray-develisi1\/"},"wordCount":1194,"commentCount":0,"publisher":{"@id":"https:\/\/narteks.net\/#organization"},"articleSection":["\u00d6yk\u00fcleriyle T\u00fcrk\u00fcler"],"inLanguage":"tr","potentialAction":[{"@type":"CommentAction","name":"Comment","target":["https:\/\/narteks.net\/index.php\/2009\/03\/12\/aksaray-develisi1\/#respond"]}]},{"@type":"WebPage","@id":"https:\/\/narteks.net\/index.php\/2009\/03\/12\/aksaray-develisi1\/","url":"https:\/\/narteks.net\/index.php\/2009\/03\/12\/aksaray-develisi1\/","name":"Aksaray Develisi1 - narteks.net","isPartOf":{"@id":"https:\/\/narteks.net\/#website"},"datePublished":"2009-03-12T20:44:46+00:00","breadcrumb":{"@id":"https:\/\/narteks.net\/index.php\/2009\/03\/12\/aksaray-develisi1\/#breadcrumb"},"inLanguage":"tr","potentialAction":[{"@type":"ReadAction","target":["https:\/\/narteks.net\/index.php\/2009\/03\/12\/aksaray-develisi1\/"]}]},{"@type":"BreadcrumbList","@id":"https:\/\/narteks.net\/index.php\/2009\/03\/12\/aksaray-develisi1\/#breadcrumb","itemListElement":[{"@type":"ListItem","position":1,"name":"Anasayfa","item":"https:\/\/narteks.net\/"},{"@type":"ListItem","position":2,"name":"Aksaray Develisi1"}]},{"@type":"WebSite","@id":"https:\/\/narteks.net\/#website","url":"https:\/\/narteks.net\/","name":"narteks.net","description":"K\u00fclt\u00fcr Sanat Edebiyat Felsefe","publisher":{"@id":"https:\/\/narteks.net\/#organization"},"alternateName":"K\u00fclt\u00fcr Sanat Edebiyat Felsefe","potentialAction":[{"@type":"SearchAction","target":{"@type":"EntryPoint","urlTemplate":"https:\/\/narteks.net\/?s={search_term_string}"},"query-input":{"@type":"PropertyValueSpecification","valueRequired":true,"valueName":"search_term_string"}}],"inLanguage":"tr"},{"@type":"Organization","@id":"https:\/\/narteks.net\/#organization","name":"narteks.net","url":"https:\/\/narteks.net\/","logo":{"@type":"ImageObject","inLanguage":"tr","@id":"https:\/\/narteks.net\/#\/schema\/logo\/image\/","url":"https:\/\/narteks.net\/wp-content\/uploads\/narteks.png","contentUrl":"https:\/\/narteks.net\/wp-content\/uploads\/narteks.png","width":300,"height":90,"caption":"narteks.net"},"image":{"@id":"https:\/\/narteks.net\/#\/schema\/logo\/image\/"},"sameAs":["https:\/\/x.com\/narteks","https:\/\/instagram.com\/narteksnet"]},{"@type":"Person","@id":"https:\/\/narteks.net\/#\/schema\/person\/61f37d9834294b72d31d274e7ed79bca","name":"Tar\u0131k","image":{"@type":"ImageObject","inLanguage":"tr","@id":"https:\/\/narteks.net\/#\/schema\/person\/image\/","url":"https:\/\/secure.gravatar.com\/avatar\/50865afb55632c4ae467e0af0930f6510aa2297d8014be502a55b14f3b7550cf?s=96&d=mm&r=g","contentUrl":"https:\/\/secure.gravatar.com\/avatar\/50865afb55632c4ae467e0af0930f6510aa2297d8014be502a55b14f3b7550cf?s=96&d=mm&r=g","caption":"Tar\u0131k"},"sameAs":["http:\/\/narteks.net"],"url":"https:\/\/narteks.net\/index.php\/author\/narbak\/"}]}},"_links":{"self":[{"href":"https:\/\/narteks.net\/index.php\/wp-json\/wp\/v2\/posts\/405","targetHints":{"allow":["GET"]}}],"collection":[{"href":"https:\/\/narteks.net\/index.php\/wp-json\/wp\/v2\/posts"}],"about":[{"href":"https:\/\/narteks.net\/index.php\/wp-json\/wp\/v2\/types\/post"}],"author":[{"embeddable":true,"href":"https:\/\/narteks.net\/index.php\/wp-json\/wp\/v2\/users\/1"}],"replies":[{"embeddable":true,"href":"https:\/\/narteks.net\/index.php\/wp-json\/wp\/v2\/comments?post=405"}],"version-history":[{"count":0,"href":"https:\/\/narteks.net\/index.php\/wp-json\/wp\/v2\/posts\/405\/revisions"}],"wp:attachment":[{"href":"https:\/\/narteks.net\/index.php\/wp-json\/wp\/v2\/media?parent=405"}],"wp:term":[{"taxonomy":"category","embeddable":true,"href":"https:\/\/narteks.net\/index.php\/wp-json\/wp\/v2\/categories?post=405"},{"taxonomy":"post_tag","embeddable":true,"href":"https:\/\/narteks.net\/index.php\/wp-json\/wp\/v2\/tags?post=405"}],"curies":[{"name":"wp","href":"https:\/\/api.w.org\/{rel}","templated":true}]}}