{"id":4052,"date":"2010-03-13T01:00:00","date_gmt":"2010-03-12T22:00:00","guid":{"rendered":"http:\/\/localhost\/wordpress\/2010\/03\/13\/albert-camusnun-olumu-uzerine-jean-paul-sartre\/"},"modified":"2010-03-13T01:00:00","modified_gmt":"2010-03-12T22:00:00","slug":"albert-camusnun-olumu-uzerine-jean-paul-sartre","status":"publish","type":"post","link":"https:\/\/narteks.net\/index.php\/2010\/03\/13\/albert-camusnun-olumu-uzerine-jean-paul-sartre\/","title":{"rendered":"Albert Camus&#8217;nun \u00d6l\u00fcm\u00fc \u00dczerine | Jean Paul Sartre"},"content":{"rendered":"<p style=\"text-align: justify;\"><img loading=\"lazy\" decoding=\"async\" src=\"http:\/\/kaderheperkenzamanhepgec.files.wordpress.com\/2011\/02\/albert-camus.jpg?w=500&amp;h=652\" border=\"0\" width=\"155\" height=\"205\" style=\"float: left;\" \/>Alt\u0131 ay \u00f6nce, d\u00fcn bile, &#8220;Ne yapacak?&#8221; diye soruluyordu. Sayg\u0131 duymak gereken kar\u015f\u0131tl\u0131klarla yaralanm\u0131\u015f bir halde, ge\u00e7ici bir s\u00fcre i\u00e7in sessizli\u011fi se\u00e7mi\u015fti. Ama, a\u011f\u0131r a\u011f\u0131r ge\u00e7en ve se\u00e7ti\u011fine ba\u011fl\u0131 kalan ender insanlardan oldu\u011fu i\u00e7in, sessizli\u011fin sonu beklenebilirdi. Bir g\u00fcn konu\u015facakt\u0131. S\u00f6yleyecekleri \u00fczerinde tahminde bulunmak y\u00fcreklili\u011fini bile bile g\u00f6ze alamayacakt\u0131k. Ama, hepimiz gibi, yery\u00fcz\u00fc ile birlikte de\u011fi\u015fti\u011fini d\u00fc\u015f\u00fcn\u00fcyorduk: varl\u0131\u011f\u0131n\u0131n canl\u0131 kalmas\u0131na yetiyordu bu.<\/p>\n<p style=\"text-align: justify;\">Darg\u0131nd\u0131k; darg\u0131nl\u0131k -hi\u00e7 g\u00f6r\u00fc\u015fmeyecek bile olsak- bir \u015fey de\u011fil; olsa olsa, i\u00e7inde bulundu\u011fumuz dar, k\u00fc\u00e7\u00fck d\u00fcnyada, birbirimizi g\u00f6zden ka\u00e7\u0131rmadan ve<br \/>birlikte ya\u015famak bir \u00e7e\u015fit. Bu, onu d\u00fc\u015f\u00fcnmeme, okudu\u011fu bir kitap sayfas\u0131 ya da gazete \u00fczerindeki bak\u0131\u015f\u0131n\u0131 duymama ve kendi kendime &#8220;Ne diyor? \u015eu anda ne diyor?&#8221; dememe engel de\u011fildi.<\/p>\n<p style=\"text-align: justify;\">Olaylara ve i\u00e7inde bulundu\u011fum ruhsal duruma g\u00f6re, bazen \u00e7ok s\u0131k\u0131nt\u0131l\u0131, bazen \u00e7ok ac\u0131 olarak yarg\u0131lad\u0131\u011f\u0131m sessizli\u011fi; \u0131s\u0131 ya da \u0131\u015f\u0131k gibi, her g\u00fcn\u00fcn niteli\u011fi idi, insanc\u0131ld\u0131. Kitaplar\u0131n\u0131n -\u00f6zellikle, belki en g\u00fczeli ve en az anla\u015f\u0131lan\u0131 olan D\u00fc\u015f\u00fc\u015f&#8217;\u00fcn- tan\u0131tt\u0131\u011f\u0131 d\u00fc\u015f\u00fcncelerinin, yan\u0131nda ya da kar\u015f\u0131s\u0131nda olunuyor, ama her zaman onlarla birlikte ya\u015fan\u0131yordu. K\u00fclt\u00fcr\u00fcm\u00fcz\u00fcn belirli bir ser\u00fcveni idi bu: d\u00f6nemleri ve sonucu bulunmaya \u00e7al\u0131\u015f\u0131lan bir davran\u0131\u015ft\u0131.<\/p>\n<p>\u00c7a\u011f\u0131m\u0131zda ve tarih kar\u015f\u0131s\u0131nda yapt\u0131klar\u0131 Frans\u0131z Edebiyat\u0131&#8217;nda belki en ilgin\u00e7 olan uzun ahlak\u00e7\u0131lar zincirinin g\u00fcn\u00fcm\u00fczdeki miras\u00e7\u0131s\u0131n\u0131 temsil ediyordu. \u0130nsat\u00e7\u0131, dar ve saf, duygulu ve sert insanc\u0131ll\u0131\u011f\u0131, \u00e7a\u011f\u0131m\u0131z\u0131n bi\u00e7imsiz ve toplu olaylar\u0131 ile, sonucu \u015f\u00fcpheli bir sava\u015fa girmi\u015fti. Ama, bunun yan\u0131nda da reddetmedeki inat\u00e7\u0131l\u0131\u011f\u0131 ile, \u00e7a\u011f\u0131m\u0131z\u0131n ortas\u0131nda, ger\u00e7e\u011fin alt\u0131nlar\u0131na ve makyavelcilere kar\u015f\u0131, ahlak\u0131n varl\u0131\u011f\u0131n\u0131 savunuyordu.<\/p>\n<p>Bir y\u0131k\u0131lmaz deyimleme, savunma oldu\u011fu s\u00f6ylenebilirdi. Ne de\u011fin az okunur, ne de\u011fin az d\u00fc\u015f\u00fcn\u00fcl\u00fcrse d\u00fc\u015f\u00fcn\u00fcls\u00fcn, avucunda s\u0131k\u0131 s\u0131k\u0131ya saklad\u0131\u011f\u0131 insanc\u0131l de\u011ferlerle kar\u015f\u0131 kar\u015f\u0131ya kal\u0131n\u0131yordu: siyasal davran\u0131\u015f sorununu ortaya koyuyordu ortaya \u00f6rne\u011fin. Ya yan\u0131ndan k\u0131vr\u0131l\u0131p gitmek, ya da sava\u015fa giri\u015fmek gerekiyordu: tek kelime ile, d\u00fc\u015f\u00fcnce hayat\u0131n\u0131 yapan gerilim i\u00e7in ka\u00e7\u0131n\u0131lmazd\u0131. Son y\u0131llarda, sessizli\u011finin bile olumlu bir y\u00f6n\u00fc vard\u0131; uyumsuzun bu Descartes\u00e7\u0131s\u0131, ahlak\u0131n g\u00fcvenli topra\u011f\u0131n\u0131 b\u0131rak\u0131p, uygulaman\u0131n sonucu belirsiz yollar\u0131na s\u00fcr\u00fcklenmeyi reddediyordu. Farkediyorduk bunu; sessizli\u011fi se\u00e7ti\u011fi sorunlar\u0131n ne oldu\u011funu da seziyorduk: \u00e7\u00fcnk\u00fc ahlak, yaln\u0131z ba\u015f\u0131na ele al\u0131n\u0131rsa, hem devrim yap\u0131lmas\u0131n\u0131 gerektirir, hem de su\u00e7lar onu.<\/p>\n<p>Bekliyorduk; beklemek gerekti, bilmek gerekti: sonunda ne yapar, neye karar verirse versin Camus k\u00fclt\u00fcr alan\u0131m\u0131z\u0131n belli ba\u015fl\u0131 kuvvetlerinden biri olmakta, \u00e7a\u011f\u0131n ve Fransa&#8217;n\u0131n tarihini kendince temsilde devam edecekti. Ama konu\u015fsa idi, belki gitti\u011fi yolu \u00f6\u011frenecek ve anlayacakt\u0131k. Her\u015feyi yapm\u0131\u015ft\u0131<br \/>-b\u00fct\u00fcn bir eser- ve her zaman oldu\u011fu gibi, her\u015fey ortada idi. Kendisi de s\u00f6yl\u00fcyordu: &#8220;Eserimi bundan sonra yapaca\u011f\u0131m&#8221;. Bitti art\u0131k. Bu \u00f6l\u00fcm\u00fcn, kendine \u00f6zg\u00fc bir rezaleti var; insanc\u0131l olmayan\u0131n, insanl\u0131k d\u00fczenini ortadan kald\u0131rmas\u0131 bu.<\/p>\n<p>\u0130nsanl\u0131k d\u00fczeni, bir d\u00fczensizliktir hen\u00fcz; haks\u0131zd\u0131r, ge\u00e7icidir, \u00f6l\u00fcn\u00fcr orada, a\u00e7l\u0131ktan \u00f6ld\u00fcr\u00fcl\u00fcn\u00fcr; ne var ki, insanlarca kurulmu\u015ftur, onlarca ayakta tutulmakta ve sava\u015f\u0131 yap\u0131lmaktad\u0131r. Bu d\u00fczende Camus&#8217;n\u00fcn ya\u015famas\u0131 gerekti; ilerleyen bu adam, bizim sorunumuzu ortaya koyuyordu; kendisi de kar\u015f\u0131l\u0131\u011f\u0131n\u0131 arayan bir sorundu; bizler i\u00e7in, kendisi i\u00e7in, d\u00fczeni kuran ve reddeden insanlar i\u00e7in uzun bir hayat\u0131n ortas\u0131nda ya\u015f\u0131yordu; sessizlikten \u00e7\u0131kmas\u0131, karar vermesi ve sonuca ba\u011flamas\u0131 \u00f6nemli idi. Ya\u015flan\u0131p \u00f6lenler vard\u0131r; hep ertelenmi\u015f olup, ya\u015fant\u0131lar\u0131n\u0131n anlam\u0131, ya\u015fant\u0131n\u0131n anlam\u0131 de\u011fi\u015fmeden \u00f6lebilecekler vard\u0131r. Ama bizim gibi karars\u0131z, \u015fa\u015fk\u0131n olanlar i\u00e7in, en iyilerimizin karanl\u0131k ge\u00e7idin sonuna gelmeleri gerekir. Bir yap\u0131t\u0131n nitelikleri ve tarihsel bir an\u0131n ko\u015fullar\u0131, \u00e7ok ender olarak, bir yazar\u0131n ya\u015famas\u0131n\u0131 bu kadar a\u00e7\u0131k\u00e7a gerektirmi\u015ftir.<\/p>\n<p>Camus&#8217;y\u00fc \u00f6ld\u00fcren kazaya, rezalettir diyorum; \u00e7\u00fcnk\u00fc bu kaza, insanc\u0131l d\u00fcnyada, en derin gerekliliklerimizin uyumsuzlu\u011funu ortaya \u00e7\u0131kar\u0131yor. Camus, yirmi ya\u015f\u0131nda iken, ans\u0131z\u0131n kap\u0131ld\u0131\u011f\u0131, ya\u015fant\u0131s\u0131n\u0131 alt\u00fcst eden bir hastal\u0131kla, uyumsuzu -insan\u0131n budalaca yoklu\u011funu- buldu. Al\u0131\u015ft\u0131 buna, dayan\u0131lmaz ko\u015fulunu d\u00fc\u015f\u00fcnd\u00fc ve kendisini kurtard\u0131. Bu iyile\u015fmi\u015f hasta, beklenmeyen ve d\u0131\u015far\u0131dan gelen bir \u00f6l\u00fcmle \u00e7i\u011fnendi\u011fine g\u00f6re, yaln\u0131z ilk yap\u0131tlar\u0131n\u0131n ger\u00e7e\u011fi s\u00f6yledi\u011fi zannedilebilir. Buna g\u00f6re uyumsuzluk, ne kimsenin ona, ne de onun kimseye sordu\u011fu sorudur; sessizlik bile denemeyecek, hi\u00e7bir \u015fey olmayan bir sessizliktir.<\/p>\n<p>B\u00f6yle oldu\u011funu zannetmiyorum. \u0130nsanc\u0131l olmayan, kendini belli eder etmez insan\u0131n bir b\u00f6l\u00fcm\u00fc olur. Durmu\u015f her ya\u015fant\u0131, -bu de\u011fin gen\u00e7 bir adam\u0131nki bile olsa- hem k\u0131r\u0131lan bir plak, hem de b\u00fct\u00fcn bir hayatt\u0131r. Bu \u00f6l\u00fcmde, onu sevmi\u015f olanlar i\u00e7in, dayan\u0131lmaz bir uyumsuzluk vard\u0131r. Gene de bu par\u00e7alanm\u0131\u015f<br \/>yap\u0131t\u0131, b\u00fct\u00fcn bir yap\u0131t olarak g\u00f6rmeyi \u00f6\u011frenmek gerekir. Camus&#8217;n\u00fcn insanc\u0131ll\u0131\u011f\u0131nda, kendisini ans\u0131z\u0131n al\u0131p g\u00f6t\u00fcren \u00f6l\u00fcme kar\u015f\u0131 insanc\u0131l bir davran\u0131\u015f bulundu\u011fu, onurlu mutluluk ara\u015ft\u0131rmas\u0131n\u0131n, \u00f6lmenin insanl\u0131k d\u0131\u015f\u0131 gereklili\u011fini i\u00e7ine ald\u0131\u011f\u0131 ve zorunlula\u015ft\u0131rd\u0131\u011f\u0131 \u00f6l\u00e7\u00fcde, bu eserde ve bu eserden ayr\u0131lamayacak olan ya\u015fant\u0131da, gelecekteki \u00f6l\u00fcm\u00fcne kar\u015f\u0131 varl\u0131\u011f\u0131n\u0131n her an\u0131n\u0131 ku\u015fatmak isteyen bir insan\u0131n saf ve ba\u015far\u0131l\u0131 giri\u015fimini bulaca\u011f\u0131z.<\/p>\n<p>Kaynak: D\u00fc\u015fler, say\u0131 9, mart-nisan 95, \u00c7ev. Y\u0131ld\u0131r\u0131m Keskin<\/p>\n","protected":false},"excerpt":{"rendered":"<p>Alt\u0131 ay \u00f6nce, d\u00fcn bile, &#8220;Ne yapacak?&#8221; diye soruluyordu. Sayg\u0131 duymak gereken kar\u015f\u0131tl\u0131klarla yaralanm\u0131\u015f bir halde, ge\u00e7ici bir s\u00fcre i\u00e7in sessizli\u011fi se\u00e7mi\u015fti. Ama, a\u011f\u0131r a\u011f\u0131r ge\u00e7en ve se\u00e7ti\u011fine ba\u011fl\u0131 kalan ender insanlardan oldu\u011fu i\u00e7in, sessizli\u011fin sonu beklenebilirdi. Bir g\u00fcn konu\u015facakt\u0131. S\u00f6yleyecekleri \u00fczerinde tahminde bulunmak y\u00fcreklili\u011fini bile bile g\u00f6ze alamayacakt\u0131k. Ama, hepimiz gibi, yery\u00fcz\u00fc ile birlikte [&hellip;]<\/p>\n","protected":false},"author":1,"featured_media":0,"comment_status":"open","ping_status":"open","sticky":false,"template":"","format":"standard","meta":{"footnotes":""},"categories":[134],"tags":[],"class_list":{"0":"post-4052","1":"post","2":"type-post","3":"status-publish","4":"format-standard","6":"category-kuram"},"yoast_head":"<!-- This site is optimized with the Yoast SEO Premium plugin v24.9 (Yoast SEO v24.9) - https:\/\/yoast.com\/wordpress\/plugins\/seo\/ -->\n<title>Albert Camus&#039;nun \u00d6l\u00fcm\u00fc \u00dczerine | Jean Paul Sartre - narteks.net<\/title>\n<meta name=\"robots\" content=\"index, follow, max-snippet:-1, max-image-preview:large, max-video-preview:-1\" \/>\n<link rel=\"canonical\" href=\"https:\/\/narteks.net\/index.php\/2010\/03\/13\/albert-camusnun-olumu-uzerine-jean-paul-sartre\/\" \/>\n<meta property=\"og:locale\" content=\"tr_TR\" \/>\n<meta property=\"og:type\" content=\"article\" \/>\n<meta property=\"og:title\" content=\"Albert Camus&#039;nun \u00d6l\u00fcm\u00fc \u00dczerine | Jean Paul Sartre\" \/>\n<meta property=\"og:description\" content=\"Alt\u0131 ay \u00f6nce, d\u00fcn bile, &#8220;Ne yapacak?&#8221; diye soruluyordu. Sayg\u0131 duymak gereken kar\u015f\u0131tl\u0131klarla yaralanm\u0131\u015f bir halde, ge\u00e7ici bir s\u00fcre i\u00e7in sessizli\u011fi se\u00e7mi\u015fti. Ama, a\u011f\u0131r a\u011f\u0131r ge\u00e7en ve se\u00e7ti\u011fine ba\u011fl\u0131 kalan ender insanlardan oldu\u011fu i\u00e7in, sessizli\u011fin sonu beklenebilirdi. Bir g\u00fcn konu\u015facakt\u0131. S\u00f6yleyecekleri \u00fczerinde tahminde bulunmak y\u00fcreklili\u011fini bile bile g\u00f6ze alamayacakt\u0131k. Ama, hepimiz gibi, yery\u00fcz\u00fc ile birlikte [&hellip;]\" \/>\n<meta property=\"og:url\" content=\"https:\/\/narteks.net\/index.php\/2010\/03\/13\/albert-camusnun-olumu-uzerine-jean-paul-sartre\/\" \/>\n<meta property=\"og:site_name\" content=\"narteks.net\" \/>\n<meta property=\"article:published_time\" content=\"2010-03-12T22:00:00+00:00\" \/>\n<meta property=\"og:image\" content=\"http:\/\/kaderheperkenzamanhepgec.files.wordpress.com\/2011\/02\/albert-camus.jpg?w=500&amp;h=652\" \/>\n<meta name=\"author\" content=\"Tar\u0131k\" \/>\n<meta name=\"twitter:card\" content=\"summary_large_image\" \/>\n<meta name=\"twitter:creator\" content=\"@narteks\" \/>\n<meta name=\"twitter:site\" content=\"@narteks\" \/>\n<meta name=\"twitter:label1\" content=\"Yazan:\" \/>\n\t<meta name=\"twitter:data1\" content=\"Tar\u0131k\" \/>\n\t<meta name=\"twitter:label2\" content=\"Tahmini okuma s\u00fcresi\" \/>\n\t<meta name=\"twitter:data2\" content=\"5 dakika\" \/>\n<script type=\"application\/ld+json\" class=\"yoast-schema-graph\">{\"@context\":\"https:\/\/schema.org\",\"@graph\":[{\"@type\":\"Article\",\"@id\":\"https:\/\/narteks.net\/index.php\/2010\/03\/13\/albert-camusnun-olumu-uzerine-jean-paul-sartre\/#article\",\"isPartOf\":{\"@id\":\"https:\/\/narteks.net\/index.php\/2010\/03\/13\/albert-camusnun-olumu-uzerine-jean-paul-sartre\/\"},\"author\":{\"name\":\"Tar\u0131k\",\"@id\":\"https:\/\/narteks.net\/#\/schema\/person\/61f37d9834294b72d31d274e7ed79bca\"},\"headline\":\"Albert Camus&#8217;nun \u00d6l\u00fcm\u00fc \u00dczerine | Jean Paul Sartre\",\"datePublished\":\"2010-03-12T22:00:00+00:00\",\"mainEntityOfPage\":{\"@id\":\"https:\/\/narteks.net\/index.php\/2010\/03\/13\/albert-camusnun-olumu-uzerine-jean-paul-sartre\/\"},\"wordCount\":1062,\"commentCount\":0,\"publisher\":{\"@id\":\"https:\/\/narteks.net\/#organization\"},\"image\":{\"@id\":\"https:\/\/narteks.net\/index.php\/2010\/03\/13\/albert-camusnun-olumu-uzerine-jean-paul-sartre\/#primaryimage\"},\"thumbnailUrl\":\"http:\/\/kaderheperkenzamanhepgec.files.wordpress.com\/2011\/02\/albert-camus.jpg?w=500&amp;h=652\",\"articleSection\":[\"Kuram\"],\"inLanguage\":\"tr\",\"potentialAction\":[{\"@type\":\"CommentAction\",\"name\":\"Comment\",\"target\":[\"https:\/\/narteks.net\/index.php\/2010\/03\/13\/albert-camusnun-olumu-uzerine-jean-paul-sartre\/#respond\"]}]},{\"@type\":\"WebPage\",\"@id\":\"https:\/\/narteks.net\/index.php\/2010\/03\/13\/albert-camusnun-olumu-uzerine-jean-paul-sartre\/\",\"url\":\"https:\/\/narteks.net\/index.php\/2010\/03\/13\/albert-camusnun-olumu-uzerine-jean-paul-sartre\/\",\"name\":\"Albert Camus'nun \u00d6l\u00fcm\u00fc \u00dczerine | Jean Paul Sartre - narteks.net\",\"isPartOf\":{\"@id\":\"https:\/\/narteks.net\/#website\"},\"primaryImageOfPage\":{\"@id\":\"https:\/\/narteks.net\/index.php\/2010\/03\/13\/albert-camusnun-olumu-uzerine-jean-paul-sartre\/#primaryimage\"},\"image\":{\"@id\":\"https:\/\/narteks.net\/index.php\/2010\/03\/13\/albert-camusnun-olumu-uzerine-jean-paul-sartre\/#primaryimage\"},\"thumbnailUrl\":\"http:\/\/kaderheperkenzamanhepgec.files.wordpress.com\/2011\/02\/albert-camus.jpg?w=500&amp;h=652\",\"datePublished\":\"2010-03-12T22:00:00+00:00\",\"breadcrumb\":{\"@id\":\"https:\/\/narteks.net\/index.php\/2010\/03\/13\/albert-camusnun-olumu-uzerine-jean-paul-sartre\/#breadcrumb\"},\"inLanguage\":\"tr\",\"potentialAction\":[{\"@type\":\"ReadAction\",\"target\":[\"https:\/\/narteks.net\/index.php\/2010\/03\/13\/albert-camusnun-olumu-uzerine-jean-paul-sartre\/\"]}]},{\"@type\":\"ImageObject\",\"inLanguage\":\"tr\",\"@id\":\"https:\/\/narteks.net\/index.php\/2010\/03\/13\/albert-camusnun-olumu-uzerine-jean-paul-sartre\/#primaryimage\",\"url\":\"http:\/\/kaderheperkenzamanhepgec.files.wordpress.com\/2011\/02\/albert-camus.jpg?w=500&amp;h=652\",\"contentUrl\":\"http:\/\/kaderheperkenzamanhepgec.files.wordpress.com\/2011\/02\/albert-camus.jpg?w=500&amp;h=652\"},{\"@type\":\"BreadcrumbList\",\"@id\":\"https:\/\/narteks.net\/index.php\/2010\/03\/13\/albert-camusnun-olumu-uzerine-jean-paul-sartre\/#breadcrumb\",\"itemListElement\":[{\"@type\":\"ListItem\",\"position\":1,\"name\":\"Anasayfa\",\"item\":\"https:\/\/narteks.net\/\"},{\"@type\":\"ListItem\",\"position\":2,\"name\":\"Albert Camus&#8217;nun \u00d6l\u00fcm\u00fc \u00dczerine | Jean Paul Sartre\"}]},{\"@type\":\"WebSite\",\"@id\":\"https:\/\/narteks.net\/#website\",\"url\":\"https:\/\/narteks.net\/\",\"name\":\"narteks.net\",\"description\":\"K\u00fclt\u00fcr Sanat Edebiyat Felsefe\",\"publisher\":{\"@id\":\"https:\/\/narteks.net\/#organization\"},\"alternateName\":\"K\u00fclt\u00fcr Sanat Edebiyat Felsefe\",\"potentialAction\":[{\"@type\":\"SearchAction\",\"target\":{\"@type\":\"EntryPoint\",\"urlTemplate\":\"https:\/\/narteks.net\/?s={search_term_string}\"},\"query-input\":{\"@type\":\"PropertyValueSpecification\",\"valueRequired\":true,\"valueName\":\"search_term_string\"}}],\"inLanguage\":\"tr\"},{\"@type\":\"Organization\",\"@id\":\"https:\/\/narteks.net\/#organization\",\"name\":\"narteks.net\",\"url\":\"https:\/\/narteks.net\/\",\"logo\":{\"@type\":\"ImageObject\",\"inLanguage\":\"tr\",\"@id\":\"https:\/\/narteks.net\/#\/schema\/logo\/image\/\",\"url\":\"https:\/\/narteks.net\/wp-content\/uploads\/narteks.png\",\"contentUrl\":\"https:\/\/narteks.net\/wp-content\/uploads\/narteks.png\",\"width\":300,\"height\":90,\"caption\":\"narteks.net\"},\"image\":{\"@id\":\"https:\/\/narteks.net\/#\/schema\/logo\/image\/\"},\"sameAs\":[\"https:\/\/x.com\/narteks\",\"https:\/\/instagram.com\/narteksnet\"]},{\"@type\":\"Person\",\"@id\":\"https:\/\/narteks.net\/#\/schema\/person\/61f37d9834294b72d31d274e7ed79bca\",\"name\":\"Tar\u0131k\",\"image\":{\"@type\":\"ImageObject\",\"inLanguage\":\"tr\",\"@id\":\"https:\/\/narteks.net\/#\/schema\/person\/image\/\",\"url\":\"https:\/\/secure.gravatar.com\/avatar\/50865afb55632c4ae467e0af0930f6510aa2297d8014be502a55b14f3b7550cf?s=96&d=mm&r=g\",\"contentUrl\":\"https:\/\/secure.gravatar.com\/avatar\/50865afb55632c4ae467e0af0930f6510aa2297d8014be502a55b14f3b7550cf?s=96&d=mm&r=g\",\"caption\":\"Tar\u0131k\"},\"sameAs\":[\"http:\/\/narteks.net\"],\"url\":\"https:\/\/narteks.net\/index.php\/author\/narbak\/\"}]}<\/script>\n<!-- \/ Yoast SEO Premium plugin. -->","yoast_head_json":{"title":"Albert Camus'nun \u00d6l\u00fcm\u00fc \u00dczerine | Jean Paul Sartre - narteks.net","robots":{"index":"index","follow":"follow","max-snippet":"max-snippet:-1","max-image-preview":"max-image-preview:large","max-video-preview":"max-video-preview:-1"},"canonical":"https:\/\/narteks.net\/index.php\/2010\/03\/13\/albert-camusnun-olumu-uzerine-jean-paul-sartre\/","og_locale":"tr_TR","og_type":"article","og_title":"Albert Camus'nun \u00d6l\u00fcm\u00fc \u00dczerine | Jean Paul Sartre","og_description":"Alt\u0131 ay \u00f6nce, d\u00fcn bile, &#8220;Ne yapacak?&#8221; diye soruluyordu. Sayg\u0131 duymak gereken kar\u015f\u0131tl\u0131klarla yaralanm\u0131\u015f bir halde, ge\u00e7ici bir s\u00fcre i\u00e7in sessizli\u011fi se\u00e7mi\u015fti. Ama, a\u011f\u0131r a\u011f\u0131r ge\u00e7en ve se\u00e7ti\u011fine ba\u011fl\u0131 kalan ender insanlardan oldu\u011fu i\u00e7in, sessizli\u011fin sonu beklenebilirdi. Bir g\u00fcn konu\u015facakt\u0131. S\u00f6yleyecekleri \u00fczerinde tahminde bulunmak y\u00fcreklili\u011fini bile bile g\u00f6ze alamayacakt\u0131k. Ama, hepimiz gibi, yery\u00fcz\u00fc ile birlikte [&hellip;]","og_url":"https:\/\/narteks.net\/index.php\/2010\/03\/13\/albert-camusnun-olumu-uzerine-jean-paul-sartre\/","og_site_name":"narteks.net","article_published_time":"2010-03-12T22:00:00+00:00","og_image":[{"url":"http:\/\/kaderheperkenzamanhepgec.files.wordpress.com\/2011\/02\/albert-camus.jpg?w=500&amp;h=652","type":"","width":"","height":""}],"author":"Tar\u0131k","twitter_card":"summary_large_image","twitter_creator":"@narteks","twitter_site":"@narteks","twitter_misc":{"Yazan:":"Tar\u0131k","Tahmini okuma s\u00fcresi":"5 dakika"},"schema":{"@context":"https:\/\/schema.org","@graph":[{"@type":"Article","@id":"https:\/\/narteks.net\/index.php\/2010\/03\/13\/albert-camusnun-olumu-uzerine-jean-paul-sartre\/#article","isPartOf":{"@id":"https:\/\/narteks.net\/index.php\/2010\/03\/13\/albert-camusnun-olumu-uzerine-jean-paul-sartre\/"},"author":{"name":"Tar\u0131k","@id":"https:\/\/narteks.net\/#\/schema\/person\/61f37d9834294b72d31d274e7ed79bca"},"headline":"Albert Camus&#8217;nun \u00d6l\u00fcm\u00fc \u00dczerine | Jean Paul Sartre","datePublished":"2010-03-12T22:00:00+00:00","mainEntityOfPage":{"@id":"https:\/\/narteks.net\/index.php\/2010\/03\/13\/albert-camusnun-olumu-uzerine-jean-paul-sartre\/"},"wordCount":1062,"commentCount":0,"publisher":{"@id":"https:\/\/narteks.net\/#organization"},"image":{"@id":"https:\/\/narteks.net\/index.php\/2010\/03\/13\/albert-camusnun-olumu-uzerine-jean-paul-sartre\/#primaryimage"},"thumbnailUrl":"http:\/\/kaderheperkenzamanhepgec.files.wordpress.com\/2011\/02\/albert-camus.jpg?w=500&amp;h=652","articleSection":["Kuram"],"inLanguage":"tr","potentialAction":[{"@type":"CommentAction","name":"Comment","target":["https:\/\/narteks.net\/index.php\/2010\/03\/13\/albert-camusnun-olumu-uzerine-jean-paul-sartre\/#respond"]}]},{"@type":"WebPage","@id":"https:\/\/narteks.net\/index.php\/2010\/03\/13\/albert-camusnun-olumu-uzerine-jean-paul-sartre\/","url":"https:\/\/narteks.net\/index.php\/2010\/03\/13\/albert-camusnun-olumu-uzerine-jean-paul-sartre\/","name":"Albert Camus'nun \u00d6l\u00fcm\u00fc \u00dczerine | Jean Paul Sartre - narteks.net","isPartOf":{"@id":"https:\/\/narteks.net\/#website"},"primaryImageOfPage":{"@id":"https:\/\/narteks.net\/index.php\/2010\/03\/13\/albert-camusnun-olumu-uzerine-jean-paul-sartre\/#primaryimage"},"image":{"@id":"https:\/\/narteks.net\/index.php\/2010\/03\/13\/albert-camusnun-olumu-uzerine-jean-paul-sartre\/#primaryimage"},"thumbnailUrl":"http:\/\/kaderheperkenzamanhepgec.files.wordpress.com\/2011\/02\/albert-camus.jpg?w=500&amp;h=652","datePublished":"2010-03-12T22:00:00+00:00","breadcrumb":{"@id":"https:\/\/narteks.net\/index.php\/2010\/03\/13\/albert-camusnun-olumu-uzerine-jean-paul-sartre\/#breadcrumb"},"inLanguage":"tr","potentialAction":[{"@type":"ReadAction","target":["https:\/\/narteks.net\/index.php\/2010\/03\/13\/albert-camusnun-olumu-uzerine-jean-paul-sartre\/"]}]},{"@type":"ImageObject","inLanguage":"tr","@id":"https:\/\/narteks.net\/index.php\/2010\/03\/13\/albert-camusnun-olumu-uzerine-jean-paul-sartre\/#primaryimage","url":"http:\/\/kaderheperkenzamanhepgec.files.wordpress.com\/2011\/02\/albert-camus.jpg?w=500&amp;h=652","contentUrl":"http:\/\/kaderheperkenzamanhepgec.files.wordpress.com\/2011\/02\/albert-camus.jpg?w=500&amp;h=652"},{"@type":"BreadcrumbList","@id":"https:\/\/narteks.net\/index.php\/2010\/03\/13\/albert-camusnun-olumu-uzerine-jean-paul-sartre\/#breadcrumb","itemListElement":[{"@type":"ListItem","position":1,"name":"Anasayfa","item":"https:\/\/narteks.net\/"},{"@type":"ListItem","position":2,"name":"Albert Camus&#8217;nun \u00d6l\u00fcm\u00fc \u00dczerine | Jean Paul Sartre"}]},{"@type":"WebSite","@id":"https:\/\/narteks.net\/#website","url":"https:\/\/narteks.net\/","name":"narteks.net","description":"K\u00fclt\u00fcr Sanat Edebiyat Felsefe","publisher":{"@id":"https:\/\/narteks.net\/#organization"},"alternateName":"K\u00fclt\u00fcr Sanat Edebiyat Felsefe","potentialAction":[{"@type":"SearchAction","target":{"@type":"EntryPoint","urlTemplate":"https:\/\/narteks.net\/?s={search_term_string}"},"query-input":{"@type":"PropertyValueSpecification","valueRequired":true,"valueName":"search_term_string"}}],"inLanguage":"tr"},{"@type":"Organization","@id":"https:\/\/narteks.net\/#organization","name":"narteks.net","url":"https:\/\/narteks.net\/","logo":{"@type":"ImageObject","inLanguage":"tr","@id":"https:\/\/narteks.net\/#\/schema\/logo\/image\/","url":"https:\/\/narteks.net\/wp-content\/uploads\/narteks.png","contentUrl":"https:\/\/narteks.net\/wp-content\/uploads\/narteks.png","width":300,"height":90,"caption":"narteks.net"},"image":{"@id":"https:\/\/narteks.net\/#\/schema\/logo\/image\/"},"sameAs":["https:\/\/x.com\/narteks","https:\/\/instagram.com\/narteksnet"]},{"@type":"Person","@id":"https:\/\/narteks.net\/#\/schema\/person\/61f37d9834294b72d31d274e7ed79bca","name":"Tar\u0131k","image":{"@type":"ImageObject","inLanguage":"tr","@id":"https:\/\/narteks.net\/#\/schema\/person\/image\/","url":"https:\/\/secure.gravatar.com\/avatar\/50865afb55632c4ae467e0af0930f6510aa2297d8014be502a55b14f3b7550cf?s=96&d=mm&r=g","contentUrl":"https:\/\/secure.gravatar.com\/avatar\/50865afb55632c4ae467e0af0930f6510aa2297d8014be502a55b14f3b7550cf?s=96&d=mm&r=g","caption":"Tar\u0131k"},"sameAs":["http:\/\/narteks.net"],"url":"https:\/\/narteks.net\/index.php\/author\/narbak\/"}]}},"_links":{"self":[{"href":"https:\/\/narteks.net\/index.php\/wp-json\/wp\/v2\/posts\/4052","targetHints":{"allow":["GET"]}}],"collection":[{"href":"https:\/\/narteks.net\/index.php\/wp-json\/wp\/v2\/posts"}],"about":[{"href":"https:\/\/narteks.net\/index.php\/wp-json\/wp\/v2\/types\/post"}],"author":[{"embeddable":true,"href":"https:\/\/narteks.net\/index.php\/wp-json\/wp\/v2\/users\/1"}],"replies":[{"embeddable":true,"href":"https:\/\/narteks.net\/index.php\/wp-json\/wp\/v2\/comments?post=4052"}],"version-history":[{"count":0,"href":"https:\/\/narteks.net\/index.php\/wp-json\/wp\/v2\/posts\/4052\/revisions"}],"wp:attachment":[{"href":"https:\/\/narteks.net\/index.php\/wp-json\/wp\/v2\/media?parent=4052"}],"wp:term":[{"taxonomy":"category","embeddable":true,"href":"https:\/\/narteks.net\/index.php\/wp-json\/wp\/v2\/categories?post=4052"},{"taxonomy":"post_tag","embeddable":true,"href":"https:\/\/narteks.net\/index.php\/wp-json\/wp\/v2\/tags?post=4052"}],"curies":[{"name":"wp","href":"https:\/\/api.w.org\/{rel}","templated":true}]}}