{"id":4055,"date":"2010-01-22T11:05:06","date_gmt":"2010-01-22T08:05:06","guid":{"rendered":"http:\/\/localhost\/wordpress\/2010\/01\/22\/insanin-yalnizken-davranislari-maksim-gorki\/"},"modified":"2010-01-22T11:05:06","modified_gmt":"2010-01-22T08:05:06","slug":"insanin-yalnizken-davranislari-maksim-gorki","status":"publish","type":"post","link":"https:\/\/narteks.net\/index.php\/2010\/01\/22\/insanin-yalnizken-davranislari-maksim-gorki\/","title":{"rendered":"\u0130nsan\u0131n yaln\u0131zken davran\u0131\u015flar\u0131 | Maksim Gorki"},"content":{"rendered":"<p style=\"text-align: justify;\"><strong><img loading=\"lazy\" decoding=\"async\" src=\"http:\/\/t1.gstatic.com\/images?q=tbn:ANd9GcSX30ppes0DzbGPbxo0cxggz1vL5LuHJVNd9ymX-cOmyuDC5fz4fxxg5E-YUg\" border=\"0\" width=\"155\" height=\"205\" style=\"float: left; border: 0;\" \/><\/strong>Bug\u00fcn, gri eldivenli elleriyle Tro\u00e7ki k\u00f6pr\u00fcs\u00fcn\u00fcn korkuluklar\u0131na tutunup Neva&#8217;ya atlayacak g\u00f6r\u00fcn\u00fcm\u00fc veren ak \u00e7orapl\u0131, g\u00fczel k\u00fc\u00e7\u00fck bir han\u0131m\u0131 izlerken, onun aya dilini; minik, sivri ve pembe dilini \u00e7\u0131kard\u0131\u011f\u0131n\u0131 g\u00f6rd\u00fcm.<\/p>\n<p style=\"text-align: justify;\">Ay, g\u00f6klerin bu ya\u015fl\u0131 ve kurnaz tilkisi, sinsice s\u00fcz\u00fclmekteydi kirli bulutlar\u0131n aras\u0131ndan. \u00e7ok iriydi, \u00e7ok i\u00e7mi\u015f biri gibi k\u0131zarm\u0131\u015ft\u0131 dudaklar\u0131 \u00fcstelik. Gen\u00e7 bayan tutkuyla, dahas\u0131 \u00f6\u00e7 al\u0131rcas\u0131na k\u0131\u015fk\u0131rtmaktayd\u0131 onu en az\u0131ndan \u00f6yle g\u00f6r\u00fcnd\u00fc bana.<\/p>\n<p style=\"text-align: justify;\">K\u0131z\u0131n bu davran\u0131\u015f\u0131, beni uzunca bir s\u00fcre \u015fa\u015f\u0131rta gelmi\u015f kimi &#8216;garipliklerin&#8217; i\u00e7imde ya\u015fayan an\u0131lar\u0131n\u0131 uyand\u0131rm\u0131\u015f oldu, Birinin, yaln\u0131zken kalk\u0131\u015ft\u0131\u011f\u0131 davran\u0131\u015flar\u0131na ne zaman tan\u0131k olmu\u015fsam, her kezinde onun &#8216;ka\u00e7\u0131k&#8217; oldu\u011fu kan\u0131s\u0131 uyanm\u0131\u015ft\u0131r bende ba\u015fkaca bir s\u00f6zc\u00fck bulam\u0131yorum.<\/p>\n<p style=\"text-align: justify;\">Daha \u00e7ocukken ilgimi \u00e7eken olay \u015f\u00f6yle olmu\u015ftu, bir sirkin yar\u0131 karanl\u0131k ve bo\u015f ge\u00e7itlerinde dola\u015f\u0131p durmakta olan bir ingiliz, Rondale ad\u0131nda bir palya\u00e7o, aynadaki g\u00f6r\u00fcnt\u00fcs\u00fc kar\u015f\u0131s\u0131nda, \u015fapkas\u0131n\u0131 \u00e7\u0131kar\u0131p sayg\u0131yla e\u011filmi\u015fti. Ge\u00e7itte yaln\u0131zd\u0131 o s\u0131ra. Ba\u015f\u0131n\u0131n \u00fczerinde yer alan bir su deposu i\u00e7indeki beni g\u00f6remezdi, tam bu sayg\u0131 g\u00f6sterisi s\u0131ras\u0131nda d\u0131\u015far\u0131 uzatm\u0131\u015ft\u0131m ba\u015f\u0131m\u0131, palya\u00e7onun bu davran\u0131\u015f\u0131; karanl\u0131k, ho\u015f olmayan d\u00fc\u015f\u00fcncelere salm\u0131\u015ft\u0131 beni. Bir palya\u00e7oydu o, mesle\u011fi -ya da sanat\u0131 ki\u015fisel ba\u015fkal\u0131\u011f\u0131na dayanan bir ingiliz&#8217;di \u00fcstelik.<\/p>\n<p>Yine, A. \u00c7ehov&#8217;un, evinin bah\u00e7esinde otururken, bir g\u00fcne\u015f \u0131\u015f\u0131n\u0131n\u0131 \u015fapkas\u0131yla yakalay\u0131p ba\u015f\u0131na ge\u00e7irme \u00e7abalar\u0131n\u0131n tan\u0131\u011f\u0131 olmu\u015ftum. Bu ba\u015far\u0131s\u0131z \u00e7abalar\u0131n, g\u00fcne\u015f \u0131\u015f\u0131n\u0131 avc\u0131s\u0131n\u0131 o s\u0131ra ne denli s\u0131kt\u0131\u011f\u0131n\u0131 g\u00f6rebilmekteydim; giderek k\u0131zarmaktayd\u0131 \u00e7\u00fcnk\u00fc y\u00fcz\u00fc, en sonunda \u015fapkas\u0131n\u0131 dizine vurup h\u0131zla ba\u015f\u0131na ge\u00e7irmesiyle, ayn\u0131 anda da k\u00f6pe\u011fini sab\u0131rs\u0131zca iteklemesiyle bu u\u011fra\u015f\u0131s\u0131n\u0131 sona erdirmi\u015fti. Daha sonra, yan yan g\u00f6ky\u00fcz\u00fcne bakarak \u00e7al\u0131ml\u0131 ad\u0131mlarla eve y\u00fcr\u00fcrken, giri\u015fte beni g\u00f6rm\u00fc\u015f, g\u00fcl\u00fcmseyerek \u015f\u00f6yle demi\u015fti: \u201cG\u00fcnayd\u0131n. Balmont\u2019un G\u00fcne\u015f Et Kokuyor dizelerini bilir misiniz? Ne sa\u00e7ma de\u011fil mi? Rusya\u2019da Kazan sabunu kokar g\u00fcne\u015f ve burada \u2013 Tatar teri.\u201d<\/p>\n<p>\u00d6te yandan \u00c7ehov\u2019du, i\u00e7i do\u011fruluk tutkusuyla dolu olarak kal\u0131n k\u0131rm\u0131z\u0131 bir kur\u015fun kalemi, ufak bir ila\u00e7 \u015fi\u015fesinin bo\u011faz\u0131ndan ge\u00e7irerek \u00f6nemli bir fizik yasas\u0131n\u0131 y\u0131kmaya kalk\u0131\u015fan bu adam. Bir deney \u00fczerindeki bilim adam\u0131n\u0131n sessiz dikba\u015fl\u0131l\u0131\u011f\u0131yla, direngendi de.<\/p>\n<p>Lev Tolstoy, \u015f\u00f6yle f\u0131s\u0131ldam\u0131\u015ft\u0131 bir kertenkeleye: &#8216;Mutlu musun, ha?&#8217;<\/p>\n<p>Ellerini deri kemerine sokmu\u015f; Dulber yolunu ye\u015ferten otlar aras\u0131ndaki bir ta\u015f \u00fczerinde g\u00fcne\u015flenmekte olan kertenkeleyi incelemekteydi o s\u0131ra. Bir an \u00e7evresine ku\u015fkulu g\u00f6z gezdiren bu y\u00fcce adam, \u201cbana sorarsan, de\u011filim&#8221; diye i\u00e7ini d\u00f6km\u00fc\u015ft\u00fc sonra da.<\/p>\n<p>Kimyager profes\u00f6r Tikvinski, yemek odamda otururken, &#8216;E&#8230; sevgili dostum, ne var ne yok\u201d&#8217; diye s\u00f6yle\u015fmi\u015fti, bak\u0131r \u00e7ay tepsisindeki g\u00f6r\u00fcnt\u00fcs\u00fcyle. Bir yan\u0131t alamay\u0131nca da, ka\u015flar\u0131n\u0131 \u00e7atm\u0131\u015f, bir yavru fil hortumunun i\u00e7iyle, \u00f6zenerek silmeye koyulmu\u015ftu tepsiyi.<\/p>\n<p>Anlat\u0131klar\u0131na g\u00f6re, N. S. Leskof, bir masa ba\u015f\u0131na oturur, porselen bir tabak i\u00e7ine y\u00fcksekten b\u0131rakt\u0131\u011f\u0131 bir pamuk par\u00e7as\u0131n\u0131n d\u00fc\u015ft\u00fc\u011f\u00fcnde \u00e7\u0131karaca\u011f\u0131n\u0131 umdu\u011fu sesi dinlermi\u015f.<\/p>\n<p>Papaz F. Vladimfirski, bir keresinde \u00f6n\u00fcne koydu\u011fu bir \u00e7izmeye do\u011fru, etkileyici bir sesle &#8216;\u00c7ek git \u00f6yleyse&#8217; demi\u015fti. Bir an sonra, \u2018Elinden gelmiyor de\u011fil mi, ha?\u2019 Sonra da a\u011f\u0131rba\u015fl\u0131ca, i\u00e7ine g\u00fcven gelmi\u015f bir tonda eklemi\u015fti: \u2018G\u00f6rd\u00fcn ya! Bensiz bir yere gidemezsin sen!\u2019<\/p>\n<p>Tam ona \u201cne yap\u0131yorsunuz, Peder?\u201d diyerek odaya girdi\u011fim de bana bir an ku\u015fkuyla bakt\u0131ktan sonra: \u201c\u015fu \u00e7izme\u201d diye a\u00e7\u0131klam\u0131\u015ft\u0131, \u201ctaban\u0131na dek a\u015f\u0131nm\u0131\u015f. Son zamanlarda \u00f6yle k\u00f6t\u00fc yap\u0131yorlar ki \u00e7izmeyi!\u201d<\/p>\n<p>\u0130nsanlar\u0131n, yaln\u0131zken g\u00fcl\u00fcp a\u011flad\u0131klar\u0131na bir \u00e7ok kez tan\u0131k olmu\u015fumdur. \u0130\u00e7kiyle aras\u0131 iyi olmayan bir yazar tan\u0131rd\u0131m, yaln\u0131z kald\u0131\u011f\u0131 s\u0131ralarda, eski bir laterna m\u00fczi\u011fi ezgisini \u0131sl\u0131kla \u00e7alarak a\u011flamay\u0131 al\u0131\u015fkanl\u0131k edinmi\u015fti kendisine. \u201cYapayaln\u0131z yola d\u00fc\u015ft\u00fc\u011f\u00fcm de ! k\u00f6t\u00fc \u00e7alard\u0131 \u0131sl\u0131\u011f\u0131, bir kad\u0131n gibi ve dudaklar\u0131 titrer, g\u00f6zya\u015flar\u0131 a\u011f\u0131r a\u011f\u0131r s\u00fcz\u00fcl\u00fcp kara sakallar\u0131nda gizlenirdi. Bir kezinde, bir otel odas\u0131nda a\u011flam\u0131\u015ft\u0131; s\u0131rt\u0131 pencereye d\u00f6n\u00fck, kollar\u0131yla y\u00fczmeyi an\u0131msatan eylemlerde bulunarak; ne var ki, bir beden al\u0131\u015ft\u0131rmas\u0131 olamazd\u0131 bu, \u00e7ok yava\u015ft\u0131 bir kere, g\u00fc\u00e7l\u00fc ya da ritmik de de\u011fildi \u00fcstelik.<\/p>\n<p>Yine de pek o denli yabanc\u0131 say\u0131lmasa gerek b\u00fct\u00fcn bunlar; kahkaha olsun, g\u00f6zya\u015flar\u0131 olsun, insan beyninin do\u011fal ve ussal anlat\u0131mlar\u0131d\u0131r, ki\u015fide pek \u015fa\u015f\u0131rt\u0131c\u0131 bir etki b\u0131rakmazlar. Ne bunlar, ne de insanlar\u0131n tarlalarda, ormanlarda, k\u0131rlarda, denizlerde ettikleri ak\u015fam dualar\u0131. Kendi \u00fczerlerinde cinsel doygunluk arama al\u0131\u015fkanl\u0131\u011f\u0131 edinenler, sap\u0131tm\u0131\u015f ki\u015fi izlenimi uyand\u0131rm\u0131\u015flard\u0131r hep-ki bu bile do\u011fald\u0131r, hemen her zaman tats\u0131z, kimi yabanc\u0131 olsalar da. Ve nice giz doludurlar. Bir t\u0131p \u00f6\u011frencisi \u2013 pek bir \u00e7ekicili\u011fi olmayan, kendini be\u011fenmi\u015f, hep y\u00fckseklerden atan, Nietzsche\u2019yi okuyup usunu onunla bozmu\u015f, kaba bir gen\u00e7 kad\u0131n, \u00fcstelik budalaca bir dinsizlik \u00f6zentisi i\u00e7indeyken, Kramskoi\u2019nin \u2018\u0130sa \u00c7\u00f6lde\u2019 tablosu kar\u015f\u0131s\u0131nda masturbasyon yapard\u0131. \u2013 hadisene, &#8211; diye f\u0131s\u0131ldayarak ve bitkinlik i\u00e7inde inleyerek \u2013 benim birici\u011fim, yoksulum, gel bana! Vars\u0131l bir tecimenle evlendi, ona iki de \u00e7ocuk yapt\u0131ktan sonra bir g\u00fcre\u015f\u00e7iyle ka\u00e7t\u0131.<\/p>\n<p>Kniagi Dvor&#8217;da bir kom\u015fum, Voronezh y\u00f6resinden bir toprak a\u011fas\u0131, bir gece yar\u0131 soyunuk ancak dipdiri uyan\u0131k bir durumda yanl\u0131\u015fl\u0131kla odama girmi\u015fti. Ben lambam\u0131 s\u00f6nd\u00fcr\u00fcp daha yeni uzanm\u0131\u015ft\u0131m yata\u011fa. Ay \u0131\u015f\u0131\u011f\u0131 dolduruyordu oday\u0131, perdedeki bir delikten, onun kuru y\u00fcz\u00fcn\u00fc, yabans\u0131 g\u00fcl\u00fcmseyi\u015fini g\u00f6rebiliyordum. Al\u00e7ak sesle bir s\u00f6yle\u015fiyi s\u00fcrd\u00fcrmekteydi kendi kendine :<\/p>\n<p>\u201cKim var orada?\u201d<br \/>\u201cBenim.\u201d<br \/>\u201cBu oda senin de\u011fil?\u201d<br \/>\u201cAh, ba\u011f\u0131\u015flay\u0131n l\u00fctfen!\u201d<br \/>\u201c\u00d6nemi yok&#8230;\u201d<\/p>\n<p>Konu\u015fmay\u0131 kesip \u00e7evresine bir g\u00f6z att\u0131, aynada b\u0131y\u0131klar\u0131n\u0131 be\u011feniyle s\u00fczerek, usulca bir \u015fark\u0131ya ba\u015flad\u0131 :<\/p>\n<p>\u201cGirmi\u015fim bir yanl\u0131\u015f yere, yere&#8230; Nas\u0131l yapar\u0131m ben bunu, bunu bunu&#8230;\u201d<\/p>\n<p>Sonra art\u0131k \u00e7ekip gitmesi gerekirken, bir kitap \u00e7ekip y\u00fcz\u00fcst\u00fc masaya b\u0131rakt\u0131, d\u0131\u015far\u0131ya, soka\u011fa g\u00f6zlerini dikerek birini paylarcas\u0131na, y\u00fcksek sesle :<\/p>\n<p>\u201cG\u00fcn gibi ayd\u0131nl\u0131k \u015fimdi oysa ne karanl\u0131k ne k\u00f6t\u00fcyd\u00fc bug\u00fcn. Bu ne bi\u00e7im bir i\u015f, ha&#8230;\u201d<\/p>\n<p>Ve ellerini iki yana a\u00e7\u0131p, ayak u\u00e7lar\u0131nda dengelenerek d\u0131\u015far\u0131 \u00e7\u0131kt\u0131, ard\u0131ndan usulca, \u00f6zenle kapad\u0131 kap\u0131y\u0131.<\/p>\n<p>Bir \u00e7ocu\u011fun, kitap kapa\u011f\u0131ndaki bir resmi parmaklar\u0131yla \u00e7\u0131karma \u00e7abas\u0131 pek g\u00f6r\u00fclmedik bir nen de\u011fildir, ancak bir bilim adam\u0131n\u0131n bir profes\u00f6r\u00fcn, hem de yakalanmaktan \u00fcrk\u00fcyormu\u015f\u00e7as\u0131na \u00e7evresini kollayarak, kulak kabartarak buna kalk\u0131\u015fmas\u0131n\u0131 izlemek, \u015fa\u015f\u0131t\u0131c\u0131d\u0131r ger\u00e7ekten. G\u00f6r\u00fcn\u00fc\u015fe g\u00f6re, s\u00f6z konusu profes\u00f6r, bas\u0131l\u0131 resmi, ka\u011f\u0131ttan kurtar\u0131p ceket cebine aktarabilece\u011finden pek ku\u015fku duymuyor gibiydi. Bir iki kez, ba\u015fard\u0131\u011f\u0131 san\u0131s\u0131na da kap\u0131lmad\u0131 de\u011fil. Kitab\u0131n yapra\u011f\u0131ndan, iki parma\u011f\u0131yla, bozuk para tutarcas\u0131na bir \u015feyi kald\u0131r\u0131p cebine aktarmaya cal\u0131\u015ft\u0131; ancak g\u00f6z\u00fc parmaklar\u0131na tak\u0131ld\u0131\u011f\u0131nda, ka\u015flar\u0131n\u0131 \u00e7atarak resmi \u0131\u015f\u0131\u011fa do\u011fru kald\u0131rd\u0131 ve yeniden inatla kaz\u0131maya koyuldu. Bir sonu\u00e7 alamay\u0131nca da kitab\u0131 bir yana f\u0131rlatarak, uzun, yeri d\u00f6vercesine \u00f6fkeli ad\u0131mlarla odadan \u00e7\u0131kt\u0131. Kitab\u0131 b\u00fcy\u00fck bir \u00f6zenle inceledim. \u00c7e\u015fitli elektrik motorlar\u0131 ve motor par\u00e7alar\u0131yla resimlendirilmi\u015f, Almanca yaz\u0131l\u0131 teknik bir kitapt\u0131 bu. Sayfalara yap\u0131\u015f\u0131k olan tek bir resim yoktu, Bas\u0131l\u0131 bir resmin, yerinden \u00e7\u0131kar\u0131l\u0131p cebe at\u0131lam\u0131yaca\u011f\u0131 ger\u00e7e\u011findense, ku\u015fku duymamak gerekir! Kendisi de, her ne kadar bir teknisyen olmay\u0131p, sosyal bilimler profes\u00f6ru olsa bile, bu a\u00e7\u0131k ger\u00e7e\u011fi bilmekteydi san\u0131r\u0131m.<\/p>\n<p>Kad\u0131nlar, fal a\u00e7arlarken ya da g\u00fczelle\u015fme u\u011fra\u015f\u0131 i\u00e7indeyken, kendi kendilerine konu\u015furlar genellikle, ancak iyi \u00f6\u011frenim g\u00f6rm\u00fc\u015f bir kad\u0131n\u0131n, bir g\u00fcn tam be\u015f dakika s\u00fcresince tek ba\u015f\u0131na \u015fekerleme yiyi\u015fini izlemi\u015ftim. K\u00fc\u00e7\u00fck bir ma\u015fayla birer birer havaya kald\u0131r\u0131yor onlarla s\u00f6yle\u015ferek a\u011fz\u0131na at\u0131yordu :<\/p>\n<p>\u201c Oh, yiyece\u011fim seni\u201d Yuttuktan sonra da soruyordu, \u201cDuyan da kim san\u0131r?\u201d<\/p>\n<p>\u201cBen de\u011fil miyim yani?\u201d<\/p>\n<p>Sonra, yeniden \u201cSeni yiyecegim\u201d, \u201cYemedin mi?\u201d<\/p>\n<p>Pencere yan\u0131ndaki bir koltukta oturmaktayd\u0131 o s\u0131ra, yani bir yaz ak\u015fam\u0131, saat be\u015f sular\u0131nda. B\u00fcy\u00fck kasaban\u0131n dingin u\u011fultusu dolmaktayd\u0131 odaya. Y\u00fcz\u00fc durgundu kad\u0131n\u0131n, k\u00fcl rengi g\u00f6zleriyse, kuca\u011f\u0131ndaki \u015fekerleme kutusuna kenetlenmi\u015fti tutkuyla.<\/p>\n<p>Bir tiyatro koridorunda, oyuna gecikmi\u015f olan kara sa\u00e7l\u0131, g\u00fczel bir kad\u0131n g\u00f6rm\u00fc\u015ft\u00fcm bir kezinde. Yan\u0131ba\u015f\u0131ndaki birisine sert ve y\u00fcksek\u00e7e bir sesle \u015f\u00f6yle demi\u015fti aynada sa\u00e7lar\u0131n\u0131 d\u00fczelterek :<\/p>\n<p>\u201cNe yani, \u00f6lmesi mi gerek insan\u0131n?\u201d<\/p>\n<p>Onun gibi gecikmi\u015f olan benden ba\u015fka kimseler yoktu orada, ancak beni de g\u00f6rm\u00fc\u015f olamazd\u0131, g\u00f6rseydi bile, bana b\u00f6ylesi bir soru y\u00f6neltmeyi usundan ge\u00e7irmezdi san\u0131r\u0131m.<\/p>\n<p>Evet, \u00e7ok ki\u015fi bu bi\u00e7im \u201cGariplikler\u201d sergiler yaln\u0131zl\u0131klar\u0131nda.<\/p>\n<p><em>Maksim Gorki<\/p>\n<p>\u00c7eviren : Mazhar CANDAN<\/em><\/p>\n","protected":false},"excerpt":{"rendered":"<p>Bug\u00fcn, gri eldivenli elleriyle Tro\u00e7ki k\u00f6pr\u00fcs\u00fcn\u00fcn korkuluklar\u0131na tutunup Neva&#8217;ya atlayacak g\u00f6r\u00fcn\u00fcm\u00fc veren ak \u00e7orapl\u0131, g\u00fczel k\u00fc\u00e7\u00fck bir han\u0131m\u0131 izlerken, onun aya dilini; minik, sivri ve pembe dilini \u00e7\u0131kard\u0131\u011f\u0131n\u0131 g\u00f6rd\u00fcm. Ay, g\u00f6klerin bu ya\u015fl\u0131 ve kurnaz tilkisi, sinsice s\u00fcz\u00fclmekteydi kirli bulutlar\u0131n aras\u0131ndan. \u00e7ok iriydi, \u00e7ok i\u00e7mi\u015f biri gibi k\u0131zarm\u0131\u015ft\u0131 dudaklar\u0131 \u00fcstelik. Gen\u00e7 bayan tutkuyla, dahas\u0131 \u00f6\u00e7 [&hellip;]<\/p>\n","protected":false},"author":1,"featured_media":0,"comment_status":"open","ping_status":"open","sticky":false,"template":"","format":"standard","meta":{"footnotes":""},"categories":[138],"tags":[],"class_list":{"0":"post-4055","1":"post","2":"type-post","3":"status-publish","4":"format-standard","6":"category-edebiyat-dunya"},"yoast_head":"<!-- This site is optimized with the Yoast SEO Premium plugin v24.9 (Yoast SEO v24.9) - https:\/\/yoast.com\/wordpress\/plugins\/seo\/ -->\n<title>\u0130nsan\u0131n yaln\u0131zken davran\u0131\u015flar\u0131 | Maksim Gorki - narteks.net<\/title>\n<meta name=\"robots\" content=\"index, follow, max-snippet:-1, max-image-preview:large, max-video-preview:-1\" \/>\n<link rel=\"canonical\" href=\"https:\/\/narteks.net\/index.php\/2010\/01\/22\/insanin-yalnizken-davranislari-maksim-gorki\/\" \/>\n<meta property=\"og:locale\" content=\"tr_TR\" \/>\n<meta property=\"og:type\" content=\"article\" \/>\n<meta property=\"og:title\" content=\"\u0130nsan\u0131n yaln\u0131zken davran\u0131\u015flar\u0131 | Maksim Gorki\" \/>\n<meta property=\"og:description\" content=\"Bug\u00fcn, gri eldivenli elleriyle Tro\u00e7ki k\u00f6pr\u00fcs\u00fcn\u00fcn korkuluklar\u0131na tutunup Neva&#8217;ya atlayacak g\u00f6r\u00fcn\u00fcm\u00fc veren ak \u00e7orapl\u0131, g\u00fczel k\u00fc\u00e7\u00fck bir han\u0131m\u0131 izlerken, onun aya dilini; minik, sivri ve pembe dilini \u00e7\u0131kard\u0131\u011f\u0131n\u0131 g\u00f6rd\u00fcm. Ay, g\u00f6klerin bu ya\u015fl\u0131 ve kurnaz tilkisi, sinsice s\u00fcz\u00fclmekteydi kirli bulutlar\u0131n aras\u0131ndan. \u00e7ok iriydi, \u00e7ok i\u00e7mi\u015f biri gibi k\u0131zarm\u0131\u015ft\u0131 dudaklar\u0131 \u00fcstelik. Gen\u00e7 bayan tutkuyla, dahas\u0131 \u00f6\u00e7 [&hellip;]\" \/>\n<meta property=\"og:url\" content=\"https:\/\/narteks.net\/index.php\/2010\/01\/22\/insanin-yalnizken-davranislari-maksim-gorki\/\" \/>\n<meta property=\"og:site_name\" content=\"narteks.net\" \/>\n<meta property=\"article:published_time\" content=\"2010-01-22T08:05:06+00:00\" \/>\n<meta property=\"og:image\" content=\"http:\/\/t1.gstatic.com\/images?q=tbn:ANd9GcSX30ppes0DzbGPbxo0cxggz1vL5LuHJVNd9ymX-cOmyuDC5fz4fxxg5E-YUg\" \/>\n<meta name=\"author\" content=\"Tar\u0131k\" \/>\n<meta name=\"twitter:card\" content=\"summary_large_image\" \/>\n<meta name=\"twitter:creator\" content=\"@narteks\" \/>\n<meta name=\"twitter:site\" content=\"@narteks\" \/>\n<meta name=\"twitter:label1\" content=\"Yazan:\" \/>\n\t<meta name=\"twitter:data1\" content=\"Tar\u0131k\" \/>\n\t<meta name=\"twitter:label2\" content=\"Tahmini okuma s\u00fcresi\" \/>\n\t<meta name=\"twitter:data2\" content=\"8 dakika\" \/>\n<script type=\"application\/ld+json\" class=\"yoast-schema-graph\">{\"@context\":\"https:\/\/schema.org\",\"@graph\":[{\"@type\":\"Article\",\"@id\":\"https:\/\/narteks.net\/index.php\/2010\/01\/22\/insanin-yalnizken-davranislari-maksim-gorki\/#article\",\"isPartOf\":{\"@id\":\"https:\/\/narteks.net\/index.php\/2010\/01\/22\/insanin-yalnizken-davranislari-maksim-gorki\/\"},\"author\":{\"name\":\"Tar\u0131k\",\"@id\":\"https:\/\/narteks.net\/#\/schema\/person\/61f37d9834294b72d31d274e7ed79bca\"},\"headline\":\"\u0130nsan\u0131n yaln\u0131zken davran\u0131\u015flar\u0131 | Maksim Gorki\",\"datePublished\":\"2010-01-22T08:05:06+00:00\",\"mainEntityOfPage\":{\"@id\":\"https:\/\/narteks.net\/index.php\/2010\/01\/22\/insanin-yalnizken-davranislari-maksim-gorki\/\"},\"wordCount\":1674,\"commentCount\":0,\"publisher\":{\"@id\":\"https:\/\/narteks.net\/#organization\"},\"image\":{\"@id\":\"https:\/\/narteks.net\/index.php\/2010\/01\/22\/insanin-yalnizken-davranislari-maksim-gorki\/#primaryimage\"},\"thumbnailUrl\":\"http:\/\/t1.gstatic.com\/images?q=tbn:ANd9GcSX30ppes0DzbGPbxo0cxggz1vL5LuHJVNd9ymX-cOmyuDC5fz4fxxg5E-YUg\",\"articleSection\":[\"Edebiyat ( D\u00fcnya )\"],\"inLanguage\":\"tr\",\"potentialAction\":[{\"@type\":\"CommentAction\",\"name\":\"Comment\",\"target\":[\"https:\/\/narteks.net\/index.php\/2010\/01\/22\/insanin-yalnizken-davranislari-maksim-gorki\/#respond\"]}]},{\"@type\":\"WebPage\",\"@id\":\"https:\/\/narteks.net\/index.php\/2010\/01\/22\/insanin-yalnizken-davranislari-maksim-gorki\/\",\"url\":\"https:\/\/narteks.net\/index.php\/2010\/01\/22\/insanin-yalnizken-davranislari-maksim-gorki\/\",\"name\":\"\u0130nsan\u0131n yaln\u0131zken davran\u0131\u015flar\u0131 | Maksim Gorki - narteks.net\",\"isPartOf\":{\"@id\":\"https:\/\/narteks.net\/#website\"},\"primaryImageOfPage\":{\"@id\":\"https:\/\/narteks.net\/index.php\/2010\/01\/22\/insanin-yalnizken-davranislari-maksim-gorki\/#primaryimage\"},\"image\":{\"@id\":\"https:\/\/narteks.net\/index.php\/2010\/01\/22\/insanin-yalnizken-davranislari-maksim-gorki\/#primaryimage\"},\"thumbnailUrl\":\"http:\/\/t1.gstatic.com\/images?q=tbn:ANd9GcSX30ppes0DzbGPbxo0cxggz1vL5LuHJVNd9ymX-cOmyuDC5fz4fxxg5E-YUg\",\"datePublished\":\"2010-01-22T08:05:06+00:00\",\"breadcrumb\":{\"@id\":\"https:\/\/narteks.net\/index.php\/2010\/01\/22\/insanin-yalnizken-davranislari-maksim-gorki\/#breadcrumb\"},\"inLanguage\":\"tr\",\"potentialAction\":[{\"@type\":\"ReadAction\",\"target\":[\"https:\/\/narteks.net\/index.php\/2010\/01\/22\/insanin-yalnizken-davranislari-maksim-gorki\/\"]}]},{\"@type\":\"ImageObject\",\"inLanguage\":\"tr\",\"@id\":\"https:\/\/narteks.net\/index.php\/2010\/01\/22\/insanin-yalnizken-davranislari-maksim-gorki\/#primaryimage\",\"url\":\"http:\/\/t1.gstatic.com\/images?q=tbn:ANd9GcSX30ppes0DzbGPbxo0cxggz1vL5LuHJVNd9ymX-cOmyuDC5fz4fxxg5E-YUg\",\"contentUrl\":\"http:\/\/t1.gstatic.com\/images?q=tbn:ANd9GcSX30ppes0DzbGPbxo0cxggz1vL5LuHJVNd9ymX-cOmyuDC5fz4fxxg5E-YUg\"},{\"@type\":\"BreadcrumbList\",\"@id\":\"https:\/\/narteks.net\/index.php\/2010\/01\/22\/insanin-yalnizken-davranislari-maksim-gorki\/#breadcrumb\",\"itemListElement\":[{\"@type\":\"ListItem\",\"position\":1,\"name\":\"Anasayfa\",\"item\":\"https:\/\/narteks.net\/\"},{\"@type\":\"ListItem\",\"position\":2,\"name\":\"\u0130nsan\u0131n yaln\u0131zken davran\u0131\u015flar\u0131 | Maksim Gorki\"}]},{\"@type\":\"WebSite\",\"@id\":\"https:\/\/narteks.net\/#website\",\"url\":\"https:\/\/narteks.net\/\",\"name\":\"narteks.net\",\"description\":\"K\u00fclt\u00fcr Sanat Edebiyat Felsefe\",\"publisher\":{\"@id\":\"https:\/\/narteks.net\/#organization\"},\"alternateName\":\"K\u00fclt\u00fcr Sanat Edebiyat Felsefe\",\"potentialAction\":[{\"@type\":\"SearchAction\",\"target\":{\"@type\":\"EntryPoint\",\"urlTemplate\":\"https:\/\/narteks.net\/?s={search_term_string}\"},\"query-input\":{\"@type\":\"PropertyValueSpecification\",\"valueRequired\":true,\"valueName\":\"search_term_string\"}}],\"inLanguage\":\"tr\"},{\"@type\":\"Organization\",\"@id\":\"https:\/\/narteks.net\/#organization\",\"name\":\"narteks.net\",\"url\":\"https:\/\/narteks.net\/\",\"logo\":{\"@type\":\"ImageObject\",\"inLanguage\":\"tr\",\"@id\":\"https:\/\/narteks.net\/#\/schema\/logo\/image\/\",\"url\":\"https:\/\/narteks.net\/wp-content\/uploads\/narteks.png\",\"contentUrl\":\"https:\/\/narteks.net\/wp-content\/uploads\/narteks.png\",\"width\":300,\"height\":90,\"caption\":\"narteks.net\"},\"image\":{\"@id\":\"https:\/\/narteks.net\/#\/schema\/logo\/image\/\"},\"sameAs\":[\"https:\/\/x.com\/narteks\",\"https:\/\/instagram.com\/narteksnet\"]},{\"@type\":\"Person\",\"@id\":\"https:\/\/narteks.net\/#\/schema\/person\/61f37d9834294b72d31d274e7ed79bca\",\"name\":\"Tar\u0131k\",\"image\":{\"@type\":\"ImageObject\",\"inLanguage\":\"tr\",\"@id\":\"https:\/\/narteks.net\/#\/schema\/person\/image\/\",\"url\":\"https:\/\/secure.gravatar.com\/avatar\/50865afb55632c4ae467e0af0930f6510aa2297d8014be502a55b14f3b7550cf?s=96&d=mm&r=g\",\"contentUrl\":\"https:\/\/secure.gravatar.com\/avatar\/50865afb55632c4ae467e0af0930f6510aa2297d8014be502a55b14f3b7550cf?s=96&d=mm&r=g\",\"caption\":\"Tar\u0131k\"},\"sameAs\":[\"http:\/\/narteks.net\"],\"url\":\"https:\/\/narteks.net\/index.php\/author\/narbak\/\"}]}<\/script>\n<!-- \/ Yoast SEO Premium plugin. -->","yoast_head_json":{"title":"\u0130nsan\u0131n yaln\u0131zken davran\u0131\u015flar\u0131 | Maksim Gorki - narteks.net","robots":{"index":"index","follow":"follow","max-snippet":"max-snippet:-1","max-image-preview":"max-image-preview:large","max-video-preview":"max-video-preview:-1"},"canonical":"https:\/\/narteks.net\/index.php\/2010\/01\/22\/insanin-yalnizken-davranislari-maksim-gorki\/","og_locale":"tr_TR","og_type":"article","og_title":"\u0130nsan\u0131n yaln\u0131zken davran\u0131\u015flar\u0131 | Maksim Gorki","og_description":"Bug\u00fcn, gri eldivenli elleriyle Tro\u00e7ki k\u00f6pr\u00fcs\u00fcn\u00fcn korkuluklar\u0131na tutunup Neva&#8217;ya atlayacak g\u00f6r\u00fcn\u00fcm\u00fc veren ak \u00e7orapl\u0131, g\u00fczel k\u00fc\u00e7\u00fck bir han\u0131m\u0131 izlerken, onun aya dilini; minik, sivri ve pembe dilini \u00e7\u0131kard\u0131\u011f\u0131n\u0131 g\u00f6rd\u00fcm. Ay, g\u00f6klerin bu ya\u015fl\u0131 ve kurnaz tilkisi, sinsice s\u00fcz\u00fclmekteydi kirli bulutlar\u0131n aras\u0131ndan. \u00e7ok iriydi, \u00e7ok i\u00e7mi\u015f biri gibi k\u0131zarm\u0131\u015ft\u0131 dudaklar\u0131 \u00fcstelik. Gen\u00e7 bayan tutkuyla, dahas\u0131 \u00f6\u00e7 [&hellip;]","og_url":"https:\/\/narteks.net\/index.php\/2010\/01\/22\/insanin-yalnizken-davranislari-maksim-gorki\/","og_site_name":"narteks.net","article_published_time":"2010-01-22T08:05:06+00:00","og_image":[{"url":"http:\/\/t1.gstatic.com\/images?q=tbn:ANd9GcSX30ppes0DzbGPbxo0cxggz1vL5LuHJVNd9ymX-cOmyuDC5fz4fxxg5E-YUg","type":"","width":"","height":""}],"author":"Tar\u0131k","twitter_card":"summary_large_image","twitter_creator":"@narteks","twitter_site":"@narteks","twitter_misc":{"Yazan:":"Tar\u0131k","Tahmini okuma s\u00fcresi":"8 dakika"},"schema":{"@context":"https:\/\/schema.org","@graph":[{"@type":"Article","@id":"https:\/\/narteks.net\/index.php\/2010\/01\/22\/insanin-yalnizken-davranislari-maksim-gorki\/#article","isPartOf":{"@id":"https:\/\/narteks.net\/index.php\/2010\/01\/22\/insanin-yalnizken-davranislari-maksim-gorki\/"},"author":{"name":"Tar\u0131k","@id":"https:\/\/narteks.net\/#\/schema\/person\/61f37d9834294b72d31d274e7ed79bca"},"headline":"\u0130nsan\u0131n yaln\u0131zken davran\u0131\u015flar\u0131 | Maksim Gorki","datePublished":"2010-01-22T08:05:06+00:00","mainEntityOfPage":{"@id":"https:\/\/narteks.net\/index.php\/2010\/01\/22\/insanin-yalnizken-davranislari-maksim-gorki\/"},"wordCount":1674,"commentCount":0,"publisher":{"@id":"https:\/\/narteks.net\/#organization"},"image":{"@id":"https:\/\/narteks.net\/index.php\/2010\/01\/22\/insanin-yalnizken-davranislari-maksim-gorki\/#primaryimage"},"thumbnailUrl":"http:\/\/t1.gstatic.com\/images?q=tbn:ANd9GcSX30ppes0DzbGPbxo0cxggz1vL5LuHJVNd9ymX-cOmyuDC5fz4fxxg5E-YUg","articleSection":["Edebiyat ( D\u00fcnya )"],"inLanguage":"tr","potentialAction":[{"@type":"CommentAction","name":"Comment","target":["https:\/\/narteks.net\/index.php\/2010\/01\/22\/insanin-yalnizken-davranislari-maksim-gorki\/#respond"]}]},{"@type":"WebPage","@id":"https:\/\/narteks.net\/index.php\/2010\/01\/22\/insanin-yalnizken-davranislari-maksim-gorki\/","url":"https:\/\/narteks.net\/index.php\/2010\/01\/22\/insanin-yalnizken-davranislari-maksim-gorki\/","name":"\u0130nsan\u0131n yaln\u0131zken davran\u0131\u015flar\u0131 | Maksim Gorki - narteks.net","isPartOf":{"@id":"https:\/\/narteks.net\/#website"},"primaryImageOfPage":{"@id":"https:\/\/narteks.net\/index.php\/2010\/01\/22\/insanin-yalnizken-davranislari-maksim-gorki\/#primaryimage"},"image":{"@id":"https:\/\/narteks.net\/index.php\/2010\/01\/22\/insanin-yalnizken-davranislari-maksim-gorki\/#primaryimage"},"thumbnailUrl":"http:\/\/t1.gstatic.com\/images?q=tbn:ANd9GcSX30ppes0DzbGPbxo0cxggz1vL5LuHJVNd9ymX-cOmyuDC5fz4fxxg5E-YUg","datePublished":"2010-01-22T08:05:06+00:00","breadcrumb":{"@id":"https:\/\/narteks.net\/index.php\/2010\/01\/22\/insanin-yalnizken-davranislari-maksim-gorki\/#breadcrumb"},"inLanguage":"tr","potentialAction":[{"@type":"ReadAction","target":["https:\/\/narteks.net\/index.php\/2010\/01\/22\/insanin-yalnizken-davranislari-maksim-gorki\/"]}]},{"@type":"ImageObject","inLanguage":"tr","@id":"https:\/\/narteks.net\/index.php\/2010\/01\/22\/insanin-yalnizken-davranislari-maksim-gorki\/#primaryimage","url":"http:\/\/t1.gstatic.com\/images?q=tbn:ANd9GcSX30ppes0DzbGPbxo0cxggz1vL5LuHJVNd9ymX-cOmyuDC5fz4fxxg5E-YUg","contentUrl":"http:\/\/t1.gstatic.com\/images?q=tbn:ANd9GcSX30ppes0DzbGPbxo0cxggz1vL5LuHJVNd9ymX-cOmyuDC5fz4fxxg5E-YUg"},{"@type":"BreadcrumbList","@id":"https:\/\/narteks.net\/index.php\/2010\/01\/22\/insanin-yalnizken-davranislari-maksim-gorki\/#breadcrumb","itemListElement":[{"@type":"ListItem","position":1,"name":"Anasayfa","item":"https:\/\/narteks.net\/"},{"@type":"ListItem","position":2,"name":"\u0130nsan\u0131n yaln\u0131zken davran\u0131\u015flar\u0131 | Maksim Gorki"}]},{"@type":"WebSite","@id":"https:\/\/narteks.net\/#website","url":"https:\/\/narteks.net\/","name":"narteks.net","description":"K\u00fclt\u00fcr Sanat Edebiyat Felsefe","publisher":{"@id":"https:\/\/narteks.net\/#organization"},"alternateName":"K\u00fclt\u00fcr Sanat Edebiyat Felsefe","potentialAction":[{"@type":"SearchAction","target":{"@type":"EntryPoint","urlTemplate":"https:\/\/narteks.net\/?s={search_term_string}"},"query-input":{"@type":"PropertyValueSpecification","valueRequired":true,"valueName":"search_term_string"}}],"inLanguage":"tr"},{"@type":"Organization","@id":"https:\/\/narteks.net\/#organization","name":"narteks.net","url":"https:\/\/narteks.net\/","logo":{"@type":"ImageObject","inLanguage":"tr","@id":"https:\/\/narteks.net\/#\/schema\/logo\/image\/","url":"https:\/\/narteks.net\/wp-content\/uploads\/narteks.png","contentUrl":"https:\/\/narteks.net\/wp-content\/uploads\/narteks.png","width":300,"height":90,"caption":"narteks.net"},"image":{"@id":"https:\/\/narteks.net\/#\/schema\/logo\/image\/"},"sameAs":["https:\/\/x.com\/narteks","https:\/\/instagram.com\/narteksnet"]},{"@type":"Person","@id":"https:\/\/narteks.net\/#\/schema\/person\/61f37d9834294b72d31d274e7ed79bca","name":"Tar\u0131k","image":{"@type":"ImageObject","inLanguage":"tr","@id":"https:\/\/narteks.net\/#\/schema\/person\/image\/","url":"https:\/\/secure.gravatar.com\/avatar\/50865afb55632c4ae467e0af0930f6510aa2297d8014be502a55b14f3b7550cf?s=96&d=mm&r=g","contentUrl":"https:\/\/secure.gravatar.com\/avatar\/50865afb55632c4ae467e0af0930f6510aa2297d8014be502a55b14f3b7550cf?s=96&d=mm&r=g","caption":"Tar\u0131k"},"sameAs":["http:\/\/narteks.net"],"url":"https:\/\/narteks.net\/index.php\/author\/narbak\/"}]}},"_links":{"self":[{"href":"https:\/\/narteks.net\/index.php\/wp-json\/wp\/v2\/posts\/4055","targetHints":{"allow":["GET"]}}],"collection":[{"href":"https:\/\/narteks.net\/index.php\/wp-json\/wp\/v2\/posts"}],"about":[{"href":"https:\/\/narteks.net\/index.php\/wp-json\/wp\/v2\/types\/post"}],"author":[{"embeddable":true,"href":"https:\/\/narteks.net\/index.php\/wp-json\/wp\/v2\/users\/1"}],"replies":[{"embeddable":true,"href":"https:\/\/narteks.net\/index.php\/wp-json\/wp\/v2\/comments?post=4055"}],"version-history":[{"count":0,"href":"https:\/\/narteks.net\/index.php\/wp-json\/wp\/v2\/posts\/4055\/revisions"}],"wp:attachment":[{"href":"https:\/\/narteks.net\/index.php\/wp-json\/wp\/v2\/media?parent=4055"}],"wp:term":[{"taxonomy":"category","embeddable":true,"href":"https:\/\/narteks.net\/index.php\/wp-json\/wp\/v2\/categories?post=4055"},{"taxonomy":"post_tag","embeddable":true,"href":"https:\/\/narteks.net\/index.php\/wp-json\/wp\/v2\/tags?post=4055"}],"curies":[{"name":"wp","href":"https:\/\/api.w.org\/{rel}","templated":true}]}}