{"id":406,"date":"2009-03-12T23:46:00","date_gmt":"2009-03-12T20:46:00","guid":{"rendered":"http:\/\/localhost\/wordpress\/2009\/03\/12\/ankara-da-yedim-taze-meyvayi\/"},"modified":"2009-03-12T23:46:00","modified_gmt":"2009-03-12T20:46:00","slug":"ankara-da-yedim-taze-meyvayi","status":"publish","type":"post","link":"https:\/\/narteks.net\/index.php\/2009\/03\/12\/ankara-da-yedim-taze-meyvayi\/","title":{"rendered":"Ankara&#8217;da Yedim Taze Meyvay\u0131"},"content":{"rendered":"<p style=\"text-align: justify;\"><strong><span style=\"font-size: 14pt;\">Ankara&#8217;da Yedim Taze Meyvay\u0131<\/span><\/strong><\/p>\n<p>Anakara&#8217;n\u0131n keskin il\u00e7esinin cin ali k\u00f6y\u00fcnde 1924 y\u0131l\u0131nda Sefer ad\u0131nda bir erkek \u00e7ocuk do\u011far. \u0130lkokulu k\u00f6y\u00fcnde okuyan Sefer 15 ya\u015f\u0131ndan sonra ailesinin t\u00fcm ren\u00e7berlik i\u015flerine yard\u0131m eder y\u00fcr\u00fct\u00fcr. G\u00fc\u00e7l\u00fcd\u00fcr kuvvetlidir Sefer. K\u00f6yde herkes taraf\u0131ndan sevilir. 20 ya\u015f\u0131na gelince de Seyfli k\u00f6y\u00fcnden Hatice yi istetir. S\u00f6z kesilir d\u00fc\u011f\u00fcn olur evlenirler. <\/p>\n<p>Aradan \u00fc\u00e7 ay ge\u00e7ince Sefer ince hastal\u0131k denilen vereme tutulur. Doktorlar bir \u00e7are bulamazlar. Taa Ankara lara g\u00f6t\u00fcr\u00fcl\u00fcr ve 20 Haziran 1944 te garip Sefer \u00f6l\u00fcr. A\u015fa\u011f\u0131daki t\u00fcrk\u00fc Sefer i\u00e7in yak\u0131lm\u0131\u015ft\u0131r.<\/p>\n<p>Ankara&#8217;da Yedik Taze Meyvay\u0131<br \/>Bo\u015fa \u00c7i\u011fnemi\u015fim Yalan D\u00fcnyay\u0131<br \/>Keskin&#8217;den De Sildirmeyin K\u00fcnyeyi<br \/>S\u00f6yleyin Anama Anam A\u011flas\u0131n<br \/>Anamdan Ba\u015fkas\u0131 Yalan A\u011flas\u0131n<\/p>\n<p>Ankara&#8217;yla \u015eu Keskin&#8217;in Aras\u0131<br \/>Aras\u0131na Kara Duman Duras\u0131<br \/>\u00c7ok Doktorlar Gezdim Yokmu\u015f \u00c7aresi<br \/>S\u00f6yleyin Anneme Annem A\u011flas\u0131n<br \/>Babam\u0131n O\u011flu Var Beni Neylesin<\/p>\n<p>Trene Bindim De Tren Sallad\u0131<br \/>Zalim Doktor Ci\u011ferimi Elledi<br \/>\u0130y- olursun Dedi Geri Yollad\u0131<br \/>S\u00f6yleyin Anama Anam A\u011flas\u0131n<br \/>Anamdan Ba\u015fkas\u0131 Yalan A\u011flas\u0131n<\/p>\n<p>Benzim \u0130\u00e7tim Ci\u011ferlerim Tutu\u015fur<br \/>A\u011flama Hatice, Sefer Yeti\u015fir<br \/>S\u00f6yleyin Anneme \u00c7als\u0131n Nennimi<br \/>Kim Al\u0131rsa Als\u0131n Nazl\u0131 Gelini<\/p>\n<p>Binmi\u015f Taksiye De Sefer Geliyor<br \/>Annesinin Ci\u011ferini Deliyor<br \/>Gelin Hatice&#8217;yi Eller Al\u0131yor<br \/>S\u00f6yleyin Anama Anam A\u011flas\u0131n<br \/>Gelin Hatice&#8217;yi Kimler Eylesin<\/p>\n<p>Mezar\u0131m\u0131 Derin Kaz\u0131n Dar Olsun<br \/>Ediraf\u0131 Lale S\u00fcmb\u00fcl Ba\u011f Olsun<br \/>Ben \u00d6l\u00fcyom Ahbaplar\u0131m Sa\u011f Olsun<br \/>S\u00f6ylen Karda\u015f\u0131ma \u00c7als\u0131n Saz\u0131m\u0131<br \/>Kadir Mevlam B\u00f6yle Yazm\u0131\u015f Yaz\u0131m\u0131<\/p>\n<p>Kaynak:<br \/>Ahmet G\u00fcnday<br \/>Ba\u011flama Metodu<br \/>Notalar\u0131 ile Halk T\u00fcrk\u00fcleri<br \/>ve T\u00fcrk\u00fc Hikayeleri\u00a0\u00a0\u00a0\u00a0\u00a0\u00a0 <br \/> Nisan 1977<\/p>\n","protected":false},"excerpt":{"rendered":"<p>Ankara&#8217;da Yedim Taze Meyvay\u0131 Anakara&#8217;n\u0131n keskin il\u00e7esinin cin ali k\u00f6y\u00fcnde 1924 y\u0131l\u0131nda Sefer ad\u0131nda bir erkek \u00e7ocuk do\u011far. \u0130lkokulu k\u00f6y\u00fcnde okuyan Sefer 15 ya\u015f\u0131ndan sonra ailesinin t\u00fcm ren\u00e7berlik i\u015flerine yard\u0131m eder y\u00fcr\u00fct\u00fcr. G\u00fc\u00e7l\u00fcd\u00fcr kuvvetlidir Sefer. K\u00f6yde herkes taraf\u0131ndan sevilir. 20 ya\u015f\u0131na gelince de Seyfli k\u00f6y\u00fcnden Hatice yi istetir. S\u00f6z kesilir d\u00fc\u011f\u00fcn olur evlenirler. Aradan \u00fc\u00e7 [&hellip;]<\/p>\n","protected":false},"author":1,"featured_media":0,"comment_status":"open","ping_status":"open","sticky":false,"template":"","format":"standard","meta":{"footnotes":""},"categories":[55],"tags":[],"class_list":{"0":"post-406","1":"post","2":"type-post","3":"status-publish","4":"format-standard","6":"category-oykuleriyle-turkuler"},"yoast_head":"<!-- This site is optimized with the Yoast SEO Premium plugin v24.9 (Yoast SEO v24.9) - https:\/\/yoast.com\/wordpress\/plugins\/seo\/ -->\n<title>Ankara&#039;da Yedim Taze Meyvay\u0131 - narteks.net<\/title>\n<meta name=\"robots\" content=\"index, follow, max-snippet:-1, max-image-preview:large, max-video-preview:-1\" \/>\n<link rel=\"canonical\" href=\"https:\/\/narteks.net\/index.php\/2009\/03\/12\/ankara-da-yedim-taze-meyvayi\/\" \/>\n<meta property=\"og:locale\" content=\"tr_TR\" \/>\n<meta property=\"og:type\" content=\"article\" \/>\n<meta property=\"og:title\" content=\"Ankara&#039;da Yedim Taze Meyvay\u0131\" \/>\n<meta property=\"og:description\" content=\"Ankara&#8217;da Yedim Taze Meyvay\u0131 Anakara&#8217;n\u0131n keskin il\u00e7esinin cin ali k\u00f6y\u00fcnde 1924 y\u0131l\u0131nda Sefer ad\u0131nda bir erkek \u00e7ocuk do\u011far. \u0130lkokulu k\u00f6y\u00fcnde okuyan Sefer 15 ya\u015f\u0131ndan sonra ailesinin t\u00fcm ren\u00e7berlik i\u015flerine yard\u0131m eder y\u00fcr\u00fct\u00fcr. G\u00fc\u00e7l\u00fcd\u00fcr kuvvetlidir Sefer. K\u00f6yde herkes taraf\u0131ndan sevilir. 20 ya\u015f\u0131na gelince de Seyfli k\u00f6y\u00fcnden Hatice yi istetir. S\u00f6z kesilir d\u00fc\u011f\u00fcn olur evlenirler. Aradan \u00fc\u00e7 [&hellip;]\" \/>\n<meta property=\"og:url\" content=\"https:\/\/narteks.net\/index.php\/2009\/03\/12\/ankara-da-yedim-taze-meyvayi\/\" \/>\n<meta property=\"og:site_name\" content=\"narteks.net\" \/>\n<meta property=\"article:published_time\" content=\"2009-03-12T20:46:00+00:00\" \/>\n<meta property=\"og:image\" content=\"https:\/\/narteks.net\/wp-content\/uploads\/narteks.png\" \/>\n\t<meta property=\"og:image:width\" content=\"300\" \/>\n\t<meta property=\"og:image:height\" content=\"90\" \/>\n\t<meta property=\"og:image:type\" content=\"image\/png\" \/>\n<meta name=\"author\" content=\"Tar\u0131k\" \/>\n<meta name=\"twitter:card\" content=\"summary_large_image\" \/>\n<meta name=\"twitter:creator\" content=\"@narteks\" \/>\n<meta name=\"twitter:site\" content=\"@narteks\" \/>\n<meta name=\"twitter:label1\" content=\"Yazan:\" \/>\n\t<meta name=\"twitter:data1\" content=\"Tar\u0131k\" \/>\n\t<meta name=\"twitter:label2\" content=\"Tahmini okuma s\u00fcresi\" \/>\n\t<meta name=\"twitter:data2\" content=\"1 dakika\" \/>\n<script type=\"application\/ld+json\" class=\"yoast-schema-graph\">{\"@context\":\"https:\/\/schema.org\",\"@graph\":[{\"@type\":\"Article\",\"@id\":\"https:\/\/narteks.net\/index.php\/2009\/03\/12\/ankara-da-yedim-taze-meyvayi\/#article\",\"isPartOf\":{\"@id\":\"https:\/\/narteks.net\/index.php\/2009\/03\/12\/ankara-da-yedim-taze-meyvayi\/\"},\"author\":{\"name\":\"Tar\u0131k\",\"@id\":\"https:\/\/narteks.net\/#\/schema\/person\/61f37d9834294b72d31d274e7ed79bca\"},\"headline\":\"Ankara&#8217;da Yedim Taze Meyvay\u0131\",\"datePublished\":\"2009-03-12T20:46:00+00:00\",\"mainEntityOfPage\":{\"@id\":\"https:\/\/narteks.net\/index.php\/2009\/03\/12\/ankara-da-yedim-taze-meyvayi\/\"},\"wordCount\":298,\"commentCount\":0,\"publisher\":{\"@id\":\"https:\/\/narteks.net\/#organization\"},\"articleSection\":[\"\u00d6yk\u00fcleriyle T\u00fcrk\u00fcler\"],\"inLanguage\":\"tr\",\"potentialAction\":[{\"@type\":\"CommentAction\",\"name\":\"Comment\",\"target\":[\"https:\/\/narteks.net\/index.php\/2009\/03\/12\/ankara-da-yedim-taze-meyvayi\/#respond\"]}]},{\"@type\":\"WebPage\",\"@id\":\"https:\/\/narteks.net\/index.php\/2009\/03\/12\/ankara-da-yedim-taze-meyvayi\/\",\"url\":\"https:\/\/narteks.net\/index.php\/2009\/03\/12\/ankara-da-yedim-taze-meyvayi\/\",\"name\":\"Ankara'da Yedim Taze Meyvay\u0131 - narteks.net\",\"isPartOf\":{\"@id\":\"https:\/\/narteks.net\/#website\"},\"datePublished\":\"2009-03-12T20:46:00+00:00\",\"breadcrumb\":{\"@id\":\"https:\/\/narteks.net\/index.php\/2009\/03\/12\/ankara-da-yedim-taze-meyvayi\/#breadcrumb\"},\"inLanguage\":\"tr\",\"potentialAction\":[{\"@type\":\"ReadAction\",\"target\":[\"https:\/\/narteks.net\/index.php\/2009\/03\/12\/ankara-da-yedim-taze-meyvayi\/\"]}]},{\"@type\":\"BreadcrumbList\",\"@id\":\"https:\/\/narteks.net\/index.php\/2009\/03\/12\/ankara-da-yedim-taze-meyvayi\/#breadcrumb\",\"itemListElement\":[{\"@type\":\"ListItem\",\"position\":1,\"name\":\"Anasayfa\",\"item\":\"https:\/\/narteks.net\/\"},{\"@type\":\"ListItem\",\"position\":2,\"name\":\"Ankara&#8217;da Yedim Taze Meyvay\u0131\"}]},{\"@type\":\"WebSite\",\"@id\":\"https:\/\/narteks.net\/#website\",\"url\":\"https:\/\/narteks.net\/\",\"name\":\"narteks.net\",\"description\":\"K\u00fclt\u00fcr Sanat Edebiyat Felsefe\",\"publisher\":{\"@id\":\"https:\/\/narteks.net\/#organization\"},\"alternateName\":\"K\u00fclt\u00fcr Sanat Edebiyat Felsefe\",\"potentialAction\":[{\"@type\":\"SearchAction\",\"target\":{\"@type\":\"EntryPoint\",\"urlTemplate\":\"https:\/\/narteks.net\/?s={search_term_string}\"},\"query-input\":{\"@type\":\"PropertyValueSpecification\",\"valueRequired\":true,\"valueName\":\"search_term_string\"}}],\"inLanguage\":\"tr\"},{\"@type\":\"Organization\",\"@id\":\"https:\/\/narteks.net\/#organization\",\"name\":\"narteks.net\",\"url\":\"https:\/\/narteks.net\/\",\"logo\":{\"@type\":\"ImageObject\",\"inLanguage\":\"tr\",\"@id\":\"https:\/\/narteks.net\/#\/schema\/logo\/image\/\",\"url\":\"https:\/\/narteks.net\/wp-content\/uploads\/narteks.png\",\"contentUrl\":\"https:\/\/narteks.net\/wp-content\/uploads\/narteks.png\",\"width\":300,\"height\":90,\"caption\":\"narteks.net\"},\"image\":{\"@id\":\"https:\/\/narteks.net\/#\/schema\/logo\/image\/\"},\"sameAs\":[\"https:\/\/x.com\/narteks\",\"https:\/\/instagram.com\/narteksnet\"]},{\"@type\":\"Person\",\"@id\":\"https:\/\/narteks.net\/#\/schema\/person\/61f37d9834294b72d31d274e7ed79bca\",\"name\":\"Tar\u0131k\",\"image\":{\"@type\":\"ImageObject\",\"inLanguage\":\"tr\",\"@id\":\"https:\/\/narteks.net\/#\/schema\/person\/image\/\",\"url\":\"https:\/\/secure.gravatar.com\/avatar\/50865afb55632c4ae467e0af0930f6510aa2297d8014be502a55b14f3b7550cf?s=96&d=mm&r=g\",\"contentUrl\":\"https:\/\/secure.gravatar.com\/avatar\/50865afb55632c4ae467e0af0930f6510aa2297d8014be502a55b14f3b7550cf?s=96&d=mm&r=g\",\"caption\":\"Tar\u0131k\"},\"sameAs\":[\"http:\/\/narteks.net\"],\"url\":\"https:\/\/narteks.net\/index.php\/author\/narbak\/\"}]}<\/script>\n<!-- \/ Yoast SEO Premium plugin. -->","yoast_head_json":{"title":"Ankara'da Yedim Taze Meyvay\u0131 - narteks.net","robots":{"index":"index","follow":"follow","max-snippet":"max-snippet:-1","max-image-preview":"max-image-preview:large","max-video-preview":"max-video-preview:-1"},"canonical":"https:\/\/narteks.net\/index.php\/2009\/03\/12\/ankara-da-yedim-taze-meyvayi\/","og_locale":"tr_TR","og_type":"article","og_title":"Ankara'da Yedim Taze Meyvay\u0131","og_description":"Ankara&#8217;da Yedim Taze Meyvay\u0131 Anakara&#8217;n\u0131n keskin il\u00e7esinin cin ali k\u00f6y\u00fcnde 1924 y\u0131l\u0131nda Sefer ad\u0131nda bir erkek \u00e7ocuk do\u011far. \u0130lkokulu k\u00f6y\u00fcnde okuyan Sefer 15 ya\u015f\u0131ndan sonra ailesinin t\u00fcm ren\u00e7berlik i\u015flerine yard\u0131m eder y\u00fcr\u00fct\u00fcr. G\u00fc\u00e7l\u00fcd\u00fcr kuvvetlidir Sefer. K\u00f6yde herkes taraf\u0131ndan sevilir. 20 ya\u015f\u0131na gelince de Seyfli k\u00f6y\u00fcnden Hatice yi istetir. S\u00f6z kesilir d\u00fc\u011f\u00fcn olur evlenirler. Aradan \u00fc\u00e7 [&hellip;]","og_url":"https:\/\/narteks.net\/index.php\/2009\/03\/12\/ankara-da-yedim-taze-meyvayi\/","og_site_name":"narteks.net","article_published_time":"2009-03-12T20:46:00+00:00","og_image":[{"width":300,"height":90,"url":"https:\/\/narteks.net\/wp-content\/uploads\/narteks.png","type":"image\/png"}],"author":"Tar\u0131k","twitter_card":"summary_large_image","twitter_creator":"@narteks","twitter_site":"@narteks","twitter_misc":{"Yazan:":"Tar\u0131k","Tahmini okuma s\u00fcresi":"1 dakika"},"schema":{"@context":"https:\/\/schema.org","@graph":[{"@type":"Article","@id":"https:\/\/narteks.net\/index.php\/2009\/03\/12\/ankara-da-yedim-taze-meyvayi\/#article","isPartOf":{"@id":"https:\/\/narteks.net\/index.php\/2009\/03\/12\/ankara-da-yedim-taze-meyvayi\/"},"author":{"name":"Tar\u0131k","@id":"https:\/\/narteks.net\/#\/schema\/person\/61f37d9834294b72d31d274e7ed79bca"},"headline":"Ankara&#8217;da Yedim Taze Meyvay\u0131","datePublished":"2009-03-12T20:46:00+00:00","mainEntityOfPage":{"@id":"https:\/\/narteks.net\/index.php\/2009\/03\/12\/ankara-da-yedim-taze-meyvayi\/"},"wordCount":298,"commentCount":0,"publisher":{"@id":"https:\/\/narteks.net\/#organization"},"articleSection":["\u00d6yk\u00fcleriyle T\u00fcrk\u00fcler"],"inLanguage":"tr","potentialAction":[{"@type":"CommentAction","name":"Comment","target":["https:\/\/narteks.net\/index.php\/2009\/03\/12\/ankara-da-yedim-taze-meyvayi\/#respond"]}]},{"@type":"WebPage","@id":"https:\/\/narteks.net\/index.php\/2009\/03\/12\/ankara-da-yedim-taze-meyvayi\/","url":"https:\/\/narteks.net\/index.php\/2009\/03\/12\/ankara-da-yedim-taze-meyvayi\/","name":"Ankara'da Yedim Taze Meyvay\u0131 - narteks.net","isPartOf":{"@id":"https:\/\/narteks.net\/#website"},"datePublished":"2009-03-12T20:46:00+00:00","breadcrumb":{"@id":"https:\/\/narteks.net\/index.php\/2009\/03\/12\/ankara-da-yedim-taze-meyvayi\/#breadcrumb"},"inLanguage":"tr","potentialAction":[{"@type":"ReadAction","target":["https:\/\/narteks.net\/index.php\/2009\/03\/12\/ankara-da-yedim-taze-meyvayi\/"]}]},{"@type":"BreadcrumbList","@id":"https:\/\/narteks.net\/index.php\/2009\/03\/12\/ankara-da-yedim-taze-meyvayi\/#breadcrumb","itemListElement":[{"@type":"ListItem","position":1,"name":"Anasayfa","item":"https:\/\/narteks.net\/"},{"@type":"ListItem","position":2,"name":"Ankara&#8217;da Yedim Taze Meyvay\u0131"}]},{"@type":"WebSite","@id":"https:\/\/narteks.net\/#website","url":"https:\/\/narteks.net\/","name":"narteks.net","description":"K\u00fclt\u00fcr Sanat Edebiyat Felsefe","publisher":{"@id":"https:\/\/narteks.net\/#organization"},"alternateName":"K\u00fclt\u00fcr Sanat Edebiyat Felsefe","potentialAction":[{"@type":"SearchAction","target":{"@type":"EntryPoint","urlTemplate":"https:\/\/narteks.net\/?s={search_term_string}"},"query-input":{"@type":"PropertyValueSpecification","valueRequired":true,"valueName":"search_term_string"}}],"inLanguage":"tr"},{"@type":"Organization","@id":"https:\/\/narteks.net\/#organization","name":"narteks.net","url":"https:\/\/narteks.net\/","logo":{"@type":"ImageObject","inLanguage":"tr","@id":"https:\/\/narteks.net\/#\/schema\/logo\/image\/","url":"https:\/\/narteks.net\/wp-content\/uploads\/narteks.png","contentUrl":"https:\/\/narteks.net\/wp-content\/uploads\/narteks.png","width":300,"height":90,"caption":"narteks.net"},"image":{"@id":"https:\/\/narteks.net\/#\/schema\/logo\/image\/"},"sameAs":["https:\/\/x.com\/narteks","https:\/\/instagram.com\/narteksnet"]},{"@type":"Person","@id":"https:\/\/narteks.net\/#\/schema\/person\/61f37d9834294b72d31d274e7ed79bca","name":"Tar\u0131k","image":{"@type":"ImageObject","inLanguage":"tr","@id":"https:\/\/narteks.net\/#\/schema\/person\/image\/","url":"https:\/\/secure.gravatar.com\/avatar\/50865afb55632c4ae467e0af0930f6510aa2297d8014be502a55b14f3b7550cf?s=96&d=mm&r=g","contentUrl":"https:\/\/secure.gravatar.com\/avatar\/50865afb55632c4ae467e0af0930f6510aa2297d8014be502a55b14f3b7550cf?s=96&d=mm&r=g","caption":"Tar\u0131k"},"sameAs":["http:\/\/narteks.net"],"url":"https:\/\/narteks.net\/index.php\/author\/narbak\/"}]}},"_links":{"self":[{"href":"https:\/\/narteks.net\/index.php\/wp-json\/wp\/v2\/posts\/406","targetHints":{"allow":["GET"]}}],"collection":[{"href":"https:\/\/narteks.net\/index.php\/wp-json\/wp\/v2\/posts"}],"about":[{"href":"https:\/\/narteks.net\/index.php\/wp-json\/wp\/v2\/types\/post"}],"author":[{"embeddable":true,"href":"https:\/\/narteks.net\/index.php\/wp-json\/wp\/v2\/users\/1"}],"replies":[{"embeddable":true,"href":"https:\/\/narteks.net\/index.php\/wp-json\/wp\/v2\/comments?post=406"}],"version-history":[{"count":0,"href":"https:\/\/narteks.net\/index.php\/wp-json\/wp\/v2\/posts\/406\/revisions"}],"wp:attachment":[{"href":"https:\/\/narteks.net\/index.php\/wp-json\/wp\/v2\/media?parent=406"}],"wp:term":[{"taxonomy":"category","embeddable":true,"href":"https:\/\/narteks.net\/index.php\/wp-json\/wp\/v2\/categories?post=406"},{"taxonomy":"post_tag","embeddable":true,"href":"https:\/\/narteks.net\/index.php\/wp-json\/wp\/v2\/tags?post=406"}],"curies":[{"name":"wp","href":"https:\/\/api.w.org\/{rel}","templated":true}]}}