{"id":4060,"date":"2010-01-22T12:56:12","date_gmt":"2010-01-22T09:56:12","guid":{"rendered":"http:\/\/localhost\/wordpress\/2010\/01\/22\/kendine-yabancilasan-topluma-insandan-insanliktan-bir-ciglik-vardiya-muzik-grubu\/"},"modified":"2010-01-22T12:56:12","modified_gmt":"2010-01-22T09:56:12","slug":"kendine-yabancilasan-topluma-insandan-insanliktan-bir-ciglik-vardiya-muzik-grubu","status":"publish","type":"post","link":"https:\/\/narteks.net\/index.php\/2010\/01\/22\/kendine-yabancilasan-topluma-insandan-insanliktan-bir-ciglik-vardiya-muzik-grubu\/","title":{"rendered":"Kendine yabanc\u0131la\u015fan topluma, insandan, insanl\u0131ktan bir \u00e7\u0131\u011fl\u0131k | Vardiya M\u00fczik Grubu"},"content":{"rendered":"<p><img decoding=\"async\" src=\"images\/stories\/vardiya.jpg\" border=\"0\" style=\"float: left;\" \/><\/p>\n<p style=\"text-align: justify;\">1997 y\u0131l\u0131ndan itibaren BEKSAV b\u00fcnyesinde \u00e7al\u0131\u015fmalar\u0131n\u0131 y\u00fcr\u00fcten Vardiya M\u00fczik Grubu, Anadolu&#8217;daki farkl\u0131 k\u00fclt\u00fcrleri \u00f6z\u00fcmseyip, kendi \u00e7al\u0131\u015fmalar\u0131n\u0131 bu de\u011ferler \u00fczerinden \u00fcretmeye \u00e7al\u0131\u015f\u0131yor. Grup, yurt i\u00e7inde ve yurt d\u0131\u015f\u0131nda \u00e7ok say\u0131da festival ve konserlere kat\u0131ld\u0131. Kendini sokaklarda, eylemlerde, grev \u00e7ad\u0131rlar\u0131nda, \u00fcniversite kamp\u00fcslerinde var eden grup, kitleleri ayd\u0131nlatan, onlar\u0131n istemlerini, ac\u0131lar\u0131n\u0131, \u00f6zlemlerini ger\u00e7ekli\u011fiyle yans\u0131tan ve onlarla birlikte en \u00f6nde y\u00fcr\u00fcyen ger\u00e7ek ayd\u0131n\u0131 yaratmak, gittik\u00e7e yabanc\u0131la\u015fan topluma, insandan, insanl\u0131ktan bir ses verip, bu sesleri \u00e7\u0131\u011fl\u0131\u011fa d\u00f6n\u00fc\u015ft\u00fcrmek istiyor.<\/p>\n<p style=\"text-align: justify;\">Vardiya M\u00fczik Grubu y\u00fcr\u00fctt\u00fc\u011f\u00fc m\u00fczik \u00e7al\u0131\u015fmalar\u0131yla toplumcu m\u00fczi\u011fe farkl\u0131 bir bak\u0131\u015f a\u00e7\u0131s\u0131 getiriyor. Vardiya M\u00fczik Grubu 2000 y\u0131l\u0131nda &#8220;Bulu\u015fma&#8221; adl\u0131 ilk alb\u00fcm\u00fcn\u00fc \u00e7\u0131kard\u0131. Bu alb\u00fcmde grubun besteledi\u011fi m\u00fcziklerle, insanl\u0131k ad\u0131na yar\u0131nlar vaad eden s\u00f6zler, bir b\u00fct\u00fcn olarak dinleyiciye sunuldu.<\/p>\n<p style=\"text-align: justify;\">Naz\u0131m Hikmet&#8217;in 100. ya\u015f g\u00fcn\u00fc kutlamalar\u0131 \u00e7er\u00e7evesinde Naz\u0131m Hikmet&#8217;in \u015fiirlerinden bestelenmi\u015f \u015fark\u0131lar ve kendi bestelerinin de oldu\u011fu bir repertuar olu\u015fturdu. Yurt i\u00e7i ve yurt d\u0131\u015f\u0131 konserler verdi. \u015eubat ay\u0131nda ger\u00e7ekle\u015ftirdi\u011fi yurtd\u0131\u015f\u0131 turnesi 20 g\u00fcn s\u00fcrd\u00fc. D\u00f6rt \u00fclkenin 12 \u015fehrinde konserler verdi. Vardiya M\u00fczik Grubu, Naz\u0131m repertuar\u0131n\u0131n yan\u0131s\u0131ra, halk m\u00fczi\u011fi ve Ruhi Su repertuar\u0131yla da de\u011fi\u015fik illerde konserler verdi.<\/p>\n<p><object width=\"495\" height=\"380\" data=\"http:\/\/embed.video75.com\/embedy\/NEZnNVU3cUtsWHRpUFktWkk\" type=\"application\/x-shockwave-flash\"><param name=\"bgcolor\" value=\"#000000\" \/><param name=\"align\" value=\"middle\" \/><param name=\"src\" value=\"http:\/\/embed.video75.com\/embedy\/NEZnNVU3cUtsWHRpUFktWkk\" \/><param name=\"wmode\" value=\"transparent\" \/><param name=\"allowfullscreen\" value=\"true\" \/><\/object>\n<\/p>\n<p style=\"text-align: justify;\">19 Aral\u0131k katliam\u0131ndan sonra bir grup sanat\u00e7\u0131 ile &#8220;H\u00fccre&#8221; isimli F Tipi kar\u015f\u0131t\u0131 bir alb\u00fcm \u00e7al\u0131\u015fmas\u0131nda yer ald\u0131.<\/p>\n<p>ABD&#8217;nin Irak&#8217;\u0131 i\u015fgali ile d\u00fcnyan\u0131n pek \u00e7ok \u00fclkesinde yeni bir anti-emperyalist m\u00fccadele dalgas\u0131 ba\u015flad\u0131. Vardiya M\u00fczik Grubu da farkl\u0131 \u015fehirlerde, onlarca konser, y\u00fczlerce dinleti, y\u00fcr\u00fcy\u00fc\u015fler ve mitinglere kat\u0131ld\u0131. Bu d\u00f6nemde sava\u015f kar\u015f\u0131t\u0131 bir single \u00e7al\u0131\u015fma olan &#8220;Hedefte \u0130nsanl\u0131k War&#8221;\u0131 \u00e7\u0131kard\u0131.<\/p>\n<p><img loading=\"lazy\" decoding=\"async\" src=\"http:\/\/www.10yilfestivali.org\/resimler\/vardiya.jpg\" border=\"0\" width=\"190\" height=\"130\" style=\"float: left;\" \/>Haziran 2004 &#8216; te \u0130stanbul&#8217; da yap\u0131lan NATO toplant\u0131s\u0131na kar\u015f\u0131 sanat\u00e7\u0131 duyarl\u0131l\u0131\u011f\u0131n\u0131 ilk NATO kar\u015f\u0131t\u0131 eylemi yaparak g\u00f6sterdi. 15 May\u0131s Eurovision \u015fark\u0131 yar\u0131\u015fmas\u0131n\u0131n yap\u0131ld\u0131\u011f\u0131 Abdi \u0130pek\u00e7i \u00f6n\u00fcnde bu yar\u0131\u015fmaya kat\u0131lan sanat\u00e7\u0131lara seslenerek &#8220;Bir ulusun t\u00fcrk\u00fclerini yapanlar, yasalar\u0131n\u0131 yapanlardan daha g\u00fc\u00e7l\u00fcd\u00fcr. Yasalar\u0131n kar\u015f\u0131s\u0131nda teslimiyet\u00e7i olmay\u0131n, vah\u015fetin kar\u015f\u0131s\u0131nda duyarl\u0131 ve onurlu olun. ABD&#8217; yi kirli sava\u015f\u0131, katliam\u0131, NATO&#8217; yu protesto edin.&#8221;\u00e7a\u011fr\u0131s\u0131n\u0131 yapt\u0131.<br \/>10 y\u0131ll\u0131k bir s\u00fcre\u00e7 i\u00e7inde, hem nitelik anlam\u0131nda, hem de nicelik anlam\u0131nda bir geli\u015fim g\u00f6steren Vardiya M\u00fczik Grubu ikinci alb\u00fcm\u00fc olan &#8220;Ellerinde Pankartlar&#8221;\u0131 2004 y\u0131l\u0131n\u0131n Eyl\u00fcl ay\u0131nda \u00e7\u0131kard\u0131. \u0130kinci alb\u00fcmde iki temel vurguyu &#8216;halklar\u0131n karde\u015fli\u011fi&#8217; ve &#8216;halklar\u0131n m\u00fccadelesi&#8217; ni \u00f6n plana \u00e7\u0131kard\u0131. Naz\u0131m Hikmet ve Ruhi Su bu m\u00fccadelelerde simgele\u015fmi\u015f iki isim olarak yer buldu alb\u00fcmde. Karadeniz&#8217; de katledilen Mustafa Suphi ve yolda\u015flar\u0131, Diyarbak\u0131r zindanlar\u0131nda \u00f6l\u00fcms\u00fczle\u015fenler, \u0130spanyol halk\u0131n\u0131n m\u00fccadelesi, Filistinli ta\u015f generaller ve Cumartesi Anneleri de alb\u00fcmde yerini ald\u0131.<br \/>Grup, Ekim 2007&#8217;de, \u0130smail T\u00fcr\u00fct taraf\u0131ndan yap\u0131lan ve Hrant Dink&#8217;in katillerinden \u00f6vg\u00fc ile s\u00f6z edilen \u0131rk\u00e7\u0131 \u015fark\u0131ya kar\u015f\u0131, halklar\u0131n karde\u015fli\u011fini savunan &#8220;K\u00fcl&#8221; isimli besteyle yan\u0131t verdi.<\/p>\n<p>\u00a0<\/p>\n<p>\n<object width=\"400\" height=\"300\" data=\"http:\/\/www.humyo.com\/E\/10422871-281475395002431\/10422871-281475395003247\/10422871-281475395004297\/10422871-281475395005301\/10422871-281475395006411\/10422871-281475395007493\/10422871-281475395008227\/10422871-281475395008877\/10422871-281475395009341\/10422871-281475395010519\/10422871-281475395011235\/10422871-281475395011905\/10422871-281475395013471\/10422871-281475395014665\/10422871-281475395015217\/10422871-281475395015785\/10422871-281475395016393\/10422871-281475395017283\/10422871-281475395022687\/10422871-281475395023473\/10422871-281475395018253\/10422871-281475395018971\/10422871-281475395019681\/10422871-281475395020659\/10422871-281475395021923?a=sq_S5YjyB1o%2Csou3WUQ--r4%2CZNAHmxCCBew%2CfVUT9yluy30%2Cybw4c8PODqs%2CFgVuWBOWatA%2CofZm1Kr0RbU%2CZ3UJMCyPKnw%2Crt5VHD2Qc5o%2CaZerTwGzy08%2CUyO_PWLPW1A%2CAoLXf8pQdRc%2C0EvMnjdvGdQ%2CKb07xYzqXO0%2Cv9Jqt8ycTJ8%2CSdbmMLW2IEM%2CStNGkoBv7oc%2CPEtw091QmfQ%2Cc4R-5fNwVw0%2C4TpF5sRsjTc%2CsRJ4LOZ5eCM%2CqBpzqKg6kXY%2C7aBz7BJorco%2CJgs6kPhvE8A%2C96PvdL9Utro\" type=\"application\/x-shockwave-flash\"><param name=\"flashvars\" value=\"autostart=true&amp;usefullscreen=true&amp;\" \/><param name=\"src\" value=\"http:\/\/www.humyo.com\/E\/10422871-281475395002431\/10422871-281475395003247\/10422871-281475395004297\/10422871-281475395005301\/10422871-281475395006411\/10422871-281475395007493\/10422871-281475395008227\/10422871-281475395008877\/10422871-281475395009341\/10422871-281475395010519\/10422871-281475395011235\/10422871-281475395011905\/10422871-281475395013471\/10422871-281475395014665\/10422871-281475395015217\/10422871-281475395015785\/10422871-281475395016393\/10422871-281475395017283\/10422871-281475395022687\/10422871-281475395023473\/10422871-281475395018253\/10422871-281475395018971\/10422871-281475395019681\/10422871-281475395020659\/10422871-281475395021923?a=sq_S5YjyB1o%2Csou3WUQ--r4%2CZNAHmxCCBew%2CfVUT9yluy30%2Cybw4c8PODqs%2CFgVuWBOWatA%2CofZm1Kr0RbU%2CZ3UJMCyPKnw%2Crt5VHD2Qc5o%2CaZerTwGzy08%2CUyO_PWLPW1A%2CAoLXf8pQdRc%2C0EvMnjdvGdQ%2CKb07xYzqXO0%2Cv9Jqt8ycTJ8%2CSdbmMLW2IEM%2CStNGkoBv7oc%2CPEtw091QmfQ%2Cc4R-5fNwVw0%2C4TpF5sRsjTc%2CsRJ4LOZ5eCM%2CqBpzqKg6kXY%2C7aBz7BJorco%2CJgs6kPhvE8A%2C96PvdL9Utro\" \/><param name=\"allowfullscreen\" value=\"true\" \/><\/object><\/p>\n","protected":false},"excerpt":{"rendered":"<p>1997 y\u0131l\u0131ndan itibaren BEKSAV b\u00fcnyesinde \u00e7al\u0131\u015fmalar\u0131n\u0131 y\u00fcr\u00fcten Vardiya M\u00fczik Grubu, Anadolu&#8217;daki farkl\u0131 k\u00fclt\u00fcrleri \u00f6z\u00fcmseyip, kendi \u00e7al\u0131\u015fmalar\u0131n\u0131 bu de\u011ferler \u00fczerinden \u00fcretmeye \u00e7al\u0131\u015f\u0131yor. Grup, yurt i\u00e7inde ve yurt d\u0131\u015f\u0131nda \u00e7ok say\u0131da festival ve konserlere kat\u0131ld\u0131. Kendini sokaklarda, eylemlerde, grev \u00e7ad\u0131rlar\u0131nda, \u00fcniversite kamp\u00fcslerinde var eden grup, kitleleri ayd\u0131nlatan, onlar\u0131n istemlerini, ac\u0131lar\u0131n\u0131, \u00f6zlemlerini ger\u00e7ekli\u011fiyle yans\u0131tan ve onlarla birlikte en [&hellip;]<\/p>\n","protected":false},"author":1,"featured_media":0,"comment_status":"open","ping_status":"open","sticky":false,"template":"","format":"standard","meta":{"footnotes":""},"categories":[127],"tags":[],"class_list":{"0":"post-4060","1":"post","2":"type-post","3":"status-publish","4":"format-standard","6":"category-muzik-gruplari"},"yoast_head":"<!-- This site is optimized with the Yoast SEO Premium plugin v24.9 (Yoast SEO v24.9) - https:\/\/yoast.com\/wordpress\/plugins\/seo\/ -->\n<title>Kendine yabanc\u0131la\u015fan topluma, insandan, insanl\u0131ktan bir \u00e7\u0131\u011fl\u0131k | Vardiya M\u00fczik Grubu - narteks.net<\/title>\n<meta name=\"robots\" content=\"index, follow, max-snippet:-1, max-image-preview:large, max-video-preview:-1\" \/>\n<link rel=\"canonical\" href=\"https:\/\/narteks.net\/index.php\/2010\/01\/22\/kendine-yabancilasan-topluma-insandan-insanliktan-bir-ciglik-vardiya-muzik-grubu\/\" \/>\n<meta property=\"og:locale\" content=\"tr_TR\" \/>\n<meta property=\"og:type\" content=\"article\" \/>\n<meta property=\"og:title\" content=\"Kendine yabanc\u0131la\u015fan topluma, insandan, insanl\u0131ktan bir \u00e7\u0131\u011fl\u0131k | Vardiya M\u00fczik Grubu\" \/>\n<meta property=\"og:description\" content=\"1997 y\u0131l\u0131ndan itibaren BEKSAV b\u00fcnyesinde \u00e7al\u0131\u015fmalar\u0131n\u0131 y\u00fcr\u00fcten Vardiya M\u00fczik Grubu, Anadolu&#8217;daki farkl\u0131 k\u00fclt\u00fcrleri \u00f6z\u00fcmseyip, kendi \u00e7al\u0131\u015fmalar\u0131n\u0131 bu de\u011ferler \u00fczerinden \u00fcretmeye \u00e7al\u0131\u015f\u0131yor. Grup, yurt i\u00e7inde ve yurt d\u0131\u015f\u0131nda \u00e7ok say\u0131da festival ve konserlere kat\u0131ld\u0131. Kendini sokaklarda, eylemlerde, grev \u00e7ad\u0131rlar\u0131nda, \u00fcniversite kamp\u00fcslerinde var eden grup, kitleleri ayd\u0131nlatan, onlar\u0131n istemlerini, ac\u0131lar\u0131n\u0131, \u00f6zlemlerini ger\u00e7ekli\u011fiyle yans\u0131tan ve onlarla birlikte en [&hellip;]\" \/>\n<meta property=\"og:url\" content=\"https:\/\/narteks.net\/index.php\/2010\/01\/22\/kendine-yabancilasan-topluma-insandan-insanliktan-bir-ciglik-vardiya-muzik-grubu\/\" \/>\n<meta property=\"og:site_name\" content=\"narteks.net\" \/>\n<meta property=\"article:published_time\" content=\"2010-01-22T09:56:12+00:00\" \/>\n<meta property=\"og:image\" content=\"http:\/\/www.10yilfestivali.org\/resimler\/vardiya.jpg\" \/>\n<meta name=\"author\" content=\"Tar\u0131k\" \/>\n<meta name=\"twitter:card\" content=\"summary_large_image\" \/>\n<meta name=\"twitter:creator\" content=\"@narteks\" \/>\n<meta name=\"twitter:site\" content=\"@narteks\" \/>\n<meta name=\"twitter:label1\" content=\"Yazan:\" \/>\n\t<meta name=\"twitter:data1\" content=\"Tar\u0131k\" \/>\n\t<meta name=\"twitter:label2\" content=\"Tahmini okuma s\u00fcresi\" \/>\n\t<meta name=\"twitter:data2\" content=\"3 dakika\" \/>\n<script type=\"application\/ld+json\" class=\"yoast-schema-graph\">{\"@context\":\"https:\/\/schema.org\",\"@graph\":[{\"@type\":\"Article\",\"@id\":\"https:\/\/narteks.net\/index.php\/2010\/01\/22\/kendine-yabancilasan-topluma-insandan-insanliktan-bir-ciglik-vardiya-muzik-grubu\/#article\",\"isPartOf\":{\"@id\":\"https:\/\/narteks.net\/index.php\/2010\/01\/22\/kendine-yabancilasan-topluma-insandan-insanliktan-bir-ciglik-vardiya-muzik-grubu\/\"},\"author\":{\"name\":\"Tar\u0131k\",\"@id\":\"https:\/\/narteks.net\/#\/schema\/person\/61f37d9834294b72d31d274e7ed79bca\"},\"headline\":\"Kendine yabanc\u0131la\u015fan topluma, insandan, insanl\u0131ktan bir \u00e7\u0131\u011fl\u0131k | Vardiya M\u00fczik Grubu\",\"datePublished\":\"2010-01-22T09:56:12+00:00\",\"mainEntityOfPage\":{\"@id\":\"https:\/\/narteks.net\/index.php\/2010\/01\/22\/kendine-yabancilasan-topluma-insandan-insanliktan-bir-ciglik-vardiya-muzik-grubu\/\"},\"wordCount\":592,\"commentCount\":0,\"publisher\":{\"@id\":\"https:\/\/narteks.net\/#organization\"},\"image\":{\"@id\":\"https:\/\/narteks.net\/index.php\/2010\/01\/22\/kendine-yabancilasan-topluma-insandan-insanliktan-bir-ciglik-vardiya-muzik-grubu\/#primaryimage\"},\"thumbnailUrl\":\"http:\/\/www.10yilfestivali.org\/resimler\/vardiya.jpg\",\"articleSection\":[\"M\u00fczik Gruplar\u0131\"],\"inLanguage\":\"tr\",\"potentialAction\":[{\"@type\":\"CommentAction\",\"name\":\"Comment\",\"target\":[\"https:\/\/narteks.net\/index.php\/2010\/01\/22\/kendine-yabancilasan-topluma-insandan-insanliktan-bir-ciglik-vardiya-muzik-grubu\/#respond\"]}]},{\"@type\":\"WebPage\",\"@id\":\"https:\/\/narteks.net\/index.php\/2010\/01\/22\/kendine-yabancilasan-topluma-insandan-insanliktan-bir-ciglik-vardiya-muzik-grubu\/\",\"url\":\"https:\/\/narteks.net\/index.php\/2010\/01\/22\/kendine-yabancilasan-topluma-insandan-insanliktan-bir-ciglik-vardiya-muzik-grubu\/\",\"name\":\"Kendine yabanc\u0131la\u015fan topluma, insandan, insanl\u0131ktan bir \u00e7\u0131\u011fl\u0131k | Vardiya M\u00fczik Grubu - narteks.net\",\"isPartOf\":{\"@id\":\"https:\/\/narteks.net\/#website\"},\"primaryImageOfPage\":{\"@id\":\"https:\/\/narteks.net\/index.php\/2010\/01\/22\/kendine-yabancilasan-topluma-insandan-insanliktan-bir-ciglik-vardiya-muzik-grubu\/#primaryimage\"},\"image\":{\"@id\":\"https:\/\/narteks.net\/index.php\/2010\/01\/22\/kendine-yabancilasan-topluma-insandan-insanliktan-bir-ciglik-vardiya-muzik-grubu\/#primaryimage\"},\"thumbnailUrl\":\"http:\/\/www.10yilfestivali.org\/resimler\/vardiya.jpg\",\"datePublished\":\"2010-01-22T09:56:12+00:00\",\"breadcrumb\":{\"@id\":\"https:\/\/narteks.net\/index.php\/2010\/01\/22\/kendine-yabancilasan-topluma-insandan-insanliktan-bir-ciglik-vardiya-muzik-grubu\/#breadcrumb\"},\"inLanguage\":\"tr\",\"potentialAction\":[{\"@type\":\"ReadAction\",\"target\":[\"https:\/\/narteks.net\/index.php\/2010\/01\/22\/kendine-yabancilasan-topluma-insandan-insanliktan-bir-ciglik-vardiya-muzik-grubu\/\"]}]},{\"@type\":\"ImageObject\",\"inLanguage\":\"tr\",\"@id\":\"https:\/\/narteks.net\/index.php\/2010\/01\/22\/kendine-yabancilasan-topluma-insandan-insanliktan-bir-ciglik-vardiya-muzik-grubu\/#primaryimage\",\"url\":\"http:\/\/www.10yilfestivali.org\/resimler\/vardiya.jpg\",\"contentUrl\":\"http:\/\/www.10yilfestivali.org\/resimler\/vardiya.jpg\"},{\"@type\":\"BreadcrumbList\",\"@id\":\"https:\/\/narteks.net\/index.php\/2010\/01\/22\/kendine-yabancilasan-topluma-insandan-insanliktan-bir-ciglik-vardiya-muzik-grubu\/#breadcrumb\",\"itemListElement\":[{\"@type\":\"ListItem\",\"position\":1,\"name\":\"Anasayfa\",\"item\":\"https:\/\/narteks.net\/\"},{\"@type\":\"ListItem\",\"position\":2,\"name\":\"Kendine yabanc\u0131la\u015fan topluma, insandan, insanl\u0131ktan bir \u00e7\u0131\u011fl\u0131k | Vardiya M\u00fczik Grubu\"}]},{\"@type\":\"WebSite\",\"@id\":\"https:\/\/narteks.net\/#website\",\"url\":\"https:\/\/narteks.net\/\",\"name\":\"narteks.net\",\"description\":\"K\u00fclt\u00fcr Sanat Edebiyat Felsefe\",\"publisher\":{\"@id\":\"https:\/\/narteks.net\/#organization\"},\"alternateName\":\"K\u00fclt\u00fcr Sanat Edebiyat Felsefe\",\"potentialAction\":[{\"@type\":\"SearchAction\",\"target\":{\"@type\":\"EntryPoint\",\"urlTemplate\":\"https:\/\/narteks.net\/?s={search_term_string}\"},\"query-input\":{\"@type\":\"PropertyValueSpecification\",\"valueRequired\":true,\"valueName\":\"search_term_string\"}}],\"inLanguage\":\"tr\"},{\"@type\":\"Organization\",\"@id\":\"https:\/\/narteks.net\/#organization\",\"name\":\"narteks.net\",\"url\":\"https:\/\/narteks.net\/\",\"logo\":{\"@type\":\"ImageObject\",\"inLanguage\":\"tr\",\"@id\":\"https:\/\/narteks.net\/#\/schema\/logo\/image\/\",\"url\":\"https:\/\/narteks.net\/wp-content\/uploads\/narteks.png\",\"contentUrl\":\"https:\/\/narteks.net\/wp-content\/uploads\/narteks.png\",\"width\":300,\"height\":90,\"caption\":\"narteks.net\"},\"image\":{\"@id\":\"https:\/\/narteks.net\/#\/schema\/logo\/image\/\"},\"sameAs\":[\"https:\/\/x.com\/narteks\",\"https:\/\/instagram.com\/narteksnet\"]},{\"@type\":\"Person\",\"@id\":\"https:\/\/narteks.net\/#\/schema\/person\/61f37d9834294b72d31d274e7ed79bca\",\"name\":\"Tar\u0131k\",\"image\":{\"@type\":\"ImageObject\",\"inLanguage\":\"tr\",\"@id\":\"https:\/\/narteks.net\/#\/schema\/person\/image\/\",\"url\":\"https:\/\/secure.gravatar.com\/avatar\/50865afb55632c4ae467e0af0930f6510aa2297d8014be502a55b14f3b7550cf?s=96&d=mm&r=g\",\"contentUrl\":\"https:\/\/secure.gravatar.com\/avatar\/50865afb55632c4ae467e0af0930f6510aa2297d8014be502a55b14f3b7550cf?s=96&d=mm&r=g\",\"caption\":\"Tar\u0131k\"},\"sameAs\":[\"http:\/\/narteks.net\"],\"url\":\"https:\/\/narteks.net\/index.php\/author\/narbak\/\"}]}<\/script>\n<!-- \/ Yoast SEO Premium plugin. -->","yoast_head_json":{"title":"Kendine yabanc\u0131la\u015fan topluma, insandan, insanl\u0131ktan bir \u00e7\u0131\u011fl\u0131k | Vardiya M\u00fczik Grubu - narteks.net","robots":{"index":"index","follow":"follow","max-snippet":"max-snippet:-1","max-image-preview":"max-image-preview:large","max-video-preview":"max-video-preview:-1"},"canonical":"https:\/\/narteks.net\/index.php\/2010\/01\/22\/kendine-yabancilasan-topluma-insandan-insanliktan-bir-ciglik-vardiya-muzik-grubu\/","og_locale":"tr_TR","og_type":"article","og_title":"Kendine yabanc\u0131la\u015fan topluma, insandan, insanl\u0131ktan bir \u00e7\u0131\u011fl\u0131k | Vardiya M\u00fczik Grubu","og_description":"1997 y\u0131l\u0131ndan itibaren BEKSAV b\u00fcnyesinde \u00e7al\u0131\u015fmalar\u0131n\u0131 y\u00fcr\u00fcten Vardiya M\u00fczik Grubu, Anadolu&#8217;daki farkl\u0131 k\u00fclt\u00fcrleri \u00f6z\u00fcmseyip, kendi \u00e7al\u0131\u015fmalar\u0131n\u0131 bu de\u011ferler \u00fczerinden \u00fcretmeye \u00e7al\u0131\u015f\u0131yor. Grup, yurt i\u00e7inde ve yurt d\u0131\u015f\u0131nda \u00e7ok say\u0131da festival ve konserlere kat\u0131ld\u0131. Kendini sokaklarda, eylemlerde, grev \u00e7ad\u0131rlar\u0131nda, \u00fcniversite kamp\u00fcslerinde var eden grup, kitleleri ayd\u0131nlatan, onlar\u0131n istemlerini, ac\u0131lar\u0131n\u0131, \u00f6zlemlerini ger\u00e7ekli\u011fiyle yans\u0131tan ve onlarla birlikte en [&hellip;]","og_url":"https:\/\/narteks.net\/index.php\/2010\/01\/22\/kendine-yabancilasan-topluma-insandan-insanliktan-bir-ciglik-vardiya-muzik-grubu\/","og_site_name":"narteks.net","article_published_time":"2010-01-22T09:56:12+00:00","og_image":[{"url":"http:\/\/www.10yilfestivali.org\/resimler\/vardiya.jpg","type":"","width":"","height":""}],"author":"Tar\u0131k","twitter_card":"summary_large_image","twitter_creator":"@narteks","twitter_site":"@narteks","twitter_misc":{"Yazan:":"Tar\u0131k","Tahmini okuma s\u00fcresi":"3 dakika"},"schema":{"@context":"https:\/\/schema.org","@graph":[{"@type":"Article","@id":"https:\/\/narteks.net\/index.php\/2010\/01\/22\/kendine-yabancilasan-topluma-insandan-insanliktan-bir-ciglik-vardiya-muzik-grubu\/#article","isPartOf":{"@id":"https:\/\/narteks.net\/index.php\/2010\/01\/22\/kendine-yabancilasan-topluma-insandan-insanliktan-bir-ciglik-vardiya-muzik-grubu\/"},"author":{"name":"Tar\u0131k","@id":"https:\/\/narteks.net\/#\/schema\/person\/61f37d9834294b72d31d274e7ed79bca"},"headline":"Kendine yabanc\u0131la\u015fan topluma, insandan, insanl\u0131ktan bir \u00e7\u0131\u011fl\u0131k | Vardiya M\u00fczik Grubu","datePublished":"2010-01-22T09:56:12+00:00","mainEntityOfPage":{"@id":"https:\/\/narteks.net\/index.php\/2010\/01\/22\/kendine-yabancilasan-topluma-insandan-insanliktan-bir-ciglik-vardiya-muzik-grubu\/"},"wordCount":592,"commentCount":0,"publisher":{"@id":"https:\/\/narteks.net\/#organization"},"image":{"@id":"https:\/\/narteks.net\/index.php\/2010\/01\/22\/kendine-yabancilasan-topluma-insandan-insanliktan-bir-ciglik-vardiya-muzik-grubu\/#primaryimage"},"thumbnailUrl":"http:\/\/www.10yilfestivali.org\/resimler\/vardiya.jpg","articleSection":["M\u00fczik Gruplar\u0131"],"inLanguage":"tr","potentialAction":[{"@type":"CommentAction","name":"Comment","target":["https:\/\/narteks.net\/index.php\/2010\/01\/22\/kendine-yabancilasan-topluma-insandan-insanliktan-bir-ciglik-vardiya-muzik-grubu\/#respond"]}]},{"@type":"WebPage","@id":"https:\/\/narteks.net\/index.php\/2010\/01\/22\/kendine-yabancilasan-topluma-insandan-insanliktan-bir-ciglik-vardiya-muzik-grubu\/","url":"https:\/\/narteks.net\/index.php\/2010\/01\/22\/kendine-yabancilasan-topluma-insandan-insanliktan-bir-ciglik-vardiya-muzik-grubu\/","name":"Kendine yabanc\u0131la\u015fan topluma, insandan, insanl\u0131ktan bir \u00e7\u0131\u011fl\u0131k | Vardiya M\u00fczik Grubu - narteks.net","isPartOf":{"@id":"https:\/\/narteks.net\/#website"},"primaryImageOfPage":{"@id":"https:\/\/narteks.net\/index.php\/2010\/01\/22\/kendine-yabancilasan-topluma-insandan-insanliktan-bir-ciglik-vardiya-muzik-grubu\/#primaryimage"},"image":{"@id":"https:\/\/narteks.net\/index.php\/2010\/01\/22\/kendine-yabancilasan-topluma-insandan-insanliktan-bir-ciglik-vardiya-muzik-grubu\/#primaryimage"},"thumbnailUrl":"http:\/\/www.10yilfestivali.org\/resimler\/vardiya.jpg","datePublished":"2010-01-22T09:56:12+00:00","breadcrumb":{"@id":"https:\/\/narteks.net\/index.php\/2010\/01\/22\/kendine-yabancilasan-topluma-insandan-insanliktan-bir-ciglik-vardiya-muzik-grubu\/#breadcrumb"},"inLanguage":"tr","potentialAction":[{"@type":"ReadAction","target":["https:\/\/narteks.net\/index.php\/2010\/01\/22\/kendine-yabancilasan-topluma-insandan-insanliktan-bir-ciglik-vardiya-muzik-grubu\/"]}]},{"@type":"ImageObject","inLanguage":"tr","@id":"https:\/\/narteks.net\/index.php\/2010\/01\/22\/kendine-yabancilasan-topluma-insandan-insanliktan-bir-ciglik-vardiya-muzik-grubu\/#primaryimage","url":"http:\/\/www.10yilfestivali.org\/resimler\/vardiya.jpg","contentUrl":"http:\/\/www.10yilfestivali.org\/resimler\/vardiya.jpg"},{"@type":"BreadcrumbList","@id":"https:\/\/narteks.net\/index.php\/2010\/01\/22\/kendine-yabancilasan-topluma-insandan-insanliktan-bir-ciglik-vardiya-muzik-grubu\/#breadcrumb","itemListElement":[{"@type":"ListItem","position":1,"name":"Anasayfa","item":"https:\/\/narteks.net\/"},{"@type":"ListItem","position":2,"name":"Kendine yabanc\u0131la\u015fan topluma, insandan, insanl\u0131ktan bir \u00e7\u0131\u011fl\u0131k | Vardiya M\u00fczik Grubu"}]},{"@type":"WebSite","@id":"https:\/\/narteks.net\/#website","url":"https:\/\/narteks.net\/","name":"narteks.net","description":"K\u00fclt\u00fcr Sanat Edebiyat Felsefe","publisher":{"@id":"https:\/\/narteks.net\/#organization"},"alternateName":"K\u00fclt\u00fcr Sanat Edebiyat Felsefe","potentialAction":[{"@type":"SearchAction","target":{"@type":"EntryPoint","urlTemplate":"https:\/\/narteks.net\/?s={search_term_string}"},"query-input":{"@type":"PropertyValueSpecification","valueRequired":true,"valueName":"search_term_string"}}],"inLanguage":"tr"},{"@type":"Organization","@id":"https:\/\/narteks.net\/#organization","name":"narteks.net","url":"https:\/\/narteks.net\/","logo":{"@type":"ImageObject","inLanguage":"tr","@id":"https:\/\/narteks.net\/#\/schema\/logo\/image\/","url":"https:\/\/narteks.net\/wp-content\/uploads\/narteks.png","contentUrl":"https:\/\/narteks.net\/wp-content\/uploads\/narteks.png","width":300,"height":90,"caption":"narteks.net"},"image":{"@id":"https:\/\/narteks.net\/#\/schema\/logo\/image\/"},"sameAs":["https:\/\/x.com\/narteks","https:\/\/instagram.com\/narteksnet"]},{"@type":"Person","@id":"https:\/\/narteks.net\/#\/schema\/person\/61f37d9834294b72d31d274e7ed79bca","name":"Tar\u0131k","image":{"@type":"ImageObject","inLanguage":"tr","@id":"https:\/\/narteks.net\/#\/schema\/person\/image\/","url":"https:\/\/secure.gravatar.com\/avatar\/50865afb55632c4ae467e0af0930f6510aa2297d8014be502a55b14f3b7550cf?s=96&d=mm&r=g","contentUrl":"https:\/\/secure.gravatar.com\/avatar\/50865afb55632c4ae467e0af0930f6510aa2297d8014be502a55b14f3b7550cf?s=96&d=mm&r=g","caption":"Tar\u0131k"},"sameAs":["http:\/\/narteks.net"],"url":"https:\/\/narteks.net\/index.php\/author\/narbak\/"}]}},"_links":{"self":[{"href":"https:\/\/narteks.net\/index.php\/wp-json\/wp\/v2\/posts\/4060","targetHints":{"allow":["GET"]}}],"collection":[{"href":"https:\/\/narteks.net\/index.php\/wp-json\/wp\/v2\/posts"}],"about":[{"href":"https:\/\/narteks.net\/index.php\/wp-json\/wp\/v2\/types\/post"}],"author":[{"embeddable":true,"href":"https:\/\/narteks.net\/index.php\/wp-json\/wp\/v2\/users\/1"}],"replies":[{"embeddable":true,"href":"https:\/\/narteks.net\/index.php\/wp-json\/wp\/v2\/comments?post=4060"}],"version-history":[{"count":0,"href":"https:\/\/narteks.net\/index.php\/wp-json\/wp\/v2\/posts\/4060\/revisions"}],"wp:attachment":[{"href":"https:\/\/narteks.net\/index.php\/wp-json\/wp\/v2\/media?parent=4060"}],"wp:term":[{"taxonomy":"category","embeddable":true,"href":"https:\/\/narteks.net\/index.php\/wp-json\/wp\/v2\/categories?post=4060"},{"taxonomy":"post_tag","embeddable":true,"href":"https:\/\/narteks.net\/index.php\/wp-json\/wp\/v2\/tags?post=4060"}],"curies":[{"name":"wp","href":"https:\/\/api.w.org\/{rel}","templated":true}]}}