{"id":4062,"date":"2010-01-22T15:44:31","date_gmt":"2010-01-22T12:44:31","guid":{"rendered":"http:\/\/localhost\/wordpress\/2010\/01\/22\/20-yuzyil-alman-sairlerinin-en-iyilerinden-biri-olarak-kabul-edilen-rainer-maria-rilke\/"},"modified":"2010-01-22T15:44:31","modified_gmt":"2010-01-22T12:44:31","slug":"20-yuzyil-alman-sairlerinin-en-iyilerinden-biri-olarak-kabul-edilen-rainer-maria-rilke","status":"publish","type":"post","link":"https:\/\/narteks.net\/index.php\/2010\/01\/22\/20-yuzyil-alman-sairlerinin-en-iyilerinden-biri-olarak-kabul-edilen-rainer-maria-rilke\/","title":{"rendered":"20. y\u00fczy\u0131l Alman \u015fairlerinin en iyilerinden biri olarak kabul edilen ; Rainer Maria Rilke"},"content":{"rendered":"<p><img loading=\"lazy\" decoding=\"async\" src=\"http:\/\/upload.wikimedia.org\/wikipedia\/commons\/0\/03\/Rainer_Maria_Rilke.jpg\" border=\"0\" width=\"155\" height=\"205\" style=\"float: left;\" \/><\/p>\n<p style=\"text-align: justify;\">Edebiyat arac\u0131l\u0131\u011f\u0131yla ger\u00e7e\u011fin hakk\u0131ndan gelen yazar olarak an\u0131lan Rainer Maria Rilke, 4 Aral\u0131k 1875&#8217;te Prag&#8217;da do\u011fdu. Alman k\u00f6kenli demiryolu memurun o\u011flu olan Rilke&#8217;nin annesi Pragl\u0131 soylu bir aileye mensuptu. \u00c7ok h\u0131rsl\u0131 ve kaprisli bir kad\u0131n olan annesi o\u011flunu kendi \u00f6zlemleri do\u011frultusunda yeti\u015ftirmek istedi. Alt\u0131 ya\u015f\u0131na gelinceye kadar k\u0131z \u00e7ocu\u011fu gibi giydirilen Rilke, zay\u0131f ve ince ruhu nedeniyle annesinin bu tutumundan etkilenerek ba\u015fta kad\u0131nlar olmak \u00fczere insanlarla ileti\u015fim kuramaz hale geldi ve \u015fiirlerinde \u00e7ocukluk y\u0131llar\u0131n\u0131 bir yandan i\u00e7tenlikle bir yandan da korku \u00e7a\u011fr\u0131\u015f\u0131mlar\u0131yla anlatmas\u0131n\u0131n en b\u00fcy\u00fck nedeni de budur.<\/p>\n<p>Dokuz ya\u015f\u0131na geldi\u011finde annesi ile babas\u0131 bo\u015fand\u0131 ve Rilke annesinin yan\u0131nda Viyana&#8217;ya gitmek zorunda kald\u0131. Babas\u0131n\u0131n toplumda elde edemedi\u011fi sayg\u0131n yeri edinmek amac\u0131yla 1886&#8217;dan sonra St. P\u00f6lten&#8217;e ve Bohemya&#8217;daki Maehrisch-Weisskirchen&#8217;de askeri okullara devam etti. Be\u015f y\u0131l sonra Linz Ticaret Akademisi&#8217;ne kayd\u0131n\u0131 yapt\u0131rd\u0131. Rainer Maria Rilke&#8217;nin e\u011fitimi bununla da bitmedi. \u00d6zel derslerin yan\u0131 s\u0131ra Prag&#8217;da edebiyat ve sanat tarihi de okudu. \u0130lk \u015fiirleri Ya\u015fam ve \u015eiirler&#8217;in yay\u0131nlanmas\u0131 bu y\u0131llarda oldu.<\/p>\n<p>1896-99 y\u0131llar\u0131 aras\u0131nda \u00f6\u011frenimini M\u00fcnih ve Berlin&#8217;de s\u00fcrd\u00fcren Rilke, M\u00fcnih&#8217;te ya\u015fayan kad\u0131n \u015fair Lou Andreas Salome ile tan\u0131\u015ft\u0131. Daha \u00f6nceki y\u0131llarda Nietzsche&#8217;nin a\u015f\u0131k oldu\u011fu bu kad\u0131n\u0131n Rilke&#8217;nin sanat\u00e7\u0131 ki\u015fili\u011finin geli\u015fmesinde b\u00fcy\u00fck rol oynad\u0131\u011f\u0131 belirtilir. Salome ile birlikte 1897&#8217;de Berlin&#8217;e, 1898&#8217;de Floransa&#8217;ya bir y\u0131l sonra da Rusya&#8217;ya giden yazar, Rusya&#8217;da Tolstoy taraf\u0131ndan kar\u015f\u0131lan\u0131p d\u00f6nemin \u00fcnl\u00fc ressam\u0131 Pasternak ile tan\u0131\u015f\u0131nca b\u00fcy\u00fck mutluluk duydu. Kremlin&#8217;de tan\u0131k oldu\u011fu Ortodoks Paskalya Yortusu ve Rus halk\u0131n\u0131n dindarl\u0131\u011f\u0131 yazar \u00fczerinde \u00f6nemli etkiler b\u0131rakt\u0131. \u0130ki y\u0131l sonra yine Lou Andreas&#8217;la birlikte ikinci kez Rusya&#8217;ya giden Rilke, \u00fclkenin g\u00fcney b\u00f6l\u00fcm\u00fcn\u00fc de dola\u015farak yeniden Tolstoy&#8217;la bulu\u015ftu. Bu geziden sonra ruh sa\u011fl\u0131\u011f\u0131 bozulan yazar\u0131 terk edenler aras\u0131nda Salome&#8217;de bulunuyordu.<\/p>\n<p>Ressam Heinrich Vogeler&#8217;in \u00e7a\u011fr\u0131s\u0131na uyan Rilke, Worpswede&#8217;ye yerle\u015fti ve 1901 y\u0131l\u0131nda evlendi. Ancak bu evlilik sadece bir y\u0131l devam etti. Bo\u015fanmas\u0131ndan bir s\u00fcre sonra Rodin&#8217;in ya\u015fam\u0131n\u0131 yazmak amac\u0131yla Paris&#8217;e gitti. Bir s\u00fcre sonra da Rodin&#8217;in \u00f6zel sekreterli\u011fini yapmaya ba\u015flad\u0131. Hem Paris&#8217;teki ya\u015fam\u0131 hem de Rodin&#8217;in ki\u015fili\u011fi Rilke&#8217;nin ya\u015fam\u0131nda adeta d\u00f6n\u00fcm noktas\u0131n\u0131 olu\u015fturdu. Rodin \u00fczerinde ara\u015ft\u0131rma yapmaktan \u00e7ok onun sanat\u0131 \u0131\u015f\u0131\u011f\u0131nda Paris&#8217;teki ya\u015fam\u0131n\u0131 dile getirdi\u011fi Auguste Rodin, yazar\u0131n d\u00fczyaz\u0131 t\u00fcr\u00fcndeki ilk \u00f6nemli yap\u0131t\u0131d\u0131r. Malte Laurids Brigge&#8217;nin Notlar\u0131 adl\u0131 roman\u0131n\u0131 tamamlad\u0131ktan sonra bir y\u0131l boyunca Kuzey Afrika&#8217;y\u0131 dola\u015fan yazar, 1912&#8217;de Kontes Marie von Thurn und Taxis adl\u0131 bir soylunun Trieste yak\u0131nlar\u0131ndaki Duino \u015eatosu&#8217;na yerle\u015fti. 1909&#8217;da Paris&#8217;te tan\u0131\u015ft\u0131\u011f\u0131 Kontes, Lou&#8217;dan sonra Rilke&#8217;nin sanat\u0131n\u0131 belirleyen ikinci g\u00fc\u00e7l\u00fc kad\u0131n oldu ve yazar bu tarihten sonra yeni bir yarat\u0131c\u0131l\u0131k s\u00fcrecine girdi. Duino A\u011f\u0131tlar\u0131&#8217;n\u0131 da burada yazd\u0131. Birinci D\u00fcnya Sava\u015f\u0131 y\u0131llar\u0131n\u0131 genellikle M\u00fcnih&#8217;te ge\u00e7irdi. Bir ara Viyana&#8217;daki sava\u015f ar\u015fivinde \u00e7al\u0131\u015fan yazar 1919&#8217;da \u0130svi\u00e7re&#8217;ye, \u00fc\u00e7 y\u0131l sonra da Wallis Kontu&#8217;na ait olan orta\u00e7a\u011fdan kalma Muzot \u015eatosu&#8217;na yerle\u015fti. Orpheus&#8217;a Soneler&#8217;i burada yazd\u0131.<\/p>\n<p>\u015eiirlerinin yan\u0131 s\u0131ra \u00e7a\u011fda\u015f Alman roman\u0131n\u0131n \u00f6nc\u00fcs\u00fc say\u0131lan Malte Laurids Brigge&#8217;nin Notlar\u0131 adl\u0131 eseriyle de \u00fcn kazanan Rilke, ekonomik bunal\u0131mlar\u0131n ve kapitalist geli\u015fmelerin belirledi\u011fi sanattan uzak bir \u00e7a\u011f\u0131n i\u00e7inde yeti\u015fmi\u015f, gerek ya\u015fam\u0131 gerek yap\u0131tlar\u0131yla hayat\u0131 mekanik, cans\u0131z bir hale getiren duygulardan yoksun modern \u00e7a\u011fa, insanlar\u0131n birbirine ve kendi kendisine yabanc\u0131la\u015ft\u0131ran, yaln\u0131zl\u0131\u011fa iten ya\u015fama bi\u00e7imine kar\u015f\u0131 gelmeye \u00e7al\u0131\u015f\u0131r. Yazar\u0131n ya\u015fam\u0131n\u0131 belirleyen olaylar, onun sanat\u0131nda da b\u00fcy\u00fck de\u011fi\u015fimlere yol a\u00e7m\u0131\u015ft\u0131r. \u0130lk d\u00f6nem \u015fiirlerinde g\u00f6r\u00fclen geli\u015fmede sevgilisi Lou&#8217;nun ve birlikte yapt\u0131klar\u0131 Rusya gezisinin pay\u0131 b\u00fcy\u00fckt\u00fcr. Dilin duygulara seslenen ses \u00f6zelliklerine b\u00fcy\u00fck bir duyarl\u0131l\u0131kla yakla\u015ft\u0131\u011f\u0131 Saatler Kitab\u0131, Rilke&#8217;nin Rusya ya\u015fant\u0131s\u0131n\u0131 ve Paris y\u0131llar\u0131n\u0131n etkilerini yans\u0131t\u0131r. Kitap \u00fc\u00e7 b\u00f6l\u00fcmden olu\u015fsa bile sanki uzay\u0131p giden bir \u015fiir havas\u0131n\u0131 ta\u015f\u0131maktad\u0131r. Rilke&#8217;nin nesnelere ve d\u0131\u015f d\u00fcnyaya bak\u0131\u015f ac\u0131s\u0131ndan kaynaklanan yeni bir Tanr\u0131 imgesi, \u00f6zellikle ilk b\u00f6l\u00fcm\u00fcn temelini olu\u015fturur. Tanr\u0131&#8217;y\u0131 bu d\u00fcnyan\u0131n d\u0131\u015f\u0131nda de\u011fil, evrenin her zerresinde bulur; art arda s\u0131ralad\u0131\u011f\u0131 imgelerde, Tanr\u0131&#8217;n\u0131n varl\u0131\u011f\u0131n\u0131 ya\u015far. \u0130lk bask\u0131s\u0131 Saatler Kitab\u0131&#8217;ndan \u00f6nceye rastlayan \u00e7a\u011f\u0131 ve konusu bak\u0131m\u0131ndan oldu\u011fu kadar yazar\u0131n sanat\u0131ndaki geli\u015fmeyi yans\u0131tmas\u0131 a\u00e7\u0131s\u0131ndan da ge\u00e7i\u015f niteli\u011fi ta\u015f\u0131r. Rilke&#8217;nin ikinci bask\u0131ya ekledi\u011fi 37 \u015fiirde Paris ya\u015fant\u0131s\u0131n\u0131n etkisi b\u00fcy\u00fckt\u00fcr. G\u00fcz G\u00fcn\u00fc ve Ak\u015fam gibi tan\u0131nm\u0131\u015f \u015fiirler, bu bask\u0131ya eklenenler aras\u0131nda olup yeni bir d\u00f6neme ge\u00e7i\u015fin izlerini yans\u0131t\u0131r. Sanatsal ya\u015fam\u0131n\u0131n ikinci d\u00f6neminin ba\u015fl\u0131ca iki yap\u0131t\u0131ndan biri olan, Rodin ve Paris kentinin etkilerini ta\u015f\u0131yan Yeni \u015eiirler adl\u0131 kitapt\u0131r. Burada art\u0131k Tanr\u0131, a\u015fk, \u00f6l\u00fcm gibi konulardan d\u0131\u015f d\u00fcnyaya nesnelerin d\u00fcnyas\u0131na ge\u00e7i\u015f s\u00f6zkonusudur. Panter ve Roma \u00c7e\u015fmesi adl\u0131 \u015fiirlerinde nesnelerin kendisinden yola \u00e7\u0131kan Rilke, ki\u015fisel duygular\u0131na ve izlenimlerine yer vermeksizin salt nesneyi tan\u0131mlar. D\u0131\u015f d\u00fcnyaya bak\u0131\u015f\u0131n\u0131n de\u011fi\u015fmesindeki en b\u00fcy\u00fck etkiyi ise y\u0131llarca yan\u0131nda ya\u015fad\u0131\u011f\u0131 Rodin sayesinde elde etmi\u015ftir. Yeni \u015eiirler ile Alman edebiyat\u0131nda &#8216;nesne \u015fiiri&#8217; ad\u0131 verilen yeni bir t\u00fcr olu\u015fturan Rilke&#8217;nin yarat\u0131mlar\u0131, Rodin&#8217;in yap\u0131tlar\u0131nda oldu\u011fu gibi plastik nesneler olmay\u0131p &#8216;yaz\u0131l\u0131 nesnelerdir&#8217;. Bu \u015fiirlerinin temelinde yatan ve Rilke&#8217;nin &#8216;g\u00f6rmeyi \u00f6\u011frenmek&#8217; olarak nitelendirdi\u011fi d\u0131\u015f d\u00fcnyaya bak\u0131\u015f ilkesi, Malte Laurids Brigge&#8217;nin Notlar\u0131 adl\u0131 roman\u0131 i\u00e7in de ge\u00e7erlidir. Ki\u015finin kendisine ve \u00e7evresine yabanc\u0131la\u015fmas\u0131, b\u00fcy\u00fck kent insan\u0131n\u0131n yaln\u0131zl\u0131\u011f\u0131, insan\u0131n varl\u0131\u011f\u0131n\u0131 olu\u015fturan \u00f6l\u00fcm korkusu gibi konular\u0131 geleneksel roman kal\u0131plar\u0131n\u0131n d\u0131\u015f\u0131na \u00e7\u0131karak i\u015fleyen bu yap\u0131t, gen\u00e7 bir Danimarkal\u0131 \u015fairin Paris ya\u015fant\u0131s\u0131n\u0131 anlatan bir g\u00fcnce bi\u00e7imindedir. Romanda Rilke&#8217;nin Prag&#8217;la ilgili \u00e7ocukluk an\u0131lar\u0131, Rusya ve \u0130skandinavya yolculuklar\u0131, \u00f6zellikle de onu derinden etkileyen Paris ya\u015fant\u0131s\u0131n\u0131n etkileri g\u00f6r\u00fcnmektedir. L\u00f6semiye yakalanm\u0131\u015f \u00fcnl\u00fc \u015fairin sa\u011fl\u0131\u011f\u0131 1923 y\u0131l\u0131ndan sonra iyiden iyiye bozuldu. 51&#8217;inci do\u011fum g\u00fcn\u00fcn\u00fc kutlad\u0131ktan birka\u00e7 hafta sonra 29 Aral\u0131k 1926&#8217;da Montreux yak\u0131nlar\u0131ndaki Valmont&#8217;ta hayata g\u00f6zlerini kapatt\u0131.<\/p>\n<p><strong>Eserleri<\/strong><\/p>\n<p style=\"text-align: justify;\">Roman: Malte Laurids Brigge&#8217;nin Notlar\u0131 (Die Aufzeichnungen des Malte Laurids Brigge, 1910)<\/p>\n<p style=\"text-align: justify;\"><strong>\u015eiir Kitaplar\u0131<\/strong>: Ya\u015fam ve \u015eiirler (Leben und Lieder, 1894), Erken \u015eiirler (Die fr\u00fchen Gedichte, 1902), G\u00f6r\u00fcnt\u00fcler Kitab\u0131 (Buch der Bilder, 1902), Saatler Kitab\u0131 (Das Stundenbuch, 1905), Yeni \u015eiirler (Neue Gedichte, 1907), Duino A\u011f\u0131tlar\u0131 (Duineser Elegien, 1923), Orpheus&#8217;a Soneler (Sonetten an Orpheus, 1923),<\/p>\n<p style=\"text-align: justify;\"><strong>\u015eairin \u015fiirlerini sitemizde bulabilirsiniz<\/strong><\/p>\n","protected":false},"excerpt":{"rendered":"<p>Edebiyat arac\u0131l\u0131\u011f\u0131yla ger\u00e7e\u011fin hakk\u0131ndan gelen yazar olarak an\u0131lan Rainer Maria Rilke, 4 Aral\u0131k 1875&#8217;te Prag&#8217;da do\u011fdu. Alman k\u00f6kenli demiryolu memurun o\u011flu olan Rilke&#8217;nin annesi Pragl\u0131 soylu bir aileye mensuptu. \u00c7ok h\u0131rsl\u0131 ve kaprisli bir kad\u0131n olan annesi o\u011flunu kendi \u00f6zlemleri do\u011frultusunda yeti\u015ftirmek istedi. Alt\u0131 ya\u015f\u0131na gelinceye kadar k\u0131z \u00e7ocu\u011fu gibi giydirilen Rilke, zay\u0131f ve ince [&hellip;]<\/p>\n","protected":false},"author":1,"featured_media":0,"comment_status":"open","ping_status":"open","sticky":false,"template":"","format":"standard","meta":{"footnotes":""},"categories":[122],"tags":[],"class_list":{"0":"post-4062","1":"post","2":"type-post","3":"status-publish","4":"format-standard","6":"category-sair-e-dair"},"yoast_head":"<!-- This site is optimized with the Yoast SEO Premium plugin v24.9 (Yoast SEO v24.9) - https:\/\/yoast.com\/wordpress\/plugins\/seo\/ -->\n<title>20. y\u00fczy\u0131l Alman \u015fairlerinin en iyilerinden biri olarak kabul edilen ; Rainer Maria Rilke - narteks.net<\/title>\n<meta name=\"robots\" content=\"index, follow, max-snippet:-1, max-image-preview:large, max-video-preview:-1\" \/>\n<link rel=\"canonical\" href=\"https:\/\/narteks.net\/index.php\/2010\/01\/22\/20-yuzyil-alman-sairlerinin-en-iyilerinden-biri-olarak-kabul-edilen-rainer-maria-rilke\/\" \/>\n<meta property=\"og:locale\" content=\"tr_TR\" \/>\n<meta property=\"og:type\" content=\"article\" \/>\n<meta property=\"og:title\" content=\"20. y\u00fczy\u0131l Alman \u015fairlerinin en iyilerinden biri olarak kabul edilen ; Rainer Maria Rilke\" \/>\n<meta property=\"og:description\" content=\"Edebiyat arac\u0131l\u0131\u011f\u0131yla ger\u00e7e\u011fin hakk\u0131ndan gelen yazar olarak an\u0131lan Rainer Maria Rilke, 4 Aral\u0131k 1875&#8217;te Prag&#8217;da do\u011fdu. Alman k\u00f6kenli demiryolu memurun o\u011flu olan Rilke&#8217;nin annesi Pragl\u0131 soylu bir aileye mensuptu. \u00c7ok h\u0131rsl\u0131 ve kaprisli bir kad\u0131n olan annesi o\u011flunu kendi \u00f6zlemleri do\u011frultusunda yeti\u015ftirmek istedi. Alt\u0131 ya\u015f\u0131na gelinceye kadar k\u0131z \u00e7ocu\u011fu gibi giydirilen Rilke, zay\u0131f ve ince [&hellip;]\" \/>\n<meta property=\"og:url\" content=\"https:\/\/narteks.net\/index.php\/2010\/01\/22\/20-yuzyil-alman-sairlerinin-en-iyilerinden-biri-olarak-kabul-edilen-rainer-maria-rilke\/\" \/>\n<meta property=\"og:site_name\" content=\"narteks.net\" \/>\n<meta property=\"article:published_time\" content=\"2010-01-22T12:44:31+00:00\" \/>\n<meta property=\"og:image\" content=\"http:\/\/upload.wikimedia.org\/wikipedia\/commons\/0\/03\/Rainer_Maria_Rilke.jpg\" \/>\n<meta name=\"author\" content=\"Tar\u0131k\" \/>\n<meta name=\"twitter:card\" content=\"summary_large_image\" \/>\n<meta name=\"twitter:creator\" content=\"@narteks\" \/>\n<meta name=\"twitter:site\" content=\"@narteks\" \/>\n<meta name=\"twitter:label1\" content=\"Yazan:\" \/>\n\t<meta name=\"twitter:data1\" content=\"Tar\u0131k\" \/>\n\t<meta name=\"twitter:label2\" content=\"Tahmini okuma s\u00fcresi\" \/>\n\t<meta name=\"twitter:data2\" content=\"6 dakika\" \/>\n<script type=\"application\/ld+json\" class=\"yoast-schema-graph\">{\"@context\":\"https:\/\/schema.org\",\"@graph\":[{\"@type\":\"Article\",\"@id\":\"https:\/\/narteks.net\/index.php\/2010\/01\/22\/20-yuzyil-alman-sairlerinin-en-iyilerinden-biri-olarak-kabul-edilen-rainer-maria-rilke\/#article\",\"isPartOf\":{\"@id\":\"https:\/\/narteks.net\/index.php\/2010\/01\/22\/20-yuzyil-alman-sairlerinin-en-iyilerinden-biri-olarak-kabul-edilen-rainer-maria-rilke\/\"},\"author\":{\"name\":\"Tar\u0131k\",\"@id\":\"https:\/\/narteks.net\/#\/schema\/person\/61f37d9834294b72d31d274e7ed79bca\"},\"headline\":\"20. y\u00fczy\u0131l Alman \u015fairlerinin en iyilerinden biri olarak kabul edilen ; Rainer Maria Rilke\",\"datePublished\":\"2010-01-22T12:44:31+00:00\",\"mainEntityOfPage\":{\"@id\":\"https:\/\/narteks.net\/index.php\/2010\/01\/22\/20-yuzyil-alman-sairlerinin-en-iyilerinden-biri-olarak-kabul-edilen-rainer-maria-rilke\/\"},\"wordCount\":1244,\"commentCount\":0,\"publisher\":{\"@id\":\"https:\/\/narteks.net\/#organization\"},\"image\":{\"@id\":\"https:\/\/narteks.net\/index.php\/2010\/01\/22\/20-yuzyil-alman-sairlerinin-en-iyilerinden-biri-olarak-kabul-edilen-rainer-maria-rilke\/#primaryimage\"},\"thumbnailUrl\":\"http:\/\/upload.wikimedia.org\/wikipedia\/commons\/0\/03\/Rainer_Maria_Rilke.jpg\",\"articleSection\":[\"\u015eair'e Dair\"],\"inLanguage\":\"tr\",\"potentialAction\":[{\"@type\":\"CommentAction\",\"name\":\"Comment\",\"target\":[\"https:\/\/narteks.net\/index.php\/2010\/01\/22\/20-yuzyil-alman-sairlerinin-en-iyilerinden-biri-olarak-kabul-edilen-rainer-maria-rilke\/#respond\"]}]},{\"@type\":\"WebPage\",\"@id\":\"https:\/\/narteks.net\/index.php\/2010\/01\/22\/20-yuzyil-alman-sairlerinin-en-iyilerinden-biri-olarak-kabul-edilen-rainer-maria-rilke\/\",\"url\":\"https:\/\/narteks.net\/index.php\/2010\/01\/22\/20-yuzyil-alman-sairlerinin-en-iyilerinden-biri-olarak-kabul-edilen-rainer-maria-rilke\/\",\"name\":\"20. y\u00fczy\u0131l Alman \u015fairlerinin en iyilerinden biri olarak kabul edilen ; Rainer Maria Rilke - narteks.net\",\"isPartOf\":{\"@id\":\"https:\/\/narteks.net\/#website\"},\"primaryImageOfPage\":{\"@id\":\"https:\/\/narteks.net\/index.php\/2010\/01\/22\/20-yuzyil-alman-sairlerinin-en-iyilerinden-biri-olarak-kabul-edilen-rainer-maria-rilke\/#primaryimage\"},\"image\":{\"@id\":\"https:\/\/narteks.net\/index.php\/2010\/01\/22\/20-yuzyil-alman-sairlerinin-en-iyilerinden-biri-olarak-kabul-edilen-rainer-maria-rilke\/#primaryimage\"},\"thumbnailUrl\":\"http:\/\/upload.wikimedia.org\/wikipedia\/commons\/0\/03\/Rainer_Maria_Rilke.jpg\",\"datePublished\":\"2010-01-22T12:44:31+00:00\",\"breadcrumb\":{\"@id\":\"https:\/\/narteks.net\/index.php\/2010\/01\/22\/20-yuzyil-alman-sairlerinin-en-iyilerinden-biri-olarak-kabul-edilen-rainer-maria-rilke\/#breadcrumb\"},\"inLanguage\":\"tr\",\"potentialAction\":[{\"@type\":\"ReadAction\",\"target\":[\"https:\/\/narteks.net\/index.php\/2010\/01\/22\/20-yuzyil-alman-sairlerinin-en-iyilerinden-biri-olarak-kabul-edilen-rainer-maria-rilke\/\"]}]},{\"@type\":\"ImageObject\",\"inLanguage\":\"tr\",\"@id\":\"https:\/\/narteks.net\/index.php\/2010\/01\/22\/20-yuzyil-alman-sairlerinin-en-iyilerinden-biri-olarak-kabul-edilen-rainer-maria-rilke\/#primaryimage\",\"url\":\"http:\/\/upload.wikimedia.org\/wikipedia\/commons\/0\/03\/Rainer_Maria_Rilke.jpg\",\"contentUrl\":\"http:\/\/upload.wikimedia.org\/wikipedia\/commons\/0\/03\/Rainer_Maria_Rilke.jpg\"},{\"@type\":\"BreadcrumbList\",\"@id\":\"https:\/\/narteks.net\/index.php\/2010\/01\/22\/20-yuzyil-alman-sairlerinin-en-iyilerinden-biri-olarak-kabul-edilen-rainer-maria-rilke\/#breadcrumb\",\"itemListElement\":[{\"@type\":\"ListItem\",\"position\":1,\"name\":\"Anasayfa\",\"item\":\"https:\/\/narteks.net\/\"},{\"@type\":\"ListItem\",\"position\":2,\"name\":\"20. y\u00fczy\u0131l Alman \u015fairlerinin en iyilerinden biri olarak kabul edilen ; Rainer Maria Rilke\"}]},{\"@type\":\"WebSite\",\"@id\":\"https:\/\/narteks.net\/#website\",\"url\":\"https:\/\/narteks.net\/\",\"name\":\"narteks.net\",\"description\":\"K\u00fclt\u00fcr Sanat Edebiyat Felsefe\",\"publisher\":{\"@id\":\"https:\/\/narteks.net\/#organization\"},\"alternateName\":\"K\u00fclt\u00fcr Sanat Edebiyat Felsefe\",\"potentialAction\":[{\"@type\":\"SearchAction\",\"target\":{\"@type\":\"EntryPoint\",\"urlTemplate\":\"https:\/\/narteks.net\/?s={search_term_string}\"},\"query-input\":{\"@type\":\"PropertyValueSpecification\",\"valueRequired\":true,\"valueName\":\"search_term_string\"}}],\"inLanguage\":\"tr\"},{\"@type\":\"Organization\",\"@id\":\"https:\/\/narteks.net\/#organization\",\"name\":\"narteks.net\",\"url\":\"https:\/\/narteks.net\/\",\"logo\":{\"@type\":\"ImageObject\",\"inLanguage\":\"tr\",\"@id\":\"https:\/\/narteks.net\/#\/schema\/logo\/image\/\",\"url\":\"https:\/\/narteks.net\/wp-content\/uploads\/narteks.png\",\"contentUrl\":\"https:\/\/narteks.net\/wp-content\/uploads\/narteks.png\",\"width\":300,\"height\":90,\"caption\":\"narteks.net\"},\"image\":{\"@id\":\"https:\/\/narteks.net\/#\/schema\/logo\/image\/\"},\"sameAs\":[\"https:\/\/x.com\/narteks\",\"https:\/\/instagram.com\/narteksnet\"]},{\"@type\":\"Person\",\"@id\":\"https:\/\/narteks.net\/#\/schema\/person\/61f37d9834294b72d31d274e7ed79bca\",\"name\":\"Tar\u0131k\",\"image\":{\"@type\":\"ImageObject\",\"inLanguage\":\"tr\",\"@id\":\"https:\/\/narteks.net\/#\/schema\/person\/image\/\",\"url\":\"https:\/\/secure.gravatar.com\/avatar\/50865afb55632c4ae467e0af0930f6510aa2297d8014be502a55b14f3b7550cf?s=96&d=mm&r=g\",\"contentUrl\":\"https:\/\/secure.gravatar.com\/avatar\/50865afb55632c4ae467e0af0930f6510aa2297d8014be502a55b14f3b7550cf?s=96&d=mm&r=g\",\"caption\":\"Tar\u0131k\"},\"sameAs\":[\"http:\/\/narteks.net\"],\"url\":\"https:\/\/narteks.net\/index.php\/author\/narbak\/\"}]}<\/script>\n<!-- \/ Yoast SEO Premium plugin. -->","yoast_head_json":{"title":"20. y\u00fczy\u0131l Alman \u015fairlerinin en iyilerinden biri olarak kabul edilen ; Rainer Maria Rilke - narteks.net","robots":{"index":"index","follow":"follow","max-snippet":"max-snippet:-1","max-image-preview":"max-image-preview:large","max-video-preview":"max-video-preview:-1"},"canonical":"https:\/\/narteks.net\/index.php\/2010\/01\/22\/20-yuzyil-alman-sairlerinin-en-iyilerinden-biri-olarak-kabul-edilen-rainer-maria-rilke\/","og_locale":"tr_TR","og_type":"article","og_title":"20. y\u00fczy\u0131l Alman \u015fairlerinin en iyilerinden biri olarak kabul edilen ; Rainer Maria Rilke","og_description":"Edebiyat arac\u0131l\u0131\u011f\u0131yla ger\u00e7e\u011fin hakk\u0131ndan gelen yazar olarak an\u0131lan Rainer Maria Rilke, 4 Aral\u0131k 1875&#8217;te Prag&#8217;da do\u011fdu. Alman k\u00f6kenli demiryolu memurun o\u011flu olan Rilke&#8217;nin annesi Pragl\u0131 soylu bir aileye mensuptu. \u00c7ok h\u0131rsl\u0131 ve kaprisli bir kad\u0131n olan annesi o\u011flunu kendi \u00f6zlemleri do\u011frultusunda yeti\u015ftirmek istedi. Alt\u0131 ya\u015f\u0131na gelinceye kadar k\u0131z \u00e7ocu\u011fu gibi giydirilen Rilke, zay\u0131f ve ince [&hellip;]","og_url":"https:\/\/narteks.net\/index.php\/2010\/01\/22\/20-yuzyil-alman-sairlerinin-en-iyilerinden-biri-olarak-kabul-edilen-rainer-maria-rilke\/","og_site_name":"narteks.net","article_published_time":"2010-01-22T12:44:31+00:00","og_image":[{"url":"http:\/\/upload.wikimedia.org\/wikipedia\/commons\/0\/03\/Rainer_Maria_Rilke.jpg","type":"","width":"","height":""}],"author":"Tar\u0131k","twitter_card":"summary_large_image","twitter_creator":"@narteks","twitter_site":"@narteks","twitter_misc":{"Yazan:":"Tar\u0131k","Tahmini okuma s\u00fcresi":"6 dakika"},"schema":{"@context":"https:\/\/schema.org","@graph":[{"@type":"Article","@id":"https:\/\/narteks.net\/index.php\/2010\/01\/22\/20-yuzyil-alman-sairlerinin-en-iyilerinden-biri-olarak-kabul-edilen-rainer-maria-rilke\/#article","isPartOf":{"@id":"https:\/\/narteks.net\/index.php\/2010\/01\/22\/20-yuzyil-alman-sairlerinin-en-iyilerinden-biri-olarak-kabul-edilen-rainer-maria-rilke\/"},"author":{"name":"Tar\u0131k","@id":"https:\/\/narteks.net\/#\/schema\/person\/61f37d9834294b72d31d274e7ed79bca"},"headline":"20. y\u00fczy\u0131l Alman \u015fairlerinin en iyilerinden biri olarak kabul edilen ; Rainer Maria Rilke","datePublished":"2010-01-22T12:44:31+00:00","mainEntityOfPage":{"@id":"https:\/\/narteks.net\/index.php\/2010\/01\/22\/20-yuzyil-alman-sairlerinin-en-iyilerinden-biri-olarak-kabul-edilen-rainer-maria-rilke\/"},"wordCount":1244,"commentCount":0,"publisher":{"@id":"https:\/\/narteks.net\/#organization"},"image":{"@id":"https:\/\/narteks.net\/index.php\/2010\/01\/22\/20-yuzyil-alman-sairlerinin-en-iyilerinden-biri-olarak-kabul-edilen-rainer-maria-rilke\/#primaryimage"},"thumbnailUrl":"http:\/\/upload.wikimedia.org\/wikipedia\/commons\/0\/03\/Rainer_Maria_Rilke.jpg","articleSection":["\u015eair'e Dair"],"inLanguage":"tr","potentialAction":[{"@type":"CommentAction","name":"Comment","target":["https:\/\/narteks.net\/index.php\/2010\/01\/22\/20-yuzyil-alman-sairlerinin-en-iyilerinden-biri-olarak-kabul-edilen-rainer-maria-rilke\/#respond"]}]},{"@type":"WebPage","@id":"https:\/\/narteks.net\/index.php\/2010\/01\/22\/20-yuzyil-alman-sairlerinin-en-iyilerinden-biri-olarak-kabul-edilen-rainer-maria-rilke\/","url":"https:\/\/narteks.net\/index.php\/2010\/01\/22\/20-yuzyil-alman-sairlerinin-en-iyilerinden-biri-olarak-kabul-edilen-rainer-maria-rilke\/","name":"20. y\u00fczy\u0131l Alman \u015fairlerinin en iyilerinden biri olarak kabul edilen ; Rainer Maria Rilke - narteks.net","isPartOf":{"@id":"https:\/\/narteks.net\/#website"},"primaryImageOfPage":{"@id":"https:\/\/narteks.net\/index.php\/2010\/01\/22\/20-yuzyil-alman-sairlerinin-en-iyilerinden-biri-olarak-kabul-edilen-rainer-maria-rilke\/#primaryimage"},"image":{"@id":"https:\/\/narteks.net\/index.php\/2010\/01\/22\/20-yuzyil-alman-sairlerinin-en-iyilerinden-biri-olarak-kabul-edilen-rainer-maria-rilke\/#primaryimage"},"thumbnailUrl":"http:\/\/upload.wikimedia.org\/wikipedia\/commons\/0\/03\/Rainer_Maria_Rilke.jpg","datePublished":"2010-01-22T12:44:31+00:00","breadcrumb":{"@id":"https:\/\/narteks.net\/index.php\/2010\/01\/22\/20-yuzyil-alman-sairlerinin-en-iyilerinden-biri-olarak-kabul-edilen-rainer-maria-rilke\/#breadcrumb"},"inLanguage":"tr","potentialAction":[{"@type":"ReadAction","target":["https:\/\/narteks.net\/index.php\/2010\/01\/22\/20-yuzyil-alman-sairlerinin-en-iyilerinden-biri-olarak-kabul-edilen-rainer-maria-rilke\/"]}]},{"@type":"ImageObject","inLanguage":"tr","@id":"https:\/\/narteks.net\/index.php\/2010\/01\/22\/20-yuzyil-alman-sairlerinin-en-iyilerinden-biri-olarak-kabul-edilen-rainer-maria-rilke\/#primaryimage","url":"http:\/\/upload.wikimedia.org\/wikipedia\/commons\/0\/03\/Rainer_Maria_Rilke.jpg","contentUrl":"http:\/\/upload.wikimedia.org\/wikipedia\/commons\/0\/03\/Rainer_Maria_Rilke.jpg"},{"@type":"BreadcrumbList","@id":"https:\/\/narteks.net\/index.php\/2010\/01\/22\/20-yuzyil-alman-sairlerinin-en-iyilerinden-biri-olarak-kabul-edilen-rainer-maria-rilke\/#breadcrumb","itemListElement":[{"@type":"ListItem","position":1,"name":"Anasayfa","item":"https:\/\/narteks.net\/"},{"@type":"ListItem","position":2,"name":"20. y\u00fczy\u0131l Alman \u015fairlerinin en iyilerinden biri olarak kabul edilen ; Rainer Maria Rilke"}]},{"@type":"WebSite","@id":"https:\/\/narteks.net\/#website","url":"https:\/\/narteks.net\/","name":"narteks.net","description":"K\u00fclt\u00fcr Sanat Edebiyat Felsefe","publisher":{"@id":"https:\/\/narteks.net\/#organization"},"alternateName":"K\u00fclt\u00fcr Sanat Edebiyat Felsefe","potentialAction":[{"@type":"SearchAction","target":{"@type":"EntryPoint","urlTemplate":"https:\/\/narteks.net\/?s={search_term_string}"},"query-input":{"@type":"PropertyValueSpecification","valueRequired":true,"valueName":"search_term_string"}}],"inLanguage":"tr"},{"@type":"Organization","@id":"https:\/\/narteks.net\/#organization","name":"narteks.net","url":"https:\/\/narteks.net\/","logo":{"@type":"ImageObject","inLanguage":"tr","@id":"https:\/\/narteks.net\/#\/schema\/logo\/image\/","url":"https:\/\/narteks.net\/wp-content\/uploads\/narteks.png","contentUrl":"https:\/\/narteks.net\/wp-content\/uploads\/narteks.png","width":300,"height":90,"caption":"narteks.net"},"image":{"@id":"https:\/\/narteks.net\/#\/schema\/logo\/image\/"},"sameAs":["https:\/\/x.com\/narteks","https:\/\/instagram.com\/narteksnet"]},{"@type":"Person","@id":"https:\/\/narteks.net\/#\/schema\/person\/61f37d9834294b72d31d274e7ed79bca","name":"Tar\u0131k","image":{"@type":"ImageObject","inLanguage":"tr","@id":"https:\/\/narteks.net\/#\/schema\/person\/image\/","url":"https:\/\/secure.gravatar.com\/avatar\/50865afb55632c4ae467e0af0930f6510aa2297d8014be502a55b14f3b7550cf?s=96&d=mm&r=g","contentUrl":"https:\/\/secure.gravatar.com\/avatar\/50865afb55632c4ae467e0af0930f6510aa2297d8014be502a55b14f3b7550cf?s=96&d=mm&r=g","caption":"Tar\u0131k"},"sameAs":["http:\/\/narteks.net"],"url":"https:\/\/narteks.net\/index.php\/author\/narbak\/"}]}},"_links":{"self":[{"href":"https:\/\/narteks.net\/index.php\/wp-json\/wp\/v2\/posts\/4062","targetHints":{"allow":["GET"]}}],"collection":[{"href":"https:\/\/narteks.net\/index.php\/wp-json\/wp\/v2\/posts"}],"about":[{"href":"https:\/\/narteks.net\/index.php\/wp-json\/wp\/v2\/types\/post"}],"author":[{"embeddable":true,"href":"https:\/\/narteks.net\/index.php\/wp-json\/wp\/v2\/users\/1"}],"replies":[{"embeddable":true,"href":"https:\/\/narteks.net\/index.php\/wp-json\/wp\/v2\/comments?post=4062"}],"version-history":[{"count":0,"href":"https:\/\/narteks.net\/index.php\/wp-json\/wp\/v2\/posts\/4062\/revisions"}],"wp:attachment":[{"href":"https:\/\/narteks.net\/index.php\/wp-json\/wp\/v2\/media?parent=4062"}],"wp:term":[{"taxonomy":"category","embeddable":true,"href":"https:\/\/narteks.net\/index.php\/wp-json\/wp\/v2\/categories?post=4062"},{"taxonomy":"post_tag","embeddable":true,"href":"https:\/\/narteks.net\/index.php\/wp-json\/wp\/v2\/tags?post=4062"}],"curies":[{"name":"wp","href":"https:\/\/api.w.org\/{rel}","templated":true}]}}