{"id":4064,"date":"2010-01-23T12:51:29","date_gmt":"2010-01-23T09:51:29","guid":{"rendered":"http:\/\/localhost\/wordpress\/2010\/01\/23\/ve-cekip-gidecekse-bu-can-tenden-neden-boyle-sadik-bana-iskeletim-pablo-neruda\/"},"modified":"2010-01-23T12:51:29","modified_gmt":"2010-01-23T09:51:29","slug":"ve-cekip-gidecekse-bu-can-tenden-neden-boyle-sadik-bana-iskeletim-pablo-neruda","status":"publish","type":"post","link":"https:\/\/narteks.net\/index.php\/2010\/01\/23\/ve-cekip-gidecekse-bu-can-tenden-neden-boyle-sadik-bana-iskeletim-pablo-neruda\/","title":{"rendered":"Ve \u00e7ekip gidecekse bu can tenden, Neden b\u00f6yle sad\u0131k bana iskeletim | Pablo Neruda"},"content":{"rendered":"<p style=\"text-align: justify;\"><img loading=\"lazy\" decoding=\"async\" src=\"http:\/\/4.bp.blogspot.com\/_ApHkfwjRWC0\/S3QPLem07zI\/AAAAAAAABIg\/NT_QmaufFAY\/s400\/Pablo_Neruda.jpg\" border=\"0\" width=\"155\" height=\"205\" style=\"float: left; border: 0;\" \/>Ricardo Neftali Reyes ya da Pablo Neruda. 12 Temmuz 1904&#8217;te \u015eili&#8217;de do\u011fdu. 1917-20 y\u0131llar\u0131 aras\u0131nda ilk \u015fiirlerini yazmay\u0131 denedi. 1923&#8217;te babas\u0131n\u0131n arma\u011fan etti\u011fi saati ve elindeki \u00fc\u00e7 be\u015f par\u00e7a ev e\u015fyas\u0131n\u0131 satarak, bunlar\u0131n geliriyle ilk \u015fiir kitab\u0131 Crepusculario&#8217;yu (Ak\u015fam Alacas\u0131) \u00e7\u0131kartt\u0131. Neruda, ya\u015fam\u0131\u015f olan en b\u00fcy\u00fck d\u00fcnya ozanlar\u0131ndan birisidir. Onun a\u015fk \u015fiirleri d\u00fcnyan\u0131n neredeyse t\u00fcm \u00fclkelerinde okunmakta ve halen \u00e7evirileri yay\u0131mlanmaktad\u0131r.<\/p>\n<p style=\"text-align: justify;\">Yirmi A\u015fk \u015eiiri ve Umutsuz Bir \u015eark\u0131 adl\u0131 kitab\u0131 onun ad\u0131n\u0131 en \u00e7ok duyuran kitab\u0131d\u0131r ve daha 1961&#8217;de bu kitap Buenos Aires&#8217;teki Losada Yay\u0131nevi&#8217;nde milyonuncu bask\u0131y\u0131 yapm\u0131\u015ft\u0131r. Pablo Neruda uzun s\u00fcre Konsolosluk g\u00f6revi yapm\u0131\u015ft\u0131r. \u015eili&#8217;de \u00fcniversiteli gen\u00e7lerin devlet taraf\u0131ndan \u00f6ld\u00fcr\u00fclmesi \u00fczerine konsolosluktan istifa etmi\u015ftir.<\/p>\n<p style=\"text-align: justify;\">Nobel edebiyat \u00f6d\u00fcll\u00fc \u015fair, fa\u015fist Pinochet h\u00fck\u00fcmeti taraf\u0131ndan Santiago&#8217;daki evi ya\u011fmaland\u0131ktan sonra, 23 Eyl\u00fcl&#8217;de g\u00f6zalt\u0131na al\u0131nm\u0131\u015f, bir s\u00fcre sonra da \u00f6ld\u00fc\u011f\u00fc a\u00e7\u0131klanm\u0131\u015ft\u0131r&#8230;<\/p>\n<p> * * * <\/p>\n<p> Gen\u00e7 posta da\u011f\u0131t\u0131c\u0131s\u0131 kap\u0131s\u0131n\u0131 \u00e7ald\u0131\u011f\u0131 Pablo Neruda&#8217;ya hayranl\u0131kla bakarak, &#8221;Ah ben de ozan olmak isterdim&#8221; der&#8230; \u00dcnl\u00fc \u015fair mizah dolu bir kar\u015f\u0131l\u0131k verir: &#8221;Yavrucu\u011fum \u015eili&#8217;de herkes ozand\u0131r zaten. Postac\u0131l\u0131\u011f\u0131 s\u00fcrd\u00fcrmen daha ilgin\u00e7. Hi\u00e7 de\u011filse \u00e7ok yol y\u00fcr\u00fcr ve \u015fi\u015fmanlamazs\u0131n. \u015eili&#8217;deki t\u00fcm ozanlar davul gibi.&#8221;<br \/> Postac\u0131 ve \u015fair aras\u0131ndaki konu\u015fma \u015f\u00f6yle geli\u015fir:<br \/> &#8211; Demek istiyorum ki, ozan olsayd\u0131m s\u00f6ylemek istedi\u011fim her \u015feyi s\u00f6yleyebilirdim.<br \/> &#8211; Ne s\u00f6ylemek istiyorsun peki?<br \/> &#8211; \u0130\u015fte as\u0131l sorun bu ya. Ozan olmad\u0131\u011f\u0131m i\u00e7in s\u00f6yleyemiyorum.<br \/> Neruda, gen\u00e7 postac\u0131ya sahili izleyerek k\u00f6rfeze gitmesini ve yol boyunca denizi g\u00f6zlemleyerek metaforlar \u00fcretmesini \u00f6nerir. Metaforun ne demek oldu\u011funu soran postac\u0131ya \u00f6rnek olsun diye de, bir \u015fiirini okur:<\/p>\n<p> Burada, adada, ne \u00e7ok deniz<br \/> Her an kendinde do\u011fuyor.<br \/> Diyor ki, evet, diyor ki hay\u0131r, hay\u0131r<br \/> Evet diyor maviler i\u00e7inde,<br \/> K\u00f6p\u00fckler i\u00e7inde, h\u0131zl\u0131 h\u0131zl\u0131<br \/> Diyor ki hay\u0131r hay\u0131r<br \/> Sakin duram\u0131yor hi\u00e7bir zaman<br \/> S\u00fcrekli \u00e7arparak bir kayaya, ama ba\u015faramayarak onu inand\u0131rmaya<br \/> Benim ad\u0131m deniz diyor<br \/> B\u00f6ylece yedi ye\u015fil diliyle, yedi denizden ona do\u011fru ko\u015fuyor<br \/> Onu \u00f6p\u00fcc\u00fcklere bo\u011fuyor, \u0131slat\u0131yor<br \/> Ad\u0131n\u0131 yineleyerek g\u00f6\u011fs\u00fcn\u00fc d\u00f6v\u00fcyor.<\/p>\n<p>Dizelerden etkilenen postac\u0131n\u0131n, &#8221;Sizin s\u00f6zc\u00fcklerinizle sallanan bir gemi gibi duydum kendimi&#8221; s\u00f6z\u00fc \u00fczerine g\u00fcl\u00fcmser Neruda: &#8221;\u0130\u015fte bir metafor yapt\u0131n&#8230;&#8221;<br \/>Ve b\u00f6ylelikle g\u00fczel bir dostluk ba\u015flar, \u015eilili \u015fair Pablo Neruda ile postac\u0131 Mario Jimenez aras\u0131nda!..<br \/> Bir g\u00fcn, Mario, \u00e2\u015f\u0131k oldu\u011funu a\u00e7\u0131klar. Neruda, &#8221;A\u011f\u0131r hastal\u0131k say\u0131lmaz, \u00e7aresi var,&#8221; diyerek k\u0131z\u0131n ad\u0131n\u0131 sorar. Postac\u0131 \u00e2\u015f\u0131k oldu\u011fu k\u0131z\u0131n ad\u0131n\u0131 s\u00f6yleyince \u0130talyan \u015fair Dante&#8217;yi an\u0131msar Neruda: &#8221;Beatrice&#8230;&#8221; (Dante&#8217;nin b\u00fcy\u00fck a\u015fk\u0131n\u0131n ad\u0131 da Beatrice&#8217;dir, Beatrice Portineri.)<br \/> Postac\u0131 Mario, sevgilisini anlat\u0131rken Neruda&#8217;ya partisi taraf\u0131ndan \u015eili Cumhurba\u015fkanl\u0131\u011f\u0131&#8217;na aday g\u00f6sterildi\u011fi haberi gelir. Cumhurba\u015fkanl\u0131\u011f\u0131&#8217;na Allende se\u00e7ilince kazanmaya niyeti olmayan \u015fair memnunluk i\u00e7inde yeniden k\u00f6y\u00fcne d\u00f6ner. 1971 y\u0131l\u0131nda Nobel Edebiyat \u00d6d\u00fcl\u00fc&#8217;n\u00fc kazanan Neruda, daha sonra Paris&#8217;e b\u00fcy\u00fckel\u00e7i olarak g\u00f6nderilir. \u015eair ile postac\u0131 aras\u0131ndaki dostluk asla kopmaz. S\u00fcrekli olarak mektup yazan Neruda, postac\u0131 dostuna ses alma arac\u0131 g\u00f6ndererek \u015funlar\u0131 ister: &#8221;Denizi \u00f6zl\u00fcyorum. Ku\u015flar\u0131 \u00f6zl\u00fcyorum. Bana evimin seslerini g\u00f6nder. Bah\u00e7eye gir ve \u00e7anlar\u0131 \u00e7al. \u0130lk \u00f6nce r\u00fczg\u00e2r\u0131n hareketiyle sallanan k\u00fc\u00e7\u00fck \u00e7anlar\u0131n ince seslerini kaydet, sonra b\u00fcy\u00fck \u00e7an\u0131n ipini be\u015f alt\u0131 kez \u00e7ek. Kayal\u0131klarda y\u00fcr\u00fc Mario, dalgalar\u0131n patlay\u0131\u015f\u0131n\u0131 kaydet.&#8221;<br \/> Mario Jimenez \u015fair dostunun &#8221;metafor&#8221;a ihtiya\u00e7 duydu\u011funu \u00e7ok iyi anlayarak iste\u011fini yerine getirir!..<br \/> Pablo Neruda evine d\u00f6nd\u00fc\u011f\u00fcnde olduk\u00e7a hastad\u0131r. Ama, k\u0131sa bir s\u00fcre sonra \u00e7ok sevdi\u011fi \u00fclkesinde b\u00fcy\u00fck bir d\u00fc\u015f k\u0131r\u0131kl\u0131\u011f\u0131 ya\u015far: \u015eili&#8217;de fa\u015fistler y\u00f6netimi ele ge\u00e7irirler&#8230; Dikta rejiminin askerleri \u015fairin evini abluka alt\u0131na al\u0131rlar. \u0130stedikleri, zaten hasta olan devrimci \u015fairin bir an \u00f6nce \u00f6lmesidir.<br \/> Ama, Mario, \u015fairin kap\u0131s\u0131n\u0131 \u00e7almay\u0131 ba\u015far\u0131r. Neruda, y\u0131llar \u00f6nce kendisine \u015fair olmak istedi\u011fini s\u00f6yleyen postac\u0131 dostunu g\u00f6r\u00fcnce tutamaz g\u00f6zya\u015flar\u0131n\u0131&#8230; Beatrice ile evlenmi\u015f, bir de o\u011flan babas\u0131 olmu\u015ftur Mario&#8230; Neruda hasta yata\u011f\u0131ndan kalk\u0131p pencereden denizi g\u00f6rmek ister ama Mario, &#8221;Serin bir r\u00fczg\u00e2r esiyor&#8230;&#8221; diyerek kar\u015f\u0131 \u00e7\u0131kar. Neruda&#8217;n\u0131n yan\u0131t\u0131 muhte\u015femdir: &#8221;Ne gizlemek istiyorsun benden? Belki de pencereyi a\u00e7t\u0131\u011f\u0131mda deniz art\u0131k orada, a\u015fa\u011f\u0131da olmayacak? Onu da m\u0131 g\u00f6t\u00fcrd\u00fcler?&#8221;<br \/> Fa\u015fistlerin \u015faire ula\u015fmas\u0131n\u0131 yasaklad\u0131klar\u0131 telgraflar\u0131 ezberleyen Mario, hepsini birer birer okur!.. Son anlar\u0131nda hastaneye kald\u0131r\u0131lan Neruda&#8217;n\u0131n \u015eili&#8217;deki t\u00fcm ozanlar\u0131nkine benzeyen &#8221;davul gibi&#8221; bedenini \u00e7\u00fcr\u00fcmeye yolculayanlar aras\u0131nda sad\u0131k dostu Mario Jimenez de vard\u0131r&#8230; B\u00f6ylelikle \u015fairin iki dizesi ger\u00e7ek olur.<\/p>\n<p> Ve \u00e7ekip gidecekse bu can tenden<br \/> Neden b\u00f6yle sad\u0131k bana iskeletim?<\/p>\n<p> Sunay Ak\u0131n<\/p>\n<p style=\"text-align: justify;\"><strong>Pablo Neruda \u015fiirlerini sitemizde bulabilirsiniz&#8230;<\/strong><\/p>\n","protected":false},"excerpt":{"rendered":"<p>Ricardo Neftali Reyes ya da Pablo Neruda. 12 Temmuz 1904&#8217;te \u015eili&#8217;de do\u011fdu. 1917-20 y\u0131llar\u0131 aras\u0131nda ilk \u015fiirlerini yazmay\u0131 denedi. 1923&#8217;te babas\u0131n\u0131n arma\u011fan etti\u011fi saati ve elindeki \u00fc\u00e7 be\u015f par\u00e7a ev e\u015fyas\u0131n\u0131 satarak, bunlar\u0131n geliriyle ilk \u015fiir kitab\u0131 Crepusculario&#8217;yu (Ak\u015fam Alacas\u0131) \u00e7\u0131kartt\u0131. Neruda, ya\u015fam\u0131\u015f olan en b\u00fcy\u00fck d\u00fcnya ozanlar\u0131ndan birisidir. Onun a\u015fk \u015fiirleri d\u00fcnyan\u0131n neredeyse t\u00fcm [&hellip;]<\/p>\n","protected":false},"author":1,"featured_media":0,"comment_status":"open","ping_status":"open","sticky":false,"template":"","format":"standard","meta":{"footnotes":""},"categories":[122],"tags":[],"class_list":{"0":"post-4064","1":"post","2":"type-post","3":"status-publish","4":"format-standard","6":"category-sair-e-dair"},"yoast_head":"<!-- This site is optimized with the Yoast SEO Premium plugin v24.9 (Yoast SEO v24.9) - https:\/\/yoast.com\/wordpress\/plugins\/seo\/ -->\n<title>Ve \u00e7ekip gidecekse bu can tenden, Neden b\u00f6yle sad\u0131k bana iskeletim | Pablo Neruda - narteks.net<\/title>\n<meta name=\"robots\" content=\"index, follow, max-snippet:-1, max-image-preview:large, max-video-preview:-1\" \/>\n<link rel=\"canonical\" href=\"https:\/\/narteks.net\/index.php\/2010\/01\/23\/ve-cekip-gidecekse-bu-can-tenden-neden-boyle-sadik-bana-iskeletim-pablo-neruda\/\" \/>\n<meta property=\"og:locale\" content=\"tr_TR\" \/>\n<meta property=\"og:type\" content=\"article\" \/>\n<meta property=\"og:title\" content=\"Ve \u00e7ekip gidecekse bu can tenden, Neden b\u00f6yle sad\u0131k bana iskeletim | Pablo Neruda\" \/>\n<meta property=\"og:description\" content=\"Ricardo Neftali Reyes ya da Pablo Neruda. 12 Temmuz 1904&#8217;te \u015eili&#8217;de do\u011fdu. 1917-20 y\u0131llar\u0131 aras\u0131nda ilk \u015fiirlerini yazmay\u0131 denedi. 1923&#8217;te babas\u0131n\u0131n arma\u011fan etti\u011fi saati ve elindeki \u00fc\u00e7 be\u015f par\u00e7a ev e\u015fyas\u0131n\u0131 satarak, bunlar\u0131n geliriyle ilk \u015fiir kitab\u0131 Crepusculario&#8217;yu (Ak\u015fam Alacas\u0131) \u00e7\u0131kartt\u0131. Neruda, ya\u015fam\u0131\u015f olan en b\u00fcy\u00fck d\u00fcnya ozanlar\u0131ndan birisidir. Onun a\u015fk \u015fiirleri d\u00fcnyan\u0131n neredeyse t\u00fcm [&hellip;]\" \/>\n<meta property=\"og:url\" content=\"https:\/\/narteks.net\/index.php\/2010\/01\/23\/ve-cekip-gidecekse-bu-can-tenden-neden-boyle-sadik-bana-iskeletim-pablo-neruda\/\" \/>\n<meta property=\"og:site_name\" content=\"narteks.net\" \/>\n<meta property=\"article:published_time\" content=\"2010-01-23T09:51:29+00:00\" \/>\n<meta property=\"og:image\" content=\"http:\/\/4.bp.blogspot.com\/_ApHkfwjRWC0\/S3QPLem07zI\/AAAAAAAABIg\/NT_QmaufFAY\/s400\/Pablo_Neruda.jpg\" \/>\n<meta name=\"author\" content=\"Tar\u0131k\" \/>\n<meta name=\"twitter:card\" content=\"summary_large_image\" \/>\n<meta name=\"twitter:creator\" content=\"@narteks\" \/>\n<meta name=\"twitter:site\" content=\"@narteks\" \/>\n<meta name=\"twitter:label1\" content=\"Yazan:\" \/>\n\t<meta name=\"twitter:data1\" content=\"Tar\u0131k\" \/>\n\t<meta name=\"twitter:label2\" content=\"Tahmini okuma s\u00fcresi\" \/>\n\t<meta name=\"twitter:data2\" content=\"4 dakika\" \/>\n<script type=\"application\/ld+json\" class=\"yoast-schema-graph\">{\"@context\":\"https:\/\/schema.org\",\"@graph\":[{\"@type\":\"Article\",\"@id\":\"https:\/\/narteks.net\/index.php\/2010\/01\/23\/ve-cekip-gidecekse-bu-can-tenden-neden-boyle-sadik-bana-iskeletim-pablo-neruda\/#article\",\"isPartOf\":{\"@id\":\"https:\/\/narteks.net\/index.php\/2010\/01\/23\/ve-cekip-gidecekse-bu-can-tenden-neden-boyle-sadik-bana-iskeletim-pablo-neruda\/\"},\"author\":{\"name\":\"Tar\u0131k\",\"@id\":\"https:\/\/narteks.net\/#\/schema\/person\/61f37d9834294b72d31d274e7ed79bca\"},\"headline\":\"Ve \u00e7ekip gidecekse bu can tenden, Neden b\u00f6yle sad\u0131k bana iskeletim | Pablo Neruda\",\"datePublished\":\"2010-01-23T09:51:29+00:00\",\"mainEntityOfPage\":{\"@id\":\"https:\/\/narteks.net\/index.php\/2010\/01\/23\/ve-cekip-gidecekse-bu-can-tenden-neden-boyle-sadik-bana-iskeletim-pablo-neruda\/\"},\"wordCount\":914,\"commentCount\":0,\"publisher\":{\"@id\":\"https:\/\/narteks.net\/#organization\"},\"image\":{\"@id\":\"https:\/\/narteks.net\/index.php\/2010\/01\/23\/ve-cekip-gidecekse-bu-can-tenden-neden-boyle-sadik-bana-iskeletim-pablo-neruda\/#primaryimage\"},\"thumbnailUrl\":\"http:\/\/4.bp.blogspot.com\/_ApHkfwjRWC0\/S3QPLem07zI\/AAAAAAAABIg\/NT_QmaufFAY\/s400\/Pablo_Neruda.jpg\",\"articleSection\":[\"\u015eair'e Dair\"],\"inLanguage\":\"tr\",\"potentialAction\":[{\"@type\":\"CommentAction\",\"name\":\"Comment\",\"target\":[\"https:\/\/narteks.net\/index.php\/2010\/01\/23\/ve-cekip-gidecekse-bu-can-tenden-neden-boyle-sadik-bana-iskeletim-pablo-neruda\/#respond\"]}]},{\"@type\":\"WebPage\",\"@id\":\"https:\/\/narteks.net\/index.php\/2010\/01\/23\/ve-cekip-gidecekse-bu-can-tenden-neden-boyle-sadik-bana-iskeletim-pablo-neruda\/\",\"url\":\"https:\/\/narteks.net\/index.php\/2010\/01\/23\/ve-cekip-gidecekse-bu-can-tenden-neden-boyle-sadik-bana-iskeletim-pablo-neruda\/\",\"name\":\"Ve \u00e7ekip gidecekse bu can tenden, Neden b\u00f6yle sad\u0131k bana iskeletim | Pablo Neruda - narteks.net\",\"isPartOf\":{\"@id\":\"https:\/\/narteks.net\/#website\"},\"primaryImageOfPage\":{\"@id\":\"https:\/\/narteks.net\/index.php\/2010\/01\/23\/ve-cekip-gidecekse-bu-can-tenden-neden-boyle-sadik-bana-iskeletim-pablo-neruda\/#primaryimage\"},\"image\":{\"@id\":\"https:\/\/narteks.net\/index.php\/2010\/01\/23\/ve-cekip-gidecekse-bu-can-tenden-neden-boyle-sadik-bana-iskeletim-pablo-neruda\/#primaryimage\"},\"thumbnailUrl\":\"http:\/\/4.bp.blogspot.com\/_ApHkfwjRWC0\/S3QPLem07zI\/AAAAAAAABIg\/NT_QmaufFAY\/s400\/Pablo_Neruda.jpg\",\"datePublished\":\"2010-01-23T09:51:29+00:00\",\"breadcrumb\":{\"@id\":\"https:\/\/narteks.net\/index.php\/2010\/01\/23\/ve-cekip-gidecekse-bu-can-tenden-neden-boyle-sadik-bana-iskeletim-pablo-neruda\/#breadcrumb\"},\"inLanguage\":\"tr\",\"potentialAction\":[{\"@type\":\"ReadAction\",\"target\":[\"https:\/\/narteks.net\/index.php\/2010\/01\/23\/ve-cekip-gidecekse-bu-can-tenden-neden-boyle-sadik-bana-iskeletim-pablo-neruda\/\"]}]},{\"@type\":\"ImageObject\",\"inLanguage\":\"tr\",\"@id\":\"https:\/\/narteks.net\/index.php\/2010\/01\/23\/ve-cekip-gidecekse-bu-can-tenden-neden-boyle-sadik-bana-iskeletim-pablo-neruda\/#primaryimage\",\"url\":\"http:\/\/4.bp.blogspot.com\/_ApHkfwjRWC0\/S3QPLem07zI\/AAAAAAAABIg\/NT_QmaufFAY\/s400\/Pablo_Neruda.jpg\",\"contentUrl\":\"http:\/\/4.bp.blogspot.com\/_ApHkfwjRWC0\/S3QPLem07zI\/AAAAAAAABIg\/NT_QmaufFAY\/s400\/Pablo_Neruda.jpg\"},{\"@type\":\"BreadcrumbList\",\"@id\":\"https:\/\/narteks.net\/index.php\/2010\/01\/23\/ve-cekip-gidecekse-bu-can-tenden-neden-boyle-sadik-bana-iskeletim-pablo-neruda\/#breadcrumb\",\"itemListElement\":[{\"@type\":\"ListItem\",\"position\":1,\"name\":\"Anasayfa\",\"item\":\"https:\/\/narteks.net\/\"},{\"@type\":\"ListItem\",\"position\":2,\"name\":\"Ve \u00e7ekip gidecekse bu can tenden, Neden b\u00f6yle sad\u0131k bana iskeletim | Pablo Neruda\"}]},{\"@type\":\"WebSite\",\"@id\":\"https:\/\/narteks.net\/#website\",\"url\":\"https:\/\/narteks.net\/\",\"name\":\"narteks.net\",\"description\":\"K\u00fclt\u00fcr Sanat Edebiyat Felsefe\",\"publisher\":{\"@id\":\"https:\/\/narteks.net\/#organization\"},\"alternateName\":\"K\u00fclt\u00fcr Sanat Edebiyat Felsefe\",\"potentialAction\":[{\"@type\":\"SearchAction\",\"target\":{\"@type\":\"EntryPoint\",\"urlTemplate\":\"https:\/\/narteks.net\/?s={search_term_string}\"},\"query-input\":{\"@type\":\"PropertyValueSpecification\",\"valueRequired\":true,\"valueName\":\"search_term_string\"}}],\"inLanguage\":\"tr\"},{\"@type\":\"Organization\",\"@id\":\"https:\/\/narteks.net\/#organization\",\"name\":\"narteks.net\",\"url\":\"https:\/\/narteks.net\/\",\"logo\":{\"@type\":\"ImageObject\",\"inLanguage\":\"tr\",\"@id\":\"https:\/\/narteks.net\/#\/schema\/logo\/image\/\",\"url\":\"https:\/\/narteks.net\/wp-content\/uploads\/narteks.png\",\"contentUrl\":\"https:\/\/narteks.net\/wp-content\/uploads\/narteks.png\",\"width\":300,\"height\":90,\"caption\":\"narteks.net\"},\"image\":{\"@id\":\"https:\/\/narteks.net\/#\/schema\/logo\/image\/\"},\"sameAs\":[\"https:\/\/x.com\/narteks\",\"https:\/\/instagram.com\/narteksnet\"]},{\"@type\":\"Person\",\"@id\":\"https:\/\/narteks.net\/#\/schema\/person\/61f37d9834294b72d31d274e7ed79bca\",\"name\":\"Tar\u0131k\",\"image\":{\"@type\":\"ImageObject\",\"inLanguage\":\"tr\",\"@id\":\"https:\/\/narteks.net\/#\/schema\/person\/image\/\",\"url\":\"https:\/\/secure.gravatar.com\/avatar\/50865afb55632c4ae467e0af0930f6510aa2297d8014be502a55b14f3b7550cf?s=96&d=mm&r=g\",\"contentUrl\":\"https:\/\/secure.gravatar.com\/avatar\/50865afb55632c4ae467e0af0930f6510aa2297d8014be502a55b14f3b7550cf?s=96&d=mm&r=g\",\"caption\":\"Tar\u0131k\"},\"sameAs\":[\"http:\/\/narteks.net\"],\"url\":\"https:\/\/narteks.net\/index.php\/author\/narbak\/\"}]}<\/script>\n<!-- \/ Yoast SEO Premium plugin. -->","yoast_head_json":{"title":"Ve \u00e7ekip gidecekse bu can tenden, Neden b\u00f6yle sad\u0131k bana iskeletim | Pablo Neruda - narteks.net","robots":{"index":"index","follow":"follow","max-snippet":"max-snippet:-1","max-image-preview":"max-image-preview:large","max-video-preview":"max-video-preview:-1"},"canonical":"https:\/\/narteks.net\/index.php\/2010\/01\/23\/ve-cekip-gidecekse-bu-can-tenden-neden-boyle-sadik-bana-iskeletim-pablo-neruda\/","og_locale":"tr_TR","og_type":"article","og_title":"Ve \u00e7ekip gidecekse bu can tenden, Neden b\u00f6yle sad\u0131k bana iskeletim | Pablo Neruda","og_description":"Ricardo Neftali Reyes ya da Pablo Neruda. 12 Temmuz 1904&#8217;te \u015eili&#8217;de do\u011fdu. 1917-20 y\u0131llar\u0131 aras\u0131nda ilk \u015fiirlerini yazmay\u0131 denedi. 1923&#8217;te babas\u0131n\u0131n arma\u011fan etti\u011fi saati ve elindeki \u00fc\u00e7 be\u015f par\u00e7a ev e\u015fyas\u0131n\u0131 satarak, bunlar\u0131n geliriyle ilk \u015fiir kitab\u0131 Crepusculario&#8217;yu (Ak\u015fam Alacas\u0131) \u00e7\u0131kartt\u0131. Neruda, ya\u015fam\u0131\u015f olan en b\u00fcy\u00fck d\u00fcnya ozanlar\u0131ndan birisidir. Onun a\u015fk \u015fiirleri d\u00fcnyan\u0131n neredeyse t\u00fcm [&hellip;]","og_url":"https:\/\/narteks.net\/index.php\/2010\/01\/23\/ve-cekip-gidecekse-bu-can-tenden-neden-boyle-sadik-bana-iskeletim-pablo-neruda\/","og_site_name":"narteks.net","article_published_time":"2010-01-23T09:51:29+00:00","og_image":[{"url":"http:\/\/4.bp.blogspot.com\/_ApHkfwjRWC0\/S3QPLem07zI\/AAAAAAAABIg\/NT_QmaufFAY\/s400\/Pablo_Neruda.jpg","type":"","width":"","height":""}],"author":"Tar\u0131k","twitter_card":"summary_large_image","twitter_creator":"@narteks","twitter_site":"@narteks","twitter_misc":{"Yazan:":"Tar\u0131k","Tahmini okuma s\u00fcresi":"4 dakika"},"schema":{"@context":"https:\/\/schema.org","@graph":[{"@type":"Article","@id":"https:\/\/narteks.net\/index.php\/2010\/01\/23\/ve-cekip-gidecekse-bu-can-tenden-neden-boyle-sadik-bana-iskeletim-pablo-neruda\/#article","isPartOf":{"@id":"https:\/\/narteks.net\/index.php\/2010\/01\/23\/ve-cekip-gidecekse-bu-can-tenden-neden-boyle-sadik-bana-iskeletim-pablo-neruda\/"},"author":{"name":"Tar\u0131k","@id":"https:\/\/narteks.net\/#\/schema\/person\/61f37d9834294b72d31d274e7ed79bca"},"headline":"Ve \u00e7ekip gidecekse bu can tenden, Neden b\u00f6yle sad\u0131k bana iskeletim | Pablo Neruda","datePublished":"2010-01-23T09:51:29+00:00","mainEntityOfPage":{"@id":"https:\/\/narteks.net\/index.php\/2010\/01\/23\/ve-cekip-gidecekse-bu-can-tenden-neden-boyle-sadik-bana-iskeletim-pablo-neruda\/"},"wordCount":914,"commentCount":0,"publisher":{"@id":"https:\/\/narteks.net\/#organization"},"image":{"@id":"https:\/\/narteks.net\/index.php\/2010\/01\/23\/ve-cekip-gidecekse-bu-can-tenden-neden-boyle-sadik-bana-iskeletim-pablo-neruda\/#primaryimage"},"thumbnailUrl":"http:\/\/4.bp.blogspot.com\/_ApHkfwjRWC0\/S3QPLem07zI\/AAAAAAAABIg\/NT_QmaufFAY\/s400\/Pablo_Neruda.jpg","articleSection":["\u015eair'e Dair"],"inLanguage":"tr","potentialAction":[{"@type":"CommentAction","name":"Comment","target":["https:\/\/narteks.net\/index.php\/2010\/01\/23\/ve-cekip-gidecekse-bu-can-tenden-neden-boyle-sadik-bana-iskeletim-pablo-neruda\/#respond"]}]},{"@type":"WebPage","@id":"https:\/\/narteks.net\/index.php\/2010\/01\/23\/ve-cekip-gidecekse-bu-can-tenden-neden-boyle-sadik-bana-iskeletim-pablo-neruda\/","url":"https:\/\/narteks.net\/index.php\/2010\/01\/23\/ve-cekip-gidecekse-bu-can-tenden-neden-boyle-sadik-bana-iskeletim-pablo-neruda\/","name":"Ve \u00e7ekip gidecekse bu can tenden, Neden b\u00f6yle sad\u0131k bana iskeletim | Pablo Neruda - narteks.net","isPartOf":{"@id":"https:\/\/narteks.net\/#website"},"primaryImageOfPage":{"@id":"https:\/\/narteks.net\/index.php\/2010\/01\/23\/ve-cekip-gidecekse-bu-can-tenden-neden-boyle-sadik-bana-iskeletim-pablo-neruda\/#primaryimage"},"image":{"@id":"https:\/\/narteks.net\/index.php\/2010\/01\/23\/ve-cekip-gidecekse-bu-can-tenden-neden-boyle-sadik-bana-iskeletim-pablo-neruda\/#primaryimage"},"thumbnailUrl":"http:\/\/4.bp.blogspot.com\/_ApHkfwjRWC0\/S3QPLem07zI\/AAAAAAAABIg\/NT_QmaufFAY\/s400\/Pablo_Neruda.jpg","datePublished":"2010-01-23T09:51:29+00:00","breadcrumb":{"@id":"https:\/\/narteks.net\/index.php\/2010\/01\/23\/ve-cekip-gidecekse-bu-can-tenden-neden-boyle-sadik-bana-iskeletim-pablo-neruda\/#breadcrumb"},"inLanguage":"tr","potentialAction":[{"@type":"ReadAction","target":["https:\/\/narteks.net\/index.php\/2010\/01\/23\/ve-cekip-gidecekse-bu-can-tenden-neden-boyle-sadik-bana-iskeletim-pablo-neruda\/"]}]},{"@type":"ImageObject","inLanguage":"tr","@id":"https:\/\/narteks.net\/index.php\/2010\/01\/23\/ve-cekip-gidecekse-bu-can-tenden-neden-boyle-sadik-bana-iskeletim-pablo-neruda\/#primaryimage","url":"http:\/\/4.bp.blogspot.com\/_ApHkfwjRWC0\/S3QPLem07zI\/AAAAAAAABIg\/NT_QmaufFAY\/s400\/Pablo_Neruda.jpg","contentUrl":"http:\/\/4.bp.blogspot.com\/_ApHkfwjRWC0\/S3QPLem07zI\/AAAAAAAABIg\/NT_QmaufFAY\/s400\/Pablo_Neruda.jpg"},{"@type":"BreadcrumbList","@id":"https:\/\/narteks.net\/index.php\/2010\/01\/23\/ve-cekip-gidecekse-bu-can-tenden-neden-boyle-sadik-bana-iskeletim-pablo-neruda\/#breadcrumb","itemListElement":[{"@type":"ListItem","position":1,"name":"Anasayfa","item":"https:\/\/narteks.net\/"},{"@type":"ListItem","position":2,"name":"Ve \u00e7ekip gidecekse bu can tenden, Neden b\u00f6yle sad\u0131k bana iskeletim | Pablo Neruda"}]},{"@type":"WebSite","@id":"https:\/\/narteks.net\/#website","url":"https:\/\/narteks.net\/","name":"narteks.net","description":"K\u00fclt\u00fcr Sanat Edebiyat Felsefe","publisher":{"@id":"https:\/\/narteks.net\/#organization"},"alternateName":"K\u00fclt\u00fcr Sanat Edebiyat Felsefe","potentialAction":[{"@type":"SearchAction","target":{"@type":"EntryPoint","urlTemplate":"https:\/\/narteks.net\/?s={search_term_string}"},"query-input":{"@type":"PropertyValueSpecification","valueRequired":true,"valueName":"search_term_string"}}],"inLanguage":"tr"},{"@type":"Organization","@id":"https:\/\/narteks.net\/#organization","name":"narteks.net","url":"https:\/\/narteks.net\/","logo":{"@type":"ImageObject","inLanguage":"tr","@id":"https:\/\/narteks.net\/#\/schema\/logo\/image\/","url":"https:\/\/narteks.net\/wp-content\/uploads\/narteks.png","contentUrl":"https:\/\/narteks.net\/wp-content\/uploads\/narteks.png","width":300,"height":90,"caption":"narteks.net"},"image":{"@id":"https:\/\/narteks.net\/#\/schema\/logo\/image\/"},"sameAs":["https:\/\/x.com\/narteks","https:\/\/instagram.com\/narteksnet"]},{"@type":"Person","@id":"https:\/\/narteks.net\/#\/schema\/person\/61f37d9834294b72d31d274e7ed79bca","name":"Tar\u0131k","image":{"@type":"ImageObject","inLanguage":"tr","@id":"https:\/\/narteks.net\/#\/schema\/person\/image\/","url":"https:\/\/secure.gravatar.com\/avatar\/50865afb55632c4ae467e0af0930f6510aa2297d8014be502a55b14f3b7550cf?s=96&d=mm&r=g","contentUrl":"https:\/\/secure.gravatar.com\/avatar\/50865afb55632c4ae467e0af0930f6510aa2297d8014be502a55b14f3b7550cf?s=96&d=mm&r=g","caption":"Tar\u0131k"},"sameAs":["http:\/\/narteks.net"],"url":"https:\/\/narteks.net\/index.php\/author\/narbak\/"}]}},"_links":{"self":[{"href":"https:\/\/narteks.net\/index.php\/wp-json\/wp\/v2\/posts\/4064","targetHints":{"allow":["GET"]}}],"collection":[{"href":"https:\/\/narteks.net\/index.php\/wp-json\/wp\/v2\/posts"}],"about":[{"href":"https:\/\/narteks.net\/index.php\/wp-json\/wp\/v2\/types\/post"}],"author":[{"embeddable":true,"href":"https:\/\/narteks.net\/index.php\/wp-json\/wp\/v2\/users\/1"}],"replies":[{"embeddable":true,"href":"https:\/\/narteks.net\/index.php\/wp-json\/wp\/v2\/comments?post=4064"}],"version-history":[{"count":0,"href":"https:\/\/narteks.net\/index.php\/wp-json\/wp\/v2\/posts\/4064\/revisions"}],"wp:attachment":[{"href":"https:\/\/narteks.net\/index.php\/wp-json\/wp\/v2\/media?parent=4064"}],"wp:term":[{"taxonomy":"category","embeddable":true,"href":"https:\/\/narteks.net\/index.php\/wp-json\/wp\/v2\/categories?post=4064"},{"taxonomy":"post_tag","embeddable":true,"href":"https:\/\/narteks.net\/index.php\/wp-json\/wp\/v2\/tags?post=4064"}],"curies":[{"name":"wp","href":"https:\/\/api.w.org\/{rel}","templated":true}]}}