{"id":4065,"date":"2010-01-23T14:58:53","date_gmt":"2010-01-23T11:58:53","guid":{"rendered":"http:\/\/localhost\/wordpress\/2010\/01\/23\/buraya-senden-baska-hic-kimse-kabul-edilemezdi-mahkeme-franz-kafka\/"},"modified":"2010-01-23T14:58:53","modified_gmt":"2010-01-23T11:58:53","slug":"buraya-senden-baska-hic-kimse-kabul-edilemezdi-mahkeme-franz-kafka","status":"publish","type":"post","link":"https:\/\/narteks.net\/index.php\/2010\/01\/23\/buraya-senden-baska-hic-kimse-kabul-edilemezdi-mahkeme-franz-kafka\/","title":{"rendered":"Buraya senden ba\u015fka hi\u00e7 kimse kabul edilemezdi | Mahkeme &#8211; Franz Kafka"},"content":{"rendered":"<p><strong><img loading=\"lazy\" decoding=\"async\" src=\"images\/stories\/kafka_2.jpg\" border=\"0\" width=\"155\" height=\"205\" style=\"float: left;\" \/><\/strong><\/p>\n<p>\u00a0<\/p>\n<p style=\"text-align: justify;\">Mahkemenin \u00f6n\u00fcnde bir g\u00f6revli durur. Bu g\u00f6revliye, \u00fclkeden bir adam gelir ve ona mahkeme \u00f6n\u00fcne \u00e7\u0131k\u0131p \u00e7\u0131kamayaca\u011f\u0131n\u0131 sorar. Ama g\u00f6revli, o anda kendisini kabul edemeyece\u011fini s\u00f6yler. Adam bir an d\u00fc\u015f\u00fcn\u00fcr ve bunun daha sonradan kabul edilebilece\u011fi anlam\u0131na m\u0131 geldi\u011fini sorar. \u201cOlabilir,\u201d der g\u00f6revli, \u201cama \u015fu anda de\u011fil\u201d.<\/p>\n<p style=\"text-align: justify;\">Mahkemelere giden kap\u0131 , her zamanki gibi a\u00e7\u0131k oldu\u011fundan ve g\u00f6revli kenara \u00e7ekildi\u011finden, adam kap\u0131dan i\u00e7eriye bakmak i\u00e7in e\u011filir. G\u00f6revli bunu g\u00f6rd\u00fc\u011f\u00fcnde g\u00fcler ve \u015f\u00f6yle der: \u201cE\u011fer bu kadar \u00e7ok istiyorsan, benim yasaklamama ra\u011fmen girmeye \u00e7al\u0131\u015f. Ama dikkat et: Ben g\u00fc\u00e7l\u00fcy\u00fcm. Ve ben, sadece en ba\u015ftaki g\u00f6revliyim. Bir holden di\u011ferlerine ge\u00e7i\u015fte, ba\u015fka g\u00f6revliler kar\u015f\u0131na \u00e7\u0131kacak. Hepsi de bir \u00f6ncekinden daha g\u00fc\u00e7l\u00fc olacak. \u00dc\u00e7\u00fcnc\u00fcn\u00fcn sadece g\u00f6r\u00fcn\u00fc\u015f\u00fc bile, benim kald\u0131rabilece\u011fimden fazla.\u201d \u00dclkeden gelen adam bu kadar zorlukla kar\u015f\u0131la\u015fmay\u0131 beklemiyordur. O, mahkemelerin herkese, her an a\u00e7\u0131k oldu\u011funu zannetmi\u015ftir; ama \u015fimdi kal\u0131n paltosu i\u00e7indeki g\u00f6revliye, b\u00fcy\u00fck , sivri burnuna, uzun, siyah sakal\u0131na daha yak\u0131ndan bak\u0131nca, giri\u015f izni alana kadar beklemenin daha iyi oldu\u011funa karar verir.<br \/>G\u00f6revli ona bir tabure uzat\u0131r, ve kap\u0131n\u0131n yan\u0131nda oturmas\u0131na izin verir. Adam , orada g\u00fcnler ve y\u0131llar boyunca oturur. \u0130\u00e7eriye kabul edilmek i\u00e7in bir \u00e7ok giri\u015fimde bulunur ve g\u00f6revliyi yalvar\u0131\u015flar\u0131yla yorar.<\/p>\n<p>G\u00f6revli, s\u0131kl\u0131kla onu, k\u00fc\u00e7\u00fck sorgulamalara tabi tutar, evi ve ba\u015fka konular hakk\u0131nda sorular sorar; ama bunlar hep, r\u00fctbe sahibi ki\u015filerin sorduklar\u0131 gibi, ki\u015fisel olmayan sorulard\u0131r. Bu sorgulamalar, her seferinde g\u00f6revlinin, i\u00e7eriye hen\u00fcz al\u0131namayaca\u011f\u0131n\u0131 belirtmesiyle sona erer.Yolculu\u011fu i\u00e7in kendini iyi donatm\u0131\u015f adam, sahip oldu\u011fu her \u015feyi, ne kadar de\u011ferli olursa olsun, g\u00f6revliye r\u00fc\u015fvet vermek i\u00e7in kullan\u0131r. G\u00f6revli, verilen her \u015feyi kabul eder ama bunu yaparken de, \u201cBunlar\u0131 sadece, denemedi\u011fin bir yol kald\u0131\u011f\u0131n\u0131 d\u00fc\u015f\u00fcnmeyesin diye kabul ediyorum\u201d der. Uzun y\u0131llar boyunca, adam g\u00f6revliyi , neredeyse aral\u0131ks\u0131z bi\u00e7imde g\u00f6zlemler. Di\u011fer g\u00f6revlileri unutur ve bu ilk g\u00f6revliyi, mahkemelere kabul edilmesini engelleyen tek mani olarak g\u00f6rmeye ba\u015flar. \u0130lk y\u0131llarda, talihsizli\u011fine sert\u00e7e ve y\u00fcksek sesle lanet okur; daha sonra , ya\u015fland\u0131k\u00e7a sadece kendisi i\u00e7in \u015fikayet etmeye ba\u015flar.<\/p>\n<p>Giderek \u00e7ocuksula\u015f\u0131r ve g\u00f6revliyi uzun uzun inceledi\u011fi i\u00e7in, kal\u0131n k\u00fcrk paltosundaki pireleri bile ke\u015ffedip, bu pirelere bile, g\u00f6revlinin fikrini de\u011fi\u015ftirmesine yard\u0131m etmeleri i\u00e7in yalvar\u0131r. En sonunda g\u00f6zleri zay\u0131flamaya ba\u015flar . Etraf\u0131n ger\u00e7ekten karard\u0131\u011f\u0131na m\u0131 yoksa, g\u00f6zlerinin art\u0131k kendisini yan\u0131ltt\u0131\u011f\u0131na m\u0131 karar veremez. Ama o hala, ger\u00e7ekten de mahkeme kap\u0131s\u0131ndan, hi\u00e7 s\u00f6nmeyen bir \u0131\u015f\u0131\u011f\u0131n s\u0131zd\u0131\u011f\u0131n\u0131 anlayabiliyordur. \u015eimdi art\u0131k fazla \u00f6mr\u00fc kalmam\u0131\u015ft\u0131r. \u00d6l\u00fcm\u00fcnden \u00f6nce , uzun y\u0131llar\u0131n b\u00fct\u00fcn deneyimleri akl\u0131nda toplan\u0131r ve o zamana kadar g\u00f6revliye sormad\u0131\u011f\u0131 bir soru olu\u015fur kafas\u0131nda.<\/p>\n<p>Art\u0131k kat\u0131la\u015fm\u0131\u015f v\u00fccudunu hareket ettiremedi\u011fi i\u00e7in, g\u00f6revliyi eliyle \u00e7a\u011f\u0131r\u0131r. G\u00f6revlinin art\u0131k e\u011filmesi gerekir, \u00e7\u00fcnk\u00fc aralar\u0131ndaki boy fark\u0131, adam\u0131n aleyhine bir hayli a\u00e7\u0131lm\u0131\u015ft\u0131r. \u201cHala neyi bilmek istiyorsun?\u201d diye sorar g\u00f6revli, \u201csen doymak bilmiyorsun.\u201d \u201cTabii ki herkes mahkemeye ula\u015fmay\u0131 arzular\u201d der adam, \u201cama nas\u0131l oldu da, bunca y\u0131ld\u0131r, benden ba\u015fka kimse i\u00e7eriye girmek istemedi?.<\/p>\n<p>G\u00f6revli adam\u0131n art\u0131k son dakikalar\u0131n\u0131 ya\u015fad\u0131\u011f\u0131n\u0131 anlar ve zay\u0131flam\u0131\u015f kulaklar\u0131na sesini duyurmak i\u00e7in e\u011filip y\u00fcksek sesle konu\u015fur: \u201cBuraya senden ba\u015fka hi\u00e7 kimse kabul edilemezdi, \u00e7\u00fcnk\u00fc bu giri\u015f sadece senin i\u00e7in a\u00e7\u0131lm\u0131\u015ft\u0131. \u015eimdi buray\u0131 kapataca\u011f\u0131m\u201d.<\/p>\n<p>FranZ KafKa<\/p>\n<p>\u00a0<\/p>\n","protected":false},"excerpt":{"rendered":"<p>\u00a0 Mahkemenin \u00f6n\u00fcnde bir g\u00f6revli durur. Bu g\u00f6revliye, \u00fclkeden bir adam gelir ve ona mahkeme \u00f6n\u00fcne \u00e7\u0131k\u0131p \u00e7\u0131kamayaca\u011f\u0131n\u0131 sorar. Ama g\u00f6revli, o anda kendisini kabul edemeyece\u011fini s\u00f6yler. Adam bir an d\u00fc\u015f\u00fcn\u00fcr ve bunun daha sonradan kabul edilebilece\u011fi anlam\u0131na m\u0131 geldi\u011fini sorar. \u201cOlabilir,\u201d der g\u00f6revli, \u201cama \u015fu anda de\u011fil\u201d. Mahkemelere giden kap\u0131 , her zamanki gibi [&hellip;]<\/p>\n","protected":false},"author":1,"featured_media":0,"comment_status":"open","ping_status":"open","sticky":false,"template":"","format":"standard","meta":{"footnotes":""},"categories":[138],"tags":[],"class_list":{"0":"post-4065","1":"post","2":"type-post","3":"status-publish","4":"format-standard","6":"category-edebiyat-dunya"},"yoast_head":"<!-- This site is optimized with the Yoast SEO Premium plugin v24.9 (Yoast SEO v24.9) - https:\/\/yoast.com\/wordpress\/plugins\/seo\/ -->\n<title>Buraya senden ba\u015fka hi\u00e7 kimse kabul edilemezdi | Mahkeme - Franz Kafka - narteks.net<\/title>\n<meta name=\"robots\" content=\"index, follow, max-snippet:-1, max-image-preview:large, max-video-preview:-1\" \/>\n<link rel=\"canonical\" href=\"https:\/\/narteks.net\/index.php\/2010\/01\/23\/buraya-senden-baska-hic-kimse-kabul-edilemezdi-mahkeme-franz-kafka\/\" \/>\n<meta property=\"og:locale\" content=\"tr_TR\" \/>\n<meta property=\"og:type\" content=\"article\" \/>\n<meta property=\"og:title\" content=\"Buraya senden ba\u015fka hi\u00e7 kimse kabul edilemezdi | Mahkeme - Franz Kafka\" \/>\n<meta property=\"og:description\" content=\"\u00a0 Mahkemenin \u00f6n\u00fcnde bir g\u00f6revli durur. Bu g\u00f6revliye, \u00fclkeden bir adam gelir ve ona mahkeme \u00f6n\u00fcne \u00e7\u0131k\u0131p \u00e7\u0131kamayaca\u011f\u0131n\u0131 sorar. Ama g\u00f6revli, o anda kendisini kabul edemeyece\u011fini s\u00f6yler. Adam bir an d\u00fc\u015f\u00fcn\u00fcr ve bunun daha sonradan kabul edilebilece\u011fi anlam\u0131na m\u0131 geldi\u011fini sorar. \u201cOlabilir,\u201d der g\u00f6revli, \u201cama \u015fu anda de\u011fil\u201d. Mahkemelere giden kap\u0131 , her zamanki gibi [&hellip;]\" \/>\n<meta property=\"og:url\" content=\"https:\/\/narteks.net\/index.php\/2010\/01\/23\/buraya-senden-baska-hic-kimse-kabul-edilemezdi-mahkeme-franz-kafka\/\" \/>\n<meta property=\"og:site_name\" content=\"narteks.net\" \/>\n<meta property=\"article:published_time\" content=\"2010-01-23T11:58:53+00:00\" \/>\n<meta property=\"og:image\" content=\"https:\/\/narteks.net\/wp-content\/uploads\/narteks.png\" \/>\n\t<meta property=\"og:image:width\" content=\"300\" \/>\n\t<meta property=\"og:image:height\" content=\"90\" \/>\n\t<meta property=\"og:image:type\" content=\"image\/png\" \/>\n<meta name=\"author\" content=\"Tar\u0131k\" \/>\n<meta name=\"twitter:card\" content=\"summary_large_image\" \/>\n<meta name=\"twitter:creator\" content=\"@narteks\" \/>\n<meta name=\"twitter:site\" content=\"@narteks\" \/>\n<meta name=\"twitter:label1\" content=\"Yazan:\" \/>\n\t<meta name=\"twitter:data1\" content=\"Tar\u0131k\" \/>\n\t<meta name=\"twitter:label2\" content=\"Tahmini okuma s\u00fcresi\" \/>\n\t<meta name=\"twitter:data2\" content=\"3 dakika\" \/>\n<script type=\"application\/ld+json\" class=\"yoast-schema-graph\">{\"@context\":\"https:\/\/schema.org\",\"@graph\":[{\"@type\":\"Article\",\"@id\":\"https:\/\/narteks.net\/index.php\/2010\/01\/23\/buraya-senden-baska-hic-kimse-kabul-edilemezdi-mahkeme-franz-kafka\/#article\",\"isPartOf\":{\"@id\":\"https:\/\/narteks.net\/index.php\/2010\/01\/23\/buraya-senden-baska-hic-kimse-kabul-edilemezdi-mahkeme-franz-kafka\/\"},\"author\":{\"name\":\"Tar\u0131k\",\"@id\":\"https:\/\/narteks.net\/#\/schema\/person\/61f37d9834294b72d31d274e7ed79bca\"},\"headline\":\"Buraya senden ba\u015fka hi\u00e7 kimse kabul edilemezdi | Mahkeme &#8211; Franz Kafka\",\"datePublished\":\"2010-01-23T11:58:53+00:00\",\"mainEntityOfPage\":{\"@id\":\"https:\/\/narteks.net\/index.php\/2010\/01\/23\/buraya-senden-baska-hic-kimse-kabul-edilemezdi-mahkeme-franz-kafka\/\"},\"wordCount\":689,\"commentCount\":0,\"publisher\":{\"@id\":\"https:\/\/narteks.net\/#organization\"},\"articleSection\":[\"Edebiyat ( D\u00fcnya )\"],\"inLanguage\":\"tr\",\"potentialAction\":[{\"@type\":\"CommentAction\",\"name\":\"Comment\",\"target\":[\"https:\/\/narteks.net\/index.php\/2010\/01\/23\/buraya-senden-baska-hic-kimse-kabul-edilemezdi-mahkeme-franz-kafka\/#respond\"]}]},{\"@type\":\"WebPage\",\"@id\":\"https:\/\/narteks.net\/index.php\/2010\/01\/23\/buraya-senden-baska-hic-kimse-kabul-edilemezdi-mahkeme-franz-kafka\/\",\"url\":\"https:\/\/narteks.net\/index.php\/2010\/01\/23\/buraya-senden-baska-hic-kimse-kabul-edilemezdi-mahkeme-franz-kafka\/\",\"name\":\"Buraya senden ba\u015fka hi\u00e7 kimse kabul edilemezdi | Mahkeme - Franz Kafka - narteks.net\",\"isPartOf\":{\"@id\":\"https:\/\/narteks.net\/#website\"},\"datePublished\":\"2010-01-23T11:58:53+00:00\",\"breadcrumb\":{\"@id\":\"https:\/\/narteks.net\/index.php\/2010\/01\/23\/buraya-senden-baska-hic-kimse-kabul-edilemezdi-mahkeme-franz-kafka\/#breadcrumb\"},\"inLanguage\":\"tr\",\"potentialAction\":[{\"@type\":\"ReadAction\",\"target\":[\"https:\/\/narteks.net\/index.php\/2010\/01\/23\/buraya-senden-baska-hic-kimse-kabul-edilemezdi-mahkeme-franz-kafka\/\"]}]},{\"@type\":\"BreadcrumbList\",\"@id\":\"https:\/\/narteks.net\/index.php\/2010\/01\/23\/buraya-senden-baska-hic-kimse-kabul-edilemezdi-mahkeme-franz-kafka\/#breadcrumb\",\"itemListElement\":[{\"@type\":\"ListItem\",\"position\":1,\"name\":\"Anasayfa\",\"item\":\"https:\/\/narteks.net\/\"},{\"@type\":\"ListItem\",\"position\":2,\"name\":\"Buraya senden ba\u015fka hi\u00e7 kimse kabul edilemezdi | Mahkeme &#8211; Franz Kafka\"}]},{\"@type\":\"WebSite\",\"@id\":\"https:\/\/narteks.net\/#website\",\"url\":\"https:\/\/narteks.net\/\",\"name\":\"narteks.net\",\"description\":\"K\u00fclt\u00fcr Sanat Edebiyat Felsefe\",\"publisher\":{\"@id\":\"https:\/\/narteks.net\/#organization\"},\"alternateName\":\"K\u00fclt\u00fcr Sanat Edebiyat Felsefe\",\"potentialAction\":[{\"@type\":\"SearchAction\",\"target\":{\"@type\":\"EntryPoint\",\"urlTemplate\":\"https:\/\/narteks.net\/?s={search_term_string}\"},\"query-input\":{\"@type\":\"PropertyValueSpecification\",\"valueRequired\":true,\"valueName\":\"search_term_string\"}}],\"inLanguage\":\"tr\"},{\"@type\":\"Organization\",\"@id\":\"https:\/\/narteks.net\/#organization\",\"name\":\"narteks.net\",\"url\":\"https:\/\/narteks.net\/\",\"logo\":{\"@type\":\"ImageObject\",\"inLanguage\":\"tr\",\"@id\":\"https:\/\/narteks.net\/#\/schema\/logo\/image\/\",\"url\":\"https:\/\/narteks.net\/wp-content\/uploads\/narteks.png\",\"contentUrl\":\"https:\/\/narteks.net\/wp-content\/uploads\/narteks.png\",\"width\":300,\"height\":90,\"caption\":\"narteks.net\"},\"image\":{\"@id\":\"https:\/\/narteks.net\/#\/schema\/logo\/image\/\"},\"sameAs\":[\"https:\/\/x.com\/narteks\",\"https:\/\/instagram.com\/narteksnet\"]},{\"@type\":\"Person\",\"@id\":\"https:\/\/narteks.net\/#\/schema\/person\/61f37d9834294b72d31d274e7ed79bca\",\"name\":\"Tar\u0131k\",\"image\":{\"@type\":\"ImageObject\",\"inLanguage\":\"tr\",\"@id\":\"https:\/\/narteks.net\/#\/schema\/person\/image\/\",\"url\":\"https:\/\/secure.gravatar.com\/avatar\/50865afb55632c4ae467e0af0930f6510aa2297d8014be502a55b14f3b7550cf?s=96&d=mm&r=g\",\"contentUrl\":\"https:\/\/secure.gravatar.com\/avatar\/50865afb55632c4ae467e0af0930f6510aa2297d8014be502a55b14f3b7550cf?s=96&d=mm&r=g\",\"caption\":\"Tar\u0131k\"},\"sameAs\":[\"http:\/\/narteks.net\"],\"url\":\"https:\/\/narteks.net\/index.php\/author\/narbak\/\"}]}<\/script>\n<!-- \/ Yoast SEO Premium plugin. -->","yoast_head_json":{"title":"Buraya senden ba\u015fka hi\u00e7 kimse kabul edilemezdi | Mahkeme - Franz Kafka - narteks.net","robots":{"index":"index","follow":"follow","max-snippet":"max-snippet:-1","max-image-preview":"max-image-preview:large","max-video-preview":"max-video-preview:-1"},"canonical":"https:\/\/narteks.net\/index.php\/2010\/01\/23\/buraya-senden-baska-hic-kimse-kabul-edilemezdi-mahkeme-franz-kafka\/","og_locale":"tr_TR","og_type":"article","og_title":"Buraya senden ba\u015fka hi\u00e7 kimse kabul edilemezdi | Mahkeme - Franz Kafka","og_description":"\u00a0 Mahkemenin \u00f6n\u00fcnde bir g\u00f6revli durur. Bu g\u00f6revliye, \u00fclkeden bir adam gelir ve ona mahkeme \u00f6n\u00fcne \u00e7\u0131k\u0131p \u00e7\u0131kamayaca\u011f\u0131n\u0131 sorar. Ama g\u00f6revli, o anda kendisini kabul edemeyece\u011fini s\u00f6yler. Adam bir an d\u00fc\u015f\u00fcn\u00fcr ve bunun daha sonradan kabul edilebilece\u011fi anlam\u0131na m\u0131 geldi\u011fini sorar. \u201cOlabilir,\u201d der g\u00f6revli, \u201cama \u015fu anda de\u011fil\u201d. Mahkemelere giden kap\u0131 , her zamanki gibi [&hellip;]","og_url":"https:\/\/narteks.net\/index.php\/2010\/01\/23\/buraya-senden-baska-hic-kimse-kabul-edilemezdi-mahkeme-franz-kafka\/","og_site_name":"narteks.net","article_published_time":"2010-01-23T11:58:53+00:00","og_image":[{"width":300,"height":90,"url":"https:\/\/narteks.net\/wp-content\/uploads\/narteks.png","type":"image\/png"}],"author":"Tar\u0131k","twitter_card":"summary_large_image","twitter_creator":"@narteks","twitter_site":"@narteks","twitter_misc":{"Yazan:":"Tar\u0131k","Tahmini okuma s\u00fcresi":"3 dakika"},"schema":{"@context":"https:\/\/schema.org","@graph":[{"@type":"Article","@id":"https:\/\/narteks.net\/index.php\/2010\/01\/23\/buraya-senden-baska-hic-kimse-kabul-edilemezdi-mahkeme-franz-kafka\/#article","isPartOf":{"@id":"https:\/\/narteks.net\/index.php\/2010\/01\/23\/buraya-senden-baska-hic-kimse-kabul-edilemezdi-mahkeme-franz-kafka\/"},"author":{"name":"Tar\u0131k","@id":"https:\/\/narteks.net\/#\/schema\/person\/61f37d9834294b72d31d274e7ed79bca"},"headline":"Buraya senden ba\u015fka hi\u00e7 kimse kabul edilemezdi | Mahkeme &#8211; Franz Kafka","datePublished":"2010-01-23T11:58:53+00:00","mainEntityOfPage":{"@id":"https:\/\/narteks.net\/index.php\/2010\/01\/23\/buraya-senden-baska-hic-kimse-kabul-edilemezdi-mahkeme-franz-kafka\/"},"wordCount":689,"commentCount":0,"publisher":{"@id":"https:\/\/narteks.net\/#organization"},"articleSection":["Edebiyat ( D\u00fcnya )"],"inLanguage":"tr","potentialAction":[{"@type":"CommentAction","name":"Comment","target":["https:\/\/narteks.net\/index.php\/2010\/01\/23\/buraya-senden-baska-hic-kimse-kabul-edilemezdi-mahkeme-franz-kafka\/#respond"]}]},{"@type":"WebPage","@id":"https:\/\/narteks.net\/index.php\/2010\/01\/23\/buraya-senden-baska-hic-kimse-kabul-edilemezdi-mahkeme-franz-kafka\/","url":"https:\/\/narteks.net\/index.php\/2010\/01\/23\/buraya-senden-baska-hic-kimse-kabul-edilemezdi-mahkeme-franz-kafka\/","name":"Buraya senden ba\u015fka hi\u00e7 kimse kabul edilemezdi | Mahkeme - Franz Kafka - narteks.net","isPartOf":{"@id":"https:\/\/narteks.net\/#website"},"datePublished":"2010-01-23T11:58:53+00:00","breadcrumb":{"@id":"https:\/\/narteks.net\/index.php\/2010\/01\/23\/buraya-senden-baska-hic-kimse-kabul-edilemezdi-mahkeme-franz-kafka\/#breadcrumb"},"inLanguage":"tr","potentialAction":[{"@type":"ReadAction","target":["https:\/\/narteks.net\/index.php\/2010\/01\/23\/buraya-senden-baska-hic-kimse-kabul-edilemezdi-mahkeme-franz-kafka\/"]}]},{"@type":"BreadcrumbList","@id":"https:\/\/narteks.net\/index.php\/2010\/01\/23\/buraya-senden-baska-hic-kimse-kabul-edilemezdi-mahkeme-franz-kafka\/#breadcrumb","itemListElement":[{"@type":"ListItem","position":1,"name":"Anasayfa","item":"https:\/\/narteks.net\/"},{"@type":"ListItem","position":2,"name":"Buraya senden ba\u015fka hi\u00e7 kimse kabul edilemezdi | Mahkeme &#8211; Franz Kafka"}]},{"@type":"WebSite","@id":"https:\/\/narteks.net\/#website","url":"https:\/\/narteks.net\/","name":"narteks.net","description":"K\u00fclt\u00fcr Sanat Edebiyat Felsefe","publisher":{"@id":"https:\/\/narteks.net\/#organization"},"alternateName":"K\u00fclt\u00fcr Sanat Edebiyat Felsefe","potentialAction":[{"@type":"SearchAction","target":{"@type":"EntryPoint","urlTemplate":"https:\/\/narteks.net\/?s={search_term_string}"},"query-input":{"@type":"PropertyValueSpecification","valueRequired":true,"valueName":"search_term_string"}}],"inLanguage":"tr"},{"@type":"Organization","@id":"https:\/\/narteks.net\/#organization","name":"narteks.net","url":"https:\/\/narteks.net\/","logo":{"@type":"ImageObject","inLanguage":"tr","@id":"https:\/\/narteks.net\/#\/schema\/logo\/image\/","url":"https:\/\/narteks.net\/wp-content\/uploads\/narteks.png","contentUrl":"https:\/\/narteks.net\/wp-content\/uploads\/narteks.png","width":300,"height":90,"caption":"narteks.net"},"image":{"@id":"https:\/\/narteks.net\/#\/schema\/logo\/image\/"},"sameAs":["https:\/\/x.com\/narteks","https:\/\/instagram.com\/narteksnet"]},{"@type":"Person","@id":"https:\/\/narteks.net\/#\/schema\/person\/61f37d9834294b72d31d274e7ed79bca","name":"Tar\u0131k","image":{"@type":"ImageObject","inLanguage":"tr","@id":"https:\/\/narteks.net\/#\/schema\/person\/image\/","url":"https:\/\/secure.gravatar.com\/avatar\/50865afb55632c4ae467e0af0930f6510aa2297d8014be502a55b14f3b7550cf?s=96&d=mm&r=g","contentUrl":"https:\/\/secure.gravatar.com\/avatar\/50865afb55632c4ae467e0af0930f6510aa2297d8014be502a55b14f3b7550cf?s=96&d=mm&r=g","caption":"Tar\u0131k"},"sameAs":["http:\/\/narteks.net"],"url":"https:\/\/narteks.net\/index.php\/author\/narbak\/"}]}},"_links":{"self":[{"href":"https:\/\/narteks.net\/index.php\/wp-json\/wp\/v2\/posts\/4065","targetHints":{"allow":["GET"]}}],"collection":[{"href":"https:\/\/narteks.net\/index.php\/wp-json\/wp\/v2\/posts"}],"about":[{"href":"https:\/\/narteks.net\/index.php\/wp-json\/wp\/v2\/types\/post"}],"author":[{"embeddable":true,"href":"https:\/\/narteks.net\/index.php\/wp-json\/wp\/v2\/users\/1"}],"replies":[{"embeddable":true,"href":"https:\/\/narteks.net\/index.php\/wp-json\/wp\/v2\/comments?post=4065"}],"version-history":[{"count":0,"href":"https:\/\/narteks.net\/index.php\/wp-json\/wp\/v2\/posts\/4065\/revisions"}],"wp:attachment":[{"href":"https:\/\/narteks.net\/index.php\/wp-json\/wp\/v2\/media?parent=4065"}],"wp:term":[{"taxonomy":"category","embeddable":true,"href":"https:\/\/narteks.net\/index.php\/wp-json\/wp\/v2\/categories?post=4065"},{"taxonomy":"post_tag","embeddable":true,"href":"https:\/\/narteks.net\/index.php\/wp-json\/wp\/v2\/tags?post=4065"}],"curies":[{"name":"wp","href":"https:\/\/api.w.org\/{rel}","templated":true}]}}