{"id":4068,"date":"2010-01-25T10:12:16","date_gmt":"2010-01-25T07:12:16","guid":{"rendered":"http:\/\/localhost\/wordpress\/2010\/01\/25\/ozu-firtina-olan-siirde-her-imge-bir-tufan-yaratmalidir-louis-aragon\/"},"modified":"2010-01-25T10:12:16","modified_gmt":"2010-01-25T07:12:16","slug":"ozu-firtina-olan-siirde-her-imge-bir-tufan-yaratmalidir-louis-aragon","status":"publish","type":"post","link":"https:\/\/narteks.net\/index.php\/2010\/01\/25\/ozu-firtina-olan-siirde-her-imge-bir-tufan-yaratmalidir-louis-aragon\/","title":{"rendered":"\u00d6z\u00fc f\u0131rt\u0131na olan \u015fiirde, her imge bir tufan yaratmal\u0131d\u0131r | Louis Aragon"},"content":{"rendered":"<p><span style=\"font-size: x-small;\"><img loading=\"lazy\" decoding=\"async\" src=\"http:\/\/img392.imageshack.us\/img392\/5117\/louisby0.jpg\" border=\"0\" width=\"155\" height=\"205\" style=\"float: left;\" \/><\/span><\/p>\n<p style=\"text-align: justify;\"><span style=\"font-size: x-small;\"> <\/span>\u015eair, saz\u0131n\u0131 eline al&#8230; Evet ama, sabah gazeteni okuduktan sonra, sa\u00e7mal\u0131klar\u0131 ve ba\u011f\u0131\u015flanmayacak pislikleri g\u00f6rd\u00fc\u011f\u00fcnde.<\/p>\n<p style=\"text-align: justify;\">Hi\u00e7bir \u015fey s\u00f6ylemeden, alabildi\u011fine konu\u015fmak; \u015fairlere \u00f6zg\u00fc olan buysa e\u011fer, k\u00f6t\u00fc, Bu hi\u00e7bir \u015feyi, \u015fair olmayanlar\u0131n bir \u015feyiyle kar\u015f\u0131 kar\u015f\u0131ya koymak gerekiyor \u00e7\u00fcnk\u00fc. T\u00f6z&#8217;de iddial\u0131 olmak, yine t\u00f6z ad\u0131na bunu zorunlu k\u0131lar. Hi\u00e7bir zaman \u015fiir olarak adland\u0131rmad\u0131\u011f\u0131m ger\u00e7ek \u015fiirsel anlat\u0131mla, di\u011fer anlat\u0131mlar aras\u0131nda, d\u00fc\u015f\u00fcnceden gevezeli\u011fe kadar varan bir uzakl\u0131k bulunur.Bu arada, \u015fiirsel hi\u00e7lik, \u00f6ylesine evrensel bir kavram haline gelmi\u015f ki, \u015fairlerin dilinden d\u00fc\u015f\u00fcrmedikleri, s\u00fcsleyip p\u00fcsledikleri bir \u015fey olmu\u015ftur. Sonra da bu serab\u0131n oyunca\u011f\u0131 olmu\u015flar ve burunlar\u0131 havada, hi\u00e7bir \u015fey s\u00f6ylememe hakk\u0131na s\u0131\u011f\u0131nm\u0131\u015flar. Fakat daha fazlas\u0131n\u0131n olanaks\u0131zl\u0131\u011f\u0131 nedeniyle, bu durum, sessizliklerinin de anlaml\u0131 olmaya ba\u015flamas\u0131na dek s\u00fcrd\u00fc. Bir de, gariptir, her zaman, bu optik yan\u0131lsaman\u0131n kurbanlar\u0131ndan birisi \u00e7\u0131kar da, t\u00fcrleri kar\u0131\u015ft\u0131rarak y\u00fcre\u011findekileri s\u00f6ylemeye kalk\u0131nca \u00f6tekilerin ifrit oldu\u011fu g\u00f6r\u00fcl\u00fcr. Bir kad\u0131n\u0131n, hayat\u0131ndaki erke\u011fe a\u015fk d\u0131\u015f\u0131nda her konuda \u00fcst\u00fcn geldi\u011fi g\u00fcn, e\u011fer bu erkek \u015fairse, tutkusunun nas\u0131l da hemen, tek varl\u0131\u011f\u0131n\u0131 a\u00e7\u0131\u011fa vuran s\u00f6zlerle onu ba\u015fka birine d\u00f6n\u00fc\u015ft\u00fcrd\u00fc\u011f\u00fcn\u00fc; ve bu nedenle \u00e7a\u011fda\u015flar\u0131 aras\u0131nda ar\u0131l\u0131k payesinden dem vuranlar\u0131n g\u00f6z\u00fcnde birdenbire nas\u0131l \u015f\u00fcpheyle kar\u015f\u0131lanan biri durumuna d\u00fc\u015ft\u00fc\u011f\u00fcn\u00fc tahmin edebilirsiniz. T\u00fcrlerin kar\u0131\u015fmas\u0131na gelince&#8230;<\/p>\n<p style=\"text-align: justify;\">Tanr\u0131 a\u015fk\u0131na, siz hi\u00e7 yang\u0131n g\u00f6rmediniz mi? Gecenin ortas\u0131nda gecelikli kanlar, herifler s\u0131v\u0131\u015f\u0131rken, ve alevlerle kalaslar yaygarac\u0131 bebelerin odalar\u0131n\u0131n \u00fczerine \u00e7\u00f6kerken, entellekt\u00fcellerin t\u00fcm ipekten ka\u011f\u0131tlar\u0131 tutu\u015furken ve pencerelerden alt\u0131n saatler f\u0131rlat\u0131l\u0131r, m\u00fccevher \u00e7ekmecelerini kivilerin basar ve pel\u00fc\u015f kanepeleri k\u0131z\u0131l kurtar\u0131c\u0131lar\u0131n suyu \u0131slat\u0131rken, bu yang\u0131n, t\u00fcrleri kar\u0131\u015ft\u0131rman\u0131n en iyi \u00f6rne\u011fini vermi\u015f olmaz m\u0131? \u0130nsan\u0131n, i\u00e7inden ge\u00e7enleri anlatmak istemesinden do\u011fal ne var! G\u00fcn\u00fcn endi\u015feler i\u00e7inde \u00e7\u0131rp\u0131nan utan\u00e7 anlay\u0131\u015f\u0131, elinde tuttuklar\u0131n\u0131n uygulama i\u00e7in .yetmedi\u011fi inanc\u0131ndad\u0131r. Durum b\u00f6yleyken, a\u015fk yerine, \u2014bu inan\u00e7takilerin kitab\u0131na g\u00f6re\u2014 gittik\u00e7e y\u00fckselen bir sesle politika i\u015fitilmeye ba\u015flan\u0131rsa, i\u015fte o zaman k\u0131yamet kopar. \u00c7\u00fcnk\u00fc, kurt\u00e7uklar aya\u011f\u0131m\u0131n ba\u015fparma\u011f\u0131n\u0131 ezerken, ne pahas\u0131na olursa olsun, susmam gerekir.<\/p>\n<p style=\"text-align: justify;\">\u015eair, saz\u0131n\u0131 eline al&#8230; Evet ama, sabah gazeteni okuduktan sonra, sa\u00e7mal\u0131klar\u0131 ve ba\u011f\u0131\u015flanmayacak pislikleri g\u00f6rd\u00fc\u011f\u00fcnde ve yaln\u0131zca askerlik s\u00fcresine ve Fas sava\u015f\u0131na kar\u015f\u0131 \u00e7\u0131k\u0131p, s\u00f6zde, ihtiyatlar\u0131 itiatsizli\u011fe iten ki\u015filer, bilinmeyen yerlerde otuz y\u0131l, on y\u0131l hapislere \u00e7arpt\u0131r\u0131ld\u0131\u011f\u0131nda, b\u00fct\u00fcn bunlara duygulanmak gibi ola\u011fan\u00fcst\u00fc bir y\u00fczs\u00fczl\u00fck g\u00f6stermek yerine, \u00e7eneni kapa!<\/p>\n<p style=\"text-align: justify;\">&#8230; \u015eiir yericilerin \u00e7ok kulland\u0131klar\u0131 bir form\u00fcle g\u00f6re, kullan\u0131m s\u0131ras\u0131nda e\u015fde\u011ferlilik kazanan \u2018\u015fiirsel \u00e7\u00f6z\u00fcmler\u2019 ya da \u2018mizahi \u00e7\u00f6z\u00fcmler\u2019, hi\u00e7 de g\u00fcl\u00fcn\u00e7 olmayan anlams\u0131zl\u0131klard\u0131r: yeteneksiz kimselerin k\u00fc\u00e7\u00fck taklalar\u0131na benzerler ve terimlerde \u00e7eli\u015fki yaratmaktan ba\u015fka bir. \u015feye yaramazlar. Yenilerde, ka\u00e7\u0131\u015f vb. kavramlardan yana olanlar ise, \u00fc\u00e7\u00fcnc\u00fc s\u0131n\u0131f \u00f6\u011fretmenlerinin kelime hazinesinden toplad\u0131klar\u0131 bu baya\u011f\u0131 aptall\u0131klar\u0131, lirik oldu\u011funu sand\u0131klan bir bi\u00e7imde kullanarak eski etkinliklerine kavu\u015ftular. Gezgin sat\u0131c\u0131lar, biraz, \u015fu matematik anahtarlar\u0131n\u0131 and\u0131ran diziyle, tabldottaki beyni sulanm\u0131\u015fl\u0131klarla, gezgin sat\u0131c\u0131l\u0131klar ve sahte \u015fiirlerle t\u00fckenmi\u015f bir gen\u00e7lik, ve boyuna, yinelemenin soslar\u0131yla lekelenmi\u015f bir sistemin pe\u00e7etesinin d\u00fc\u011f\u00fcmlenmesi&#8230; G\u00fclmecenin \u015fiir i\u00e7in olumsuz bir ko\u015ful olarak kabul edilmesi, a\u00e7\u0131kl\u0131ktan uzak bir deyi\u015ftir; fakat bu, \u015fiirin olabilmesi i\u00e7in, mizah\u0131n, \u00f6nce kar\u015f\u0131 \u015fiir soyutlamas\u0131n\u0131 gerektirdi\u011fi anlam\u0131na gelmektedir. Birden, bir makara iplik, mizah\u0131n i\u00e7inde ya\u015fama kavu\u015fur, e\u011fer \u015fairseniz onu, ans\u0131z\u0131n g\u00fczel bir kad\u0131n ya da \u015fark\u0131 s\u00f6yleyen mercanlar i\u00e7inde dalgalar\u0131n f\u0131s\u0131lt\u0131s\u0131 haline getirirsiniz; g\u00fclmecenin \u015fiirin \u015fart\u0131 olmas\u0131nda dolayl\u0131 olarak s\u00f6ylemek istedi\u011fim i\u015fte buydu. Lautrea-mont\u2019u saymazsak, b\u00fcy\u00fck \u015fairlerde ne b\u00fcy\u00fck bir mizah vard\u0131r!<\/p>\n<p style=\"text-align: justify;\">\u00d6z\u00fc f\u0131rt\u0131na olan \u015fiirde, her imge bir tufan yaratmal\u0131d\u0131r.<\/p>\n<p style=\"text-align: justify;\">E\u011fer ger\u00e7ek\u00fcst\u00fcc\u00fc y\u00f6ntem uyar\u0131nca kederli budalal\u0131klar yaz\u0131yorsan\u0131z, ortaya \u00e7\u0131kacak olan yaln\u0131zca kederli budalal\u0131klard\u0131r.<\/p>\n<p style=\"text-align: justify;\">\u00c7eviri: Erdo\u011fan Alkan<\/p>\n","protected":false},"excerpt":{"rendered":"<p>\u015eair, saz\u0131n\u0131 eline al&#8230; Evet ama, sabah gazeteni okuduktan sonra, sa\u00e7mal\u0131klar\u0131 ve ba\u011f\u0131\u015flanmayacak pislikleri g\u00f6rd\u00fc\u011f\u00fcnde. Hi\u00e7bir \u015fey s\u00f6ylemeden, alabildi\u011fine konu\u015fmak; \u015fairlere \u00f6zg\u00fc olan buysa e\u011fer, k\u00f6t\u00fc, Bu hi\u00e7bir \u015feyi, \u015fair olmayanlar\u0131n bir \u015feyiyle kar\u015f\u0131 kar\u015f\u0131ya koymak gerekiyor \u00e7\u00fcnk\u00fc. T\u00f6z&#8217;de iddial\u0131 olmak, yine t\u00f6z ad\u0131na bunu zorunlu k\u0131lar. Hi\u00e7bir zaman \u015fiir olarak adland\u0131rmad\u0131\u011f\u0131m ger\u00e7ek \u015fiirsel anlat\u0131mla, [&hellip;]<\/p>\n","protected":false},"author":1,"featured_media":0,"comment_status":"open","ping_status":"open","sticky":false,"template":"","format":"standard","meta":{"footnotes":""},"categories":[134],"tags":[],"class_list":{"0":"post-4068","1":"post","2":"type-post","3":"status-publish","4":"format-standard","6":"category-kuram"},"yoast_head":"<!-- This site is optimized with the Yoast SEO Premium plugin v24.9 (Yoast SEO v24.9) - https:\/\/yoast.com\/wordpress\/plugins\/seo\/ -->\n<title>\u00d6z\u00fc f\u0131rt\u0131na olan \u015fiirde, her imge bir tufan yaratmal\u0131d\u0131r | Louis Aragon - narteks.net<\/title>\n<meta name=\"robots\" content=\"index, follow, max-snippet:-1, max-image-preview:large, max-video-preview:-1\" \/>\n<link rel=\"canonical\" href=\"https:\/\/narteks.net\/index.php\/2010\/01\/25\/ozu-firtina-olan-siirde-her-imge-bir-tufan-yaratmalidir-louis-aragon\/\" \/>\n<meta property=\"og:locale\" content=\"tr_TR\" \/>\n<meta property=\"og:type\" content=\"article\" \/>\n<meta property=\"og:title\" content=\"\u00d6z\u00fc f\u0131rt\u0131na olan \u015fiirde, her imge bir tufan yaratmal\u0131d\u0131r | Louis Aragon\" \/>\n<meta property=\"og:description\" content=\"\u015eair, saz\u0131n\u0131 eline al&#8230; Evet ama, sabah gazeteni okuduktan sonra, sa\u00e7mal\u0131klar\u0131 ve ba\u011f\u0131\u015flanmayacak pislikleri g\u00f6rd\u00fc\u011f\u00fcnde. Hi\u00e7bir \u015fey s\u00f6ylemeden, alabildi\u011fine konu\u015fmak; \u015fairlere \u00f6zg\u00fc olan buysa e\u011fer, k\u00f6t\u00fc, Bu hi\u00e7bir \u015feyi, \u015fair olmayanlar\u0131n bir \u015feyiyle kar\u015f\u0131 kar\u015f\u0131ya koymak gerekiyor \u00e7\u00fcnk\u00fc. T\u00f6z&#8217;de iddial\u0131 olmak, yine t\u00f6z ad\u0131na bunu zorunlu k\u0131lar. Hi\u00e7bir zaman \u015fiir olarak adland\u0131rmad\u0131\u011f\u0131m ger\u00e7ek \u015fiirsel anlat\u0131mla, [&hellip;]\" \/>\n<meta property=\"og:url\" content=\"https:\/\/narteks.net\/index.php\/2010\/01\/25\/ozu-firtina-olan-siirde-her-imge-bir-tufan-yaratmalidir-louis-aragon\/\" \/>\n<meta property=\"og:site_name\" content=\"narteks.net\" \/>\n<meta property=\"article:published_time\" content=\"2010-01-25T07:12:16+00:00\" \/>\n<meta property=\"og:image\" content=\"http:\/\/img392.imageshack.us\/img392\/5117\/louisby0.jpg\" \/>\n<meta name=\"author\" content=\"Tar\u0131k\" \/>\n<meta name=\"twitter:card\" content=\"summary_large_image\" \/>\n<meta name=\"twitter:creator\" content=\"@narteks\" \/>\n<meta name=\"twitter:site\" content=\"@narteks\" \/>\n<meta name=\"twitter:label1\" content=\"Yazan:\" \/>\n\t<meta name=\"twitter:data1\" content=\"Tar\u0131k\" \/>\n\t<meta name=\"twitter:label2\" content=\"Tahmini okuma s\u00fcresi\" \/>\n\t<meta name=\"twitter:data2\" content=\"4 dakika\" \/>\n<script type=\"application\/ld+json\" class=\"yoast-schema-graph\">{\"@context\":\"https:\/\/schema.org\",\"@graph\":[{\"@type\":\"Article\",\"@id\":\"https:\/\/narteks.net\/index.php\/2010\/01\/25\/ozu-firtina-olan-siirde-her-imge-bir-tufan-yaratmalidir-louis-aragon\/#article\",\"isPartOf\":{\"@id\":\"https:\/\/narteks.net\/index.php\/2010\/01\/25\/ozu-firtina-olan-siirde-her-imge-bir-tufan-yaratmalidir-louis-aragon\/\"},\"author\":{\"name\":\"Tar\u0131k\",\"@id\":\"https:\/\/narteks.net\/#\/schema\/person\/61f37d9834294b72d31d274e7ed79bca\"},\"headline\":\"\u00d6z\u00fc f\u0131rt\u0131na olan \u015fiirde, her imge bir tufan yaratmal\u0131d\u0131r | Louis Aragon\",\"datePublished\":\"2010-01-25T07:12:16+00:00\",\"mainEntityOfPage\":{\"@id\":\"https:\/\/narteks.net\/index.php\/2010\/01\/25\/ozu-firtina-olan-siirde-her-imge-bir-tufan-yaratmalidir-louis-aragon\/\"},\"wordCount\":812,\"commentCount\":0,\"publisher\":{\"@id\":\"https:\/\/narteks.net\/#organization\"},\"image\":{\"@id\":\"https:\/\/narteks.net\/index.php\/2010\/01\/25\/ozu-firtina-olan-siirde-her-imge-bir-tufan-yaratmalidir-louis-aragon\/#primaryimage\"},\"thumbnailUrl\":\"http:\/\/img392.imageshack.us\/img392\/5117\/louisby0.jpg\",\"articleSection\":[\"Kuram\"],\"inLanguage\":\"tr\",\"potentialAction\":[{\"@type\":\"CommentAction\",\"name\":\"Comment\",\"target\":[\"https:\/\/narteks.net\/index.php\/2010\/01\/25\/ozu-firtina-olan-siirde-her-imge-bir-tufan-yaratmalidir-louis-aragon\/#respond\"]}]},{\"@type\":\"WebPage\",\"@id\":\"https:\/\/narteks.net\/index.php\/2010\/01\/25\/ozu-firtina-olan-siirde-her-imge-bir-tufan-yaratmalidir-louis-aragon\/\",\"url\":\"https:\/\/narteks.net\/index.php\/2010\/01\/25\/ozu-firtina-olan-siirde-her-imge-bir-tufan-yaratmalidir-louis-aragon\/\",\"name\":\"\u00d6z\u00fc f\u0131rt\u0131na olan \u015fiirde, her imge bir tufan yaratmal\u0131d\u0131r | Louis Aragon - narteks.net\",\"isPartOf\":{\"@id\":\"https:\/\/narteks.net\/#website\"},\"primaryImageOfPage\":{\"@id\":\"https:\/\/narteks.net\/index.php\/2010\/01\/25\/ozu-firtina-olan-siirde-her-imge-bir-tufan-yaratmalidir-louis-aragon\/#primaryimage\"},\"image\":{\"@id\":\"https:\/\/narteks.net\/index.php\/2010\/01\/25\/ozu-firtina-olan-siirde-her-imge-bir-tufan-yaratmalidir-louis-aragon\/#primaryimage\"},\"thumbnailUrl\":\"http:\/\/img392.imageshack.us\/img392\/5117\/louisby0.jpg\",\"datePublished\":\"2010-01-25T07:12:16+00:00\",\"breadcrumb\":{\"@id\":\"https:\/\/narteks.net\/index.php\/2010\/01\/25\/ozu-firtina-olan-siirde-her-imge-bir-tufan-yaratmalidir-louis-aragon\/#breadcrumb\"},\"inLanguage\":\"tr\",\"potentialAction\":[{\"@type\":\"ReadAction\",\"target\":[\"https:\/\/narteks.net\/index.php\/2010\/01\/25\/ozu-firtina-olan-siirde-her-imge-bir-tufan-yaratmalidir-louis-aragon\/\"]}]},{\"@type\":\"ImageObject\",\"inLanguage\":\"tr\",\"@id\":\"https:\/\/narteks.net\/index.php\/2010\/01\/25\/ozu-firtina-olan-siirde-her-imge-bir-tufan-yaratmalidir-louis-aragon\/#primaryimage\",\"url\":\"http:\/\/img392.imageshack.us\/img392\/5117\/louisby0.jpg\",\"contentUrl\":\"http:\/\/img392.imageshack.us\/img392\/5117\/louisby0.jpg\"},{\"@type\":\"BreadcrumbList\",\"@id\":\"https:\/\/narteks.net\/index.php\/2010\/01\/25\/ozu-firtina-olan-siirde-her-imge-bir-tufan-yaratmalidir-louis-aragon\/#breadcrumb\",\"itemListElement\":[{\"@type\":\"ListItem\",\"position\":1,\"name\":\"Anasayfa\",\"item\":\"https:\/\/narteks.net\/\"},{\"@type\":\"ListItem\",\"position\":2,\"name\":\"\u00d6z\u00fc f\u0131rt\u0131na olan \u015fiirde, her imge bir tufan yaratmal\u0131d\u0131r | Louis Aragon\"}]},{\"@type\":\"WebSite\",\"@id\":\"https:\/\/narteks.net\/#website\",\"url\":\"https:\/\/narteks.net\/\",\"name\":\"narteks.net\",\"description\":\"K\u00fclt\u00fcr Sanat Edebiyat Felsefe\",\"publisher\":{\"@id\":\"https:\/\/narteks.net\/#organization\"},\"alternateName\":\"K\u00fclt\u00fcr Sanat Edebiyat Felsefe\",\"potentialAction\":[{\"@type\":\"SearchAction\",\"target\":{\"@type\":\"EntryPoint\",\"urlTemplate\":\"https:\/\/narteks.net\/?s={search_term_string}\"},\"query-input\":{\"@type\":\"PropertyValueSpecification\",\"valueRequired\":true,\"valueName\":\"search_term_string\"}}],\"inLanguage\":\"tr\"},{\"@type\":\"Organization\",\"@id\":\"https:\/\/narteks.net\/#organization\",\"name\":\"narteks.net\",\"url\":\"https:\/\/narteks.net\/\",\"logo\":{\"@type\":\"ImageObject\",\"inLanguage\":\"tr\",\"@id\":\"https:\/\/narteks.net\/#\/schema\/logo\/image\/\",\"url\":\"https:\/\/narteks.net\/wp-content\/uploads\/narteks.png\",\"contentUrl\":\"https:\/\/narteks.net\/wp-content\/uploads\/narteks.png\",\"width\":300,\"height\":90,\"caption\":\"narteks.net\"},\"image\":{\"@id\":\"https:\/\/narteks.net\/#\/schema\/logo\/image\/\"},\"sameAs\":[\"https:\/\/x.com\/narteks\",\"https:\/\/instagram.com\/narteksnet\"]},{\"@type\":\"Person\",\"@id\":\"https:\/\/narteks.net\/#\/schema\/person\/61f37d9834294b72d31d274e7ed79bca\",\"name\":\"Tar\u0131k\",\"image\":{\"@type\":\"ImageObject\",\"inLanguage\":\"tr\",\"@id\":\"https:\/\/narteks.net\/#\/schema\/person\/image\/\",\"url\":\"https:\/\/secure.gravatar.com\/avatar\/50865afb55632c4ae467e0af0930f6510aa2297d8014be502a55b14f3b7550cf?s=96&d=mm&r=g\",\"contentUrl\":\"https:\/\/secure.gravatar.com\/avatar\/50865afb55632c4ae467e0af0930f6510aa2297d8014be502a55b14f3b7550cf?s=96&d=mm&r=g\",\"caption\":\"Tar\u0131k\"},\"sameAs\":[\"http:\/\/narteks.net\"],\"url\":\"https:\/\/narteks.net\/index.php\/author\/narbak\/\"}]}<\/script>\n<!-- \/ Yoast SEO Premium plugin. -->","yoast_head_json":{"title":"\u00d6z\u00fc f\u0131rt\u0131na olan \u015fiirde, her imge bir tufan yaratmal\u0131d\u0131r | Louis Aragon - narteks.net","robots":{"index":"index","follow":"follow","max-snippet":"max-snippet:-1","max-image-preview":"max-image-preview:large","max-video-preview":"max-video-preview:-1"},"canonical":"https:\/\/narteks.net\/index.php\/2010\/01\/25\/ozu-firtina-olan-siirde-her-imge-bir-tufan-yaratmalidir-louis-aragon\/","og_locale":"tr_TR","og_type":"article","og_title":"\u00d6z\u00fc f\u0131rt\u0131na olan \u015fiirde, her imge bir tufan yaratmal\u0131d\u0131r | Louis Aragon","og_description":"\u015eair, saz\u0131n\u0131 eline al&#8230; Evet ama, sabah gazeteni okuduktan sonra, sa\u00e7mal\u0131klar\u0131 ve ba\u011f\u0131\u015flanmayacak pislikleri g\u00f6rd\u00fc\u011f\u00fcnde. Hi\u00e7bir \u015fey s\u00f6ylemeden, alabildi\u011fine konu\u015fmak; \u015fairlere \u00f6zg\u00fc olan buysa e\u011fer, k\u00f6t\u00fc, Bu hi\u00e7bir \u015feyi, \u015fair olmayanlar\u0131n bir \u015feyiyle kar\u015f\u0131 kar\u015f\u0131ya koymak gerekiyor \u00e7\u00fcnk\u00fc. T\u00f6z&#8217;de iddial\u0131 olmak, yine t\u00f6z ad\u0131na bunu zorunlu k\u0131lar. Hi\u00e7bir zaman \u015fiir olarak adland\u0131rmad\u0131\u011f\u0131m ger\u00e7ek \u015fiirsel anlat\u0131mla, [&hellip;]","og_url":"https:\/\/narteks.net\/index.php\/2010\/01\/25\/ozu-firtina-olan-siirde-her-imge-bir-tufan-yaratmalidir-louis-aragon\/","og_site_name":"narteks.net","article_published_time":"2010-01-25T07:12:16+00:00","og_image":[{"url":"http:\/\/img392.imageshack.us\/img392\/5117\/louisby0.jpg","type":"","width":"","height":""}],"author":"Tar\u0131k","twitter_card":"summary_large_image","twitter_creator":"@narteks","twitter_site":"@narteks","twitter_misc":{"Yazan:":"Tar\u0131k","Tahmini okuma s\u00fcresi":"4 dakika"},"schema":{"@context":"https:\/\/schema.org","@graph":[{"@type":"Article","@id":"https:\/\/narteks.net\/index.php\/2010\/01\/25\/ozu-firtina-olan-siirde-her-imge-bir-tufan-yaratmalidir-louis-aragon\/#article","isPartOf":{"@id":"https:\/\/narteks.net\/index.php\/2010\/01\/25\/ozu-firtina-olan-siirde-her-imge-bir-tufan-yaratmalidir-louis-aragon\/"},"author":{"name":"Tar\u0131k","@id":"https:\/\/narteks.net\/#\/schema\/person\/61f37d9834294b72d31d274e7ed79bca"},"headline":"\u00d6z\u00fc f\u0131rt\u0131na olan \u015fiirde, her imge bir tufan yaratmal\u0131d\u0131r | Louis Aragon","datePublished":"2010-01-25T07:12:16+00:00","mainEntityOfPage":{"@id":"https:\/\/narteks.net\/index.php\/2010\/01\/25\/ozu-firtina-olan-siirde-her-imge-bir-tufan-yaratmalidir-louis-aragon\/"},"wordCount":812,"commentCount":0,"publisher":{"@id":"https:\/\/narteks.net\/#organization"},"image":{"@id":"https:\/\/narteks.net\/index.php\/2010\/01\/25\/ozu-firtina-olan-siirde-her-imge-bir-tufan-yaratmalidir-louis-aragon\/#primaryimage"},"thumbnailUrl":"http:\/\/img392.imageshack.us\/img392\/5117\/louisby0.jpg","articleSection":["Kuram"],"inLanguage":"tr","potentialAction":[{"@type":"CommentAction","name":"Comment","target":["https:\/\/narteks.net\/index.php\/2010\/01\/25\/ozu-firtina-olan-siirde-her-imge-bir-tufan-yaratmalidir-louis-aragon\/#respond"]}]},{"@type":"WebPage","@id":"https:\/\/narteks.net\/index.php\/2010\/01\/25\/ozu-firtina-olan-siirde-her-imge-bir-tufan-yaratmalidir-louis-aragon\/","url":"https:\/\/narteks.net\/index.php\/2010\/01\/25\/ozu-firtina-olan-siirde-her-imge-bir-tufan-yaratmalidir-louis-aragon\/","name":"\u00d6z\u00fc f\u0131rt\u0131na olan \u015fiirde, her imge bir tufan yaratmal\u0131d\u0131r | Louis Aragon - narteks.net","isPartOf":{"@id":"https:\/\/narteks.net\/#website"},"primaryImageOfPage":{"@id":"https:\/\/narteks.net\/index.php\/2010\/01\/25\/ozu-firtina-olan-siirde-her-imge-bir-tufan-yaratmalidir-louis-aragon\/#primaryimage"},"image":{"@id":"https:\/\/narteks.net\/index.php\/2010\/01\/25\/ozu-firtina-olan-siirde-her-imge-bir-tufan-yaratmalidir-louis-aragon\/#primaryimage"},"thumbnailUrl":"http:\/\/img392.imageshack.us\/img392\/5117\/louisby0.jpg","datePublished":"2010-01-25T07:12:16+00:00","breadcrumb":{"@id":"https:\/\/narteks.net\/index.php\/2010\/01\/25\/ozu-firtina-olan-siirde-her-imge-bir-tufan-yaratmalidir-louis-aragon\/#breadcrumb"},"inLanguage":"tr","potentialAction":[{"@type":"ReadAction","target":["https:\/\/narteks.net\/index.php\/2010\/01\/25\/ozu-firtina-olan-siirde-her-imge-bir-tufan-yaratmalidir-louis-aragon\/"]}]},{"@type":"ImageObject","inLanguage":"tr","@id":"https:\/\/narteks.net\/index.php\/2010\/01\/25\/ozu-firtina-olan-siirde-her-imge-bir-tufan-yaratmalidir-louis-aragon\/#primaryimage","url":"http:\/\/img392.imageshack.us\/img392\/5117\/louisby0.jpg","contentUrl":"http:\/\/img392.imageshack.us\/img392\/5117\/louisby0.jpg"},{"@type":"BreadcrumbList","@id":"https:\/\/narteks.net\/index.php\/2010\/01\/25\/ozu-firtina-olan-siirde-her-imge-bir-tufan-yaratmalidir-louis-aragon\/#breadcrumb","itemListElement":[{"@type":"ListItem","position":1,"name":"Anasayfa","item":"https:\/\/narteks.net\/"},{"@type":"ListItem","position":2,"name":"\u00d6z\u00fc f\u0131rt\u0131na olan \u015fiirde, her imge bir tufan yaratmal\u0131d\u0131r | Louis Aragon"}]},{"@type":"WebSite","@id":"https:\/\/narteks.net\/#website","url":"https:\/\/narteks.net\/","name":"narteks.net","description":"K\u00fclt\u00fcr Sanat Edebiyat Felsefe","publisher":{"@id":"https:\/\/narteks.net\/#organization"},"alternateName":"K\u00fclt\u00fcr Sanat Edebiyat Felsefe","potentialAction":[{"@type":"SearchAction","target":{"@type":"EntryPoint","urlTemplate":"https:\/\/narteks.net\/?s={search_term_string}"},"query-input":{"@type":"PropertyValueSpecification","valueRequired":true,"valueName":"search_term_string"}}],"inLanguage":"tr"},{"@type":"Organization","@id":"https:\/\/narteks.net\/#organization","name":"narteks.net","url":"https:\/\/narteks.net\/","logo":{"@type":"ImageObject","inLanguage":"tr","@id":"https:\/\/narteks.net\/#\/schema\/logo\/image\/","url":"https:\/\/narteks.net\/wp-content\/uploads\/narteks.png","contentUrl":"https:\/\/narteks.net\/wp-content\/uploads\/narteks.png","width":300,"height":90,"caption":"narteks.net"},"image":{"@id":"https:\/\/narteks.net\/#\/schema\/logo\/image\/"},"sameAs":["https:\/\/x.com\/narteks","https:\/\/instagram.com\/narteksnet"]},{"@type":"Person","@id":"https:\/\/narteks.net\/#\/schema\/person\/61f37d9834294b72d31d274e7ed79bca","name":"Tar\u0131k","image":{"@type":"ImageObject","inLanguage":"tr","@id":"https:\/\/narteks.net\/#\/schema\/person\/image\/","url":"https:\/\/secure.gravatar.com\/avatar\/50865afb55632c4ae467e0af0930f6510aa2297d8014be502a55b14f3b7550cf?s=96&d=mm&r=g","contentUrl":"https:\/\/secure.gravatar.com\/avatar\/50865afb55632c4ae467e0af0930f6510aa2297d8014be502a55b14f3b7550cf?s=96&d=mm&r=g","caption":"Tar\u0131k"},"sameAs":["http:\/\/narteks.net"],"url":"https:\/\/narteks.net\/index.php\/author\/narbak\/"}]}},"_links":{"self":[{"href":"https:\/\/narteks.net\/index.php\/wp-json\/wp\/v2\/posts\/4068","targetHints":{"allow":["GET"]}}],"collection":[{"href":"https:\/\/narteks.net\/index.php\/wp-json\/wp\/v2\/posts"}],"about":[{"href":"https:\/\/narteks.net\/index.php\/wp-json\/wp\/v2\/types\/post"}],"author":[{"embeddable":true,"href":"https:\/\/narteks.net\/index.php\/wp-json\/wp\/v2\/users\/1"}],"replies":[{"embeddable":true,"href":"https:\/\/narteks.net\/index.php\/wp-json\/wp\/v2\/comments?post=4068"}],"version-history":[{"count":0,"href":"https:\/\/narteks.net\/index.php\/wp-json\/wp\/v2\/posts\/4068\/revisions"}],"wp:attachment":[{"href":"https:\/\/narteks.net\/index.php\/wp-json\/wp\/v2\/media?parent=4068"}],"wp:term":[{"taxonomy":"category","embeddable":true,"href":"https:\/\/narteks.net\/index.php\/wp-json\/wp\/v2\/categories?post=4068"},{"taxonomy":"post_tag","embeddable":true,"href":"https:\/\/narteks.net\/index.php\/wp-json\/wp\/v2\/tags?post=4068"}],"curies":[{"name":"wp","href":"https:\/\/api.w.org\/{rel}","templated":true}]}}