{"id":407,"date":"2009-03-12T23:48:15","date_gmt":"2009-03-12T20:48:15","guid":{"rendered":"http:\/\/localhost\/wordpress\/2009\/03\/12\/asan-bilir-karli-dagin-ardini\/"},"modified":"2009-03-12T23:48:15","modified_gmt":"2009-03-12T20:48:15","slug":"asan-bilir-karli-dagin-ardini","status":"publish","type":"post","link":"https:\/\/narteks.net\/index.php\/2009\/03\/12\/asan-bilir-karli-dagin-ardini\/","title":{"rendered":"A\u015fan Bilir Karl\u0131 Da\u011f\u0131n Ard\u0131n\u0131"},"content":{"rendered":"<p style=\"text-align: justify;\"><strong><span style=\"font-size: 14pt;\"> A\u015fan Bilir Karl\u0131 Da\u011f\u0131n Ard\u0131n\u0131<\/span><\/strong> (Telli Senem \u0130le Yaz\u0131c\u0131 O\u011flu Osman A\u011fa)<\/p>\n<p>Her biri bilinmez bir mezar \u015fimdi.Mezar ta\u015flar\u0131 \u00fcrpertir,\u00fcrk\u00fct\u00fcr insan\u0131.Ama beni,o hassas melteme bile dayanamayacak kadar hafif vucutlar\u0131,y\u00fcreklerinin \u00e7ektikleri,katland\u0131klar\u0131 ve ya\u015fad\u0131klar\u0131 dillere destan, ate\u015f dolu, ac\u0131 dolu hayatlar\u0131 daha \u00e7ok \u00fcrpertmi\u015ftir hep.Mezar ta\u015flar\u0131ndan daha fazla.\u201cSen ne g\u00fczel bulursun gezsen Anadolu\u2019yu\u201d demi\u015f ozan.Demi\u015fya! Ne y\u00fcrekten demi\u015f,ne Do\u011fru demi\u015f.Anadolum benim.G\u00fcnde bin g\u00fczellik g\u00f6r\u00fcp, birine vuruldu\u011fumuz.Gam ile dert ile yogruldu\u011fumuz.G\u00f6k g\u00f6zl\u00fc,g\u00fcne\u015f y\u00fczl\u00fc,derin s\u00f6zl\u00fc,yar\u0131m \u00f6zl\u00fc.Ekmek\u2019ini el ile payla\u015fan, \u00e7ar\u015fambas\u0131n\u0131 sel alan, sevdiklerini el alan.Kor y\u00fcrekli, demir bilekli,ba\u015f\u0131 bulutlarda yi\u011fitlerin, vefal\u0131, sad\u0131k,vefakar,\u00f6r\u00fck sa\u00e7l\u0131, uzun boylu yapalaklar\u0131n,tu\u011f sunalar\u0131n, tora\u015famlar\u0131n, g\u00fcl y\u00fczl\u00fc g\u00fczellerin, ceylanlar\u0131n,efsanelerin, lav gibi fi\u015fk\u0131ran y\u00fcreklerin, d\u00fc\u011f\u00fcnlerin, halaylar\u0131n, t\u00fcrk\u00fclerin, a\u011falar\u0131n, beylerin, ozanlar\u0131n, ve dillere destan a\u015f\u0131klar\u0131n diyar\u0131 anadolum. Anadolum benim.Kerem ile Asl\u0131\u2019s\u0131 var,Ferhat ile \u015firin\u2019i var, Leyla ile Mecnun\u2019u var,Elif ile Mahmut\u2019u, S\u00fcrmeli bey\u2019i, \u015eah \u0130smail\u2019i, S\u00fcmmani\u2019si var. Dil hangi birine d\u00f6ner,y\u00fcrek hangi birine katlan\u0131r.Ve kalem hangi birini yazabilir. Yaz\u0131pta ba\u015fedebilirki.<\/p>\n<p>\u0130\u015fte Senem ile yaz\u0131c\u0131 o\u011fluda bu y\u00fcrek yang\u0131nlar\u0131n\u0131 \u00e7ekmi\u015f binlerce kor y\u0131\u011f\u0131n\u0131ndan sadece ikisi.<\/p>\n<p>T\u00fcl\u00fc mayalar, k\u0131rk atlar ko\u00e7lar, taylar kuzular, g\u00f6kce gelinler ve ko\u00e7 yi\u011fitlerden kurulu y\u00f6r\u00fck kervan\u0131 Binbo\u011fa da\u011flar\u0131n\u0131n \u00fcst\u00fcnden a\u015f\u0131p, g\u00fcne\u015f\u2019in k\u0131z\u0131la boyan\u0131p batt\u0131\u011f\u0131 Tan\u0131r yaylas\u0131na do\u011fru ince bir \u00e7izgi gibi, bir u\u00e7tan bir uca s\u00fcz\u00fcl\u00fcp ge\u00e7ti. G\u00fcnlerdir at \u00fcst\u00fcndeki a\u015firet mensuplar\u0131 yorulmu\u015flar, bunalm\u0131\u015flard\u0131.Ama yol bitmi\u015f s\u0131n\u0131r\u0131n hemen yan\u0131ba\u015f\u0131ndaki konak yeri Yapalak g\u00f6r\u00fcnm\u00fc\u015ft\u00fcr. Ak\u015fam\u00fcst\u00fc yaylaya ula\u015f\u0131nca kervan\u0131n en \u00f6n\u00fcnde giden t\u00fcl\u00fc mayadan ya\u015fl\u0131 bir y\u00f6r\u00fck beyi s\u0131\u00e7rayip indi.Arkasinda uzanan kervana dur etti ve bag\u0131rd\u0131.\u00a0 \u201cKonak yerimiz burad\u0131r.At lar baglana, denkler \u00e7\u00f6z\u00fcle tez elden \u00e7ad\u0131rlar kurula ALLAH hay\u0131ra getire dedi\u201dYigitler atlar\u0131ndan, gelinler t\u00fcl\u00fc mayalar\u0131ndan indiler.Birka\u00e7 gen\u00e7 kad\u0131n, y\u00f6r\u00fck beyinin indi\u011fi devenin yede\u011findeki al bir at\u2019tan, gen\u00e7 bir k\u0131z\u0131 incitmekten korkar gibi tutup indirdiler yere.Alt\u0131na kilim serildi.\u00dcst\u00fcne g\u00f6lgelik \u00e7ekildi hemen. Ba\u011fda\u015f kurup oturdu gen\u00e7 y\u00f6r\u00fck k\u0131z\u0131 yere.Omuzunun bir ucundan bir ucuna fi\u015feklik \u00e7evriliydi.Belinde g\u00fcm\u00fc\u015f sapl\u0131 bir han\u00e7er tak\u0131l\u0131yd\u0131.\u0130ran ipe\u011findendi t\u00fcm giysileri. Samur sa\u00e7lar\u0131 ba\u015f\u0131ndaki ye\u015fil berenin i\u00e7inde toplanm\u0131\u015f, kenarlar\u0131ndan ta\u015fm\u0131\u015ft\u0131.Uzun boylu, beyaz tenli, simsiyah g\u00f6zl\u00fc, ceylan bak\u0131\u015fl\u0131, bakan\u0131n bir daha bakt\u0131\u011f\u0131, g\u00fcrenlerin y\u00fcreklerini yakt\u0131\u011f\u0131 bir ahuydu bu. Ne Tan\u0131r, ne Binbo\u011falar nede bu k\u00fc\u00e7\u00fck Yapalak, b\u00f6yle bir g\u00fczele \u00e7ad\u0131r a\u00e7mam\u0131\u015f,b\u00f6yle bir ceylana raslamam\u0131\u015flard\u0131.Yayla b\u00f6yle bir g\u00fczel g\u00f6rmemi\u015fti.<\/p>\n<p>Tez elden \u00e7ad\u0131rlar kuruldu.Atlar kuzular koyunlar \u00e7ay\u0131r\u2019a sal\u0131nd\u0131.Beyin siyah \u00e7ad\u0131r\u0131ndan geni\u015f obas\u0131 kuruldu.T\u00fcfekler, sazlar as\u0131ld\u0131 \u00e7ad\u0131r direklerine.Ay orta yere gelip doland\u0131.Mehtap bir u\u00e7tan bir uca \u0131\u015f\u0131\u011f\u0131yla doldu yapalak\u2019a.Y\u00f6r\u00fckler meydan yerinde yakt\u0131klar\u0131, g\u00f6ky\u00fcz\u00fcne uzanan bir ate\u015f y\u0131\u011f\u0131n\u0131n\u0131n ba\u015f\u0131nda, geceye teslim ettiler ilk g\u00fcnlerini.<\/p>\n<p>Ertesi sabah hemen duyuldu Tan\u0131r\u2019a y\u00f6r\u00fcklerin gelip yerle\u015ftikleri.Adettendi, yerli halk gelip ho\u015fgeldiniz derdi.Birka\u00e7 ay <br \/>kal\u0131p sonra gidecek olan bu g\u00f6\u00e7ebe y\u00f6r\u00fckleriyle karde\u015f gibi ge\u00e7inirlerdi.Ho\u015fgeldine gitmek b\u00f6lgenin a\u011fas\u0131na d\u00fc\u015ferdi.A\u011fa yan\u0131na b\u00f6lge b\u00fcy\u00fcklerini toplar,kad\u0131n\u2019\u0131n\u0131 yan\u0131na al\u0131r, gider yeni misafirleriyle tan\u0131\u015f olurdu. Yine \u00f6yle oldu. Tan\u0131r\u2019\u0131n \u015fanl\u0131 Bey\u2019i Yaz\u0131c\u0131 o\u011flu k\u00f6y\u00fcn\u00fcn b\u00fcy\u00fcklerini \u00e7a\u011f\u0131r\u0131p, ba\u015flar\u0131nada o\u011flu Osman\u2019\u0131 kat\u0131p ho\u015fgeldine g\u00f6nderdi y\u00f6r\u00fck i\u00e7ine. Atlay\u0131p atlar\u0131na, vard\u0131lar y\u00f6r\u00fck yaylas\u0131na yerliler.Y\u00f6r\u00fckler h\u00fcrmetle y\u00fcrekten kar\u015f\u0131lad\u0131lar gelenleri.Ko\u015fup a\u011faya haber verdiler.Kara \u00e7ad\u0131r\u0131ndan \u00f6nce ak sa\u00e7l\u0131 y\u00f6r\u00fck beyi,ard\u0131nda o ahu g\u00f6zl\u00fc, fidan boylu ceren \u00e7\u0131kt\u0131.Bir han\u00e7er gibi dikildi kar\u015f\u0131lar\u0131na.Ba\u015f\u0131 yularda iki eli b\u00f6\u011fr\u00fcnde Daha buyrun diyemeden, ziyaretcilerin ba\u015f\u0131nda at\u0131n \u00fcst\u00fcnde bir kartal gibi duran yemye\u015fil g\u00f6zl\u00fc, kartal bak\u0131\u015fl\u0131 \u00e7\u0131nar gibi heybetli Osmana tak\u0131ld\u0131 g\u00f6zleri. Bir y\u0131l gibi s\u00fcrd\u00fc ikisi i\u00e7inde bu bak\u0131\u015flar. Bak\u0131\u015ft\u0131lar.<\/p>\n<p>Buyrun dedi y\u00f6r\u00fck bey\u2019i.Yan\u0131nda hala,yere sapl\u0131 bir han\u00e7er gibi duran k\u0131za d\u00f6nd\u00fc.Senem dedi: At\u0131 tut k\u0131z\u0131m.Ko\u015ftu Senem adetleri gere\u011fince, gelen kafilenin bey\u2019i ile han\u0131m a\u011fas\u0131n\u0131n at\u0131n\u0131n yular\u0131na sar\u0131ld\u0131.Kad\u0131nda Osmanda indiler atlar\u0131ndan. Tam kafile y\u00f6r\u00fck illeri gelenekleri gibi halka tutup oturdular.Ho\u015f geldiniz edildi.Kahveler, kat\u0131klar i\u00e7ildi, konu\u015fulup tan\u0131\u015f\u0131ld\u0131. Ama iki genc\u2019in akl\u0131 ve g\u00f6zleri bir an bile ayr\u0131mad\u0131 birbirlerinden. \u0130\u015fte diyordu Senem! Kendimi kollar\u0131na teslim edebilece\u011fim, erim, erke\u011fim diyebilece\u011fim \u00e7\u0131nar gibi bir yi\u011fit.\u0130\u015fte diyordu Yaz\u0131c\u0131 o\u011flu Osman\u2019a.Yaz\u0131c\u0131 o\u011flu Osmanda; Baba evine g\u00f6t\u00fcrebilece\u011fim, \u00f6v\u00fcn\u00e7 duyup yaslanaca\u011f\u0131m, bir ahu diyordu kendi kendine.<\/p>\n<p>Ak\u015fama kadar kal\u0131nd\u0131 y\u00f6r\u00fck yaylas\u0131nda.Geni\u015f sofralar yaz\u0131ld\u0131 yere, koyunlar k\u0131zart\u0131ld\u0131, kat\u0131klar yay\u0131ld\u0131,yenildi i\u00e7ildi.Ama Senem le Osman bir kere d\u00fc\u015fen bir kor y\u0131\u011f\u0131n\u0131 gibi, bak\u0131p durdular birbirlerine.Ak\u015fam y\u00f6r\u00fcklerden ayr\u0131l\u0131p Tan\u0131r\u2019a dogru yola \u00e7\u0131kt\u0131klar\u0131 zaman,Osman y\u00fcre\u011finden bir par\u00e7an\u0131n yapalakta kald\u0131\u011f\u0131n\u0131 hissetti.Senem y\u00fcre\u011finden bir par\u00e7an\u0131n kopart\u0131l\u0131p al\u0131nd\u0131\u011f\u0131n\u0131, i\u00e7inden bir \u015feylerin eksildigini sand\u0131. G\u00fcnler ak\u0131p ge\u00e7ti.Ne Senem nede Osman unutamad\u0131lar birbirlerini.Bir bahane bulup yeniden gidemedi Osman y\u00f6r\u00fck \u00e7ad\u0131r\u0131na.Senem obadan d\u0131\u015far\u0131ya ayak atamad\u0131.<\/p>\n<p>Ama seven y\u00fcrek neler etmezki, her \u015feyin \u00e7aresi bulundu.Bir y\u00f6r\u00fck kad\u0131n\u0131 yard\u0131m etti bey k\u0131z\u0131na Bey o\u011flu atlay\u0131p at\u0131na Seneme ko\u015ftu.Ay \u0131\u015f\u0131\u011f\u0131nda her bulu\u015fup konu\u015fmalar\u0131nda daha \u00e7ok yand\u0131 y\u00fcrekleri,Daha \u00e7ok sevdiler, daha \u00e7ok ba\u011fland\u0131lar birbirlerine.<\/p>\n<p>Sevda bu. \u00c7aresi olmazsa sarart\u0131p soldurur, \u00f6ld\u00fcr\u00fcr adam\u0131.Senem de Osman da ayn\u0131 ate\u015fte kavruldular.Senem seviyordu ama \u00e7aresizdi.Biliyorduki babas\u0131 oba dan d\u0131\u015far\u0131 k\u0131z vermezdi.T\u00f6reler b\u00f6yleydi.Osman d\u00fc\u015f\u00fcnd\u00fc, bir y\u00f6r\u00fck k\u0131z\u0131n\u0131 eve almazd\u0131 babas\u0131. Ka\u00e7al\u0131m dediler bir g\u00fcn. Yok dedi Senem. Ka\u00e7al\u0131m dedi o\u011flan yok dedi Senem. Ben b\u00f6yle bir ate\u015fle yana yana \u00f6l\u00fcr\u00fcmde ka\u00e7mam.Ka\u00e7\u0131p yere y\u0131kmam ba\u015f\u0131n\u0131 babam\u0131n.Babam\u0131n ba\u015f\u0131n\u0131 yere y\u0131kamam. Ba\u015fka \u00e7are yok. Kaideleri y\u0131kacak, iki sevdal\u0131y\u0131 birbirine kavu\u015fturacak, a\u011f\u0131r kuvvetli Y\u00f6r\u00fck beyine bir d\u00fcn\u00fcr kafilesi gerekti.<\/p>\n<p>Bir yi\u011fit sarar\u0131p solar erir giderde,bir bey kad\u0131n\u0131 hatun ana\u2019s\u0131 hissetmezmi.Gayr\u0131 sordular, Osman anlatt\u0131.Bir tek o\u011flan\u0131n derdine \u00e7are bulmak,onu bu dertten bu ac\u0131dan kurtarabilmek i\u00e7in kaideleri bir bir y\u0131kt\u0131 babas\u0131.Etraf \u00e7evrelerden a\u011falar topland\u0131.D\u00fcn\u00fcr kafilesi ve hediyeler haz\u0131rlan\u0131p var\u0131d\u0131 y\u00f6r\u00fck a\u011fas\u0131na. Bir sevin\u00e7 bir umut d\u00fc\u015ft\u00fc i\u00e7ine senemin,bir sevin\u00e7 doldurdu i\u00e7ini Osman a\u011fan\u0131n.Ne kald\u0131ki aha bug\u00fcn olsa yar\u0131n kavu\u015fuverirler.Birbirlerine yak\u0131\u015fan nazarl\u0131k bir \u00e7ift olular. ALLAH&#8217;\u0131n emriyle dediler k\u0131z\u0131n\u0131 istediler.ALLAH yazd\u0131ysa biz ne edek velakin obam\u0131z\u0131n kanunlar\u0131 vard\u0131r. \u0130htiyarlar\u0131m\u0131za soral\u0131m, bir ka\u00e7 g\u00fcn izin verin d\u00fc\u015f\u00fcnelim,iletiriz karar\u0131m\u0131z\u0131.\u0130steriz ki k\u0131z\u0131m\u0131z o\u011flunuza kurban ola,b\u00f6yle bir beyin gelini ola.Ama t\u00f6reler dediler.<\/p>\n<p>Umut i\u00e7inde d\u00f6nd\u00fc d\u00fcn\u00fcr kafilesi.Bir yang\u0131n d\u00fc\u015ft\u00fc i\u00e7ine y\u00f6r\u00fck beyinin.Ama \u00f6l\u00fcrde t\u00f6relerini y\u0131kmaz, a\u015firetin d\u0131\u015f\u0131na k\u0131z vermezdi.Fakat bu \u00e7evrenin en g\u00fc\u00e7l\u00fc adam\u0131 d\u00fcn\u00fcr geliyor.Vermezlerse basarlar obay\u0131 al\u0131r ka\u00e7\u0131r\u0131rlar k\u0131z\u0131.Onlar basmadan biz ka\u00e7mal\u0131y\u0131z dedi oba ya\u015fl\u0131lar\u0131na. Hemen o gece \u00e7ad\u0131rlar s\u00f6k\u00fcld\u00fc, s\u00fcr\u00fc topland\u0131, kervan haz\u0131rland\u0131.Ve Senem i\u00e7i kan a\u011fl\u0131yor.Bir \u00f6l\u00fcden farks\u0131z.T\u00fcm oba yi\u011fitlerinin aras\u0131nda \u00e7ekilip gittiler Yapalaktan.Bir gecede topland\u0131lar gittiler.<\/p>\n<p>Ertesi g\u00fcn t\u00fcm Tan\u0131rl\u0131lar bo\u015f buldular yaylay\u0131.Bin yerinden han\u00e7erlenmi\u015f gibi inledi y\u0131k\u0131ld\u0131 , bir \u00f6l\u00fcden ferks\u0131z oldu Osman. Her yana haberler sal\u0131nd\u0131, s\u00f6zc\u00fcler g\u00f6nderildi.Aylar y\u0131llar s\u00fcrd\u00fc bu aray\u0131\u015f.Ama ne y\u00f6r\u00fck kervan\u0131n\u0131n izine rasland\u0131, nede Senemden bir haber al\u0131nd\u0131.<\/p>\n<p>Y\u0131llar ge\u00e7ti aradan yand\u0131 y\u0131k\u0131ld\u0131 Osman, ama Senemden bir haber alamad\u0131.Talih\u2019i her g\u00fcn biraz daha karard\u0131.Bir d\u00fc\u011f\u00fcnde bir g\u00f6z\u00fcn\u00fc kaybetti.De\u011fen sa\u00e7malarla birlikte anas\u0131 babas\u0131 \u00f6ld\u00fc.G\u00fcnler yel gibi geldi ge\u00e7ti.Onun i\u00e7indeki yang\u0131n ge\u00e7medi unutamad\u0131 Senem\u2019i.On y\u0131l, yirmi y\u0131l, elli y\u0131l, atm\u0131\u015f y\u0131l ge\u00e7ti, bir haber gelmedi Senemden.<\/p>\n<p>Sonra bir yaz g\u00fcn\u00fc evinin \u00f6n\u00fcnde oturup \u00e7ocuklar\u0131yla oynarken; K\u00f6y\u00fcn \u00e7er\u00e7icisi bir ermeni vard\u0131.O geldi ko\u015farak yan\u0131na. A\u011fam dedi! A\u011fam kurban olam haberler neki haberler.Desem y\u0131k\u0131l\u0131rm\u0131s\u0131n yoksa sevinirmisin. Eski bir yaraya tuz mu atar\u0131m. Anlat dedi Yaz\u0131c\u0131o\u011flu.Anlat hele ne istersin.Haberin hay\u0131rl\u0131ysa tarla veririm, de\u011filse \u00e7ek git.<\/p>\n<p>Kozan\u2019dayd\u0131m dedi ermeni \u00e7er\u00e7i, mal satard\u0131m. A\u00e7m\u0131\u015f oturmu\u015ftum metam\u0131, bu\u011fday alm\u0131\u015f kuma\u015f verirdim.\u0130ki b\u00fckl\u00fcm bir ihtiyar geldi yan\u0131ma.Sa\u00e7lar\u0131 ak, g\u00f6zlerinin feri s\u00f6nm\u00fc\u015f bir ihtiyar kad\u0131n.O\u011fuk dedi nerelisin.Tan\u0131rl\u0131y\u0131m ana dedim. Osman a\u011fay\u0131 bilirmisin dedi.Bilirim elbet dedim.\u0130nsan k\u00f6y\u00fcn\u00fcn a\u011fas\u0131n\u0131 bilmezmi?<\/p>\n<p>Ku\u015fa\u011f\u0131ndan bir \u00e7\u0131k\u0131n\u0131 \u00e7\u0131kartt\u0131.Aha bu lapatan\u2019\u0131 elime tutu\u015fturup, Osman a\u011faya s\u00f6yle Senem anan\u0131n selam\u0131 var, y\u00fcre\u011fi y\u00fcre\u011finle birdir.Kimseye yar olmam\u0131\u015ft\u0131r.Bir yayla k\u0131z\u0131 gibi sevmi\u015f bir yayla k\u0131z\u0131 gibi sad\u0131k kalm\u0131\u015ft\u0131r de,Ama gayr\u0131 her \u015fey ge\u00e7ti.gelip aramaya, aray\u0131p sormaya de. A\u011fam selam yerde kalmazm\u0131\u015f getirdim sana, Gayr\u0131 sen bilirsin dedi ermeni <br \/>\u00e7er\u00e7i. Y\u00fcre\u011finde yetmi\u015f y\u0131l evvelin koru yeniden yand\u0131.Osman A\u011fan\u0131n i\u00e7inde kaynar bir \u015fey akt\u0131.Alt\u0131nlar tarlalar verdi ermeni \u00e7er\u00e7iye.At haz\u0131rlatt\u0131, yan\u0131nda iki adam d\u00fc\u015ft\u00fc kozan\u0131n yoluna. Osman A\u011fa Senem le bulu\u015ftumu bunu bilmiyoruz ama, Mara\u015f&#8217;ta Tan\u0131r da. Toros&#8217;larda,Av\u015far illerinde ne zaman bir d\u00fc\u011f\u00fcn kurulsa;\u00d6nce osman a\u011fan\u0131n ald\u0131\u011f\u0131 haberden sonra s\u00f6yledi\u011fi t\u00fcrk\u00fcy\u00fc s\u00f6yler kad\u0131nlar erkekler.Yank\u0131lar\u0131 Toroslar\u0131n Binbo\u011falar\u0131n \u00f6tesine do\u011fru yan\u0131k bir ses, yan\u0131k bir y\u00fcrek. Nerede bir gece toplant\u0131s\u0131 olsa, ya\u015fl\u0131lar gen\u00e7&#8217;lere Senem ile yaz\u0131c\u0131o\u011flu Osman\u0131n sevdalar\u0131n\u0131 anlat\u0131rlar hep.<\/p>\n<p>A\u015fan Bilir Karl\u0131 Da\u011f\u0131n Ard\u0131n\u0131<br \/>\u00c7eken Bilir Ayr\u0131l\u0131\u011f\u0131n Derdini<br \/>B\u00fclb\u00fcl Ka\u00e7a Ald\u0131n G\u00fcl\u00fcn Narg\u0131n\u0131<br \/>G\u00fcl Al\u0131p Satman\u0131n Zaman\u0131 De\u011fil<\/p>\n<p>Yaprak Gazel Olmu\u015f Duruyor Dalda<br \/>Vefas\u0131z G\u00fczelden Bize Ne Fayda<br \/>Bu Ayda Olmazsa Gelecek Ayda<br \/>\u00d6l\u00fcr\u00fcm Vazge\u00e7mem Sevdi\u011fim Senden<\/p>\n<p>Selvinin Dallar\u0131 Boyundan Uzun<br \/>Yavrular G\u00f6z\u00fcme Bir Salk\u0131m \u00dcz\u00fcm<br \/>\u00d6lmeden G\u00f6rseydi O Yari G\u00f6z\u00fcm<br \/>Koyun Kuzu Kurban Olur O Zaman<\/p>\n<p>Ay\u015feg\u00fcl G\u00f6ktepe (Radyo Program Yap\u0131mc\u0131s\u0131)<\/p>\n","protected":false},"excerpt":{"rendered":"<p>A\u015fan Bilir Karl\u0131 Da\u011f\u0131n Ard\u0131n\u0131 (Telli Senem \u0130le Yaz\u0131c\u0131 O\u011flu Osman A\u011fa) Her biri bilinmez bir mezar \u015fimdi.Mezar ta\u015flar\u0131 \u00fcrpertir,\u00fcrk\u00fct\u00fcr insan\u0131.Ama beni,o hassas melteme bile dayanamayacak kadar hafif vucutlar\u0131,y\u00fcreklerinin \u00e7ektikleri,katland\u0131klar\u0131 ve ya\u015fad\u0131klar\u0131 dillere destan, ate\u015f dolu, ac\u0131 dolu hayatlar\u0131 daha \u00e7ok \u00fcrpertmi\u015ftir hep.Mezar ta\u015flar\u0131ndan daha fazla.\u201cSen ne g\u00fczel bulursun gezsen Anadolu\u2019yu\u201d demi\u015f ozan.Demi\u015fya! Ne y\u00fcrekten [&hellip;]<\/p>\n","protected":false},"author":1,"featured_media":0,"comment_status":"open","ping_status":"open","sticky":false,"template":"","format":"standard","meta":{"footnotes":""},"categories":[55],"tags":[],"class_list":{"0":"post-407","1":"post","2":"type-post","3":"status-publish","4":"format-standard","6":"category-oykuleriyle-turkuler"},"yoast_head":"<!-- This site is optimized with the Yoast SEO Premium plugin v24.9 (Yoast SEO v24.9) - https:\/\/yoast.com\/wordpress\/plugins\/seo\/ -->\n<title>A\u015fan Bilir Karl\u0131 Da\u011f\u0131n Ard\u0131n\u0131 - narteks.net<\/title>\n<meta name=\"robots\" content=\"index, follow, max-snippet:-1, max-image-preview:large, max-video-preview:-1\" \/>\n<link rel=\"canonical\" href=\"https:\/\/narteks.net\/index.php\/2009\/03\/12\/asan-bilir-karli-dagin-ardini\/\" \/>\n<meta property=\"og:locale\" content=\"tr_TR\" \/>\n<meta property=\"og:type\" content=\"article\" \/>\n<meta property=\"og:title\" content=\"A\u015fan Bilir Karl\u0131 Da\u011f\u0131n Ard\u0131n\u0131\" \/>\n<meta property=\"og:description\" content=\"A\u015fan Bilir Karl\u0131 Da\u011f\u0131n Ard\u0131n\u0131 (Telli Senem \u0130le Yaz\u0131c\u0131 O\u011flu Osman A\u011fa) Her biri bilinmez bir mezar \u015fimdi.Mezar ta\u015flar\u0131 \u00fcrpertir,\u00fcrk\u00fct\u00fcr insan\u0131.Ama beni,o hassas melteme bile dayanamayacak kadar hafif vucutlar\u0131,y\u00fcreklerinin \u00e7ektikleri,katland\u0131klar\u0131 ve ya\u015fad\u0131klar\u0131 dillere destan, ate\u015f dolu, ac\u0131 dolu hayatlar\u0131 daha \u00e7ok \u00fcrpertmi\u015ftir hep.Mezar ta\u015flar\u0131ndan daha fazla.\u201cSen ne g\u00fczel bulursun gezsen Anadolu\u2019yu\u201d demi\u015f ozan.Demi\u015fya! Ne y\u00fcrekten [&hellip;]\" \/>\n<meta property=\"og:url\" content=\"https:\/\/narteks.net\/index.php\/2009\/03\/12\/asan-bilir-karli-dagin-ardini\/\" \/>\n<meta property=\"og:site_name\" content=\"narteks.net\" \/>\n<meta property=\"article:published_time\" content=\"2009-03-12T20:48:15+00:00\" \/>\n<meta property=\"og:image\" content=\"https:\/\/narteks.net\/wp-content\/uploads\/narteks.png\" \/>\n\t<meta property=\"og:image:width\" content=\"300\" \/>\n\t<meta property=\"og:image:height\" content=\"90\" \/>\n\t<meta property=\"og:image:type\" content=\"image\/png\" \/>\n<meta name=\"author\" content=\"Tar\u0131k\" \/>\n<meta name=\"twitter:card\" content=\"summary_large_image\" \/>\n<meta name=\"twitter:creator\" content=\"@narteks\" \/>\n<meta name=\"twitter:site\" content=\"@narteks\" \/>\n<meta name=\"twitter:label1\" content=\"Yazan:\" \/>\n\t<meta name=\"twitter:data1\" content=\"Tar\u0131k\" \/>\n\t<meta name=\"twitter:label2\" content=\"Tahmini okuma s\u00fcresi\" \/>\n\t<meta name=\"twitter:data2\" content=\"11 dakika\" \/>\n<script type=\"application\/ld+json\" class=\"yoast-schema-graph\">{\"@context\":\"https:\/\/schema.org\",\"@graph\":[{\"@type\":\"Article\",\"@id\":\"https:\/\/narteks.net\/index.php\/2009\/03\/12\/asan-bilir-karli-dagin-ardini\/#article\",\"isPartOf\":{\"@id\":\"https:\/\/narteks.net\/index.php\/2009\/03\/12\/asan-bilir-karli-dagin-ardini\/\"},\"author\":{\"name\":\"Tar\u0131k\",\"@id\":\"https:\/\/narteks.net\/#\/schema\/person\/61f37d9834294b72d31d274e7ed79bca\"},\"headline\":\"A\u015fan Bilir Karl\u0131 Da\u011f\u0131n Ard\u0131n\u0131\",\"datePublished\":\"2009-03-12T20:48:15+00:00\",\"mainEntityOfPage\":{\"@id\":\"https:\/\/narteks.net\/index.php\/2009\/03\/12\/asan-bilir-karli-dagin-ardini\/\"},\"wordCount\":2155,\"commentCount\":0,\"publisher\":{\"@id\":\"https:\/\/narteks.net\/#organization\"},\"articleSection\":[\"\u00d6yk\u00fcleriyle T\u00fcrk\u00fcler\"],\"inLanguage\":\"tr\",\"potentialAction\":[{\"@type\":\"CommentAction\",\"name\":\"Comment\",\"target\":[\"https:\/\/narteks.net\/index.php\/2009\/03\/12\/asan-bilir-karli-dagin-ardini\/#respond\"]}]},{\"@type\":\"WebPage\",\"@id\":\"https:\/\/narteks.net\/index.php\/2009\/03\/12\/asan-bilir-karli-dagin-ardini\/\",\"url\":\"https:\/\/narteks.net\/index.php\/2009\/03\/12\/asan-bilir-karli-dagin-ardini\/\",\"name\":\"A\u015fan Bilir Karl\u0131 Da\u011f\u0131n Ard\u0131n\u0131 - narteks.net\",\"isPartOf\":{\"@id\":\"https:\/\/narteks.net\/#website\"},\"datePublished\":\"2009-03-12T20:48:15+00:00\",\"breadcrumb\":{\"@id\":\"https:\/\/narteks.net\/index.php\/2009\/03\/12\/asan-bilir-karli-dagin-ardini\/#breadcrumb\"},\"inLanguage\":\"tr\",\"potentialAction\":[{\"@type\":\"ReadAction\",\"target\":[\"https:\/\/narteks.net\/index.php\/2009\/03\/12\/asan-bilir-karli-dagin-ardini\/\"]}]},{\"@type\":\"BreadcrumbList\",\"@id\":\"https:\/\/narteks.net\/index.php\/2009\/03\/12\/asan-bilir-karli-dagin-ardini\/#breadcrumb\",\"itemListElement\":[{\"@type\":\"ListItem\",\"position\":1,\"name\":\"Anasayfa\",\"item\":\"https:\/\/narteks.net\/\"},{\"@type\":\"ListItem\",\"position\":2,\"name\":\"A\u015fan Bilir Karl\u0131 Da\u011f\u0131n Ard\u0131n\u0131\"}]},{\"@type\":\"WebSite\",\"@id\":\"https:\/\/narteks.net\/#website\",\"url\":\"https:\/\/narteks.net\/\",\"name\":\"narteks.net\",\"description\":\"K\u00fclt\u00fcr Sanat Edebiyat Felsefe\",\"publisher\":{\"@id\":\"https:\/\/narteks.net\/#organization\"},\"alternateName\":\"K\u00fclt\u00fcr Sanat Edebiyat Felsefe\",\"potentialAction\":[{\"@type\":\"SearchAction\",\"target\":{\"@type\":\"EntryPoint\",\"urlTemplate\":\"https:\/\/narteks.net\/?s={search_term_string}\"},\"query-input\":{\"@type\":\"PropertyValueSpecification\",\"valueRequired\":true,\"valueName\":\"search_term_string\"}}],\"inLanguage\":\"tr\"},{\"@type\":\"Organization\",\"@id\":\"https:\/\/narteks.net\/#organization\",\"name\":\"narteks.net\",\"url\":\"https:\/\/narteks.net\/\",\"logo\":{\"@type\":\"ImageObject\",\"inLanguage\":\"tr\",\"@id\":\"https:\/\/narteks.net\/#\/schema\/logo\/image\/\",\"url\":\"https:\/\/narteks.net\/wp-content\/uploads\/narteks.png\",\"contentUrl\":\"https:\/\/narteks.net\/wp-content\/uploads\/narteks.png\",\"width\":300,\"height\":90,\"caption\":\"narteks.net\"},\"image\":{\"@id\":\"https:\/\/narteks.net\/#\/schema\/logo\/image\/\"},\"sameAs\":[\"https:\/\/x.com\/narteks\",\"https:\/\/instagram.com\/narteksnet\"]},{\"@type\":\"Person\",\"@id\":\"https:\/\/narteks.net\/#\/schema\/person\/61f37d9834294b72d31d274e7ed79bca\",\"name\":\"Tar\u0131k\",\"image\":{\"@type\":\"ImageObject\",\"inLanguage\":\"tr\",\"@id\":\"https:\/\/narteks.net\/#\/schema\/person\/image\/\",\"url\":\"https:\/\/secure.gravatar.com\/avatar\/50865afb55632c4ae467e0af0930f6510aa2297d8014be502a55b14f3b7550cf?s=96&d=mm&r=g\",\"contentUrl\":\"https:\/\/secure.gravatar.com\/avatar\/50865afb55632c4ae467e0af0930f6510aa2297d8014be502a55b14f3b7550cf?s=96&d=mm&r=g\",\"caption\":\"Tar\u0131k\"},\"sameAs\":[\"http:\/\/narteks.net\"],\"url\":\"https:\/\/narteks.net\/index.php\/author\/narbak\/\"}]}<\/script>\n<!-- \/ Yoast SEO Premium plugin. -->","yoast_head_json":{"title":"A\u015fan Bilir Karl\u0131 Da\u011f\u0131n Ard\u0131n\u0131 - narteks.net","robots":{"index":"index","follow":"follow","max-snippet":"max-snippet:-1","max-image-preview":"max-image-preview:large","max-video-preview":"max-video-preview:-1"},"canonical":"https:\/\/narteks.net\/index.php\/2009\/03\/12\/asan-bilir-karli-dagin-ardini\/","og_locale":"tr_TR","og_type":"article","og_title":"A\u015fan Bilir Karl\u0131 Da\u011f\u0131n Ard\u0131n\u0131","og_description":"A\u015fan Bilir Karl\u0131 Da\u011f\u0131n Ard\u0131n\u0131 (Telli Senem \u0130le Yaz\u0131c\u0131 O\u011flu Osman A\u011fa) Her biri bilinmez bir mezar \u015fimdi.Mezar ta\u015flar\u0131 \u00fcrpertir,\u00fcrk\u00fct\u00fcr insan\u0131.Ama beni,o hassas melteme bile dayanamayacak kadar hafif vucutlar\u0131,y\u00fcreklerinin \u00e7ektikleri,katland\u0131klar\u0131 ve ya\u015fad\u0131klar\u0131 dillere destan, ate\u015f dolu, ac\u0131 dolu hayatlar\u0131 daha \u00e7ok \u00fcrpertmi\u015ftir hep.Mezar ta\u015flar\u0131ndan daha fazla.\u201cSen ne g\u00fczel bulursun gezsen Anadolu\u2019yu\u201d demi\u015f ozan.Demi\u015fya! Ne y\u00fcrekten [&hellip;]","og_url":"https:\/\/narteks.net\/index.php\/2009\/03\/12\/asan-bilir-karli-dagin-ardini\/","og_site_name":"narteks.net","article_published_time":"2009-03-12T20:48:15+00:00","og_image":[{"width":300,"height":90,"url":"https:\/\/narteks.net\/wp-content\/uploads\/narteks.png","type":"image\/png"}],"author":"Tar\u0131k","twitter_card":"summary_large_image","twitter_creator":"@narteks","twitter_site":"@narteks","twitter_misc":{"Yazan:":"Tar\u0131k","Tahmini okuma s\u00fcresi":"11 dakika"},"schema":{"@context":"https:\/\/schema.org","@graph":[{"@type":"Article","@id":"https:\/\/narteks.net\/index.php\/2009\/03\/12\/asan-bilir-karli-dagin-ardini\/#article","isPartOf":{"@id":"https:\/\/narteks.net\/index.php\/2009\/03\/12\/asan-bilir-karli-dagin-ardini\/"},"author":{"name":"Tar\u0131k","@id":"https:\/\/narteks.net\/#\/schema\/person\/61f37d9834294b72d31d274e7ed79bca"},"headline":"A\u015fan Bilir Karl\u0131 Da\u011f\u0131n Ard\u0131n\u0131","datePublished":"2009-03-12T20:48:15+00:00","mainEntityOfPage":{"@id":"https:\/\/narteks.net\/index.php\/2009\/03\/12\/asan-bilir-karli-dagin-ardini\/"},"wordCount":2155,"commentCount":0,"publisher":{"@id":"https:\/\/narteks.net\/#organization"},"articleSection":["\u00d6yk\u00fcleriyle T\u00fcrk\u00fcler"],"inLanguage":"tr","potentialAction":[{"@type":"CommentAction","name":"Comment","target":["https:\/\/narteks.net\/index.php\/2009\/03\/12\/asan-bilir-karli-dagin-ardini\/#respond"]}]},{"@type":"WebPage","@id":"https:\/\/narteks.net\/index.php\/2009\/03\/12\/asan-bilir-karli-dagin-ardini\/","url":"https:\/\/narteks.net\/index.php\/2009\/03\/12\/asan-bilir-karli-dagin-ardini\/","name":"A\u015fan Bilir Karl\u0131 Da\u011f\u0131n Ard\u0131n\u0131 - narteks.net","isPartOf":{"@id":"https:\/\/narteks.net\/#website"},"datePublished":"2009-03-12T20:48:15+00:00","breadcrumb":{"@id":"https:\/\/narteks.net\/index.php\/2009\/03\/12\/asan-bilir-karli-dagin-ardini\/#breadcrumb"},"inLanguage":"tr","potentialAction":[{"@type":"ReadAction","target":["https:\/\/narteks.net\/index.php\/2009\/03\/12\/asan-bilir-karli-dagin-ardini\/"]}]},{"@type":"BreadcrumbList","@id":"https:\/\/narteks.net\/index.php\/2009\/03\/12\/asan-bilir-karli-dagin-ardini\/#breadcrumb","itemListElement":[{"@type":"ListItem","position":1,"name":"Anasayfa","item":"https:\/\/narteks.net\/"},{"@type":"ListItem","position":2,"name":"A\u015fan Bilir Karl\u0131 Da\u011f\u0131n Ard\u0131n\u0131"}]},{"@type":"WebSite","@id":"https:\/\/narteks.net\/#website","url":"https:\/\/narteks.net\/","name":"narteks.net","description":"K\u00fclt\u00fcr Sanat Edebiyat Felsefe","publisher":{"@id":"https:\/\/narteks.net\/#organization"},"alternateName":"K\u00fclt\u00fcr Sanat Edebiyat Felsefe","potentialAction":[{"@type":"SearchAction","target":{"@type":"EntryPoint","urlTemplate":"https:\/\/narteks.net\/?s={search_term_string}"},"query-input":{"@type":"PropertyValueSpecification","valueRequired":true,"valueName":"search_term_string"}}],"inLanguage":"tr"},{"@type":"Organization","@id":"https:\/\/narteks.net\/#organization","name":"narteks.net","url":"https:\/\/narteks.net\/","logo":{"@type":"ImageObject","inLanguage":"tr","@id":"https:\/\/narteks.net\/#\/schema\/logo\/image\/","url":"https:\/\/narteks.net\/wp-content\/uploads\/narteks.png","contentUrl":"https:\/\/narteks.net\/wp-content\/uploads\/narteks.png","width":300,"height":90,"caption":"narteks.net"},"image":{"@id":"https:\/\/narteks.net\/#\/schema\/logo\/image\/"},"sameAs":["https:\/\/x.com\/narteks","https:\/\/instagram.com\/narteksnet"]},{"@type":"Person","@id":"https:\/\/narteks.net\/#\/schema\/person\/61f37d9834294b72d31d274e7ed79bca","name":"Tar\u0131k","image":{"@type":"ImageObject","inLanguage":"tr","@id":"https:\/\/narteks.net\/#\/schema\/person\/image\/","url":"https:\/\/secure.gravatar.com\/avatar\/50865afb55632c4ae467e0af0930f6510aa2297d8014be502a55b14f3b7550cf?s=96&d=mm&r=g","contentUrl":"https:\/\/secure.gravatar.com\/avatar\/50865afb55632c4ae467e0af0930f6510aa2297d8014be502a55b14f3b7550cf?s=96&d=mm&r=g","caption":"Tar\u0131k"},"sameAs":["http:\/\/narteks.net"],"url":"https:\/\/narteks.net\/index.php\/author\/narbak\/"}]}},"_links":{"self":[{"href":"https:\/\/narteks.net\/index.php\/wp-json\/wp\/v2\/posts\/407","targetHints":{"allow":["GET"]}}],"collection":[{"href":"https:\/\/narteks.net\/index.php\/wp-json\/wp\/v2\/posts"}],"about":[{"href":"https:\/\/narteks.net\/index.php\/wp-json\/wp\/v2\/types\/post"}],"author":[{"embeddable":true,"href":"https:\/\/narteks.net\/index.php\/wp-json\/wp\/v2\/users\/1"}],"replies":[{"embeddable":true,"href":"https:\/\/narteks.net\/index.php\/wp-json\/wp\/v2\/comments?post=407"}],"version-history":[{"count":0,"href":"https:\/\/narteks.net\/index.php\/wp-json\/wp\/v2\/posts\/407\/revisions"}],"wp:attachment":[{"href":"https:\/\/narteks.net\/index.php\/wp-json\/wp\/v2\/media?parent=407"}],"wp:term":[{"taxonomy":"category","embeddable":true,"href":"https:\/\/narteks.net\/index.php\/wp-json\/wp\/v2\/categories?post=407"},{"taxonomy":"post_tag","embeddable":true,"href":"https:\/\/narteks.net\/index.php\/wp-json\/wp\/v2\/tags?post=407"}],"curies":[{"name":"wp","href":"https:\/\/api.w.org\/{rel}","templated":true}]}}