{"id":4071,"date":"2010-01-26T10:07:29","date_gmt":"2010-01-26T07:07:29","guid":{"rendered":"http:\/\/localhost\/wordpress\/2010\/01\/26\/devlet-iyilik-yapmaz-sadece-iyiligi-temsil-eder-ulus-baker\/"},"modified":"2010-01-26T10:07:29","modified_gmt":"2010-01-26T07:07:29","slug":"devlet-iyilik-yapmaz-sadece-iyiligi-temsil-eder-ulus-baker","status":"publish","type":"post","link":"https:\/\/narteks.net\/index.php\/2010\/01\/26\/devlet-iyilik-yapmaz-sadece-iyiligi-temsil-eder-ulus-baker\/","title":{"rendered":"Devlet iyilik yapmaz , sadece iyili\u011fi temsil eder | Ulus Baker"},"content":{"rendered":"<p><strong><img loading=\"lazy\" decoding=\"async\" src=\"http:\/\/img.blogcu.com\/uploads\/ahtbozkurt_ulus_bw.jpg\" border=\"0\" width=\"155\" height=\"205\" style=\"float: left;\" \/><\/strong><\/p>\n<p><strong> <\/strong><\/p>\n<p style=\"text-align: justify;\">\u015eikayet ve itiraz g\u00fcn\u00fcm\u00fczde, modern toplumlar\u0131n kulak verilmeyen yak\u0131nmas\u0131 oldu. \u0130lerlemi\u015f toplumlarda salt itiraz ve \u015fikayetle yeterli bir g\u00fc\u00e7 kazan\u0131lamayaca\u011f\u0131 a\u00e7\u0131kt\u0131r.Bir yanda; i\u015fgal, \u015fiddet, ter\u00f6r ve soyk\u0131r\u0131m, di\u011fer yanda \u201culuslararas\u0131 bar\u0131\u015f\u201d\u0131n g\u00fc\u00e7s\u00fcz, parampar\u00e7a kurumlar\u0131 var. Siyasi faaliyet alan\u0131n\u0131n bu iki ucu aras\u0131nda \u201cehven-i \u015fer\u201di kabullenme buyru\u011funun bask\u0131s\u0131 alt\u0131nday\u0131z. Londra&#8217;da ya\u015fananlar da buna denk d\u00fc\u015f\u00fcyor. Siyasal alan\u0131n daralmas\u0131n\u0131n bir tezah\u00fcr\u00fc.\u015eunu sorabiliriz, e\u011fer bunal\u0131m yeniyse neden \u201c\u0130slami k\u00f6ktencilik\u201d gibi eski kli\u015feleri kullan\u0131yoruz? Bu siyasal alan\u0131 yeniden \u00fcretmek zorunda olan Ayd\u0131nlanma retori\u011finin \u201colgusal\u201d olarak iflas etti\u011fini g\u00f6sterir.<\/p>\n<p><strong>\u2018G\u00f6r\u00fc\u015f&#8217; ve \u2018Kan\u0131&#8217; toplumu<\/strong><\/p>\n<p>Kamuoyu g\u00f6r\u00fc\u015fler ve kan\u0131lar taraf\u0131ndan y\u00f6nlendirilen bir topluma ili\u015fkindir. Yani beliri\u015fleri \u00e7o\u011fu zaman sessizdir ama derin de\u011fil, \u00f6rne\u011fin g\u00fcn\u00fcm\u00fczde se\u00e7imlerle kamuoyu ara\u015ft\u0131rmalar\u0131n\u0131n aras\u0131nda fazla bir fark bulunmaz.<\/p>\n<p>Kamuoyu toplumu modern demokrasinin \u201c\u00f6z\u00fc\u201d olarak niteleniyor. Bunun nedeni, \u201cg\u00f6r\u00fc\u015flerin ifadesi\u201d ile \u201ceylem\u201d aras\u0131nda birincinin lehine bir tercih yapmas\u0131. Siyasal bir eylem, bir g\u00f6r\u00fc\u015f\u00fcn ifadesi olarak belirdi\u011finde kamuoyu nezdinde yer bulurken, salt eylem olarak belirse, rahats\u0131zl\u0131k veriyor.<\/p>\n<p><strong>Protesto ve ter\u00f6r<\/strong><\/p>\n<p>Protesto dedi\u011fimiz \u015fey bir anlamda, kendisine soru sorulmadan bir birey ya da toplulu\u011fun, grup ya da \u201chareketin\u201d cevap veri\u015fidir. Modern demokrasi, medyatik varolu\u015fu i\u00e7inde bu sorusuz cevaplar\u0131 tan\u0131mak, evcille\u015ftirmeye \u00e7abalamak zorunda kald\u0131.<\/p>\n<p>Ter\u00f6r, 19. y\u00fczy\u0131l siyasal alanlar\u0131n\u0131n g\u00fcn\u00fcm\u00fcze miras\u0131d\u0131r diyebiliriz; platonik ya da evcille\u015ftirilmi\u015f tan\u0131m\u0131n\u0131 \u015fiddette bulur. Ancak \u015fiddet, ter\u00f6r\u00fcn bir d\u0131\u015fla\u015fmas\u0131, belki de ka\u00e7\u0131namad\u0131\u011f\u0131 sonucu olabilir, ama hi\u00e7bir zaman olmazsa olmaz ko\u015fulu ya da ilkesi de\u011fildir. G\u00f6r\u00fc\u015fler ve kan\u0131lar d\u00fcnyas\u0131ndaki hesapla\u015fmalar\u0131n de\u011fil, deneyimlerin, isteklerin ve sloganlar\u0131n oyna\u015ft\u0131\u011f\u0131 bir y\u00fczeyi i\u015faret eder.<\/p>\n<p><strong>\u015eikayet ve itiraz<\/strong><\/p>\n<p>\u015eikayet ve itiraz g\u00fcn\u00fcm\u00fczde, modern toplumlar\u0131n kulak verilmeyen yak\u0131nmas\u0131 oldu. \u0130lerlemi\u015f toplumlarda salt itiraz ve \u015fikayetle yeterli bir g\u00fc\u00e7 kazan\u0131lamayaca\u011f\u0131 a\u00e7\u0131kt\u0131r.<\/p>\n<p>Ter\u00f6r ise, \u015fikayet ve itiraz\u0131n boyunduru\u011fu alt\u0131nda de\u011fildir. Konu\u015fma dilinden \u00e7ok beden diline, olaylar\u0131n diline yak\u0131nd\u0131r. Her an, her yerden f\u0131\u015fk\u0131rabilecek bir tehlike olarak ter\u00f6r, vir\u00fctik bir siyaset alan\u0131na sahiptir. Oynad\u0131\u011f\u0131 alan i\u00e7in kentlilik ve globallik denilebilir.<\/p>\n<p>Ter\u00f6r, siyaseti art\u0131k bir pozisyon m\u00fccadelesi olarak g\u00f6rmeyen, m\u00fccadelenin bi\u00e7imini de\u011fi\u015ftirerek, ruhlar ve canlar \u00fczerindeki tehdidi bir bak\u0131ma mutlakla\u015ft\u0131ran tek \u201cmodern\u201d gerilla prati\u011fidir.<\/p>\n<p><strong>\u201cTer\u00f6rist\u201d tipinin psikolojisi<\/strong><\/p>\n<p>Ter\u00f6rist tipinin psikolojisi \u00fczerine \u00e7ok \u015fey yaz\u0131l\u0131p \u00e7izildi. Say\u0131s\u0131z ara\u015ft\u0131rma, ter\u00f6ristin bir ideolojiye sahip olamayan, aksine her t\u00fcrl\u00fc ideolojik tasar\u0131mdan uzak bir yerde, \u201cmodern d\u00fcnyan\u0131n getirdi\u011fi umutsuzluklar\u201d vb. t\u00fcr\u00fcnden al\u0131\u015f\u0131ld\u0131k mazeretlerin bir sonucu olarak g\u00f6r\u00fcld\u00fc.<\/p>\n<p>Sanki hi\u00e7bir toplumsal \/ ideolojik konuma sahip olmayan, i\u00e7inde herhangi bir d\u00fc\u015f\u00fcncenin, bir ama\u00e7-ara\u00e7 seferberli\u011finin yer almad\u0131\u011f\u0131 bir ya\u015fant\u0131yd\u0131 ter\u00f6r. \u0130yile\u015ftirme ve yola getirme ara\u00e7lar\u0131 iyi i\u015fleseydi, sanki ter\u00f6re hi\u00e7 meydan verilmezdi. Geli\u015fmi\u015f \u00fclkeler bu hesab\u0131n yanl\u0131\u015fl\u0131\u011f\u0131n\u0131 yeni yeni anl\u0131yor. \u201cYa\u015fam tarz\u0131m\u0131za sald\u0131r\u0131ld\u0131,\u201d s\u00f6z\u00fc, ne yapaca\u011f\u0131n\u0131 bilmeyen bir otoritenin t\u0131kan\u0131p kald\u0131\u011f\u0131 an\u0131n itiraf\u0131d\u0131r.<\/p>\n<p><strong>Siyasal alana do\u011frudan sald\u0131r\u0131<\/strong><\/p>\n<p>Ter\u00f6r \u00f6rg\u00fctlerinin yanl\u0131\u015f yorumlanan mant\u0131\u011f\u0131n\u0131 ele almaktansa, ter\u00f6rle kar\u015f\u0131 kar\u015f\u0131ya kalm\u0131\u015f bir toplumun, bir iktidar\u0131n tav\u0131rlar\u0131n\u0131 ele almak, bu olguyu daha iyi ayd\u0131nlat\u0131r.<\/p>\n<p>Ter\u00f6r, yaln\u0131zca kendini ifade edecek siyasal alan bulamayanlar\u0131n, alan bulamamaktan do\u011fan bir sapmas\u0131 de\u011fil, varolan siyasal alan\u0131n kendisine y\u00f6neltilen bir protestodur.<\/p>\n<p>Ama\u00e7 her zaman gizli, fark edilmez olmakt\u0131r. Modern d\u00fcnyan\u0131n \u201ca\u00e7\u0131kl\u0131k\u201d, \u201csaydaml\u0131k\u201d eti\u011finin ta kendisine do\u011frudan bir sald\u0131r\u0131d\u0131r. Zira bu etik Gorba\u00e7ov&#8217;un Glasnost politikas\u0131ndan bu yana salt kendi i\u00e7inde bir de\u011fermi\u015f gibi benimsenmekteydi.<\/p>\n<p><strong>Y\u00fczeyde kal!<\/strong><\/p>\n<p>Modern siyaset alan\u0131, her \u015feyin y\u00fczeyde yer almas\u0131n\u0131 istiyor. Herhangi bir derinlik, gizlilik, herkesin anlayabilece\u011fi bir \u015fekilde basitle\u015ftirilmeyen, v\u00fclgarize edilmeyen her \u015fey katlan\u0131lmaz g\u00f6r\u00fcl\u00fcyor. \u0130\u015fte bu g\u00fcn siyaset, bu derin d\u00fc\u015f\u00fcnce, ahlak ve anlay\u0131\u015flardan sak\u0131nma prati\u011fine d\u00f6n\u00fc\u015ft\u00fc.<\/p>\n<p>Ter\u00f6r\u00fc bir sahte siyaset bi\u00e7imi olarak d\u0131\u015flamak, modern rejimlerin ikiy\u00fczl\u00fcl\u00fc\u011f\u00fcd\u00fcr. Bu ikiy\u00fczl\u00fcl\u00fc\u011fe modern rejimler taraf\u0131ndan g\u00fcd\u00fclen halklar\u0131n, ter\u00f6r kar\u015f\u0131s\u0131ndaki \u015fa\u015fk\u0131nl\u0131\u011f\u0131 ve sessizli\u011fi de kar\u0131\u015ft\u0131. Bug\u00fcn kendisinden iktisadi ve siyasi alanda hi\u00e7bir \u015fey beklenmeyen devlet, yaln\u0131zca ter\u00f6r\u00fc ortadan kald\u0131rma rol\u00fcyle me\u015frula\u015ft\u0131rmaya \u00e7al\u0131\u015f\u0131yor kendini.<\/p>\n<p><strong>\u00dc\u00e7 kutup<\/strong><\/p>\n<p>Masumiyeti temsil eden halk, iyili\u011fi temsil eden devlet ve k\u00f6t\u00fcl\u00fc\u011f\u00fcn kendisi olan ter\u00f6r \u00f6rg\u00fct\u00fc&#8230; Bu \u00fc\u00e7leme, modern siyasal alan\u0131n \u00fc\u00e7 kutbunu olu\u015fturuyor. Ama devlet, iyili\u011fi yaln\u0131zca \u201ctemsil eder\u201d, iyilik kendine ait de\u011fildir.<\/p>\n<p>Halk ise kendinden masum de\u011fildir. \u0130ktidar taraf\u0131ndan kendisine hizmet edilecek bir ama\u00e7 olarak ilan edilmi\u015f varl\u0131kt\u0131r. \u0130nsanlar\u0131n \u00fczerine bu masumiyet, ancak su\u00e7a ve ter\u00f6re kar\u0131\u015farak atabilecekleri bir y\u00fcklem olarak yap\u0131\u015fm\u0131\u015ft\u0131r.<\/p>\n<p>\u0130\u015fte ter\u00f6r bu \u201cmasum\u201d etiketini vuran faaliyet bi\u00e7imidir. Ter\u00f6rist eylem her zaman do\u011frudand\u0131r; \u201canlams\u0131z\u201d oldu\u011fu d\u00fc\u015f\u00fcn\u00fclebilir ama herhangi bir etkiye yol a\u00e7mad\u0131\u011f\u0131 s\u00f6ylenemez. Bir itiraz\u0131, bir adaletsizli\u011fi i\u015faretler ama a\u00e7\u0131klama ve ortadan kald\u0131rma gayreti de\u011fildir.<\/p>\n<p><strong>Kadim devlet<\/strong><\/p>\n<p>Do\u011frudan olumsuz eylem, maruz kalan\u0131n g\u00f6z\u00fcnde yaln\u0131zca olumsuzlu\u011fu g\u00f6r\u00fclen, lanetlenmi\u015f bir eylem t\u00fcr\u00fcd\u00fcr. Do\u011frudan m\u0131 yoksa dolayl\u0131 m\u0131 oldu\u011funa ilgi g\u00f6sterilmez. \u00c7\u00fcnk\u00fc modern d\u00fcnyan\u0131n olumlu olumsuz her t\u00fcrl\u00fc eylemi, \u201cdo\u011frudan\u201d olmal\u0131d\u0131r.<\/p>\n<p>Modern d\u00fcnya, b\u00f6ylece dolayl\u0131 olan\u0131 d\u0131\u015flar. Tanr\u0131 insan s\u00fcr\u00fclerinin sadece yarat\u0131c\u0131s\u0131 de\u011fil, \u00e7oban\u0131 olmal\u0131, onlar\u0131 her an ve her yerde g\u00fctmeli, kendini onlara adamal\u0131d\u0131r. H\u00fck\u00fcmet, yaln\u0131zca halk\u0131 g\u00fctmekle kalmamal\u0131, ona hizmet etmeli, g\u00fcvenlik ve rahatl\u0131\u011f\u0131n\u0131 sa\u011flamal\u0131d\u0131r.<\/p>\n<p>As\u0131rlard\u0131r var olan kadim devlet, kendini me\u015frula\u015ft\u0131rmak i\u00e7in \u201chizmet\u201d \u00f6d\u00fcn\u00fcn\u00fc verir. Ter\u00f6rizmin, do\u011frudan olumsuz eyleminin kar\u015f\u0131s\u0131nda, devletin do\u011frudan olumlu eylemi me\u015fru g\u00f6r\u00fcl\u00fcr.<\/p>\n<p>Weberyenlerin, devletin tek me\u015fru \u015fiddet miras\u00e7\u0131s\u0131 oldu\u011funu s\u00f6yleyip durmalar\u0131 bundan. \u015eiddetin do\u011frudan m\u0131 yoksa dolayl\u0131 m\u0131 oldu\u011fu \u00fcst\u00fcne kafa yormam\u0131\u015flard\u0131r tabii.<\/p>\n<p>( Hayvan Dergisi , Cilt:5, Say\u0131: 39, Sayfa: 52\u201353)<\/p>\n","protected":false},"excerpt":{"rendered":"<p>\u015eikayet ve itiraz g\u00fcn\u00fcm\u00fczde, modern toplumlar\u0131n kulak verilmeyen yak\u0131nmas\u0131 oldu. \u0130lerlemi\u015f toplumlarda salt itiraz ve \u015fikayetle yeterli bir g\u00fc\u00e7 kazan\u0131lamayaca\u011f\u0131 a\u00e7\u0131kt\u0131r.Bir yanda; i\u015fgal, \u015fiddet, ter\u00f6r ve soyk\u0131r\u0131m, di\u011fer yanda \u201culuslararas\u0131 bar\u0131\u015f\u201d\u0131n g\u00fc\u00e7s\u00fcz, parampar\u00e7a kurumlar\u0131 var. Siyasi faaliyet alan\u0131n\u0131n bu iki ucu aras\u0131nda \u201cehven-i \u015fer\u201di kabullenme buyru\u011funun bask\u0131s\u0131 alt\u0131nday\u0131z. Londra&#8217;da ya\u015fananlar da buna denk d\u00fc\u015f\u00fcyor. Siyasal [&hellip;]<\/p>\n","protected":false},"author":1,"featured_media":0,"comment_status":"open","ping_status":"open","sticky":false,"template":"","format":"standard","meta":{"footnotes":""},"categories":[98],"tags":[],"class_list":{"0":"post-4071","1":"post","2":"type-post","3":"status-publish","4":"format-standard","6":"category-turkiye"},"yoast_head":"<!-- This site is optimized with the Yoast SEO Premium plugin v24.9 (Yoast SEO v24.9) - https:\/\/yoast.com\/wordpress\/plugins\/seo\/ -->\n<title>Devlet iyilik yapmaz , sadece iyili\u011fi temsil eder | Ulus Baker - narteks.net<\/title>\n<meta name=\"robots\" content=\"index, follow, max-snippet:-1, max-image-preview:large, max-video-preview:-1\" \/>\n<link rel=\"canonical\" href=\"https:\/\/narteks.net\/index.php\/2010\/01\/26\/devlet-iyilik-yapmaz-sadece-iyiligi-temsil-eder-ulus-baker\/\" \/>\n<meta property=\"og:locale\" content=\"tr_TR\" \/>\n<meta property=\"og:type\" content=\"article\" \/>\n<meta property=\"og:title\" content=\"Devlet iyilik yapmaz , sadece iyili\u011fi temsil eder | Ulus Baker\" \/>\n<meta property=\"og:description\" content=\"\u015eikayet ve itiraz g\u00fcn\u00fcm\u00fczde, modern toplumlar\u0131n kulak verilmeyen yak\u0131nmas\u0131 oldu. \u0130lerlemi\u015f toplumlarda salt itiraz ve \u015fikayetle yeterli bir g\u00fc\u00e7 kazan\u0131lamayaca\u011f\u0131 a\u00e7\u0131kt\u0131r.Bir yanda; i\u015fgal, \u015fiddet, ter\u00f6r ve soyk\u0131r\u0131m, di\u011fer yanda \u201culuslararas\u0131 bar\u0131\u015f\u201d\u0131n g\u00fc\u00e7s\u00fcz, parampar\u00e7a kurumlar\u0131 var. Siyasi faaliyet alan\u0131n\u0131n bu iki ucu aras\u0131nda \u201cehven-i \u015fer\u201di kabullenme buyru\u011funun bask\u0131s\u0131 alt\u0131nday\u0131z. Londra&#8217;da ya\u015fananlar da buna denk d\u00fc\u015f\u00fcyor. Siyasal [&hellip;]\" \/>\n<meta property=\"og:url\" content=\"https:\/\/narteks.net\/index.php\/2010\/01\/26\/devlet-iyilik-yapmaz-sadece-iyiligi-temsil-eder-ulus-baker\/\" \/>\n<meta property=\"og:site_name\" content=\"narteks.net\" \/>\n<meta property=\"article:published_time\" content=\"2010-01-26T07:07:29+00:00\" \/>\n<meta property=\"og:image\" content=\"http:\/\/img.blogcu.com\/uploads\/ahtbozkurt_ulus_bw.jpg\" \/>\n<meta name=\"author\" content=\"Tar\u0131k\" \/>\n<meta name=\"twitter:card\" content=\"summary_large_image\" \/>\n<meta name=\"twitter:creator\" content=\"@narteks\" \/>\n<meta name=\"twitter:site\" content=\"@narteks\" \/>\n<meta name=\"twitter:label1\" content=\"Yazan:\" \/>\n\t<meta name=\"twitter:data1\" content=\"Tar\u0131k\" \/>\n\t<meta name=\"twitter:label2\" content=\"Tahmini okuma s\u00fcresi\" \/>\n\t<meta name=\"twitter:data2\" content=\"6 dakika\" \/>\n<script type=\"application\/ld+json\" class=\"yoast-schema-graph\">{\"@context\":\"https:\/\/schema.org\",\"@graph\":[{\"@type\":\"Article\",\"@id\":\"https:\/\/narteks.net\/index.php\/2010\/01\/26\/devlet-iyilik-yapmaz-sadece-iyiligi-temsil-eder-ulus-baker\/#article\",\"isPartOf\":{\"@id\":\"https:\/\/narteks.net\/index.php\/2010\/01\/26\/devlet-iyilik-yapmaz-sadece-iyiligi-temsil-eder-ulus-baker\/\"},\"author\":{\"name\":\"Tar\u0131k\",\"@id\":\"https:\/\/narteks.net\/#\/schema\/person\/61f37d9834294b72d31d274e7ed79bca\"},\"headline\":\"Devlet iyilik yapmaz , sadece iyili\u011fi temsil eder | Ulus Baker\",\"datePublished\":\"2010-01-26T07:07:29+00:00\",\"mainEntityOfPage\":{\"@id\":\"https:\/\/narteks.net\/index.php\/2010\/01\/26\/devlet-iyilik-yapmaz-sadece-iyiligi-temsil-eder-ulus-baker\/\"},\"wordCount\":1179,\"commentCount\":0,\"publisher\":{\"@id\":\"https:\/\/narteks.net\/#organization\"},\"image\":{\"@id\":\"https:\/\/narteks.net\/index.php\/2010\/01\/26\/devlet-iyilik-yapmaz-sadece-iyiligi-temsil-eder-ulus-baker\/#primaryimage\"},\"thumbnailUrl\":\"http:\/\/img.blogcu.com\/uploads\/ahtbozkurt_ulus_bw.jpg\",\"articleSection\":[\"T\u00fcrkiye\"],\"inLanguage\":\"tr\",\"potentialAction\":[{\"@type\":\"CommentAction\",\"name\":\"Comment\",\"target\":[\"https:\/\/narteks.net\/index.php\/2010\/01\/26\/devlet-iyilik-yapmaz-sadece-iyiligi-temsil-eder-ulus-baker\/#respond\"]}]},{\"@type\":\"WebPage\",\"@id\":\"https:\/\/narteks.net\/index.php\/2010\/01\/26\/devlet-iyilik-yapmaz-sadece-iyiligi-temsil-eder-ulus-baker\/\",\"url\":\"https:\/\/narteks.net\/index.php\/2010\/01\/26\/devlet-iyilik-yapmaz-sadece-iyiligi-temsil-eder-ulus-baker\/\",\"name\":\"Devlet iyilik yapmaz , sadece iyili\u011fi temsil eder | Ulus Baker - narteks.net\",\"isPartOf\":{\"@id\":\"https:\/\/narteks.net\/#website\"},\"primaryImageOfPage\":{\"@id\":\"https:\/\/narteks.net\/index.php\/2010\/01\/26\/devlet-iyilik-yapmaz-sadece-iyiligi-temsil-eder-ulus-baker\/#primaryimage\"},\"image\":{\"@id\":\"https:\/\/narteks.net\/index.php\/2010\/01\/26\/devlet-iyilik-yapmaz-sadece-iyiligi-temsil-eder-ulus-baker\/#primaryimage\"},\"thumbnailUrl\":\"http:\/\/img.blogcu.com\/uploads\/ahtbozkurt_ulus_bw.jpg\",\"datePublished\":\"2010-01-26T07:07:29+00:00\",\"breadcrumb\":{\"@id\":\"https:\/\/narteks.net\/index.php\/2010\/01\/26\/devlet-iyilik-yapmaz-sadece-iyiligi-temsil-eder-ulus-baker\/#breadcrumb\"},\"inLanguage\":\"tr\",\"potentialAction\":[{\"@type\":\"ReadAction\",\"target\":[\"https:\/\/narteks.net\/index.php\/2010\/01\/26\/devlet-iyilik-yapmaz-sadece-iyiligi-temsil-eder-ulus-baker\/\"]}]},{\"@type\":\"ImageObject\",\"inLanguage\":\"tr\",\"@id\":\"https:\/\/narteks.net\/index.php\/2010\/01\/26\/devlet-iyilik-yapmaz-sadece-iyiligi-temsil-eder-ulus-baker\/#primaryimage\",\"url\":\"http:\/\/img.blogcu.com\/uploads\/ahtbozkurt_ulus_bw.jpg\",\"contentUrl\":\"http:\/\/img.blogcu.com\/uploads\/ahtbozkurt_ulus_bw.jpg\"},{\"@type\":\"BreadcrumbList\",\"@id\":\"https:\/\/narteks.net\/index.php\/2010\/01\/26\/devlet-iyilik-yapmaz-sadece-iyiligi-temsil-eder-ulus-baker\/#breadcrumb\",\"itemListElement\":[{\"@type\":\"ListItem\",\"position\":1,\"name\":\"Anasayfa\",\"item\":\"https:\/\/narteks.net\/\"},{\"@type\":\"ListItem\",\"position\":2,\"name\":\"Devlet iyilik yapmaz , sadece iyili\u011fi temsil eder | Ulus Baker\"}]},{\"@type\":\"WebSite\",\"@id\":\"https:\/\/narteks.net\/#website\",\"url\":\"https:\/\/narteks.net\/\",\"name\":\"narteks.net\",\"description\":\"K\u00fclt\u00fcr Sanat Edebiyat Felsefe\",\"publisher\":{\"@id\":\"https:\/\/narteks.net\/#organization\"},\"alternateName\":\"K\u00fclt\u00fcr Sanat Edebiyat Felsefe\",\"potentialAction\":[{\"@type\":\"SearchAction\",\"target\":{\"@type\":\"EntryPoint\",\"urlTemplate\":\"https:\/\/narteks.net\/?s={search_term_string}\"},\"query-input\":{\"@type\":\"PropertyValueSpecification\",\"valueRequired\":true,\"valueName\":\"search_term_string\"}}],\"inLanguage\":\"tr\"},{\"@type\":\"Organization\",\"@id\":\"https:\/\/narteks.net\/#organization\",\"name\":\"narteks.net\",\"url\":\"https:\/\/narteks.net\/\",\"logo\":{\"@type\":\"ImageObject\",\"inLanguage\":\"tr\",\"@id\":\"https:\/\/narteks.net\/#\/schema\/logo\/image\/\",\"url\":\"https:\/\/narteks.net\/wp-content\/uploads\/narteks.png\",\"contentUrl\":\"https:\/\/narteks.net\/wp-content\/uploads\/narteks.png\",\"width\":300,\"height\":90,\"caption\":\"narteks.net\"},\"image\":{\"@id\":\"https:\/\/narteks.net\/#\/schema\/logo\/image\/\"},\"sameAs\":[\"https:\/\/x.com\/narteks\",\"https:\/\/instagram.com\/narteksnet\"]},{\"@type\":\"Person\",\"@id\":\"https:\/\/narteks.net\/#\/schema\/person\/61f37d9834294b72d31d274e7ed79bca\",\"name\":\"Tar\u0131k\",\"image\":{\"@type\":\"ImageObject\",\"inLanguage\":\"tr\",\"@id\":\"https:\/\/narteks.net\/#\/schema\/person\/image\/\",\"url\":\"https:\/\/secure.gravatar.com\/avatar\/50865afb55632c4ae467e0af0930f6510aa2297d8014be502a55b14f3b7550cf?s=96&d=mm&r=g\",\"contentUrl\":\"https:\/\/secure.gravatar.com\/avatar\/50865afb55632c4ae467e0af0930f6510aa2297d8014be502a55b14f3b7550cf?s=96&d=mm&r=g\",\"caption\":\"Tar\u0131k\"},\"sameAs\":[\"http:\/\/narteks.net\"],\"url\":\"https:\/\/narteks.net\/index.php\/author\/narbak\/\"}]}<\/script>\n<!-- \/ Yoast SEO Premium plugin. -->","yoast_head_json":{"title":"Devlet iyilik yapmaz , sadece iyili\u011fi temsil eder | Ulus Baker - narteks.net","robots":{"index":"index","follow":"follow","max-snippet":"max-snippet:-1","max-image-preview":"max-image-preview:large","max-video-preview":"max-video-preview:-1"},"canonical":"https:\/\/narteks.net\/index.php\/2010\/01\/26\/devlet-iyilik-yapmaz-sadece-iyiligi-temsil-eder-ulus-baker\/","og_locale":"tr_TR","og_type":"article","og_title":"Devlet iyilik yapmaz , sadece iyili\u011fi temsil eder | Ulus Baker","og_description":"\u015eikayet ve itiraz g\u00fcn\u00fcm\u00fczde, modern toplumlar\u0131n kulak verilmeyen yak\u0131nmas\u0131 oldu. \u0130lerlemi\u015f toplumlarda salt itiraz ve \u015fikayetle yeterli bir g\u00fc\u00e7 kazan\u0131lamayaca\u011f\u0131 a\u00e7\u0131kt\u0131r.Bir yanda; i\u015fgal, \u015fiddet, ter\u00f6r ve soyk\u0131r\u0131m, di\u011fer yanda \u201culuslararas\u0131 bar\u0131\u015f\u201d\u0131n g\u00fc\u00e7s\u00fcz, parampar\u00e7a kurumlar\u0131 var. Siyasi faaliyet alan\u0131n\u0131n bu iki ucu aras\u0131nda \u201cehven-i \u015fer\u201di kabullenme buyru\u011funun bask\u0131s\u0131 alt\u0131nday\u0131z. Londra&#8217;da ya\u015fananlar da buna denk d\u00fc\u015f\u00fcyor. Siyasal [&hellip;]","og_url":"https:\/\/narteks.net\/index.php\/2010\/01\/26\/devlet-iyilik-yapmaz-sadece-iyiligi-temsil-eder-ulus-baker\/","og_site_name":"narteks.net","article_published_time":"2010-01-26T07:07:29+00:00","og_image":[{"url":"http:\/\/img.blogcu.com\/uploads\/ahtbozkurt_ulus_bw.jpg","type":"","width":"","height":""}],"author":"Tar\u0131k","twitter_card":"summary_large_image","twitter_creator":"@narteks","twitter_site":"@narteks","twitter_misc":{"Yazan:":"Tar\u0131k","Tahmini okuma s\u00fcresi":"6 dakika"},"schema":{"@context":"https:\/\/schema.org","@graph":[{"@type":"Article","@id":"https:\/\/narteks.net\/index.php\/2010\/01\/26\/devlet-iyilik-yapmaz-sadece-iyiligi-temsil-eder-ulus-baker\/#article","isPartOf":{"@id":"https:\/\/narteks.net\/index.php\/2010\/01\/26\/devlet-iyilik-yapmaz-sadece-iyiligi-temsil-eder-ulus-baker\/"},"author":{"name":"Tar\u0131k","@id":"https:\/\/narteks.net\/#\/schema\/person\/61f37d9834294b72d31d274e7ed79bca"},"headline":"Devlet iyilik yapmaz , sadece iyili\u011fi temsil eder | Ulus Baker","datePublished":"2010-01-26T07:07:29+00:00","mainEntityOfPage":{"@id":"https:\/\/narteks.net\/index.php\/2010\/01\/26\/devlet-iyilik-yapmaz-sadece-iyiligi-temsil-eder-ulus-baker\/"},"wordCount":1179,"commentCount":0,"publisher":{"@id":"https:\/\/narteks.net\/#organization"},"image":{"@id":"https:\/\/narteks.net\/index.php\/2010\/01\/26\/devlet-iyilik-yapmaz-sadece-iyiligi-temsil-eder-ulus-baker\/#primaryimage"},"thumbnailUrl":"http:\/\/img.blogcu.com\/uploads\/ahtbozkurt_ulus_bw.jpg","articleSection":["T\u00fcrkiye"],"inLanguage":"tr","potentialAction":[{"@type":"CommentAction","name":"Comment","target":["https:\/\/narteks.net\/index.php\/2010\/01\/26\/devlet-iyilik-yapmaz-sadece-iyiligi-temsil-eder-ulus-baker\/#respond"]}]},{"@type":"WebPage","@id":"https:\/\/narteks.net\/index.php\/2010\/01\/26\/devlet-iyilik-yapmaz-sadece-iyiligi-temsil-eder-ulus-baker\/","url":"https:\/\/narteks.net\/index.php\/2010\/01\/26\/devlet-iyilik-yapmaz-sadece-iyiligi-temsil-eder-ulus-baker\/","name":"Devlet iyilik yapmaz , sadece iyili\u011fi temsil eder | Ulus Baker - narteks.net","isPartOf":{"@id":"https:\/\/narteks.net\/#website"},"primaryImageOfPage":{"@id":"https:\/\/narteks.net\/index.php\/2010\/01\/26\/devlet-iyilik-yapmaz-sadece-iyiligi-temsil-eder-ulus-baker\/#primaryimage"},"image":{"@id":"https:\/\/narteks.net\/index.php\/2010\/01\/26\/devlet-iyilik-yapmaz-sadece-iyiligi-temsil-eder-ulus-baker\/#primaryimage"},"thumbnailUrl":"http:\/\/img.blogcu.com\/uploads\/ahtbozkurt_ulus_bw.jpg","datePublished":"2010-01-26T07:07:29+00:00","breadcrumb":{"@id":"https:\/\/narteks.net\/index.php\/2010\/01\/26\/devlet-iyilik-yapmaz-sadece-iyiligi-temsil-eder-ulus-baker\/#breadcrumb"},"inLanguage":"tr","potentialAction":[{"@type":"ReadAction","target":["https:\/\/narteks.net\/index.php\/2010\/01\/26\/devlet-iyilik-yapmaz-sadece-iyiligi-temsil-eder-ulus-baker\/"]}]},{"@type":"ImageObject","inLanguage":"tr","@id":"https:\/\/narteks.net\/index.php\/2010\/01\/26\/devlet-iyilik-yapmaz-sadece-iyiligi-temsil-eder-ulus-baker\/#primaryimage","url":"http:\/\/img.blogcu.com\/uploads\/ahtbozkurt_ulus_bw.jpg","contentUrl":"http:\/\/img.blogcu.com\/uploads\/ahtbozkurt_ulus_bw.jpg"},{"@type":"BreadcrumbList","@id":"https:\/\/narteks.net\/index.php\/2010\/01\/26\/devlet-iyilik-yapmaz-sadece-iyiligi-temsil-eder-ulus-baker\/#breadcrumb","itemListElement":[{"@type":"ListItem","position":1,"name":"Anasayfa","item":"https:\/\/narteks.net\/"},{"@type":"ListItem","position":2,"name":"Devlet iyilik yapmaz , sadece iyili\u011fi temsil eder | Ulus Baker"}]},{"@type":"WebSite","@id":"https:\/\/narteks.net\/#website","url":"https:\/\/narteks.net\/","name":"narteks.net","description":"K\u00fclt\u00fcr Sanat Edebiyat Felsefe","publisher":{"@id":"https:\/\/narteks.net\/#organization"},"alternateName":"K\u00fclt\u00fcr Sanat Edebiyat Felsefe","potentialAction":[{"@type":"SearchAction","target":{"@type":"EntryPoint","urlTemplate":"https:\/\/narteks.net\/?s={search_term_string}"},"query-input":{"@type":"PropertyValueSpecification","valueRequired":true,"valueName":"search_term_string"}}],"inLanguage":"tr"},{"@type":"Organization","@id":"https:\/\/narteks.net\/#organization","name":"narteks.net","url":"https:\/\/narteks.net\/","logo":{"@type":"ImageObject","inLanguage":"tr","@id":"https:\/\/narteks.net\/#\/schema\/logo\/image\/","url":"https:\/\/narteks.net\/wp-content\/uploads\/narteks.png","contentUrl":"https:\/\/narteks.net\/wp-content\/uploads\/narteks.png","width":300,"height":90,"caption":"narteks.net"},"image":{"@id":"https:\/\/narteks.net\/#\/schema\/logo\/image\/"},"sameAs":["https:\/\/x.com\/narteks","https:\/\/instagram.com\/narteksnet"]},{"@type":"Person","@id":"https:\/\/narteks.net\/#\/schema\/person\/61f37d9834294b72d31d274e7ed79bca","name":"Tar\u0131k","image":{"@type":"ImageObject","inLanguage":"tr","@id":"https:\/\/narteks.net\/#\/schema\/person\/image\/","url":"https:\/\/secure.gravatar.com\/avatar\/50865afb55632c4ae467e0af0930f6510aa2297d8014be502a55b14f3b7550cf?s=96&d=mm&r=g","contentUrl":"https:\/\/secure.gravatar.com\/avatar\/50865afb55632c4ae467e0af0930f6510aa2297d8014be502a55b14f3b7550cf?s=96&d=mm&r=g","caption":"Tar\u0131k"},"sameAs":["http:\/\/narteks.net"],"url":"https:\/\/narteks.net\/index.php\/author\/narbak\/"}]}},"_links":{"self":[{"href":"https:\/\/narteks.net\/index.php\/wp-json\/wp\/v2\/posts\/4071","targetHints":{"allow":["GET"]}}],"collection":[{"href":"https:\/\/narteks.net\/index.php\/wp-json\/wp\/v2\/posts"}],"about":[{"href":"https:\/\/narteks.net\/index.php\/wp-json\/wp\/v2\/types\/post"}],"author":[{"embeddable":true,"href":"https:\/\/narteks.net\/index.php\/wp-json\/wp\/v2\/users\/1"}],"replies":[{"embeddable":true,"href":"https:\/\/narteks.net\/index.php\/wp-json\/wp\/v2\/comments?post=4071"}],"version-history":[{"count":0,"href":"https:\/\/narteks.net\/index.php\/wp-json\/wp\/v2\/posts\/4071\/revisions"}],"wp:attachment":[{"href":"https:\/\/narteks.net\/index.php\/wp-json\/wp\/v2\/media?parent=4071"}],"wp:term":[{"taxonomy":"category","embeddable":true,"href":"https:\/\/narteks.net\/index.php\/wp-json\/wp\/v2\/categories?post=4071"},{"taxonomy":"post_tag","embeddable":true,"href":"https:\/\/narteks.net\/index.php\/wp-json\/wp\/v2\/tags?post=4071"}],"curies":[{"name":"wp","href":"https:\/\/api.w.org\/{rel}","templated":true}]}}