{"id":4072,"date":"2010-03-14T01:00:00","date_gmt":"2010-03-13T22:00:00","guid":{"rendered":"http:\/\/localhost\/wordpress\/2010\/03\/14\/siirle-dusunmek-yalnizca-buna-inanirim-edip-canseverin-siir-uzerine-notlari\/"},"modified":"2010-03-14T01:00:00","modified_gmt":"2010-03-13T22:00:00","slug":"siirle-dusunmek-yalnizca-buna-inanirim-edip-canseverin-siir-uzerine-notlari","status":"publish","type":"post","link":"https:\/\/narteks.net\/index.php\/2010\/03\/14\/siirle-dusunmek-yalnizca-buna-inanirim-edip-canseverin-siir-uzerine-notlari\/","title":{"rendered":"\u015eiirle d\u00fc\u015f\u00fcnmek! yaln\u0131zca buna inan\u0131r\u0131m | Edip Cansever&#8217;in \u015fiir \u00fczerine notlar\u0131"},"content":{"rendered":"<p style=\"text-align: justify;\"><strong><img loading=\"lazy\" decoding=\"async\" src=\"http:\/\/www.okusana.net\/wp-content\/uploads\/2010\/11\/edip_cansever.jpg\" border=\"0\" width=\"155\" height=\"205\" style=\"float: left; border: 0;\" \/><\/strong>*Benden veya benim ku\u015fa\u011f\u0131mdan \u00f6nce yaz\u0131lm\u0131\u015f \u015fiirleri kendi de\u011ferleriyle ba\u015fba\u015fa b\u0131rakarak araya kesin bir \u00e7izgi \u00e7izdi\u011fime inan\u0131yorum. Bu \u00e7izginin ba\u015flang\u0131\u00e7 noktas\u0131na, olu\u015fumuna, bug\u00fcne geli\u015fine, k\u0131sacas\u0131 belli bir \u015fiir s\u00fcrecinin ayr\u0131nt\u0131lar\u0131na de\u011finmek istemiyorum.<\/p>\n<p style=\"text-align: justify;\">Oteller kenti, \u015fiirimin vard\u0131\u011f\u0131 son durak de\u011fil elbette. Ne var ki, bundan sonra \u015funu \u015funu ama\u00e7l\u0131yorum da demiyorum. \u00c7\u00fcnk\u00fc ama\u00e7lamak, \u00f6zel olsun, bi\u00e7imsel olsun \u015fematizmin \u015fiirde ge\u00e7erli oldu\u011funu kan\u0131tlamak anlam\u0131na gelir ki, bu da \u015fiirin \u00f6zg\u00fcl i\u015fleyi\u015fine ters d\u00fc\u015fer.<\/p>\n<p style=\"text-align: justify;\"><span style=\"font-size: x-small;\"> <\/span>*Bireyi toplum i\u00e7inde somut olarak g\u00f6r\u00fcn\u00fcr duruma getirmek, giderek daha da derinlerine inerek, onun i\u00e7sel dram\u0131n\u0131 kurcalamak cabas\u0131nday\u0131m.<\/p>\n<p style=\"text-align: justify;\">*\u015eiirle d\u00fc\u015f\u00fcnmek! yaln\u0131zca buna inan\u0131r\u0131m. \u015eiirle d\u00fc\u015f\u00fcnmenin kar\u015f\u0131t\u0131 felsefe yapmakt\u0131r. Felsefe ise \u015fiirin temeli olan imgeyi d\u0131\u015flar. Gene felsefe duygusall\u0131\u011fa da kar\u015f\u0131d\u0131r.<br \/> \u015eu da var: Uzun \u015fiirlerimde hi\u00e7bir sorunsal\u0131 yan\u0131tlamaya kalk\u0131\u015fmam. Sorular sormaya, bu sorular\u0131 \u00e7o\u011faltmaya (ama yan\u0131ts\u0131z b\u0131rakmaya) \u00e7al\u0131\u015f\u0131r\u0131m hep. Nedeni, yazd\u0131k\u00e7a bilmediklerime, tan\u0131mad\u0131klar\u0131ma, daha \u00f6nce duyup d\u00fc\u015f\u00fcnmediklerime rastlar\u0131m da ondan. Zaten insan\u0131n i\u00e7 d\u00fcnyas\u0131n\u0131 kesin olarak tan\u0131tlamak demek, salt\u0131k insan\u0131 yokken var etmek anlam\u0131na gelmez mi? <\/p>\n<p> *B\u00fcy\u00fck b\u00fcy\u00fck sorunlara el atmak \u015fiiri k\u00fc\u00e7\u00fcltebilir kan\u0131mca. (Ayr\u0131ca b\u00fcy\u00fck sorunlar nedir, k\u00fc\u00e7\u00fck sorunlar nedir, bu da ba\u015fl\u0131 ba\u015f\u0131na bir tart\u0131\u015fma konusudur.) \u00d6rne\u011fin pek yayg\u0131n olan Hamlet tipini g\u00fcn\u00fcm\u00fcz ayd\u0131n\u0131yla kar\u015f\u0131la\u015ft\u0131rd\u0131\u011f\u0131m\u0131zda , Hamlet&#8217;in ki\u015fili\u011finde daha bir b\u00fcy\u00fckl\u00fck ya da derinlik bulabilece\u011fimizi hi\u00e7 sanm\u0131yorum. \u015eair yetinmesini bilmeli; b\u00fcy\u00fckl\u00fc\u011f\u00fc, derinli\u011fi dilde aramal\u0131d\u0131r. <\/p>\n<p> *B\u00fct\u00fcn sanatlar\u0131n \u015fiire, \u015fiirin de sanatlara katk\u0131s\u0131 vard\u0131r elbette. \u00d6rne\u011fin Oteller Kenti&#8217; nin &#8220;Sera Oteli&#8221; b\u00f6l\u00fcm\u00fcndeki d\u00fczyaz\u0131sal \u015fiirler dikkatle okundu\u011funda g\u00f6r\u00fclecektir ki, dizelerden daha yo\u011fun bir dizeler bire\u015fimi \u00f6n plana ge\u00e7mektedir. Bu b\u00f6yleyse, bir d\u00fczyaz\u0131 \u00f6rg\u00fcs\u00fc, bir d\u00fczyaz\u0131 dokusu \u015fiiri \u00e7er\u00e7evelemiyor, bunaltm\u0131yor, onun \u00f6zg\u00fcr yap\u0131s\u0131n\u0131 k\u0131s\u0131tlam\u0131yor demektir. <br \/> Uzun \u015fiirlerimdeki \u00f6yk\u00fc \u00f6\u011fesine gelince, \u00f6yk\u00fcden \u00e7ok bir &#8220;anlatma&#8221; s\u00f6z konusudur burada da. Ayr\u0131ca her \u015fiir \u00f6n\u00fcnde sonunda (az ya da \u00e7ok) bir &#8220;anlatma&#8221; de\u011filse nedir? <br \/> Ekleyeyim : Sait Faik&#8217; in &#8220;Hi\u015ft Hi\u015ft&#8221; \u00f6yk\u00fcs\u00fcnde ne kadar \u015fiir varsa, benim \u015fiirlerimde de o kadar \u00f6yk\u00fc vard\u0131r. <br \/> Diyebilirim ki, b\u00fct\u00fcn sanatsal t\u00fcrler, \u015fiirin potas\u0131nda eriyebildi\u011fince, \u015fiirin do\u011fal gere\u00e7leridirler. <\/p>\n<p> *D\u00fcnya yaz\u0131n\u0131nda b\u00fct\u00fcn yaz\u0131n t\u00fcrleri i\u00e7 i\u00e7e ge\u00e7ebiliyor. Bizde ise bu tutum yad\u0131rgan\u0131yor nedense. Bence bu kar\u015f\u0131l\u0131kl\u0131 trafi\u011fi yads\u0131mak, \u015fiirimizi al\u0131\u015fkanl\u0131klardan kurtararak \u00e7e\u015fitlendirememekten, onu d\u00fcnya \u015fiirinin s\u00fcreci d\u0131\u015f\u0131nda d\u00fc\u015f\u00fcnmekten ba\u015fka hi\u00e7bir anlama gelmiyor. <\/p>\n<p> *\u015eiirlerimdeki ki\u015filer satran\u00e7 ta\u015flar\u0131na benzerler. Onlar, d\u00fc\u015fsel ya da ger\u00e7ek, bende olup bitenlerin toplam\u0131d\u0131rlar olsa olsa. <br \/> Gene de&#8230; <br \/> \u015eair kendi \u00f6zel ki\u015fili\u011fini \u015fiirinin ard\u0131nda gizlemesini iyi bilmelidir. Forster, &#8220;Yazar\u0131n y\u00fcz\u00fc okuyucunun y\u00fcz\u00fcne \u00e7ok yakla\u015f\u0131yor,&#8221; der. <\/p>\n<p> *G\u00fczellik d\u00fc\u015f\u00fcnd\u00fcr\u00fcc\u00fcd\u00fcr. Bu y\u00fczden de lirizmle hi\u00e7bir ili\u015fkim olmad\u0131 diyebilirim. &#8220;Liri\u011fi s\u00f6yleyen kimse, kendi duygulan\u0131\u015f\u0131n\u0131n bilincinden \u00e7ok, duygu an\u0131n\u0131n bilincindedir,&#8221; der James Joyce. <\/p>\n<p> *Oteller Kenti&#8217;inde yaln\u0131zca insanlar insanlara yakla\u015f\u0131p kopmuyor. Onlar\u0131n yede\u011finde nesneler de ayn\u0131 i\u015flemi s\u00fcrd\u00fcr\u00fcyorlar. <br \/> \u00dc\u00e7\u00fcnc\u00fc b\u00f6l\u00fcmdeki \u00fc\u00e7 kavas, zaman kavram\u0131n\u0131 ortadan kald\u0131rmakla g\u00f6revli. Ac\u0131lar\u0131n\u0131 iyi tan\u0131yan Bayan Sara ise, cin kadehlerinin e\u015fli\u011finde de\u011fi\u015fik bir orkestraya kat\u0131l\u0131yor; &#8220;Di\u015fi bir \u0130sa gibi&#8221; kendi kendini ya\u015fama ya da \u00f6l\u00fcme \u00e7iviliyor. Do\u011frusu iyi bilmiyorum, ya\u015fama m\u0131, \u00f6l\u00fcme mi? B\u00fct\u00fcn bildi\u011fim bilemediklerimden s\u0131zan bir kan gibi kitab\u0131 kendi rengine boyuyor. <br \/> *K\u00f6klerinden ald\u0131\u011f\u0131 suyun yeterlili\u011fini ya da yetersizli\u011fini bir a\u011fa\u00e7 ne kadar bilebilirse&#8230;<\/p>\n","protected":false},"excerpt":{"rendered":"<p>*Benden veya benim ku\u015fa\u011f\u0131mdan \u00f6nce yaz\u0131lm\u0131\u015f \u015fiirleri kendi de\u011ferleriyle ba\u015fba\u015fa b\u0131rakarak araya kesin bir \u00e7izgi \u00e7izdi\u011fime inan\u0131yorum. Bu \u00e7izginin ba\u015flang\u0131\u00e7 noktas\u0131na, olu\u015fumuna, bug\u00fcne geli\u015fine, k\u0131sacas\u0131 belli bir \u015fiir s\u00fcrecinin ayr\u0131nt\u0131lar\u0131na de\u011finmek istemiyorum. Oteller kenti, \u015fiirimin vard\u0131\u011f\u0131 son durak de\u011fil elbette. Ne var ki, bundan sonra \u015funu \u015funu ama\u00e7l\u0131yorum da demiyorum. \u00c7\u00fcnk\u00fc ama\u00e7lamak, \u00f6zel olsun, bi\u00e7imsel [&hellip;]<\/p>\n","protected":false},"author":1,"featured_media":0,"comment_status":"open","ping_status":"open","sticky":false,"template":"","format":"standard","meta":{"footnotes":""},"categories":[122],"tags":[],"class_list":{"0":"post-4072","1":"post","2":"type-post","3":"status-publish","4":"format-standard","6":"category-sair-e-dair"},"yoast_head":"<!-- This site is optimized with the Yoast SEO Premium plugin v24.9 (Yoast SEO v24.9) - https:\/\/yoast.com\/wordpress\/plugins\/seo\/ -->\n<title>\u015eiirle d\u00fc\u015f\u00fcnmek! yaln\u0131zca buna inan\u0131r\u0131m | Edip Cansever&#039;in \u015fiir \u00fczerine notlar\u0131 - narteks.net<\/title>\n<meta name=\"robots\" content=\"index, follow, max-snippet:-1, max-image-preview:large, max-video-preview:-1\" \/>\n<link rel=\"canonical\" href=\"https:\/\/narteks.net\/index.php\/2010\/03\/14\/siirle-dusunmek-yalnizca-buna-inanirim-edip-canseverin-siir-uzerine-notlari\/\" \/>\n<meta property=\"og:locale\" content=\"tr_TR\" \/>\n<meta property=\"og:type\" content=\"article\" \/>\n<meta property=\"og:title\" content=\"\u015eiirle d\u00fc\u015f\u00fcnmek! yaln\u0131zca buna inan\u0131r\u0131m | Edip Cansever&#039;in \u015fiir \u00fczerine notlar\u0131\" \/>\n<meta property=\"og:description\" content=\"*Benden veya benim ku\u015fa\u011f\u0131mdan \u00f6nce yaz\u0131lm\u0131\u015f \u015fiirleri kendi de\u011ferleriyle ba\u015fba\u015fa b\u0131rakarak araya kesin bir \u00e7izgi \u00e7izdi\u011fime inan\u0131yorum. Bu \u00e7izginin ba\u015flang\u0131\u00e7 noktas\u0131na, olu\u015fumuna, bug\u00fcne geli\u015fine, k\u0131sacas\u0131 belli bir \u015fiir s\u00fcrecinin ayr\u0131nt\u0131lar\u0131na de\u011finmek istemiyorum. Oteller kenti, \u015fiirimin vard\u0131\u011f\u0131 son durak de\u011fil elbette. Ne var ki, bundan sonra \u015funu \u015funu ama\u00e7l\u0131yorum da demiyorum. \u00c7\u00fcnk\u00fc ama\u00e7lamak, \u00f6zel olsun, bi\u00e7imsel [&hellip;]\" \/>\n<meta property=\"og:url\" content=\"https:\/\/narteks.net\/index.php\/2010\/03\/14\/siirle-dusunmek-yalnizca-buna-inanirim-edip-canseverin-siir-uzerine-notlari\/\" \/>\n<meta property=\"og:site_name\" content=\"narteks.net\" \/>\n<meta property=\"article:published_time\" content=\"2010-03-13T22:00:00+00:00\" \/>\n<meta property=\"og:image\" content=\"http:\/\/www.okusana.net\/wp-content\/uploads\/2010\/11\/edip_cansever.jpg\" \/>\n<meta name=\"author\" content=\"Tar\u0131k\" \/>\n<meta name=\"twitter:card\" content=\"summary_large_image\" \/>\n<meta name=\"twitter:creator\" content=\"@narteks\" \/>\n<meta name=\"twitter:site\" content=\"@narteks\" \/>\n<meta name=\"twitter:label1\" content=\"Yazan:\" \/>\n\t<meta name=\"twitter:data1\" content=\"Tar\u0131k\" \/>\n\t<meta name=\"twitter:label2\" content=\"Tahmini okuma s\u00fcresi\" \/>\n\t<meta name=\"twitter:data2\" content=\"4 dakika\" \/>\n<script type=\"application\/ld+json\" class=\"yoast-schema-graph\">{\"@context\":\"https:\/\/schema.org\",\"@graph\":[{\"@type\":\"Article\",\"@id\":\"https:\/\/narteks.net\/index.php\/2010\/03\/14\/siirle-dusunmek-yalnizca-buna-inanirim-edip-canseverin-siir-uzerine-notlari\/#article\",\"isPartOf\":{\"@id\":\"https:\/\/narteks.net\/index.php\/2010\/03\/14\/siirle-dusunmek-yalnizca-buna-inanirim-edip-canseverin-siir-uzerine-notlari\/\"},\"author\":{\"name\":\"Tar\u0131k\",\"@id\":\"https:\/\/narteks.net\/#\/schema\/person\/61f37d9834294b72d31d274e7ed79bca\"},\"headline\":\"\u015eiirle d\u00fc\u015f\u00fcnmek! yaln\u0131zca buna inan\u0131r\u0131m | Edip Cansever&#8217;in \u015fiir \u00fczerine notlar\u0131\",\"datePublished\":\"2010-03-13T22:00:00+00:00\",\"mainEntityOfPage\":{\"@id\":\"https:\/\/narteks.net\/index.php\/2010\/03\/14\/siirle-dusunmek-yalnizca-buna-inanirim-edip-canseverin-siir-uzerine-notlari\/\"},\"wordCount\":736,\"commentCount\":0,\"publisher\":{\"@id\":\"https:\/\/narteks.net\/#organization\"},\"image\":{\"@id\":\"https:\/\/narteks.net\/index.php\/2010\/03\/14\/siirle-dusunmek-yalnizca-buna-inanirim-edip-canseverin-siir-uzerine-notlari\/#primaryimage\"},\"thumbnailUrl\":\"http:\/\/www.okusana.net\/wp-content\/uploads\/2010\/11\/edip_cansever.jpg\",\"articleSection\":[\"\u015eair'e Dair\"],\"inLanguage\":\"tr\",\"potentialAction\":[{\"@type\":\"CommentAction\",\"name\":\"Comment\",\"target\":[\"https:\/\/narteks.net\/index.php\/2010\/03\/14\/siirle-dusunmek-yalnizca-buna-inanirim-edip-canseverin-siir-uzerine-notlari\/#respond\"]}]},{\"@type\":\"WebPage\",\"@id\":\"https:\/\/narteks.net\/index.php\/2010\/03\/14\/siirle-dusunmek-yalnizca-buna-inanirim-edip-canseverin-siir-uzerine-notlari\/\",\"url\":\"https:\/\/narteks.net\/index.php\/2010\/03\/14\/siirle-dusunmek-yalnizca-buna-inanirim-edip-canseverin-siir-uzerine-notlari\/\",\"name\":\"\u015eiirle d\u00fc\u015f\u00fcnmek! yaln\u0131zca buna inan\u0131r\u0131m | Edip Cansever'in \u015fiir \u00fczerine notlar\u0131 - narteks.net\",\"isPartOf\":{\"@id\":\"https:\/\/narteks.net\/#website\"},\"primaryImageOfPage\":{\"@id\":\"https:\/\/narteks.net\/index.php\/2010\/03\/14\/siirle-dusunmek-yalnizca-buna-inanirim-edip-canseverin-siir-uzerine-notlari\/#primaryimage\"},\"image\":{\"@id\":\"https:\/\/narteks.net\/index.php\/2010\/03\/14\/siirle-dusunmek-yalnizca-buna-inanirim-edip-canseverin-siir-uzerine-notlari\/#primaryimage\"},\"thumbnailUrl\":\"http:\/\/www.okusana.net\/wp-content\/uploads\/2010\/11\/edip_cansever.jpg\",\"datePublished\":\"2010-03-13T22:00:00+00:00\",\"breadcrumb\":{\"@id\":\"https:\/\/narteks.net\/index.php\/2010\/03\/14\/siirle-dusunmek-yalnizca-buna-inanirim-edip-canseverin-siir-uzerine-notlari\/#breadcrumb\"},\"inLanguage\":\"tr\",\"potentialAction\":[{\"@type\":\"ReadAction\",\"target\":[\"https:\/\/narteks.net\/index.php\/2010\/03\/14\/siirle-dusunmek-yalnizca-buna-inanirim-edip-canseverin-siir-uzerine-notlari\/\"]}]},{\"@type\":\"ImageObject\",\"inLanguage\":\"tr\",\"@id\":\"https:\/\/narteks.net\/index.php\/2010\/03\/14\/siirle-dusunmek-yalnizca-buna-inanirim-edip-canseverin-siir-uzerine-notlari\/#primaryimage\",\"url\":\"http:\/\/www.okusana.net\/wp-content\/uploads\/2010\/11\/edip_cansever.jpg\",\"contentUrl\":\"http:\/\/www.okusana.net\/wp-content\/uploads\/2010\/11\/edip_cansever.jpg\"},{\"@type\":\"BreadcrumbList\",\"@id\":\"https:\/\/narteks.net\/index.php\/2010\/03\/14\/siirle-dusunmek-yalnizca-buna-inanirim-edip-canseverin-siir-uzerine-notlari\/#breadcrumb\",\"itemListElement\":[{\"@type\":\"ListItem\",\"position\":1,\"name\":\"Anasayfa\",\"item\":\"https:\/\/narteks.net\/\"},{\"@type\":\"ListItem\",\"position\":2,\"name\":\"\u015eiirle d\u00fc\u015f\u00fcnmek! yaln\u0131zca buna inan\u0131r\u0131m | Edip Cansever&#8217;in \u015fiir \u00fczerine notlar\u0131\"}]},{\"@type\":\"WebSite\",\"@id\":\"https:\/\/narteks.net\/#website\",\"url\":\"https:\/\/narteks.net\/\",\"name\":\"narteks.net\",\"description\":\"K\u00fclt\u00fcr Sanat Edebiyat Felsefe\",\"publisher\":{\"@id\":\"https:\/\/narteks.net\/#organization\"},\"alternateName\":\"K\u00fclt\u00fcr Sanat Edebiyat Felsefe\",\"potentialAction\":[{\"@type\":\"SearchAction\",\"target\":{\"@type\":\"EntryPoint\",\"urlTemplate\":\"https:\/\/narteks.net\/?s={search_term_string}\"},\"query-input\":{\"@type\":\"PropertyValueSpecification\",\"valueRequired\":true,\"valueName\":\"search_term_string\"}}],\"inLanguage\":\"tr\"},{\"@type\":\"Organization\",\"@id\":\"https:\/\/narteks.net\/#organization\",\"name\":\"narteks.net\",\"url\":\"https:\/\/narteks.net\/\",\"logo\":{\"@type\":\"ImageObject\",\"inLanguage\":\"tr\",\"@id\":\"https:\/\/narteks.net\/#\/schema\/logo\/image\/\",\"url\":\"https:\/\/narteks.net\/wp-content\/uploads\/narteks.png\",\"contentUrl\":\"https:\/\/narteks.net\/wp-content\/uploads\/narteks.png\",\"width\":300,\"height\":90,\"caption\":\"narteks.net\"},\"image\":{\"@id\":\"https:\/\/narteks.net\/#\/schema\/logo\/image\/\"},\"sameAs\":[\"https:\/\/x.com\/narteks\",\"https:\/\/instagram.com\/narteksnet\"]},{\"@type\":\"Person\",\"@id\":\"https:\/\/narteks.net\/#\/schema\/person\/61f37d9834294b72d31d274e7ed79bca\",\"name\":\"Tar\u0131k\",\"image\":{\"@type\":\"ImageObject\",\"inLanguage\":\"tr\",\"@id\":\"https:\/\/narteks.net\/#\/schema\/person\/image\/\",\"url\":\"https:\/\/secure.gravatar.com\/avatar\/50865afb55632c4ae467e0af0930f6510aa2297d8014be502a55b14f3b7550cf?s=96&d=mm&r=g\",\"contentUrl\":\"https:\/\/secure.gravatar.com\/avatar\/50865afb55632c4ae467e0af0930f6510aa2297d8014be502a55b14f3b7550cf?s=96&d=mm&r=g\",\"caption\":\"Tar\u0131k\"},\"sameAs\":[\"http:\/\/narteks.net\"],\"url\":\"https:\/\/narteks.net\/index.php\/author\/narbak\/\"}]}<\/script>\n<!-- \/ Yoast SEO Premium plugin. -->","yoast_head_json":{"title":"\u015eiirle d\u00fc\u015f\u00fcnmek! yaln\u0131zca buna inan\u0131r\u0131m | Edip Cansever'in \u015fiir \u00fczerine notlar\u0131 - narteks.net","robots":{"index":"index","follow":"follow","max-snippet":"max-snippet:-1","max-image-preview":"max-image-preview:large","max-video-preview":"max-video-preview:-1"},"canonical":"https:\/\/narteks.net\/index.php\/2010\/03\/14\/siirle-dusunmek-yalnizca-buna-inanirim-edip-canseverin-siir-uzerine-notlari\/","og_locale":"tr_TR","og_type":"article","og_title":"\u015eiirle d\u00fc\u015f\u00fcnmek! yaln\u0131zca buna inan\u0131r\u0131m | Edip Cansever'in \u015fiir \u00fczerine notlar\u0131","og_description":"*Benden veya benim ku\u015fa\u011f\u0131mdan \u00f6nce yaz\u0131lm\u0131\u015f \u015fiirleri kendi de\u011ferleriyle ba\u015fba\u015fa b\u0131rakarak araya kesin bir \u00e7izgi \u00e7izdi\u011fime inan\u0131yorum. Bu \u00e7izginin ba\u015flang\u0131\u00e7 noktas\u0131na, olu\u015fumuna, bug\u00fcne geli\u015fine, k\u0131sacas\u0131 belli bir \u015fiir s\u00fcrecinin ayr\u0131nt\u0131lar\u0131na de\u011finmek istemiyorum. Oteller kenti, \u015fiirimin vard\u0131\u011f\u0131 son durak de\u011fil elbette. Ne var ki, bundan sonra \u015funu \u015funu ama\u00e7l\u0131yorum da demiyorum. \u00c7\u00fcnk\u00fc ama\u00e7lamak, \u00f6zel olsun, bi\u00e7imsel [&hellip;]","og_url":"https:\/\/narteks.net\/index.php\/2010\/03\/14\/siirle-dusunmek-yalnizca-buna-inanirim-edip-canseverin-siir-uzerine-notlari\/","og_site_name":"narteks.net","article_published_time":"2010-03-13T22:00:00+00:00","og_image":[{"url":"http:\/\/www.okusana.net\/wp-content\/uploads\/2010\/11\/edip_cansever.jpg","type":"","width":"","height":""}],"author":"Tar\u0131k","twitter_card":"summary_large_image","twitter_creator":"@narteks","twitter_site":"@narteks","twitter_misc":{"Yazan:":"Tar\u0131k","Tahmini okuma s\u00fcresi":"4 dakika"},"schema":{"@context":"https:\/\/schema.org","@graph":[{"@type":"Article","@id":"https:\/\/narteks.net\/index.php\/2010\/03\/14\/siirle-dusunmek-yalnizca-buna-inanirim-edip-canseverin-siir-uzerine-notlari\/#article","isPartOf":{"@id":"https:\/\/narteks.net\/index.php\/2010\/03\/14\/siirle-dusunmek-yalnizca-buna-inanirim-edip-canseverin-siir-uzerine-notlari\/"},"author":{"name":"Tar\u0131k","@id":"https:\/\/narteks.net\/#\/schema\/person\/61f37d9834294b72d31d274e7ed79bca"},"headline":"\u015eiirle d\u00fc\u015f\u00fcnmek! yaln\u0131zca buna inan\u0131r\u0131m | Edip Cansever&#8217;in \u015fiir \u00fczerine notlar\u0131","datePublished":"2010-03-13T22:00:00+00:00","mainEntityOfPage":{"@id":"https:\/\/narteks.net\/index.php\/2010\/03\/14\/siirle-dusunmek-yalnizca-buna-inanirim-edip-canseverin-siir-uzerine-notlari\/"},"wordCount":736,"commentCount":0,"publisher":{"@id":"https:\/\/narteks.net\/#organization"},"image":{"@id":"https:\/\/narteks.net\/index.php\/2010\/03\/14\/siirle-dusunmek-yalnizca-buna-inanirim-edip-canseverin-siir-uzerine-notlari\/#primaryimage"},"thumbnailUrl":"http:\/\/www.okusana.net\/wp-content\/uploads\/2010\/11\/edip_cansever.jpg","articleSection":["\u015eair'e Dair"],"inLanguage":"tr","potentialAction":[{"@type":"CommentAction","name":"Comment","target":["https:\/\/narteks.net\/index.php\/2010\/03\/14\/siirle-dusunmek-yalnizca-buna-inanirim-edip-canseverin-siir-uzerine-notlari\/#respond"]}]},{"@type":"WebPage","@id":"https:\/\/narteks.net\/index.php\/2010\/03\/14\/siirle-dusunmek-yalnizca-buna-inanirim-edip-canseverin-siir-uzerine-notlari\/","url":"https:\/\/narteks.net\/index.php\/2010\/03\/14\/siirle-dusunmek-yalnizca-buna-inanirim-edip-canseverin-siir-uzerine-notlari\/","name":"\u015eiirle d\u00fc\u015f\u00fcnmek! yaln\u0131zca buna inan\u0131r\u0131m | Edip Cansever'in \u015fiir \u00fczerine notlar\u0131 - narteks.net","isPartOf":{"@id":"https:\/\/narteks.net\/#website"},"primaryImageOfPage":{"@id":"https:\/\/narteks.net\/index.php\/2010\/03\/14\/siirle-dusunmek-yalnizca-buna-inanirim-edip-canseverin-siir-uzerine-notlari\/#primaryimage"},"image":{"@id":"https:\/\/narteks.net\/index.php\/2010\/03\/14\/siirle-dusunmek-yalnizca-buna-inanirim-edip-canseverin-siir-uzerine-notlari\/#primaryimage"},"thumbnailUrl":"http:\/\/www.okusana.net\/wp-content\/uploads\/2010\/11\/edip_cansever.jpg","datePublished":"2010-03-13T22:00:00+00:00","breadcrumb":{"@id":"https:\/\/narteks.net\/index.php\/2010\/03\/14\/siirle-dusunmek-yalnizca-buna-inanirim-edip-canseverin-siir-uzerine-notlari\/#breadcrumb"},"inLanguage":"tr","potentialAction":[{"@type":"ReadAction","target":["https:\/\/narteks.net\/index.php\/2010\/03\/14\/siirle-dusunmek-yalnizca-buna-inanirim-edip-canseverin-siir-uzerine-notlari\/"]}]},{"@type":"ImageObject","inLanguage":"tr","@id":"https:\/\/narteks.net\/index.php\/2010\/03\/14\/siirle-dusunmek-yalnizca-buna-inanirim-edip-canseverin-siir-uzerine-notlari\/#primaryimage","url":"http:\/\/www.okusana.net\/wp-content\/uploads\/2010\/11\/edip_cansever.jpg","contentUrl":"http:\/\/www.okusana.net\/wp-content\/uploads\/2010\/11\/edip_cansever.jpg"},{"@type":"BreadcrumbList","@id":"https:\/\/narteks.net\/index.php\/2010\/03\/14\/siirle-dusunmek-yalnizca-buna-inanirim-edip-canseverin-siir-uzerine-notlari\/#breadcrumb","itemListElement":[{"@type":"ListItem","position":1,"name":"Anasayfa","item":"https:\/\/narteks.net\/"},{"@type":"ListItem","position":2,"name":"\u015eiirle d\u00fc\u015f\u00fcnmek! yaln\u0131zca buna inan\u0131r\u0131m | Edip Cansever&#8217;in \u015fiir \u00fczerine notlar\u0131"}]},{"@type":"WebSite","@id":"https:\/\/narteks.net\/#website","url":"https:\/\/narteks.net\/","name":"narteks.net","description":"K\u00fclt\u00fcr Sanat Edebiyat Felsefe","publisher":{"@id":"https:\/\/narteks.net\/#organization"},"alternateName":"K\u00fclt\u00fcr Sanat Edebiyat Felsefe","potentialAction":[{"@type":"SearchAction","target":{"@type":"EntryPoint","urlTemplate":"https:\/\/narteks.net\/?s={search_term_string}"},"query-input":{"@type":"PropertyValueSpecification","valueRequired":true,"valueName":"search_term_string"}}],"inLanguage":"tr"},{"@type":"Organization","@id":"https:\/\/narteks.net\/#organization","name":"narteks.net","url":"https:\/\/narteks.net\/","logo":{"@type":"ImageObject","inLanguage":"tr","@id":"https:\/\/narteks.net\/#\/schema\/logo\/image\/","url":"https:\/\/narteks.net\/wp-content\/uploads\/narteks.png","contentUrl":"https:\/\/narteks.net\/wp-content\/uploads\/narteks.png","width":300,"height":90,"caption":"narteks.net"},"image":{"@id":"https:\/\/narteks.net\/#\/schema\/logo\/image\/"},"sameAs":["https:\/\/x.com\/narteks","https:\/\/instagram.com\/narteksnet"]},{"@type":"Person","@id":"https:\/\/narteks.net\/#\/schema\/person\/61f37d9834294b72d31d274e7ed79bca","name":"Tar\u0131k","image":{"@type":"ImageObject","inLanguage":"tr","@id":"https:\/\/narteks.net\/#\/schema\/person\/image\/","url":"https:\/\/secure.gravatar.com\/avatar\/50865afb55632c4ae467e0af0930f6510aa2297d8014be502a55b14f3b7550cf?s=96&d=mm&r=g","contentUrl":"https:\/\/secure.gravatar.com\/avatar\/50865afb55632c4ae467e0af0930f6510aa2297d8014be502a55b14f3b7550cf?s=96&d=mm&r=g","caption":"Tar\u0131k"},"sameAs":["http:\/\/narteks.net"],"url":"https:\/\/narteks.net\/index.php\/author\/narbak\/"}]}},"_links":{"self":[{"href":"https:\/\/narteks.net\/index.php\/wp-json\/wp\/v2\/posts\/4072","targetHints":{"allow":["GET"]}}],"collection":[{"href":"https:\/\/narteks.net\/index.php\/wp-json\/wp\/v2\/posts"}],"about":[{"href":"https:\/\/narteks.net\/index.php\/wp-json\/wp\/v2\/types\/post"}],"author":[{"embeddable":true,"href":"https:\/\/narteks.net\/index.php\/wp-json\/wp\/v2\/users\/1"}],"replies":[{"embeddable":true,"href":"https:\/\/narteks.net\/index.php\/wp-json\/wp\/v2\/comments?post=4072"}],"version-history":[{"count":0,"href":"https:\/\/narteks.net\/index.php\/wp-json\/wp\/v2\/posts\/4072\/revisions"}],"wp:attachment":[{"href":"https:\/\/narteks.net\/index.php\/wp-json\/wp\/v2\/media?parent=4072"}],"wp:term":[{"taxonomy":"category","embeddable":true,"href":"https:\/\/narteks.net\/index.php\/wp-json\/wp\/v2\/categories?post=4072"},{"taxonomy":"post_tag","embeddable":true,"href":"https:\/\/narteks.net\/index.php\/wp-json\/wp\/v2\/tags?post=4072"}],"curies":[{"name":"wp","href":"https:\/\/api.w.org\/{rel}","templated":true}]}}