{"id":4076,"date":"2010-03-06T01:00:00","date_gmt":"2010-03-05T22:00:00","guid":{"rendered":"http:\/\/localhost\/wordpress\/2010\/03\/06\/hayatin-oldugu-heryerde-hayat-icin-savasan-kadin-clara-zetkin\/"},"modified":"2010-03-06T01:00:00","modified_gmt":"2010-03-05T22:00:00","slug":"hayatin-oldugu-heryerde-hayat-icin-savasan-kadin-clara-zetkin","status":"publish","type":"post","link":"https:\/\/narteks.net\/index.php\/2010\/03\/06\/hayatin-oldugu-heryerde-hayat-icin-savasan-kadin-clara-zetkin\/","title":{"rendered":"Hayat\u0131n oldu\u011fu heryerde, hayat i\u00e7in sava\u015fan kad\u0131n | Clara Zetkin"},"content":{"rendered":"<p style=\"text-align: justify;\"><img loading=\"lazy\" decoding=\"async\" src=\"http:\/\/www.dasrotewien.at\/bilder\/d42\/Zetkin_TH_Hoch_VGA.jpg\" border=\"0\" width=\"155\" height=\"205\" style=\"float: left; border: 0;\" \/>Evet, korkmaktad\u0131r. Kad\u0131nlar\u0131n ve gen\u00e7 k\u0131zlar\u0131n \u00e7o\u011funun tan\u0131d\u0131\u011f\u0131 bir korku. Toplum \u00f6n\u00fcnde sesini y\u00fckselterek konu\u015fmak: \u0130\u015fte bu olmamal\u0131d\u0131r. Bir keresinde halka a\u00e7\u0131k bir toplant\u0131da konu\u015fma s\u0131ras\u0131 kendisine geldi\u011finde, o kadar dolu olmas\u0131na ra\u011fmen, sesini hafif\u00e7e y\u00fckselterek, konu\u015fmaktan vazge\u00e7ti\u011fini s\u00f6yler.Fakat bu kez, Paris&#8217;te 1889&#8217;daki II. Enternasyonal&#8217;in kurulu\u015f kongresinde ismi okundu\u011funda bu korkuyu yener, &#8220;S\u00f6z s\u0131ras\u0131 yurtta\u015f Zetkin&#8217;in&#8221;.<\/p>\n<p style=\"text-align: justify;\">Ba\u015flang\u0131\u00e7ta tutuk, sonra gittik\u00e7e kendisinden daha emin ve daha ak\u0131c\u0131 bir dille, 32 ya\u015f\u0131ndaki Clara Zetkin ilk b\u00fcy\u00fck konu\u015fmas\u0131nda k\u0131zlar\u0131n ve kad\u0131nlar\u0131n davas\u0131n\u0131 temsil eder: Konu\u015fma metninin ba\u015fl\u0131\u011f\u0131, &#8220;Kad\u0131n\u0131n kurtulu\u015fu i\u00e7in&#8217;dir. &#8220;Sosyalistler bilmek zorundad\u0131r ki; g\u00fcn\u00fcm\u00fczdeki ekonomik geli\u015fmede kad\u0131nlar\u0131n \u00e7al\u0131\u015fmas\u0131 bir zorunluluktur&#8230; Sosyalistler her \u015feyden \u00f6nce bilmelidir ki, ekonomik ba\u011f\u0131ml\u0131l\u0131k veya ba\u011f\u0131ms\u0131zl\u0131k, sosyal k\u00f6lelik veya \u00f6zg\u00fcrl\u00fckle ilintilidir.<\/p>\n<p style=\"text-align: justify;\">&#8220;\u0130nsan suretindeki her \u015feyin kurtulu\u015funu slogan edinmi\u015f olanlar, insan cinsiyetinin bir yar\u0131s\u0131n\u0131 ekonomik ba\u011f\u0131ml\u0131l\u0131kla siyasal ve sosyal k\u00f6leli\u011fe mahk\u00fbm edemezler. \u0130\u015f\u00e7iler kapitalistler taraf\u0131ndan nas\u0131l boyunduruk alt\u0131na al\u0131nm\u0131\u015flarsa, kad\u0131n da erkek taraf\u0131ndan \u00f6ylesine boyunduruk alt\u0131na al\u0131nm\u0131\u015ft\u0131r ve ekonomik \u00f6zg\u00fcrl\u00fc\u011f\u00fcne kavu\u015fmad\u0131\u011f\u0131 s\u00fcrece de \u00f6yle kalacakt\u0131r. Kad\u0131nlar\u0131n ekonomik ba\u011f\u0131ms\u0131zl\u0131klar\u0131 i\u00e7in en gerekli \u015fart \u00e7al\u0131\u015fmakt\u0131r&#8230;<\/p>\n<p style=\"text-align: justify;\">&#8220;Kad\u0131n i\u015f\u00e7iler kad\u0131n\u0131n \u00f6zg\u00fcrl\u00fc\u011f\u00fcn\u00fcn ayr\u0131 de\u011fil, b\u00fcy\u00fck sosyal sorunun bir par\u00e7as\u0131 oldu\u011fundan tamamen emindirler. Bu sorunun bug\u00fcnk\u00fc toplumda hi\u00e7bir zaman \u00e7\u00f6z\u00fclemeyece\u011finin, ancak toplumun k\u00f6kl\u00fc de\u011fi\u015fiminden sonra bunun m\u00fcmk\u00fcn olabilece\u011finin de bilincindedirler&#8230; Kad\u0131n\u0131n \u00f6zg\u00fcrl\u00fc\u011f\u00fc, t\u00fcm insano\u011flunun \u00f6zg\u00fcrl\u00fc\u011f\u00fc gibi, yaln\u0131zca eme\u011fin sermayenin boyunduru\u011fundan kurtulmas\u0131yla olacakt\u0131r. Sadece sosyalist toplumda, kad\u0131nlar\u0131n i\u015f\u00e7iler gibi haklar\u0131n\u0131n tam sahibi olmas\u0131 m\u00fcmk\u00fcnd\u00fcr.&#8221;<\/p>\n<p style=\"text-align: justify;\">Clara Zetkin sosyalist partilerde haklar\u0131 i\u00e7in sava\u015fmak isteyen kad\u0131na terc\u00fcman olmaktad\u0131r. &#8220;Erke\u011fin deste\u011fi olmadan,&#8221; diye a\u00e7\u0131klar, &#8220;evet, hatta genellikle erkeklerin iradesine kar\u015f\u0131n, kad\u0131nlar sosyalist bayrak alt\u0131na girmi\u015flerdir&#8230; Fakat onlar \u015fimdi bu bayrak alt\u0131nda duruyorlar ve burada kalacaklar! Burada \u00f6zg\u00fcrl\u00fckleri i\u00e7in, e\u015fit haklara sahip insan olarak kabul edilmeleri i\u00e7in sava\u015f\u0131yorlar.<\/p>\n<p style=\"text-align: justify;\">Sosyalist i\u015f\u00e7i partisi ile el ele y\u00fcr\u00fcyerek sava\u015f\u0131n t\u00fcm zorlu\u011funa ve gerektirdi\u011fi \u00f6zverilere kat\u0131lmaya haz\u0131r olduklar\u0131 gibi, zaferden sonra da elde ettikleri t\u00fcm haklar\u0131 korumaya kesin kararl\u0131d\u0131rlar.&#8221; Paris kongresindeki bu konu\u015fma sadece Clara Zetkin&#8217;in ilk b\u00fcy\u00fck konu\u015fmas\u0131 de\u011fildir. Bu konu\u015fma uluslararas\u0131 bir topluluk \u00f6n\u00fcnde cinsinin e\u015fitlik haklar\u0131 i\u00e7in sava\u015f veren ve &#8220;Kad\u0131n ve Sosyalizm&#8221; konusunu g\u00fcndeme getiren bir kad\u0131n\u0131n tarihteki ilk konu\u015fmas\u0131d\u0131r. &#8220;Sanki kanat takm\u0131\u015f\u0131m gibi geldi bana,&#8221; der Clara Zetkin konu\u015fmas\u0131n\u0131 bitirdi\u011finde.<\/p>\n<p style=\"text-align: justify;\">Onun tutkuyla dile getirdi\u011fi talepler yank\u0131s\u0131z kalmaz. Alman sosyal demokrasisi bir y\u0131l sonra yeni program\u0131n\u0131 bitirdi\u011finde bu program\u0131n i\u00e7inde kad\u0131n\u0131n ekonomik, siyasal ve hukuksal e\u015fitli\u011fi de vard\u0131r. Bu konuda ilk d\u00fcrt\u00fcy\u00fc yapan Clara Zetkin sonraki y\u0131llarda parti toplant\u0131lar\u0131nda, uluslararas\u0131 kongrelerde ve parlamentolarda daha y\u00fczlerce konu\u015fma yapar.<\/p>\n<p style=\"text-align: justify;\">&#8220;Ya\u015fam\u0131n oldu\u011fu yerde sava\u015fmak istiyorum&#8221; slogan\u0131 onun yarat\u0131\u015f\u0131d\u0131r. Bu noktaya nas\u0131l varm\u0131\u015ft\u0131r? Bu gen\u00e7 Alman kad\u0131n neden ille de Sosyal Demokrat Parti&#8217;ye kat\u0131lm\u0131\u015ft\u0131r? Bir k\u00f6y \u00f6\u011fretmeninin k\u0131z\u0131 olan Clara Eissner, Chemnitz yak\u0131n\u0131ndaki Wiederau&#8217;da yeti\u015fir: \u00d6\u011frenmeye hevesli, k\u00f6y gen\u00e7li\u011finin oyunlar\u0131nda tart\u0131\u015fmas\u0131z \u00f6nder olan, eyleme susam\u0131\u015f bir k\u0131z. G\u00fcn\u00fcn birinde babas\u0131n\u0131n k\u00fct\u00fcphanesinde Papa&#8217;ya kar\u015f\u0131 ayaklanmalar\u0131n bir hik\u00e2yesini bulur. Yak\u0131lmak i\u00e7in odun y\u0131\u011f\u0131nlar\u0131 \u00fcst\u00fcne ba\u011fl\u0131 olduklar\u0131nda bile inan\u00e7lar\u0131ndan d\u00f6nmeyen bu kad\u0131n ve erkeklerden \u00e7ok etkilenmi\u015ftir.<\/p>\n<p style=\"text-align: justify;\">&#8220;Onlardan, daha \u00e7ocukken, insan\u0131n inanc\u0131 u\u011fruna \u00f6lmeye haz\u0131r olmas\u0131 gerekti\u011fini \u00f6\u011frendim,&#8221; diye anlat\u0131r hayat\u0131n\u0131n sonunda. 1872&#8217;de Eissner ailesi Leipzig&#8217;e ta\u015f\u0131n\u0131r. Clara \u00f6\u011fretmen olmak ister. Ger\u00e7ekle\u015fmesi kolay olmayan bir arzudur bu. \u00c7\u00fcnk\u00fc devlet o zamanlar k\u0131zlar\u0131n y\u00fcksek \u00f6\u011frenim g\u00f6rmesi ve kad\u0131n \u00f6\u011fretmen yeti\u015ftirilmesi ile ilgilenmemektedir ve kad\u0131nlar kamusal e\u011fitimin hen\u00fcz her dal\u0131nda \u00e7al\u0131\u015famamaktad\u0131r.<\/p>\n<p style=\"text-align: justify;\">Kad\u0131n \u00f6\u011fretmenlere daha ziyade el i\u015fleri dersinde ihtiya\u00e7 duyulmaktad\u0131r. Di\u011fer dersler i\u00e7in bir kad\u0131n\u0131n zihinsel yetenekleri yeterli g\u00f6r\u00fclmez&#8230; Fakat Clara daha fazlas\u0131n\u0131 ister. Leipzig&#8217;de Auguste Schmidt taraf\u0131ndan y\u00f6netilen \u00f6zel kad\u0131n \u00f6\u011fretmenlik kursunda bir yer bulmay\u0131 ba\u015far\u0131r.<\/p>\n<p style=\"text-align: justify;\">Kad\u0131nlar i\u00e7in kurulan ilk geli\u015ftirme okuludur bu. E\u011fitimde ve mesleki ya\u015famda kad\u0131n haklar\u0131 i\u00e7in sava\u015fan g\u00fc\u00e7l\u00fc bir kad\u0131n olan Auguste Schmidt, k\u0131z \u00f6\u011frencilerinden titiz, sorumluluk duygusu i\u00e7inde bir \u00e7al\u0131\u015fma ister. Clara bu kat\u0131 disiplinli okulun \u00f6\u011fretmenine daima minnettar kalm\u0131\u015ft\u0131r, &#8220;Onu ya\u015fam i\u00e7in, m\u00fccadele i\u00e7in bana \u00f6\u011frettiklerinden dolay\u0131 sayg\u0131yla an\u0131yorum.&#8221;<\/p>\n<p style=\"text-align: justify;\">Leipzig&#8217;deki kurs d\u00f6neminde Clara, devrimci d\u00fc\u015f\u00fcnceleri ve eylemleri y\u00fcz\u00fcnden \u00fclkelerinden s\u00fcr\u00fclen ve \u015fimdi Leipzig&#8217;de \u00f6\u011frenim g\u00f6ren bir grup Rus \u00f6\u011frenciyle tan\u0131\u015f\u0131r. Onlardan sosyalizm ve kom\u00fcnizm kavramlar\u0131n\u0131n ortaya \u00e7\u0131kt\u0131\u011f\u0131 tart\u0131\u015fmalar\u0131 dinler. Karl Marx ve Friedrich Engels isimlerini ilk kez i\u015fitir. Clara sorular sorar ve Marx ile Engels&#8217;in yazd\u0131klar\u0131n\u0131 okumaya ba\u015flar.<\/p>\n<p style=\"text-align: justify;\">Rus \u00f6\u011frencilerden biri olan Ossip Zetkin, Clara&#8217;n\u0131n en yak\u0131n arkada\u015f\u0131 ve dostu olur. S\u0131k s\u0131k kendisini sosyal demokratlar\u0131n toplant\u0131lar\u0131na g\u00f6t\u00fcr\u00fcr. Gen\u00e7 kad\u0131n\u0131n dinledi\u011fi her konferans onu m\u00fccadele veren i\u015f\u00e7i s\u0131n\u0131f\u0131n\u0131n d\u00fc\u015f\u00fcnce d\u00fcnyas\u0131na daha fazla sokar. Kursta \u00f6\u011fretmenleri onu, &#8220;sosyalist d\u00fc\u015f\u00fcnceleri savundu\u011funda rahats\u0131z edici&#8221; bulurlar. Bitirme s\u0131navlar\u0131n\u0131 &#8220;pekiyi&#8221; ile ge\u00e7er. Ayn\u0131 y\u0131l 1878&#8217;de Sosyalistler Yasas\u0131 y\u00fcr\u00fcrl\u00fc\u011fe girer. Bu yasa eyalet polis m\u00fcd\u00fcrl\u00fcklerine yerel sosyal demokrat cemiyetleri, sendikalar\u0131 ve i\u015f\u00e7i e\u011fitim cemiyetlerini yasaklama yetkisi vermektedir.<\/p>\n<p style=\"text-align: justify;\">Birdenbire parti ve onunla birlikte t\u00fcm i\u015f\u00e7i \u00f6rg\u00fctleri yasad\u0131\u015f\u0131 olur, t\u00fcm yay\u0131nlar\u0131 yasaklan\u0131r. Clara Zetkin bu zaman i\u00e7inde ge\u00e7imini Leipzig yak\u0131nlar\u0131nda bir \u00e7iftlik sahibinin yan\u0131nda m\u00fcrebbiyelikle sa\u011flamaktad\u0131r, fakat partinin yasad\u0131\u015f\u0131 \u00e7al\u0131\u015fmalar\u0131na kat\u0131lmaya devam eder.<\/p>\n<p style=\"text-align: justify;\">1880&#8217;de Ossip Zetkin Leipzig&#8217;den s\u00fcr\u00fcl\u00fcr: iki y\u0131l sonra Clara onun ard\u0131ndan Paris&#8217;e gider. Evlenirler. 1883 ve 1885&#8217;te iki o\u011fullar\u0131 Maksim ve Kostya d\u00fcnyaya gelirler. K\u0131sa bir zaman sonra Ossip Zetkin a\u011f\u0131r hastalan\u0131r. 1889&#8217;un Ocak ay\u0131 sonunda \u00f6l\u00fcr.<\/p>\n<p style=\"text-align: justify;\">Clara Zetkin y\u0131llar sonra bir k\u0131z arkada\u015f\u0131na kocas\u0131n\u0131n \u00f6l\u00fcm\u00fcn\u00fc yazarken, &#8220;Sanki benim hayat\u0131m da durmu\u015ftu,&#8221; der; &#8220;o zaman sadece \u00e7ocuklar\u0131m u\u011fruna hayata geri d\u00f6nd\u00fcm; ve tam ad\u0131n\u0131 koyarsak, sosyalist devrim sava\u015f\u00e7\u0131s\u0131 bir kad\u0131n olarak verdi\u011fim u\u011fra\u015f sayesinde.&#8221; U\u011fra\u015f\u0131: Clara Zetkin Paris&#8217;te s\u00fcrg\u00fcndeyken s\u00fcrekli Alman ve Frans\u0131z i\u015f\u00e7i hareketleriyle ilgilenir ve bu s\u0131rada iki temel sorunla kar\u015f\u0131la\u015f\u0131r:<\/p>\n<p style=\"text-align: justify;\">Sosyalist toplumda kad\u0131n\u0131n yeri nerededir? <br \/>Sosyalistler kad\u0131nlar\u0131 nas\u0131l uyand\u0131r\u0131p m\u00fccadelenin i\u00e7ine \u00e7ekebilirler?<\/p>\n<p style=\"text-align: justify;\">Bu konuya ili\u015fkin ilk b\u00fcy\u00fck katk\u0131s\u0131n\u0131 Paris&#8217;teki II. Enternasyonal&#8217;in kurulu\u015f kongresinde yapar. B\u00fcy\u00fck bir halk toplulu\u011fu \u00f6n\u00fcnde d\u00fc\u015f\u00fcnd\u00fcklerini s\u00f6yleme korkusunu yendi\u011fi anda, uluslararas\u0131 kamuoyunun kap\u0131lar\u0131 ona a\u00e7\u0131l\u0131r.<\/p>\n<p style=\"text-align: justify;\">Eyl\u00fcl 1890: Sosyal demokratlara kar\u015f\u0131 tedbir yasalar\u0131 kald\u0131r\u0131l\u0131r. Clara Zetkin iki \u00e7ocu\u011fuyla vatan\u0131na geri d\u00f6ner ve Stuttgart&#8217;ta yerle\u015fir. Kad\u0131n i\u015f\u00e7ilerin \u00e7\u0131kar\u0131n\u0131 kollayan E\u015fitlik adl\u0131 bir derginin kurucu orta\u011f\u0131 ve y\u00f6neticisi olur. 25 y\u0131l boyunca bu dergide Clara Zetkin&#8217;in elinden kalem d\u00fc\u015fmez.<\/p>\n<p style=\"text-align: justify;\">\u0130lk y\u0131llar\u0131n E\u015fitlik dergisinin sayfalan \u00e7evrilirse, kad\u0131n i\u015f\u00e7i hareketi geli\u015fiminin canl\u0131 tablolar\u0131 g\u00f6r\u00fcl\u00fcr. O say\u0131larda kad\u0131n\u0131n istismar\u0131n\u0131n afi\u015fe edildi\u011fi makaleler vard\u0131r. Bu dergilerde j\u00fct iplik fabrikas\u0131nda bir kad\u0131n i\u015f\u00e7inin Bremen&#8217;de 14 fenikten 15 feni\u011fe kadar saat \u00fccreti ald\u0131\u011f\u0131 okunur. \u00c7o\u011fu, haftada yaln\u0131z bir kez s\u0131cak \u00f6\u011fle yeme\u011fi yiyebilmektedir&#8230; \u0130ki, \u00fc\u00e7 marka kadar haftal\u0131klarla, f\u0131r\u0131nlanm\u0131\u015f porselenleri f\u0131r\u0131nlardan d\u0131\u015far\u0131 \u00e7\u0131karan Saksonyal\u0131 kad\u0131nlar \u00e7ok s\u0131cak oldu\u011fu i\u00e7in sadece bir g\u00f6mlek giymektedirler ve cereyanda kal\u0131p hemen hepsi romatizma hastal\u0131\u011f\u0131na yakalan\u0131rlar&#8230;<\/p>\n<p style=\"text-align: justify;\">Dresdenli t\u00fct\u00fcn i\u015f\u00e7ileri; &#8220;i\u00e7imizden biri mesai s\u0131ras\u0131nda g\u00fclecek olsa bu \u00f6l\u00fcmc\u00fcl su\u00e7un bedelini 50 fenik ceza ile \u00f6demek zorundayd\u0131,&#8221; diye anlat\u0131rlar. Ayna s\u0131rlay\u0131c\u0131lar\u0131n\u0131n \u00e7al\u0131\u015fma ko\u015fullar\u0131 hakk\u0131nda profes\u00f6r\u00fcn biri \u015fu ifadeyi kullan\u0131r, &#8220;Korkun\u00e7 c\u0131va zehirlenmeleri, devaml\u0131 d\u00fc\u015f\u00fck ve \u00f6l\u00fc \u00e7ocuk do\u011fumlar\u0131.&#8221; Bask\u0131 alt\u0131ndaki bu kad\u0131nlar\u0131n b\u00fcy\u00fck bir b\u00f6l\u00fcm\u00fcn\u00fc s\u0131n\u0131f m\u00fccadelesi i\u00e7in kazanmak, Clara Zetkin&#8217;in de bildi\u011fi gibi, kolay bir i\u015f de\u011fildir. Fakat bunu yapmak onun g\u00f6revidir!&#8221;<\/p>\n<p style=\"text-align: justify;\">1905 y\u0131l\u0131ndan itibaren e\u011fitimini tamamlam\u0131\u015f olan \u00f6\u011fretmen Clara Zetkin kendisini y\u00fcrekten istedi\u011fi bir konuya adar: Pedagojik \u00e7al\u0131\u015fma. Bundan b\u00f6yle E\u015fitlik dergisi d\u00fczenli olarak iki ek \u00e7\u0131kar\u0131r. Eklerden biri &#8220;Analar\u0131m\u0131z ve ev kad\u0131nlar\u0131m\u0131z i\u00e7in&#8221;, di\u011feri de &#8220;\u00e7ocuklar\u0131m\u0131z i\u00e7in&#8221;dir.<\/p>\n<p style=\"text-align: justify;\">Clara Zetkin&#8217;in istedi\u011fi, ana-babalara ve yeti\u015fmekte olanlara &#8220;Ger\u00e7ek insanl\u0131\u011f\u0131n temel ilkelerini&#8221; a\u00e7\u0131klamakt\u0131r. \u00c7ocuklar\u0131n e\u011fitimi -her zaman vurgulad\u0131\u011f\u0131 gibi- ev, toplumsal d\u00fczen, ana ve baban\u0131n birlikte uyum i\u00e7inde meydana getirdi\u011fi bir eser olmal\u0131d\u0131r. \u00c7ocu\u011fun yarad\u0131l\u0131\u015f\u0131nda ana-baban\u0131n \u00f6zellikleri nas\u0131l kar\u0131\u015f\u0131yorsa, e\u011fitimde de (yarad\u0131l\u0131\u015f\u0131n ikinci b\u00f6l\u00fcm\u00fcnde ve genellikle en \u00f6nemlisinde) ayn\u0131 \u015fekilde uyum i\u00e7inde birle\u015fmelidirler ki, her iki taraf\u0131n da en iyi yan\u0131 \u00e7i\u00e7ek a\u00e7abilsin.&#8221;<\/p>\n<p style=\"text-align: justify;\">A\u011fustos 1907: Sosyalist kad\u0131nlar\u0131n ilk uluslararas\u0131 toplant\u0131s\u0131na 14 \u00fclkeden 56 delege kat\u0131l\u0131r. Bu kad\u0131nlar Clara Zetkin&#8217;i uluslararas\u0131 sekreterli\u011fe se\u00e7er ve E\u015fitlik dergisini uluslararas\u0131 yay\u0131n organ\u0131 olarak belirlerler.<\/p>\n<p style=\"text-align: justify;\">A\u011fustos 1910: \u0130kinci uluslararas\u0131 kad\u0131nlar konferans\u0131nda kat\u0131l\u0131mc\u0131 kad\u0131nlar, her y\u0131l uluslararas\u0131 bir kad\u0131nlar g\u00fcn\u00fc kutlanmas\u0131n\u0131 kararla\u015ft\u0131r\u0131r. \u0130lk \u00f6nce, mart ay\u0131ndaki bu g\u00fcn, kad\u0131nlar\u0131n se\u00e7me hakk\u0131 i\u00e7in propaganda yapmaya hizmet edecektir. &#8220;Ya\u015fas\u0131n kad\u0131nlar\u0131n oy hakk\u0131!&#8221; Bir y\u0131l sonra Alman kad\u0131nlar mart ay\u0131ndaki &#8220;kendi g\u00fcnlerinde&#8221; caddelerde bu slogan\u0131 pankartlara yazarlar. Clara Zetkin E\u015fitlik dergisinde bunu, &#8220;D\u00fcnyan\u0131n \u015fimdiye kadar g\u00f6rd\u00fc\u011f\u00fc, kad\u0131n\u0131n e\u015fitli\u011fi i\u00e7in yap\u0131lan en g\u00f6rkemli g\u00f6steri,&#8221; diye haber verir.<\/p>\n<p style=\"text-align: justify;\">Bir zamanlar konu\u015fmac\u0131 k\u00fcrs\u00fcs\u00fcne korka korka \u00e7\u0131kan Clara Zetkin, art\u0131k bir\u00e7ok saflarda korkulan, uzla\u015fmak bilmeyen bir sava\u015f\u00e7\u0131d\u0131r. Onun i\u00e7in en b\u00fcy\u00fck darbe 1908&#8217;de (bu y\u0131ldan itibaren nihayet kad\u0131nlar da partilere \u00fcye olabilecektir) y\u00f6netime se\u00e7ilmemesidir. Rosa Luxemburg, Karl Liebknecht ve Frans\u0131z Mchring gibi partinin sol devrimci kanad\u0131na aittir.<\/p>\n<p style=\"text-align: justify;\">Alman kad\u0131n hareketlerinde de &#8220;\u0131l\u0131ml\u0131lara&#8221; sald\u0131r\u0131r Clara Zetkin. 1905 y\u0131l\u0131nda &#8220;Anneleri Koruma Derne\u011fi&#8221;ni kuran Helene St\u00f6cker ile arkada\u015f olur. Helene St\u00f6cker evlenmeden anne olanlar i\u00e7in de hamileli\u011fi \u00f6nleyici korunma ila\u00e7lar\u0131n\u0131n serbest\u00e7e da\u011f\u0131t\u0131m\u0131n\u0131 ve k\u00fcrtaj\u0131n yasalla\u015fmas\u0131n\u0131 talep etmektedir.<\/p>\n<p style=\"text-align: justify;\">Analar\u0131 Koruma Derne\u011fi, Alman kad\u0131n dernekleri birli\u011fine kabul edilmez. Kad\u0131n hareketleri aras\u0131nda, &#8220;\u0131l\u0131ml\u0131lar&#8221; cinsel sorunlar kar\u015f\u0131s\u0131nda \u00e7ok \u00e7ekimser davran\u0131rlar. Helene St\u00f6cker ve Clara Zetkin bu tavr\u0131 yarg\u0131larlar. Bu iki kad\u0131n\u0131n dostlu\u011fu Clara Zetkin&#8217;in \u00f6l\u00fcm\u00fcne kadar s\u00fcrm\u00fc\u015ft\u00fcr.<\/p>\n<p style=\"text-align: justify;\">Clara Zetkin 1929-1931 aras\u0131nda y\u0131l\u0131n sadece bir k\u0131sm\u0131n\u0131 Almanya&#8217;da ge\u00e7irirken (di\u011fer k\u0131sm\u0131n\u0131 Rusya&#8217;da ge\u00e7irir) kendisini s\u00fcrekli ziyarete gelen nadir ki\u015filerden biri Helene St\u00f6cker&#8217;dir. Son ortak \u00e7al\u0131\u015fmalar\u0131 1932&#8217;de Amsterdam&#8217;daki sava\u015fa kar\u015f\u0131 yap\u0131lacak kongrenin \u00f6n haz\u0131rl\u0131klar\u0131 olur.<\/p>\n<p style=\"text-align: justify;\">Daha 1912 y\u0131l\u0131nda Clara Zetkin uluslararas\u0131 sosyalistler kongresinde, Basel&#8217;de d\u00fcnya kad\u0131nlar\u0131n\u0131 bar\u0131\u015f\u0131n korunmas\u0131na aktif olarak kat\u0131lmaya \u00e7a\u011f\u0131rm\u0131\u015ft\u0131r. Son ana kadar E\u015fitlik dergisinde de yakla\u015fan sava\u015f felaketine kar\u015f\u0131 sava\u015f\u0131r. Sava\u015f\u0131n s\u00fcrd\u00fc\u011f\u00fc 1915&#8217;te Almanya&#8217;da illegal olarak bir manifesto yay\u0131nlar: &#8220;Sava\u015f\u0131 B\u0131rak\u0131n!&#8221; &#8220;Vatana ihanete te\u015febb\u00fcs&#8221;ten tutuklan\u0131r. Serbest kal\u0131r kalmaz, sava\u015fa kar\u015f\u0131 yasad\u0131\u015f\u0131 m\u00fccadeleye devam eder. En a\u011f\u0131r darbeyi yiyinceye kadar: Parti y\u00f6netimi E\u015fitliksin redaksiyonunu elinden al\u0131r. 60 ya\u015f\u0131ndaki Clara Zetkin yeni bir ba\u015flang\u0131\u00e7 arar.<\/p>\n<p style=\"text-align: justify;\">&#8220;Her \u015fey beni Rusya&#8217;ya \u00e7ekiyor. Ruslar\u0131n aras\u0131nda yeni vatan\u0131m\u0131 buldum, politik a\u00e7\u0131dan, insanl\u0131k a\u00e7\u0131s\u0131ndan, onlar\u0131n aras\u0131nda sonuna kadar \u00e7al\u0131\u015fmak ve sava\u015fmak istiyorum.&#8221;<\/p>\n<p style=\"text-align: justify;\">Bunu 1917&#8217;de Rus i\u015f\u00e7i ve k\u00f6yl\u00fcleri \u00c7ar&#8217;\u0131 devirdiklerinde yazm\u0131\u015ft\u0131r. Lenin&#8217;le uzun konu\u015fmalar yapar ve bunlar\u0131 Lenin ile An\u0131lar kitab\u0131nda yay\u0131nlar. 1920&#8217;de Alman parlamentosunda yeni kurulan Kom\u00fcnist Parti&#8217;nin ba\u015f aday\u0131 se\u00e7ilir. Kom\u00fcnist Enternasyonal&#8217;in kad\u0131nlar\u0131n \u00e7al\u0131\u015fma hayat\u0131yla ilgili temel esaslar\u0131n\u0131 haz\u0131rlar.<\/p>\n<p style=\"text-align: justify;\">\u00d6l\u00fcm\u00fcnden bir y\u0131l \u00f6nce, 75 ya\u015f\u0131ndayken h\u00e2l\u00e2 Berlin&#8217;deki Alman parlamentosunun k\u00fcrs\u00fcs\u00fcnden fa\u015fist tehlikeye kar\u015f\u0131 hararetli bir konu\u015fma yapm\u0131\u015ft\u0131r.<\/p>\n<p style=\"text-align: justify;\">&#8220;Konu\u015fuyor. Tek ba\u015f\u0131na bir kad\u0131n gibi de\u011fil, kendisi i\u00e7in b\u00fcy\u00fck bir ger\u00e7e\u011fi bulmu\u015f bir kad\u0131n gibi&#8230; Daha \u00e7ok bir s\u0131n\u0131fa ait t\u00fcm kad\u0131nlar\u0131n ne d\u00fc\u015f\u00fcnd\u00fc\u011f\u00fcn\u00fc ifade etmek i\u00e7in, t\u00fcm di\u011fer kad\u0131nlar i\u00e7in varolan bir kad\u0131n gibi konu\u015fuyor. D\u00fc\u015f\u00fcnceleri bask\u0131 alt\u0131nda tutulan bir s\u0131n\u0131f\u0131n ortas\u0131nda, d\u00fc\u015f\u00fcncesi bask\u0131ya ra\u011fmen geli\u015fmi\u015f bir kad\u0131n gibi konu\u015fuyor. Binlerce ve milyonlarca kad\u0131n onunla ayn\u0131 \u015feyi s\u00f6yledikleri i\u00e7in, ne s\u00f6yl\u00fcyorsa do\u011fru. O yar\u0131nlar\u0131n kad\u0131n\u0131; ya da ifade etme y\u00fcreklili\u011fini g\u00f6sterirsek: O bug\u00fcn\u00fcn kad\u0131n\u0131.&#8221;<\/p>\n<p style=\"text-align: justify;\">Frans\u0131z ozan Louis Aragon, Basel \u00c7anlar\u0131 roman\u0131nda Clara Zetkin&#8217;in toplum kar\u015f\u0131s\u0131na \u00e7\u0131k\u0131\u015f\u0131n\u0131 -ba\u015flang\u0131\u00e7ta topluluk kar\u015f\u0131s\u0131nda konu\u015fmak zorunda kalmaktan korktu\u011fu kadar hi\u00e7bir \u015feyden korkmam\u0131\u015f olan bir kad\u0131n\u0131n konu\u015fma tarz\u0131n\u0131- bu c\u00fcmlelerle anlat\u0131r.<\/p>\n<p style=\"text-align: justify;\">Clara Zetkin<br \/>D\u00d6NEM\u0130NDEK\u0130 \u00d6NEML\u0130 OLAYLAR (1857-1933)<\/p>\n<p style=\"text-align: justify;\">1864 Karl Marx taraf\u0131ndan Londra&#8217;da I. Enternasyonalin kurulmas\u0131. <br \/>1889 Paris&#8217;te II. Enternasyonalin kurulu\u015f kongresinde Clara Zetkin ilk kad\u0131n konu\u015fmac\u0131 olur. <br \/>1889 Adolf Hitler&#8217;in do\u011fum y\u0131l\u0131. <br \/>1891 Clara Zetkin E\u015fitliksin yaz\u0131 i\u015flerini \u00fcstlenir (1916&#8217;ya kadar). <br \/>1903-1904 K\u0131r\u0131m\u00e7ov tekstil i\u015f\u00e7ileri grevinde grevcilerin yar\u0131dan \u00e7o\u011fu kad\u0131nd\u0131r. <br \/>1905 Rusya&#8217;da devrim. K\u0131smi ba\u015far\u0131. \u00c7ar Rusya&#8217;da Me\u015frutiyet Anayasas\u0131&#8217;n\u0131 kabul eder. <br \/>1914 Birinci D\u00fcnya Sava\u015f\u0131&#8217;n\u0131n ba\u015flamas\u0131. <br \/>1917 (Ba\u011f\u0131ms\u0131z Sosyal Demokrat Parti&#8217;nin) kurulu\u015fu. <br \/>1918 Almanya Kom\u00fcnist Partisi&#8217;nin kurulu\u015fu (Spartakus Birli\u011fi). <br \/>1923 Anneler G\u00fcn\u00fc Amerika&#8217;dan Almanya&#8217;ya gelir. <br \/>1925 Adolf Hitler NSDAP&#8217;yi (Nasyonal Sosyalist Alman \u0130\u015f\u00e7i Partisi) yeniden kurar. <br \/>1931 Almanya&#8217;da bir milyondan fazla kad\u0131n i\u015fsizdir. <br \/>1933 Clara Zetkin&#8217;in \u00f6ld\u00fc\u011f\u00fc y\u0131l, Hitler ba\u015fbakan olur.<\/p>\n","protected":false},"excerpt":{"rendered":"<p>Evet, korkmaktad\u0131r. Kad\u0131nlar\u0131n ve gen\u00e7 k\u0131zlar\u0131n \u00e7o\u011funun tan\u0131d\u0131\u011f\u0131 bir korku. Toplum \u00f6n\u00fcnde sesini y\u00fckselterek konu\u015fmak: \u0130\u015fte bu olmamal\u0131d\u0131r. Bir keresinde halka a\u00e7\u0131k bir toplant\u0131da konu\u015fma s\u0131ras\u0131 kendisine geldi\u011finde, o kadar dolu olmas\u0131na ra\u011fmen, sesini hafif\u00e7e y\u00fckselterek, konu\u015fmaktan vazge\u00e7ti\u011fini s\u00f6yler.Fakat bu kez, Paris&#8217;te 1889&#8217;daki II. Enternasyonal&#8217;in kurulu\u015f kongresinde ismi okundu\u011funda bu korkuyu yener, &#8220;S\u00f6z s\u0131ras\u0131 yurtta\u015f [&hellip;]<\/p>\n","protected":false},"author":1,"featured_media":0,"comment_status":"open","ping_status":"open","sticky":false,"template":"","format":"standard","meta":{"footnotes":""},"categories":[176],"tags":[],"class_list":{"0":"post-4076","1":"post","2":"type-post","3":"status-publish","4":"format-standard","6":"category-kadin-a-dair"},"yoast_head":"<!-- This site is optimized with the Yoast SEO Premium plugin v24.9 (Yoast SEO v24.9) - https:\/\/yoast.com\/wordpress\/plugins\/seo\/ -->\n<title>Hayat\u0131n oldu\u011fu heryerde, hayat i\u00e7in sava\u015fan kad\u0131n | Clara Zetkin - narteks.net<\/title>\n<meta name=\"robots\" content=\"index, follow, max-snippet:-1, max-image-preview:large, max-video-preview:-1\" \/>\n<link rel=\"canonical\" href=\"https:\/\/narteks.net\/index.php\/2010\/03\/06\/hayatin-oldugu-heryerde-hayat-icin-savasan-kadin-clara-zetkin\/\" \/>\n<meta property=\"og:locale\" content=\"tr_TR\" \/>\n<meta property=\"og:type\" content=\"article\" \/>\n<meta property=\"og:title\" content=\"Hayat\u0131n oldu\u011fu heryerde, hayat i\u00e7in sava\u015fan kad\u0131n | Clara Zetkin\" \/>\n<meta property=\"og:description\" content=\"Evet, korkmaktad\u0131r. Kad\u0131nlar\u0131n ve gen\u00e7 k\u0131zlar\u0131n \u00e7o\u011funun tan\u0131d\u0131\u011f\u0131 bir korku. Toplum \u00f6n\u00fcnde sesini y\u00fckselterek konu\u015fmak: \u0130\u015fte bu olmamal\u0131d\u0131r. Bir keresinde halka a\u00e7\u0131k bir toplant\u0131da konu\u015fma s\u0131ras\u0131 kendisine geldi\u011finde, o kadar dolu olmas\u0131na ra\u011fmen, sesini hafif\u00e7e y\u00fckselterek, konu\u015fmaktan vazge\u00e7ti\u011fini s\u00f6yler.Fakat bu kez, Paris&#8217;te 1889&#8217;daki II. Enternasyonal&#8217;in kurulu\u015f kongresinde ismi okundu\u011funda bu korkuyu yener, &#8220;S\u00f6z s\u0131ras\u0131 yurtta\u015f [&hellip;]\" \/>\n<meta property=\"og:url\" content=\"https:\/\/narteks.net\/index.php\/2010\/03\/06\/hayatin-oldugu-heryerde-hayat-icin-savasan-kadin-clara-zetkin\/\" \/>\n<meta property=\"og:site_name\" content=\"narteks.net\" \/>\n<meta property=\"article:published_time\" content=\"2010-03-05T22:00:00+00:00\" \/>\n<meta property=\"og:image\" content=\"http:\/\/www.dasrotewien.at\/bilder\/d42\/Zetkin_TH_Hoch_VGA.jpg\" \/>\n<meta name=\"author\" content=\"Tar\u0131k\" \/>\n<meta name=\"twitter:card\" content=\"summary_large_image\" \/>\n<meta name=\"twitter:creator\" content=\"@narteks\" \/>\n<meta name=\"twitter:site\" content=\"@narteks\" \/>\n<meta name=\"twitter:label1\" content=\"Yazan:\" \/>\n\t<meta name=\"twitter:data1\" content=\"Tar\u0131k\" \/>\n\t<meta name=\"twitter:label2\" content=\"Tahmini okuma s\u00fcresi\" \/>\n\t<meta name=\"twitter:data2\" content=\"13 dakika\" \/>\n<script type=\"application\/ld+json\" class=\"yoast-schema-graph\">{\"@context\":\"https:\/\/schema.org\",\"@graph\":[{\"@type\":\"Article\",\"@id\":\"https:\/\/narteks.net\/index.php\/2010\/03\/06\/hayatin-oldugu-heryerde-hayat-icin-savasan-kadin-clara-zetkin\/#article\",\"isPartOf\":{\"@id\":\"https:\/\/narteks.net\/index.php\/2010\/03\/06\/hayatin-oldugu-heryerde-hayat-icin-savasan-kadin-clara-zetkin\/\"},\"author\":{\"name\":\"Tar\u0131k\",\"@id\":\"https:\/\/narteks.net\/#\/schema\/person\/61f37d9834294b72d31d274e7ed79bca\"},\"headline\":\"Hayat\u0131n oldu\u011fu heryerde, hayat i\u00e7in sava\u015fan kad\u0131n | Clara Zetkin\",\"datePublished\":\"2010-03-05T22:00:00+00:00\",\"mainEntityOfPage\":{\"@id\":\"https:\/\/narteks.net\/index.php\/2010\/03\/06\/hayatin-oldugu-heryerde-hayat-icin-savasan-kadin-clara-zetkin\/\"},\"wordCount\":2667,\"commentCount\":0,\"publisher\":{\"@id\":\"https:\/\/narteks.net\/#organization\"},\"image\":{\"@id\":\"https:\/\/narteks.net\/index.php\/2010\/03\/06\/hayatin-oldugu-heryerde-hayat-icin-savasan-kadin-clara-zetkin\/#primaryimage\"},\"thumbnailUrl\":\"http:\/\/www.dasrotewien.at\/bilder\/d42\/Zetkin_TH_Hoch_VGA.jpg\",\"articleSection\":[\"Kad\u0131na Dair\"],\"inLanguage\":\"tr\",\"potentialAction\":[{\"@type\":\"CommentAction\",\"name\":\"Comment\",\"target\":[\"https:\/\/narteks.net\/index.php\/2010\/03\/06\/hayatin-oldugu-heryerde-hayat-icin-savasan-kadin-clara-zetkin\/#respond\"]}]},{\"@type\":\"WebPage\",\"@id\":\"https:\/\/narteks.net\/index.php\/2010\/03\/06\/hayatin-oldugu-heryerde-hayat-icin-savasan-kadin-clara-zetkin\/\",\"url\":\"https:\/\/narteks.net\/index.php\/2010\/03\/06\/hayatin-oldugu-heryerde-hayat-icin-savasan-kadin-clara-zetkin\/\",\"name\":\"Hayat\u0131n oldu\u011fu heryerde, hayat i\u00e7in sava\u015fan kad\u0131n | Clara Zetkin - narteks.net\",\"isPartOf\":{\"@id\":\"https:\/\/narteks.net\/#website\"},\"primaryImageOfPage\":{\"@id\":\"https:\/\/narteks.net\/index.php\/2010\/03\/06\/hayatin-oldugu-heryerde-hayat-icin-savasan-kadin-clara-zetkin\/#primaryimage\"},\"image\":{\"@id\":\"https:\/\/narteks.net\/index.php\/2010\/03\/06\/hayatin-oldugu-heryerde-hayat-icin-savasan-kadin-clara-zetkin\/#primaryimage\"},\"thumbnailUrl\":\"http:\/\/www.dasrotewien.at\/bilder\/d42\/Zetkin_TH_Hoch_VGA.jpg\",\"datePublished\":\"2010-03-05T22:00:00+00:00\",\"breadcrumb\":{\"@id\":\"https:\/\/narteks.net\/index.php\/2010\/03\/06\/hayatin-oldugu-heryerde-hayat-icin-savasan-kadin-clara-zetkin\/#breadcrumb\"},\"inLanguage\":\"tr\",\"potentialAction\":[{\"@type\":\"ReadAction\",\"target\":[\"https:\/\/narteks.net\/index.php\/2010\/03\/06\/hayatin-oldugu-heryerde-hayat-icin-savasan-kadin-clara-zetkin\/\"]}]},{\"@type\":\"ImageObject\",\"inLanguage\":\"tr\",\"@id\":\"https:\/\/narteks.net\/index.php\/2010\/03\/06\/hayatin-oldugu-heryerde-hayat-icin-savasan-kadin-clara-zetkin\/#primaryimage\",\"url\":\"http:\/\/www.dasrotewien.at\/bilder\/d42\/Zetkin_TH_Hoch_VGA.jpg\",\"contentUrl\":\"http:\/\/www.dasrotewien.at\/bilder\/d42\/Zetkin_TH_Hoch_VGA.jpg\"},{\"@type\":\"BreadcrumbList\",\"@id\":\"https:\/\/narteks.net\/index.php\/2010\/03\/06\/hayatin-oldugu-heryerde-hayat-icin-savasan-kadin-clara-zetkin\/#breadcrumb\",\"itemListElement\":[{\"@type\":\"ListItem\",\"position\":1,\"name\":\"Anasayfa\",\"item\":\"https:\/\/narteks.net\/\"},{\"@type\":\"ListItem\",\"position\":2,\"name\":\"Hayat\u0131n oldu\u011fu heryerde, hayat i\u00e7in sava\u015fan kad\u0131n | Clara Zetkin\"}]},{\"@type\":\"WebSite\",\"@id\":\"https:\/\/narteks.net\/#website\",\"url\":\"https:\/\/narteks.net\/\",\"name\":\"narteks.net\",\"description\":\"K\u00fclt\u00fcr Sanat Edebiyat Felsefe\",\"publisher\":{\"@id\":\"https:\/\/narteks.net\/#organization\"},\"alternateName\":\"K\u00fclt\u00fcr Sanat Edebiyat Felsefe\",\"potentialAction\":[{\"@type\":\"SearchAction\",\"target\":{\"@type\":\"EntryPoint\",\"urlTemplate\":\"https:\/\/narteks.net\/?s={search_term_string}\"},\"query-input\":{\"@type\":\"PropertyValueSpecification\",\"valueRequired\":true,\"valueName\":\"search_term_string\"}}],\"inLanguage\":\"tr\"},{\"@type\":\"Organization\",\"@id\":\"https:\/\/narteks.net\/#organization\",\"name\":\"narteks.net\",\"url\":\"https:\/\/narteks.net\/\",\"logo\":{\"@type\":\"ImageObject\",\"inLanguage\":\"tr\",\"@id\":\"https:\/\/narteks.net\/#\/schema\/logo\/image\/\",\"url\":\"https:\/\/narteks.net\/wp-content\/uploads\/narteks.png\",\"contentUrl\":\"https:\/\/narteks.net\/wp-content\/uploads\/narteks.png\",\"width\":300,\"height\":90,\"caption\":\"narteks.net\"},\"image\":{\"@id\":\"https:\/\/narteks.net\/#\/schema\/logo\/image\/\"},\"sameAs\":[\"https:\/\/x.com\/narteks\",\"https:\/\/instagram.com\/narteksnet\"]},{\"@type\":\"Person\",\"@id\":\"https:\/\/narteks.net\/#\/schema\/person\/61f37d9834294b72d31d274e7ed79bca\",\"name\":\"Tar\u0131k\",\"image\":{\"@type\":\"ImageObject\",\"inLanguage\":\"tr\",\"@id\":\"https:\/\/narteks.net\/#\/schema\/person\/image\/\",\"url\":\"https:\/\/secure.gravatar.com\/avatar\/50865afb55632c4ae467e0af0930f6510aa2297d8014be502a55b14f3b7550cf?s=96&d=mm&r=g\",\"contentUrl\":\"https:\/\/secure.gravatar.com\/avatar\/50865afb55632c4ae467e0af0930f6510aa2297d8014be502a55b14f3b7550cf?s=96&d=mm&r=g\",\"caption\":\"Tar\u0131k\"},\"sameAs\":[\"http:\/\/narteks.net\"],\"url\":\"https:\/\/narteks.net\/index.php\/author\/narbak\/\"}]}<\/script>\n<!-- \/ Yoast SEO Premium plugin. -->","yoast_head_json":{"title":"Hayat\u0131n oldu\u011fu heryerde, hayat i\u00e7in sava\u015fan kad\u0131n | Clara Zetkin - narteks.net","robots":{"index":"index","follow":"follow","max-snippet":"max-snippet:-1","max-image-preview":"max-image-preview:large","max-video-preview":"max-video-preview:-1"},"canonical":"https:\/\/narteks.net\/index.php\/2010\/03\/06\/hayatin-oldugu-heryerde-hayat-icin-savasan-kadin-clara-zetkin\/","og_locale":"tr_TR","og_type":"article","og_title":"Hayat\u0131n oldu\u011fu heryerde, hayat i\u00e7in sava\u015fan kad\u0131n | Clara Zetkin","og_description":"Evet, korkmaktad\u0131r. Kad\u0131nlar\u0131n ve gen\u00e7 k\u0131zlar\u0131n \u00e7o\u011funun tan\u0131d\u0131\u011f\u0131 bir korku. Toplum \u00f6n\u00fcnde sesini y\u00fckselterek konu\u015fmak: \u0130\u015fte bu olmamal\u0131d\u0131r. Bir keresinde halka a\u00e7\u0131k bir toplant\u0131da konu\u015fma s\u0131ras\u0131 kendisine geldi\u011finde, o kadar dolu olmas\u0131na ra\u011fmen, sesini hafif\u00e7e y\u00fckselterek, konu\u015fmaktan vazge\u00e7ti\u011fini s\u00f6yler.Fakat bu kez, Paris&#8217;te 1889&#8217;daki II. Enternasyonal&#8217;in kurulu\u015f kongresinde ismi okundu\u011funda bu korkuyu yener, &#8220;S\u00f6z s\u0131ras\u0131 yurtta\u015f [&hellip;]","og_url":"https:\/\/narteks.net\/index.php\/2010\/03\/06\/hayatin-oldugu-heryerde-hayat-icin-savasan-kadin-clara-zetkin\/","og_site_name":"narteks.net","article_published_time":"2010-03-05T22:00:00+00:00","og_image":[{"url":"http:\/\/www.dasrotewien.at\/bilder\/d42\/Zetkin_TH_Hoch_VGA.jpg","type":"","width":"","height":""}],"author":"Tar\u0131k","twitter_card":"summary_large_image","twitter_creator":"@narteks","twitter_site":"@narteks","twitter_misc":{"Yazan:":"Tar\u0131k","Tahmini okuma s\u00fcresi":"13 dakika"},"schema":{"@context":"https:\/\/schema.org","@graph":[{"@type":"Article","@id":"https:\/\/narteks.net\/index.php\/2010\/03\/06\/hayatin-oldugu-heryerde-hayat-icin-savasan-kadin-clara-zetkin\/#article","isPartOf":{"@id":"https:\/\/narteks.net\/index.php\/2010\/03\/06\/hayatin-oldugu-heryerde-hayat-icin-savasan-kadin-clara-zetkin\/"},"author":{"name":"Tar\u0131k","@id":"https:\/\/narteks.net\/#\/schema\/person\/61f37d9834294b72d31d274e7ed79bca"},"headline":"Hayat\u0131n oldu\u011fu heryerde, hayat i\u00e7in sava\u015fan kad\u0131n | Clara Zetkin","datePublished":"2010-03-05T22:00:00+00:00","mainEntityOfPage":{"@id":"https:\/\/narteks.net\/index.php\/2010\/03\/06\/hayatin-oldugu-heryerde-hayat-icin-savasan-kadin-clara-zetkin\/"},"wordCount":2667,"commentCount":0,"publisher":{"@id":"https:\/\/narteks.net\/#organization"},"image":{"@id":"https:\/\/narteks.net\/index.php\/2010\/03\/06\/hayatin-oldugu-heryerde-hayat-icin-savasan-kadin-clara-zetkin\/#primaryimage"},"thumbnailUrl":"http:\/\/www.dasrotewien.at\/bilder\/d42\/Zetkin_TH_Hoch_VGA.jpg","articleSection":["Kad\u0131na Dair"],"inLanguage":"tr","potentialAction":[{"@type":"CommentAction","name":"Comment","target":["https:\/\/narteks.net\/index.php\/2010\/03\/06\/hayatin-oldugu-heryerde-hayat-icin-savasan-kadin-clara-zetkin\/#respond"]}]},{"@type":"WebPage","@id":"https:\/\/narteks.net\/index.php\/2010\/03\/06\/hayatin-oldugu-heryerde-hayat-icin-savasan-kadin-clara-zetkin\/","url":"https:\/\/narteks.net\/index.php\/2010\/03\/06\/hayatin-oldugu-heryerde-hayat-icin-savasan-kadin-clara-zetkin\/","name":"Hayat\u0131n oldu\u011fu heryerde, hayat i\u00e7in sava\u015fan kad\u0131n | Clara Zetkin - narteks.net","isPartOf":{"@id":"https:\/\/narteks.net\/#website"},"primaryImageOfPage":{"@id":"https:\/\/narteks.net\/index.php\/2010\/03\/06\/hayatin-oldugu-heryerde-hayat-icin-savasan-kadin-clara-zetkin\/#primaryimage"},"image":{"@id":"https:\/\/narteks.net\/index.php\/2010\/03\/06\/hayatin-oldugu-heryerde-hayat-icin-savasan-kadin-clara-zetkin\/#primaryimage"},"thumbnailUrl":"http:\/\/www.dasrotewien.at\/bilder\/d42\/Zetkin_TH_Hoch_VGA.jpg","datePublished":"2010-03-05T22:00:00+00:00","breadcrumb":{"@id":"https:\/\/narteks.net\/index.php\/2010\/03\/06\/hayatin-oldugu-heryerde-hayat-icin-savasan-kadin-clara-zetkin\/#breadcrumb"},"inLanguage":"tr","potentialAction":[{"@type":"ReadAction","target":["https:\/\/narteks.net\/index.php\/2010\/03\/06\/hayatin-oldugu-heryerde-hayat-icin-savasan-kadin-clara-zetkin\/"]}]},{"@type":"ImageObject","inLanguage":"tr","@id":"https:\/\/narteks.net\/index.php\/2010\/03\/06\/hayatin-oldugu-heryerde-hayat-icin-savasan-kadin-clara-zetkin\/#primaryimage","url":"http:\/\/www.dasrotewien.at\/bilder\/d42\/Zetkin_TH_Hoch_VGA.jpg","contentUrl":"http:\/\/www.dasrotewien.at\/bilder\/d42\/Zetkin_TH_Hoch_VGA.jpg"},{"@type":"BreadcrumbList","@id":"https:\/\/narteks.net\/index.php\/2010\/03\/06\/hayatin-oldugu-heryerde-hayat-icin-savasan-kadin-clara-zetkin\/#breadcrumb","itemListElement":[{"@type":"ListItem","position":1,"name":"Anasayfa","item":"https:\/\/narteks.net\/"},{"@type":"ListItem","position":2,"name":"Hayat\u0131n oldu\u011fu heryerde, hayat i\u00e7in sava\u015fan kad\u0131n | Clara Zetkin"}]},{"@type":"WebSite","@id":"https:\/\/narteks.net\/#website","url":"https:\/\/narteks.net\/","name":"narteks.net","description":"K\u00fclt\u00fcr Sanat Edebiyat Felsefe","publisher":{"@id":"https:\/\/narteks.net\/#organization"},"alternateName":"K\u00fclt\u00fcr Sanat Edebiyat Felsefe","potentialAction":[{"@type":"SearchAction","target":{"@type":"EntryPoint","urlTemplate":"https:\/\/narteks.net\/?s={search_term_string}"},"query-input":{"@type":"PropertyValueSpecification","valueRequired":true,"valueName":"search_term_string"}}],"inLanguage":"tr"},{"@type":"Organization","@id":"https:\/\/narteks.net\/#organization","name":"narteks.net","url":"https:\/\/narteks.net\/","logo":{"@type":"ImageObject","inLanguage":"tr","@id":"https:\/\/narteks.net\/#\/schema\/logo\/image\/","url":"https:\/\/narteks.net\/wp-content\/uploads\/narteks.png","contentUrl":"https:\/\/narteks.net\/wp-content\/uploads\/narteks.png","width":300,"height":90,"caption":"narteks.net"},"image":{"@id":"https:\/\/narteks.net\/#\/schema\/logo\/image\/"},"sameAs":["https:\/\/x.com\/narteks","https:\/\/instagram.com\/narteksnet"]},{"@type":"Person","@id":"https:\/\/narteks.net\/#\/schema\/person\/61f37d9834294b72d31d274e7ed79bca","name":"Tar\u0131k","image":{"@type":"ImageObject","inLanguage":"tr","@id":"https:\/\/narteks.net\/#\/schema\/person\/image\/","url":"https:\/\/secure.gravatar.com\/avatar\/50865afb55632c4ae467e0af0930f6510aa2297d8014be502a55b14f3b7550cf?s=96&d=mm&r=g","contentUrl":"https:\/\/secure.gravatar.com\/avatar\/50865afb55632c4ae467e0af0930f6510aa2297d8014be502a55b14f3b7550cf?s=96&d=mm&r=g","caption":"Tar\u0131k"},"sameAs":["http:\/\/narteks.net"],"url":"https:\/\/narteks.net\/index.php\/author\/narbak\/"}]}},"_links":{"self":[{"href":"https:\/\/narteks.net\/index.php\/wp-json\/wp\/v2\/posts\/4076","targetHints":{"allow":["GET"]}}],"collection":[{"href":"https:\/\/narteks.net\/index.php\/wp-json\/wp\/v2\/posts"}],"about":[{"href":"https:\/\/narteks.net\/index.php\/wp-json\/wp\/v2\/types\/post"}],"author":[{"embeddable":true,"href":"https:\/\/narteks.net\/index.php\/wp-json\/wp\/v2\/users\/1"}],"replies":[{"embeddable":true,"href":"https:\/\/narteks.net\/index.php\/wp-json\/wp\/v2\/comments?post=4076"}],"version-history":[{"count":0,"href":"https:\/\/narteks.net\/index.php\/wp-json\/wp\/v2\/posts\/4076\/revisions"}],"wp:attachment":[{"href":"https:\/\/narteks.net\/index.php\/wp-json\/wp\/v2\/media?parent=4076"}],"wp:term":[{"taxonomy":"category","embeddable":true,"href":"https:\/\/narteks.net\/index.php\/wp-json\/wp\/v2\/categories?post=4076"},{"taxonomy":"post_tag","embeddable":true,"href":"https:\/\/narteks.net\/index.php\/wp-json\/wp\/v2\/tags?post=4076"}],"curies":[{"name":"wp","href":"https:\/\/api.w.org\/{rel}","templated":true}]}}