{"id":408,"date":"2009-03-12T23:49:21","date_gmt":"2009-03-12T20:49:21","guid":{"rendered":"http:\/\/localhost\/wordpress\/2009\/03\/12\/ayran-turkusu\/"},"modified":"2009-03-12T23:49:21","modified_gmt":"2009-03-12T20:49:21","slug":"ayran-turkusu","status":"publish","type":"post","link":"https:\/\/narteks.net\/index.php\/2009\/03\/12\/ayran-turkusu\/","title":{"rendered":"Ayran T\u00fcrk\u00fcs\u00fc"},"content":{"rendered":"<p style=\"text-align: justify;\"><span style=\"font-size: 14pt;\"><strong>Ayran T\u00fcrk\u00fcs\u00fc<\/strong><\/span><\/p>\n<p>Gurbet ellerinde e\u011flendim kald\u0131m<br \/>G\u00fczel cemalini g\u00f6r\u00fcnce durdum<br \/>Gelin bu ayran\u0131 taze mi yayd\u0131n<br \/>H\u00fcdan\u0131n a\u015fk\u0131na doldur ayran\u0131<br \/>Can\u0131m ayran\u0131, g\u00fczel ayran\u0131<\/p>\n<p>\u0130yi ho\u015f doldursun ayran\u0131 ya, sen kimsin? K\u00f6yl\u00fck yerde bir gen\u00e7 k\u0131z her isteyene bir tas ayran\u0131 uzat\u0131rsa ne olur, ad\u0131 nereye \u00e7\u0131kar? Demezler mi; falancan\u0131n k\u0131z\u0131n\u0131 g\u00f6rd\u00fcm, bir yabanc\u0131ya tas\u0131 doldurup ayran verdi. Aralar\u0131nda bir \u015fey var, elin yabanc\u0131s\u0131na yoksa verir mi ayran\u0131? Hem k\u00f6y\u00fcn geleneklerine de ters d\u00fc\u015fmez mi? Hem de gen\u00e7 bir k\u0131z! Yok can\u0131m, bu i\u015fin i\u00e7inde bir i\u015f var mutlaka. <\/p>\n<p>Cemile g\u00fczelli\u011fi dillere destan bir k\u0131z, Aziz k\u00f6y\u00fcn yak\u0131\u015f\u0131kl\u0131 gen\u00e7lerinden. Eh g\u00f6z g\u00f6r\u00fcp g\u00f6n\u00fcl de sevince, her \u015fey tamam gerisi b\u00fcy\u00fcklerin bilece\u011fi i\u015f. \u00dc\u00e7-be\u015f emmi day\u0131; k\u00f6y\u00fcn muhtar\u0131 imam\u0131, bir de Aziz\u2019in babas\u0131 var\u0131p istemi\u015fler Cemile\u2019yi. K\u0131z evi nazevi derler, olacak o kadar naz. Araya bir ka\u00e7 g\u00f6r\u00fc\u015fme daha girer, sonunda i\u015f tamam. \u0130\u015f tamam da daha askerli\u011fini yapmam\u0131\u015f Aziz. Bug\u00fcn yar\u0131n derken, ni\u015fanlar\u0131n\u0131n haftas\u0131 askerlik \u00e7a\u011fr\u0131s\u0131 gelmi\u015f. Aman yaman daha yeni ni\u015fanland\u0131m hi\u00e7 olmazsa bir iki ay ge\u00e7sin dese kimse dinlemez. G\u00fcn\u00fc gelince vurmu\u015f s\u0131rt\u0131na \u00e7antas\u0131n\u0131, dost ahbap hel\u00e2lle\u015fmi\u015f, varm\u0131\u015f Cemile\u2019nin yan\u0131na. \u201c\u00dc\u00e7 y\u0131l \u00e7abuk ge\u00e7er bak. B\u00fcy\u00fck seli hat\u0131rla be\u015f y\u0131l oldu, d\u00fcn olmu\u015f gibi. Esat emmi \u00f6leli d\u00f6rt y\u0131l oldu. Demem \u015fu ki g\u00fcnler tez ge\u00e7iyor; bir g\u00f6z a\u00e7\u0131p kapay\u0131nca burday\u0131m g\u00f6nl\u00fcn\u00fc ferah tut\u201d demi\u015f. Bekleyeceklerine s\u00f6z verip ayr\u0131lm\u0131\u015f Cemile ile Aziz. Kara trenin d\u00fcd\u00fc\u011f\u00fc ile ilk kez k\u00f6y\u00fcnden ayr\u0131lm\u0131\u015f Aziz. S\u0131k s\u0131k mektup yazm\u0131\u015f k\u00f6y\u00fcne, i\u00e7indekileri d\u00f6km\u00fc\u015f mektuplar\u0131na. Anas\u0131na babas\u0131na, dolayl\u0131 olarak da ni\u015fanl\u0131s\u0131na selamlar\u0131n\u0131, \u00f6zlemlerini iletmi\u015f. <\/p>\n<p>Aziz askerdeyken, k\u00f6t\u00fc bir haber yay\u0131lm\u0131\u015f asker oca\u011f\u0131na; \u201cUzakdo\u011fu\u2019da sava\u015f patlam\u0131\u015f, bizi de sava\u015fa \u00e7a\u011f\u0131r\u0131yorlarm\u0131\u015f\u201d. Kimi \u201cYok can\u0131m yalan s\u00f6yl\u00fcyorlar d\u00fcnyan\u0131n bir ucundaki kavgadan bize ne\u201d dese de, \u201cBizim s\u00f6z\u00fcm\u00fcz varm\u0131\u015f, onlar sava\u015fa girerse biz yard\u0131m edece\u011fiz, biz girersek onlar yard\u0131ma gelecekmi\u015f. NATO mu, ne diyorlar i\u015fte onun i\u00e7in\u201d diyormu\u015f kimileri. . Derken Aziz\u2019in kura g\u00fcn\u00fc gelip \u00e7atm\u0131\u015f. Ad\u0131 cepheye gidecekler aras\u0131ndaym\u0131\u015f. Bir yandan \u00fcz\u00fcl\u00fcr \u00f6l\u00fcrse yaban ellerde \u00f6lecek, hem ne i\u00e7in sava\u015ft\u0131\u011f\u0131n\u0131 da bilmeyecek. \u201cYurduma d\u00fc\u015fman sald\u0131rmad\u0131, ar\u0131ma, namusuma dil uzatan olmad\u0131 peki bu sava\u015ftan bize ne\u201d der \u201cAcep oralar\u0131n havas\u0131 nas\u0131l olur, ka\u00e7 g\u00fcn de gidilir\u201d diye kendi kendine d\u00fc\u015f\u00fcn\u00fcr durur. \u00c7ok ge\u00e7meden de cephede bulur kendini. Gecesi g\u00fcnd\u00fcz\u00fc yok sava\u015f\u0131n Aziz g\u00fcn\u00fcn\u00fc ay\u0131n\u0131 \u015fa\u015f\u0131r\u0131yor, tek amac\u0131 \u00f6lmemek ve bir an \u00f6nce Cemile\u2019sine kavu\u015fmak. <\/p>\n<p>Demokrat Partinin \u201cAlt\u0131n \u00e7a\u011f\u0131\u201d denilen bu d\u00f6nem 1947 de ki yabanc\u0131 sermayeyi te\u015fvik kanunu 1951 de sermaye b\u00f6l\u00fc\u015f\u00fcm\u00fcn\u00fc daha da kolayla\u015ft\u0131r\u0131c\u0131 do\u011frultuda yap\u0131lan de\u011fi\u015fiklik ve Kore sava\u015f\u0131na bir tugay asker g\u00f6ndermesiydi. ABD\u2019nin iste\u011fi ve NATO\u2019ya \u00fcye olmak i\u00e7in Tu\u011fgeneral Tahsin Yaz\u0131c\u0131 emrinde 5 bin asker Kore\u2019ye g\u00f6nderilmi\u015fti. T\u00fcrkiye sava\u015f\u0131 standart 5 bin ki\u015fiyle s\u00fcrd\u00fcrece\u011fine s\u00f6z verdi\u011fi i\u00e7in eksilmeler olduk\u00e7a asker g\u00f6ndermeye devam etmi\u015f ve sava\u015f\u0131n T\u00fcrkiye\u2019ye faturas\u0131 717 \u00f6l\u00fc 5247 yaral\u0131 229 esir 167 kay\u0131p olmu\u015ftu. Bu da ABD\u2019den sonra en fazla kay\u0131p veren \u00fclkenin T\u00fcrkiye oldu\u011funun g\u00f6stergesiydi. <\/p>\n<p>Her taraftan ate\u015f ya\u011fmakta tam bir cehennem mis\u00e2li. Bu arada \u015farapnel par\u00e7alar\u0131ndan biri de gelip Aziz\u2019i buluyor ki, hem de yapayaln\u0131z. D\u00fc\u015ft\u00fc\u011f\u00fc yerde kal\u0131yor. Aziz eli y\u00fcz\u00fc parampar\u00e7a esir kamp\u0131na g\u00f6t\u00fcr\u00fcl\u00fcr. Can\u0131 kurtuluyor kurtulmas\u0131na ya Aziz eski Aziz de\u011fildir art\u0131k. Radyo b\u00fcltenlerinde kay\u0131p listeleri okunur, birli\u011fine gelemeyenler aras\u0131nda Aziz\u2019in de ad\u0131 vard\u0131r. Cemile vurulmu\u015fa d\u00f6ner. Herkes birbirini avutmaya \u00e7al\u0131\u015fsa da Aziz\u2019in art\u0131k d\u00f6nmeyece\u011fine \u00e7\u00fcnk\u00fc onun \u00f6ld\u00fc\u011f\u00fcne inan\u0131rlar. Ama Cemile hi\u00e7 \u00fcmidini kesmemi\u015ftir, \u201cAziz \u00f6lmedi, \u00f6lse k\u00fcnyesi bulunurdu\u201d diye diye aradan y\u0131llar ge\u00e7er ve tek bir haber \u00e7\u0131kmam\u0131\u015ft\u0131r Aziz\u2019den. G\u00fcnlerden bir g\u00fcn Cemile \u00e7e\u015fme ba\u015f\u0131nda yay\u0131\u011f\u0131 alm\u0131\u015f \u00f6n\u00fcne ayran yap\u0131yormu\u015f. Ba\u015f\u0131n\u0131 kald\u0131rd\u0131\u011f\u0131nda bir atl\u0131n\u0131n yoldan sap\u0131p \u00e7e\u015fmeye do\u011fru geldi\u011fini g\u00f6rm\u00fc\u015f. Cemile kafas\u0131n\u0131 \u00f6n\u00fcne e\u011fip g\u00f6z ucuyla da yabanc\u0131ya bakm\u0131\u015f. Y\u00fcz\u00fc g\u00f6z\u00fc yara bere i\u00e7inde olan yabanc\u0131 Cemile\u2019den bir tas ayran istemi\u015f. Cemile de yabanc\u0131y\u0131 terslemi\u015f, \u00e7\u00fcnk\u00fc yabanc\u0131 ayran\u0131 s\u00f6zle de\u011fil t\u00fcrk\u00fc \u00e7a\u011f\u0131rarak istemi\u015f. Cemile de ayran vermek istemedi\u011fini yine t\u00fcrk\u00fc ile yan\u0131tlam\u0131\u015f. Kar\u015f\u0131l\u0131kl\u0131 t\u00fcrk\u00fc d\u00fceti ba\u015flam\u0131\u015f. T\u00fcrk\u00fcn\u00fcn sonunda yabanc\u0131n\u0131n Aziz oldu\u011funu anlam\u0131\u015f Cemile. Anl\u0131yor da ayran yay\u0131\u011f\u0131n\u0131 bir yana, bakrac\u0131 bir yana at\u0131p boynuna sar\u0131lm\u0131\u015f Aziz\u2019in. Y\u0131llar\u0131n \u00f6zlemini bir t\u00fcrk\u00fcyle dillendirip, iki sevgilinin kavu\u015ftu\u011fu bu t\u00fcrk\u00fcn\u00fcn s\u00f6zlerine bakal\u0131m&#8230;<\/p>\n<p>Ayran T\u00fcrk\u00fcs\u00fc<\/p>\n<p>Aziz:<br \/>Uzak yollardan da k\u0131vrand\u0131m geldim<br \/>Tatl\u0131 dillerine e\u011flendim kald\u0131m<br \/>Gelin bu ayran\u0131 tazemi yayd\u0131n<br \/>H\u00fcda\u2019n\u0131n a\u015fk\u0131na doldur ayran\u0131<br \/>Cemile:<br \/>Uzak yollar\u0131n vefas\u0131 m\u0131s\u0131n<br \/>Ak aln\u0131m\u0131n da sen cefas\u0131 m\u0131s\u0131n<br \/>Yayd\u0131\u011f\u0131m ayran\u0131n kahyas\u0131 m\u0131s\u0131n<br \/>Anamdan habersiz vermem ayran\u0131<br \/>Aziz:<br \/>Bunca y\u0131ld\u0131r gurbet elde dururum<br \/>\u00c7eker silah\u0131m\u0131 seni vururum<br \/>Ya ayran\u0131 al\u0131r\u0131m ya da \u00f6l\u00fcr\u00fcm<br \/>Gel k\u0131z kerem eyle doldur ayran\u0131<br \/>Cemile:<br \/>Ayran\u0131 atlar\u0131ma y\u00fcklerim<br \/>G\u00f6t\u00fcr\u00fcr de da\u011f ba\u015f\u0131na d\u00f6kerim<br \/>Gurbet elde y\u00e2rim vard\u0131r beklerim<br \/>Ondan ba\u015fkas\u0131na vermem ayran\u0131<br \/>Aziz:<br \/>O nedir ki yer alt\u0131nda paslanmaz<br \/>O nedir ki suya d\u00fc\u015fer \u0131slanmaz<br \/>O nedir ki etin kessen seslenmez<br \/>Ya bunun cevab\u0131n ya da ayran\u0131n<br \/>Cemile:<br \/>O alt\u0131nd\u0131r yer alt\u0131nda paslanmaz<br \/>O g\u00fcne\u015ftir su alt\u0131nda \u0131slanmaz<br \/>O \u00f6l\u00fcd\u00fcr etin kessen seslenmez<br \/>Bilirim bunlar\u0131 vermem ayran\u0131<br \/>Aziz:<br \/>Tepsiye koydum da binli\u011fi tozu<br \/>Ortadan kald\u0131rd\u0131k hele Aziz\u2019i<br \/>Bir ka\u015f\u0131k ayran\u0131 ver hala k\u0131z\u0131<br \/>H\u00fcda\u2019 n\u0131n a\u015fk\u0131na doldur ayran\u0131<br \/>Cemile:<br \/>Tepsiye koydum binli\u011fi tozu<br \/>Ortadan kald\u0131rd\u0131m hele Aziz\u2019i<br \/>Sana feda ettim iki ala g\u00f6z\u00fc<br \/>Getir kab\u0131n\u0131 da doldur ayran\u0131<\/p>\n<p>Kaynak:<br \/>Ya\u015far \u00d6z\u00fcrk\u00fct <br \/>\u00d6yk\u00fcleriyle\u00a0 T\u00fcrk\u00fcler 3<br \/>\u0130stanbul, 2002<\/p>\n","protected":false},"excerpt":{"rendered":"<p>Ayran T\u00fcrk\u00fcs\u00fc Gurbet ellerinde e\u011flendim kald\u0131mG\u00fczel cemalini g\u00f6r\u00fcnce durdumGelin bu ayran\u0131 taze mi yayd\u0131nH\u00fcdan\u0131n a\u015fk\u0131na doldur ayran\u0131Can\u0131m ayran\u0131, g\u00fczel ayran\u0131 \u0130yi ho\u015f doldursun ayran\u0131 ya, sen kimsin? K\u00f6yl\u00fck yerde bir gen\u00e7 k\u0131z her isteyene bir tas ayran\u0131 uzat\u0131rsa ne olur, ad\u0131 nereye \u00e7\u0131kar? Demezler mi; falancan\u0131n k\u0131z\u0131n\u0131 g\u00f6rd\u00fcm, bir yabanc\u0131ya tas\u0131 doldurup ayran verdi. Aralar\u0131nda [&hellip;]<\/p>\n","protected":false},"author":1,"featured_media":0,"comment_status":"open","ping_status":"open","sticky":false,"template":"","format":"standard","meta":{"footnotes":""},"categories":[55],"tags":[],"class_list":{"0":"post-408","1":"post","2":"type-post","3":"status-publish","4":"format-standard","6":"category-oykuleriyle-turkuler"},"yoast_head":"<!-- This site is optimized with the Yoast SEO Premium plugin v24.9 (Yoast SEO v24.9) - https:\/\/yoast.com\/wordpress\/plugins\/seo\/ -->\n<title>Ayran T\u00fcrk\u00fcs\u00fc - narteks.net<\/title>\n<meta name=\"robots\" content=\"index, follow, max-snippet:-1, max-image-preview:large, max-video-preview:-1\" \/>\n<link rel=\"canonical\" href=\"https:\/\/narteks.net\/index.php\/2009\/03\/12\/ayran-turkusu\/\" \/>\n<meta property=\"og:locale\" content=\"tr_TR\" \/>\n<meta property=\"og:type\" content=\"article\" \/>\n<meta property=\"og:title\" content=\"Ayran T\u00fcrk\u00fcs\u00fc\" \/>\n<meta property=\"og:description\" content=\"Ayran T\u00fcrk\u00fcs\u00fc Gurbet ellerinde e\u011flendim kald\u0131mG\u00fczel cemalini g\u00f6r\u00fcnce durdumGelin bu ayran\u0131 taze mi yayd\u0131nH\u00fcdan\u0131n a\u015fk\u0131na doldur ayran\u0131Can\u0131m ayran\u0131, g\u00fczel ayran\u0131 \u0130yi ho\u015f doldursun ayran\u0131 ya, sen kimsin? K\u00f6yl\u00fck yerde bir gen\u00e7 k\u0131z her isteyene bir tas ayran\u0131 uzat\u0131rsa ne olur, ad\u0131 nereye \u00e7\u0131kar? Demezler mi; falancan\u0131n k\u0131z\u0131n\u0131 g\u00f6rd\u00fcm, bir yabanc\u0131ya tas\u0131 doldurup ayran verdi. Aralar\u0131nda [&hellip;]\" \/>\n<meta property=\"og:url\" content=\"https:\/\/narteks.net\/index.php\/2009\/03\/12\/ayran-turkusu\/\" \/>\n<meta property=\"og:site_name\" content=\"narteks.net\" \/>\n<meta property=\"article:published_time\" content=\"2009-03-12T20:49:21+00:00\" \/>\n<meta property=\"og:image\" content=\"https:\/\/narteks.net\/wp-content\/uploads\/narteks.png\" \/>\n\t<meta property=\"og:image:width\" content=\"300\" \/>\n\t<meta property=\"og:image:height\" content=\"90\" \/>\n\t<meta property=\"og:image:type\" content=\"image\/png\" \/>\n<meta name=\"author\" content=\"Tar\u0131k\" \/>\n<meta name=\"twitter:card\" content=\"summary_large_image\" \/>\n<meta name=\"twitter:creator\" content=\"@narteks\" \/>\n<meta name=\"twitter:site\" content=\"@narteks\" \/>\n<meta name=\"twitter:label1\" content=\"Yazan:\" \/>\n\t<meta name=\"twitter:data1\" content=\"Tar\u0131k\" \/>\n\t<meta name=\"twitter:label2\" content=\"Tahmini okuma s\u00fcresi\" \/>\n\t<meta name=\"twitter:data2\" content=\"6 dakika\" \/>\n<script type=\"application\/ld+json\" class=\"yoast-schema-graph\">{\"@context\":\"https:\/\/schema.org\",\"@graph\":[{\"@type\":\"Article\",\"@id\":\"https:\/\/narteks.net\/index.php\/2009\/03\/12\/ayran-turkusu\/#article\",\"isPartOf\":{\"@id\":\"https:\/\/narteks.net\/index.php\/2009\/03\/12\/ayran-turkusu\/\"},\"author\":{\"name\":\"Tar\u0131k\",\"@id\":\"https:\/\/narteks.net\/#\/schema\/person\/61f37d9834294b72d31d274e7ed79bca\"},\"headline\":\"Ayran T\u00fcrk\u00fcs\u00fc\",\"datePublished\":\"2009-03-12T20:49:21+00:00\",\"mainEntityOfPage\":{\"@id\":\"https:\/\/narteks.net\/index.php\/2009\/03\/12\/ayran-turkusu\/\"},\"wordCount\":1175,\"commentCount\":0,\"publisher\":{\"@id\":\"https:\/\/narteks.net\/#organization\"},\"articleSection\":[\"\u00d6yk\u00fcleriyle T\u00fcrk\u00fcler\"],\"inLanguage\":\"tr\",\"potentialAction\":[{\"@type\":\"CommentAction\",\"name\":\"Comment\",\"target\":[\"https:\/\/narteks.net\/index.php\/2009\/03\/12\/ayran-turkusu\/#respond\"]}]},{\"@type\":\"WebPage\",\"@id\":\"https:\/\/narteks.net\/index.php\/2009\/03\/12\/ayran-turkusu\/\",\"url\":\"https:\/\/narteks.net\/index.php\/2009\/03\/12\/ayran-turkusu\/\",\"name\":\"Ayran T\u00fcrk\u00fcs\u00fc - narteks.net\",\"isPartOf\":{\"@id\":\"https:\/\/narteks.net\/#website\"},\"datePublished\":\"2009-03-12T20:49:21+00:00\",\"breadcrumb\":{\"@id\":\"https:\/\/narteks.net\/index.php\/2009\/03\/12\/ayran-turkusu\/#breadcrumb\"},\"inLanguage\":\"tr\",\"potentialAction\":[{\"@type\":\"ReadAction\",\"target\":[\"https:\/\/narteks.net\/index.php\/2009\/03\/12\/ayran-turkusu\/\"]}]},{\"@type\":\"BreadcrumbList\",\"@id\":\"https:\/\/narteks.net\/index.php\/2009\/03\/12\/ayran-turkusu\/#breadcrumb\",\"itemListElement\":[{\"@type\":\"ListItem\",\"position\":1,\"name\":\"Anasayfa\",\"item\":\"https:\/\/narteks.net\/\"},{\"@type\":\"ListItem\",\"position\":2,\"name\":\"Ayran T\u00fcrk\u00fcs\u00fc\"}]},{\"@type\":\"WebSite\",\"@id\":\"https:\/\/narteks.net\/#website\",\"url\":\"https:\/\/narteks.net\/\",\"name\":\"narteks.net\",\"description\":\"K\u00fclt\u00fcr Sanat Edebiyat Felsefe\",\"publisher\":{\"@id\":\"https:\/\/narteks.net\/#organization\"},\"alternateName\":\"K\u00fclt\u00fcr Sanat Edebiyat Felsefe\",\"potentialAction\":[{\"@type\":\"SearchAction\",\"target\":{\"@type\":\"EntryPoint\",\"urlTemplate\":\"https:\/\/narteks.net\/?s={search_term_string}\"},\"query-input\":{\"@type\":\"PropertyValueSpecification\",\"valueRequired\":true,\"valueName\":\"search_term_string\"}}],\"inLanguage\":\"tr\"},{\"@type\":\"Organization\",\"@id\":\"https:\/\/narteks.net\/#organization\",\"name\":\"narteks.net\",\"url\":\"https:\/\/narteks.net\/\",\"logo\":{\"@type\":\"ImageObject\",\"inLanguage\":\"tr\",\"@id\":\"https:\/\/narteks.net\/#\/schema\/logo\/image\/\",\"url\":\"https:\/\/narteks.net\/wp-content\/uploads\/narteks.png\",\"contentUrl\":\"https:\/\/narteks.net\/wp-content\/uploads\/narteks.png\",\"width\":300,\"height\":90,\"caption\":\"narteks.net\"},\"image\":{\"@id\":\"https:\/\/narteks.net\/#\/schema\/logo\/image\/\"},\"sameAs\":[\"https:\/\/x.com\/narteks\",\"https:\/\/instagram.com\/narteksnet\"]},{\"@type\":\"Person\",\"@id\":\"https:\/\/narteks.net\/#\/schema\/person\/61f37d9834294b72d31d274e7ed79bca\",\"name\":\"Tar\u0131k\",\"image\":{\"@type\":\"ImageObject\",\"inLanguage\":\"tr\",\"@id\":\"https:\/\/narteks.net\/#\/schema\/person\/image\/\",\"url\":\"https:\/\/secure.gravatar.com\/avatar\/50865afb55632c4ae467e0af0930f6510aa2297d8014be502a55b14f3b7550cf?s=96&d=mm&r=g\",\"contentUrl\":\"https:\/\/secure.gravatar.com\/avatar\/50865afb55632c4ae467e0af0930f6510aa2297d8014be502a55b14f3b7550cf?s=96&d=mm&r=g\",\"caption\":\"Tar\u0131k\"},\"sameAs\":[\"http:\/\/narteks.net\"],\"url\":\"https:\/\/narteks.net\/index.php\/author\/narbak\/\"}]}<\/script>\n<!-- \/ Yoast SEO Premium plugin. -->","yoast_head_json":{"title":"Ayran T\u00fcrk\u00fcs\u00fc - narteks.net","robots":{"index":"index","follow":"follow","max-snippet":"max-snippet:-1","max-image-preview":"max-image-preview:large","max-video-preview":"max-video-preview:-1"},"canonical":"https:\/\/narteks.net\/index.php\/2009\/03\/12\/ayran-turkusu\/","og_locale":"tr_TR","og_type":"article","og_title":"Ayran T\u00fcrk\u00fcs\u00fc","og_description":"Ayran T\u00fcrk\u00fcs\u00fc Gurbet ellerinde e\u011flendim kald\u0131mG\u00fczel cemalini g\u00f6r\u00fcnce durdumGelin bu ayran\u0131 taze mi yayd\u0131nH\u00fcdan\u0131n a\u015fk\u0131na doldur ayran\u0131Can\u0131m ayran\u0131, g\u00fczel ayran\u0131 \u0130yi ho\u015f doldursun ayran\u0131 ya, sen kimsin? K\u00f6yl\u00fck yerde bir gen\u00e7 k\u0131z her isteyene bir tas ayran\u0131 uzat\u0131rsa ne olur, ad\u0131 nereye \u00e7\u0131kar? Demezler mi; falancan\u0131n k\u0131z\u0131n\u0131 g\u00f6rd\u00fcm, bir yabanc\u0131ya tas\u0131 doldurup ayran verdi. Aralar\u0131nda [&hellip;]","og_url":"https:\/\/narteks.net\/index.php\/2009\/03\/12\/ayran-turkusu\/","og_site_name":"narteks.net","article_published_time":"2009-03-12T20:49:21+00:00","og_image":[{"width":300,"height":90,"url":"https:\/\/narteks.net\/wp-content\/uploads\/narteks.png","type":"image\/png"}],"author":"Tar\u0131k","twitter_card":"summary_large_image","twitter_creator":"@narteks","twitter_site":"@narteks","twitter_misc":{"Yazan:":"Tar\u0131k","Tahmini okuma s\u00fcresi":"6 dakika"},"schema":{"@context":"https:\/\/schema.org","@graph":[{"@type":"Article","@id":"https:\/\/narteks.net\/index.php\/2009\/03\/12\/ayran-turkusu\/#article","isPartOf":{"@id":"https:\/\/narteks.net\/index.php\/2009\/03\/12\/ayran-turkusu\/"},"author":{"name":"Tar\u0131k","@id":"https:\/\/narteks.net\/#\/schema\/person\/61f37d9834294b72d31d274e7ed79bca"},"headline":"Ayran T\u00fcrk\u00fcs\u00fc","datePublished":"2009-03-12T20:49:21+00:00","mainEntityOfPage":{"@id":"https:\/\/narteks.net\/index.php\/2009\/03\/12\/ayran-turkusu\/"},"wordCount":1175,"commentCount":0,"publisher":{"@id":"https:\/\/narteks.net\/#organization"},"articleSection":["\u00d6yk\u00fcleriyle T\u00fcrk\u00fcler"],"inLanguage":"tr","potentialAction":[{"@type":"CommentAction","name":"Comment","target":["https:\/\/narteks.net\/index.php\/2009\/03\/12\/ayran-turkusu\/#respond"]}]},{"@type":"WebPage","@id":"https:\/\/narteks.net\/index.php\/2009\/03\/12\/ayran-turkusu\/","url":"https:\/\/narteks.net\/index.php\/2009\/03\/12\/ayran-turkusu\/","name":"Ayran T\u00fcrk\u00fcs\u00fc - narteks.net","isPartOf":{"@id":"https:\/\/narteks.net\/#website"},"datePublished":"2009-03-12T20:49:21+00:00","breadcrumb":{"@id":"https:\/\/narteks.net\/index.php\/2009\/03\/12\/ayran-turkusu\/#breadcrumb"},"inLanguage":"tr","potentialAction":[{"@type":"ReadAction","target":["https:\/\/narteks.net\/index.php\/2009\/03\/12\/ayran-turkusu\/"]}]},{"@type":"BreadcrumbList","@id":"https:\/\/narteks.net\/index.php\/2009\/03\/12\/ayran-turkusu\/#breadcrumb","itemListElement":[{"@type":"ListItem","position":1,"name":"Anasayfa","item":"https:\/\/narteks.net\/"},{"@type":"ListItem","position":2,"name":"Ayran T\u00fcrk\u00fcs\u00fc"}]},{"@type":"WebSite","@id":"https:\/\/narteks.net\/#website","url":"https:\/\/narteks.net\/","name":"narteks.net","description":"K\u00fclt\u00fcr Sanat Edebiyat Felsefe","publisher":{"@id":"https:\/\/narteks.net\/#organization"},"alternateName":"K\u00fclt\u00fcr Sanat Edebiyat Felsefe","potentialAction":[{"@type":"SearchAction","target":{"@type":"EntryPoint","urlTemplate":"https:\/\/narteks.net\/?s={search_term_string}"},"query-input":{"@type":"PropertyValueSpecification","valueRequired":true,"valueName":"search_term_string"}}],"inLanguage":"tr"},{"@type":"Organization","@id":"https:\/\/narteks.net\/#organization","name":"narteks.net","url":"https:\/\/narteks.net\/","logo":{"@type":"ImageObject","inLanguage":"tr","@id":"https:\/\/narteks.net\/#\/schema\/logo\/image\/","url":"https:\/\/narteks.net\/wp-content\/uploads\/narteks.png","contentUrl":"https:\/\/narteks.net\/wp-content\/uploads\/narteks.png","width":300,"height":90,"caption":"narteks.net"},"image":{"@id":"https:\/\/narteks.net\/#\/schema\/logo\/image\/"},"sameAs":["https:\/\/x.com\/narteks","https:\/\/instagram.com\/narteksnet"]},{"@type":"Person","@id":"https:\/\/narteks.net\/#\/schema\/person\/61f37d9834294b72d31d274e7ed79bca","name":"Tar\u0131k","image":{"@type":"ImageObject","inLanguage":"tr","@id":"https:\/\/narteks.net\/#\/schema\/person\/image\/","url":"https:\/\/secure.gravatar.com\/avatar\/50865afb55632c4ae467e0af0930f6510aa2297d8014be502a55b14f3b7550cf?s=96&d=mm&r=g","contentUrl":"https:\/\/secure.gravatar.com\/avatar\/50865afb55632c4ae467e0af0930f6510aa2297d8014be502a55b14f3b7550cf?s=96&d=mm&r=g","caption":"Tar\u0131k"},"sameAs":["http:\/\/narteks.net"],"url":"https:\/\/narteks.net\/index.php\/author\/narbak\/"}]}},"_links":{"self":[{"href":"https:\/\/narteks.net\/index.php\/wp-json\/wp\/v2\/posts\/408","targetHints":{"allow":["GET"]}}],"collection":[{"href":"https:\/\/narteks.net\/index.php\/wp-json\/wp\/v2\/posts"}],"about":[{"href":"https:\/\/narteks.net\/index.php\/wp-json\/wp\/v2\/types\/post"}],"author":[{"embeddable":true,"href":"https:\/\/narteks.net\/index.php\/wp-json\/wp\/v2\/users\/1"}],"replies":[{"embeddable":true,"href":"https:\/\/narteks.net\/index.php\/wp-json\/wp\/v2\/comments?post=408"}],"version-history":[{"count":0,"href":"https:\/\/narteks.net\/index.php\/wp-json\/wp\/v2\/posts\/408\/revisions"}],"wp:attachment":[{"href":"https:\/\/narteks.net\/index.php\/wp-json\/wp\/v2\/media?parent=408"}],"wp:term":[{"taxonomy":"category","embeddable":true,"href":"https:\/\/narteks.net\/index.php\/wp-json\/wp\/v2\/categories?post=408"},{"taxonomy":"post_tag","embeddable":true,"href":"https:\/\/narteks.net\/index.php\/wp-json\/wp\/v2\/tags?post=408"}],"curies":[{"name":"wp","href":"https:\/\/api.w.org\/{rel}","templated":true}]}}