{"id":4084,"date":"2010-01-27T10:59:10","date_gmt":"2010-01-27T07:59:10","guid":{"rendered":"http:\/\/localhost\/wordpress\/2010\/01\/27\/issiz-ada-ve-savas-zirhlisi\/"},"modified":"2010-01-27T10:59:10","modified_gmt":"2010-01-27T07:59:10","slug":"issiz-ada-ve-savas-zirhlisi","status":"publish","type":"post","link":"https:\/\/narteks.net\/index.php\/2010\/01\/27\/issiz-ada-ve-savas-zirhlisi\/","title":{"rendered":"ISSIZ ADA VE SAVA\u015e ZIRHLISI"},"content":{"rendered":"<p>\u00a0<\/p>\n<p>I<\/p>\n<p>\u0131ss\u0131z bir aday\u0131m<br \/>yaln\u0131zl\u0131\u011f\u0131nla \u00e7o\u011ful<br \/>al\u0131\u015fk\u0131n f\u0131rt\u0131nalara<\/p>\n<p>bal\u0131k\u00e7\u0131lar iner,<br \/>sam yelleri selam getirir<br \/>sahil k\u00f6ylerinden<br \/>\u00e7imlerimde uyuturum<br \/>ka\u00e7ak a\u015f\u0131klar\u0131<\/p>\n<p>her dilden t\u00fcrk\u00fcler \u00f6\u011frettim yapraklar\u0131ma<br \/>hem Zeybek, De Lori<br \/>hem El Condor Passa<\/p>\n<p>\u015fenlikler yapar\u0131z<br \/>yans\u0131s\u0131 iner danslar\u0131m\u0131z\u0131n suya<br \/>\u015fiir g\u00f6nderir ay \u0131\u015f\u0131klar\u0131yla<br \/>z\u0131lg\u0131t \u00e7eker dalgalar<br \/>yank\u0131s\u0131 vurur k\u0131y\u0131lara<\/p>\n<p>g\u00f6\u011fe bakar\u0131m<br \/>sevdiklerimi \u00f6zledi\u011fimde<br \/>her birinin bir y\u0131ld\u0131z\u0131 vard\u0131r<br \/>uzak galaksilerde tutsak<br \/>sava\u015f\u00e7\u0131 cocuklar\u0131n<br \/>ve durur ellerinin izi<br \/>hala da\u011flarda<\/p>\n<p>\u00f6l\u00fcm haberleriyle k\u0131rsa da<br \/>\u015fubat dallar\u0131m\u0131<br \/>mutlu bir adat\u0131m ben<br \/>yaln\u0131zl\u0131\u011f\u0131yla bar\u0131\u015f\u0131k<br \/>\u00e7o\u011ful ya\u011fmurlar\u0131yla<\/p>\n<p>II<\/p>\n<p>bir g\u00fcn bir sava\u015f z\u0131rhl\u0131s\u0131<br \/>ge\u00e7ti yan\u0131ndan \u0131ss\u0131z adan\u0131n<br \/>s\u00f6ylencelerden tan\u0131rlard\u0131<br \/>birbirlerini<br \/>bir selamlama at\u0131\u015f\u0131<br \/>soluk kadar k\u0131sa<br \/>bir bak\u0131\u015fma<\/p>\n<p>t\u00fcm \u015fiirlerim ayakland\u0131<br \/>gitmek istediler seninle<br \/>senin g\u00f6zlerinde uzaklar tutu\u015ftu<br \/>bu kadar ac\u0131 bir kavu\u015fma<br \/>olmam\u0131\u015ft\u0131r diye<\/p>\n<p>g\u00fcn oldu s\u0131rtlay\u0131p sevdi\u011fin \u015fark\u0131lar\u0131<br \/>ka\u00e7t\u0131m adamdan<br \/>yollara vurdum kendimi<\/p>\n<p>sen haramilerin saray\u0131nda<br \/>k\u0131rk\u0131nc\u0131 odalarda kitliyken<br \/>ben bu haydut kentin<br \/>en vefal\u0131 soka\u011f\u0131 oldum<\/p>\n<p>sonsuz kap\u0131lar\u0131m vard\u0131<br \/>\u00e7\u0131kmazlara a\u00e7\u0131lan<br \/>firari r\u00fczgarlar\u0131n\u0131z\u0131 saklad\u0131m, yu\u011fdum<\/p>\n<p>\u015fimdi b\u00f6yle ma\u011fralar kadar gizemli<br \/>ve esmerken sen<br \/>d\u00fc\u015flesem de acemi ellerinin<br \/>sevecen duyarl\u0131l\u0131\u011f\u0131n\u0131<br \/>bana hi\u00e7 dokunmasan da olur<\/p>\n<p>dizlerime yat\u0131r\u0131p<br \/>sa\u00e7lar\u0131na yava\u015ftan y\u00fcr\u00fcyen ak\u015fam\u0131<br \/>anlat desen masallar\u0131n\u0131<br \/>i\u00e7indeki \u00e7ocu\u011fu istiyorum<\/p>\n<p>konu\u015fmasak da olur&#8230;.<\/p>\n<p>ben ya\u011fmur olur \u00e7iselerim<br \/>h\u00fccrenin penceresine<br \/>gizlice g\u00f6r\u00fcr giderim seni<\/p>\n<p>III<\/p>\n<p>kavu\u015fmak nedir ki sevdi\u011fim<br \/>uzak kadar yak\u0131n de\u011fil hi\u00e7bir \u015fey<br \/>d\u00fc\u015f\u00fcn ki Hozat&#8217;ta bir yaln\u0131z a\u011fa\u00e7<br \/>ve z\u00fchre y\u0131ld\u0131z\u0131<br \/>nas\u0131l da sevi\u015firler geceler boyu<br \/>binlerce \u0131\u015f\u0131k y\u0131l\u0131na inat<\/p>\n<p>ayr\u0131l\u0131k nedir ki zaza g\u00fcl\u00fc\u015fl\u00fcm<br \/>ben bu a\u015fk\u0131 y\u0131k\u0131lan duvarlardan<br \/>roma&#8217;n\u0131n tutu\u015fan sokaklar\u0131ndan<br \/>\u00e7ald\u0131m da b\u00fcy\u00fctt\u00fcm<\/p>\n<p>ben bu a\u015fk\u0131<br \/>kimsesizler g\u00f6m\u00fctl\u00fcklerinde<br \/>\u00e7ocuklar\u0131n\u0131 arayan annelerin<br \/>yaln\u0131zl\u0131\u011f\u0131na sard\u0131m da b\u00fcy\u00fctt\u00fcm<\/p>\n<p>uzakla\u015ft\u0131k\u00e7a b\u00fcy\u00fcyor g\u00f6zlerin<br \/>ho\u015f geldin,<\/p>\n<p>seni yazd\u0131k\u00e7a b\u00fcy\u00fcyor \u015fiirim<br \/>seni yand\u0131k\u00e7a g\u00fczelle\u015fen<br \/>bir \u00fclke gibi seviyorum&#8230;.<\/p>\n<p>Ruhan MAVRUK<\/p>\n","protected":false},"excerpt":{"rendered":"<p>\u00a0 I \u0131ss\u0131z bir aday\u0131myaln\u0131zl\u0131\u011f\u0131nla \u00e7o\u011fulal\u0131\u015fk\u0131n f\u0131rt\u0131nalara bal\u0131k\u00e7\u0131lar iner,sam yelleri selam getirirsahil k\u00f6ylerinden\u00e7imlerimde uyuturumka\u00e7ak a\u015f\u0131klar\u0131 her dilden t\u00fcrk\u00fcler \u00f6\u011frettim yapraklar\u0131mahem Zeybek, De Lorihem El Condor Passa \u015fenlikler yapar\u0131zyans\u0131s\u0131 iner danslar\u0131m\u0131z\u0131n suya\u015fiir g\u00f6nderir ay \u0131\u015f\u0131klar\u0131ylaz\u0131lg\u0131t \u00e7eker dalgalaryank\u0131s\u0131 vurur k\u0131y\u0131lara g\u00f6\u011fe bakar\u0131msevdiklerimi \u00f6zledi\u011fimdeher birinin bir y\u0131ld\u0131z\u0131 vard\u0131ruzak galaksilerde tutsaksava\u015f\u00e7\u0131 cocuklar\u0131nve durur ellerinin izihala da\u011flarda \u00f6l\u00fcm haberleriyle k\u0131rsa [&hellip;]<\/p>\n","protected":false},"author":1,"featured_media":0,"comment_status":"open","ping_status":"open","sticky":false,"template":"","format":"standard","meta":{"footnotes":""},"categories":[133],"tags":[],"class_list":{"0":"post-4084","1":"post","2":"type-post","3":"status-publish","4":"format-standard","6":"category-ruhan-mavruk"},"yoast_head":"<!-- This site is optimized with the Yoast SEO Premium plugin v24.9 (Yoast SEO v24.9) - https:\/\/yoast.com\/wordpress\/plugins\/seo\/ -->\n<title>ISSIZ ADA VE SAVA\u015e ZIRHLISI - narteks.net<\/title>\n<meta name=\"robots\" content=\"index, follow, max-snippet:-1, max-image-preview:large, max-video-preview:-1\" \/>\n<link rel=\"canonical\" href=\"https:\/\/narteks.net\/index.php\/2010\/01\/27\/issiz-ada-ve-savas-zirhlisi\/\" \/>\n<meta property=\"og:locale\" content=\"tr_TR\" \/>\n<meta property=\"og:type\" content=\"article\" \/>\n<meta property=\"og:title\" content=\"ISSIZ ADA VE SAVA\u015e ZIRHLISI\" \/>\n<meta property=\"og:description\" content=\"\u00a0 I \u0131ss\u0131z bir aday\u0131myaln\u0131zl\u0131\u011f\u0131nla \u00e7o\u011fulal\u0131\u015fk\u0131n f\u0131rt\u0131nalara bal\u0131k\u00e7\u0131lar iner,sam yelleri selam getirirsahil k\u00f6ylerinden\u00e7imlerimde uyuturumka\u00e7ak a\u015f\u0131klar\u0131 her dilden t\u00fcrk\u00fcler \u00f6\u011frettim yapraklar\u0131mahem Zeybek, De Lorihem El Condor Passa \u015fenlikler yapar\u0131zyans\u0131s\u0131 iner danslar\u0131m\u0131z\u0131n suya\u015fiir g\u00f6nderir ay \u0131\u015f\u0131klar\u0131ylaz\u0131lg\u0131t \u00e7eker dalgalaryank\u0131s\u0131 vurur k\u0131y\u0131lara g\u00f6\u011fe bakar\u0131msevdiklerimi \u00f6zledi\u011fimdeher birinin bir y\u0131ld\u0131z\u0131 vard\u0131ruzak galaksilerde tutsaksava\u015f\u00e7\u0131 cocuklar\u0131nve durur ellerinin izihala da\u011flarda \u00f6l\u00fcm haberleriyle k\u0131rsa [&hellip;]\" \/>\n<meta property=\"og:url\" content=\"https:\/\/narteks.net\/index.php\/2010\/01\/27\/issiz-ada-ve-savas-zirhlisi\/\" \/>\n<meta property=\"og:site_name\" content=\"narteks.net\" \/>\n<meta property=\"article:published_time\" content=\"2010-01-27T07:59:10+00:00\" \/>\n<meta property=\"og:image\" content=\"https:\/\/narteks.net\/wp-content\/uploads\/narteks.png\" \/>\n\t<meta property=\"og:image:width\" content=\"300\" \/>\n\t<meta property=\"og:image:height\" content=\"90\" \/>\n\t<meta property=\"og:image:type\" content=\"image\/png\" \/>\n<meta name=\"author\" content=\"Tar\u0131k\" \/>\n<meta name=\"twitter:card\" content=\"summary_large_image\" \/>\n<meta name=\"twitter:creator\" content=\"@narteks\" \/>\n<meta name=\"twitter:site\" content=\"@narteks\" \/>\n<meta name=\"twitter:label1\" content=\"Yazan:\" \/>\n\t<meta name=\"twitter:data1\" content=\"Tar\u0131k\" \/>\n\t<meta name=\"twitter:label2\" content=\"Tahmini okuma s\u00fcresi\" \/>\n\t<meta name=\"twitter:data2\" content=\"2 dakika\" \/>\n<script type=\"application\/ld+json\" class=\"yoast-schema-graph\">{\"@context\":\"https:\/\/schema.org\",\"@graph\":[{\"@type\":\"Article\",\"@id\":\"https:\/\/narteks.net\/index.php\/2010\/01\/27\/issiz-ada-ve-savas-zirhlisi\/#article\",\"isPartOf\":{\"@id\":\"https:\/\/narteks.net\/index.php\/2010\/01\/27\/issiz-ada-ve-savas-zirhlisi\/\"},\"author\":{\"name\":\"Tar\u0131k\",\"@id\":\"https:\/\/narteks.net\/#\/schema\/person\/61f37d9834294b72d31d274e7ed79bca\"},\"headline\":\"ISSIZ ADA VE SAVA\u015e ZIRHLISI\",\"datePublished\":\"2010-01-27T07:59:10+00:00\",\"mainEntityOfPage\":{\"@id\":\"https:\/\/narteks.net\/index.php\/2010\/01\/27\/issiz-ada-ve-savas-zirhlisi\/\"},\"wordCount\":394,\"commentCount\":0,\"publisher\":{\"@id\":\"https:\/\/narteks.net\/#organization\"},\"articleSection\":[\"Ruhan MAVRUK\"],\"inLanguage\":\"tr\",\"potentialAction\":[{\"@type\":\"CommentAction\",\"name\":\"Comment\",\"target\":[\"https:\/\/narteks.net\/index.php\/2010\/01\/27\/issiz-ada-ve-savas-zirhlisi\/#respond\"]}]},{\"@type\":\"WebPage\",\"@id\":\"https:\/\/narteks.net\/index.php\/2010\/01\/27\/issiz-ada-ve-savas-zirhlisi\/\",\"url\":\"https:\/\/narteks.net\/index.php\/2010\/01\/27\/issiz-ada-ve-savas-zirhlisi\/\",\"name\":\"ISSIZ ADA VE SAVA\u015e ZIRHLISI - narteks.net\",\"isPartOf\":{\"@id\":\"https:\/\/narteks.net\/#website\"},\"datePublished\":\"2010-01-27T07:59:10+00:00\",\"breadcrumb\":{\"@id\":\"https:\/\/narteks.net\/index.php\/2010\/01\/27\/issiz-ada-ve-savas-zirhlisi\/#breadcrumb\"},\"inLanguage\":\"tr\",\"potentialAction\":[{\"@type\":\"ReadAction\",\"target\":[\"https:\/\/narteks.net\/index.php\/2010\/01\/27\/issiz-ada-ve-savas-zirhlisi\/\"]}]},{\"@type\":\"BreadcrumbList\",\"@id\":\"https:\/\/narteks.net\/index.php\/2010\/01\/27\/issiz-ada-ve-savas-zirhlisi\/#breadcrumb\",\"itemListElement\":[{\"@type\":\"ListItem\",\"position\":1,\"name\":\"Anasayfa\",\"item\":\"https:\/\/narteks.net\/\"},{\"@type\":\"ListItem\",\"position\":2,\"name\":\"ISSIZ ADA VE SAVA\u015e ZIRHLISI\"}]},{\"@type\":\"WebSite\",\"@id\":\"https:\/\/narteks.net\/#website\",\"url\":\"https:\/\/narteks.net\/\",\"name\":\"narteks.net\",\"description\":\"K\u00fclt\u00fcr Sanat Edebiyat Felsefe\",\"publisher\":{\"@id\":\"https:\/\/narteks.net\/#organization\"},\"alternateName\":\"K\u00fclt\u00fcr Sanat Edebiyat Felsefe\",\"potentialAction\":[{\"@type\":\"SearchAction\",\"target\":{\"@type\":\"EntryPoint\",\"urlTemplate\":\"https:\/\/narteks.net\/?s={search_term_string}\"},\"query-input\":{\"@type\":\"PropertyValueSpecification\",\"valueRequired\":true,\"valueName\":\"search_term_string\"}}],\"inLanguage\":\"tr\"},{\"@type\":\"Organization\",\"@id\":\"https:\/\/narteks.net\/#organization\",\"name\":\"narteks.net\",\"url\":\"https:\/\/narteks.net\/\",\"logo\":{\"@type\":\"ImageObject\",\"inLanguage\":\"tr\",\"@id\":\"https:\/\/narteks.net\/#\/schema\/logo\/image\/\",\"url\":\"https:\/\/narteks.net\/wp-content\/uploads\/narteks.png\",\"contentUrl\":\"https:\/\/narteks.net\/wp-content\/uploads\/narteks.png\",\"width\":300,\"height\":90,\"caption\":\"narteks.net\"},\"image\":{\"@id\":\"https:\/\/narteks.net\/#\/schema\/logo\/image\/\"},\"sameAs\":[\"https:\/\/x.com\/narteks\",\"https:\/\/instagram.com\/narteksnet\"]},{\"@type\":\"Person\",\"@id\":\"https:\/\/narteks.net\/#\/schema\/person\/61f37d9834294b72d31d274e7ed79bca\",\"name\":\"Tar\u0131k\",\"image\":{\"@type\":\"ImageObject\",\"inLanguage\":\"tr\",\"@id\":\"https:\/\/narteks.net\/#\/schema\/person\/image\/\",\"url\":\"https:\/\/secure.gravatar.com\/avatar\/50865afb55632c4ae467e0af0930f6510aa2297d8014be502a55b14f3b7550cf?s=96&d=mm&r=g\",\"contentUrl\":\"https:\/\/secure.gravatar.com\/avatar\/50865afb55632c4ae467e0af0930f6510aa2297d8014be502a55b14f3b7550cf?s=96&d=mm&r=g\",\"caption\":\"Tar\u0131k\"},\"sameAs\":[\"http:\/\/narteks.net\"],\"url\":\"https:\/\/narteks.net\/index.php\/author\/narbak\/\"}]}<\/script>\n<!-- \/ Yoast SEO Premium plugin. -->","yoast_head_json":{"title":"ISSIZ ADA VE SAVA\u015e ZIRHLISI - narteks.net","robots":{"index":"index","follow":"follow","max-snippet":"max-snippet:-1","max-image-preview":"max-image-preview:large","max-video-preview":"max-video-preview:-1"},"canonical":"https:\/\/narteks.net\/index.php\/2010\/01\/27\/issiz-ada-ve-savas-zirhlisi\/","og_locale":"tr_TR","og_type":"article","og_title":"ISSIZ ADA VE SAVA\u015e ZIRHLISI","og_description":"\u00a0 I \u0131ss\u0131z bir aday\u0131myaln\u0131zl\u0131\u011f\u0131nla \u00e7o\u011fulal\u0131\u015fk\u0131n f\u0131rt\u0131nalara bal\u0131k\u00e7\u0131lar iner,sam yelleri selam getirirsahil k\u00f6ylerinden\u00e7imlerimde uyuturumka\u00e7ak a\u015f\u0131klar\u0131 her dilden t\u00fcrk\u00fcler \u00f6\u011frettim yapraklar\u0131mahem Zeybek, De Lorihem El Condor Passa \u015fenlikler yapar\u0131zyans\u0131s\u0131 iner danslar\u0131m\u0131z\u0131n suya\u015fiir g\u00f6nderir ay \u0131\u015f\u0131klar\u0131ylaz\u0131lg\u0131t \u00e7eker dalgalaryank\u0131s\u0131 vurur k\u0131y\u0131lara g\u00f6\u011fe bakar\u0131msevdiklerimi \u00f6zledi\u011fimdeher birinin bir y\u0131ld\u0131z\u0131 vard\u0131ruzak galaksilerde tutsaksava\u015f\u00e7\u0131 cocuklar\u0131nve durur ellerinin izihala da\u011flarda \u00f6l\u00fcm haberleriyle k\u0131rsa [&hellip;]","og_url":"https:\/\/narteks.net\/index.php\/2010\/01\/27\/issiz-ada-ve-savas-zirhlisi\/","og_site_name":"narteks.net","article_published_time":"2010-01-27T07:59:10+00:00","og_image":[{"width":300,"height":90,"url":"https:\/\/narteks.net\/wp-content\/uploads\/narteks.png","type":"image\/png"}],"author":"Tar\u0131k","twitter_card":"summary_large_image","twitter_creator":"@narteks","twitter_site":"@narteks","twitter_misc":{"Yazan:":"Tar\u0131k","Tahmini okuma s\u00fcresi":"2 dakika"},"schema":{"@context":"https:\/\/schema.org","@graph":[{"@type":"Article","@id":"https:\/\/narteks.net\/index.php\/2010\/01\/27\/issiz-ada-ve-savas-zirhlisi\/#article","isPartOf":{"@id":"https:\/\/narteks.net\/index.php\/2010\/01\/27\/issiz-ada-ve-savas-zirhlisi\/"},"author":{"name":"Tar\u0131k","@id":"https:\/\/narteks.net\/#\/schema\/person\/61f37d9834294b72d31d274e7ed79bca"},"headline":"ISSIZ ADA VE SAVA\u015e ZIRHLISI","datePublished":"2010-01-27T07:59:10+00:00","mainEntityOfPage":{"@id":"https:\/\/narteks.net\/index.php\/2010\/01\/27\/issiz-ada-ve-savas-zirhlisi\/"},"wordCount":394,"commentCount":0,"publisher":{"@id":"https:\/\/narteks.net\/#organization"},"articleSection":["Ruhan MAVRUK"],"inLanguage":"tr","potentialAction":[{"@type":"CommentAction","name":"Comment","target":["https:\/\/narteks.net\/index.php\/2010\/01\/27\/issiz-ada-ve-savas-zirhlisi\/#respond"]}]},{"@type":"WebPage","@id":"https:\/\/narteks.net\/index.php\/2010\/01\/27\/issiz-ada-ve-savas-zirhlisi\/","url":"https:\/\/narteks.net\/index.php\/2010\/01\/27\/issiz-ada-ve-savas-zirhlisi\/","name":"ISSIZ ADA VE SAVA\u015e ZIRHLISI - narteks.net","isPartOf":{"@id":"https:\/\/narteks.net\/#website"},"datePublished":"2010-01-27T07:59:10+00:00","breadcrumb":{"@id":"https:\/\/narteks.net\/index.php\/2010\/01\/27\/issiz-ada-ve-savas-zirhlisi\/#breadcrumb"},"inLanguage":"tr","potentialAction":[{"@type":"ReadAction","target":["https:\/\/narteks.net\/index.php\/2010\/01\/27\/issiz-ada-ve-savas-zirhlisi\/"]}]},{"@type":"BreadcrumbList","@id":"https:\/\/narteks.net\/index.php\/2010\/01\/27\/issiz-ada-ve-savas-zirhlisi\/#breadcrumb","itemListElement":[{"@type":"ListItem","position":1,"name":"Anasayfa","item":"https:\/\/narteks.net\/"},{"@type":"ListItem","position":2,"name":"ISSIZ ADA VE SAVA\u015e ZIRHLISI"}]},{"@type":"WebSite","@id":"https:\/\/narteks.net\/#website","url":"https:\/\/narteks.net\/","name":"narteks.net","description":"K\u00fclt\u00fcr Sanat Edebiyat Felsefe","publisher":{"@id":"https:\/\/narteks.net\/#organization"},"alternateName":"K\u00fclt\u00fcr Sanat Edebiyat Felsefe","potentialAction":[{"@type":"SearchAction","target":{"@type":"EntryPoint","urlTemplate":"https:\/\/narteks.net\/?s={search_term_string}"},"query-input":{"@type":"PropertyValueSpecification","valueRequired":true,"valueName":"search_term_string"}}],"inLanguage":"tr"},{"@type":"Organization","@id":"https:\/\/narteks.net\/#organization","name":"narteks.net","url":"https:\/\/narteks.net\/","logo":{"@type":"ImageObject","inLanguage":"tr","@id":"https:\/\/narteks.net\/#\/schema\/logo\/image\/","url":"https:\/\/narteks.net\/wp-content\/uploads\/narteks.png","contentUrl":"https:\/\/narteks.net\/wp-content\/uploads\/narteks.png","width":300,"height":90,"caption":"narteks.net"},"image":{"@id":"https:\/\/narteks.net\/#\/schema\/logo\/image\/"},"sameAs":["https:\/\/x.com\/narteks","https:\/\/instagram.com\/narteksnet"]},{"@type":"Person","@id":"https:\/\/narteks.net\/#\/schema\/person\/61f37d9834294b72d31d274e7ed79bca","name":"Tar\u0131k","image":{"@type":"ImageObject","inLanguage":"tr","@id":"https:\/\/narteks.net\/#\/schema\/person\/image\/","url":"https:\/\/secure.gravatar.com\/avatar\/50865afb55632c4ae467e0af0930f6510aa2297d8014be502a55b14f3b7550cf?s=96&d=mm&r=g","contentUrl":"https:\/\/secure.gravatar.com\/avatar\/50865afb55632c4ae467e0af0930f6510aa2297d8014be502a55b14f3b7550cf?s=96&d=mm&r=g","caption":"Tar\u0131k"},"sameAs":["http:\/\/narteks.net"],"url":"https:\/\/narteks.net\/index.php\/author\/narbak\/"}]}},"_links":{"self":[{"href":"https:\/\/narteks.net\/index.php\/wp-json\/wp\/v2\/posts\/4084","targetHints":{"allow":["GET"]}}],"collection":[{"href":"https:\/\/narteks.net\/index.php\/wp-json\/wp\/v2\/posts"}],"about":[{"href":"https:\/\/narteks.net\/index.php\/wp-json\/wp\/v2\/types\/post"}],"author":[{"embeddable":true,"href":"https:\/\/narteks.net\/index.php\/wp-json\/wp\/v2\/users\/1"}],"replies":[{"embeddable":true,"href":"https:\/\/narteks.net\/index.php\/wp-json\/wp\/v2\/comments?post=4084"}],"version-history":[{"count":0,"href":"https:\/\/narteks.net\/index.php\/wp-json\/wp\/v2\/posts\/4084\/revisions"}],"wp:attachment":[{"href":"https:\/\/narteks.net\/index.php\/wp-json\/wp\/v2\/media?parent=4084"}],"wp:term":[{"taxonomy":"category","embeddable":true,"href":"https:\/\/narteks.net\/index.php\/wp-json\/wp\/v2\/categories?post=4084"},{"taxonomy":"post_tag","embeddable":true,"href":"https:\/\/narteks.net\/index.php\/wp-json\/wp\/v2\/tags?post=4084"}],"curies":[{"name":"wp","href":"https:\/\/api.w.org\/{rel}","templated":true}]}}