{"id":4086,"date":"2010-01-27T14:01:18","date_gmt":"2010-01-27T11:01:18","guid":{"rendered":"http:\/\/localhost\/wordpress\/2010\/01\/27\/bazi-sanatcilar-tarih-sayfalarinda-yer-alir-bazilari-ise-tarihin-kendisidir-joan-baez-ve-sarkilari\/"},"modified":"2010-01-27T14:01:18","modified_gmt":"2010-01-27T11:01:18","slug":"bazi-sanatcilar-tarih-sayfalarinda-yer-alir-bazilari-ise-tarihin-kendisidir-joan-baez-ve-sarkilari","status":"publish","type":"post","link":"https:\/\/narteks.net\/index.php\/2010\/01\/27\/bazi-sanatcilar-tarih-sayfalarinda-yer-alir-bazilari-ise-tarihin-kendisidir-joan-baez-ve-sarkilari\/","title":{"rendered":"Baz\u0131 sanat\u00e7\u0131lar tarih sayfalar\u0131nda yer al\u0131r, baz\u0131lar\u0131 ise tarihin kendisidir | Joan Baez ve \u015fark\u0131lar\u0131"},"content":{"rendered":"<p style=\"text-align: justify;\"><img loading=\"lazy\" decoding=\"async\" src=\"images\/stories\/joanbaez.jpg\" border=\"0\" width=\"155\" height=\"205\" style=\"float: left;\" \/>Joan Baez (d. 9 Ocak 1941), ABD&#8217;li folk \u015fark\u0131c\u0131s\u0131 ve \u015fark\u0131 yazar\u0131d\u0131r. Farkl\u0131 vokaliyle, aktivist tavr\u0131yla ve politik g\u00f6r\u00fc\u015f\u00fcyle bilinir. \u00dc\u00e7 oktav ses aral\u0131\u011f\u0131na sahip bir sopranodur. \u015eark\u0131lar\u0131n\u0131n \u00e7o\u011fu sosyal konularla ilgilidir.En \u00e7ok yetmi\u015flerdeki hit par\u00e7alar\u0131 olan &#8220;Diamonds &amp; Rust&#8221;,&#8221;The Night They Drove Old Dixie Down&#8221;,&#8221;We Shall Overcome&#8221;,&#8221;Sweet Sir Galahad&#8221; ve &#8220;Joe Hill&#8221; ile tan\u0131n\u0131r. Ayr\u0131ca, Bob Dylan ile ya\u015fad\u0131\u011f\u0131 uzun birliktelik; insan haklar\u0131, \u015fiddet kar\u015f\u0131t\u0131, \u00e7evre konular\u0131nda t\u00fckenmeyen aktivist hareketleri ile de ak\u0131llarda yer etmi\u015ftir. \u015eimdiye kadar otuzun \u00fczerinde alb\u00fcm \u00e7\u0131karm\u0131\u015ft\u0131r ve T\u00fcrk\u00e7e dahil sekiz farkl\u0131 dilde \u015fark\u0131 kayd\u0131 vard\u0131r. \u015eark\u0131 yazar\u0131 olmas\u0131na ra\u011fmen \u00f6zellikle yetmi\u015flerin ikinci yar\u0131s\u0131ndan sonra The Beatles, Jackson Browne, Paul Simon, The Rolling Stones, Stevie Wonder &#8216;\u0131n \u015fark\u0131lar\u0131na cover par\u00e7alar yapm\u0131\u015ft\u0131r.<\/p>\n<p style=\"text-align: justify;\">Baz\u0131 sanat\u00e7\u0131lar tarih sayfalar\u0131nda yerini al\u0131r, baz\u0131lar\u0131 ise tarihin kendisidir. Joan Baez, m\u00fczik kariyerinin en ba\u015f\u0131ndan beri, ger\u00e7ek hayat ve ger\u00e7ek olaylar ile kendi sanatsal g\u00f6r\u00fc\u015f\u00fc aras\u0131na \u00e7izgi \u00e7ekmek yerine bu olaylar\u0131 m\u00fczi\u011fine katarak tarihin g\u00fc\u00e7l\u00fc bir tan\u0131kl\u0131\u011f\u0131n\u0131 yapm\u0131\u015f ve efsanele\u015fmi\u015ftir. Zengin folk m\u00fczik miras\u0131n\u0131 \u015fark\u0131lar\u0131na yans\u0131tan Joan Baez, sosyal bilin\u00e7 ile hareket eden bir m\u00fczisyen profiline \u00f6nc\u00fcl\u00fck eden ilk isimlerden olmu\u015ftur. 1961 y\u0131l\u0131ndan bu yana kariyerinde Bob Dylan ile i\u00e7 i\u00e7e bir \u00e7izgi izleyen sanat\u00e7\u0131 \u00f6zg\u00fcrl\u00fck ve insan haklar\u0131 i\u00e7in yaz\u0131lan \u015fark\u0131lar\u0131n vazge\u00e7ilmez sesi olmu\u015ftur.<\/p>\n<p>Geleneksel baladlar, blues t\u0131n\u0131lar\u0131, ninniler, cowboy \u015fark\u0131lar\u0131 ve etnik folk melodileri aras\u0131na saklad\u0131\u011f\u0131 mesajlar Joan Baez\u2019in izleyici kitlesini g\u00fcnden g\u00fcne art\u0131rmas\u0131na yol a\u00e7m\u0131\u015f, tozlu arenalardan insan haklar\u0131 mitinglerine, b\u00fcy\u00fck festivallerden sava\u015f kar\u015f\u0131t\u0131 g\u00f6sterilere kadar akla gelebilecek her yerde verdi\u011fi samimi konserlerle takip\u00e7i kitlesini kuvvetlendirmi\u015ftir. 1959 y\u0131l\u0131ndan bu yana 20\u2019yi a\u015fk\u0131n alb\u00fcm kayd\u0131 ve say\u0131s\u0131z k\u0131rk be\u015flik yay\u0131mlayan sanat\u00e7\u0131 en verimli g\u00fcnlerini A&amp;M Records\u2019da ya\u015fam\u0131\u015ft\u0131r. \u00d6zellikle 1975 tarihli &#8220;Diamonds &amp; Rust&#8221; alb\u00fcm\u00fc b\u00fcy\u00fck ba\u015far\u0131 sa\u011flam\u0131\u015f, bu alb\u00fcmde Jackson Browne, Janis Ian, John Prine, Stevie Wonder &amp; Syreeta, Dickey Betts of the Allman Brothers Band ve Bob Dylan gibi b\u00fcy\u00fck isimlerin \u015fark\u0131lar\u0131na yer vermi\u015ftir.<\/p>\n<p style=\"text-align: justify;\">Son 6 y\u0131ld\u0131r \u00e7\u0131kard\u0131\u011f\u0131 ilk yeni alb\u00fcm olan \u201cDark Chords on a Big Guitar\u201d Joan Baez\u2019in temsil etti\u011fi de\u011ferleri bire bir koruyor. Sanat\u00e7\u0131 bu alb\u00fcmde hem folk k\u00f6klerine ba\u011fl\u0131 kalm\u0131\u015f hem de Ryan Adams, Nathalie Merchant ve Gillian Welch gibi \u00e7a\u011fda\u015f sanat\u00e7\u0131larla \u00e7al\u0131\u015f\u0131p kendisine tap taze bir soluk getirmeyi ba\u015farm\u0131\u015ft\u0131r.<\/p>\n<p>Player ile joan baez&#8217;in solo ve d\u00fcet \u015fark\u0131lar\u0131n\u0131 dinleyebilirsiniz&#8230;<\/p>\n<p>\n<object width=\"400\" height=\"300\" data=\"http:\/\/www.humyo.com\/E\/10422871-281475396341815\/10422871-281475396342699\/10422871-281475396343419\/10422871-281475396344065\/10422871-281475396344723\/10422871-281475396345535\/10422871-281475396346461\/10422871-281475396347125\/10422871-281475396348237\/10422871-281475396349149\/10422871-281475396349773\/10422871-281475396349953\/10422871-281475396351039\/10422871-281475396354605\/10422871-281475396355967\/10422871-281475396356361\/10422871-281475396356969\/10422871-281475396357679\/10422871-281475396358753\/10422871-281475396359529\/10422871-281475396360291\/10422871-281475396361263\/10422871-281475396363347\/10422871-281475396364027\/10422871-281475396365037\/10422871-281475396366331\/10422871-281475396367275\/10422871-281475396368305\/10422871-281475396369525\/10422871-281475396365447\/10422871-281475396370347?a=GrI8IN7YKM0%2C85q72WLu2Gg%2C5k-weu-XR7o%2CEHxTEn6y7HY%2CNN3GF724fZM%2Cy8GVwUAcrbg%2CekV450zYkZs%2CxSxyrxLosVM%2CSojSZO5feIo%2CZUAuhSm_yV0%2CYDx6yam2gkQ%2Cq1jJXW1zztA%2CDyKNg_UZFPs%2C-LTIzcv_B58%2C48HWRT-WKJg%2CunWRN3GRW5k%2Cic69Gls_9_Y%2C3TtFkwCAJSk%2CWTNN1Vxh3_g%2CPfd2NzjWeD8%2CpVK4gYbMnr0%2ChLGF6fodTDY%2CZhzVg9qTxIA%2CG6rhdufkysw%2CkCGRMkxoMDg%2CwnJUHwzczAE%2CUG0F-q9d7lc%2Co2Lr89GizJQ%2CHWtFZ4rz1qs%2Cv7zciU69jWk%2CIlnhuFQZV1c\" type=\"application\/x-shockwave-flash\"><param name=\"flashvars\" value=\"autostart=true&amp;usefullscreen=true&amp;\" \/><param name=\"src\" value=\"http:\/\/www.humyo.com\/E\/10422871-281475396341815\/10422871-281475396342699\/10422871-281475396343419\/10422871-281475396344065\/10422871-281475396344723\/10422871-281475396345535\/10422871-281475396346461\/10422871-281475396347125\/10422871-281475396348237\/10422871-281475396349149\/10422871-281475396349773\/10422871-281475396349953\/10422871-281475396351039\/10422871-281475396354605\/10422871-281475396355967\/10422871-281475396356361\/10422871-281475396356969\/10422871-281475396357679\/10422871-281475396358753\/10422871-281475396359529\/10422871-281475396360291\/10422871-281475396361263\/10422871-281475396363347\/10422871-281475396364027\/10422871-281475396365037\/10422871-281475396366331\/10422871-281475396367275\/10422871-281475396368305\/10422871-281475396369525\/10422871-281475396365447\/10422871-281475396370347?a=GrI8IN7YKM0%2C85q72WLu2Gg%2C5k-weu-XR7o%2CEHxTEn6y7HY%2CNN3GF724fZM%2Cy8GVwUAcrbg%2CekV450zYkZs%2CxSxyrxLosVM%2CSojSZO5feIo%2CZUAuhSm_yV0%2CYDx6yam2gkQ%2Cq1jJXW1zztA%2CDyKNg_UZFPs%2C-LTIzcv_B58%2C48HWRT-WKJg%2CunWRN3GRW5k%2Cic69Gls_9_Y%2C3TtFkwCAJSk%2CWTNN1Vxh3_g%2CPfd2NzjWeD8%2CpVK4gYbMnr0%2ChLGF6fodTDY%2CZhzVg9qTxIA%2CG6rhdufkysw%2CkCGRMkxoMDg%2CwnJUHwzczAE%2CUG0F-q9d7lc%2Co2Lr89GizJQ%2CHWtFZ4rz1qs%2Cv7zciU69jWk%2CIlnhuFQZV1c\" \/><param name=\"allowfullscreen\" value=\"true\" \/><\/object><\/p>\n","protected":false},"excerpt":{"rendered":"<p>Joan Baez (d. 9 Ocak 1941), ABD&#8217;li folk \u015fark\u0131c\u0131s\u0131 ve \u015fark\u0131 yazar\u0131d\u0131r. Farkl\u0131 vokaliyle, aktivist tavr\u0131yla ve politik g\u00f6r\u00fc\u015f\u00fcyle bilinir. \u00dc\u00e7 oktav ses aral\u0131\u011f\u0131na sahip bir sopranodur. \u015eark\u0131lar\u0131n\u0131n \u00e7o\u011fu sosyal konularla ilgilidir.En \u00e7ok yetmi\u015flerdeki hit par\u00e7alar\u0131 olan &#8220;Diamonds &amp; Rust&#8221;,&#8221;The Night They Drove Old Dixie Down&#8221;,&#8221;We Shall Overcome&#8221;,&#8221;Sweet Sir Galahad&#8221; ve &#8220;Joe Hill&#8221; ile tan\u0131n\u0131r. [&hellip;]<\/p>\n","protected":false},"author":1,"featured_media":0,"comment_status":"open","ping_status":"open","sticky":false,"template":"","format":"standard","meta":{"footnotes":""},"categories":[125],"tags":[],"class_list":{"0":"post-4086","1":"post","2":"type-post","3":"status-publish","4":"format-standard","6":"category-dunya-dan-muzik"},"yoast_head":"<!-- This site is optimized with the Yoast SEO Premium plugin v24.9 (Yoast SEO v24.9) - https:\/\/yoast.com\/wordpress\/plugins\/seo\/ -->\n<title>Baz\u0131 sanat\u00e7\u0131lar tarih sayfalar\u0131nda yer al\u0131r, baz\u0131lar\u0131 ise tarihin kendisidir | Joan Baez ve \u015fark\u0131lar\u0131 - narteks.net<\/title>\n<meta name=\"robots\" content=\"index, follow, max-snippet:-1, max-image-preview:large, max-video-preview:-1\" \/>\n<link rel=\"canonical\" href=\"https:\/\/narteks.net\/index.php\/2010\/01\/27\/bazi-sanatcilar-tarih-sayfalarinda-yer-alir-bazilari-ise-tarihin-kendisidir-joan-baez-ve-sarkilari\/\" \/>\n<meta property=\"og:locale\" content=\"tr_TR\" \/>\n<meta property=\"og:type\" content=\"article\" \/>\n<meta property=\"og:title\" content=\"Baz\u0131 sanat\u00e7\u0131lar tarih sayfalar\u0131nda yer al\u0131r, baz\u0131lar\u0131 ise tarihin kendisidir | Joan Baez ve \u015fark\u0131lar\u0131\" \/>\n<meta property=\"og:description\" content=\"Joan Baez (d. 9 Ocak 1941), ABD&#8217;li folk \u015fark\u0131c\u0131s\u0131 ve \u015fark\u0131 yazar\u0131d\u0131r. Farkl\u0131 vokaliyle, aktivist tavr\u0131yla ve politik g\u00f6r\u00fc\u015f\u00fcyle bilinir. \u00dc\u00e7 oktav ses aral\u0131\u011f\u0131na sahip bir sopranodur. \u015eark\u0131lar\u0131n\u0131n \u00e7o\u011fu sosyal konularla ilgilidir.En \u00e7ok yetmi\u015flerdeki hit par\u00e7alar\u0131 olan &#8220;Diamonds &amp; Rust&#8221;,&#8221;The Night They Drove Old Dixie Down&#8221;,&#8221;We Shall Overcome&#8221;,&#8221;Sweet Sir Galahad&#8221; ve &#8220;Joe Hill&#8221; ile tan\u0131n\u0131r. [&hellip;]\" \/>\n<meta property=\"og:url\" content=\"https:\/\/narteks.net\/index.php\/2010\/01\/27\/bazi-sanatcilar-tarih-sayfalarinda-yer-alir-bazilari-ise-tarihin-kendisidir-joan-baez-ve-sarkilari\/\" \/>\n<meta property=\"og:site_name\" content=\"narteks.net\" \/>\n<meta property=\"article:published_time\" content=\"2010-01-27T11:01:18+00:00\" \/>\n<meta property=\"og:image\" content=\"https:\/\/narteks.net\/wp-content\/uploads\/narteks.png\" \/>\n\t<meta property=\"og:image:width\" content=\"300\" \/>\n\t<meta property=\"og:image:height\" content=\"90\" \/>\n\t<meta property=\"og:image:type\" content=\"image\/png\" \/>\n<meta name=\"author\" content=\"Tar\u0131k\" \/>\n<meta name=\"twitter:card\" content=\"summary_large_image\" \/>\n<meta name=\"twitter:creator\" content=\"@narteks\" \/>\n<meta name=\"twitter:site\" content=\"@narteks\" \/>\n<meta name=\"twitter:label1\" content=\"Yazan:\" \/>\n\t<meta name=\"twitter:data1\" content=\"Tar\u0131k\" \/>\n\t<meta name=\"twitter:label2\" content=\"Tahmini okuma s\u00fcresi\" \/>\n\t<meta name=\"twitter:data2\" content=\"3 dakika\" \/>\n<script type=\"application\/ld+json\" class=\"yoast-schema-graph\">{\"@context\":\"https:\/\/schema.org\",\"@graph\":[{\"@type\":\"Article\",\"@id\":\"https:\/\/narteks.net\/index.php\/2010\/01\/27\/bazi-sanatcilar-tarih-sayfalarinda-yer-alir-bazilari-ise-tarihin-kendisidir-joan-baez-ve-sarkilari\/#article\",\"isPartOf\":{\"@id\":\"https:\/\/narteks.net\/index.php\/2010\/01\/27\/bazi-sanatcilar-tarih-sayfalarinda-yer-alir-bazilari-ise-tarihin-kendisidir-joan-baez-ve-sarkilari\/\"},\"author\":{\"name\":\"Tar\u0131k\",\"@id\":\"https:\/\/narteks.net\/#\/schema\/person\/61f37d9834294b72d31d274e7ed79bca\"},\"headline\":\"Baz\u0131 sanat\u00e7\u0131lar tarih sayfalar\u0131nda yer al\u0131r, baz\u0131lar\u0131 ise tarihin kendisidir | Joan Baez ve \u015fark\u0131lar\u0131\",\"datePublished\":\"2010-01-27T11:01:18+00:00\",\"mainEntityOfPage\":{\"@id\":\"https:\/\/narteks.net\/index.php\/2010\/01\/27\/bazi-sanatcilar-tarih-sayfalarinda-yer-alir-bazilari-ise-tarihin-kendisidir-joan-baez-ve-sarkilari\/\"},\"wordCount\":519,\"commentCount\":0,\"publisher\":{\"@id\":\"https:\/\/narteks.net\/#organization\"},\"articleSection\":[\"D\u00fcnya'dan M\u00fczik\"],\"inLanguage\":\"tr\",\"potentialAction\":[{\"@type\":\"CommentAction\",\"name\":\"Comment\",\"target\":[\"https:\/\/narteks.net\/index.php\/2010\/01\/27\/bazi-sanatcilar-tarih-sayfalarinda-yer-alir-bazilari-ise-tarihin-kendisidir-joan-baez-ve-sarkilari\/#respond\"]}]},{\"@type\":\"WebPage\",\"@id\":\"https:\/\/narteks.net\/index.php\/2010\/01\/27\/bazi-sanatcilar-tarih-sayfalarinda-yer-alir-bazilari-ise-tarihin-kendisidir-joan-baez-ve-sarkilari\/\",\"url\":\"https:\/\/narteks.net\/index.php\/2010\/01\/27\/bazi-sanatcilar-tarih-sayfalarinda-yer-alir-bazilari-ise-tarihin-kendisidir-joan-baez-ve-sarkilari\/\",\"name\":\"Baz\u0131 sanat\u00e7\u0131lar tarih sayfalar\u0131nda yer al\u0131r, baz\u0131lar\u0131 ise tarihin kendisidir | Joan Baez ve \u015fark\u0131lar\u0131 - narteks.net\",\"isPartOf\":{\"@id\":\"https:\/\/narteks.net\/#website\"},\"datePublished\":\"2010-01-27T11:01:18+00:00\",\"breadcrumb\":{\"@id\":\"https:\/\/narteks.net\/index.php\/2010\/01\/27\/bazi-sanatcilar-tarih-sayfalarinda-yer-alir-bazilari-ise-tarihin-kendisidir-joan-baez-ve-sarkilari\/#breadcrumb\"},\"inLanguage\":\"tr\",\"potentialAction\":[{\"@type\":\"ReadAction\",\"target\":[\"https:\/\/narteks.net\/index.php\/2010\/01\/27\/bazi-sanatcilar-tarih-sayfalarinda-yer-alir-bazilari-ise-tarihin-kendisidir-joan-baez-ve-sarkilari\/\"]}]},{\"@type\":\"BreadcrumbList\",\"@id\":\"https:\/\/narteks.net\/index.php\/2010\/01\/27\/bazi-sanatcilar-tarih-sayfalarinda-yer-alir-bazilari-ise-tarihin-kendisidir-joan-baez-ve-sarkilari\/#breadcrumb\",\"itemListElement\":[{\"@type\":\"ListItem\",\"position\":1,\"name\":\"Anasayfa\",\"item\":\"https:\/\/narteks.net\/\"},{\"@type\":\"ListItem\",\"position\":2,\"name\":\"Baz\u0131 sanat\u00e7\u0131lar tarih sayfalar\u0131nda yer al\u0131r, baz\u0131lar\u0131 ise tarihin kendisidir | Joan Baez ve \u015fark\u0131lar\u0131\"}]},{\"@type\":\"WebSite\",\"@id\":\"https:\/\/narteks.net\/#website\",\"url\":\"https:\/\/narteks.net\/\",\"name\":\"narteks.net\",\"description\":\"K\u00fclt\u00fcr Sanat Edebiyat Felsefe\",\"publisher\":{\"@id\":\"https:\/\/narteks.net\/#organization\"},\"alternateName\":\"K\u00fclt\u00fcr Sanat Edebiyat Felsefe\",\"potentialAction\":[{\"@type\":\"SearchAction\",\"target\":{\"@type\":\"EntryPoint\",\"urlTemplate\":\"https:\/\/narteks.net\/?s={search_term_string}\"},\"query-input\":{\"@type\":\"PropertyValueSpecification\",\"valueRequired\":true,\"valueName\":\"search_term_string\"}}],\"inLanguage\":\"tr\"},{\"@type\":\"Organization\",\"@id\":\"https:\/\/narteks.net\/#organization\",\"name\":\"narteks.net\",\"url\":\"https:\/\/narteks.net\/\",\"logo\":{\"@type\":\"ImageObject\",\"inLanguage\":\"tr\",\"@id\":\"https:\/\/narteks.net\/#\/schema\/logo\/image\/\",\"url\":\"https:\/\/narteks.net\/wp-content\/uploads\/narteks.png\",\"contentUrl\":\"https:\/\/narteks.net\/wp-content\/uploads\/narteks.png\",\"width\":300,\"height\":90,\"caption\":\"narteks.net\"},\"image\":{\"@id\":\"https:\/\/narteks.net\/#\/schema\/logo\/image\/\"},\"sameAs\":[\"https:\/\/x.com\/narteks\",\"https:\/\/instagram.com\/narteksnet\"]},{\"@type\":\"Person\",\"@id\":\"https:\/\/narteks.net\/#\/schema\/person\/61f37d9834294b72d31d274e7ed79bca\",\"name\":\"Tar\u0131k\",\"image\":{\"@type\":\"ImageObject\",\"inLanguage\":\"tr\",\"@id\":\"https:\/\/narteks.net\/#\/schema\/person\/image\/\",\"url\":\"https:\/\/secure.gravatar.com\/avatar\/50865afb55632c4ae467e0af0930f6510aa2297d8014be502a55b14f3b7550cf?s=96&d=mm&r=g\",\"contentUrl\":\"https:\/\/secure.gravatar.com\/avatar\/50865afb55632c4ae467e0af0930f6510aa2297d8014be502a55b14f3b7550cf?s=96&d=mm&r=g\",\"caption\":\"Tar\u0131k\"},\"sameAs\":[\"http:\/\/narteks.net\"],\"url\":\"https:\/\/narteks.net\/index.php\/author\/narbak\/\"}]}<\/script>\n<!-- \/ Yoast SEO Premium plugin. -->","yoast_head_json":{"title":"Baz\u0131 sanat\u00e7\u0131lar tarih sayfalar\u0131nda yer al\u0131r, baz\u0131lar\u0131 ise tarihin kendisidir | Joan Baez ve \u015fark\u0131lar\u0131 - narteks.net","robots":{"index":"index","follow":"follow","max-snippet":"max-snippet:-1","max-image-preview":"max-image-preview:large","max-video-preview":"max-video-preview:-1"},"canonical":"https:\/\/narteks.net\/index.php\/2010\/01\/27\/bazi-sanatcilar-tarih-sayfalarinda-yer-alir-bazilari-ise-tarihin-kendisidir-joan-baez-ve-sarkilari\/","og_locale":"tr_TR","og_type":"article","og_title":"Baz\u0131 sanat\u00e7\u0131lar tarih sayfalar\u0131nda yer al\u0131r, baz\u0131lar\u0131 ise tarihin kendisidir | Joan Baez ve \u015fark\u0131lar\u0131","og_description":"Joan Baez (d. 9 Ocak 1941), ABD&#8217;li folk \u015fark\u0131c\u0131s\u0131 ve \u015fark\u0131 yazar\u0131d\u0131r. Farkl\u0131 vokaliyle, aktivist tavr\u0131yla ve politik g\u00f6r\u00fc\u015f\u00fcyle bilinir. \u00dc\u00e7 oktav ses aral\u0131\u011f\u0131na sahip bir sopranodur. \u015eark\u0131lar\u0131n\u0131n \u00e7o\u011fu sosyal konularla ilgilidir.En \u00e7ok yetmi\u015flerdeki hit par\u00e7alar\u0131 olan &#8220;Diamonds &amp; Rust&#8221;,&#8221;The Night They Drove Old Dixie Down&#8221;,&#8221;We Shall Overcome&#8221;,&#8221;Sweet Sir Galahad&#8221; ve &#8220;Joe Hill&#8221; ile tan\u0131n\u0131r. [&hellip;]","og_url":"https:\/\/narteks.net\/index.php\/2010\/01\/27\/bazi-sanatcilar-tarih-sayfalarinda-yer-alir-bazilari-ise-tarihin-kendisidir-joan-baez-ve-sarkilari\/","og_site_name":"narteks.net","article_published_time":"2010-01-27T11:01:18+00:00","og_image":[{"width":300,"height":90,"url":"https:\/\/narteks.net\/wp-content\/uploads\/narteks.png","type":"image\/png"}],"author":"Tar\u0131k","twitter_card":"summary_large_image","twitter_creator":"@narteks","twitter_site":"@narteks","twitter_misc":{"Yazan:":"Tar\u0131k","Tahmini okuma s\u00fcresi":"3 dakika"},"schema":{"@context":"https:\/\/schema.org","@graph":[{"@type":"Article","@id":"https:\/\/narteks.net\/index.php\/2010\/01\/27\/bazi-sanatcilar-tarih-sayfalarinda-yer-alir-bazilari-ise-tarihin-kendisidir-joan-baez-ve-sarkilari\/#article","isPartOf":{"@id":"https:\/\/narteks.net\/index.php\/2010\/01\/27\/bazi-sanatcilar-tarih-sayfalarinda-yer-alir-bazilari-ise-tarihin-kendisidir-joan-baez-ve-sarkilari\/"},"author":{"name":"Tar\u0131k","@id":"https:\/\/narteks.net\/#\/schema\/person\/61f37d9834294b72d31d274e7ed79bca"},"headline":"Baz\u0131 sanat\u00e7\u0131lar tarih sayfalar\u0131nda yer al\u0131r, baz\u0131lar\u0131 ise tarihin kendisidir | Joan Baez ve \u015fark\u0131lar\u0131","datePublished":"2010-01-27T11:01:18+00:00","mainEntityOfPage":{"@id":"https:\/\/narteks.net\/index.php\/2010\/01\/27\/bazi-sanatcilar-tarih-sayfalarinda-yer-alir-bazilari-ise-tarihin-kendisidir-joan-baez-ve-sarkilari\/"},"wordCount":519,"commentCount":0,"publisher":{"@id":"https:\/\/narteks.net\/#organization"},"articleSection":["D\u00fcnya'dan M\u00fczik"],"inLanguage":"tr","potentialAction":[{"@type":"CommentAction","name":"Comment","target":["https:\/\/narteks.net\/index.php\/2010\/01\/27\/bazi-sanatcilar-tarih-sayfalarinda-yer-alir-bazilari-ise-tarihin-kendisidir-joan-baez-ve-sarkilari\/#respond"]}]},{"@type":"WebPage","@id":"https:\/\/narteks.net\/index.php\/2010\/01\/27\/bazi-sanatcilar-tarih-sayfalarinda-yer-alir-bazilari-ise-tarihin-kendisidir-joan-baez-ve-sarkilari\/","url":"https:\/\/narteks.net\/index.php\/2010\/01\/27\/bazi-sanatcilar-tarih-sayfalarinda-yer-alir-bazilari-ise-tarihin-kendisidir-joan-baez-ve-sarkilari\/","name":"Baz\u0131 sanat\u00e7\u0131lar tarih sayfalar\u0131nda yer al\u0131r, baz\u0131lar\u0131 ise tarihin kendisidir | Joan Baez ve \u015fark\u0131lar\u0131 - narteks.net","isPartOf":{"@id":"https:\/\/narteks.net\/#website"},"datePublished":"2010-01-27T11:01:18+00:00","breadcrumb":{"@id":"https:\/\/narteks.net\/index.php\/2010\/01\/27\/bazi-sanatcilar-tarih-sayfalarinda-yer-alir-bazilari-ise-tarihin-kendisidir-joan-baez-ve-sarkilari\/#breadcrumb"},"inLanguage":"tr","potentialAction":[{"@type":"ReadAction","target":["https:\/\/narteks.net\/index.php\/2010\/01\/27\/bazi-sanatcilar-tarih-sayfalarinda-yer-alir-bazilari-ise-tarihin-kendisidir-joan-baez-ve-sarkilari\/"]}]},{"@type":"BreadcrumbList","@id":"https:\/\/narteks.net\/index.php\/2010\/01\/27\/bazi-sanatcilar-tarih-sayfalarinda-yer-alir-bazilari-ise-tarihin-kendisidir-joan-baez-ve-sarkilari\/#breadcrumb","itemListElement":[{"@type":"ListItem","position":1,"name":"Anasayfa","item":"https:\/\/narteks.net\/"},{"@type":"ListItem","position":2,"name":"Baz\u0131 sanat\u00e7\u0131lar tarih sayfalar\u0131nda yer al\u0131r, baz\u0131lar\u0131 ise tarihin kendisidir | Joan Baez ve \u015fark\u0131lar\u0131"}]},{"@type":"WebSite","@id":"https:\/\/narteks.net\/#website","url":"https:\/\/narteks.net\/","name":"narteks.net","description":"K\u00fclt\u00fcr Sanat Edebiyat Felsefe","publisher":{"@id":"https:\/\/narteks.net\/#organization"},"alternateName":"K\u00fclt\u00fcr Sanat Edebiyat Felsefe","potentialAction":[{"@type":"SearchAction","target":{"@type":"EntryPoint","urlTemplate":"https:\/\/narteks.net\/?s={search_term_string}"},"query-input":{"@type":"PropertyValueSpecification","valueRequired":true,"valueName":"search_term_string"}}],"inLanguage":"tr"},{"@type":"Organization","@id":"https:\/\/narteks.net\/#organization","name":"narteks.net","url":"https:\/\/narteks.net\/","logo":{"@type":"ImageObject","inLanguage":"tr","@id":"https:\/\/narteks.net\/#\/schema\/logo\/image\/","url":"https:\/\/narteks.net\/wp-content\/uploads\/narteks.png","contentUrl":"https:\/\/narteks.net\/wp-content\/uploads\/narteks.png","width":300,"height":90,"caption":"narteks.net"},"image":{"@id":"https:\/\/narteks.net\/#\/schema\/logo\/image\/"},"sameAs":["https:\/\/x.com\/narteks","https:\/\/instagram.com\/narteksnet"]},{"@type":"Person","@id":"https:\/\/narteks.net\/#\/schema\/person\/61f37d9834294b72d31d274e7ed79bca","name":"Tar\u0131k","image":{"@type":"ImageObject","inLanguage":"tr","@id":"https:\/\/narteks.net\/#\/schema\/person\/image\/","url":"https:\/\/secure.gravatar.com\/avatar\/50865afb55632c4ae467e0af0930f6510aa2297d8014be502a55b14f3b7550cf?s=96&d=mm&r=g","contentUrl":"https:\/\/secure.gravatar.com\/avatar\/50865afb55632c4ae467e0af0930f6510aa2297d8014be502a55b14f3b7550cf?s=96&d=mm&r=g","caption":"Tar\u0131k"},"sameAs":["http:\/\/narteks.net"],"url":"https:\/\/narteks.net\/index.php\/author\/narbak\/"}]}},"_links":{"self":[{"href":"https:\/\/narteks.net\/index.php\/wp-json\/wp\/v2\/posts\/4086","targetHints":{"allow":["GET"]}}],"collection":[{"href":"https:\/\/narteks.net\/index.php\/wp-json\/wp\/v2\/posts"}],"about":[{"href":"https:\/\/narteks.net\/index.php\/wp-json\/wp\/v2\/types\/post"}],"author":[{"embeddable":true,"href":"https:\/\/narteks.net\/index.php\/wp-json\/wp\/v2\/users\/1"}],"replies":[{"embeddable":true,"href":"https:\/\/narteks.net\/index.php\/wp-json\/wp\/v2\/comments?post=4086"}],"version-history":[{"count":0,"href":"https:\/\/narteks.net\/index.php\/wp-json\/wp\/v2\/posts\/4086\/revisions"}],"wp:attachment":[{"href":"https:\/\/narteks.net\/index.php\/wp-json\/wp\/v2\/media?parent=4086"}],"wp:term":[{"taxonomy":"category","embeddable":true,"href":"https:\/\/narteks.net\/index.php\/wp-json\/wp\/v2\/categories?post=4086"},{"taxonomy":"post_tag","embeddable":true,"href":"https:\/\/narteks.net\/index.php\/wp-json\/wp\/v2\/tags?post=4086"}],"curies":[{"name":"wp","href":"https:\/\/api.w.org\/{rel}","templated":true}]}}