{"id":4088,"date":"2010-01-28T13:44:02","date_gmt":"2010-01-28T10:44:02","guid":{"rendered":"http:\/\/localhost\/wordpress\/2010\/01\/28\/her-olayda-bir-kenara-cekilenler-gercekten-de-bir-kenarda-kalacaklardir-oguz-atay\/"},"modified":"2010-01-28T13:44:02","modified_gmt":"2010-01-28T10:44:02","slug":"her-olayda-bir-kenara-cekilenler-gercekten-de-bir-kenarda-kalacaklardir-oguz-atay","status":"publish","type":"post","link":"https:\/\/narteks.net\/index.php\/2010\/01\/28\/her-olayda-bir-kenara-cekilenler-gercekten-de-bir-kenarda-kalacaklardir-oguz-atay\/","title":{"rendered":"Her olayda bir kenara \u00e7ekilenler ger\u00e7ekten de bir kenarda kalacaklard\u0131r | O\u011fuz Atay"},"content":{"rendered":"<p style=\"text-align: justify;\"><img decoding=\"async\" src=\"images\/stories\/oguz_atay.jpg\" border=\"0\" style=\"float: left;\" \/>\u00c7\u0131karlar\u0131n\u0131 d\u00fc\u015f\u00fcnmeyenler unutulacakt\u0131r. her olayda bir kenara \u00e7ekilenler ger\u00e7ekten de bir kenarda kalacaklard\u0131r. yapt\u0131klar\u0131 i\u015flerin gizli kalmas\u0131n\u0131 isteyenler, bunda ba\u015far\u0131ya ula\u015facaklard\u0131r. kimse, onlar\u0131n varl\u0131\u011f\u0131yla tedirgin olmayacakt\u0131r. bir g\u00fcn \u00f6ld\u00fckleri zaman, arkalar\u0131nda k\u00fc\u00e7\u00fck bir iz, bir an\u0131, bir g\u00f6zya\u015f\u0131, bir eser b\u0131rakmadan yok olacaklard\u0131r. Gazetedeki \u00f6l\u00fcm ilan\u0131 bile, yedinci sayfada bir kenarda kalacak, kimsenin g\u00f6z\u00fcne \u00e7arpmayacakt\u0131r. hayattan \u00e7\u0131kar\u0131 olmayanlar\u0131n, \u00f6l\u00fcmden de \u00e7\u0131kar\u0131 olmayacakt\u0131r. \u00f6l\u00fcm bile onlar\u0131n adlar\u0131n\u0131 duyurmaya yetmeyecektir.<\/p>\n<p style=\"text-align: justify;\">Herkesin mezar\u0131nda g\u00fcller ve menek\u015feler b\u00fcy\u00fcrken, onlar\u0131n mezarlar\u0131n\u0131 otlar b\u00fcr\u00fcyecektir. mezarlar\u0131 bir kenarda kalmasa bile, b\u00fcy\u00fck ve muhte\u015fem an\u0131tlar\u0131n aras\u0131na s\u0131k\u0131\u015f\u0131p kaybolacakt\u0131r. cennetteki muhallebicide de garson onlarla ilgilenmeyecektir. a\u011f\u0131z tad\u0131yla bir ke\u015fk\u00fcl yiyemeden masadan kalkacaklard\u0131r. hayattan \u00e7\u0131kar\u0131 olmayanlar\u0131n hayat\u0131 , \u00e7\u0131kmaza s\u00fcr\u00fcklenecektir. kendini be\u011fenmi\u015fli\u011fin cezas\u0131n\u0131 daha bu d\u00fcnyadan \u00e7ekmeye ba\u015flayacaklard\u0131r. s\u0131k\u0131nt\u0131lar\u0131n\u0131 kimseyle payla\u015fmas\u0131n\u0131 bilmedikleri i\u00e7in, yaln\u0131z ba\u015flar\u0131na \u0131st\u0131rap \u00e7ekeceklerdir. duygu al\u0131veri\u015finden nasipleri olmayacakt\u0131r. duygusuz, hareketsiz, tats\u0131z bir hayat ya\u015fad\u0131klar\u0131 san\u0131lacakt\u0131r. \u00e7ektikleri ac\u0131larla, y\u00fczlerinin buru\u015fmas\u0131na, sa\u00e7lar\u0131n\u0131n beyazla\u015fmas\u0131na izin verilmeyecektir. g\u00fcld\u00fckleri zaman sevin\u00e7li, a\u011flad\u0131klar\u0131 zaman kederli olduklar\u0131 san\u0131lacakt\u0131r. hayattan \u00e7\u0131karlar\u0131 olmad\u0131\u011f\u0131 da asla kabul edilmeyecektir. b\u00f6yle bir yanl\u0131\u015fl\u0131\u011fa d\u00fc\u015f\u00fclmeyecektir. asl\u0131nda, hayattan \u00e7\u0131karlar\u0131 oldu\u011fu ispat edilecektir, \u00e7\u0131karlar\u0131n\u0131 korumak i\u00e7in canlar\u0131 \u00e7\u0131kt\u0131\u011f\u0131 halde, bunu beceremedikleri i\u00e7in, \u00e7\u0131karlar\u0131 yokmu\u015f ta bir\u015fey beklemiyormu\u015f\u00e7as\u0131nagillerden g\u00f6r\u00fcnd\u00fckleri y\u00fczlerine vurulacakt\u0131r.<\/p>\n<p style=\"text-align: justify;\">Onlar da bu sald\u0131r\u0131lara bir kar\u015f\u0131l\u0131k bulamayacaklard\u0131r. kendilerini yoklad\u0131klar\u0131 zaman, b\u00fct\u00fcn ileri s\u00fcr\u00fclenlerin ger\u00e7ek oldu\u011funu, hayatlar\u0131n\u0131 bo\u015f yere harcad\u0131klar\u0131n\u0131, ne yaz\u0131k ki art\u0131k \u00e7ok ge\u00e7 kald\u0131klar\u0131n\u0131 onlar da a\u00e7\u0131k ve se\u00e7ik olarak g\u00f6receklerdir. i\u015fte o anda dahi, delice bir harekette bulunmalar\u0131na, anlams\u0131z bir hayat\u0131 anlaml\u0131 bir \u015fekilde bitirmelerine g\u00f6z yumulmayacakt\u0131r. kendilerini \u00f6ld\u00fcremeyeceklerdir. onlara anlat\u0131lacakt\u0131r ki, b\u00f6yle bir davran\u0131\u015f b\u00fct\u00fcn ya\u015famlar\u0131yla \u00e7eli\u015fki i\u00e7indedir, ger\u00e7ekle ilgisi yoktur: kendilerini \u00f6ld\u00fcr\u00fcrlerse, onlar hakk\u0131nda var\u0131lan isabetli yarg\u0131lar\u0131 \u00e7\u00fcr\u00fctmek i\u00e7in gene bo\u015f bir \u00e7aba g\u00f6stermi\u015f olurlar. bu hi\u00e7bir \u015feyi de\u011fi\u015ftirmez. onlar, bu rezilli\u011fe de katlanarak s\u00fcr\u00fcnmeye devam edeceklerdir. hayatlar\u0131yla yanl\u0131\u015f olanlar\u0131n \u00f6l\u00fcmleriyle do\u011fru olmalar\u0131na imkan var m\u0131d\u0131r? hayattan \u00e7\u0131kar\u0131 olmamak, hem tanr\u0131n\u0131n hem de insanlar\u0131n g\u00f6zlerinde affedilmez bir su\u00e7tur; geli\u015fip yay\u0131lmamas\u0131 i\u00e7in gerekli her t\u00fcrl\u00fc tedbir al\u0131nacakt\u0131r. b\u00fct\u00fcn tarih, b\u00fct\u00fcn iktisat, b\u00fct\u00fcn sosyoloji, b\u00fct\u00fcn psikoloji, k\u0131saca b\u00fct\u00fcn lojiler, hayat\u0131n \u00e7\u0131karc\u0131l\u0131\u011fa dayand\u0131\u011f\u0131n\u0131 g\u00f6stermek i\u00e7in y\u0131rt\u0131nacaklard\u0131r, y\u0131rt\u0131nmal\u0131d\u0131rlar. &#8220;Ben \u00e7\u0131kar\u0131ma bakar\u0131m&#8221; diyeceksiniz, bunun i\u00e7in &#8220;babam\u0131 bile tan\u0131mam&#8221; diyeceksiniz. kimseyi tan\u0131mayacaks\u0131n\u0131z; hele hayattan \u00e7\u0131kar\u0131 olmayanlar\u0131 hi\u00e7!<\/p>\n<p>O\u011fuz Atay<\/p>\n","protected":false},"excerpt":{"rendered":"<p>\u00c7\u0131karlar\u0131n\u0131 d\u00fc\u015f\u00fcnmeyenler unutulacakt\u0131r. her olayda bir kenara \u00e7ekilenler ger\u00e7ekten de bir kenarda kalacaklard\u0131r. yapt\u0131klar\u0131 i\u015flerin gizli kalmas\u0131n\u0131 isteyenler, bunda ba\u015far\u0131ya ula\u015facaklard\u0131r. kimse, onlar\u0131n varl\u0131\u011f\u0131yla tedirgin olmayacakt\u0131r. bir g\u00fcn \u00f6ld\u00fckleri zaman, arkalar\u0131nda k\u00fc\u00e7\u00fck bir iz, bir an\u0131, bir g\u00f6zya\u015f\u0131, bir eser b\u0131rakmadan yok olacaklard\u0131r. Gazetedeki \u00f6l\u00fcm ilan\u0131 bile, yedinci sayfada bir kenarda kalacak, kimsenin g\u00f6z\u00fcne \u00e7arpmayacakt\u0131r. [&hellip;]<\/p>\n","protected":false},"author":1,"featured_media":0,"comment_status":"open","ping_status":"open","sticky":false,"template":"","format":"standard","meta":{"footnotes":""},"categories":[114],"tags":[],"class_list":{"0":"post-4088","1":"post","2":"type-post","3":"status-publish","4":"format-standard","6":"category-turkiye-den-oykuler"},"yoast_head":"<!-- This site is optimized with the Yoast SEO Premium plugin v24.9 (Yoast SEO v24.9) - https:\/\/yoast.com\/wordpress\/plugins\/seo\/ -->\n<title>Her olayda bir kenara \u00e7ekilenler ger\u00e7ekten de bir kenarda kalacaklard\u0131r | O\u011fuz Atay - narteks.net<\/title>\n<meta name=\"robots\" content=\"index, follow, max-snippet:-1, max-image-preview:large, max-video-preview:-1\" \/>\n<link rel=\"canonical\" href=\"https:\/\/narteks.net\/index.php\/2010\/01\/28\/her-olayda-bir-kenara-cekilenler-gercekten-de-bir-kenarda-kalacaklardir-oguz-atay\/\" \/>\n<meta property=\"og:locale\" content=\"tr_TR\" \/>\n<meta property=\"og:type\" content=\"article\" \/>\n<meta property=\"og:title\" content=\"Her olayda bir kenara \u00e7ekilenler ger\u00e7ekten de bir kenarda kalacaklard\u0131r | O\u011fuz Atay\" \/>\n<meta property=\"og:description\" content=\"\u00c7\u0131karlar\u0131n\u0131 d\u00fc\u015f\u00fcnmeyenler unutulacakt\u0131r. her olayda bir kenara \u00e7ekilenler ger\u00e7ekten de bir kenarda kalacaklard\u0131r. yapt\u0131klar\u0131 i\u015flerin gizli kalmas\u0131n\u0131 isteyenler, bunda ba\u015far\u0131ya ula\u015facaklard\u0131r. kimse, onlar\u0131n varl\u0131\u011f\u0131yla tedirgin olmayacakt\u0131r. bir g\u00fcn \u00f6ld\u00fckleri zaman, arkalar\u0131nda k\u00fc\u00e7\u00fck bir iz, bir an\u0131, bir g\u00f6zya\u015f\u0131, bir eser b\u0131rakmadan yok olacaklard\u0131r. Gazetedeki \u00f6l\u00fcm ilan\u0131 bile, yedinci sayfada bir kenarda kalacak, kimsenin g\u00f6z\u00fcne \u00e7arpmayacakt\u0131r. [&hellip;]\" \/>\n<meta property=\"og:url\" content=\"https:\/\/narteks.net\/index.php\/2010\/01\/28\/her-olayda-bir-kenara-cekilenler-gercekten-de-bir-kenarda-kalacaklardir-oguz-atay\/\" \/>\n<meta property=\"og:site_name\" content=\"narteks.net\" \/>\n<meta property=\"article:published_time\" content=\"2010-01-28T10:44:02+00:00\" \/>\n<meta property=\"og:image\" content=\"https:\/\/narteks.net\/wp-content\/uploads\/narteks.png\" \/>\n\t<meta property=\"og:image:width\" content=\"300\" \/>\n\t<meta property=\"og:image:height\" content=\"90\" \/>\n\t<meta property=\"og:image:type\" content=\"image\/png\" \/>\n<meta name=\"author\" content=\"Tar\u0131k\" \/>\n<meta name=\"twitter:card\" content=\"summary_large_image\" \/>\n<meta name=\"twitter:creator\" content=\"@narteks\" \/>\n<meta name=\"twitter:site\" content=\"@narteks\" \/>\n<meta name=\"twitter:label1\" content=\"Yazan:\" \/>\n\t<meta name=\"twitter:data1\" content=\"Tar\u0131k\" \/>\n\t<meta name=\"twitter:label2\" content=\"Tahmini okuma s\u00fcresi\" \/>\n\t<meta name=\"twitter:data2\" content=\"3 dakika\" \/>\n<script type=\"application\/ld+json\" class=\"yoast-schema-graph\">{\"@context\":\"https:\/\/schema.org\",\"@graph\":[{\"@type\":\"Article\",\"@id\":\"https:\/\/narteks.net\/index.php\/2010\/01\/28\/her-olayda-bir-kenara-cekilenler-gercekten-de-bir-kenarda-kalacaklardir-oguz-atay\/#article\",\"isPartOf\":{\"@id\":\"https:\/\/narteks.net\/index.php\/2010\/01\/28\/her-olayda-bir-kenara-cekilenler-gercekten-de-bir-kenarda-kalacaklardir-oguz-atay\/\"},\"author\":{\"name\":\"Tar\u0131k\",\"@id\":\"https:\/\/narteks.net\/#\/schema\/person\/61f37d9834294b72d31d274e7ed79bca\"},\"headline\":\"Her olayda bir kenara \u00e7ekilenler ger\u00e7ekten de bir kenarda kalacaklard\u0131r | O\u011fuz Atay\",\"datePublished\":\"2010-01-28T10:44:02+00:00\",\"mainEntityOfPage\":{\"@id\":\"https:\/\/narteks.net\/index.php\/2010\/01\/28\/her-olayda-bir-kenara-cekilenler-gercekten-de-bir-kenarda-kalacaklardir-oguz-atay\/\"},\"wordCount\":579,\"commentCount\":0,\"publisher\":{\"@id\":\"https:\/\/narteks.net\/#organization\"},\"articleSection\":[\"T\u00fcrkiye'den \u00d6yk\u00fcler\"],\"inLanguage\":\"tr\",\"potentialAction\":[{\"@type\":\"CommentAction\",\"name\":\"Comment\",\"target\":[\"https:\/\/narteks.net\/index.php\/2010\/01\/28\/her-olayda-bir-kenara-cekilenler-gercekten-de-bir-kenarda-kalacaklardir-oguz-atay\/#respond\"]}]},{\"@type\":\"WebPage\",\"@id\":\"https:\/\/narteks.net\/index.php\/2010\/01\/28\/her-olayda-bir-kenara-cekilenler-gercekten-de-bir-kenarda-kalacaklardir-oguz-atay\/\",\"url\":\"https:\/\/narteks.net\/index.php\/2010\/01\/28\/her-olayda-bir-kenara-cekilenler-gercekten-de-bir-kenarda-kalacaklardir-oguz-atay\/\",\"name\":\"Her olayda bir kenara \u00e7ekilenler ger\u00e7ekten de bir kenarda kalacaklard\u0131r | O\u011fuz Atay - narteks.net\",\"isPartOf\":{\"@id\":\"https:\/\/narteks.net\/#website\"},\"datePublished\":\"2010-01-28T10:44:02+00:00\",\"breadcrumb\":{\"@id\":\"https:\/\/narteks.net\/index.php\/2010\/01\/28\/her-olayda-bir-kenara-cekilenler-gercekten-de-bir-kenarda-kalacaklardir-oguz-atay\/#breadcrumb\"},\"inLanguage\":\"tr\",\"potentialAction\":[{\"@type\":\"ReadAction\",\"target\":[\"https:\/\/narteks.net\/index.php\/2010\/01\/28\/her-olayda-bir-kenara-cekilenler-gercekten-de-bir-kenarda-kalacaklardir-oguz-atay\/\"]}]},{\"@type\":\"BreadcrumbList\",\"@id\":\"https:\/\/narteks.net\/index.php\/2010\/01\/28\/her-olayda-bir-kenara-cekilenler-gercekten-de-bir-kenarda-kalacaklardir-oguz-atay\/#breadcrumb\",\"itemListElement\":[{\"@type\":\"ListItem\",\"position\":1,\"name\":\"Anasayfa\",\"item\":\"https:\/\/narteks.net\/\"},{\"@type\":\"ListItem\",\"position\":2,\"name\":\"Her olayda bir kenara \u00e7ekilenler ger\u00e7ekten de bir kenarda kalacaklard\u0131r | O\u011fuz Atay\"}]},{\"@type\":\"WebSite\",\"@id\":\"https:\/\/narteks.net\/#website\",\"url\":\"https:\/\/narteks.net\/\",\"name\":\"narteks.net\",\"description\":\"K\u00fclt\u00fcr Sanat Edebiyat Felsefe\",\"publisher\":{\"@id\":\"https:\/\/narteks.net\/#organization\"},\"alternateName\":\"K\u00fclt\u00fcr Sanat Edebiyat Felsefe\",\"potentialAction\":[{\"@type\":\"SearchAction\",\"target\":{\"@type\":\"EntryPoint\",\"urlTemplate\":\"https:\/\/narteks.net\/?s={search_term_string}\"},\"query-input\":{\"@type\":\"PropertyValueSpecification\",\"valueRequired\":true,\"valueName\":\"search_term_string\"}}],\"inLanguage\":\"tr\"},{\"@type\":\"Organization\",\"@id\":\"https:\/\/narteks.net\/#organization\",\"name\":\"narteks.net\",\"url\":\"https:\/\/narteks.net\/\",\"logo\":{\"@type\":\"ImageObject\",\"inLanguage\":\"tr\",\"@id\":\"https:\/\/narteks.net\/#\/schema\/logo\/image\/\",\"url\":\"https:\/\/narteks.net\/wp-content\/uploads\/narteks.png\",\"contentUrl\":\"https:\/\/narteks.net\/wp-content\/uploads\/narteks.png\",\"width\":300,\"height\":90,\"caption\":\"narteks.net\"},\"image\":{\"@id\":\"https:\/\/narteks.net\/#\/schema\/logo\/image\/\"},\"sameAs\":[\"https:\/\/x.com\/narteks\",\"https:\/\/instagram.com\/narteksnet\"]},{\"@type\":\"Person\",\"@id\":\"https:\/\/narteks.net\/#\/schema\/person\/61f37d9834294b72d31d274e7ed79bca\",\"name\":\"Tar\u0131k\",\"image\":{\"@type\":\"ImageObject\",\"inLanguage\":\"tr\",\"@id\":\"https:\/\/narteks.net\/#\/schema\/person\/image\/\",\"url\":\"https:\/\/secure.gravatar.com\/avatar\/50865afb55632c4ae467e0af0930f6510aa2297d8014be502a55b14f3b7550cf?s=96&d=mm&r=g\",\"contentUrl\":\"https:\/\/secure.gravatar.com\/avatar\/50865afb55632c4ae467e0af0930f6510aa2297d8014be502a55b14f3b7550cf?s=96&d=mm&r=g\",\"caption\":\"Tar\u0131k\"},\"sameAs\":[\"http:\/\/narteks.net\"],\"url\":\"https:\/\/narteks.net\/index.php\/author\/narbak\/\"}]}<\/script>\n<!-- \/ Yoast SEO Premium plugin. -->","yoast_head_json":{"title":"Her olayda bir kenara \u00e7ekilenler ger\u00e7ekten de bir kenarda kalacaklard\u0131r | O\u011fuz Atay - narteks.net","robots":{"index":"index","follow":"follow","max-snippet":"max-snippet:-1","max-image-preview":"max-image-preview:large","max-video-preview":"max-video-preview:-1"},"canonical":"https:\/\/narteks.net\/index.php\/2010\/01\/28\/her-olayda-bir-kenara-cekilenler-gercekten-de-bir-kenarda-kalacaklardir-oguz-atay\/","og_locale":"tr_TR","og_type":"article","og_title":"Her olayda bir kenara \u00e7ekilenler ger\u00e7ekten de bir kenarda kalacaklard\u0131r | O\u011fuz Atay","og_description":"\u00c7\u0131karlar\u0131n\u0131 d\u00fc\u015f\u00fcnmeyenler unutulacakt\u0131r. her olayda bir kenara \u00e7ekilenler ger\u00e7ekten de bir kenarda kalacaklard\u0131r. yapt\u0131klar\u0131 i\u015flerin gizli kalmas\u0131n\u0131 isteyenler, bunda ba\u015far\u0131ya ula\u015facaklard\u0131r. kimse, onlar\u0131n varl\u0131\u011f\u0131yla tedirgin olmayacakt\u0131r. bir g\u00fcn \u00f6ld\u00fckleri zaman, arkalar\u0131nda k\u00fc\u00e7\u00fck bir iz, bir an\u0131, bir g\u00f6zya\u015f\u0131, bir eser b\u0131rakmadan yok olacaklard\u0131r. Gazetedeki \u00f6l\u00fcm ilan\u0131 bile, yedinci sayfada bir kenarda kalacak, kimsenin g\u00f6z\u00fcne \u00e7arpmayacakt\u0131r. [&hellip;]","og_url":"https:\/\/narteks.net\/index.php\/2010\/01\/28\/her-olayda-bir-kenara-cekilenler-gercekten-de-bir-kenarda-kalacaklardir-oguz-atay\/","og_site_name":"narteks.net","article_published_time":"2010-01-28T10:44:02+00:00","og_image":[{"width":300,"height":90,"url":"https:\/\/narteks.net\/wp-content\/uploads\/narteks.png","type":"image\/png"}],"author":"Tar\u0131k","twitter_card":"summary_large_image","twitter_creator":"@narteks","twitter_site":"@narteks","twitter_misc":{"Yazan:":"Tar\u0131k","Tahmini okuma s\u00fcresi":"3 dakika"},"schema":{"@context":"https:\/\/schema.org","@graph":[{"@type":"Article","@id":"https:\/\/narteks.net\/index.php\/2010\/01\/28\/her-olayda-bir-kenara-cekilenler-gercekten-de-bir-kenarda-kalacaklardir-oguz-atay\/#article","isPartOf":{"@id":"https:\/\/narteks.net\/index.php\/2010\/01\/28\/her-olayda-bir-kenara-cekilenler-gercekten-de-bir-kenarda-kalacaklardir-oguz-atay\/"},"author":{"name":"Tar\u0131k","@id":"https:\/\/narteks.net\/#\/schema\/person\/61f37d9834294b72d31d274e7ed79bca"},"headline":"Her olayda bir kenara \u00e7ekilenler ger\u00e7ekten de bir kenarda kalacaklard\u0131r | O\u011fuz Atay","datePublished":"2010-01-28T10:44:02+00:00","mainEntityOfPage":{"@id":"https:\/\/narteks.net\/index.php\/2010\/01\/28\/her-olayda-bir-kenara-cekilenler-gercekten-de-bir-kenarda-kalacaklardir-oguz-atay\/"},"wordCount":579,"commentCount":0,"publisher":{"@id":"https:\/\/narteks.net\/#organization"},"articleSection":["T\u00fcrkiye'den \u00d6yk\u00fcler"],"inLanguage":"tr","potentialAction":[{"@type":"CommentAction","name":"Comment","target":["https:\/\/narteks.net\/index.php\/2010\/01\/28\/her-olayda-bir-kenara-cekilenler-gercekten-de-bir-kenarda-kalacaklardir-oguz-atay\/#respond"]}]},{"@type":"WebPage","@id":"https:\/\/narteks.net\/index.php\/2010\/01\/28\/her-olayda-bir-kenara-cekilenler-gercekten-de-bir-kenarda-kalacaklardir-oguz-atay\/","url":"https:\/\/narteks.net\/index.php\/2010\/01\/28\/her-olayda-bir-kenara-cekilenler-gercekten-de-bir-kenarda-kalacaklardir-oguz-atay\/","name":"Her olayda bir kenara \u00e7ekilenler ger\u00e7ekten de bir kenarda kalacaklard\u0131r | O\u011fuz Atay - narteks.net","isPartOf":{"@id":"https:\/\/narteks.net\/#website"},"datePublished":"2010-01-28T10:44:02+00:00","breadcrumb":{"@id":"https:\/\/narteks.net\/index.php\/2010\/01\/28\/her-olayda-bir-kenara-cekilenler-gercekten-de-bir-kenarda-kalacaklardir-oguz-atay\/#breadcrumb"},"inLanguage":"tr","potentialAction":[{"@type":"ReadAction","target":["https:\/\/narteks.net\/index.php\/2010\/01\/28\/her-olayda-bir-kenara-cekilenler-gercekten-de-bir-kenarda-kalacaklardir-oguz-atay\/"]}]},{"@type":"BreadcrumbList","@id":"https:\/\/narteks.net\/index.php\/2010\/01\/28\/her-olayda-bir-kenara-cekilenler-gercekten-de-bir-kenarda-kalacaklardir-oguz-atay\/#breadcrumb","itemListElement":[{"@type":"ListItem","position":1,"name":"Anasayfa","item":"https:\/\/narteks.net\/"},{"@type":"ListItem","position":2,"name":"Her olayda bir kenara \u00e7ekilenler ger\u00e7ekten de bir kenarda kalacaklard\u0131r | O\u011fuz Atay"}]},{"@type":"WebSite","@id":"https:\/\/narteks.net\/#website","url":"https:\/\/narteks.net\/","name":"narteks.net","description":"K\u00fclt\u00fcr Sanat Edebiyat Felsefe","publisher":{"@id":"https:\/\/narteks.net\/#organization"},"alternateName":"K\u00fclt\u00fcr Sanat Edebiyat Felsefe","potentialAction":[{"@type":"SearchAction","target":{"@type":"EntryPoint","urlTemplate":"https:\/\/narteks.net\/?s={search_term_string}"},"query-input":{"@type":"PropertyValueSpecification","valueRequired":true,"valueName":"search_term_string"}}],"inLanguage":"tr"},{"@type":"Organization","@id":"https:\/\/narteks.net\/#organization","name":"narteks.net","url":"https:\/\/narteks.net\/","logo":{"@type":"ImageObject","inLanguage":"tr","@id":"https:\/\/narteks.net\/#\/schema\/logo\/image\/","url":"https:\/\/narteks.net\/wp-content\/uploads\/narteks.png","contentUrl":"https:\/\/narteks.net\/wp-content\/uploads\/narteks.png","width":300,"height":90,"caption":"narteks.net"},"image":{"@id":"https:\/\/narteks.net\/#\/schema\/logo\/image\/"},"sameAs":["https:\/\/x.com\/narteks","https:\/\/instagram.com\/narteksnet"]},{"@type":"Person","@id":"https:\/\/narteks.net\/#\/schema\/person\/61f37d9834294b72d31d274e7ed79bca","name":"Tar\u0131k","image":{"@type":"ImageObject","inLanguage":"tr","@id":"https:\/\/narteks.net\/#\/schema\/person\/image\/","url":"https:\/\/secure.gravatar.com\/avatar\/50865afb55632c4ae467e0af0930f6510aa2297d8014be502a55b14f3b7550cf?s=96&d=mm&r=g","contentUrl":"https:\/\/secure.gravatar.com\/avatar\/50865afb55632c4ae467e0af0930f6510aa2297d8014be502a55b14f3b7550cf?s=96&d=mm&r=g","caption":"Tar\u0131k"},"sameAs":["http:\/\/narteks.net"],"url":"https:\/\/narteks.net\/index.php\/author\/narbak\/"}]}},"_links":{"self":[{"href":"https:\/\/narteks.net\/index.php\/wp-json\/wp\/v2\/posts\/4088","targetHints":{"allow":["GET"]}}],"collection":[{"href":"https:\/\/narteks.net\/index.php\/wp-json\/wp\/v2\/posts"}],"about":[{"href":"https:\/\/narteks.net\/index.php\/wp-json\/wp\/v2\/types\/post"}],"author":[{"embeddable":true,"href":"https:\/\/narteks.net\/index.php\/wp-json\/wp\/v2\/users\/1"}],"replies":[{"embeddable":true,"href":"https:\/\/narteks.net\/index.php\/wp-json\/wp\/v2\/comments?post=4088"}],"version-history":[{"count":0,"href":"https:\/\/narteks.net\/index.php\/wp-json\/wp\/v2\/posts\/4088\/revisions"}],"wp:attachment":[{"href":"https:\/\/narteks.net\/index.php\/wp-json\/wp\/v2\/media?parent=4088"}],"wp:term":[{"taxonomy":"category","embeddable":true,"href":"https:\/\/narteks.net\/index.php\/wp-json\/wp\/v2\/categories?post=4088"},{"taxonomy":"post_tag","embeddable":true,"href":"https:\/\/narteks.net\/index.php\/wp-json\/wp\/v2\/tags?post=4088"}],"curies":[{"name":"wp","href":"https:\/\/api.w.org\/{rel}","templated":true}]}}