{"id":4093,"date":"2010-01-29T10:20:31","date_gmt":"2010-01-29T07:20:31","guid":{"rendered":"http:\/\/localhost\/wordpress\/2010\/01\/29\/sanatcinin-niteligini-pratigi-belirler-yilmaz-guney\/"},"modified":"2010-01-29T10:20:31","modified_gmt":"2010-01-29T07:20:31","slug":"sanatcinin-niteligini-pratigi-belirler-yilmaz-guney","status":"publish","type":"post","link":"https:\/\/narteks.net\/index.php\/2010\/01\/29\/sanatcinin-niteligini-pratigi-belirler-yilmaz-guney\/","title":{"rendered":"Sanat\u00e7\u0131n\u0131n niteli\u011fini prati\u011fi belirler | Y\u0131lmaz G\u00fcney"},"content":{"rendered":"<p style=\"text-align: justify;\"><img loading=\"lazy\" decoding=\"async\" src=\"images\/stories\/yilmaz_guney.jpg\" border=\"0\" width=\"155\" height=\"205\" style=\"border: 0px none; float: left;\" \/>Devrimci sanat, toplumun geli\u015fen g\u00fc\u00e7lerinin sanat\u0131d\u0131r, bu g\u00fc\u00e7lerin geli\u015fmesini ve m\u00fccadelesini sergilerken, ayn\u0131 zamanda yol g\u00f6sterici olmal\u0131, fakat kuru sloganc\u0131l\u0131\u011fa d\u00fc\u015f\u00fclmemelidir, i\u015fi basite indirgememelidir.<\/p>\n<p style=\"text-align: justify;\">Toplumun geli\u015fen g\u00fc\u00e7leri \u00f6n\u00fcndeki engelleri, engellerin ideolojik, siyasi, k\u00fclt\u00fcrel, toplumsal niteliklerini kavratmada devrimci sanata b\u00fcy\u00fck g\u00f6revler d\u00fc\u015fmektedir. Devrimci sanat, sosyalist ve ilerici olan\u0131 ele al\u0131rken, gerici ve olumsuz g\u00fc\u00e7leri ger\u00e7e\u011fe ters d\u00fc\u015fecek bi\u00e7imde ele al\u0131rsa, k\u00fc\u00e7\u00fcmserse, ya da oldu\u011fundan \u00e7ok \u00f6nemserse hayalci olur, oport\u00fcnizme kayar, devrimci g\u00f6revleri yerine getiremez.<\/p>\n<p><strong>Proleter devrimci bir sanat\u00e7\u0131n\u0131n g\u00f6revlerini saptarken \u00f6l\u00e7\u00fcm\u00fcz ne olmal\u0131d\u0131r?<\/strong><\/p>\n<p style=\"text-align: justify;\">Herhangi bir \u00fclkede, devrimci bir sanat\u00e7\u0131n\u0131n g\u00f6revlerini ve sorumluluklar\u0131n\u0131 saptarken, o \u00fclkenin tarihi, toplumsal, ekonomik ve siyasi yap\u0131s\u0131n\u0131, o \u00fclkedeki toplumsal kurtulu\u015f m\u00fccadelesinin d\u00fczeyini, kitlelerin sanat ve k\u00fclt\u00fcr ili\u015fkilerinin d\u00fczeyini do\u011fru kavramak gerekir.<\/p>\n<p style=\"text-align: justify;\">Devrimci sanat\u00e7\u0131, devrimci tabiat\u0131 gere\u011fi militand\u0131r, yenile\u015ftirici ve de\u011fi\u015ftiricidir. Toplumsal kurtulu\u015f m\u00fccadelesinden ayr\u0131 d\u00fc\u015f\u00fcn\u00fclemez\u2026 Devrimci m\u00fccadeleye organik bir bi\u00e7imde ba\u011fl\u0131 olmal\u0131d\u0131r. Bu nedenle, devrimci bir sanat\u00e7\u0131, o \u00fclkenin devrimci m\u00fccadelesinin hedefleri ve g\u00f6revleri do\u011frultusunda g\u00f6revlerle y\u00fckl\u00fcd\u00fcr. O her\u015feyden \u00f6nce bir devrimcidir, militand\u0131r, sanat\u0131 devrimin bir arac\u0131d\u0131r, bir silah\u0131d\u0131r.<\/p>\n<p style=\"text-align: justify;\">Genel olarak ifade etmek gerekirse, devrimci sanat, halk\u0131n ya\u015fam\u0131n\u0131, halk\u0131 ezen s\u0131n\u0131f bask\u0131lar\u0131n\u0131, bu bask\u0131lara kar\u015f\u0131 halk\u0131n m\u00fccadelesini, yeni bir topluma duydu\u011fu \u00f6zlemleri, ezen s\u0131n\u0131flara duyulan kini, nefreti temel almal\u0131, onlar\u0131n devrimci m\u00fccadele ruhunu geli\u015ftirmeli, halk kahramanl\u0131\u011f\u0131n\u0131, halk i\u00e7in fedakarl\u0131k ruhunu derinle\u015ftirmeli, olumlu ve olumsuz insan \u00f6rneklerini karakterize ederek m\u00fccadeleyi b\u00fct\u00fcn boyutlar\u0131yla konu edinmelidir.<\/p>\n<p style=\"text-align: justify;\">Sanat\u0131n ana konusu, i\u015f\u00e7iler, k\u00f6yl\u00fcler, halk ayd\u0131nlar\u0131, devrimci militanlar, k\u0131saca sosyalist m\u00fccadele s\u00fcreci olmal\u0131d\u0131r. Bu s\u00fcre\u00e7 i\u00e7erisinde, olumlu olumsuz, s\u0131n\u0131f dayanaklar\u0131yla birlikte i\u015flenmelidir. \u0130\u015f\u00e7iyi anlat\u0131rken patronu, k\u00f6yl\u00fcy\u00fc anlat\u0131rken toprak a\u011fas\u0131n\u0131\u2026 toprak kapitalistini, devrimci militan\u0131 anlat\u0131rken kaypak k\u00fc\u00e7\u00fck burjuva unsurlar\u0131\u2026 polisi\u2026 b\u00fcrokrasiyi ve devlet mekanizmas\u0131n\u0131n i\u015fleyi\u015fini de birlikte, s\u0131n\u0131f ger\u00e7eklerine ba\u011fl\u0131 olarak anlatmal\u0131d\u0131r.<\/p>\n<p style=\"text-align: justify;\">Sadece toplumun objektif tan\u0131mlanmas\u0131, sadece ele\u015ftirel ger\u00e7eklik yeterli de\u011fildir. Devrimci sanat, toplumun geli\u015fen g\u00fc\u00e7lerinin sanat\u0131d\u0131r, bu g\u00fc\u00e7lerin geli\u015fmesini ve m\u00fccadelesini sergilerken, ayn\u0131 zamanda yol g\u00f6sterici olmal\u0131, fakat kuru sloganc\u0131l\u0131\u011fa d\u00fc\u015f\u00fclmemelidir, i\u015fi basite indirgememelidir.<\/p>\n<p style=\"text-align: justify;\">Toplumun geli\u015fen g\u00fc\u00e7leri \u00f6n\u00fcndeki engelleri, engellerin ideolojik, siyasi, k\u00fclt\u00fcrel, toplumsal niteliklerini kavratmada devrimci sanata b\u00fcy\u00fck g\u00f6revler d\u00fc\u015fmektedir. Devrimci sanat, sosyalist ve ilerici olan\u0131 ele al\u0131rken, gerici ve olumsuz g\u00fc\u00e7leri ger\u00e7e\u011fe ters d\u00fc\u015fecek bi\u00e7imde ele al\u0131rsa, k\u00fc\u00e7\u00fcmserse, ya da oldu\u011fundan \u00e7ok \u00f6nemserse hayalci olur, oport\u00fcnizme kayar, devrimci g\u00f6revleri yerine getiremez. Ayn\u0131 zamanda, devrimin zaaflar\u0131n\u0131 vurgularken, bu zaaflar\u0131 da ne abartmal\u0131, ne de k\u00fc\u00e7\u00fcmsemelidir. Devrimci sanat, devrim g\u00fc\u00e7lerinin yar\u0131na duyduklar\u0131 inanc\u0131 peki\u015ftirirken, devrimin \u00f6n\u00fcndeki zorluklar\u0131 da objektif olarak belirtmelidir.<\/p>\n<p style=\"text-align: justify;\">Sanat ve k\u00fclt\u00fcrde, yarat\u0131c\u0131 \u00e7al\u0131\u015fmam\u0131z\u0131n kayna\u011f\u0131 halkt\u0131r, halk\u0131n devrimci m\u00fccadelesidir. Devrimci sanat kayna\u011f\u0131n\u0131 halktan al\u0131r, \u00fcr\u00fcnlerini halka g\u00f6t\u00fcr\u00fcr. Kar\u015f\u0131l\u0131kl\u0131 etkileme ve etkilenme s\u00fcreci i\u00e7erisinde halk sanat\u0131n\u2026 sanat da halk\u0131n geli\u015fmesine yard\u0131mc\u0131 olur. \u00f6nemli noktalardan biri de \u015fudur:<\/p>\n<p style=\"text-align: justify;\">Devrimci sanat, halk\u0131n ve \u00f6zellikle gen\u00e7li\u011fin bilincini yozla\u015ft\u0131ran, halka zararl\u0131 d\u00fc\u015f\u00fcncelere kar\u015f\u0131 verilen m\u00fccadelede etkin ve g\u00fc\u00e7l\u00fc bir temizleme silah\u0131d\u0131r. Kendinden olan \u015feyleri k\u00fc\u00e7\u00fcmseyen, kendinden olan hey \u015feye g\u00fcvensizlik duyan, yabanc\u0131 \u015feyler kar\u015f\u0131s\u0131nda k\u00f6lece e\u011filen, yabanc\u0131 olan \u015feylere hayranl\u0131k duyan bir anlay\u0131\u015f\u0131n y\u0131k\u0131lmas\u0131nda, bu anlay\u0131\u015f\u0131n maddi temellerinin kavranmas\u0131nda, kendine ve kendinden olanlara g\u00fcven duygusunun geli\u015ftirilmesinde devrimci sanata b\u00fcy\u00fck g\u00f6revler d\u00fc\u015fmektedir. Yabanc\u0131 sigara, yabanc\u0131 damgal\u0131 giysiye, yabanc\u0131 m\u00fczi\u011fe\u2026 sanata\u2026 edebiyata, k\u00f6r\u00fck\u00f6r\u00fcne ba\u011flanan, kendi sigaras\u0131n\u0131, giysisini, kendi sanat ve fikir adamlar\u0131n\u0131 hor g\u00f6ren bir anlay\u0131\u015f, emperyalizmin bilincimize yerle\u015ftirdi\u011fi organik ajanlard\u0131r.<\/p>\n<p style=\"text-align: justify;\">Bu anlay\u0131\u015f, kayna\u011f\u0131 ayn\u0131 olmakla birlikte, farkl\u0131 bi\u00e7imlerde siyaset ve devrimci m\u00fccadele alan\u0131nda da belirgin bi\u00e7imde kendini g\u00f6stermektedir. Bi\u00e7imsel olarak taklit etmek, benzemeye \u00e7al\u0131\u015fmak. Hatta devrim yapm\u0131\u015f \u00fclkelerin halk deyimlerini kullanmak, onlardan \u00f6rnekler vermek\u2026 Her \u00fclkenin tarihi ve toplumsal ko\u015fullar\u0131 kendi devrimini ve devrimcisini bi\u00e7imler. Bu nedenle, \u015fu ya da bu \u00fclkenin devrimcilerine bi\u00e7imsel olarak \u00f6zenmek, taklit etmek, ezbercilik, kopyac\u0131l\u0131k gibi \u015feyler yanl\u0131\u015ft\u0131r. Bir a\u011fac\u0131n g\u00f6lgesinde a\u011fa\u00e7 yeti\u015fmez. Yeti\u015fse bile o a\u011fac\u0131n g\u00f6lgesinde kal\u0131r, kendini bulamaz. Kendini k\u00fc\u00e7\u00fck g\u00f6ren, kendi \u00f6zg\u00fcc\u00fcne, kendi i\u015f\u00e7isine, k\u00f6yl\u00fcs\u00fcne, kendi siyasetine ve siyasal \u00f6nderli\u011fine, kendi sanat\u00e7\u0131s\u0131na, kendi k\u00fclt\u00fcr\u00fcne dayanmayan, umudunu d\u0131\u015ftan gelecek yard\u0131mlara ba\u011flayan bir halk, kesinlikle ekonomik, toplumsal, k\u00fclt\u00fcrel ve siyasal boyunduruktan kurtulamaz. S\u00f6z\u00fcn k\u0131sas\u0131 devrim yapamaz\u2026 yapsa bile devrimini ya\u015fatamaz.<\/p>\n<p style=\"text-align: justify;\">K\u00f6yl\u00fcm\u00fcz darda kald\u0131\u011f\u0131nda elini havaya a\u00e7ar, havaya bakar, havaya konu\u015fur. Ama \u00fcr\u00fcn\u00fc topraktan, topra\u011f\u0131 i\u015fleyerek, topra\u011f\u0131n kahr\u0131n\u0131 \u00e7ekerek al\u0131r. Bitkilerin, a\u011fa\u00e7lar\u0131n k\u00f6k\u00fc topraktad\u0131r, havada de\u011fil. Din kitaplar\u0131nda, k\u00f6k\u00fc havada olan a\u011fa\u00e7 resimleri vard\u0131r. Oysa as\u0131l dayana\u011f\u0131m\u0131z kendi topra\u011f\u0131m\u0131zdad\u0131r. Hava havad\u0131r. Umut d\u0131\u015fta de\u011fil, i\u00e7tedir. Umut kendi topra\u011f\u0131m\u0131zda ve kendi halk\u0131m\u0131zdad\u0131r.<br \/>Her t\u00fcrl\u00fc olumsuz e\u011filimlere kar\u015f\u0131 y\u00fcr\u00fct\u00fclecek ideolojik m\u00fccadelenin bir unsuru olarak devrimci sanat, do\u011fru bir ideolojik ve teorik temellere dayanmal\u0131d\u0131r. Sanat\u00e7\u0131, sanatsal kayg\u0131 ve titizli\u011finin yan\u0131 s\u0131ra, bir devrimci oldu\u011funu ak\u0131ldan \u00e7\u0131kartmamal\u0131d\u0131r.<\/p>\n<p style=\"text-align: justify;\"><strong>Sanat\u00e7\u0131n\u0131n devrimci g\u00f6revleri temel almas\u0131 gerekti\u011fini s\u00f6ylediniz. Bir devrimcinin g\u00f6revleri nelerdir?<\/strong><\/p>\n<p style=\"text-align: justify;\">Bir devrimcinin temel g\u00f6revi, bilimsel sosyalizmin bilimini \u00f6z\u00fcmlemek ve \u00f6\u011fretilerinin propagandas\u0131n\u0131 yapmak ve bilimsel sosyalizmin ilkelerine uygun bir pratik i\u00e7inde ya\u015famakt\u0131r. Yani, i\u00e7inde bulundu\u011fumuz toplumsal ve ekonomik yap\u0131y\u0131 do\u011fru kavramay\u0131 ba\u015farmak, buna ba\u011fl\u0131 olarak s\u0131n\u0131flar aras\u0131ndaki ili\u015fkileri do\u011fru bi\u00e7imiyle de\u011ferlendirmek, s\u0131n\u0131f m\u00fccadelesini g\u00fcnl\u00fck ya\u015fay\u0131\u015f i\u00e7inde s\u00fcrd\u00fcrmek, s\u00f6m\u00fcren s\u0131n\u0131flar\u0131 ve temsilcilerini, onlar\u0131n i\u00e7 d\u0131\u015f, maddi manevi toplumsal dayanaklar\u0131n\u0131, s\u00f6m\u00fcr\u00fclen kitlelere devrim hedefleri olarak g\u00f6stermek, i\u015f\u00e7i s\u0131n\u0131f\u0131n\u0131n tarihi rol\u00fcn\u00fc, yani devrimin \u00f6nder ve itici g\u00fcc\u00fc oldu\u011funu anlatmak, kitlelerde devrim iste\u011fi ve heyecan\u0131n\u0131 kabartacak propaganda ve ajitasyon \u00e7al\u0131\u015fmalar\u0131 yapmak, emek\u00e7i kitlelerin ekonomik, demokratik, siyasi hareketlerine kat\u0131lmak, hem kendisini, hem de kitleleri \u00f6rg\u00fctlemektir. Ayr\u0131ca emek\u00e7i kitlelerin dikkatini s\u0131n\u0131f hedeflerinden \u015fa\u015f\u0131rtmak i\u00e7in giri\u015filen gizli kapakl\u0131 oyunlar\u0131 bozmak, onlara g\u00fcnl\u00fck isteklerini en do\u011fru bir bi\u00e7imde ifade edebilmeleri i\u00e7in yard\u0131mc\u0131 olmak, b\u00fct\u00fcn \u00e7al\u0131\u015fanlar\u0131n, ulusal ve uluslararas\u0131 planda \u00e7\u0131karlar\u0131n\u0131n birli\u011fini, devrimin dostlar\u0131n\u0131 ve d\u00fc\u015fmanlar\u0131n\u0131 kavratmak, bir devrimcinin genel g\u00f6revleri aras\u0131nda sayabilece\u011fimiz \u00e7al\u0131\u015fmalard\u0131r.<\/p>\n<p style=\"text-align: justify;\">\u0130\u015fte, proleter devrimci sanat\u00e7\u0131 da \u00e7al\u0131\u015fmalar\u0131n\u0131, devrimci m\u00fccadelenin organik bir unsuru olan sanat\u0131n\u0131n ara\u00e7lar\u0131yla ger\u00e7ekle\u015ftirecektir. Sanat\u0131n yapt\u0131\u011f\u0131n\u0131 herhangi bir bilim dal\u0131 ger\u00e7ekle\u015ftirseydi, sanata gerek kalmazd\u0131. Demek istedi\u011fim \u015fudur: Sadece do\u011fru fikirlerin kabaca aktar\u0131lmas\u0131 de\u011fil, yeni toplumsal s\u00fcre\u00e7 i\u00e7erisinde insan\u0131n \u00e7alkant\u0131lar\u0131n\u0131, umutlar\u0131n\u0131, ac\u0131lar\u0131n\u0131, co\u015fkular\u0131n\u0131, sanat\u0131n\u0131n hamuruyla yo\u011furarak anlakabilmek; yani sanat\u00e7\u0131 sezgi ve duyarl\u0131\u011f\u0131n\u0131, yetene\u011fini katabilmek.<\/p>\n<p style=\"text-align: justify;\"><strong>Size proleter devrimci bir sanat\u00e7\u0131 denebilir mi?<\/strong><\/p>\n<p style=\"text-align: justify;\">Bir sanat\u00e7\u0131n\u0131n kendisine \u201cben proleter devrimci bir sanat\u00e7\u0131y\u0131m\u201d demesi, ya da yak\u0131nlar\u0131n\u0131n ona \u201cproleter devrimci sanat\u00e7\u0131\u201d ad\u0131n\u0131 yak\u0131\u015ft\u0131rmas\u0131, onun proleter devrimci bir sanat\u00e7\u0131 oldu\u011funu g\u00f6stermez. Sanat\u00e7\u0131n\u0131n niteli\u011fini prati\u011fi belirler. Amac\u0131m proleter devrimin bir sava\u015f\u00e7\u0131s\u0131 olmakt\u0131r. Proleter devrimci saflarday\u0131m. Prati\u011fim ad\u0131m\u0131 ve yerimi belirleyecektir.<\/p>\n<p style=\"text-align: justify;\">Y\u0131lmaz G\u00fcney, \u201cKayseri Konu\u015fmalar\u0131\u201d,<\/p>\n<p style=\"text-align: justify;\">Siyasal Yaz\u0131lar I, sayfa 15-20, May\u0131s Yay\u0131nlar\u0131<\/p>\n","protected":false},"excerpt":{"rendered":"<p>Devrimci sanat, toplumun geli\u015fen g\u00fc\u00e7lerinin sanat\u0131d\u0131r, bu g\u00fc\u00e7lerin geli\u015fmesini ve m\u00fccadelesini sergilerken, ayn\u0131 zamanda yol g\u00f6sterici olmal\u0131, fakat kuru sloganc\u0131l\u0131\u011fa d\u00fc\u015f\u00fclmemelidir, i\u015fi basite indirgememelidir. Toplumun geli\u015fen g\u00fc\u00e7leri \u00f6n\u00fcndeki engelleri, engellerin ideolojik, siyasi, k\u00fclt\u00fcrel, toplumsal niteliklerini kavratmada devrimci sanata b\u00fcy\u00fck g\u00f6revler d\u00fc\u015fmektedir. Devrimci sanat, sosyalist ve ilerici olan\u0131 ele al\u0131rken, gerici ve olumsuz g\u00fc\u00e7leri ger\u00e7e\u011fe ters [&hellip;]<\/p>\n","protected":false},"author":1,"featured_media":0,"comment_status":"open","ping_status":"open","sticky":false,"template":"","format":"standard","meta":{"footnotes":""},"categories":[112],"tags":[],"class_list":{"0":"post-4093","1":"post","2":"type-post","3":"status-publish","4":"format-standard","6":"category-yedinci-sanat"},"yoast_head":"<!-- This site is optimized with the Yoast SEO Premium plugin v24.9 (Yoast SEO v24.9) - https:\/\/yoast.com\/wordpress\/plugins\/seo\/ -->\n<title>Sanat\u00e7\u0131n\u0131n niteli\u011fini prati\u011fi belirler | Y\u0131lmaz G\u00fcney - narteks.net<\/title>\n<meta name=\"robots\" content=\"index, follow, max-snippet:-1, max-image-preview:large, max-video-preview:-1\" \/>\n<link rel=\"canonical\" href=\"https:\/\/narteks.net\/index.php\/2010\/01\/29\/sanatcinin-niteligini-pratigi-belirler-yilmaz-guney\/\" \/>\n<meta property=\"og:locale\" content=\"tr_TR\" \/>\n<meta property=\"og:type\" content=\"article\" \/>\n<meta property=\"og:title\" content=\"Sanat\u00e7\u0131n\u0131n niteli\u011fini prati\u011fi belirler | Y\u0131lmaz G\u00fcney\" \/>\n<meta property=\"og:description\" content=\"Devrimci sanat, toplumun geli\u015fen g\u00fc\u00e7lerinin sanat\u0131d\u0131r, bu g\u00fc\u00e7lerin geli\u015fmesini ve m\u00fccadelesini sergilerken, ayn\u0131 zamanda yol g\u00f6sterici olmal\u0131, fakat kuru sloganc\u0131l\u0131\u011fa d\u00fc\u015f\u00fclmemelidir, i\u015fi basite indirgememelidir. Toplumun geli\u015fen g\u00fc\u00e7leri \u00f6n\u00fcndeki engelleri, engellerin ideolojik, siyasi, k\u00fclt\u00fcrel, toplumsal niteliklerini kavratmada devrimci sanata b\u00fcy\u00fck g\u00f6revler d\u00fc\u015fmektedir. Devrimci sanat, sosyalist ve ilerici olan\u0131 ele al\u0131rken, gerici ve olumsuz g\u00fc\u00e7leri ger\u00e7e\u011fe ters [&hellip;]\" \/>\n<meta property=\"og:url\" content=\"https:\/\/narteks.net\/index.php\/2010\/01\/29\/sanatcinin-niteligini-pratigi-belirler-yilmaz-guney\/\" \/>\n<meta property=\"og:site_name\" content=\"narteks.net\" \/>\n<meta property=\"article:published_time\" content=\"2010-01-29T07:20:31+00:00\" \/>\n<meta property=\"og:image\" content=\"https:\/\/narteks.net\/wp-content\/uploads\/narteks.png\" \/>\n\t<meta property=\"og:image:width\" content=\"300\" \/>\n\t<meta property=\"og:image:height\" content=\"90\" \/>\n\t<meta property=\"og:image:type\" content=\"image\/png\" \/>\n<meta name=\"author\" content=\"Tar\u0131k\" \/>\n<meta name=\"twitter:card\" content=\"summary_large_image\" \/>\n<meta name=\"twitter:creator\" content=\"@narteks\" \/>\n<meta name=\"twitter:site\" content=\"@narteks\" \/>\n<meta name=\"twitter:label1\" content=\"Yazan:\" \/>\n\t<meta name=\"twitter:data1\" content=\"Tar\u0131k\" \/>\n\t<meta name=\"twitter:label2\" content=\"Tahmini okuma s\u00fcresi\" \/>\n\t<meta name=\"twitter:data2\" content=\"7 dakika\" \/>\n<script type=\"application\/ld+json\" class=\"yoast-schema-graph\">{\"@context\":\"https:\/\/schema.org\",\"@graph\":[{\"@type\":\"Article\",\"@id\":\"https:\/\/narteks.net\/index.php\/2010\/01\/29\/sanatcinin-niteligini-pratigi-belirler-yilmaz-guney\/#article\",\"isPartOf\":{\"@id\":\"https:\/\/narteks.net\/index.php\/2010\/01\/29\/sanatcinin-niteligini-pratigi-belirler-yilmaz-guney\/\"},\"author\":{\"name\":\"Tar\u0131k\",\"@id\":\"https:\/\/narteks.net\/#\/schema\/person\/61f37d9834294b72d31d274e7ed79bca\"},\"headline\":\"Sanat\u00e7\u0131n\u0131n niteli\u011fini prati\u011fi belirler | Y\u0131lmaz G\u00fcney\",\"datePublished\":\"2010-01-29T07:20:31+00:00\",\"mainEntityOfPage\":{\"@id\":\"https:\/\/narteks.net\/index.php\/2010\/01\/29\/sanatcinin-niteligini-pratigi-belirler-yilmaz-guney\/\"},\"wordCount\":1473,\"commentCount\":0,\"publisher\":{\"@id\":\"https:\/\/narteks.net\/#organization\"},\"articleSection\":[\"Yedinci Sanat\"],\"inLanguage\":\"tr\",\"potentialAction\":[{\"@type\":\"CommentAction\",\"name\":\"Comment\",\"target\":[\"https:\/\/narteks.net\/index.php\/2010\/01\/29\/sanatcinin-niteligini-pratigi-belirler-yilmaz-guney\/#respond\"]}]},{\"@type\":\"WebPage\",\"@id\":\"https:\/\/narteks.net\/index.php\/2010\/01\/29\/sanatcinin-niteligini-pratigi-belirler-yilmaz-guney\/\",\"url\":\"https:\/\/narteks.net\/index.php\/2010\/01\/29\/sanatcinin-niteligini-pratigi-belirler-yilmaz-guney\/\",\"name\":\"Sanat\u00e7\u0131n\u0131n niteli\u011fini prati\u011fi belirler | Y\u0131lmaz G\u00fcney - narteks.net\",\"isPartOf\":{\"@id\":\"https:\/\/narteks.net\/#website\"},\"datePublished\":\"2010-01-29T07:20:31+00:00\",\"breadcrumb\":{\"@id\":\"https:\/\/narteks.net\/index.php\/2010\/01\/29\/sanatcinin-niteligini-pratigi-belirler-yilmaz-guney\/#breadcrumb\"},\"inLanguage\":\"tr\",\"potentialAction\":[{\"@type\":\"ReadAction\",\"target\":[\"https:\/\/narteks.net\/index.php\/2010\/01\/29\/sanatcinin-niteligini-pratigi-belirler-yilmaz-guney\/\"]}]},{\"@type\":\"BreadcrumbList\",\"@id\":\"https:\/\/narteks.net\/index.php\/2010\/01\/29\/sanatcinin-niteligini-pratigi-belirler-yilmaz-guney\/#breadcrumb\",\"itemListElement\":[{\"@type\":\"ListItem\",\"position\":1,\"name\":\"Anasayfa\",\"item\":\"https:\/\/narteks.net\/\"},{\"@type\":\"ListItem\",\"position\":2,\"name\":\"Sanat\u00e7\u0131n\u0131n niteli\u011fini prati\u011fi belirler | Y\u0131lmaz G\u00fcney\"}]},{\"@type\":\"WebSite\",\"@id\":\"https:\/\/narteks.net\/#website\",\"url\":\"https:\/\/narteks.net\/\",\"name\":\"narteks.net\",\"description\":\"K\u00fclt\u00fcr Sanat Edebiyat Felsefe\",\"publisher\":{\"@id\":\"https:\/\/narteks.net\/#organization\"},\"alternateName\":\"K\u00fclt\u00fcr Sanat Edebiyat Felsefe\",\"potentialAction\":[{\"@type\":\"SearchAction\",\"target\":{\"@type\":\"EntryPoint\",\"urlTemplate\":\"https:\/\/narteks.net\/?s={search_term_string}\"},\"query-input\":{\"@type\":\"PropertyValueSpecification\",\"valueRequired\":true,\"valueName\":\"search_term_string\"}}],\"inLanguage\":\"tr\"},{\"@type\":\"Organization\",\"@id\":\"https:\/\/narteks.net\/#organization\",\"name\":\"narteks.net\",\"url\":\"https:\/\/narteks.net\/\",\"logo\":{\"@type\":\"ImageObject\",\"inLanguage\":\"tr\",\"@id\":\"https:\/\/narteks.net\/#\/schema\/logo\/image\/\",\"url\":\"https:\/\/narteks.net\/wp-content\/uploads\/narteks.png\",\"contentUrl\":\"https:\/\/narteks.net\/wp-content\/uploads\/narteks.png\",\"width\":300,\"height\":90,\"caption\":\"narteks.net\"},\"image\":{\"@id\":\"https:\/\/narteks.net\/#\/schema\/logo\/image\/\"},\"sameAs\":[\"https:\/\/x.com\/narteks\",\"https:\/\/instagram.com\/narteksnet\"]},{\"@type\":\"Person\",\"@id\":\"https:\/\/narteks.net\/#\/schema\/person\/61f37d9834294b72d31d274e7ed79bca\",\"name\":\"Tar\u0131k\",\"image\":{\"@type\":\"ImageObject\",\"inLanguage\":\"tr\",\"@id\":\"https:\/\/narteks.net\/#\/schema\/person\/image\/\",\"url\":\"https:\/\/secure.gravatar.com\/avatar\/50865afb55632c4ae467e0af0930f6510aa2297d8014be502a55b14f3b7550cf?s=96&d=mm&r=g\",\"contentUrl\":\"https:\/\/secure.gravatar.com\/avatar\/50865afb55632c4ae467e0af0930f6510aa2297d8014be502a55b14f3b7550cf?s=96&d=mm&r=g\",\"caption\":\"Tar\u0131k\"},\"sameAs\":[\"http:\/\/narteks.net\"],\"url\":\"https:\/\/narteks.net\/index.php\/author\/narbak\/\"}]}<\/script>\n<!-- \/ Yoast SEO Premium plugin. -->","yoast_head_json":{"title":"Sanat\u00e7\u0131n\u0131n niteli\u011fini prati\u011fi belirler | Y\u0131lmaz G\u00fcney - narteks.net","robots":{"index":"index","follow":"follow","max-snippet":"max-snippet:-1","max-image-preview":"max-image-preview:large","max-video-preview":"max-video-preview:-1"},"canonical":"https:\/\/narteks.net\/index.php\/2010\/01\/29\/sanatcinin-niteligini-pratigi-belirler-yilmaz-guney\/","og_locale":"tr_TR","og_type":"article","og_title":"Sanat\u00e7\u0131n\u0131n niteli\u011fini prati\u011fi belirler | Y\u0131lmaz G\u00fcney","og_description":"Devrimci sanat, toplumun geli\u015fen g\u00fc\u00e7lerinin sanat\u0131d\u0131r, bu g\u00fc\u00e7lerin geli\u015fmesini ve m\u00fccadelesini sergilerken, ayn\u0131 zamanda yol g\u00f6sterici olmal\u0131, fakat kuru sloganc\u0131l\u0131\u011fa d\u00fc\u015f\u00fclmemelidir, i\u015fi basite indirgememelidir. Toplumun geli\u015fen g\u00fc\u00e7leri \u00f6n\u00fcndeki engelleri, engellerin ideolojik, siyasi, k\u00fclt\u00fcrel, toplumsal niteliklerini kavratmada devrimci sanata b\u00fcy\u00fck g\u00f6revler d\u00fc\u015fmektedir. Devrimci sanat, sosyalist ve ilerici olan\u0131 ele al\u0131rken, gerici ve olumsuz g\u00fc\u00e7leri ger\u00e7e\u011fe ters [&hellip;]","og_url":"https:\/\/narteks.net\/index.php\/2010\/01\/29\/sanatcinin-niteligini-pratigi-belirler-yilmaz-guney\/","og_site_name":"narteks.net","article_published_time":"2010-01-29T07:20:31+00:00","og_image":[{"width":300,"height":90,"url":"https:\/\/narteks.net\/wp-content\/uploads\/narteks.png","type":"image\/png"}],"author":"Tar\u0131k","twitter_card":"summary_large_image","twitter_creator":"@narteks","twitter_site":"@narteks","twitter_misc":{"Yazan:":"Tar\u0131k","Tahmini okuma s\u00fcresi":"7 dakika"},"schema":{"@context":"https:\/\/schema.org","@graph":[{"@type":"Article","@id":"https:\/\/narteks.net\/index.php\/2010\/01\/29\/sanatcinin-niteligini-pratigi-belirler-yilmaz-guney\/#article","isPartOf":{"@id":"https:\/\/narteks.net\/index.php\/2010\/01\/29\/sanatcinin-niteligini-pratigi-belirler-yilmaz-guney\/"},"author":{"name":"Tar\u0131k","@id":"https:\/\/narteks.net\/#\/schema\/person\/61f37d9834294b72d31d274e7ed79bca"},"headline":"Sanat\u00e7\u0131n\u0131n niteli\u011fini prati\u011fi belirler | Y\u0131lmaz G\u00fcney","datePublished":"2010-01-29T07:20:31+00:00","mainEntityOfPage":{"@id":"https:\/\/narteks.net\/index.php\/2010\/01\/29\/sanatcinin-niteligini-pratigi-belirler-yilmaz-guney\/"},"wordCount":1473,"commentCount":0,"publisher":{"@id":"https:\/\/narteks.net\/#organization"},"articleSection":["Yedinci Sanat"],"inLanguage":"tr","potentialAction":[{"@type":"CommentAction","name":"Comment","target":["https:\/\/narteks.net\/index.php\/2010\/01\/29\/sanatcinin-niteligini-pratigi-belirler-yilmaz-guney\/#respond"]}]},{"@type":"WebPage","@id":"https:\/\/narteks.net\/index.php\/2010\/01\/29\/sanatcinin-niteligini-pratigi-belirler-yilmaz-guney\/","url":"https:\/\/narteks.net\/index.php\/2010\/01\/29\/sanatcinin-niteligini-pratigi-belirler-yilmaz-guney\/","name":"Sanat\u00e7\u0131n\u0131n niteli\u011fini prati\u011fi belirler | Y\u0131lmaz G\u00fcney - narteks.net","isPartOf":{"@id":"https:\/\/narteks.net\/#website"},"datePublished":"2010-01-29T07:20:31+00:00","breadcrumb":{"@id":"https:\/\/narteks.net\/index.php\/2010\/01\/29\/sanatcinin-niteligini-pratigi-belirler-yilmaz-guney\/#breadcrumb"},"inLanguage":"tr","potentialAction":[{"@type":"ReadAction","target":["https:\/\/narteks.net\/index.php\/2010\/01\/29\/sanatcinin-niteligini-pratigi-belirler-yilmaz-guney\/"]}]},{"@type":"BreadcrumbList","@id":"https:\/\/narteks.net\/index.php\/2010\/01\/29\/sanatcinin-niteligini-pratigi-belirler-yilmaz-guney\/#breadcrumb","itemListElement":[{"@type":"ListItem","position":1,"name":"Anasayfa","item":"https:\/\/narteks.net\/"},{"@type":"ListItem","position":2,"name":"Sanat\u00e7\u0131n\u0131n niteli\u011fini prati\u011fi belirler | Y\u0131lmaz G\u00fcney"}]},{"@type":"WebSite","@id":"https:\/\/narteks.net\/#website","url":"https:\/\/narteks.net\/","name":"narteks.net","description":"K\u00fclt\u00fcr Sanat Edebiyat Felsefe","publisher":{"@id":"https:\/\/narteks.net\/#organization"},"alternateName":"K\u00fclt\u00fcr Sanat Edebiyat Felsefe","potentialAction":[{"@type":"SearchAction","target":{"@type":"EntryPoint","urlTemplate":"https:\/\/narteks.net\/?s={search_term_string}"},"query-input":{"@type":"PropertyValueSpecification","valueRequired":true,"valueName":"search_term_string"}}],"inLanguage":"tr"},{"@type":"Organization","@id":"https:\/\/narteks.net\/#organization","name":"narteks.net","url":"https:\/\/narteks.net\/","logo":{"@type":"ImageObject","inLanguage":"tr","@id":"https:\/\/narteks.net\/#\/schema\/logo\/image\/","url":"https:\/\/narteks.net\/wp-content\/uploads\/narteks.png","contentUrl":"https:\/\/narteks.net\/wp-content\/uploads\/narteks.png","width":300,"height":90,"caption":"narteks.net"},"image":{"@id":"https:\/\/narteks.net\/#\/schema\/logo\/image\/"},"sameAs":["https:\/\/x.com\/narteks","https:\/\/instagram.com\/narteksnet"]},{"@type":"Person","@id":"https:\/\/narteks.net\/#\/schema\/person\/61f37d9834294b72d31d274e7ed79bca","name":"Tar\u0131k","image":{"@type":"ImageObject","inLanguage":"tr","@id":"https:\/\/narteks.net\/#\/schema\/person\/image\/","url":"https:\/\/secure.gravatar.com\/avatar\/50865afb55632c4ae467e0af0930f6510aa2297d8014be502a55b14f3b7550cf?s=96&d=mm&r=g","contentUrl":"https:\/\/secure.gravatar.com\/avatar\/50865afb55632c4ae467e0af0930f6510aa2297d8014be502a55b14f3b7550cf?s=96&d=mm&r=g","caption":"Tar\u0131k"},"sameAs":["http:\/\/narteks.net"],"url":"https:\/\/narteks.net\/index.php\/author\/narbak\/"}]}},"_links":{"self":[{"href":"https:\/\/narteks.net\/index.php\/wp-json\/wp\/v2\/posts\/4093","targetHints":{"allow":["GET"]}}],"collection":[{"href":"https:\/\/narteks.net\/index.php\/wp-json\/wp\/v2\/posts"}],"about":[{"href":"https:\/\/narteks.net\/index.php\/wp-json\/wp\/v2\/types\/post"}],"author":[{"embeddable":true,"href":"https:\/\/narteks.net\/index.php\/wp-json\/wp\/v2\/users\/1"}],"replies":[{"embeddable":true,"href":"https:\/\/narteks.net\/index.php\/wp-json\/wp\/v2\/comments?post=4093"}],"version-history":[{"count":0,"href":"https:\/\/narteks.net\/index.php\/wp-json\/wp\/v2\/posts\/4093\/revisions"}],"wp:attachment":[{"href":"https:\/\/narteks.net\/index.php\/wp-json\/wp\/v2\/media?parent=4093"}],"wp:term":[{"taxonomy":"category","embeddable":true,"href":"https:\/\/narteks.net\/index.php\/wp-json\/wp\/v2\/categories?post=4093"},{"taxonomy":"post_tag","embeddable":true,"href":"https:\/\/narteks.net\/index.php\/wp-json\/wp\/v2\/tags?post=4093"}],"curies":[{"name":"wp","href":"https:\/\/api.w.org\/{rel}","templated":true}]}}