{"id":41,"date":"2009-02-27T14:15:21","date_gmt":"2009-02-27T11:15:21","guid":{"rendered":"http:\/\/localhost\/wordpress\/2009\/02\/27\/vay-kurban\/"},"modified":"2009-02-27T14:15:21","modified_gmt":"2009-02-27T11:15:21","slug":"vay-kurban","status":"publish","type":"post","link":"https:\/\/narteks.net\/index.php\/2009\/02\/27\/vay-kurban\/","title":{"rendered":"VAY KURBAN"},"content":{"rendered":"<p>\u00a0<\/p>\n<p><span>Da\u011flar\u0131n\u0131n, da\u011flar\u0131n\u0131n ard\u0131,  <br \/> Nazl\u0131d\u0131r.  <br \/> U\u00e7urum k\u0131y\u0131s\u0131nda incecik bir yol  <br \/> Gider dolana dolana,  <br \/> Bir hastan vard\u0131r, umutsuz,  <br \/> Belki Ay\u015fe, belki Elif  <br \/> Endam\u0131 kuytuda ba\u015fak,  <br \/> Memesinin, memesinin alt\u0131nda,  <br \/> Bir sanc\u0131,  <br \/> Bir hay\u0131n b\u0131\u00e7ak&#8230;  <\/p>\n<p> \u00d6l\u00fcm bu,  <br \/> Fukara \u00f6l\u00fcm\u00fc  <br \/> Geldim, geliyorum demez.  <br \/> Ya bir ku\u015fluk vakti, ya ak\u015fam\u00fcst\u00fc,  <br \/> Ya da seher, mahmurlukta,  <br \/> Bakars\u0131n, olmu\u015f olacak.  <br \/> Bir hastan vard\u0131r umutsuz,  <br \/> Hayreti uykularda,  <br \/> Hayreti so\u011fuk sularda.  <br \/> Gayr\u0131, iki korku \u00e7i\u00e7e\u011fidir g\u00f6zleri,  <br \/> \u0130ki mavi, kocaman korku \u00e7i\u00e7e\u011fi,  <br \/> A\u00e7ar, derin kuyularda&#8230;  <\/p>\n<p> Da\u011flar\u0131n\u0131n, da\u011flar\u0131n\u0131n ard\u0131 korkun\u00e7tur.  <br \/> Hi\u00e7 ak\u0131l edip de d\u00fc\u015f\u00fcnen var m\u0131?  <br \/> G\u00fcn kimin hesab\u0131na tutar ak\u015fam\u0131,  <br \/> Rahmetinden kim demlenir bulutun,  <br \/> Hay\u0131rl\u0131 evlat makina  <br \/> Nas\u0131l canavar kesilir.  <br \/> Kurdun, kar\u0131ncan\u0131n r\u0131zk\u0131n\u0131 veren  <br \/> Toprak nas\u0131l ayart\u0131l\u0131r,  <br \/> Y\u00fcz vermez topal \u00f6k\u00fcze,  <br \/> Ve almaz koynuna kara saban\u0131.  <\/p>\n<p> Sepet\u00e7io\u011flu&#8217;m bir k\u00f6m\u00fcr i\u015f\u00e7i\u015fidir,  <br \/> Mavzer de\u011fil, k\u00fcrek tutar Urfal\u0131 Nazif  <br \/> Mal, hara\u00e7-mezatt\u0131r,  <br \/> Can, pazar-pazar.  <br \/> K\u0131rm\u0131z\u0131, ak ve esmer,  <br \/> Yumu\u015fak ve sert bu\u011fdaylar\u0131  <br \/> Yaratan ellerin sahibidir bu,  <br \/> K\u00f6r bo\u011faz, nafaka u\u011fruna,  <br \/> Haldan d\u00fc\u015fm\u00fc\u015f, tebdil gezer&#8230;  <\/p>\n<p> Da\u011flar\u0131n\u0131n, da\u011flar\u0131n\u0131n ard\u0131,  <br \/> Nas\u0131l anlatsam&#8230;  <br \/> A\u011fa\u00e7s\u0131z, ku\u015fsuz, g\u00f6lgesiz.  <br \/> \u00c7\u0131r\u0131l\u00e7\u0131plak,  <br \/> Vay kurban&#8230;  <br \/> &#8220;Kim bu cennet vatan\u0131n u\u011fruna olmaz ki feda.&#8221;  <br \/> Yi\u011fitlik, sen cehennem olsan da bile  <br \/> Feday\u0131 kabul etmektir,  <br \/> Cennet yapabilmek i\u00e7in seni,  <br \/> Yoksul ve namuslu halka.  <br \/> Bu&#8217;dur ol hikayet,  <br \/> Ol kara sevda.  <\/p>\n<p> Seni sevmek,  <br \/> Felsefedir, kusursuz.  <br \/> \u0130mand\u0131r, korkun\u00e7 sab\u0131rl\u0131.  <br \/> \u0130pin, kur\u015funun ra\u011fm\u0131na,  <br \/> Y\u00fcr\u00fcr, pervas\u0131z ve g\u00fczel.  <br \/> S\u0131rada\u011flar\u0131 devirir,  <br \/> Akan sular\u0131 \u00e7evirir,  <br \/> Al\u0131r yetimin hakk\u0131n\u0131,  <br \/> Buyurur, kitab\u0131nca&#8230;  <\/p>\n<p> G\u00fcn ola, devran d\u00f6ne, umut yeti\u015fe,  <br \/> Da\u011flar\u0131n\u0131n, da\u011flar\u0131n\u0131n ard\u0131nda,  <br \/> De\u011fil \u00f6yle yoksulluklar, hasretler,  <br \/> Bir tek ba\u015fak bile darg\u0131n kalmayacakt\u0131r,  <br \/> Bir tek zeytin dal\u0131 bile yaln\u0131z&#8230;  <br \/> S\u0131k\u0131ysa ya\u011fmas\u0131n ya\u011fmur,  <br \/> S\u0131k\u0131ysa uykudan uyanmas\u0131n da\u011f.  <br \/> bu y\u00fcrek, ne g\u00fcne vurur&#8230;  <br \/> Ka\u00e7ar damarlar\u0131ndan karanl\u0131k,  <br \/> Ka\u00e7ar, bir daha d\u00f6nemez,  <br \/> Sunar koynunda yatandan,  <br \/> Hem de mutlulukla sunar  <br \/> Beynimizin \u0131\u015f\u0131\u011f\u0131nda yeralt\u0131.  <\/p>\n<p> Her mevsim daha gen\u00e7, daha verimli,  <br \/> Sunar, p\u0131r\u0131l-p\u0131r\u0131l, sebil,  <br \/> \u00d6mr\u00fcn\u00fcn en g\u00fczel a\u015fk hasad\u0131n\u0131,  <br \/> Elimizin h\u00fcnerinde yery\u00fcz\u00fc.  <br \/> Dolu sofra, g\u00fclen anne, g\u00fclen \u00e7ocuklar,  <br \/> Bir&#8217;e on, bir&#8217;e y\u00fcz&#8217;le ak\u015fama gebe  <br \/> \u015eafakla do\u011fan i\u015fg\u00fcc\u00fc.  <br \/> Yalan\u0131m yok, s\u00f6z\u00fcm erkek s\u00f6z\u00fcd\u00fcr,  <br \/> Ol kitapta b\u00f6ylece yaz\u0131l\u0131d\u0131r,  <br \/> Ol sevda, b\u00f6yledir \u00e7\u00fcnk\u00fc.. <\/span><\/p>\n<p>Ahmed AR\u0130F<\/p>\n","protected":false},"excerpt":{"rendered":"<p>\u00a0 Da\u011flar\u0131n\u0131n, da\u011flar\u0131n\u0131n ard\u0131, Nazl\u0131d\u0131r. U\u00e7urum k\u0131y\u0131s\u0131nda incecik bir yol Gider dolana dolana, Bir hastan vard\u0131r, umutsuz, Belki Ay\u015fe, belki Elif Endam\u0131 kuytuda ba\u015fak, Memesinin, memesinin alt\u0131nda, Bir sanc\u0131, Bir hay\u0131n b\u0131\u00e7ak&#8230; \u00d6l\u00fcm bu, Fukara \u00f6l\u00fcm\u00fc Geldim, geliyorum demez. Ya bir ku\u015fluk vakti, ya ak\u015fam\u00fcst\u00fc, Ya da seher, mahmurlukta, Bakars\u0131n, olmu\u015f olacak. Bir hastan vard\u0131r [&hellip;]<\/p>\n","protected":false},"author":1,"featured_media":0,"comment_status":"open","ping_status":"open","sticky":false,"template":"","format":"standard","meta":{"footnotes":""},"categories":[179],"tags":[],"class_list":{"0":"post-41","1":"post","2":"type-post","3":"status-publish","4":"format-standard","6":"category-ahmed-arif"},"yoast_head":"<!-- This site is optimized with the Yoast SEO Premium plugin v24.9 (Yoast SEO v24.9) - https:\/\/yoast.com\/wordpress\/plugins\/seo\/ -->\n<title>VAY KURBAN - narteks.net<\/title>\n<meta name=\"robots\" content=\"index, follow, max-snippet:-1, max-image-preview:large, max-video-preview:-1\" \/>\n<link rel=\"canonical\" href=\"https:\/\/narteks.net\/index.php\/2009\/02\/27\/vay-kurban\/\" \/>\n<meta property=\"og:locale\" content=\"tr_TR\" \/>\n<meta property=\"og:type\" content=\"article\" \/>\n<meta property=\"og:title\" content=\"VAY KURBAN\" \/>\n<meta property=\"og:description\" content=\"\u00a0 Da\u011flar\u0131n\u0131n, da\u011flar\u0131n\u0131n ard\u0131, Nazl\u0131d\u0131r. U\u00e7urum k\u0131y\u0131s\u0131nda incecik bir yol Gider dolana dolana, Bir hastan vard\u0131r, umutsuz, Belki Ay\u015fe, belki Elif Endam\u0131 kuytuda ba\u015fak, Memesinin, memesinin alt\u0131nda, Bir sanc\u0131, Bir hay\u0131n b\u0131\u00e7ak&#8230; \u00d6l\u00fcm bu, Fukara \u00f6l\u00fcm\u00fc Geldim, geliyorum demez. Ya bir ku\u015fluk vakti, ya ak\u015fam\u00fcst\u00fc, Ya da seher, mahmurlukta, Bakars\u0131n, olmu\u015f olacak. Bir hastan vard\u0131r [&hellip;]\" \/>\n<meta property=\"og:url\" content=\"https:\/\/narteks.net\/index.php\/2009\/02\/27\/vay-kurban\/\" \/>\n<meta property=\"og:site_name\" content=\"narteks.net\" \/>\n<meta property=\"article:published_time\" content=\"2009-02-27T11:15:21+00:00\" \/>\n<meta property=\"og:image\" content=\"https:\/\/narteks.net\/wp-content\/uploads\/narteks.png\" \/>\n\t<meta property=\"og:image:width\" content=\"300\" \/>\n\t<meta property=\"og:image:height\" content=\"90\" \/>\n\t<meta property=\"og:image:type\" content=\"image\/png\" \/>\n<meta name=\"author\" content=\"Tar\u0131k\" \/>\n<meta name=\"twitter:card\" content=\"summary_large_image\" \/>\n<meta name=\"twitter:creator\" content=\"@narteks\" \/>\n<meta name=\"twitter:site\" content=\"@narteks\" \/>\n<meta name=\"twitter:label1\" content=\"Yazan:\" \/>\n\t<meta name=\"twitter:data1\" content=\"Tar\u0131k\" \/>\n\t<meta name=\"twitter:label2\" content=\"Tahmini okuma s\u00fcresi\" \/>\n\t<meta name=\"twitter:data2\" content=\"2 dakika\" \/>\n<script type=\"application\/ld+json\" class=\"yoast-schema-graph\">{\"@context\":\"https:\/\/schema.org\",\"@graph\":[{\"@type\":\"Article\",\"@id\":\"https:\/\/narteks.net\/index.php\/2009\/02\/27\/vay-kurban\/#article\",\"isPartOf\":{\"@id\":\"https:\/\/narteks.net\/index.php\/2009\/02\/27\/vay-kurban\/\"},\"author\":{\"name\":\"Tar\u0131k\",\"@id\":\"https:\/\/narteks.net\/#\/schema\/person\/61f37d9834294b72d31d274e7ed79bca\"},\"headline\":\"VAY KURBAN\",\"datePublished\":\"2009-02-27T11:15:21+00:00\",\"mainEntityOfPage\":{\"@id\":\"https:\/\/narteks.net\/index.php\/2009\/02\/27\/vay-kurban\/\"},\"wordCount\":483,\"commentCount\":0,\"publisher\":{\"@id\":\"https:\/\/narteks.net\/#organization\"},\"articleSection\":[\"Ahmed AR\u0130F\"],\"inLanguage\":\"tr\",\"potentialAction\":[{\"@type\":\"CommentAction\",\"name\":\"Comment\",\"target\":[\"https:\/\/narteks.net\/index.php\/2009\/02\/27\/vay-kurban\/#respond\"]}]},{\"@type\":\"WebPage\",\"@id\":\"https:\/\/narteks.net\/index.php\/2009\/02\/27\/vay-kurban\/\",\"url\":\"https:\/\/narteks.net\/index.php\/2009\/02\/27\/vay-kurban\/\",\"name\":\"VAY KURBAN - narteks.net\",\"isPartOf\":{\"@id\":\"https:\/\/narteks.net\/#website\"},\"datePublished\":\"2009-02-27T11:15:21+00:00\",\"breadcrumb\":{\"@id\":\"https:\/\/narteks.net\/index.php\/2009\/02\/27\/vay-kurban\/#breadcrumb\"},\"inLanguage\":\"tr\",\"potentialAction\":[{\"@type\":\"ReadAction\",\"target\":[\"https:\/\/narteks.net\/index.php\/2009\/02\/27\/vay-kurban\/\"]}]},{\"@type\":\"BreadcrumbList\",\"@id\":\"https:\/\/narteks.net\/index.php\/2009\/02\/27\/vay-kurban\/#breadcrumb\",\"itemListElement\":[{\"@type\":\"ListItem\",\"position\":1,\"name\":\"Anasayfa\",\"item\":\"https:\/\/narteks.net\/\"},{\"@type\":\"ListItem\",\"position\":2,\"name\":\"VAY KURBAN\"}]},{\"@type\":\"WebSite\",\"@id\":\"https:\/\/narteks.net\/#website\",\"url\":\"https:\/\/narteks.net\/\",\"name\":\"narteks.net\",\"description\":\"K\u00fclt\u00fcr Sanat Edebiyat Felsefe\",\"publisher\":{\"@id\":\"https:\/\/narteks.net\/#organization\"},\"alternateName\":\"K\u00fclt\u00fcr Sanat Edebiyat Felsefe\",\"potentialAction\":[{\"@type\":\"SearchAction\",\"target\":{\"@type\":\"EntryPoint\",\"urlTemplate\":\"https:\/\/narteks.net\/?s={search_term_string}\"},\"query-input\":{\"@type\":\"PropertyValueSpecification\",\"valueRequired\":true,\"valueName\":\"search_term_string\"}}],\"inLanguage\":\"tr\"},{\"@type\":\"Organization\",\"@id\":\"https:\/\/narteks.net\/#organization\",\"name\":\"narteks.net\",\"url\":\"https:\/\/narteks.net\/\",\"logo\":{\"@type\":\"ImageObject\",\"inLanguage\":\"tr\",\"@id\":\"https:\/\/narteks.net\/#\/schema\/logo\/image\/\",\"url\":\"https:\/\/narteks.net\/wp-content\/uploads\/narteks.png\",\"contentUrl\":\"https:\/\/narteks.net\/wp-content\/uploads\/narteks.png\",\"width\":300,\"height\":90,\"caption\":\"narteks.net\"},\"image\":{\"@id\":\"https:\/\/narteks.net\/#\/schema\/logo\/image\/\"},\"sameAs\":[\"https:\/\/x.com\/narteks\",\"https:\/\/instagram.com\/narteksnet\"]},{\"@type\":\"Person\",\"@id\":\"https:\/\/narteks.net\/#\/schema\/person\/61f37d9834294b72d31d274e7ed79bca\",\"name\":\"Tar\u0131k\",\"image\":{\"@type\":\"ImageObject\",\"inLanguage\":\"tr\",\"@id\":\"https:\/\/narteks.net\/#\/schema\/person\/image\/\",\"url\":\"https:\/\/secure.gravatar.com\/avatar\/50865afb55632c4ae467e0af0930f6510aa2297d8014be502a55b14f3b7550cf?s=96&d=mm&r=g\",\"contentUrl\":\"https:\/\/secure.gravatar.com\/avatar\/50865afb55632c4ae467e0af0930f6510aa2297d8014be502a55b14f3b7550cf?s=96&d=mm&r=g\",\"caption\":\"Tar\u0131k\"},\"sameAs\":[\"http:\/\/narteks.net\"],\"url\":\"https:\/\/narteks.net\/index.php\/author\/narbak\/\"}]}<\/script>\n<!-- \/ Yoast SEO Premium plugin. -->","yoast_head_json":{"title":"VAY KURBAN - narteks.net","robots":{"index":"index","follow":"follow","max-snippet":"max-snippet:-1","max-image-preview":"max-image-preview:large","max-video-preview":"max-video-preview:-1"},"canonical":"https:\/\/narteks.net\/index.php\/2009\/02\/27\/vay-kurban\/","og_locale":"tr_TR","og_type":"article","og_title":"VAY KURBAN","og_description":"\u00a0 Da\u011flar\u0131n\u0131n, da\u011flar\u0131n\u0131n ard\u0131, Nazl\u0131d\u0131r. U\u00e7urum k\u0131y\u0131s\u0131nda incecik bir yol Gider dolana dolana, Bir hastan vard\u0131r, umutsuz, Belki Ay\u015fe, belki Elif Endam\u0131 kuytuda ba\u015fak, Memesinin, memesinin alt\u0131nda, Bir sanc\u0131, Bir hay\u0131n b\u0131\u00e7ak&#8230; \u00d6l\u00fcm bu, Fukara \u00f6l\u00fcm\u00fc Geldim, geliyorum demez. Ya bir ku\u015fluk vakti, ya ak\u015fam\u00fcst\u00fc, Ya da seher, mahmurlukta, Bakars\u0131n, olmu\u015f olacak. Bir hastan vard\u0131r [&hellip;]","og_url":"https:\/\/narteks.net\/index.php\/2009\/02\/27\/vay-kurban\/","og_site_name":"narteks.net","article_published_time":"2009-02-27T11:15:21+00:00","og_image":[{"width":300,"height":90,"url":"https:\/\/narteks.net\/wp-content\/uploads\/narteks.png","type":"image\/png"}],"author":"Tar\u0131k","twitter_card":"summary_large_image","twitter_creator":"@narteks","twitter_site":"@narteks","twitter_misc":{"Yazan:":"Tar\u0131k","Tahmini okuma s\u00fcresi":"2 dakika"},"schema":{"@context":"https:\/\/schema.org","@graph":[{"@type":"Article","@id":"https:\/\/narteks.net\/index.php\/2009\/02\/27\/vay-kurban\/#article","isPartOf":{"@id":"https:\/\/narteks.net\/index.php\/2009\/02\/27\/vay-kurban\/"},"author":{"name":"Tar\u0131k","@id":"https:\/\/narteks.net\/#\/schema\/person\/61f37d9834294b72d31d274e7ed79bca"},"headline":"VAY KURBAN","datePublished":"2009-02-27T11:15:21+00:00","mainEntityOfPage":{"@id":"https:\/\/narteks.net\/index.php\/2009\/02\/27\/vay-kurban\/"},"wordCount":483,"commentCount":0,"publisher":{"@id":"https:\/\/narteks.net\/#organization"},"articleSection":["Ahmed AR\u0130F"],"inLanguage":"tr","potentialAction":[{"@type":"CommentAction","name":"Comment","target":["https:\/\/narteks.net\/index.php\/2009\/02\/27\/vay-kurban\/#respond"]}]},{"@type":"WebPage","@id":"https:\/\/narteks.net\/index.php\/2009\/02\/27\/vay-kurban\/","url":"https:\/\/narteks.net\/index.php\/2009\/02\/27\/vay-kurban\/","name":"VAY KURBAN - narteks.net","isPartOf":{"@id":"https:\/\/narteks.net\/#website"},"datePublished":"2009-02-27T11:15:21+00:00","breadcrumb":{"@id":"https:\/\/narteks.net\/index.php\/2009\/02\/27\/vay-kurban\/#breadcrumb"},"inLanguage":"tr","potentialAction":[{"@type":"ReadAction","target":["https:\/\/narteks.net\/index.php\/2009\/02\/27\/vay-kurban\/"]}]},{"@type":"BreadcrumbList","@id":"https:\/\/narteks.net\/index.php\/2009\/02\/27\/vay-kurban\/#breadcrumb","itemListElement":[{"@type":"ListItem","position":1,"name":"Anasayfa","item":"https:\/\/narteks.net\/"},{"@type":"ListItem","position":2,"name":"VAY KURBAN"}]},{"@type":"WebSite","@id":"https:\/\/narteks.net\/#website","url":"https:\/\/narteks.net\/","name":"narteks.net","description":"K\u00fclt\u00fcr Sanat Edebiyat Felsefe","publisher":{"@id":"https:\/\/narteks.net\/#organization"},"alternateName":"K\u00fclt\u00fcr Sanat Edebiyat Felsefe","potentialAction":[{"@type":"SearchAction","target":{"@type":"EntryPoint","urlTemplate":"https:\/\/narteks.net\/?s={search_term_string}"},"query-input":{"@type":"PropertyValueSpecification","valueRequired":true,"valueName":"search_term_string"}}],"inLanguage":"tr"},{"@type":"Organization","@id":"https:\/\/narteks.net\/#organization","name":"narteks.net","url":"https:\/\/narteks.net\/","logo":{"@type":"ImageObject","inLanguage":"tr","@id":"https:\/\/narteks.net\/#\/schema\/logo\/image\/","url":"https:\/\/narteks.net\/wp-content\/uploads\/narteks.png","contentUrl":"https:\/\/narteks.net\/wp-content\/uploads\/narteks.png","width":300,"height":90,"caption":"narteks.net"},"image":{"@id":"https:\/\/narteks.net\/#\/schema\/logo\/image\/"},"sameAs":["https:\/\/x.com\/narteks","https:\/\/instagram.com\/narteksnet"]},{"@type":"Person","@id":"https:\/\/narteks.net\/#\/schema\/person\/61f37d9834294b72d31d274e7ed79bca","name":"Tar\u0131k","image":{"@type":"ImageObject","inLanguage":"tr","@id":"https:\/\/narteks.net\/#\/schema\/person\/image\/","url":"https:\/\/secure.gravatar.com\/avatar\/50865afb55632c4ae467e0af0930f6510aa2297d8014be502a55b14f3b7550cf?s=96&d=mm&r=g","contentUrl":"https:\/\/secure.gravatar.com\/avatar\/50865afb55632c4ae467e0af0930f6510aa2297d8014be502a55b14f3b7550cf?s=96&d=mm&r=g","caption":"Tar\u0131k"},"sameAs":["http:\/\/narteks.net"],"url":"https:\/\/narteks.net\/index.php\/author\/narbak\/"}]}},"_links":{"self":[{"href":"https:\/\/narteks.net\/index.php\/wp-json\/wp\/v2\/posts\/41","targetHints":{"allow":["GET"]}}],"collection":[{"href":"https:\/\/narteks.net\/index.php\/wp-json\/wp\/v2\/posts"}],"about":[{"href":"https:\/\/narteks.net\/index.php\/wp-json\/wp\/v2\/types\/post"}],"author":[{"embeddable":true,"href":"https:\/\/narteks.net\/index.php\/wp-json\/wp\/v2\/users\/1"}],"replies":[{"embeddable":true,"href":"https:\/\/narteks.net\/index.php\/wp-json\/wp\/v2\/comments?post=41"}],"version-history":[{"count":0,"href":"https:\/\/narteks.net\/index.php\/wp-json\/wp\/v2\/posts\/41\/revisions"}],"wp:attachment":[{"href":"https:\/\/narteks.net\/index.php\/wp-json\/wp\/v2\/media?parent=41"}],"wp:term":[{"taxonomy":"category","embeddable":true,"href":"https:\/\/narteks.net\/index.php\/wp-json\/wp\/v2\/categories?post=41"},{"taxonomy":"post_tag","embeddable":true,"href":"https:\/\/narteks.net\/index.php\/wp-json\/wp\/v2\/tags?post=41"}],"curies":[{"name":"wp","href":"https:\/\/api.w.org\/{rel}","templated":true}]}}