{"id":410,"date":"2009-03-12T23:51:56","date_gmt":"2009-03-12T20:51:56","guid":{"rendered":"http:\/\/localhost\/wordpress\/2009\/03\/12\/ben-de-gittim-bir-geyigin-avina-alageyik\/"},"modified":"2009-03-12T23:51:56","modified_gmt":"2009-03-12T20:51:56","slug":"ben-de-gittim-bir-geyigin-avina-alageyik","status":"publish","type":"post","link":"https:\/\/narteks.net\/index.php\/2009\/03\/12\/ben-de-gittim-bir-geyigin-avina-alageyik\/","title":{"rendered":"Ben De Gittim Bir Geyi\u011fin Av\u0131na (Alageyik)"},"content":{"rendered":"<p style=\"text-align: justify;\"><span style=\"font-size: 14pt;\"><strong>Ben De Gittim Bir Geyi\u011fin Av\u0131na (Alageyik)<\/strong><\/span><\/p>\n<p>Ben de gittim bir geyi\u011fin av\u0131na,<br \/>Geyik \u00e7ekti beni kendi da\u011f\u0131na, <br \/>T\u00f6vbeler t\u00f6vbesi geyik av\u0131na, <\/p>\n<p>Gidin arkada\u015flar kald\u0131m kayada, <br \/>Siz gidin karda\u015flar kald\u0131m burada. <\/p>\n<p>T\u00f6vbe ya&#8230; T\u00f6vbe ki, t\u00f6vbe! Yaln\u0131z geyik av\u0131na m\u0131 t\u00f6vbe. Yoksa da\u011flar\u0131n doruklar\u0131na, k\u0131rlar\u0131n ye\u015filine, havaya, suya m\u0131 bu t\u00f6vbe? T\u00fcm g\u00fczelliklere mi t\u00f6vbe. Eee ne dersin. Bir kez ecel elini atmaya g\u00f6rs\u00fcn. Gen\u00e7lik, ni\u015fanl\u0131l\u0131k, yak\u0131\u015f\u0131kl\u0131l\u0131k para eder mi? Sebep? Sebep dizi dizi. Kimini bir \u00e7ukura d\u00fc\u015f\u00fcr\u00fcr; kimini bir kayadan u\u00e7urur. Kimi bir ya\u011fl\u0131 kur\u015funa g\u00f6\u011f\u00fcs verir, kimi yele sele gider. Sonra da t\u00fcrk\u00fclerin diline tak\u0131l\u0131r, y\u0131llar sonras\u0131na ta\u015f\u0131n\u0131r olay. <\/p>\n<p>\u00d6yk\u00fcm\u00fcz Toroslarda ge\u00e7er. Toroslarda ge\u00e7er ya, \u00e7ukurun bitip, tepelerin ba\u015flad\u0131\u011f\u0131; G\u00fcneyin bitip, G\u00fcneydo\u011funun ba\u015flad\u0131\u011f\u0131 kesiminde Toroslar\u0131n. &#8220;Gavurda\u011flar\u0131&#8221; derler buradaki Toroslara. D\u00fcz ovay\u0131 ge\u00e7ip, Antep &#8211; Mara\u015f yolunu tutanlar, bu da\u011flardan ge\u00e7mek zorundad\u0131r. Zorundad\u0131r ya, ge\u00e7 ge\u00e7ebilirsen. M\u00fcbarek da\u011f de\u011fil, zul\u00fcm kalesi sanki. Alttan bakars\u0131n sipsivri bir tepe. Sa\u011f\u0131na bakars\u0131n da\u011f; soluna bakars\u0131n da\u011f. K\u0131vr\u0131m k\u0131vr\u0131m G\u00e2vurda\u011f\u0131&#8217;n\u0131n tepesine t\u0131rmanmak zorundad\u0131r, bu da\u011f\u0131 ge\u00e7mek isteyenler. Bir yan\u0131ndan girilir da\u011f\u0131n; d\u00f6ne d\u00f6ne tepesine gelinir. Yine d\u00f6ne d\u00f6ne inilir tepe a\u015fa\u011f\u0131 do\u011fru. \u0130nilir ama sa\u011f\u0131 u\u00e7urum, solu u\u00e7urum. Sivri sivri kayalar var sa\u011fda solda. Ba\u015f\u0131 d\u00f6ner insan\u0131n kayalara bakarken. \u015e\u00f6yle bir ta\u015f par\u00e7as\u0131 al\u0131p atsan a\u015fa\u011f\u0131, un ufak olur da, bir u\u00e7urumun dibinde da\u011f\u0131l\u0131r kal\u0131r. <\/p>\n<p>S\u00f6z\u00fcn \u00f6z\u00fc; \u015fimdi yol yolak yap\u0131l\u0131p, ge\u00e7it olmu\u015ftur Gavur Da\u011flar\u0131 ama, vakti zaman\u0131nda ala g\u00f6zl\u00fc cerenler, \u00e7atal boynuzlu geyikler, k\u0131nal\u0131 keklikler, tura\u00e7lar cirit atarm\u0131\u015f bu da\u011flarda. Kekli\u011fin &#8220;Keklik Kayas\u0131&#8221; geyi\u011fin &#8220;Geyik Da\u011f\u0131&#8221; varm\u0131\u015f. U\u00e7urumlar\u0131, ma\u011faralar\u0131 da bir bir bilirmi\u015f hayvanc\u0131klar. <\/p>\n<p>Eee bir da\u011fda keklik olur, ceren olur, geyik olur da, avc\u0131 el atmaz olur mu oraya? Ad\u0131m ba\u015f\u0131 bir u\u00e7urum olsa; ve de u\u00e7urumun sonu \u00f6l\u00fcm olsa, avc\u0131 avc\u0131l\u0131\u011f\u0131n\u0131 yapar. D\u00fc\u015fer av\u0131n\u0131n pe\u015fine. D\u00fc\u015fer ya; e\u011fer avc\u0131 gerde\u011fe girecek bir gen\u00e7se; e\u011fer ni\u015fanl\u0131s\u0131 onu gerdek odas\u0131nda bekliyorsa, biraz dikkatli olmal\u0131 avc\u0131 de\u011fil mi? Ne gezer. E\u011fer \u00f6yle olsayd\u0131, g\u00fcn\u00fcm\u00fcze kadar gelen &#8220;Alageyik Efsanesi&#8221;, dilden dile dola\u015fmaz, g\u00f6n\u00fclden g\u00f6n\u00fcle bir burukluk b\u0131rak\u0131p gitmezdi. <\/p>\n<p>Halil, dal gibi bir gen\u00e7. Bir de at\u0131c\u0131 ki ehh! \u0130\u015fi, g\u00fcc\u00fc geyikler Halil&#8217;in. S\u0131rtland\u0131 m\u0131 t\u00fcfe\u011fini omuzuna, ver elini Gavur Da\u011flar\u0131. Bir g\u00fcn, be\u015f g\u00fcn olsa neyse ne! Bir hafta, on g\u00fcn da\u011fda kald\u0131\u011f\u0131 oluyor Halil&#8217;in. Gelgelelim geride bir anas\u0131, bir de ni\u015fanl\u0131s\u0131 var Halil&#8217;in. Bir ni\u015fanl\u0131 ki, melek gibi. Halil&#8217;e de \u00e7ok ba\u011fl\u0131. \u00d6d\u00fc kopuyor Halil da\u011fa gidecek de gelmeyecek diye. Anas\u0131 derseniz, hepten kar\u015f\u0131 Halil&#8217;in geyik av\u0131na gitmesine. Ne zaman ki Halil az\u0131\u011f\u0131n\u0131 haz\u0131rlay\u0131p at\u0131n terkisine atar heybesini; anas\u0131 yap\u0131\u015f\u0131r yular\u0131na at\u0131n; &#8220;Ey o\u011ful o\u011ful. Gel vaz ge\u00e7 \u015fu geyik av\u0131ndan. Yuva y\u0131kan\u0131n\u0131n yuvas\u0131 olmaz. \u0130flah olmazs\u0131n. Sonu iyi gelmez. Gel vaz ge\u00e7. Bak baban da bu y\u00fczden iflah olmad\u0131. Ne yapacaks\u0131n bunca geyik postunu. Y\u00fcre\u011fim raz\u0131 de\u011fil. Atalar geyik av\u0131 tekin de\u011fil demi\u015f. Bug\u00fcn olmazsa; yar\u0131n bir i\u015f gelir geyik avlayan\u0131n ba\u015f\u0131na. Kurban\u0131n olam o\u011ful, terk et bu i\u015fi&#8221;. <\/p>\n<p>Halil&#8217;dir tutkun ava. Hi\u00e7 durur mu? Atlar atma; atlar ya, anas\u0131n\u0131 da k\u0131rmaya g\u00f6nl\u00fc raz\u0131 olmaz. &#8220;Ana, bu son olacak. Bir daha s\u00f6z olsun geyik av\u0131na gitmek yok. &#8221; Bakar olaca\u011f\u0131 yok, ardmdan seslenir anas\u0131. &#8220;O\u011ful o\u011ful. Madem ki inat ediyorsun. Bari yavru geyiklere, yavrulu geyiklere kur\u015fun atma. Yuvalar\u0131n\u0131 y\u0131k\u0131p, \u00f6ks\u00fcz koma.&#8221; <\/p>\n<p>Bir yandan anas\u0131, bir yandan Zeynep. Ne kadar yalvanr yakar\u0131rlar ama bo\u015f. Cayd\u0131ramazlar Halil&#8217;i geyik av\u0131ndan. Her seferinde &#8220;Bu son olacak. T\u00f6vbeler olsun art\u0131k geyik av\u0131na&#8221; der, sonra yine bildi\u011fini okur Halil. Hele iyi bir av yap\u0131p, y\u00fcklendi mi s\u0131rt\u0131na geyikleri, k\u0131nal\u0131 keklikleri; deyme keyfine. K\u00f6y\u00fcn orta yerine bir ate\u015f yakarlar. Bir ate\u015f ki, duman\u0131 g\u00f6kleri tutar. Ne zaman ki alev biter, k\u00f6z olur odun; atarlar geyikleri \u00fcst\u00fcne, bir \u015fenlik, bir \u015f\u00f6len. Bir hay hay, bir vay vay kar\u0131\u015f\u0131r gider birbirine. T\u00fcm k\u00f6yl\u00fc birlik olup, \u00e7evirir ate\u015fin etraf\u0131r\u0131\u0131. G\u00fcle e\u011flene yerler geyik etlerini. Yerler de bir yandan da Halil&#8217;in avc\u0131l\u0131\u011f\u0131n\u0131 \u00f6vg\u00fclerler. &#8220;Bravo arkada\u015f. \u015eu koca \u00c7ukur&#8217;da yoktur senin gibisi&#8221; der kimi; kimi de &#8220;Zeynep sana helal olsun. \u0130yi avc\u0131 oldu\u011fun ondan da belli&#8221; diyerek yarenlik eder Halil&#8217;le. <\/p>\n<p>Ama her zaman rastgelmez Halil&#8217;in i\u015fi. G\u00fcn olur, da\u011f bay\u0131r dola\u015f\u0131r da, bir tek geyik vuramaz. Hele bir Alageyik var ki, aman aman! <\/p>\n<p>Ne zaman ki, bu Alageyik \u00e7\u0131ksa kar\u015f\u0131s\u0131na, o g\u00fcn hi\u00e7bir av yapamaz Halil. Alageyik dersen bir ba\u015fka geyik. Kurnaz. \u00c7evik. Canl\u0131kanl\u0131 bir geyik bu Alageyik. \u00c7\u0131kar bir kayan\u0131n ba\u015f\u0131na, &#8220;gel beni vur&#8221; der gibi d\u00f6\u015f verir Halil&#8217;e. Halil&#8217;dir yatar sipere. Tam ni\u015fanlar geyi\u011fi. Gez g\u00f6z arpac\u0131k, deme\u011fe kalmadan geyik kay\u0131p! Bir de bakar ki, arkadaki kayaya ge\u00e7mi\u015f Alageyik. D\u00f6ner Halil. S\u00fcr\u00fcnerek yakla\u015f\u0131r. Yatar sipere. Ne m\u00fcmk\u00fcn! Kayalardan kayalara z\u0131plar da sonunda kaybolur gider Alageyik. Halil fellik fellik kovalar Alageyi\u011fi. Sonunda yorgun d\u00fc\u015fer, uzan\u0131r bir a\u011fa\u00e7 g\u00f6lgesine. S\u00f6z\u00fcn k\u0131sas\u0131, Alageyi\u011fe rastlad\u0131\u011f\u0131 g\u00fcn tek kur\u015fun atamaz Halil. <\/p>\n<p>B\u00f6ylesi g\u00fcnlerde, geyikler \u00fcst\u00fcne duyduklar\u0131n\u0131 d\u00fc\u015fler bir bir. Baz\u0131 geyikler tekin de\u011filmi\u015f Cinler mi, periler mi geyik k\u0131l\u0131\u011f\u0131na girer de da\u011fdan da\u011fa ko\u015fu\u015ftururmu\u015f avc\u0131lar\u0131. Alageyi\u011fe rastlad\u0131\u011f\u0131 g\u00fcn Halil bu geyi\u011fin de tekin olmad\u0131\u011f\u0131n\u0131 ge\u00e7irir i\u00e7inden. B\u0131rakmay\u0131 d\u00fc\u015f\u00fcn\u00fcr avc\u0131l\u0131\u011f\u0131. B\u0131rakmay\u0131 d\u00fc\u015f\u00fcn\u00fcr ya, av tutkusu kor mu t\u00fcfe\u011fini duvara ass\u0131n. Alageyi\u011fin tekin olmad\u0131\u011f\u0131na inan\u0131r asl\u0131nda. \u0130nan\u0131r ama, rastlad\u0131\u011f\u0131 zaman da kovup kovalamaktan geri durmaz. \u00d6n\u00fcndeki kayadan kaybedip, arkadaki kayadan g\u00f6r\u00fcnce Alageyi\u011fi, iyice inan\u0131r onun tekin olmad\u0131\u011f\u0131na. Bir yandan da pe\u015finden at kovar. Zeynep&#8217;in yalvar\u0131lar\u0131n\u0131 en \u00e7ok b\u00f6ylesi durumlarda ans\u0131r. Ve s\u00f6ylenir kendi kendine &#8220;Hele bir d\u00fc\u011f\u00fcn olsun. B\u0131rak\u0131r\u0131m av\u0131. Zaten bu geyikler tuhaf yarat\u0131klar. Anlamad\u0131m gitti.&#8221; <\/p>\n<p>G\u00fcnlerden bir g\u00fcn, Halil yine t\u00fcfe\u011fi omuzunda, at\u0131n\u0131n s\u0131rt\u0131nda t\u0131rmanm\u0131\u015f kayalara. Bir de ne g\u00f6rs\u00fcn, tam kar\u015f\u0131s\u0131ndaki kayan\u0131n \u00fcst\u00fcnde duruyor Alageyik. Yan\u0131nda da bir yavru. Bir yavru ki, daha boynuzlar\u0131 \u00e7\u0131kmam\u0131\u015f. T\u00fcyleri p\u0131r\u0131l p\u0131r\u0131l. Acemi. \u00dcrkek. <\/p>\n<p>Halil dar atm\u0131\u015f kendini attan a\u015fa\u011f\u0131. Siperlemi\u015f kayay\u0131. Basm\u0131\u015f teti\u011fe. Yavru debelenmeye ba\u015flam\u0131\u015f. T\u00fcfe\u011fini Alageyi\u011fe \u00e7evirmi\u015f Halil bu kez. \u00c7evirmi\u015f ama, Alageyik z\u0131play\u0131p kaybolmu\u015f birden. Varm\u0131\u015f, s\u0131rtlam\u0131\u015f yavru geyi\u011fi, d\u00f6nm\u00fc\u015f k\u00f6y\u00fcne. D\u00f6nm\u00fc\u015f ya, anas\u0131 a\u00e7m\u0131\u015f a\u011fz\u0131n\u0131, yummu\u015f g\u00f6z\u00fcn\u00fc. &#8220;Anay\u0131 yavrud\u0131m ay\u0131ran iflah olmaz. Bu son olsun, vazge\u00e7 o\u011ful&#8221; diye yeniden yakarm\u0131\u015f. Ne derse bo\u015f! Olan olmu\u015f. Halil de pi\u015fmanl\u0131k duymu\u015f asl\u0131nda. Ama, ne gelir elden. Bu efsaneyi anlatanlar der ki, Halil epey bir zaman ava gitmedi. Ta ki, d\u00fc\u011f\u00fcn gecesine dek. Davullar\u0131n, zurnalar\u0131n e\u015fli\u011fide gerde\u011fe girdi\u011fi geceye kadar, t\u00fcfe\u011fine el s\u00fcrmedi Halil. S\u00fcrmedi ama, g\u00f6z\u00fc g\u00f6nl\u00fc da\u011flarda. Kulaklar\u0131 geyik sesinde. \u0130lk \u00f6zlemi, Zeynep&#8217;ine kavu\u015fmak, ikincisi de geyik av\u0131. Bu iki \u00f6zlem \u00f6ylesine kar\u0131\u015f\u0131r ki bazen, kopar\u0131p atamaz birbirinden. G\u00fcn g\u00fcn\u00fc eskitir; \u00f6zlem \u00f6zlemi kam\u00e7\u0131lar. Ve gelir d\u00fc\u011f\u00fcn g\u00fcn\u00fcne dayan\u0131r. Dayan\u0131r ki, bir yanda davullar zurnalar; \u00f6te yanda saz s\u00f6z. \u00dc\u00e7 g\u00fcn; \u00fc\u00e7 gece s\u00fcrer d\u00fc\u011f\u00fcn. Erkekler bir yanda halay \u00e7ekip lorke oynarken; kad\u0131nlar da kendi aralar\u0131nda e\u011fleniyorlar. Maniler s\u00f6yleyip, oyunlar oynuyorlar. Da\u011fdan ta\u015f\u0131nan odunlar, gece y\u0131\u011f\u0131l\u0131r k\u00f6y meydan\u0131na&#8230; Bir ate\u015f yak\u0131l\u0131r; sinsin ate\u015fi. Sonra da sinsin oynan\u0131r etraf\u0131nda ate\u015fin, g\u00fcre\u015fler tutulur.<\/p>\n<p>\u00dc\u00e7\u00fcnc\u00fc g\u00fcn\u00fcn ak\u015fam\u0131, g\u00fcvey t\u0131ra\u015f\u0131 yap\u0131l\u0131r. A\u011f\u0131r a\u011f\u0131r t\u0131ra\u015f eder g\u00fcveyi berber. Bir yandan da kabak kemane, debildek \u00e7alar \u00e7engiler. G\u00fcvey t\u0131ra\u015f edilirken, t\u00f6reler gere\u011fi herkes bir bah\u015fi\u015f kar\u015f\u0131l\u0131\u011f\u0131 \u015fi\u015felerle kolonya serper seyircilere. Ama bu bah\u015fi\u015f dolgun bir bah\u015fi\u015ftir. G\u00fcveyin yak\u0131nlar\u0131, arkada\u015flar\u0131 daha \u00e7ok bah\u015fi\u015f atmak i\u00e7in yar\u0131\u015f\u0131rlar birbirleriyle. G\u00fcveyin t\u0131ra\u015f\u0131ndan sonra, sa\u011fd\u0131\u00e7lar oturur berber koltu\u011funa. Onlar\u0131n t\u0131ra\u015f\u0131 da t\u00f6renle tamamlan\u0131r. Sonra g\u00fcvey sa\u011fd\u0131\u00e7lar\u0131n aras\u0131nda d\u00fc\u015fer yola. Bir yandan da gen\u00e7ler &#8220;Atal\u0131m atal\u0131m&#8221; \u00e7eker. Kar\u015f\u0131dan &#8220;Nereye&#8221; diye sorarlar &#8220;Herkesi sevdi\u011finin kuca\u011f\u0131na&#8221; diye yan\u0131tlarlar. Hep birden silahlar \u00e7ekilir, havaya kur\u015funlar s\u0131k\u0131l\u0131r. Evin kap\u0131s\u0131na kadar b\u00f6yle s\u00fcrer bu. Sonra Halil&#8217;in s\u0131rt\u0131 yumruklan\u0131r, sal\u0131n\u0131r i\u00e7eriye. Gerdek odas\u0131n\u0131n kap\u0131s\u0131nda telli duva\u011f\u0131yla Zeynep ayakta beklemektedir Halil&#8217;i. Halil girer gerdek odas\u0131na; girer ya kulaklar\u0131nda bir u\u011fultu, g\u00f6zlerinde bir karart\u0131. Bir tek ses geliyor kulaklar\u0131na, geyik sesi! Hem de evin yan\u0131ndan geliyor ses. Halil durur. Kulak kabart\u0131r sesin geldi\u011fi yana. Basbaya\u011f\u0131 geyik sesi bu. \u00dc\u00e7 g\u00fcnl\u00fck yoldan duysa, tan\u0131r geyik sesini Halil. Bir durur. &#8220;K\u00f6r \u015feytan, k\u00f6r g\u00f6z\u00fcne lanet&#8221; der. Atar ad\u0131m\u0131n\u0131 i\u00e7eri. Daha fazla gelmeye ba\u015flar geyik sesi. Dayanamaz, duvardaki t\u00fcfe\u011fini kapt\u0131\u011f\u0131 gibi f\u0131rlar d\u0131\u015far\u0131. Zeynep&#8217;e de &#8220;\u015fimdi gelirim&#8221; der. Ses yak\u0131ndan uza\u011fa gitmeye ba\u015flar. Halil sesin pe\u015finde. Ses Gavur Da\u011flar\u0131&#8217;na do\u011fru \u00e7ekilir. Halil de pe\u015finde. O gider ses uzakla\u015f\u0131r. Var\u0131r Gavurun Da\u011f\u0131&#8217;na ula\u015f\u0131rlar. Ula\u015f\u0131rlar ki, ne g\u00f6rs\u00fcn Halil. Alageyik \u00e7\u0131km\u0131\u015f bir kayan\u0131n \u00fcst\u00fcne, bak\u0131yor Halil&#8217;e. Ay\u0131n \u015favk\u0131 vurmu\u015f ki p\u0131r\u0131l p\u0131r\u0131l derisi. Bir de alayl\u0131 bak\u0131yor ki Halil&#8217;e. Atar bir kayan\u0131n siperine kendini Halil. Ni\u015fanlar t\u00fcfe\u011fini. Tam teti\u011fe basacak, f\u0131rlay\u0131verir Alageyik. Kay\u0131p! Sonra yeniden sesi gelir yak\u0131ndan. Var\u0131r Halil. Bakar \u00e7\u0131km\u0131\u015f bir kayan\u0131n tepesine Alageyik. Kaya da kaya! \u00dc\u00e7 bir yan\u0131 u\u00e7urum. G\u00f6z\u00fc karar\u0131r Halil&#8217;in. U\u00e7urumu g\u00f6recek durumda de\u011fil. Yeniden yumulur yere. Basar teti\u011fe. Alageyik y\u0131\u011f\u0131l\u0131r kalir kayan\u0131n \u00fcst\u00fcne. Halil&#8217;de bir heyecan, bir sevin\u00e7. &#8220;Hem Zeynep&#8217;e kavu\u015ftum, hem de ava&#8221;, diye ge\u00e7irir i\u00e7inden. Bir ko\u015fu geyi\u011fin yatt\u0131\u011f\u0131 kayaya y\u00f6nelir. Tam yan\u0131na gelir Alageyi\u011fin, atar elini ki tutsun geyi\u011fi, Alageyik f\u0131rlar aya\u011fa. F\u0131rlamas\u0131yla da \u00e7ifteyi sallamas\u0131 bir olur Halil&#8217;e. T\u00fcfek bir yandan, Halil bir yandan boylar u\u00e7urumun dibini. <\/p>\n<p>Gerdek odas\u0131nda da Zeynep bir bekler, iki bekler, bakar gelece\u011fi yok Halil&#8217;in. Ko\u015far t\u00fcfe\u011fin as\u0131l\u0131 oldu\u011fu duvara bakar. T\u00fcfe\u011fin yerinde yeller esiyor. F\u0131rlar all\u0131 duva\u011f\u0131yla d\u0131\u015far\u0131 Zeynep. F\u0131rlar da anlat\u0131r durumu sa\u011fd\u0131\u00e7lara. Herkeste bir merak, bir tela\u015f. Nerdeyse g\u00fcn a\u011faracak, Halil yok ortal\u0131kta. &#8220;Gerdek gecesi g\u00fcvey kal\u0131r m\u0131 d\u0131\u015farda. Mutlakza ba\u015f\u0131na bir i\u015f geldi&#8221; derler. K\u00f6y gen\u00e7leri gruplar halinde d\u00fc\u015ferler da\u011f yoluna. \u015eu tepe senin, bu tepe benim. Ad\u0131m ad\u0131m, <\/p>\n<p>Derler ki, k\u00f6y gen\u00e7leri ve al duvakl\u0131 Zeynep, Halil&#8217;in d\u00fc\u015ft\u00fc\u011f\u00fc u\u00e7urumun kenar\u0131na ula\u015ft\u0131klar\u0131nda, Halil&#8217;in sesi bir inilti gibi geliyordu u\u00e7urumun dibinden. &#8220;\u0130p salal\u0131m \u00e7ekelim yukar\u0131&#8221; derler. Diyene kalmaz ses seda kesilir Halil&#8217;de. Zeynep&#8217;tir bir al duva\u011f\u0131na bakar, bir u\u00e7urumun dibinde yatan Halil&#8217;e. &#8220;Sensiz d\u00fcnya haram bana&#8221; der, b\u0131rak\u0131r kendini Halil&#8217;in yatt\u0131\u011f\u0131 u\u00e7urumun dibine. <\/p>\n<p>O g\u00fcn, bug\u00fcnd\u00fcr bir ses gelir kayal\u0131klardan. U\u011fuldar u\u011fuldar bir t\u00fcrk\u00fc olur. Bu ses geyik av\u0131na t\u00f6vbeler eden Halil&#8217;in yan\u0131k sesidir der duyanlar. <\/p>\n<p>Bu efsaneyi, dilden dile; kulaktan kula\u011fa ula\u015ft\u0131ranlar bir\u015fey daha derler. U\u00e7urumun dibindeki iki sevgilinin mezarlar\u0131n\u0131n \u00fcst\u00fcnde, her y\u0131l\u0131n ilkbahar\u0131nda, ayn\u0131 g\u00fcnlerde, tam seher vakti tanyeri a\u011far\u0131rken iki tek \u00e7i\u00e7ek a\u00e7ar. Bu \u00e7i\u00e7e\u011fin biri k\u0131rm\u0131z\u0131, duvak renginde, \u00f6teki mavi a\u00e7ar. Tam \u00e7i\u00e7ekler boylan\u0131p, birbirine kavu\u015facakken, \u00f6telerden bir geyik u\u00e7arak gelir, \u00e7i\u00e7ekleri yer. Bu her y\u0131l b\u00f6yle s\u00fcrer gider. \u00c7i\u00e7ekler kavu\u015famaz birbirine. <\/p>\n<p>ALAGEY\u0130K <\/p>\n<p>Ben de gittim bir geyi\u011fin av\u0131na, <br \/>Geyik \u00e7ekti beni kendi da\u011f\u0131na, <br \/>T\u00f6vbeler t\u00f6vbesi geyik av\u0131na. <\/p>\n<p>Gidin arkada\u015flar kald\u0131m kayada, <br \/>Siz gidin yolda\u015flar kald\u0131m burada <\/p>\n<p>Ben giderken kaya ba\u015f\u0131 kar idi, <br \/>Yel vurdu da \u0131lg\u0131t \u0131lg\u0131t eridi, <br \/>Ak bilekler ta\u015f \u00fcst\u00fcnde \u00e7\u00fcr\u00fcd\u00fc, <br \/>Gidin arkada\u015flar kald\u0131m kayada, <br \/>Siz gidin yolda\u015flar kald\u0131m burada. <\/p>\n<p>Esvab\u0131m boh\u00e7ada bas\u0131l\u0131 kald\u0131, <br \/>T\u00fcfe\u011fim duvarda as\u0131l\u0131 kald\u0131, <br \/>Ni\u015fanl\u0131m da benden k\u00fcs\u00fcl\u00fc kald\u0131, <\/p>\n<p>Gidin arkada\u015flar kald\u0131m kayada, Siz gidin yolda\u015flar kald\u0131m burada. <\/p>\n<p>Kaynak:<br \/>Ya\u015far \u00d6z\u00fcrk\u00fct <br \/>\u00d6yk\u00fcleriyle\u00a0 T\u00fcrk\u00fcler 1<br \/>\u0130stanbul, 1999<\/p>\n","protected":false},"excerpt":{"rendered":"<p>Ben De Gittim Bir Geyi\u011fin Av\u0131na (Alageyik) Ben de gittim bir geyi\u011fin av\u0131na,Geyik \u00e7ekti beni kendi da\u011f\u0131na, T\u00f6vbeler t\u00f6vbesi geyik av\u0131na, Gidin arkada\u015flar kald\u0131m kayada, Siz gidin karda\u015flar kald\u0131m burada. T\u00f6vbe ya&#8230; T\u00f6vbe ki, t\u00f6vbe! Yaln\u0131z geyik av\u0131na m\u0131 t\u00f6vbe. Yoksa da\u011flar\u0131n doruklar\u0131na, k\u0131rlar\u0131n ye\u015filine, havaya, suya m\u0131 bu t\u00f6vbe? T\u00fcm g\u00fczelliklere mi t\u00f6vbe. Eee [&hellip;]<\/p>\n","protected":false},"author":1,"featured_media":0,"comment_status":"open","ping_status":"open","sticky":false,"template":"","format":"standard","meta":{"footnotes":""},"categories":[55],"tags":[],"class_list":{"0":"post-410","1":"post","2":"type-post","3":"status-publish","4":"format-standard","6":"category-oykuleriyle-turkuler"},"yoast_head":"<!-- This site is optimized with the Yoast SEO Premium plugin v24.9 (Yoast SEO v24.9) - https:\/\/yoast.com\/wordpress\/plugins\/seo\/ -->\n<title>Ben De Gittim Bir Geyi\u011fin Av\u0131na (Alageyik) - narteks.net<\/title>\n<meta name=\"robots\" content=\"index, follow, max-snippet:-1, max-image-preview:large, max-video-preview:-1\" \/>\n<link rel=\"canonical\" href=\"https:\/\/narteks.net\/index.php\/2009\/03\/12\/ben-de-gittim-bir-geyigin-avina-alageyik\/\" \/>\n<meta property=\"og:locale\" content=\"tr_TR\" \/>\n<meta property=\"og:type\" content=\"article\" \/>\n<meta property=\"og:title\" content=\"Ben De Gittim Bir Geyi\u011fin Av\u0131na (Alageyik)\" \/>\n<meta property=\"og:description\" content=\"Ben De Gittim Bir Geyi\u011fin Av\u0131na (Alageyik) Ben de gittim bir geyi\u011fin av\u0131na,Geyik \u00e7ekti beni kendi da\u011f\u0131na, T\u00f6vbeler t\u00f6vbesi geyik av\u0131na, Gidin arkada\u015flar kald\u0131m kayada, Siz gidin karda\u015flar kald\u0131m burada. T\u00f6vbe ya&#8230; T\u00f6vbe ki, t\u00f6vbe! Yaln\u0131z geyik av\u0131na m\u0131 t\u00f6vbe. Yoksa da\u011flar\u0131n doruklar\u0131na, k\u0131rlar\u0131n ye\u015filine, havaya, suya m\u0131 bu t\u00f6vbe? T\u00fcm g\u00fczelliklere mi t\u00f6vbe. Eee [&hellip;]\" \/>\n<meta property=\"og:url\" content=\"https:\/\/narteks.net\/index.php\/2009\/03\/12\/ben-de-gittim-bir-geyigin-avina-alageyik\/\" \/>\n<meta property=\"og:site_name\" content=\"narteks.net\" \/>\n<meta property=\"article:published_time\" content=\"2009-03-12T20:51:56+00:00\" \/>\n<meta property=\"og:image\" content=\"https:\/\/narteks.net\/wp-content\/uploads\/narteks.png\" \/>\n\t<meta property=\"og:image:width\" content=\"300\" \/>\n\t<meta property=\"og:image:height\" content=\"90\" \/>\n\t<meta property=\"og:image:type\" content=\"image\/png\" \/>\n<meta name=\"author\" content=\"Tar\u0131k\" \/>\n<meta name=\"twitter:card\" content=\"summary_large_image\" \/>\n<meta name=\"twitter:creator\" content=\"@narteks\" \/>\n<meta name=\"twitter:site\" content=\"@narteks\" \/>\n<meta name=\"twitter:label1\" content=\"Yazan:\" \/>\n\t<meta name=\"twitter:data1\" content=\"Tar\u0131k\" \/>\n\t<meta name=\"twitter:label2\" content=\"Tahmini okuma s\u00fcresi\" \/>\n\t<meta name=\"twitter:data2\" content=\"12 dakika\" \/>\n<script type=\"application\/ld+json\" class=\"yoast-schema-graph\">{\"@context\":\"https:\/\/schema.org\",\"@graph\":[{\"@type\":\"Article\",\"@id\":\"https:\/\/narteks.net\/index.php\/2009\/03\/12\/ben-de-gittim-bir-geyigin-avina-alageyik\/#article\",\"isPartOf\":{\"@id\":\"https:\/\/narteks.net\/index.php\/2009\/03\/12\/ben-de-gittim-bir-geyigin-avina-alageyik\/\"},\"author\":{\"name\":\"Tar\u0131k\",\"@id\":\"https:\/\/narteks.net\/#\/schema\/person\/61f37d9834294b72d31d274e7ed79bca\"},\"headline\":\"Ben De Gittim Bir Geyi\u011fin Av\u0131na (Alageyik)\",\"datePublished\":\"2009-03-12T20:51:56+00:00\",\"mainEntityOfPage\":{\"@id\":\"https:\/\/narteks.net\/index.php\/2009\/03\/12\/ben-de-gittim-bir-geyigin-avina-alageyik\/\"},\"wordCount\":2401,\"commentCount\":0,\"publisher\":{\"@id\":\"https:\/\/narteks.net\/#organization\"},\"articleSection\":[\"\u00d6yk\u00fcleriyle T\u00fcrk\u00fcler\"],\"inLanguage\":\"tr\",\"potentialAction\":[{\"@type\":\"CommentAction\",\"name\":\"Comment\",\"target\":[\"https:\/\/narteks.net\/index.php\/2009\/03\/12\/ben-de-gittim-bir-geyigin-avina-alageyik\/#respond\"]}]},{\"@type\":\"WebPage\",\"@id\":\"https:\/\/narteks.net\/index.php\/2009\/03\/12\/ben-de-gittim-bir-geyigin-avina-alageyik\/\",\"url\":\"https:\/\/narteks.net\/index.php\/2009\/03\/12\/ben-de-gittim-bir-geyigin-avina-alageyik\/\",\"name\":\"Ben De Gittim Bir Geyi\u011fin Av\u0131na (Alageyik) - narteks.net\",\"isPartOf\":{\"@id\":\"https:\/\/narteks.net\/#website\"},\"datePublished\":\"2009-03-12T20:51:56+00:00\",\"breadcrumb\":{\"@id\":\"https:\/\/narteks.net\/index.php\/2009\/03\/12\/ben-de-gittim-bir-geyigin-avina-alageyik\/#breadcrumb\"},\"inLanguage\":\"tr\",\"potentialAction\":[{\"@type\":\"ReadAction\",\"target\":[\"https:\/\/narteks.net\/index.php\/2009\/03\/12\/ben-de-gittim-bir-geyigin-avina-alageyik\/\"]}]},{\"@type\":\"BreadcrumbList\",\"@id\":\"https:\/\/narteks.net\/index.php\/2009\/03\/12\/ben-de-gittim-bir-geyigin-avina-alageyik\/#breadcrumb\",\"itemListElement\":[{\"@type\":\"ListItem\",\"position\":1,\"name\":\"Anasayfa\",\"item\":\"https:\/\/narteks.net\/\"},{\"@type\":\"ListItem\",\"position\":2,\"name\":\"Ben De Gittim Bir Geyi\u011fin Av\u0131na (Alageyik)\"}]},{\"@type\":\"WebSite\",\"@id\":\"https:\/\/narteks.net\/#website\",\"url\":\"https:\/\/narteks.net\/\",\"name\":\"narteks.net\",\"description\":\"K\u00fclt\u00fcr Sanat Edebiyat Felsefe\",\"publisher\":{\"@id\":\"https:\/\/narteks.net\/#organization\"},\"alternateName\":\"K\u00fclt\u00fcr Sanat Edebiyat Felsefe\",\"potentialAction\":[{\"@type\":\"SearchAction\",\"target\":{\"@type\":\"EntryPoint\",\"urlTemplate\":\"https:\/\/narteks.net\/?s={search_term_string}\"},\"query-input\":{\"@type\":\"PropertyValueSpecification\",\"valueRequired\":true,\"valueName\":\"search_term_string\"}}],\"inLanguage\":\"tr\"},{\"@type\":\"Organization\",\"@id\":\"https:\/\/narteks.net\/#organization\",\"name\":\"narteks.net\",\"url\":\"https:\/\/narteks.net\/\",\"logo\":{\"@type\":\"ImageObject\",\"inLanguage\":\"tr\",\"@id\":\"https:\/\/narteks.net\/#\/schema\/logo\/image\/\",\"url\":\"https:\/\/narteks.net\/wp-content\/uploads\/narteks.png\",\"contentUrl\":\"https:\/\/narteks.net\/wp-content\/uploads\/narteks.png\",\"width\":300,\"height\":90,\"caption\":\"narteks.net\"},\"image\":{\"@id\":\"https:\/\/narteks.net\/#\/schema\/logo\/image\/\"},\"sameAs\":[\"https:\/\/x.com\/narteks\",\"https:\/\/instagram.com\/narteksnet\"]},{\"@type\":\"Person\",\"@id\":\"https:\/\/narteks.net\/#\/schema\/person\/61f37d9834294b72d31d274e7ed79bca\",\"name\":\"Tar\u0131k\",\"image\":{\"@type\":\"ImageObject\",\"inLanguage\":\"tr\",\"@id\":\"https:\/\/narteks.net\/#\/schema\/person\/image\/\",\"url\":\"https:\/\/secure.gravatar.com\/avatar\/50865afb55632c4ae467e0af0930f6510aa2297d8014be502a55b14f3b7550cf?s=96&d=mm&r=g\",\"contentUrl\":\"https:\/\/secure.gravatar.com\/avatar\/50865afb55632c4ae467e0af0930f6510aa2297d8014be502a55b14f3b7550cf?s=96&d=mm&r=g\",\"caption\":\"Tar\u0131k\"},\"sameAs\":[\"http:\/\/narteks.net\"],\"url\":\"https:\/\/narteks.net\/index.php\/author\/narbak\/\"}]}<\/script>\n<!-- \/ Yoast SEO Premium plugin. -->","yoast_head_json":{"title":"Ben De Gittim Bir Geyi\u011fin Av\u0131na (Alageyik) - narteks.net","robots":{"index":"index","follow":"follow","max-snippet":"max-snippet:-1","max-image-preview":"max-image-preview:large","max-video-preview":"max-video-preview:-1"},"canonical":"https:\/\/narteks.net\/index.php\/2009\/03\/12\/ben-de-gittim-bir-geyigin-avina-alageyik\/","og_locale":"tr_TR","og_type":"article","og_title":"Ben De Gittim Bir Geyi\u011fin Av\u0131na (Alageyik)","og_description":"Ben De Gittim Bir Geyi\u011fin Av\u0131na (Alageyik) Ben de gittim bir geyi\u011fin av\u0131na,Geyik \u00e7ekti beni kendi da\u011f\u0131na, T\u00f6vbeler t\u00f6vbesi geyik av\u0131na, Gidin arkada\u015flar kald\u0131m kayada, Siz gidin karda\u015flar kald\u0131m burada. T\u00f6vbe ya&#8230; T\u00f6vbe ki, t\u00f6vbe! Yaln\u0131z geyik av\u0131na m\u0131 t\u00f6vbe. Yoksa da\u011flar\u0131n doruklar\u0131na, k\u0131rlar\u0131n ye\u015filine, havaya, suya m\u0131 bu t\u00f6vbe? T\u00fcm g\u00fczelliklere mi t\u00f6vbe. Eee [&hellip;]","og_url":"https:\/\/narteks.net\/index.php\/2009\/03\/12\/ben-de-gittim-bir-geyigin-avina-alageyik\/","og_site_name":"narteks.net","article_published_time":"2009-03-12T20:51:56+00:00","og_image":[{"width":300,"height":90,"url":"https:\/\/narteks.net\/wp-content\/uploads\/narteks.png","type":"image\/png"}],"author":"Tar\u0131k","twitter_card":"summary_large_image","twitter_creator":"@narteks","twitter_site":"@narteks","twitter_misc":{"Yazan:":"Tar\u0131k","Tahmini okuma s\u00fcresi":"12 dakika"},"schema":{"@context":"https:\/\/schema.org","@graph":[{"@type":"Article","@id":"https:\/\/narteks.net\/index.php\/2009\/03\/12\/ben-de-gittim-bir-geyigin-avina-alageyik\/#article","isPartOf":{"@id":"https:\/\/narteks.net\/index.php\/2009\/03\/12\/ben-de-gittim-bir-geyigin-avina-alageyik\/"},"author":{"name":"Tar\u0131k","@id":"https:\/\/narteks.net\/#\/schema\/person\/61f37d9834294b72d31d274e7ed79bca"},"headline":"Ben De Gittim Bir Geyi\u011fin Av\u0131na (Alageyik)","datePublished":"2009-03-12T20:51:56+00:00","mainEntityOfPage":{"@id":"https:\/\/narteks.net\/index.php\/2009\/03\/12\/ben-de-gittim-bir-geyigin-avina-alageyik\/"},"wordCount":2401,"commentCount":0,"publisher":{"@id":"https:\/\/narteks.net\/#organization"},"articleSection":["\u00d6yk\u00fcleriyle T\u00fcrk\u00fcler"],"inLanguage":"tr","potentialAction":[{"@type":"CommentAction","name":"Comment","target":["https:\/\/narteks.net\/index.php\/2009\/03\/12\/ben-de-gittim-bir-geyigin-avina-alageyik\/#respond"]}]},{"@type":"WebPage","@id":"https:\/\/narteks.net\/index.php\/2009\/03\/12\/ben-de-gittim-bir-geyigin-avina-alageyik\/","url":"https:\/\/narteks.net\/index.php\/2009\/03\/12\/ben-de-gittim-bir-geyigin-avina-alageyik\/","name":"Ben De Gittim Bir Geyi\u011fin Av\u0131na (Alageyik) - narteks.net","isPartOf":{"@id":"https:\/\/narteks.net\/#website"},"datePublished":"2009-03-12T20:51:56+00:00","breadcrumb":{"@id":"https:\/\/narteks.net\/index.php\/2009\/03\/12\/ben-de-gittim-bir-geyigin-avina-alageyik\/#breadcrumb"},"inLanguage":"tr","potentialAction":[{"@type":"ReadAction","target":["https:\/\/narteks.net\/index.php\/2009\/03\/12\/ben-de-gittim-bir-geyigin-avina-alageyik\/"]}]},{"@type":"BreadcrumbList","@id":"https:\/\/narteks.net\/index.php\/2009\/03\/12\/ben-de-gittim-bir-geyigin-avina-alageyik\/#breadcrumb","itemListElement":[{"@type":"ListItem","position":1,"name":"Anasayfa","item":"https:\/\/narteks.net\/"},{"@type":"ListItem","position":2,"name":"Ben De Gittim Bir Geyi\u011fin Av\u0131na (Alageyik)"}]},{"@type":"WebSite","@id":"https:\/\/narteks.net\/#website","url":"https:\/\/narteks.net\/","name":"narteks.net","description":"K\u00fclt\u00fcr Sanat Edebiyat Felsefe","publisher":{"@id":"https:\/\/narteks.net\/#organization"},"alternateName":"K\u00fclt\u00fcr Sanat Edebiyat Felsefe","potentialAction":[{"@type":"SearchAction","target":{"@type":"EntryPoint","urlTemplate":"https:\/\/narteks.net\/?s={search_term_string}"},"query-input":{"@type":"PropertyValueSpecification","valueRequired":true,"valueName":"search_term_string"}}],"inLanguage":"tr"},{"@type":"Organization","@id":"https:\/\/narteks.net\/#organization","name":"narteks.net","url":"https:\/\/narteks.net\/","logo":{"@type":"ImageObject","inLanguage":"tr","@id":"https:\/\/narteks.net\/#\/schema\/logo\/image\/","url":"https:\/\/narteks.net\/wp-content\/uploads\/narteks.png","contentUrl":"https:\/\/narteks.net\/wp-content\/uploads\/narteks.png","width":300,"height":90,"caption":"narteks.net"},"image":{"@id":"https:\/\/narteks.net\/#\/schema\/logo\/image\/"},"sameAs":["https:\/\/x.com\/narteks","https:\/\/instagram.com\/narteksnet"]},{"@type":"Person","@id":"https:\/\/narteks.net\/#\/schema\/person\/61f37d9834294b72d31d274e7ed79bca","name":"Tar\u0131k","image":{"@type":"ImageObject","inLanguage":"tr","@id":"https:\/\/narteks.net\/#\/schema\/person\/image\/","url":"https:\/\/secure.gravatar.com\/avatar\/50865afb55632c4ae467e0af0930f6510aa2297d8014be502a55b14f3b7550cf?s=96&d=mm&r=g","contentUrl":"https:\/\/secure.gravatar.com\/avatar\/50865afb55632c4ae467e0af0930f6510aa2297d8014be502a55b14f3b7550cf?s=96&d=mm&r=g","caption":"Tar\u0131k"},"sameAs":["http:\/\/narteks.net"],"url":"https:\/\/narteks.net\/index.php\/author\/narbak\/"}]}},"_links":{"self":[{"href":"https:\/\/narteks.net\/index.php\/wp-json\/wp\/v2\/posts\/410","targetHints":{"allow":["GET"]}}],"collection":[{"href":"https:\/\/narteks.net\/index.php\/wp-json\/wp\/v2\/posts"}],"about":[{"href":"https:\/\/narteks.net\/index.php\/wp-json\/wp\/v2\/types\/post"}],"author":[{"embeddable":true,"href":"https:\/\/narteks.net\/index.php\/wp-json\/wp\/v2\/users\/1"}],"replies":[{"embeddable":true,"href":"https:\/\/narteks.net\/index.php\/wp-json\/wp\/v2\/comments?post=410"}],"version-history":[{"count":0,"href":"https:\/\/narteks.net\/index.php\/wp-json\/wp\/v2\/posts\/410\/revisions"}],"wp:attachment":[{"href":"https:\/\/narteks.net\/index.php\/wp-json\/wp\/v2\/media?parent=410"}],"wp:term":[{"taxonomy":"category","embeddable":true,"href":"https:\/\/narteks.net\/index.php\/wp-json\/wp\/v2\/categories?post=410"},{"taxonomy":"post_tag","embeddable":true,"href":"https:\/\/narteks.net\/index.php\/wp-json\/wp\/v2\/tags?post=410"}],"curies":[{"name":"wp","href":"https:\/\/api.w.org\/{rel}","templated":true}]}}