{"id":4108,"date":"2010-02-01T16:28:11","date_gmt":"2010-02-01T13:28:11","guid":{"rendered":"http:\/\/localhost\/wordpress\/2010\/02\/01\/romantik-ve-baskaldirici-bir-kisilik-kendi-sesinden-49-siir-ahmet-telli\/"},"modified":"2010-02-01T16:28:11","modified_gmt":"2010-02-01T13:28:11","slug":"romantik-ve-baskaldirici-bir-kisilik-kendi-sesinden-49-siir-ahmet-telli","status":"publish","type":"post","link":"https:\/\/narteks.net\/index.php\/2010\/02\/01\/romantik-ve-baskaldirici-bir-kisilik-kendi-sesinden-49-siir-ahmet-telli\/","title":{"rendered":"Romantik ve ba\u015fkald\u0131r\u0131c\u0131 bir ki\u015filik | Kendi sesinden 49 \u015fiir &#8211; Ahmet Telli"},"content":{"rendered":"<p><img loading=\"lazy\" decoding=\"async\" src=\"http:\/\/userserve-ak.last.fm\/serve\/252\/385561.jpg\" border=\"0\" width=\"155\" height=\"205\" style=\"float: left;\" \/><\/p>\n<p style=\"text-align: justify;\">Eskipazar&#8217;da do\u011fan Ahmet Telli , Gazi E\u011fitim Enstit\u00fcs\u00fc T\u00fcrk Dili ve Edebiyat\u0131 B\u00f6l\u00fcm\u00fcn\u00fc bitirdi. Yurdun \u00e7e\u015fitli illerin de ortaokul ve liselerde edebiyat \u00f6\u011fretmenli\u011fi yapt\u0131.12 eyl\u00fcl askeri darbesinden sonra bir\u00e7ok ayd\u0131n gibi fikirlerinden dolay\u0131 uzunca bir s\u00fcre tutuklu kald\u0131.1960 sonras\u0131 toplumcu \u015fiirimizin (N.Behram, A.Bulut, \u0130.Uyaro\u011flu, v.b.) ikinci ku\u015fa\u011f\u0131nda yer alan \u00f6zg\u00fcn bir \u015fairdir. Romantik ve ba\u015fkald\u0131r\u0131c\u0131 ki\u015fili\u011fi ,onu bir yan\u0131yla da A. \u0130lhan \u015fiirine ba\u011fl\u0131yor.<\/p>\n<p><!--more--><\/p>\n<p>\u00a0<\/p>\n<p>Player&#8217;da \u015fair&#8217;in kendi sesinden 49 adet \u015fiir bulunmaktad\u0131r&#8230;<\/p>\n<p>&#8230;<\/p>\n<p>\u00a0<\/p>\n<p>\n<object width=\"400\" height=\"315\"><param name=\"movie\" value=\"http:\/\/www.humyo.com\/E\/10044311-281475226203211\/10044311-281475226203785\/10044311-281475226203967\/10044311-281475226204757\/10044311-281475226205021\/10044311-281475226204313\/10044311-281475226205213\/10044311-281475226205579\/10044311-281475226206591\/10044311-281475226206981\/10044311-281475226216479\/10044311-281475226207209\/10044311-281475226207435\/10044311-281475226207771\/10044311-281475226208049\/10044311-281475226208201\/10044311-281475226208407\/10044311-281475226208901\/10044311-281475226217905\/10044311-281475226218017\/10044311-281475226209173\/10044311-281475226209415\/10044311-281475226209771\/10044311-281475226210051\/10044311-281475226210235\/10044311-281475226210905\/10044311-281475226211423\/10044311-281475226211105\/10044311-281475226216989\/10044311-281475226217131\/10044311-281475226217405\/10044311-281475226212309\/10044311-281475226212461\/10044311-281475226215323\/10044311-281475226215803\/10044311-281475226212793\/10044311-281475226213145\/10044311-281475226214615\/10044311-281475226214805\/10044311-281475226217685\/10044311-281475226215969\/10044311-281475226216205\" \/><param name=\"flashvars\" value=\"autostart=true&amp;imagestart=true&amp;displayheight=236\" \/><embed type=\"application\/x-shockwave-flash\" width=\"400\" height=\"315\" src=\"http:\/\/www.humyo.com\/E\/10044311-281475226203211\/10044311-281475226203785\/10044311-281475226203967\/10044311-281475226204757\/10044311-281475226205021\/10044311-281475226204313\/10044311-281475226205213\/10044311-281475226205579\/10044311-281475226206591\/10044311-281475226206981\/10044311-281475226216479\/10044311-281475226207209\/10044311-281475226207435\/10044311-281475226207771\/10044311-281475226208049\/10044311-281475226208201\/10044311-281475226208407\/10044311-281475226208901\/10044311-281475226217905\/10044311-281475226218017\/10044311-281475226209173\/10044311-281475226209415\/10044311-281475226209771\/10044311-281475226210051\/10044311-281475226210235\/10044311-281475226210905\/10044311-281475226211423\/10044311-281475226211105\/10044311-281475226216989\/10044311-281475226217131\/10044311-281475226217405\/10044311-281475226212309\/10044311-281475226212461\/10044311-281475226215323\/10044311-281475226215803\/10044311-281475226212793\/10044311-281475226213145\/10044311-281475226214615\/10044311-281475226214805\/10044311-281475226217685\/10044311-281475226215969\/10044311-281475226216205\" flashvars=\"autostart=true&amp;imagestart=true&amp;displayheight=236\"><\/embed><\/object><\/p>\n","protected":false},"excerpt":{"rendered":"<p>Eskipazar&#8217;da do\u011fan Ahmet Telli , Gazi E\u011fitim Enstit\u00fcs\u00fc T\u00fcrk Dili ve Edebiyat\u0131 B\u00f6l\u00fcm\u00fcn\u00fc bitirdi. Yurdun \u00e7e\u015fitli illerin de ortaokul ve liselerde edebiyat \u00f6\u011fretmenli\u011fi yapt\u0131.12 eyl\u00fcl askeri darbesinden sonra bir\u00e7ok ayd\u0131n gibi fikirlerinden dolay\u0131 uzunca bir s\u00fcre tutuklu kald\u0131.1960 sonras\u0131 toplumcu \u015fiirimizin (N.Behram, A.Bulut, \u0130.Uyaro\u011flu, v.b.) ikinci ku\u015fa\u011f\u0131nda yer alan \u00f6zg\u00fcn bir \u015fairdir. Romantik ve ba\u015fkald\u0131r\u0131c\u0131 [&hellip;]<\/p>\n","protected":false},"author":1,"featured_media":0,"comment_status":"open","ping_status":"open","sticky":false,"template":"","format":"standard","meta":{"footnotes":""},"categories":[122],"tags":[],"class_list":{"0":"post-4108","1":"post","2":"type-post","3":"status-publish","4":"format-standard","6":"category-sair-e-dair"},"yoast_head":"<!-- This site is optimized with the Yoast SEO Premium plugin v24.9 (Yoast SEO v24.9) - https:\/\/yoast.com\/wordpress\/plugins\/seo\/ -->\n<title>Romantik ve ba\u015fkald\u0131r\u0131c\u0131 bir ki\u015filik | Kendi sesinden 49 \u015fiir - Ahmet Telli - narteks.net<\/title>\n<meta name=\"robots\" content=\"index, follow, max-snippet:-1, max-image-preview:large, max-video-preview:-1\" \/>\n<link rel=\"canonical\" href=\"https:\/\/narteks.net\/index.php\/2010\/02\/01\/romantik-ve-baskaldirici-bir-kisilik-kendi-sesinden-49-siir-ahmet-telli\/\" \/>\n<meta property=\"og:locale\" content=\"tr_TR\" \/>\n<meta property=\"og:type\" content=\"article\" \/>\n<meta property=\"og:title\" content=\"Romantik ve ba\u015fkald\u0131r\u0131c\u0131 bir ki\u015filik | Kendi sesinden 49 \u015fiir - Ahmet Telli\" \/>\n<meta property=\"og:description\" content=\"Eskipazar&#8217;da do\u011fan Ahmet Telli , Gazi E\u011fitim Enstit\u00fcs\u00fc T\u00fcrk Dili ve Edebiyat\u0131 B\u00f6l\u00fcm\u00fcn\u00fc bitirdi. Yurdun \u00e7e\u015fitli illerin de ortaokul ve liselerde edebiyat \u00f6\u011fretmenli\u011fi yapt\u0131.12 eyl\u00fcl askeri darbesinden sonra bir\u00e7ok ayd\u0131n gibi fikirlerinden dolay\u0131 uzunca bir s\u00fcre tutuklu kald\u0131.1960 sonras\u0131 toplumcu \u015fiirimizin (N.Behram, A.Bulut, \u0130.Uyaro\u011flu, v.b.) ikinci ku\u015fa\u011f\u0131nda yer alan \u00f6zg\u00fcn bir \u015fairdir. Romantik ve ba\u015fkald\u0131r\u0131c\u0131 [&hellip;]\" \/>\n<meta property=\"og:url\" content=\"https:\/\/narteks.net\/index.php\/2010\/02\/01\/romantik-ve-baskaldirici-bir-kisilik-kendi-sesinden-49-siir-ahmet-telli\/\" \/>\n<meta property=\"og:site_name\" content=\"narteks.net\" \/>\n<meta property=\"article:published_time\" content=\"2010-02-01T13:28:11+00:00\" \/>\n<meta property=\"og:image\" content=\"http:\/\/userserve-ak.last.fm\/serve\/252\/385561.jpg\" \/>\n<meta name=\"author\" content=\"Tar\u0131k\" \/>\n<meta name=\"twitter:card\" content=\"summary_large_image\" \/>\n<meta name=\"twitter:creator\" content=\"@narteks\" \/>\n<meta name=\"twitter:site\" content=\"@narteks\" \/>\n<meta name=\"twitter:label1\" content=\"Yazan:\" \/>\n\t<meta name=\"twitter:data1\" content=\"Tar\u0131k\" \/>\n<script type=\"application\/ld+json\" class=\"yoast-schema-graph\">{\"@context\":\"https:\/\/schema.org\",\"@graph\":[{\"@type\":\"Article\",\"@id\":\"https:\/\/narteks.net\/index.php\/2010\/02\/01\/romantik-ve-baskaldirici-bir-kisilik-kendi-sesinden-49-siir-ahmet-telli\/#article\",\"isPartOf\":{\"@id\":\"https:\/\/narteks.net\/index.php\/2010\/02\/01\/romantik-ve-baskaldirici-bir-kisilik-kendi-sesinden-49-siir-ahmet-telli\/\"},\"author\":{\"name\":\"Tar\u0131k\",\"@id\":\"https:\/\/narteks.net\/#\/schema\/person\/61f37d9834294b72d31d274e7ed79bca\"},\"headline\":\"Romantik ve ba\u015fkald\u0131r\u0131c\u0131 bir ki\u015filik | Kendi sesinden 49 \u015fiir &#8211; Ahmet Telli\",\"datePublished\":\"2010-02-01T13:28:11+00:00\",\"mainEntityOfPage\":{\"@id\":\"https:\/\/narteks.net\/index.php\/2010\/02\/01\/romantik-ve-baskaldirici-bir-kisilik-kendi-sesinden-49-siir-ahmet-telli\/\"},\"wordCount\":114,\"commentCount\":0,\"publisher\":{\"@id\":\"https:\/\/narteks.net\/#organization\"},\"image\":{\"@id\":\"https:\/\/narteks.net\/index.php\/2010\/02\/01\/romantik-ve-baskaldirici-bir-kisilik-kendi-sesinden-49-siir-ahmet-telli\/#primaryimage\"},\"thumbnailUrl\":\"http:\/\/userserve-ak.last.fm\/serve\/252\/385561.jpg\",\"articleSection\":[\"\u015eair'e Dair\"],\"inLanguage\":\"tr\",\"potentialAction\":[{\"@type\":\"CommentAction\",\"name\":\"Comment\",\"target\":[\"https:\/\/narteks.net\/index.php\/2010\/02\/01\/romantik-ve-baskaldirici-bir-kisilik-kendi-sesinden-49-siir-ahmet-telli\/#respond\"]}]},{\"@type\":\"WebPage\",\"@id\":\"https:\/\/narteks.net\/index.php\/2010\/02\/01\/romantik-ve-baskaldirici-bir-kisilik-kendi-sesinden-49-siir-ahmet-telli\/\",\"url\":\"https:\/\/narteks.net\/index.php\/2010\/02\/01\/romantik-ve-baskaldirici-bir-kisilik-kendi-sesinden-49-siir-ahmet-telli\/\",\"name\":\"Romantik ve ba\u015fkald\u0131r\u0131c\u0131 bir ki\u015filik | Kendi sesinden 49 \u015fiir - Ahmet Telli - narteks.net\",\"isPartOf\":{\"@id\":\"https:\/\/narteks.net\/#website\"},\"primaryImageOfPage\":{\"@id\":\"https:\/\/narteks.net\/index.php\/2010\/02\/01\/romantik-ve-baskaldirici-bir-kisilik-kendi-sesinden-49-siir-ahmet-telli\/#primaryimage\"},\"image\":{\"@id\":\"https:\/\/narteks.net\/index.php\/2010\/02\/01\/romantik-ve-baskaldirici-bir-kisilik-kendi-sesinden-49-siir-ahmet-telli\/#primaryimage\"},\"thumbnailUrl\":\"http:\/\/userserve-ak.last.fm\/serve\/252\/385561.jpg\",\"datePublished\":\"2010-02-01T13:28:11+00:00\",\"breadcrumb\":{\"@id\":\"https:\/\/narteks.net\/index.php\/2010\/02\/01\/romantik-ve-baskaldirici-bir-kisilik-kendi-sesinden-49-siir-ahmet-telli\/#breadcrumb\"},\"inLanguage\":\"tr\",\"potentialAction\":[{\"@type\":\"ReadAction\",\"target\":[\"https:\/\/narteks.net\/index.php\/2010\/02\/01\/romantik-ve-baskaldirici-bir-kisilik-kendi-sesinden-49-siir-ahmet-telli\/\"]}]},{\"@type\":\"ImageObject\",\"inLanguage\":\"tr\",\"@id\":\"https:\/\/narteks.net\/index.php\/2010\/02\/01\/romantik-ve-baskaldirici-bir-kisilik-kendi-sesinden-49-siir-ahmet-telli\/#primaryimage\",\"url\":\"http:\/\/userserve-ak.last.fm\/serve\/252\/385561.jpg\",\"contentUrl\":\"http:\/\/userserve-ak.last.fm\/serve\/252\/385561.jpg\"},{\"@type\":\"BreadcrumbList\",\"@id\":\"https:\/\/narteks.net\/index.php\/2010\/02\/01\/romantik-ve-baskaldirici-bir-kisilik-kendi-sesinden-49-siir-ahmet-telli\/#breadcrumb\",\"itemListElement\":[{\"@type\":\"ListItem\",\"position\":1,\"name\":\"Anasayfa\",\"item\":\"https:\/\/narteks.net\/\"},{\"@type\":\"ListItem\",\"position\":2,\"name\":\"Romantik ve ba\u015fkald\u0131r\u0131c\u0131 bir ki\u015filik | Kendi sesinden 49 \u015fiir &#8211; Ahmet Telli\"}]},{\"@type\":\"WebSite\",\"@id\":\"https:\/\/narteks.net\/#website\",\"url\":\"https:\/\/narteks.net\/\",\"name\":\"narteks.net\",\"description\":\"K\u00fclt\u00fcr Sanat Edebiyat Felsefe\",\"publisher\":{\"@id\":\"https:\/\/narteks.net\/#organization\"},\"alternateName\":\"K\u00fclt\u00fcr Sanat Edebiyat Felsefe\",\"potentialAction\":[{\"@type\":\"SearchAction\",\"target\":{\"@type\":\"EntryPoint\",\"urlTemplate\":\"https:\/\/narteks.net\/?s={search_term_string}\"},\"query-input\":{\"@type\":\"PropertyValueSpecification\",\"valueRequired\":true,\"valueName\":\"search_term_string\"}}],\"inLanguage\":\"tr\"},{\"@type\":\"Organization\",\"@id\":\"https:\/\/narteks.net\/#organization\",\"name\":\"narteks.net\",\"url\":\"https:\/\/narteks.net\/\",\"logo\":{\"@type\":\"ImageObject\",\"inLanguage\":\"tr\",\"@id\":\"https:\/\/narteks.net\/#\/schema\/logo\/image\/\",\"url\":\"https:\/\/narteks.net\/wp-content\/uploads\/narteks.png\",\"contentUrl\":\"https:\/\/narteks.net\/wp-content\/uploads\/narteks.png\",\"width\":300,\"height\":90,\"caption\":\"narteks.net\"},\"image\":{\"@id\":\"https:\/\/narteks.net\/#\/schema\/logo\/image\/\"},\"sameAs\":[\"https:\/\/x.com\/narteks\",\"https:\/\/instagram.com\/narteksnet\"]},{\"@type\":\"Person\",\"@id\":\"https:\/\/narteks.net\/#\/schema\/person\/61f37d9834294b72d31d274e7ed79bca\",\"name\":\"Tar\u0131k\",\"image\":{\"@type\":\"ImageObject\",\"inLanguage\":\"tr\",\"@id\":\"https:\/\/narteks.net\/#\/schema\/person\/image\/\",\"url\":\"https:\/\/secure.gravatar.com\/avatar\/50865afb55632c4ae467e0af0930f6510aa2297d8014be502a55b14f3b7550cf?s=96&d=mm&r=g\",\"contentUrl\":\"https:\/\/secure.gravatar.com\/avatar\/50865afb55632c4ae467e0af0930f6510aa2297d8014be502a55b14f3b7550cf?s=96&d=mm&r=g\",\"caption\":\"Tar\u0131k\"},\"sameAs\":[\"http:\/\/narteks.net\"],\"url\":\"https:\/\/narteks.net\/index.php\/author\/narbak\/\"}]}<\/script>\n<!-- \/ Yoast SEO Premium plugin. -->","yoast_head_json":{"title":"Romantik ve ba\u015fkald\u0131r\u0131c\u0131 bir ki\u015filik | Kendi sesinden 49 \u015fiir - Ahmet Telli - narteks.net","robots":{"index":"index","follow":"follow","max-snippet":"max-snippet:-1","max-image-preview":"max-image-preview:large","max-video-preview":"max-video-preview:-1"},"canonical":"https:\/\/narteks.net\/index.php\/2010\/02\/01\/romantik-ve-baskaldirici-bir-kisilik-kendi-sesinden-49-siir-ahmet-telli\/","og_locale":"tr_TR","og_type":"article","og_title":"Romantik ve ba\u015fkald\u0131r\u0131c\u0131 bir ki\u015filik | Kendi sesinden 49 \u015fiir - Ahmet Telli","og_description":"Eskipazar&#8217;da do\u011fan Ahmet Telli , Gazi E\u011fitim Enstit\u00fcs\u00fc T\u00fcrk Dili ve Edebiyat\u0131 B\u00f6l\u00fcm\u00fcn\u00fc bitirdi. Yurdun \u00e7e\u015fitli illerin de ortaokul ve liselerde edebiyat \u00f6\u011fretmenli\u011fi yapt\u0131.12 eyl\u00fcl askeri darbesinden sonra bir\u00e7ok ayd\u0131n gibi fikirlerinden dolay\u0131 uzunca bir s\u00fcre tutuklu kald\u0131.1960 sonras\u0131 toplumcu \u015fiirimizin (N.Behram, A.Bulut, \u0130.Uyaro\u011flu, v.b.) ikinci ku\u015fa\u011f\u0131nda yer alan \u00f6zg\u00fcn bir \u015fairdir. Romantik ve ba\u015fkald\u0131r\u0131c\u0131 [&hellip;]","og_url":"https:\/\/narteks.net\/index.php\/2010\/02\/01\/romantik-ve-baskaldirici-bir-kisilik-kendi-sesinden-49-siir-ahmet-telli\/","og_site_name":"narteks.net","article_published_time":"2010-02-01T13:28:11+00:00","og_image":[{"url":"http:\/\/userserve-ak.last.fm\/serve\/252\/385561.jpg","type":"","width":"","height":""}],"author":"Tar\u0131k","twitter_card":"summary_large_image","twitter_creator":"@narteks","twitter_site":"@narteks","twitter_misc":{"Yazan:":"Tar\u0131k"},"schema":{"@context":"https:\/\/schema.org","@graph":[{"@type":"Article","@id":"https:\/\/narteks.net\/index.php\/2010\/02\/01\/romantik-ve-baskaldirici-bir-kisilik-kendi-sesinden-49-siir-ahmet-telli\/#article","isPartOf":{"@id":"https:\/\/narteks.net\/index.php\/2010\/02\/01\/romantik-ve-baskaldirici-bir-kisilik-kendi-sesinden-49-siir-ahmet-telli\/"},"author":{"name":"Tar\u0131k","@id":"https:\/\/narteks.net\/#\/schema\/person\/61f37d9834294b72d31d274e7ed79bca"},"headline":"Romantik ve ba\u015fkald\u0131r\u0131c\u0131 bir ki\u015filik | Kendi sesinden 49 \u015fiir &#8211; Ahmet Telli","datePublished":"2010-02-01T13:28:11+00:00","mainEntityOfPage":{"@id":"https:\/\/narteks.net\/index.php\/2010\/02\/01\/romantik-ve-baskaldirici-bir-kisilik-kendi-sesinden-49-siir-ahmet-telli\/"},"wordCount":114,"commentCount":0,"publisher":{"@id":"https:\/\/narteks.net\/#organization"},"image":{"@id":"https:\/\/narteks.net\/index.php\/2010\/02\/01\/romantik-ve-baskaldirici-bir-kisilik-kendi-sesinden-49-siir-ahmet-telli\/#primaryimage"},"thumbnailUrl":"http:\/\/userserve-ak.last.fm\/serve\/252\/385561.jpg","articleSection":["\u015eair'e Dair"],"inLanguage":"tr","potentialAction":[{"@type":"CommentAction","name":"Comment","target":["https:\/\/narteks.net\/index.php\/2010\/02\/01\/romantik-ve-baskaldirici-bir-kisilik-kendi-sesinden-49-siir-ahmet-telli\/#respond"]}]},{"@type":"WebPage","@id":"https:\/\/narteks.net\/index.php\/2010\/02\/01\/romantik-ve-baskaldirici-bir-kisilik-kendi-sesinden-49-siir-ahmet-telli\/","url":"https:\/\/narteks.net\/index.php\/2010\/02\/01\/romantik-ve-baskaldirici-bir-kisilik-kendi-sesinden-49-siir-ahmet-telli\/","name":"Romantik ve ba\u015fkald\u0131r\u0131c\u0131 bir ki\u015filik | Kendi sesinden 49 \u015fiir - Ahmet Telli - narteks.net","isPartOf":{"@id":"https:\/\/narteks.net\/#website"},"primaryImageOfPage":{"@id":"https:\/\/narteks.net\/index.php\/2010\/02\/01\/romantik-ve-baskaldirici-bir-kisilik-kendi-sesinden-49-siir-ahmet-telli\/#primaryimage"},"image":{"@id":"https:\/\/narteks.net\/index.php\/2010\/02\/01\/romantik-ve-baskaldirici-bir-kisilik-kendi-sesinden-49-siir-ahmet-telli\/#primaryimage"},"thumbnailUrl":"http:\/\/userserve-ak.last.fm\/serve\/252\/385561.jpg","datePublished":"2010-02-01T13:28:11+00:00","breadcrumb":{"@id":"https:\/\/narteks.net\/index.php\/2010\/02\/01\/romantik-ve-baskaldirici-bir-kisilik-kendi-sesinden-49-siir-ahmet-telli\/#breadcrumb"},"inLanguage":"tr","potentialAction":[{"@type":"ReadAction","target":["https:\/\/narteks.net\/index.php\/2010\/02\/01\/romantik-ve-baskaldirici-bir-kisilik-kendi-sesinden-49-siir-ahmet-telli\/"]}]},{"@type":"ImageObject","inLanguage":"tr","@id":"https:\/\/narteks.net\/index.php\/2010\/02\/01\/romantik-ve-baskaldirici-bir-kisilik-kendi-sesinden-49-siir-ahmet-telli\/#primaryimage","url":"http:\/\/userserve-ak.last.fm\/serve\/252\/385561.jpg","contentUrl":"http:\/\/userserve-ak.last.fm\/serve\/252\/385561.jpg"},{"@type":"BreadcrumbList","@id":"https:\/\/narteks.net\/index.php\/2010\/02\/01\/romantik-ve-baskaldirici-bir-kisilik-kendi-sesinden-49-siir-ahmet-telli\/#breadcrumb","itemListElement":[{"@type":"ListItem","position":1,"name":"Anasayfa","item":"https:\/\/narteks.net\/"},{"@type":"ListItem","position":2,"name":"Romantik ve ba\u015fkald\u0131r\u0131c\u0131 bir ki\u015filik | Kendi sesinden 49 \u015fiir &#8211; Ahmet Telli"}]},{"@type":"WebSite","@id":"https:\/\/narteks.net\/#website","url":"https:\/\/narteks.net\/","name":"narteks.net","description":"K\u00fclt\u00fcr Sanat Edebiyat Felsefe","publisher":{"@id":"https:\/\/narteks.net\/#organization"},"alternateName":"K\u00fclt\u00fcr Sanat Edebiyat Felsefe","potentialAction":[{"@type":"SearchAction","target":{"@type":"EntryPoint","urlTemplate":"https:\/\/narteks.net\/?s={search_term_string}"},"query-input":{"@type":"PropertyValueSpecification","valueRequired":true,"valueName":"search_term_string"}}],"inLanguage":"tr"},{"@type":"Organization","@id":"https:\/\/narteks.net\/#organization","name":"narteks.net","url":"https:\/\/narteks.net\/","logo":{"@type":"ImageObject","inLanguage":"tr","@id":"https:\/\/narteks.net\/#\/schema\/logo\/image\/","url":"https:\/\/narteks.net\/wp-content\/uploads\/narteks.png","contentUrl":"https:\/\/narteks.net\/wp-content\/uploads\/narteks.png","width":300,"height":90,"caption":"narteks.net"},"image":{"@id":"https:\/\/narteks.net\/#\/schema\/logo\/image\/"},"sameAs":["https:\/\/x.com\/narteks","https:\/\/instagram.com\/narteksnet"]},{"@type":"Person","@id":"https:\/\/narteks.net\/#\/schema\/person\/61f37d9834294b72d31d274e7ed79bca","name":"Tar\u0131k","image":{"@type":"ImageObject","inLanguage":"tr","@id":"https:\/\/narteks.net\/#\/schema\/person\/image\/","url":"https:\/\/secure.gravatar.com\/avatar\/50865afb55632c4ae467e0af0930f6510aa2297d8014be502a55b14f3b7550cf?s=96&d=mm&r=g","contentUrl":"https:\/\/secure.gravatar.com\/avatar\/50865afb55632c4ae467e0af0930f6510aa2297d8014be502a55b14f3b7550cf?s=96&d=mm&r=g","caption":"Tar\u0131k"},"sameAs":["http:\/\/narteks.net"],"url":"https:\/\/narteks.net\/index.php\/author\/narbak\/"}]}},"_links":{"self":[{"href":"https:\/\/narteks.net\/index.php\/wp-json\/wp\/v2\/posts\/4108","targetHints":{"allow":["GET"]}}],"collection":[{"href":"https:\/\/narteks.net\/index.php\/wp-json\/wp\/v2\/posts"}],"about":[{"href":"https:\/\/narteks.net\/index.php\/wp-json\/wp\/v2\/types\/post"}],"author":[{"embeddable":true,"href":"https:\/\/narteks.net\/index.php\/wp-json\/wp\/v2\/users\/1"}],"replies":[{"embeddable":true,"href":"https:\/\/narteks.net\/index.php\/wp-json\/wp\/v2\/comments?post=4108"}],"version-history":[{"count":0,"href":"https:\/\/narteks.net\/index.php\/wp-json\/wp\/v2\/posts\/4108\/revisions"}],"wp:attachment":[{"href":"https:\/\/narteks.net\/index.php\/wp-json\/wp\/v2\/media?parent=4108"}],"wp:term":[{"taxonomy":"category","embeddable":true,"href":"https:\/\/narteks.net\/index.php\/wp-json\/wp\/v2\/categories?post=4108"},{"taxonomy":"post_tag","embeddable":true,"href":"https:\/\/narteks.net\/index.php\/wp-json\/wp\/v2\/tags?post=4108"}],"curies":[{"name":"wp","href":"https:\/\/api.w.org\/{rel}","templated":true}]}}