{"id":4110,"date":"2010-02-01T22:02:02","date_gmt":"2010-02-01T19:02:02","guid":{"rendered":"http:\/\/localhost\/wordpress\/2010\/02\/01\/gecen-yil\/"},"modified":"2010-02-01T22:02:02","modified_gmt":"2010-02-01T19:02:02","slug":"gecen-yil","status":"publish","type":"post","link":"https:\/\/narteks.net\/index.php\/2010\/02\/01\/gecen-yil\/","title":{"rendered":"GE\u00c7EN YIL"},"content":{"rendered":"<p>\u00a0<\/p>\n<p>haberler geliyor ardarda <br \/>haberler kanl\u0131 <br \/>karanl\u0131k <br \/>gri g\u00f6klerde bin y\u0131ll\u0131k keder <br \/>ve ecnebi sokaklarda yaln\u0131zl\u0131k <br \/>yas var <br \/>\u00f6l\u00fcm ve i\u015fkence siyah\u0131na b\u00fcz\u00fclm\u00fc\u015f hayat <br \/>dijle kan ak\u0131yor diyorlar <br \/>par\u00e7a par\u00e7a cesetlerle kararm\u0131\u015f f\u0131rat <br \/>basma perdeler g\u00fcne kapal\u0131 <br \/>gramafonlar k\u0131s\u0131k <br \/>gencecik gelinlerin rahminde kasatura <br \/>bir afet <br \/>bir salg\u0131n olarak b\u00fcy\u00fcyor k\u0131s\u0131rl\u0131k <br \/>haberler geliyor ardarda <br \/>haberler kanl\u0131 <br \/>karanl\u0131k <br \/>umudu ya\u015fad\u0131k ge\u00e7en y\u0131l <br \/>\u00f6fkeyle <br \/>kin tutarak <br \/>eyl\u00fcl&#8217;den bu yana <br \/>hesap-kitap <br \/>istatistik <br \/>on idam <br \/>sekseni i\u015fkenceyle binikiy\u00fcz cinayet <br \/>yaral\u0131lar <br \/>sakatlar da ayr\u0131 <br \/>k\u0131z\u0131ltepe dokuz can verdi <br \/>kam\u0131\u015fl\u0131 onbe\u015f <br \/>&#8211; \u00fc\u00e7\u00fc kad\u0131n <br \/>\u00fc\u00e7\u00fc \u00e7ocuk <br \/>biri de gebeydi ilk bebesine &#8211; <br \/>vah\u015fet s\u0131n\u0131rlar\u0131 tuttu iyice <br \/>h\u00fccrelere ko\u011fu\u015flara yay\u0131ld\u0131 <\/p>\n<p>ekim <br \/>adal\u0131&#8217;y\u0131 ald\u0131 g\u00f6t\u00fcrd\u00fc <br \/>aral\u0131k <br \/>erdal&#8217; \u0131 <br \/>sonra <br \/>&#8220;k\u00fcrt halk\u0131 da b\u00fct\u00fcn halklar gibi <br \/>insanca ya\u015fama hakk\u0131na sahip olmal\u0131d\u0131r&#8221; dedi\u011fi i\u00e7in <br \/>&#8220;t\u00fcrk devleti <br \/>k\u00fcrt ulusuna <br \/>k\u00f6le olmay\u0131 \u00f6neremez&#8221; dedi\u011fi i\u00e7in <br \/>vurdular kollar\u0131na kelep\u00e7eyi <br \/>be\u015fik\u00e7i&#8217;nin <br \/>g\u00fclseren <br \/>&#8211; ru\u015fen&#8217;in kar\u0131s\u0131- <br \/>kocas\u0131n\u0131 g\u00f6remedi aylarca <br \/>ceyhun, karde\u015fim benim <br \/>&#8211; ya\u015famadan \u00e7ocuklu\u011funu <br \/>ilk gen\u00e7li\u011fini &#8211; <br \/>umutsuz bir ihtiyar oluverdi bir y\u0131l i\u00e7inde <br \/>y\u0131lmaz askerli\u011fini bitirdi <br \/>konu\u015fmaya ba\u015flad\u0131 jir &#8211; ye\u011fenim &#8211; <br \/>m\u00fcmtaz&#8217; \u0131n k\u0131z\u0131 <br \/>&#8211; zelal &#8211; <br \/>okuma yazma \u00f6\u011frendi <br \/>mektup yazd\u0131 bana <br \/>resim g\u00f6nderdi <br \/>\u00e7i\u00e7ekleri <br \/>a\u011fa\u00e7lar\u0131 <br \/>bulutlar\u0131 ile <br \/>koca bir d\u00fcnya <br \/>resmin \u00fcst\u00fcnde bir kelep\u00e7e var <br \/>zincirinde kan <br \/>sonra \u00f6\u011frendim ki b\u00fct\u00fcn bir y\u0131l <br \/>hasret b\u00fcy\u00fcten \u00e7ocuk <br \/>bir dakika g\u00f6rebilmi\u015f babas\u0131n\u0131 <br \/>kollar\u0131nda zincir yaralar\u0131 <br \/>bileklerinde kan <br \/>zelal &#8211; m\u00fcmtaz&#8217;\u0131n k\u0131z\u0131 &#8211; <br \/>bir daha ne zaman yazar bilemem <br \/>ama biliyorum ki <br \/>okullar tatile girince <br \/>ve paras\u0131 da varsa anas\u0131n\u0131n <br \/>gene gidecek diyar\u0131bekr&#8217;e <br \/>hasret dolu g\u00f6zleri <br \/>ve beyaz <br \/>toparlak yanaklar\u0131yla <br \/>biliyorum ki <br \/>gene konu\u015famayacak doyas\u0131ya <br \/>ve g\u00f6remeyecek ge\u00e7en y\u0131lki amcalardan pek \u00e7o\u011funu <br \/>ali&#8217; yi <br \/>ferhan&#8217;\u0131 <br \/>\u00f6nder&#8217; i <br \/>ve kimliksiz vurulup <br \/>t\u00f6rensiz g\u00f6m\u00fclenleri g\u00f6remeyecek <br \/>dijle&#8217;nin \u00e7\u0131\u011fl\u0131klar\u0131ndan <br \/>f\u0131rat&#8217;\u0131n homurtular\u0131ndan y\u00fckselen seslerle <br \/>demek ki yaz\u0131n <br \/>demek ki diyar\u0131bekr&#8217;in cehennem yang\u0131n\u0131nda zelal <br \/>zincir seslerini <br \/>coplar\u0131 <br \/>ve k\u00f6pek h\u0131rlamalar\u0131n\u0131 duyabilecek ancak <br \/>bir de kanl\u0131 duvarlara yap\u0131\u015fm\u0131\u015f <br \/>\u00e7\u0131plak g\u00f6zlerle <br \/>\u00f6l\u00fclerimizin direnme t\u00fcrk\u00fclerini <br \/>umudu ya\u015fad\u0131k ge\u00e7en y\u0131l <br \/>\u00f6fkeyle <br \/>kin tutarak <br \/>saks\u0131lar soldu, b\u00fcz\u00fcld\u00fc <br \/>ama <br \/>da\u011flarda <br \/>solgun bir g\u00fcz ge\u00e7irilece\u011fi d\u00fc\u015f\u00fcn\u00fclmedi hi\u00e7 <br \/>b\u00fct\u00fcn bir y\u0131l solgun bir g\u00fcz <br \/>\u00e7i\u00e7eksiz <br \/>r\u00fczgars\u0131z <br \/>miting alanlar\u0131n\u0131n co\u015fkusu kelep\u00e7ede <br \/>grev \u015fenliklerinde panzer karas\u0131 <br \/>ve asla bahara \u00e7\u0131k\u0131lamayacakm\u0131\u015f gibi <br \/>zemheri ayaz\u0131 y\u00fcr\u00fcd\u00fc d\u00fc\u015f\u00fcncelerimizden <br \/>\u00f6l\u00fcler ta\u015f\u0131d\u0131k bir odadan bir odaya <br \/>\u00f6l\u00fcler <br \/>\u00f6l\u00fcler <br \/>\u00f6l\u00fcler <br \/>kirli uzun t\u0131rnaklar\u0131 <br \/>kire\u00e7 beyaz\u0131 ayaklar\u0131yla <br \/>par\u00e7alanm\u0131\u015f ba\u015flar <br \/>ezik kollar, bacaklar <br \/>bir odadan bir odaya s\u00fcr\u00fcn\u00fcp durdu h\u00fcz\u00fcn bulutlar\u0131 <br \/>kederli t\u00fcrk\u00fcler <br \/>ve donmu\u015f <br \/>simsiyah g\u00f6zlerle <br \/>silahlar\u0131 pas tutmu\u015f <br \/>yaln\u0131z ve a\u00e7 gerillalar b\u00f6ld\u00fc uykular\u0131 <br \/>\u00e7\u0131\u011fl\u0131klar \u00e7arp\u0131p \u00e7arp\u0131p d\u00f6k\u00fcld\u00fc duvar diplerine <br \/>sonra duyuldu ki <br \/>d\u00fc\u015f\u00fck kabuslar\u0131 i\u00e7inde de olsa <br \/>derinden derine duymaktad\u0131r cem <br \/>\u00fc\u00e7\u00fcnc\u00fc bebe\u011finin kalp seslerini <br \/>usul usul b\u00fcy\u00fcmektedir meral&#8217;de yeni bir can <br \/>ve kristina <br \/>bir o\u011flan daha do\u011furmu\u015f <br \/>ad\u0131 serdar <br \/>demek ki <br \/>stockholm&#8217; e bahar <br \/>b\u00fcy\u00fcyen bebeklerle gelecek <br \/>demek ki <br \/>her ne kadar <br \/>bahara ula\u015f\u0131lamayacak diye d\u00fc\u015f\u00fcnd\u00fcysek de <br \/>bahar <br \/>\u00e7atlayan tomurcuklar\u0131 <br \/>ya\u011fmur y\u00fckl\u00fc bulutlar\u0131yla <br \/>k\u0131p\u0131rdamaktad\u0131r buzlar\u0131n aras\u0131ndan <br \/>vars\u0131n kanl\u0131 irinleriyle nefrit <br \/>oyup dursun b\u00f6breklerimi <br \/>ne \u00e7\u0131kar <br \/>do\u011fan <br \/>ve do\u011facak olan bebeklerin \u00e7\u0131\u011fl\u0131klar\u0131nda <br \/>stockholm&#8217;de de olsa <br \/>ses edip <br \/>boyvermektedir bahar<\/p>\n<p>Orhan KOTAN<\/p>\n","protected":false},"excerpt":{"rendered":"<p>\u00a0 haberler geliyor ardarda haberler kanl\u0131 karanl\u0131k gri g\u00f6klerde bin y\u0131ll\u0131k keder ve ecnebi sokaklarda yaln\u0131zl\u0131k yas var \u00f6l\u00fcm ve i\u015fkence siyah\u0131na b\u00fcz\u00fclm\u00fc\u015f hayat dijle kan ak\u0131yor diyorlar par\u00e7a par\u00e7a cesetlerle kararm\u0131\u015f f\u0131rat basma perdeler g\u00fcne kapal\u0131 gramafonlar k\u0131s\u0131k gencecik gelinlerin rahminde kasatura bir afet bir salg\u0131n olarak b\u00fcy\u00fcyor k\u0131s\u0131rl\u0131k haberler geliyor ardarda haberler kanl\u0131 [&hellip;]<\/p>\n","protected":false},"author":1,"featured_media":0,"comment_status":"open","ping_status":"open","sticky":false,"template":"","format":"standard","meta":{"footnotes":""},"categories":[135],"tags":[],"class_list":{"0":"post-4110","1":"post","2":"type-post","3":"status-publish","4":"format-standard","6":"category-orhan-kotan"},"yoast_head":"<!-- This site is optimized with the Yoast SEO Premium plugin v24.9 (Yoast SEO v24.9) - https:\/\/yoast.com\/wordpress\/plugins\/seo\/ -->\n<title>GE\u00c7EN YIL - narteks.net<\/title>\n<meta name=\"robots\" content=\"index, follow, max-snippet:-1, max-image-preview:large, max-video-preview:-1\" \/>\n<link rel=\"canonical\" href=\"https:\/\/narteks.net\/index.php\/2010\/02\/01\/gecen-yil\/\" \/>\n<meta property=\"og:locale\" content=\"tr_TR\" \/>\n<meta property=\"og:type\" content=\"article\" \/>\n<meta property=\"og:title\" content=\"GE\u00c7EN YIL\" \/>\n<meta property=\"og:description\" content=\"\u00a0 haberler geliyor ardarda haberler kanl\u0131 karanl\u0131k gri g\u00f6klerde bin y\u0131ll\u0131k keder ve ecnebi sokaklarda yaln\u0131zl\u0131k yas var \u00f6l\u00fcm ve i\u015fkence siyah\u0131na b\u00fcz\u00fclm\u00fc\u015f hayat dijle kan ak\u0131yor diyorlar par\u00e7a par\u00e7a cesetlerle kararm\u0131\u015f f\u0131rat basma perdeler g\u00fcne kapal\u0131 gramafonlar k\u0131s\u0131k gencecik gelinlerin rahminde kasatura bir afet bir salg\u0131n olarak b\u00fcy\u00fcyor k\u0131s\u0131rl\u0131k haberler geliyor ardarda haberler kanl\u0131 [&hellip;]\" \/>\n<meta property=\"og:url\" content=\"https:\/\/narteks.net\/index.php\/2010\/02\/01\/gecen-yil\/\" \/>\n<meta property=\"og:site_name\" content=\"narteks.net\" \/>\n<meta property=\"article:published_time\" content=\"2010-02-01T19:02:02+00:00\" \/>\n<meta property=\"og:image\" content=\"https:\/\/narteks.net\/wp-content\/uploads\/narteks.png\" \/>\n\t<meta property=\"og:image:width\" content=\"300\" \/>\n\t<meta property=\"og:image:height\" content=\"90\" \/>\n\t<meta property=\"og:image:type\" content=\"image\/png\" \/>\n<meta name=\"author\" content=\"Tar\u0131k\" \/>\n<meta name=\"twitter:card\" content=\"summary_large_image\" \/>\n<meta name=\"twitter:creator\" content=\"@narteks\" \/>\n<meta name=\"twitter:site\" content=\"@narteks\" \/>\n<meta name=\"twitter:label1\" content=\"Yazan:\" \/>\n\t<meta name=\"twitter:data1\" content=\"Tar\u0131k\" \/>\n\t<meta name=\"twitter:label2\" content=\"Tahmini okuma s\u00fcresi\" \/>\n\t<meta name=\"twitter:data2\" content=\"3 dakika\" \/>\n<script type=\"application\/ld+json\" class=\"yoast-schema-graph\">{\"@context\":\"https:\/\/schema.org\",\"@graph\":[{\"@type\":\"Article\",\"@id\":\"https:\/\/narteks.net\/index.php\/2010\/02\/01\/gecen-yil\/#article\",\"isPartOf\":{\"@id\":\"https:\/\/narteks.net\/index.php\/2010\/02\/01\/gecen-yil\/\"},\"author\":{\"name\":\"Tar\u0131k\",\"@id\":\"https:\/\/narteks.net\/#\/schema\/person\/61f37d9834294b72d31d274e7ed79bca\"},\"headline\":\"GE\u00c7EN YIL\",\"datePublished\":\"2010-02-01T19:02:02+00:00\",\"mainEntityOfPage\":{\"@id\":\"https:\/\/narteks.net\/index.php\/2010\/02\/01\/gecen-yil\/\"},\"wordCount\":692,\"commentCount\":0,\"publisher\":{\"@id\":\"https:\/\/narteks.net\/#organization\"},\"articleSection\":[\"Orhan KOTAN\"],\"inLanguage\":\"tr\",\"potentialAction\":[{\"@type\":\"CommentAction\",\"name\":\"Comment\",\"target\":[\"https:\/\/narteks.net\/index.php\/2010\/02\/01\/gecen-yil\/#respond\"]}]},{\"@type\":\"WebPage\",\"@id\":\"https:\/\/narteks.net\/index.php\/2010\/02\/01\/gecen-yil\/\",\"url\":\"https:\/\/narteks.net\/index.php\/2010\/02\/01\/gecen-yil\/\",\"name\":\"GE\u00c7EN YIL - narteks.net\",\"isPartOf\":{\"@id\":\"https:\/\/narteks.net\/#website\"},\"datePublished\":\"2010-02-01T19:02:02+00:00\",\"breadcrumb\":{\"@id\":\"https:\/\/narteks.net\/index.php\/2010\/02\/01\/gecen-yil\/#breadcrumb\"},\"inLanguage\":\"tr\",\"potentialAction\":[{\"@type\":\"ReadAction\",\"target\":[\"https:\/\/narteks.net\/index.php\/2010\/02\/01\/gecen-yil\/\"]}]},{\"@type\":\"BreadcrumbList\",\"@id\":\"https:\/\/narteks.net\/index.php\/2010\/02\/01\/gecen-yil\/#breadcrumb\",\"itemListElement\":[{\"@type\":\"ListItem\",\"position\":1,\"name\":\"Anasayfa\",\"item\":\"https:\/\/narteks.net\/\"},{\"@type\":\"ListItem\",\"position\":2,\"name\":\"GE\u00c7EN YIL\"}]},{\"@type\":\"WebSite\",\"@id\":\"https:\/\/narteks.net\/#website\",\"url\":\"https:\/\/narteks.net\/\",\"name\":\"narteks.net\",\"description\":\"K\u00fclt\u00fcr Sanat Edebiyat Felsefe\",\"publisher\":{\"@id\":\"https:\/\/narteks.net\/#organization\"},\"alternateName\":\"K\u00fclt\u00fcr Sanat Edebiyat Felsefe\",\"potentialAction\":[{\"@type\":\"SearchAction\",\"target\":{\"@type\":\"EntryPoint\",\"urlTemplate\":\"https:\/\/narteks.net\/?s={search_term_string}\"},\"query-input\":{\"@type\":\"PropertyValueSpecification\",\"valueRequired\":true,\"valueName\":\"search_term_string\"}}],\"inLanguage\":\"tr\"},{\"@type\":\"Organization\",\"@id\":\"https:\/\/narteks.net\/#organization\",\"name\":\"narteks.net\",\"url\":\"https:\/\/narteks.net\/\",\"logo\":{\"@type\":\"ImageObject\",\"inLanguage\":\"tr\",\"@id\":\"https:\/\/narteks.net\/#\/schema\/logo\/image\/\",\"url\":\"https:\/\/narteks.net\/wp-content\/uploads\/narteks.png\",\"contentUrl\":\"https:\/\/narteks.net\/wp-content\/uploads\/narteks.png\",\"width\":300,\"height\":90,\"caption\":\"narteks.net\"},\"image\":{\"@id\":\"https:\/\/narteks.net\/#\/schema\/logo\/image\/\"},\"sameAs\":[\"https:\/\/x.com\/narteks\",\"https:\/\/instagram.com\/narteksnet\"]},{\"@type\":\"Person\",\"@id\":\"https:\/\/narteks.net\/#\/schema\/person\/61f37d9834294b72d31d274e7ed79bca\",\"name\":\"Tar\u0131k\",\"image\":{\"@type\":\"ImageObject\",\"inLanguage\":\"tr\",\"@id\":\"https:\/\/narteks.net\/#\/schema\/person\/image\/\",\"url\":\"https:\/\/secure.gravatar.com\/avatar\/50865afb55632c4ae467e0af0930f6510aa2297d8014be502a55b14f3b7550cf?s=96&d=mm&r=g\",\"contentUrl\":\"https:\/\/secure.gravatar.com\/avatar\/50865afb55632c4ae467e0af0930f6510aa2297d8014be502a55b14f3b7550cf?s=96&d=mm&r=g\",\"caption\":\"Tar\u0131k\"},\"sameAs\":[\"http:\/\/narteks.net\"],\"url\":\"https:\/\/narteks.net\/index.php\/author\/narbak\/\"}]}<\/script>\n<!-- \/ Yoast SEO Premium plugin. -->","yoast_head_json":{"title":"GE\u00c7EN YIL - narteks.net","robots":{"index":"index","follow":"follow","max-snippet":"max-snippet:-1","max-image-preview":"max-image-preview:large","max-video-preview":"max-video-preview:-1"},"canonical":"https:\/\/narteks.net\/index.php\/2010\/02\/01\/gecen-yil\/","og_locale":"tr_TR","og_type":"article","og_title":"GE\u00c7EN YIL","og_description":"\u00a0 haberler geliyor ardarda haberler kanl\u0131 karanl\u0131k gri g\u00f6klerde bin y\u0131ll\u0131k keder ve ecnebi sokaklarda yaln\u0131zl\u0131k yas var \u00f6l\u00fcm ve i\u015fkence siyah\u0131na b\u00fcz\u00fclm\u00fc\u015f hayat dijle kan ak\u0131yor diyorlar par\u00e7a par\u00e7a cesetlerle kararm\u0131\u015f f\u0131rat basma perdeler g\u00fcne kapal\u0131 gramafonlar k\u0131s\u0131k gencecik gelinlerin rahminde kasatura bir afet bir salg\u0131n olarak b\u00fcy\u00fcyor k\u0131s\u0131rl\u0131k haberler geliyor ardarda haberler kanl\u0131 [&hellip;]","og_url":"https:\/\/narteks.net\/index.php\/2010\/02\/01\/gecen-yil\/","og_site_name":"narteks.net","article_published_time":"2010-02-01T19:02:02+00:00","og_image":[{"width":300,"height":90,"url":"https:\/\/narteks.net\/wp-content\/uploads\/narteks.png","type":"image\/png"}],"author":"Tar\u0131k","twitter_card":"summary_large_image","twitter_creator":"@narteks","twitter_site":"@narteks","twitter_misc":{"Yazan:":"Tar\u0131k","Tahmini okuma s\u00fcresi":"3 dakika"},"schema":{"@context":"https:\/\/schema.org","@graph":[{"@type":"Article","@id":"https:\/\/narteks.net\/index.php\/2010\/02\/01\/gecen-yil\/#article","isPartOf":{"@id":"https:\/\/narteks.net\/index.php\/2010\/02\/01\/gecen-yil\/"},"author":{"name":"Tar\u0131k","@id":"https:\/\/narteks.net\/#\/schema\/person\/61f37d9834294b72d31d274e7ed79bca"},"headline":"GE\u00c7EN YIL","datePublished":"2010-02-01T19:02:02+00:00","mainEntityOfPage":{"@id":"https:\/\/narteks.net\/index.php\/2010\/02\/01\/gecen-yil\/"},"wordCount":692,"commentCount":0,"publisher":{"@id":"https:\/\/narteks.net\/#organization"},"articleSection":["Orhan KOTAN"],"inLanguage":"tr","potentialAction":[{"@type":"CommentAction","name":"Comment","target":["https:\/\/narteks.net\/index.php\/2010\/02\/01\/gecen-yil\/#respond"]}]},{"@type":"WebPage","@id":"https:\/\/narteks.net\/index.php\/2010\/02\/01\/gecen-yil\/","url":"https:\/\/narteks.net\/index.php\/2010\/02\/01\/gecen-yil\/","name":"GE\u00c7EN YIL - narteks.net","isPartOf":{"@id":"https:\/\/narteks.net\/#website"},"datePublished":"2010-02-01T19:02:02+00:00","breadcrumb":{"@id":"https:\/\/narteks.net\/index.php\/2010\/02\/01\/gecen-yil\/#breadcrumb"},"inLanguage":"tr","potentialAction":[{"@type":"ReadAction","target":["https:\/\/narteks.net\/index.php\/2010\/02\/01\/gecen-yil\/"]}]},{"@type":"BreadcrumbList","@id":"https:\/\/narteks.net\/index.php\/2010\/02\/01\/gecen-yil\/#breadcrumb","itemListElement":[{"@type":"ListItem","position":1,"name":"Anasayfa","item":"https:\/\/narteks.net\/"},{"@type":"ListItem","position":2,"name":"GE\u00c7EN YIL"}]},{"@type":"WebSite","@id":"https:\/\/narteks.net\/#website","url":"https:\/\/narteks.net\/","name":"narteks.net","description":"K\u00fclt\u00fcr Sanat Edebiyat Felsefe","publisher":{"@id":"https:\/\/narteks.net\/#organization"},"alternateName":"K\u00fclt\u00fcr Sanat Edebiyat Felsefe","potentialAction":[{"@type":"SearchAction","target":{"@type":"EntryPoint","urlTemplate":"https:\/\/narteks.net\/?s={search_term_string}"},"query-input":{"@type":"PropertyValueSpecification","valueRequired":true,"valueName":"search_term_string"}}],"inLanguage":"tr"},{"@type":"Organization","@id":"https:\/\/narteks.net\/#organization","name":"narteks.net","url":"https:\/\/narteks.net\/","logo":{"@type":"ImageObject","inLanguage":"tr","@id":"https:\/\/narteks.net\/#\/schema\/logo\/image\/","url":"https:\/\/narteks.net\/wp-content\/uploads\/narteks.png","contentUrl":"https:\/\/narteks.net\/wp-content\/uploads\/narteks.png","width":300,"height":90,"caption":"narteks.net"},"image":{"@id":"https:\/\/narteks.net\/#\/schema\/logo\/image\/"},"sameAs":["https:\/\/x.com\/narteks","https:\/\/instagram.com\/narteksnet"]},{"@type":"Person","@id":"https:\/\/narteks.net\/#\/schema\/person\/61f37d9834294b72d31d274e7ed79bca","name":"Tar\u0131k","image":{"@type":"ImageObject","inLanguage":"tr","@id":"https:\/\/narteks.net\/#\/schema\/person\/image\/","url":"https:\/\/secure.gravatar.com\/avatar\/50865afb55632c4ae467e0af0930f6510aa2297d8014be502a55b14f3b7550cf?s=96&d=mm&r=g","contentUrl":"https:\/\/secure.gravatar.com\/avatar\/50865afb55632c4ae467e0af0930f6510aa2297d8014be502a55b14f3b7550cf?s=96&d=mm&r=g","caption":"Tar\u0131k"},"sameAs":["http:\/\/narteks.net"],"url":"https:\/\/narteks.net\/index.php\/author\/narbak\/"}]}},"_links":{"self":[{"href":"https:\/\/narteks.net\/index.php\/wp-json\/wp\/v2\/posts\/4110","targetHints":{"allow":["GET"]}}],"collection":[{"href":"https:\/\/narteks.net\/index.php\/wp-json\/wp\/v2\/posts"}],"about":[{"href":"https:\/\/narteks.net\/index.php\/wp-json\/wp\/v2\/types\/post"}],"author":[{"embeddable":true,"href":"https:\/\/narteks.net\/index.php\/wp-json\/wp\/v2\/users\/1"}],"replies":[{"embeddable":true,"href":"https:\/\/narteks.net\/index.php\/wp-json\/wp\/v2\/comments?post=4110"}],"version-history":[{"count":0,"href":"https:\/\/narteks.net\/index.php\/wp-json\/wp\/v2\/posts\/4110\/revisions"}],"wp:attachment":[{"href":"https:\/\/narteks.net\/index.php\/wp-json\/wp\/v2\/media?parent=4110"}],"wp:term":[{"taxonomy":"category","embeddable":true,"href":"https:\/\/narteks.net\/index.php\/wp-json\/wp\/v2\/categories?post=4110"},{"taxonomy":"post_tag","embeddable":true,"href":"https:\/\/narteks.net\/index.php\/wp-json\/wp\/v2\/tags?post=4110"}],"curies":[{"name":"wp","href":"https:\/\/api.w.org\/{rel}","templated":true}]}}