{"id":4111,"date":"2010-02-01T22:02:43","date_gmt":"2010-02-01T19:02:43","guid":{"rendered":"http:\/\/localhost\/wordpress\/2010\/02\/01\/gururla-bakiyorum-dunyaya\/"},"modified":"2010-02-01T22:02:43","modified_gmt":"2010-02-01T19:02:43","slug":"gururla-bakiyorum-dunyaya","status":"publish","type":"post","link":"https:\/\/narteks.net\/index.php\/2010\/02\/01\/gururla-bakiyorum-dunyaya\/","title":{"rendered":"GURURLA BAKIYORUM D\u00dcNYAYA"},"content":{"rendered":"<p>\u00a0<\/p>\n<p>\u00e7\u00fcnk\u00fc isyan b\u0131\u00e7a\u011f\u0131d\u0131r b\u00f6\u011fr\u00fcme saplanan sanc\u0131<br \/>\u00e7\u00fcnk\u00fc harc\u0131m\u0131 \u00f6fkeyle, imanla kar\u0131yorum<br \/>ve kederin<br \/>ve solgun y\u00fczl\u00fc i\u015f\u00e7ilerin \u00fczerine<br \/>da\u011fba\u015flar\u0131n\u0131n h\u0131r\u00e7\u0131nl\u0131\u011f\u0131 savruluyor benden.<br \/>\u00e7\u00fcnk\u00fc beni ate\u015fiyle dimdik tutan kin<br \/>\u00e7\u00fcnk\u00fc benim g\u00f6zbebeklerimde tutu\u015fan \u015fafak<br \/>miting afi\u015fleri<br \/>cesur pankartlar<br \/>ve binlerce militan<br \/>derin denizlerin ayd\u0131nl\u0131\u011f\u0131<br \/>zorlu sabahlar<br \/>g\u00f6ky\u00fcz\u00fc ve l\u00e2le<br \/>s\u0131k\u0131lm\u0131\u015f bir yumruk gibi giriyoruz hayata.<\/p>\n<p>\u00e7\u00fcnk\u00fc ben sevdi\u011fim k\u0131z\u0131<br \/>ya\u015famak gibi<br \/>halkrm gibi sevdi\u011fim k\u0131z\u0131<br \/>\/ki \u015fiirini yazamayan<br \/>ve t\u00fcrk\u00fcs\u00fcn\u00fc s\u00f6yleyemeyen halk\u0131m gibi<br \/>binlerce ve binlerce kur\u015funlanan halk\u0131m gibi<br \/>zincirlere vurulan<br \/>sava\u015flara yollanan<br \/>vergilere ba\u011flanan halk\u0131m gibi<br \/>fel\u00e7 ofmu\u015f yaln\u0131zl\u0131klara b\u0131rakarak<br \/>b\u00fcy\u00fck ac\u0131lar\u0131n ve g\u00f6zya\u015f\u0131n\u0131n i\u00e7ine b\u0131rakarak<br \/>\u015fiirlerimin bir b\u0131\u00e7ak gibi \u0131\u015f\u0131ldad\u0131\u011f\u0131<br \/>devrim t\u00fcrk\u00fclerini<br \/>ve ba\u015fkald\u0131rmay\u0131 \u00f6\u011freten dudaklar\u0131n\u0131<br \/>bir kere olsun \u00f6pemeden<br \/>bir kere olsun tutamadan kayg\u0131s\u0131zca<br \/>serin bir yaz gecesi gibi \u00fcrperen ellerini<br \/>hatta boynunu ve ayak bileklerini<br \/>bilemeden bilemeden bilemeden<br \/>vurdum y\u00fcre\u011fimi \u015fanl\u0131 kavgaya<br \/>bar\u0131\u015f\u0131n ve \u00f6zg\u00fcrl\u00fc\u011f\u00fcn da\u011flar\u0131na y\u00fcr\u00fcyorum i\u015fte<\/p>\n<p>\/yi\u011fitsen usland\u0131r beni<br \/>ey yasaklar\u0131n<br \/>kahpeli\u011fin<br \/>ve soygunlar\u0131n koruyucusu<br \/>t\u00fcrk\u00fc \u00e7a\u011f\u0131ran k\u0131zlar\u0131m\u0131 sustur<br \/>ve kahraman o\u011fullar\u0131m\u0131,<br \/>mezar kaza kaza kederli, k\u0131zg\u0131n<br \/>tohum serpe serpe h\u00fcnerli<br \/>ve s\u00f6m\u00fcr\u00fcle s\u00f6m\u00fcr\u00fcle bombo\u015f<br \/>ve a\u00e7l\u0131\u011f\u0131n<br \/>ve zulmun izlerini<br \/>derin u\u00e7urumlar\u0131nda ta\u015f\u0131yan ellerimi<br \/>nacaklara ve t\u0131rpanlara sar\u0131lan ellerimi<br \/>mavzerlere sar\u0131lan ellerimi<br \/>zincirlere vur g\u00fcc\u00fcn yeterse.<br \/>ama ad\u0131na ya\u015famak dersen<br \/>ot gibi, saman gibi ya\u015famak dersen<br \/>bir solucan gibi yerlerde s\u00fcr\u00fcnerek<br \/>ezilerek<br \/>horlanarak<br \/>s\u00f6m\u00fcr\u00fclerek<br \/>re-zil-ce<\/p>\n<p>\u00e7atlayan tomurcu\u011fun<br \/>do\u011fan \u00e7ocu\u011fun \u00e7\u0131\u011fl\u0131\u011f\u0131n\u0131 duymadan<br \/>g\u00fcl benizli sevgilinin<br \/>titreyen g\u00f6\u011f\u00fcslerini \u00f6pmeden doyas\u0131ya<br \/>korka korka<br \/>yana yana<br \/>her g\u00fcn biraz daha derinden<br \/>her g\u00fcn biraz daha kapkara duyarak \u00f6l\u00fcm\u00fc<br \/>a\u00e7 ve arkas\u0131z<br \/>k\u00f6pekle\u015ferek<br \/>ya\u015famak dersen<br \/>bu y\u00fcrek<br \/>\u00e7at diye \u00e7atlas\u0131n be!<br \/>gelgelelim parlayan g\u00fcne\u015fi<br \/>emek\u00e7i halklar\u0131n<br \/>kahraman halklar\u0131n g\u00fcne\u015fini<br \/>\u015fehvetle i\u00e7ine dolduran toprak<br \/>\u015fimdi s\u0131ms\u0131cak<br \/>\u015fimdi ula\u015f\u0131lmaz<br \/>\u015fimdi olgun meyvalarla dolu<br \/>bahar bah\u00e7elerini salmaktad\u0131r d\u00fcnyaya,<br \/>ve g\u00fcl benizli sevgililerin dudaklar\u0131nda hayat<br \/>bizi a\u015fka ve kavgaya \u00e7a\u011f\u0131rmaktad\u0131r,<br \/>b\u0131\u00e7ak kemi\u011fe dayand\u0131\u011f\u0131<br \/>ok yaydan f\u0131rlad\u0131\u011f\u0131 i\u00e7in de\u011fil<br \/>\/bu bezirgan saltanat\u0131<br \/>bu zulum bitsin diye<\/p>\n<p>a\u011faran g\u00fcnler i\u00e7in<br \/>yeni bir d\u00fcnya u\u011fruna<br \/>y\u00fczlerinde cesaretin onuru<br \/>ve imanl\u0131 g\u00fcc\u00fc d\u00f6v\u00fc\u015fen d\u00fcnyan\u0131n<br \/>emperyalizme kar\u015f\u0131 d\u00f6v\u00fc\u015fen d\u00fcnyan\u0131n<br \/>ve \u00f6l\u00fcme<br \/>g\u00fclerek ko\u015fan gen\u00e7 sava\u015f\u00e7\u0131lar\u0131n<br \/>al bayraklar\u0131 dalgalans\u0131n<br \/>dalgalans\u0131n dalgalans\u0131n<br \/>kinle bo\u011fu\u015fan yorgun y\u00fcre\u011fi<br \/>ayd\u0131nlans\u0131n diye anam\u0131n.<br \/>felaketler ge\u00e7irmi\u015f anam\u0131n<br \/>di\u015fleri d\u00f6k\u00fclm\u00fc\u015f kederli a\u011fz\u0131<br \/>a\u011flamaya haz\u0131r g\u00f6zleri<br \/>safras\u0131<br \/>ve sonsuz<br \/>ve da\u011flar eriten sabr\u0131,<br \/>merhameti<br \/>yani bir b\u00fct\u00fcn halinde insanl\u0131\u011f\u0131m\u0131z<br \/>yunsun, ar\u0131ns\u0131n diye duru p\u0131narlarda<br \/>al\u0131n terinin namusu kurtulsun diye<br \/>kurtulsun diye s\u0131cak somun<br \/>ac\u0131 so\u011fan<br \/>ve \u00e7i\u00e7ekli basmalar<br \/>ahdettik<br \/>vefa ettik<br \/>kelle koyduk<br \/>\u00f6len \u00f6l\u00fcr dostlar<br \/>d\u00fc\u015fmanlar heyy<br \/>kalan sa\u011flar<br \/>\u2026.<br \/>Orhan KOTAN<\/p>\n","protected":false},"excerpt":{"rendered":"<p>\u00a0 \u00e7\u00fcnk\u00fc isyan b\u0131\u00e7a\u011f\u0131d\u0131r b\u00f6\u011fr\u00fcme saplanan sanc\u0131\u00e7\u00fcnk\u00fc harc\u0131m\u0131 \u00f6fkeyle, imanla kar\u0131yorumve kederinve solgun y\u00fczl\u00fc i\u015f\u00e7ilerin \u00fczerineda\u011fba\u015flar\u0131n\u0131n h\u0131r\u00e7\u0131nl\u0131\u011f\u0131 savruluyor benden.\u00e7\u00fcnk\u00fc beni ate\u015fiyle dimdik tutan kin\u00e7\u00fcnk\u00fc benim g\u00f6zbebeklerimde tutu\u015fan \u015fafakmiting afi\u015flericesur pankartlarve binlerce militanderin denizlerin ayd\u0131nl\u0131\u011f\u0131zorlu sabahlarg\u00f6ky\u00fcz\u00fc ve l\u00e2les\u0131k\u0131lm\u0131\u015f bir yumruk gibi giriyoruz hayata. \u00e7\u00fcnk\u00fc ben sevdi\u011fim k\u0131z\u0131ya\u015famak gibihalkrm gibi sevdi\u011fim k\u0131z\u0131\/ki \u015fiirini yazamayanve t\u00fcrk\u00fcs\u00fcn\u00fc s\u00f6yleyemeyen halk\u0131m [&hellip;]<\/p>\n","protected":false},"author":1,"featured_media":0,"comment_status":"open","ping_status":"open","sticky":false,"template":"","format":"standard","meta":{"footnotes":""},"categories":[135],"tags":[],"class_list":{"0":"post-4111","1":"post","2":"type-post","3":"status-publish","4":"format-standard","6":"category-orhan-kotan"},"yoast_head":"<!-- This site is optimized with the Yoast SEO Premium plugin v24.9 (Yoast SEO v24.9) - https:\/\/yoast.com\/wordpress\/plugins\/seo\/ -->\n<title>GURURLA BAKIYORUM D\u00dcNYAYA - narteks.net<\/title>\n<meta name=\"robots\" content=\"index, follow, max-snippet:-1, max-image-preview:large, max-video-preview:-1\" \/>\n<link rel=\"canonical\" href=\"https:\/\/narteks.net\/index.php\/2010\/02\/01\/gururla-bakiyorum-dunyaya\/\" \/>\n<meta property=\"og:locale\" content=\"tr_TR\" \/>\n<meta property=\"og:type\" content=\"article\" \/>\n<meta property=\"og:title\" content=\"GURURLA BAKIYORUM D\u00dcNYAYA\" \/>\n<meta property=\"og:description\" content=\"\u00a0 \u00e7\u00fcnk\u00fc isyan b\u0131\u00e7a\u011f\u0131d\u0131r b\u00f6\u011fr\u00fcme saplanan sanc\u0131\u00e7\u00fcnk\u00fc harc\u0131m\u0131 \u00f6fkeyle, imanla kar\u0131yorumve kederinve solgun y\u00fczl\u00fc i\u015f\u00e7ilerin \u00fczerineda\u011fba\u015flar\u0131n\u0131n h\u0131r\u00e7\u0131nl\u0131\u011f\u0131 savruluyor benden.\u00e7\u00fcnk\u00fc beni ate\u015fiyle dimdik tutan kin\u00e7\u00fcnk\u00fc benim g\u00f6zbebeklerimde tutu\u015fan \u015fafakmiting afi\u015flericesur pankartlarve binlerce militanderin denizlerin ayd\u0131nl\u0131\u011f\u0131zorlu sabahlarg\u00f6ky\u00fcz\u00fc ve l\u00e2les\u0131k\u0131lm\u0131\u015f bir yumruk gibi giriyoruz hayata. \u00e7\u00fcnk\u00fc ben sevdi\u011fim k\u0131z\u0131ya\u015famak gibihalkrm gibi sevdi\u011fim k\u0131z\u0131\/ki \u015fiirini yazamayanve t\u00fcrk\u00fcs\u00fcn\u00fc s\u00f6yleyemeyen halk\u0131m [&hellip;]\" \/>\n<meta property=\"og:url\" content=\"https:\/\/narteks.net\/index.php\/2010\/02\/01\/gururla-bakiyorum-dunyaya\/\" \/>\n<meta property=\"og:site_name\" content=\"narteks.net\" \/>\n<meta property=\"article:published_time\" content=\"2010-02-01T19:02:43+00:00\" \/>\n<meta property=\"og:image\" content=\"https:\/\/narteks.net\/wp-content\/uploads\/narteks.png\" \/>\n\t<meta property=\"og:image:width\" content=\"300\" \/>\n\t<meta property=\"og:image:height\" content=\"90\" \/>\n\t<meta property=\"og:image:type\" content=\"image\/png\" \/>\n<meta name=\"author\" content=\"Tar\u0131k\" \/>\n<meta name=\"twitter:card\" content=\"summary_large_image\" \/>\n<meta name=\"twitter:creator\" content=\"@narteks\" \/>\n<meta name=\"twitter:site\" content=\"@narteks\" \/>\n<meta name=\"twitter:label1\" content=\"Yazan:\" \/>\n\t<meta name=\"twitter:data1\" content=\"Tar\u0131k\" \/>\n\t<meta name=\"twitter:label2\" content=\"Tahmini okuma s\u00fcresi\" \/>\n\t<meta name=\"twitter:data2\" content=\"3 dakika\" \/>\n<script type=\"application\/ld+json\" class=\"yoast-schema-graph\">{\"@context\":\"https:\/\/schema.org\",\"@graph\":[{\"@type\":\"Article\",\"@id\":\"https:\/\/narteks.net\/index.php\/2010\/02\/01\/gururla-bakiyorum-dunyaya\/#article\",\"isPartOf\":{\"@id\":\"https:\/\/narteks.net\/index.php\/2010\/02\/01\/gururla-bakiyorum-dunyaya\/\"},\"author\":{\"name\":\"Tar\u0131k\",\"@id\":\"https:\/\/narteks.net\/#\/schema\/person\/61f37d9834294b72d31d274e7ed79bca\"},\"headline\":\"GURURLA BAKIYORUM D\u00dcNYAYA\",\"datePublished\":\"2010-02-01T19:02:43+00:00\",\"mainEntityOfPage\":{\"@id\":\"https:\/\/narteks.net\/index.php\/2010\/02\/01\/gururla-bakiyorum-dunyaya\/\"},\"wordCount\":520,\"commentCount\":0,\"publisher\":{\"@id\":\"https:\/\/narteks.net\/#organization\"},\"articleSection\":[\"Orhan KOTAN\"],\"inLanguage\":\"tr\",\"potentialAction\":[{\"@type\":\"CommentAction\",\"name\":\"Comment\",\"target\":[\"https:\/\/narteks.net\/index.php\/2010\/02\/01\/gururla-bakiyorum-dunyaya\/#respond\"]}]},{\"@type\":\"WebPage\",\"@id\":\"https:\/\/narteks.net\/index.php\/2010\/02\/01\/gururla-bakiyorum-dunyaya\/\",\"url\":\"https:\/\/narteks.net\/index.php\/2010\/02\/01\/gururla-bakiyorum-dunyaya\/\",\"name\":\"GURURLA BAKIYORUM D\u00dcNYAYA - narteks.net\",\"isPartOf\":{\"@id\":\"https:\/\/narteks.net\/#website\"},\"datePublished\":\"2010-02-01T19:02:43+00:00\",\"breadcrumb\":{\"@id\":\"https:\/\/narteks.net\/index.php\/2010\/02\/01\/gururla-bakiyorum-dunyaya\/#breadcrumb\"},\"inLanguage\":\"tr\",\"potentialAction\":[{\"@type\":\"ReadAction\",\"target\":[\"https:\/\/narteks.net\/index.php\/2010\/02\/01\/gururla-bakiyorum-dunyaya\/\"]}]},{\"@type\":\"BreadcrumbList\",\"@id\":\"https:\/\/narteks.net\/index.php\/2010\/02\/01\/gururla-bakiyorum-dunyaya\/#breadcrumb\",\"itemListElement\":[{\"@type\":\"ListItem\",\"position\":1,\"name\":\"Anasayfa\",\"item\":\"https:\/\/narteks.net\/\"},{\"@type\":\"ListItem\",\"position\":2,\"name\":\"GURURLA BAKIYORUM D\u00dcNYAYA\"}]},{\"@type\":\"WebSite\",\"@id\":\"https:\/\/narteks.net\/#website\",\"url\":\"https:\/\/narteks.net\/\",\"name\":\"narteks.net\",\"description\":\"K\u00fclt\u00fcr Sanat Edebiyat Felsefe\",\"publisher\":{\"@id\":\"https:\/\/narteks.net\/#organization\"},\"alternateName\":\"K\u00fclt\u00fcr Sanat Edebiyat Felsefe\",\"potentialAction\":[{\"@type\":\"SearchAction\",\"target\":{\"@type\":\"EntryPoint\",\"urlTemplate\":\"https:\/\/narteks.net\/?s={search_term_string}\"},\"query-input\":{\"@type\":\"PropertyValueSpecification\",\"valueRequired\":true,\"valueName\":\"search_term_string\"}}],\"inLanguage\":\"tr\"},{\"@type\":\"Organization\",\"@id\":\"https:\/\/narteks.net\/#organization\",\"name\":\"narteks.net\",\"url\":\"https:\/\/narteks.net\/\",\"logo\":{\"@type\":\"ImageObject\",\"inLanguage\":\"tr\",\"@id\":\"https:\/\/narteks.net\/#\/schema\/logo\/image\/\",\"url\":\"https:\/\/narteks.net\/wp-content\/uploads\/narteks.png\",\"contentUrl\":\"https:\/\/narteks.net\/wp-content\/uploads\/narteks.png\",\"width\":300,\"height\":90,\"caption\":\"narteks.net\"},\"image\":{\"@id\":\"https:\/\/narteks.net\/#\/schema\/logo\/image\/\"},\"sameAs\":[\"https:\/\/x.com\/narteks\",\"https:\/\/instagram.com\/narteksnet\"]},{\"@type\":\"Person\",\"@id\":\"https:\/\/narteks.net\/#\/schema\/person\/61f37d9834294b72d31d274e7ed79bca\",\"name\":\"Tar\u0131k\",\"image\":{\"@type\":\"ImageObject\",\"inLanguage\":\"tr\",\"@id\":\"https:\/\/narteks.net\/#\/schema\/person\/image\/\",\"url\":\"https:\/\/secure.gravatar.com\/avatar\/50865afb55632c4ae467e0af0930f6510aa2297d8014be502a55b14f3b7550cf?s=96&d=mm&r=g\",\"contentUrl\":\"https:\/\/secure.gravatar.com\/avatar\/50865afb55632c4ae467e0af0930f6510aa2297d8014be502a55b14f3b7550cf?s=96&d=mm&r=g\",\"caption\":\"Tar\u0131k\"},\"sameAs\":[\"http:\/\/narteks.net\"],\"url\":\"https:\/\/narteks.net\/index.php\/author\/narbak\/\"}]}<\/script>\n<!-- \/ Yoast SEO Premium plugin. -->","yoast_head_json":{"title":"GURURLA BAKIYORUM D\u00dcNYAYA - narteks.net","robots":{"index":"index","follow":"follow","max-snippet":"max-snippet:-1","max-image-preview":"max-image-preview:large","max-video-preview":"max-video-preview:-1"},"canonical":"https:\/\/narteks.net\/index.php\/2010\/02\/01\/gururla-bakiyorum-dunyaya\/","og_locale":"tr_TR","og_type":"article","og_title":"GURURLA BAKIYORUM D\u00dcNYAYA","og_description":"\u00a0 \u00e7\u00fcnk\u00fc isyan b\u0131\u00e7a\u011f\u0131d\u0131r b\u00f6\u011fr\u00fcme saplanan sanc\u0131\u00e7\u00fcnk\u00fc harc\u0131m\u0131 \u00f6fkeyle, imanla kar\u0131yorumve kederinve solgun y\u00fczl\u00fc i\u015f\u00e7ilerin \u00fczerineda\u011fba\u015flar\u0131n\u0131n h\u0131r\u00e7\u0131nl\u0131\u011f\u0131 savruluyor benden.\u00e7\u00fcnk\u00fc beni ate\u015fiyle dimdik tutan kin\u00e7\u00fcnk\u00fc benim g\u00f6zbebeklerimde tutu\u015fan \u015fafakmiting afi\u015flericesur pankartlarve binlerce militanderin denizlerin ayd\u0131nl\u0131\u011f\u0131zorlu sabahlarg\u00f6ky\u00fcz\u00fc ve l\u00e2les\u0131k\u0131lm\u0131\u015f bir yumruk gibi giriyoruz hayata. \u00e7\u00fcnk\u00fc ben sevdi\u011fim k\u0131z\u0131ya\u015famak gibihalkrm gibi sevdi\u011fim k\u0131z\u0131\/ki \u015fiirini yazamayanve t\u00fcrk\u00fcs\u00fcn\u00fc s\u00f6yleyemeyen halk\u0131m [&hellip;]","og_url":"https:\/\/narteks.net\/index.php\/2010\/02\/01\/gururla-bakiyorum-dunyaya\/","og_site_name":"narteks.net","article_published_time":"2010-02-01T19:02:43+00:00","og_image":[{"width":300,"height":90,"url":"https:\/\/narteks.net\/wp-content\/uploads\/narteks.png","type":"image\/png"}],"author":"Tar\u0131k","twitter_card":"summary_large_image","twitter_creator":"@narteks","twitter_site":"@narteks","twitter_misc":{"Yazan:":"Tar\u0131k","Tahmini okuma s\u00fcresi":"3 dakika"},"schema":{"@context":"https:\/\/schema.org","@graph":[{"@type":"Article","@id":"https:\/\/narteks.net\/index.php\/2010\/02\/01\/gururla-bakiyorum-dunyaya\/#article","isPartOf":{"@id":"https:\/\/narteks.net\/index.php\/2010\/02\/01\/gururla-bakiyorum-dunyaya\/"},"author":{"name":"Tar\u0131k","@id":"https:\/\/narteks.net\/#\/schema\/person\/61f37d9834294b72d31d274e7ed79bca"},"headline":"GURURLA BAKIYORUM D\u00dcNYAYA","datePublished":"2010-02-01T19:02:43+00:00","mainEntityOfPage":{"@id":"https:\/\/narteks.net\/index.php\/2010\/02\/01\/gururla-bakiyorum-dunyaya\/"},"wordCount":520,"commentCount":0,"publisher":{"@id":"https:\/\/narteks.net\/#organization"},"articleSection":["Orhan KOTAN"],"inLanguage":"tr","potentialAction":[{"@type":"CommentAction","name":"Comment","target":["https:\/\/narteks.net\/index.php\/2010\/02\/01\/gururla-bakiyorum-dunyaya\/#respond"]}]},{"@type":"WebPage","@id":"https:\/\/narteks.net\/index.php\/2010\/02\/01\/gururla-bakiyorum-dunyaya\/","url":"https:\/\/narteks.net\/index.php\/2010\/02\/01\/gururla-bakiyorum-dunyaya\/","name":"GURURLA BAKIYORUM D\u00dcNYAYA - narteks.net","isPartOf":{"@id":"https:\/\/narteks.net\/#website"},"datePublished":"2010-02-01T19:02:43+00:00","breadcrumb":{"@id":"https:\/\/narteks.net\/index.php\/2010\/02\/01\/gururla-bakiyorum-dunyaya\/#breadcrumb"},"inLanguage":"tr","potentialAction":[{"@type":"ReadAction","target":["https:\/\/narteks.net\/index.php\/2010\/02\/01\/gururla-bakiyorum-dunyaya\/"]}]},{"@type":"BreadcrumbList","@id":"https:\/\/narteks.net\/index.php\/2010\/02\/01\/gururla-bakiyorum-dunyaya\/#breadcrumb","itemListElement":[{"@type":"ListItem","position":1,"name":"Anasayfa","item":"https:\/\/narteks.net\/"},{"@type":"ListItem","position":2,"name":"GURURLA BAKIYORUM D\u00dcNYAYA"}]},{"@type":"WebSite","@id":"https:\/\/narteks.net\/#website","url":"https:\/\/narteks.net\/","name":"narteks.net","description":"K\u00fclt\u00fcr Sanat Edebiyat Felsefe","publisher":{"@id":"https:\/\/narteks.net\/#organization"},"alternateName":"K\u00fclt\u00fcr Sanat Edebiyat Felsefe","potentialAction":[{"@type":"SearchAction","target":{"@type":"EntryPoint","urlTemplate":"https:\/\/narteks.net\/?s={search_term_string}"},"query-input":{"@type":"PropertyValueSpecification","valueRequired":true,"valueName":"search_term_string"}}],"inLanguage":"tr"},{"@type":"Organization","@id":"https:\/\/narteks.net\/#organization","name":"narteks.net","url":"https:\/\/narteks.net\/","logo":{"@type":"ImageObject","inLanguage":"tr","@id":"https:\/\/narteks.net\/#\/schema\/logo\/image\/","url":"https:\/\/narteks.net\/wp-content\/uploads\/narteks.png","contentUrl":"https:\/\/narteks.net\/wp-content\/uploads\/narteks.png","width":300,"height":90,"caption":"narteks.net"},"image":{"@id":"https:\/\/narteks.net\/#\/schema\/logo\/image\/"},"sameAs":["https:\/\/x.com\/narteks","https:\/\/instagram.com\/narteksnet"]},{"@type":"Person","@id":"https:\/\/narteks.net\/#\/schema\/person\/61f37d9834294b72d31d274e7ed79bca","name":"Tar\u0131k","image":{"@type":"ImageObject","inLanguage":"tr","@id":"https:\/\/narteks.net\/#\/schema\/person\/image\/","url":"https:\/\/secure.gravatar.com\/avatar\/50865afb55632c4ae467e0af0930f6510aa2297d8014be502a55b14f3b7550cf?s=96&d=mm&r=g","contentUrl":"https:\/\/secure.gravatar.com\/avatar\/50865afb55632c4ae467e0af0930f6510aa2297d8014be502a55b14f3b7550cf?s=96&d=mm&r=g","caption":"Tar\u0131k"},"sameAs":["http:\/\/narteks.net"],"url":"https:\/\/narteks.net\/index.php\/author\/narbak\/"}]}},"_links":{"self":[{"href":"https:\/\/narteks.net\/index.php\/wp-json\/wp\/v2\/posts\/4111","targetHints":{"allow":["GET"]}}],"collection":[{"href":"https:\/\/narteks.net\/index.php\/wp-json\/wp\/v2\/posts"}],"about":[{"href":"https:\/\/narteks.net\/index.php\/wp-json\/wp\/v2\/types\/post"}],"author":[{"embeddable":true,"href":"https:\/\/narteks.net\/index.php\/wp-json\/wp\/v2\/users\/1"}],"replies":[{"embeddable":true,"href":"https:\/\/narteks.net\/index.php\/wp-json\/wp\/v2\/comments?post=4111"}],"version-history":[{"count":0,"href":"https:\/\/narteks.net\/index.php\/wp-json\/wp\/v2\/posts\/4111\/revisions"}],"wp:attachment":[{"href":"https:\/\/narteks.net\/index.php\/wp-json\/wp\/v2\/media?parent=4111"}],"wp:term":[{"taxonomy":"category","embeddable":true,"href":"https:\/\/narteks.net\/index.php\/wp-json\/wp\/v2\/categories?post=4111"},{"taxonomy":"post_tag","embeddable":true,"href":"https:\/\/narteks.net\/index.php\/wp-json\/wp\/v2\/tags?post=4111"}],"curies":[{"name":"wp","href":"https:\/\/api.w.org\/{rel}","templated":true}]}}