{"id":4112,"date":"2010-02-01T22:03:27","date_gmt":"2010-02-01T19:03:27","guid":{"rendered":"http:\/\/localhost\/wordpress\/2010\/02\/01\/halklarin-kardesligi-adina\/"},"modified":"2010-02-01T22:03:27","modified_gmt":"2010-02-01T19:03:27","slug":"halklarin-kardesligi-adina","status":"publish","type":"post","link":"https:\/\/narteks.net\/index.php\/2010\/02\/01\/halklarin-kardesligi-adina\/","title":{"rendered":"HALKLARIN KARDE\u015eL\u0130\u011e\u0130 ADINA"},"content":{"rendered":"<p>\u00a0<\/p>\n<p>Yeni bir d\u00fcnya i\u00e7in karde\u015fler<br \/>Yeni bir d\u00fcnya i\u00e7ir bu kavga<br \/>Bu kan<br \/>Bu zul\u00fcm<br \/>Yeni bir d\u00fcnya i\u00e7in karde\u015fler<br \/>Yeni bir d\u00fcnya i\u00e7in bu sab\u0131r<br \/>Bu kin<br \/>Bu sanc\u0131<\/p>\n<p>Bu da\u011flarda vuruldu boyunduruk<br \/>K\u0131nal\u0131 t\u00fcrk\u00fclerin boynuna<br \/>Halklar\u0131n karde\u015fli\u011fi ad\u0131na<br \/>Bu da\u011flarda de\u015fildi gebe kad\u0131nlar\u0131n karn\u0131<br \/>Bu da\u011flarda bo\u011fazland\u0131 istikl\u00e2l-i tam<br \/>Oysa namlular daha so\u011fumam\u0131\u015ft\u0131<\/p>\n<p>Ekme\u011fimiz yoktu<br \/>Mermimiz yoktu<br \/>Bin can ile<br \/>Bir umut ekti\u011fimiz<br \/>Topra\u011f\u0131m\u0131z yok<br \/>Da\u011flar gibi y\u0131k\u0131ld\u0131 \u00f6l\u00fcler<br \/>Ve ayaklar alt\u0131nda namusumuz<\/p>\n<p>Lanetlenmi\u015f<br \/>A\u00e7 \u00e7oluk \u00e7ocuk<br \/>Kad\u0131nlar\u0131m\u0131z, davarlar\u0131m\u0131z<\/p>\n<p>Haldan bilmez<br \/>Ge\u00e7it vermez kanl\u0131 Zilan<br \/>Of off offf be<\/p>\n<p>Tif\u00fcs ve kanser<br \/>Ve siyatik<br \/>Difteri<br \/>Kalp yetersizli\u011fi, \u00fclser vesaire<br \/>Bir de a\u00e7l\u0131k<br \/>Bir de zul\u00fcm<br \/>Bir de zindanlar<\/p>\n<p>Iss\u0131z bir u\u011fultudur do\u011fan\u0131n padi\u015fah\u0131<br \/>Fideler c\u0131l\u0131z<br \/>Da\u011flarda umudun hazin sanc\u0131s\u0131<br \/>Topra\u011f\u0131n ba\u011fr\u0131nda tohum<br \/>Kan revan i\u00e7indedir<br \/>Ve kan ravan i\u00e7indedir t\u00fcrk\u00fclerimiz<\/p>\n<p>&#8221; K\u0131\u015f g\u00fcn\u00fcd\u00fcr g\u00fcller a\u00e7maz<br \/>Dallarda b\u00fclb\u00fcller \u00f6tmez<br \/>Can arzular elim yetmez<br \/>Vahh l\u0131m\u0131n<br \/>\u0130\u00e7erden<br \/>\u0130\u00e7erden yar i\u00e7erden<br \/>Kes ba\u011fr\u0131m yar i\u00e7erden&#8221;<br \/>\u0130\u015fte namus <br \/>\u0130ntihar\u0131 d\u00fc\u015f\u00fcn\u00fcr kederinden<br \/>Ve bu bo\u015f tencerenin<br \/>Onulmaz mahr\u0131<br \/>Utan\u0131r kendikendinden<br \/>Birebir vermeyen toprak<br \/>Karasaban<br \/>Ya\u015fl\u0131 \u00f6k\u00fcz<br \/>Sebis\u00fcyan<br \/>A\u00e7-susuz<br \/>Ne giden<br \/>Ne beklenen var<br \/>Ve da\u011flarda<br \/>\u00c7\u0131r\u0131l\u00e7\u0131plak e\u015fkiyalar<\/p>\n<p>Orhan KOTAN<\/p>\n","protected":false},"excerpt":{"rendered":"<p>\u00a0 Yeni bir d\u00fcnya i\u00e7in karde\u015flerYeni bir d\u00fcnya i\u00e7ir bu kavgaBu kanBu zul\u00fcmYeni bir d\u00fcnya i\u00e7in karde\u015flerYeni bir d\u00fcnya i\u00e7in bu sab\u0131rBu kinBu sanc\u0131 Bu da\u011flarda vuruldu boyundurukK\u0131nal\u0131 t\u00fcrk\u00fclerin boynunaHalklar\u0131n karde\u015fli\u011fi ad\u0131naBu da\u011flarda de\u015fildi gebe kad\u0131nlar\u0131n karn\u0131Bu da\u011flarda bo\u011fazland\u0131 istikl\u00e2l-i tamOysa namlular daha so\u011fumam\u0131\u015ft\u0131 Ekme\u011fimiz yoktuMermimiz yoktuBin can ileBir umut ekti\u011fimizTopra\u011f\u0131m\u0131z yokDa\u011flar gibi y\u0131k\u0131ld\u0131 \u00f6l\u00fclerVe [&hellip;]<\/p>\n","protected":false},"author":1,"featured_media":0,"comment_status":"open","ping_status":"open","sticky":false,"template":"","format":"standard","meta":{"footnotes":""},"categories":[135],"tags":[],"class_list":{"0":"post-4112","1":"post","2":"type-post","3":"status-publish","4":"format-standard","6":"category-orhan-kotan"},"yoast_head":"<!-- This site is optimized with the Yoast SEO Premium plugin v24.9 (Yoast SEO v24.9) - https:\/\/yoast.com\/wordpress\/plugins\/seo\/ -->\n<title>HALKLARIN KARDE\u015eL\u0130\u011e\u0130 ADINA - narteks.net<\/title>\n<meta name=\"robots\" content=\"index, follow, max-snippet:-1, max-image-preview:large, max-video-preview:-1\" \/>\n<link rel=\"canonical\" href=\"https:\/\/narteks.net\/index.php\/2010\/02\/01\/halklarin-kardesligi-adina\/\" \/>\n<meta property=\"og:locale\" content=\"tr_TR\" \/>\n<meta property=\"og:type\" content=\"article\" \/>\n<meta property=\"og:title\" content=\"HALKLARIN KARDE\u015eL\u0130\u011e\u0130 ADINA\" \/>\n<meta property=\"og:description\" content=\"\u00a0 Yeni bir d\u00fcnya i\u00e7in karde\u015flerYeni bir d\u00fcnya i\u00e7ir bu kavgaBu kanBu zul\u00fcmYeni bir d\u00fcnya i\u00e7in karde\u015flerYeni bir d\u00fcnya i\u00e7in bu sab\u0131rBu kinBu sanc\u0131 Bu da\u011flarda vuruldu boyundurukK\u0131nal\u0131 t\u00fcrk\u00fclerin boynunaHalklar\u0131n karde\u015fli\u011fi ad\u0131naBu da\u011flarda de\u015fildi gebe kad\u0131nlar\u0131n karn\u0131Bu da\u011flarda bo\u011fazland\u0131 istikl\u00e2l-i tamOysa namlular daha so\u011fumam\u0131\u015ft\u0131 Ekme\u011fimiz yoktuMermimiz yoktuBin can ileBir umut ekti\u011fimizTopra\u011f\u0131m\u0131z yokDa\u011flar gibi y\u0131k\u0131ld\u0131 \u00f6l\u00fclerVe [&hellip;]\" \/>\n<meta property=\"og:url\" content=\"https:\/\/narteks.net\/index.php\/2010\/02\/01\/halklarin-kardesligi-adina\/\" \/>\n<meta property=\"og:site_name\" content=\"narteks.net\" \/>\n<meta property=\"article:published_time\" content=\"2010-02-01T19:03:27+00:00\" \/>\n<meta property=\"og:image\" content=\"https:\/\/narteks.net\/wp-content\/uploads\/narteks.png\" \/>\n\t<meta property=\"og:image:width\" content=\"300\" \/>\n\t<meta property=\"og:image:height\" content=\"90\" \/>\n\t<meta property=\"og:image:type\" content=\"image\/png\" \/>\n<meta name=\"author\" content=\"Tar\u0131k\" \/>\n<meta name=\"twitter:card\" content=\"summary_large_image\" \/>\n<meta name=\"twitter:creator\" content=\"@narteks\" \/>\n<meta name=\"twitter:site\" content=\"@narteks\" \/>\n<meta name=\"twitter:label1\" content=\"Yazan:\" \/>\n\t<meta name=\"twitter:data1\" content=\"Tar\u0131k\" \/>\n\t<meta name=\"twitter:label2\" content=\"Tahmini okuma s\u00fcresi\" \/>\n\t<meta name=\"twitter:data2\" content=\"1 dakika\" \/>\n<script type=\"application\/ld+json\" class=\"yoast-schema-graph\">{\"@context\":\"https:\/\/schema.org\",\"@graph\":[{\"@type\":\"Article\",\"@id\":\"https:\/\/narteks.net\/index.php\/2010\/02\/01\/halklarin-kardesligi-adina\/#article\",\"isPartOf\":{\"@id\":\"https:\/\/narteks.net\/index.php\/2010\/02\/01\/halklarin-kardesligi-adina\/\"},\"author\":{\"name\":\"Tar\u0131k\",\"@id\":\"https:\/\/narteks.net\/#\/schema\/person\/61f37d9834294b72d31d274e7ed79bca\"},\"headline\":\"HALKLARIN KARDE\u015eL\u0130\u011e\u0130 ADINA\",\"datePublished\":\"2010-02-01T19:03:27+00:00\",\"mainEntityOfPage\":{\"@id\":\"https:\/\/narteks.net\/index.php\/2010\/02\/01\/halklarin-kardesligi-adina\/\"},\"wordCount\":235,\"commentCount\":0,\"publisher\":{\"@id\":\"https:\/\/narteks.net\/#organization\"},\"articleSection\":[\"Orhan KOTAN\"],\"inLanguage\":\"tr\",\"potentialAction\":[{\"@type\":\"CommentAction\",\"name\":\"Comment\",\"target\":[\"https:\/\/narteks.net\/index.php\/2010\/02\/01\/halklarin-kardesligi-adina\/#respond\"]}]},{\"@type\":\"WebPage\",\"@id\":\"https:\/\/narteks.net\/index.php\/2010\/02\/01\/halklarin-kardesligi-adina\/\",\"url\":\"https:\/\/narteks.net\/index.php\/2010\/02\/01\/halklarin-kardesligi-adina\/\",\"name\":\"HALKLARIN KARDE\u015eL\u0130\u011e\u0130 ADINA - narteks.net\",\"isPartOf\":{\"@id\":\"https:\/\/narteks.net\/#website\"},\"datePublished\":\"2010-02-01T19:03:27+00:00\",\"breadcrumb\":{\"@id\":\"https:\/\/narteks.net\/index.php\/2010\/02\/01\/halklarin-kardesligi-adina\/#breadcrumb\"},\"inLanguage\":\"tr\",\"potentialAction\":[{\"@type\":\"ReadAction\",\"target\":[\"https:\/\/narteks.net\/index.php\/2010\/02\/01\/halklarin-kardesligi-adina\/\"]}]},{\"@type\":\"BreadcrumbList\",\"@id\":\"https:\/\/narteks.net\/index.php\/2010\/02\/01\/halklarin-kardesligi-adina\/#breadcrumb\",\"itemListElement\":[{\"@type\":\"ListItem\",\"position\":1,\"name\":\"Anasayfa\",\"item\":\"https:\/\/narteks.net\/\"},{\"@type\":\"ListItem\",\"position\":2,\"name\":\"HALKLARIN KARDE\u015eL\u0130\u011e\u0130 ADINA\"}]},{\"@type\":\"WebSite\",\"@id\":\"https:\/\/narteks.net\/#website\",\"url\":\"https:\/\/narteks.net\/\",\"name\":\"narteks.net\",\"description\":\"K\u00fclt\u00fcr Sanat Edebiyat Felsefe\",\"publisher\":{\"@id\":\"https:\/\/narteks.net\/#organization\"},\"alternateName\":\"K\u00fclt\u00fcr Sanat Edebiyat Felsefe\",\"potentialAction\":[{\"@type\":\"SearchAction\",\"target\":{\"@type\":\"EntryPoint\",\"urlTemplate\":\"https:\/\/narteks.net\/?s={search_term_string}\"},\"query-input\":{\"@type\":\"PropertyValueSpecification\",\"valueRequired\":true,\"valueName\":\"search_term_string\"}}],\"inLanguage\":\"tr\"},{\"@type\":\"Organization\",\"@id\":\"https:\/\/narteks.net\/#organization\",\"name\":\"narteks.net\",\"url\":\"https:\/\/narteks.net\/\",\"logo\":{\"@type\":\"ImageObject\",\"inLanguage\":\"tr\",\"@id\":\"https:\/\/narteks.net\/#\/schema\/logo\/image\/\",\"url\":\"https:\/\/narteks.net\/wp-content\/uploads\/narteks.png\",\"contentUrl\":\"https:\/\/narteks.net\/wp-content\/uploads\/narteks.png\",\"width\":300,\"height\":90,\"caption\":\"narteks.net\"},\"image\":{\"@id\":\"https:\/\/narteks.net\/#\/schema\/logo\/image\/\"},\"sameAs\":[\"https:\/\/x.com\/narteks\",\"https:\/\/instagram.com\/narteksnet\"]},{\"@type\":\"Person\",\"@id\":\"https:\/\/narteks.net\/#\/schema\/person\/61f37d9834294b72d31d274e7ed79bca\",\"name\":\"Tar\u0131k\",\"image\":{\"@type\":\"ImageObject\",\"inLanguage\":\"tr\",\"@id\":\"https:\/\/narteks.net\/#\/schema\/person\/image\/\",\"url\":\"https:\/\/secure.gravatar.com\/avatar\/50865afb55632c4ae467e0af0930f6510aa2297d8014be502a55b14f3b7550cf?s=96&d=mm&r=g\",\"contentUrl\":\"https:\/\/secure.gravatar.com\/avatar\/50865afb55632c4ae467e0af0930f6510aa2297d8014be502a55b14f3b7550cf?s=96&d=mm&r=g\",\"caption\":\"Tar\u0131k\"},\"sameAs\":[\"http:\/\/narteks.net\"],\"url\":\"https:\/\/narteks.net\/index.php\/author\/narbak\/\"}]}<\/script>\n<!-- \/ Yoast SEO Premium plugin. -->","yoast_head_json":{"title":"HALKLARIN KARDE\u015eL\u0130\u011e\u0130 ADINA - narteks.net","robots":{"index":"index","follow":"follow","max-snippet":"max-snippet:-1","max-image-preview":"max-image-preview:large","max-video-preview":"max-video-preview:-1"},"canonical":"https:\/\/narteks.net\/index.php\/2010\/02\/01\/halklarin-kardesligi-adina\/","og_locale":"tr_TR","og_type":"article","og_title":"HALKLARIN KARDE\u015eL\u0130\u011e\u0130 ADINA","og_description":"\u00a0 Yeni bir d\u00fcnya i\u00e7in karde\u015flerYeni bir d\u00fcnya i\u00e7ir bu kavgaBu kanBu zul\u00fcmYeni bir d\u00fcnya i\u00e7in karde\u015flerYeni bir d\u00fcnya i\u00e7in bu sab\u0131rBu kinBu sanc\u0131 Bu da\u011flarda vuruldu boyundurukK\u0131nal\u0131 t\u00fcrk\u00fclerin boynunaHalklar\u0131n karde\u015fli\u011fi ad\u0131naBu da\u011flarda de\u015fildi gebe kad\u0131nlar\u0131n karn\u0131Bu da\u011flarda bo\u011fazland\u0131 istikl\u00e2l-i tamOysa namlular daha so\u011fumam\u0131\u015ft\u0131 Ekme\u011fimiz yoktuMermimiz yoktuBin can ileBir umut ekti\u011fimizTopra\u011f\u0131m\u0131z yokDa\u011flar gibi y\u0131k\u0131ld\u0131 \u00f6l\u00fclerVe [&hellip;]","og_url":"https:\/\/narteks.net\/index.php\/2010\/02\/01\/halklarin-kardesligi-adina\/","og_site_name":"narteks.net","article_published_time":"2010-02-01T19:03:27+00:00","og_image":[{"width":300,"height":90,"url":"https:\/\/narteks.net\/wp-content\/uploads\/narteks.png","type":"image\/png"}],"author":"Tar\u0131k","twitter_card":"summary_large_image","twitter_creator":"@narteks","twitter_site":"@narteks","twitter_misc":{"Yazan:":"Tar\u0131k","Tahmini okuma s\u00fcresi":"1 dakika"},"schema":{"@context":"https:\/\/schema.org","@graph":[{"@type":"Article","@id":"https:\/\/narteks.net\/index.php\/2010\/02\/01\/halklarin-kardesligi-adina\/#article","isPartOf":{"@id":"https:\/\/narteks.net\/index.php\/2010\/02\/01\/halklarin-kardesligi-adina\/"},"author":{"name":"Tar\u0131k","@id":"https:\/\/narteks.net\/#\/schema\/person\/61f37d9834294b72d31d274e7ed79bca"},"headline":"HALKLARIN KARDE\u015eL\u0130\u011e\u0130 ADINA","datePublished":"2010-02-01T19:03:27+00:00","mainEntityOfPage":{"@id":"https:\/\/narteks.net\/index.php\/2010\/02\/01\/halklarin-kardesligi-adina\/"},"wordCount":235,"commentCount":0,"publisher":{"@id":"https:\/\/narteks.net\/#organization"},"articleSection":["Orhan KOTAN"],"inLanguage":"tr","potentialAction":[{"@type":"CommentAction","name":"Comment","target":["https:\/\/narteks.net\/index.php\/2010\/02\/01\/halklarin-kardesligi-adina\/#respond"]}]},{"@type":"WebPage","@id":"https:\/\/narteks.net\/index.php\/2010\/02\/01\/halklarin-kardesligi-adina\/","url":"https:\/\/narteks.net\/index.php\/2010\/02\/01\/halklarin-kardesligi-adina\/","name":"HALKLARIN KARDE\u015eL\u0130\u011e\u0130 ADINA - narteks.net","isPartOf":{"@id":"https:\/\/narteks.net\/#website"},"datePublished":"2010-02-01T19:03:27+00:00","breadcrumb":{"@id":"https:\/\/narteks.net\/index.php\/2010\/02\/01\/halklarin-kardesligi-adina\/#breadcrumb"},"inLanguage":"tr","potentialAction":[{"@type":"ReadAction","target":["https:\/\/narteks.net\/index.php\/2010\/02\/01\/halklarin-kardesligi-adina\/"]}]},{"@type":"BreadcrumbList","@id":"https:\/\/narteks.net\/index.php\/2010\/02\/01\/halklarin-kardesligi-adina\/#breadcrumb","itemListElement":[{"@type":"ListItem","position":1,"name":"Anasayfa","item":"https:\/\/narteks.net\/"},{"@type":"ListItem","position":2,"name":"HALKLARIN KARDE\u015eL\u0130\u011e\u0130 ADINA"}]},{"@type":"WebSite","@id":"https:\/\/narteks.net\/#website","url":"https:\/\/narteks.net\/","name":"narteks.net","description":"K\u00fclt\u00fcr Sanat Edebiyat Felsefe","publisher":{"@id":"https:\/\/narteks.net\/#organization"},"alternateName":"K\u00fclt\u00fcr Sanat Edebiyat Felsefe","potentialAction":[{"@type":"SearchAction","target":{"@type":"EntryPoint","urlTemplate":"https:\/\/narteks.net\/?s={search_term_string}"},"query-input":{"@type":"PropertyValueSpecification","valueRequired":true,"valueName":"search_term_string"}}],"inLanguage":"tr"},{"@type":"Organization","@id":"https:\/\/narteks.net\/#organization","name":"narteks.net","url":"https:\/\/narteks.net\/","logo":{"@type":"ImageObject","inLanguage":"tr","@id":"https:\/\/narteks.net\/#\/schema\/logo\/image\/","url":"https:\/\/narteks.net\/wp-content\/uploads\/narteks.png","contentUrl":"https:\/\/narteks.net\/wp-content\/uploads\/narteks.png","width":300,"height":90,"caption":"narteks.net"},"image":{"@id":"https:\/\/narteks.net\/#\/schema\/logo\/image\/"},"sameAs":["https:\/\/x.com\/narteks","https:\/\/instagram.com\/narteksnet"]},{"@type":"Person","@id":"https:\/\/narteks.net\/#\/schema\/person\/61f37d9834294b72d31d274e7ed79bca","name":"Tar\u0131k","image":{"@type":"ImageObject","inLanguage":"tr","@id":"https:\/\/narteks.net\/#\/schema\/person\/image\/","url":"https:\/\/secure.gravatar.com\/avatar\/50865afb55632c4ae467e0af0930f6510aa2297d8014be502a55b14f3b7550cf?s=96&d=mm&r=g","contentUrl":"https:\/\/secure.gravatar.com\/avatar\/50865afb55632c4ae467e0af0930f6510aa2297d8014be502a55b14f3b7550cf?s=96&d=mm&r=g","caption":"Tar\u0131k"},"sameAs":["http:\/\/narteks.net"],"url":"https:\/\/narteks.net\/index.php\/author\/narbak\/"}]}},"_links":{"self":[{"href":"https:\/\/narteks.net\/index.php\/wp-json\/wp\/v2\/posts\/4112","targetHints":{"allow":["GET"]}}],"collection":[{"href":"https:\/\/narteks.net\/index.php\/wp-json\/wp\/v2\/posts"}],"about":[{"href":"https:\/\/narteks.net\/index.php\/wp-json\/wp\/v2\/types\/post"}],"author":[{"embeddable":true,"href":"https:\/\/narteks.net\/index.php\/wp-json\/wp\/v2\/users\/1"}],"replies":[{"embeddable":true,"href":"https:\/\/narteks.net\/index.php\/wp-json\/wp\/v2\/comments?post=4112"}],"version-history":[{"count":0,"href":"https:\/\/narteks.net\/index.php\/wp-json\/wp\/v2\/posts\/4112\/revisions"}],"wp:attachment":[{"href":"https:\/\/narteks.net\/index.php\/wp-json\/wp\/v2\/media?parent=4112"}],"wp:term":[{"taxonomy":"category","embeddable":true,"href":"https:\/\/narteks.net\/index.php\/wp-json\/wp\/v2\/categories?post=4112"},{"taxonomy":"post_tag","embeddable":true,"href":"https:\/\/narteks.net\/index.php\/wp-json\/wp\/v2\/tags?post=4112"}],"curies":[{"name":"wp","href":"https:\/\/api.w.org\/{rel}","templated":true}]}}