{"id":4115,"date":"2010-02-01T22:05:24","date_gmt":"2010-02-01T19:05:24","guid":{"rendered":"http:\/\/localhost\/wordpress\/2010\/02\/01\/sevdaliyim-sana\/"},"modified":"2010-02-01T22:05:24","modified_gmt":"2010-02-01T19:05:24","slug":"sevdaliyim-sana","status":"publish","type":"post","link":"https:\/\/narteks.net\/index.php\/2010\/02\/01\/sevdaliyim-sana\/","title":{"rendered":"SEVDALIYIM SANA"},"content":{"rendered":"<p>\u00a0<\/p>\n<p>Deli deli akan sular\u0131n hasretinde<br \/>Gen\u00e7 bir kad\u0131n gibi k\u0131vran\u0131r toprak<br \/>\u015eehrin kirli \u015famatas\u0131ndan uzak<br \/>Umudu \u00fcryan ayd\u0131nl\u0131k<br \/>Yalans\u0131z ve yi\u011fitce<br \/>Teketek bir d\u00f6v\u00fc\u015ft\u00fcr seni ya\u015famak.<\/p>\n<p>Teketek bir d\u00f6v\u00fc\u015ft\u00fcr seni ya\u015famak<br \/>K\u00f6leli\u011fe ve intihara dair ne varsa<br \/>G\u00f6zya\u015flar\u0131nda birikip duran<br \/>Hem kederli r\u00fcyalar\u0131 gelinlerin<br \/>Hem gurbete giden erkeklerin kahr\u0131<br \/>Yani \u00f6fke ve kin<br \/>Yan\u0131 ac\u0131n\u0131n t\u0131rpan\u0131<br \/>H\u0131nc\u0131 kur\u015funa dizilenlerin<br \/>Kelepce kollar\u0131nda<br \/>\u0130daml\u0131klar\u0131n<br \/>Mahsus mehal dedikleri zindandan<br \/>Barbar sultanlar\u0131n saraylar\u0131na do\u011fru<br \/>Kahpece vuru\u015fanlara inat<br \/>Sap\u0131na kadar erkek\u00e7e<br \/>Yalana dolana sapmadan<br \/>Teketek bir d\u00f6v\u00fc\u015ft\u00fcr seni ya\u015famak.<\/p>\n<p>Sana ben<br \/>A\u00e7 \u00e7ocuklar\u0131n g\u00f6zlerinde vuruldum<br \/>Damarlar\u0131m\u0131 kanatarak ge\u00e7iyorum topra\u011f\u0131n\u0131<br \/>\u0130\u00e7imde<br \/>H\u0131r\u00e7\u0131n bir ba\u015fak gibi at\u0131yor sevdan<br \/>\u00d6fkeyi k\u0131n\u0131ndan soyuyorum.<br \/>Demek istiyorum ki<br \/>\u00c7evremde sekip duran<br \/>D\u00fcnyan\u0131n sevincidir<br \/>\u00c7\u00fcnk\u00fc k\u00f6leli\u011fin yas\u0131nda<br \/>Benim ni\u015fan\u0131mda<br \/>\u0130syan\u0131n y\u00fcce destan\u0131 g\u00f6\u011ferecektir<\/p>\n<p>Ba\u015fkald\u0131ran y\u0131\u011f\u0131nlar\u0131n co\u015fkusu<br \/>Gece seninle \u0131\u015f\u0131yacak<br \/>Seninle kar\u0131lacak sabah\u0131n harc\u0131<br \/>Sevdal\u0131y\u0131m<br \/>Sevdal\u0131y\u0131m sana<br \/>Irgat\u0131n ba\u011fr\u0131ndan s\u00f6k\u00fclen \u015fafak.<\/p>\n<p>Orhan KOTAN<\/p>\n","protected":false},"excerpt":{"rendered":"<p>\u00a0 Deli deli akan sular\u0131n hasretindeGen\u00e7 bir kad\u0131n gibi k\u0131vran\u0131r toprak\u015eehrin kirli \u015famatas\u0131ndan uzakUmudu \u00fcryan ayd\u0131nl\u0131kYalans\u0131z ve yi\u011fitceTeketek bir d\u00f6v\u00fc\u015ft\u00fcr seni ya\u015famak. Teketek bir d\u00f6v\u00fc\u015ft\u00fcr seni ya\u015famakK\u00f6leli\u011fe ve intihara dair ne varsaG\u00f6zya\u015flar\u0131nda birikip duranHem kederli r\u00fcyalar\u0131 gelinlerinHem gurbete giden erkeklerin kahr\u0131Yani \u00f6fke ve kinYan\u0131 ac\u0131n\u0131n t\u0131rpan\u0131H\u0131nc\u0131 kur\u015funa dizilenlerinKelepce kollar\u0131nda\u0130daml\u0131klar\u0131nMahsus mehal dedikleri zindandanBarbar sultanlar\u0131n saraylar\u0131na do\u011fruKahpece [&hellip;]<\/p>\n","protected":false},"author":1,"featured_media":0,"comment_status":"open","ping_status":"open","sticky":false,"template":"","format":"standard","meta":{"footnotes":""},"categories":[135],"tags":[],"class_list":{"0":"post-4115","1":"post","2":"type-post","3":"status-publish","4":"format-standard","6":"category-orhan-kotan"},"yoast_head":"<!-- This site is optimized with the Yoast SEO Premium plugin v24.9 (Yoast SEO v24.9) - https:\/\/yoast.com\/wordpress\/plugins\/seo\/ -->\n<title>SEVDALIYIM SANA - narteks.net<\/title>\n<meta name=\"robots\" content=\"index, follow, max-snippet:-1, max-image-preview:large, max-video-preview:-1\" \/>\n<link rel=\"canonical\" href=\"https:\/\/narteks.net\/index.php\/2010\/02\/01\/sevdaliyim-sana\/\" \/>\n<meta property=\"og:locale\" content=\"tr_TR\" \/>\n<meta property=\"og:type\" content=\"article\" \/>\n<meta property=\"og:title\" content=\"SEVDALIYIM SANA\" \/>\n<meta property=\"og:description\" content=\"\u00a0 Deli deli akan sular\u0131n hasretindeGen\u00e7 bir kad\u0131n gibi k\u0131vran\u0131r toprak\u015eehrin kirli \u015famatas\u0131ndan uzakUmudu \u00fcryan ayd\u0131nl\u0131kYalans\u0131z ve yi\u011fitceTeketek bir d\u00f6v\u00fc\u015ft\u00fcr seni ya\u015famak. Teketek bir d\u00f6v\u00fc\u015ft\u00fcr seni ya\u015famakK\u00f6leli\u011fe ve intihara dair ne varsaG\u00f6zya\u015flar\u0131nda birikip duranHem kederli r\u00fcyalar\u0131 gelinlerinHem gurbete giden erkeklerin kahr\u0131Yani \u00f6fke ve kinYan\u0131 ac\u0131n\u0131n t\u0131rpan\u0131H\u0131nc\u0131 kur\u015funa dizilenlerinKelepce kollar\u0131nda\u0130daml\u0131klar\u0131nMahsus mehal dedikleri zindandanBarbar sultanlar\u0131n saraylar\u0131na do\u011fruKahpece [&hellip;]\" \/>\n<meta property=\"og:url\" content=\"https:\/\/narteks.net\/index.php\/2010\/02\/01\/sevdaliyim-sana\/\" \/>\n<meta property=\"og:site_name\" content=\"narteks.net\" \/>\n<meta property=\"article:published_time\" content=\"2010-02-01T19:05:24+00:00\" \/>\n<meta property=\"og:image\" content=\"https:\/\/narteks.net\/wp-content\/uploads\/narteks.png\" \/>\n\t<meta property=\"og:image:width\" content=\"300\" \/>\n\t<meta property=\"og:image:height\" content=\"90\" \/>\n\t<meta property=\"og:image:type\" content=\"image\/png\" \/>\n<meta name=\"author\" content=\"Tar\u0131k\" \/>\n<meta name=\"twitter:card\" content=\"summary_large_image\" \/>\n<meta name=\"twitter:creator\" content=\"@narteks\" \/>\n<meta name=\"twitter:site\" content=\"@narteks\" \/>\n<meta name=\"twitter:label1\" content=\"Yazan:\" \/>\n\t<meta name=\"twitter:data1\" content=\"Tar\u0131k\" \/>\n\t<meta name=\"twitter:label2\" content=\"Tahmini okuma s\u00fcresi\" \/>\n\t<meta name=\"twitter:data2\" content=\"1 dakika\" \/>\n<script type=\"application\/ld+json\" class=\"yoast-schema-graph\">{\"@context\":\"https:\/\/schema.org\",\"@graph\":[{\"@type\":\"Article\",\"@id\":\"https:\/\/narteks.net\/index.php\/2010\/02\/01\/sevdaliyim-sana\/#article\",\"isPartOf\":{\"@id\":\"https:\/\/narteks.net\/index.php\/2010\/02\/01\/sevdaliyim-sana\/\"},\"author\":{\"name\":\"Tar\u0131k\",\"@id\":\"https:\/\/narteks.net\/#\/schema\/person\/61f37d9834294b72d31d274e7ed79bca\"},\"headline\":\"SEVDALIYIM SANA\",\"datePublished\":\"2010-02-01T19:05:24+00:00\",\"mainEntityOfPage\":{\"@id\":\"https:\/\/narteks.net\/index.php\/2010\/02\/01\/sevdaliyim-sana\/\"},\"wordCount\":195,\"commentCount\":0,\"publisher\":{\"@id\":\"https:\/\/narteks.net\/#organization\"},\"articleSection\":[\"Orhan KOTAN\"],\"inLanguage\":\"tr\",\"potentialAction\":[{\"@type\":\"CommentAction\",\"name\":\"Comment\",\"target\":[\"https:\/\/narteks.net\/index.php\/2010\/02\/01\/sevdaliyim-sana\/#respond\"]}]},{\"@type\":\"WebPage\",\"@id\":\"https:\/\/narteks.net\/index.php\/2010\/02\/01\/sevdaliyim-sana\/\",\"url\":\"https:\/\/narteks.net\/index.php\/2010\/02\/01\/sevdaliyim-sana\/\",\"name\":\"SEVDALIYIM SANA - narteks.net\",\"isPartOf\":{\"@id\":\"https:\/\/narteks.net\/#website\"},\"datePublished\":\"2010-02-01T19:05:24+00:00\",\"breadcrumb\":{\"@id\":\"https:\/\/narteks.net\/index.php\/2010\/02\/01\/sevdaliyim-sana\/#breadcrumb\"},\"inLanguage\":\"tr\",\"potentialAction\":[{\"@type\":\"ReadAction\",\"target\":[\"https:\/\/narteks.net\/index.php\/2010\/02\/01\/sevdaliyim-sana\/\"]}]},{\"@type\":\"BreadcrumbList\",\"@id\":\"https:\/\/narteks.net\/index.php\/2010\/02\/01\/sevdaliyim-sana\/#breadcrumb\",\"itemListElement\":[{\"@type\":\"ListItem\",\"position\":1,\"name\":\"Anasayfa\",\"item\":\"https:\/\/narteks.net\/\"},{\"@type\":\"ListItem\",\"position\":2,\"name\":\"SEVDALIYIM SANA\"}]},{\"@type\":\"WebSite\",\"@id\":\"https:\/\/narteks.net\/#website\",\"url\":\"https:\/\/narteks.net\/\",\"name\":\"narteks.net\",\"description\":\"K\u00fclt\u00fcr Sanat Edebiyat Felsefe\",\"publisher\":{\"@id\":\"https:\/\/narteks.net\/#organization\"},\"alternateName\":\"K\u00fclt\u00fcr Sanat Edebiyat Felsefe\",\"potentialAction\":[{\"@type\":\"SearchAction\",\"target\":{\"@type\":\"EntryPoint\",\"urlTemplate\":\"https:\/\/narteks.net\/?s={search_term_string}\"},\"query-input\":{\"@type\":\"PropertyValueSpecification\",\"valueRequired\":true,\"valueName\":\"search_term_string\"}}],\"inLanguage\":\"tr\"},{\"@type\":\"Organization\",\"@id\":\"https:\/\/narteks.net\/#organization\",\"name\":\"narteks.net\",\"url\":\"https:\/\/narteks.net\/\",\"logo\":{\"@type\":\"ImageObject\",\"inLanguage\":\"tr\",\"@id\":\"https:\/\/narteks.net\/#\/schema\/logo\/image\/\",\"url\":\"https:\/\/narteks.net\/wp-content\/uploads\/narteks.png\",\"contentUrl\":\"https:\/\/narteks.net\/wp-content\/uploads\/narteks.png\",\"width\":300,\"height\":90,\"caption\":\"narteks.net\"},\"image\":{\"@id\":\"https:\/\/narteks.net\/#\/schema\/logo\/image\/\"},\"sameAs\":[\"https:\/\/x.com\/narteks\",\"https:\/\/instagram.com\/narteksnet\"]},{\"@type\":\"Person\",\"@id\":\"https:\/\/narteks.net\/#\/schema\/person\/61f37d9834294b72d31d274e7ed79bca\",\"name\":\"Tar\u0131k\",\"image\":{\"@type\":\"ImageObject\",\"inLanguage\":\"tr\",\"@id\":\"https:\/\/narteks.net\/#\/schema\/person\/image\/\",\"url\":\"https:\/\/secure.gravatar.com\/avatar\/50865afb55632c4ae467e0af0930f6510aa2297d8014be502a55b14f3b7550cf?s=96&d=mm&r=g\",\"contentUrl\":\"https:\/\/secure.gravatar.com\/avatar\/50865afb55632c4ae467e0af0930f6510aa2297d8014be502a55b14f3b7550cf?s=96&d=mm&r=g\",\"caption\":\"Tar\u0131k\"},\"sameAs\":[\"http:\/\/narteks.net\"],\"url\":\"https:\/\/narteks.net\/index.php\/author\/narbak\/\"}]}<\/script>\n<!-- \/ Yoast SEO Premium plugin. -->","yoast_head_json":{"title":"SEVDALIYIM SANA - narteks.net","robots":{"index":"index","follow":"follow","max-snippet":"max-snippet:-1","max-image-preview":"max-image-preview:large","max-video-preview":"max-video-preview:-1"},"canonical":"https:\/\/narteks.net\/index.php\/2010\/02\/01\/sevdaliyim-sana\/","og_locale":"tr_TR","og_type":"article","og_title":"SEVDALIYIM SANA","og_description":"\u00a0 Deli deli akan sular\u0131n hasretindeGen\u00e7 bir kad\u0131n gibi k\u0131vran\u0131r toprak\u015eehrin kirli \u015famatas\u0131ndan uzakUmudu \u00fcryan ayd\u0131nl\u0131kYalans\u0131z ve yi\u011fitceTeketek bir d\u00f6v\u00fc\u015ft\u00fcr seni ya\u015famak. Teketek bir d\u00f6v\u00fc\u015ft\u00fcr seni ya\u015famakK\u00f6leli\u011fe ve intihara dair ne varsaG\u00f6zya\u015flar\u0131nda birikip duranHem kederli r\u00fcyalar\u0131 gelinlerinHem gurbete giden erkeklerin kahr\u0131Yani \u00f6fke ve kinYan\u0131 ac\u0131n\u0131n t\u0131rpan\u0131H\u0131nc\u0131 kur\u015funa dizilenlerinKelepce kollar\u0131nda\u0130daml\u0131klar\u0131nMahsus mehal dedikleri zindandanBarbar sultanlar\u0131n saraylar\u0131na do\u011fruKahpece [&hellip;]","og_url":"https:\/\/narteks.net\/index.php\/2010\/02\/01\/sevdaliyim-sana\/","og_site_name":"narteks.net","article_published_time":"2010-02-01T19:05:24+00:00","og_image":[{"width":300,"height":90,"url":"https:\/\/narteks.net\/wp-content\/uploads\/narteks.png","type":"image\/png"}],"author":"Tar\u0131k","twitter_card":"summary_large_image","twitter_creator":"@narteks","twitter_site":"@narteks","twitter_misc":{"Yazan:":"Tar\u0131k","Tahmini okuma s\u00fcresi":"1 dakika"},"schema":{"@context":"https:\/\/schema.org","@graph":[{"@type":"Article","@id":"https:\/\/narteks.net\/index.php\/2010\/02\/01\/sevdaliyim-sana\/#article","isPartOf":{"@id":"https:\/\/narteks.net\/index.php\/2010\/02\/01\/sevdaliyim-sana\/"},"author":{"name":"Tar\u0131k","@id":"https:\/\/narteks.net\/#\/schema\/person\/61f37d9834294b72d31d274e7ed79bca"},"headline":"SEVDALIYIM SANA","datePublished":"2010-02-01T19:05:24+00:00","mainEntityOfPage":{"@id":"https:\/\/narteks.net\/index.php\/2010\/02\/01\/sevdaliyim-sana\/"},"wordCount":195,"commentCount":0,"publisher":{"@id":"https:\/\/narteks.net\/#organization"},"articleSection":["Orhan KOTAN"],"inLanguage":"tr","potentialAction":[{"@type":"CommentAction","name":"Comment","target":["https:\/\/narteks.net\/index.php\/2010\/02\/01\/sevdaliyim-sana\/#respond"]}]},{"@type":"WebPage","@id":"https:\/\/narteks.net\/index.php\/2010\/02\/01\/sevdaliyim-sana\/","url":"https:\/\/narteks.net\/index.php\/2010\/02\/01\/sevdaliyim-sana\/","name":"SEVDALIYIM SANA - narteks.net","isPartOf":{"@id":"https:\/\/narteks.net\/#website"},"datePublished":"2010-02-01T19:05:24+00:00","breadcrumb":{"@id":"https:\/\/narteks.net\/index.php\/2010\/02\/01\/sevdaliyim-sana\/#breadcrumb"},"inLanguage":"tr","potentialAction":[{"@type":"ReadAction","target":["https:\/\/narteks.net\/index.php\/2010\/02\/01\/sevdaliyim-sana\/"]}]},{"@type":"BreadcrumbList","@id":"https:\/\/narteks.net\/index.php\/2010\/02\/01\/sevdaliyim-sana\/#breadcrumb","itemListElement":[{"@type":"ListItem","position":1,"name":"Anasayfa","item":"https:\/\/narteks.net\/"},{"@type":"ListItem","position":2,"name":"SEVDALIYIM SANA"}]},{"@type":"WebSite","@id":"https:\/\/narteks.net\/#website","url":"https:\/\/narteks.net\/","name":"narteks.net","description":"K\u00fclt\u00fcr Sanat Edebiyat Felsefe","publisher":{"@id":"https:\/\/narteks.net\/#organization"},"alternateName":"K\u00fclt\u00fcr Sanat Edebiyat Felsefe","potentialAction":[{"@type":"SearchAction","target":{"@type":"EntryPoint","urlTemplate":"https:\/\/narteks.net\/?s={search_term_string}"},"query-input":{"@type":"PropertyValueSpecification","valueRequired":true,"valueName":"search_term_string"}}],"inLanguage":"tr"},{"@type":"Organization","@id":"https:\/\/narteks.net\/#organization","name":"narteks.net","url":"https:\/\/narteks.net\/","logo":{"@type":"ImageObject","inLanguage":"tr","@id":"https:\/\/narteks.net\/#\/schema\/logo\/image\/","url":"https:\/\/narteks.net\/wp-content\/uploads\/narteks.png","contentUrl":"https:\/\/narteks.net\/wp-content\/uploads\/narteks.png","width":300,"height":90,"caption":"narteks.net"},"image":{"@id":"https:\/\/narteks.net\/#\/schema\/logo\/image\/"},"sameAs":["https:\/\/x.com\/narteks","https:\/\/instagram.com\/narteksnet"]},{"@type":"Person","@id":"https:\/\/narteks.net\/#\/schema\/person\/61f37d9834294b72d31d274e7ed79bca","name":"Tar\u0131k","image":{"@type":"ImageObject","inLanguage":"tr","@id":"https:\/\/narteks.net\/#\/schema\/person\/image\/","url":"https:\/\/secure.gravatar.com\/avatar\/50865afb55632c4ae467e0af0930f6510aa2297d8014be502a55b14f3b7550cf?s=96&d=mm&r=g","contentUrl":"https:\/\/secure.gravatar.com\/avatar\/50865afb55632c4ae467e0af0930f6510aa2297d8014be502a55b14f3b7550cf?s=96&d=mm&r=g","caption":"Tar\u0131k"},"sameAs":["http:\/\/narteks.net"],"url":"https:\/\/narteks.net\/index.php\/author\/narbak\/"}]}},"_links":{"self":[{"href":"https:\/\/narteks.net\/index.php\/wp-json\/wp\/v2\/posts\/4115","targetHints":{"allow":["GET"]}}],"collection":[{"href":"https:\/\/narteks.net\/index.php\/wp-json\/wp\/v2\/posts"}],"about":[{"href":"https:\/\/narteks.net\/index.php\/wp-json\/wp\/v2\/types\/post"}],"author":[{"embeddable":true,"href":"https:\/\/narteks.net\/index.php\/wp-json\/wp\/v2\/users\/1"}],"replies":[{"embeddable":true,"href":"https:\/\/narteks.net\/index.php\/wp-json\/wp\/v2\/comments?post=4115"}],"version-history":[{"count":0,"href":"https:\/\/narteks.net\/index.php\/wp-json\/wp\/v2\/posts\/4115\/revisions"}],"wp:attachment":[{"href":"https:\/\/narteks.net\/index.php\/wp-json\/wp\/v2\/media?parent=4115"}],"wp:term":[{"taxonomy":"category","embeddable":true,"href":"https:\/\/narteks.net\/index.php\/wp-json\/wp\/v2\/categories?post=4115"},{"taxonomy":"post_tag","embeddable":true,"href":"https:\/\/narteks.net\/index.php\/wp-json\/wp\/v2\/tags?post=4115"}],"curies":[{"name":"wp","href":"https:\/\/api.w.org\/{rel}","templated":true}]}}