{"id":4120,"date":"2010-02-01T22:11:58","date_gmt":"2010-02-01T19:11:58","guid":{"rendered":"http:\/\/localhost\/wordpress\/2010\/02\/01\/kotu-bir-militan-icin-siirler\/"},"modified":"2010-02-01T22:11:58","modified_gmt":"2010-02-01T19:11:58","slug":"kotu-bir-militan-icin-siirler","status":"publish","type":"post","link":"https:\/\/narteks.net\/index.php\/2010\/02\/01\/kotu-bir-militan-icin-siirler\/","title":{"rendered":"K\u00d6T\u00dc B\u0130R M\u0130L\u0130TAN \u0130\u00c7\u0130N \u015e\u0130\u0130RLER"},"content":{"rendered":"<p>\u00a0<\/p>\n<p>I<\/p>\n<p>ad\u0131na destanlar s\u00f6ylenen<br \/> diyar \u0131bekir kal&#8221; as\u0131nda<br \/> kom\u00fcnistlikten ve k\u00fcrt\u00e7\u00fcl\u00fckten yatman\u0131n<\/p>\n<p>tad\u0131n\u0131 \u00e7\u0131kara \u00e7\u0131kara<br \/>&#8220;ya\u011fmur ya\u011farken<br \/>bal\u0131k yeme\u011fi&#8221; d\u00fc\u015f\u00fcn\u00fcrd\u00fcn<br \/>demir kap\u0131lar\u0131n ard\u0131ndan<br \/>usul usul sokulurdu h\u00fcz\u00fcn<br \/>k\u00f6yl\u00fc militanlar k\u00fcrt\u00e7e \u00f6fkelenirler<br \/>silahlar\u0131 ve kitaplar\u0131 kelep\u00e7elenen<br \/>tutkun<\/p>\n<p>delikanl\u0131 g\u00f6n\u00fcller<br \/>mar\u015flarla gerilip<br \/>terkedilmi\u015f mevzileri<br \/>sahipsiz \u00f6l\u00fclerimizi anarlard\u0131<br \/>ve partizanlar getirilirdi mit&#8221;ten<br \/>sa\u00e7lar\u0131 sakallar\u0131 uzam\u0131\u015f<br \/>boyunlar\u0131nda zincir yaralar\u0131<br \/>ve kan i\u00e7inde<\/p>\n<p>ve par\u00e7alanm\u0131\u015f elleri,ayaklar\u0131<br \/>sen<\/p>\n<p>diyar \u0131bekir kal&#8221;as\u0131nda<br \/>kom\u00fcnistlikten ve k\u00fcrt\u00e7\u00fcl\u00fckten yatman\u0131n<\/p>\n<p>tad\u0131n\u0131 \u00e7\u0131kara \u00e7\u0131kara<br \/>yumuk bir kirpi gibi korkuyu<br \/>beyninde gizlemeyi \u00f6\u011frendin<br \/>ve ihaneti<\/p>\n<p>y\u0131lg\u0131n g\u00fcl\u00fcc\u00fcklerle<br \/>y\u00fcz\u00fcnde ta\u015f\u0131may\u0131<\/p>\n<p> II<\/p>\n<p>unutma<\/p>\n<p>partizanlar i\u015fkencededir<br \/>unutma<\/p>\n<p>ba\u015faklarda s\u00fct tutmaktad\u0131r bahar<br \/>ve diyar\u0131bekir kal&#8221;as\u0131nda<br \/>gene zincire vurulmu\u015ftur<br \/>silahlar\u0131 ve kitaplar\u0131 kelep\u00e7elenen<br \/>p a r t i z a n l a r<\/p>\n<p>Orhan KOTAN<\/p>\n","protected":false},"excerpt":{"rendered":"<p>\u00a0 I ad\u0131na destanlar s\u00f6ylenen diyar \u0131bekir kal&#8221; as\u0131nda kom\u00fcnistlikten ve k\u00fcrt\u00e7\u00fcl\u00fckten yatman\u0131n tad\u0131n\u0131 \u00e7\u0131kara \u00e7\u0131kara&#8220;ya\u011fmur ya\u011farkenbal\u0131k yeme\u011fi&#8221; d\u00fc\u015f\u00fcn\u00fcrd\u00fcndemir kap\u0131lar\u0131n ard\u0131ndanusul usul sokulurdu h\u00fcz\u00fcnk\u00f6yl\u00fc militanlar k\u00fcrt\u00e7e \u00f6fkelenirlersilahlar\u0131 ve kitaplar\u0131 kelep\u00e7elenentutkun delikanl\u0131 g\u00f6n\u00fcllermar\u015flarla gerilipterkedilmi\u015f mevzilerisahipsiz \u00f6l\u00fclerimizi anarlard\u0131ve partizanlar getirilirdi mit&#8221;tensa\u00e7lar\u0131 sakallar\u0131 uzam\u0131\u015fboyunlar\u0131nda zincir yaralar\u0131ve kan i\u00e7inde ve par\u00e7alanm\u0131\u015f elleri,ayaklar\u0131sen diyar \u0131bekir kal&#8221;as\u0131ndakom\u00fcnistlikten ve k\u00fcrt\u00e7\u00fcl\u00fckten yatman\u0131n tad\u0131n\u0131 [&hellip;]<\/p>\n","protected":false},"author":1,"featured_media":0,"comment_status":"open","ping_status":"open","sticky":false,"template":"","format":"standard","meta":{"footnotes":""},"categories":[135],"tags":[],"class_list":{"0":"post-4120","1":"post","2":"type-post","3":"status-publish","4":"format-standard","6":"category-orhan-kotan"},"yoast_head":"<!-- This site is optimized with the Yoast SEO Premium plugin v24.9 (Yoast SEO v24.9) - https:\/\/yoast.com\/wordpress\/plugins\/seo\/ -->\n<title>K\u00d6T\u00dc B\u0130R M\u0130L\u0130TAN \u0130\u00c7\u0130N \u015e\u0130\u0130RLER - narteks.net<\/title>\n<meta name=\"robots\" content=\"index, follow, max-snippet:-1, max-image-preview:large, max-video-preview:-1\" \/>\n<link rel=\"canonical\" href=\"https:\/\/narteks.net\/index.php\/2010\/02\/01\/kotu-bir-militan-icin-siirler\/\" \/>\n<meta property=\"og:locale\" content=\"tr_TR\" \/>\n<meta property=\"og:type\" content=\"article\" \/>\n<meta property=\"og:title\" content=\"K\u00d6T\u00dc B\u0130R M\u0130L\u0130TAN \u0130\u00c7\u0130N \u015e\u0130\u0130RLER\" \/>\n<meta property=\"og:description\" content=\"\u00a0 I ad\u0131na destanlar s\u00f6ylenen diyar \u0131bekir kal&#8221; as\u0131nda kom\u00fcnistlikten ve k\u00fcrt\u00e7\u00fcl\u00fckten yatman\u0131n tad\u0131n\u0131 \u00e7\u0131kara \u00e7\u0131kara&#8220;ya\u011fmur ya\u011farkenbal\u0131k yeme\u011fi&#8221; d\u00fc\u015f\u00fcn\u00fcrd\u00fcndemir kap\u0131lar\u0131n ard\u0131ndanusul usul sokulurdu h\u00fcz\u00fcnk\u00f6yl\u00fc militanlar k\u00fcrt\u00e7e \u00f6fkelenirlersilahlar\u0131 ve kitaplar\u0131 kelep\u00e7elenentutkun delikanl\u0131 g\u00f6n\u00fcllermar\u015flarla gerilipterkedilmi\u015f mevzilerisahipsiz \u00f6l\u00fclerimizi anarlard\u0131ve partizanlar getirilirdi mit&#8221;tensa\u00e7lar\u0131 sakallar\u0131 uzam\u0131\u015fboyunlar\u0131nda zincir yaralar\u0131ve kan i\u00e7inde ve par\u00e7alanm\u0131\u015f elleri,ayaklar\u0131sen diyar \u0131bekir kal&#8221;as\u0131ndakom\u00fcnistlikten ve k\u00fcrt\u00e7\u00fcl\u00fckten yatman\u0131n tad\u0131n\u0131 [&hellip;]\" \/>\n<meta property=\"og:url\" content=\"https:\/\/narteks.net\/index.php\/2010\/02\/01\/kotu-bir-militan-icin-siirler\/\" \/>\n<meta property=\"og:site_name\" content=\"narteks.net\" \/>\n<meta property=\"article:published_time\" content=\"2010-02-01T19:11:58+00:00\" \/>\n<meta property=\"og:image\" content=\"https:\/\/narteks.net\/wp-content\/uploads\/narteks.png\" \/>\n\t<meta property=\"og:image:width\" content=\"300\" \/>\n\t<meta property=\"og:image:height\" content=\"90\" \/>\n\t<meta property=\"og:image:type\" content=\"image\/png\" \/>\n<meta name=\"author\" content=\"Tar\u0131k\" \/>\n<meta name=\"twitter:card\" content=\"summary_large_image\" \/>\n<meta name=\"twitter:creator\" content=\"@narteks\" \/>\n<meta name=\"twitter:site\" content=\"@narteks\" \/>\n<meta name=\"twitter:label1\" content=\"Yazan:\" \/>\n\t<meta name=\"twitter:data1\" content=\"Tar\u0131k\" \/>\n\t<meta name=\"twitter:label2\" content=\"Tahmini okuma s\u00fcresi\" \/>\n\t<meta name=\"twitter:data2\" content=\"1 dakika\" \/>\n<script type=\"application\/ld+json\" class=\"yoast-schema-graph\">{\"@context\":\"https:\/\/schema.org\",\"@graph\":[{\"@type\":\"Article\",\"@id\":\"https:\/\/narteks.net\/index.php\/2010\/02\/01\/kotu-bir-militan-icin-siirler\/#article\",\"isPartOf\":{\"@id\":\"https:\/\/narteks.net\/index.php\/2010\/02\/01\/kotu-bir-militan-icin-siirler\/\"},\"author\":{\"name\":\"Tar\u0131k\",\"@id\":\"https:\/\/narteks.net\/#\/schema\/person\/61f37d9834294b72d31d274e7ed79bca\"},\"headline\":\"K\u00d6T\u00dc B\u0130R M\u0130L\u0130TAN \u0130\u00c7\u0130N \u015e\u0130\u0130RLER\",\"datePublished\":\"2010-02-01T19:11:58+00:00\",\"mainEntityOfPage\":{\"@id\":\"https:\/\/narteks.net\/index.php\/2010\/02\/01\/kotu-bir-militan-icin-siirler\/\"},\"wordCount\":164,\"commentCount\":0,\"publisher\":{\"@id\":\"https:\/\/narteks.net\/#organization\"},\"articleSection\":[\"Orhan KOTAN\"],\"inLanguage\":\"tr\",\"potentialAction\":[{\"@type\":\"CommentAction\",\"name\":\"Comment\",\"target\":[\"https:\/\/narteks.net\/index.php\/2010\/02\/01\/kotu-bir-militan-icin-siirler\/#respond\"]}]},{\"@type\":\"WebPage\",\"@id\":\"https:\/\/narteks.net\/index.php\/2010\/02\/01\/kotu-bir-militan-icin-siirler\/\",\"url\":\"https:\/\/narteks.net\/index.php\/2010\/02\/01\/kotu-bir-militan-icin-siirler\/\",\"name\":\"K\u00d6T\u00dc B\u0130R M\u0130L\u0130TAN \u0130\u00c7\u0130N \u015e\u0130\u0130RLER - narteks.net\",\"isPartOf\":{\"@id\":\"https:\/\/narteks.net\/#website\"},\"datePublished\":\"2010-02-01T19:11:58+00:00\",\"breadcrumb\":{\"@id\":\"https:\/\/narteks.net\/index.php\/2010\/02\/01\/kotu-bir-militan-icin-siirler\/#breadcrumb\"},\"inLanguage\":\"tr\",\"potentialAction\":[{\"@type\":\"ReadAction\",\"target\":[\"https:\/\/narteks.net\/index.php\/2010\/02\/01\/kotu-bir-militan-icin-siirler\/\"]}]},{\"@type\":\"BreadcrumbList\",\"@id\":\"https:\/\/narteks.net\/index.php\/2010\/02\/01\/kotu-bir-militan-icin-siirler\/#breadcrumb\",\"itemListElement\":[{\"@type\":\"ListItem\",\"position\":1,\"name\":\"Anasayfa\",\"item\":\"https:\/\/narteks.net\/\"},{\"@type\":\"ListItem\",\"position\":2,\"name\":\"K\u00d6T\u00dc B\u0130R M\u0130L\u0130TAN \u0130\u00c7\u0130N \u015e\u0130\u0130RLER\"}]},{\"@type\":\"WebSite\",\"@id\":\"https:\/\/narteks.net\/#website\",\"url\":\"https:\/\/narteks.net\/\",\"name\":\"narteks.net\",\"description\":\"K\u00fclt\u00fcr Sanat Edebiyat Felsefe\",\"publisher\":{\"@id\":\"https:\/\/narteks.net\/#organization\"},\"alternateName\":\"K\u00fclt\u00fcr Sanat Edebiyat Felsefe\",\"potentialAction\":[{\"@type\":\"SearchAction\",\"target\":{\"@type\":\"EntryPoint\",\"urlTemplate\":\"https:\/\/narteks.net\/?s={search_term_string}\"},\"query-input\":{\"@type\":\"PropertyValueSpecification\",\"valueRequired\":true,\"valueName\":\"search_term_string\"}}],\"inLanguage\":\"tr\"},{\"@type\":\"Organization\",\"@id\":\"https:\/\/narteks.net\/#organization\",\"name\":\"narteks.net\",\"url\":\"https:\/\/narteks.net\/\",\"logo\":{\"@type\":\"ImageObject\",\"inLanguage\":\"tr\",\"@id\":\"https:\/\/narteks.net\/#\/schema\/logo\/image\/\",\"url\":\"https:\/\/narteks.net\/wp-content\/uploads\/narteks.png\",\"contentUrl\":\"https:\/\/narteks.net\/wp-content\/uploads\/narteks.png\",\"width\":300,\"height\":90,\"caption\":\"narteks.net\"},\"image\":{\"@id\":\"https:\/\/narteks.net\/#\/schema\/logo\/image\/\"},\"sameAs\":[\"https:\/\/x.com\/narteks\",\"https:\/\/instagram.com\/narteksnet\"]},{\"@type\":\"Person\",\"@id\":\"https:\/\/narteks.net\/#\/schema\/person\/61f37d9834294b72d31d274e7ed79bca\",\"name\":\"Tar\u0131k\",\"image\":{\"@type\":\"ImageObject\",\"inLanguage\":\"tr\",\"@id\":\"https:\/\/narteks.net\/#\/schema\/person\/image\/\",\"url\":\"https:\/\/secure.gravatar.com\/avatar\/50865afb55632c4ae467e0af0930f6510aa2297d8014be502a55b14f3b7550cf?s=96&d=mm&r=g\",\"contentUrl\":\"https:\/\/secure.gravatar.com\/avatar\/50865afb55632c4ae467e0af0930f6510aa2297d8014be502a55b14f3b7550cf?s=96&d=mm&r=g\",\"caption\":\"Tar\u0131k\"},\"sameAs\":[\"http:\/\/narteks.net\"],\"url\":\"https:\/\/narteks.net\/index.php\/author\/narbak\/\"}]}<\/script>\n<!-- \/ Yoast SEO Premium plugin. -->","yoast_head_json":{"title":"K\u00d6T\u00dc B\u0130R M\u0130L\u0130TAN \u0130\u00c7\u0130N \u015e\u0130\u0130RLER - narteks.net","robots":{"index":"index","follow":"follow","max-snippet":"max-snippet:-1","max-image-preview":"max-image-preview:large","max-video-preview":"max-video-preview:-1"},"canonical":"https:\/\/narteks.net\/index.php\/2010\/02\/01\/kotu-bir-militan-icin-siirler\/","og_locale":"tr_TR","og_type":"article","og_title":"K\u00d6T\u00dc B\u0130R M\u0130L\u0130TAN \u0130\u00c7\u0130N \u015e\u0130\u0130RLER","og_description":"\u00a0 I ad\u0131na destanlar s\u00f6ylenen diyar \u0131bekir kal&#8221; as\u0131nda kom\u00fcnistlikten ve k\u00fcrt\u00e7\u00fcl\u00fckten yatman\u0131n tad\u0131n\u0131 \u00e7\u0131kara \u00e7\u0131kara&#8220;ya\u011fmur ya\u011farkenbal\u0131k yeme\u011fi&#8221; d\u00fc\u015f\u00fcn\u00fcrd\u00fcndemir kap\u0131lar\u0131n ard\u0131ndanusul usul sokulurdu h\u00fcz\u00fcnk\u00f6yl\u00fc militanlar k\u00fcrt\u00e7e \u00f6fkelenirlersilahlar\u0131 ve kitaplar\u0131 kelep\u00e7elenentutkun delikanl\u0131 g\u00f6n\u00fcllermar\u015flarla gerilipterkedilmi\u015f mevzilerisahipsiz \u00f6l\u00fclerimizi anarlard\u0131ve partizanlar getirilirdi mit&#8221;tensa\u00e7lar\u0131 sakallar\u0131 uzam\u0131\u015fboyunlar\u0131nda zincir yaralar\u0131ve kan i\u00e7inde ve par\u00e7alanm\u0131\u015f elleri,ayaklar\u0131sen diyar \u0131bekir kal&#8221;as\u0131ndakom\u00fcnistlikten ve k\u00fcrt\u00e7\u00fcl\u00fckten yatman\u0131n tad\u0131n\u0131 [&hellip;]","og_url":"https:\/\/narteks.net\/index.php\/2010\/02\/01\/kotu-bir-militan-icin-siirler\/","og_site_name":"narteks.net","article_published_time":"2010-02-01T19:11:58+00:00","og_image":[{"width":300,"height":90,"url":"https:\/\/narteks.net\/wp-content\/uploads\/narteks.png","type":"image\/png"}],"author":"Tar\u0131k","twitter_card":"summary_large_image","twitter_creator":"@narteks","twitter_site":"@narteks","twitter_misc":{"Yazan:":"Tar\u0131k","Tahmini okuma s\u00fcresi":"1 dakika"},"schema":{"@context":"https:\/\/schema.org","@graph":[{"@type":"Article","@id":"https:\/\/narteks.net\/index.php\/2010\/02\/01\/kotu-bir-militan-icin-siirler\/#article","isPartOf":{"@id":"https:\/\/narteks.net\/index.php\/2010\/02\/01\/kotu-bir-militan-icin-siirler\/"},"author":{"name":"Tar\u0131k","@id":"https:\/\/narteks.net\/#\/schema\/person\/61f37d9834294b72d31d274e7ed79bca"},"headline":"K\u00d6T\u00dc B\u0130R M\u0130L\u0130TAN \u0130\u00c7\u0130N \u015e\u0130\u0130RLER","datePublished":"2010-02-01T19:11:58+00:00","mainEntityOfPage":{"@id":"https:\/\/narteks.net\/index.php\/2010\/02\/01\/kotu-bir-militan-icin-siirler\/"},"wordCount":164,"commentCount":0,"publisher":{"@id":"https:\/\/narteks.net\/#organization"},"articleSection":["Orhan KOTAN"],"inLanguage":"tr","potentialAction":[{"@type":"CommentAction","name":"Comment","target":["https:\/\/narteks.net\/index.php\/2010\/02\/01\/kotu-bir-militan-icin-siirler\/#respond"]}]},{"@type":"WebPage","@id":"https:\/\/narteks.net\/index.php\/2010\/02\/01\/kotu-bir-militan-icin-siirler\/","url":"https:\/\/narteks.net\/index.php\/2010\/02\/01\/kotu-bir-militan-icin-siirler\/","name":"K\u00d6T\u00dc B\u0130R M\u0130L\u0130TAN \u0130\u00c7\u0130N \u015e\u0130\u0130RLER - narteks.net","isPartOf":{"@id":"https:\/\/narteks.net\/#website"},"datePublished":"2010-02-01T19:11:58+00:00","breadcrumb":{"@id":"https:\/\/narteks.net\/index.php\/2010\/02\/01\/kotu-bir-militan-icin-siirler\/#breadcrumb"},"inLanguage":"tr","potentialAction":[{"@type":"ReadAction","target":["https:\/\/narteks.net\/index.php\/2010\/02\/01\/kotu-bir-militan-icin-siirler\/"]}]},{"@type":"BreadcrumbList","@id":"https:\/\/narteks.net\/index.php\/2010\/02\/01\/kotu-bir-militan-icin-siirler\/#breadcrumb","itemListElement":[{"@type":"ListItem","position":1,"name":"Anasayfa","item":"https:\/\/narteks.net\/"},{"@type":"ListItem","position":2,"name":"K\u00d6T\u00dc B\u0130R M\u0130L\u0130TAN \u0130\u00c7\u0130N \u015e\u0130\u0130RLER"}]},{"@type":"WebSite","@id":"https:\/\/narteks.net\/#website","url":"https:\/\/narteks.net\/","name":"narteks.net","description":"K\u00fclt\u00fcr Sanat Edebiyat Felsefe","publisher":{"@id":"https:\/\/narteks.net\/#organization"},"alternateName":"K\u00fclt\u00fcr Sanat Edebiyat Felsefe","potentialAction":[{"@type":"SearchAction","target":{"@type":"EntryPoint","urlTemplate":"https:\/\/narteks.net\/?s={search_term_string}"},"query-input":{"@type":"PropertyValueSpecification","valueRequired":true,"valueName":"search_term_string"}}],"inLanguage":"tr"},{"@type":"Organization","@id":"https:\/\/narteks.net\/#organization","name":"narteks.net","url":"https:\/\/narteks.net\/","logo":{"@type":"ImageObject","inLanguage":"tr","@id":"https:\/\/narteks.net\/#\/schema\/logo\/image\/","url":"https:\/\/narteks.net\/wp-content\/uploads\/narteks.png","contentUrl":"https:\/\/narteks.net\/wp-content\/uploads\/narteks.png","width":300,"height":90,"caption":"narteks.net"},"image":{"@id":"https:\/\/narteks.net\/#\/schema\/logo\/image\/"},"sameAs":["https:\/\/x.com\/narteks","https:\/\/instagram.com\/narteksnet"]},{"@type":"Person","@id":"https:\/\/narteks.net\/#\/schema\/person\/61f37d9834294b72d31d274e7ed79bca","name":"Tar\u0131k","image":{"@type":"ImageObject","inLanguage":"tr","@id":"https:\/\/narteks.net\/#\/schema\/person\/image\/","url":"https:\/\/secure.gravatar.com\/avatar\/50865afb55632c4ae467e0af0930f6510aa2297d8014be502a55b14f3b7550cf?s=96&d=mm&r=g","contentUrl":"https:\/\/secure.gravatar.com\/avatar\/50865afb55632c4ae467e0af0930f6510aa2297d8014be502a55b14f3b7550cf?s=96&d=mm&r=g","caption":"Tar\u0131k"},"sameAs":["http:\/\/narteks.net"],"url":"https:\/\/narteks.net\/index.php\/author\/narbak\/"}]}},"_links":{"self":[{"href":"https:\/\/narteks.net\/index.php\/wp-json\/wp\/v2\/posts\/4120","targetHints":{"allow":["GET"]}}],"collection":[{"href":"https:\/\/narteks.net\/index.php\/wp-json\/wp\/v2\/posts"}],"about":[{"href":"https:\/\/narteks.net\/index.php\/wp-json\/wp\/v2\/types\/post"}],"author":[{"embeddable":true,"href":"https:\/\/narteks.net\/index.php\/wp-json\/wp\/v2\/users\/1"}],"replies":[{"embeddable":true,"href":"https:\/\/narteks.net\/index.php\/wp-json\/wp\/v2\/comments?post=4120"}],"version-history":[{"count":0,"href":"https:\/\/narteks.net\/index.php\/wp-json\/wp\/v2\/posts\/4120\/revisions"}],"wp:attachment":[{"href":"https:\/\/narteks.net\/index.php\/wp-json\/wp\/v2\/media?parent=4120"}],"wp:term":[{"taxonomy":"category","embeddable":true,"href":"https:\/\/narteks.net\/index.php\/wp-json\/wp\/v2\/categories?post=4120"},{"taxonomy":"post_tag","embeddable":true,"href":"https:\/\/narteks.net\/index.php\/wp-json\/wp\/v2\/tags?post=4120"}],"curies":[{"name":"wp","href":"https:\/\/api.w.org\/{rel}","templated":true}]}}