{"id":4122,"date":"2010-02-01T22:16:09","date_gmt":"2010-02-01T19:16:09","guid":{"rendered":"http:\/\/localhost\/wordpress\/2010\/02\/01\/bahar-2\/"},"modified":"2010-02-01T22:16:09","modified_gmt":"2010-02-01T19:16:09","slug":"bahar-2","status":"publish","type":"post","link":"https:\/\/narteks.net\/index.php\/2010\/02\/01\/bahar-2\/","title":{"rendered":"BAHAR"},"content":{"rendered":"<p>\u00a0<\/p>\n<p>g\u00fcne\u015fin<br \/> camlara vuran g\u00fcly\u00fcz\u00fc<br \/> seni utand\u0131rmas\u0131n<\/p>\n<p>seni utand\u0131rmas\u0131n da\u011flar\u0131n heyecan\u0131<br \/>yata\u011f\u0131n\u0131<\/p>\n<p> ha\u015fmetli g\u00fcr\u00fclt\u00fclerle dolduran sular<br \/>\u00e7atlayan dal u\u00e7lar\u0131 seni utand\u0131rmas\u0131n<br \/>ve derin bir \u015fehvetle kabaran topraktan<br \/>u t a n m a<\/p>\n<p>ey benim co\u015fkun y\u00fcre\u011fim<br \/> ey g\u00f6zlerimin t\u00fckenmeyen korlar\u0131<br \/> ve i\u00e7imde deh\u015fetli bir volkan gibi \u00e7alkanan<br \/> kan<br \/> e\u011fer geriliyorsak<br \/> zulm\u00fcn cehenneminde<br \/> ve silahlara kar\u015f\u0131<br \/> zalim bir deprem gibi<br \/> ge\u00e7iyorsa topraklar\u0131m\u0131zdan<br \/> komando b\u00f6l\u00fckleri<br \/> helikopterler<br \/> yeniden<\/p>\n<p>yeniden yarat\u0131lman\u0131n<br \/>tertemiz umudu<br \/>bo\u011fazlans\u0131n diyedir<br \/>b\u00fcy\u00fcmeden<br \/>serpilip geli\u015fmeden<\/p>\n<p> tomurlanan dal u\u00e7lar\u0131 seni utand\u0131rmas\u0131n<br \/>ve derin bir arzuyla kabaran topraktan<br \/>u t a n m a<\/p>\n<p>bir g\u00fcn da\u011flar da y\u00fcr\u00fcyecektir \u00e7\u00fcnk\u00fc<br \/>da\u011f K\u00f6yleri de y\u00fcr\u00fcyecektir<\/p>\n<p>nacaklar\u0131<br \/>t\u0131rpanlar\u0131yla<br \/>t\u00fckenmez ac\u0131lar\u0131<br \/>kinleri<br \/>h\u0131rslar\u0131yla<\/p>\n<p>\u00e7\u0131r\u00e7\u0131plak \u00e7ocuklar da y\u00fcr\u00fcyecektir<br \/>analar\u0131m<br \/>bac\u0131lar\u0131m<\/p>\n<p>ve as\u0131l istatistik<\/p>\n<p>savrulduk\u00e7a g\u00fcne\u015fin g\u00fcl y\u00fcz\u00fcne<br \/>savrulduk\u00e7a<\/p>\n<p>a\u00e7l\u0131\u011f\u0131n<\/p>\n<p>ve \u00e7aresizli\u011fin<br \/>g\u00f6ky\u00fcz\u00fcn\u00fc<\/p>\n<p>korkun\u00e7 dalgalar halinde ku\u015fatan<br \/> hazin \u00e7\u0131\u011fl\u0131klar\u0131<br \/> h\u0131r\u00e7\u0131n<br \/> ve gemlerinden bo\u015fanm\u0131\u015f<br \/> ya\u011f\u0131z atlard\u0131r ki<br \/> benim r\u00fczgar y\u00fckl\u00fc<br \/> mar\u015flar\u0131m<br \/> bayraklar\u0131m<br \/> ve as\u0131l istatistik<br \/> y\u00fcr\u00fcyecektir zulm\u00fcn k\u0131\u015flalar\u0131na<br \/> y\u00fcr\u00fcyecektir<br \/> saklamadan<br \/>gizlemeden<br \/> kanayan etlerim<\/p>\n<p> II<\/p>\n<p>o cesur adamlard\u0131r ki<br \/>da\u011flarda<\/p>\n<p>gururla bakarlar<br \/>a\u011faran ufuklara.<br \/>ve \u015fafak da<br \/>umutla sanc\u0131lan\u0131r<\/p>\n<p>o cesur adamlard\u0131r ki<br \/> kavga \u015fark\u0131lar\u0131 s\u00f6ylerler<br \/> korkmadan<br \/> y\u0131lmadan<br \/> usanmadan<br \/> kahbece kur\u015funlan\u0131rlar<br \/> bulvarlarda<br \/> ve yeniden<br \/> yeniden yarat\u0131lman\u0131n<br \/> tertemiz umudu<br \/> f\u0131\u015fk\u0131r\u0131r buland\u0131k\u00e7a<br \/> diri bedenlerinden<\/p>\n<p> o cesur adamlard\u0131r ki<br \/> y\u0131lg\u0131n<br \/> ve yenilmi\u015f halklar\u0131<br \/> ku\u015fand\u0131r\u0131p isyan \u00e7i\u00e7ekleriyle<br \/> ve bir mavzer gibi<br \/> zulm\u00fcn ba\u015fucunda g\u00fcr\u00fcldeyerek<br \/> vururlar g\u00fcl\u00fcm<br \/> vururlar kara demiri<br \/> kara topra\u011fa<\/p>\n<p>onlard\u0131r i\u015fte<br \/> k\u0131zaran g\u00f6zlerin<br \/> derin hasretinde<br \/> ve ufuklar\u0131n<br \/> tutu\u015fan kan\u0131<br \/> korkulu r\u00fcyalar\u0131<br \/> h\u00fck\u00fcmet edenlerin<br \/> bu zindanlar<br \/> bu angarya<br \/> cephaneler<br \/> ve yasaklarla \u00e7evrili<br \/> rezil kamplar\u0131<br \/> onlar\u0131<br \/> s\u00f6k\u00fcp atmak i\u00e7indir<br \/> per\u00e7inlemek i\u00e7indir<br \/> gecenin kap\u0131lar\u0131m<br \/> per\u00e7inlemek i\u00e7indir g\u00fcl\u00fcm.<\/p>\n<p> \u015fimdi art\u0131k<br \/> yok olmak bahas\u0131na<br \/> d\u00f6l\u00fcn\u00fc ya\u015fatan bir kahraman tohumdur kavga<br \/> ey i\u011fneli f\u0131\u00e7\u0131larda soluklanan<br \/> ey zorlu sava\u015flar\u0131n militan\u0131<br \/> \u015fu g\u00fczelim baharlarda<br \/> derin bir arzuyla kabaran topraktan<br \/> u t a n m a<\/p>\n<p>Orhan KOTAN<\/p>\n","protected":false},"excerpt":{"rendered":"<p>\u00a0 g\u00fcne\u015fin camlara vuran g\u00fcly\u00fcz\u00fc seni utand\u0131rmas\u0131n seni utand\u0131rmas\u0131n da\u011flar\u0131n heyecan\u0131yata\u011f\u0131n\u0131 ha\u015fmetli g\u00fcr\u00fclt\u00fclerle dolduran sular\u00e7atlayan dal u\u00e7lar\u0131 seni utand\u0131rmas\u0131nve derin bir \u015fehvetle kabaran topraktanu t a n m a ey benim co\u015fkun y\u00fcre\u011fim ey g\u00f6zlerimin t\u00fckenmeyen korlar\u0131 ve i\u00e7imde deh\u015fetli bir volkan gibi \u00e7alkanan kan e\u011fer geriliyorsak zulm\u00fcn cehenneminde ve silahlara kar\u015f\u0131 zalim bir deprem [&hellip;]<\/p>\n","protected":false},"author":1,"featured_media":0,"comment_status":"open","ping_status":"open","sticky":false,"template":"","format":"standard","meta":{"footnotes":""},"categories":[135],"tags":[],"class_list":{"0":"post-4122","1":"post","2":"type-post","3":"status-publish","4":"format-standard","6":"category-orhan-kotan"},"yoast_head":"<!-- This site is optimized with the Yoast SEO Premium plugin v24.9 (Yoast SEO v24.9) - https:\/\/yoast.com\/wordpress\/plugins\/seo\/ -->\n<title>BAHAR - narteks.net<\/title>\n<meta name=\"robots\" content=\"index, follow, max-snippet:-1, max-image-preview:large, max-video-preview:-1\" \/>\n<link rel=\"canonical\" href=\"https:\/\/narteks.net\/index.php\/2010\/02\/01\/bahar-2\/\" \/>\n<meta property=\"og:locale\" content=\"tr_TR\" \/>\n<meta property=\"og:type\" content=\"article\" \/>\n<meta property=\"og:title\" content=\"BAHAR\" \/>\n<meta property=\"og:description\" content=\"\u00a0 g\u00fcne\u015fin camlara vuran g\u00fcly\u00fcz\u00fc seni utand\u0131rmas\u0131n seni utand\u0131rmas\u0131n da\u011flar\u0131n heyecan\u0131yata\u011f\u0131n\u0131 ha\u015fmetli g\u00fcr\u00fclt\u00fclerle dolduran sular\u00e7atlayan dal u\u00e7lar\u0131 seni utand\u0131rmas\u0131nve derin bir \u015fehvetle kabaran topraktanu t a n m a ey benim co\u015fkun y\u00fcre\u011fim ey g\u00f6zlerimin t\u00fckenmeyen korlar\u0131 ve i\u00e7imde deh\u015fetli bir volkan gibi \u00e7alkanan kan e\u011fer geriliyorsak zulm\u00fcn cehenneminde ve silahlara kar\u015f\u0131 zalim bir deprem [&hellip;]\" \/>\n<meta property=\"og:url\" content=\"https:\/\/narteks.net\/index.php\/2010\/02\/01\/bahar-2\/\" \/>\n<meta property=\"og:site_name\" content=\"narteks.net\" \/>\n<meta property=\"article:published_time\" content=\"2010-02-01T19:16:09+00:00\" \/>\n<meta property=\"og:image\" content=\"https:\/\/narteks.net\/wp-content\/uploads\/narteks.png\" \/>\n\t<meta property=\"og:image:width\" content=\"300\" \/>\n\t<meta property=\"og:image:height\" content=\"90\" \/>\n\t<meta property=\"og:image:type\" content=\"image\/png\" \/>\n<meta name=\"author\" content=\"Tar\u0131k\" \/>\n<meta name=\"twitter:card\" content=\"summary_large_image\" \/>\n<meta name=\"twitter:creator\" content=\"@narteks\" \/>\n<meta name=\"twitter:site\" content=\"@narteks\" \/>\n<meta name=\"twitter:label1\" content=\"Yazan:\" \/>\n\t<meta name=\"twitter:data1\" content=\"Tar\u0131k\" \/>\n\t<meta name=\"twitter:label2\" content=\"Tahmini okuma s\u00fcresi\" \/>\n\t<meta name=\"twitter:data2\" content=\"2 dakika\" \/>\n<script type=\"application\/ld+json\" class=\"yoast-schema-graph\">{\"@context\":\"https:\/\/schema.org\",\"@graph\":[{\"@type\":\"Article\",\"@id\":\"https:\/\/narteks.net\/index.php\/2010\/02\/01\/bahar-2\/#article\",\"isPartOf\":{\"@id\":\"https:\/\/narteks.net\/index.php\/2010\/02\/01\/bahar-2\/\"},\"author\":{\"name\":\"Tar\u0131k\",\"@id\":\"https:\/\/narteks.net\/#\/schema\/person\/61f37d9834294b72d31d274e7ed79bca\"},\"headline\":\"BAHAR\",\"datePublished\":\"2010-02-01T19:16:09+00:00\",\"mainEntityOfPage\":{\"@id\":\"https:\/\/narteks.net\/index.php\/2010\/02\/01\/bahar-2\/\"},\"wordCount\":427,\"commentCount\":0,\"publisher\":{\"@id\":\"https:\/\/narteks.net\/#organization\"},\"articleSection\":[\"Orhan KOTAN\"],\"inLanguage\":\"tr\",\"potentialAction\":[{\"@type\":\"CommentAction\",\"name\":\"Comment\",\"target\":[\"https:\/\/narteks.net\/index.php\/2010\/02\/01\/bahar-2\/#respond\"]}]},{\"@type\":\"WebPage\",\"@id\":\"https:\/\/narteks.net\/index.php\/2010\/02\/01\/bahar-2\/\",\"url\":\"https:\/\/narteks.net\/index.php\/2010\/02\/01\/bahar-2\/\",\"name\":\"BAHAR - narteks.net\",\"isPartOf\":{\"@id\":\"https:\/\/narteks.net\/#website\"},\"datePublished\":\"2010-02-01T19:16:09+00:00\",\"breadcrumb\":{\"@id\":\"https:\/\/narteks.net\/index.php\/2010\/02\/01\/bahar-2\/#breadcrumb\"},\"inLanguage\":\"tr\",\"potentialAction\":[{\"@type\":\"ReadAction\",\"target\":[\"https:\/\/narteks.net\/index.php\/2010\/02\/01\/bahar-2\/\"]}]},{\"@type\":\"BreadcrumbList\",\"@id\":\"https:\/\/narteks.net\/index.php\/2010\/02\/01\/bahar-2\/#breadcrumb\",\"itemListElement\":[{\"@type\":\"ListItem\",\"position\":1,\"name\":\"Anasayfa\",\"item\":\"https:\/\/narteks.net\/\"},{\"@type\":\"ListItem\",\"position\":2,\"name\":\"BAHAR\"}]},{\"@type\":\"WebSite\",\"@id\":\"https:\/\/narteks.net\/#website\",\"url\":\"https:\/\/narteks.net\/\",\"name\":\"narteks.net\",\"description\":\"K\u00fclt\u00fcr Sanat Edebiyat Felsefe\",\"publisher\":{\"@id\":\"https:\/\/narteks.net\/#organization\"},\"alternateName\":\"K\u00fclt\u00fcr Sanat Edebiyat Felsefe\",\"potentialAction\":[{\"@type\":\"SearchAction\",\"target\":{\"@type\":\"EntryPoint\",\"urlTemplate\":\"https:\/\/narteks.net\/?s={search_term_string}\"},\"query-input\":{\"@type\":\"PropertyValueSpecification\",\"valueRequired\":true,\"valueName\":\"search_term_string\"}}],\"inLanguage\":\"tr\"},{\"@type\":\"Organization\",\"@id\":\"https:\/\/narteks.net\/#organization\",\"name\":\"narteks.net\",\"url\":\"https:\/\/narteks.net\/\",\"logo\":{\"@type\":\"ImageObject\",\"inLanguage\":\"tr\",\"@id\":\"https:\/\/narteks.net\/#\/schema\/logo\/image\/\",\"url\":\"https:\/\/narteks.net\/wp-content\/uploads\/narteks.png\",\"contentUrl\":\"https:\/\/narteks.net\/wp-content\/uploads\/narteks.png\",\"width\":300,\"height\":90,\"caption\":\"narteks.net\"},\"image\":{\"@id\":\"https:\/\/narteks.net\/#\/schema\/logo\/image\/\"},\"sameAs\":[\"https:\/\/x.com\/narteks\",\"https:\/\/instagram.com\/narteksnet\"]},{\"@type\":\"Person\",\"@id\":\"https:\/\/narteks.net\/#\/schema\/person\/61f37d9834294b72d31d274e7ed79bca\",\"name\":\"Tar\u0131k\",\"image\":{\"@type\":\"ImageObject\",\"inLanguage\":\"tr\",\"@id\":\"https:\/\/narteks.net\/#\/schema\/person\/image\/\",\"url\":\"https:\/\/secure.gravatar.com\/avatar\/50865afb55632c4ae467e0af0930f6510aa2297d8014be502a55b14f3b7550cf?s=96&d=mm&r=g\",\"contentUrl\":\"https:\/\/secure.gravatar.com\/avatar\/50865afb55632c4ae467e0af0930f6510aa2297d8014be502a55b14f3b7550cf?s=96&d=mm&r=g\",\"caption\":\"Tar\u0131k\"},\"sameAs\":[\"http:\/\/narteks.net\"],\"url\":\"https:\/\/narteks.net\/index.php\/author\/narbak\/\"}]}<\/script>\n<!-- \/ Yoast SEO Premium plugin. -->","yoast_head_json":{"title":"BAHAR - narteks.net","robots":{"index":"index","follow":"follow","max-snippet":"max-snippet:-1","max-image-preview":"max-image-preview:large","max-video-preview":"max-video-preview:-1"},"canonical":"https:\/\/narteks.net\/index.php\/2010\/02\/01\/bahar-2\/","og_locale":"tr_TR","og_type":"article","og_title":"BAHAR","og_description":"\u00a0 g\u00fcne\u015fin camlara vuran g\u00fcly\u00fcz\u00fc seni utand\u0131rmas\u0131n seni utand\u0131rmas\u0131n da\u011flar\u0131n heyecan\u0131yata\u011f\u0131n\u0131 ha\u015fmetli g\u00fcr\u00fclt\u00fclerle dolduran sular\u00e7atlayan dal u\u00e7lar\u0131 seni utand\u0131rmas\u0131nve derin bir \u015fehvetle kabaran topraktanu t a n m a ey benim co\u015fkun y\u00fcre\u011fim ey g\u00f6zlerimin t\u00fckenmeyen korlar\u0131 ve i\u00e7imde deh\u015fetli bir volkan gibi \u00e7alkanan kan e\u011fer geriliyorsak zulm\u00fcn cehenneminde ve silahlara kar\u015f\u0131 zalim bir deprem [&hellip;]","og_url":"https:\/\/narteks.net\/index.php\/2010\/02\/01\/bahar-2\/","og_site_name":"narteks.net","article_published_time":"2010-02-01T19:16:09+00:00","og_image":[{"width":300,"height":90,"url":"https:\/\/narteks.net\/wp-content\/uploads\/narteks.png","type":"image\/png"}],"author":"Tar\u0131k","twitter_card":"summary_large_image","twitter_creator":"@narteks","twitter_site":"@narteks","twitter_misc":{"Yazan:":"Tar\u0131k","Tahmini okuma s\u00fcresi":"2 dakika"},"schema":{"@context":"https:\/\/schema.org","@graph":[{"@type":"Article","@id":"https:\/\/narteks.net\/index.php\/2010\/02\/01\/bahar-2\/#article","isPartOf":{"@id":"https:\/\/narteks.net\/index.php\/2010\/02\/01\/bahar-2\/"},"author":{"name":"Tar\u0131k","@id":"https:\/\/narteks.net\/#\/schema\/person\/61f37d9834294b72d31d274e7ed79bca"},"headline":"BAHAR","datePublished":"2010-02-01T19:16:09+00:00","mainEntityOfPage":{"@id":"https:\/\/narteks.net\/index.php\/2010\/02\/01\/bahar-2\/"},"wordCount":427,"commentCount":0,"publisher":{"@id":"https:\/\/narteks.net\/#organization"},"articleSection":["Orhan KOTAN"],"inLanguage":"tr","potentialAction":[{"@type":"CommentAction","name":"Comment","target":["https:\/\/narteks.net\/index.php\/2010\/02\/01\/bahar-2\/#respond"]}]},{"@type":"WebPage","@id":"https:\/\/narteks.net\/index.php\/2010\/02\/01\/bahar-2\/","url":"https:\/\/narteks.net\/index.php\/2010\/02\/01\/bahar-2\/","name":"BAHAR - narteks.net","isPartOf":{"@id":"https:\/\/narteks.net\/#website"},"datePublished":"2010-02-01T19:16:09+00:00","breadcrumb":{"@id":"https:\/\/narteks.net\/index.php\/2010\/02\/01\/bahar-2\/#breadcrumb"},"inLanguage":"tr","potentialAction":[{"@type":"ReadAction","target":["https:\/\/narteks.net\/index.php\/2010\/02\/01\/bahar-2\/"]}]},{"@type":"BreadcrumbList","@id":"https:\/\/narteks.net\/index.php\/2010\/02\/01\/bahar-2\/#breadcrumb","itemListElement":[{"@type":"ListItem","position":1,"name":"Anasayfa","item":"https:\/\/narteks.net\/"},{"@type":"ListItem","position":2,"name":"BAHAR"}]},{"@type":"WebSite","@id":"https:\/\/narteks.net\/#website","url":"https:\/\/narteks.net\/","name":"narteks.net","description":"K\u00fclt\u00fcr Sanat Edebiyat Felsefe","publisher":{"@id":"https:\/\/narteks.net\/#organization"},"alternateName":"K\u00fclt\u00fcr Sanat Edebiyat Felsefe","potentialAction":[{"@type":"SearchAction","target":{"@type":"EntryPoint","urlTemplate":"https:\/\/narteks.net\/?s={search_term_string}"},"query-input":{"@type":"PropertyValueSpecification","valueRequired":true,"valueName":"search_term_string"}}],"inLanguage":"tr"},{"@type":"Organization","@id":"https:\/\/narteks.net\/#organization","name":"narteks.net","url":"https:\/\/narteks.net\/","logo":{"@type":"ImageObject","inLanguage":"tr","@id":"https:\/\/narteks.net\/#\/schema\/logo\/image\/","url":"https:\/\/narteks.net\/wp-content\/uploads\/narteks.png","contentUrl":"https:\/\/narteks.net\/wp-content\/uploads\/narteks.png","width":300,"height":90,"caption":"narteks.net"},"image":{"@id":"https:\/\/narteks.net\/#\/schema\/logo\/image\/"},"sameAs":["https:\/\/x.com\/narteks","https:\/\/instagram.com\/narteksnet"]},{"@type":"Person","@id":"https:\/\/narteks.net\/#\/schema\/person\/61f37d9834294b72d31d274e7ed79bca","name":"Tar\u0131k","image":{"@type":"ImageObject","inLanguage":"tr","@id":"https:\/\/narteks.net\/#\/schema\/person\/image\/","url":"https:\/\/secure.gravatar.com\/avatar\/50865afb55632c4ae467e0af0930f6510aa2297d8014be502a55b14f3b7550cf?s=96&d=mm&r=g","contentUrl":"https:\/\/secure.gravatar.com\/avatar\/50865afb55632c4ae467e0af0930f6510aa2297d8014be502a55b14f3b7550cf?s=96&d=mm&r=g","caption":"Tar\u0131k"},"sameAs":["http:\/\/narteks.net"],"url":"https:\/\/narteks.net\/index.php\/author\/narbak\/"}]}},"_links":{"self":[{"href":"https:\/\/narteks.net\/index.php\/wp-json\/wp\/v2\/posts\/4122","targetHints":{"allow":["GET"]}}],"collection":[{"href":"https:\/\/narteks.net\/index.php\/wp-json\/wp\/v2\/posts"}],"about":[{"href":"https:\/\/narteks.net\/index.php\/wp-json\/wp\/v2\/types\/post"}],"author":[{"embeddable":true,"href":"https:\/\/narteks.net\/index.php\/wp-json\/wp\/v2\/users\/1"}],"replies":[{"embeddable":true,"href":"https:\/\/narteks.net\/index.php\/wp-json\/wp\/v2\/comments?post=4122"}],"version-history":[{"count":0,"href":"https:\/\/narteks.net\/index.php\/wp-json\/wp\/v2\/posts\/4122\/revisions"}],"wp:attachment":[{"href":"https:\/\/narteks.net\/index.php\/wp-json\/wp\/v2\/media?parent=4122"}],"wp:term":[{"taxonomy":"category","embeddable":true,"href":"https:\/\/narteks.net\/index.php\/wp-json\/wp\/v2\/categories?post=4122"},{"taxonomy":"post_tag","embeddable":true,"href":"https:\/\/narteks.net\/index.php\/wp-json\/wp\/v2\/tags?post=4122"}],"curies":[{"name":"wp","href":"https:\/\/api.w.org\/{rel}","templated":true}]}}