{"id":4125,"date":"2010-02-01T22:17:59","date_gmt":"2010-02-01T19:17:59","guid":{"rendered":"http:\/\/localhost\/wordpress\/2010\/02\/01\/yil-1984\/"},"modified":"2010-02-01T22:17:59","modified_gmt":"2010-02-01T19:17:59","slug":"yil-1984","status":"publish","type":"post","link":"https:\/\/narteks.net\/index.php\/2010\/02\/01\/yil-1984\/","title":{"rendered":"YIL 1984"},"content":{"rendered":"<p>\u00a0<\/p>\n<p>I.<br \/>Yunanistan &#8220;zulmun utanc\u0131&#8221;ndankurtulamad\u0131 hen\u00fcz<br \/>ve T\u00fcrkiye hen\u00fcz zulmun kanl\u0131 pen\u00e7elerinde<\/p>\n<p>erikler nisan&#8221;da m\u0131 \u00e7i\u00e7eklenir eyl\u00fcl&#8221;e b\u00fcy\u00fcr m\u00fc sulu karpuzlar zeytin a\u011fa\u00e7lar\u0131 birebir akraba k\u00f6kleri biribirine kar\u0131\u015fm\u0131\u015f f\u0131st\u0131klar<br \/>mandalinalar da \u00f6yle<br \/>ve ege&#8221;nin nabz\u0131<br \/>o yanda da mavi mavi vurur bu yanda da<\/p>\n<p>ve insanlar<br \/>bizim insanlar\u0131m\u0131z<br \/>elele verir t\u00fct\u00fcnde<br \/>ve pamukda<br \/>ve bu\u011fdayda<br \/>kolkola girerler halayda<br \/>ve govendde<br \/>ve hasabikoda<br \/>dizdize dururlar gecenin \u00f6n\u00fcnde ve zulme kar\u015f\u0131<br \/>yaratan ve b\u00fcy\u00fcten ki onlard\u0131r kendi kara talihlerini<br \/>kapkara h\u00fccrelerde<\/p>\n<p>II.<br \/>Yunanistan &#8220;zulmun utanc\u0131&#8221;ndan<br \/>kurtulamad\u0131 hen\u00fcz<br \/>ve t\u00fcrkiye hen\u00fcz zulmun kanl\u0131 pen\u00e7elerinde<\/p>\n<p>bubulinas kalesi&#8221;nde babalis<br \/>general evren&#8221;e yunanistan&#8221;\u0131 anlat\u0131r altm\u0131\u015fyediden<br \/>yetmi\u015fd\u00f6rde<br \/>ve metaksas<br \/>kadehini<br \/>papadopulos ile beraber<br \/>mustafa kemal&#8221;in \u015ferefine kald\u0131r\u0131r<br \/>albay vasilis ionidis ile<br \/>binba\u015f\u0131 esat y\u0131ld\u0131ran ayn\u0131 soydand\u0131r<br \/>(binba\u015f\u0131 esat y\u01311d\u0131ran<br \/>rum kad\u0131nlar\u0131n\u0131n rahmini<br \/>par\u00e7alamakla \u00f6v\u00fcn\u00fcr<br \/>i\u015fgal alt\u0131ndaki k\u0131br\u0131s topraklar\u0131nda<br \/>esir kamplar\u0131nda<\/p>\n<p>\u00f6zel bir emirle<br \/>\u00f6zel olarak \u015fimdi diyarbekir&#8221;dedir<br \/>direnen dostlar\u0131m\u0131z\u0131n sesleri bo\u011fulsun diye do\u011frulmas\u0131n diye<br \/>zincire vurulmu\u015f diyarbekir)<\/p>\n<p>ve k\u0131z\u0131ltepe taburunun<br \/>ve kurdo\u011flu mahzenlerinin insan kan\u0131 ile<br \/>k\u00fcllenmi\u015f dionissos ile<br \/>ayn\u0131 karanl\u0131k \u00e7a\u011flardan kalma ayn\u0131 lanetli harabelerdir<\/p>\n<p>III.<br \/>mamak&#8221;da<br \/>metris&#8221;dedir helli kruvaz\u00f6r\u00fc o yanda tom pappas<br \/>bu yanda ko\u00e7<br \/>ya da sabanc\u0131<\/p>\n<p>makarezos anlat\u0131lmaz <br \/>t\u0131pk\u0131 diyarbekir&#8221;in eteklerine yap\u0131\u015fm\u0131\u015f <br \/>o kanl\u0131 z\u0131ndan gibi<br \/>zalimdir<br \/>karanl\u0131kt\u0131r<br \/>duvarlar\u0131nda<br \/>can karde\u015flerimizin k\u0131r\u0131lm\u0131\u015f <br \/>ve kanlar durur<br \/>k\u00fctl\u00fc mahzenlerinde<\/p>\n<p>dilosis metanias\u2019\u0131n t\u00fcrk\u00e7esi<br \/>kemalizme biad<br \/>kadrocular\u0131n lanetli y\u00fczlerinden<br \/>gen\u00e7 Kemalistlerin kirli beyinlerine<br \/>fark fazlaca b\u00fcy\u00fck de\u011fil asl\u0131nda<br \/>bir yanda falanga<br \/>falaka<br \/>\u00f6b\u00fcr yanda <br \/>bir yanda istihbarat subay\u0131<br \/>\u00f6b\u00fcr yanda ba\u015fkan<br \/>genel kurmaydan<\/p>\n<p>bir albaya kar\u015f\u0131<br \/>be\u015f general<br \/>demek ki<br \/>bir taraf\u0131n kalitesi daha y\u00fcksek<br \/>bir taraf daha deneyli demek ki<br \/>adam bo\u011fazlama sanat\u0131nda<br \/>belki biraz da bu y\u00fczden <br \/>o tarafta direnme barikatlar\u0131 y\u00fckselir<br \/>ba\u015f e\u011fme ve alk\u0131\u015f bu yanda<\/p>\n<p>ve biraz Yorgo sefer\u0131<br \/>teodoraki sbelki<br \/>belki yannis ritsos<br \/>kitabelerde granit bir damar gibi her biri<br \/>bu yanda <br \/>bu yanda(ne ac\u0131) <br \/>y\u0131lg\u0131nl\u0131k, alk\u0131\u015f biraz da uzla\u015fma<\/p>\n<p>IV.<\/p>\n<p>Yunanistan &#8220;zulmun utanc\u0131&#8221;ndan kurtulamad\u0131 hen\u00fcz<br \/>ve t\u00fcrkiye zulmun kanl\u0131 pen\u00e7elerinde<\/p>\n<p>y\u00fcr\u00fcy\u00fcn \u00e7\u00f6z\u00fcls\u00fcn zulum<br \/>y\u00fcr\u00fcy\u00fcn g\u00fcne\u015f vursun ege&#8221;nin iki yan\u0131na y\u00fcr\u00fcy\u00fcn \u0131\u015f\u0131klans\u0131n \u00fclkeler<br \/>\u0131\u015f\u0131klans\u0131n buzlanm\u0131\u015f da\u011flar\u0131 k\u00fcrdistan&#8221;\u0131n y\u00fcr\u00fcy\u00fcn pasapartlar\u0131 y\u0131rt\u0131p atarak<br \/>ve s\u00f6kerek may\u0131nlar\u0131 yasakl\u0131 s\u0131n\u0131rlardan<\/p>\n<p>karanl\u0131\u011f\u0131n kenar\u0131na tutunmu\u015f r\u00fctbeli<br \/>r\u00fctbesiz gulyabaniler<\/p>\n<p>evren diye \u00e7a\u011fr\u0131lm\u0131\u015f<br \/>yada papadopoulos<br \/>Hitler denmi\u015f ad\u0131na<br \/>Metaksas<br \/>Yada Mustafa kemal<br \/>\u00d6nemli de\u011fil asl\u0131nda<br \/>\u00d6nemli olan<br \/>\u0130nsan\u0131n insan gibi ya\u015fama hakk\u0131n\u0131n<br \/>\u00c7izmelerle tanklarla \u00e7i\u011fnenmesidir<\/p>\n<p>Y\u00fcr\u00fcy\u00fcn analar a\u011flamas\u0131n<br \/>A\u011flamas\u0131n diye bac\u0131lar<br \/>Ve ellerinin k\u0131nas\u0131 kurumadan<br \/>Dul kalmas\u0131n diye gelinler<br \/>\u00c7ocuklar hasret nedir bilmesin<br \/>Ve babalar<br \/>Babalar\u0131m\u0131z<br \/>Y\u00fczlerinde bin y\u0131ll\u0131k kah\u0131r<br \/>Bin y\u0131ll\u0131k keder<br \/>Ve bin y\u0131ll\u0131k hasret g\u00f6zlerinde<br \/>A\u011flamas\u0131nlar<br \/>a\u011flamas\u0131nlar<br \/>a\u011flamas\u0131nlar<\/p>\n<p>Orhan KOTAN<\/p>\n","protected":false},"excerpt":{"rendered":"<p>\u00a0 I.Yunanistan &#8220;zulmun utanc\u0131&#8221;ndankurtulamad\u0131 hen\u00fczve T\u00fcrkiye hen\u00fcz zulmun kanl\u0131 pen\u00e7elerinde erikler nisan&#8221;da m\u0131 \u00e7i\u00e7eklenir eyl\u00fcl&#8221;e b\u00fcy\u00fcr m\u00fc sulu karpuzlar zeytin a\u011fa\u00e7lar\u0131 birebir akraba k\u00f6kleri biribirine kar\u0131\u015fm\u0131\u015f f\u0131st\u0131klarmandalinalar da \u00f6yleve ege&#8221;nin nabz\u0131o yanda da mavi mavi vurur bu yanda da ve insanlarbizim insanlar\u0131m\u0131zelele verir t\u00fct\u00fcndeve pamukdave bu\u011fdaydakolkola girerler halaydave govenddeve hasabikodadizdize dururlar gecenin \u00f6n\u00fcnde ve zulme [&hellip;]<\/p>\n","protected":false},"author":1,"featured_media":0,"comment_status":"open","ping_status":"open","sticky":false,"template":"","format":"standard","meta":{"footnotes":""},"categories":[135],"tags":[],"class_list":{"0":"post-4125","1":"post","2":"type-post","3":"status-publish","4":"format-standard","6":"category-orhan-kotan"},"yoast_head":"<!-- This site is optimized with the Yoast SEO Premium plugin v24.9 (Yoast SEO v24.9) - https:\/\/yoast.com\/wordpress\/plugins\/seo\/ -->\n<title>YIL 1984 - narteks.net<\/title>\n<meta name=\"robots\" content=\"index, follow, max-snippet:-1, max-image-preview:large, max-video-preview:-1\" \/>\n<link rel=\"canonical\" href=\"https:\/\/narteks.net\/index.php\/2010\/02\/01\/yil-1984\/\" \/>\n<meta property=\"og:locale\" content=\"tr_TR\" \/>\n<meta property=\"og:type\" content=\"article\" \/>\n<meta property=\"og:title\" content=\"YIL 1984\" \/>\n<meta property=\"og:description\" content=\"\u00a0 I.Yunanistan &#8220;zulmun utanc\u0131&#8221;ndankurtulamad\u0131 hen\u00fczve T\u00fcrkiye hen\u00fcz zulmun kanl\u0131 pen\u00e7elerinde erikler nisan&#8221;da m\u0131 \u00e7i\u00e7eklenir eyl\u00fcl&#8221;e b\u00fcy\u00fcr m\u00fc sulu karpuzlar zeytin a\u011fa\u00e7lar\u0131 birebir akraba k\u00f6kleri biribirine kar\u0131\u015fm\u0131\u015f f\u0131st\u0131klarmandalinalar da \u00f6yleve ege&#8221;nin nabz\u0131o yanda da mavi mavi vurur bu yanda da ve insanlarbizim insanlar\u0131m\u0131zelele verir t\u00fct\u00fcndeve pamukdave bu\u011fdaydakolkola girerler halaydave govenddeve hasabikodadizdize dururlar gecenin \u00f6n\u00fcnde ve zulme [&hellip;]\" \/>\n<meta property=\"og:url\" content=\"https:\/\/narteks.net\/index.php\/2010\/02\/01\/yil-1984\/\" \/>\n<meta property=\"og:site_name\" content=\"narteks.net\" \/>\n<meta property=\"article:published_time\" content=\"2010-02-01T19:17:59+00:00\" \/>\n<meta property=\"og:image\" content=\"https:\/\/narteks.net\/wp-content\/uploads\/narteks.png\" \/>\n\t<meta property=\"og:image:width\" content=\"300\" \/>\n\t<meta property=\"og:image:height\" content=\"90\" \/>\n\t<meta property=\"og:image:type\" content=\"image\/png\" \/>\n<meta name=\"author\" content=\"Tar\u0131k\" \/>\n<meta name=\"twitter:card\" content=\"summary_large_image\" \/>\n<meta name=\"twitter:creator\" content=\"@narteks\" \/>\n<meta name=\"twitter:site\" content=\"@narteks\" \/>\n<meta name=\"twitter:label1\" content=\"Yazan:\" \/>\n\t<meta name=\"twitter:data1\" content=\"Tar\u0131k\" \/>\n\t<meta name=\"twitter:label2\" content=\"Tahmini okuma s\u00fcresi\" \/>\n\t<meta name=\"twitter:data2\" content=\"2 dakika\" \/>\n<script type=\"application\/ld+json\" class=\"yoast-schema-graph\">{\"@context\":\"https:\/\/schema.org\",\"@graph\":[{\"@type\":\"Article\",\"@id\":\"https:\/\/narteks.net\/index.php\/2010\/02\/01\/yil-1984\/#article\",\"isPartOf\":{\"@id\":\"https:\/\/narteks.net\/index.php\/2010\/02\/01\/yil-1984\/\"},\"author\":{\"name\":\"Tar\u0131k\",\"@id\":\"https:\/\/narteks.net\/#\/schema\/person\/61f37d9834294b72d31d274e7ed79bca\"},\"headline\":\"YIL 1984\",\"datePublished\":\"2010-02-01T19:17:59+00:00\",\"mainEntityOfPage\":{\"@id\":\"https:\/\/narteks.net\/index.php\/2010\/02\/01\/yil-1984\/\"},\"wordCount\":506,\"commentCount\":0,\"publisher\":{\"@id\":\"https:\/\/narteks.net\/#organization\"},\"articleSection\":[\"Orhan KOTAN\"],\"inLanguage\":\"tr\",\"potentialAction\":[{\"@type\":\"CommentAction\",\"name\":\"Comment\",\"target\":[\"https:\/\/narteks.net\/index.php\/2010\/02\/01\/yil-1984\/#respond\"]}]},{\"@type\":\"WebPage\",\"@id\":\"https:\/\/narteks.net\/index.php\/2010\/02\/01\/yil-1984\/\",\"url\":\"https:\/\/narteks.net\/index.php\/2010\/02\/01\/yil-1984\/\",\"name\":\"YIL 1984 - narteks.net\",\"isPartOf\":{\"@id\":\"https:\/\/narteks.net\/#website\"},\"datePublished\":\"2010-02-01T19:17:59+00:00\",\"breadcrumb\":{\"@id\":\"https:\/\/narteks.net\/index.php\/2010\/02\/01\/yil-1984\/#breadcrumb\"},\"inLanguage\":\"tr\",\"potentialAction\":[{\"@type\":\"ReadAction\",\"target\":[\"https:\/\/narteks.net\/index.php\/2010\/02\/01\/yil-1984\/\"]}]},{\"@type\":\"BreadcrumbList\",\"@id\":\"https:\/\/narteks.net\/index.php\/2010\/02\/01\/yil-1984\/#breadcrumb\",\"itemListElement\":[{\"@type\":\"ListItem\",\"position\":1,\"name\":\"Anasayfa\",\"item\":\"https:\/\/narteks.net\/\"},{\"@type\":\"ListItem\",\"position\":2,\"name\":\"YIL 1984\"}]},{\"@type\":\"WebSite\",\"@id\":\"https:\/\/narteks.net\/#website\",\"url\":\"https:\/\/narteks.net\/\",\"name\":\"narteks.net\",\"description\":\"K\u00fclt\u00fcr Sanat Edebiyat Felsefe\",\"publisher\":{\"@id\":\"https:\/\/narteks.net\/#organization\"},\"alternateName\":\"K\u00fclt\u00fcr Sanat Edebiyat Felsefe\",\"potentialAction\":[{\"@type\":\"SearchAction\",\"target\":{\"@type\":\"EntryPoint\",\"urlTemplate\":\"https:\/\/narteks.net\/?s={search_term_string}\"},\"query-input\":{\"@type\":\"PropertyValueSpecification\",\"valueRequired\":true,\"valueName\":\"search_term_string\"}}],\"inLanguage\":\"tr\"},{\"@type\":\"Organization\",\"@id\":\"https:\/\/narteks.net\/#organization\",\"name\":\"narteks.net\",\"url\":\"https:\/\/narteks.net\/\",\"logo\":{\"@type\":\"ImageObject\",\"inLanguage\":\"tr\",\"@id\":\"https:\/\/narteks.net\/#\/schema\/logo\/image\/\",\"url\":\"https:\/\/narteks.net\/wp-content\/uploads\/narteks.png\",\"contentUrl\":\"https:\/\/narteks.net\/wp-content\/uploads\/narteks.png\",\"width\":300,\"height\":90,\"caption\":\"narteks.net\"},\"image\":{\"@id\":\"https:\/\/narteks.net\/#\/schema\/logo\/image\/\"},\"sameAs\":[\"https:\/\/x.com\/narteks\",\"https:\/\/instagram.com\/narteksnet\"]},{\"@type\":\"Person\",\"@id\":\"https:\/\/narteks.net\/#\/schema\/person\/61f37d9834294b72d31d274e7ed79bca\",\"name\":\"Tar\u0131k\",\"image\":{\"@type\":\"ImageObject\",\"inLanguage\":\"tr\",\"@id\":\"https:\/\/narteks.net\/#\/schema\/person\/image\/\",\"url\":\"https:\/\/secure.gravatar.com\/avatar\/50865afb55632c4ae467e0af0930f6510aa2297d8014be502a55b14f3b7550cf?s=96&d=mm&r=g\",\"contentUrl\":\"https:\/\/secure.gravatar.com\/avatar\/50865afb55632c4ae467e0af0930f6510aa2297d8014be502a55b14f3b7550cf?s=96&d=mm&r=g\",\"caption\":\"Tar\u0131k\"},\"sameAs\":[\"http:\/\/narteks.net\"],\"url\":\"https:\/\/narteks.net\/index.php\/author\/narbak\/\"}]}<\/script>\n<!-- \/ Yoast SEO Premium plugin. -->","yoast_head_json":{"title":"YIL 1984 - narteks.net","robots":{"index":"index","follow":"follow","max-snippet":"max-snippet:-1","max-image-preview":"max-image-preview:large","max-video-preview":"max-video-preview:-1"},"canonical":"https:\/\/narteks.net\/index.php\/2010\/02\/01\/yil-1984\/","og_locale":"tr_TR","og_type":"article","og_title":"YIL 1984","og_description":"\u00a0 I.Yunanistan &#8220;zulmun utanc\u0131&#8221;ndankurtulamad\u0131 hen\u00fczve T\u00fcrkiye hen\u00fcz zulmun kanl\u0131 pen\u00e7elerinde erikler nisan&#8221;da m\u0131 \u00e7i\u00e7eklenir eyl\u00fcl&#8221;e b\u00fcy\u00fcr m\u00fc sulu karpuzlar zeytin a\u011fa\u00e7lar\u0131 birebir akraba k\u00f6kleri biribirine kar\u0131\u015fm\u0131\u015f f\u0131st\u0131klarmandalinalar da \u00f6yleve ege&#8221;nin nabz\u0131o yanda da mavi mavi vurur bu yanda da ve insanlarbizim insanlar\u0131m\u0131zelele verir t\u00fct\u00fcndeve pamukdave bu\u011fdaydakolkola girerler halaydave govenddeve hasabikodadizdize dururlar gecenin \u00f6n\u00fcnde ve zulme [&hellip;]","og_url":"https:\/\/narteks.net\/index.php\/2010\/02\/01\/yil-1984\/","og_site_name":"narteks.net","article_published_time":"2010-02-01T19:17:59+00:00","og_image":[{"width":300,"height":90,"url":"https:\/\/narteks.net\/wp-content\/uploads\/narteks.png","type":"image\/png"}],"author":"Tar\u0131k","twitter_card":"summary_large_image","twitter_creator":"@narteks","twitter_site":"@narteks","twitter_misc":{"Yazan:":"Tar\u0131k","Tahmini okuma s\u00fcresi":"2 dakika"},"schema":{"@context":"https:\/\/schema.org","@graph":[{"@type":"Article","@id":"https:\/\/narteks.net\/index.php\/2010\/02\/01\/yil-1984\/#article","isPartOf":{"@id":"https:\/\/narteks.net\/index.php\/2010\/02\/01\/yil-1984\/"},"author":{"name":"Tar\u0131k","@id":"https:\/\/narteks.net\/#\/schema\/person\/61f37d9834294b72d31d274e7ed79bca"},"headline":"YIL 1984","datePublished":"2010-02-01T19:17:59+00:00","mainEntityOfPage":{"@id":"https:\/\/narteks.net\/index.php\/2010\/02\/01\/yil-1984\/"},"wordCount":506,"commentCount":0,"publisher":{"@id":"https:\/\/narteks.net\/#organization"},"articleSection":["Orhan KOTAN"],"inLanguage":"tr","potentialAction":[{"@type":"CommentAction","name":"Comment","target":["https:\/\/narteks.net\/index.php\/2010\/02\/01\/yil-1984\/#respond"]}]},{"@type":"WebPage","@id":"https:\/\/narteks.net\/index.php\/2010\/02\/01\/yil-1984\/","url":"https:\/\/narteks.net\/index.php\/2010\/02\/01\/yil-1984\/","name":"YIL 1984 - narteks.net","isPartOf":{"@id":"https:\/\/narteks.net\/#website"},"datePublished":"2010-02-01T19:17:59+00:00","breadcrumb":{"@id":"https:\/\/narteks.net\/index.php\/2010\/02\/01\/yil-1984\/#breadcrumb"},"inLanguage":"tr","potentialAction":[{"@type":"ReadAction","target":["https:\/\/narteks.net\/index.php\/2010\/02\/01\/yil-1984\/"]}]},{"@type":"BreadcrumbList","@id":"https:\/\/narteks.net\/index.php\/2010\/02\/01\/yil-1984\/#breadcrumb","itemListElement":[{"@type":"ListItem","position":1,"name":"Anasayfa","item":"https:\/\/narteks.net\/"},{"@type":"ListItem","position":2,"name":"YIL 1984"}]},{"@type":"WebSite","@id":"https:\/\/narteks.net\/#website","url":"https:\/\/narteks.net\/","name":"narteks.net","description":"K\u00fclt\u00fcr Sanat Edebiyat Felsefe","publisher":{"@id":"https:\/\/narteks.net\/#organization"},"alternateName":"K\u00fclt\u00fcr Sanat Edebiyat Felsefe","potentialAction":[{"@type":"SearchAction","target":{"@type":"EntryPoint","urlTemplate":"https:\/\/narteks.net\/?s={search_term_string}"},"query-input":{"@type":"PropertyValueSpecification","valueRequired":true,"valueName":"search_term_string"}}],"inLanguage":"tr"},{"@type":"Organization","@id":"https:\/\/narteks.net\/#organization","name":"narteks.net","url":"https:\/\/narteks.net\/","logo":{"@type":"ImageObject","inLanguage":"tr","@id":"https:\/\/narteks.net\/#\/schema\/logo\/image\/","url":"https:\/\/narteks.net\/wp-content\/uploads\/narteks.png","contentUrl":"https:\/\/narteks.net\/wp-content\/uploads\/narteks.png","width":300,"height":90,"caption":"narteks.net"},"image":{"@id":"https:\/\/narteks.net\/#\/schema\/logo\/image\/"},"sameAs":["https:\/\/x.com\/narteks","https:\/\/instagram.com\/narteksnet"]},{"@type":"Person","@id":"https:\/\/narteks.net\/#\/schema\/person\/61f37d9834294b72d31d274e7ed79bca","name":"Tar\u0131k","image":{"@type":"ImageObject","inLanguage":"tr","@id":"https:\/\/narteks.net\/#\/schema\/person\/image\/","url":"https:\/\/secure.gravatar.com\/avatar\/50865afb55632c4ae467e0af0930f6510aa2297d8014be502a55b14f3b7550cf?s=96&d=mm&r=g","contentUrl":"https:\/\/secure.gravatar.com\/avatar\/50865afb55632c4ae467e0af0930f6510aa2297d8014be502a55b14f3b7550cf?s=96&d=mm&r=g","caption":"Tar\u0131k"},"sameAs":["http:\/\/narteks.net"],"url":"https:\/\/narteks.net\/index.php\/author\/narbak\/"}]}},"_links":{"self":[{"href":"https:\/\/narteks.net\/index.php\/wp-json\/wp\/v2\/posts\/4125","targetHints":{"allow":["GET"]}}],"collection":[{"href":"https:\/\/narteks.net\/index.php\/wp-json\/wp\/v2\/posts"}],"about":[{"href":"https:\/\/narteks.net\/index.php\/wp-json\/wp\/v2\/types\/post"}],"author":[{"embeddable":true,"href":"https:\/\/narteks.net\/index.php\/wp-json\/wp\/v2\/users\/1"}],"replies":[{"embeddable":true,"href":"https:\/\/narteks.net\/index.php\/wp-json\/wp\/v2\/comments?post=4125"}],"version-history":[{"count":0,"href":"https:\/\/narteks.net\/index.php\/wp-json\/wp\/v2\/posts\/4125\/revisions"}],"wp:attachment":[{"href":"https:\/\/narteks.net\/index.php\/wp-json\/wp\/v2\/media?parent=4125"}],"wp:term":[{"taxonomy":"category","embeddable":true,"href":"https:\/\/narteks.net\/index.php\/wp-json\/wp\/v2\/categories?post=4125"},{"taxonomy":"post_tag","embeddable":true,"href":"https:\/\/narteks.net\/index.php\/wp-json\/wp\/v2\/tags?post=4125"}],"curies":[{"name":"wp","href":"https:\/\/api.w.org\/{rel}","templated":true}]}}