{"id":4126,"date":"2010-02-01T22:19:29","date_gmt":"2010-02-01T19:19:29","guid":{"rendered":"http:\/\/localhost\/wordpress\/2010\/02\/01\/bir-politik-teorisyen-bir-sair-bir-mucadele-adami-orhan-kotan\/"},"modified":"2010-02-01T22:19:29","modified_gmt":"2010-02-01T19:19:29","slug":"bir-politik-teorisyen-bir-sair-bir-mucadele-adami-orhan-kotan","status":"publish","type":"post","link":"https:\/\/narteks.net\/index.php\/2010\/02\/01\/bir-politik-teorisyen-bir-sair-bir-mucadele-adami-orhan-kotan\/","title":{"rendered":"Bir Politik Teorisyen &#8211; Bir \u015eair &#8211; Bir M\u00fccadele Adam\u0131 | Orhan Kotan"},"content":{"rendered":"<p><img loading=\"lazy\" decoding=\"async\" src=\"http:\/\/www.gelawej.net\/orhan-kotan\/orhan.jpg\" border=\"0\" width=\"155\" height=\"205\" style=\"float: left;\" \/><\/p>\n<p style=\"text-align: justify;\">Orhan Kotan, 1944 y\u0131l\u0131nda Malazgirt\u2019te do\u011fdu. \u00dcniversite e\u011fitimine, Ankara\u2019da Dil-Tarih ve Edebiyat Fak\u00fcltesi\u2019nde ba\u015flad\u0131\u2026 68 gen\u00e7lik hareketinin i\u00e7inde aktif g\u00f6rev ald\u0131. Ayn\u0131 y\u0131l Malazgirt\u2019e d\u00f6nd\u00fc ve askerli\u011fini er \u00f6\u011fretmen olarak yapt\u0131.Siyasal \u00e7al\u0131\u015fmalar\u0131na da devam eden Kotan ilk olarak, Dr. \u015e\u0131van hareketi i\u00e7inde yer ald\u0131, b\u00f6lge sekreterli\u011fine kadar y\u00fckseldi.<\/p>\n<p style=\"text-align: justify;\">74 sonras\u0131nda ise DDKO s\u00fcrecinde \u201cOcak Kom\u00fcn\u00fc\u201d ekibinin yan\u0131nda yerini ald\u0131. KOMAL yay\u0131nevini kurulu\u015funa kat\u0131ld\u0131 ve y\u00f6netimini \u00fcstlendi. \u0130kinci kitab\u0131 olan \u201cGururla Bak\u0131yorum D\u00fcnyaya\u201d da yer alan \u015fiirleriyle, \u201970\u2019l\u0131 y\u0131llarda militan K\u00fcrt gen\u00e7li\u011fini en \u00e7ok etkileyen \u015fairlerden biri oldu..Yine bu d\u00f6nem K\u00fcrdistan tarihi \u00fczerine pek \u00e7ok belgenin su y\u00fcz\u00fcne \u00e7\u0131kar\u0131lmas\u0131nda b\u00fcy\u00fck eme\u011fi ge\u00e7ti.<\/p>\n<p>\u0130deolojik, siyasal ve \u00f6rg\u00fctsel tezlerinin tart\u0131\u015f\u0131lmas\u0131 amac\u0131yla 1976\u2019da yay\u0131na ba\u015flayan rizgar\u00ee dergisinin yaz\u0131 kurulunda g\u00f6rev ald\u0131. R\u0131zgari s\u00fcrecinde hareketin \u00f6nde gelen teorisyenlerinden biri olarak \u00f6ne \u00e7\u0131kt\u0131. Hareketin teorik ve siyasal tezlerinin kurulmas\u0131nda etkin bir rol oynad\u0131.<\/p>\n<p>1976 y\u0131l\u0131nda Ankara DGM taraf\u0131ndan tutukland\u0131 ve 8 ay Merkez Kapal\u0131 Cezaevinde kald\u0131.<\/p>\n<p>K\u00fcrdistan Kom\u00fcnist Partisi-\u00d6rg\u00fctlenme Komitesi\u2019nde de yer alan Orhan Kotan, Rizgari kadrolar\u0131na y\u00f6nelik operasyonlar\u0131n artt\u0131\u011f\u0131 ve darbenin ayak seslerinin yak\u0131nla\u015ft\u0131\u011f\u0131 80 darbesi \u00f6ncesinde \u00f6rg\u00fctlenme \u00e7al\u0131\u015fmalar\u0131n\u0131 y\u00fcr\u00fctmek \u00fczere \u00f6nce Suriye daha sonra Avrupa\u2019ya \u00e7\u0131kt\u0131.<\/p>\n<p>Avrupa\u2019da Deng\u00ea Komal lyay\u0131nlar\u0131n\u0131 ve KKP-\u00d6K\u2019nin yay\u0131n organ\u0131 olan \u201cYekiti\u201d dergisini organize etti\u2026Partiya Rizgariya Kurdistan\/Rizgari \u00f6rg\u00fct\u00fcn\u00fcn kurulu\u015funa kat\u0131ld\u0131 ve y\u00f6netiminde yer ald\u0131. Modern K\u00fcrt bas\u0131n\u0131nda bir d\u00f6neme\u00e7 noktas\u0131 olan \u201cKurdistan Press\u201d in ba\u015fredakt\u00f6rl\u00fc\u011f\u00fc s\u0131ras\u0131nda ilk kez kendi imzas\u0131yla yaz\u0131lar yazmaya ba\u015flad\u0131.<\/p>\n<p>1991 y\u0131l\u0131nda partili arkada\u015flar\u0131yla g\u00f6r\u00fc\u015f ayr\u0131l\u0131\u011f\u0131na d\u00fc\u015ft\u00fc. Marksist-Leninist ideolojik ve \u00f6rg\u00fctsel g\u00f6r\u00fc\u015flerini terk etti.Yeni siyasal perspektifini yaln\u0131z savunmaya karar veren O. Kotan \u00f6rg\u00fctsel ili\u015fkilerden \u00e7ekilerek, bundan sonra bir K\u00fcrt ayd\u0131n\u0131 olarak \u00e7al\u0131\u015fmalar\u0131n\u0131 s\u00fcrd\u00fcrd\u00fc..<\/p>\n<p>Y\u0131llar s\u00fcren s\u00fcrg\u00fcn\u00fcn ertesinde, 1995 y\u0131l\u0131nda \u0130stanbul\u2019a d\u00f6nd\u00fc. Ve \u201cRealite PRESS\u201d gazetesinin yay\u0131n\u0131n\u0131 \u00f6rg\u00fctledi. \u2026<\/p>\n<p>Orhan Kotan yak\u0131n d\u00f6nem K\u00fcrt Ulusal m\u00fccadelesinin en renkli politik simalar\u0131ndan biriydi&#8230; Bir politik teorisyen, bir \u015fair ve bir m\u00fccadele adam\u0131 olarak \u201870 sonras\u0131 ku\u015faklar \u00fczerinde derin izler b\u0131rakt\u0131. Kamuoyunda ise \u015eair-Yazar- Gazeteci kimli\u011fiyle tan\u0131nd\u0131 Behram \u00c7upin ve N.Bora imzalar\u0131\u0131 da kullanan O.Kotan\u2019\u0131n, Komal ve Rizgari yay\u0131n kollektiflerine sunularak kabul g\u00f6rm\u00fc\u015f ve yay\u0131nlanm\u0131\u015f pek \u00e7ok yaz\u0131s\u0131 bulunmaktad\u0131r.<\/p>\n<p>F\u0131rt\u0131nal\u0131 m\u00fccadele y\u0131llar\u0131n\u0131n bir an\u0131s\u0131 olarak yakaland\u0131\u011f\u0131 hastal\u0131klar nedeniyle a\u011f\u0131r sa\u011fl\u0131k sorunlar\u0131 ya\u015fad\u0131. \u00dclserle birlikte b\u00f6brek yetmezli\u011fi sonucunda uzun y\u0131llar diyaliz makinesine ba\u011fl\u0131 olarak ya\u015fad\u0131. B\u00f6brek nakli ve kalp ameliyatlar\u0131 ge\u00e7irdi. Ne yaz\u0131k ki durumu giderek k\u00f6t\u00fcle\u015fmeye devam etti. 9 Temmuz 1998 tarihinde; Karolinska hastahanesinin \u0131ss\u0131z odalar\u0131n\u0131n birinde, hayata veda etti.<\/p>\n<p style=\"text-align: justify;\">Orhan Kotan \u015fiirlerini sitemizde bulabilirsiniz&#8230;<\/p>\n","protected":false},"excerpt":{"rendered":"<p>Orhan Kotan, 1944 y\u0131l\u0131nda Malazgirt\u2019te do\u011fdu. \u00dcniversite e\u011fitimine, Ankara\u2019da Dil-Tarih ve Edebiyat Fak\u00fcltesi\u2019nde ba\u015flad\u0131\u2026 68 gen\u00e7lik hareketinin i\u00e7inde aktif g\u00f6rev ald\u0131. Ayn\u0131 y\u0131l Malazgirt\u2019e d\u00f6nd\u00fc ve askerli\u011fini er \u00f6\u011fretmen olarak yapt\u0131.Siyasal \u00e7al\u0131\u015fmalar\u0131na da devam eden Kotan ilk olarak, Dr. \u015e\u0131van hareketi i\u00e7inde yer ald\u0131, b\u00f6lge sekreterli\u011fine kadar y\u00fckseldi. 74 sonras\u0131nda ise DDKO s\u00fcrecinde \u201cOcak Kom\u00fcn\u00fc\u201d [&hellip;]<\/p>\n","protected":false},"author":1,"featured_media":0,"comment_status":"open","ping_status":"open","sticky":false,"template":"","format":"standard","meta":{"footnotes":""},"categories":[135],"tags":[],"class_list":{"0":"post-4126","1":"post","2":"type-post","3":"status-publish","4":"format-standard","6":"category-orhan-kotan"},"yoast_head":"<!-- This site is optimized with the Yoast SEO Premium plugin v24.9 (Yoast SEO v24.9) - https:\/\/yoast.com\/wordpress\/plugins\/seo\/ -->\n<title>Bir Politik Teorisyen - Bir \u015eair - Bir M\u00fccadele Adam\u0131 | Orhan Kotan - narteks.net<\/title>\n<meta name=\"robots\" content=\"index, follow, max-snippet:-1, max-image-preview:large, max-video-preview:-1\" \/>\n<link rel=\"canonical\" href=\"https:\/\/narteks.net\/index.php\/2010\/02\/01\/bir-politik-teorisyen-bir-sair-bir-mucadele-adami-orhan-kotan\/\" \/>\n<meta property=\"og:locale\" content=\"tr_TR\" \/>\n<meta property=\"og:type\" content=\"article\" \/>\n<meta property=\"og:title\" content=\"Bir Politik Teorisyen - Bir \u015eair - Bir M\u00fccadele Adam\u0131 | Orhan Kotan\" \/>\n<meta property=\"og:description\" content=\"Orhan Kotan, 1944 y\u0131l\u0131nda Malazgirt\u2019te do\u011fdu. \u00dcniversite e\u011fitimine, Ankara\u2019da Dil-Tarih ve Edebiyat Fak\u00fcltesi\u2019nde ba\u015flad\u0131\u2026 68 gen\u00e7lik hareketinin i\u00e7inde aktif g\u00f6rev ald\u0131. Ayn\u0131 y\u0131l Malazgirt\u2019e d\u00f6nd\u00fc ve askerli\u011fini er \u00f6\u011fretmen olarak yapt\u0131.Siyasal \u00e7al\u0131\u015fmalar\u0131na da devam eden Kotan ilk olarak, Dr. \u015e\u0131van hareketi i\u00e7inde yer ald\u0131, b\u00f6lge sekreterli\u011fine kadar y\u00fckseldi. 74 sonras\u0131nda ise DDKO s\u00fcrecinde \u201cOcak Kom\u00fcn\u00fc\u201d [&hellip;]\" \/>\n<meta property=\"og:url\" content=\"https:\/\/narteks.net\/index.php\/2010\/02\/01\/bir-politik-teorisyen-bir-sair-bir-mucadele-adami-orhan-kotan\/\" \/>\n<meta property=\"og:site_name\" content=\"narteks.net\" \/>\n<meta property=\"article:published_time\" content=\"2010-02-01T19:19:29+00:00\" \/>\n<meta property=\"og:image\" content=\"http:\/\/www.gelawej.net\/orhan-kotan\/orhan.jpg\" \/>\n<meta name=\"author\" content=\"Tar\u0131k\" \/>\n<meta name=\"twitter:card\" content=\"summary_large_image\" \/>\n<meta name=\"twitter:creator\" content=\"@narteks\" \/>\n<meta name=\"twitter:site\" content=\"@narteks\" \/>\n<meta name=\"twitter:label1\" content=\"Yazan:\" \/>\n\t<meta name=\"twitter:data1\" content=\"Tar\u0131k\" \/>\n\t<meta name=\"twitter:label2\" content=\"Tahmini okuma s\u00fcresi\" \/>\n\t<meta name=\"twitter:data2\" content=\"3 dakika\" \/>\n<script type=\"application\/ld+json\" class=\"yoast-schema-graph\">{\"@context\":\"https:\/\/schema.org\",\"@graph\":[{\"@type\":\"Article\",\"@id\":\"https:\/\/narteks.net\/index.php\/2010\/02\/01\/bir-politik-teorisyen-bir-sair-bir-mucadele-adami-orhan-kotan\/#article\",\"isPartOf\":{\"@id\":\"https:\/\/narteks.net\/index.php\/2010\/02\/01\/bir-politik-teorisyen-bir-sair-bir-mucadele-adami-orhan-kotan\/\"},\"author\":{\"name\":\"Tar\u0131k\",\"@id\":\"https:\/\/narteks.net\/#\/schema\/person\/61f37d9834294b72d31d274e7ed79bca\"},\"headline\":\"Bir Politik Teorisyen &#8211; Bir \u015eair &#8211; Bir M\u00fccadele Adam\u0131 | Orhan Kotan\",\"datePublished\":\"2010-02-01T19:19:29+00:00\",\"mainEntityOfPage\":{\"@id\":\"https:\/\/narteks.net\/index.php\/2010\/02\/01\/bir-politik-teorisyen-bir-sair-bir-mucadele-adami-orhan-kotan\/\"},\"wordCount\":563,\"commentCount\":0,\"publisher\":{\"@id\":\"https:\/\/narteks.net\/#organization\"},\"image\":{\"@id\":\"https:\/\/narteks.net\/index.php\/2010\/02\/01\/bir-politik-teorisyen-bir-sair-bir-mucadele-adami-orhan-kotan\/#primaryimage\"},\"thumbnailUrl\":\"http:\/\/www.gelawej.net\/orhan-kotan\/orhan.jpg\",\"articleSection\":[\"Orhan KOTAN\"],\"inLanguage\":\"tr\",\"potentialAction\":[{\"@type\":\"CommentAction\",\"name\":\"Comment\",\"target\":[\"https:\/\/narteks.net\/index.php\/2010\/02\/01\/bir-politik-teorisyen-bir-sair-bir-mucadele-adami-orhan-kotan\/#respond\"]}]},{\"@type\":\"WebPage\",\"@id\":\"https:\/\/narteks.net\/index.php\/2010\/02\/01\/bir-politik-teorisyen-bir-sair-bir-mucadele-adami-orhan-kotan\/\",\"url\":\"https:\/\/narteks.net\/index.php\/2010\/02\/01\/bir-politik-teorisyen-bir-sair-bir-mucadele-adami-orhan-kotan\/\",\"name\":\"Bir Politik Teorisyen - Bir \u015eair - Bir M\u00fccadele Adam\u0131 | Orhan Kotan - narteks.net\",\"isPartOf\":{\"@id\":\"https:\/\/narteks.net\/#website\"},\"primaryImageOfPage\":{\"@id\":\"https:\/\/narteks.net\/index.php\/2010\/02\/01\/bir-politik-teorisyen-bir-sair-bir-mucadele-adami-orhan-kotan\/#primaryimage\"},\"image\":{\"@id\":\"https:\/\/narteks.net\/index.php\/2010\/02\/01\/bir-politik-teorisyen-bir-sair-bir-mucadele-adami-orhan-kotan\/#primaryimage\"},\"thumbnailUrl\":\"http:\/\/www.gelawej.net\/orhan-kotan\/orhan.jpg\",\"datePublished\":\"2010-02-01T19:19:29+00:00\",\"breadcrumb\":{\"@id\":\"https:\/\/narteks.net\/index.php\/2010\/02\/01\/bir-politik-teorisyen-bir-sair-bir-mucadele-adami-orhan-kotan\/#breadcrumb\"},\"inLanguage\":\"tr\",\"potentialAction\":[{\"@type\":\"ReadAction\",\"target\":[\"https:\/\/narteks.net\/index.php\/2010\/02\/01\/bir-politik-teorisyen-bir-sair-bir-mucadele-adami-orhan-kotan\/\"]}]},{\"@type\":\"ImageObject\",\"inLanguage\":\"tr\",\"@id\":\"https:\/\/narteks.net\/index.php\/2010\/02\/01\/bir-politik-teorisyen-bir-sair-bir-mucadele-adami-orhan-kotan\/#primaryimage\",\"url\":\"http:\/\/www.gelawej.net\/orhan-kotan\/orhan.jpg\",\"contentUrl\":\"http:\/\/www.gelawej.net\/orhan-kotan\/orhan.jpg\"},{\"@type\":\"BreadcrumbList\",\"@id\":\"https:\/\/narteks.net\/index.php\/2010\/02\/01\/bir-politik-teorisyen-bir-sair-bir-mucadele-adami-orhan-kotan\/#breadcrumb\",\"itemListElement\":[{\"@type\":\"ListItem\",\"position\":1,\"name\":\"Anasayfa\",\"item\":\"https:\/\/narteks.net\/\"},{\"@type\":\"ListItem\",\"position\":2,\"name\":\"Bir Politik Teorisyen &#8211; Bir \u015eair &#8211; Bir M\u00fccadele Adam\u0131 | Orhan Kotan\"}]},{\"@type\":\"WebSite\",\"@id\":\"https:\/\/narteks.net\/#website\",\"url\":\"https:\/\/narteks.net\/\",\"name\":\"narteks.net\",\"description\":\"K\u00fclt\u00fcr Sanat Edebiyat Felsefe\",\"publisher\":{\"@id\":\"https:\/\/narteks.net\/#organization\"},\"alternateName\":\"K\u00fclt\u00fcr Sanat Edebiyat Felsefe\",\"potentialAction\":[{\"@type\":\"SearchAction\",\"target\":{\"@type\":\"EntryPoint\",\"urlTemplate\":\"https:\/\/narteks.net\/?s={search_term_string}\"},\"query-input\":{\"@type\":\"PropertyValueSpecification\",\"valueRequired\":true,\"valueName\":\"search_term_string\"}}],\"inLanguage\":\"tr\"},{\"@type\":\"Organization\",\"@id\":\"https:\/\/narteks.net\/#organization\",\"name\":\"narteks.net\",\"url\":\"https:\/\/narteks.net\/\",\"logo\":{\"@type\":\"ImageObject\",\"inLanguage\":\"tr\",\"@id\":\"https:\/\/narteks.net\/#\/schema\/logo\/image\/\",\"url\":\"https:\/\/narteks.net\/wp-content\/uploads\/narteks.png\",\"contentUrl\":\"https:\/\/narteks.net\/wp-content\/uploads\/narteks.png\",\"width\":300,\"height\":90,\"caption\":\"narteks.net\"},\"image\":{\"@id\":\"https:\/\/narteks.net\/#\/schema\/logo\/image\/\"},\"sameAs\":[\"https:\/\/x.com\/narteks\",\"https:\/\/instagram.com\/narteksnet\"]},{\"@type\":\"Person\",\"@id\":\"https:\/\/narteks.net\/#\/schema\/person\/61f37d9834294b72d31d274e7ed79bca\",\"name\":\"Tar\u0131k\",\"image\":{\"@type\":\"ImageObject\",\"inLanguage\":\"tr\",\"@id\":\"https:\/\/narteks.net\/#\/schema\/person\/image\/\",\"url\":\"https:\/\/secure.gravatar.com\/avatar\/50865afb55632c4ae467e0af0930f6510aa2297d8014be502a55b14f3b7550cf?s=96&d=mm&r=g\",\"contentUrl\":\"https:\/\/secure.gravatar.com\/avatar\/50865afb55632c4ae467e0af0930f6510aa2297d8014be502a55b14f3b7550cf?s=96&d=mm&r=g\",\"caption\":\"Tar\u0131k\"},\"sameAs\":[\"http:\/\/narteks.net\"],\"url\":\"https:\/\/narteks.net\/index.php\/author\/narbak\/\"}]}<\/script>\n<!-- \/ Yoast SEO Premium plugin. -->","yoast_head_json":{"title":"Bir Politik Teorisyen - Bir \u015eair - Bir M\u00fccadele Adam\u0131 | Orhan Kotan - narteks.net","robots":{"index":"index","follow":"follow","max-snippet":"max-snippet:-1","max-image-preview":"max-image-preview:large","max-video-preview":"max-video-preview:-1"},"canonical":"https:\/\/narteks.net\/index.php\/2010\/02\/01\/bir-politik-teorisyen-bir-sair-bir-mucadele-adami-orhan-kotan\/","og_locale":"tr_TR","og_type":"article","og_title":"Bir Politik Teorisyen - Bir \u015eair - Bir M\u00fccadele Adam\u0131 | Orhan Kotan","og_description":"Orhan Kotan, 1944 y\u0131l\u0131nda Malazgirt\u2019te do\u011fdu. \u00dcniversite e\u011fitimine, Ankara\u2019da Dil-Tarih ve Edebiyat Fak\u00fcltesi\u2019nde ba\u015flad\u0131\u2026 68 gen\u00e7lik hareketinin i\u00e7inde aktif g\u00f6rev ald\u0131. Ayn\u0131 y\u0131l Malazgirt\u2019e d\u00f6nd\u00fc ve askerli\u011fini er \u00f6\u011fretmen olarak yapt\u0131.Siyasal \u00e7al\u0131\u015fmalar\u0131na da devam eden Kotan ilk olarak, Dr. \u015e\u0131van hareketi i\u00e7inde yer ald\u0131, b\u00f6lge sekreterli\u011fine kadar y\u00fckseldi. 74 sonras\u0131nda ise DDKO s\u00fcrecinde \u201cOcak Kom\u00fcn\u00fc\u201d [&hellip;]","og_url":"https:\/\/narteks.net\/index.php\/2010\/02\/01\/bir-politik-teorisyen-bir-sair-bir-mucadele-adami-orhan-kotan\/","og_site_name":"narteks.net","article_published_time":"2010-02-01T19:19:29+00:00","og_image":[{"url":"http:\/\/www.gelawej.net\/orhan-kotan\/orhan.jpg","type":"","width":"","height":""}],"author":"Tar\u0131k","twitter_card":"summary_large_image","twitter_creator":"@narteks","twitter_site":"@narteks","twitter_misc":{"Yazan:":"Tar\u0131k","Tahmini okuma s\u00fcresi":"3 dakika"},"schema":{"@context":"https:\/\/schema.org","@graph":[{"@type":"Article","@id":"https:\/\/narteks.net\/index.php\/2010\/02\/01\/bir-politik-teorisyen-bir-sair-bir-mucadele-adami-orhan-kotan\/#article","isPartOf":{"@id":"https:\/\/narteks.net\/index.php\/2010\/02\/01\/bir-politik-teorisyen-bir-sair-bir-mucadele-adami-orhan-kotan\/"},"author":{"name":"Tar\u0131k","@id":"https:\/\/narteks.net\/#\/schema\/person\/61f37d9834294b72d31d274e7ed79bca"},"headline":"Bir Politik Teorisyen &#8211; Bir \u015eair &#8211; Bir M\u00fccadele Adam\u0131 | Orhan Kotan","datePublished":"2010-02-01T19:19:29+00:00","mainEntityOfPage":{"@id":"https:\/\/narteks.net\/index.php\/2010\/02\/01\/bir-politik-teorisyen-bir-sair-bir-mucadele-adami-orhan-kotan\/"},"wordCount":563,"commentCount":0,"publisher":{"@id":"https:\/\/narteks.net\/#organization"},"image":{"@id":"https:\/\/narteks.net\/index.php\/2010\/02\/01\/bir-politik-teorisyen-bir-sair-bir-mucadele-adami-orhan-kotan\/#primaryimage"},"thumbnailUrl":"http:\/\/www.gelawej.net\/orhan-kotan\/orhan.jpg","articleSection":["Orhan KOTAN"],"inLanguage":"tr","potentialAction":[{"@type":"CommentAction","name":"Comment","target":["https:\/\/narteks.net\/index.php\/2010\/02\/01\/bir-politik-teorisyen-bir-sair-bir-mucadele-adami-orhan-kotan\/#respond"]}]},{"@type":"WebPage","@id":"https:\/\/narteks.net\/index.php\/2010\/02\/01\/bir-politik-teorisyen-bir-sair-bir-mucadele-adami-orhan-kotan\/","url":"https:\/\/narteks.net\/index.php\/2010\/02\/01\/bir-politik-teorisyen-bir-sair-bir-mucadele-adami-orhan-kotan\/","name":"Bir Politik Teorisyen - Bir \u015eair - Bir M\u00fccadele Adam\u0131 | Orhan Kotan - narteks.net","isPartOf":{"@id":"https:\/\/narteks.net\/#website"},"primaryImageOfPage":{"@id":"https:\/\/narteks.net\/index.php\/2010\/02\/01\/bir-politik-teorisyen-bir-sair-bir-mucadele-adami-orhan-kotan\/#primaryimage"},"image":{"@id":"https:\/\/narteks.net\/index.php\/2010\/02\/01\/bir-politik-teorisyen-bir-sair-bir-mucadele-adami-orhan-kotan\/#primaryimage"},"thumbnailUrl":"http:\/\/www.gelawej.net\/orhan-kotan\/orhan.jpg","datePublished":"2010-02-01T19:19:29+00:00","breadcrumb":{"@id":"https:\/\/narteks.net\/index.php\/2010\/02\/01\/bir-politik-teorisyen-bir-sair-bir-mucadele-adami-orhan-kotan\/#breadcrumb"},"inLanguage":"tr","potentialAction":[{"@type":"ReadAction","target":["https:\/\/narteks.net\/index.php\/2010\/02\/01\/bir-politik-teorisyen-bir-sair-bir-mucadele-adami-orhan-kotan\/"]}]},{"@type":"ImageObject","inLanguage":"tr","@id":"https:\/\/narteks.net\/index.php\/2010\/02\/01\/bir-politik-teorisyen-bir-sair-bir-mucadele-adami-orhan-kotan\/#primaryimage","url":"http:\/\/www.gelawej.net\/orhan-kotan\/orhan.jpg","contentUrl":"http:\/\/www.gelawej.net\/orhan-kotan\/orhan.jpg"},{"@type":"BreadcrumbList","@id":"https:\/\/narteks.net\/index.php\/2010\/02\/01\/bir-politik-teorisyen-bir-sair-bir-mucadele-adami-orhan-kotan\/#breadcrumb","itemListElement":[{"@type":"ListItem","position":1,"name":"Anasayfa","item":"https:\/\/narteks.net\/"},{"@type":"ListItem","position":2,"name":"Bir Politik Teorisyen &#8211; Bir \u015eair &#8211; Bir M\u00fccadele Adam\u0131 | Orhan Kotan"}]},{"@type":"WebSite","@id":"https:\/\/narteks.net\/#website","url":"https:\/\/narteks.net\/","name":"narteks.net","description":"K\u00fclt\u00fcr Sanat Edebiyat Felsefe","publisher":{"@id":"https:\/\/narteks.net\/#organization"},"alternateName":"K\u00fclt\u00fcr Sanat Edebiyat Felsefe","potentialAction":[{"@type":"SearchAction","target":{"@type":"EntryPoint","urlTemplate":"https:\/\/narteks.net\/?s={search_term_string}"},"query-input":{"@type":"PropertyValueSpecification","valueRequired":true,"valueName":"search_term_string"}}],"inLanguage":"tr"},{"@type":"Organization","@id":"https:\/\/narteks.net\/#organization","name":"narteks.net","url":"https:\/\/narteks.net\/","logo":{"@type":"ImageObject","inLanguage":"tr","@id":"https:\/\/narteks.net\/#\/schema\/logo\/image\/","url":"https:\/\/narteks.net\/wp-content\/uploads\/narteks.png","contentUrl":"https:\/\/narteks.net\/wp-content\/uploads\/narteks.png","width":300,"height":90,"caption":"narteks.net"},"image":{"@id":"https:\/\/narteks.net\/#\/schema\/logo\/image\/"},"sameAs":["https:\/\/x.com\/narteks","https:\/\/instagram.com\/narteksnet"]},{"@type":"Person","@id":"https:\/\/narteks.net\/#\/schema\/person\/61f37d9834294b72d31d274e7ed79bca","name":"Tar\u0131k","image":{"@type":"ImageObject","inLanguage":"tr","@id":"https:\/\/narteks.net\/#\/schema\/person\/image\/","url":"https:\/\/secure.gravatar.com\/avatar\/50865afb55632c4ae467e0af0930f6510aa2297d8014be502a55b14f3b7550cf?s=96&d=mm&r=g","contentUrl":"https:\/\/secure.gravatar.com\/avatar\/50865afb55632c4ae467e0af0930f6510aa2297d8014be502a55b14f3b7550cf?s=96&d=mm&r=g","caption":"Tar\u0131k"},"sameAs":["http:\/\/narteks.net"],"url":"https:\/\/narteks.net\/index.php\/author\/narbak\/"}]}},"_links":{"self":[{"href":"https:\/\/narteks.net\/index.php\/wp-json\/wp\/v2\/posts\/4126","targetHints":{"allow":["GET"]}}],"collection":[{"href":"https:\/\/narteks.net\/index.php\/wp-json\/wp\/v2\/posts"}],"about":[{"href":"https:\/\/narteks.net\/index.php\/wp-json\/wp\/v2\/types\/post"}],"author":[{"embeddable":true,"href":"https:\/\/narteks.net\/index.php\/wp-json\/wp\/v2\/users\/1"}],"replies":[{"embeddable":true,"href":"https:\/\/narteks.net\/index.php\/wp-json\/wp\/v2\/comments?post=4126"}],"version-history":[{"count":0,"href":"https:\/\/narteks.net\/index.php\/wp-json\/wp\/v2\/posts\/4126\/revisions"}],"wp:attachment":[{"href":"https:\/\/narteks.net\/index.php\/wp-json\/wp\/v2\/media?parent=4126"}],"wp:term":[{"taxonomy":"category","embeddable":true,"href":"https:\/\/narteks.net\/index.php\/wp-json\/wp\/v2\/categories?post=4126"},{"taxonomy":"post_tag","embeddable":true,"href":"https:\/\/narteks.net\/index.php\/wp-json\/wp\/v2\/tags?post=4126"}],"curies":[{"name":"wp","href":"https:\/\/api.w.org\/{rel}","templated":true}]}}