{"id":413,"date":"2009-03-12T23:54:46","date_gmt":"2009-03-12T20:54:46","guid":{"rendered":"http:\/\/localhost\/wordpress\/2009\/03\/12\/bodrum-hakimi\/"},"modified":"2009-03-12T23:54:46","modified_gmt":"2009-03-12T20:54:46","slug":"bodrum-hakimi","status":"publish","type":"post","link":"https:\/\/narteks.net\/index.php\/2009\/03\/12\/bodrum-hakimi\/","title":{"rendered":"Bodrum Hakimi"},"content":{"rendered":"<p style=\"text-align: justify;\"><span style=\"font-size: 14pt;\"><strong>Bodrum Hakimi <\/strong><\/span><\/p>\n<p>\u0130ntihar eden Mefaret Han\u0131m&#8217;\u0131n \u00f6yk\u00fcs\u00fc yar\u0131m as\u0131rd\u0131r filmlere konu oldu, t\u00fcrk\u00fcs\u00fc Bodrum ve Milas y\u00f6resinin dilinden d\u00fc\u015fmedi ama kimse &#8220;ger\u00e7e\u011fi&#8221; bilemedi. Bodrum Hakimi, \u015fimdi, Tolga \u00c7andar&#8217;\u0131n \u00e7\u0131kard\u0131\u011f\u0131 &#8220;T\u00fcrk\u00fcleri Egenin 2&#8221; alb\u00fcm\u00fcne ad\u0131n\u0131 verdi. \u0130\u015fte size birden fazla ger\u00e7e\u011fi olan ya\u015fanm\u0131\u015f bir \u00f6yk\u00fc.<\/p>\n<p>Bodrumlular erken bi\u00e7er ekini<br \/>Fele\u011fe kurban m\u0131 gittin<br \/>Bodrum Hakimi<\/p>\n<p>T\u00fcrkiye&#8217;nin ilk kad\u0131n hakimlerindendi Bodrum Hakimi. Tek g\u00f6rev yeri Bodrum de\u011fildi elbet, ama Bodrumlular onu \u00f6yle sevmi\u015flerdi ki&#8230; Bu d\u00fcr\u00fcst, g\u00f6z\u00fcpek, &#8220;erkek gibi&#8221; hakim han\u0131ma sayg\u0131yla kar\u0131\u015f\u0131k bir sevgi duyuyorlard\u0131. Aslen nereli oldu\u011fu \u00f6nemli de\u011fildi, &#8220;Bodrum Hakimi&#8221; idi o.<\/p>\n<p>&#8220;Mefaret T\u00fcz\u00fcn (Bodrum Hakimi) Tav\u015fanl\u0131 1906 &#8211; Bodrum 1954<br \/>T\u00fcrkiye&#8217;nin ilk kad\u0131n hakimlerinden olan T\u00fcz\u00fcn, 24 Eyl\u00fcl 1951 y\u0131l\u0131nda Bodrum&#8217;da g\u00f6reve ba\u015flad\u0131. Ke\u015fiflere at s\u0131rt\u0131nda gidip gelen hakime han\u0131m, cesurlu\u011fu ve giri\u015fimcili\u011fiyle k\u0131sa zamanda y\u00f6re halk\u0131n\u0131n sevgisini kazanm\u0131\u015ft\u0131. 1954&#8217;te kaybetti\u011fi ni\u015fanl\u0131s\u0131n\u0131n ard\u0131ndan T\u00fcz\u00fcn&#8217;\u00fcn de beklenmedik \u00f6l\u00fcm\u00fc, Bodrum&#8217;da b\u00fcy\u00fck \u00fcz\u00fcnt\u00fc yaratt\u0131. Bodrumlular, Hakim&#8217;e olan sevgilerini ad\u0131na bir t\u00fcrk\u00fc yakarak ya\u015fatmaya \u00e7al\u0131\u015fm\u0131\u015flard\u0131r&#8221;.<\/p>\n<p>Bodrum&#8217;da iz b\u0131rakanlar takviminde b\u00f6yle tan\u0131t\u0131l\u0131yor Bodrum Hakimi Mefaret T\u00fcz\u00fcn. Hakk\u0131nda bundan fazlas\u0131n\u0131 \u00f6\u011frenmek de pek m\u00fcmk\u00fcn de\u011fil zaten. Denedi\u011finiz zaman resmi makamlardan da Bodrum&#8217;un ya\u015fl\u0131lar\u0131ndan da ayn\u0131 tepkiyi al\u0131yorsunuz: &#8220;Niye soruyorsunuz? Ge\u00e7mi\u015f zaman, ne olmu\u015fsa olmu\u015f bitmi\u015f i\u015fte, \u00f6\u011frenip de ne yapacaks\u0131n\u0131z?&#8221; Bodrumlular s\u00f6z birli\u011fi etmi\u015f\u00e7esine 43 y\u0131ld\u0131r sakl\u0131yor Mefaret Han\u0131m&#8217;\u0131n \u00f6l\u00fcme g\u00f6t\u00fcren s\u0131rr\u0131.<\/p>\n<p>Mefaret Han\u0131m&#8217;\u0131n arkas\u0131ndan halk\u0131n yakt\u0131\u011f\u0131 t\u00fcrk\u00fcy\u00fc y\u0131llar sonra seslendirip yeni alb\u00fcm\u00fcne alan Tolga \u00c7andar, uzun s\u00fcre bu s\u0131rr\u0131n izini s\u00fcrm\u00fc\u015f. Ama zar zor a\u00e7t\u0131\u011f\u0131 her kap\u0131n\u0131n arkas\u0131nda birbirinden farkl\u0131 \u00f6yk\u00fcler \u00e7\u0131km\u0131\u015f kar\u015f\u0131s\u0131na.<\/p>\n<p>Bunlardan bir tanesine g\u00f6re, Hakim Han\u0131m Bodrum&#8217;da bir gence idam cezas\u0131 vermi\u015f. Bunun \u00fczerine \u00e7ocu\u011fun a\u011fabeyi onu ka\u00e7\u0131r\u0131p Turgutreis&#8217;in kar\u015f\u0131s\u0131ndaki \u00c7atal adalar\u0131nda tecav\u00fcz etmi\u015f. Bundan \u00e7ok etkilenen Mefaret Han\u0131m da d\u00f6n\u00fc\u015fte kendisini \u00f6ld\u00fcrm\u00fc\u015f.<\/p>\n<p>Anlat\u0131lan di\u011fer \u00f6yk\u00fcler ise ayr\u0131nt\u0131lar\u0131 farkl\u0131 olsa da Mefaret Han\u0131m&#8217;\u0131n \u00f6l\u00fcm\u00fcn\u00fcn arkas\u0131nda bir a\u015fk oldu\u011fu yolunda. Bunlardan biri, &#8220;Bodrum Hakimi&#8221; filmine de konu olan \u00f6yk\u00fc. T\u00fcrkan \u015eoray&#8217;\u0131n b\u00fct\u00fcn azametiyle canland\u0131rd\u0131\u011f\u0131 muhte\u015fem hakim han\u0131m\u0131n hi\u00e7bir zor kar\u015f\u0131s\u0131nda e\u011filmeyen ba\u015f\u0131 sonunda bir a\u015fka yenik d\u00fc\u015f\u00fcyordu. Ya sevdi\u011fi adama \u00f6l\u00fcm cezas\u0131 verecekti, ya da&#8230; \u0130kinci yolu se\u00e7ti Bodrum Hakimi.<\/p>\n<p>\u015eu Bodrum&#8217;un da\u011flar\u0131nda ceylanlar dola\u015f\u0131r<br \/>Kara haber Mefaret Han\u0131ma pek tez ula\u015f\u0131r<\/p>\n<p>Bodrum&#8217;da s\u0131k\u0131 s\u0131k\u0131 m\u00fch\u00fcrlenmi\u015f a\u011f\u0131zlardan yar\u0131m yamalak d\u00f6k\u00fclenler ise, hakim han\u0131m\u0131n sevgilisinin filmdeki gibi bir su\u00e7lu de\u011fil, Bodrum&#8217;un savc\u0131s\u0131 oldu\u011fu y\u00f6n\u00fcnde. Ama bu a\u015fk\u0131n Mefaret Han\u0131m&#8217;\u0131 neden intihara s\u00fcr\u00fckledi\u011fi konusunda rivayet muhtelif. Kar\u015f\u0131l\u0131ks\u0131z de\u011fildi a\u015fk\u0131 besbelli. Ama herhalde evlenemeyeceklerdi. Ama neden? Savc\u0131 evli miydi, ya da \u00f6nce evlilik vaadetti\u011fi Mefaret Han\u0131m&#8217;\u0131 sonra terk mi etti&#8230; B\u00fcy\u00fck olas\u0131l\u0131kla Bodrumlular pek sevdikleri &#8220;hakim han\u0131m&#8221;lar\u0131na b\u00f6yle gayrime\u015fru bir ili\u015fkiyi yak\u0131\u015ft\u0131rmak istemediklerinden susuyorlar bu konuda, takvimlerinde bile &#8220;ni\u015fanl\u0131s\u0131&#8221; s\u0131fat\u0131n\u0131 kullanmay\u0131 tercih ediyorlar.<\/p>\n<p>Mefaret Han\u0131m&#8217;\u0131n son gecesine ili\u015fkin anlat\u0131lanlar ise daha da hazin. Milasl\u0131 T\u00fcrk sanat m\u00fczi\u011fi bestekar\u0131 Zeki Duygulu&#8217;nun konseri var o gece. Bodrumlular ciple Milas&#8217;\u0131n yolunu tutuyor. Mefaret Han\u0131m da aralar\u0131nda. Ve o gece konserde bir \u015fark\u0131y\u0131 tam \u00fc\u00e7 kez \u00e7ald\u0131r\u0131yor:<\/p>\n<p>Uslu dur kad\u0131n\u0131m \u00e7\u0131ld\u0131rtma beni<br \/>Ben art\u0131k bildi\u011fin o ten de\u011filim<br \/>Bir ba\u015fka ya\u011fmurla \u0131slak mendilim <br \/>Yeter art\u0131k a\u011flatma beni<br \/>Uslu dur kad\u0131n\u0131m \u00e7\u0131ld\u0131rtma beni<br \/>D\u00f6k\u00fclm\u00fc\u015f yapra\u011f\u0131m, sararm\u0131\u015f g\u00fcz\u00fcm <br \/>\u00c7i\u011fli kirpiklerle ya\u015fl\u0131d\u0131r g\u00f6z\u00fcm<br \/>Bu gurbet ellerde ben bir \u00f6ks\u00fcz\u00fcm <br \/>Yeter art\u0131k a\u011flatma beni<br \/>Uslu dur kad\u0131n\u0131m \u00e7\u0131ld\u0131rtma beni<\/p>\n<p>Bu konser Bodrumlular&#8217;\u0131n Mefaret T\u00fcz\u00fcn&#8217;\u00fc son g\u00f6r\u00fc\u015f\u00fc oluyor. Tolga \u00c7andar o gece kendini asan hakim han\u0131m\u0131n \u00f6l\u00fcm\u00fcn\u00fcn Bodrum&#8217;da ne b\u00fcy\u00fck bir \u00fcz\u00fcnt\u00fc yaratt\u0131\u011f\u0131n\u0131 annesinden dinlemi\u015f. O zamanlar hen\u00fcz \u00e7ocuk olan annesi tarlada \u00e7al\u0131\u015f\u0131rken gelen ve mola veren otob\u00fcs\u00fc ve \u00fcst\u00fcndeki cenazeyi hi\u00e7 unutmam\u0131\u015f. Y\u0131llarca ne bu \u00f6yk\u00fc d\u00fc\u015fm\u00fc\u015f dilinden ne de Bodrum Hakimi&#8217;nin t\u00fcrk\u00fcs\u00fc.<\/p>\n<p>Hakim Han\u0131m&#8217;\u0131n memleketi K\u00fctahya Tav\u015fan<br \/>Hakim Han\u0131m sen eyledin bizleri peri\u015fan<\/p>\n<p>Bu K\u00fctahya konusu da ayr\u0131 bir muamma. Takvimde de t\u00fcrk\u00fcde de Mefaret Han\u0131m&#8217;\u0131n Tav\u015fanl\u0131l\u0131 oldu\u011fu s\u00f6ylense de bunun asl\u0131 yok gibi. Tav\u015fanl\u0131 kaymakam\u0131yla konu\u015fan Tolga \u00c7andar Hakim Han\u0131m&#8217;\u0131n bir s\u00fcre Tav\u015fanl\u0131&#8217;da g\u00f6rev yapt\u0131\u011f\u0131n\u0131, t\u0131pk\u0131 Bodrum&#8217;daki gibi y\u00f6re halk\u0131 taraf\u0131ndan \u00e7ok sevildi\u011fini, giderken de g\u00f6zya\u015flar\u0131 i\u00e7inde konvoylarla u\u011furland\u0131\u011f\u0131n\u0131 \u00f6\u011frenmi\u015f. Mefaret T\u00fcz\u00fcn&#8217;\u00fcn ger\u00e7ekte Tekirda\u011fl\u0131 oldu\u011fu san\u0131l\u0131yor.<\/p>\n<p>\u00c7andar, kendisini \u00e7ocuklu\u011fundan beri derinden etkileyen bu kad\u0131n\u0131n pe\u015fini b\u0131rakmamaya kararl\u0131. Elinde Bodrum kaymakaml\u0131\u011f\u0131ndan zar zor edindi\u011fi sararm\u0131\u015f bir foto\u011fraf var. Hakim&#8217;in sevgilisi oldu\u011fu s\u00f6ylenen savc\u0131y\u0131 aram\u0131\u015f, bulamam\u0131\u015f, akrabalar\u0131na sormu\u015f, \u00f6\u011frenememi\u015f, \u015fimdi Adalet Bakanl\u0131\u011f\u0131&#8217;nda ara\u015ft\u0131rmalar\u0131na devam ediyor. Bu arada da hi\u00e7 olmazsa bir t\u00fcrk\u00fcyle bu talihsiz kad\u0131na bir selam g\u00f6nderiyor.<\/p>\n<p>T\u00fcrk\u00fc, Bodrumlular&#8217;\u0131n yakt\u0131\u011f\u0131 bir a\u011f\u0131t ama Milasl\u0131 radyo sanat\u00e7\u0131s\u0131 Nazmi Y\u00fckselen onu TRT repertuvar\u0131na girecek \u015fekilde d\u00fczenlemi\u015f ve 60&#8217;l\u0131 y\u0131llarda pla\u011fa okumu\u015f. \u0130\u015fin ilgin\u00e7 yan\u0131, Tolga \u00c7andar Yunan adas\u0131 Kos&#8217;ta da dinlemi\u015f bu t\u00fcrk\u00fcy\u00fc. Hemen sormu\u015f &#8220;bu ne?&#8221; diye, &#8220;kar\u015f\u0131da ya\u015fanm\u0131\u015f bir \u00f6yk\u00fc&#8221; demi\u015fler. \u015eimdi Tolga \u00c7andar&#8217;\u0131n sesiyle yeniden hayat buluyor &#8220;Bodrum Hakimi&#8221;nin \u00f6yk\u00fcs\u00fc. \u00c7ok sade, tek bir ba\u011flamayla, k\u0131rk y\u0131l uzaktan y\u00fcrekleri da\u011flamaya devam ediyor:<\/p>\n<p>Nas\u0131l ast\u0131n Mefaret Han\u0131m ipe de kendini<br \/>Alt\u0131n makas g\u00fcm\u00fc\u015f b\u0131\u00e7ak ile do\u011frad\u0131lar tenini <\/p>\n","protected":false},"excerpt":{"rendered":"<p>Bodrum Hakimi \u0130ntihar eden Mefaret Han\u0131m&#8217;\u0131n \u00f6yk\u00fcs\u00fc yar\u0131m as\u0131rd\u0131r filmlere konu oldu, t\u00fcrk\u00fcs\u00fc Bodrum ve Milas y\u00f6resinin dilinden d\u00fc\u015fmedi ama kimse &#8220;ger\u00e7e\u011fi&#8221; bilemedi. Bodrum Hakimi, \u015fimdi, Tolga \u00c7andar&#8217;\u0131n \u00e7\u0131kard\u0131\u011f\u0131 &#8220;T\u00fcrk\u00fcleri Egenin 2&#8221; alb\u00fcm\u00fcne ad\u0131n\u0131 verdi. \u0130\u015fte size birden fazla ger\u00e7e\u011fi olan ya\u015fanm\u0131\u015f bir \u00f6yk\u00fc. Bodrumlular erken bi\u00e7er ekiniFele\u011fe kurban m\u0131 gittinBodrum Hakimi T\u00fcrkiye&#8217;nin ilk kad\u0131n [&hellip;]<\/p>\n","protected":false},"author":1,"featured_media":0,"comment_status":"open","ping_status":"open","sticky":false,"template":"","format":"standard","meta":{"footnotes":""},"categories":[55],"tags":[],"class_list":{"0":"post-413","1":"post","2":"type-post","3":"status-publish","4":"format-standard","6":"category-oykuleriyle-turkuler"},"yoast_head":"<!-- This site is optimized with the Yoast SEO Premium plugin v24.9 (Yoast SEO v24.9) - https:\/\/yoast.com\/wordpress\/plugins\/seo\/ -->\n<title>Bodrum Hakimi - narteks.net<\/title>\n<meta name=\"robots\" content=\"index, follow, max-snippet:-1, max-image-preview:large, max-video-preview:-1\" \/>\n<link rel=\"canonical\" href=\"https:\/\/narteks.net\/index.php\/2009\/03\/12\/bodrum-hakimi\/\" \/>\n<meta property=\"og:locale\" content=\"tr_TR\" \/>\n<meta property=\"og:type\" content=\"article\" \/>\n<meta property=\"og:title\" content=\"Bodrum Hakimi\" \/>\n<meta property=\"og:description\" content=\"Bodrum Hakimi \u0130ntihar eden Mefaret Han\u0131m&#8217;\u0131n \u00f6yk\u00fcs\u00fc yar\u0131m as\u0131rd\u0131r filmlere konu oldu, t\u00fcrk\u00fcs\u00fc Bodrum ve Milas y\u00f6resinin dilinden d\u00fc\u015fmedi ama kimse &#8220;ger\u00e7e\u011fi&#8221; bilemedi. Bodrum Hakimi, \u015fimdi, Tolga \u00c7andar&#8217;\u0131n \u00e7\u0131kard\u0131\u011f\u0131 &#8220;T\u00fcrk\u00fcleri Egenin 2&#8221; alb\u00fcm\u00fcne ad\u0131n\u0131 verdi. \u0130\u015fte size birden fazla ger\u00e7e\u011fi olan ya\u015fanm\u0131\u015f bir \u00f6yk\u00fc. Bodrumlular erken bi\u00e7er ekiniFele\u011fe kurban m\u0131 gittinBodrum Hakimi T\u00fcrkiye&#8217;nin ilk kad\u0131n [&hellip;]\" \/>\n<meta property=\"og:url\" content=\"https:\/\/narteks.net\/index.php\/2009\/03\/12\/bodrum-hakimi\/\" \/>\n<meta property=\"og:site_name\" content=\"narteks.net\" \/>\n<meta property=\"article:published_time\" content=\"2009-03-12T20:54:46+00:00\" \/>\n<meta property=\"og:image\" content=\"https:\/\/narteks.net\/wp-content\/uploads\/narteks.png\" \/>\n\t<meta property=\"og:image:width\" content=\"300\" \/>\n\t<meta property=\"og:image:height\" content=\"90\" \/>\n\t<meta property=\"og:image:type\" content=\"image\/png\" \/>\n<meta name=\"author\" content=\"Tar\u0131k\" \/>\n<meta name=\"twitter:card\" content=\"summary_large_image\" \/>\n<meta name=\"twitter:creator\" content=\"@narteks\" \/>\n<meta name=\"twitter:site\" content=\"@narteks\" \/>\n<meta name=\"twitter:label1\" content=\"Yazan:\" \/>\n\t<meta name=\"twitter:data1\" content=\"Tar\u0131k\" \/>\n\t<meta name=\"twitter:label2\" content=\"Tahmini okuma s\u00fcresi\" \/>\n\t<meta name=\"twitter:data2\" content=\"6 dakika\" \/>\n<script type=\"application\/ld+json\" class=\"yoast-schema-graph\">{\"@context\":\"https:\/\/schema.org\",\"@graph\":[{\"@type\":\"Article\",\"@id\":\"https:\/\/narteks.net\/index.php\/2009\/03\/12\/bodrum-hakimi\/#article\",\"isPartOf\":{\"@id\":\"https:\/\/narteks.net\/index.php\/2009\/03\/12\/bodrum-hakimi\/\"},\"author\":{\"name\":\"Tar\u0131k\",\"@id\":\"https:\/\/narteks.net\/#\/schema\/person\/61f37d9834294b72d31d274e7ed79bca\"},\"headline\":\"Bodrum Hakimi\",\"datePublished\":\"2009-03-12T20:54:46+00:00\",\"mainEntityOfPage\":{\"@id\":\"https:\/\/narteks.net\/index.php\/2009\/03\/12\/bodrum-hakimi\/\"},\"wordCount\":1125,\"commentCount\":0,\"publisher\":{\"@id\":\"https:\/\/narteks.net\/#organization\"},\"articleSection\":[\"\u00d6yk\u00fcleriyle T\u00fcrk\u00fcler\"],\"inLanguage\":\"tr\",\"potentialAction\":[{\"@type\":\"CommentAction\",\"name\":\"Comment\",\"target\":[\"https:\/\/narteks.net\/index.php\/2009\/03\/12\/bodrum-hakimi\/#respond\"]}]},{\"@type\":\"WebPage\",\"@id\":\"https:\/\/narteks.net\/index.php\/2009\/03\/12\/bodrum-hakimi\/\",\"url\":\"https:\/\/narteks.net\/index.php\/2009\/03\/12\/bodrum-hakimi\/\",\"name\":\"Bodrum Hakimi - narteks.net\",\"isPartOf\":{\"@id\":\"https:\/\/narteks.net\/#website\"},\"datePublished\":\"2009-03-12T20:54:46+00:00\",\"breadcrumb\":{\"@id\":\"https:\/\/narteks.net\/index.php\/2009\/03\/12\/bodrum-hakimi\/#breadcrumb\"},\"inLanguage\":\"tr\",\"potentialAction\":[{\"@type\":\"ReadAction\",\"target\":[\"https:\/\/narteks.net\/index.php\/2009\/03\/12\/bodrum-hakimi\/\"]}]},{\"@type\":\"BreadcrumbList\",\"@id\":\"https:\/\/narteks.net\/index.php\/2009\/03\/12\/bodrum-hakimi\/#breadcrumb\",\"itemListElement\":[{\"@type\":\"ListItem\",\"position\":1,\"name\":\"Anasayfa\",\"item\":\"https:\/\/narteks.net\/\"},{\"@type\":\"ListItem\",\"position\":2,\"name\":\"Bodrum Hakimi\"}]},{\"@type\":\"WebSite\",\"@id\":\"https:\/\/narteks.net\/#website\",\"url\":\"https:\/\/narteks.net\/\",\"name\":\"narteks.net\",\"description\":\"K\u00fclt\u00fcr Sanat Edebiyat Felsefe\",\"publisher\":{\"@id\":\"https:\/\/narteks.net\/#organization\"},\"alternateName\":\"K\u00fclt\u00fcr Sanat Edebiyat Felsefe\",\"potentialAction\":[{\"@type\":\"SearchAction\",\"target\":{\"@type\":\"EntryPoint\",\"urlTemplate\":\"https:\/\/narteks.net\/?s={search_term_string}\"},\"query-input\":{\"@type\":\"PropertyValueSpecification\",\"valueRequired\":true,\"valueName\":\"search_term_string\"}}],\"inLanguage\":\"tr\"},{\"@type\":\"Organization\",\"@id\":\"https:\/\/narteks.net\/#organization\",\"name\":\"narteks.net\",\"url\":\"https:\/\/narteks.net\/\",\"logo\":{\"@type\":\"ImageObject\",\"inLanguage\":\"tr\",\"@id\":\"https:\/\/narteks.net\/#\/schema\/logo\/image\/\",\"url\":\"https:\/\/narteks.net\/wp-content\/uploads\/narteks.png\",\"contentUrl\":\"https:\/\/narteks.net\/wp-content\/uploads\/narteks.png\",\"width\":300,\"height\":90,\"caption\":\"narteks.net\"},\"image\":{\"@id\":\"https:\/\/narteks.net\/#\/schema\/logo\/image\/\"},\"sameAs\":[\"https:\/\/x.com\/narteks\",\"https:\/\/instagram.com\/narteksnet\"]},{\"@type\":\"Person\",\"@id\":\"https:\/\/narteks.net\/#\/schema\/person\/61f37d9834294b72d31d274e7ed79bca\",\"name\":\"Tar\u0131k\",\"image\":{\"@type\":\"ImageObject\",\"inLanguage\":\"tr\",\"@id\":\"https:\/\/narteks.net\/#\/schema\/person\/image\/\",\"url\":\"https:\/\/secure.gravatar.com\/avatar\/50865afb55632c4ae467e0af0930f6510aa2297d8014be502a55b14f3b7550cf?s=96&d=mm&r=g\",\"contentUrl\":\"https:\/\/secure.gravatar.com\/avatar\/50865afb55632c4ae467e0af0930f6510aa2297d8014be502a55b14f3b7550cf?s=96&d=mm&r=g\",\"caption\":\"Tar\u0131k\"},\"sameAs\":[\"http:\/\/narteks.net\"],\"url\":\"https:\/\/narteks.net\/index.php\/author\/narbak\/\"}]}<\/script>\n<!-- \/ Yoast SEO Premium plugin. -->","yoast_head_json":{"title":"Bodrum Hakimi - narteks.net","robots":{"index":"index","follow":"follow","max-snippet":"max-snippet:-1","max-image-preview":"max-image-preview:large","max-video-preview":"max-video-preview:-1"},"canonical":"https:\/\/narteks.net\/index.php\/2009\/03\/12\/bodrum-hakimi\/","og_locale":"tr_TR","og_type":"article","og_title":"Bodrum Hakimi","og_description":"Bodrum Hakimi \u0130ntihar eden Mefaret Han\u0131m&#8217;\u0131n \u00f6yk\u00fcs\u00fc yar\u0131m as\u0131rd\u0131r filmlere konu oldu, t\u00fcrk\u00fcs\u00fc Bodrum ve Milas y\u00f6resinin dilinden d\u00fc\u015fmedi ama kimse &#8220;ger\u00e7e\u011fi&#8221; bilemedi. Bodrum Hakimi, \u015fimdi, Tolga \u00c7andar&#8217;\u0131n \u00e7\u0131kard\u0131\u011f\u0131 &#8220;T\u00fcrk\u00fcleri Egenin 2&#8221; alb\u00fcm\u00fcne ad\u0131n\u0131 verdi. \u0130\u015fte size birden fazla ger\u00e7e\u011fi olan ya\u015fanm\u0131\u015f bir \u00f6yk\u00fc. Bodrumlular erken bi\u00e7er ekiniFele\u011fe kurban m\u0131 gittinBodrum Hakimi T\u00fcrkiye&#8217;nin ilk kad\u0131n [&hellip;]","og_url":"https:\/\/narteks.net\/index.php\/2009\/03\/12\/bodrum-hakimi\/","og_site_name":"narteks.net","article_published_time":"2009-03-12T20:54:46+00:00","og_image":[{"width":300,"height":90,"url":"https:\/\/narteks.net\/wp-content\/uploads\/narteks.png","type":"image\/png"}],"author":"Tar\u0131k","twitter_card":"summary_large_image","twitter_creator":"@narteks","twitter_site":"@narteks","twitter_misc":{"Yazan:":"Tar\u0131k","Tahmini okuma s\u00fcresi":"6 dakika"},"schema":{"@context":"https:\/\/schema.org","@graph":[{"@type":"Article","@id":"https:\/\/narteks.net\/index.php\/2009\/03\/12\/bodrum-hakimi\/#article","isPartOf":{"@id":"https:\/\/narteks.net\/index.php\/2009\/03\/12\/bodrum-hakimi\/"},"author":{"name":"Tar\u0131k","@id":"https:\/\/narteks.net\/#\/schema\/person\/61f37d9834294b72d31d274e7ed79bca"},"headline":"Bodrum Hakimi","datePublished":"2009-03-12T20:54:46+00:00","mainEntityOfPage":{"@id":"https:\/\/narteks.net\/index.php\/2009\/03\/12\/bodrum-hakimi\/"},"wordCount":1125,"commentCount":0,"publisher":{"@id":"https:\/\/narteks.net\/#organization"},"articleSection":["\u00d6yk\u00fcleriyle T\u00fcrk\u00fcler"],"inLanguage":"tr","potentialAction":[{"@type":"CommentAction","name":"Comment","target":["https:\/\/narteks.net\/index.php\/2009\/03\/12\/bodrum-hakimi\/#respond"]}]},{"@type":"WebPage","@id":"https:\/\/narteks.net\/index.php\/2009\/03\/12\/bodrum-hakimi\/","url":"https:\/\/narteks.net\/index.php\/2009\/03\/12\/bodrum-hakimi\/","name":"Bodrum Hakimi - narteks.net","isPartOf":{"@id":"https:\/\/narteks.net\/#website"},"datePublished":"2009-03-12T20:54:46+00:00","breadcrumb":{"@id":"https:\/\/narteks.net\/index.php\/2009\/03\/12\/bodrum-hakimi\/#breadcrumb"},"inLanguage":"tr","potentialAction":[{"@type":"ReadAction","target":["https:\/\/narteks.net\/index.php\/2009\/03\/12\/bodrum-hakimi\/"]}]},{"@type":"BreadcrumbList","@id":"https:\/\/narteks.net\/index.php\/2009\/03\/12\/bodrum-hakimi\/#breadcrumb","itemListElement":[{"@type":"ListItem","position":1,"name":"Anasayfa","item":"https:\/\/narteks.net\/"},{"@type":"ListItem","position":2,"name":"Bodrum Hakimi"}]},{"@type":"WebSite","@id":"https:\/\/narteks.net\/#website","url":"https:\/\/narteks.net\/","name":"narteks.net","description":"K\u00fclt\u00fcr Sanat Edebiyat Felsefe","publisher":{"@id":"https:\/\/narteks.net\/#organization"},"alternateName":"K\u00fclt\u00fcr Sanat Edebiyat Felsefe","potentialAction":[{"@type":"SearchAction","target":{"@type":"EntryPoint","urlTemplate":"https:\/\/narteks.net\/?s={search_term_string}"},"query-input":{"@type":"PropertyValueSpecification","valueRequired":true,"valueName":"search_term_string"}}],"inLanguage":"tr"},{"@type":"Organization","@id":"https:\/\/narteks.net\/#organization","name":"narteks.net","url":"https:\/\/narteks.net\/","logo":{"@type":"ImageObject","inLanguage":"tr","@id":"https:\/\/narteks.net\/#\/schema\/logo\/image\/","url":"https:\/\/narteks.net\/wp-content\/uploads\/narteks.png","contentUrl":"https:\/\/narteks.net\/wp-content\/uploads\/narteks.png","width":300,"height":90,"caption":"narteks.net"},"image":{"@id":"https:\/\/narteks.net\/#\/schema\/logo\/image\/"},"sameAs":["https:\/\/x.com\/narteks","https:\/\/instagram.com\/narteksnet"]},{"@type":"Person","@id":"https:\/\/narteks.net\/#\/schema\/person\/61f37d9834294b72d31d274e7ed79bca","name":"Tar\u0131k","image":{"@type":"ImageObject","inLanguage":"tr","@id":"https:\/\/narteks.net\/#\/schema\/person\/image\/","url":"https:\/\/secure.gravatar.com\/avatar\/50865afb55632c4ae467e0af0930f6510aa2297d8014be502a55b14f3b7550cf?s=96&d=mm&r=g","contentUrl":"https:\/\/secure.gravatar.com\/avatar\/50865afb55632c4ae467e0af0930f6510aa2297d8014be502a55b14f3b7550cf?s=96&d=mm&r=g","caption":"Tar\u0131k"},"sameAs":["http:\/\/narteks.net"],"url":"https:\/\/narteks.net\/index.php\/author\/narbak\/"}]}},"_links":{"self":[{"href":"https:\/\/narteks.net\/index.php\/wp-json\/wp\/v2\/posts\/413","targetHints":{"allow":["GET"]}}],"collection":[{"href":"https:\/\/narteks.net\/index.php\/wp-json\/wp\/v2\/posts"}],"about":[{"href":"https:\/\/narteks.net\/index.php\/wp-json\/wp\/v2\/types\/post"}],"author":[{"embeddable":true,"href":"https:\/\/narteks.net\/index.php\/wp-json\/wp\/v2\/users\/1"}],"replies":[{"embeddable":true,"href":"https:\/\/narteks.net\/index.php\/wp-json\/wp\/v2\/comments?post=413"}],"version-history":[{"count":0,"href":"https:\/\/narteks.net\/index.php\/wp-json\/wp\/v2\/posts\/413\/revisions"}],"wp:attachment":[{"href":"https:\/\/narteks.net\/index.php\/wp-json\/wp\/v2\/media?parent=413"}],"wp:term":[{"taxonomy":"category","embeddable":true,"href":"https:\/\/narteks.net\/index.php\/wp-json\/wp\/v2\/categories?post=413"},{"taxonomy":"post_tag","embeddable":true,"href":"https:\/\/narteks.net\/index.php\/wp-json\/wp\/v2\/tags?post=413"}],"curies":[{"name":"wp","href":"https:\/\/api.w.org\/{rel}","templated":true}]}}