{"id":4135,"date":"2010-02-03T12:21:50","date_gmt":"2010-02-03T09:21:50","guid":{"rendered":"http:\/\/localhost\/wordpress\/2010\/02\/03\/varlik-ve-hiclik-uzerine-jean-paul-sartre\/"},"modified":"2010-02-03T12:21:50","modified_gmt":"2010-02-03T09:21:50","slug":"varlik-ve-hiclik-uzerine-jean-paul-sartre","status":"publish","type":"post","link":"https:\/\/narteks.net\/index.php\/2010\/02\/03\/varlik-ve-hiclik-uzerine-jean-paul-sartre\/","title":{"rendered":"Varl\u0131k ve Hi\u00e7lik \u00dczerine | Jean Paul Sartre"},"content":{"rendered":"<p style=\"text-align: justify;\"><img loading=\"lazy\" decoding=\"async\" src=\"http:\/\/www.atanjumusul.com\/wp-content\/uploads\/2010\/03\/sartre2.jpg\" border=\"0\" width=\"155\" height=\"205\" style=\"float: left; border: 0;\" \/>(&#8230;)<\/p>\n<p style=\"text-align: justify;\">&#8220;Kendi-i\u00e7in&#8221; varolmak, &#8220;kendi-i\u00e7inde&#8221;yi hi\u00e7le\u015ftirmektir. Bu ko\u015fullarda, \u00f6zg\u00fcrl\u00fck bu hi\u00e7le\u015ftirmeden ba\u015fka bir \u015fey olamaz. Onun arac\u0131l\u0131\u011f\u0131yla &#8220;kendi-i\u00e7in&#8221; \u00f6z\u00fcnden oldu\u011fu gibi varl\u0131\u011f\u0131ndan da kurtulur, onun arac\u0131l\u0131\u011f\u0131yla her zaman kendisinden s\u00f6z edebilecek \u015feyden farkl\u0131d\u0131r, \u00e7\u00fcnk\u00fc en az\u0131ndan bu adland\u0131rmadan kurtulan ki\u015fidir ve ona verilen addan, ona tan\u0131nan sahiplikten \u00f6tede olan ki\u015fidir.<\/p>\n<p style=\"text-align: justify;\">&#8220;Kendi-i\u00e7in&#8221;in oldu\u011fu \u015fey olmak oldu\u011funu s\u00f6ylemek, oldu\u011fu \u015fey olmayarak oldu\u011funu s\u00f6ylemek, onda varolu\u015fun \u00f6z\u00fc, \u00f6z\u00fcn varolu\u015fu \u00f6nceledi\u011fini ve ko\u015fulland\u0131rd\u0131\u011f\u0131n\u0131 s\u00f6ylemek ve Hegel&#8217;in form\u00fcl\u00fcne g\u00f6re &#8220;\u00f6z daha \u00f6nce olmu\u015f oland\u0131r&#8221; demek, tek ve ayn\u0131 \u015feyi s\u00f6ylemektir.Asl\u0131nda, eylemimi canland\u0131ran g\u00fcd\u00fclerin bilincinde oldu\u011fum olgusuyla, bu g\u00fcd\u00fcler \u00e7oktan bilincim i\u00e7in a\u015fk\u0131nsal nesnelerdir, d\u0131\u015far\u0131dad\u0131rlar; faydas\u0131zca onlara yap\u0131\u015fmaya \u00e7al\u0131\u015facak m\u0131y\u0131m; varolu\u015fumla ondan kurtuluyorum. Her zaman \u00f6z\u00fcm\u00fcn \u00f6tesinde, eylemimin nedenlerinin ve d\u00fcrt\u00fclerinin \u00f6tesinde varolmaya mahkumum; \u00f6zg\u00fcr olmaya mahkumum. Bu, \u00f6zg\u00fcrl\u00fc\u011f\u00fcme kendisinden ba\u015fka s\u0131n\u0131rlar bulunamayaca\u011f\u0131n\u0131 veya \u00f6zg\u00fcr olmaktan vazge\u00e7mekte \u00f6zg\u00fcr olmad\u0131\u011f\u0131m\u0131z anlam\u0131na gelir.<\/p>\n<p>(&#8230;)<\/p>\n<p>\u0130nsan \u00f6zg\u00fcrd\u00fcr \u00e7\u00fcnk\u00fc kendi de\u011fildir, kendine kar\u015f\u0131 bulunmad\u0131r. Oldu\u011fu \u015fey olan varl\u0131k \u00f6zg\u00fcr olamaz. \u00d6zg\u00fcrl\u00fck tam da, insan\u0131n kalbinde olmu\u015f olan ve insan\u0131n ger\u00e7e\u011fini olmak yerine olu\u015fmaya zorlayan hi\u00e7liktir. \u0130nsan ger\u00e7e\u011fi i\u00e7in varolmak se\u00e7mektir: hi\u00e7bir \u015fey, alabilece\u011fi veya kabul edebilece\u011fi, ne i\u00e7eriden, ne de d\u0131\u015far\u0131dan ona gelmemektedir. \u0130nsan ger\u00e7e\u011fi, hi\u00e7bir t\u00fcrde hi\u00e7bir yard\u0131m olmadan, en k\u00fc\u00e7\u00fck ayr\u0131nt\u0131ya kadar kendini olu\u015fturman\u0131n dayan\u0131lmaz zorunlulu\u011funa tamamen terkedilmi\u015ftir. B\u00f6ylece, \u00f6zg\u00fcrl\u00fck bir varl\u0131k de\u011fildir; insan\u0131n varl\u0131\u011f\u0131d\u0131r yani onun varolma hi\u00e7li\u011fidir.<\/p>\n<p>(&#8230;)<\/p>\n<p>\u0130nsan bazen \u00f6zg\u00fcr, bazen k\u00f6le olamaz; insan, her zaman ya tam \u00f6zg\u00fcrd\u00fcr, ya da de\u011fildir.<\/p>\n<p>(&#8230;)<\/p>\n<p>\u00a0<\/p>\n<p>\u00a0<\/p>\n","protected":false},"excerpt":{"rendered":"<p>(&#8230;) &#8220;Kendi-i\u00e7in&#8221; varolmak, &#8220;kendi-i\u00e7inde&#8221;yi hi\u00e7le\u015ftirmektir. Bu ko\u015fullarda, \u00f6zg\u00fcrl\u00fck bu hi\u00e7le\u015ftirmeden ba\u015fka bir \u015fey olamaz. Onun arac\u0131l\u0131\u011f\u0131yla &#8220;kendi-i\u00e7in&#8221; \u00f6z\u00fcnden oldu\u011fu gibi varl\u0131\u011f\u0131ndan da kurtulur, onun arac\u0131l\u0131\u011f\u0131yla her zaman kendisinden s\u00f6z edebilecek \u015feyden farkl\u0131d\u0131r, \u00e7\u00fcnk\u00fc en az\u0131ndan bu adland\u0131rmadan kurtulan ki\u015fidir ve ona verilen addan, ona tan\u0131nan sahiplikten \u00f6tede olan ki\u015fidir. &#8220;Kendi-i\u00e7in&#8221;in oldu\u011fu \u015fey olmak oldu\u011funu s\u00f6ylemek, [&hellip;]<\/p>\n","protected":false},"author":1,"featured_media":0,"comment_status":"open","ping_status":"open","sticky":false,"template":"","format":"standard","meta":{"footnotes":""},"categories":[103],"tags":[],"class_list":{"0":"post-4135","1":"post","2":"type-post","3":"status-publish","4":"format-standard","6":"category-felsefe-genel"},"yoast_head":"<!-- This site is optimized with the Yoast SEO Premium plugin v24.9 (Yoast SEO v24.9) - https:\/\/yoast.com\/wordpress\/plugins\/seo\/ -->\n<title>Varl\u0131k ve Hi\u00e7lik \u00dczerine | Jean Paul Sartre - narteks.net<\/title>\n<meta name=\"robots\" content=\"index, follow, max-snippet:-1, max-image-preview:large, max-video-preview:-1\" \/>\n<link rel=\"canonical\" href=\"https:\/\/narteks.net\/index.php\/2010\/02\/03\/varlik-ve-hiclik-uzerine-jean-paul-sartre\/\" \/>\n<meta property=\"og:locale\" content=\"tr_TR\" \/>\n<meta property=\"og:type\" content=\"article\" \/>\n<meta property=\"og:title\" content=\"Varl\u0131k ve Hi\u00e7lik \u00dczerine | Jean Paul Sartre\" \/>\n<meta property=\"og:description\" content=\"(&#8230;) &#8220;Kendi-i\u00e7in&#8221; varolmak, &#8220;kendi-i\u00e7inde&#8221;yi hi\u00e7le\u015ftirmektir. Bu ko\u015fullarda, \u00f6zg\u00fcrl\u00fck bu hi\u00e7le\u015ftirmeden ba\u015fka bir \u015fey olamaz. Onun arac\u0131l\u0131\u011f\u0131yla &#8220;kendi-i\u00e7in&#8221; \u00f6z\u00fcnden oldu\u011fu gibi varl\u0131\u011f\u0131ndan da kurtulur, onun arac\u0131l\u0131\u011f\u0131yla her zaman kendisinden s\u00f6z edebilecek \u015feyden farkl\u0131d\u0131r, \u00e7\u00fcnk\u00fc en az\u0131ndan bu adland\u0131rmadan kurtulan ki\u015fidir ve ona verilen addan, ona tan\u0131nan sahiplikten \u00f6tede olan ki\u015fidir. &#8220;Kendi-i\u00e7in&#8221;in oldu\u011fu \u015fey olmak oldu\u011funu s\u00f6ylemek, [&hellip;]\" \/>\n<meta property=\"og:url\" content=\"https:\/\/narteks.net\/index.php\/2010\/02\/03\/varlik-ve-hiclik-uzerine-jean-paul-sartre\/\" \/>\n<meta property=\"og:site_name\" content=\"narteks.net\" \/>\n<meta property=\"article:published_time\" content=\"2010-02-03T09:21:50+00:00\" \/>\n<meta property=\"og:image\" content=\"http:\/\/www.atanjumusul.com\/wp-content\/uploads\/2010\/03\/sartre2.jpg\" \/>\n<meta name=\"author\" content=\"Tar\u0131k\" \/>\n<meta name=\"twitter:card\" content=\"summary_large_image\" \/>\n<meta name=\"twitter:creator\" content=\"@narteks\" \/>\n<meta name=\"twitter:site\" content=\"@narteks\" \/>\n<meta name=\"twitter:label1\" content=\"Yazan:\" \/>\n\t<meta name=\"twitter:data1\" content=\"Tar\u0131k\" \/>\n\t<meta name=\"twitter:label2\" content=\"Tahmini okuma s\u00fcresi\" \/>\n\t<meta name=\"twitter:data2\" content=\"2 dakika\" \/>\n<script type=\"application\/ld+json\" class=\"yoast-schema-graph\">{\"@context\":\"https:\/\/schema.org\",\"@graph\":[{\"@type\":\"Article\",\"@id\":\"https:\/\/narteks.net\/index.php\/2010\/02\/03\/varlik-ve-hiclik-uzerine-jean-paul-sartre\/#article\",\"isPartOf\":{\"@id\":\"https:\/\/narteks.net\/index.php\/2010\/02\/03\/varlik-ve-hiclik-uzerine-jean-paul-sartre\/\"},\"author\":{\"name\":\"Tar\u0131k\",\"@id\":\"https:\/\/narteks.net\/#\/schema\/person\/61f37d9834294b72d31d274e7ed79bca\"},\"headline\":\"Varl\u0131k ve Hi\u00e7lik \u00dczerine | Jean Paul Sartre\",\"datePublished\":\"2010-02-03T09:21:50+00:00\",\"mainEntityOfPage\":{\"@id\":\"https:\/\/narteks.net\/index.php\/2010\/02\/03\/varlik-ve-hiclik-uzerine-jean-paul-sartre\/\"},\"wordCount\":371,\"commentCount\":0,\"publisher\":{\"@id\":\"https:\/\/narteks.net\/#organization\"},\"image\":{\"@id\":\"https:\/\/narteks.net\/index.php\/2010\/02\/03\/varlik-ve-hiclik-uzerine-jean-paul-sartre\/#primaryimage\"},\"thumbnailUrl\":\"http:\/\/www.atanjumusul.com\/wp-content\/uploads\/2010\/03\/sartre2.jpg\",\"articleSection\":[\"Felsefe (Genel)\"],\"inLanguage\":\"tr\",\"potentialAction\":[{\"@type\":\"CommentAction\",\"name\":\"Comment\",\"target\":[\"https:\/\/narteks.net\/index.php\/2010\/02\/03\/varlik-ve-hiclik-uzerine-jean-paul-sartre\/#respond\"]}]},{\"@type\":\"WebPage\",\"@id\":\"https:\/\/narteks.net\/index.php\/2010\/02\/03\/varlik-ve-hiclik-uzerine-jean-paul-sartre\/\",\"url\":\"https:\/\/narteks.net\/index.php\/2010\/02\/03\/varlik-ve-hiclik-uzerine-jean-paul-sartre\/\",\"name\":\"Varl\u0131k ve Hi\u00e7lik \u00dczerine | Jean Paul Sartre - narteks.net\",\"isPartOf\":{\"@id\":\"https:\/\/narteks.net\/#website\"},\"primaryImageOfPage\":{\"@id\":\"https:\/\/narteks.net\/index.php\/2010\/02\/03\/varlik-ve-hiclik-uzerine-jean-paul-sartre\/#primaryimage\"},\"image\":{\"@id\":\"https:\/\/narteks.net\/index.php\/2010\/02\/03\/varlik-ve-hiclik-uzerine-jean-paul-sartre\/#primaryimage\"},\"thumbnailUrl\":\"http:\/\/www.atanjumusul.com\/wp-content\/uploads\/2010\/03\/sartre2.jpg\",\"datePublished\":\"2010-02-03T09:21:50+00:00\",\"breadcrumb\":{\"@id\":\"https:\/\/narteks.net\/index.php\/2010\/02\/03\/varlik-ve-hiclik-uzerine-jean-paul-sartre\/#breadcrumb\"},\"inLanguage\":\"tr\",\"potentialAction\":[{\"@type\":\"ReadAction\",\"target\":[\"https:\/\/narteks.net\/index.php\/2010\/02\/03\/varlik-ve-hiclik-uzerine-jean-paul-sartre\/\"]}]},{\"@type\":\"ImageObject\",\"inLanguage\":\"tr\",\"@id\":\"https:\/\/narteks.net\/index.php\/2010\/02\/03\/varlik-ve-hiclik-uzerine-jean-paul-sartre\/#primaryimage\",\"url\":\"http:\/\/www.atanjumusul.com\/wp-content\/uploads\/2010\/03\/sartre2.jpg\",\"contentUrl\":\"http:\/\/www.atanjumusul.com\/wp-content\/uploads\/2010\/03\/sartre2.jpg\"},{\"@type\":\"BreadcrumbList\",\"@id\":\"https:\/\/narteks.net\/index.php\/2010\/02\/03\/varlik-ve-hiclik-uzerine-jean-paul-sartre\/#breadcrumb\",\"itemListElement\":[{\"@type\":\"ListItem\",\"position\":1,\"name\":\"Anasayfa\",\"item\":\"https:\/\/narteks.net\/\"},{\"@type\":\"ListItem\",\"position\":2,\"name\":\"Varl\u0131k ve Hi\u00e7lik \u00dczerine | Jean Paul Sartre\"}]},{\"@type\":\"WebSite\",\"@id\":\"https:\/\/narteks.net\/#website\",\"url\":\"https:\/\/narteks.net\/\",\"name\":\"narteks.net\",\"description\":\"K\u00fclt\u00fcr Sanat Edebiyat Felsefe\",\"publisher\":{\"@id\":\"https:\/\/narteks.net\/#organization\"},\"alternateName\":\"K\u00fclt\u00fcr Sanat Edebiyat Felsefe\",\"potentialAction\":[{\"@type\":\"SearchAction\",\"target\":{\"@type\":\"EntryPoint\",\"urlTemplate\":\"https:\/\/narteks.net\/?s={search_term_string}\"},\"query-input\":{\"@type\":\"PropertyValueSpecification\",\"valueRequired\":true,\"valueName\":\"search_term_string\"}}],\"inLanguage\":\"tr\"},{\"@type\":\"Organization\",\"@id\":\"https:\/\/narteks.net\/#organization\",\"name\":\"narteks.net\",\"url\":\"https:\/\/narteks.net\/\",\"logo\":{\"@type\":\"ImageObject\",\"inLanguage\":\"tr\",\"@id\":\"https:\/\/narteks.net\/#\/schema\/logo\/image\/\",\"url\":\"https:\/\/narteks.net\/wp-content\/uploads\/narteks.png\",\"contentUrl\":\"https:\/\/narteks.net\/wp-content\/uploads\/narteks.png\",\"width\":300,\"height\":90,\"caption\":\"narteks.net\"},\"image\":{\"@id\":\"https:\/\/narteks.net\/#\/schema\/logo\/image\/\"},\"sameAs\":[\"https:\/\/x.com\/narteks\",\"https:\/\/instagram.com\/narteksnet\"]},{\"@type\":\"Person\",\"@id\":\"https:\/\/narteks.net\/#\/schema\/person\/61f37d9834294b72d31d274e7ed79bca\",\"name\":\"Tar\u0131k\",\"image\":{\"@type\":\"ImageObject\",\"inLanguage\":\"tr\",\"@id\":\"https:\/\/narteks.net\/#\/schema\/person\/image\/\",\"url\":\"https:\/\/secure.gravatar.com\/avatar\/50865afb55632c4ae467e0af0930f6510aa2297d8014be502a55b14f3b7550cf?s=96&d=mm&r=g\",\"contentUrl\":\"https:\/\/secure.gravatar.com\/avatar\/50865afb55632c4ae467e0af0930f6510aa2297d8014be502a55b14f3b7550cf?s=96&d=mm&r=g\",\"caption\":\"Tar\u0131k\"},\"sameAs\":[\"http:\/\/narteks.net\"],\"url\":\"https:\/\/narteks.net\/index.php\/author\/narbak\/\"}]}<\/script>\n<!-- \/ Yoast SEO Premium plugin. -->","yoast_head_json":{"title":"Varl\u0131k ve Hi\u00e7lik \u00dczerine | Jean Paul Sartre - narteks.net","robots":{"index":"index","follow":"follow","max-snippet":"max-snippet:-1","max-image-preview":"max-image-preview:large","max-video-preview":"max-video-preview:-1"},"canonical":"https:\/\/narteks.net\/index.php\/2010\/02\/03\/varlik-ve-hiclik-uzerine-jean-paul-sartre\/","og_locale":"tr_TR","og_type":"article","og_title":"Varl\u0131k ve Hi\u00e7lik \u00dczerine | Jean Paul Sartre","og_description":"(&#8230;) &#8220;Kendi-i\u00e7in&#8221; varolmak, &#8220;kendi-i\u00e7inde&#8221;yi hi\u00e7le\u015ftirmektir. Bu ko\u015fullarda, \u00f6zg\u00fcrl\u00fck bu hi\u00e7le\u015ftirmeden ba\u015fka bir \u015fey olamaz. Onun arac\u0131l\u0131\u011f\u0131yla &#8220;kendi-i\u00e7in&#8221; \u00f6z\u00fcnden oldu\u011fu gibi varl\u0131\u011f\u0131ndan da kurtulur, onun arac\u0131l\u0131\u011f\u0131yla her zaman kendisinden s\u00f6z edebilecek \u015feyden farkl\u0131d\u0131r, \u00e7\u00fcnk\u00fc en az\u0131ndan bu adland\u0131rmadan kurtulan ki\u015fidir ve ona verilen addan, ona tan\u0131nan sahiplikten \u00f6tede olan ki\u015fidir. &#8220;Kendi-i\u00e7in&#8221;in oldu\u011fu \u015fey olmak oldu\u011funu s\u00f6ylemek, [&hellip;]","og_url":"https:\/\/narteks.net\/index.php\/2010\/02\/03\/varlik-ve-hiclik-uzerine-jean-paul-sartre\/","og_site_name":"narteks.net","article_published_time":"2010-02-03T09:21:50+00:00","og_image":[{"url":"http:\/\/www.atanjumusul.com\/wp-content\/uploads\/2010\/03\/sartre2.jpg","type":"","width":"","height":""}],"author":"Tar\u0131k","twitter_card":"summary_large_image","twitter_creator":"@narteks","twitter_site":"@narteks","twitter_misc":{"Yazan:":"Tar\u0131k","Tahmini okuma s\u00fcresi":"2 dakika"},"schema":{"@context":"https:\/\/schema.org","@graph":[{"@type":"Article","@id":"https:\/\/narteks.net\/index.php\/2010\/02\/03\/varlik-ve-hiclik-uzerine-jean-paul-sartre\/#article","isPartOf":{"@id":"https:\/\/narteks.net\/index.php\/2010\/02\/03\/varlik-ve-hiclik-uzerine-jean-paul-sartre\/"},"author":{"name":"Tar\u0131k","@id":"https:\/\/narteks.net\/#\/schema\/person\/61f37d9834294b72d31d274e7ed79bca"},"headline":"Varl\u0131k ve Hi\u00e7lik \u00dczerine | Jean Paul Sartre","datePublished":"2010-02-03T09:21:50+00:00","mainEntityOfPage":{"@id":"https:\/\/narteks.net\/index.php\/2010\/02\/03\/varlik-ve-hiclik-uzerine-jean-paul-sartre\/"},"wordCount":371,"commentCount":0,"publisher":{"@id":"https:\/\/narteks.net\/#organization"},"image":{"@id":"https:\/\/narteks.net\/index.php\/2010\/02\/03\/varlik-ve-hiclik-uzerine-jean-paul-sartre\/#primaryimage"},"thumbnailUrl":"http:\/\/www.atanjumusul.com\/wp-content\/uploads\/2010\/03\/sartre2.jpg","articleSection":["Felsefe (Genel)"],"inLanguage":"tr","potentialAction":[{"@type":"CommentAction","name":"Comment","target":["https:\/\/narteks.net\/index.php\/2010\/02\/03\/varlik-ve-hiclik-uzerine-jean-paul-sartre\/#respond"]}]},{"@type":"WebPage","@id":"https:\/\/narteks.net\/index.php\/2010\/02\/03\/varlik-ve-hiclik-uzerine-jean-paul-sartre\/","url":"https:\/\/narteks.net\/index.php\/2010\/02\/03\/varlik-ve-hiclik-uzerine-jean-paul-sartre\/","name":"Varl\u0131k ve Hi\u00e7lik \u00dczerine | Jean Paul Sartre - narteks.net","isPartOf":{"@id":"https:\/\/narteks.net\/#website"},"primaryImageOfPage":{"@id":"https:\/\/narteks.net\/index.php\/2010\/02\/03\/varlik-ve-hiclik-uzerine-jean-paul-sartre\/#primaryimage"},"image":{"@id":"https:\/\/narteks.net\/index.php\/2010\/02\/03\/varlik-ve-hiclik-uzerine-jean-paul-sartre\/#primaryimage"},"thumbnailUrl":"http:\/\/www.atanjumusul.com\/wp-content\/uploads\/2010\/03\/sartre2.jpg","datePublished":"2010-02-03T09:21:50+00:00","breadcrumb":{"@id":"https:\/\/narteks.net\/index.php\/2010\/02\/03\/varlik-ve-hiclik-uzerine-jean-paul-sartre\/#breadcrumb"},"inLanguage":"tr","potentialAction":[{"@type":"ReadAction","target":["https:\/\/narteks.net\/index.php\/2010\/02\/03\/varlik-ve-hiclik-uzerine-jean-paul-sartre\/"]}]},{"@type":"ImageObject","inLanguage":"tr","@id":"https:\/\/narteks.net\/index.php\/2010\/02\/03\/varlik-ve-hiclik-uzerine-jean-paul-sartre\/#primaryimage","url":"http:\/\/www.atanjumusul.com\/wp-content\/uploads\/2010\/03\/sartre2.jpg","contentUrl":"http:\/\/www.atanjumusul.com\/wp-content\/uploads\/2010\/03\/sartre2.jpg"},{"@type":"BreadcrumbList","@id":"https:\/\/narteks.net\/index.php\/2010\/02\/03\/varlik-ve-hiclik-uzerine-jean-paul-sartre\/#breadcrumb","itemListElement":[{"@type":"ListItem","position":1,"name":"Anasayfa","item":"https:\/\/narteks.net\/"},{"@type":"ListItem","position":2,"name":"Varl\u0131k ve Hi\u00e7lik \u00dczerine | Jean Paul Sartre"}]},{"@type":"WebSite","@id":"https:\/\/narteks.net\/#website","url":"https:\/\/narteks.net\/","name":"narteks.net","description":"K\u00fclt\u00fcr Sanat Edebiyat Felsefe","publisher":{"@id":"https:\/\/narteks.net\/#organization"},"alternateName":"K\u00fclt\u00fcr Sanat Edebiyat Felsefe","potentialAction":[{"@type":"SearchAction","target":{"@type":"EntryPoint","urlTemplate":"https:\/\/narteks.net\/?s={search_term_string}"},"query-input":{"@type":"PropertyValueSpecification","valueRequired":true,"valueName":"search_term_string"}}],"inLanguage":"tr"},{"@type":"Organization","@id":"https:\/\/narteks.net\/#organization","name":"narteks.net","url":"https:\/\/narteks.net\/","logo":{"@type":"ImageObject","inLanguage":"tr","@id":"https:\/\/narteks.net\/#\/schema\/logo\/image\/","url":"https:\/\/narteks.net\/wp-content\/uploads\/narteks.png","contentUrl":"https:\/\/narteks.net\/wp-content\/uploads\/narteks.png","width":300,"height":90,"caption":"narteks.net"},"image":{"@id":"https:\/\/narteks.net\/#\/schema\/logo\/image\/"},"sameAs":["https:\/\/x.com\/narteks","https:\/\/instagram.com\/narteksnet"]},{"@type":"Person","@id":"https:\/\/narteks.net\/#\/schema\/person\/61f37d9834294b72d31d274e7ed79bca","name":"Tar\u0131k","image":{"@type":"ImageObject","inLanguage":"tr","@id":"https:\/\/narteks.net\/#\/schema\/person\/image\/","url":"https:\/\/secure.gravatar.com\/avatar\/50865afb55632c4ae467e0af0930f6510aa2297d8014be502a55b14f3b7550cf?s=96&d=mm&r=g","contentUrl":"https:\/\/secure.gravatar.com\/avatar\/50865afb55632c4ae467e0af0930f6510aa2297d8014be502a55b14f3b7550cf?s=96&d=mm&r=g","caption":"Tar\u0131k"},"sameAs":["http:\/\/narteks.net"],"url":"https:\/\/narteks.net\/index.php\/author\/narbak\/"}]}},"_links":{"self":[{"href":"https:\/\/narteks.net\/index.php\/wp-json\/wp\/v2\/posts\/4135","targetHints":{"allow":["GET"]}}],"collection":[{"href":"https:\/\/narteks.net\/index.php\/wp-json\/wp\/v2\/posts"}],"about":[{"href":"https:\/\/narteks.net\/index.php\/wp-json\/wp\/v2\/types\/post"}],"author":[{"embeddable":true,"href":"https:\/\/narteks.net\/index.php\/wp-json\/wp\/v2\/users\/1"}],"replies":[{"embeddable":true,"href":"https:\/\/narteks.net\/index.php\/wp-json\/wp\/v2\/comments?post=4135"}],"version-history":[{"count":0,"href":"https:\/\/narteks.net\/index.php\/wp-json\/wp\/v2\/posts\/4135\/revisions"}],"wp:attachment":[{"href":"https:\/\/narteks.net\/index.php\/wp-json\/wp\/v2\/media?parent=4135"}],"wp:term":[{"taxonomy":"category","embeddable":true,"href":"https:\/\/narteks.net\/index.php\/wp-json\/wp\/v2\/categories?post=4135"},{"taxonomy":"post_tag","embeddable":true,"href":"https:\/\/narteks.net\/index.php\/wp-json\/wp\/v2\/tags?post=4135"}],"curies":[{"name":"wp","href":"https:\/\/api.w.org\/{rel}","templated":true}]}}