{"id":4137,"date":"2010-02-03T12:28:54","date_gmt":"2010-02-03T09:28:54","guid":{"rendered":"http:\/\/localhost\/wordpress\/2010\/02\/03\/jean-paul-sartre-sozleri\/"},"modified":"2010-02-03T12:28:54","modified_gmt":"2010-02-03T09:28:54","slug":"jean-paul-sartre-sozleri","status":"publish","type":"post","link":"https:\/\/narteks.net\/index.php\/2010\/02\/03\/jean-paul-sartre-sozleri\/","title":{"rendered":"Jean Paul Sartre S\u00f6zleri"},"content":{"rendered":"<p><img decoding=\"async\" src=\"images\/stories\/jean_paul_sartre.jpg\" border=\"0\" alt=\"jean_paul_sartre\" style=\"float: left;\" \/><strong><\/strong><\/p>\n<p style=\"text-align: justify;\">* \u0130ntihar ka\u00e7\u0131\u015f de\u011fil, reddedi\u015ftir\u2026<\/p>\n<p>* A\u015fk; iki insan\u0131n bilin\u00e7lerini birle\u015ftirme \u00e7abas\u0131d\u0131r. Bo\u015funa bir \u00e7aba \u00e7\u00fcnk\u00fc insan kendi bilincine mahkumdur\u2026<\/p>\n<p>* En b\u00fcy\u00fck g\u00fcnah pi\u015fmanl\u0131kt\u0131r\u2026<\/p>\n<p>* Varl\u0131\u011f\u0131nda, varl\u0131\u011f\u0131n var olmas\u0131n\u0131n s\u00f6z konusu oldu\u011fu bir varl\u0131k olarak var olan bir varl\u0131\u011f\u0131m\u2026<\/p>\n<p>* Nesnelerin bir ters y\u00fcz\u00fc vard\u0131, insan akl\u0131n\u0131 ka\u00e7\u0131rd\u0131\u011f\u0131 zaman bunu g\u00f6r\u00fcrd\u00fc\u2026<\/p>\n<p>* Benim gibi ya\u015fl\u0131 bir devrimciye b\u00f6yle bir \u00f6d\u00fcl vermek, kapitalizmin \u00f6\u00e7 alma giri\u015fiminden ba\u015fka bir \u015fey de\u011fildir. ( Nobel \u00d6d\u00fcl\u00fcn\u00fc reddederken )<\/p>\n<p>* Birini sevmeye koyulmak ba\u015fl\u0131 ba\u015f\u0131na bir i\u015f, bir giri\u015fimdir. G\u00fc\u00e7 ister, y\u00fcrek ister, k\u00f6rl\u00fck ister&#8230;Hatta ba\u015flang\u0131\u00e7ta \u00f6yle bir an vard\u0131r ki u\u00e7urumun \u00fcst\u00fcnden s\u0131\u00e7ramak ister; d\u00fc\u015f\u00fcnmeye kalkarsan a\u015famazs\u0131n onu&#8230;<\/p>\n<p>* En baya\u011f\u0131 bir olay\u0131n ser\u00fcven haline girmesi i\u00e7in onu anlatmaya koyulmam\u0131z gerekir ve yeter. \u0130nsanlar\u0131 aldatan da bu zaten. Ki\u015fio\u011flu hik\u00e2yecilikten kurtulamaz, kendi hik\u00e2yeleri ve ba\u015fkalar\u0131n\u0131n hik\u00e2yeleri aras\u0131nda ya\u015far. Ba\u015f\u0131na gelen her \u015feyi hikayeler i\u00e7inden g\u00f6r\u00fcr. Hayat\u0131n\u0131 sanki anlat\u0131yormu\u015f gibi ya\u015famaya \u00e7al\u0131\u015f\u0131r.<\/p>\n<p>* D\u00fc\u015f\u00fcnce \u00f6zg\u00fcrl\u00fc\u011f\u00fcnden yoksun olmak d\u00fc\u015f\u00fcnd\u00fc\u011f\u00fcn\u00fc s\u00f6yleyememek de\u011fil hi\u00e7 d\u00fc\u015f\u00fcnememi\u015f olmakt\u0131r\u2026<\/p>\n<p>* \u0130nsan\u0131n \u00f6zg\u00fcrl\u00fc\u011f\u00fc, kendisine yap\u0131lanlara kar\u015f\u0131 tak\u0131nd\u0131\u011f\u0131 tav\u0131rda gizlidir.<\/p>\n<p>* Varolmak susamadan i\u00e7mek gibi bir \u015feydir.<\/p>\n<p style=\"text-align: justify;\">* Resmi payeleri hep reddettim. Legion d\u2019Honneur\u2019\u00fc de kabul etmemi\u015ftim. Frans\u0131z akademisine de girmedim. Yazar kendisinin bir kuruma d\u00f6n\u00fc\u015ft\u00fcr\u00fclmesini reddetmelidir. Bu onur verici bir paye dahi olsa bunlar ki\u015fisel nedenlerim. Ayr\u0131ca \u015fu da var: Ben iki k\u00fclt\u00fcr\u00fcn bar\u0131\u015f i\u00e7inde bir arada ya\u015fayabilmesi i\u00e7in u\u011fra\u015f\u0131yorum. Elbette \u00e7eli\u015fki ve \u00e7at\u0131\u015fma var ve olmal\u0131. Burjuva bir ailede yeti\u015fti\u011fim halde sosyalist oldum. Sempatim ondan yanad\u0131r. Bir de bu y\u00fczden , bu \u00f6d\u00fcl\u00fc verenlerin konumundan dolay\u0131 , kabul edemem.<br \/> (Nobel \u00d6d\u00fcl\u00fcn\u00fc reddettikten sonra)<\/p>\n<p>* Cehennem ba\u015fkalar\u0131d\u0131r.<\/p>\n<p>* \u0130nsano\u011flu \u00f6zg\u00fcrl\u00fc\u011fe yazg\u0131l\u0131d\u0131r; \u00e7\u00fcnk\u00fc, bir kere d\u00fcnyaya at\u0131ld\u0131ktan sonra yapt\u0131\u011f\u0131 her \u015feyden sorumludur.<\/p>\n<p>* Sava\u015f\u0131 zenginler \u00e7\u0131kar\u0131r, yoksullar \u00f6l\u00fcr.<\/p>\n<p>* Birini sevmeye, koyulmak ba\u015fl\u0131 ba\u015f\u0131na bir i\u015f, bir giri\u015fimdir. G\u00fc\u00e7 ister, y\u00fcrek ister, k\u00f6rl\u00fck ister. Hatta ba\u015flang\u0131\u00e7ta \u00f6yle bir an vard\u0131r ki u\u00e7urumun \u00fcst\u00fcnden s\u0131\u00e7ramak ister; d\u00fc\u015f\u00fcnmeye kalkarsan a\u015famazs\u0131n onu.<\/p>\n<p>* Her se\u00e7i\u015f bir vazge\u00e7i\u015ftir.<\/p>\n<p>* \u0130nsan sahip olduklar\u0131n\u0131n toplam\u0131 de\u011fil,fakat hen\u00fcz ger\u00e7ekle\u015ftiremediklerinin toplam\u0131d\u0131r.<\/p>\n","protected":false},"excerpt":{"rendered":"<p>* \u0130ntihar ka\u00e7\u0131\u015f de\u011fil, reddedi\u015ftir\u2026 * A\u015fk; iki insan\u0131n bilin\u00e7lerini birle\u015ftirme \u00e7abas\u0131d\u0131r. Bo\u015funa bir \u00e7aba \u00e7\u00fcnk\u00fc insan kendi bilincine mahkumdur\u2026 * En b\u00fcy\u00fck g\u00fcnah pi\u015fmanl\u0131kt\u0131r\u2026 * Varl\u0131\u011f\u0131nda, varl\u0131\u011f\u0131n var olmas\u0131n\u0131n s\u00f6z konusu oldu\u011fu bir varl\u0131k olarak var olan bir varl\u0131\u011f\u0131m\u2026 * Nesnelerin bir ters y\u00fcz\u00fc vard\u0131, insan akl\u0131n\u0131 ka\u00e7\u0131rd\u0131\u011f\u0131 zaman bunu g\u00f6r\u00fcrd\u00fc\u2026 * Benim gibi [&hellip;]<\/p>\n","protected":false},"author":1,"featured_media":0,"comment_status":"open","ping_status":"open","sticky":false,"template":"","format":"standard","meta":{"footnotes":""},"categories":[103],"tags":[],"class_list":{"0":"post-4137","1":"post","2":"type-post","3":"status-publish","4":"format-standard","6":"category-felsefe-genel"},"yoast_head":"<!-- This site is optimized with the Yoast SEO Premium plugin v24.9 (Yoast SEO v24.9) - https:\/\/yoast.com\/wordpress\/plugins\/seo\/ -->\n<title>Jean Paul Sartre S\u00f6zleri - narteks.net<\/title>\n<meta name=\"robots\" content=\"index, follow, max-snippet:-1, max-image-preview:large, max-video-preview:-1\" \/>\n<link rel=\"canonical\" href=\"https:\/\/narteks.net\/index.php\/2010\/02\/03\/jean-paul-sartre-sozleri\/\" \/>\n<meta property=\"og:locale\" content=\"tr_TR\" \/>\n<meta property=\"og:type\" content=\"article\" \/>\n<meta property=\"og:title\" content=\"Jean Paul Sartre S\u00f6zleri\" \/>\n<meta property=\"og:description\" content=\"* \u0130ntihar ka\u00e7\u0131\u015f de\u011fil, reddedi\u015ftir\u2026 * A\u015fk; iki insan\u0131n bilin\u00e7lerini birle\u015ftirme \u00e7abas\u0131d\u0131r. Bo\u015funa bir \u00e7aba \u00e7\u00fcnk\u00fc insan kendi bilincine mahkumdur\u2026 * En b\u00fcy\u00fck g\u00fcnah pi\u015fmanl\u0131kt\u0131r\u2026 * Varl\u0131\u011f\u0131nda, varl\u0131\u011f\u0131n var olmas\u0131n\u0131n s\u00f6z konusu oldu\u011fu bir varl\u0131k olarak var olan bir varl\u0131\u011f\u0131m\u2026 * Nesnelerin bir ters y\u00fcz\u00fc vard\u0131, insan akl\u0131n\u0131 ka\u00e7\u0131rd\u0131\u011f\u0131 zaman bunu g\u00f6r\u00fcrd\u00fc\u2026 * Benim gibi [&hellip;]\" \/>\n<meta property=\"og:url\" content=\"https:\/\/narteks.net\/index.php\/2010\/02\/03\/jean-paul-sartre-sozleri\/\" \/>\n<meta property=\"og:site_name\" content=\"narteks.net\" \/>\n<meta property=\"article:published_time\" content=\"2010-02-03T09:28:54+00:00\" \/>\n<meta property=\"og:image\" content=\"https:\/\/narteks.net\/wp-content\/uploads\/narteks.png\" \/>\n\t<meta property=\"og:image:width\" content=\"300\" \/>\n\t<meta property=\"og:image:height\" content=\"90\" \/>\n\t<meta property=\"og:image:type\" content=\"image\/png\" \/>\n<meta name=\"author\" content=\"Tar\u0131k\" \/>\n<meta name=\"twitter:card\" content=\"summary_large_image\" \/>\n<meta name=\"twitter:creator\" content=\"@narteks\" \/>\n<meta name=\"twitter:site\" content=\"@narteks\" \/>\n<meta name=\"twitter:label1\" content=\"Yazan:\" \/>\n\t<meta name=\"twitter:data1\" content=\"Tar\u0131k\" \/>\n\t<meta name=\"twitter:label2\" content=\"Tahmini okuma s\u00fcresi\" \/>\n\t<meta name=\"twitter:data2\" content=\"2 dakika\" \/>\n<script type=\"application\/ld+json\" class=\"yoast-schema-graph\">{\"@context\":\"https:\/\/schema.org\",\"@graph\":[{\"@type\":\"Article\",\"@id\":\"https:\/\/narteks.net\/index.php\/2010\/02\/03\/jean-paul-sartre-sozleri\/#article\",\"isPartOf\":{\"@id\":\"https:\/\/narteks.net\/index.php\/2010\/02\/03\/jean-paul-sartre-sozleri\/\"},\"author\":{\"name\":\"Tar\u0131k\",\"@id\":\"https:\/\/narteks.net\/#\/schema\/person\/61f37d9834294b72d31d274e7ed79bca\"},\"headline\":\"Jean Paul Sartre S\u00f6zleri\",\"datePublished\":\"2010-02-03T09:28:54+00:00\",\"mainEntityOfPage\":{\"@id\":\"https:\/\/narteks.net\/index.php\/2010\/02\/03\/jean-paul-sartre-sozleri\/\"},\"wordCount\":459,\"commentCount\":0,\"publisher\":{\"@id\":\"https:\/\/narteks.net\/#organization\"},\"articleSection\":[\"Felsefe (Genel)\"],\"inLanguage\":\"tr\",\"potentialAction\":[{\"@type\":\"CommentAction\",\"name\":\"Comment\",\"target\":[\"https:\/\/narteks.net\/index.php\/2010\/02\/03\/jean-paul-sartre-sozleri\/#respond\"]}]},{\"@type\":\"WebPage\",\"@id\":\"https:\/\/narteks.net\/index.php\/2010\/02\/03\/jean-paul-sartre-sozleri\/\",\"url\":\"https:\/\/narteks.net\/index.php\/2010\/02\/03\/jean-paul-sartre-sozleri\/\",\"name\":\"Jean Paul Sartre S\u00f6zleri - narteks.net\",\"isPartOf\":{\"@id\":\"https:\/\/narteks.net\/#website\"},\"datePublished\":\"2010-02-03T09:28:54+00:00\",\"breadcrumb\":{\"@id\":\"https:\/\/narteks.net\/index.php\/2010\/02\/03\/jean-paul-sartre-sozleri\/#breadcrumb\"},\"inLanguage\":\"tr\",\"potentialAction\":[{\"@type\":\"ReadAction\",\"target\":[\"https:\/\/narteks.net\/index.php\/2010\/02\/03\/jean-paul-sartre-sozleri\/\"]}]},{\"@type\":\"BreadcrumbList\",\"@id\":\"https:\/\/narteks.net\/index.php\/2010\/02\/03\/jean-paul-sartre-sozleri\/#breadcrumb\",\"itemListElement\":[{\"@type\":\"ListItem\",\"position\":1,\"name\":\"Anasayfa\",\"item\":\"https:\/\/narteks.net\/\"},{\"@type\":\"ListItem\",\"position\":2,\"name\":\"Jean Paul Sartre S\u00f6zleri\"}]},{\"@type\":\"WebSite\",\"@id\":\"https:\/\/narteks.net\/#website\",\"url\":\"https:\/\/narteks.net\/\",\"name\":\"narteks.net\",\"description\":\"K\u00fclt\u00fcr Sanat Edebiyat Felsefe\",\"publisher\":{\"@id\":\"https:\/\/narteks.net\/#organization\"},\"alternateName\":\"K\u00fclt\u00fcr Sanat Edebiyat Felsefe\",\"potentialAction\":[{\"@type\":\"SearchAction\",\"target\":{\"@type\":\"EntryPoint\",\"urlTemplate\":\"https:\/\/narteks.net\/?s={search_term_string}\"},\"query-input\":{\"@type\":\"PropertyValueSpecification\",\"valueRequired\":true,\"valueName\":\"search_term_string\"}}],\"inLanguage\":\"tr\"},{\"@type\":\"Organization\",\"@id\":\"https:\/\/narteks.net\/#organization\",\"name\":\"narteks.net\",\"url\":\"https:\/\/narteks.net\/\",\"logo\":{\"@type\":\"ImageObject\",\"inLanguage\":\"tr\",\"@id\":\"https:\/\/narteks.net\/#\/schema\/logo\/image\/\",\"url\":\"https:\/\/narteks.net\/wp-content\/uploads\/narteks.png\",\"contentUrl\":\"https:\/\/narteks.net\/wp-content\/uploads\/narteks.png\",\"width\":300,\"height\":90,\"caption\":\"narteks.net\"},\"image\":{\"@id\":\"https:\/\/narteks.net\/#\/schema\/logo\/image\/\"},\"sameAs\":[\"https:\/\/x.com\/narteks\",\"https:\/\/instagram.com\/narteksnet\"]},{\"@type\":\"Person\",\"@id\":\"https:\/\/narteks.net\/#\/schema\/person\/61f37d9834294b72d31d274e7ed79bca\",\"name\":\"Tar\u0131k\",\"image\":{\"@type\":\"ImageObject\",\"inLanguage\":\"tr\",\"@id\":\"https:\/\/narteks.net\/#\/schema\/person\/image\/\",\"url\":\"https:\/\/secure.gravatar.com\/avatar\/50865afb55632c4ae467e0af0930f6510aa2297d8014be502a55b14f3b7550cf?s=96&d=mm&r=g\",\"contentUrl\":\"https:\/\/secure.gravatar.com\/avatar\/50865afb55632c4ae467e0af0930f6510aa2297d8014be502a55b14f3b7550cf?s=96&d=mm&r=g\",\"caption\":\"Tar\u0131k\"},\"sameAs\":[\"http:\/\/narteks.net\"],\"url\":\"https:\/\/narteks.net\/index.php\/author\/narbak\/\"}]}<\/script>\n<!-- \/ Yoast SEO Premium plugin. -->","yoast_head_json":{"title":"Jean Paul Sartre S\u00f6zleri - narteks.net","robots":{"index":"index","follow":"follow","max-snippet":"max-snippet:-1","max-image-preview":"max-image-preview:large","max-video-preview":"max-video-preview:-1"},"canonical":"https:\/\/narteks.net\/index.php\/2010\/02\/03\/jean-paul-sartre-sozleri\/","og_locale":"tr_TR","og_type":"article","og_title":"Jean Paul Sartre S\u00f6zleri","og_description":"* \u0130ntihar ka\u00e7\u0131\u015f de\u011fil, reddedi\u015ftir\u2026 * A\u015fk; iki insan\u0131n bilin\u00e7lerini birle\u015ftirme \u00e7abas\u0131d\u0131r. Bo\u015funa bir \u00e7aba \u00e7\u00fcnk\u00fc insan kendi bilincine mahkumdur\u2026 * En b\u00fcy\u00fck g\u00fcnah pi\u015fmanl\u0131kt\u0131r\u2026 * Varl\u0131\u011f\u0131nda, varl\u0131\u011f\u0131n var olmas\u0131n\u0131n s\u00f6z konusu oldu\u011fu bir varl\u0131k olarak var olan bir varl\u0131\u011f\u0131m\u2026 * Nesnelerin bir ters y\u00fcz\u00fc vard\u0131, insan akl\u0131n\u0131 ka\u00e7\u0131rd\u0131\u011f\u0131 zaman bunu g\u00f6r\u00fcrd\u00fc\u2026 * Benim gibi [&hellip;]","og_url":"https:\/\/narteks.net\/index.php\/2010\/02\/03\/jean-paul-sartre-sozleri\/","og_site_name":"narteks.net","article_published_time":"2010-02-03T09:28:54+00:00","og_image":[{"width":300,"height":90,"url":"https:\/\/narteks.net\/wp-content\/uploads\/narteks.png","type":"image\/png"}],"author":"Tar\u0131k","twitter_card":"summary_large_image","twitter_creator":"@narteks","twitter_site":"@narteks","twitter_misc":{"Yazan:":"Tar\u0131k","Tahmini okuma s\u00fcresi":"2 dakika"},"schema":{"@context":"https:\/\/schema.org","@graph":[{"@type":"Article","@id":"https:\/\/narteks.net\/index.php\/2010\/02\/03\/jean-paul-sartre-sozleri\/#article","isPartOf":{"@id":"https:\/\/narteks.net\/index.php\/2010\/02\/03\/jean-paul-sartre-sozleri\/"},"author":{"name":"Tar\u0131k","@id":"https:\/\/narteks.net\/#\/schema\/person\/61f37d9834294b72d31d274e7ed79bca"},"headline":"Jean Paul Sartre S\u00f6zleri","datePublished":"2010-02-03T09:28:54+00:00","mainEntityOfPage":{"@id":"https:\/\/narteks.net\/index.php\/2010\/02\/03\/jean-paul-sartre-sozleri\/"},"wordCount":459,"commentCount":0,"publisher":{"@id":"https:\/\/narteks.net\/#organization"},"articleSection":["Felsefe (Genel)"],"inLanguage":"tr","potentialAction":[{"@type":"CommentAction","name":"Comment","target":["https:\/\/narteks.net\/index.php\/2010\/02\/03\/jean-paul-sartre-sozleri\/#respond"]}]},{"@type":"WebPage","@id":"https:\/\/narteks.net\/index.php\/2010\/02\/03\/jean-paul-sartre-sozleri\/","url":"https:\/\/narteks.net\/index.php\/2010\/02\/03\/jean-paul-sartre-sozleri\/","name":"Jean Paul Sartre S\u00f6zleri - narteks.net","isPartOf":{"@id":"https:\/\/narteks.net\/#website"},"datePublished":"2010-02-03T09:28:54+00:00","breadcrumb":{"@id":"https:\/\/narteks.net\/index.php\/2010\/02\/03\/jean-paul-sartre-sozleri\/#breadcrumb"},"inLanguage":"tr","potentialAction":[{"@type":"ReadAction","target":["https:\/\/narteks.net\/index.php\/2010\/02\/03\/jean-paul-sartre-sozleri\/"]}]},{"@type":"BreadcrumbList","@id":"https:\/\/narteks.net\/index.php\/2010\/02\/03\/jean-paul-sartre-sozleri\/#breadcrumb","itemListElement":[{"@type":"ListItem","position":1,"name":"Anasayfa","item":"https:\/\/narteks.net\/"},{"@type":"ListItem","position":2,"name":"Jean Paul Sartre S\u00f6zleri"}]},{"@type":"WebSite","@id":"https:\/\/narteks.net\/#website","url":"https:\/\/narteks.net\/","name":"narteks.net","description":"K\u00fclt\u00fcr Sanat Edebiyat Felsefe","publisher":{"@id":"https:\/\/narteks.net\/#organization"},"alternateName":"K\u00fclt\u00fcr Sanat Edebiyat Felsefe","potentialAction":[{"@type":"SearchAction","target":{"@type":"EntryPoint","urlTemplate":"https:\/\/narteks.net\/?s={search_term_string}"},"query-input":{"@type":"PropertyValueSpecification","valueRequired":true,"valueName":"search_term_string"}}],"inLanguage":"tr"},{"@type":"Organization","@id":"https:\/\/narteks.net\/#organization","name":"narteks.net","url":"https:\/\/narteks.net\/","logo":{"@type":"ImageObject","inLanguage":"tr","@id":"https:\/\/narteks.net\/#\/schema\/logo\/image\/","url":"https:\/\/narteks.net\/wp-content\/uploads\/narteks.png","contentUrl":"https:\/\/narteks.net\/wp-content\/uploads\/narteks.png","width":300,"height":90,"caption":"narteks.net"},"image":{"@id":"https:\/\/narteks.net\/#\/schema\/logo\/image\/"},"sameAs":["https:\/\/x.com\/narteks","https:\/\/instagram.com\/narteksnet"]},{"@type":"Person","@id":"https:\/\/narteks.net\/#\/schema\/person\/61f37d9834294b72d31d274e7ed79bca","name":"Tar\u0131k","image":{"@type":"ImageObject","inLanguage":"tr","@id":"https:\/\/narteks.net\/#\/schema\/person\/image\/","url":"https:\/\/secure.gravatar.com\/avatar\/50865afb55632c4ae467e0af0930f6510aa2297d8014be502a55b14f3b7550cf?s=96&d=mm&r=g","contentUrl":"https:\/\/secure.gravatar.com\/avatar\/50865afb55632c4ae467e0af0930f6510aa2297d8014be502a55b14f3b7550cf?s=96&d=mm&r=g","caption":"Tar\u0131k"},"sameAs":["http:\/\/narteks.net"],"url":"https:\/\/narteks.net\/index.php\/author\/narbak\/"}]}},"_links":{"self":[{"href":"https:\/\/narteks.net\/index.php\/wp-json\/wp\/v2\/posts\/4137","targetHints":{"allow":["GET"]}}],"collection":[{"href":"https:\/\/narteks.net\/index.php\/wp-json\/wp\/v2\/posts"}],"about":[{"href":"https:\/\/narteks.net\/index.php\/wp-json\/wp\/v2\/types\/post"}],"author":[{"embeddable":true,"href":"https:\/\/narteks.net\/index.php\/wp-json\/wp\/v2\/users\/1"}],"replies":[{"embeddable":true,"href":"https:\/\/narteks.net\/index.php\/wp-json\/wp\/v2\/comments?post=4137"}],"version-history":[{"count":0,"href":"https:\/\/narteks.net\/index.php\/wp-json\/wp\/v2\/posts\/4137\/revisions"}],"wp:attachment":[{"href":"https:\/\/narteks.net\/index.php\/wp-json\/wp\/v2\/media?parent=4137"}],"wp:term":[{"taxonomy":"category","embeddable":true,"href":"https:\/\/narteks.net\/index.php\/wp-json\/wp\/v2\/categories?post=4137"},{"taxonomy":"post_tag","embeddable":true,"href":"https:\/\/narteks.net\/index.php\/wp-json\/wp\/v2\/tags?post=4137"}],"curies":[{"name":"wp","href":"https:\/\/api.w.org\/{rel}","templated":true}]}}